{"id":415618,"date":"2026-04-30T11:09:16","date_gmt":"2026-04-30T10:09:16","guid":{"rendered":"https:\/\/www.thebestsocial.media\/nl\/?p=415618"},"modified":"2026-04-30T11:09:16","modified_gmt":"2026-04-30T10:09:16","slug":"albert-heijn-zomerhit-corry-konings-bram-krikke-bokoesam","status":"publish","type":"post","link":"https:\/\/www.thebestsocial.media\/nl\/albert-heijn-zomerhit-corry-konings-bram-krikke-bokoesam\/","title":{"rendered":"Corry Konings, Bram Krikke \u00e9n Bokoesam zetten internet weer op z&#8217;n kop met Albert Heijn-zomerhit"},"content":{"rendered":"<p>De temperaturen gaan ein-de-lijk de twintig in, en je weet wat dat betekent: barbecue\u00ebn, borrelen in de zon en zweet op plekken waar je eigenlijk niet wil dat je zweet. Wat dat zomerse gevoel pas echt compleet maakt? Een goed zomernummer. Albert Heijn bracht vorig jaar al, in samenwerking met <a href=\"https:\/\/www.thebestsocial.media\/nl\/zomerliedje-bram-krikke-albert-heijn\/\" target=\"_blank\" rel=\"noopener\">Corry Konings en Bram Krikke<\/a>, een iconisch zomernummer uit. En dat smaakte duidelijk naar meer, want dit jaar doen ze het opnieuw. Maar pas op: na het luisteren van deze hit heb je zin in weekend, zon op je porem en een biba.<\/p>\n<p>&nbsp;<\/p>\n<h3>1. Albert Heijn heeft vorig jaar de lat behoorlijk hoog gelegd met hun zomerhit&#8230;<\/h3>\n<p><video src=\"https:\/\/www.thebestsocial.media\/nl\/wp-content\/uploads\/tiktok\/7633809977341168928.mp4\" controls width=\"623\" height=\"1108\" style=\"border:0; height:90vh; width:50.625000vh;\"><\/video><\/p>\n<p>&nbsp;<\/p>\n<h3>2. &#8230;dus de vraag is: gaan ze die dit jaar overtreffen?<\/h3>\n<p><img loading=\"lazy\" decoding=\"async\" class=\"alignnone size-full wp-image-415639\" src=\"https:\/\/www.thebestsocial.media\/nl\/wp-content\/uploads\/sites\/2\/2026\/04\/Screenshot-2026-04-30-at-10.29.26.png\" alt=\"\" width=\"708\" height=\"236\" srcset=\"https:\/\/www.thebestsocial.media\/nl\/wp-content\/uploads\/sites\/2\/2026\/04\/Screenshot-2026-04-30-at-10.29.26.png 708w, https:\/\/www.thebestsocial.media\/nl\/wp-content\/uploads\/sites\/2\/2026\/04\/Screenshot-2026-04-30-at-10.29.26-300x100.png 300w\" sizes=\"auto, (max-width: 708px) 100vw, 708px\" \/><\/p>\n<p>&nbsp;<\/p>\n<h3>3. New character? Unlocked.<\/h3>\n<p><video src=\"https:\/\/www.thebestsocial.media\/nl\/wp-content\/uploads\/tiktok\/7634177154552483105.mp4\" controls width=\"623\" height=\"1108\" style=\"border:0; height:90vh; width:50.625000vh;\"><\/video><\/p>\n<p>&nbsp;<\/p>\n<h3>4. Bokoesam, wie kent &#8216;m niet?<\/h3>\n<p><img loading=\"lazy\" decoding=\"async\" class=\"alignnone size-full wp-image-415641\" src=\"https:\/\/www.thebestsocial.media\/nl\/wp-content\/uploads\/sites\/2\/2026\/04\/Screenshot-2026-04-30-at-10.34.37.png\" alt=\"\" width=\"642\" height=\"252\" srcset=\"https:\/\/www.thebestsocial.media\/nl\/wp-content\/uploads\/sites\/2\/2026\/04\/Screenshot-2026-04-30-at-10.34.37.png 642w, https:\/\/www.thebestsocial.media\/nl\/wp-content\/uploads\/sites\/2\/2026\/04\/Screenshot-2026-04-30-at-10.34.37-300x118.png 300w\" sizes=\"auto, (max-width: 642px) 100vw, 642px\" \/><\/p>\n<p>&nbsp;<\/p>\n<h3>5. Of je het nu wil of niet: ook deze zomerhit van Albert Heijn blijft lekker hangen.<\/h3>\n<p><video src=\"https:\/\/www.thebestsocial.media\/nl\/wp-content\/uploads\/tiktok\/7634426950911626529.mp4\" controls width=\"623\" height=\"1108\" style=\"border:0; height:90vh; width:50.625000vh;\"><\/video><\/p>\n<p>&nbsp;<\/p>\n<h3>6. Met deze zomerhit door je speakers voelt zelfs je maandag als weekend.<\/h3>\n<p><img loading=\"lazy\" decoding=\"async\" class=\"alignnone wp-image-415636 size-full\" src=\"https:\/\/www.thebestsocial.media\/nl\/wp-content\/uploads\/sites\/2\/2026\/04\/Screenshot-2026-04-30-at-10.29.03.png\" alt=\"Albert Heijn\" width=\"706\" height=\"192\" srcset=\"https:\/\/www.thebestsocial.media\/nl\/wp-content\/uploads\/sites\/2\/2026\/04\/Screenshot-2026-04-30-at-10.29.03.png 706w, https:\/\/www.thebestsocial.media\/nl\/wp-content\/uploads\/sites\/2\/2026\/04\/Screenshot-2026-04-30-at-10.29.03-300x82.png 300w\" sizes=\"auto, (max-width: 706px) 100vw, 706px\" \/><\/p>\n<p>&nbsp;<\/p>\n<h3>7. Teken hieronder de petitie om dit Corry Konings-shirt in de schappen van Albert Heijn te krijgen.<\/h3>\n<p><img loading=\"lazy\" decoding=\"async\" class=\"alignnone wp-image-415637 size-full\" src=\"https:\/\/www.thebestsocial.media\/nl\/wp-content\/uploads\/sites\/2\/2026\/04\/Screenshot-2026-04-30-at-10.29.09.png\" alt=\"Albert Heijn\" width=\"718\" height=\"554\" srcset=\"https:\/\/www.thebestsocial.media\/nl\/wp-content\/uploads\/sites\/2\/2026\/04\/Screenshot-2026-04-30-at-10.29.09.png 718w, https:\/\/www.thebestsocial.media\/nl\/wp-content\/uploads\/sites\/2\/2026\/04\/Screenshot-2026-04-30-at-10.29.09-300x231.png 300w\" sizes=\"auto, (max-width: 718px) 100vw, 718px\" \/><\/p>\n<p>&nbsp;<\/p>\n<h3>8. En in &#8216;borrelen met m&#8217;n vriendinnen zonder ventjes erbij&#8217;.<\/h3>\n<p><img loading=\"lazy\" decoding=\"async\" class=\"alignnone size-full wp-image-415638\" src=\"https:\/\/www.thebestsocial.media\/nl\/wp-content\/uploads\/sites\/2\/2026\/04\/Screenshot-2026-04-30-at-10.29.23.png\" alt=\"\" width=\"724\" height=\"202\" srcset=\"https:\/\/www.thebestsocial.media\/nl\/wp-content\/uploads\/sites\/2\/2026\/04\/Screenshot-2026-04-30-at-10.29.23.png 724w, https:\/\/www.thebestsocial.media\/nl\/wp-content\/uploads\/sites\/2\/2026\/04\/Screenshot-2026-04-30-at-10.29.23-300x84.png 300w\" sizes=\"auto, (max-width: 724px) 100vw, 724px\" \/><\/p>\n<p>&nbsp;<\/p>\n<h3>9. Vervolgens zit-ie 24\/7 in je koppie.<\/h3>\n<p><img loading=\"lazy\" decoding=\"async\" class=\"alignnone size-full wp-image-415640\" src=\"https:\/\/www.thebestsocial.media\/nl\/wp-content\/uploads\/sites\/2\/2026\/04\/Screenshot-2026-04-30-at-10.32.23.png\" alt=\"\" width=\"716\" height=\"298\" srcset=\"https:\/\/www.thebestsocial.media\/nl\/wp-content\/uploads\/sites\/2\/2026\/04\/Screenshot-2026-04-30-at-10.32.23.png 716w, https:\/\/www.thebestsocial.media\/nl\/wp-content\/uploads\/sites\/2\/2026\/04\/Screenshot-2026-04-30-at-10.32.23-300x125.png 300w\" sizes=\"auto, (max-width: 716px) 100vw, 716px\" \/><\/p>\n<p>&nbsp;<\/p>\n<p><strong>Heeft jouw bedrijf social content gemaakt die best effe in de spotlights mag staan? Stuur een mailtje naar <a href=\"mailto:collabs@thebest.social\">collabs@thebest.social,<\/a> en wie weet schittert jouw merk binnenkort op onze kanalen!<\/strong><\/p>\n<blockquote class=\"instagram-media\" style=\"background: #FFF; border: 0; border-radius: 3px; box-shadow: 0 0 1px 0 rgba(0,0,0,0.5),0 1px 10px 0 rgba(0,0,0,0.15); margin: 1px; max-width: 540px; min-width: 326px; padding: 0; width: calc(100% - 2px);\" data-instgrm-captioned=\"\" data-instgrm-permalink=\"https:\/\/www.instagram.com\/p\/DKeWYwtIv5D\/?utm_source=ig_embed&amp;utm_campaign=loading\" data-instgrm-version=\"14\">\n<div style=\"padding: 16px;\">\n<p>&nbsp;<\/p>\n<div style=\"display: flex; flex-direction: row; align-items: center;\">\n<div style=\"background-color: #f4f4f4; border-radius: 50%; flex-grow: 0; height: 40px; margin-right: 14px; width: 40px;\"><\/div>\n<div style=\"display: flex; flex-direction: column; flex-grow: 1; justify-content: center;\">\n<div style=\"background-color: #f4f4f4; border-radius: 4px; flex-grow: 0; height: 14px; margin-bottom: 6px; width: 100px;\"><\/div>\n<div style=\"background-color: #f4f4f4; border-radius: 4px; flex-grow: 0; height: 14px; width: 60px;\"><\/div>\n<\/div>\n<\/div>\n<div style=\"padding: 19% 0;\"><\/div>\n<div style=\"display: block; height: 50px; margin: 0 auto 12px; width: 50px;\"><\/div>\n<div style=\"padding-top: 8px;\">\n<div style=\"color: #3897f0; font-family: Arial,sans-serif; font-size: 14px; font-style: normal; font-weight: 550; line-height: 18px;\">Dit bericht op Instagram bekijken<\/div>\n<\/div>\n<div style=\"padding: 12.5% 0;\"><\/div>\n<div style=\"display: flex; flex-direction: row; margin-bottom: 14px; align-items: center;\">\n<div>\n<div style=\"background-color: #f4f4f4; border-radius: 50%; height: 12.5px; width: 12.5px; transform: translateX(0px) translateY(7px);\"><\/div>\n<div style=\"background-color: #f4f4f4; height: 12.5px; transform: rotate(-45deg) translateX(3px) translateY(1px); width: 12.5px; flex-grow: 0; margin-right: 14px; margin-left: 2px;\"><\/div>\n<div style=\"background-color: #f4f4f4; border-radius: 50%; height: 12.5px; width: 12.5px; transform: translateX(9px) translateY(-18px);\"><\/div>\n<\/div>\n<div style=\"margin-left: 8px;\">\n<div style=\"background-color: #f4f4f4; border-radius: 50%; flex-grow: 0; height: 20px; width: 20px;\"><\/div>\n<div style=\"width: 0; height: 0; border-top: 2px solid transparent; border-left: 6px solid #f4f4f4; border-bottom: 2px solid transparent; transform: translateX(16px) translateY(-4px) rotate(30deg);\"><\/div>\n<\/div>\n<div style=\"margin-left: auto;\">\n<div style=\"width: 0px; border-top: 8px solid #F4F4F4; border-right: 8px solid transparent; transform: translateY(16px);\"><\/div>\n<div style=\"background-color: #f4f4f4; flex-grow: 0; height: 12px; width: 16px; transform: translateY(-4px);\"><\/div>\n<div style=\"width: 0; height: 0; border-top: 8px solid #F4F4F4; border-left: 8px solid transparent; transform: translateY(-4px) translateX(8px);\"><\/div>\n<\/div>\n<\/div>\n<div style=\"display: flex; flex-direction: column; flex-grow: 1; justify-content: center; margin-bottom: 24px;\">\n<div style=\"background-color: #f4f4f4; border-radius: 4px; flex-grow: 0; height: 14px; margin-bottom: 6px; width: 224px;\"><\/div>\n<div style=\"background-color: #f4f4f4; border-radius: 4px; flex-grow: 0; height: 14px; width: 144px;\"><\/div>\n<\/div>\n<p>&nbsp;<\/p>\n<p style=\"color: #c9c8cd; font-family: Arial,sans-serif; font-size: 14px; line-height: 17px; margin-bottom: 0; margin-top: 8px; overflow: hidden; padding: 8px 0 7px; text-align: center; text-overflow: ellipsis; white-space: nowrap;\"><a style=\"color: #c9c8cd; font-family: Arial,sans-serif; font-size: 14px; font-style: normal; font-weight: normal; line-height: 17px; text-decoration: none;\" href=\"https:\/\/www.instagram.com\/p\/DKeWYwtIv5D\/?utm_source=ig_embed&amp;utm_campaign=loading\" target=\"_blank\" rel=\"noopener\">Een bericht gedeeld door The Best Social Media &#8211; NL (@thebestsocialmedianl)<\/a><\/p>\n<\/div>\n<\/blockquote>\n\n<script async defer src=\"\/instagram-embed.js\"><\/script>","protected":false},"excerpt":{"rendered":"<p>De temperaturen gaan ein-de-lijk de twintig in, en je weet wat dat betekent: barbecue\u00ebn, borrelen in de zon en zweet op plekken waar je eigenlijk&#8230;<\/p>\n","protected":false},"author":96,"featured_media":415658,"comment_status":"open","ping_status":"open","sticky":false,"template":"","format":"standard","meta":{"_acf_changed":false,"footnotes":""},"categories":[16,17],"tags":[90,2094,11202],"class_list":["post-415618","post","type-post","status-publish","format-standard","has-post-thumbnail","hentry","category-blogs","category-nieuws","tag-albert-heijn","tag-bram-krikke","tag-zomerhit"],"acf":[],"yoast_head":"<!-- This site is optimized with the Yoast SEO plugin v27.5 - https:\/\/yoast.com\/product\/yoast-seo-wordpress\/ -->\n<title>Albert Heijn zet internet opnieuw op z&#039;n kop met catchy zomerhit<\/title>\n<meta name=\"description\" content=\"Albert Heijn bracht vorig jaar al een zomerhit uit, en dat smaakte duidelijk naar meer, want dit jaar doen ze het opnieuw.\" \/>\n<meta name=\"robots\" content=\"index, follow, max-snippet:-1, max-image-preview:large, max-video-preview:-1\" \/>\n<link rel=\"canonical\" href=\"https:\/\/www.thebestsocial.media\/nl\/albert-heijn-zomerhit-corry-konings-bram-krikke-bokoesam\/\" \/>\n<meta property=\"og:locale\" content=\"nl_NL\" \/>\n<meta property=\"og:type\" content=\"article\" \/>\n<meta property=\"og:title\" content=\"Corry Konings, Bram Krikke \u00e9n Bokoesam zetten internet weer op z&#039;n kop met Albert Heijn-zomerhit\" \/>\n<meta property=\"og:description\" content=\"Albert Heijn bracht vorig jaar al een zomerhit uit, en dat smaakte duidelijk naar meer, want dit jaar doen ze het opnieuw.\" \/>\n<meta property=\"og:url\" content=\"https:\/\/www.thebestsocial.media\/nl\/albert-heijn-zomerhit-corry-konings-bram-krikke-bokoesam\/\" \/>\n<meta property=\"og:site_name\" content=\"The Best Social Media NL\" \/>\n<meta property=\"article:published_time\" content=\"2026-04-30T10:09:16+00:00\" \/>\n<meta property=\"og:image\" content=\"https:\/\/www.thebestsocial.media\/nl\/wp-content\/uploads\/sites\/2\/2026\/04\/brem1.png\" \/>\n\t<meta property=\"og:image:width\" content=\"1200\" \/>\n\t<meta property=\"og:image:height\" content=\"630\" \/>\n\t<meta property=\"og:image:type\" content=\"image\/png\" \/>\n<meta name=\"author\" content=\"yannick\" \/>\n<meta name=\"twitter:card\" content=\"summary_large_image\" \/>\n<meta name=\"twitter:title\" content=\"Corry Konings, Bram Krikke \u00e9n Bokoesam zetten internet weer op z&#039;n kop met Albert Heijn-zomerhit\" \/>\n<meta name=\"twitter:description\" content=\"Albert Heijn bracht vorig jaar al een zomerhit uit, en dat smaakte duidelijk naar meer, want dit jaar doen ze het opnieuw.\" \/>\n<meta name=\"twitter:image\" content=\"https:\/\/www.thebestsocial.media\/nl\/wp-content\/uploads\/sites\/2\/2026\/04\/brem1.png\" \/>\n<meta name=\"twitter:label1\" content=\"Geschreven door\" \/>\n\t<meta name=\"twitter:data1\" content=\"yannick\" \/>\n\t<meta name=\"twitter:label2\" content=\"Geschatte leestijd\" \/>\n\t<meta name=\"twitter:data2\" content=\"3 minuten\" \/>\n<script type=\"application\/ld+json\" class=\"yoast-schema-graph\">{\"@context\":\"https:\\\/\\\/schema.org\",\"@graph\":[{\"@type\":\"Article\",\"@id\":\"https:\\\/\\\/www.thebestsocial.media\\\/nl\\\/albert-heijn-zomerhit-corry-konings-bram-krikke-bokoesam\\\/#article\",\"isPartOf\":{\"@id\":\"https:\\\/\\\/www.thebestsocial.media\\\/nl\\\/albert-heijn-zomerhit-corry-konings-bram-krikke-bokoesam\\\/\"},\"author\":{\"name\":\"yannick\",\"@id\":\"https:\\\/\\\/www.thebestsocial.media\\\/nl\\\/#\\\/schema\\\/person\\\/2b65a07de209cd1d416a21f959fdf166\"},\"headline\":\"Corry Konings, Bram Krikke \u00e9n Bokoesam zetten internet weer op z&#8217;n kop met Albert Heijn-zomerhit\",\"datePublished\":\"2026-04-30T10:09:16+00:00\",\"mainEntityOfPage\":{\"@id\":\"https:\\\/\\\/www.thebestsocial.media\\\/nl\\\/albert-heijn-zomerhit-corry-konings-bram-krikke-bokoesam\\\/\"},\"wordCount\":287,\"commentCount\":0,\"image\":{\"@id\":\"https:\\\/\\\/www.thebestsocial.media\\\/nl\\\/albert-heijn-zomerhit-corry-konings-bram-krikke-bokoesam\\\/#primaryimage\"},\"thumbnailUrl\":\"https:\\\/\\\/www.thebestsocial.media\\\/nl\\\/wp-content\\\/uploads\\\/sites\\\/2\\\/2026\\\/04\\\/brem2.png\",\"keywords\":[\"albert heijn\",\"bram krikke\",\"zomerhit\"],\"articleSection\":[\"Blogs\",\"Nieuws\"],\"inLanguage\":\"nl-NL\",\"potentialAction\":[{\"@type\":\"CommentAction\",\"name\":\"Comment\",\"target\":[\"https:\\\/\\\/www.thebestsocial.media\\\/nl\\\/albert-heijn-zomerhit-corry-konings-bram-krikke-bokoesam\\\/#respond\"]}]},{\"@type\":\"WebPage\",\"@id\":\"https:\\\/\\\/www.thebestsocial.media\\\/nl\\\/albert-heijn-zomerhit-corry-konings-bram-krikke-bokoesam\\\/\",\"url\":\"https:\\\/\\\/www.thebestsocial.media\\\/nl\\\/albert-heijn-zomerhit-corry-konings-bram-krikke-bokoesam\\\/\",\"name\":\"Albert Heijn zet internet opnieuw op z'n kop met catchy zomerhit\",\"isPartOf\":{\"@id\":\"https:\\\/\\\/www.thebestsocial.media\\\/nl\\\/#website\"},\"primaryImageOfPage\":{\"@id\":\"https:\\\/\\\/www.thebestsocial.media\\\/nl\\\/albert-heijn-zomerhit-corry-konings-bram-krikke-bokoesam\\\/#primaryimage\"},\"image\":{\"@id\":\"https:\\\/\\\/www.thebestsocial.media\\\/nl\\\/albert-heijn-zomerhit-corry-konings-bram-krikke-bokoesam\\\/#primaryimage\"},\"thumbnailUrl\":\"https:\\\/\\\/www.thebestsocial.media\\\/nl\\\/wp-content\\\/uploads\\\/sites\\\/2\\\/2026\\\/04\\\/brem2.png\",\"datePublished\":\"2026-04-30T10:09:16+00:00\",\"author\":{\"@id\":\"https:\\\/\\\/www.thebestsocial.media\\\/nl\\\/#\\\/schema\\\/person\\\/2b65a07de209cd1d416a21f959fdf166\"},\"description\":\"Albert Heijn bracht vorig jaar al een zomerhit uit, en dat smaakte duidelijk naar meer, want dit jaar doen ze het opnieuw.\",\"breadcrumb\":{\"@id\":\"https:\\\/\\\/www.thebestsocial.media\\\/nl\\\/albert-heijn-zomerhit-corry-konings-bram-krikke-bokoesam\\\/#breadcrumb\"},\"inLanguage\":\"nl-NL\",\"potentialAction\":[{\"@type\":\"ReadAction\",\"target\":[\"https:\\\/\\\/www.thebestsocial.media\\\/nl\\\/albert-heijn-zomerhit-corry-konings-bram-krikke-bokoesam\\\/\"]}]},{\"@type\":\"ImageObject\",\"inLanguage\":\"nl-NL\",\"@id\":\"https:\\\/\\\/www.thebestsocial.media\\\/nl\\\/albert-heijn-zomerhit-corry-konings-bram-krikke-bokoesam\\\/#primaryimage\",\"url\":\"https:\\\/\\\/www.thebestsocial.media\\\/nl\\\/wp-content\\\/uploads\\\/sites\\\/2\\\/2026\\\/04\\\/brem2.png\",\"contentUrl\":\"https:\\\/\\\/www.thebestsocial.media\\\/nl\\\/wp-content\\\/uploads\\\/sites\\\/2\\\/2026\\\/04\\\/brem2.png\",\"width\":1200,\"height\":630,\"caption\":\"Albert Heijn\"},{\"@type\":\"BreadcrumbList\",\"@id\":\"https:\\\/\\\/www.thebestsocial.media\\\/nl\\\/albert-heijn-zomerhit-corry-konings-bram-krikke-bokoesam\\\/#breadcrumb\",\"itemListElement\":[{\"@type\":\"ListItem\",\"position\":1,\"name\":\"Home\",\"item\":\"https:\\\/\\\/www.thebestsocial.media\\\/nl\\\/\"},{\"@type\":\"ListItem\",\"position\":2,\"name\":\"Corry Konings, Bram Krikke \u00e9n Bokoesam zetten internet weer op z&#8217;n kop met Albert Heijn-zomerhit\"}]},{\"@type\":\"WebSite\",\"@id\":\"https:\\\/\\\/www.thebestsocial.media\\\/nl\\\/#website\",\"url\":\"https:\\\/\\\/www.thebestsocial.media\\\/nl\\\/\",\"name\":\"The Best Social Media NL\",\"description\":\"Zoeklicht in de Digital Chaos\",\"potentialAction\":[{\"@type\":\"SearchAction\",\"target\":{\"@type\":\"EntryPoint\",\"urlTemplate\":\"https:\\\/\\\/www.thebestsocial.media\\\/nl\\\/?s={search_term_string}\"},\"query-input\":{\"@type\":\"PropertyValueSpecification\",\"valueRequired\":true,\"valueName\":\"search_term_string\"}}],\"inLanguage\":\"nl-NL\"},{\"@type\":\"Person\",\"@id\":\"https:\\\/\\\/www.thebestsocial.media\\\/nl\\\/#\\\/schema\\\/person\\\/2b65a07de209cd1d416a21f959fdf166\",\"name\":\"yannick\",\"image\":{\"@type\":\"ImageObject\",\"inLanguage\":\"nl-NL\",\"@id\":\"https:\\\/\\\/secure.gravatar.com\\\/avatar\\\/8909b7412361c45e4fc0664b3e04faa1ad03832e065a1098c95a21a0527771d4?s=96&d=mm&r=g\",\"url\":\"https:\\\/\\\/secure.gravatar.com\\\/avatar\\\/8909b7412361c45e4fc0664b3e04faa1ad03832e065a1098c95a21a0527771d4?s=96&d=mm&r=g\",\"contentUrl\":\"https:\\\/\\\/secure.gravatar.com\\\/avatar\\\/8909b7412361c45e4fc0664b3e04faa1ad03832e065a1098c95a21a0527771d4?s=96&d=mm&r=g\",\"caption\":\"yannick\"},\"description\":\"Geboren en getogen Bredanaar. Droomde altijd van een carri\u00e8re als profvoetballer, maar is gestrand in de Kelderklasse. Nu geeft ze hier onnodig 'commentaar' op sport, collega's (\u00e9\u00e9n in het bijzonder) en mensen die iconische memes niet kennen.\",\"sameAs\":[\"https:\\\/\\\/www.instagram.com\\\/yannicksnoek\\\/\",\"https:\\\/\\\/www.linkedin.com\\\/in\\\/yannick-s-743aa110b\\\/\"],\"url\":\"https:\\\/\\\/www.thebestsocial.media\\\/nl\\\/author\\\/yannick\\\/\"}]}<\/script>\n<!-- \/ Yoast SEO plugin. -->","yoast_head_json":{"title":"Albert Heijn zet internet opnieuw op z'n kop met catchy zomerhit","description":"Albert Heijn bracht vorig jaar al een zomerhit uit, en dat smaakte duidelijk naar meer, want dit jaar doen ze het opnieuw.","robots":{"index":"index","follow":"follow","max-snippet":"max-snippet:-1","max-image-preview":"max-image-preview:large","max-video-preview":"max-video-preview:-1"},"canonical":"https:\/\/www.thebestsocial.media\/nl\/albert-heijn-zomerhit-corry-konings-bram-krikke-bokoesam\/","og_locale":"nl_NL","og_type":"article","og_title":"Corry Konings, Bram Krikke \u00e9n Bokoesam zetten internet weer op z'n kop met Albert Heijn-zomerhit","og_description":"Albert Heijn bracht vorig jaar al een zomerhit uit, en dat smaakte duidelijk naar meer, want dit jaar doen ze het opnieuw.","og_url":"https:\/\/www.thebestsocial.media\/nl\/albert-heijn-zomerhit-corry-konings-bram-krikke-bokoesam\/","og_site_name":"The Best Social Media NL","article_published_time":"2026-04-30T10:09:16+00:00","og_image":[{"width":1200,"height":630,"url":"https:\/\/www.thebestsocial.media\/nl\/wp-content\/uploads\/sites\/2\/2026\/04\/brem1.png","type":"image\/png"}],"author":"yannick","twitter_card":"summary_large_image","twitter_title":"Corry Konings, Bram Krikke \u00e9n Bokoesam zetten internet weer op z'n kop met Albert Heijn-zomerhit","twitter_description":"Albert Heijn bracht vorig jaar al een zomerhit uit, en dat smaakte duidelijk naar meer, want dit jaar doen ze het opnieuw.","twitter_image":"https:\/\/www.thebestsocial.media\/nl\/wp-content\/uploads\/sites\/2\/2026\/04\/brem1.png","twitter_misc":{"Geschreven door":"yannick","Geschatte leestijd":"3 minuten"},"schema":{"@context":"https:\/\/schema.org","@graph":[{"@type":"Article","@id":"https:\/\/www.thebestsocial.media\/nl\/albert-heijn-zomerhit-corry-konings-bram-krikke-bokoesam\/#article","isPartOf":{"@id":"https:\/\/www.thebestsocial.media\/nl\/albert-heijn-zomerhit-corry-konings-bram-krikke-bokoesam\/"},"author":{"name":"yannick","@id":"https:\/\/www.thebestsocial.media\/nl\/#\/schema\/person\/2b65a07de209cd1d416a21f959fdf166"},"headline":"Corry Konings, Bram Krikke \u00e9n Bokoesam zetten internet weer op z&#8217;n kop met Albert Heijn-zomerhit","datePublished":"2026-04-30T10:09:16+00:00","mainEntityOfPage":{"@id":"https:\/\/www.thebestsocial.media\/nl\/albert-heijn-zomerhit-corry-konings-bram-krikke-bokoesam\/"},"wordCount":287,"commentCount":0,"image":{"@id":"https:\/\/www.thebestsocial.media\/nl\/albert-heijn-zomerhit-corry-konings-bram-krikke-bokoesam\/#primaryimage"},"thumbnailUrl":"https:\/\/www.thebestsocial.media\/nl\/wp-content\/uploads\/sites\/2\/2026\/04\/brem2.png","keywords":["albert heijn","bram krikke","zomerhit"],"articleSection":["Blogs","Nieuws"],"inLanguage":"nl-NL","potentialAction":[{"@type":"CommentAction","name":"Comment","target":["https:\/\/www.thebestsocial.media\/nl\/albert-heijn-zomerhit-corry-konings-bram-krikke-bokoesam\/#respond"]}]},{"@type":"WebPage","@id":"https:\/\/www.thebestsocial.media\/nl\/albert-heijn-zomerhit-corry-konings-bram-krikke-bokoesam\/","url":"https:\/\/www.thebestsocial.media\/nl\/albert-heijn-zomerhit-corry-konings-bram-krikke-bokoesam\/","name":"Albert Heijn zet internet opnieuw op z'n kop met catchy zomerhit","isPartOf":{"@id":"https:\/\/www.thebestsocial.media\/nl\/#website"},"primaryImageOfPage":{"@id":"https:\/\/www.thebestsocial.media\/nl\/albert-heijn-zomerhit-corry-konings-bram-krikke-bokoesam\/#primaryimage"},"image":{"@id":"https:\/\/www.thebestsocial.media\/nl\/albert-heijn-zomerhit-corry-konings-bram-krikke-bokoesam\/#primaryimage"},"thumbnailUrl":"https:\/\/www.thebestsocial.media\/nl\/wp-content\/uploads\/sites\/2\/2026\/04\/brem2.png","datePublished":"2026-04-30T10:09:16+00:00","author":{"@id":"https:\/\/www.thebestsocial.media\/nl\/#\/schema\/person\/2b65a07de209cd1d416a21f959fdf166"},"description":"Albert Heijn bracht vorig jaar al een zomerhit uit, en dat smaakte duidelijk naar meer, want dit jaar doen ze het opnieuw.","breadcrumb":{"@id":"https:\/\/www.thebestsocial.media\/nl\/albert-heijn-zomerhit-corry-konings-bram-krikke-bokoesam\/#breadcrumb"},"inLanguage":"nl-NL","potentialAction":[{"@type":"ReadAction","target":["https:\/\/www.thebestsocial.media\/nl\/albert-heijn-zomerhit-corry-konings-bram-krikke-bokoesam\/"]}]},{"@type":"ImageObject","inLanguage":"nl-NL","@id":"https:\/\/www.thebestsocial.media\/nl\/albert-heijn-zomerhit-corry-konings-bram-krikke-bokoesam\/#primaryimage","url":"https:\/\/www.thebestsocial.media\/nl\/wp-content\/uploads\/sites\/2\/2026\/04\/brem2.png","contentUrl":"https:\/\/www.thebestsocial.media\/nl\/wp-content\/uploads\/sites\/2\/2026\/04\/brem2.png","width":1200,"height":630,"caption":"Albert Heijn"},{"@type":"BreadcrumbList","@id":"https:\/\/www.thebestsocial.media\/nl\/albert-heijn-zomerhit-corry-konings-bram-krikke-bokoesam\/#breadcrumb","itemListElement":[{"@type":"ListItem","position":1,"name":"Home","item":"https:\/\/www.thebestsocial.media\/nl\/"},{"@type":"ListItem","position":2,"name":"Corry Konings, Bram Krikke \u00e9n Bokoesam zetten internet weer op z&#8217;n kop met Albert Heijn-zomerhit"}]},{"@type":"WebSite","@id":"https:\/\/www.thebestsocial.media\/nl\/#website","url":"https:\/\/www.thebestsocial.media\/nl\/","name":"The Best Social Media NL","description":"Zoeklicht in de Digital Chaos","potentialAction":[{"@type":"SearchAction","target":{"@type":"EntryPoint","urlTemplate":"https:\/\/www.thebestsocial.media\/nl\/?s={search_term_string}"},"query-input":{"@type":"PropertyValueSpecification","valueRequired":true,"valueName":"search_term_string"}}],"inLanguage":"nl-NL"},{"@type":"Person","@id":"https:\/\/www.thebestsocial.media\/nl\/#\/schema\/person\/2b65a07de209cd1d416a21f959fdf166","name":"yannick","image":{"@type":"ImageObject","inLanguage":"nl-NL","@id":"https:\/\/secure.gravatar.com\/avatar\/8909b7412361c45e4fc0664b3e04faa1ad03832e065a1098c95a21a0527771d4?s=96&d=mm&r=g","url":"https:\/\/secure.gravatar.com\/avatar\/8909b7412361c45e4fc0664b3e04faa1ad03832e065a1098c95a21a0527771d4?s=96&d=mm&r=g","contentUrl":"https:\/\/secure.gravatar.com\/avatar\/8909b7412361c45e4fc0664b3e04faa1ad03832e065a1098c95a21a0527771d4?s=96&d=mm&r=g","caption":"yannick"},"description":"Geboren en getogen Bredanaar. Droomde altijd van een carri\u00e8re als profvoetballer, maar is gestrand in de Kelderklasse. Nu geeft ze hier onnodig 'commentaar' op sport, collega's (\u00e9\u00e9n in het bijzonder) en mensen die iconische memes niet kennen.","sameAs":["https:\/\/www.instagram.com\/yannicksnoek\/","https:\/\/www.linkedin.com\/in\/yannick-s-743aa110b\/"],"url":"https:\/\/www.thebestsocial.media\/nl\/author\/yannick\/"}]}},"amp_enabled":true,"_links":{"self":[{"href":"https:\/\/www.thebestsocial.media\/nl\/wp-json\/wp\/v2\/posts\/415618","targetHints":{"allow":["GET"]}}],"collection":[{"href":"https:\/\/www.thebestsocial.media\/nl\/wp-json\/wp\/v2\/posts"}],"about":[{"href":"https:\/\/www.thebestsocial.media\/nl\/wp-json\/wp\/v2\/types\/post"}],"author":[{"embeddable":true,"href":"https:\/\/www.thebestsocial.media\/nl\/wp-json\/wp\/v2\/users\/96"}],"replies":[{"embeddable":true,"href":"https:\/\/www.thebestsocial.media\/nl\/wp-json\/wp\/v2\/comments?post=415618"}],"version-history":[{"count":15,"href":"https:\/\/www.thebestsocial.media\/nl\/wp-json\/wp\/v2\/posts\/415618\/revisions"}],"predecessor-version":[{"id":415664,"href":"https:\/\/www.thebestsocial.media\/nl\/wp-json\/wp\/v2\/posts\/415618\/revisions\/415664"}],"wp:featuredmedia":[{"embeddable":true,"href":"https:\/\/www.thebestsocial.media\/nl\/wp-json\/wp\/v2\/media\/415658"}],"wp:attachment":[{"href":"https:\/\/www.thebestsocial.media\/nl\/wp-json\/wp\/v2\/media?parent=415618"}],"wp:term":[{"taxonomy":"category","embeddable":true,"href":"https:\/\/www.thebestsocial.media\/nl\/wp-json\/wp\/v2\/categories?post=415618"},{"taxonomy":"post_tag","embeddable":true,"href":"https:\/\/www.thebestsocial.media\/nl\/wp-json\/wp\/v2\/tags?post=415618"}],"curies":[{"name":"wp","href":"https:\/\/api.w.org\/{rel}","templated":true}]}}