{"id":415336,"date":"2026-04-28T11:08:04","date_gmt":"2026-04-28T10:08:04","guid":{"rendered":"https:\/\/www.thebestsocial.media\/nl\/?p=415336"},"modified":"2026-04-28T11:08:04","modified_gmt":"2026-04-28T10:08:04","slug":"toeristen-amsterdam-koffers-verlaten-koningsdag","status":"publish","type":"post","link":"https:\/\/www.thebestsocial.media\/nl\/toeristen-amsterdam-koffers-verlaten-koningsdag\/","title":{"rendered":"Beelden van toeristen die Amsterdam op Koningsdag willen verlaten roepen medelijden op"},"content":{"rendered":"<p>Het is weer die tijd van het jaar waarin Nederland overspoeld wordt door toeristen. Vooral <a href=\"https:\/\/www.thebestsocial.media\/nl\/studenten-rotzooi-statiegeld-amsterdam-vuilnisbak\/\" target=\"_blank\" rel=\"noopener\">Amsterdam<\/a> bruist in deze periode als nooit tevoren. Rond <a href=\"https:\/\/www.thebestsocial.media\/nl\/cafe-amsterdam-koningsdag-versiering\/\" target=\"_blank\" rel=\"noopener\">Koningsdag<\/a> verandert de stad in \u00e9\u00e9n groot feest en staat alles even volledig op zijn kop. Voor velen h\u00e9t hoogtepunt van het jaar \u2013 iets waar maandenlang naar wordt uitgekeken. Maar niet iedereen was op de hoogte. Sommige toeristen kwamen er op de dag van vertrek achter dat ze met hun koffers midden in het grootste feest van het jaar vastzaten.<\/p>\n<p><strong><em>\u2013 Onze artikelen vaker op je beeldscherm? Volg ons op <a href=\"https:\/\/profile.google.com\/cp\/Cg0vZy8xMXhuNzVnc2I1\" target=\"_blank\" rel=\"noopener\">Google<\/a> om niets te missen! \u2013<\/em><\/strong><\/p>\n<p>&nbsp;<\/p>\n<h3>1. Zie hier maar eens doorheen te komen.<\/h3>\n<p><iframe loading=\"lazy\" src=\"\/tiktok-cache\/7633456420351905056\/d50bec675ae183605b5fb070d68c918895660fa6dcfd83fe83855e64\" width=\"623\" height=\"1108\" style=\"border:0; height:90vh; width:50.625000vh;\" scrolling=\"no\"><\/iframe><\/p>\n<p>&nbsp;<\/p>\n<h3>2. Niemand zou in hun schoenen willen staan.<\/h3>\n<p><img loading=\"lazy\" decoding=\"async\" class=\"alignnone wp-image-415338 size-full\" src=\"https:\/\/www.thebestsocial.media\/nl\/wp-content\/uploads\/sites\/2\/2026\/04\/Scherm\u00adafbeelding-2026-04-28-om-10.14.23.png\" alt=\"\" width=\"1486\" height=\"434\" srcset=\"https:\/\/www.thebestsocial.media\/nl\/wp-content\/uploads\/sites\/2\/2026\/04\/Scherm\u00adafbeelding-2026-04-28-om-10.14.23.png 1486w, https:\/\/www.thebestsocial.media\/nl\/wp-content\/uploads\/sites\/2\/2026\/04\/Scherm\u00adafbeelding-2026-04-28-om-10.14.23-300x88.png 300w, https:\/\/www.thebestsocial.media\/nl\/wp-content\/uploads\/sites\/2\/2026\/04\/Scherm\u00adafbeelding-2026-04-28-om-10.14.23-1024x299.png 1024w, https:\/\/www.thebestsocial.media\/nl\/wp-content\/uploads\/sites\/2\/2026\/04\/Scherm\u00adafbeelding-2026-04-28-om-10.14.23-768x224.png 768w\" sizes=\"auto, (max-width: 1486px) 100vw, 1486px\" \/><\/p>\n<p>&nbsp;<\/p>\n<h3>3. Voor een lange reis nog even met je koffers door een bier gooiende menigte moeten slenteren staat niet op ieders bingokaart.<\/h3>\n<p><img loading=\"lazy\" decoding=\"async\" class=\"alignnone wp-image-415339 size-full\" src=\"https:\/\/www.thebestsocial.media\/nl\/wp-content\/uploads\/sites\/2\/2026\/04\/Scherm\u00adafbeelding-2026-04-28-om-10.14.33.png\" alt=\"\" width=\"1636\" height=\"578\" srcset=\"https:\/\/www.thebestsocial.media\/nl\/wp-content\/uploads\/sites\/2\/2026\/04\/Scherm\u00adafbeelding-2026-04-28-om-10.14.33.png 1636w, https:\/\/www.thebestsocial.media\/nl\/wp-content\/uploads\/sites\/2\/2026\/04\/Scherm\u00adafbeelding-2026-04-28-om-10.14.33-300x106.png 300w, https:\/\/www.thebestsocial.media\/nl\/wp-content\/uploads\/sites\/2\/2026\/04\/Scherm\u00adafbeelding-2026-04-28-om-10.14.33-1024x362.png 1024w, https:\/\/www.thebestsocial.media\/nl\/wp-content\/uploads\/sites\/2\/2026\/04\/Scherm\u00adafbeelding-2026-04-28-om-10.14.33-768x271.png 768w, https:\/\/www.thebestsocial.media\/nl\/wp-content\/uploads\/sites\/2\/2026\/04\/Scherm\u00adafbeelding-2026-04-28-om-10.14.33-1536x543.png 1536w\" sizes=\"auto, (max-width: 1636px) 100vw, 1636px\" \/><\/p>\n<p>&nbsp;<\/p>\n<h3>4. Deze fout wordt wel vaker gemaakt door toeristen.<\/h3>\n<p><img loading=\"lazy\" decoding=\"async\" class=\"alignnone wp-image-415340 size-full\" src=\"https:\/\/www.thebestsocial.media\/nl\/wp-content\/uploads\/sites\/2\/2026\/04\/Scherm\u00adafbeelding-2026-04-28-om-10.14.59.png\" alt=\"\" width=\"1736\" height=\"608\" srcset=\"https:\/\/www.thebestsocial.media\/nl\/wp-content\/uploads\/sites\/2\/2026\/04\/Scherm\u00adafbeelding-2026-04-28-om-10.14.59.png 1736w, https:\/\/www.thebestsocial.media\/nl\/wp-content\/uploads\/sites\/2\/2026\/04\/Scherm\u00adafbeelding-2026-04-28-om-10.14.59-300x105.png 300w, https:\/\/www.thebestsocial.media\/nl\/wp-content\/uploads\/sites\/2\/2026\/04\/Scherm\u00adafbeelding-2026-04-28-om-10.14.59-1024x359.png 1024w, https:\/\/www.thebestsocial.media\/nl\/wp-content\/uploads\/sites\/2\/2026\/04\/Scherm\u00adafbeelding-2026-04-28-om-10.14.59-768x269.png 768w, https:\/\/www.thebestsocial.media\/nl\/wp-content\/uploads\/sites\/2\/2026\/04\/Scherm\u00adafbeelding-2026-04-28-om-10.14.59-1536x538.png 1536w\" sizes=\"auto, (max-width: 1736px) 100vw, 1736px\" \/><\/p>\n<p>&nbsp;<\/p>\n<h3>5. Deze toeristen zullen 27 april voortaan even vermijden.<\/h3>\n<p><img loading=\"lazy\" decoding=\"async\" class=\"alignnone wp-image-415341 size-full\" src=\"https:\/\/www.thebestsocial.media\/nl\/wp-content\/uploads\/sites\/2\/2026\/04\/Scherm\u00adafbeelding-2026-04-28-om-10.15.07.png\" alt=\"\" width=\"1738\" height=\"540\" srcset=\"https:\/\/www.thebestsocial.media\/nl\/wp-content\/uploads\/sites\/2\/2026\/04\/Scherm\u00adafbeelding-2026-04-28-om-10.15.07.png 1738w, https:\/\/www.thebestsocial.media\/nl\/wp-content\/uploads\/sites\/2\/2026\/04\/Scherm\u00adafbeelding-2026-04-28-om-10.15.07-300x93.png 300w, https:\/\/www.thebestsocial.media\/nl\/wp-content\/uploads\/sites\/2\/2026\/04\/Scherm\u00adafbeelding-2026-04-28-om-10.15.07-1024x318.png 1024w, https:\/\/www.thebestsocial.media\/nl\/wp-content\/uploads\/sites\/2\/2026\/04\/Scherm\u00adafbeelding-2026-04-28-om-10.15.07-768x239.png 768w, https:\/\/www.thebestsocial.media\/nl\/wp-content\/uploads\/sites\/2\/2026\/04\/Scherm\u00adafbeelding-2026-04-28-om-10.15.07-1536x477.png 1536w\" sizes=\"auto, (max-width: 1738px) 100vw, 1738px\" \/><\/p>\n<p>&nbsp;<\/p>\n<h3>6. Dan blijkt die tien kilo extra bagage die je last minute hebt bijgeboekt ineens toch geen heel goed idee.<\/h3>\n<p><img loading=\"lazy\" decoding=\"async\" class=\"alignnone wp-image-415342 size-full\" src=\"https:\/\/www.thebestsocial.media\/nl\/wp-content\/uploads\/sites\/2\/2026\/04\/Scherm\u00adafbeelding-2026-04-28-om-10.15.16.png\" alt=\"\" width=\"1362\" height=\"354\" srcset=\"https:\/\/www.thebestsocial.media\/nl\/wp-content\/uploads\/sites\/2\/2026\/04\/Scherm\u00adafbeelding-2026-04-28-om-10.15.16.png 1362w, https:\/\/www.thebestsocial.media\/nl\/wp-content\/uploads\/sites\/2\/2026\/04\/Scherm\u00adafbeelding-2026-04-28-om-10.15.16-300x78.png 300w, https:\/\/www.thebestsocial.media\/nl\/wp-content\/uploads\/sites\/2\/2026\/04\/Scherm\u00adafbeelding-2026-04-28-om-10.15.16-1024x266.png 1024w, https:\/\/www.thebestsocial.media\/nl\/wp-content\/uploads\/sites\/2\/2026\/04\/Scherm\u00adafbeelding-2026-04-28-om-10.15.16-768x200.png 768w\" sizes=\"auto, (max-width: 1362px) 100vw, 1362px\" \/><\/p>\n<p>&nbsp;<\/p>\n<p><strong>Heeft jouw bedrijf social content gemaakt die best effe in de spotlights mag staan? Stuur een mailtje naar <a href=\"mailto:collabs@thebest.social\">collabs@thebest.social,<\/a> en wie weet schittert jouw merk binnenkort op onze kanalen!<\/strong><\/p>\n<blockquote class=\"instagram-media\" style=\"background: #FFF; border: 0; border-radius: 3px; box-shadow: 0 0 1px 0 rgba(0,0,0,0.5),0 1px 10px 0 rgba(0,0,0,0.15); margin: 1px; max-width: 540px; min-width: 326px; padding: 0; width: calc(100% - 2px);\" data-instgrm-captioned=\"\" data-instgrm-permalink=\"https:\/\/www.instagram.com\/p\/DKeWYwtIv5D\/?utm_source=ig_embed&amp;utm_campaign=loading\" data-instgrm-version=\"14\">\n<div style=\"padding: 16px;\">\n<p>&nbsp;<\/p>\n<div style=\"display: flex; flex-direction: row; align-items: center;\">\n<div style=\"background-color: #f4f4f4; border-radius: 50%; flex-grow: 0; height: 40px; margin-right: 14px; width: 40px;\"><\/div>\n<div style=\"display: flex; flex-direction: column; flex-grow: 1; justify-content: center;\">\n<div style=\"background-color: #f4f4f4; border-radius: 4px; flex-grow: 0; height: 14px; margin-bottom: 6px; width: 100px;\"><\/div>\n<div style=\"background-color: #f4f4f4; border-radius: 4px; flex-grow: 0; height: 14px; width: 60px;\"><\/div>\n<\/div>\n<\/div>\n<div style=\"padding: 19% 0;\"><\/div>\n<div style=\"display: block; height: 50px; margin: 0 auto 12px; width: 50px;\"><\/div>\n<div style=\"padding-top: 8px;\">\n<div style=\"color: #3897f0; font-family: Arial,sans-serif; font-size: 14px; font-style: normal; font-weight: 550; line-height: 18px;\">Dit bericht op Instagram bekijken<\/div>\n<\/div>\n<div style=\"padding: 12.5% 0;\"><\/div>\n<div style=\"display: flex; flex-direction: row; margin-bottom: 14px; align-items: center;\">\n<div>\n<div style=\"background-color: #f4f4f4; border-radius: 50%; height: 12.5px; width: 12.5px; transform: translateX(0px) translateY(7px);\"><\/div>\n<div style=\"background-color: #f4f4f4; height: 12.5px; transform: rotate(-45deg) translateX(3px) translateY(1px); width: 12.5px; flex-grow: 0; margin-right: 14px; margin-left: 2px;\"><\/div>\n<div style=\"background-color: #f4f4f4; border-radius: 50%; height: 12.5px; width: 12.5px; transform: translateX(9px) translateY(-18px);\"><\/div>\n<\/div>\n<div style=\"margin-left: 8px;\">\n<div style=\"background-color: #f4f4f4; border-radius: 50%; flex-grow: 0; height: 20px; width: 20px;\"><\/div>\n<div style=\"width: 0; height: 0; border-top: 2px solid transparent; border-left: 6px solid #f4f4f4; border-bottom: 2px solid transparent; transform: translateX(16px) translateY(-4px) rotate(30deg);\"><\/div>\n<\/div>\n<div style=\"margin-left: auto;\">\n<div style=\"width: 0px; border-top: 8px solid #F4F4F4; border-right: 8px solid transparent; transform: translateY(16px);\"><\/div>\n<div style=\"background-color: #f4f4f4; flex-grow: 0; height: 12px; width: 16px; transform: translateY(-4px);\"><\/div>\n<div style=\"width: 0; height: 0; border-top: 8px solid #F4F4F4; border-left: 8px solid transparent; transform: translateY(-4px) translateX(8px);\"><\/div>\n<\/div>\n<\/div>\n<div style=\"display: flex; flex-direction: column; flex-grow: 1; justify-content: center; margin-bottom: 24px;\">\n<div style=\"background-color: #f4f4f4; border-radius: 4px; flex-grow: 0; height: 14px; margin-bottom: 6px; width: 224px;\"><\/div>\n<div style=\"background-color: #f4f4f4; border-radius: 4px; flex-grow: 0; height: 14px; width: 144px;\"><\/div>\n<\/div>\n<p>&nbsp;<\/p>\n<p style=\"color: #c9c8cd; font-family: Arial,sans-serif; font-size: 14px; line-height: 17px; margin-bottom: 0; margin-top: 8px; overflow: hidden; padding: 8px 0 7px; text-align: center; text-overflow: ellipsis; white-space: nowrap;\"><a style=\"color: #c9c8cd; font-family: Arial,sans-serif; font-size: 14px; font-style: normal; font-weight: normal; line-height: 17px; text-decoration: none;\" href=\"https:\/\/www.instagram.com\/p\/DKeWYwtIv5D\/?utm_source=ig_embed&amp;utm_campaign=loading\" target=\"_blank\" rel=\"noopener\">Een bericht gedeeld door The Best Social Media &#8211; NL (@thebestsocialmedianl)<\/a><\/p>\n<\/div>\n<\/blockquote>\n\n<script async defer src=\"\/instagram-embed.js\"><\/script>","protected":false},"excerpt":{"rendered":"<p>Het is weer die tijd van het jaar waarin Nederland overspoeld wordt door toeristen. Vooral Amsterdam bruist in deze periode als nooit tevoren. Rond Koningsdag&#8230;<\/p>\n","protected":false},"author":129,"featured_media":415363,"comment_status":"open","ping_status":"open","sticky":false,"template":"","format":"standard","meta":{"_acf_changed":false,"footnotes":""},"categories":[16,17],"tags":[606,1093,5699],"class_list":["post-415336","post","type-post","status-publish","format-standard","has-post-thumbnail","hentry","category-blogs","category-nieuws","tag-amsterdam","tag-koningsdag","tag-toeristen"],"acf":[],"yoast_head":"<!-- This site is optimized with the Yoast SEO plugin v27.4 - https:\/\/yoast.com\/product\/yoast-seo-wordpress\/ -->\n<title>Beelden van toeristen die Amsterdam op Koningsdag willen verlaten roepen medelijden op<\/title>\n<meta name=\"description\" content=\"Sommige toeristen kwamen er op de dag van vertrek achter dat ze met hun koffers midden in het grootste feest van het jaar vast zaten.\" \/>\n<meta name=\"robots\" content=\"index, follow, max-snippet:-1, max-image-preview:large, max-video-preview:-1\" \/>\n<link rel=\"canonical\" href=\"https:\/\/www.thebestsocial.media\/nl\/toeristen-amsterdam-koffers-verlaten-koningsdag\/\" \/>\n<meta property=\"og:locale\" content=\"nl_NL\" \/>\n<meta property=\"og:type\" content=\"article\" \/>\n<meta property=\"og:title\" content=\"Beelden van toeristen die Amsterdam op Koningsdag willen verlaten roepen medelijden op\" \/>\n<meta property=\"og:description\" content=\"Sommige toeristen kwamen er op de dag van vertrek achter dat ze met hun koffers midden in het grootste feest van het jaar vast zaten.\" \/>\n<meta property=\"og:url\" content=\"https:\/\/www.thebestsocial.media\/nl\/toeristen-amsterdam-koffers-verlaten-koningsdag\/\" \/>\n<meta property=\"og:site_name\" content=\"The Best Social Media NL\" \/>\n<meta property=\"article:published_time\" content=\"2026-04-28T10:08:04+00:00\" \/>\n<meta property=\"og:image\" content=\"https:\/\/www.thebestsocial.media\/nl\/wp-content\/uploads\/sites\/2\/2026\/04\/Header-koffers.png\" \/>\n\t<meta property=\"og:image:width\" content=\"1200\" \/>\n\t<meta property=\"og:image:height\" content=\"630\" \/>\n\t<meta property=\"og:image:type\" content=\"image\/png\" \/>\n<meta name=\"author\" content=\"junevs\" \/>\n<meta name=\"twitter:card\" content=\"summary_large_image\" \/>\n<meta name=\"twitter:label1\" content=\"Geschreven door\" \/>\n\t<meta name=\"twitter:data1\" content=\"junevs\" \/>\n\t<meta name=\"twitter:label2\" content=\"Geschatte leestijd\" \/>\n\t<meta name=\"twitter:data2\" content=\"3 minuten\" \/>\n<script type=\"application\/ld+json\" class=\"yoast-schema-graph\">{\"@context\":\"https:\\\/\\\/schema.org\",\"@graph\":[{\"@type\":\"Article\",\"@id\":\"https:\\\/\\\/www.thebestsocial.media\\\/nl\\\/toeristen-amsterdam-koffers-verlaten-koningsdag\\\/#article\",\"isPartOf\":{\"@id\":\"https:\\\/\\\/www.thebestsocial.media\\\/nl\\\/toeristen-amsterdam-koffers-verlaten-koningsdag\\\/\"},\"author\":{\"name\":\"junevs\",\"@id\":\"https:\\\/\\\/www.thebestsocial.media\\\/nl\\\/#\\\/schema\\\/person\\\/f8f992b43abac01f856007874139af36\"},\"headline\":\"Beelden van toeristen die Amsterdam op Koningsdag willen verlaten roepen medelijden op\",\"datePublished\":\"2026-04-28T10:08:04+00:00\",\"mainEntityOfPage\":{\"@id\":\"https:\\\/\\\/www.thebestsocial.media\\\/nl\\\/toeristen-amsterdam-koffers-verlaten-koningsdag\\\/\"},\"wordCount\":250,\"commentCount\":0,\"image\":{\"@id\":\"https:\\\/\\\/www.thebestsocial.media\\\/nl\\\/toeristen-amsterdam-koffers-verlaten-koningsdag\\\/#primaryimage\"},\"thumbnailUrl\":\"https:\\\/\\\/www.thebestsocial.media\\\/nl\\\/wp-content\\\/uploads\\\/sites\\\/2\\\/2026\\\/04\\\/Uitgelichte-afbeelding-koffers.png\",\"keywords\":[\"amsterdam\",\"koningsdag\",\"Toeristen\"],\"articleSection\":[\"Blogs\",\"Nieuws\"],\"inLanguage\":\"nl-NL\",\"potentialAction\":[{\"@type\":\"CommentAction\",\"name\":\"Comment\",\"target\":[\"https:\\\/\\\/www.thebestsocial.media\\\/nl\\\/toeristen-amsterdam-koffers-verlaten-koningsdag\\\/#respond\"]}]},{\"@type\":\"WebPage\",\"@id\":\"https:\\\/\\\/www.thebestsocial.media\\\/nl\\\/toeristen-amsterdam-koffers-verlaten-koningsdag\\\/\",\"url\":\"https:\\\/\\\/www.thebestsocial.media\\\/nl\\\/toeristen-amsterdam-koffers-verlaten-koningsdag\\\/\",\"name\":\"Beelden van toeristen die Amsterdam op Koningsdag willen verlaten roepen medelijden op\",\"isPartOf\":{\"@id\":\"https:\\\/\\\/www.thebestsocial.media\\\/nl\\\/#website\"},\"primaryImageOfPage\":{\"@id\":\"https:\\\/\\\/www.thebestsocial.media\\\/nl\\\/toeristen-amsterdam-koffers-verlaten-koningsdag\\\/#primaryimage\"},\"image\":{\"@id\":\"https:\\\/\\\/www.thebestsocial.media\\\/nl\\\/toeristen-amsterdam-koffers-verlaten-koningsdag\\\/#primaryimage\"},\"thumbnailUrl\":\"https:\\\/\\\/www.thebestsocial.media\\\/nl\\\/wp-content\\\/uploads\\\/sites\\\/2\\\/2026\\\/04\\\/Uitgelichte-afbeelding-koffers.png\",\"datePublished\":\"2026-04-28T10:08:04+00:00\",\"author\":{\"@id\":\"https:\\\/\\\/www.thebestsocial.media\\\/nl\\\/#\\\/schema\\\/person\\\/f8f992b43abac01f856007874139af36\"},\"description\":\"Sommige toeristen kwamen er op de dag van vertrek achter dat ze met hun koffers midden in het grootste feest van het jaar vast zaten.\",\"breadcrumb\":{\"@id\":\"https:\\\/\\\/www.thebestsocial.media\\\/nl\\\/toeristen-amsterdam-koffers-verlaten-koningsdag\\\/#breadcrumb\"},\"inLanguage\":\"nl-NL\",\"potentialAction\":[{\"@type\":\"ReadAction\",\"target\":[\"https:\\\/\\\/www.thebestsocial.media\\\/nl\\\/toeristen-amsterdam-koffers-verlaten-koningsdag\\\/\"]}]},{\"@type\":\"ImageObject\",\"inLanguage\":\"nl-NL\",\"@id\":\"https:\\\/\\\/www.thebestsocial.media\\\/nl\\\/toeristen-amsterdam-koffers-verlaten-koningsdag\\\/#primaryimage\",\"url\":\"https:\\\/\\\/www.thebestsocial.media\\\/nl\\\/wp-content\\\/uploads\\\/sites\\\/2\\\/2026\\\/04\\\/Uitgelichte-afbeelding-koffers.png\",\"contentUrl\":\"https:\\\/\\\/www.thebestsocial.media\\\/nl\\\/wp-content\\\/uploads\\\/sites\\\/2\\\/2026\\\/04\\\/Uitgelichte-afbeelding-koffers.png\",\"width\":1200,\"height\":630},{\"@type\":\"BreadcrumbList\",\"@id\":\"https:\\\/\\\/www.thebestsocial.media\\\/nl\\\/toeristen-amsterdam-koffers-verlaten-koningsdag\\\/#breadcrumb\",\"itemListElement\":[{\"@type\":\"ListItem\",\"position\":1,\"name\":\"Home\",\"item\":\"https:\\\/\\\/www.thebestsocial.media\\\/nl\\\/\"},{\"@type\":\"ListItem\",\"position\":2,\"name\":\"Beelden van toeristen die Amsterdam op Koningsdag willen verlaten roepen medelijden op\"}]},{\"@type\":\"WebSite\",\"@id\":\"https:\\\/\\\/www.thebestsocial.media\\\/nl\\\/#website\",\"url\":\"https:\\\/\\\/www.thebestsocial.media\\\/nl\\\/\",\"name\":\"The Best Social Media NL\",\"description\":\"Zoeklicht in de Digital Chaos\",\"potentialAction\":[{\"@type\":\"SearchAction\",\"target\":{\"@type\":\"EntryPoint\",\"urlTemplate\":\"https:\\\/\\\/www.thebestsocial.media\\\/nl\\\/?s={search_term_string}\"},\"query-input\":{\"@type\":\"PropertyValueSpecification\",\"valueRequired\":true,\"valueName\":\"search_term_string\"}}],\"inLanguage\":\"nl-NL\"},{\"@type\":\"Person\",\"@id\":\"https:\\\/\\\/www.thebestsocial.media\\\/nl\\\/#\\\/schema\\\/person\\\/f8f992b43abac01f856007874139af36\",\"name\":\"junevs\",\"image\":{\"@type\":\"ImageObject\",\"inLanguage\":\"nl-NL\",\"@id\":\"https:\\\/\\\/secure.gravatar.com\\\/avatar\\\/2df472c9e5ae8f16a36170a3ca9c16cda76439c5a7da4e4836dc83df8df547e3?s=96&d=mm&r=g\",\"url\":\"https:\\\/\\\/secure.gravatar.com\\\/avatar\\\/2df472c9e5ae8f16a36170a3ca9c16cda76439c5a7da4e4836dc83df8df547e3?s=96&d=mm&r=g\",\"contentUrl\":\"https:\\\/\\\/secure.gravatar.com\\\/avatar\\\/2df472c9e5ae8f16a36170a3ca9c16cda76439c5a7da4e4836dc83df8df547e3?s=96&d=mm&r=g\",\"caption\":\"junevs\"},\"url\":\"https:\\\/\\\/www.thebestsocial.media\\\/nl\\\/author\\\/junevs\\\/\"}]}<\/script>\n<!-- \/ Yoast SEO plugin. -->","yoast_head_json":{"title":"Beelden van toeristen die Amsterdam op Koningsdag willen verlaten roepen medelijden op","description":"Sommige toeristen kwamen er op de dag van vertrek achter dat ze met hun koffers midden in het grootste feest van het jaar vast zaten.","robots":{"index":"index","follow":"follow","max-snippet":"max-snippet:-1","max-image-preview":"max-image-preview:large","max-video-preview":"max-video-preview:-1"},"canonical":"https:\/\/www.thebestsocial.media\/nl\/toeristen-amsterdam-koffers-verlaten-koningsdag\/","og_locale":"nl_NL","og_type":"article","og_title":"Beelden van toeristen die Amsterdam op Koningsdag willen verlaten roepen medelijden op","og_description":"Sommige toeristen kwamen er op de dag van vertrek achter dat ze met hun koffers midden in het grootste feest van het jaar vast zaten.","og_url":"https:\/\/www.thebestsocial.media\/nl\/toeristen-amsterdam-koffers-verlaten-koningsdag\/","og_site_name":"The Best Social Media NL","article_published_time":"2026-04-28T10:08:04+00:00","og_image":[{"width":1200,"height":630,"url":"https:\/\/www.thebestsocial.media\/nl\/wp-content\/uploads\/sites\/2\/2026\/04\/Header-koffers.png","type":"image\/png"}],"author":"junevs","twitter_card":"summary_large_image","twitter_misc":{"Geschreven door":"junevs","Geschatte leestijd":"3 minuten"},"schema":{"@context":"https:\/\/schema.org","@graph":[{"@type":"Article","@id":"https:\/\/www.thebestsocial.media\/nl\/toeristen-amsterdam-koffers-verlaten-koningsdag\/#article","isPartOf":{"@id":"https:\/\/www.thebestsocial.media\/nl\/toeristen-amsterdam-koffers-verlaten-koningsdag\/"},"author":{"name":"junevs","@id":"https:\/\/www.thebestsocial.media\/nl\/#\/schema\/person\/f8f992b43abac01f856007874139af36"},"headline":"Beelden van toeristen die Amsterdam op Koningsdag willen verlaten roepen medelijden op","datePublished":"2026-04-28T10:08:04+00:00","mainEntityOfPage":{"@id":"https:\/\/www.thebestsocial.media\/nl\/toeristen-amsterdam-koffers-verlaten-koningsdag\/"},"wordCount":250,"commentCount":0,"image":{"@id":"https:\/\/www.thebestsocial.media\/nl\/toeristen-amsterdam-koffers-verlaten-koningsdag\/#primaryimage"},"thumbnailUrl":"https:\/\/www.thebestsocial.media\/nl\/wp-content\/uploads\/sites\/2\/2026\/04\/Uitgelichte-afbeelding-koffers.png","keywords":["amsterdam","koningsdag","Toeristen"],"articleSection":["Blogs","Nieuws"],"inLanguage":"nl-NL","potentialAction":[{"@type":"CommentAction","name":"Comment","target":["https:\/\/www.thebestsocial.media\/nl\/toeristen-amsterdam-koffers-verlaten-koningsdag\/#respond"]}]},{"@type":"WebPage","@id":"https:\/\/www.thebestsocial.media\/nl\/toeristen-amsterdam-koffers-verlaten-koningsdag\/","url":"https:\/\/www.thebestsocial.media\/nl\/toeristen-amsterdam-koffers-verlaten-koningsdag\/","name":"Beelden van toeristen die Amsterdam op Koningsdag willen verlaten roepen medelijden op","isPartOf":{"@id":"https:\/\/www.thebestsocial.media\/nl\/#website"},"primaryImageOfPage":{"@id":"https:\/\/www.thebestsocial.media\/nl\/toeristen-amsterdam-koffers-verlaten-koningsdag\/#primaryimage"},"image":{"@id":"https:\/\/www.thebestsocial.media\/nl\/toeristen-amsterdam-koffers-verlaten-koningsdag\/#primaryimage"},"thumbnailUrl":"https:\/\/www.thebestsocial.media\/nl\/wp-content\/uploads\/sites\/2\/2026\/04\/Uitgelichte-afbeelding-koffers.png","datePublished":"2026-04-28T10:08:04+00:00","author":{"@id":"https:\/\/www.thebestsocial.media\/nl\/#\/schema\/person\/f8f992b43abac01f856007874139af36"},"description":"Sommige toeristen kwamen er op de dag van vertrek achter dat ze met hun koffers midden in het grootste feest van het jaar vast zaten.","breadcrumb":{"@id":"https:\/\/www.thebestsocial.media\/nl\/toeristen-amsterdam-koffers-verlaten-koningsdag\/#breadcrumb"},"inLanguage":"nl-NL","potentialAction":[{"@type":"ReadAction","target":["https:\/\/www.thebestsocial.media\/nl\/toeristen-amsterdam-koffers-verlaten-koningsdag\/"]}]},{"@type":"ImageObject","inLanguage":"nl-NL","@id":"https:\/\/www.thebestsocial.media\/nl\/toeristen-amsterdam-koffers-verlaten-koningsdag\/#primaryimage","url":"https:\/\/www.thebestsocial.media\/nl\/wp-content\/uploads\/sites\/2\/2026\/04\/Uitgelichte-afbeelding-koffers.png","contentUrl":"https:\/\/www.thebestsocial.media\/nl\/wp-content\/uploads\/sites\/2\/2026\/04\/Uitgelichte-afbeelding-koffers.png","width":1200,"height":630},{"@type":"BreadcrumbList","@id":"https:\/\/www.thebestsocial.media\/nl\/toeristen-amsterdam-koffers-verlaten-koningsdag\/#breadcrumb","itemListElement":[{"@type":"ListItem","position":1,"name":"Home","item":"https:\/\/www.thebestsocial.media\/nl\/"},{"@type":"ListItem","position":2,"name":"Beelden van toeristen die Amsterdam op Koningsdag willen verlaten roepen medelijden op"}]},{"@type":"WebSite","@id":"https:\/\/www.thebestsocial.media\/nl\/#website","url":"https:\/\/www.thebestsocial.media\/nl\/","name":"The Best Social Media NL","description":"Zoeklicht in de Digital Chaos","potentialAction":[{"@type":"SearchAction","target":{"@type":"EntryPoint","urlTemplate":"https:\/\/www.thebestsocial.media\/nl\/?s={search_term_string}"},"query-input":{"@type":"PropertyValueSpecification","valueRequired":true,"valueName":"search_term_string"}}],"inLanguage":"nl-NL"},{"@type":"Person","@id":"https:\/\/www.thebestsocial.media\/nl\/#\/schema\/person\/f8f992b43abac01f856007874139af36","name":"junevs","image":{"@type":"ImageObject","inLanguage":"nl-NL","@id":"https:\/\/secure.gravatar.com\/avatar\/2df472c9e5ae8f16a36170a3ca9c16cda76439c5a7da4e4836dc83df8df547e3?s=96&d=mm&r=g","url":"https:\/\/secure.gravatar.com\/avatar\/2df472c9e5ae8f16a36170a3ca9c16cda76439c5a7da4e4836dc83df8df547e3?s=96&d=mm&r=g","contentUrl":"https:\/\/secure.gravatar.com\/avatar\/2df472c9e5ae8f16a36170a3ca9c16cda76439c5a7da4e4836dc83df8df547e3?s=96&d=mm&r=g","caption":"junevs"},"url":"https:\/\/www.thebestsocial.media\/nl\/author\/junevs\/"}]}},"amp_enabled":true,"_links":{"self":[{"href":"https:\/\/www.thebestsocial.media\/nl\/wp-json\/wp\/v2\/posts\/415336","targetHints":{"allow":["GET"]}}],"collection":[{"href":"https:\/\/www.thebestsocial.media\/nl\/wp-json\/wp\/v2\/posts"}],"about":[{"href":"https:\/\/www.thebestsocial.media\/nl\/wp-json\/wp\/v2\/types\/post"}],"author":[{"embeddable":true,"href":"https:\/\/www.thebestsocial.media\/nl\/wp-json\/wp\/v2\/users\/129"}],"replies":[{"embeddable":true,"href":"https:\/\/www.thebestsocial.media\/nl\/wp-json\/wp\/v2\/comments?post=415336"}],"version-history":[{"count":4,"href":"https:\/\/www.thebestsocial.media\/nl\/wp-json\/wp\/v2\/posts\/415336\/revisions"}],"predecessor-version":[{"id":415413,"href":"https:\/\/www.thebestsocial.media\/nl\/wp-json\/wp\/v2\/posts\/415336\/revisions\/415413"}],"wp:featuredmedia":[{"embeddable":true,"href":"https:\/\/www.thebestsocial.media\/nl\/wp-json\/wp\/v2\/media\/415363"}],"wp:attachment":[{"href":"https:\/\/www.thebestsocial.media\/nl\/wp-json\/wp\/v2\/media?parent=415336"}],"wp:term":[{"taxonomy":"category","embeddable":true,"href":"https:\/\/www.thebestsocial.media\/nl\/wp-json\/wp\/v2\/categories?post=415336"},{"taxonomy":"post_tag","embeddable":true,"href":"https:\/\/www.thebestsocial.media\/nl\/wp-json\/wp\/v2\/tags?post=415336"}],"curies":[{"name":"wp","href":"https:\/\/api.w.org\/{rel}","templated":true}]}}