{"id":403330,"date":"2026-01-28T08:32:41","date_gmt":"2026-01-28T07:32:41","guid":{"rendered":"https:\/\/www.thebestsocial.media\/nl\/?p=403330"},"modified":"2026-01-28T08:32:41","modified_gmt":"2026-01-28T07:32:41","slug":"business-bedrijven-genomineerd-the-best-social-awards","status":"publish","type":"post","link":"https:\/\/www.thebestsocial.media\/nl\/business-bedrijven-genomineerd-the-best-social-awards\/","title":{"rendered":"Let&#8217;s get down to business: d\u00e9ze bedrijven zijn genomineerd voor The Best Social Awards"},"content":{"rendered":"<p>Tromgeroffel graag, want het moment is daar: de genomineerde bedrijven voor The Best Social Awards zijn bekend. Grote namen als HEMA, WWF en McDonald&#8217;s staan meerdere keren op de lijst en mogen alvast voorzichtig warmdraaien. Alle cases zijn zorgvuldig beoordeeld door onze <a href=\"https:\/\/www.thebestsocial.media\/nl\/juryleden-cases-inzending-2\/\" target=\"_blank\" rel=\"noopener\">vakjury<\/a>, en dat zorgt voor een mooie lijst met genomineerden. Wie er uiteindelijk met de prijzen vandoor gaan? Dat wordt op donderdag 5 maart groots onthuld tijdens de awardshow in Theater Amsterdam.<\/p>\n<p>&nbsp;<\/p>\n<h3>1. Hier zijn ze dan: de genomineerden voor de twaalfde editie van The Best Social Awards.<\/h3>\n<blockquote class=\"instagram-media\" style=\"background: #FFF; border: 0; border-radius: 3px; box-shadow: 0 0 1px 0 rgba(0,0,0,0.5),0 1px 10px 0 rgba(0,0,0,0.15); margin: 1px; max-width: 540px; min-width: 326px; padding: 0; width: calc(100% - 2px);\" data-instgrm-captioned=\"\" data-instgrm-permalink=\"https:\/\/www.instagram.com\/reel\/DUC6lbNiNA_\/?utm_source=ig_embed&amp;utm_campaign=loading\" data-instgrm-version=\"14\">\n<div style=\"padding: 16px;\">\n<p>&nbsp;<\/p>\n<div style=\"display: flex; flex-direction: row; align-items: center;\">\n<div style=\"background-color: #f4f4f4; border-radius: 50%; flex-grow: 0; height: 40px; margin-right: 14px; width: 40px;\"><\/div>\n<div style=\"display: flex; flex-direction: column; flex-grow: 1; justify-content: center;\">\n<div style=\"background-color: #f4f4f4; border-radius: 4px; flex-grow: 0; height: 14px; margin-bottom: 6px; width: 100px;\"><\/div>\n<div style=\"background-color: #f4f4f4; border-radius: 4px; flex-grow: 0; height: 14px; width: 60px;\"><\/div>\n<\/div>\n<\/div>\n<div style=\"padding: 19% 0;\"><\/div>\n<div style=\"display: block; height: 50px; margin: 0 auto 12px; width: 50px;\"><\/div>\n<div style=\"padding-top: 8px;\">\n<div style=\"color: #3897f0; font-family: Arial,sans-serif; font-size: 14px; font-style: normal; font-weight: 550; line-height: 18px;\">View this post on Instagram<\/div>\n<\/div>\n<div style=\"padding: 12.5% 0;\"><\/div>\n<div style=\"display: flex; flex-direction: row; margin-bottom: 14px; align-items: center;\">\n<div>\n<div style=\"background-color: #f4f4f4; border-radius: 50%; height: 12.5px; width: 12.5px; transform: translateX(0px) translateY(7px);\"><\/div>\n<div style=\"background-color: #f4f4f4; height: 12.5px; transform: rotate(-45deg) translateX(3px) translateY(1px); width: 12.5px; flex-grow: 0; margin-right: 14px; margin-left: 2px;\"><\/div>\n<div style=\"background-color: #f4f4f4; border-radius: 50%; height: 12.5px; width: 12.5px; transform: translateX(9px) translateY(-18px);\"><\/div>\n<\/div>\n<div style=\"margin-left: 8px;\">\n<div style=\"background-color: #f4f4f4; border-radius: 50%; flex-grow: 0; height: 20px; width: 20px;\"><\/div>\n<div style=\"width: 0; height: 0; border-top: 2px solid transparent; border-left: 6px solid #f4f4f4; border-bottom: 2px solid transparent; transform: translateX(16px) translateY(-4px) rotate(30deg);\"><\/div>\n<\/div>\n<div style=\"margin-left: auto;\">\n<div style=\"width: 0px; border-top: 8px solid #F4F4F4; border-right: 8px solid transparent; transform: translateY(16px);\"><\/div>\n<div style=\"background-color: #f4f4f4; flex-grow: 0; height: 12px; width: 16px; transform: translateY(-4px);\"><\/div>\n<div style=\"width: 0; height: 0; border-top: 8px solid #F4F4F4; border-left: 8px solid transparent; transform: translateY(-4px) translateX(8px);\"><\/div>\n<\/div>\n<\/div>\n<div style=\"display: flex; flex-direction: column; flex-grow: 1; justify-content: center; margin-bottom: 24px;\">\n<div style=\"background-color: #f4f4f4; border-radius: 4px; flex-grow: 0; height: 14px; margin-bottom: 6px; width: 224px;\"><\/div>\n<div style=\"background-color: #f4f4f4; border-radius: 4px; flex-grow: 0; height: 14px; width: 144px;\"><\/div>\n<\/div>\n<p>&nbsp;<\/p>\n<p style=\"color: #c9c8cd; font-family: Arial,sans-serif; font-size: 14px; line-height: 17px; margin-bottom: 0; margin-top: 8px; overflow: hidden; padding: 8px 0 7px; text-align: center; text-overflow: ellipsis; white-space: nowrap;\"><a style=\"color: #c9c8cd; font-family: Arial,sans-serif; font-size: 14px; font-style: normal; font-weight: normal; line-height: 17px; text-decoration: none;\" href=\"https:\/\/www.instagram.com\/reel\/DUC6lbNiNA_\/?utm_source=ig_embed&amp;utm_campaign=loading\" target=\"_blank\" rel=\"noopener\">A post shared by The Best Social Media &#8211; NL (@thebestsocialmedianl)<\/a><\/p>\n<\/div>\n<\/blockquote>\n\n<h3><\/h3>\n<h3>2. Wat valt er deze editie op?<b><\/b><\/h3>\n<p class=\"p1\">HEMA is deze editie de grootste kanshebber met maar liefst tien nominaties in verschillende categorie\u00ebn, waaronder Beste Merk, Beste Inhaker en Beste Campagne.<\/p>\n<p>Daaropvolgend heeft McDonald&#8217;s vijf nominaties binnen weten te slepen: het merk is genomineerd in de categorie Beste Campagne, Beste Inhaker, Beste Merk, Beste Merk op Instagram en Beste Merk op Snapchat. In die laatste gloednieuwe categorie, gesponsord door Snapchat, neemt de fastfoodketen het op tegen HEMA, Vodafone en het Ministerie van Defensie. Een heel leger aan snappy nominaties, dus. Ook bij bol, WWF, Allianz Direct, Samsung, Domino&#8217;s, en Path\u00e9 staat het bol van de nominaties in meerdere categorie\u00ebn.<\/p>\n<p>En tot slot: de agency met de meeste nominaties is&#8230; Truus! Tien van hun ingezonden cases maken kans op een award, met als paradepaardje misschien wel de categorie Beste Agency.<\/p>\n<p>&nbsp;<\/p>\n<h3>3. Alle genomineerden op een rijtje.<\/h3>\n<p>Dit zijn alle bedrijven, instanties en agencies die genomineerd zijn voor de elfde editie van The Best Social Awards.<\/p>\n<p>&nbsp;<\/p>\n<p><strong>Beste Agency<\/strong><\/p>\n<p>Truus<\/p>\n<p>DEPT\u00ae<\/p>\n<p>GoSpooky<\/p>\n<p>&nbsp;<\/p>\n<p><strong>Beste Campagne (Gesponsord door Channel Factory)<\/strong><\/p>\n<p>Somention x Allianz Direct \u2013 Stuntje The Movie<\/p>\n<p>TBWA\\NEBOKO x Albert Heijn \u2013 Dat klinkt als weekend!<\/p>\n<p>Truus x HEMA \u2013 Skibidi School<\/p>\n<p>ACE x McDonald&#8217;s: #Facebookrij<\/p>\n<p>Yune x Dela \u2013 Mourning Routines<\/p>\n<p>Truus x Netflix \u2013 Is this real? \u2013 Black Mirror<\/p>\n<p>Truus x Douwe Egberts \u2013 Douwe de Dealer<\/p>\n<p>&nbsp;<\/p>\n<p><strong>Beste Community Management<\/strong><\/p>\n<p>Truus x KFC <span style=\"font-weight: 400;\">\u2013 Like Like Like<\/span><\/p>\n<p>Home x Sense<\/p>\n<p>Truus x HEMA <span style=\"font-weight: 400;\">\u2013 Skibidi School <\/span><\/p>\n<p>WWF<\/p>\n<p>PostNL<\/p>\n<p>Home x Stoptober<\/p>\n<p>&nbsp;<\/p>\n<p><strong>Beste Copywriting<\/strong><\/p>\n<p>WWF<span style=\"font-weight: 400;\">\u00a0\u2013 Studentencorps vs. wolf<\/span><span class=\"Apple-converted-space\">\u00a0<\/span><\/p>\n<p>Videoland<span class=\"Apple-converted-space\"> <span style=\"font-weight: 400;\">\u2013 Een Stemwijzer in Videolandsbelang<\/span><\/span><\/p>\n<p><span style=\"font-weight: 400;\">Somention x Allianz Direct \u2013 Code geel<\/span><\/p>\n<p><span class=\"Apple-converted-space\"><span style=\"font-weight: 400;\">Jonge Rotten x Domino\u2019s Pizza \u2013 Domino\u2019s in Albu<\/span> <\/span><\/p>\n<p>DEPT\u00ae x Bol<span class=\"Apple-converted-space\"> <span style=\"font-weight: 400;\">\u2013 Eikel<\/span><\/span><\/p>\n<p>DEPT\u00ae x Bol<span class=\"Apple-converted-space\"> <span style=\"font-weight: 400;\">\u2013 Kameela<\/span><\/span><\/p>\n<p>&nbsp;<\/p>\n<p><strong>Beste Influencer Campagne<\/strong><\/p>\n<p>ON A DAILY BASIS x KNVB \u2013 Ik ga voetballen!<\/p>\n<p>DEPT<span style=\"font-weight: 400;\">\u00ae<\/span> x Viper \u2013 Sjaak Aanhaak<\/p>\n<p>ACE x Samsung \u2013 Bring back the queue<\/p>\n<p>Domino&#8217;s x Bankzitters \u2013 Honour The Craving<\/p>\n<p>TBWA\\NEBOKO x Albert Heijn \u2013 Dat klinkt als weekend!<\/p>\n<p><span style=\"font-weight: 400;\">Yune x Dela \u2013 Mourning Routines<\/span><\/p>\n<p>&nbsp;<\/p>\n<p><strong>Beste Inhaker<\/strong><\/p>\n<p><span style=\"font-weight: 400;\">For You Agency x Knorr \u2013 1 aprilgrap<\/span><\/p>\n<p>GoSpooky x HEMA <span style=\"font-weight: 400;\">\u2013 van SAIL tot SALE<\/span><\/p>\n<p>WWF <span style=\"font-weight: 400;\">\u2013 Winter Vol Liefde<\/span><\/p>\n<p>Truus x Jumbo <span style=\"font-weight: 400;\">\u2013\u00a0D\u00e1\u00e1\u00e1g, mein liebe liebe schnitzel!<\/span><\/p>\n<p>ACE x McDonald\u2019s <span style=\"font-weight: 400;\">\u2013 De McWedding Cake<\/span><\/p>\n<p>Path\u00e9 <span style=\"font-weight: 400;\">\u2013 1 april &#8211; Path\u00e9 Vertical Screen<\/span><\/p>\n<p>Martijn Konings x HEMA <span style=\"font-weight: 400;\">\u2013 Oranje vlekken<\/span><\/p>\n<p>&nbsp;<\/p>\n<p><strong>Beste Innovatie<\/strong><\/p>\n<p>Trojan Monkeys x TUI <span style=\"font-weight: 400;\">\u2013<\/span> Lena A.I. Explorer<\/p>\n<p><span style=\"font-weight: 400;\">GoSpooky x Samsung \u2013 Turning livestreams into the new storefront<\/span><\/p>\n<p><span style=\"font-weight: 400;\">Fitzroy x Doritos \u2013 The Nether Lands<\/span><\/p>\n<p><span style=\"font-weight: 400;\">GoSpooky x Etos \u2013 From scroll to shop: Etos\u2019 new era of live retail<\/span><\/p>\n<p><span style=\"font-weight: 400;\">OMD x Redken \u2013 ABC<\/span><\/p>\n<p><span style=\"font-weight: 400;\">Vibeday x ST\u00cbLZ \u2013 Stuur Je Smaak<\/span><\/p>\n<p>&nbsp;<\/p>\n<p><strong>Beste Merk<\/strong><\/p>\n<p>Bol (DEPT\u00ae)<\/p>\n<p>HEMA<\/p>\n<p>Schiphol<\/p>\n<p>McDonald&#8217;s (ACE)<\/p>\n<p>&nbsp;<\/p>\n<p><strong>Beste Merk op Instagram<\/strong><\/p>\n<p>Lidl Nederland (Bruut)<\/p>\n<p>Crips<\/p>\n<p><span style=\"font-weight: 400;\">bol (DEPT\u00ae)<\/span><\/p>\n<p>ST\u00cbLZ<\/p>\n<p>McDonald\u2019s (ACE)<\/p>\n<p>HEMA<\/p>\n<p>&nbsp;<\/p>\n<p><strong>Beste Merk op Snapchat (Gesponsord door Snapchat)<\/strong><\/p>\n<p><span style=\"font-weight: 400;\">HEMA (GoSpooky)<\/span><\/p>\n<p>Vodafone<\/p>\n<p><span style=\"font-weight: 400;\">McDonald\u2019s (OMD)<\/span><\/p>\n<p><span style=\"font-weight: 400;\">Ministerie van Defensie (Initiative)<\/span><\/p>\n<p>&nbsp;<\/p>\n<p><strong>Beste Merk op TikTok\u00a0<\/strong><\/p>\n<p>Bolletje (ACE)<\/p>\n<p>Lidl Nederland (AndAgencyAmsterdam)<\/p>\n<p>KFC (Truus)<\/p>\n<p>RTL Nieuws<\/p>\n<p>HEMA (GoSpooky)<\/p>\n<p>Samsung (GoSpooky)<\/p>\n<p>PostNL (SuperRebel Agency)<\/p>\n<p>&nbsp;<\/p>\n<p><strong>Beste Merk op YouTube (Gesponsord door YouTube)<\/strong><\/p>\n<p>Tempo-Team (Studio M)<\/p>\n<p>KPN (team5pm)<\/p>\n<p><span style=\"font-weight: 400;\">JD Sports x Chatmo<\/span><\/p>\n<p>Supergaande<\/p>\n<p>Top Notch<\/p>\n<p>&nbsp;<\/p>\n<p><strong>Beste Positive Impact<\/strong><\/p>\n<p>Oxfam Novib \u2013 Niet In Mijn Naam<\/p>\n<p>KRO-NCRV x Pointer \u2013 Creepshots<\/p>\n<p><span style=\"font-weight: 400;\">LINDA.meiden x LINDA. \u2013 Vrouwen Veilig<\/span><\/p>\n<p><span style=\"font-weight: 400;\">Fitzroy x Oma\u2019s Soep \u2013 Een Tafel Voor Twee Tegen Eenzaamheid<\/span><\/p>\n<p><span style=\"font-weight: 400;\">RTL\/Videoland \u2013 Verstandelijk Vrij op de Set van Bennie<\/span><\/p>\n<p><span style=\"font-weight: 400;\">VluchtelingenWerk \u2013 Samen in polonaise van positiviteit<\/span><\/p>\n<p>&nbsp;<\/p>\n<p><strong>Beste Talent (Gesponsord door SuperRebel)<\/strong><\/p>\n<p>Nadine de Haas (AIDEM Agency)<\/p>\n<p>Thomas Schotanus (GoSpooky)<\/p>\n<p>Quillian Blom (Truus)<\/p>\n<p>Seth Nolten (Truus)<\/p>\n<p>Koert Eijk (ACE)<\/p>\n<p>Yentl van Laere (Yune)<\/p>\n<p>&nbsp;<\/p>\n<p><strong>Beste Video<\/strong><\/p>\n<p>Yune x Xelvin \u2013 Mums of Xelvin<\/p>\n<p><span style=\"font-weight: 400;\">Truus x Netflix \u2013 Squid Game &#8211; liedje in het Nederlands<\/span><\/p>\n<p>Path\u00e9 \u2013 Wicked<\/p>\n<p><span style=\"font-weight: 400;\">KRO-NCRV \u2013 App me als je thuis bent &#8211; \u2018Hij vs. Zij\u2019<\/span><\/p>\n<p><span style=\"font-weight: 400;\">Yune x NS International \u2013 Boven Gemiddeld Station Zuid<\/span><\/p>\n<p>&nbsp;<\/p>\n<p><strong>Beste Videoserie<\/strong><\/p>\n<p>Somention x Allianz Direct \u2013 Roel Explains<\/p>\n<p>Truus x HEMA \u2013 Frans van Finance<\/p>\n<p>Path\u00e9 \u2013 Universum<\/p>\n<p>Truus x HEMA \u2013 De sterren van HEMA<\/p>\n<p>Truus x Jumbo \u2013 Kinderkarretje<\/p>\n<p>Livewall x 9292 \u2013 No Worries, We Got You<\/p>\n<p>&nbsp;<\/p>\n<h3 class=\"p1\">5. Stemmen voor de Audience-categorie\u00ebn van The Best Social Awards<\/h3>\n<p class=\"p1\">De winnaars in de <a href=\"https:\/\/www.thebestsocial.media\/nl\/creators-genomineerd-the-best-social-awards\/\" target=\"_blank\" rel=\"noopener\">Audience-categorie\u00ebn<\/a> worden bepaald op basis van jullie stemmen. Heb je nog niet gestemd op je favorieten via <a href=\"https:\/\/thebestsocialawards.nl\/stemmen\/top\/afronden\" target=\"_blank\" rel=\"noopener\"><span class=\"s1\">onze website<\/span><\/a>? Wacht niet te lang, want je hebt nog tot <b>4 februari 12:00 uur<\/b>.<\/p>\n<p>&nbsp;<\/p>\n<p><br style=\"font-weight: 400;\" \/><em><strong>Vind jij dat jouw favoriete creator het dubbel en dwars verdient om met een award op het podium van The Best Social Awards te staan? <\/strong><strong>Breng dan tot en met 4 februari 2026 je stem uit op de genomineerden via onze <a href=\"https:\/\/thebestsocialawards.nl\" target=\"_blank\" rel=\"noopener\">website<\/a>.<\/strong><\/em><\/p>\n<blockquote class=\"instagram-media\" style=\"background: #FFF; border: 0; border-radius: 3px; box-shadow: 0 0 1px 0 rgba(0,0,0,0.5),0 1px 10px 0 rgba(0,0,0,0.15); margin: 1px; max-width: 540px; min-width: 326px; padding: 0; width: calc(100% - 2px);\" data-instgrm-captioned=\"\" data-instgrm-permalink=\"https:\/\/www.instagram.com\/reel\/DTe5xKTiGvE\/?utm_source=ig_embed&amp;utm_campaign=loading\" data-instgrm-version=\"14\">\n<div style=\"padding: 16px;\">\n<p>&nbsp;<\/p>\n<div style=\"display: flex; flex-direction: row; align-items: center;\">\n<div style=\"background-color: #f4f4f4; border-radius: 50%; flex-grow: 0; height: 40px; margin-right: 14px; width: 40px;\"><\/div>\n<div style=\"display: flex; flex-direction: column; flex-grow: 1; justify-content: center;\">\n<div style=\"background-color: #f4f4f4; border-radius: 4px; flex-grow: 0; height: 14px; margin-bottom: 6px; width: 100px;\"><\/div>\n<div style=\"background-color: #f4f4f4; border-radius: 4px; flex-grow: 0; height: 14px; width: 60px;\"><\/div>\n<\/div>\n<\/div>\n<div style=\"padding: 19% 0;\"><\/div>\n<div style=\"display: block; height: 50px; margin: 0 auto 12px; width: 50px;\"><\/div>\n<div style=\"padding-top: 8px;\">\n<div style=\"color: #3897f0; font-family: Arial,sans-serif; font-size: 14px; font-style: normal; font-weight: 550; line-height: 18px;\">View this post on Instagram<\/div>\n<\/div>\n<div style=\"padding: 12.5% 0;\"><\/div>\n<div style=\"display: flex; flex-direction: row; margin-bottom: 14px; align-items: center;\">\n<div>\n<div style=\"background-color: #f4f4f4; border-radius: 50%; height: 12.5px; width: 12.5px; transform: translateX(0px) translateY(7px);\"><\/div>\n<div style=\"background-color: #f4f4f4; height: 12.5px; transform: rotate(-45deg) translateX(3px) translateY(1px); width: 12.5px; flex-grow: 0; margin-right: 14px; margin-left: 2px;\"><\/div>\n<div style=\"background-color: #f4f4f4; border-radius: 50%; height: 12.5px; width: 12.5px; transform: translateX(9px) translateY(-18px);\"><\/div>\n<\/div>\n<div style=\"margin-left: 8px;\">\n<div style=\"background-color: #f4f4f4; border-radius: 50%; flex-grow: 0; height: 20px; width: 20px;\"><\/div>\n<div style=\"width: 0; height: 0; border-top: 2px solid transparent; border-left: 6px solid #f4f4f4; border-bottom: 2px solid transparent; transform: translateX(16px) translateY(-4px) rotate(30deg);\"><\/div>\n<\/div>\n<div style=\"margin-left: auto;\">\n<div style=\"width: 0px; border-top: 8px solid #F4F4F4; border-right: 8px solid transparent; transform: translateY(16px);\"><\/div>\n<div style=\"background-color: #f4f4f4; flex-grow: 0; height: 12px; width: 16px; transform: translateY(-4px);\"><\/div>\n<div style=\"width: 0; height: 0; border-top: 8px solid #F4F4F4; border-left: 8px solid transparent; transform: translateY(-4px) translateX(8px);\"><\/div>\n<\/div>\n<\/div>\n<div style=\"display: flex; flex-direction: column; flex-grow: 1; justify-content: center; margin-bottom: 24px;\">\n<div style=\"background-color: #f4f4f4; border-radius: 4px; flex-grow: 0; height: 14px; margin-bottom: 6px; width: 224px;\"><\/div>\n<div style=\"background-color: #f4f4f4; border-radius: 4px; flex-grow: 0; height: 14px; width: 144px;\"><\/div>\n<\/div>\n<p>&nbsp;<\/p>\n<p style=\"color: #c9c8cd; font-family: Arial,sans-serif; font-size: 14px; line-height: 17px; margin-bottom: 0; margin-top: 8px; overflow: hidden; padding: 8px 0 7px; text-align: center; text-overflow: ellipsis; white-space: nowrap;\"><a style=\"color: #c9c8cd; font-family: Arial,sans-serif; font-size: 14px; font-style: normal; font-weight: normal; line-height: 17px; text-decoration: none;\" href=\"https:\/\/www.instagram.com\/reel\/DTe5xKTiGvE\/?utm_source=ig_embed&amp;utm_campaign=loading\" target=\"_blank\" rel=\"noopener\">A post shared by The Best Social Media &#8211; NL (@thebestsocialmedianl)<\/a><\/p>\n<\/div>\n<\/blockquote>\n\n<p>&nbsp;<\/p>\n<script async defer src=\"\/instagram-embed.js\"><\/script>","protected":false},"excerpt":{"rendered":"<p>Tromgeroffel graag, want het moment is daar: de genomineerde bedrijven voor The Best Social Awards zijn bekend. Grote namen als HEMA, WWF en McDonald&#8217;s staan&#8230;<\/p>\n","protected":false},"author":113,"featured_media":403760,"comment_status":"open","ping_status":"open","sticky":false,"template":"","format":"standard","meta":{"_acf_changed":false,"footnotes":""},"categories":[16,17],"tags":[2079,34,1385],"class_list":["post-403330","post","type-post","status-publish","format-standard","has-post-thumbnail","hentry","category-blogs","category-nieuws","tag-business","tag-genomineerden","tag-the-best-social-awards"],"acf":[],"yoast_head":"<!-- This site is optimized with the Yoast SEO plugin v27.5 - https:\/\/yoast.com\/product\/yoast-seo-wordpress\/ -->\n<title>D\u00e9ze bedrijven zijn genomineerd voor The Best Social Awards<\/title>\n<meta name=\"description\" content=\"Tromgeroffel graag, want het moment is daar: de genomineerde bedrijven voor The Best Social Awards zijn bekend.\" \/>\n<meta name=\"robots\" content=\"index, follow, max-snippet:-1, max-image-preview:large, max-video-preview:-1\" \/>\n<link rel=\"canonical\" href=\"https:\/\/www.thebestsocial.media\/nl\/business-bedrijven-genomineerd-the-best-social-awards\/\" \/>\n<meta property=\"og:locale\" content=\"nl_NL\" \/>\n<meta property=\"og:type\" content=\"article\" \/>\n<meta property=\"og:title\" content=\"Let&#039;s get down to business: d\u00e9ze bedrijven zijn genomineerd voor The Best Social Awards\" \/>\n<meta property=\"og:description\" content=\"Tromgeroffel graag, want het moment is daar: de genomineerde bedrijven voor The Best Social Awards zijn bekend.\" \/>\n<meta property=\"og:url\" content=\"https:\/\/www.thebestsocial.media\/nl\/business-bedrijven-genomineerd-the-best-social-awards\/\" \/>\n<meta property=\"og:site_name\" content=\"The Best Social Media NL\" \/>\n<meta property=\"article:published_time\" content=\"2026-01-28T07:32:41+00:00\" \/>\n<meta property=\"og:image\" content=\"https:\/\/www.thebestsocial.media\/nl\/wp-content\/uploads\/sites\/2\/2026\/01\/Business-nominees-header-1024x581.png\" \/>\n\t<meta property=\"og:image:width\" content=\"1024\" \/>\n\t<meta property=\"og:image:height\" content=\"581\" \/>\n\t<meta property=\"og:image:type\" content=\"image\/png\" \/>\n<meta name=\"author\" content=\"liannekleinjan\" \/>\n<meta name=\"twitter:card\" content=\"summary_large_image\" \/>\n<meta name=\"twitter:title\" content=\"Let&#039;s get down to business: d\u00e9ze bedrijven zijn genomineerd voor The Best Social Awards\" \/>\n<meta name=\"twitter:description\" content=\"Tromgeroffel graag, want het moment is daar: de genomineerde bedrijven voor The Best Social Awards zijn bekend.\" \/>\n<meta name=\"twitter:image\" content=\"https:\/\/www.thebestsocial.media\/nl\/wp-content\/uploads\/sites\/2\/2026\/01\/Business-nominees-header.png\" \/>\n<meta name=\"twitter:label1\" content=\"Geschreven door\" \/>\n\t<meta name=\"twitter:data1\" content=\"liannekleinjan\" \/>\n\t<meta name=\"twitter:label2\" content=\"Geschatte leestijd\" \/>\n\t<meta name=\"twitter:data2\" content=\"5 minuten\" \/>\n<script type=\"application\/ld+json\" class=\"yoast-schema-graph\">{\"@context\":\"https:\\\/\\\/schema.org\",\"@graph\":[{\"@type\":\"Article\",\"@id\":\"https:\\\/\\\/www.thebestsocial.media\\\/nl\\\/business-bedrijven-genomineerd-the-best-social-awards\\\/#article\",\"isPartOf\":{\"@id\":\"https:\\\/\\\/www.thebestsocial.media\\\/nl\\\/business-bedrijven-genomineerd-the-best-social-awards\\\/\"},\"author\":{\"name\":\"liannekleinjan\",\"@id\":\"https:\\\/\\\/www.thebestsocial.media\\\/nl\\\/#\\\/schema\\\/person\\\/9c2ae078b3fb8fbbe67dfeb1591773e5\"},\"headline\":\"Let&#8217;s get down to business: d\u00e9ze bedrijven zijn genomineerd voor The Best Social Awards\",\"datePublished\":\"2026-01-28T07:32:41+00:00\",\"mainEntityOfPage\":{\"@id\":\"https:\\\/\\\/www.thebestsocial.media\\\/nl\\\/business-bedrijven-genomineerd-the-best-social-awards\\\/\"},\"wordCount\":886,\"commentCount\":0,\"image\":{\"@id\":\"https:\\\/\\\/www.thebestsocial.media\\\/nl\\\/business-bedrijven-genomineerd-the-best-social-awards\\\/#primaryimage\"},\"thumbnailUrl\":\"https:\\\/\\\/www.thebestsocial.media\\\/nl\\\/wp-content\\\/uploads\\\/sites\\\/2\\\/2026\\\/01\\\/Business-nominees-header.png\",\"keywords\":[\"business\",\"genomineerden\",\"The Best Social Awards\"],\"articleSection\":[\"Blogs\",\"Nieuws\"],\"inLanguage\":\"nl-NL\",\"potentialAction\":[{\"@type\":\"CommentAction\",\"name\":\"Comment\",\"target\":[\"https:\\\/\\\/www.thebestsocial.media\\\/nl\\\/business-bedrijven-genomineerd-the-best-social-awards\\\/#respond\"]}]},{\"@type\":\"WebPage\",\"@id\":\"https:\\\/\\\/www.thebestsocial.media\\\/nl\\\/business-bedrijven-genomineerd-the-best-social-awards\\\/\",\"url\":\"https:\\\/\\\/www.thebestsocial.media\\\/nl\\\/business-bedrijven-genomineerd-the-best-social-awards\\\/\",\"name\":\"D\u00e9ze bedrijven zijn genomineerd voor The Best Social Awards\",\"isPartOf\":{\"@id\":\"https:\\\/\\\/www.thebestsocial.media\\\/nl\\\/#website\"},\"primaryImageOfPage\":{\"@id\":\"https:\\\/\\\/www.thebestsocial.media\\\/nl\\\/business-bedrijven-genomineerd-the-best-social-awards\\\/#primaryimage\"},\"image\":{\"@id\":\"https:\\\/\\\/www.thebestsocial.media\\\/nl\\\/business-bedrijven-genomineerd-the-best-social-awards\\\/#primaryimage\"},\"thumbnailUrl\":\"https:\\\/\\\/www.thebestsocial.media\\\/nl\\\/wp-content\\\/uploads\\\/sites\\\/2\\\/2026\\\/01\\\/Business-nominees-header.png\",\"datePublished\":\"2026-01-28T07:32:41+00:00\",\"author\":{\"@id\":\"https:\\\/\\\/www.thebestsocial.media\\\/nl\\\/#\\\/schema\\\/person\\\/9c2ae078b3fb8fbbe67dfeb1591773e5\"},\"description\":\"Tromgeroffel graag, want het moment is daar: de genomineerde bedrijven voor The Best Social Awards zijn bekend.\",\"breadcrumb\":{\"@id\":\"https:\\\/\\\/www.thebestsocial.media\\\/nl\\\/business-bedrijven-genomineerd-the-best-social-awards\\\/#breadcrumb\"},\"inLanguage\":\"nl-NL\",\"potentialAction\":[{\"@type\":\"ReadAction\",\"target\":[\"https:\\\/\\\/www.thebestsocial.media\\\/nl\\\/business-bedrijven-genomineerd-the-best-social-awards\\\/\"]}]},{\"@type\":\"ImageObject\",\"inLanguage\":\"nl-NL\",\"@id\":\"https:\\\/\\\/www.thebestsocial.media\\\/nl\\\/business-bedrijven-genomineerd-the-best-social-awards\\\/#primaryimage\",\"url\":\"https:\\\/\\\/www.thebestsocial.media\\\/nl\\\/wp-content\\\/uploads\\\/sites\\\/2\\\/2026\\\/01\\\/Business-nominees-header.png\",\"contentUrl\":\"https:\\\/\\\/www.thebestsocial.media\\\/nl\\\/wp-content\\\/uploads\\\/sites\\\/2\\\/2026\\\/01\\\/Business-nominees-header.png\",\"width\":2116,\"height\":1200,\"caption\":\"The Best Social Awards\"},{\"@type\":\"BreadcrumbList\",\"@id\":\"https:\\\/\\\/www.thebestsocial.media\\\/nl\\\/business-bedrijven-genomineerd-the-best-social-awards\\\/#breadcrumb\",\"itemListElement\":[{\"@type\":\"ListItem\",\"position\":1,\"name\":\"Home\",\"item\":\"https:\\\/\\\/www.thebestsocial.media\\\/nl\\\/\"},{\"@type\":\"ListItem\",\"position\":2,\"name\":\"Let&#8217;s get down to business: d\u00e9ze bedrijven zijn genomineerd voor The Best Social Awards\"}]},{\"@type\":\"WebSite\",\"@id\":\"https:\\\/\\\/www.thebestsocial.media\\\/nl\\\/#website\",\"url\":\"https:\\\/\\\/www.thebestsocial.media\\\/nl\\\/\",\"name\":\"The Best Social Media NL\",\"description\":\"Zoeklicht in de Digital Chaos\",\"potentialAction\":[{\"@type\":\"SearchAction\",\"target\":{\"@type\":\"EntryPoint\",\"urlTemplate\":\"https:\\\/\\\/www.thebestsocial.media\\\/nl\\\/?s={search_term_string}\"},\"query-input\":{\"@type\":\"PropertyValueSpecification\",\"valueRequired\":true,\"valueName\":\"search_term_string\"}}],\"inLanguage\":\"nl-NL\"},{\"@type\":\"Person\",\"@id\":\"https:\\\/\\\/www.thebestsocial.media\\\/nl\\\/#\\\/schema\\\/person\\\/9c2ae078b3fb8fbbe67dfeb1591773e5\",\"name\":\"liannekleinjan\",\"image\":{\"@type\":\"ImageObject\",\"inLanguage\":\"nl-NL\",\"@id\":\"https:\\\/\\\/secure.gravatar.com\\\/avatar\\\/de6ae0d16c703aedc67ac2019980bb151ad25a4de012d75ec87d18746997520d?s=96&d=mm&r=g\",\"url\":\"https:\\\/\\\/secure.gravatar.com\\\/avatar\\\/de6ae0d16c703aedc67ac2019980bb151ad25a4de012d75ec87d18746997520d?s=96&d=mm&r=g\",\"contentUrl\":\"https:\\\/\\\/secure.gravatar.com\\\/avatar\\\/de6ae0d16c703aedc67ac2019980bb151ad25a4de012d75ec87d18746997520d?s=96&d=mm&r=g\",\"caption\":\"liannekleinjan\"},\"description\":\"Bredase voetbalsupporter met een voorliefde voor taal. Houdt van dichten en kijkt te veel kattenfilmpjes op Tiktok. Maakt de hele dag door woordgrappen en krijgt daar nu eindelijk ook waardering voor.\",\"sameAs\":[\"https:\\\/\\\/www.linkedin.com\\\/in\\\/lianne-kleinjan-3b52a462\\\/\"],\"url\":\"https:\\\/\\\/www.thebestsocial.media\\\/nl\\\/author\\\/liannekleinjan\\\/\"}]}<\/script>\n<!-- \/ Yoast SEO plugin. -->","yoast_head_json":{"title":"D\u00e9ze bedrijven zijn genomineerd voor The Best Social Awards","description":"Tromgeroffel graag, want het moment is daar: de genomineerde bedrijven voor The Best Social Awards zijn bekend.","robots":{"index":"index","follow":"follow","max-snippet":"max-snippet:-1","max-image-preview":"max-image-preview:large","max-video-preview":"max-video-preview:-1"},"canonical":"https:\/\/www.thebestsocial.media\/nl\/business-bedrijven-genomineerd-the-best-social-awards\/","og_locale":"nl_NL","og_type":"article","og_title":"Let's get down to business: d\u00e9ze bedrijven zijn genomineerd voor The Best Social Awards","og_description":"Tromgeroffel graag, want het moment is daar: de genomineerde bedrijven voor The Best Social Awards zijn bekend.","og_url":"https:\/\/www.thebestsocial.media\/nl\/business-bedrijven-genomineerd-the-best-social-awards\/","og_site_name":"The Best Social Media NL","article_published_time":"2026-01-28T07:32:41+00:00","og_image":[{"width":1024,"height":581,"url":"https:\/\/www.thebestsocial.media\/nl\/wp-content\/uploads\/sites\/2\/2026\/01\/Business-nominees-header-1024x581.png","type":"image\/png"}],"author":"liannekleinjan","twitter_card":"summary_large_image","twitter_title":"Let's get down to business: d\u00e9ze bedrijven zijn genomineerd voor The Best Social Awards","twitter_description":"Tromgeroffel graag, want het moment is daar: de genomineerde bedrijven voor The Best Social Awards zijn bekend.","twitter_image":"https:\/\/www.thebestsocial.media\/nl\/wp-content\/uploads\/sites\/2\/2026\/01\/Business-nominees-header.png","twitter_misc":{"Geschreven door":"liannekleinjan","Geschatte leestijd":"5 minuten"},"schema":{"@context":"https:\/\/schema.org","@graph":[{"@type":"Article","@id":"https:\/\/www.thebestsocial.media\/nl\/business-bedrijven-genomineerd-the-best-social-awards\/#article","isPartOf":{"@id":"https:\/\/www.thebestsocial.media\/nl\/business-bedrijven-genomineerd-the-best-social-awards\/"},"author":{"name":"liannekleinjan","@id":"https:\/\/www.thebestsocial.media\/nl\/#\/schema\/person\/9c2ae078b3fb8fbbe67dfeb1591773e5"},"headline":"Let&#8217;s get down to business: d\u00e9ze bedrijven zijn genomineerd voor The Best Social Awards","datePublished":"2026-01-28T07:32:41+00:00","mainEntityOfPage":{"@id":"https:\/\/www.thebestsocial.media\/nl\/business-bedrijven-genomineerd-the-best-social-awards\/"},"wordCount":886,"commentCount":0,"image":{"@id":"https:\/\/www.thebestsocial.media\/nl\/business-bedrijven-genomineerd-the-best-social-awards\/#primaryimage"},"thumbnailUrl":"https:\/\/www.thebestsocial.media\/nl\/wp-content\/uploads\/sites\/2\/2026\/01\/Business-nominees-header.png","keywords":["business","genomineerden","The Best Social Awards"],"articleSection":["Blogs","Nieuws"],"inLanguage":"nl-NL","potentialAction":[{"@type":"CommentAction","name":"Comment","target":["https:\/\/www.thebestsocial.media\/nl\/business-bedrijven-genomineerd-the-best-social-awards\/#respond"]}]},{"@type":"WebPage","@id":"https:\/\/www.thebestsocial.media\/nl\/business-bedrijven-genomineerd-the-best-social-awards\/","url":"https:\/\/www.thebestsocial.media\/nl\/business-bedrijven-genomineerd-the-best-social-awards\/","name":"D\u00e9ze bedrijven zijn genomineerd voor The Best Social Awards","isPartOf":{"@id":"https:\/\/www.thebestsocial.media\/nl\/#website"},"primaryImageOfPage":{"@id":"https:\/\/www.thebestsocial.media\/nl\/business-bedrijven-genomineerd-the-best-social-awards\/#primaryimage"},"image":{"@id":"https:\/\/www.thebestsocial.media\/nl\/business-bedrijven-genomineerd-the-best-social-awards\/#primaryimage"},"thumbnailUrl":"https:\/\/www.thebestsocial.media\/nl\/wp-content\/uploads\/sites\/2\/2026\/01\/Business-nominees-header.png","datePublished":"2026-01-28T07:32:41+00:00","author":{"@id":"https:\/\/www.thebestsocial.media\/nl\/#\/schema\/person\/9c2ae078b3fb8fbbe67dfeb1591773e5"},"description":"Tromgeroffel graag, want het moment is daar: de genomineerde bedrijven voor The Best Social Awards zijn bekend.","breadcrumb":{"@id":"https:\/\/www.thebestsocial.media\/nl\/business-bedrijven-genomineerd-the-best-social-awards\/#breadcrumb"},"inLanguage":"nl-NL","potentialAction":[{"@type":"ReadAction","target":["https:\/\/www.thebestsocial.media\/nl\/business-bedrijven-genomineerd-the-best-social-awards\/"]}]},{"@type":"ImageObject","inLanguage":"nl-NL","@id":"https:\/\/www.thebestsocial.media\/nl\/business-bedrijven-genomineerd-the-best-social-awards\/#primaryimage","url":"https:\/\/www.thebestsocial.media\/nl\/wp-content\/uploads\/sites\/2\/2026\/01\/Business-nominees-header.png","contentUrl":"https:\/\/www.thebestsocial.media\/nl\/wp-content\/uploads\/sites\/2\/2026\/01\/Business-nominees-header.png","width":2116,"height":1200,"caption":"The Best Social Awards"},{"@type":"BreadcrumbList","@id":"https:\/\/www.thebestsocial.media\/nl\/business-bedrijven-genomineerd-the-best-social-awards\/#breadcrumb","itemListElement":[{"@type":"ListItem","position":1,"name":"Home","item":"https:\/\/www.thebestsocial.media\/nl\/"},{"@type":"ListItem","position":2,"name":"Let&#8217;s get down to business: d\u00e9ze bedrijven zijn genomineerd voor The Best Social Awards"}]},{"@type":"WebSite","@id":"https:\/\/www.thebestsocial.media\/nl\/#website","url":"https:\/\/www.thebestsocial.media\/nl\/","name":"The Best Social Media NL","description":"Zoeklicht in de Digital Chaos","potentialAction":[{"@type":"SearchAction","target":{"@type":"EntryPoint","urlTemplate":"https:\/\/www.thebestsocial.media\/nl\/?s={search_term_string}"},"query-input":{"@type":"PropertyValueSpecification","valueRequired":true,"valueName":"search_term_string"}}],"inLanguage":"nl-NL"},{"@type":"Person","@id":"https:\/\/www.thebestsocial.media\/nl\/#\/schema\/person\/9c2ae078b3fb8fbbe67dfeb1591773e5","name":"liannekleinjan","image":{"@type":"ImageObject","inLanguage":"nl-NL","@id":"https:\/\/secure.gravatar.com\/avatar\/de6ae0d16c703aedc67ac2019980bb151ad25a4de012d75ec87d18746997520d?s=96&d=mm&r=g","url":"https:\/\/secure.gravatar.com\/avatar\/de6ae0d16c703aedc67ac2019980bb151ad25a4de012d75ec87d18746997520d?s=96&d=mm&r=g","contentUrl":"https:\/\/secure.gravatar.com\/avatar\/de6ae0d16c703aedc67ac2019980bb151ad25a4de012d75ec87d18746997520d?s=96&d=mm&r=g","caption":"liannekleinjan"},"description":"Bredase voetbalsupporter met een voorliefde voor taal. Houdt van dichten en kijkt te veel kattenfilmpjes op Tiktok. Maakt de hele dag door woordgrappen en krijgt daar nu eindelijk ook waardering voor.","sameAs":["https:\/\/www.linkedin.com\/in\/lianne-kleinjan-3b52a462\/"],"url":"https:\/\/www.thebestsocial.media\/nl\/author\/liannekleinjan\/"}]}},"amp_enabled":true,"_links":{"self":[{"href":"https:\/\/www.thebestsocial.media\/nl\/wp-json\/wp\/v2\/posts\/403330","targetHints":{"allow":["GET"]}}],"collection":[{"href":"https:\/\/www.thebestsocial.media\/nl\/wp-json\/wp\/v2\/posts"}],"about":[{"href":"https:\/\/www.thebestsocial.media\/nl\/wp-json\/wp\/v2\/types\/post"}],"author":[{"embeddable":true,"href":"https:\/\/www.thebestsocial.media\/nl\/wp-json\/wp\/v2\/users\/113"}],"replies":[{"embeddable":true,"href":"https:\/\/www.thebestsocial.media\/nl\/wp-json\/wp\/v2\/comments?post=403330"}],"version-history":[{"count":7,"href":"https:\/\/www.thebestsocial.media\/nl\/wp-json\/wp\/v2\/posts\/403330\/revisions"}],"predecessor-version":[{"id":404239,"href":"https:\/\/www.thebestsocial.media\/nl\/wp-json\/wp\/v2\/posts\/403330\/revisions\/404239"}],"wp:featuredmedia":[{"embeddable":true,"href":"https:\/\/www.thebestsocial.media\/nl\/wp-json\/wp\/v2\/media\/403760"}],"wp:attachment":[{"href":"https:\/\/www.thebestsocial.media\/nl\/wp-json\/wp\/v2\/media?parent=403330"}],"wp:term":[{"taxonomy":"category","embeddable":true,"href":"https:\/\/www.thebestsocial.media\/nl\/wp-json\/wp\/v2\/categories?post=403330"},{"taxonomy":"post_tag","embeddable":true,"href":"https:\/\/www.thebestsocial.media\/nl\/wp-json\/wp\/v2\/tags?post=403330"}],"curies":[{"name":"wp","href":"https:\/\/api.w.org\/{rel}","templated":true}]}}