{"id":396702,"date":"2025-11-30T13:45:39","date_gmt":"2025-11-30T12:45:39","guid":{"rendered":"https:\/\/www.thebestsocial.media\/nl\/?p=396702"},"modified":"2025-11-30T13:45:39","modified_gmt":"2025-11-30T12:45:39","slug":"misselijkmakende-ontdekking-airfryer","status":"publish","type":"post","link":"https:\/\/www.thebestsocial.media\/nl\/misselijkmakende-ontdekking-airfryer\/","title":{"rendered":"Vrouw vreest voor airfryer nadat ze misselijkmakende ontdekking doet"},"content":{"rendered":"<p>Van <a href=\"https:\/\/www.thebestsocial.media\/nl\/bizarre-airfryer-recepten\/\" target=\"_blank\" rel=\"noopener\">frikandelbroodjes tot eieren<\/a> \u2013 je kunt het zo gek nog niet bedenken en je zou het zo in de airfryer kunnen knallen. Het enige wat je hoeft te doen is de temperatuur en tijd instellen, soms effe die bak schudden en klaar is Kees. <a href=\"https:\/\/www.tiktok.com\/@lareszcampbell\" target=\"_blank\" rel=\"noopener\">Lara<\/a> is ook van plan om iets lekkers klaar te maken, totdat ze de airfryer opentrekt. Wat zij in die bak aantreft is het tegenovergestelde van <a href=\"https:\/\/www.thebestsocial.media\/nl\/allerhande-albert-heijn-recept\/\" target=\"_blank\" rel=\"noopener\">smakelijk<\/a> en menig kijker heeft moeite om alles binnen te houden.<\/p>\n<p><strong><em>\u2013 Onze artikelen vaker op je beeldscherm? Volg ons op <a href=\"https:\/\/profile.google.com\/cp\/Cg0vZy8xMXhuNzVnc2I1\" target=\"_blank\" rel=\"noopener\">Google<\/a> om niets te missen! \u2013<\/em><\/strong><\/p>\n<p>&nbsp;<\/p>\n<h3>1. Door zo&#8217;n ontdekking sta je met je mond vol tanden&#8230; en braaksel.<\/h3>\n<p><iframe loading=\"lazy\" src=\"\/tiktok-cache\/7577355448689413409\/71e02e0497d18e96ee535932d4c04782193342e4fd31df9577a4ed19\" width=\"623\" height=\"1108\" style=\"border:0; height:90vh; width:50.625000vh;\" scrolling=\"no\"><\/iframe><\/p>\n<p>&nbsp;<\/p>\n<h3>2. Nee, het is een suikerspin uit de airfryer, speciaal voor jou.<\/h3>\n<p><img loading=\"lazy\" decoding=\"async\" class=\"alignnone size-full wp-image-396703\" src=\"https:\/\/www.thebestsocial.media\/nl\/wp-content\/uploads\/sites\/2\/2025\/11\/airfryer-1.png\" alt=\"\" width=\"984\" height=\"146\" srcset=\"https:\/\/www.thebestsocial.media\/nl\/wp-content\/uploads\/sites\/2\/2025\/11\/airfryer-1.png 984w, https:\/\/www.thebestsocial.media\/nl\/wp-content\/uploads\/sites\/2\/2025\/11\/airfryer-1-300x45.png 300w, https:\/\/www.thebestsocial.media\/nl\/wp-content\/uploads\/sites\/2\/2025\/11\/airfryer-1-768x114.png 768w\" sizes=\"auto, (max-width: 984px) 100vw, 984px\" \/><\/p>\n<p>&nbsp;<\/p>\n<h3>3. Ook daar krijg je geen honger van.<\/h3>\n<p><img loading=\"lazy\" decoding=\"async\" class=\"alignnone size-full wp-image-396705\" src=\"https:\/\/www.thebestsocial.media\/nl\/wp-content\/uploads\/sites\/2\/2025\/11\/airfryer-3.png\" alt=\"\" width=\"966\" height=\"146\" srcset=\"https:\/\/www.thebestsocial.media\/nl\/wp-content\/uploads\/sites\/2\/2025\/11\/airfryer-3.png 966w, https:\/\/www.thebestsocial.media\/nl\/wp-content\/uploads\/sites\/2\/2025\/11\/airfryer-3-300x45.png 300w, https:\/\/www.thebestsocial.media\/nl\/wp-content\/uploads\/sites\/2\/2025\/11\/airfryer-3-768x116.png 768w\" sizes=\"auto, (max-width: 966px) 100vw, 966px\" \/><\/p>\n<p>&nbsp;<\/p>\n<h3>4. Dat wordt een bezoekje aan de snackbar.<\/h3>\n<p><img loading=\"lazy\" decoding=\"async\" class=\"alignnone size-full wp-image-396707\" src=\"https:\/\/www.thebestsocial.media\/nl\/wp-content\/uploads\/sites\/2\/2025\/11\/airfryer-5.png\" alt=\"\" width=\"970\" height=\"146\" srcset=\"https:\/\/www.thebestsocial.media\/nl\/wp-content\/uploads\/sites\/2\/2025\/11\/airfryer-5.png 970w, https:\/\/www.thebestsocial.media\/nl\/wp-content\/uploads\/sites\/2\/2025\/11\/airfryer-5-300x45.png 300w, https:\/\/www.thebestsocial.media\/nl\/wp-content\/uploads\/sites\/2\/2025\/11\/airfryer-5-768x116.png 768w\" sizes=\"auto, (max-width: 970px) 100vw, 970px\" \/><\/p>\n<p>&nbsp;<\/p>\n<h3>5. Dat ding is niet bepaald goedkoop, maar het is ook wat om een The Last of Us-apocalypse af te trappen.<\/h3>\n<p><img loading=\"lazy\" decoding=\"async\" class=\"alignnone size-full wp-image-396704\" src=\"https:\/\/www.thebestsocial.media\/nl\/wp-content\/uploads\/sites\/2\/2025\/11\/airfryer-2.png\" alt=\"\" width=\"962\" height=\"150\" srcset=\"https:\/\/www.thebestsocial.media\/nl\/wp-content\/uploads\/sites\/2\/2025\/11\/airfryer-2.png 962w, https:\/\/www.thebestsocial.media\/nl\/wp-content\/uploads\/sites\/2\/2025\/11\/airfryer-2-300x47.png 300w, https:\/\/www.thebestsocial.media\/nl\/wp-content\/uploads\/sites\/2\/2025\/11\/airfryer-2-768x120.png 768w\" sizes=\"auto, (max-width: 962px) 100vw, 962px\" \/><\/p>\n<p>&nbsp;<\/p>\n<h3>6. Dan toch maar die moeilijke overstap maken van airfryer- naar oven bittergarnituur.<\/h3>\n<p><img loading=\"lazy\" decoding=\"async\" class=\"alignnone size-full wp-image-396706\" src=\"https:\/\/www.thebestsocial.media\/nl\/wp-content\/uploads\/sites\/2\/2025\/11\/airfryer-4.png\" alt=\"\" width=\"854\" height=\"144\" srcset=\"https:\/\/www.thebestsocial.media\/nl\/wp-content\/uploads\/sites\/2\/2025\/11\/airfryer-4.png 854w, https:\/\/www.thebestsocial.media\/nl\/wp-content\/uploads\/sites\/2\/2025\/11\/airfryer-4-300x51.png 300w, https:\/\/www.thebestsocial.media\/nl\/wp-content\/uploads\/sites\/2\/2025\/11\/airfryer-4-768x129.png 768w\" sizes=\"auto, (max-width: 854px) 100vw, 854px\" \/><\/p>\n<p>&nbsp;<\/p>\n<h3><em>Nog niet uitgelezen? Klik dan <a href=\"https:\/\/www.thebestsocial.media\/nl\/airfryer-ov-trein-kaassoufle\/\" target=\"_blank\" rel=\"noopener\">hier<\/a> voor een artikel over een man die een airfryer meeneemt in de trein en alle reizigers die nu trek hebben in snacks.<\/em><\/h3>\n<p>&nbsp;<\/p>\n<p><strong>Agencies en bedrijven kunnen tot en met dinsdag 2 december inzenden voor The Best Social Awards. Wacht dus niet langer, check snel alle algemene voorwaarden op de website \u00e9n zend nu je case in voor (\u00e9\u00e9n van) de Business-categorie\u00ebn van de twaalfde editie van <a href=\"https:\/\/thebestsocialawards.nl\" target=\"_blank\" rel=\"noopener\">The Best Social Awards<\/a>. <\/strong><\/p>\n<blockquote class=\"instagram-media\" style=\"background: #FFF; border: 0; border-radius: 3px; box-shadow: 0 0 1px 0 rgba(0,0,0,0.5),0 1px 10px 0 rgba(0,0,0,0.15); margin: 1px; max-width: 540px; min-width: 326px; padding: 0; width: calc(100% - 2px);\" data-instgrm-captioned=\"\" data-instgrm-permalink=\"https:\/\/www.instagram.com\/reel\/DQYs5HHjAwT\/?utm_source=ig_embed&amp;utm_campaign=loading\" data-instgrm-version=\"14\">\n<div style=\"padding: 16px;\">\n<p>&nbsp;<\/p>\n<div style=\"display: flex; flex-direction: row; align-items: center;\">\n<div style=\"background-color: #f4f4f4; border-radius: 50%; flex-grow: 0; height: 40px; margin-right: 14px; width: 40px;\"><\/div>\n<div style=\"display: flex; flex-direction: column; flex-grow: 1; justify-content: center;\">\n<div style=\"background-color: #f4f4f4; border-radius: 4px; flex-grow: 0; height: 14px; margin-bottom: 6px; width: 100px;\"><\/div>\n<div style=\"background-color: #f4f4f4; border-radius: 4px; flex-grow: 0; height: 14px; width: 60px;\"><\/div>\n<\/div>\n<\/div>\n<div style=\"padding: 19% 0;\"><\/div>\n<div style=\"display: block; height: 50px; margin: 0 auto 12px; width: 50px;\"><\/div>\n<div style=\"padding-top: 8px;\">\n<div style=\"color: #3897f0; font-family: Arial,sans-serif; font-size: 14px; font-style: normal; font-weight: 550; line-height: 18px;\">View this post on Instagram<\/div>\n<\/div>\n<div style=\"padding: 12.5% 0;\"><\/div>\n<div style=\"display: flex; flex-direction: row; margin-bottom: 14px; align-items: center;\">\n<div>\n<div style=\"background-color: #f4f4f4; border-radius: 50%; height: 12.5px; width: 12.5px; transform: translateX(0px) translateY(7px);\"><\/div>\n<div style=\"background-color: #f4f4f4; height: 12.5px; transform: rotate(-45deg) translateX(3px) translateY(1px); width: 12.5px; flex-grow: 0; margin-right: 14px; margin-left: 2px;\"><\/div>\n<div style=\"background-color: #f4f4f4; border-radius: 50%; height: 12.5px; width: 12.5px; transform: translateX(9px) translateY(-18px);\"><\/div>\n<\/div>\n<div style=\"margin-left: 8px;\">\n<div style=\"background-color: #f4f4f4; border-radius: 50%; flex-grow: 0; height: 20px; width: 20px;\"><\/div>\n<div style=\"width: 0; height: 0; border-top: 2px solid transparent; border-left: 6px solid #f4f4f4; border-bottom: 2px solid transparent; transform: translateX(16px) translateY(-4px) rotate(30deg);\"><\/div>\n<\/div>\n<div style=\"margin-left: auto;\">\n<div style=\"width: 0px; border-top: 8px solid #F4F4F4; border-right: 8px solid transparent; transform: translateY(16px);\"><\/div>\n<div style=\"background-color: #f4f4f4; flex-grow: 0; height: 12px; width: 16px; transform: translateY(-4px);\"><\/div>\n<div style=\"width: 0; height: 0; border-top: 8px solid #F4F4F4; border-left: 8px solid transparent; transform: translateY(-4px) translateX(8px);\"><\/div>\n<\/div>\n<\/div>\n<div style=\"display: flex; flex-direction: column; flex-grow: 1; justify-content: center; margin-bottom: 24px;\">\n<div style=\"background-color: #f4f4f4; border-radius: 4px; flex-grow: 0; height: 14px; margin-bottom: 6px; width: 224px;\"><\/div>\n<div style=\"background-color: #f4f4f4; border-radius: 4px; flex-grow: 0; height: 14px; width: 144px;\"><\/div>\n<\/div>\n<p>&nbsp;<\/p>\n<p style=\"color: #c9c8cd; font-family: Arial,sans-serif; font-size: 14px; line-height: 17px; margin-bottom: 0; margin-top: 8px; overflow: hidden; padding: 8px 0 7px; text-align: center; text-overflow: ellipsis; white-space: nowrap;\"><a style=\"color: #c9c8cd; font-family: Arial,sans-serif; font-size: 14px; font-style: normal; font-weight: normal; line-height: 17px; text-decoration: none;\" href=\"https:\/\/www.instagram.com\/reel\/DQYs5HHjAwT\/?utm_source=ig_embed&amp;utm_campaign=loading\" target=\"_blank\" rel=\"noopener\">A post shared by The Best Social Awards (@thebestsocialawards)<\/a><\/p>\n<\/div>\n<\/blockquote>\n\n<script async defer src=\"\/instagram-embed.js\"><\/script>","protected":false},"excerpt":{"rendered":"<p>Van frikandelbroodjes tot eieren \u2013 je kunt het zo gek nog niet bedenken en je zou het zo in de airfryer kunnen knallen. Het enige&#8230;<\/p>\n","protected":false},"author":122,"featured_media":396709,"comment_status":"open","ping_status":"open","sticky":false,"template":"","format":"standard","meta":{"_acf_changed":false,"footnotes":""},"categories":[16,17],"tags":[1445,1310,2389],"class_list":["post-396702","post","type-post","status-publish","format-standard","has-post-thumbnail","hentry","category-blogs","category-nieuws","tag-airfryer","tag-blunder","tag-keuken"],"acf":[],"yoast_head":"<!-- This site is optimized with the Yoast SEO plugin v27.5 - https:\/\/yoast.com\/product\/yoast-seo-wordpress\/ -->\n<title>Vrouw vreest voor airfryer na misselijkmakende ontdekking<\/title>\n<meta name=\"description\" content=\"Lara staat op het punt om eten te maken, tot ze de airfryer opentrekt. Wat zij aantreft is namelijk het tegenovergestelde van smakelijk.\" \/>\n<meta name=\"robots\" content=\"index, follow, max-snippet:-1, max-image-preview:large, max-video-preview:-1\" \/>\n<link rel=\"canonical\" href=\"https:\/\/www.thebestsocial.media\/nl\/misselijkmakende-ontdekking-airfryer\/\" \/>\n<meta property=\"og:locale\" content=\"nl_NL\" \/>\n<meta property=\"og:type\" content=\"article\" \/>\n<meta property=\"og:title\" content=\"Vrouw vreest voor airfryer nadat ze misselijkmakende ontdekking doet\" \/>\n<meta property=\"og:description\" content=\"Lara staat op het punt om eten te maken, tot ze de airfryer opentrekt. Wat zij aantreft is namelijk het tegenovergestelde van smakelijk.\" \/>\n<meta property=\"og:url\" content=\"https:\/\/www.thebestsocial.media\/nl\/misselijkmakende-ontdekking-airfryer\/\" \/>\n<meta property=\"og:site_name\" content=\"The Best Social Media NL\" \/>\n<meta property=\"article:published_time\" content=\"2025-11-30T12:45:39+00:00\" \/>\n<meta property=\"og:image\" content=\"https:\/\/www.thebestsocial.media\/nl\/wp-content\/uploads\/sites\/2\/2025\/11\/airfryer-header.png\" \/>\n\t<meta property=\"og:image:width\" content=\"1200\" \/>\n\t<meta property=\"og:image:height\" content=\"630\" \/>\n\t<meta property=\"og:image:type\" content=\"image\/png\" \/>\n<meta name=\"author\" content=\"Thomas Bakker\" \/>\n<meta name=\"twitter:card\" content=\"summary_large_image\" \/>\n<meta name=\"twitter:label1\" content=\"Geschreven door\" \/>\n\t<meta name=\"twitter:data1\" content=\"Thomas Bakker\" \/>\n\t<meta name=\"twitter:label2\" content=\"Geschatte leestijd\" \/>\n\t<meta name=\"twitter:data2\" content=\"3 minuten\" \/>\n<script type=\"application\/ld+json\" class=\"yoast-schema-graph\">{\"@context\":\"https:\\\/\\\/schema.org\",\"@graph\":[{\"@type\":\"Article\",\"@id\":\"https:\\\/\\\/www.thebestsocial.media\\\/nl\\\/misselijkmakende-ontdekking-airfryer\\\/#article\",\"isPartOf\":{\"@id\":\"https:\\\/\\\/www.thebestsocial.media\\\/nl\\\/misselijkmakende-ontdekking-airfryer\\\/\"},\"author\":{\"name\":\"Thomas Bakker\",\"@id\":\"https:\\\/\\\/www.thebestsocial.media\\\/nl\\\/#\\\/schema\\\/person\\\/771b47c6ddac2541be4ca2a14dce5a9e\"},\"headline\":\"Vrouw vreest voor airfryer nadat ze misselijkmakende ontdekking doet\",\"datePublished\":\"2025-11-30T12:45:39+00:00\",\"mainEntityOfPage\":{\"@id\":\"https:\\\/\\\/www.thebestsocial.media\\\/nl\\\/misselijkmakende-ontdekking-airfryer\\\/\"},\"wordCount\":283,\"commentCount\":0,\"image\":{\"@id\":\"https:\\\/\\\/www.thebestsocial.media\\\/nl\\\/misselijkmakende-ontdekking-airfryer\\\/#primaryimage\"},\"thumbnailUrl\":\"https:\\\/\\\/www.thebestsocial.media\\\/nl\\\/wp-content\\\/uploads\\\/sites\\\/2\\\/2025\\\/11\\\/airfryer-foto.png\",\"keywords\":[\"airfryer\",\"blunder\",\"keuken\"],\"articleSection\":[\"Blogs\",\"Nieuws\"],\"inLanguage\":\"nl-NL\",\"potentialAction\":[{\"@type\":\"CommentAction\",\"name\":\"Comment\",\"target\":[\"https:\\\/\\\/www.thebestsocial.media\\\/nl\\\/misselijkmakende-ontdekking-airfryer\\\/#respond\"]}]},{\"@type\":\"WebPage\",\"@id\":\"https:\\\/\\\/www.thebestsocial.media\\\/nl\\\/misselijkmakende-ontdekking-airfryer\\\/\",\"url\":\"https:\\\/\\\/www.thebestsocial.media\\\/nl\\\/misselijkmakende-ontdekking-airfryer\\\/\",\"name\":\"Vrouw vreest voor airfryer na misselijkmakende ontdekking\",\"isPartOf\":{\"@id\":\"https:\\\/\\\/www.thebestsocial.media\\\/nl\\\/#website\"},\"primaryImageOfPage\":{\"@id\":\"https:\\\/\\\/www.thebestsocial.media\\\/nl\\\/misselijkmakende-ontdekking-airfryer\\\/#primaryimage\"},\"image\":{\"@id\":\"https:\\\/\\\/www.thebestsocial.media\\\/nl\\\/misselijkmakende-ontdekking-airfryer\\\/#primaryimage\"},\"thumbnailUrl\":\"https:\\\/\\\/www.thebestsocial.media\\\/nl\\\/wp-content\\\/uploads\\\/sites\\\/2\\\/2025\\\/11\\\/airfryer-foto.png\",\"datePublished\":\"2025-11-30T12:45:39+00:00\",\"author\":{\"@id\":\"https:\\\/\\\/www.thebestsocial.media\\\/nl\\\/#\\\/schema\\\/person\\\/771b47c6ddac2541be4ca2a14dce5a9e\"},\"description\":\"Lara staat op het punt om eten te maken, tot ze de airfryer opentrekt. Wat zij aantreft is namelijk het tegenovergestelde van smakelijk.\",\"breadcrumb\":{\"@id\":\"https:\\\/\\\/www.thebestsocial.media\\\/nl\\\/misselijkmakende-ontdekking-airfryer\\\/#breadcrumb\"},\"inLanguage\":\"nl-NL\",\"potentialAction\":[{\"@type\":\"ReadAction\",\"target\":[\"https:\\\/\\\/www.thebestsocial.media\\\/nl\\\/misselijkmakende-ontdekking-airfryer\\\/\"]}]},{\"@type\":\"ImageObject\",\"inLanguage\":\"nl-NL\",\"@id\":\"https:\\\/\\\/www.thebestsocial.media\\\/nl\\\/misselijkmakende-ontdekking-airfryer\\\/#primaryimage\",\"url\":\"https:\\\/\\\/www.thebestsocial.media\\\/nl\\\/wp-content\\\/uploads\\\/sites\\\/2\\\/2025\\\/11\\\/airfryer-foto.png\",\"contentUrl\":\"https:\\\/\\\/www.thebestsocial.media\\\/nl\\\/wp-content\\\/uploads\\\/sites\\\/2\\\/2025\\\/11\\\/airfryer-foto.png\",\"width\":1200,\"height\":630},{\"@type\":\"BreadcrumbList\",\"@id\":\"https:\\\/\\\/www.thebestsocial.media\\\/nl\\\/misselijkmakende-ontdekking-airfryer\\\/#breadcrumb\",\"itemListElement\":[{\"@type\":\"ListItem\",\"position\":1,\"name\":\"Home\",\"item\":\"https:\\\/\\\/www.thebestsocial.media\\\/nl\\\/\"},{\"@type\":\"ListItem\",\"position\":2,\"name\":\"Vrouw vreest voor airfryer nadat ze misselijkmakende ontdekking doet\"}]},{\"@type\":\"WebSite\",\"@id\":\"https:\\\/\\\/www.thebestsocial.media\\\/nl\\\/#website\",\"url\":\"https:\\\/\\\/www.thebestsocial.media\\\/nl\\\/\",\"name\":\"The Best Social Media NL\",\"description\":\"Zoeklicht in de Digital Chaos\",\"potentialAction\":[{\"@type\":\"SearchAction\",\"target\":{\"@type\":\"EntryPoint\",\"urlTemplate\":\"https:\\\/\\\/www.thebestsocial.media\\\/nl\\\/?s={search_term_string}\"},\"query-input\":{\"@type\":\"PropertyValueSpecification\",\"valueRequired\":true,\"valueName\":\"search_term_string\"}}],\"inLanguage\":\"nl-NL\"},{\"@type\":\"Person\",\"@id\":\"https:\\\/\\\/www.thebestsocial.media\\\/nl\\\/#\\\/schema\\\/person\\\/771b47c6ddac2541be4ca2a14dce5a9e\",\"name\":\"Thomas Bakker\",\"image\":{\"@type\":\"ImageObject\",\"inLanguage\":\"nl-NL\",\"@id\":\"https:\\\/\\\/secure.gravatar.com\\\/avatar\\\/f964935060dbde6bd046a8ca0e22544cb1295976fe35044f32fb12a9862d903e?s=96&d=mm&r=g\",\"url\":\"https:\\\/\\\/secure.gravatar.com\\\/avatar\\\/f964935060dbde6bd046a8ca0e22544cb1295976fe35044f32fb12a9862d903e?s=96&d=mm&r=g\",\"contentUrl\":\"https:\\\/\\\/secure.gravatar.com\\\/avatar\\\/f964935060dbde6bd046a8ca0e22544cb1295976fe35044f32fb12a9862d903e?s=96&d=mm&r=g\",\"caption\":\"Thomas Bakker\"},\"description\":\"Student die tijdens het ontlopen van zijn studiewerk altijd op de meest rare kanten van TikTok terechtkomt. Is altijd op de hoogte van alles wat LEGO doet en moet zich 24\\\/7 inhouden om niet n\u00f3g meer sets te kopen. Krijgt zo veel brainrot-content te zien dat er in de bovenkamer niks meer over is.\",\"sameAs\":[\"https:\\\/\\\/www.instagram.com\\\/thomasbakker___\\\/\",\"www.linkedin.com\\\/in\\\/thomas-bakker-955a66237\"],\"url\":\"https:\\\/\\\/www.thebestsocial.media\\\/nl\\\/author\\\/thomas\\\/\"}]}<\/script>\n<!-- \/ Yoast SEO plugin. -->","yoast_head_json":{"title":"Vrouw vreest voor airfryer na misselijkmakende ontdekking","description":"Lara staat op het punt om eten te maken, tot ze de airfryer opentrekt. Wat zij aantreft is namelijk het tegenovergestelde van smakelijk.","robots":{"index":"index","follow":"follow","max-snippet":"max-snippet:-1","max-image-preview":"max-image-preview:large","max-video-preview":"max-video-preview:-1"},"canonical":"https:\/\/www.thebestsocial.media\/nl\/misselijkmakende-ontdekking-airfryer\/","og_locale":"nl_NL","og_type":"article","og_title":"Vrouw vreest voor airfryer nadat ze misselijkmakende ontdekking doet","og_description":"Lara staat op het punt om eten te maken, tot ze de airfryer opentrekt. Wat zij aantreft is namelijk het tegenovergestelde van smakelijk.","og_url":"https:\/\/www.thebestsocial.media\/nl\/misselijkmakende-ontdekking-airfryer\/","og_site_name":"The Best Social Media NL","article_published_time":"2025-11-30T12:45:39+00:00","og_image":[{"width":1200,"height":630,"url":"https:\/\/www.thebestsocial.media\/nl\/wp-content\/uploads\/sites\/2\/2025\/11\/airfryer-header.png","type":"image\/png"}],"author":"Thomas Bakker","twitter_card":"summary_large_image","twitter_misc":{"Geschreven door":"Thomas Bakker","Geschatte leestijd":"3 minuten"},"schema":{"@context":"https:\/\/schema.org","@graph":[{"@type":"Article","@id":"https:\/\/www.thebestsocial.media\/nl\/misselijkmakende-ontdekking-airfryer\/#article","isPartOf":{"@id":"https:\/\/www.thebestsocial.media\/nl\/misselijkmakende-ontdekking-airfryer\/"},"author":{"name":"Thomas Bakker","@id":"https:\/\/www.thebestsocial.media\/nl\/#\/schema\/person\/771b47c6ddac2541be4ca2a14dce5a9e"},"headline":"Vrouw vreest voor airfryer nadat ze misselijkmakende ontdekking doet","datePublished":"2025-11-30T12:45:39+00:00","mainEntityOfPage":{"@id":"https:\/\/www.thebestsocial.media\/nl\/misselijkmakende-ontdekking-airfryer\/"},"wordCount":283,"commentCount":0,"image":{"@id":"https:\/\/www.thebestsocial.media\/nl\/misselijkmakende-ontdekking-airfryer\/#primaryimage"},"thumbnailUrl":"https:\/\/www.thebestsocial.media\/nl\/wp-content\/uploads\/sites\/2\/2025\/11\/airfryer-foto.png","keywords":["airfryer","blunder","keuken"],"articleSection":["Blogs","Nieuws"],"inLanguage":"nl-NL","potentialAction":[{"@type":"CommentAction","name":"Comment","target":["https:\/\/www.thebestsocial.media\/nl\/misselijkmakende-ontdekking-airfryer\/#respond"]}]},{"@type":"WebPage","@id":"https:\/\/www.thebestsocial.media\/nl\/misselijkmakende-ontdekking-airfryer\/","url":"https:\/\/www.thebestsocial.media\/nl\/misselijkmakende-ontdekking-airfryer\/","name":"Vrouw vreest voor airfryer na misselijkmakende ontdekking","isPartOf":{"@id":"https:\/\/www.thebestsocial.media\/nl\/#website"},"primaryImageOfPage":{"@id":"https:\/\/www.thebestsocial.media\/nl\/misselijkmakende-ontdekking-airfryer\/#primaryimage"},"image":{"@id":"https:\/\/www.thebestsocial.media\/nl\/misselijkmakende-ontdekking-airfryer\/#primaryimage"},"thumbnailUrl":"https:\/\/www.thebestsocial.media\/nl\/wp-content\/uploads\/sites\/2\/2025\/11\/airfryer-foto.png","datePublished":"2025-11-30T12:45:39+00:00","author":{"@id":"https:\/\/www.thebestsocial.media\/nl\/#\/schema\/person\/771b47c6ddac2541be4ca2a14dce5a9e"},"description":"Lara staat op het punt om eten te maken, tot ze de airfryer opentrekt. Wat zij aantreft is namelijk het tegenovergestelde van smakelijk.","breadcrumb":{"@id":"https:\/\/www.thebestsocial.media\/nl\/misselijkmakende-ontdekking-airfryer\/#breadcrumb"},"inLanguage":"nl-NL","potentialAction":[{"@type":"ReadAction","target":["https:\/\/www.thebestsocial.media\/nl\/misselijkmakende-ontdekking-airfryer\/"]}]},{"@type":"ImageObject","inLanguage":"nl-NL","@id":"https:\/\/www.thebestsocial.media\/nl\/misselijkmakende-ontdekking-airfryer\/#primaryimage","url":"https:\/\/www.thebestsocial.media\/nl\/wp-content\/uploads\/sites\/2\/2025\/11\/airfryer-foto.png","contentUrl":"https:\/\/www.thebestsocial.media\/nl\/wp-content\/uploads\/sites\/2\/2025\/11\/airfryer-foto.png","width":1200,"height":630},{"@type":"BreadcrumbList","@id":"https:\/\/www.thebestsocial.media\/nl\/misselijkmakende-ontdekking-airfryer\/#breadcrumb","itemListElement":[{"@type":"ListItem","position":1,"name":"Home","item":"https:\/\/www.thebestsocial.media\/nl\/"},{"@type":"ListItem","position":2,"name":"Vrouw vreest voor airfryer nadat ze misselijkmakende ontdekking doet"}]},{"@type":"WebSite","@id":"https:\/\/www.thebestsocial.media\/nl\/#website","url":"https:\/\/www.thebestsocial.media\/nl\/","name":"The Best Social Media NL","description":"Zoeklicht in de Digital Chaos","potentialAction":[{"@type":"SearchAction","target":{"@type":"EntryPoint","urlTemplate":"https:\/\/www.thebestsocial.media\/nl\/?s={search_term_string}"},"query-input":{"@type":"PropertyValueSpecification","valueRequired":true,"valueName":"search_term_string"}}],"inLanguage":"nl-NL"},{"@type":"Person","@id":"https:\/\/www.thebestsocial.media\/nl\/#\/schema\/person\/771b47c6ddac2541be4ca2a14dce5a9e","name":"Thomas Bakker","image":{"@type":"ImageObject","inLanguage":"nl-NL","@id":"https:\/\/secure.gravatar.com\/avatar\/f964935060dbde6bd046a8ca0e22544cb1295976fe35044f32fb12a9862d903e?s=96&d=mm&r=g","url":"https:\/\/secure.gravatar.com\/avatar\/f964935060dbde6bd046a8ca0e22544cb1295976fe35044f32fb12a9862d903e?s=96&d=mm&r=g","contentUrl":"https:\/\/secure.gravatar.com\/avatar\/f964935060dbde6bd046a8ca0e22544cb1295976fe35044f32fb12a9862d903e?s=96&d=mm&r=g","caption":"Thomas Bakker"},"description":"Student die tijdens het ontlopen van zijn studiewerk altijd op de meest rare kanten van TikTok terechtkomt. Is altijd op de hoogte van alles wat LEGO doet en moet zich 24\/7 inhouden om niet n\u00f3g meer sets te kopen. Krijgt zo veel brainrot-content te zien dat er in de bovenkamer niks meer over is.","sameAs":["https:\/\/www.instagram.com\/thomasbakker___\/","www.linkedin.com\/in\/thomas-bakker-955a66237"],"url":"https:\/\/www.thebestsocial.media\/nl\/author\/thomas\/"}]}},"amp_enabled":true,"_links":{"self":[{"href":"https:\/\/www.thebestsocial.media\/nl\/wp-json\/wp\/v2\/posts\/396702","targetHints":{"allow":["GET"]}}],"collection":[{"href":"https:\/\/www.thebestsocial.media\/nl\/wp-json\/wp\/v2\/posts"}],"about":[{"href":"https:\/\/www.thebestsocial.media\/nl\/wp-json\/wp\/v2\/types\/post"}],"author":[{"embeddable":true,"href":"https:\/\/www.thebestsocial.media\/nl\/wp-json\/wp\/v2\/users\/122"}],"replies":[{"embeddable":true,"href":"https:\/\/www.thebestsocial.media\/nl\/wp-json\/wp\/v2\/comments?post=396702"}],"version-history":[{"count":1,"href":"https:\/\/www.thebestsocial.media\/nl\/wp-json\/wp\/v2\/posts\/396702\/revisions"}],"predecessor-version":[{"id":396710,"href":"https:\/\/www.thebestsocial.media\/nl\/wp-json\/wp\/v2\/posts\/396702\/revisions\/396710"}],"wp:featuredmedia":[{"embeddable":true,"href":"https:\/\/www.thebestsocial.media\/nl\/wp-json\/wp\/v2\/media\/396709"}],"wp:attachment":[{"href":"https:\/\/www.thebestsocial.media\/nl\/wp-json\/wp\/v2\/media?parent=396702"}],"wp:term":[{"taxonomy":"category","embeddable":true,"href":"https:\/\/www.thebestsocial.media\/nl\/wp-json\/wp\/v2\/categories?post=396702"},{"taxonomy":"post_tag","embeddable":true,"href":"https:\/\/www.thebestsocial.media\/nl\/wp-json\/wp\/v2\/tags?post=396702"}],"curies":[{"name":"wp","href":"https:\/\/api.w.org\/{rel}","templated":true}]}}