{"id":396560,"date":"2025-11-28T12:18:45","date_gmt":"2025-11-28T11:18:45","guid":{"rendered":"https:\/\/www.thebestsocial.media\/nl\/?p=396560"},"modified":"2025-11-28T12:18:45","modified_gmt":"2025-11-28T11:18:45","slug":"sinterklaasgedicht-nederlanders-frustraties-liefde","status":"publish","type":"post","link":"https:\/\/www.thebestsocial.media\/nl\/sinterklaasgedicht-nederlanders-frustraties-liefde\/","title":{"rendered":"Makers van gedichten moeten d\u00e9ze frustratie op pakjesavond effe van zich af schrijven"},"content":{"rendered":"<p>Hoi, hallo, effe goed opletten: hierbij een reminder dat je nog maar zeven dagen hebt om de puntjes op de i van je Sinterklaasgedicht te zetten. Het heerlijk\u00a0<a href=\"https:\/\/www.thebestsocial.media\/nl\/videobellen-zoon-vader-vriendin-data\/\" target=\"_blank\" rel=\"noopener\" data-saferedirecturl=\"https:\/\/www.google.com\/url?q=https:\/\/www.thebestsocial.media\/nl\/videobellen-zoon-vader-vriendin-data\/&amp;source=gmail&amp;ust=1764414606997000&amp;usg=AOvVaw0RtOUZ3vN0vgVl5XJep0PY\">avondje<\/a>\u00a0komt er namelijk bijna aan, het kan je bijna niet ontgaan. Zorg wel dat je gedicht volkomen duidelijk geschreven is, want voor je het weet gaat het helemaal mis\u2026<\/p>\n<p>&nbsp;<\/p>\n<h3>1. Je Sinterklaasgedicht lijkt zo goed, totdat anderen vergeten hoe je lezen moet.<\/h3>\n<p><video src=\"https:\/\/www.thebestsocial.media\/nl\/wp-content\/uploads\/tiktok\/7577346211342994720.mp4\" controls width=\"623\" height=\"1108\" style=\"border:0; height:90vh; width:50.625000vh;\"><\/video><\/p>\n<p>&nbsp;<\/p>\n<h3>2. Anderen lachen hier wel om.<\/h3>\n<p><img loading=\"lazy\" decoding=\"async\" class=\"alignnone wp-image-396575 size-full\" src=\"https:\/\/www.thebestsocial.media\/nl\/wp-content\/uploads\/sites\/2\/2025\/11\/gedicht-2-e1764325270406.png\" alt=\"\" width=\"1160\" height=\"282\" srcset=\"https:\/\/www.thebestsocial.media\/nl\/wp-content\/uploads\/sites\/2\/2025\/11\/gedicht-2-e1764325270406.png 1160w, https:\/\/www.thebestsocial.media\/nl\/wp-content\/uploads\/sites\/2\/2025\/11\/gedicht-2-e1764325270406-300x73.png 300w, https:\/\/www.thebestsocial.media\/nl\/wp-content\/uploads\/sites\/2\/2025\/11\/gedicht-2-e1764325270406-1024x249.png 1024w, https:\/\/www.thebestsocial.media\/nl\/wp-content\/uploads\/sites\/2\/2025\/11\/gedicht-2-e1764325270406-768x187.png 768w\" sizes=\"auto, (max-width: 1160px) 100vw, 1160px\" \/><\/p>\n<p>&nbsp;<\/p>\n<h3>3. Maar zo wordt je Sinterklaasgedicht behoorlijk stom.<\/h3>\n<p><img loading=\"lazy\" decoding=\"async\" class=\"alignnone wp-image-396576 size-full\" src=\"https:\/\/www.thebestsocial.media\/nl\/wp-content\/uploads\/sites\/2\/2025\/11\/gedicht-3-e1764325333199.png\" alt=\"\" width=\"973\" height=\"280\" srcset=\"https:\/\/www.thebestsocial.media\/nl\/wp-content\/uploads\/sites\/2\/2025\/11\/gedicht-3-e1764325333199.png 973w, https:\/\/www.thebestsocial.media\/nl\/wp-content\/uploads\/sites\/2\/2025\/11\/gedicht-3-e1764325333199-300x86.png 300w, https:\/\/www.thebestsocial.media\/nl\/wp-content\/uploads\/sites\/2\/2025\/11\/gedicht-3-e1764325333199-768x221.png 768w\" sizes=\"auto, (max-width: 973px) 100vw, 973px\" \/><\/p>\n<p>&nbsp;<\/p>\n<h3>4. Voortaan krijgt iedereen eerst les over hoe je een sinterklaasgedicht moet voorlezen.<\/h3>\n<p><img loading=\"lazy\" decoding=\"async\" class=\"alignnone wp-image-396579 size-full\" src=\"https:\/\/www.thebestsocial.media\/nl\/wp-content\/uploads\/sites\/2\/2025\/11\/gedicht-6-e1764325554446.png\" alt=\"\" width=\"2410\" height=\"270\" srcset=\"https:\/\/www.thebestsocial.media\/nl\/wp-content\/uploads\/sites\/2\/2025\/11\/gedicht-6-e1764325554446.png 2410w, https:\/\/www.thebestsocial.media\/nl\/wp-content\/uploads\/sites\/2\/2025\/11\/gedicht-6-e1764325554446-300x34.png 300w, https:\/\/www.thebestsocial.media\/nl\/wp-content\/uploads\/sites\/2\/2025\/11\/gedicht-6-e1764325554446-1024x115.png 1024w, https:\/\/www.thebestsocial.media\/nl\/wp-content\/uploads\/sites\/2\/2025\/11\/gedicht-6-e1764325554446-768x86.png 768w, https:\/\/www.thebestsocial.media\/nl\/wp-content\/uploads\/sites\/2\/2025\/11\/gedicht-6-e1764325554446-1536x172.png 1536w, https:\/\/www.thebestsocial.media\/nl\/wp-content\/uploads\/sites\/2\/2025\/11\/gedicht-6-e1764325554446-2048x229.png 2048w\" sizes=\"auto, (max-width: 2410px) 100vw, 2410px\" \/><\/p>\n<p>&nbsp;<\/p>\n<h3>5. Dan hoef je hier ook niet meer voor te vrezen.<\/h3>\n<p><img loading=\"lazy\" decoding=\"async\" class=\"alignnone wp-image-396578 size-full\" src=\"https:\/\/www.thebestsocial.media\/nl\/wp-content\/uploads\/sites\/2\/2025\/11\/gedicht-5-e1764325773796.png\" alt=\"\" width=\"1910\" height=\"278\" srcset=\"https:\/\/www.thebestsocial.media\/nl\/wp-content\/uploads\/sites\/2\/2025\/11\/gedicht-5-e1764325773796.png 1910w, https:\/\/www.thebestsocial.media\/nl\/wp-content\/uploads\/sites\/2\/2025\/11\/gedicht-5-e1764325773796-300x44.png 300w, https:\/\/www.thebestsocial.media\/nl\/wp-content\/uploads\/sites\/2\/2025\/11\/gedicht-5-e1764325773796-1024x149.png 1024w, https:\/\/www.thebestsocial.media\/nl\/wp-content\/uploads\/sites\/2\/2025\/11\/gedicht-5-e1764325773796-768x112.png 768w, https:\/\/www.thebestsocial.media\/nl\/wp-content\/uploads\/sites\/2\/2025\/11\/gedicht-5-e1764325773796-1536x224.png 1536w\" sizes=\"auto, (max-width: 1910px) 100vw, 1910px\" \/><\/p>\n<p>&nbsp;<\/p>\n<h3>6. Zelfs zonder dyslexie zijn sommigen gedichten een doorn in het oog.<\/h3>\n<p><img loading=\"lazy\" decoding=\"async\" class=\"alignnone wp-image-396580 size-full\" src=\"https:\/\/www.thebestsocial.media\/nl\/wp-content\/uploads\/sites\/2\/2025\/11\/gedicht-7-e1764325881942.png\" alt=\"\" width=\"787\" height=\"283\" srcset=\"https:\/\/www.thebestsocial.media\/nl\/wp-content\/uploads\/sites\/2\/2025\/11\/gedicht-7-e1764325881942.png 787w, https:\/\/www.thebestsocial.media\/nl\/wp-content\/uploads\/sites\/2\/2025\/11\/gedicht-7-e1764325881942-300x108.png 300w, https:\/\/www.thebestsocial.media\/nl\/wp-content\/uploads\/sites\/2\/2025\/11\/gedicht-7-e1764325881942-768x276.png 768w\" sizes=\"auto, (max-width: 787px) 100vw, 787px\" \/><\/p>\n<p>&nbsp;<\/p>\n<h3>7. Gelukkig blijft de motivatie voor 5 december hoog.<\/h3>\n<p><img loading=\"lazy\" decoding=\"async\" class=\"alignnone wp-image-396574 size-full\" src=\"https:\/\/www.thebestsocial.media\/nl\/wp-content\/uploads\/sites\/2\/2025\/11\/gedicht-1-e1764326226515.png\" alt=\"\" width=\"1015\" height=\"280\" srcset=\"https:\/\/www.thebestsocial.media\/nl\/wp-content\/uploads\/sites\/2\/2025\/11\/gedicht-1-e1764326226515.png 1015w, https:\/\/www.thebestsocial.media\/nl\/wp-content\/uploads\/sites\/2\/2025\/11\/gedicht-1-e1764326226515-300x83.png 300w, https:\/\/www.thebestsocial.media\/nl\/wp-content\/uploads\/sites\/2\/2025\/11\/gedicht-1-e1764326226515-768x212.png 768w\" sizes=\"auto, (max-width: 1015px) 100vw, 1015px\" \/><\/p>\n<p>&nbsp;<\/p>\n<h3>8. Om deze frustratie te voorkomen, is dit misschien wel de oplossing om van te dromen.\u00a0 <img loading=\"lazy\" decoding=\"async\" class=\"alignnone wp-image-396577 size-full\" src=\"https:\/\/www.thebestsocial.media\/nl\/wp-content\/uploads\/sites\/2\/2025\/11\/gedicht-4-e1764326288575.png\" alt=\"\" width=\"1788\" height=\"280\" srcset=\"https:\/\/www.thebestsocial.media\/nl\/wp-content\/uploads\/sites\/2\/2025\/11\/gedicht-4-e1764326288575.png 1788w, https:\/\/www.thebestsocial.media\/nl\/wp-content\/uploads\/sites\/2\/2025\/11\/gedicht-4-e1764326288575-300x47.png 300w, https:\/\/www.thebestsocial.media\/nl\/wp-content\/uploads\/sites\/2\/2025\/11\/gedicht-4-e1764326288575-1024x160.png 1024w, https:\/\/www.thebestsocial.media\/nl\/wp-content\/uploads\/sites\/2\/2025\/11\/gedicht-4-e1764326288575-768x120.png 768w, https:\/\/www.thebestsocial.media\/nl\/wp-content\/uploads\/sites\/2\/2025\/11\/gedicht-4-e1764326288575-1536x241.png 1536w\" sizes=\"auto, (max-width: 1788px) 100vw, 1788px\" \/><\/h3>\n<p>&nbsp;<\/p>\n<p><strong>Agencies en bedrijven kunnen tot en met dinsdag 2 december inzenden voor The Best Social Awards. Wacht dus niet langer, check snel alle algemene voorwaarden op de website \u00e9n zend nu je case in voor (\u00e9\u00e9n van) de Business-categorie\u00ebn van de twaalfde editie van <a href=\"https:\/\/thebestsocialawards.nl\" target=\"_blank\" rel=\"noopener\">The Best Social Awards<\/a>. <\/strong><\/p>\n<blockquote class=\"instagram-media\" style=\"background: #FFF; border: 0; border-radius: 3px; box-shadow: 0 0 1px 0 rgba(0,0,0,0.5),0 1px 10px 0 rgba(0,0,0,0.15); margin: 1px; max-width: 540px; min-width: 326px; padding: 0; width: calc(100% - 2px);\" data-instgrm-captioned=\"\" data-instgrm-permalink=\"https:\/\/www.instagram.com\/reel\/DQYs5HHjAwT\/?utm_source=ig_embed&amp;utm_campaign=loading\" data-instgrm-version=\"14\">\n<div style=\"padding: 16px;\">\n<p>&nbsp;<\/p>\n<div style=\"display: flex; flex-direction: row; align-items: center;\">\n<div style=\"background-color: #f4f4f4; border-radius: 50%; flex-grow: 0; height: 40px; margin-right: 14px; width: 40px;\"><\/div>\n<div style=\"display: flex; flex-direction: column; flex-grow: 1; justify-content: center;\">\n<div style=\"background-color: #f4f4f4; border-radius: 4px; flex-grow: 0; height: 14px; margin-bottom: 6px; width: 100px;\"><\/div>\n<div style=\"background-color: #f4f4f4; border-radius: 4px; flex-grow: 0; height: 14px; width: 60px;\"><\/div>\n<\/div>\n<\/div>\n<div style=\"padding: 19% 0;\"><\/div>\n<div style=\"display: block; height: 50px; margin: 0 auto 12px; width: 50px;\"><\/div>\n<div style=\"padding-top: 8px;\">\n<div style=\"color: #3897f0; font-family: Arial,sans-serif; font-size: 14px; font-style: normal; font-weight: 550; line-height: 18px;\">View this post on Instagram<\/div>\n<\/div>\n<div style=\"padding: 12.5% 0;\"><\/div>\n<div style=\"display: flex; flex-direction: row; margin-bottom: 14px; align-items: center;\">\n<div>\n<div style=\"background-color: #f4f4f4; border-radius: 50%; height: 12.5px; width: 12.5px; transform: translateX(0px) translateY(7px);\"><\/div>\n<div style=\"background-color: #f4f4f4; height: 12.5px; transform: rotate(-45deg) translateX(3px) translateY(1px); width: 12.5px; flex-grow: 0; margin-right: 14px; margin-left: 2px;\"><\/div>\n<div style=\"background-color: #f4f4f4; border-radius: 50%; height: 12.5px; width: 12.5px; transform: translateX(9px) translateY(-18px);\"><\/div>\n<\/div>\n<div style=\"margin-left: 8px;\">\n<div style=\"background-color: #f4f4f4; border-radius: 50%; flex-grow: 0; height: 20px; width: 20px;\"><\/div>\n<div style=\"width: 0; height: 0; border-top: 2px solid transparent; border-left: 6px solid #f4f4f4; border-bottom: 2px solid transparent; transform: translateX(16px) translateY(-4px) rotate(30deg);\"><\/div>\n<\/div>\n<div style=\"margin-left: auto;\">\n<div style=\"width: 0px; border-top: 8px solid #F4F4F4; border-right: 8px solid transparent; transform: translateY(16px);\"><\/div>\n<div style=\"background-color: #f4f4f4; flex-grow: 0; height: 12px; width: 16px; transform: translateY(-4px);\"><\/div>\n<div style=\"width: 0; height: 0; border-top: 8px solid #F4F4F4; border-left: 8px solid transparent; transform: translateY(-4px) translateX(8px);\"><\/div>\n<\/div>\n<\/div>\n<div style=\"display: flex; flex-direction: column; flex-grow: 1; justify-content: center; margin-bottom: 24px;\">\n<div style=\"background-color: #f4f4f4; border-radius: 4px; flex-grow: 0; height: 14px; margin-bottom: 6px; width: 224px;\"><\/div>\n<div style=\"background-color: #f4f4f4; border-radius: 4px; flex-grow: 0; height: 14px; width: 144px;\"><\/div>\n<\/div>\n<p>&nbsp;<\/p>\n<p style=\"color: #c9c8cd; font-family: Arial,sans-serif; font-size: 14px; line-height: 17px; margin-bottom: 0; margin-top: 8px; overflow: hidden; padding: 8px 0 7px; text-align: center; text-overflow: ellipsis; white-space: nowrap;\"><a style=\"color: #c9c8cd; font-family: Arial,sans-serif; font-size: 14px; font-style: normal; font-weight: normal; line-height: 17px; text-decoration: none;\" href=\"https:\/\/www.instagram.com\/reel\/DQYs5HHjAwT\/?utm_source=ig_embed&amp;utm_campaign=loading\" target=\"_blank\" rel=\"noopener\">A post shared by The Best Social Awards (@thebestsocialawards)<\/a><\/p>\n<\/div>\n<\/blockquote>\n\n<h3><\/h3>\n<script async defer src=\"\/instagram-embed.js\"><\/script>","protected":false},"excerpt":{"rendered":"<p>Hoi, hallo, effe goed opletten: hierbij een reminder dat je nog maar zeven dagen hebt om de puntjes op de i van je Sinterklaasgedicht te&#8230;<\/p>\n","protected":false},"author":117,"featured_media":396593,"comment_status":"open","ping_status":"open","sticky":false,"template":"","format":"standard","meta":{"_acf_changed":false,"footnotes":""},"categories":[16,17],"tags":[3434,1733,1297],"class_list":["post-396560","post","type-post","status-publish","format-standard","has-post-thumbnail","hentry","category-blogs","category-nieuws","tag-frustratie","tag-gedicht","tag-sinterklaas"],"acf":[],"yoast_head":"<!-- This site is optimized with the Yoast SEO plugin v27.5 - https:\/\/yoast.com\/product\/yoast-seo-wordpress\/ -->\n<title>Makers van gedichten moeten d\u00e9ze frustratie op pakjesavond effe van zich af schrijven<\/title>\n<meta name=\"description\" content=\"Imke deelt een grote frustratie over het lezen van een sinterklaasgedicht en ook anderen vinden dit rijp voor het gesticht.\" \/>\n<meta name=\"robots\" content=\"index, follow, max-snippet:-1, max-image-preview:large, max-video-preview:-1\" \/>\n<link rel=\"canonical\" href=\"https:\/\/www.thebestsocial.media\/nl\/sinterklaasgedicht-nederlanders-frustraties-liefde\/\" \/>\n<meta property=\"og:locale\" content=\"nl_NL\" \/>\n<meta property=\"og:type\" content=\"article\" \/>\n<meta property=\"og:title\" content=\"Makers van gedichten moeten d\u00e9ze frustratie op pakjesavond effe van zich af schrijven\" \/>\n<meta property=\"og:description\" content=\"Imke deelt een grote frustratie over het lezen van een sinterklaasgedicht en ook anderen vinden dit rijp voor het gesticht.\" \/>\n<meta property=\"og:url\" content=\"https:\/\/www.thebestsocial.media\/nl\/sinterklaasgedicht-nederlanders-frustraties-liefde\/\" \/>\n<meta property=\"og:site_name\" content=\"The Best Social Media NL\" \/>\n<meta property=\"article:published_time\" content=\"2025-11-28T11:18:45+00:00\" \/>\n<meta property=\"og:image\" content=\"https:\/\/www.thebestsocial.media\/nl\/wp-content\/uploads\/sites\/2\/2025\/11\/gedicht-header-social-1.png\" \/>\n\t<meta property=\"og:image:width\" content=\"1200\" \/>\n\t<meta property=\"og:image:height\" content=\"630\" \/>\n\t<meta property=\"og:image:type\" content=\"image\/png\" \/>\n<meta name=\"author\" content=\"Yke\" \/>\n<meta name=\"twitter:card\" content=\"summary_large_image\" \/>\n<meta name=\"twitter:label1\" content=\"Geschreven door\" \/>\n\t<meta name=\"twitter:data1\" content=\"Yke\" \/>\n\t<meta name=\"twitter:label2\" content=\"Geschatte leestijd\" \/>\n\t<meta name=\"twitter:data2\" content=\"3 minuten\" \/>\n<script type=\"application\/ld+json\" class=\"yoast-schema-graph\">{\"@context\":\"https:\\\/\\\/schema.org\",\"@graph\":[{\"@type\":\"Article\",\"@id\":\"https:\\\/\\\/www.thebestsocial.media\\\/nl\\\/sinterklaasgedicht-nederlanders-frustraties-liefde\\\/#article\",\"isPartOf\":{\"@id\":\"https:\\\/\\\/www.thebestsocial.media\\\/nl\\\/sinterklaasgedicht-nederlanders-frustraties-liefde\\\/\"},\"author\":{\"name\":\"Yke\",\"@id\":\"https:\\\/\\\/www.thebestsocial.media\\\/nl\\\/#\\\/schema\\\/person\\\/8606b82fba0c8f0e9bb0a37141b1e076\"},\"headline\":\"Makers van gedichten moeten d\u00e9ze frustratie op pakjesavond effe van zich af schrijven\",\"datePublished\":\"2025-11-28T11:18:45+00:00\",\"mainEntityOfPage\":{\"@id\":\"https:\\\/\\\/www.thebestsocial.media\\\/nl\\\/sinterklaasgedicht-nederlanders-frustraties-liefde\\\/\"},\"wordCount\":240,\"commentCount\":0,\"image\":{\"@id\":\"https:\\\/\\\/www.thebestsocial.media\\\/nl\\\/sinterklaasgedicht-nederlanders-frustraties-liefde\\\/#primaryimage\"},\"thumbnailUrl\":\"https:\\\/\\\/www.thebestsocial.media\\\/nl\\\/wp-content\\\/uploads\\\/sites\\\/2\\\/2025\\\/11\\\/gedicht-header-1.png\",\"keywords\":[\"frustratie\",\"gedicht\",\"sinterklaas\"],\"articleSection\":[\"Blogs\",\"Nieuws\"],\"inLanguage\":\"nl-NL\",\"potentialAction\":[{\"@type\":\"CommentAction\",\"name\":\"Comment\",\"target\":[\"https:\\\/\\\/www.thebestsocial.media\\\/nl\\\/sinterklaasgedicht-nederlanders-frustraties-liefde\\\/#respond\"]}]},{\"@type\":\"WebPage\",\"@id\":\"https:\\\/\\\/www.thebestsocial.media\\\/nl\\\/sinterklaasgedicht-nederlanders-frustraties-liefde\\\/\",\"url\":\"https:\\\/\\\/www.thebestsocial.media\\\/nl\\\/sinterklaasgedicht-nederlanders-frustraties-liefde\\\/\",\"name\":\"Makers van gedichten moeten d\u00e9ze frustratie op pakjesavond effe van zich af schrijven\",\"isPartOf\":{\"@id\":\"https:\\\/\\\/www.thebestsocial.media\\\/nl\\\/#website\"},\"primaryImageOfPage\":{\"@id\":\"https:\\\/\\\/www.thebestsocial.media\\\/nl\\\/sinterklaasgedicht-nederlanders-frustraties-liefde\\\/#primaryimage\"},\"image\":{\"@id\":\"https:\\\/\\\/www.thebestsocial.media\\\/nl\\\/sinterklaasgedicht-nederlanders-frustraties-liefde\\\/#primaryimage\"},\"thumbnailUrl\":\"https:\\\/\\\/www.thebestsocial.media\\\/nl\\\/wp-content\\\/uploads\\\/sites\\\/2\\\/2025\\\/11\\\/gedicht-header-1.png\",\"datePublished\":\"2025-11-28T11:18:45+00:00\",\"author\":{\"@id\":\"https:\\\/\\\/www.thebestsocial.media\\\/nl\\\/#\\\/schema\\\/person\\\/8606b82fba0c8f0e9bb0a37141b1e076\"},\"description\":\"Imke deelt een grote frustratie over het lezen van een sinterklaasgedicht en ook anderen vinden dit rijp voor het gesticht.\",\"breadcrumb\":{\"@id\":\"https:\\\/\\\/www.thebestsocial.media\\\/nl\\\/sinterklaasgedicht-nederlanders-frustraties-liefde\\\/#breadcrumb\"},\"inLanguage\":\"nl-NL\",\"potentialAction\":[{\"@type\":\"ReadAction\",\"target\":[\"https:\\\/\\\/www.thebestsocial.media\\\/nl\\\/sinterklaasgedicht-nederlanders-frustraties-liefde\\\/\"]}]},{\"@type\":\"ImageObject\",\"inLanguage\":\"nl-NL\",\"@id\":\"https:\\\/\\\/www.thebestsocial.media\\\/nl\\\/sinterklaasgedicht-nederlanders-frustraties-liefde\\\/#primaryimage\",\"url\":\"https:\\\/\\\/www.thebestsocial.media\\\/nl\\\/wp-content\\\/uploads\\\/sites\\\/2\\\/2025\\\/11\\\/gedicht-header-1.png\",\"contentUrl\":\"https:\\\/\\\/www.thebestsocial.media\\\/nl\\\/wp-content\\\/uploads\\\/sites\\\/2\\\/2025\\\/11\\\/gedicht-header-1.png\",\"width\":1200,\"height\":630},{\"@type\":\"BreadcrumbList\",\"@id\":\"https:\\\/\\\/www.thebestsocial.media\\\/nl\\\/sinterklaasgedicht-nederlanders-frustraties-liefde\\\/#breadcrumb\",\"itemListElement\":[{\"@type\":\"ListItem\",\"position\":1,\"name\":\"Home\",\"item\":\"https:\\\/\\\/www.thebestsocial.media\\\/nl\\\/\"},{\"@type\":\"ListItem\",\"position\":2,\"name\":\"Makers van gedichten moeten d\u00e9ze frustratie op pakjesavond effe van zich af schrijven\"}]},{\"@type\":\"WebSite\",\"@id\":\"https:\\\/\\\/www.thebestsocial.media\\\/nl\\\/#website\",\"url\":\"https:\\\/\\\/www.thebestsocial.media\\\/nl\\\/\",\"name\":\"The Best Social Media NL\",\"description\":\"Zoeklicht in de Digital Chaos\",\"potentialAction\":[{\"@type\":\"SearchAction\",\"target\":{\"@type\":\"EntryPoint\",\"urlTemplate\":\"https:\\\/\\\/www.thebestsocial.media\\\/nl\\\/?s={search_term_string}\"},\"query-input\":{\"@type\":\"PropertyValueSpecification\",\"valueRequired\":true,\"valueName\":\"search_term_string\"}}],\"inLanguage\":\"nl-NL\"},{\"@type\":\"Person\",\"@id\":\"https:\\\/\\\/www.thebestsocial.media\\\/nl\\\/#\\\/schema\\\/person\\\/8606b82fba0c8f0e9bb0a37141b1e076\",\"name\":\"Yke\",\"image\":{\"@type\":\"ImageObject\",\"inLanguage\":\"nl-NL\",\"@id\":\"https:\\\/\\\/secure.gravatar.com\\\/avatar\\\/5672717b902c9d1318b61229ca6af1f6d3a209dceabb66b84761e03a46fab6fc?s=96&d=mm&r=g\",\"url\":\"https:\\\/\\\/secure.gravatar.com\\\/avatar\\\/5672717b902c9d1318b61229ca6af1f6d3a209dceabb66b84761e03a46fab6fc?s=96&d=mm&r=g\",\"contentUrl\":\"https:\\\/\\\/secure.gravatar.com\\\/avatar\\\/5672717b902c9d1318b61229ca6af1f6d3a209dceabb66b84761e03a46fab6fc?s=96&d=mm&r=g\",\"caption\":\"Yke\"},\"description\":\"Stiekem nog een student die nog lang niet klaar is voor het volwassen leven. Heeft een enorme hekel aan regen en kou, ondanks dat dat het perfecte weer is om TikTok uit te spelen (en ze dat dan wel weer graag doet). Weet de meest random feitjes en is onnodig trots op haar Duolingo streak.\",\"sameAs\":[\"https:\\\/\\\/www.instagram.com\\\/ykevandersalmxx\\\/\",\"https:\\\/\\\/www.linkedin.com\\\/in\\\/yke-van-der-salm-212309299\\\/\"],\"url\":\"https:\\\/\\\/www.thebestsocial.media\\\/nl\\\/author\\\/yke2023\\\/\"}]}<\/script>\n<!-- \/ Yoast SEO plugin. -->","yoast_head_json":{"title":"Makers van gedichten moeten d\u00e9ze frustratie op pakjesavond effe van zich af schrijven","description":"Imke deelt een grote frustratie over het lezen van een sinterklaasgedicht en ook anderen vinden dit rijp voor het gesticht.","robots":{"index":"index","follow":"follow","max-snippet":"max-snippet:-1","max-image-preview":"max-image-preview:large","max-video-preview":"max-video-preview:-1"},"canonical":"https:\/\/www.thebestsocial.media\/nl\/sinterklaasgedicht-nederlanders-frustraties-liefde\/","og_locale":"nl_NL","og_type":"article","og_title":"Makers van gedichten moeten d\u00e9ze frustratie op pakjesavond effe van zich af schrijven","og_description":"Imke deelt een grote frustratie over het lezen van een sinterklaasgedicht en ook anderen vinden dit rijp voor het gesticht.","og_url":"https:\/\/www.thebestsocial.media\/nl\/sinterklaasgedicht-nederlanders-frustraties-liefde\/","og_site_name":"The Best Social Media NL","article_published_time":"2025-11-28T11:18:45+00:00","og_image":[{"width":1200,"height":630,"url":"https:\/\/www.thebestsocial.media\/nl\/wp-content\/uploads\/sites\/2\/2025\/11\/gedicht-header-social-1.png","type":"image\/png"}],"author":"Yke","twitter_card":"summary_large_image","twitter_misc":{"Geschreven door":"Yke","Geschatte leestijd":"3 minuten"},"schema":{"@context":"https:\/\/schema.org","@graph":[{"@type":"Article","@id":"https:\/\/www.thebestsocial.media\/nl\/sinterklaasgedicht-nederlanders-frustraties-liefde\/#article","isPartOf":{"@id":"https:\/\/www.thebestsocial.media\/nl\/sinterklaasgedicht-nederlanders-frustraties-liefde\/"},"author":{"name":"Yke","@id":"https:\/\/www.thebestsocial.media\/nl\/#\/schema\/person\/8606b82fba0c8f0e9bb0a37141b1e076"},"headline":"Makers van gedichten moeten d\u00e9ze frustratie op pakjesavond effe van zich af schrijven","datePublished":"2025-11-28T11:18:45+00:00","mainEntityOfPage":{"@id":"https:\/\/www.thebestsocial.media\/nl\/sinterklaasgedicht-nederlanders-frustraties-liefde\/"},"wordCount":240,"commentCount":0,"image":{"@id":"https:\/\/www.thebestsocial.media\/nl\/sinterklaasgedicht-nederlanders-frustraties-liefde\/#primaryimage"},"thumbnailUrl":"https:\/\/www.thebestsocial.media\/nl\/wp-content\/uploads\/sites\/2\/2025\/11\/gedicht-header-1.png","keywords":["frustratie","gedicht","sinterklaas"],"articleSection":["Blogs","Nieuws"],"inLanguage":"nl-NL","potentialAction":[{"@type":"CommentAction","name":"Comment","target":["https:\/\/www.thebestsocial.media\/nl\/sinterklaasgedicht-nederlanders-frustraties-liefde\/#respond"]}]},{"@type":"WebPage","@id":"https:\/\/www.thebestsocial.media\/nl\/sinterklaasgedicht-nederlanders-frustraties-liefde\/","url":"https:\/\/www.thebestsocial.media\/nl\/sinterklaasgedicht-nederlanders-frustraties-liefde\/","name":"Makers van gedichten moeten d\u00e9ze frustratie op pakjesavond effe van zich af schrijven","isPartOf":{"@id":"https:\/\/www.thebestsocial.media\/nl\/#website"},"primaryImageOfPage":{"@id":"https:\/\/www.thebestsocial.media\/nl\/sinterklaasgedicht-nederlanders-frustraties-liefde\/#primaryimage"},"image":{"@id":"https:\/\/www.thebestsocial.media\/nl\/sinterklaasgedicht-nederlanders-frustraties-liefde\/#primaryimage"},"thumbnailUrl":"https:\/\/www.thebestsocial.media\/nl\/wp-content\/uploads\/sites\/2\/2025\/11\/gedicht-header-1.png","datePublished":"2025-11-28T11:18:45+00:00","author":{"@id":"https:\/\/www.thebestsocial.media\/nl\/#\/schema\/person\/8606b82fba0c8f0e9bb0a37141b1e076"},"description":"Imke deelt een grote frustratie over het lezen van een sinterklaasgedicht en ook anderen vinden dit rijp voor het gesticht.","breadcrumb":{"@id":"https:\/\/www.thebestsocial.media\/nl\/sinterklaasgedicht-nederlanders-frustraties-liefde\/#breadcrumb"},"inLanguage":"nl-NL","potentialAction":[{"@type":"ReadAction","target":["https:\/\/www.thebestsocial.media\/nl\/sinterklaasgedicht-nederlanders-frustraties-liefde\/"]}]},{"@type":"ImageObject","inLanguage":"nl-NL","@id":"https:\/\/www.thebestsocial.media\/nl\/sinterklaasgedicht-nederlanders-frustraties-liefde\/#primaryimage","url":"https:\/\/www.thebestsocial.media\/nl\/wp-content\/uploads\/sites\/2\/2025\/11\/gedicht-header-1.png","contentUrl":"https:\/\/www.thebestsocial.media\/nl\/wp-content\/uploads\/sites\/2\/2025\/11\/gedicht-header-1.png","width":1200,"height":630},{"@type":"BreadcrumbList","@id":"https:\/\/www.thebestsocial.media\/nl\/sinterklaasgedicht-nederlanders-frustraties-liefde\/#breadcrumb","itemListElement":[{"@type":"ListItem","position":1,"name":"Home","item":"https:\/\/www.thebestsocial.media\/nl\/"},{"@type":"ListItem","position":2,"name":"Makers van gedichten moeten d\u00e9ze frustratie op pakjesavond effe van zich af schrijven"}]},{"@type":"WebSite","@id":"https:\/\/www.thebestsocial.media\/nl\/#website","url":"https:\/\/www.thebestsocial.media\/nl\/","name":"The Best Social Media NL","description":"Zoeklicht in de Digital Chaos","potentialAction":[{"@type":"SearchAction","target":{"@type":"EntryPoint","urlTemplate":"https:\/\/www.thebestsocial.media\/nl\/?s={search_term_string}"},"query-input":{"@type":"PropertyValueSpecification","valueRequired":true,"valueName":"search_term_string"}}],"inLanguage":"nl-NL"},{"@type":"Person","@id":"https:\/\/www.thebestsocial.media\/nl\/#\/schema\/person\/8606b82fba0c8f0e9bb0a37141b1e076","name":"Yke","image":{"@type":"ImageObject","inLanguage":"nl-NL","@id":"https:\/\/secure.gravatar.com\/avatar\/5672717b902c9d1318b61229ca6af1f6d3a209dceabb66b84761e03a46fab6fc?s=96&d=mm&r=g","url":"https:\/\/secure.gravatar.com\/avatar\/5672717b902c9d1318b61229ca6af1f6d3a209dceabb66b84761e03a46fab6fc?s=96&d=mm&r=g","contentUrl":"https:\/\/secure.gravatar.com\/avatar\/5672717b902c9d1318b61229ca6af1f6d3a209dceabb66b84761e03a46fab6fc?s=96&d=mm&r=g","caption":"Yke"},"description":"Stiekem nog een student die nog lang niet klaar is voor het volwassen leven. Heeft een enorme hekel aan regen en kou, ondanks dat dat het perfecte weer is om TikTok uit te spelen (en ze dat dan wel weer graag doet). Weet de meest random feitjes en is onnodig trots op haar Duolingo streak.","sameAs":["https:\/\/www.instagram.com\/ykevandersalmxx\/","https:\/\/www.linkedin.com\/in\/yke-van-der-salm-212309299\/"],"url":"https:\/\/www.thebestsocial.media\/nl\/author\/yke2023\/"}]}},"amp_enabled":true,"_links":{"self":[{"href":"https:\/\/www.thebestsocial.media\/nl\/wp-json\/wp\/v2\/posts\/396560","targetHints":{"allow":["GET"]}}],"collection":[{"href":"https:\/\/www.thebestsocial.media\/nl\/wp-json\/wp\/v2\/posts"}],"about":[{"href":"https:\/\/www.thebestsocial.media\/nl\/wp-json\/wp\/v2\/types\/post"}],"author":[{"embeddable":true,"href":"https:\/\/www.thebestsocial.media\/nl\/wp-json\/wp\/v2\/users\/117"}],"replies":[{"embeddable":true,"href":"https:\/\/www.thebestsocial.media\/nl\/wp-json\/wp\/v2\/comments?post=396560"}],"version-history":[{"count":3,"href":"https:\/\/www.thebestsocial.media\/nl\/wp-json\/wp\/v2\/posts\/396560\/revisions"}],"predecessor-version":[{"id":396597,"href":"https:\/\/www.thebestsocial.media\/nl\/wp-json\/wp\/v2\/posts\/396560\/revisions\/396597"}],"wp:featuredmedia":[{"embeddable":true,"href":"https:\/\/www.thebestsocial.media\/nl\/wp-json\/wp\/v2\/media\/396593"}],"wp:attachment":[{"href":"https:\/\/www.thebestsocial.media\/nl\/wp-json\/wp\/v2\/media?parent=396560"}],"wp:term":[{"taxonomy":"category","embeddable":true,"href":"https:\/\/www.thebestsocial.media\/nl\/wp-json\/wp\/v2\/categories?post=396560"},{"taxonomy":"post_tag","embeddable":true,"href":"https:\/\/www.thebestsocial.media\/nl\/wp-json\/wp\/v2\/tags?post=396560"}],"curies":[{"name":"wp","href":"https:\/\/api.w.org\/{rel}","templated":true}]}}