{"id":396130,"date":"2025-11-26T17:24:55","date_gmt":"2025-11-26T16:24:55","guid":{"rendered":"https:\/\/www.thebestsocial.media\/nl\/?p=396130"},"modified":"2025-11-26T17:24:55","modified_gmt":"2025-11-26T16:24:55","slug":"moeder-foto-dochter","status":"publish","type":"post","link":"https:\/\/www.thebestsocial.media\/nl\/moeder-foto-dochter\/","title":{"rendered":"Moeder denkt dat dochter normale schooldag heeft gehad maar foto in groepsapp bewijst tegendeel"},"content":{"rendered":"<p>Kinderen zien over het algemeen geen gevaar. Ze rijden met hun driewieler van een halfpipe, klimmen in een boom van zes meter hoog of stoppen w\u00e9\u00e9r een <a href=\"https:\/\/www.thebestsocial.media\/nl\/eigenaar-speelgoedwinkel-doet-erg-gekke-ontdekking-op-lego-verpakking-opmerkelijk\/\" target=\"_blank\" rel=\"noopener\">legoblokje<\/a> in hun neus.\u00a0Als ouder houd je je hart vast. <a href=\"https:\/\/www.threads.com\/@supermirjam_\/post\/DRfNzEoAmDe?xmt=AQF0OU7vSP8XilhrW6vXOihv-sAreZxFavSv3G4hG8YdHPSUoe-uaKD4QwXWartBGp5nn1I&amp;slof=1\" target=\"_blank\" rel=\"noopener\">Mirjam<\/a> krijgt van haar dochter te horen dat het \u2018goed\u2019 ging op school, maar dan verschijnt\u00a0\u00a0er ineens een bijzondere foto in de klassenapp&#8230;<\/p>\n<p>&nbsp;<\/p>\n<h3>1. Het woord \u2018angst\u2019 komt niet in het woordenboek van Mirjams dochter voor.<\/h3>\n<p><img loading=\"lazy\" decoding=\"async\" class=\"alignnone wp-image-396144 size-large\" src=\"https:\/\/www.thebestsocial.media\/nl\/wp-content\/uploads\/sites\/2\/2025\/11\/kind-6-653x1024.png\" alt=\"dochter\" width=\"653\" height=\"1024\" srcset=\"https:\/\/www.thebestsocial.media\/nl\/wp-content\/uploads\/sites\/2\/2025\/11\/kind-6-653x1024.png 653w, https:\/\/www.thebestsocial.media\/nl\/wp-content\/uploads\/sites\/2\/2025\/11\/kind-6-191x300.png 191w, https:\/\/www.thebestsocial.media\/nl\/wp-content\/uploads\/sites\/2\/2025\/11\/kind-6-768x1204.png 768w, https:\/\/www.thebestsocial.media\/nl\/wp-content\/uploads\/sites\/2\/2025\/11\/kind-6.png 800w\" sizes=\"auto, (max-width: 653px) 100vw, 653px\" \/><\/p>\n<p>&nbsp;<\/p>\n<h3>2. Blijkbaar is dit geen vak apart voor basisscholen.<\/h3>\n<p><img loading=\"lazy\" decoding=\"async\" class=\"alignnone wp-image-396142 size-full\" src=\"https:\/\/www.thebestsocial.media\/nl\/wp-content\/uploads\/sites\/2\/2025\/11\/kind-5.png\" alt=\"dochter\" width=\"856\" height=\"216\" srcset=\"https:\/\/www.thebestsocial.media\/nl\/wp-content\/uploads\/sites\/2\/2025\/11\/kind-5.png 856w, https:\/\/www.thebestsocial.media\/nl\/wp-content\/uploads\/sites\/2\/2025\/11\/kind-5-300x76.png 300w, https:\/\/www.thebestsocial.media\/nl\/wp-content\/uploads\/sites\/2\/2025\/11\/kind-5-768x194.png 768w\" sizes=\"auto, (max-width: 856px) 100vw, 856px\" \/><\/p>\n<p>&nbsp;<\/p>\n<h3>3. Ze geeft gewoon effe het goede voorbeeld.<\/h3>\n<p><img loading=\"lazy\" decoding=\"async\" class=\"alignnone wp-image-396141 size-full\" src=\"https:\/\/www.thebestsocial.media\/nl\/wp-content\/uploads\/sites\/2\/2025\/11\/kind-4.png\" alt=\"dochter\" width=\"890\" height=\"212\" srcset=\"https:\/\/www.thebestsocial.media\/nl\/wp-content\/uploads\/sites\/2\/2025\/11\/kind-4.png 890w, https:\/\/www.thebestsocial.media\/nl\/wp-content\/uploads\/sites\/2\/2025\/11\/kind-4-300x71.png 300w, https:\/\/www.thebestsocial.media\/nl\/wp-content\/uploads\/sites\/2\/2025\/11\/kind-4-768x183.png 768w\" sizes=\"auto, (max-width: 890px) 100vw, 890px\" \/><\/p>\n<p>&nbsp;<\/p>\n<h3>4. Je kind houdt een slang vast, jij je hart.<\/h3>\n<p><img loading=\"lazy\" decoding=\"async\" class=\"alignnone wp-image-396140 size-large\" src=\"https:\/\/www.thebestsocial.media\/nl\/wp-content\/uploads\/sites\/2\/2025\/11\/kind-3-757x1024.png\" alt=\"slang\" width=\"757\" height=\"1024\" srcset=\"https:\/\/www.thebestsocial.media\/nl\/wp-content\/uploads\/sites\/2\/2025\/11\/kind-3-757x1024.png 757w, https:\/\/www.thebestsocial.media\/nl\/wp-content\/uploads\/sites\/2\/2025\/11\/kind-3-222x300.png 222w, https:\/\/www.thebestsocial.media\/nl\/wp-content\/uploads\/sites\/2\/2025\/11\/kind-3-768x1038.png 768w, https:\/\/www.thebestsocial.media\/nl\/wp-content\/uploads\/sites\/2\/2025\/11\/kind-3.png 784w\" sizes=\"auto, (max-width: 757px) 100vw, 757px\" \/><\/p>\n<p>&nbsp;<\/p>\n<h3>5. Deze moeder zou gegarandeerd door het geluid gaan als ze dit te zien krijgt.<\/h3>\n<p><img loading=\"lazy\" decoding=\"async\" class=\"alignnone wp-image-396139 size-full\" src=\"https:\/\/www.thebestsocial.media\/nl\/wp-content\/uploads\/sites\/2\/2025\/11\/kind-2.png\" alt=\"slang\" width=\"866\" height=\"212\" srcset=\"https:\/\/www.thebestsocial.media\/nl\/wp-content\/uploads\/sites\/2\/2025\/11\/kind-2.png 866w, https:\/\/www.thebestsocial.media\/nl\/wp-content\/uploads\/sites\/2\/2025\/11\/kind-2-300x73.png 300w, https:\/\/www.thebestsocial.media\/nl\/wp-content\/uploads\/sites\/2\/2025\/11\/kind-2-768x188.png 768w\" sizes=\"auto, (max-width: 866px) 100vw, 866px\" \/><\/p>\n<p>&nbsp;<\/p>\n<h3>6. Mirjam kan er gif op innemen dat er over een jaar een slang in huis rondkruipt.<\/h3>\n<p><img loading=\"lazy\" decoding=\"async\" class=\"alignnone wp-image-396138 size-full\" src=\"https:\/\/www.thebestsocial.media\/nl\/wp-content\/uploads\/sites\/2\/2025\/11\/kind-1.png\" alt=\"dochter\" width=\"934\" height=\"378\" srcset=\"https:\/\/www.thebestsocial.media\/nl\/wp-content\/uploads\/sites\/2\/2025\/11\/kind-1.png 934w, https:\/\/www.thebestsocial.media\/nl\/wp-content\/uploads\/sites\/2\/2025\/11\/kind-1-300x121.png 300w, https:\/\/www.thebestsocial.media\/nl\/wp-content\/uploads\/sites\/2\/2025\/11\/kind-1-768x311.png 768w\" sizes=\"auto, (max-width: 934px) 100vw, 934px\" \/><\/p>\n<p>&nbsp;<\/p>\n<p><strong>Agencies en bedrijven kunnen tot en met dinsdag 2 december inzenden voor The Best Social Awards. Wacht dus niet langer, check snel alle algemene voorwaarden op de website \u00e9n zend nu je case in voor (\u00e9\u00e9n van) de Business-categorie\u00ebn van de twaalfde editie van <a href=\"https:\/\/thebestsocialawards.nl\" target=\"_blank\" rel=\"noopener\">The Best Social Awards<\/a>. <\/strong><\/p>\n<blockquote class=\"instagram-media\" style=\"background: #FFF; border: 0; border-radius: 3px; box-shadow: 0 0 1px 0 rgba(0,0,0,0.5),0 1px 10px 0 rgba(0,0,0,0.15); margin: 1px; max-width: 540px; min-width: 326px; padding: 0; width: calc(100% - 2px);\" data-instgrm-captioned=\"\" data-instgrm-permalink=\"https:\/\/www.instagram.com\/reel\/DQYs5HHjAwT\/?utm_source=ig_embed&amp;utm_campaign=loading\" data-instgrm-version=\"14\">\n<div style=\"padding: 16px;\">\n<p>&nbsp;<\/p>\n<div style=\"display: flex; flex-direction: row; align-items: center;\">\n<div style=\"background-color: #f4f4f4; border-radius: 50%; flex-grow: 0; height: 40px; margin-right: 14px; width: 40px;\"><\/div>\n<div style=\"display: flex; flex-direction: column; flex-grow: 1; justify-content: center;\">\n<div style=\"background-color: #f4f4f4; border-radius: 4px; flex-grow: 0; height: 14px; margin-bottom: 6px; width: 100px;\"><\/div>\n<div style=\"background-color: #f4f4f4; border-radius: 4px; flex-grow: 0; height: 14px; width: 60px;\"><\/div>\n<\/div>\n<\/div>\n<div style=\"padding: 19% 0;\"><\/div>\n<div style=\"display: block; height: 50px; margin: 0 auto 12px; width: 50px;\"><\/div>\n<div style=\"padding-top: 8px;\">\n<div style=\"color: #3897f0; font-family: Arial,sans-serif; font-size: 14px; font-style: normal; font-weight: 550; line-height: 18px;\">View this post on Instagram<\/div>\n<\/div>\n<div style=\"padding: 12.5% 0;\"><\/div>\n<div style=\"display: flex; flex-direction: row; margin-bottom: 14px; align-items: center;\">\n<div>\n<div style=\"background-color: #f4f4f4; border-radius: 50%; height: 12.5px; width: 12.5px; transform: translateX(0px) translateY(7px);\"><\/div>\n<div style=\"background-color: #f4f4f4; height: 12.5px; transform: rotate(-45deg) translateX(3px) translateY(1px); width: 12.5px; flex-grow: 0; margin-right: 14px; margin-left: 2px;\"><\/div>\n<div style=\"background-color: #f4f4f4; border-radius: 50%; height: 12.5px; width: 12.5px; transform: translateX(9px) translateY(-18px);\"><\/div>\n<\/div>\n<div style=\"margin-left: 8px;\">\n<div style=\"background-color: #f4f4f4; border-radius: 50%; flex-grow: 0; height: 20px; width: 20px;\"><\/div>\n<div style=\"width: 0; height: 0; border-top: 2px solid transparent; border-left: 6px solid #f4f4f4; border-bottom: 2px solid transparent; transform: translateX(16px) translateY(-4px) rotate(30deg);\"><\/div>\n<\/div>\n<div style=\"margin-left: auto;\">\n<div style=\"width: 0px; border-top: 8px solid #F4F4F4; border-right: 8px solid transparent; transform: translateY(16px);\"><\/div>\n<div style=\"background-color: #f4f4f4; flex-grow: 0; height: 12px; width: 16px; transform: translateY(-4px);\"><\/div>\n<div style=\"width: 0; height: 0; border-top: 8px solid #F4F4F4; border-left: 8px solid transparent; transform: translateY(-4px) translateX(8px);\"><\/div>\n<\/div>\n<\/div>\n<div style=\"display: flex; flex-direction: column; flex-grow: 1; justify-content: center; margin-bottom: 24px;\">\n<div style=\"background-color: #f4f4f4; border-radius: 4px; flex-grow: 0; height: 14px; margin-bottom: 6px; width: 224px;\"><\/div>\n<div style=\"background-color: #f4f4f4; border-radius: 4px; flex-grow: 0; height: 14px; width: 144px;\"><\/div>\n<\/div>\n<p>&nbsp;<\/p>\n<p style=\"color: #c9c8cd; font-family: Arial,sans-serif; font-size: 14px; line-height: 17px; margin-bottom: 0; margin-top: 8px; overflow: hidden; padding: 8px 0 7px; text-align: center; text-overflow: ellipsis; white-space: nowrap;\"><a style=\"color: #c9c8cd; font-family: Arial,sans-serif; font-size: 14px; font-style: normal; font-weight: normal; line-height: 17px; text-decoration: none;\" href=\"https:\/\/www.instagram.com\/reel\/DQYs5HHjAwT\/?utm_source=ig_embed&amp;utm_campaign=loading\" target=\"_blank\" rel=\"noopener\">A post shared by The Best Social Awards (@thebestsocialawards)<\/a><\/p>\n<\/div>\n<\/blockquote>\n\n<script async defer src=\"\/instagram-embed.js\"><\/script>","protected":false},"excerpt":{"rendered":"<p>Kinderen zien over het algemeen geen gevaar. Ze rijden met hun driewieler van een halfpipe, klimmen in een boom van zes meter hoog of stoppen&#8230;<\/p>\n","protected":false},"author":126,"featured_media":396226,"comment_status":"open","ping_status":"open","sticky":false,"template":"","format":"standard","meta":{"_acf_changed":false,"footnotes":""},"categories":[16,17],"tags":[2175,1737],"class_list":["post-396130","post","type-post","status-publish","format-standard","has-post-thumbnail","hentry","category-blogs","category-nieuws","tag-basisschool","tag-dochter"],"acf":[],"yoast_head":"<!-- This site is optimized with the Yoast SEO plugin v27.4 - https:\/\/yoast.com\/product\/yoast-seo-wordpress\/ -->\n<title>Dochter zegt normale schooldag te hebben, foto bewijst tegendeel<\/title>\n<meta name=\"description\" content=\"Mirjam krijgt van haar dochter te horen dat het \u2018goed\u2019 ging op school, maar dan verschijnt\u00a0\u00a0er ineens een bijzondere foto in de klassenapp...\" \/>\n<meta name=\"robots\" content=\"index, follow, max-snippet:-1, max-image-preview:large, max-video-preview:-1\" \/>\n<link rel=\"canonical\" href=\"https:\/\/www.thebestsocial.media\/nl\/moeder-foto-dochter\/\" \/>\n<meta property=\"og:locale\" content=\"nl_NL\" \/>\n<meta property=\"og:type\" content=\"article\" \/>\n<meta property=\"og:title\" content=\"Moeder denkt dat dochter normale schooldag heeft gehad maar foto in groepsapp bewijst tegendeel\" \/>\n<meta property=\"og:description\" content=\"Mirjam krijgt van haar dochter te horen dat het \u2018goed\u2019 ging op school, maar dan verschijnt\u00a0\u00a0er ineens een bijzondere foto in de klassenapp...\" \/>\n<meta property=\"og:url\" content=\"https:\/\/www.thebestsocial.media\/nl\/moeder-foto-dochter\/\" \/>\n<meta property=\"og:site_name\" content=\"The Best Social Media NL\" \/>\n<meta property=\"article:published_time\" content=\"2025-11-26T16:24:55+00:00\" \/>\n<meta property=\"og:image\" content=\"https:\/\/www.thebestsocial.media\/nl\/wp-content\/uploads\/sites\/2\/2025\/11\/kind-header.png\" \/>\n\t<meta property=\"og:image:width\" content=\"1200\" \/>\n\t<meta property=\"og:image:height\" content=\"630\" \/>\n\t<meta property=\"og:image:type\" content=\"image\/png\" \/>\n<meta name=\"author\" content=\"Jip Schippers\" \/>\n<meta name=\"twitter:card\" content=\"summary_large_image\" \/>\n<meta name=\"twitter:label1\" content=\"Geschreven door\" \/>\n\t<meta name=\"twitter:data1\" content=\"Jip Schippers\" \/>\n\t<meta name=\"twitter:label2\" content=\"Geschatte leestijd\" \/>\n\t<meta name=\"twitter:data2\" content=\"3 minuten\" \/>\n<script type=\"application\/ld+json\" class=\"yoast-schema-graph\">{\"@context\":\"https:\\\/\\\/schema.org\",\"@graph\":[{\"@type\":\"Article\",\"@id\":\"https:\\\/\\\/www.thebestsocial.media\\\/nl\\\/moeder-foto-dochter\\\/#article\",\"isPartOf\":{\"@id\":\"https:\\\/\\\/www.thebestsocial.media\\\/nl\\\/moeder-foto-dochter\\\/\"},\"author\":{\"name\":\"Jip Schippers\",\"@id\":\"https:\\\/\\\/www.thebestsocial.media\\\/nl\\\/#\\\/schema\\\/person\\\/2ba6c772ded0c01f45ae4fe07d75e743\"},\"headline\":\"Moeder denkt dat dochter normale schooldag heeft gehad maar foto in groepsapp bewijst tegendeel\",\"datePublished\":\"2025-11-26T16:24:55+00:00\",\"mainEntityOfPage\":{\"@id\":\"https:\\\/\\\/www.thebestsocial.media\\\/nl\\\/moeder-foto-dochter\\\/\"},\"wordCount\":214,\"commentCount\":0,\"image\":{\"@id\":\"https:\\\/\\\/www.thebestsocial.media\\\/nl\\\/moeder-foto-dochter\\\/#primaryimage\"},\"thumbnailUrl\":\"https:\\\/\\\/www.thebestsocial.media\\\/nl\\\/wp-content\\\/uploads\\\/sites\\\/2\\\/2025\\\/11\\\/kind-uit.png\",\"keywords\":[\"basisschool\",\"dochter\"],\"articleSection\":[\"Blogs\",\"Nieuws\"],\"inLanguage\":\"nl-NL\",\"potentialAction\":[{\"@type\":\"CommentAction\",\"name\":\"Comment\",\"target\":[\"https:\\\/\\\/www.thebestsocial.media\\\/nl\\\/moeder-foto-dochter\\\/#respond\"]}]},{\"@type\":\"WebPage\",\"@id\":\"https:\\\/\\\/www.thebestsocial.media\\\/nl\\\/moeder-foto-dochter\\\/\",\"url\":\"https:\\\/\\\/www.thebestsocial.media\\\/nl\\\/moeder-foto-dochter\\\/\",\"name\":\"Dochter zegt normale schooldag te hebben, foto bewijst tegendeel\",\"isPartOf\":{\"@id\":\"https:\\\/\\\/www.thebestsocial.media\\\/nl\\\/#website\"},\"primaryImageOfPage\":{\"@id\":\"https:\\\/\\\/www.thebestsocial.media\\\/nl\\\/moeder-foto-dochter\\\/#primaryimage\"},\"image\":{\"@id\":\"https:\\\/\\\/www.thebestsocial.media\\\/nl\\\/moeder-foto-dochter\\\/#primaryimage\"},\"thumbnailUrl\":\"https:\\\/\\\/www.thebestsocial.media\\\/nl\\\/wp-content\\\/uploads\\\/sites\\\/2\\\/2025\\\/11\\\/kind-uit.png\",\"datePublished\":\"2025-11-26T16:24:55+00:00\",\"author\":{\"@id\":\"https:\\\/\\\/www.thebestsocial.media\\\/nl\\\/#\\\/schema\\\/person\\\/2ba6c772ded0c01f45ae4fe07d75e743\"},\"description\":\"Mirjam krijgt van haar dochter te horen dat het \u2018goed\u2019 ging op school, maar dan verschijnt\u00a0\u00a0er ineens een bijzondere foto in de klassenapp...\",\"breadcrumb\":{\"@id\":\"https:\\\/\\\/www.thebestsocial.media\\\/nl\\\/moeder-foto-dochter\\\/#breadcrumb\"},\"inLanguage\":\"nl-NL\",\"potentialAction\":[{\"@type\":\"ReadAction\",\"target\":[\"https:\\\/\\\/www.thebestsocial.media\\\/nl\\\/moeder-foto-dochter\\\/\"]}]},{\"@type\":\"ImageObject\",\"inLanguage\":\"nl-NL\",\"@id\":\"https:\\\/\\\/www.thebestsocial.media\\\/nl\\\/moeder-foto-dochter\\\/#primaryimage\",\"url\":\"https:\\\/\\\/www.thebestsocial.media\\\/nl\\\/wp-content\\\/uploads\\\/sites\\\/2\\\/2025\\\/11\\\/kind-uit.png\",\"contentUrl\":\"https:\\\/\\\/www.thebestsocial.media\\\/nl\\\/wp-content\\\/uploads\\\/sites\\\/2\\\/2025\\\/11\\\/kind-uit.png\",\"width\":1200,\"height\":630},{\"@type\":\"BreadcrumbList\",\"@id\":\"https:\\\/\\\/www.thebestsocial.media\\\/nl\\\/moeder-foto-dochter\\\/#breadcrumb\",\"itemListElement\":[{\"@type\":\"ListItem\",\"position\":1,\"name\":\"Home\",\"item\":\"https:\\\/\\\/www.thebestsocial.media\\\/nl\\\/\"},{\"@type\":\"ListItem\",\"position\":2,\"name\":\"Moeder denkt dat dochter normale schooldag heeft gehad maar foto in groepsapp bewijst tegendeel\"}]},{\"@type\":\"WebSite\",\"@id\":\"https:\\\/\\\/www.thebestsocial.media\\\/nl\\\/#website\",\"url\":\"https:\\\/\\\/www.thebestsocial.media\\\/nl\\\/\",\"name\":\"The Best Social Media NL\",\"description\":\"Zoeklicht in de Digital Chaos\",\"potentialAction\":[{\"@type\":\"SearchAction\",\"target\":{\"@type\":\"EntryPoint\",\"urlTemplate\":\"https:\\\/\\\/www.thebestsocial.media\\\/nl\\\/?s={search_term_string}\"},\"query-input\":{\"@type\":\"PropertyValueSpecification\",\"valueRequired\":true,\"valueName\":\"search_term_string\"}}],\"inLanguage\":\"nl-NL\"},{\"@type\":\"Person\",\"@id\":\"https:\\\/\\\/www.thebestsocial.media\\\/nl\\\/#\\\/schema\\\/person\\\/2ba6c772ded0c01f45ae4fe07d75e743\",\"name\":\"Jip Schippers\",\"image\":{\"@type\":\"ImageObject\",\"inLanguage\":\"nl-NL\",\"@id\":\"https:\\\/\\\/secure.gravatar.com\\\/avatar\\\/403c5c3731ec1502345a528b2a59599ead9ad870a69f6606fd7ff939fdea5d45?s=96&d=mm&r=g\",\"url\":\"https:\\\/\\\/secure.gravatar.com\\\/avatar\\\/403c5c3731ec1502345a528b2a59599ead9ad870a69f6606fd7ff939fdea5d45?s=96&d=mm&r=g\",\"contentUrl\":\"https:\\\/\\\/secure.gravatar.com\\\/avatar\\\/403c5c3731ec1502345a528b2a59599ead9ad870a69f6606fd7ff939fdea5d45?s=96&d=mm&r=g\",\"caption\":\"Jip Schippers\"},\"description\":\"Sociaal dier met een passie voor voetbal. Denkt snel, maar praat nog sneller, soms in die volgorde, soms niet. Altijd in voor een spontane borrel, een goede discussie of een derde helft.\",\"url\":\"https:\\\/\\\/www.thebestsocial.media\\\/nl\\\/author\\\/jipschippers\\\/\"}]}<\/script>\n<!-- \/ Yoast SEO plugin. -->","yoast_head_json":{"title":"Dochter zegt normale schooldag te hebben, foto bewijst tegendeel","description":"Mirjam krijgt van haar dochter te horen dat het \u2018goed\u2019 ging op school, maar dan verschijnt\u00a0\u00a0er ineens een bijzondere foto in de klassenapp...","robots":{"index":"index","follow":"follow","max-snippet":"max-snippet:-1","max-image-preview":"max-image-preview:large","max-video-preview":"max-video-preview:-1"},"canonical":"https:\/\/www.thebestsocial.media\/nl\/moeder-foto-dochter\/","og_locale":"nl_NL","og_type":"article","og_title":"Moeder denkt dat dochter normale schooldag heeft gehad maar foto in groepsapp bewijst tegendeel","og_description":"Mirjam krijgt van haar dochter te horen dat het \u2018goed\u2019 ging op school, maar dan verschijnt\u00a0\u00a0er ineens een bijzondere foto in de klassenapp...","og_url":"https:\/\/www.thebestsocial.media\/nl\/moeder-foto-dochter\/","og_site_name":"The Best Social Media NL","article_published_time":"2025-11-26T16:24:55+00:00","og_image":[{"width":1200,"height":630,"url":"https:\/\/www.thebestsocial.media\/nl\/wp-content\/uploads\/sites\/2\/2025\/11\/kind-header.png","type":"image\/png"}],"author":"Jip Schippers","twitter_card":"summary_large_image","twitter_misc":{"Geschreven door":"Jip Schippers","Geschatte leestijd":"3 minuten"},"schema":{"@context":"https:\/\/schema.org","@graph":[{"@type":"Article","@id":"https:\/\/www.thebestsocial.media\/nl\/moeder-foto-dochter\/#article","isPartOf":{"@id":"https:\/\/www.thebestsocial.media\/nl\/moeder-foto-dochter\/"},"author":{"name":"Jip Schippers","@id":"https:\/\/www.thebestsocial.media\/nl\/#\/schema\/person\/2ba6c772ded0c01f45ae4fe07d75e743"},"headline":"Moeder denkt dat dochter normale schooldag heeft gehad maar foto in groepsapp bewijst tegendeel","datePublished":"2025-11-26T16:24:55+00:00","mainEntityOfPage":{"@id":"https:\/\/www.thebestsocial.media\/nl\/moeder-foto-dochter\/"},"wordCount":214,"commentCount":0,"image":{"@id":"https:\/\/www.thebestsocial.media\/nl\/moeder-foto-dochter\/#primaryimage"},"thumbnailUrl":"https:\/\/www.thebestsocial.media\/nl\/wp-content\/uploads\/sites\/2\/2025\/11\/kind-uit.png","keywords":["basisschool","dochter"],"articleSection":["Blogs","Nieuws"],"inLanguage":"nl-NL","potentialAction":[{"@type":"CommentAction","name":"Comment","target":["https:\/\/www.thebestsocial.media\/nl\/moeder-foto-dochter\/#respond"]}]},{"@type":"WebPage","@id":"https:\/\/www.thebestsocial.media\/nl\/moeder-foto-dochter\/","url":"https:\/\/www.thebestsocial.media\/nl\/moeder-foto-dochter\/","name":"Dochter zegt normale schooldag te hebben, foto bewijst tegendeel","isPartOf":{"@id":"https:\/\/www.thebestsocial.media\/nl\/#website"},"primaryImageOfPage":{"@id":"https:\/\/www.thebestsocial.media\/nl\/moeder-foto-dochter\/#primaryimage"},"image":{"@id":"https:\/\/www.thebestsocial.media\/nl\/moeder-foto-dochter\/#primaryimage"},"thumbnailUrl":"https:\/\/www.thebestsocial.media\/nl\/wp-content\/uploads\/sites\/2\/2025\/11\/kind-uit.png","datePublished":"2025-11-26T16:24:55+00:00","author":{"@id":"https:\/\/www.thebestsocial.media\/nl\/#\/schema\/person\/2ba6c772ded0c01f45ae4fe07d75e743"},"description":"Mirjam krijgt van haar dochter te horen dat het \u2018goed\u2019 ging op school, maar dan verschijnt\u00a0\u00a0er ineens een bijzondere foto in de klassenapp...","breadcrumb":{"@id":"https:\/\/www.thebestsocial.media\/nl\/moeder-foto-dochter\/#breadcrumb"},"inLanguage":"nl-NL","potentialAction":[{"@type":"ReadAction","target":["https:\/\/www.thebestsocial.media\/nl\/moeder-foto-dochter\/"]}]},{"@type":"ImageObject","inLanguage":"nl-NL","@id":"https:\/\/www.thebestsocial.media\/nl\/moeder-foto-dochter\/#primaryimage","url":"https:\/\/www.thebestsocial.media\/nl\/wp-content\/uploads\/sites\/2\/2025\/11\/kind-uit.png","contentUrl":"https:\/\/www.thebestsocial.media\/nl\/wp-content\/uploads\/sites\/2\/2025\/11\/kind-uit.png","width":1200,"height":630},{"@type":"BreadcrumbList","@id":"https:\/\/www.thebestsocial.media\/nl\/moeder-foto-dochter\/#breadcrumb","itemListElement":[{"@type":"ListItem","position":1,"name":"Home","item":"https:\/\/www.thebestsocial.media\/nl\/"},{"@type":"ListItem","position":2,"name":"Moeder denkt dat dochter normale schooldag heeft gehad maar foto in groepsapp bewijst tegendeel"}]},{"@type":"WebSite","@id":"https:\/\/www.thebestsocial.media\/nl\/#website","url":"https:\/\/www.thebestsocial.media\/nl\/","name":"The Best Social Media NL","description":"Zoeklicht in de Digital Chaos","potentialAction":[{"@type":"SearchAction","target":{"@type":"EntryPoint","urlTemplate":"https:\/\/www.thebestsocial.media\/nl\/?s={search_term_string}"},"query-input":{"@type":"PropertyValueSpecification","valueRequired":true,"valueName":"search_term_string"}}],"inLanguage":"nl-NL"},{"@type":"Person","@id":"https:\/\/www.thebestsocial.media\/nl\/#\/schema\/person\/2ba6c772ded0c01f45ae4fe07d75e743","name":"Jip Schippers","image":{"@type":"ImageObject","inLanguage":"nl-NL","@id":"https:\/\/secure.gravatar.com\/avatar\/403c5c3731ec1502345a528b2a59599ead9ad870a69f6606fd7ff939fdea5d45?s=96&d=mm&r=g","url":"https:\/\/secure.gravatar.com\/avatar\/403c5c3731ec1502345a528b2a59599ead9ad870a69f6606fd7ff939fdea5d45?s=96&d=mm&r=g","contentUrl":"https:\/\/secure.gravatar.com\/avatar\/403c5c3731ec1502345a528b2a59599ead9ad870a69f6606fd7ff939fdea5d45?s=96&d=mm&r=g","caption":"Jip Schippers"},"description":"Sociaal dier met een passie voor voetbal. Denkt snel, maar praat nog sneller, soms in die volgorde, soms niet. Altijd in voor een spontane borrel, een goede discussie of een derde helft.","url":"https:\/\/www.thebestsocial.media\/nl\/author\/jipschippers\/"}]}},"amp_enabled":true,"_links":{"self":[{"href":"https:\/\/www.thebestsocial.media\/nl\/wp-json\/wp\/v2\/posts\/396130","targetHints":{"allow":["GET"]}}],"collection":[{"href":"https:\/\/www.thebestsocial.media\/nl\/wp-json\/wp\/v2\/posts"}],"about":[{"href":"https:\/\/www.thebestsocial.media\/nl\/wp-json\/wp\/v2\/types\/post"}],"author":[{"embeddable":true,"href":"https:\/\/www.thebestsocial.media\/nl\/wp-json\/wp\/v2\/users\/126"}],"replies":[{"embeddable":true,"href":"https:\/\/www.thebestsocial.media\/nl\/wp-json\/wp\/v2\/comments?post=396130"}],"version-history":[{"count":5,"href":"https:\/\/www.thebestsocial.media\/nl\/wp-json\/wp\/v2\/posts\/396130\/revisions"}],"predecessor-version":[{"id":396230,"href":"https:\/\/www.thebestsocial.media\/nl\/wp-json\/wp\/v2\/posts\/396130\/revisions\/396230"}],"wp:featuredmedia":[{"embeddable":true,"href":"https:\/\/www.thebestsocial.media\/nl\/wp-json\/wp\/v2\/media\/396226"}],"wp:attachment":[{"href":"https:\/\/www.thebestsocial.media\/nl\/wp-json\/wp\/v2\/media?parent=396130"}],"wp:term":[{"taxonomy":"category","embeddable":true,"href":"https:\/\/www.thebestsocial.media\/nl\/wp-json\/wp\/v2\/categories?post=396130"},{"taxonomy":"post_tag","embeddable":true,"href":"https:\/\/www.thebestsocial.media\/nl\/wp-json\/wp\/v2\/tags?post=396130"}],"curies":[{"name":"wp","href":"https:\/\/api.w.org\/{rel}","templated":true}]}}