{"id":395644,"date":"2025-11-24T14:19:43","date_gmt":"2025-11-24T13:19:43","guid":{"rendered":"https:\/\/www.thebestsocial.media\/nl\/?p=395644"},"modified":"2025-11-24T14:19:43","modified_gmt":"2025-11-24T13:19:43","slug":"amsterdam-centraal-appartement-ontsporen-fantaseren-station","status":"publish","type":"post","link":"https:\/\/www.thebestsocial.media\/nl\/amsterdam-centraal-appartement-ontsporen-fantaseren-station\/","title":{"rendered":"Reiziger ziet bijzonder gebouwtje op station en komt met buitensporige idee\u00ebn"},"content":{"rendered":"<p>Als je voor de zoveelste keer door de <a href=\"https:\/\/www.thebestsocial.media\/nl\/albert-heijn-bus-blunder-greppel\/\" target=\"_blank\" rel=\"noopener\">regen<\/a> en kou naar het station aan het fietsen bent, wens je toch wel dat je wat dichterbij woont. Je bent immers toch iedere dag op dat station te vinden. Wanneer een reiziger op station Amsterdam Centraal een gebouwtje spot dat zo een appartement zou kunnen zijn, laat-ie z\u2019n fantasie dan ook de vrije loop. En ook andere ontsporen volledig bij dit idee.<\/p>\n<p>&nbsp;<\/p>\n<h3>1. Op deze manier wordt perron 9\u00be nog werkelijkheid ook\u2026<\/h3>\n<p><img loading=\"lazy\" decoding=\"async\" class=\"alignnone size-full wp-image-395655\" src=\"https:\/\/www.thebestsocial.media\/nl\/wp-content\/uploads\/sites\/2\/2025\/11\/centraal-10.png\" alt=\"\" width=\"1274\" height=\"266\" srcset=\"https:\/\/www.thebestsocial.media\/nl\/wp-content\/uploads\/sites\/2\/2025\/11\/centraal-10.png 1274w, https:\/\/www.thebestsocial.media\/nl\/wp-content\/uploads\/sites\/2\/2025\/11\/centraal-10-300x63.png 300w, https:\/\/www.thebestsocial.media\/nl\/wp-content\/uploads\/sites\/2\/2025\/11\/centraal-10-1024x214.png 1024w, https:\/\/www.thebestsocial.media\/nl\/wp-content\/uploads\/sites\/2\/2025\/11\/centraal-10-768x160.png 768w\" sizes=\"auto, (max-width: 1274px) 100vw, 1274px\" \/><\/p>\n<p><img loading=\"lazy\" decoding=\"async\" class=\"alignnone size-full wp-image-395656\" src=\"https:\/\/www.thebestsocial.media\/nl\/wp-content\/uploads\/sites\/2\/2025\/11\/centraal-afbeelding-scaled.jpeg\" alt=\"\" width=\"1920\" height=\"2560\" srcset=\"https:\/\/www.thebestsocial.media\/nl\/wp-content\/uploads\/sites\/2\/2025\/11\/centraal-afbeelding-scaled.jpeg 1920w, https:\/\/www.thebestsocial.media\/nl\/wp-content\/uploads\/sites\/2\/2025\/11\/centraal-afbeelding-225x300.jpeg 225w, https:\/\/www.thebestsocial.media\/nl\/wp-content\/uploads\/sites\/2\/2025\/11\/centraal-afbeelding-768x1024.jpeg 768w, https:\/\/www.thebestsocial.media\/nl\/wp-content\/uploads\/sites\/2\/2025\/11\/centraal-afbeelding-1152x1536.jpeg 1152w, https:\/\/www.thebestsocial.media\/nl\/wp-content\/uploads\/sites\/2\/2025\/11\/centraal-afbeelding-1536x2048.jpeg 1536w\" sizes=\"auto, (max-width: 1920px) 100vw, 1920px\" \/><\/p>\n<p><img loading=\"lazy\" decoding=\"async\" class=\"alignnone size-full wp-image-395654\" src=\"https:\/\/www.thebestsocial.media\/nl\/wp-content\/uploads\/sites\/2\/2025\/11\/centraal-9.png\" alt=\"\" width=\"1594\" height=\"798\" srcset=\"https:\/\/www.thebestsocial.media\/nl\/wp-content\/uploads\/sites\/2\/2025\/11\/centraal-9.png 1594w, https:\/\/www.thebestsocial.media\/nl\/wp-content\/uploads\/sites\/2\/2025\/11\/centraal-9-300x150.png 300w, https:\/\/www.thebestsocial.media\/nl\/wp-content\/uploads\/sites\/2\/2025\/11\/centraal-9-1024x513.png 1024w, https:\/\/www.thebestsocial.media\/nl\/wp-content\/uploads\/sites\/2\/2025\/11\/centraal-9-768x384.png 768w, https:\/\/www.thebestsocial.media\/nl\/wp-content\/uploads\/sites\/2\/2025\/11\/centraal-9-1536x769.png 1536w\" sizes=\"auto, (max-width: 1594px) 100vw, 1594px\" \/><\/p>\n<p>&nbsp;<\/p>\n<h3>2. Hoe onwerkelijk dit appartement op Amsterdam Centraal ook is, anderen geloven vooral niets van deze vraagprijs.<\/h3>\n<p><img loading=\"lazy\" decoding=\"async\" class=\"alignnone size-full wp-image-395648\" src=\"https:\/\/www.thebestsocial.media\/nl\/wp-content\/uploads\/sites\/2\/2025\/11\/centraal-3.png\" alt=\"\" width=\"908\" height=\"352\" srcset=\"https:\/\/www.thebestsocial.media\/nl\/wp-content\/uploads\/sites\/2\/2025\/11\/centraal-3.png 908w, https:\/\/www.thebestsocial.media\/nl\/wp-content\/uploads\/sites\/2\/2025\/11\/centraal-3-300x116.png 300w, https:\/\/www.thebestsocial.media\/nl\/wp-content\/uploads\/sites\/2\/2025\/11\/centraal-3-768x298.png 768w\" sizes=\"auto, (max-width: 908px) 100vw, 908px\" \/><\/p>\n<p>&nbsp;<\/p>\n<h3>3. In de huidige huizenmarkt zou de vraagprijs zomaar kunnen ontsporen.<\/h3>\n<p><img loading=\"lazy\" decoding=\"async\" class=\"alignnone size-full wp-image-395646\" src=\"https:\/\/www.thebestsocial.media\/nl\/wp-content\/uploads\/sites\/2\/2025\/11\/centraal-1.png\" alt=\"\" width=\"416\" height=\"320\" srcset=\"https:\/\/www.thebestsocial.media\/nl\/wp-content\/uploads\/sites\/2\/2025\/11\/centraal-1.png 416w, https:\/\/www.thebestsocial.media\/nl\/wp-content\/uploads\/sites\/2\/2025\/11\/centraal-1-300x231.png 300w\" sizes=\"auto, (max-width: 416px) 100vw, 416px\" \/><\/p>\n<p>&nbsp;<\/p>\n<h3>4. Een echte win-win-situatie.<\/h3>\n<p><img loading=\"lazy\" decoding=\"async\" class=\"alignnone size-full wp-image-395647\" src=\"https:\/\/www.thebestsocial.media\/nl\/wp-content\/uploads\/sites\/2\/2025\/11\/centraal-2.png\" alt=\"\" width=\"1556\" height=\"482\" srcset=\"https:\/\/www.thebestsocial.media\/nl\/wp-content\/uploads\/sites\/2\/2025\/11\/centraal-2.png 1556w, https:\/\/www.thebestsocial.media\/nl\/wp-content\/uploads\/sites\/2\/2025\/11\/centraal-2-300x93.png 300w, https:\/\/www.thebestsocial.media\/nl\/wp-content\/uploads\/sites\/2\/2025\/11\/centraal-2-1024x317.png 1024w, https:\/\/www.thebestsocial.media\/nl\/wp-content\/uploads\/sites\/2\/2025\/11\/centraal-2-768x238.png 768w, https:\/\/www.thebestsocial.media\/nl\/wp-content\/uploads\/sites\/2\/2025\/11\/centraal-2-1536x476.png 1536w\" sizes=\"auto, (max-width: 1556px) 100vw, 1556px\" \/><\/p>\n<p>&nbsp;<\/p>\n<h3>5. Dit \u2018appartement\u2019 op Amsterdam Centraal voorkomt ook nog eens die winterdepressie. <img loading=\"lazy\" decoding=\"async\" class=\"alignnone size-full wp-image-395649\" src=\"https:\/\/www.thebestsocial.media\/nl\/wp-content\/uploads\/sites\/2\/2025\/11\/centraal-4.png\" alt=\"\" width=\"1360\" height=\"344\" srcset=\"https:\/\/www.thebestsocial.media\/nl\/wp-content\/uploads\/sites\/2\/2025\/11\/centraal-4.png 1360w, https:\/\/www.thebestsocial.media\/nl\/wp-content\/uploads\/sites\/2\/2025\/11\/centraal-4-300x76.png 300w, https:\/\/www.thebestsocial.media\/nl\/wp-content\/uploads\/sites\/2\/2025\/11\/centraal-4-1024x259.png 1024w, https:\/\/www.thebestsocial.media\/nl\/wp-content\/uploads\/sites\/2\/2025\/11\/centraal-4-768x194.png 768w\" sizes=\"auto, (max-width: 1360px) 100vw, 1360px\" \/><\/h3>\n<p>&nbsp;<\/p>\n<h3>6. Al is het de vraag of je echt gelukkig wordt van deze omgeving&#8230;<\/h3>\n<h3><img loading=\"lazy\" decoding=\"async\" class=\"alignnone size-full wp-image-395650\" src=\"https:\/\/www.thebestsocial.media\/nl\/wp-content\/uploads\/sites\/2\/2025\/11\/centraal-5.png\" alt=\"\" width=\"1526\" height=\"394\" srcset=\"https:\/\/www.thebestsocial.media\/nl\/wp-content\/uploads\/sites\/2\/2025\/11\/centraal-5.png 1526w, https:\/\/www.thebestsocial.media\/nl\/wp-content\/uploads\/sites\/2\/2025\/11\/centraal-5-300x77.png 300w, https:\/\/www.thebestsocial.media\/nl\/wp-content\/uploads\/sites\/2\/2025\/11\/centraal-5-1024x264.png 1024w, https:\/\/www.thebestsocial.media\/nl\/wp-content\/uploads\/sites\/2\/2025\/11\/centraal-5-768x198.png 768w\" sizes=\"auto, (max-width: 1526px) 100vw, 1526px\" \/><\/h3>\n<p>&nbsp;<\/p>\n<h3>7. En dat voor de schappelijke prijs van slechts tachtig cent per toiletbezoek.<\/h3>\n<h3><img loading=\"lazy\" decoding=\"async\" class=\"alignnone size-full wp-image-395651\" src=\"https:\/\/www.thebestsocial.media\/nl\/wp-content\/uploads\/sites\/2\/2025\/11\/centraal-6.png\" alt=\"\" width=\"1348\" height=\"672\" srcset=\"https:\/\/www.thebestsocial.media\/nl\/wp-content\/uploads\/sites\/2\/2025\/11\/centraal-6.png 1348w, https:\/\/www.thebestsocial.media\/nl\/wp-content\/uploads\/sites\/2\/2025\/11\/centraal-6-300x150.png 300w, https:\/\/www.thebestsocial.media\/nl\/wp-content\/uploads\/sites\/2\/2025\/11\/centraal-6-1024x510.png 1024w, https:\/\/www.thebestsocial.media\/nl\/wp-content\/uploads\/sites\/2\/2025\/11\/centraal-6-768x383.png 768w\" sizes=\"auto, (max-width: 1348px) 100vw, 1348px\" \/><\/h3>\n<p>&nbsp;<\/p>\n<h3>8. Het wordt steeds aantrekkelijker om op Amsterdam Centraal te wonen.<\/h3>\n<h3><img loading=\"lazy\" decoding=\"async\" class=\"alignnone size-full wp-image-395652\" src=\"https:\/\/www.thebestsocial.media\/nl\/wp-content\/uploads\/sites\/2\/2025\/11\/centraal-7.png\" alt=\"\" width=\"1580\" height=\"404\" srcset=\"https:\/\/www.thebestsocial.media\/nl\/wp-content\/uploads\/sites\/2\/2025\/11\/centraal-7.png 1580w, https:\/\/www.thebestsocial.media\/nl\/wp-content\/uploads\/sites\/2\/2025\/11\/centraal-7-300x77.png 300w, https:\/\/www.thebestsocial.media\/nl\/wp-content\/uploads\/sites\/2\/2025\/11\/centraal-7-1024x262.png 1024w, https:\/\/www.thebestsocial.media\/nl\/wp-content\/uploads\/sites\/2\/2025\/11\/centraal-7-768x196.png 768w, https:\/\/www.thebestsocial.media\/nl\/wp-content\/uploads\/sites\/2\/2025\/11\/centraal-7-1536x393.png 1536w\" sizes=\"auto, (max-width: 1580px) 100vw, 1580px\" \/><\/h3>\n<p>&nbsp;<\/p>\n<h3>9. Maar de kans dat je daadwerkelijk een keer op Amsterdam Centraal kunt slapen, is niet eens zo heel klein.<\/h3>\n<h3><img loading=\"lazy\" decoding=\"async\" class=\"alignnone size-full wp-image-395653\" src=\"https:\/\/www.thebestsocial.media\/nl\/wp-content\/uploads\/sites\/2\/2025\/11\/centraal-8.png\" alt=\"\" width=\"1580\" height=\"818\" srcset=\"https:\/\/www.thebestsocial.media\/nl\/wp-content\/uploads\/sites\/2\/2025\/11\/centraal-8.png 1580w, https:\/\/www.thebestsocial.media\/nl\/wp-content\/uploads\/sites\/2\/2025\/11\/centraal-8-300x155.png 300w, https:\/\/www.thebestsocial.media\/nl\/wp-content\/uploads\/sites\/2\/2025\/11\/centraal-8-1024x530.png 1024w, https:\/\/www.thebestsocial.media\/nl\/wp-content\/uploads\/sites\/2\/2025\/11\/centraal-8-768x398.png 768w, https:\/\/www.thebestsocial.media\/nl\/wp-content\/uploads\/sites\/2\/2025\/11\/centraal-8-1536x795.png 1536w\" sizes=\"auto, (max-width: 1580px) 100vw, 1580px\" \/><\/h3>\n<h3><\/h3>\n<p>&nbsp;<\/p>\n<p><strong>Agencies en bedrijven kunnen tot en met dinsdag 2 december inzenden voor The Best Social Awards. Wacht dus niet langer, check snel alle algemene voorwaarden op de website \u00e9n zend nu je case in voor (\u00e9\u00e9n van) de Business-categorie\u00ebn van de twaalfde editie van <a href=\"https:\/\/thebestsocialawards.nl\" target=\"_blank\" rel=\"noopener\">The Best Social Awards<\/a>. <\/strong><\/p>\n<blockquote class=\"instagram-media\" style=\"background: #FFF; border: 0; border-radius: 3px; box-shadow: 0 0 1px 0 rgba(0,0,0,0.5),0 1px 10px 0 rgba(0,0,0,0.15); margin: 1px; max-width: 540px; min-width: 326px; padding: 0; width: calc(100% - 2px);\" data-instgrm-captioned=\"\" data-instgrm-permalink=\"https:\/\/www.instagram.com\/reel\/DQYs5HHjAwT\/?utm_source=ig_embed&amp;utm_campaign=loading\" data-instgrm-version=\"14\">\n<div style=\"padding: 16px;\">\n<p>&nbsp;<\/p>\n<div style=\"display: flex; flex-direction: row; align-items: center;\">\n<div style=\"background-color: #f4f4f4; border-radius: 50%; flex-grow: 0; height: 40px; margin-right: 14px; width: 40px;\"><\/div>\n<div style=\"display: flex; flex-direction: column; flex-grow: 1; justify-content: center;\">\n<div style=\"background-color: #f4f4f4; border-radius: 4px; flex-grow: 0; height: 14px; margin-bottom: 6px; width: 100px;\"><\/div>\n<div style=\"background-color: #f4f4f4; border-radius: 4px; flex-grow: 0; height: 14px; width: 60px;\"><\/div>\n<\/div>\n<\/div>\n<div style=\"padding: 19% 0;\"><\/div>\n<div style=\"display: block; height: 50px; margin: 0 auto 12px; width: 50px;\"><\/div>\n<div style=\"padding-top: 8px;\">\n<div style=\"color: #3897f0; font-family: Arial,sans-serif; font-size: 14px; font-style: normal; font-weight: 550; line-height: 18px;\">View this post on Instagram<\/div>\n<\/div>\n<div style=\"padding: 12.5% 0;\"><\/div>\n<div style=\"display: flex; flex-direction: row; margin-bottom: 14px; align-items: center;\">\n<div>\n<div style=\"background-color: #f4f4f4; border-radius: 50%; height: 12.5px; width: 12.5px; transform: translateX(0px) translateY(7px);\"><\/div>\n<div style=\"background-color: #f4f4f4; height: 12.5px; transform: rotate(-45deg) translateX(3px) translateY(1px); width: 12.5px; flex-grow: 0; margin-right: 14px; margin-left: 2px;\"><\/div>\n<div style=\"background-color: #f4f4f4; border-radius: 50%; height: 12.5px; width: 12.5px; transform: translateX(9px) translateY(-18px);\"><\/div>\n<\/div>\n<div style=\"margin-left: 8px;\">\n<div style=\"background-color: #f4f4f4; border-radius: 50%; flex-grow: 0; height: 20px; width: 20px;\"><\/div>\n<div style=\"width: 0; height: 0; border-top: 2px solid transparent; border-left: 6px solid #f4f4f4; border-bottom: 2px solid transparent; transform: translateX(16px) translateY(-4px) rotate(30deg);\"><\/div>\n<\/div>\n<div style=\"margin-left: auto;\">\n<div style=\"width: 0px; border-top: 8px solid #F4F4F4; border-right: 8px solid transparent; transform: translateY(16px);\"><\/div>\n<div style=\"background-color: #f4f4f4; flex-grow: 0; height: 12px; width: 16px; transform: translateY(-4px);\"><\/div>\n<div style=\"width: 0; height: 0; border-top: 8px solid #F4F4F4; border-left: 8px solid transparent; transform: translateY(-4px) translateX(8px);\"><\/div>\n<\/div>\n<\/div>\n<div style=\"display: flex; flex-direction: column; flex-grow: 1; justify-content: center; margin-bottom: 24px;\">\n<div style=\"background-color: #f4f4f4; border-radius: 4px; flex-grow: 0; height: 14px; margin-bottom: 6px; width: 224px;\"><\/div>\n<div style=\"background-color: #f4f4f4; border-radius: 4px; flex-grow: 0; height: 14px; width: 144px;\"><\/div>\n<\/div>\n<p>&nbsp;<\/p>\n<p style=\"color: #c9c8cd; font-family: Arial,sans-serif; font-size: 14px; line-height: 17px; margin-bottom: 0; margin-top: 8px; overflow: hidden; padding: 8px 0 7px; text-align: center; text-overflow: ellipsis; white-space: nowrap;\"><a style=\"color: #c9c8cd; font-family: Arial,sans-serif; font-size: 14px; font-style: normal; font-weight: normal; line-height: 17px; text-decoration: none;\" href=\"https:\/\/www.instagram.com\/reel\/DQYs5HHjAwT\/?utm_source=ig_embed&amp;utm_campaign=loading\" target=\"_blank\" rel=\"noopener\">A post shared by The Best Social Awards (@thebestsocialawards)<\/a><\/p>\n<\/div>\n<\/blockquote>\n\n<script async defer src=\"\/instagram-embed.js\"><\/script>","protected":false},"excerpt":{"rendered":"<p>Als je voor de zoveelste keer door de regen en kou naar het station aan het fietsen bent, wens je toch wel dat je wat&#8230;<\/p>\n","protected":false},"author":117,"featured_media":395692,"comment_status":"open","ping_status":"open","sticky":false,"template":"","format":"standard","meta":{"_acf_changed":false,"footnotes":""},"categories":[16,17],"tags":[8197,3284,1146],"class_list":["post-395644","post","type-post","status-publish","format-standard","has-post-thumbnail","hentry","category-blogs","category-nieuws","tag-appartement","tag-station","tag-trein"],"acf":[],"yoast_head":"<!-- This site is optimized with the Yoast SEO plugin v27.5 - https:\/\/yoast.com\/product\/yoast-seo-wordpress\/ -->\n<title>Reiziger ziet bijzonder gebouwtje op station en komt met buitensporige idee\u00ebn<\/title>\n<meta name=\"description\" content=\"Nederlanders fantaseren over een appartement op station Amsterdam Centraal en anderen ontsporen volledig bij dat idee.\" \/>\n<meta name=\"robots\" content=\"index, follow, max-snippet:-1, max-image-preview:large, max-video-preview:-1\" \/>\n<link rel=\"canonical\" href=\"https:\/\/www.thebestsocial.media\/nl\/amsterdam-centraal-appartement-ontsporen-fantaseren-station\/\" \/>\n<meta property=\"og:locale\" content=\"nl_NL\" \/>\n<meta property=\"og:type\" content=\"article\" \/>\n<meta property=\"og:title\" content=\"Reiziger ziet bijzonder gebouwtje op station en komt met buitensporige idee\u00ebn\" \/>\n<meta property=\"og:description\" content=\"Nederlanders fantaseren over een appartement op Amsterdam Centraal en anderen ontsporen volledig bij dat idee.\" \/>\n<meta property=\"og:url\" content=\"https:\/\/www.thebestsocial.media\/nl\/amsterdam-centraal-appartement-ontsporen-fantaseren-station\/\" \/>\n<meta property=\"og:site_name\" content=\"The Best Social Media NL\" \/>\n<meta property=\"article:published_time\" content=\"2025-11-24T13:19:43+00:00\" \/>\n<meta property=\"og:image\" content=\"https:\/\/www.thebestsocial.media\/nl\/wp-content\/uploads\/sites\/2\/2025\/11\/centraal-header-social-3.png\" \/>\n\t<meta property=\"og:image:width\" content=\"1200\" \/>\n\t<meta property=\"og:image:height\" content=\"630\" \/>\n\t<meta property=\"og:image:type\" content=\"image\/png\" \/>\n<meta name=\"author\" content=\"Yke\" \/>\n<meta name=\"twitter:card\" content=\"summary_large_image\" \/>\n<meta name=\"twitter:label1\" content=\"Geschreven door\" \/>\n\t<meta name=\"twitter:data1\" content=\"Yke\" \/>\n\t<meta name=\"twitter:label2\" content=\"Geschatte leestijd\" \/>\n\t<meta name=\"twitter:data2\" content=\"4 minuten\" \/>\n<script type=\"application\/ld+json\" class=\"yoast-schema-graph\">{\"@context\":\"https:\\\/\\\/schema.org\",\"@graph\":[{\"@type\":\"Article\",\"@id\":\"https:\\\/\\\/www.thebestsocial.media\\\/nl\\\/amsterdam-centraal-appartement-ontsporen-fantaseren-station\\\/#article\",\"isPartOf\":{\"@id\":\"https:\\\/\\\/www.thebestsocial.media\\\/nl\\\/amsterdam-centraal-appartement-ontsporen-fantaseren-station\\\/\"},\"author\":{\"name\":\"Yke\",\"@id\":\"https:\\\/\\\/www.thebestsocial.media\\\/nl\\\/#\\\/schema\\\/person\\\/8606b82fba0c8f0e9bb0a37141b1e076\"},\"headline\":\"Reiziger ziet bijzonder gebouwtje op station en komt met buitensporige idee\u00ebn\",\"datePublished\":\"2025-11-24T13:19:43+00:00\",\"mainEntityOfPage\":{\"@id\":\"https:\\\/\\\/www.thebestsocial.media\\\/nl\\\/amsterdam-centraal-appartement-ontsporen-fantaseren-station\\\/\"},\"wordCount\":260,\"commentCount\":0,\"image\":{\"@id\":\"https:\\\/\\\/www.thebestsocial.media\\\/nl\\\/amsterdam-centraal-appartement-ontsporen-fantaseren-station\\\/#primaryimage\"},\"thumbnailUrl\":\"https:\\\/\\\/www.thebestsocial.media\\\/nl\\\/wp-content\\\/uploads\\\/sites\\\/2\\\/2025\\\/11\\\/centraal-header-2.png\",\"keywords\":[\"appartement\",\"station\",\"trein\"],\"articleSection\":[\"Blogs\",\"Nieuws\"],\"inLanguage\":\"nl-NL\",\"potentialAction\":[{\"@type\":\"CommentAction\",\"name\":\"Comment\",\"target\":[\"https:\\\/\\\/www.thebestsocial.media\\\/nl\\\/amsterdam-centraal-appartement-ontsporen-fantaseren-station\\\/#respond\"]}]},{\"@type\":\"WebPage\",\"@id\":\"https:\\\/\\\/www.thebestsocial.media\\\/nl\\\/amsterdam-centraal-appartement-ontsporen-fantaseren-station\\\/\",\"url\":\"https:\\\/\\\/www.thebestsocial.media\\\/nl\\\/amsterdam-centraal-appartement-ontsporen-fantaseren-station\\\/\",\"name\":\"Reiziger ziet bijzonder gebouwtje op station en komt met buitensporige idee\u00ebn\",\"isPartOf\":{\"@id\":\"https:\\\/\\\/www.thebestsocial.media\\\/nl\\\/#website\"},\"primaryImageOfPage\":{\"@id\":\"https:\\\/\\\/www.thebestsocial.media\\\/nl\\\/amsterdam-centraal-appartement-ontsporen-fantaseren-station\\\/#primaryimage\"},\"image\":{\"@id\":\"https:\\\/\\\/www.thebestsocial.media\\\/nl\\\/amsterdam-centraal-appartement-ontsporen-fantaseren-station\\\/#primaryimage\"},\"thumbnailUrl\":\"https:\\\/\\\/www.thebestsocial.media\\\/nl\\\/wp-content\\\/uploads\\\/sites\\\/2\\\/2025\\\/11\\\/centraal-header-2.png\",\"datePublished\":\"2025-11-24T13:19:43+00:00\",\"author\":{\"@id\":\"https:\\\/\\\/www.thebestsocial.media\\\/nl\\\/#\\\/schema\\\/person\\\/8606b82fba0c8f0e9bb0a37141b1e076\"},\"description\":\"Nederlanders fantaseren over een appartement op station Amsterdam Centraal en anderen ontsporen volledig bij dat idee.\",\"breadcrumb\":{\"@id\":\"https:\\\/\\\/www.thebestsocial.media\\\/nl\\\/amsterdam-centraal-appartement-ontsporen-fantaseren-station\\\/#breadcrumb\"},\"inLanguage\":\"nl-NL\",\"potentialAction\":[{\"@type\":\"ReadAction\",\"target\":[\"https:\\\/\\\/www.thebestsocial.media\\\/nl\\\/amsterdam-centraal-appartement-ontsporen-fantaseren-station\\\/\"]}]},{\"@type\":\"ImageObject\",\"inLanguage\":\"nl-NL\",\"@id\":\"https:\\\/\\\/www.thebestsocial.media\\\/nl\\\/amsterdam-centraal-appartement-ontsporen-fantaseren-station\\\/#primaryimage\",\"url\":\"https:\\\/\\\/www.thebestsocial.media\\\/nl\\\/wp-content\\\/uploads\\\/sites\\\/2\\\/2025\\\/11\\\/centraal-header-2.png\",\"contentUrl\":\"https:\\\/\\\/www.thebestsocial.media\\\/nl\\\/wp-content\\\/uploads\\\/sites\\\/2\\\/2025\\\/11\\\/centraal-header-2.png\",\"width\":1200,\"height\":630},{\"@type\":\"BreadcrumbList\",\"@id\":\"https:\\\/\\\/www.thebestsocial.media\\\/nl\\\/amsterdam-centraal-appartement-ontsporen-fantaseren-station\\\/#breadcrumb\",\"itemListElement\":[{\"@type\":\"ListItem\",\"position\":1,\"name\":\"Home\",\"item\":\"https:\\\/\\\/www.thebestsocial.media\\\/nl\\\/\"},{\"@type\":\"ListItem\",\"position\":2,\"name\":\"Reiziger ziet bijzonder gebouwtje op station en komt met buitensporige idee\u00ebn\"}]},{\"@type\":\"WebSite\",\"@id\":\"https:\\\/\\\/www.thebestsocial.media\\\/nl\\\/#website\",\"url\":\"https:\\\/\\\/www.thebestsocial.media\\\/nl\\\/\",\"name\":\"The Best Social Media NL\",\"description\":\"Zoeklicht in de Digital Chaos\",\"potentialAction\":[{\"@type\":\"SearchAction\",\"target\":{\"@type\":\"EntryPoint\",\"urlTemplate\":\"https:\\\/\\\/www.thebestsocial.media\\\/nl\\\/?s={search_term_string}\"},\"query-input\":{\"@type\":\"PropertyValueSpecification\",\"valueRequired\":true,\"valueName\":\"search_term_string\"}}],\"inLanguage\":\"nl-NL\"},{\"@type\":\"Person\",\"@id\":\"https:\\\/\\\/www.thebestsocial.media\\\/nl\\\/#\\\/schema\\\/person\\\/8606b82fba0c8f0e9bb0a37141b1e076\",\"name\":\"Yke\",\"image\":{\"@type\":\"ImageObject\",\"inLanguage\":\"nl-NL\",\"@id\":\"https:\\\/\\\/secure.gravatar.com\\\/avatar\\\/5672717b902c9d1318b61229ca6af1f6d3a209dceabb66b84761e03a46fab6fc?s=96&d=mm&r=g\",\"url\":\"https:\\\/\\\/secure.gravatar.com\\\/avatar\\\/5672717b902c9d1318b61229ca6af1f6d3a209dceabb66b84761e03a46fab6fc?s=96&d=mm&r=g\",\"contentUrl\":\"https:\\\/\\\/secure.gravatar.com\\\/avatar\\\/5672717b902c9d1318b61229ca6af1f6d3a209dceabb66b84761e03a46fab6fc?s=96&d=mm&r=g\",\"caption\":\"Yke\"},\"description\":\"Stiekem nog een student die nog lang niet klaar is voor het volwassen leven. Heeft een enorme hekel aan regen en kou, ondanks dat dat het perfecte weer is om TikTok uit te spelen (en ze dat dan wel weer graag doet). Weet de meest random feitjes en is onnodig trots op haar Duolingo streak.\",\"sameAs\":[\"https:\\\/\\\/www.instagram.com\\\/ykevandersalmxx\\\/\",\"https:\\\/\\\/www.linkedin.com\\\/in\\\/yke-van-der-salm-212309299\\\/\"],\"url\":\"https:\\\/\\\/www.thebestsocial.media\\\/nl\\\/author\\\/yke2023\\\/\"}]}<\/script>\n<!-- \/ Yoast SEO plugin. -->","yoast_head_json":{"title":"Reiziger ziet bijzonder gebouwtje op station en komt met buitensporige idee\u00ebn","description":"Nederlanders fantaseren over een appartement op station Amsterdam Centraal en anderen ontsporen volledig bij dat idee.","robots":{"index":"index","follow":"follow","max-snippet":"max-snippet:-1","max-image-preview":"max-image-preview:large","max-video-preview":"max-video-preview:-1"},"canonical":"https:\/\/www.thebestsocial.media\/nl\/amsterdam-centraal-appartement-ontsporen-fantaseren-station\/","og_locale":"nl_NL","og_type":"article","og_title":"Reiziger ziet bijzonder gebouwtje op station en komt met buitensporige idee\u00ebn","og_description":"Nederlanders fantaseren over een appartement op Amsterdam Centraal en anderen ontsporen volledig bij dat idee.","og_url":"https:\/\/www.thebestsocial.media\/nl\/amsterdam-centraal-appartement-ontsporen-fantaseren-station\/","og_site_name":"The Best Social Media NL","article_published_time":"2025-11-24T13:19:43+00:00","og_image":[{"width":1200,"height":630,"url":"https:\/\/www.thebestsocial.media\/nl\/wp-content\/uploads\/sites\/2\/2025\/11\/centraal-header-social-3.png","type":"image\/png"}],"author":"Yke","twitter_card":"summary_large_image","twitter_misc":{"Geschreven door":"Yke","Geschatte leestijd":"4 minuten"},"schema":{"@context":"https:\/\/schema.org","@graph":[{"@type":"Article","@id":"https:\/\/www.thebestsocial.media\/nl\/amsterdam-centraal-appartement-ontsporen-fantaseren-station\/#article","isPartOf":{"@id":"https:\/\/www.thebestsocial.media\/nl\/amsterdam-centraal-appartement-ontsporen-fantaseren-station\/"},"author":{"name":"Yke","@id":"https:\/\/www.thebestsocial.media\/nl\/#\/schema\/person\/8606b82fba0c8f0e9bb0a37141b1e076"},"headline":"Reiziger ziet bijzonder gebouwtje op station en komt met buitensporige idee\u00ebn","datePublished":"2025-11-24T13:19:43+00:00","mainEntityOfPage":{"@id":"https:\/\/www.thebestsocial.media\/nl\/amsterdam-centraal-appartement-ontsporen-fantaseren-station\/"},"wordCount":260,"commentCount":0,"image":{"@id":"https:\/\/www.thebestsocial.media\/nl\/amsterdam-centraal-appartement-ontsporen-fantaseren-station\/#primaryimage"},"thumbnailUrl":"https:\/\/www.thebestsocial.media\/nl\/wp-content\/uploads\/sites\/2\/2025\/11\/centraal-header-2.png","keywords":["appartement","station","trein"],"articleSection":["Blogs","Nieuws"],"inLanguage":"nl-NL","potentialAction":[{"@type":"CommentAction","name":"Comment","target":["https:\/\/www.thebestsocial.media\/nl\/amsterdam-centraal-appartement-ontsporen-fantaseren-station\/#respond"]}]},{"@type":"WebPage","@id":"https:\/\/www.thebestsocial.media\/nl\/amsterdam-centraal-appartement-ontsporen-fantaseren-station\/","url":"https:\/\/www.thebestsocial.media\/nl\/amsterdam-centraal-appartement-ontsporen-fantaseren-station\/","name":"Reiziger ziet bijzonder gebouwtje op station en komt met buitensporige idee\u00ebn","isPartOf":{"@id":"https:\/\/www.thebestsocial.media\/nl\/#website"},"primaryImageOfPage":{"@id":"https:\/\/www.thebestsocial.media\/nl\/amsterdam-centraal-appartement-ontsporen-fantaseren-station\/#primaryimage"},"image":{"@id":"https:\/\/www.thebestsocial.media\/nl\/amsterdam-centraal-appartement-ontsporen-fantaseren-station\/#primaryimage"},"thumbnailUrl":"https:\/\/www.thebestsocial.media\/nl\/wp-content\/uploads\/sites\/2\/2025\/11\/centraal-header-2.png","datePublished":"2025-11-24T13:19:43+00:00","author":{"@id":"https:\/\/www.thebestsocial.media\/nl\/#\/schema\/person\/8606b82fba0c8f0e9bb0a37141b1e076"},"description":"Nederlanders fantaseren over een appartement op station Amsterdam Centraal en anderen ontsporen volledig bij dat idee.","breadcrumb":{"@id":"https:\/\/www.thebestsocial.media\/nl\/amsterdam-centraal-appartement-ontsporen-fantaseren-station\/#breadcrumb"},"inLanguage":"nl-NL","potentialAction":[{"@type":"ReadAction","target":["https:\/\/www.thebestsocial.media\/nl\/amsterdam-centraal-appartement-ontsporen-fantaseren-station\/"]}]},{"@type":"ImageObject","inLanguage":"nl-NL","@id":"https:\/\/www.thebestsocial.media\/nl\/amsterdam-centraal-appartement-ontsporen-fantaseren-station\/#primaryimage","url":"https:\/\/www.thebestsocial.media\/nl\/wp-content\/uploads\/sites\/2\/2025\/11\/centraal-header-2.png","contentUrl":"https:\/\/www.thebestsocial.media\/nl\/wp-content\/uploads\/sites\/2\/2025\/11\/centraal-header-2.png","width":1200,"height":630},{"@type":"BreadcrumbList","@id":"https:\/\/www.thebestsocial.media\/nl\/amsterdam-centraal-appartement-ontsporen-fantaseren-station\/#breadcrumb","itemListElement":[{"@type":"ListItem","position":1,"name":"Home","item":"https:\/\/www.thebestsocial.media\/nl\/"},{"@type":"ListItem","position":2,"name":"Reiziger ziet bijzonder gebouwtje op station en komt met buitensporige idee\u00ebn"}]},{"@type":"WebSite","@id":"https:\/\/www.thebestsocial.media\/nl\/#website","url":"https:\/\/www.thebestsocial.media\/nl\/","name":"The Best Social Media NL","description":"Zoeklicht in de Digital Chaos","potentialAction":[{"@type":"SearchAction","target":{"@type":"EntryPoint","urlTemplate":"https:\/\/www.thebestsocial.media\/nl\/?s={search_term_string}"},"query-input":{"@type":"PropertyValueSpecification","valueRequired":true,"valueName":"search_term_string"}}],"inLanguage":"nl-NL"},{"@type":"Person","@id":"https:\/\/www.thebestsocial.media\/nl\/#\/schema\/person\/8606b82fba0c8f0e9bb0a37141b1e076","name":"Yke","image":{"@type":"ImageObject","inLanguage":"nl-NL","@id":"https:\/\/secure.gravatar.com\/avatar\/5672717b902c9d1318b61229ca6af1f6d3a209dceabb66b84761e03a46fab6fc?s=96&d=mm&r=g","url":"https:\/\/secure.gravatar.com\/avatar\/5672717b902c9d1318b61229ca6af1f6d3a209dceabb66b84761e03a46fab6fc?s=96&d=mm&r=g","contentUrl":"https:\/\/secure.gravatar.com\/avatar\/5672717b902c9d1318b61229ca6af1f6d3a209dceabb66b84761e03a46fab6fc?s=96&d=mm&r=g","caption":"Yke"},"description":"Stiekem nog een student die nog lang niet klaar is voor het volwassen leven. Heeft een enorme hekel aan regen en kou, ondanks dat dat het perfecte weer is om TikTok uit te spelen (en ze dat dan wel weer graag doet). Weet de meest random feitjes en is onnodig trots op haar Duolingo streak.","sameAs":["https:\/\/www.instagram.com\/ykevandersalmxx\/","https:\/\/www.linkedin.com\/in\/yke-van-der-salm-212309299\/"],"url":"https:\/\/www.thebestsocial.media\/nl\/author\/yke2023\/"}]}},"amp_enabled":true,"_links":{"self":[{"href":"https:\/\/www.thebestsocial.media\/nl\/wp-json\/wp\/v2\/posts\/395644","targetHints":{"allow":["GET"]}}],"collection":[{"href":"https:\/\/www.thebestsocial.media\/nl\/wp-json\/wp\/v2\/posts"}],"about":[{"href":"https:\/\/www.thebestsocial.media\/nl\/wp-json\/wp\/v2\/types\/post"}],"author":[{"embeddable":true,"href":"https:\/\/www.thebestsocial.media\/nl\/wp-json\/wp\/v2\/users\/117"}],"replies":[{"embeddable":true,"href":"https:\/\/www.thebestsocial.media\/nl\/wp-json\/wp\/v2\/comments?post=395644"}],"version-history":[{"count":3,"href":"https:\/\/www.thebestsocial.media\/nl\/wp-json\/wp\/v2\/posts\/395644\/revisions"}],"predecessor-version":[{"id":395804,"href":"https:\/\/www.thebestsocial.media\/nl\/wp-json\/wp\/v2\/posts\/395644\/revisions\/395804"}],"wp:featuredmedia":[{"embeddable":true,"href":"https:\/\/www.thebestsocial.media\/nl\/wp-json\/wp\/v2\/media\/395692"}],"wp:attachment":[{"href":"https:\/\/www.thebestsocial.media\/nl\/wp-json\/wp\/v2\/media?parent=395644"}],"wp:term":[{"taxonomy":"category","embeddable":true,"href":"https:\/\/www.thebestsocial.media\/nl\/wp-json\/wp\/v2\/categories?post=395644"},{"taxonomy":"post_tag","embeddable":true,"href":"https:\/\/www.thebestsocial.media\/nl\/wp-json\/wp\/v2\/tags?post=395644"}],"curies":[{"name":"wp","href":"https:\/\/api.w.org\/{rel}","templated":true}]}}