{"id":392859,"date":"2025-11-09T09:30:12","date_gmt":"2025-11-09T08:30:12","guid":{"rendered":"https:\/\/www.thebestsocial.media\/nl\/?p=392859"},"modified":"2025-11-09T09:30:12","modified_gmt":"2025-11-09T08:30:12","slug":"parkeren-plus-automobilist-winkelwagen","status":"publish","type":"post","link":"https:\/\/www.thebestsocial.media\/nl\/parkeren-plus-automobilist-winkelwagen\/","title":{"rendered":"PLUS-klant zet auto op \u00e9rg gewaagde plek in parkeergarage neer"},"content":{"rendered":"<p>Als je tijdens de spits in een <a href=\"https:\/\/www.thebestsocial.media\/nl\/picnic-bezorger-bus-fout\/\" target=\"_blank\" rel=\"noopener\">parkeergarage<\/a> naar een parkeerplek moet zoeken, staat het huilen je nader dan het lachen. Na honderden rondjes word je toch vrij radeloos (en misselijk van al dat gedraai). Een PLUS-<a href=\"https:\/\/www.reddit.com\/r\/KutGeparkeerd\/comments\/1oo6op9\/kut_geparkeerd_als_winkelwagen\/\" target=\"_blank\" rel=\"noopener\">klant<\/a> weet het ook niet meer en kiest uiteindelijk voor een onmogelijke plek.<\/p>\n<p>&nbsp;<\/p>\n<h3>1. Deze automobilist besluit het erop te (winkel)wagen.<\/h3>\n<p><img loading=\"lazy\" decoding=\"async\" class=\"alignnone size-full wp-image-392875\" src=\"https:\/\/www.thebestsocial.media\/nl\/wp-content\/uploads\/sites\/2\/2025\/11\/plus-12.png\" alt=\"\" width=\"1284\" height=\"364\" srcset=\"https:\/\/www.thebestsocial.media\/nl\/wp-content\/uploads\/sites\/2\/2025\/11\/plus-12.png 1284w, https:\/\/www.thebestsocial.media\/nl\/wp-content\/uploads\/sites\/2\/2025\/11\/plus-12-300x85.png 300w, https:\/\/www.thebestsocial.media\/nl\/wp-content\/uploads\/sites\/2\/2025\/11\/plus-12-1024x290.png 1024w, https:\/\/www.thebestsocial.media\/nl\/wp-content\/uploads\/sites\/2\/2025\/11\/plus-12-768x218.png 768w\" sizes=\"auto, (max-width: 1284px) 100vw, 1284px\" \/><\/p>\n<p><img loading=\"lazy\" decoding=\"async\" class=\"alignnone size-full wp-image-392884\" src=\"https:\/\/www.thebestsocial.media\/nl\/wp-content\/uploads\/sites\/2\/2025\/11\/plus-afbeelding-scaled.png\" alt=\"\" width=\"2560\" height=\"2560\" srcset=\"https:\/\/www.thebestsocial.media\/nl\/wp-content\/uploads\/sites\/2\/2025\/11\/plus-afbeelding-scaled.png 2560w, https:\/\/www.thebestsocial.media\/nl\/wp-content\/uploads\/sites\/2\/2025\/11\/plus-afbeelding-300x300.png 300w, https:\/\/www.thebestsocial.media\/nl\/wp-content\/uploads\/sites\/2\/2025\/11\/plus-afbeelding-1024x1024.png 1024w, https:\/\/www.thebestsocial.media\/nl\/wp-content\/uploads\/sites\/2\/2025\/11\/plus-afbeelding-150x150.png 150w, https:\/\/www.thebestsocial.media\/nl\/wp-content\/uploads\/sites\/2\/2025\/11\/plus-afbeelding-768x768.png 768w, https:\/\/www.thebestsocial.media\/nl\/wp-content\/uploads\/sites\/2\/2025\/11\/plus-afbeelding-1536x1536.png 1536w, https:\/\/www.thebestsocial.media\/nl\/wp-content\/uploads\/sites\/2\/2025\/11\/plus-afbeelding-2048x2048.png 2048w\" sizes=\"auto, (max-width: 2560px) 100vw, 2560px\" \/><\/p>\n<p><img loading=\"lazy\" decoding=\"async\" class=\"alignnone size-full wp-image-392874\" src=\"https:\/\/www.thebestsocial.media\/nl\/wp-content\/uploads\/sites\/2\/2025\/11\/plus-11.png\" alt=\"\" width=\"1562\" height=\"314\" srcset=\"https:\/\/www.thebestsocial.media\/nl\/wp-content\/uploads\/sites\/2\/2025\/11\/plus-11.png 1562w, https:\/\/www.thebestsocial.media\/nl\/wp-content\/uploads\/sites\/2\/2025\/11\/plus-11-300x60.png 300w, https:\/\/www.thebestsocial.media\/nl\/wp-content\/uploads\/sites\/2\/2025\/11\/plus-11-1024x206.png 1024w, https:\/\/www.thebestsocial.media\/nl\/wp-content\/uploads\/sites\/2\/2025\/11\/plus-11-768x154.png 768w, https:\/\/www.thebestsocial.media\/nl\/wp-content\/uploads\/sites\/2\/2025\/11\/plus-11-1536x309.png 1536w\" sizes=\"auto, (max-width: 1562px) 100vw, 1562px\" \/><\/p>\n<p>&nbsp;<\/p>\n<h3>2. Pluspunten voor het recht parkeren.<\/h3>\n<p><img loading=\"lazy\" decoding=\"async\" class=\"alignnone size-full wp-image-392864\" src=\"https:\/\/www.thebestsocial.media\/nl\/wp-content\/uploads\/sites\/2\/2025\/11\/plus-1.png\" alt=\"\" width=\"1236\" height=\"334\" srcset=\"https:\/\/www.thebestsocial.media\/nl\/wp-content\/uploads\/sites\/2\/2025\/11\/plus-1.png 1236w, https:\/\/www.thebestsocial.media\/nl\/wp-content\/uploads\/sites\/2\/2025\/11\/plus-1-300x81.png 300w, https:\/\/www.thebestsocial.media\/nl\/wp-content\/uploads\/sites\/2\/2025\/11\/plus-1-1024x277.png 1024w, https:\/\/www.thebestsocial.media\/nl\/wp-content\/uploads\/sites\/2\/2025\/11\/plus-1-768x208.png 768w\" sizes=\"auto, (max-width: 1236px) 100vw, 1236px\" \/><\/p>\n<p>&nbsp;<\/p>\n<h3>3. De PLUS had de term \u2018winkelwagen\u2019 iets duidelijker moeten omschrijven.<\/h3>\n<p><img loading=\"lazy\" decoding=\"async\" class=\"alignnone size-full wp-image-392873\" src=\"https:\/\/www.thebestsocial.media\/nl\/wp-content\/uploads\/sites\/2\/2025\/11\/plus-10.png\" alt=\"\" width=\"1468\" height=\"322\" srcset=\"https:\/\/www.thebestsocial.media\/nl\/wp-content\/uploads\/sites\/2\/2025\/11\/plus-10.png 1468w, https:\/\/www.thebestsocial.media\/nl\/wp-content\/uploads\/sites\/2\/2025\/11\/plus-10-300x66.png 300w, https:\/\/www.thebestsocial.media\/nl\/wp-content\/uploads\/sites\/2\/2025\/11\/plus-10-1024x225.png 1024w, https:\/\/www.thebestsocial.media\/nl\/wp-content\/uploads\/sites\/2\/2025\/11\/plus-10-768x168.png 768w\" sizes=\"auto, (max-width: 1468px) 100vw, 1468px\" \/><\/p>\n<p>&nbsp;<\/p>\n<h3>4. Sommigen kunnen deze actie wel waarderen.<\/h3>\n<p><img loading=\"lazy\" decoding=\"async\" class=\"alignnone size-full wp-image-392868\" src=\"https:\/\/www.thebestsocial.media\/nl\/wp-content\/uploads\/sites\/2\/2025\/11\/plus-5.png\" alt=\"\" width=\"650\" height=\"328\" srcset=\"https:\/\/www.thebestsocial.media\/nl\/wp-content\/uploads\/sites\/2\/2025\/11\/plus-5.png 650w, https:\/\/www.thebestsocial.media\/nl\/wp-content\/uploads\/sites\/2\/2025\/11\/plus-5-300x151.png 300w\" sizes=\"auto, (max-width: 650px) 100vw, 650px\" \/><\/p>\n<p>&nbsp;<\/p>\n<h3>5. Niets meer aan doen.<\/h3>\n<p><img loading=\"lazy\" decoding=\"async\" class=\"alignnone size-full wp-image-392866\" src=\"https:\/\/www.thebestsocial.media\/nl\/wp-content\/uploads\/sites\/2\/2025\/11\/plus-3.png\" alt=\"\" width=\"670\" height=\"328\" srcset=\"https:\/\/www.thebestsocial.media\/nl\/wp-content\/uploads\/sites\/2\/2025\/11\/plus-3.png 670w, https:\/\/www.thebestsocial.media\/nl\/wp-content\/uploads\/sites\/2\/2025\/11\/plus-3-300x147.png 300w\" sizes=\"auto, (max-width: 670px) 100vw, 670px\" \/><\/p>\n<p>&nbsp;<\/p>\n<h3>6. Als het werkt, is het niet dom. Al denkt de PLUS daar waarschijnlijk anders over\u2026<\/h3>\n<p><img loading=\"lazy\" decoding=\"async\" class=\"alignnone size-full wp-image-392872\" src=\"https:\/\/www.thebestsocial.media\/nl\/wp-content\/uploads\/sites\/2\/2025\/11\/plus-9.png\" alt=\"\" width=\"684\" height=\"328\" srcset=\"https:\/\/www.thebestsocial.media\/nl\/wp-content\/uploads\/sites\/2\/2025\/11\/plus-9.png 684w, https:\/\/www.thebestsocial.media\/nl\/wp-content\/uploads\/sites\/2\/2025\/11\/plus-9-300x144.png 300w\" sizes=\"auto, (max-width: 684px) 100vw, 684px\" \/><\/p>\n<p>&nbsp;<\/p>\n<h3>7. Misschien kunnen ze hun naam vast veranderen.<\/h3>\n<p><img loading=\"lazy\" decoding=\"async\" class=\"alignnone size-full wp-image-392867\" src=\"https:\/\/www.thebestsocial.media\/nl\/wp-content\/uploads\/sites\/2\/2025\/11\/plus-4.png\" alt=\"\" width=\"656\" height=\"326\" srcset=\"https:\/\/www.thebestsocial.media\/nl\/wp-content\/uploads\/sites\/2\/2025\/11\/plus-4.png 656w, https:\/\/www.thebestsocial.media\/nl\/wp-content\/uploads\/sites\/2\/2025\/11\/plus-4-300x149.png 300w\" sizes=\"auto, (max-width: 656px) 100vw, 656px\" \/><\/p>\n<p>&nbsp;<\/p>\n<h3>8. Gewoon hard duwen, dan past-ie er nog n\u00e9t bij.<img loading=\"lazy\" decoding=\"async\" class=\"alignnone size-full wp-image-392870\" src=\"https:\/\/www.thebestsocial.media\/nl\/wp-content\/uploads\/sites\/2\/2025\/11\/plus-7.png\" alt=\"\" width=\"1390\" height=\"332\" srcset=\"https:\/\/www.thebestsocial.media\/nl\/wp-content\/uploads\/sites\/2\/2025\/11\/plus-7.png 1390w, https:\/\/www.thebestsocial.media\/nl\/wp-content\/uploads\/sites\/2\/2025\/11\/plus-7-300x72.png 300w, https:\/\/www.thebestsocial.media\/nl\/wp-content\/uploads\/sites\/2\/2025\/11\/plus-7-1024x245.png 1024w, https:\/\/www.thebestsocial.media\/nl\/wp-content\/uploads\/sites\/2\/2025\/11\/plus-7-768x183.png 768w\" sizes=\"auto, (max-width: 1390px) 100vw, 1390px\" \/><\/h3>\n<h3><\/h3>\n<p>&nbsp;<\/p>\n<p><strong>Agencies en bedrijven kunnen tot en met dinsdag 2 december inzenden voor The Best Social Awards. Wacht dus niet langer, check snel alle algemene voorwaarden op de website \u00e9n zend nu je case in voor (\u00e9\u00e9n van) de Business-categorie\u00ebn van de twaalfde editie van <a href=\"https:\/\/thebestsocialawards.nl\" target=\"_blank\" rel=\"noopener\">The Best Social Awards<\/a>. <\/strong><\/p>\n<blockquote class=\"instagram-media\" style=\"background: #FFF; border: 0; border-radius: 3px; box-shadow: 0 0 1px 0 rgba(0,0,0,0.5),0 1px 10px 0 rgba(0,0,0,0.15); margin: 1px; max-width: 540px; min-width: 326px; padding: 0; width: calc(100% - 2px);\" data-instgrm-captioned=\"\" data-instgrm-permalink=\"https:\/\/www.instagram.com\/reel\/DQYs5HHjAwT\/?utm_source=ig_embed&amp;utm_campaign=loading\" data-instgrm-version=\"14\">\n<div style=\"padding: 16px;\">\n<p>&nbsp;<\/p>\n<div style=\"display: flex; flex-direction: row; align-items: center;\">\n<div style=\"background-color: #f4f4f4; border-radius: 50%; flex-grow: 0; height: 40px; margin-right: 14px; width: 40px;\"><\/div>\n<div style=\"display: flex; flex-direction: column; flex-grow: 1; justify-content: center;\">\n<div style=\"background-color: #f4f4f4; border-radius: 4px; flex-grow: 0; height: 14px; margin-bottom: 6px; width: 100px;\"><\/div>\n<div style=\"background-color: #f4f4f4; border-radius: 4px; flex-grow: 0; height: 14px; width: 60px;\"><\/div>\n<\/div>\n<\/div>\n<div style=\"padding: 19% 0;\"><\/div>\n<div style=\"display: block; height: 50px; margin: 0 auto 12px; width: 50px;\"><\/div>\n<div style=\"padding-top: 8px;\">\n<div style=\"color: #3897f0; font-family: Arial,sans-serif; font-size: 14px; font-style: normal; font-weight: 550; line-height: 18px;\">View this post on Instagram<\/div>\n<\/div>\n<div style=\"padding: 12.5% 0;\"><\/div>\n<div style=\"display: flex; flex-direction: row; margin-bottom: 14px; align-items: center;\">\n<div>\n<div style=\"background-color: #f4f4f4; border-radius: 50%; height: 12.5px; width: 12.5px; transform: translateX(0px) translateY(7px);\"><\/div>\n<div style=\"background-color: #f4f4f4; height: 12.5px; transform: rotate(-45deg) translateX(3px) translateY(1px); width: 12.5px; flex-grow: 0; margin-right: 14px; margin-left: 2px;\"><\/div>\n<div style=\"background-color: #f4f4f4; border-radius: 50%; height: 12.5px; width: 12.5px; transform: translateX(9px) translateY(-18px);\"><\/div>\n<\/div>\n<div style=\"margin-left: 8px;\">\n<div style=\"background-color: #f4f4f4; border-radius: 50%; flex-grow: 0; height: 20px; width: 20px;\"><\/div>\n<div style=\"width: 0; height: 0; border-top: 2px solid transparent; border-left: 6px solid #f4f4f4; border-bottom: 2px solid transparent; transform: translateX(16px) translateY(-4px) rotate(30deg);\"><\/div>\n<\/div>\n<div style=\"margin-left: auto;\">\n<div style=\"width: 0px; border-top: 8px solid #F4F4F4; border-right: 8px solid transparent; transform: translateY(16px);\"><\/div>\n<div style=\"background-color: #f4f4f4; flex-grow: 0; height: 12px; width: 16px; transform: translateY(-4px);\"><\/div>\n<div style=\"width: 0; height: 0; border-top: 8px solid #F4F4F4; border-left: 8px solid transparent; transform: translateY(-4px) translateX(8px);\"><\/div>\n<\/div>\n<\/div>\n<div style=\"display: flex; flex-direction: column; flex-grow: 1; justify-content: center; margin-bottom: 24px;\">\n<div style=\"background-color: #f4f4f4; border-radius: 4px; flex-grow: 0; height: 14px; margin-bottom: 6px; width: 224px;\"><\/div>\n<div style=\"background-color: #f4f4f4; border-radius: 4px; flex-grow: 0; height: 14px; width: 144px;\"><\/div>\n<\/div>\n<p>&nbsp;<\/p>\n<p style=\"color: #c9c8cd; font-family: Arial,sans-serif; font-size: 14px; line-height: 17px; margin-bottom: 0; margin-top: 8px; overflow: hidden; padding: 8px 0 7px; text-align: center; text-overflow: ellipsis; white-space: nowrap;\"><a style=\"color: #c9c8cd; font-family: Arial,sans-serif; font-size: 14px; font-style: normal; font-weight: normal; line-height: 17px; text-decoration: none;\" href=\"https:\/\/www.instagram.com\/reel\/DQYs5HHjAwT\/?utm_source=ig_embed&amp;utm_campaign=loading\" target=\"_blank\" rel=\"noopener\">A post shared by The Best Social Awards (@thebestsocialawards)<\/a><\/p>\n<\/div>\n<\/blockquote>\n\n<script async defer src=\"\/instagram-embed.js\"><\/script>","protected":false},"excerpt":{"rendered":"<p>Als je tijdens de spits in een parkeergarage naar een parkeerplek moet zoeken, staat het huilen je nader dan het lachen. Na honderden rondjes word&#8230;<\/p>\n","protected":false},"author":117,"featured_media":392885,"comment_status":"open","ping_status":"open","sticky":false,"template":"","format":"standard","meta":{"_acf_changed":false,"footnotes":""},"categories":[16,17],"tags":[4442,807,3514],"class_list":["post-392859","post","type-post","status-publish","format-standard","has-post-thumbnail","hentry","category-blogs","category-nieuws","tag-parkeren","tag-plus","tag-winkelwagen"],"acf":[],"yoast_head":"<!-- This site is optimized with the Yoast SEO plugin v27.5 - https:\/\/yoast.com\/product\/yoast-seo-wordpress\/ -->\n<title>PLUS-klant zet auto op \u00e9rg gewaagde plek in parkeergarage neer<\/title>\n<meta name=\"description\" content=\"Deze automobilist is helemaal radeloos in de parkeergarage van de PLUS en besluit daarom maar voor een onmogelijke plek te kiezen.\" \/>\n<meta name=\"robots\" content=\"index, follow, max-snippet:-1, max-image-preview:large, max-video-preview:-1\" \/>\n<link rel=\"canonical\" href=\"https:\/\/www.thebestsocial.media\/nl\/parkeren-plus-automobilist-winkelwagen\/\" \/>\n<meta property=\"og:locale\" content=\"nl_NL\" \/>\n<meta property=\"og:type\" content=\"article\" \/>\n<meta property=\"og:title\" content=\"PLUS-klant zet auto op \u00e9rg gewaagde plek in parkeergarage neer\" \/>\n<meta property=\"og:description\" content=\"Deze automobilist is helemaal radeloos in de parkeergarage van de PLUS en besluit daarom maar voor een onmogelijke plek te kiezen.\" \/>\n<meta property=\"og:url\" content=\"https:\/\/www.thebestsocial.media\/nl\/parkeren-plus-automobilist-winkelwagen\/\" \/>\n<meta property=\"og:site_name\" content=\"The Best Social Media NL\" \/>\n<meta property=\"article:published_time\" content=\"2025-11-09T08:30:12+00:00\" \/>\n<meta property=\"og:image\" content=\"https:\/\/www.thebestsocial.media\/nl\/wp-content\/uploads\/sites\/2\/2025\/11\/plus-header-social-1.png\" \/>\n\t<meta property=\"og:image:width\" content=\"1200\" \/>\n\t<meta property=\"og:image:height\" content=\"630\" \/>\n\t<meta property=\"og:image:type\" content=\"image\/png\" \/>\n<meta name=\"author\" content=\"Yke\" \/>\n<meta name=\"twitter:card\" content=\"summary_large_image\" \/>\n<meta name=\"twitter:label1\" content=\"Geschreven door\" \/>\n\t<meta name=\"twitter:data1\" content=\"Yke\" \/>\n\t<meta name=\"twitter:label2\" content=\"Geschatte leestijd\" \/>\n\t<meta name=\"twitter:data2\" content=\"4 minuten\" \/>\n<script type=\"application\/ld+json\" class=\"yoast-schema-graph\">{\"@context\":\"https:\\\/\\\/schema.org\",\"@graph\":[{\"@type\":\"Article\",\"@id\":\"https:\\\/\\\/www.thebestsocial.media\\\/nl\\\/parkeren-plus-automobilist-winkelwagen\\\/#article\",\"isPartOf\":{\"@id\":\"https:\\\/\\\/www.thebestsocial.media\\\/nl\\\/parkeren-plus-automobilist-winkelwagen\\\/\"},\"author\":{\"name\":\"Yke\",\"@id\":\"https:\\\/\\\/www.thebestsocial.media\\\/nl\\\/#\\\/schema\\\/person\\\/8606b82fba0c8f0e9bb0a37141b1e076\"},\"headline\":\"PLUS-klant zet auto op \u00e9rg gewaagde plek in parkeergarage neer\",\"datePublished\":\"2025-11-09T08:30:12+00:00\",\"mainEntityOfPage\":{\"@id\":\"https:\\\/\\\/www.thebestsocial.media\\\/nl\\\/parkeren-plus-automobilist-winkelwagen\\\/\"},\"wordCount\":197,\"commentCount\":0,\"image\":{\"@id\":\"https:\\\/\\\/www.thebestsocial.media\\\/nl\\\/parkeren-plus-automobilist-winkelwagen\\\/#primaryimage\"},\"thumbnailUrl\":\"https:\\\/\\\/www.thebestsocial.media\\\/nl\\\/wp-content\\\/uploads\\\/sites\\\/2\\\/2025\\\/11\\\/plus-header-1.png\",\"keywords\":[\"parkeren\",\"plus\",\"winkelwagen\"],\"articleSection\":[\"Blogs\",\"Nieuws\"],\"inLanguage\":\"nl-NL\",\"potentialAction\":[{\"@type\":\"CommentAction\",\"name\":\"Comment\",\"target\":[\"https:\\\/\\\/www.thebestsocial.media\\\/nl\\\/parkeren-plus-automobilist-winkelwagen\\\/#respond\"]}]},{\"@type\":\"WebPage\",\"@id\":\"https:\\\/\\\/www.thebestsocial.media\\\/nl\\\/parkeren-plus-automobilist-winkelwagen\\\/\",\"url\":\"https:\\\/\\\/www.thebestsocial.media\\\/nl\\\/parkeren-plus-automobilist-winkelwagen\\\/\",\"name\":\"PLUS-klant zet auto op \u00e9rg gewaagde plek in parkeergarage neer\",\"isPartOf\":{\"@id\":\"https:\\\/\\\/www.thebestsocial.media\\\/nl\\\/#website\"},\"primaryImageOfPage\":{\"@id\":\"https:\\\/\\\/www.thebestsocial.media\\\/nl\\\/parkeren-plus-automobilist-winkelwagen\\\/#primaryimage\"},\"image\":{\"@id\":\"https:\\\/\\\/www.thebestsocial.media\\\/nl\\\/parkeren-plus-automobilist-winkelwagen\\\/#primaryimage\"},\"thumbnailUrl\":\"https:\\\/\\\/www.thebestsocial.media\\\/nl\\\/wp-content\\\/uploads\\\/sites\\\/2\\\/2025\\\/11\\\/plus-header-1.png\",\"datePublished\":\"2025-11-09T08:30:12+00:00\",\"author\":{\"@id\":\"https:\\\/\\\/www.thebestsocial.media\\\/nl\\\/#\\\/schema\\\/person\\\/8606b82fba0c8f0e9bb0a37141b1e076\"},\"description\":\"Deze automobilist is helemaal radeloos in de parkeergarage van de PLUS en besluit daarom maar voor een onmogelijke plek te kiezen.\",\"breadcrumb\":{\"@id\":\"https:\\\/\\\/www.thebestsocial.media\\\/nl\\\/parkeren-plus-automobilist-winkelwagen\\\/#breadcrumb\"},\"inLanguage\":\"nl-NL\",\"potentialAction\":[{\"@type\":\"ReadAction\",\"target\":[\"https:\\\/\\\/www.thebestsocial.media\\\/nl\\\/parkeren-plus-automobilist-winkelwagen\\\/\"]}]},{\"@type\":\"ImageObject\",\"inLanguage\":\"nl-NL\",\"@id\":\"https:\\\/\\\/www.thebestsocial.media\\\/nl\\\/parkeren-plus-automobilist-winkelwagen\\\/#primaryimage\",\"url\":\"https:\\\/\\\/www.thebestsocial.media\\\/nl\\\/wp-content\\\/uploads\\\/sites\\\/2\\\/2025\\\/11\\\/plus-header-1.png\",\"contentUrl\":\"https:\\\/\\\/www.thebestsocial.media\\\/nl\\\/wp-content\\\/uploads\\\/sites\\\/2\\\/2025\\\/11\\\/plus-header-1.png\",\"width\":1200,\"height\":630},{\"@type\":\"BreadcrumbList\",\"@id\":\"https:\\\/\\\/www.thebestsocial.media\\\/nl\\\/parkeren-plus-automobilist-winkelwagen\\\/#breadcrumb\",\"itemListElement\":[{\"@type\":\"ListItem\",\"position\":1,\"name\":\"Home\",\"item\":\"https:\\\/\\\/www.thebestsocial.media\\\/nl\\\/\"},{\"@type\":\"ListItem\",\"position\":2,\"name\":\"PLUS-klant zet auto op \u00e9rg gewaagde plek in parkeergarage neer\"}]},{\"@type\":\"WebSite\",\"@id\":\"https:\\\/\\\/www.thebestsocial.media\\\/nl\\\/#website\",\"url\":\"https:\\\/\\\/www.thebestsocial.media\\\/nl\\\/\",\"name\":\"The Best Social Media NL\",\"description\":\"Zoeklicht in de Digital Chaos\",\"potentialAction\":[{\"@type\":\"SearchAction\",\"target\":{\"@type\":\"EntryPoint\",\"urlTemplate\":\"https:\\\/\\\/www.thebestsocial.media\\\/nl\\\/?s={search_term_string}\"},\"query-input\":{\"@type\":\"PropertyValueSpecification\",\"valueRequired\":true,\"valueName\":\"search_term_string\"}}],\"inLanguage\":\"nl-NL\"},{\"@type\":\"Person\",\"@id\":\"https:\\\/\\\/www.thebestsocial.media\\\/nl\\\/#\\\/schema\\\/person\\\/8606b82fba0c8f0e9bb0a37141b1e076\",\"name\":\"Yke\",\"image\":{\"@type\":\"ImageObject\",\"inLanguage\":\"nl-NL\",\"@id\":\"https:\\\/\\\/secure.gravatar.com\\\/avatar\\\/5672717b902c9d1318b61229ca6af1f6d3a209dceabb66b84761e03a46fab6fc?s=96&d=mm&r=g\",\"url\":\"https:\\\/\\\/secure.gravatar.com\\\/avatar\\\/5672717b902c9d1318b61229ca6af1f6d3a209dceabb66b84761e03a46fab6fc?s=96&d=mm&r=g\",\"contentUrl\":\"https:\\\/\\\/secure.gravatar.com\\\/avatar\\\/5672717b902c9d1318b61229ca6af1f6d3a209dceabb66b84761e03a46fab6fc?s=96&d=mm&r=g\",\"caption\":\"Yke\"},\"description\":\"Stiekem nog een student die nog lang niet klaar is voor het volwassen leven. Heeft een enorme hekel aan regen en kou, ondanks dat dat het perfecte weer is om TikTok uit te spelen (en ze dat dan wel weer graag doet). Weet de meest random feitjes en is onnodig trots op haar Duolingo streak.\",\"sameAs\":[\"https:\\\/\\\/www.instagram.com\\\/ykevandersalmxx\\\/\",\"https:\\\/\\\/www.linkedin.com\\\/in\\\/yke-van-der-salm-212309299\\\/\"],\"url\":\"https:\\\/\\\/www.thebestsocial.media\\\/nl\\\/author\\\/yke2023\\\/\"}]}<\/script>\n<!-- \/ Yoast SEO plugin. -->","yoast_head_json":{"title":"PLUS-klant zet auto op \u00e9rg gewaagde plek in parkeergarage neer","description":"Deze automobilist is helemaal radeloos in de parkeergarage van de PLUS en besluit daarom maar voor een onmogelijke plek te kiezen.","robots":{"index":"index","follow":"follow","max-snippet":"max-snippet:-1","max-image-preview":"max-image-preview:large","max-video-preview":"max-video-preview:-1"},"canonical":"https:\/\/www.thebestsocial.media\/nl\/parkeren-plus-automobilist-winkelwagen\/","og_locale":"nl_NL","og_type":"article","og_title":"PLUS-klant zet auto op \u00e9rg gewaagde plek in parkeergarage neer","og_description":"Deze automobilist is helemaal radeloos in de parkeergarage van de PLUS en besluit daarom maar voor een onmogelijke plek te kiezen.","og_url":"https:\/\/www.thebestsocial.media\/nl\/parkeren-plus-automobilist-winkelwagen\/","og_site_name":"The Best Social Media NL","article_published_time":"2025-11-09T08:30:12+00:00","og_image":[{"width":1200,"height":630,"url":"https:\/\/www.thebestsocial.media\/nl\/wp-content\/uploads\/sites\/2\/2025\/11\/plus-header-social-1.png","type":"image\/png"}],"author":"Yke","twitter_card":"summary_large_image","twitter_misc":{"Geschreven door":"Yke","Geschatte leestijd":"4 minuten"},"schema":{"@context":"https:\/\/schema.org","@graph":[{"@type":"Article","@id":"https:\/\/www.thebestsocial.media\/nl\/parkeren-plus-automobilist-winkelwagen\/#article","isPartOf":{"@id":"https:\/\/www.thebestsocial.media\/nl\/parkeren-plus-automobilist-winkelwagen\/"},"author":{"name":"Yke","@id":"https:\/\/www.thebestsocial.media\/nl\/#\/schema\/person\/8606b82fba0c8f0e9bb0a37141b1e076"},"headline":"PLUS-klant zet auto op \u00e9rg gewaagde plek in parkeergarage neer","datePublished":"2025-11-09T08:30:12+00:00","mainEntityOfPage":{"@id":"https:\/\/www.thebestsocial.media\/nl\/parkeren-plus-automobilist-winkelwagen\/"},"wordCount":197,"commentCount":0,"image":{"@id":"https:\/\/www.thebestsocial.media\/nl\/parkeren-plus-automobilist-winkelwagen\/#primaryimage"},"thumbnailUrl":"https:\/\/www.thebestsocial.media\/nl\/wp-content\/uploads\/sites\/2\/2025\/11\/plus-header-1.png","keywords":["parkeren","plus","winkelwagen"],"articleSection":["Blogs","Nieuws"],"inLanguage":"nl-NL","potentialAction":[{"@type":"CommentAction","name":"Comment","target":["https:\/\/www.thebestsocial.media\/nl\/parkeren-plus-automobilist-winkelwagen\/#respond"]}]},{"@type":"WebPage","@id":"https:\/\/www.thebestsocial.media\/nl\/parkeren-plus-automobilist-winkelwagen\/","url":"https:\/\/www.thebestsocial.media\/nl\/parkeren-plus-automobilist-winkelwagen\/","name":"PLUS-klant zet auto op \u00e9rg gewaagde plek in parkeergarage neer","isPartOf":{"@id":"https:\/\/www.thebestsocial.media\/nl\/#website"},"primaryImageOfPage":{"@id":"https:\/\/www.thebestsocial.media\/nl\/parkeren-plus-automobilist-winkelwagen\/#primaryimage"},"image":{"@id":"https:\/\/www.thebestsocial.media\/nl\/parkeren-plus-automobilist-winkelwagen\/#primaryimage"},"thumbnailUrl":"https:\/\/www.thebestsocial.media\/nl\/wp-content\/uploads\/sites\/2\/2025\/11\/plus-header-1.png","datePublished":"2025-11-09T08:30:12+00:00","author":{"@id":"https:\/\/www.thebestsocial.media\/nl\/#\/schema\/person\/8606b82fba0c8f0e9bb0a37141b1e076"},"description":"Deze automobilist is helemaal radeloos in de parkeergarage van de PLUS en besluit daarom maar voor een onmogelijke plek te kiezen.","breadcrumb":{"@id":"https:\/\/www.thebestsocial.media\/nl\/parkeren-plus-automobilist-winkelwagen\/#breadcrumb"},"inLanguage":"nl-NL","potentialAction":[{"@type":"ReadAction","target":["https:\/\/www.thebestsocial.media\/nl\/parkeren-plus-automobilist-winkelwagen\/"]}]},{"@type":"ImageObject","inLanguage":"nl-NL","@id":"https:\/\/www.thebestsocial.media\/nl\/parkeren-plus-automobilist-winkelwagen\/#primaryimage","url":"https:\/\/www.thebestsocial.media\/nl\/wp-content\/uploads\/sites\/2\/2025\/11\/plus-header-1.png","contentUrl":"https:\/\/www.thebestsocial.media\/nl\/wp-content\/uploads\/sites\/2\/2025\/11\/plus-header-1.png","width":1200,"height":630},{"@type":"BreadcrumbList","@id":"https:\/\/www.thebestsocial.media\/nl\/parkeren-plus-automobilist-winkelwagen\/#breadcrumb","itemListElement":[{"@type":"ListItem","position":1,"name":"Home","item":"https:\/\/www.thebestsocial.media\/nl\/"},{"@type":"ListItem","position":2,"name":"PLUS-klant zet auto op \u00e9rg gewaagde plek in parkeergarage neer"}]},{"@type":"WebSite","@id":"https:\/\/www.thebestsocial.media\/nl\/#website","url":"https:\/\/www.thebestsocial.media\/nl\/","name":"The Best Social Media NL","description":"Zoeklicht in de Digital Chaos","potentialAction":[{"@type":"SearchAction","target":{"@type":"EntryPoint","urlTemplate":"https:\/\/www.thebestsocial.media\/nl\/?s={search_term_string}"},"query-input":{"@type":"PropertyValueSpecification","valueRequired":true,"valueName":"search_term_string"}}],"inLanguage":"nl-NL"},{"@type":"Person","@id":"https:\/\/www.thebestsocial.media\/nl\/#\/schema\/person\/8606b82fba0c8f0e9bb0a37141b1e076","name":"Yke","image":{"@type":"ImageObject","inLanguage":"nl-NL","@id":"https:\/\/secure.gravatar.com\/avatar\/5672717b902c9d1318b61229ca6af1f6d3a209dceabb66b84761e03a46fab6fc?s=96&d=mm&r=g","url":"https:\/\/secure.gravatar.com\/avatar\/5672717b902c9d1318b61229ca6af1f6d3a209dceabb66b84761e03a46fab6fc?s=96&d=mm&r=g","contentUrl":"https:\/\/secure.gravatar.com\/avatar\/5672717b902c9d1318b61229ca6af1f6d3a209dceabb66b84761e03a46fab6fc?s=96&d=mm&r=g","caption":"Yke"},"description":"Stiekem nog een student die nog lang niet klaar is voor het volwassen leven. Heeft een enorme hekel aan regen en kou, ondanks dat dat het perfecte weer is om TikTok uit te spelen (en ze dat dan wel weer graag doet). Weet de meest random feitjes en is onnodig trots op haar Duolingo streak.","sameAs":["https:\/\/www.instagram.com\/ykevandersalmxx\/","https:\/\/www.linkedin.com\/in\/yke-van-der-salm-212309299\/"],"url":"https:\/\/www.thebestsocial.media\/nl\/author\/yke2023\/"}]}},"amp_enabled":true,"_links":{"self":[{"href":"https:\/\/www.thebestsocial.media\/nl\/wp-json\/wp\/v2\/posts\/392859","targetHints":{"allow":["GET"]}}],"collection":[{"href":"https:\/\/www.thebestsocial.media\/nl\/wp-json\/wp\/v2\/posts"}],"about":[{"href":"https:\/\/www.thebestsocial.media\/nl\/wp-json\/wp\/v2\/types\/post"}],"author":[{"embeddable":true,"href":"https:\/\/www.thebestsocial.media\/nl\/wp-json\/wp\/v2\/users\/117"}],"replies":[{"embeddable":true,"href":"https:\/\/www.thebestsocial.media\/nl\/wp-json\/wp\/v2\/comments?post=392859"}],"version-history":[{"count":4,"href":"https:\/\/www.thebestsocial.media\/nl\/wp-json\/wp\/v2\/posts\/392859\/revisions"}],"predecessor-version":[{"id":392968,"href":"https:\/\/www.thebestsocial.media\/nl\/wp-json\/wp\/v2\/posts\/392859\/revisions\/392968"}],"wp:featuredmedia":[{"embeddable":true,"href":"https:\/\/www.thebestsocial.media\/nl\/wp-json\/wp\/v2\/media\/392885"}],"wp:attachment":[{"href":"https:\/\/www.thebestsocial.media\/nl\/wp-json\/wp\/v2\/media?parent=392859"}],"wp:term":[{"taxonomy":"category","embeddable":true,"href":"https:\/\/www.thebestsocial.media\/nl\/wp-json\/wp\/v2\/categories?post=392859"},{"taxonomy":"post_tag","embeddable":true,"href":"https:\/\/www.thebestsocial.media\/nl\/wp-json\/wp\/v2\/tags?post=392859"}],"curies":[{"name":"wp","href":"https:\/\/api.w.org\/{rel}","templated":true}]}}