{"id":391357,"date":"2025-10-30T14:31:34","date_gmt":"2025-10-30T13:31:34","guid":{"rendered":"https:\/\/www.thebestsocial.media\/nl\/?p=391357"},"modified":"2025-10-30T14:31:34","modified_gmt":"2025-10-30T13:31:34","slug":"ouder-vader-herkenbaar","status":"publish","type":"post","link":"https:\/\/www.thebestsocial.media\/nl\/ouder-vader-herkenbaar\/","title":{"rendered":"Ouder bereidt zich op \u00e9rg herkenbare wijze voor op skivakantie: \u2018Hoe zijn alle vaders hetzelfde?\u2019"},"content":{"rendered":"<p>Soms lijkt het alsof alle vaders hetzelfde zijn. Ze vergeten de naam van je vriendin die al twintig jaar over de vloer komt, schudden eerst even de <a href=\"https:\/\/www.thebestsocial.media\/nl\/nederlands-te-komen-weten\/\" target=\"_blank\" rel=\"noopener\">borrelnootjes<\/a> in hun hand voordat ze ze allemaal tegelijk in hun mond gooien, en reageren standaard met een duimpje op je berichten. <a href=\"https:\/\/www.tiktok.com\/@spamvanvall\/video\/7565858645548829985\" target=\"_blank\" rel=\"noopener\">Valerie<\/a> haar vader heeft ook zo\u2019n typisch trekje nadat hij vakantie heeft geboekt, en dat komt veel Nederlanders maar al te bekend voor.<\/p>\n<p>&nbsp;<\/p>\n<h3>1. De vader van Valerie laat niets aan de verbeelding over.<\/h3>\n<p><iframe loading=\"lazy\" src=\"\/tiktok-cache\/7565858645548829985\/f0a481716a87414ea53d79e4120a7ba6c0e94abc1ca4896686eb7f01\" width=\"623\" height=\"1108\" style=\"border:0; height:90vh; width:50.625000vh;\" scrolling=\"no\"><\/iframe><\/p>\n<p>&nbsp;<\/p>\n<h3>2. Toch kunnen veel Nederlanders deze actie wel waarderen.<\/h3>\n<p><img loading=\"lazy\" decoding=\"async\" class=\"alignnone wp-image-391401 size-full\" src=\"https:\/\/www.thebestsocial.media\/nl\/wp-content\/uploads\/sites\/2\/2025\/10\/vader-4.png\" alt=\"vakantie\" width=\"990\" height=\"146\" srcset=\"https:\/\/www.thebestsocial.media\/nl\/wp-content\/uploads\/sites\/2\/2025\/10\/vader-4.png 990w, https:\/\/www.thebestsocial.media\/nl\/wp-content\/uploads\/sites\/2\/2025\/10\/vader-4-300x44.png 300w, https:\/\/www.thebestsocial.media\/nl\/wp-content\/uploads\/sites\/2\/2025\/10\/vader-4-768x113.png 768w\" sizes=\"auto, (max-width: 990px) 100vw, 990px\" \/><\/p>\n<p>&nbsp;<\/p>\n<h3>3. Het is gewoon part of the experience.<\/h3>\n<p><img loading=\"lazy\" decoding=\"async\" class=\"alignnone wp-image-391404 size-full\" src=\"https:\/\/www.thebestsocial.media\/nl\/wp-content\/uploads\/sites\/2\/2025\/10\/vader-7.png\" alt=\"vakantie\" width=\"984\" height=\"148\" srcset=\"https:\/\/www.thebestsocial.media\/nl\/wp-content\/uploads\/sites\/2\/2025\/10\/vader-7.png 984w, https:\/\/www.thebestsocial.media\/nl\/wp-content\/uploads\/sites\/2\/2025\/10\/vader-7-300x45.png 300w, https:\/\/www.thebestsocial.media\/nl\/wp-content\/uploads\/sites\/2\/2025\/10\/vader-7-768x116.png 768w\" sizes=\"auto, (max-width: 984px) 100vw, 984px\" \/><\/p>\n<p>&nbsp;<\/p>\n<h3>4. Ook de livebeelden worden 24\/7 in de gaten gehouden.<\/h3>\n<p><img loading=\"lazy\" decoding=\"async\" class=\"alignnone wp-image-391402 size-full\" src=\"https:\/\/www.thebestsocial.media\/nl\/wp-content\/uploads\/sites\/2\/2025\/10\/vader-5.png\" alt=\"vader\" width=\"972\" height=\"340\" srcset=\"https:\/\/www.thebestsocial.media\/nl\/wp-content\/uploads\/sites\/2\/2025\/10\/vader-5.png 972w, https:\/\/www.thebestsocial.media\/nl\/wp-content\/uploads\/sites\/2\/2025\/10\/vader-5-300x105.png 300w, https:\/\/www.thebestsocial.media\/nl\/wp-content\/uploads\/sites\/2\/2025\/10\/vader-5-768x269.png 768w\" sizes=\"auto, (max-width: 972px) 100vw, 972px\" \/><\/p>\n<p>&nbsp;<\/p>\n<h3>5. Veel kinderen herkennen hun vader hierin.<\/h3>\n<p><img loading=\"lazy\" decoding=\"async\" class=\"alignnone wp-image-391398 size-full\" src=\"https:\/\/www.thebestsocial.media\/nl\/wp-content\/uploads\/sites\/2\/2025\/10\/vader-1.png\" alt=\"vader\" width=\"978\" height=\"158\" srcset=\"https:\/\/www.thebestsocial.media\/nl\/wp-content\/uploads\/sites\/2\/2025\/10\/vader-1.png 978w, https:\/\/www.thebestsocial.media\/nl\/wp-content\/uploads\/sites\/2\/2025\/10\/vader-1-300x48.png 300w, https:\/\/www.thebestsocial.media\/nl\/wp-content\/uploads\/sites\/2\/2025\/10\/vader-1-768x124.png 768w\" sizes=\"auto, (max-width: 978px) 100vw, 978px\" \/><\/p>\n<p><img loading=\"lazy\" decoding=\"async\" class=\"alignnone wp-image-391399 size-full\" src=\"https:\/\/www.thebestsocial.media\/nl\/wp-content\/uploads\/sites\/2\/2025\/10\/vader-2.png\" alt=\"vader\" width=\"964\" height=\"146\" srcset=\"https:\/\/www.thebestsocial.media\/nl\/wp-content\/uploads\/sites\/2\/2025\/10\/vader-2.png 964w, https:\/\/www.thebestsocial.media\/nl\/wp-content\/uploads\/sites\/2\/2025\/10\/vader-2-300x45.png 300w, https:\/\/www.thebestsocial.media\/nl\/wp-content\/uploads\/sites\/2\/2025\/10\/vader-2-768x116.png 768w\" sizes=\"auto, (max-width: 964px) 100vw, 964px\" \/><\/p>\n<p>&nbsp;<\/p>\n<h3>6. &#8216;Papa, ik lijk steeds meer op jou&#8230;&#8217;<\/h3>\n<p><img loading=\"lazy\" decoding=\"async\" class=\"alignnone wp-image-391400 size-full\" src=\"https:\/\/www.thebestsocial.media\/nl\/wp-content\/uploads\/sites\/2\/2025\/10\/vader-3.png\" alt=\"vader\" width=\"974\" height=\"152\" srcset=\"https:\/\/www.thebestsocial.media\/nl\/wp-content\/uploads\/sites\/2\/2025\/10\/vader-3.png 974w, https:\/\/www.thebestsocial.media\/nl\/wp-content\/uploads\/sites\/2\/2025\/10\/vader-3-300x47.png 300w, https:\/\/www.thebestsocial.media\/nl\/wp-content\/uploads\/sites\/2\/2025\/10\/vader-3-768x120.png 768w\" sizes=\"auto, (max-width: 974px) 100vw, 974px\" \/><\/p>\n<p>&nbsp;<\/p>\n<p><strong>Agencies en bedrijven kunnen tot en met dinsdag 2 december inzenden voor The Best Social Awards. Wacht dus niet langer, check snel alle algemene voorwaarden op de website \u00e9n zend nu je case in voor (\u00e9\u00e9n van) de Business-categorie\u00ebn van de twaalfde editie van <a href=\"https:\/\/thebestsocialawards.nl\" target=\"_blank\" rel=\"noopener\">The Best Social Awards<\/a>. <\/strong><\/p>\n<blockquote class=\"instagram-media\" style=\"background: #FFF; border: 0; border-radius: 3px; box-shadow: 0 0 1px 0 rgba(0,0,0,0.5),0 1px 10px 0 rgba(0,0,0,0.15); margin: 1px; max-width: 540px; min-width: 326px; padding: 0; width: calc(100% - 2px);\" data-instgrm-captioned=\"\" data-instgrm-permalink=\"https:\/\/www.instagram.com\/reel\/DQYs5HHjAwT\/?utm_source=ig_embed&amp;utm_campaign=loading\" data-instgrm-version=\"14\">\n<div style=\"padding: 16px;\">\n<p>&nbsp;<\/p>\n<div style=\"display: flex; flex-direction: row; align-items: center;\">\n<div style=\"background-color: #f4f4f4; border-radius: 50%; flex-grow: 0; height: 40px; margin-right: 14px; width: 40px;\"><\/div>\n<div style=\"display: flex; flex-direction: column; flex-grow: 1; justify-content: center;\">\n<div style=\"background-color: #f4f4f4; border-radius: 4px; flex-grow: 0; height: 14px; margin-bottom: 6px; width: 100px;\"><\/div>\n<div style=\"background-color: #f4f4f4; border-radius: 4px; flex-grow: 0; height: 14px; width: 60px;\"><\/div>\n<\/div>\n<\/div>\n<div style=\"padding: 19% 0;\"><\/div>\n<div style=\"display: block; height: 50px; margin: 0 auto 12px; width: 50px;\"><\/div>\n<div style=\"padding-top: 8px;\">\n<div style=\"color: #3897f0; font-family: Arial,sans-serif; font-size: 14px; font-style: normal; font-weight: 550; line-height: 18px;\">View this post on Instagram<\/div>\n<\/div>\n<div style=\"padding: 12.5% 0;\"><\/div>\n<div style=\"display: flex; flex-direction: row; margin-bottom: 14px; align-items: center;\">\n<div>\n<div style=\"background-color: #f4f4f4; border-radius: 50%; height: 12.5px; width: 12.5px; transform: translateX(0px) translateY(7px);\"><\/div>\n<div style=\"background-color: #f4f4f4; height: 12.5px; transform: rotate(-45deg) translateX(3px) translateY(1px); width: 12.5px; flex-grow: 0; margin-right: 14px; margin-left: 2px;\"><\/div>\n<div style=\"background-color: #f4f4f4; border-radius: 50%; height: 12.5px; width: 12.5px; transform: translateX(9px) translateY(-18px);\"><\/div>\n<\/div>\n<div style=\"margin-left: 8px;\">\n<div style=\"background-color: #f4f4f4; border-radius: 50%; flex-grow: 0; height: 20px; width: 20px;\"><\/div>\n<div style=\"width: 0; height: 0; border-top: 2px solid transparent; border-left: 6px solid #f4f4f4; border-bottom: 2px solid transparent; transform: translateX(16px) translateY(-4px) rotate(30deg);\"><\/div>\n<\/div>\n<div style=\"margin-left: auto;\">\n<div style=\"width: 0px; border-top: 8px solid #F4F4F4; border-right: 8px solid transparent; transform: translateY(16px);\"><\/div>\n<div style=\"background-color: #f4f4f4; flex-grow: 0; height: 12px; width: 16px; transform: translateY(-4px);\"><\/div>\n<div style=\"width: 0; height: 0; border-top: 8px solid #F4F4F4; border-left: 8px solid transparent; transform: translateY(-4px) translateX(8px);\"><\/div>\n<\/div>\n<\/div>\n<div style=\"display: flex; flex-direction: column; flex-grow: 1; justify-content: center; margin-bottom: 24px;\">\n<div style=\"background-color: #f4f4f4; border-radius: 4px; flex-grow: 0; height: 14px; margin-bottom: 6px; width: 224px;\"><\/div>\n<div style=\"background-color: #f4f4f4; border-radius: 4px; flex-grow: 0; height: 14px; width: 144px;\"><\/div>\n<\/div>\n<p>&nbsp;<\/p>\n<p style=\"color: #c9c8cd; font-family: Arial,sans-serif; font-size: 14px; line-height: 17px; margin-bottom: 0; margin-top: 8px; overflow: hidden; padding: 8px 0 7px; text-align: center; text-overflow: ellipsis; white-space: nowrap;\"><a style=\"color: #c9c8cd; font-family: Arial,sans-serif; font-size: 14px; font-style: normal; font-weight: normal; line-height: 17px; text-decoration: none;\" href=\"https:\/\/www.instagram.com\/reel\/DQYs5HHjAwT\/?utm_source=ig_embed&amp;utm_campaign=loading\" target=\"_blank\" rel=\"noopener\">A post shared by The Best Social Awards (@thebestsocialawards)<\/a><\/p>\n<\/div>\n<\/blockquote>\n\n<script async defer src=\"\/instagram-embed.js\"><\/script>","protected":false},"excerpt":{"rendered":"<p>Soms lijkt het alsof alle vaders hetzelfde zijn. Ze vergeten de naam van je vriendin die al twintig jaar over de vloer komt, schudden eerst&#8230;<\/p>\n","protected":false},"author":126,"featured_media":391505,"comment_status":"open","ping_status":"open","sticky":false,"template":"","format":"standard","meta":{"_acf_changed":false,"footnotes":""},"categories":[16,17],"tags":[1987,1160],"class_list":["post-391357","post","type-post","status-publish","format-standard","has-post-thumbnail","hentry","category-blogs","category-nieuws","tag-vader","tag-vakantie"],"acf":[],"yoast_head":"<!-- This site is optimized with the Yoast SEO plugin v27.5 - https:\/\/yoast.com\/product\/yoast-seo-wordpress\/ -->\n<title>Ouder bereidt zich op \u00e9rg herkenbare wijze voor op skivakantie<\/title>\n<meta name=\"description\" content=\"Valerie haar vader heeft ook zo\u2019n typisch trekje nadat hij vakantie heeft geboekt, en dat komt veel Nederlanders maar al te bekend voor.\" \/>\n<meta name=\"robots\" content=\"index, follow, max-snippet:-1, max-image-preview:large, max-video-preview:-1\" \/>\n<link rel=\"canonical\" href=\"https:\/\/www.thebestsocial.media\/nl\/ouder-vader-herkenbaar\/\" \/>\n<meta property=\"og:locale\" content=\"nl_NL\" \/>\n<meta property=\"og:type\" content=\"article\" \/>\n<meta property=\"og:title\" content=\"Ouder bereidt zich op \u00e9rg herkenbare wijze voor op skivakantie: \u2018Hoe zijn alle vaders hetzelfde?\u2019\" \/>\n<meta property=\"og:description\" content=\"Valerie haar vader heeft ook zo\u2019n typisch trekje nadat hij vakantie heeft geboekt, en dat komt veel Nederlanders maar al te bekend voor.\" \/>\n<meta property=\"og:url\" content=\"https:\/\/www.thebestsocial.media\/nl\/ouder-vader-herkenbaar\/\" \/>\n<meta property=\"og:site_name\" content=\"The Best Social Media NL\" \/>\n<meta property=\"article:published_time\" content=\"2025-10-30T13:31:34+00:00\" \/>\n<meta property=\"og:image\" content=\"https:\/\/www.thebestsocial.media\/nl\/wp-content\/uploads\/sites\/2\/2025\/10\/header-vader.png\" \/>\n\t<meta property=\"og:image:width\" content=\"1200\" \/>\n\t<meta property=\"og:image:height\" content=\"630\" \/>\n\t<meta property=\"og:image:type\" content=\"image\/png\" \/>\n<meta name=\"author\" content=\"Jip Schippers\" \/>\n<meta name=\"twitter:card\" content=\"summary_large_image\" \/>\n<meta name=\"twitter:label1\" content=\"Geschreven door\" \/>\n\t<meta name=\"twitter:data1\" content=\"Jip Schippers\" \/>\n\t<meta name=\"twitter:label2\" content=\"Geschatte leestijd\" \/>\n\t<meta name=\"twitter:data2\" content=\"3 minuten\" \/>\n<script type=\"application\/ld+json\" class=\"yoast-schema-graph\">{\"@context\":\"https:\\\/\\\/schema.org\",\"@graph\":[{\"@type\":\"Article\",\"@id\":\"https:\\\/\\\/www.thebestsocial.media\\\/nl\\\/ouder-vader-herkenbaar\\\/#article\",\"isPartOf\":{\"@id\":\"https:\\\/\\\/www.thebestsocial.media\\\/nl\\\/ouder-vader-herkenbaar\\\/\"},\"author\":{\"name\":\"Jip Schippers\",\"@id\":\"https:\\\/\\\/www.thebestsocial.media\\\/nl\\\/#\\\/schema\\\/person\\\/2ba6c772ded0c01f45ae4fe07d75e743\"},\"headline\":\"Ouder bereidt zich op \u00e9rg herkenbare wijze voor op skivakantie: \u2018Hoe zijn alle vaders hetzelfde?\u2019\",\"datePublished\":\"2025-10-30T13:31:34+00:00\",\"mainEntityOfPage\":{\"@id\":\"https:\\\/\\\/www.thebestsocial.media\\\/nl\\\/ouder-vader-herkenbaar\\\/\"},\"wordCount\":220,\"commentCount\":0,\"image\":{\"@id\":\"https:\\\/\\\/www.thebestsocial.media\\\/nl\\\/ouder-vader-herkenbaar\\\/#primaryimage\"},\"thumbnailUrl\":\"https:\\\/\\\/www.thebestsocial.media\\\/nl\\\/wp-content\\\/uploads\\\/sites\\\/2\\\/2025\\\/10\\\/uit_-1.png\",\"keywords\":[\"vader\",\"vakantie\"],\"articleSection\":[\"Blogs\",\"Nieuws\"],\"inLanguage\":\"nl-NL\",\"potentialAction\":[{\"@type\":\"CommentAction\",\"name\":\"Comment\",\"target\":[\"https:\\\/\\\/www.thebestsocial.media\\\/nl\\\/ouder-vader-herkenbaar\\\/#respond\"]}]},{\"@type\":\"WebPage\",\"@id\":\"https:\\\/\\\/www.thebestsocial.media\\\/nl\\\/ouder-vader-herkenbaar\\\/\",\"url\":\"https:\\\/\\\/www.thebestsocial.media\\\/nl\\\/ouder-vader-herkenbaar\\\/\",\"name\":\"Ouder bereidt zich op \u00e9rg herkenbare wijze voor op skivakantie\",\"isPartOf\":{\"@id\":\"https:\\\/\\\/www.thebestsocial.media\\\/nl\\\/#website\"},\"primaryImageOfPage\":{\"@id\":\"https:\\\/\\\/www.thebestsocial.media\\\/nl\\\/ouder-vader-herkenbaar\\\/#primaryimage\"},\"image\":{\"@id\":\"https:\\\/\\\/www.thebestsocial.media\\\/nl\\\/ouder-vader-herkenbaar\\\/#primaryimage\"},\"thumbnailUrl\":\"https:\\\/\\\/www.thebestsocial.media\\\/nl\\\/wp-content\\\/uploads\\\/sites\\\/2\\\/2025\\\/10\\\/uit_-1.png\",\"datePublished\":\"2025-10-30T13:31:34+00:00\",\"author\":{\"@id\":\"https:\\\/\\\/www.thebestsocial.media\\\/nl\\\/#\\\/schema\\\/person\\\/2ba6c772ded0c01f45ae4fe07d75e743\"},\"description\":\"Valerie haar vader heeft ook zo\u2019n typisch trekje nadat hij vakantie heeft geboekt, en dat komt veel Nederlanders maar al te bekend voor.\",\"breadcrumb\":{\"@id\":\"https:\\\/\\\/www.thebestsocial.media\\\/nl\\\/ouder-vader-herkenbaar\\\/#breadcrumb\"},\"inLanguage\":\"nl-NL\",\"potentialAction\":[{\"@type\":\"ReadAction\",\"target\":[\"https:\\\/\\\/www.thebestsocial.media\\\/nl\\\/ouder-vader-herkenbaar\\\/\"]}]},{\"@type\":\"ImageObject\",\"inLanguage\":\"nl-NL\",\"@id\":\"https:\\\/\\\/www.thebestsocial.media\\\/nl\\\/ouder-vader-herkenbaar\\\/#primaryimage\",\"url\":\"https:\\\/\\\/www.thebestsocial.media\\\/nl\\\/wp-content\\\/uploads\\\/sites\\\/2\\\/2025\\\/10\\\/uit_-1.png\",\"contentUrl\":\"https:\\\/\\\/www.thebestsocial.media\\\/nl\\\/wp-content\\\/uploads\\\/sites\\\/2\\\/2025\\\/10\\\/uit_-1.png\",\"width\":1200,\"height\":630},{\"@type\":\"BreadcrumbList\",\"@id\":\"https:\\\/\\\/www.thebestsocial.media\\\/nl\\\/ouder-vader-herkenbaar\\\/#breadcrumb\",\"itemListElement\":[{\"@type\":\"ListItem\",\"position\":1,\"name\":\"Home\",\"item\":\"https:\\\/\\\/www.thebestsocial.media\\\/nl\\\/\"},{\"@type\":\"ListItem\",\"position\":2,\"name\":\"Ouder bereidt zich op \u00e9rg herkenbare wijze voor op skivakantie: \u2018Hoe zijn alle vaders hetzelfde?\u2019\"}]},{\"@type\":\"WebSite\",\"@id\":\"https:\\\/\\\/www.thebestsocial.media\\\/nl\\\/#website\",\"url\":\"https:\\\/\\\/www.thebestsocial.media\\\/nl\\\/\",\"name\":\"The Best Social Media NL\",\"description\":\"Zoeklicht in de Digital Chaos\",\"potentialAction\":[{\"@type\":\"SearchAction\",\"target\":{\"@type\":\"EntryPoint\",\"urlTemplate\":\"https:\\\/\\\/www.thebestsocial.media\\\/nl\\\/?s={search_term_string}\"},\"query-input\":{\"@type\":\"PropertyValueSpecification\",\"valueRequired\":true,\"valueName\":\"search_term_string\"}}],\"inLanguage\":\"nl-NL\"},{\"@type\":\"Person\",\"@id\":\"https:\\\/\\\/www.thebestsocial.media\\\/nl\\\/#\\\/schema\\\/person\\\/2ba6c772ded0c01f45ae4fe07d75e743\",\"name\":\"Jip Schippers\",\"image\":{\"@type\":\"ImageObject\",\"inLanguage\":\"nl-NL\",\"@id\":\"https:\\\/\\\/secure.gravatar.com\\\/avatar\\\/403c5c3731ec1502345a528b2a59599ead9ad870a69f6606fd7ff939fdea5d45?s=96&d=mm&r=g\",\"url\":\"https:\\\/\\\/secure.gravatar.com\\\/avatar\\\/403c5c3731ec1502345a528b2a59599ead9ad870a69f6606fd7ff939fdea5d45?s=96&d=mm&r=g\",\"contentUrl\":\"https:\\\/\\\/secure.gravatar.com\\\/avatar\\\/403c5c3731ec1502345a528b2a59599ead9ad870a69f6606fd7ff939fdea5d45?s=96&d=mm&r=g\",\"caption\":\"Jip Schippers\"},\"description\":\"Sociaal dier met een passie voor voetbal. Denkt snel, maar praat nog sneller, soms in die volgorde, soms niet. Altijd in voor een spontane borrel, een goede discussie of een derde helft.\",\"url\":\"https:\\\/\\\/www.thebestsocial.media\\\/nl\\\/author\\\/jipschippers\\\/\"}]}<\/script>\n<!-- \/ Yoast SEO plugin. -->","yoast_head_json":{"title":"Ouder bereidt zich op \u00e9rg herkenbare wijze voor op skivakantie","description":"Valerie haar vader heeft ook zo\u2019n typisch trekje nadat hij vakantie heeft geboekt, en dat komt veel Nederlanders maar al te bekend voor.","robots":{"index":"index","follow":"follow","max-snippet":"max-snippet:-1","max-image-preview":"max-image-preview:large","max-video-preview":"max-video-preview:-1"},"canonical":"https:\/\/www.thebestsocial.media\/nl\/ouder-vader-herkenbaar\/","og_locale":"nl_NL","og_type":"article","og_title":"Ouder bereidt zich op \u00e9rg herkenbare wijze voor op skivakantie: \u2018Hoe zijn alle vaders hetzelfde?\u2019","og_description":"Valerie haar vader heeft ook zo\u2019n typisch trekje nadat hij vakantie heeft geboekt, en dat komt veel Nederlanders maar al te bekend voor.","og_url":"https:\/\/www.thebestsocial.media\/nl\/ouder-vader-herkenbaar\/","og_site_name":"The Best Social Media NL","article_published_time":"2025-10-30T13:31:34+00:00","og_image":[{"width":1200,"height":630,"url":"https:\/\/www.thebestsocial.media\/nl\/wp-content\/uploads\/sites\/2\/2025\/10\/header-vader.png","type":"image\/png"}],"author":"Jip Schippers","twitter_card":"summary_large_image","twitter_misc":{"Geschreven door":"Jip Schippers","Geschatte leestijd":"3 minuten"},"schema":{"@context":"https:\/\/schema.org","@graph":[{"@type":"Article","@id":"https:\/\/www.thebestsocial.media\/nl\/ouder-vader-herkenbaar\/#article","isPartOf":{"@id":"https:\/\/www.thebestsocial.media\/nl\/ouder-vader-herkenbaar\/"},"author":{"name":"Jip Schippers","@id":"https:\/\/www.thebestsocial.media\/nl\/#\/schema\/person\/2ba6c772ded0c01f45ae4fe07d75e743"},"headline":"Ouder bereidt zich op \u00e9rg herkenbare wijze voor op skivakantie: \u2018Hoe zijn alle vaders hetzelfde?\u2019","datePublished":"2025-10-30T13:31:34+00:00","mainEntityOfPage":{"@id":"https:\/\/www.thebestsocial.media\/nl\/ouder-vader-herkenbaar\/"},"wordCount":220,"commentCount":0,"image":{"@id":"https:\/\/www.thebestsocial.media\/nl\/ouder-vader-herkenbaar\/#primaryimage"},"thumbnailUrl":"https:\/\/www.thebestsocial.media\/nl\/wp-content\/uploads\/sites\/2\/2025\/10\/uit_-1.png","keywords":["vader","vakantie"],"articleSection":["Blogs","Nieuws"],"inLanguage":"nl-NL","potentialAction":[{"@type":"CommentAction","name":"Comment","target":["https:\/\/www.thebestsocial.media\/nl\/ouder-vader-herkenbaar\/#respond"]}]},{"@type":"WebPage","@id":"https:\/\/www.thebestsocial.media\/nl\/ouder-vader-herkenbaar\/","url":"https:\/\/www.thebestsocial.media\/nl\/ouder-vader-herkenbaar\/","name":"Ouder bereidt zich op \u00e9rg herkenbare wijze voor op skivakantie","isPartOf":{"@id":"https:\/\/www.thebestsocial.media\/nl\/#website"},"primaryImageOfPage":{"@id":"https:\/\/www.thebestsocial.media\/nl\/ouder-vader-herkenbaar\/#primaryimage"},"image":{"@id":"https:\/\/www.thebestsocial.media\/nl\/ouder-vader-herkenbaar\/#primaryimage"},"thumbnailUrl":"https:\/\/www.thebestsocial.media\/nl\/wp-content\/uploads\/sites\/2\/2025\/10\/uit_-1.png","datePublished":"2025-10-30T13:31:34+00:00","author":{"@id":"https:\/\/www.thebestsocial.media\/nl\/#\/schema\/person\/2ba6c772ded0c01f45ae4fe07d75e743"},"description":"Valerie haar vader heeft ook zo\u2019n typisch trekje nadat hij vakantie heeft geboekt, en dat komt veel Nederlanders maar al te bekend voor.","breadcrumb":{"@id":"https:\/\/www.thebestsocial.media\/nl\/ouder-vader-herkenbaar\/#breadcrumb"},"inLanguage":"nl-NL","potentialAction":[{"@type":"ReadAction","target":["https:\/\/www.thebestsocial.media\/nl\/ouder-vader-herkenbaar\/"]}]},{"@type":"ImageObject","inLanguage":"nl-NL","@id":"https:\/\/www.thebestsocial.media\/nl\/ouder-vader-herkenbaar\/#primaryimage","url":"https:\/\/www.thebestsocial.media\/nl\/wp-content\/uploads\/sites\/2\/2025\/10\/uit_-1.png","contentUrl":"https:\/\/www.thebestsocial.media\/nl\/wp-content\/uploads\/sites\/2\/2025\/10\/uit_-1.png","width":1200,"height":630},{"@type":"BreadcrumbList","@id":"https:\/\/www.thebestsocial.media\/nl\/ouder-vader-herkenbaar\/#breadcrumb","itemListElement":[{"@type":"ListItem","position":1,"name":"Home","item":"https:\/\/www.thebestsocial.media\/nl\/"},{"@type":"ListItem","position":2,"name":"Ouder bereidt zich op \u00e9rg herkenbare wijze voor op skivakantie: \u2018Hoe zijn alle vaders hetzelfde?\u2019"}]},{"@type":"WebSite","@id":"https:\/\/www.thebestsocial.media\/nl\/#website","url":"https:\/\/www.thebestsocial.media\/nl\/","name":"The Best Social Media NL","description":"Zoeklicht in de Digital Chaos","potentialAction":[{"@type":"SearchAction","target":{"@type":"EntryPoint","urlTemplate":"https:\/\/www.thebestsocial.media\/nl\/?s={search_term_string}"},"query-input":{"@type":"PropertyValueSpecification","valueRequired":true,"valueName":"search_term_string"}}],"inLanguage":"nl-NL"},{"@type":"Person","@id":"https:\/\/www.thebestsocial.media\/nl\/#\/schema\/person\/2ba6c772ded0c01f45ae4fe07d75e743","name":"Jip Schippers","image":{"@type":"ImageObject","inLanguage":"nl-NL","@id":"https:\/\/secure.gravatar.com\/avatar\/403c5c3731ec1502345a528b2a59599ead9ad870a69f6606fd7ff939fdea5d45?s=96&d=mm&r=g","url":"https:\/\/secure.gravatar.com\/avatar\/403c5c3731ec1502345a528b2a59599ead9ad870a69f6606fd7ff939fdea5d45?s=96&d=mm&r=g","contentUrl":"https:\/\/secure.gravatar.com\/avatar\/403c5c3731ec1502345a528b2a59599ead9ad870a69f6606fd7ff939fdea5d45?s=96&d=mm&r=g","caption":"Jip Schippers"},"description":"Sociaal dier met een passie voor voetbal. Denkt snel, maar praat nog sneller, soms in die volgorde, soms niet. Altijd in voor een spontane borrel, een goede discussie of een derde helft.","url":"https:\/\/www.thebestsocial.media\/nl\/author\/jipschippers\/"}]}},"amp_enabled":true,"_links":{"self":[{"href":"https:\/\/www.thebestsocial.media\/nl\/wp-json\/wp\/v2\/posts\/391357","targetHints":{"allow":["GET"]}}],"collection":[{"href":"https:\/\/www.thebestsocial.media\/nl\/wp-json\/wp\/v2\/posts"}],"about":[{"href":"https:\/\/www.thebestsocial.media\/nl\/wp-json\/wp\/v2\/types\/post"}],"author":[{"embeddable":true,"href":"https:\/\/www.thebestsocial.media\/nl\/wp-json\/wp\/v2\/users\/126"}],"replies":[{"embeddable":true,"href":"https:\/\/www.thebestsocial.media\/nl\/wp-json\/wp\/v2\/comments?post=391357"}],"version-history":[{"count":2,"href":"https:\/\/www.thebestsocial.media\/nl\/wp-json\/wp\/v2\/posts\/391357\/revisions"}],"predecessor-version":[{"id":391509,"href":"https:\/\/www.thebestsocial.media\/nl\/wp-json\/wp\/v2\/posts\/391357\/revisions\/391509"}],"wp:featuredmedia":[{"embeddable":true,"href":"https:\/\/www.thebestsocial.media\/nl\/wp-json\/wp\/v2\/media\/391505"}],"wp:attachment":[{"href":"https:\/\/www.thebestsocial.media\/nl\/wp-json\/wp\/v2\/media?parent=391357"}],"wp:term":[{"taxonomy":"category","embeddable":true,"href":"https:\/\/www.thebestsocial.media\/nl\/wp-json\/wp\/v2\/categories?post=391357"},{"taxonomy":"post_tag","embeddable":true,"href":"https:\/\/www.thebestsocial.media\/nl\/wp-json\/wp\/v2\/tags?post=391357"}],"curies":[{"name":"wp","href":"https:\/\/api.w.org\/{rel}","templated":true}]}}