{"id":385552,"date":"2025-09-19T10:38:08","date_gmt":"2025-09-19T09:38:08","guid":{"rendered":"https:\/\/www.thebestsocial.media\/nl\/?p=385552"},"modified":"2025-09-19T10:38:08","modified_gmt":"2025-09-19T09:38:08","slug":"winkelcentrum-posters-statement-lush-winkel","status":"publish","type":"post","link":"https:\/\/www.thebestsocial.media\/nl\/winkelcentrum-posters-statement-lush-winkel\/","title":{"rendered":"Winkelcentrum schermt posters met statement op Lush-winkel af: &#8216;Mag dat zomaar?&#8217;"},"content":{"rendered":"<p>De situatie in <a href=\"https:\/\/www.thebestsocial.media\/nl\/google-maps-update-satellietfoto-gaza\/\" target=\"_blank\" rel=\"noopener\">Gaza<\/a> wordt alsmaar schrijnender en veel mensen spreken zich dan ook uit tegen het beleid van Isra\u00ebl. Ook cosmeticabedrijf Lush maakte een statement. Alle winkels in Nederland sloten voor \u00e9\u00e9n dag de deuren en er hingen posters op de ruiten met een heel duidelijke boodschap: &#8216;Stop met het uithongeren van Gaza.&#8217; Hiermee volgden zij het voorbeeld van de winkels in Engeland, Frankrijk, Zweden, Ierland en Belgi\u00eb. Winkelcentrum Hoog Catharijne in Utrecht schermde de posters af met hekken, en dat zorgt voor flink wat woede bij Nederlanders.<\/p>\n<p>&nbsp;<\/p>\n<h3>1. Het lijkt erop dat winkelcentrum Hoog Catharijne de posters niet in het zicht wil laten hangen.<\/h3>\n<p><iframe loading=\"lazy\" src=\"\/tiktok-cache\/7551357569810369825\/5e960dd5a208d9faf1d2f04c404977e39635640438a41f635b209529\" width=\"623\" height=\"1108\" style=\"border:0; height:90vh; width:50.625000vh;\" scrolling=\"no\"><\/iframe><\/p>\n<p>&nbsp;<\/p>\n<h3>2. Dat vinden sommige Nederlanders ronduit schandalig.<\/h3>\n<p><img loading=\"lazy\" decoding=\"async\" class=\"alignnone size-large wp-image-385573\" src=\"https:\/\/www.thebestsocial.media\/nl\/wp-content\/uploads\/sites\/2\/2025\/09\/lush-6-1024x142.png\" alt=\"Hoog Catharijne winkelcentrum \" width=\"1024\" height=\"142\" srcset=\"https:\/\/www.thebestsocial.media\/nl\/wp-content\/uploads\/sites\/2\/2025\/09\/lush-6-1024x142.png 1024w, https:\/\/www.thebestsocial.media\/nl\/wp-content\/uploads\/sites\/2\/2025\/09\/lush-6-300x41.png 300w, https:\/\/www.thebestsocial.media\/nl\/wp-content\/uploads\/sites\/2\/2025\/09\/lush-6-768x106.png 768w, https:\/\/www.thebestsocial.media\/nl\/wp-content\/uploads\/sites\/2\/2025\/09\/lush-6.png 1244w\" sizes=\"auto, (max-width: 1024px) 100vw, 1024px\" \/><\/p>\n<p>&nbsp;<\/p>\n<h3>3. Ze vinden deze actie dan ook een vorm van censuur.<\/h3>\n<p><img loading=\"lazy\" decoding=\"async\" class=\"alignnone size-large wp-image-385575\" src=\"https:\/\/www.thebestsocial.media\/nl\/wp-content\/uploads\/sites\/2\/2025\/09\/lush-8-1024x156.png\" alt=\"Hoog Catharijne winkelcentrum \" width=\"1024\" height=\"156\" srcset=\"https:\/\/www.thebestsocial.media\/nl\/wp-content\/uploads\/sites\/2\/2025\/09\/lush-8-1024x156.png 1024w, https:\/\/www.thebestsocial.media\/nl\/wp-content\/uploads\/sites\/2\/2025\/09\/lush-8-300x46.png 300w, https:\/\/www.thebestsocial.media\/nl\/wp-content\/uploads\/sites\/2\/2025\/09\/lush-8-768x117.png 768w, https:\/\/www.thebestsocial.media\/nl\/wp-content\/uploads\/sites\/2\/2025\/09\/lush-8.png 1236w\" sizes=\"auto, (max-width: 1024px) 100vw, 1024px\" \/><\/p>\n<p><img loading=\"lazy\" decoding=\"async\" class=\"alignnone size-large wp-image-385574\" src=\"https:\/\/www.thebestsocial.media\/nl\/wp-content\/uploads\/sites\/2\/2025\/09\/lush-7-1024x143.png\" alt=\"Lush posters gaza \" width=\"1024\" height=\"143\" srcset=\"https:\/\/www.thebestsocial.media\/nl\/wp-content\/uploads\/sites\/2\/2025\/09\/lush-7-1024x143.png 1024w, https:\/\/www.thebestsocial.media\/nl\/wp-content\/uploads\/sites\/2\/2025\/09\/lush-7-300x42.png 300w, https:\/\/www.thebestsocial.media\/nl\/wp-content\/uploads\/sites\/2\/2025\/09\/lush-7-768x107.png 768w, https:\/\/www.thebestsocial.media\/nl\/wp-content\/uploads\/sites\/2\/2025\/09\/lush-7.png 1244w\" sizes=\"auto, (max-width: 1024px) 100vw, 1024px\" \/><\/p>\n<p>&nbsp;<\/p>\n<h3>4. Lush krijgt niet alleen flink wat steun na dit statement, maar ook een hoop nieuwe klanten.<\/h3>\n<p><img loading=\"lazy\" decoding=\"async\" class=\"alignnone size-large wp-image-385569\" src=\"https:\/\/www.thebestsocial.media\/nl\/wp-content\/uploads\/sites\/2\/2025\/09\/lush-2-1024x186.png\" alt=\"Hoog Catharijne winkelcentrum \" width=\"1024\" height=\"186\" srcset=\"https:\/\/www.thebestsocial.media\/nl\/wp-content\/uploads\/sites\/2\/2025\/09\/lush-2-1024x186.png 1024w, https:\/\/www.thebestsocial.media\/nl\/wp-content\/uploads\/sites\/2\/2025\/09\/lush-2-300x55.png 300w, https:\/\/www.thebestsocial.media\/nl\/wp-content\/uploads\/sites\/2\/2025\/09\/lush-2-768x140.png 768w, https:\/\/www.thebestsocial.media\/nl\/wp-content\/uploads\/sites\/2\/2025\/09\/lush-2.png 1230w\" sizes=\"auto, (max-width: 1024px) 100vw, 1024px\" \/><\/p>\n<p><img loading=\"lazy\" decoding=\"async\" class=\"alignnone size-large wp-image-385571\" src=\"https:\/\/www.thebestsocial.media\/nl\/wp-content\/uploads\/sites\/2\/2025\/09\/lush-4-1024x394.png\" alt=\"Hoog Catharijne winkelcentrum \" width=\"1024\" height=\"394\" srcset=\"https:\/\/www.thebestsocial.media\/nl\/wp-content\/uploads\/sites\/2\/2025\/09\/lush-4-1024x394.png 1024w, https:\/\/www.thebestsocial.media\/nl\/wp-content\/uploads\/sites\/2\/2025\/09\/lush-4-300x115.png 300w, https:\/\/www.thebestsocial.media\/nl\/wp-content\/uploads\/sites\/2\/2025\/09\/lush-4-768x296.png 768w, https:\/\/www.thebestsocial.media\/nl\/wp-content\/uploads\/sites\/2\/2025\/09\/lush-4.png 1242w\" sizes=\"auto, (max-width: 1024px) 100vw, 1024px\" \/><\/p>\n<p>&nbsp;<\/p>\n<h3>5. Maar de Lush-medewerkers zijn niet voor \u00e9\u00e9n gat te vangen.<\/h3>\n<p><img loading=\"lazy\" decoding=\"async\" class=\"alignnone size-large wp-image-385568\" src=\"https:\/\/www.thebestsocial.media\/nl\/wp-content\/uploads\/sites\/2\/2025\/09\/lush-1-1024x146.png\" alt=\"Lush posters gaza \" width=\"1024\" height=\"146\" srcset=\"https:\/\/www.thebestsocial.media\/nl\/wp-content\/uploads\/sites\/2\/2025\/09\/lush-1-1024x146.png 1024w, https:\/\/www.thebestsocial.media\/nl\/wp-content\/uploads\/sites\/2\/2025\/09\/lush-1-300x43.png 300w, https:\/\/www.thebestsocial.media\/nl\/wp-content\/uploads\/sites\/2\/2025\/09\/lush-1-768x110.png 768w, https:\/\/www.thebestsocial.media\/nl\/wp-content\/uploads\/sites\/2\/2025\/09\/lush-1.png 1232w\" sizes=\"auto, (max-width: 1024px) 100vw, 1024px\" \/><\/p>\n<p>&nbsp;<\/p>\n<h3>6. Het verplaatsen van de Gaza-posters heeft geholpen.<\/h3>\n<p><img loading=\"lazy\" decoding=\"async\" class=\"alignnone size-large wp-image-385570\" src=\"https:\/\/www.thebestsocial.media\/nl\/wp-content\/uploads\/sites\/2\/2025\/09\/lush-3-1024x441.png\" alt=\"Lush posters gaza \" width=\"1024\" height=\"441\" srcset=\"https:\/\/www.thebestsocial.media\/nl\/wp-content\/uploads\/sites\/2\/2025\/09\/lush-3-1024x441.png 1024w, https:\/\/www.thebestsocial.media\/nl\/wp-content\/uploads\/sites\/2\/2025\/09\/lush-3-300x129.png 300w, https:\/\/www.thebestsocial.media\/nl\/wp-content\/uploads\/sites\/2\/2025\/09\/lush-3-768x331.png 768w, https:\/\/www.thebestsocial.media\/nl\/wp-content\/uploads\/sites\/2\/2025\/09\/lush-3.png 1244w\" sizes=\"auto, (max-width: 1024px) 100vw, 1024px\" \/><\/p>\n<p>&nbsp;<\/p>\n<h3>7. De posters van Lush zijn door het hele land te zien.<\/h3>\n<h3><img loading=\"lazy\" decoding=\"async\" class=\"alignnone size-large wp-image-385572\" src=\"https:\/\/www.thebestsocial.media\/nl\/wp-content\/uploads\/sites\/2\/2025\/09\/lush-5-1024x437.png\" alt=\"Lush posters gaza \" width=\"1024\" height=\"437\" srcset=\"https:\/\/www.thebestsocial.media\/nl\/wp-content\/uploads\/sites\/2\/2025\/09\/lush-5-1024x437.png 1024w, https:\/\/www.thebestsocial.media\/nl\/wp-content\/uploads\/sites\/2\/2025\/09\/lush-5-300x128.png 300w, https:\/\/www.thebestsocial.media\/nl\/wp-content\/uploads\/sites\/2\/2025\/09\/lush-5-768x328.png 768w, https:\/\/www.thebestsocial.media\/nl\/wp-content\/uploads\/sites\/2\/2025\/09\/lush-5.png 1232w\" sizes=\"auto, (max-width: 1024px) 100vw, 1024px\" \/><\/h3>\n<p>&nbsp;<\/p>\n<p><strong>Heeft jouw bedrijf social content gemaakt die best effe in de spotlights mag staan? Stuur een mailtje naar <a href=\"mailto:collabs@thebest.social\">collabs@thebest.social,<\/a> en wie weet schittert jouw merk binnenkort op onze kanalen!<\/strong><\/p>\n<blockquote class=\"instagram-media\" style=\"background: #FFF; border: 0; border-radius: 3px; box-shadow: 0 0 1px 0 rgba(0,0,0,0.5),0 1px 10px 0 rgba(0,0,0,0.15); margin: 1px; max-width: 540px; min-width: 326px; padding: 0; width: calc(100% - 2px);\" data-instgrm-captioned=\"\" data-instgrm-permalink=\"https:\/\/www.instagram.com\/p\/DKeWYwtIv5D\/?utm_source=ig_embed&amp;utm_campaign=loading\" data-instgrm-version=\"14\">\n<div style=\"padding: 16px;\">\n<p>&nbsp;<\/p>\n<div style=\"display: flex; flex-direction: row; align-items: center;\">\n<div style=\"background-color: #f4f4f4; border-radius: 50%; flex-grow: 0; height: 40px; margin-right: 14px; width: 40px;\"><\/div>\n<div style=\"display: flex; flex-direction: column; flex-grow: 1; justify-content: center;\">\n<div style=\"background-color: #f4f4f4; border-radius: 4px; flex-grow: 0; height: 14px; margin-bottom: 6px; width: 100px;\"><\/div>\n<div style=\"background-color: #f4f4f4; border-radius: 4px; flex-grow: 0; height: 14px; width: 60px;\"><\/div>\n<\/div>\n<\/div>\n<div style=\"padding: 19% 0;\"><\/div>\n<div style=\"display: block; height: 50px; margin: 0 auto 12px; width: 50px;\"><\/div>\n<div style=\"padding-top: 8px;\">\n<div style=\"color: #3897f0; font-family: Arial,sans-serif; font-size: 14px; font-style: normal; font-weight: 550; line-height: 18px;\">Dit bericht op Instagram bekijken<\/div>\n<\/div>\n<div style=\"padding: 12.5% 0;\"><\/div>\n<div style=\"display: flex; flex-direction: row; margin-bottom: 14px; align-items: center;\">\n<div>\n<div style=\"background-color: #f4f4f4; border-radius: 50%; height: 12.5px; width: 12.5px; transform: translateX(0px) translateY(7px);\"><\/div>\n<div style=\"background-color: #f4f4f4; height: 12.5px; transform: rotate(-45deg) translateX(3px) translateY(1px); width: 12.5px; flex-grow: 0; margin-right: 14px; margin-left: 2px;\"><\/div>\n<div style=\"background-color: #f4f4f4; border-radius: 50%; height: 12.5px; width: 12.5px; transform: translateX(9px) translateY(-18px);\"><\/div>\n<\/div>\n<div style=\"margin-left: 8px;\">\n<div style=\"background-color: #f4f4f4; border-radius: 50%; flex-grow: 0; height: 20px; width: 20px;\"><\/div>\n<div style=\"width: 0; height: 0; border-top: 2px solid transparent; border-left: 6px solid #f4f4f4; border-bottom: 2px solid transparent; transform: translateX(16px) translateY(-4px) rotate(30deg);\"><\/div>\n<\/div>\n<div style=\"margin-left: auto;\">\n<div style=\"width: 0px; border-top: 8px solid #F4F4F4; border-right: 8px solid transparent; transform: translateY(16px);\"><\/div>\n<div style=\"background-color: #f4f4f4; flex-grow: 0; height: 12px; width: 16px; transform: translateY(-4px);\"><\/div>\n<div style=\"width: 0; height: 0; border-top: 8px solid #F4F4F4; border-left: 8px solid transparent; transform: translateY(-4px) translateX(8px);\"><\/div>\n<\/div>\n<\/div>\n<div style=\"display: flex; flex-direction: column; flex-grow: 1; justify-content: center; margin-bottom: 24px;\">\n<div style=\"background-color: #f4f4f4; border-radius: 4px; flex-grow: 0; height: 14px; margin-bottom: 6px; width: 224px;\"><\/div>\n<div style=\"background-color: #f4f4f4; border-radius: 4px; flex-grow: 0; height: 14px; width: 144px;\"><\/div>\n<\/div>\n<p>&nbsp;<\/p>\n<p style=\"color: #c9c8cd; font-family: Arial,sans-serif; font-size: 14px; line-height: 17px; margin-bottom: 0; margin-top: 8px; overflow: hidden; padding: 8px 0 7px; text-align: center; text-overflow: ellipsis; white-space: nowrap;\"><a style=\"color: #c9c8cd; font-family: Arial,sans-serif; font-size: 14px; font-style: normal; font-weight: normal; line-height: 17px; text-decoration: none;\" href=\"https:\/\/www.instagram.com\/p\/DKeWYwtIv5D\/?utm_source=ig_embed&amp;utm_campaign=loading\" target=\"_blank\" rel=\"noopener\">Een bericht gedeeld door The Best Social Media &#8211; NL (@thebestsocialmedianl)<\/a><\/p>\n<\/div>\n<\/blockquote>\n\n<script async defer src=\"\/instagram-embed.js\"><\/script>","protected":false},"excerpt":{"rendered":"<p>De situatie in Gaza wordt alsmaar schrijnender en veel mensen spreken zich dan ook uit tegen het beleid van Isra\u00ebl. Ook cosmeticabedrijf Lush maakte een&#8230;<\/p>\n","protected":false},"author":113,"featured_media":385592,"comment_status":"open","ping_status":"open","sticky":false,"template":"","format":"standard","meta":{"_acf_changed":false,"footnotes":""},"categories":[16,17],"tags":[10735,2048,9908],"class_list":["post-385552","post","type-post","status-publish","format-standard","has-post-thumbnail","hentry","category-blogs","category-nieuws","tag-hoog-catharijne","tag-lush","tag-posters"],"acf":[],"yoast_head":"<!-- This site is optimized with the Yoast SEO plugin v27.5 - https:\/\/yoast.com\/product\/yoast-seo-wordpress\/ -->\n<title>Winkelcentrum Hoog Catharijne schermt posters op Lush winkel af<\/title>\n<meta name=\"description\" content=\"Winkelcentrum Hoog Catharijne ziet de posters niet zitten, en schermt de winkel af met hekken. En dat zorgt voor woede bij Nederlanders.\" \/>\n<meta name=\"robots\" content=\"index, follow, max-snippet:-1, max-image-preview:large, max-video-preview:-1\" \/>\n<link rel=\"canonical\" href=\"https:\/\/www.thebestsocial.media\/nl\/winkelcentrum-posters-statement-lush-winkel\/\" \/>\n<meta property=\"og:locale\" content=\"nl_NL\" \/>\n<meta property=\"og:type\" content=\"article\" \/>\n<meta property=\"og:title\" content=\"Winkelcentrum schermt posters met statement op Lush-winkel af: &#039;Mag dat zomaar?&#039;\" \/>\n<meta property=\"og:description\" content=\"Winkelcentrum Hoog Catharijne ziet de posters niet zitten, en schermt de winkel af met hekken. En dat zorgt voor woede bij Nederlanders.\" \/>\n<meta property=\"og:url\" content=\"https:\/\/www.thebestsocial.media\/nl\/winkelcentrum-posters-statement-lush-winkel\/\" \/>\n<meta property=\"og:site_name\" content=\"The Best Social Media NL\" \/>\n<meta property=\"article:published_time\" content=\"2025-09-19T09:38:08+00:00\" \/>\n<meta property=\"og:image\" content=\"https:\/\/www.thebestsocial.media\/nl\/wp-content\/uploads\/sites\/2\/2025\/09\/header-lush.png\" \/>\n\t<meta property=\"og:image:width\" content=\"1200\" \/>\n\t<meta property=\"og:image:height\" content=\"630\" \/>\n\t<meta property=\"og:image:type\" content=\"image\/png\" \/>\n<meta name=\"author\" content=\"liannekleinjan\" \/>\n<meta name=\"twitter:card\" content=\"summary_large_image\" \/>\n<meta name=\"twitter:title\" content=\"Winkelcentrum schermt posters met statement op Lush-winkel af: &#039;Mag dat zomaar?&#039;\" \/>\n<meta name=\"twitter:description\" content=\"Winkelcentrum Hoog Catharijne ziet de posters niet zitten, en schermt de winkel af met hekken. En dat zorgt voor woede bij Nederlanders.\" \/>\n<meta name=\"twitter:image\" content=\"https:\/\/www.thebestsocial.media\/nl\/wp-content\/uploads\/sites\/2\/2025\/09\/header-lush.png\" \/>\n<meta name=\"twitter:label1\" content=\"Geschreven door\" \/>\n\t<meta name=\"twitter:data1\" content=\"liannekleinjan\" \/>\n\t<meta name=\"twitter:label2\" content=\"Geschatte leestijd\" \/>\n\t<meta name=\"twitter:data2\" content=\"3 minuten\" \/>\n<script type=\"application\/ld+json\" class=\"yoast-schema-graph\">{\"@context\":\"https:\\\/\\\/schema.org\",\"@graph\":[{\"@type\":\"Article\",\"@id\":\"https:\\\/\\\/www.thebestsocial.media\\\/nl\\\/winkelcentrum-posters-statement-lush-winkel\\\/#article\",\"isPartOf\":{\"@id\":\"https:\\\/\\\/www.thebestsocial.media\\\/nl\\\/winkelcentrum-posters-statement-lush-winkel\\\/\"},\"author\":{\"name\":\"liannekleinjan\",\"@id\":\"https:\\\/\\\/www.thebestsocial.media\\\/nl\\\/#\\\/schema\\\/person\\\/9c2ae078b3fb8fbbe67dfeb1591773e5\"},\"headline\":\"Winkelcentrum schermt posters met statement op Lush-winkel af: &#8216;Mag dat zomaar?&#8217;\",\"datePublished\":\"2025-09-19T09:38:08+00:00\",\"mainEntityOfPage\":{\"@id\":\"https:\\\/\\\/www.thebestsocial.media\\\/nl\\\/winkelcentrum-posters-statement-lush-winkel\\\/\"},\"wordCount\":283,\"commentCount\":0,\"image\":{\"@id\":\"https:\\\/\\\/www.thebestsocial.media\\\/nl\\\/winkelcentrum-posters-statement-lush-winkel\\\/#primaryimage\"},\"thumbnailUrl\":\"https:\\\/\\\/www.thebestsocial.media\\\/nl\\\/wp-content\\\/uploads\\\/sites\\\/2\\\/2025\\\/09\\\/afbeelding-lush.png\",\"keywords\":[\"Hoog Catharijne\",\"Lush\",\"posters\"],\"articleSection\":[\"Blogs\",\"Nieuws\"],\"inLanguage\":\"nl-NL\",\"potentialAction\":[{\"@type\":\"CommentAction\",\"name\":\"Comment\",\"target\":[\"https:\\\/\\\/www.thebestsocial.media\\\/nl\\\/winkelcentrum-posters-statement-lush-winkel\\\/#respond\"]}]},{\"@type\":\"WebPage\",\"@id\":\"https:\\\/\\\/www.thebestsocial.media\\\/nl\\\/winkelcentrum-posters-statement-lush-winkel\\\/\",\"url\":\"https:\\\/\\\/www.thebestsocial.media\\\/nl\\\/winkelcentrum-posters-statement-lush-winkel\\\/\",\"name\":\"Winkelcentrum Hoog Catharijne schermt posters op Lush winkel af\",\"isPartOf\":{\"@id\":\"https:\\\/\\\/www.thebestsocial.media\\\/nl\\\/#website\"},\"primaryImageOfPage\":{\"@id\":\"https:\\\/\\\/www.thebestsocial.media\\\/nl\\\/winkelcentrum-posters-statement-lush-winkel\\\/#primaryimage\"},\"image\":{\"@id\":\"https:\\\/\\\/www.thebestsocial.media\\\/nl\\\/winkelcentrum-posters-statement-lush-winkel\\\/#primaryimage\"},\"thumbnailUrl\":\"https:\\\/\\\/www.thebestsocial.media\\\/nl\\\/wp-content\\\/uploads\\\/sites\\\/2\\\/2025\\\/09\\\/afbeelding-lush.png\",\"datePublished\":\"2025-09-19T09:38:08+00:00\",\"author\":{\"@id\":\"https:\\\/\\\/www.thebestsocial.media\\\/nl\\\/#\\\/schema\\\/person\\\/9c2ae078b3fb8fbbe67dfeb1591773e5\"},\"description\":\"Winkelcentrum Hoog Catharijne ziet de posters niet zitten, en schermt de winkel af met hekken. En dat zorgt voor woede bij Nederlanders.\",\"breadcrumb\":{\"@id\":\"https:\\\/\\\/www.thebestsocial.media\\\/nl\\\/winkelcentrum-posters-statement-lush-winkel\\\/#breadcrumb\"},\"inLanguage\":\"nl-NL\",\"potentialAction\":[{\"@type\":\"ReadAction\",\"target\":[\"https:\\\/\\\/www.thebestsocial.media\\\/nl\\\/winkelcentrum-posters-statement-lush-winkel\\\/\"]}]},{\"@type\":\"ImageObject\",\"inLanguage\":\"nl-NL\",\"@id\":\"https:\\\/\\\/www.thebestsocial.media\\\/nl\\\/winkelcentrum-posters-statement-lush-winkel\\\/#primaryimage\",\"url\":\"https:\\\/\\\/www.thebestsocial.media\\\/nl\\\/wp-content\\\/uploads\\\/sites\\\/2\\\/2025\\\/09\\\/afbeelding-lush.png\",\"contentUrl\":\"https:\\\/\\\/www.thebestsocial.media\\\/nl\\\/wp-content\\\/uploads\\\/sites\\\/2\\\/2025\\\/09\\\/afbeelding-lush.png\",\"width\":1200,\"height\":630,\"caption\":\"Lush hoog catharijne posters winkelcentrum gaza\"},{\"@type\":\"BreadcrumbList\",\"@id\":\"https:\\\/\\\/www.thebestsocial.media\\\/nl\\\/winkelcentrum-posters-statement-lush-winkel\\\/#breadcrumb\",\"itemListElement\":[{\"@type\":\"ListItem\",\"position\":1,\"name\":\"Home\",\"item\":\"https:\\\/\\\/www.thebestsocial.media\\\/nl\\\/\"},{\"@type\":\"ListItem\",\"position\":2,\"name\":\"Winkelcentrum schermt posters met statement op Lush-winkel af: &#8216;Mag dat zomaar?&#8217;\"}]},{\"@type\":\"WebSite\",\"@id\":\"https:\\\/\\\/www.thebestsocial.media\\\/nl\\\/#website\",\"url\":\"https:\\\/\\\/www.thebestsocial.media\\\/nl\\\/\",\"name\":\"The Best Social Media NL\",\"description\":\"Zoeklicht in de Digital Chaos\",\"potentialAction\":[{\"@type\":\"SearchAction\",\"target\":{\"@type\":\"EntryPoint\",\"urlTemplate\":\"https:\\\/\\\/www.thebestsocial.media\\\/nl\\\/?s={search_term_string}\"},\"query-input\":{\"@type\":\"PropertyValueSpecification\",\"valueRequired\":true,\"valueName\":\"search_term_string\"}}],\"inLanguage\":\"nl-NL\"},{\"@type\":\"Person\",\"@id\":\"https:\\\/\\\/www.thebestsocial.media\\\/nl\\\/#\\\/schema\\\/person\\\/9c2ae078b3fb8fbbe67dfeb1591773e5\",\"name\":\"liannekleinjan\",\"image\":{\"@type\":\"ImageObject\",\"inLanguage\":\"nl-NL\",\"@id\":\"https:\\\/\\\/secure.gravatar.com\\\/avatar\\\/de6ae0d16c703aedc67ac2019980bb151ad25a4de012d75ec87d18746997520d?s=96&d=mm&r=g\",\"url\":\"https:\\\/\\\/secure.gravatar.com\\\/avatar\\\/de6ae0d16c703aedc67ac2019980bb151ad25a4de012d75ec87d18746997520d?s=96&d=mm&r=g\",\"contentUrl\":\"https:\\\/\\\/secure.gravatar.com\\\/avatar\\\/de6ae0d16c703aedc67ac2019980bb151ad25a4de012d75ec87d18746997520d?s=96&d=mm&r=g\",\"caption\":\"liannekleinjan\"},\"description\":\"Bredase voetbalsupporter met een voorliefde voor taal. Houdt van dichten en kijkt te veel kattenfilmpjes op Tiktok. Maakt de hele dag door woordgrappen en krijgt daar nu eindelijk ook waardering voor.\",\"sameAs\":[\"https:\\\/\\\/www.linkedin.com\\\/in\\\/lianne-kleinjan-3b52a462\\\/\"],\"url\":\"https:\\\/\\\/www.thebestsocial.media\\\/nl\\\/author\\\/liannekleinjan\\\/\"}]}<\/script>\n<!-- \/ Yoast SEO plugin. -->","yoast_head_json":{"title":"Winkelcentrum Hoog Catharijne schermt posters op Lush winkel af","description":"Winkelcentrum Hoog Catharijne ziet de posters niet zitten, en schermt de winkel af met hekken. En dat zorgt voor woede bij Nederlanders.","robots":{"index":"index","follow":"follow","max-snippet":"max-snippet:-1","max-image-preview":"max-image-preview:large","max-video-preview":"max-video-preview:-1"},"canonical":"https:\/\/www.thebestsocial.media\/nl\/winkelcentrum-posters-statement-lush-winkel\/","og_locale":"nl_NL","og_type":"article","og_title":"Winkelcentrum schermt posters met statement op Lush-winkel af: 'Mag dat zomaar?'","og_description":"Winkelcentrum Hoog Catharijne ziet de posters niet zitten, en schermt de winkel af met hekken. En dat zorgt voor woede bij Nederlanders.","og_url":"https:\/\/www.thebestsocial.media\/nl\/winkelcentrum-posters-statement-lush-winkel\/","og_site_name":"The Best Social Media NL","article_published_time":"2025-09-19T09:38:08+00:00","og_image":[{"width":1200,"height":630,"url":"https:\/\/www.thebestsocial.media\/nl\/wp-content\/uploads\/sites\/2\/2025\/09\/header-lush.png","type":"image\/png"}],"author":"liannekleinjan","twitter_card":"summary_large_image","twitter_title":"Winkelcentrum schermt posters met statement op Lush-winkel af: 'Mag dat zomaar?'","twitter_description":"Winkelcentrum Hoog Catharijne ziet de posters niet zitten, en schermt de winkel af met hekken. En dat zorgt voor woede bij Nederlanders.","twitter_image":"https:\/\/www.thebestsocial.media\/nl\/wp-content\/uploads\/sites\/2\/2025\/09\/header-lush.png","twitter_misc":{"Geschreven door":"liannekleinjan","Geschatte leestijd":"3 minuten"},"schema":{"@context":"https:\/\/schema.org","@graph":[{"@type":"Article","@id":"https:\/\/www.thebestsocial.media\/nl\/winkelcentrum-posters-statement-lush-winkel\/#article","isPartOf":{"@id":"https:\/\/www.thebestsocial.media\/nl\/winkelcentrum-posters-statement-lush-winkel\/"},"author":{"name":"liannekleinjan","@id":"https:\/\/www.thebestsocial.media\/nl\/#\/schema\/person\/9c2ae078b3fb8fbbe67dfeb1591773e5"},"headline":"Winkelcentrum schermt posters met statement op Lush-winkel af: &#8216;Mag dat zomaar?&#8217;","datePublished":"2025-09-19T09:38:08+00:00","mainEntityOfPage":{"@id":"https:\/\/www.thebestsocial.media\/nl\/winkelcentrum-posters-statement-lush-winkel\/"},"wordCount":283,"commentCount":0,"image":{"@id":"https:\/\/www.thebestsocial.media\/nl\/winkelcentrum-posters-statement-lush-winkel\/#primaryimage"},"thumbnailUrl":"https:\/\/www.thebestsocial.media\/nl\/wp-content\/uploads\/sites\/2\/2025\/09\/afbeelding-lush.png","keywords":["Hoog Catharijne","Lush","posters"],"articleSection":["Blogs","Nieuws"],"inLanguage":"nl-NL","potentialAction":[{"@type":"CommentAction","name":"Comment","target":["https:\/\/www.thebestsocial.media\/nl\/winkelcentrum-posters-statement-lush-winkel\/#respond"]}]},{"@type":"WebPage","@id":"https:\/\/www.thebestsocial.media\/nl\/winkelcentrum-posters-statement-lush-winkel\/","url":"https:\/\/www.thebestsocial.media\/nl\/winkelcentrum-posters-statement-lush-winkel\/","name":"Winkelcentrum Hoog Catharijne schermt posters op Lush winkel af","isPartOf":{"@id":"https:\/\/www.thebestsocial.media\/nl\/#website"},"primaryImageOfPage":{"@id":"https:\/\/www.thebestsocial.media\/nl\/winkelcentrum-posters-statement-lush-winkel\/#primaryimage"},"image":{"@id":"https:\/\/www.thebestsocial.media\/nl\/winkelcentrum-posters-statement-lush-winkel\/#primaryimage"},"thumbnailUrl":"https:\/\/www.thebestsocial.media\/nl\/wp-content\/uploads\/sites\/2\/2025\/09\/afbeelding-lush.png","datePublished":"2025-09-19T09:38:08+00:00","author":{"@id":"https:\/\/www.thebestsocial.media\/nl\/#\/schema\/person\/9c2ae078b3fb8fbbe67dfeb1591773e5"},"description":"Winkelcentrum Hoog Catharijne ziet de posters niet zitten, en schermt de winkel af met hekken. En dat zorgt voor woede bij Nederlanders.","breadcrumb":{"@id":"https:\/\/www.thebestsocial.media\/nl\/winkelcentrum-posters-statement-lush-winkel\/#breadcrumb"},"inLanguage":"nl-NL","potentialAction":[{"@type":"ReadAction","target":["https:\/\/www.thebestsocial.media\/nl\/winkelcentrum-posters-statement-lush-winkel\/"]}]},{"@type":"ImageObject","inLanguage":"nl-NL","@id":"https:\/\/www.thebestsocial.media\/nl\/winkelcentrum-posters-statement-lush-winkel\/#primaryimage","url":"https:\/\/www.thebestsocial.media\/nl\/wp-content\/uploads\/sites\/2\/2025\/09\/afbeelding-lush.png","contentUrl":"https:\/\/www.thebestsocial.media\/nl\/wp-content\/uploads\/sites\/2\/2025\/09\/afbeelding-lush.png","width":1200,"height":630,"caption":"Lush hoog catharijne posters winkelcentrum gaza"},{"@type":"BreadcrumbList","@id":"https:\/\/www.thebestsocial.media\/nl\/winkelcentrum-posters-statement-lush-winkel\/#breadcrumb","itemListElement":[{"@type":"ListItem","position":1,"name":"Home","item":"https:\/\/www.thebestsocial.media\/nl\/"},{"@type":"ListItem","position":2,"name":"Winkelcentrum schermt posters met statement op Lush-winkel af: &#8216;Mag dat zomaar?&#8217;"}]},{"@type":"WebSite","@id":"https:\/\/www.thebestsocial.media\/nl\/#website","url":"https:\/\/www.thebestsocial.media\/nl\/","name":"The Best Social Media NL","description":"Zoeklicht in de Digital Chaos","potentialAction":[{"@type":"SearchAction","target":{"@type":"EntryPoint","urlTemplate":"https:\/\/www.thebestsocial.media\/nl\/?s={search_term_string}"},"query-input":{"@type":"PropertyValueSpecification","valueRequired":true,"valueName":"search_term_string"}}],"inLanguage":"nl-NL"},{"@type":"Person","@id":"https:\/\/www.thebestsocial.media\/nl\/#\/schema\/person\/9c2ae078b3fb8fbbe67dfeb1591773e5","name":"liannekleinjan","image":{"@type":"ImageObject","inLanguage":"nl-NL","@id":"https:\/\/secure.gravatar.com\/avatar\/de6ae0d16c703aedc67ac2019980bb151ad25a4de012d75ec87d18746997520d?s=96&d=mm&r=g","url":"https:\/\/secure.gravatar.com\/avatar\/de6ae0d16c703aedc67ac2019980bb151ad25a4de012d75ec87d18746997520d?s=96&d=mm&r=g","contentUrl":"https:\/\/secure.gravatar.com\/avatar\/de6ae0d16c703aedc67ac2019980bb151ad25a4de012d75ec87d18746997520d?s=96&d=mm&r=g","caption":"liannekleinjan"},"description":"Bredase voetbalsupporter met een voorliefde voor taal. Houdt van dichten en kijkt te veel kattenfilmpjes op Tiktok. Maakt de hele dag door woordgrappen en krijgt daar nu eindelijk ook waardering voor.","sameAs":["https:\/\/www.linkedin.com\/in\/lianne-kleinjan-3b52a462\/"],"url":"https:\/\/www.thebestsocial.media\/nl\/author\/liannekleinjan\/"}]}},"amp_enabled":true,"_links":{"self":[{"href":"https:\/\/www.thebestsocial.media\/nl\/wp-json\/wp\/v2\/posts\/385552","targetHints":{"allow":["GET"]}}],"collection":[{"href":"https:\/\/www.thebestsocial.media\/nl\/wp-json\/wp\/v2\/posts"}],"about":[{"href":"https:\/\/www.thebestsocial.media\/nl\/wp-json\/wp\/v2\/types\/post"}],"author":[{"embeddable":true,"href":"https:\/\/www.thebestsocial.media\/nl\/wp-json\/wp\/v2\/users\/113"}],"replies":[{"embeddable":true,"href":"https:\/\/www.thebestsocial.media\/nl\/wp-json\/wp\/v2\/comments?post=385552"}],"version-history":[{"count":6,"href":"https:\/\/www.thebestsocial.media\/nl\/wp-json\/wp\/v2\/posts\/385552\/revisions"}],"predecessor-version":[{"id":385593,"href":"https:\/\/www.thebestsocial.media\/nl\/wp-json\/wp\/v2\/posts\/385552\/revisions\/385593"}],"wp:featuredmedia":[{"embeddable":true,"href":"https:\/\/www.thebestsocial.media\/nl\/wp-json\/wp\/v2\/media\/385592"}],"wp:attachment":[{"href":"https:\/\/www.thebestsocial.media\/nl\/wp-json\/wp\/v2\/media?parent=385552"}],"wp:term":[{"taxonomy":"category","embeddable":true,"href":"https:\/\/www.thebestsocial.media\/nl\/wp-json\/wp\/v2\/categories?post=385552"},{"taxonomy":"post_tag","embeddable":true,"href":"https:\/\/www.thebestsocial.media\/nl\/wp-json\/wp\/v2\/tags?post=385552"}],"curies":[{"name":"wp","href":"https:\/\/api.w.org\/{rel}","templated":true}]}}