{"id":380239,"date":"2025-08-15T12:08:11","date_gmt":"2025-08-15T11:08:11","guid":{"rendered":"https:\/\/www.thebestsocial.media\/nl\/?p=380239"},"modified":"2025-08-15T12:08:11","modified_gmt":"2025-08-15T11:08:11","slug":"automobilisten-blazen-omstanders-omver-met-erg-slimme-parkeeractie","status":"publish","type":"post","link":"https:\/\/www.thebestsocial.media\/nl\/automobilisten-blazen-omstanders-omver-met-erg-slimme-parkeeractie\/","title":{"rendered":"Automobilisten blazen omstanders omver met erg slimme parkeeractie"},"content":{"rendered":"<p>Als je voor de allereerste keer moet parkeren, is dat zacht uitgedrukt &#8216;vakking moeilijk&#8217;. Na veertig steken en eindeloos aan het stuur draaien, breekt het <a href=\"https:\/\/www.thebestsocial.media\/nl\/opvallende-rijles-irritaties-angstzweet-uitbreekt\/\" target=\"_blank\" rel=\"noopener\">angstzweet<\/a> je uit. Want inmiddels is de hele straat uitgerukt om jouw skills te bewonderen \u2013 en toch sta je nog steeds niet binnen de lijnen. Maar&#8230; oefening baart kunst, en hoe kleiner de auto hoe makkelijker het is. Zo&#8217;n minuscuul wagentje brengt trouwens wel meer voordelen met zich mee, want ze passen werkelijk o-ver-al tussen. En precies van zo&#8217;n parkeeractie staat <a href=\"https:\/\/www.reddit.com\/r\/KutGeparkeerd\/comments\/1mobinx\/kutgeparkeerd_of_smart_geparkeerd\/\" target=\"_blank\" rel=\"noopener\">een Reddit-gebruiker<\/a> versteld.<\/p>\n<p>&nbsp;<\/p>\n<h3>1. Twee vliegen in \u00e9\u00e9n klap? Nee, twee Smartjes in \u00e9\u00e9n vak.<\/h3>\n<p><img loading=\"lazy\" decoding=\"async\" class=\"alignnone size-full wp-image-380250\" src=\"https:\/\/www.thebestsocial.media\/nl\/wp-content\/uploads\/sites\/2\/2025\/08\/Screenshot-2025-08-14-at-11.49.44-1.png\" alt=\"\" width=\"954\" height=\"1314\" srcset=\"https:\/\/www.thebestsocial.media\/nl\/wp-content\/uploads\/sites\/2\/2025\/08\/Screenshot-2025-08-14-at-11.49.44-1.png 954w, https:\/\/www.thebestsocial.media\/nl\/wp-content\/uploads\/sites\/2\/2025\/08\/Screenshot-2025-08-14-at-11.49.44-1-218x300.png 218w, https:\/\/www.thebestsocial.media\/nl\/wp-content\/uploads\/sites\/2\/2025\/08\/Screenshot-2025-08-14-at-11.49.44-1-743x1024.png 743w, https:\/\/www.thebestsocial.media\/nl\/wp-content\/uploads\/sites\/2\/2025\/08\/Screenshot-2025-08-14-at-11.49.44-1-768x1058.png 768w\" sizes=\"auto, (max-width: 954px) 100vw, 954px\" \/><\/p>\n<p>&nbsp;<\/p>\n<h3>2. Hufters in veel te grote BMW&#8217;s kunnen nog veel van deze parkeeractie leren.<\/h3>\n<p><img loading=\"lazy\" decoding=\"async\" class=\"alignnone size-full wp-image-380244\" src=\"https:\/\/www.thebestsocial.media\/nl\/wp-content\/uploads\/sites\/2\/2025\/08\/Screenshot-2025-08-14-at-11.57.25.png\" alt=\"\" width=\"948\" height=\"486\" srcset=\"https:\/\/www.thebestsocial.media\/nl\/wp-content\/uploads\/sites\/2\/2025\/08\/Screenshot-2025-08-14-at-11.57.25.png 948w, https:\/\/www.thebestsocial.media\/nl\/wp-content\/uploads\/sites\/2\/2025\/08\/Screenshot-2025-08-14-at-11.57.25-300x154.png 300w, https:\/\/www.thebestsocial.media\/nl\/wp-content\/uploads\/sites\/2\/2025\/08\/Screenshot-2025-08-14-at-11.57.25-768x394.png 768w\" sizes=\"auto, (max-width: 948px) 100vw, 948px\" \/><\/p>\n<p>&nbsp;<\/p>\n<h3>3. Sommige automobilisten maken van elke parkeeractie een probleem&#8230;<\/h3>\n<p><img loading=\"lazy\" decoding=\"async\" class=\"alignnone size-full wp-image-380245\" src=\"https:\/\/www.thebestsocial.media\/nl\/wp-content\/uploads\/sites\/2\/2025\/08\/Screenshot-2025-08-14-at-11.57.33.png\" alt=\"\" width=\"794\" height=\"256\" srcset=\"https:\/\/www.thebestsocial.media\/nl\/wp-content\/uploads\/sites\/2\/2025\/08\/Screenshot-2025-08-14-at-11.57.33.png 794w, https:\/\/www.thebestsocial.media\/nl\/wp-content\/uploads\/sites\/2\/2025\/08\/Screenshot-2025-08-14-at-11.57.33-300x97.png 300w, https:\/\/www.thebestsocial.media\/nl\/wp-content\/uploads\/sites\/2\/2025\/08\/Screenshot-2025-08-14-at-11.57.33-768x248.png 768w\" sizes=\"auto, (max-width: 794px) 100vw, 794px\" \/><\/p>\n<p>&nbsp;<\/p>\n<h3>4. &#8230;terwijl anderen er juist niet zo zwaar aan tillen.<\/h3>\n<p><img loading=\"lazy\" decoding=\"async\" class=\"alignnone size-full wp-image-380246\" src=\"https:\/\/www.thebestsocial.media\/nl\/wp-content\/uploads\/sites\/2\/2025\/08\/Screenshot-2025-08-14-at-11.57.37.png\" alt=\"\" width=\"762\" height=\"260\" srcset=\"https:\/\/www.thebestsocial.media\/nl\/wp-content\/uploads\/sites\/2\/2025\/08\/Screenshot-2025-08-14-at-11.57.37.png 762w, https:\/\/www.thebestsocial.media\/nl\/wp-content\/uploads\/sites\/2\/2025\/08\/Screenshot-2025-08-14-at-11.57.37-300x102.png 300w\" sizes=\"auto, (max-width: 762px) 100vw, 762px\" \/><\/p>\n<p>&nbsp;<\/p>\n<h3>5. Laten we het dan meteen<span style=\"color: inherit;\"> Specifiek, Meetbaar, Acceptabel, Realistisch en Tijdsgebonden parkeren noemen.<\/span><\/h3>\n<p>&nbsp;<\/p>\n<p><img loading=\"lazy\" decoding=\"async\" class=\"alignnone size-full wp-image-380247\" src=\"https:\/\/www.thebestsocial.media\/nl\/wp-content\/uploads\/sites\/2\/2025\/08\/Screenshot-2025-08-14-at-11.57.46.png\" alt=\"\" width=\"870\" height=\"258\" srcset=\"https:\/\/www.thebestsocial.media\/nl\/wp-content\/uploads\/sites\/2\/2025\/08\/Screenshot-2025-08-14-at-11.57.46.png 870w, https:\/\/www.thebestsocial.media\/nl\/wp-content\/uploads\/sites\/2\/2025\/08\/Screenshot-2025-08-14-at-11.57.46-300x89.png 300w, https:\/\/www.thebestsocial.media\/nl\/wp-content\/uploads\/sites\/2\/2025\/08\/Screenshot-2025-08-14-at-11.57.46-768x228.png 768w\" sizes=\"auto, (max-width: 870px) 100vw, 870px\" \/><\/p>\n<p>&nbsp;<\/p>\n<h3>6. Maar dubbel positief is negatief.<\/h3>\n<p><img loading=\"lazy\" decoding=\"async\" class=\"alignnone wp-image-380248 size-full\" src=\"https:\/\/www.thebestsocial.media\/nl\/wp-content\/uploads\/sites\/2\/2025\/08\/Screenshot-2025-08-14-at-11.57.55.png\" alt=\"parkeeractie\" width=\"430\" height=\"222\" srcset=\"https:\/\/www.thebestsocial.media\/nl\/wp-content\/uploads\/sites\/2\/2025\/08\/Screenshot-2025-08-14-at-11.57.55.png 430w, https:\/\/www.thebestsocial.media\/nl\/wp-content\/uploads\/sites\/2\/2025\/08\/Screenshot-2025-08-14-at-11.57.55-300x155.png 300w\" sizes=\"auto, (max-width: 430px) 100vw, 430px\" \/><\/p>\n<p>&nbsp;<\/p>\n<h3>7.\u00a0Scheelt ook weer dubbele parkeerkosten&#8230;<\/h3>\n<p><img loading=\"lazy\" decoding=\"async\" class=\"alignnone wp-image-380249 size-full\" src=\"https:\/\/www.thebestsocial.media\/nl\/wp-content\/uploads\/sites\/2\/2025\/08\/Screenshot-2025-08-14-at-11.58.19.png\" alt=\"parkeeractie\" width=\"564\" height=\"228\" srcset=\"https:\/\/www.thebestsocial.media\/nl\/wp-content\/uploads\/sites\/2\/2025\/08\/Screenshot-2025-08-14-at-11.58.19.png 564w, https:\/\/www.thebestsocial.media\/nl\/wp-content\/uploads\/sites\/2\/2025\/08\/Screenshot-2025-08-14-at-11.58.19-300x121.png 300w\" sizes=\"auto, (max-width: 564px) 100vw, 564px\" \/><\/p>\n<p>&nbsp;<\/p>\n<p><strong>Kun jij ijzersterke social strategie\u00ebn schrijven en bedenk en cre\u00eber je originele content? En ben je altijd op de hoogte van de nieuwste features en laatste trends op social media. Dat komt goed uit, want wij zijn bij SuperRebel Agency op zoek naar een Medior Social Media Creative. Check <a href=\"https:\/\/www.thebestsocialjobs.com\/vacature\/medior-social-media-creative\/\" target=\"_blank\" rel=\"noopener\">de vacature<\/a> op The Best Social Jobs!<\/strong><\/p>\n<blockquote class=\"instagram-media\" style=\"background: #FFF; border: 0; border-radius: 3px; box-shadow: 0 0 1px 0 rgba(0,0,0,0.5),0 1px 10px 0 rgba(0,0,0,0.15); margin: 1px; max-width: 540px; min-width: 326px; padding: 0; width: calc(100% - 2px);\" data-instgrm-permalink=\"https:\/\/www.instagram.com\/p\/DDhCg3AoQRD\/?utm_source=ig_embed&amp;utm_campaign=loading\" data-instgrm-version=\"14\">\n<div style=\"padding: 16px;\">\n<p>&nbsp;<\/p>\n<div style=\"display: flex; flex-direction: row; align-items: center;\">\n<div style=\"background-color: #f4f4f4; border-radius: 50%; flex-grow: 0; height: 40px; margin-right: 14px; width: 40px;\"><\/div>\n<div style=\"display: flex; flex-direction: column; flex-grow: 1; justify-content: center;\">\n<div style=\"background-color: #f4f4f4; border-radius: 4px; flex-grow: 0; height: 14px; margin-bottom: 6px; width: 100px;\"><\/div>\n<div style=\"background-color: #f4f4f4; border-radius: 4px; flex-grow: 0; height: 14px; width: 60px;\"><\/div>\n<\/div>\n<\/div>\n<div style=\"padding: 19% 0;\"><\/div>\n<div style=\"display: block; height: 50px; margin: 0 auto 12px; width: 50px;\"><\/div>\n<div style=\"padding-top: 8px;\">\n<div style=\"color: #3897f0; font-family: Arial,sans-serif; font-size: 14px; font-style: normal; font-weight: 550; line-height: 18px;\">Dit bericht op Instagram bekijken<\/div>\n<\/div>\n<div style=\"padding: 12.5% 0;\"><\/div>\n<div style=\"display: flex; flex-direction: row; margin-bottom: 14px; align-items: center;\">\n<div>\n<div style=\"background-color: #f4f4f4; border-radius: 50%; height: 12.5px; width: 12.5px; transform: translateX(0px) translateY(7px);\"><\/div>\n<div style=\"background-color: #f4f4f4; height: 12.5px; transform: rotate(-45deg) translateX(3px) translateY(1px); width: 12.5px; flex-grow: 0; margin-right: 14px; margin-left: 2px;\"><\/div>\n<div style=\"background-color: #f4f4f4; border-radius: 50%; height: 12.5px; width: 12.5px; transform: translateX(9px) translateY(-18px);\"><\/div>\n<\/div>\n<div style=\"margin-left: 8px;\">\n<div style=\"background-color: #f4f4f4; border-radius: 50%; flex-grow: 0; height: 20px; width: 20px;\"><\/div>\n<div style=\"width: 0; height: 0; border-top: 2px solid transparent; border-left: 6px solid #f4f4f4; border-bottom: 2px solid transparent; transform: translateX(16px) translateY(-4px) rotate(30deg);\"><\/div>\n<\/div>\n<div style=\"margin-left: auto;\">\n<div style=\"width: 0px; border-top: 8px solid #F4F4F4; border-right: 8px solid transparent; transform: translateY(16px);\"><\/div>\n<div style=\"background-color: #f4f4f4; flex-grow: 0; height: 12px; width: 16px; transform: translateY(-4px);\"><\/div>\n<div style=\"width: 0; height: 0; border-top: 8px solid #F4F4F4; border-left: 8px solid transparent; transform: translateY(-4px) translateX(8px);\"><\/div>\n<\/div>\n<\/div>\n<div style=\"display: flex; flex-direction: column; flex-grow: 1; justify-content: center; margin-bottom: 24px;\">\n<div style=\"background-color: #f4f4f4; border-radius: 4px; flex-grow: 0; height: 14px; margin-bottom: 6px; width: 224px;\"><\/div>\n<div style=\"background-color: #f4f4f4; border-radius: 4px; flex-grow: 0; height: 14px; width: 144px;\"><\/div>\n<\/div>\n<p>&nbsp;<\/p>\n<p style=\"color: #c9c8cd; font-family: Arial,sans-serif; font-size: 14px; line-height: 17px; margin-bottom: 0; margin-top: 8px; overflow: hidden; padding: 8px 0 7px; text-align: center; text-overflow: ellipsis; white-space: nowrap;\"><a style=\"color: #c9c8cd; font-family: Arial,sans-serif; font-size: 14px; font-style: normal; font-weight: normal; line-height: 17px; text-decoration: none;\" href=\"https:\/\/www.instagram.com\/p\/DDhCg3AoQRD\/?utm_source=ig_embed&amp;utm_campaign=loading\" target=\"_blank\" rel=\"noopener\">Een bericht gedeeld door The Best Social (@thebestsocial)<\/a><\/p>\n<\/div>\n<\/blockquote>\n\n<script async defer src=\"\/instagram-embed.js\"><\/script>","protected":false},"excerpt":{"rendered":"<p>Als je voor de allereerste keer moet parkeren, is dat zacht uitgedrukt &#8216;vakking moeilijk&#8217;. Na veertig steken en eindeloos aan het stuur draaien, breekt het&#8230;<\/p>\n","protected":false},"author":96,"featured_media":380321,"comment_status":"open","ping_status":"open","sticky":false,"template":"","format":"standard","meta":{"_acf_changed":false,"footnotes":""},"categories":[16,17],"tags":[4442,10658],"class_list":["post-380239","post","type-post","status-publish","format-standard","has-post-thumbnail","hentry","category-blogs","category-nieuws","tag-parkeren","tag-smart"],"acf":[],"yoast_head":"<!-- This site is optimized with the Yoast SEO plugin v27.5 - https:\/\/yoast.com\/product\/yoast-seo-wordpress\/ -->\n<title>Automobilisten blazen omstanders omver met slimme parkeeractie<\/title>\n<meta name=\"description\" content=\"Een minuscule auto heeft veel voordelen met zich mee, ook bij parkeren. Ze passen werkelijk o-ver-al tussen, en deze parkeeractie is groots.\" \/>\n<meta name=\"robots\" content=\"index, follow, max-snippet:-1, max-image-preview:large, max-video-preview:-1\" \/>\n<link rel=\"canonical\" href=\"https:\/\/www.thebestsocial.media\/nl\/automobilisten-blazen-omstanders-omver-met-erg-slimme-parkeeractie\/\" \/>\n<meta property=\"og:locale\" content=\"nl_NL\" \/>\n<meta property=\"og:type\" content=\"article\" \/>\n<meta property=\"og:title\" content=\"Automobilisten blazen omstanders omver met erg slimme parkeeractie\" \/>\n<meta property=\"og:description\" content=\"Een minuscule auto heeft veel voordelen met zich mee, ook bij parkeren. Ze passen werkelijk o-ver-al tussen.\" \/>\n<meta property=\"og:url\" content=\"https:\/\/www.thebestsocial.media\/nl\/automobilisten-blazen-omstanders-omver-met-erg-slimme-parkeeractie\/\" \/>\n<meta property=\"og:site_name\" content=\"The Best Social Media NL\" \/>\n<meta property=\"article:published_time\" content=\"2025-08-15T11:08:11+00:00\" \/>\n<meta property=\"og:image\" content=\"https:\/\/www.thebestsocial.media\/nl\/wp-content\/uploads\/sites\/2\/2025\/08\/smart1.png\" \/>\n\t<meta property=\"og:image:width\" content=\"1200\" \/>\n\t<meta property=\"og:image:height\" content=\"630\" \/>\n\t<meta property=\"og:image:type\" content=\"image\/png\" \/>\n<meta name=\"author\" content=\"yannick\" \/>\n<meta name=\"twitter:card\" content=\"summary_large_image\" \/>\n<meta name=\"twitter:title\" content=\"Automobilisten blazen omstanders omver met erg slimme parkeeractie\" \/>\n<meta name=\"twitter:description\" content=\"Een minuscule auto heeft veel voordelen met zich mee, ook bij parkeren. Ze passen werkelijk o-ver-al tussen.\" \/>\n<meta name=\"twitter:image\" content=\"https:\/\/www.thebestsocial.media\/nl\/wp-content\/uploads\/sites\/2\/2025\/08\/smart1.png\" \/>\n<meta name=\"twitter:label1\" content=\"Geschreven door\" \/>\n\t<meta name=\"twitter:data1\" content=\"yannick\" \/>\n\t<meta name=\"twitter:label2\" content=\"Geschatte leestijd\" \/>\n\t<meta name=\"twitter:data2\" content=\"3 minuten\" \/>\n<script type=\"application\/ld+json\" class=\"yoast-schema-graph\">{\"@context\":\"https:\\\/\\\/schema.org\",\"@graph\":[{\"@type\":\"Article\",\"@id\":\"https:\\\/\\\/www.thebestsocial.media\\\/nl\\\/automobilisten-blazen-omstanders-omver-met-erg-slimme-parkeeractie\\\/#article\",\"isPartOf\":{\"@id\":\"https:\\\/\\\/www.thebestsocial.media\\\/nl\\\/automobilisten-blazen-omstanders-omver-met-erg-slimme-parkeeractie\\\/\"},\"author\":{\"name\":\"yannick\",\"@id\":\"https:\\\/\\\/www.thebestsocial.media\\\/nl\\\/#\\\/schema\\\/person\\\/2b65a07de209cd1d416a21f959fdf166\"},\"headline\":\"Automobilisten blazen omstanders omver met erg slimme parkeeractie\",\"datePublished\":\"2025-08-15T11:08:11+00:00\",\"mainEntityOfPage\":{\"@id\":\"https:\\\/\\\/www.thebestsocial.media\\\/nl\\\/automobilisten-blazen-omstanders-omver-met-erg-slimme-parkeeractie\\\/\"},\"wordCount\":243,\"commentCount\":0,\"image\":{\"@id\":\"https:\\\/\\\/www.thebestsocial.media\\\/nl\\\/automobilisten-blazen-omstanders-omver-met-erg-slimme-parkeeractie\\\/#primaryimage\"},\"thumbnailUrl\":\"https:\\\/\\\/www.thebestsocial.media\\\/nl\\\/wp-content\\\/uploads\\\/sites\\\/2\\\/2025\\\/08\\\/smart2.png\",\"keywords\":[\"parkeren\",\"smart\"],\"articleSection\":[\"Blogs\",\"Nieuws\"],\"inLanguage\":\"nl-NL\",\"potentialAction\":[{\"@type\":\"CommentAction\",\"name\":\"Comment\",\"target\":[\"https:\\\/\\\/www.thebestsocial.media\\\/nl\\\/automobilisten-blazen-omstanders-omver-met-erg-slimme-parkeeractie\\\/#respond\"]}]},{\"@type\":\"WebPage\",\"@id\":\"https:\\\/\\\/www.thebestsocial.media\\\/nl\\\/automobilisten-blazen-omstanders-omver-met-erg-slimme-parkeeractie\\\/\",\"url\":\"https:\\\/\\\/www.thebestsocial.media\\\/nl\\\/automobilisten-blazen-omstanders-omver-met-erg-slimme-parkeeractie\\\/\",\"name\":\"Automobilisten blazen omstanders omver met slimme parkeeractie\",\"isPartOf\":{\"@id\":\"https:\\\/\\\/www.thebestsocial.media\\\/nl\\\/#website\"},\"primaryImageOfPage\":{\"@id\":\"https:\\\/\\\/www.thebestsocial.media\\\/nl\\\/automobilisten-blazen-omstanders-omver-met-erg-slimme-parkeeractie\\\/#primaryimage\"},\"image\":{\"@id\":\"https:\\\/\\\/www.thebestsocial.media\\\/nl\\\/automobilisten-blazen-omstanders-omver-met-erg-slimme-parkeeractie\\\/#primaryimage\"},\"thumbnailUrl\":\"https:\\\/\\\/www.thebestsocial.media\\\/nl\\\/wp-content\\\/uploads\\\/sites\\\/2\\\/2025\\\/08\\\/smart2.png\",\"datePublished\":\"2025-08-15T11:08:11+00:00\",\"author\":{\"@id\":\"https:\\\/\\\/www.thebestsocial.media\\\/nl\\\/#\\\/schema\\\/person\\\/2b65a07de209cd1d416a21f959fdf166\"},\"description\":\"Een minuscule auto heeft veel voordelen met zich mee, ook bij parkeren. Ze passen werkelijk o-ver-al tussen, en deze parkeeractie is groots.\",\"breadcrumb\":{\"@id\":\"https:\\\/\\\/www.thebestsocial.media\\\/nl\\\/automobilisten-blazen-omstanders-omver-met-erg-slimme-parkeeractie\\\/#breadcrumb\"},\"inLanguage\":\"nl-NL\",\"potentialAction\":[{\"@type\":\"ReadAction\",\"target\":[\"https:\\\/\\\/www.thebestsocial.media\\\/nl\\\/automobilisten-blazen-omstanders-omver-met-erg-slimme-parkeeractie\\\/\"]}]},{\"@type\":\"ImageObject\",\"inLanguage\":\"nl-NL\",\"@id\":\"https:\\\/\\\/www.thebestsocial.media\\\/nl\\\/automobilisten-blazen-omstanders-omver-met-erg-slimme-parkeeractie\\\/#primaryimage\",\"url\":\"https:\\\/\\\/www.thebestsocial.media\\\/nl\\\/wp-content\\\/uploads\\\/sites\\\/2\\\/2025\\\/08\\\/smart2.png\",\"contentUrl\":\"https:\\\/\\\/www.thebestsocial.media\\\/nl\\\/wp-content\\\/uploads\\\/sites\\\/2\\\/2025\\\/08\\\/smart2.png\",\"width\":1200,\"height\":630,\"caption\":\"parkeeractie\"},{\"@type\":\"BreadcrumbList\",\"@id\":\"https:\\\/\\\/www.thebestsocial.media\\\/nl\\\/automobilisten-blazen-omstanders-omver-met-erg-slimme-parkeeractie\\\/#breadcrumb\",\"itemListElement\":[{\"@type\":\"ListItem\",\"position\":1,\"name\":\"Home\",\"item\":\"https:\\\/\\\/www.thebestsocial.media\\\/nl\\\/\"},{\"@type\":\"ListItem\",\"position\":2,\"name\":\"Automobilisten blazen omstanders omver met erg slimme parkeeractie\"}]},{\"@type\":\"WebSite\",\"@id\":\"https:\\\/\\\/www.thebestsocial.media\\\/nl\\\/#website\",\"url\":\"https:\\\/\\\/www.thebestsocial.media\\\/nl\\\/\",\"name\":\"The Best Social Media NL\",\"description\":\"Zoeklicht in de Digital Chaos\",\"potentialAction\":[{\"@type\":\"SearchAction\",\"target\":{\"@type\":\"EntryPoint\",\"urlTemplate\":\"https:\\\/\\\/www.thebestsocial.media\\\/nl\\\/?s={search_term_string}\"},\"query-input\":{\"@type\":\"PropertyValueSpecification\",\"valueRequired\":true,\"valueName\":\"search_term_string\"}}],\"inLanguage\":\"nl-NL\"},{\"@type\":\"Person\",\"@id\":\"https:\\\/\\\/www.thebestsocial.media\\\/nl\\\/#\\\/schema\\\/person\\\/2b65a07de209cd1d416a21f959fdf166\",\"name\":\"yannick\",\"image\":{\"@type\":\"ImageObject\",\"inLanguage\":\"nl-NL\",\"@id\":\"https:\\\/\\\/secure.gravatar.com\\\/avatar\\\/8909b7412361c45e4fc0664b3e04faa1ad03832e065a1098c95a21a0527771d4?s=96&d=mm&r=g\",\"url\":\"https:\\\/\\\/secure.gravatar.com\\\/avatar\\\/8909b7412361c45e4fc0664b3e04faa1ad03832e065a1098c95a21a0527771d4?s=96&d=mm&r=g\",\"contentUrl\":\"https:\\\/\\\/secure.gravatar.com\\\/avatar\\\/8909b7412361c45e4fc0664b3e04faa1ad03832e065a1098c95a21a0527771d4?s=96&d=mm&r=g\",\"caption\":\"yannick\"},\"description\":\"Geboren en getogen Bredanaar. Droomde altijd van een carri\u00e8re als profvoetballer, maar is gestrand in de Kelderklasse. Nu geeft ze hier onnodig 'commentaar' op sport, collega's (\u00e9\u00e9n in het bijzonder) en mensen die iconische memes niet kennen.\",\"sameAs\":[\"https:\\\/\\\/www.instagram.com\\\/yannicksnoek\\\/\",\"https:\\\/\\\/www.linkedin.com\\\/in\\\/yannick-s-743aa110b\\\/\"],\"url\":\"https:\\\/\\\/www.thebestsocial.media\\\/nl\\\/author\\\/yannick\\\/\"}]}<\/script>\n<!-- \/ Yoast SEO plugin. -->","yoast_head_json":{"title":"Automobilisten blazen omstanders omver met slimme parkeeractie","description":"Een minuscule auto heeft veel voordelen met zich mee, ook bij parkeren. Ze passen werkelijk o-ver-al tussen, en deze parkeeractie is groots.","robots":{"index":"index","follow":"follow","max-snippet":"max-snippet:-1","max-image-preview":"max-image-preview:large","max-video-preview":"max-video-preview:-1"},"canonical":"https:\/\/www.thebestsocial.media\/nl\/automobilisten-blazen-omstanders-omver-met-erg-slimme-parkeeractie\/","og_locale":"nl_NL","og_type":"article","og_title":"Automobilisten blazen omstanders omver met erg slimme parkeeractie","og_description":"Een minuscule auto heeft veel voordelen met zich mee, ook bij parkeren. Ze passen werkelijk o-ver-al tussen.","og_url":"https:\/\/www.thebestsocial.media\/nl\/automobilisten-blazen-omstanders-omver-met-erg-slimme-parkeeractie\/","og_site_name":"The Best Social Media NL","article_published_time":"2025-08-15T11:08:11+00:00","og_image":[{"width":1200,"height":630,"url":"https:\/\/www.thebestsocial.media\/nl\/wp-content\/uploads\/sites\/2\/2025\/08\/smart1.png","type":"image\/png"}],"author":"yannick","twitter_card":"summary_large_image","twitter_title":"Automobilisten blazen omstanders omver met erg slimme parkeeractie","twitter_description":"Een minuscule auto heeft veel voordelen met zich mee, ook bij parkeren. Ze passen werkelijk o-ver-al tussen.","twitter_image":"https:\/\/www.thebestsocial.media\/nl\/wp-content\/uploads\/sites\/2\/2025\/08\/smart1.png","twitter_misc":{"Geschreven door":"yannick","Geschatte leestijd":"3 minuten"},"schema":{"@context":"https:\/\/schema.org","@graph":[{"@type":"Article","@id":"https:\/\/www.thebestsocial.media\/nl\/automobilisten-blazen-omstanders-omver-met-erg-slimme-parkeeractie\/#article","isPartOf":{"@id":"https:\/\/www.thebestsocial.media\/nl\/automobilisten-blazen-omstanders-omver-met-erg-slimme-parkeeractie\/"},"author":{"name":"yannick","@id":"https:\/\/www.thebestsocial.media\/nl\/#\/schema\/person\/2b65a07de209cd1d416a21f959fdf166"},"headline":"Automobilisten blazen omstanders omver met erg slimme parkeeractie","datePublished":"2025-08-15T11:08:11+00:00","mainEntityOfPage":{"@id":"https:\/\/www.thebestsocial.media\/nl\/automobilisten-blazen-omstanders-omver-met-erg-slimme-parkeeractie\/"},"wordCount":243,"commentCount":0,"image":{"@id":"https:\/\/www.thebestsocial.media\/nl\/automobilisten-blazen-omstanders-omver-met-erg-slimme-parkeeractie\/#primaryimage"},"thumbnailUrl":"https:\/\/www.thebestsocial.media\/nl\/wp-content\/uploads\/sites\/2\/2025\/08\/smart2.png","keywords":["parkeren","smart"],"articleSection":["Blogs","Nieuws"],"inLanguage":"nl-NL","potentialAction":[{"@type":"CommentAction","name":"Comment","target":["https:\/\/www.thebestsocial.media\/nl\/automobilisten-blazen-omstanders-omver-met-erg-slimme-parkeeractie\/#respond"]}]},{"@type":"WebPage","@id":"https:\/\/www.thebestsocial.media\/nl\/automobilisten-blazen-omstanders-omver-met-erg-slimme-parkeeractie\/","url":"https:\/\/www.thebestsocial.media\/nl\/automobilisten-blazen-omstanders-omver-met-erg-slimme-parkeeractie\/","name":"Automobilisten blazen omstanders omver met slimme parkeeractie","isPartOf":{"@id":"https:\/\/www.thebestsocial.media\/nl\/#website"},"primaryImageOfPage":{"@id":"https:\/\/www.thebestsocial.media\/nl\/automobilisten-blazen-omstanders-omver-met-erg-slimme-parkeeractie\/#primaryimage"},"image":{"@id":"https:\/\/www.thebestsocial.media\/nl\/automobilisten-blazen-omstanders-omver-met-erg-slimme-parkeeractie\/#primaryimage"},"thumbnailUrl":"https:\/\/www.thebestsocial.media\/nl\/wp-content\/uploads\/sites\/2\/2025\/08\/smart2.png","datePublished":"2025-08-15T11:08:11+00:00","author":{"@id":"https:\/\/www.thebestsocial.media\/nl\/#\/schema\/person\/2b65a07de209cd1d416a21f959fdf166"},"description":"Een minuscule auto heeft veel voordelen met zich mee, ook bij parkeren. Ze passen werkelijk o-ver-al tussen, en deze parkeeractie is groots.","breadcrumb":{"@id":"https:\/\/www.thebestsocial.media\/nl\/automobilisten-blazen-omstanders-omver-met-erg-slimme-parkeeractie\/#breadcrumb"},"inLanguage":"nl-NL","potentialAction":[{"@type":"ReadAction","target":["https:\/\/www.thebestsocial.media\/nl\/automobilisten-blazen-omstanders-omver-met-erg-slimme-parkeeractie\/"]}]},{"@type":"ImageObject","inLanguage":"nl-NL","@id":"https:\/\/www.thebestsocial.media\/nl\/automobilisten-blazen-omstanders-omver-met-erg-slimme-parkeeractie\/#primaryimage","url":"https:\/\/www.thebestsocial.media\/nl\/wp-content\/uploads\/sites\/2\/2025\/08\/smart2.png","contentUrl":"https:\/\/www.thebestsocial.media\/nl\/wp-content\/uploads\/sites\/2\/2025\/08\/smart2.png","width":1200,"height":630,"caption":"parkeeractie"},{"@type":"BreadcrumbList","@id":"https:\/\/www.thebestsocial.media\/nl\/automobilisten-blazen-omstanders-omver-met-erg-slimme-parkeeractie\/#breadcrumb","itemListElement":[{"@type":"ListItem","position":1,"name":"Home","item":"https:\/\/www.thebestsocial.media\/nl\/"},{"@type":"ListItem","position":2,"name":"Automobilisten blazen omstanders omver met erg slimme parkeeractie"}]},{"@type":"WebSite","@id":"https:\/\/www.thebestsocial.media\/nl\/#website","url":"https:\/\/www.thebestsocial.media\/nl\/","name":"The Best Social Media NL","description":"Zoeklicht in de Digital Chaos","potentialAction":[{"@type":"SearchAction","target":{"@type":"EntryPoint","urlTemplate":"https:\/\/www.thebestsocial.media\/nl\/?s={search_term_string}"},"query-input":{"@type":"PropertyValueSpecification","valueRequired":true,"valueName":"search_term_string"}}],"inLanguage":"nl-NL"},{"@type":"Person","@id":"https:\/\/www.thebestsocial.media\/nl\/#\/schema\/person\/2b65a07de209cd1d416a21f959fdf166","name":"yannick","image":{"@type":"ImageObject","inLanguage":"nl-NL","@id":"https:\/\/secure.gravatar.com\/avatar\/8909b7412361c45e4fc0664b3e04faa1ad03832e065a1098c95a21a0527771d4?s=96&d=mm&r=g","url":"https:\/\/secure.gravatar.com\/avatar\/8909b7412361c45e4fc0664b3e04faa1ad03832e065a1098c95a21a0527771d4?s=96&d=mm&r=g","contentUrl":"https:\/\/secure.gravatar.com\/avatar\/8909b7412361c45e4fc0664b3e04faa1ad03832e065a1098c95a21a0527771d4?s=96&d=mm&r=g","caption":"yannick"},"description":"Geboren en getogen Bredanaar. Droomde altijd van een carri\u00e8re als profvoetballer, maar is gestrand in de Kelderklasse. Nu geeft ze hier onnodig 'commentaar' op sport, collega's (\u00e9\u00e9n in het bijzonder) en mensen die iconische memes niet kennen.","sameAs":["https:\/\/www.instagram.com\/yannicksnoek\/","https:\/\/www.linkedin.com\/in\/yannick-s-743aa110b\/"],"url":"https:\/\/www.thebestsocial.media\/nl\/author\/yannick\/"}]}},"amp_enabled":true,"_links":{"self":[{"href":"https:\/\/www.thebestsocial.media\/nl\/wp-json\/wp\/v2\/posts\/380239","targetHints":{"allow":["GET"]}}],"collection":[{"href":"https:\/\/www.thebestsocial.media\/nl\/wp-json\/wp\/v2\/posts"}],"about":[{"href":"https:\/\/www.thebestsocial.media\/nl\/wp-json\/wp\/v2\/types\/post"}],"author":[{"embeddable":true,"href":"https:\/\/www.thebestsocial.media\/nl\/wp-json\/wp\/v2\/users\/96"}],"replies":[{"embeddable":true,"href":"https:\/\/www.thebestsocial.media\/nl\/wp-json\/wp\/v2\/comments?post=380239"}],"version-history":[{"count":10,"href":"https:\/\/www.thebestsocial.media\/nl\/wp-json\/wp\/v2\/posts\/380239\/revisions"}],"predecessor-version":[{"id":380415,"href":"https:\/\/www.thebestsocial.media\/nl\/wp-json\/wp\/v2\/posts\/380239\/revisions\/380415"}],"wp:featuredmedia":[{"embeddable":true,"href":"https:\/\/www.thebestsocial.media\/nl\/wp-json\/wp\/v2\/media\/380321"}],"wp:attachment":[{"href":"https:\/\/www.thebestsocial.media\/nl\/wp-json\/wp\/v2\/media?parent=380239"}],"wp:term":[{"taxonomy":"category","embeddable":true,"href":"https:\/\/www.thebestsocial.media\/nl\/wp-json\/wp\/v2\/categories?post=380239"},{"taxonomy":"post_tag","embeddable":true,"href":"https:\/\/www.thebestsocial.media\/nl\/wp-json\/wp\/v2\/tags?post=380239"}],"curies":[{"name":"wp","href":"https:\/\/api.w.org\/{rel}","templated":true}]}}