{"id":376803,"date":"2025-07-22T13:44:08","date_gmt":"2025-07-22T12:44:08","guid":{"rendered":"https:\/\/www.thebestsocial.media\/nl\/?p=376803"},"modified":"2025-07-22T13:44:08","modified_gmt":"2025-07-22T12:44:08","slug":"amerikaan-spot-bordje-vondelpark-passief-agressief","status":"publish","type":"post","link":"https:\/\/www.thebestsocial.media\/nl\/amerikaan-spot-bordje-vondelpark-passief-agressief\/","title":{"rendered":"Amerikaan sprakeloos door passief-agressief bordje voor ingang Vondelpark"},"content":{"rendered":"<p>Van de <a href=\"https:\/\/www.thebestsocial.media\/nl\/loulou-boze-buurvrouw\/\" target=\"_blank\" rel=\"noopener\">bovenbuurvrouw<\/a> die vindt dat jij voor geluidsoverlast zorgt terwijl het net lijkt alsof zij 24\/7 springt op &#8216;Links Rechts&#8217; van de Snollebollekes tot je altijd bloedchagrijnige oom: sommige mensen\u00a0 kunnen hun passieve agressie niet onderdrukken. Gelukkig zorgen deze snerende opmerkingen niet alleen voor een hoop gezeik, maar ook voor de nodige lachbuien. Zo ook bij de Amerikaanse <a href=\"https:\/\/www.tiktok.com\/@ashlyntravels\/video\/7528401510137351454\" target=\"_blank\" rel=\"noopener\">Ashlyn. <\/a>Zij ontdekt door een opvallend bordje in het Vondelpark dat de gemeente Amsterdam best wat sneren kan uitdelen.<\/p>\n<p>&nbsp;<\/p>\n<h3>1. Ok\u00e9 dan, gemeente Amsterdam. We wisten niet dat je boos was.<\/h3>\n<p><video src=\"https:\/\/www.thebestsocial.media\/nl\/wp-content\/uploads\/tiktok\/7528401510137351454.mp4\" controls width=\"623\" height=\"1108\" style=\"border:0; height:90vh; width:50.625000vh;\"><\/video><\/p>\n<p>&nbsp;<\/p>\n<h3>2. De toon die op het bordje wordt aangeslagen, omschrijft Nederland (en zijn inwoners) dan weer w\u00e9l perfect.<\/h3>\n<p><img loading=\"lazy\" decoding=\"async\" class=\"alignnone wp-image-376852 size-full\" src=\"https:\/\/www.thebestsocial.media\/nl\/wp-content\/uploads\/sites\/2\/2025\/07\/Screenshot-2025-07-22-at-10.50.40.png\" alt=\"Bordje\" width=\"1062\" height=\"154\" srcset=\"https:\/\/www.thebestsocial.media\/nl\/wp-content\/uploads\/sites\/2\/2025\/07\/Screenshot-2025-07-22-at-10.50.40.png 1062w, https:\/\/www.thebestsocial.media\/nl\/wp-content\/uploads\/sites\/2\/2025\/07\/Screenshot-2025-07-22-at-10.50.40-300x44.png 300w, https:\/\/www.thebestsocial.media\/nl\/wp-content\/uploads\/sites\/2\/2025\/07\/Screenshot-2025-07-22-at-10.50.40-1024x148.png 1024w, https:\/\/www.thebestsocial.media\/nl\/wp-content\/uploads\/sites\/2\/2025\/07\/Screenshot-2025-07-22-at-10.50.40-768x111.png 768w\" sizes=\"auto, (max-width: 1062px) 100vw, 1062px\" \/><\/p>\n<p>&nbsp;<\/p>\n<h3>3. Wat blijkt? Deze toon is gewoon gebaseerd op gedragswetenschap.<\/h3>\n<p><img loading=\"lazy\" decoding=\"async\" class=\"alignnone wp-image-376848 size-full\" src=\"https:\/\/www.thebestsocial.media\/nl\/wp-content\/uploads\/sites\/2\/2025\/07\/Screenshot-2025-07-22-at-10.49.58.png\" alt=\"Passief-agressief\" width=\"1084\" height=\"154\" srcset=\"https:\/\/www.thebestsocial.media\/nl\/wp-content\/uploads\/sites\/2\/2025\/07\/Screenshot-2025-07-22-at-10.49.58.png 1084w, https:\/\/www.thebestsocial.media\/nl\/wp-content\/uploads\/sites\/2\/2025\/07\/Screenshot-2025-07-22-at-10.49.58-300x43.png 300w, https:\/\/www.thebestsocial.media\/nl\/wp-content\/uploads\/sites\/2\/2025\/07\/Screenshot-2025-07-22-at-10.49.58-1024x145.png 1024w, https:\/\/www.thebestsocial.media\/nl\/wp-content\/uploads\/sites\/2\/2025\/07\/Screenshot-2025-07-22-at-10.49.58-768x109.png 768w\" sizes=\"auto, (max-width: 1084px) 100vw, 1084px\" \/><\/p>\n<p><img loading=\"lazy\" decoding=\"async\" class=\"alignnone wp-image-376850 size-full\" src=\"https:\/\/www.thebestsocial.media\/nl\/wp-content\/uploads\/sites\/2\/2025\/07\/Screenshot-2025-07-22-at-10.50.21.png\" alt=\"Passief-agressief\" width=\"1080\" height=\"218\" srcset=\"https:\/\/www.thebestsocial.media\/nl\/wp-content\/uploads\/sites\/2\/2025\/07\/Screenshot-2025-07-22-at-10.50.21.png 1080w, https:\/\/www.thebestsocial.media\/nl\/wp-content\/uploads\/sites\/2\/2025\/07\/Screenshot-2025-07-22-at-10.50.21-300x61.png 300w, https:\/\/www.thebestsocial.media\/nl\/wp-content\/uploads\/sites\/2\/2025\/07\/Screenshot-2025-07-22-at-10.50.21-1024x207.png 1024w, https:\/\/www.thebestsocial.media\/nl\/wp-content\/uploads\/sites\/2\/2025\/07\/Screenshot-2025-07-22-at-10.50.21-768x155.png 768w\" sizes=\"auto, (max-width: 1080px) 100vw, 1080px\" \/><\/p>\n<p>&nbsp;<\/p>\n<h3>4. &#8216;Doe maar gewoon normaal, dan doe je al gek genoeg.&#8217;<\/h3>\n<p><img loading=\"lazy\" decoding=\"async\" class=\"alignnone wp-image-376849 size-full\" src=\"https:\/\/www.thebestsocial.media\/nl\/wp-content\/uploads\/sites\/2\/2025\/07\/Screenshot-2025-07-22-at-10.50.10.png\" alt=\"Bordje\" width=\"1080\" height=\"188\" srcset=\"https:\/\/www.thebestsocial.media\/nl\/wp-content\/uploads\/sites\/2\/2025\/07\/Screenshot-2025-07-22-at-10.50.10.png 1080w, https:\/\/www.thebestsocial.media\/nl\/wp-content\/uploads\/sites\/2\/2025\/07\/Screenshot-2025-07-22-at-10.50.10-300x52.png 300w, https:\/\/www.thebestsocial.media\/nl\/wp-content\/uploads\/sites\/2\/2025\/07\/Screenshot-2025-07-22-at-10.50.10-1024x178.png 1024w, https:\/\/www.thebestsocial.media\/nl\/wp-content\/uploads\/sites\/2\/2025\/07\/Screenshot-2025-07-22-at-10.50.10-768x134.png 768w\" sizes=\"auto, (max-width: 1080px) 100vw, 1080px\" \/><\/p>\n<p><img loading=\"lazy\" decoding=\"async\" class=\"alignnone wp-image-376853 size-full\" src=\"https:\/\/www.thebestsocial.media\/nl\/wp-content\/uploads\/sites\/2\/2025\/07\/Screenshot-2025-07-22-at-10.50.47.png\" alt=\"bordje\" width=\"1072\" height=\"184\" srcset=\"https:\/\/www.thebestsocial.media\/nl\/wp-content\/uploads\/sites\/2\/2025\/07\/Screenshot-2025-07-22-at-10.50.47.png 1072w, https:\/\/www.thebestsocial.media\/nl\/wp-content\/uploads\/sites\/2\/2025\/07\/Screenshot-2025-07-22-at-10.50.47-300x51.png 300w, https:\/\/www.thebestsocial.media\/nl\/wp-content\/uploads\/sites\/2\/2025\/07\/Screenshot-2025-07-22-at-10.50.47-1024x176.png 1024w, https:\/\/www.thebestsocial.media\/nl\/wp-content\/uploads\/sites\/2\/2025\/07\/Screenshot-2025-07-22-at-10.50.47-768x132.png 768w\" sizes=\"auto, (max-width: 1072px) 100vw, 1072px\" \/><\/p>\n<p>&nbsp;<\/p>\n<h3>5. Het is misschien passief-agressief, maar h\u00e9, het bordje doet z&#8217;n werk (meestal) wel.<\/h3>\n<p><img loading=\"lazy\" decoding=\"async\" class=\"alignnone wp-image-376851 size-full\" src=\"https:\/\/www.thebestsocial.media\/nl\/wp-content\/uploads\/sites\/2\/2025\/07\/Screenshot-2025-07-22-at-10.50.33.png\" alt=\"Passief-agressief\" width=\"1070\" height=\"190\" srcset=\"https:\/\/www.thebestsocial.media\/nl\/wp-content\/uploads\/sites\/2\/2025\/07\/Screenshot-2025-07-22-at-10.50.33.png 1070w, https:\/\/www.thebestsocial.media\/nl\/wp-content\/uploads\/sites\/2\/2025\/07\/Screenshot-2025-07-22-at-10.50.33-300x53.png 300w, https:\/\/www.thebestsocial.media\/nl\/wp-content\/uploads\/sites\/2\/2025\/07\/Screenshot-2025-07-22-at-10.50.33-1024x182.png 1024w, https:\/\/www.thebestsocial.media\/nl\/wp-content\/uploads\/sites\/2\/2025\/07\/Screenshot-2025-07-22-at-10.50.33-768x136.png 768w\" sizes=\"auto, (max-width: 1070px) 100vw, 1070px\" \/><\/p>\n<p>&nbsp;<\/p>\n<p><strong>Kun jij ijzersterke social strategie\u00ebn schrijven en bedenk en cre\u00eber je originele content? En ben je altijd op de hoogte van de nieuwste features en laatste trends op social media. Dat komt goed uit, want wij zijn bij SuperRebel Agency op zoek naar een Medior Social Media Creative. Check <a href=\"https:\/\/www.thebestsocialjobs.com\/vacature\/medior-social-media-creative\/\" target=\"_blank\" rel=\"noopener\">de vacature<\/a> op The Best Social Jobs!<\/strong><\/p>\n<blockquote class=\"instagram-media\" style=\"background: #FFF; border: 0; border-radius: 3px; box-shadow: 0 0 1px 0 rgba(0,0,0,0.5),0 1px 10px 0 rgba(0,0,0,0.15); margin: 1px; max-width: 540px; min-width: 326px; padding: 0; width: calc(100% - 2px);\" data-instgrm-permalink=\"https:\/\/www.instagram.com\/p\/DDhCg3AoQRD\/?utm_source=ig_embed&amp;utm_campaign=loading\" data-instgrm-version=\"14\">\n<div style=\"padding: 16px;\">\n<p>&nbsp;<\/p>\n<div style=\"display: flex; flex-direction: row; align-items: center;\">\n<div style=\"background-color: #f4f4f4; border-radius: 50%; flex-grow: 0; height: 40px; margin-right: 14px; width: 40px;\"><\/div>\n<div style=\"display: flex; flex-direction: column; flex-grow: 1; justify-content: center;\">\n<div style=\"background-color: #f4f4f4; border-radius: 4px; flex-grow: 0; height: 14px; margin-bottom: 6px; width: 100px;\"><\/div>\n<div style=\"background-color: #f4f4f4; border-radius: 4px; flex-grow: 0; height: 14px; width: 60px;\"><\/div>\n<\/div>\n<\/div>\n<div style=\"padding: 19% 0;\"><\/div>\n<div style=\"display: block; height: 50px; margin: 0 auto 12px; width: 50px;\"><\/div>\n<div style=\"padding-top: 8px;\">\n<div style=\"color: #3897f0; font-family: Arial,sans-serif; font-size: 14px; font-style: normal; font-weight: 550; line-height: 18px;\">Dit bericht op Instagram bekijken<\/div>\n<\/div>\n<div style=\"padding: 12.5% 0;\"><\/div>\n<div style=\"display: flex; flex-direction: row; margin-bottom: 14px; align-items: center;\">\n<div>\n<div style=\"background-color: #f4f4f4; border-radius: 50%; height: 12.5px; width: 12.5px; transform: translateX(0px) translateY(7px);\"><\/div>\n<div style=\"background-color: #f4f4f4; height: 12.5px; transform: rotate(-45deg) translateX(3px) translateY(1px); width: 12.5px; flex-grow: 0; margin-right: 14px; margin-left: 2px;\"><\/div>\n<div style=\"background-color: #f4f4f4; border-radius: 50%; height: 12.5px; width: 12.5px; transform: translateX(9px) translateY(-18px);\"><\/div>\n<\/div>\n<div style=\"margin-left: 8px;\">\n<div style=\"background-color: #f4f4f4; border-radius: 50%; flex-grow: 0; height: 20px; width: 20px;\"><\/div>\n<div style=\"width: 0; height: 0; border-top: 2px solid transparent; border-left: 6px solid #f4f4f4; border-bottom: 2px solid transparent; transform: translateX(16px) translateY(-4px) rotate(30deg);\"><\/div>\n<\/div>\n<div style=\"margin-left: auto;\">\n<div style=\"width: 0px; border-top: 8px solid #F4F4F4; border-right: 8px solid transparent; transform: translateY(16px);\"><\/div>\n<div style=\"background-color: #f4f4f4; flex-grow: 0; height: 12px; width: 16px; transform: translateY(-4px);\"><\/div>\n<div style=\"width: 0; height: 0; border-top: 8px solid #F4F4F4; border-left: 8px solid transparent; transform: translateY(-4px) translateX(8px);\"><\/div>\n<\/div>\n<\/div>\n<div style=\"display: flex; flex-direction: column; flex-grow: 1; justify-content: center; margin-bottom: 24px;\">\n<div style=\"background-color: #f4f4f4; border-radius: 4px; flex-grow: 0; height: 14px; margin-bottom: 6px; width: 224px;\"><\/div>\n<div style=\"background-color: #f4f4f4; border-radius: 4px; flex-grow: 0; height: 14px; width: 144px;\"><\/div>\n<\/div>\n<p>&nbsp;<\/p>\n<p style=\"color: #c9c8cd; font-family: Arial,sans-serif; font-size: 14px; line-height: 17px; margin-bottom: 0; margin-top: 8px; overflow: hidden; padding: 8px 0 7px; text-align: center; text-overflow: ellipsis; white-space: nowrap;\"><a style=\"color: #c9c8cd; font-family: Arial,sans-serif; font-size: 14px; font-style: normal; font-weight: normal; line-height: 17px; text-decoration: none;\" href=\"https:\/\/www.instagram.com\/p\/DDhCg3AoQRD\/?utm_source=ig_embed&amp;utm_campaign=loading\" target=\"_blank\" rel=\"noopener\">Een bericht gedeeld door The Best Social (@thebestsocial)<\/a><\/p>\n<\/div>\n<\/blockquote>\n\n<script async defer src=\"\/instagram-embed.js\"><\/script>","protected":false},"excerpt":{"rendered":"<p>Van de bovenbuurvrouw die vindt dat jij voor geluidsoverlast zorgt terwijl het net lijkt alsof zij 24\/7 springt op &#8216;Links Rechts&#8217; van de Snollebollekes tot&#8230;<\/p>\n","protected":false},"author":96,"featured_media":376904,"comment_status":"open","ping_status":"open","sticky":false,"template":"","format":"standard","meta":{"_acf_changed":false,"footnotes":""},"categories":[16,17],"tags":[606,2806,8292],"class_list":["post-376803","post","type-post","status-publish","format-standard","has-post-thumbnail","hentry","category-blogs","category-nieuws","tag-amsterdam","tag-bordje","tag-passief-agressief"],"acf":[],"yoast_head":"<!-- This site is optimized with the Yoast SEO plugin v27.5 - https:\/\/yoast.com\/product\/yoast-seo-wordpress\/ -->\n<title>Amerikaan sprakeloos door passief-agressief bordje bij Vondelpark<\/title>\n<meta name=\"description\" content=\"Gemeente Amsterdam blijkt die passief-agressieve toon behoorlijk onder de knie te hebben. Dat blijkt wel uit dit bordje bij het Vondelpark.\" \/>\n<meta name=\"robots\" content=\"index, follow, max-snippet:-1, max-image-preview:large, max-video-preview:-1\" \/>\n<link rel=\"canonical\" href=\"https:\/\/www.thebestsocial.media\/nl\/amerikaan-spot-bordje-vondelpark-passief-agressief\/\" \/>\n<meta property=\"og:locale\" content=\"nl_NL\" \/>\n<meta property=\"og:type\" content=\"article\" \/>\n<meta property=\"og:title\" content=\"Amerikaan sprakeloos door passief-agressief bordje voor ingang Vondelpark\" \/>\n<meta property=\"og:description\" content=\"Gemeente Amsterdam blijkt die passief-agressieve toon behoorlijk onder de knie te hebben. Dat blijkt wel uit dit bordje bij het Vondelpark.\" \/>\n<meta property=\"og:url\" content=\"https:\/\/www.thebestsocial.media\/nl\/amerikaan-spot-bordje-vondelpark-passief-agressief\/\" \/>\n<meta property=\"og:site_name\" content=\"The Best Social Media NL\" \/>\n<meta property=\"article:published_time\" content=\"2025-07-22T12:44:08+00:00\" \/>\n<meta property=\"og:image\" content=\"https:\/\/www.thebestsocial.media\/nl\/wp-content\/uploads\/sites\/2\/2025\/07\/bordje.png\" \/>\n\t<meta property=\"og:image:width\" content=\"1200\" \/>\n\t<meta property=\"og:image:height\" content=\"630\" \/>\n\t<meta property=\"og:image:type\" content=\"image\/png\" \/>\n<meta name=\"author\" content=\"yannick\" \/>\n<meta name=\"twitter:card\" content=\"summary_large_image\" \/>\n<meta name=\"twitter:title\" content=\"Amerikaan sprakeloos door passief-agressief bordje voor ingang Vondelpark\" \/>\n<meta name=\"twitter:description\" content=\"Gemeente Amsterdam blijkt die passief-agressieve toon behoorlijk onder de knie te hebben. Dat blijkt wel uit dit bordje bij het Vondelpark.\" \/>\n<meta name=\"twitter:image\" content=\"https:\/\/www.thebestsocial.media\/nl\/wp-content\/uploads\/sites\/2\/2025\/07\/bordje.png\" \/>\n<meta name=\"twitter:label1\" content=\"Geschreven door\" \/>\n\t<meta name=\"twitter:data1\" content=\"yannick\" \/>\n\t<meta name=\"twitter:label2\" content=\"Geschatte leestijd\" \/>\n\t<meta name=\"twitter:data2\" content=\"3 minuten\" \/>\n<script type=\"application\/ld+json\" class=\"yoast-schema-graph\">{\"@context\":\"https:\\\/\\\/schema.org\",\"@graph\":[{\"@type\":\"Article\",\"@id\":\"https:\\\/\\\/www.thebestsocial.media\\\/nl\\\/amerikaan-spot-bordje-vondelpark-passief-agressief\\\/#article\",\"isPartOf\":{\"@id\":\"https:\\\/\\\/www.thebestsocial.media\\\/nl\\\/amerikaan-spot-bordje-vondelpark-passief-agressief\\\/\"},\"author\":{\"name\":\"yannick\",\"@id\":\"https:\\\/\\\/www.thebestsocial.media\\\/nl\\\/#\\\/schema\\\/person\\\/2b65a07de209cd1d416a21f959fdf166\"},\"headline\":\"Amerikaan sprakeloos door passief-agressief bordje voor ingang Vondelpark\",\"datePublished\":\"2025-07-22T12:44:08+00:00\",\"mainEntityOfPage\":{\"@id\":\"https:\\\/\\\/www.thebestsocial.media\\\/nl\\\/amerikaan-spot-bordje-vondelpark-passief-agressief\\\/\"},\"wordCount\":242,\"commentCount\":0,\"image\":{\"@id\":\"https:\\\/\\\/www.thebestsocial.media\\\/nl\\\/amerikaan-spot-bordje-vondelpark-passief-agressief\\\/#primaryimage\"},\"thumbnailUrl\":\"https:\\\/\\\/www.thebestsocial.media\\\/nl\\\/wp-content\\\/uploads\\\/sites\\\/2\\\/2025\\\/07\\\/bordje1.png\",\"keywords\":[\"amsterdam\",\"bordje\",\"passief agressief\"],\"articleSection\":[\"Blogs\",\"Nieuws\"],\"inLanguage\":\"nl-NL\",\"potentialAction\":[{\"@type\":\"CommentAction\",\"name\":\"Comment\",\"target\":[\"https:\\\/\\\/www.thebestsocial.media\\\/nl\\\/amerikaan-spot-bordje-vondelpark-passief-agressief\\\/#respond\"]}]},{\"@type\":\"WebPage\",\"@id\":\"https:\\\/\\\/www.thebestsocial.media\\\/nl\\\/amerikaan-spot-bordje-vondelpark-passief-agressief\\\/\",\"url\":\"https:\\\/\\\/www.thebestsocial.media\\\/nl\\\/amerikaan-spot-bordje-vondelpark-passief-agressief\\\/\",\"name\":\"Amerikaan sprakeloos door passief-agressief bordje bij Vondelpark\",\"isPartOf\":{\"@id\":\"https:\\\/\\\/www.thebestsocial.media\\\/nl\\\/#website\"},\"primaryImageOfPage\":{\"@id\":\"https:\\\/\\\/www.thebestsocial.media\\\/nl\\\/amerikaan-spot-bordje-vondelpark-passief-agressief\\\/#primaryimage\"},\"image\":{\"@id\":\"https:\\\/\\\/www.thebestsocial.media\\\/nl\\\/amerikaan-spot-bordje-vondelpark-passief-agressief\\\/#primaryimage\"},\"thumbnailUrl\":\"https:\\\/\\\/www.thebestsocial.media\\\/nl\\\/wp-content\\\/uploads\\\/sites\\\/2\\\/2025\\\/07\\\/bordje1.png\",\"datePublished\":\"2025-07-22T12:44:08+00:00\",\"author\":{\"@id\":\"https:\\\/\\\/www.thebestsocial.media\\\/nl\\\/#\\\/schema\\\/person\\\/2b65a07de209cd1d416a21f959fdf166\"},\"description\":\"Gemeente Amsterdam blijkt die passief-agressieve toon behoorlijk onder de knie te hebben. Dat blijkt wel uit dit bordje bij het Vondelpark.\",\"breadcrumb\":{\"@id\":\"https:\\\/\\\/www.thebestsocial.media\\\/nl\\\/amerikaan-spot-bordje-vondelpark-passief-agressief\\\/#breadcrumb\"},\"inLanguage\":\"nl-NL\",\"potentialAction\":[{\"@type\":\"ReadAction\",\"target\":[\"https:\\\/\\\/www.thebestsocial.media\\\/nl\\\/amerikaan-spot-bordje-vondelpark-passief-agressief\\\/\"]}]},{\"@type\":\"ImageObject\",\"inLanguage\":\"nl-NL\",\"@id\":\"https:\\\/\\\/www.thebestsocial.media\\\/nl\\\/amerikaan-spot-bordje-vondelpark-passief-agressief\\\/#primaryimage\",\"url\":\"https:\\\/\\\/www.thebestsocial.media\\\/nl\\\/wp-content\\\/uploads\\\/sites\\\/2\\\/2025\\\/07\\\/bordje1.png\",\"contentUrl\":\"https:\\\/\\\/www.thebestsocial.media\\\/nl\\\/wp-content\\\/uploads\\\/sites\\\/2\\\/2025\\\/07\\\/bordje1.png\",\"width\":1200,\"height\":630,\"caption\":\"bordje\"},{\"@type\":\"BreadcrumbList\",\"@id\":\"https:\\\/\\\/www.thebestsocial.media\\\/nl\\\/amerikaan-spot-bordje-vondelpark-passief-agressief\\\/#breadcrumb\",\"itemListElement\":[{\"@type\":\"ListItem\",\"position\":1,\"name\":\"Home\",\"item\":\"https:\\\/\\\/www.thebestsocial.media\\\/nl\\\/\"},{\"@type\":\"ListItem\",\"position\":2,\"name\":\"Amerikaan sprakeloos door passief-agressief bordje voor ingang Vondelpark\"}]},{\"@type\":\"WebSite\",\"@id\":\"https:\\\/\\\/www.thebestsocial.media\\\/nl\\\/#website\",\"url\":\"https:\\\/\\\/www.thebestsocial.media\\\/nl\\\/\",\"name\":\"The Best Social Media NL\",\"description\":\"Zoeklicht in de Digital Chaos\",\"potentialAction\":[{\"@type\":\"SearchAction\",\"target\":{\"@type\":\"EntryPoint\",\"urlTemplate\":\"https:\\\/\\\/www.thebestsocial.media\\\/nl\\\/?s={search_term_string}\"},\"query-input\":{\"@type\":\"PropertyValueSpecification\",\"valueRequired\":true,\"valueName\":\"search_term_string\"}}],\"inLanguage\":\"nl-NL\"},{\"@type\":\"Person\",\"@id\":\"https:\\\/\\\/www.thebestsocial.media\\\/nl\\\/#\\\/schema\\\/person\\\/2b65a07de209cd1d416a21f959fdf166\",\"name\":\"yannick\",\"image\":{\"@type\":\"ImageObject\",\"inLanguage\":\"nl-NL\",\"@id\":\"https:\\\/\\\/secure.gravatar.com\\\/avatar\\\/8909b7412361c45e4fc0664b3e04faa1ad03832e065a1098c95a21a0527771d4?s=96&d=mm&r=g\",\"url\":\"https:\\\/\\\/secure.gravatar.com\\\/avatar\\\/8909b7412361c45e4fc0664b3e04faa1ad03832e065a1098c95a21a0527771d4?s=96&d=mm&r=g\",\"contentUrl\":\"https:\\\/\\\/secure.gravatar.com\\\/avatar\\\/8909b7412361c45e4fc0664b3e04faa1ad03832e065a1098c95a21a0527771d4?s=96&d=mm&r=g\",\"caption\":\"yannick\"},\"description\":\"Geboren en getogen Bredanaar. Droomde altijd van een carri\u00e8re als profvoetballer, maar is gestrand in de Kelderklasse. Nu geeft ze hier onnodig 'commentaar' op sport, collega's (\u00e9\u00e9n in het bijzonder) en mensen die iconische memes niet kennen.\",\"sameAs\":[\"https:\\\/\\\/www.instagram.com\\\/yannicksnoek\\\/\",\"https:\\\/\\\/www.linkedin.com\\\/in\\\/yannick-s-743aa110b\\\/\"],\"url\":\"https:\\\/\\\/www.thebestsocial.media\\\/nl\\\/author\\\/yannick\\\/\"}]}<\/script>\n<!-- \/ Yoast SEO plugin. -->","yoast_head_json":{"title":"Amerikaan sprakeloos door passief-agressief bordje bij Vondelpark","description":"Gemeente Amsterdam blijkt die passief-agressieve toon behoorlijk onder de knie te hebben. Dat blijkt wel uit dit bordje bij het Vondelpark.","robots":{"index":"index","follow":"follow","max-snippet":"max-snippet:-1","max-image-preview":"max-image-preview:large","max-video-preview":"max-video-preview:-1"},"canonical":"https:\/\/www.thebestsocial.media\/nl\/amerikaan-spot-bordje-vondelpark-passief-agressief\/","og_locale":"nl_NL","og_type":"article","og_title":"Amerikaan sprakeloos door passief-agressief bordje voor ingang Vondelpark","og_description":"Gemeente Amsterdam blijkt die passief-agressieve toon behoorlijk onder de knie te hebben. Dat blijkt wel uit dit bordje bij het Vondelpark.","og_url":"https:\/\/www.thebestsocial.media\/nl\/amerikaan-spot-bordje-vondelpark-passief-agressief\/","og_site_name":"The Best Social Media NL","article_published_time":"2025-07-22T12:44:08+00:00","og_image":[{"width":1200,"height":630,"url":"https:\/\/www.thebestsocial.media\/nl\/wp-content\/uploads\/sites\/2\/2025\/07\/bordje.png","type":"image\/png"}],"author":"yannick","twitter_card":"summary_large_image","twitter_title":"Amerikaan sprakeloos door passief-agressief bordje voor ingang Vondelpark","twitter_description":"Gemeente Amsterdam blijkt die passief-agressieve toon behoorlijk onder de knie te hebben. Dat blijkt wel uit dit bordje bij het Vondelpark.","twitter_image":"https:\/\/www.thebestsocial.media\/nl\/wp-content\/uploads\/sites\/2\/2025\/07\/bordje.png","twitter_misc":{"Geschreven door":"yannick","Geschatte leestijd":"3 minuten"},"schema":{"@context":"https:\/\/schema.org","@graph":[{"@type":"Article","@id":"https:\/\/www.thebestsocial.media\/nl\/amerikaan-spot-bordje-vondelpark-passief-agressief\/#article","isPartOf":{"@id":"https:\/\/www.thebestsocial.media\/nl\/amerikaan-spot-bordje-vondelpark-passief-agressief\/"},"author":{"name":"yannick","@id":"https:\/\/www.thebestsocial.media\/nl\/#\/schema\/person\/2b65a07de209cd1d416a21f959fdf166"},"headline":"Amerikaan sprakeloos door passief-agressief bordje voor ingang Vondelpark","datePublished":"2025-07-22T12:44:08+00:00","mainEntityOfPage":{"@id":"https:\/\/www.thebestsocial.media\/nl\/amerikaan-spot-bordje-vondelpark-passief-agressief\/"},"wordCount":242,"commentCount":0,"image":{"@id":"https:\/\/www.thebestsocial.media\/nl\/amerikaan-spot-bordje-vondelpark-passief-agressief\/#primaryimage"},"thumbnailUrl":"https:\/\/www.thebestsocial.media\/nl\/wp-content\/uploads\/sites\/2\/2025\/07\/bordje1.png","keywords":["amsterdam","bordje","passief agressief"],"articleSection":["Blogs","Nieuws"],"inLanguage":"nl-NL","potentialAction":[{"@type":"CommentAction","name":"Comment","target":["https:\/\/www.thebestsocial.media\/nl\/amerikaan-spot-bordje-vondelpark-passief-agressief\/#respond"]}]},{"@type":"WebPage","@id":"https:\/\/www.thebestsocial.media\/nl\/amerikaan-spot-bordje-vondelpark-passief-agressief\/","url":"https:\/\/www.thebestsocial.media\/nl\/amerikaan-spot-bordje-vondelpark-passief-agressief\/","name":"Amerikaan sprakeloos door passief-agressief bordje bij Vondelpark","isPartOf":{"@id":"https:\/\/www.thebestsocial.media\/nl\/#website"},"primaryImageOfPage":{"@id":"https:\/\/www.thebestsocial.media\/nl\/amerikaan-spot-bordje-vondelpark-passief-agressief\/#primaryimage"},"image":{"@id":"https:\/\/www.thebestsocial.media\/nl\/amerikaan-spot-bordje-vondelpark-passief-agressief\/#primaryimage"},"thumbnailUrl":"https:\/\/www.thebestsocial.media\/nl\/wp-content\/uploads\/sites\/2\/2025\/07\/bordje1.png","datePublished":"2025-07-22T12:44:08+00:00","author":{"@id":"https:\/\/www.thebestsocial.media\/nl\/#\/schema\/person\/2b65a07de209cd1d416a21f959fdf166"},"description":"Gemeente Amsterdam blijkt die passief-agressieve toon behoorlijk onder de knie te hebben. Dat blijkt wel uit dit bordje bij het Vondelpark.","breadcrumb":{"@id":"https:\/\/www.thebestsocial.media\/nl\/amerikaan-spot-bordje-vondelpark-passief-agressief\/#breadcrumb"},"inLanguage":"nl-NL","potentialAction":[{"@type":"ReadAction","target":["https:\/\/www.thebestsocial.media\/nl\/amerikaan-spot-bordje-vondelpark-passief-agressief\/"]}]},{"@type":"ImageObject","inLanguage":"nl-NL","@id":"https:\/\/www.thebestsocial.media\/nl\/amerikaan-spot-bordje-vondelpark-passief-agressief\/#primaryimage","url":"https:\/\/www.thebestsocial.media\/nl\/wp-content\/uploads\/sites\/2\/2025\/07\/bordje1.png","contentUrl":"https:\/\/www.thebestsocial.media\/nl\/wp-content\/uploads\/sites\/2\/2025\/07\/bordje1.png","width":1200,"height":630,"caption":"bordje"},{"@type":"BreadcrumbList","@id":"https:\/\/www.thebestsocial.media\/nl\/amerikaan-spot-bordje-vondelpark-passief-agressief\/#breadcrumb","itemListElement":[{"@type":"ListItem","position":1,"name":"Home","item":"https:\/\/www.thebestsocial.media\/nl\/"},{"@type":"ListItem","position":2,"name":"Amerikaan sprakeloos door passief-agressief bordje voor ingang Vondelpark"}]},{"@type":"WebSite","@id":"https:\/\/www.thebestsocial.media\/nl\/#website","url":"https:\/\/www.thebestsocial.media\/nl\/","name":"The Best Social Media NL","description":"Zoeklicht in de Digital Chaos","potentialAction":[{"@type":"SearchAction","target":{"@type":"EntryPoint","urlTemplate":"https:\/\/www.thebestsocial.media\/nl\/?s={search_term_string}"},"query-input":{"@type":"PropertyValueSpecification","valueRequired":true,"valueName":"search_term_string"}}],"inLanguage":"nl-NL"},{"@type":"Person","@id":"https:\/\/www.thebestsocial.media\/nl\/#\/schema\/person\/2b65a07de209cd1d416a21f959fdf166","name":"yannick","image":{"@type":"ImageObject","inLanguage":"nl-NL","@id":"https:\/\/secure.gravatar.com\/avatar\/8909b7412361c45e4fc0664b3e04faa1ad03832e065a1098c95a21a0527771d4?s=96&d=mm&r=g","url":"https:\/\/secure.gravatar.com\/avatar\/8909b7412361c45e4fc0664b3e04faa1ad03832e065a1098c95a21a0527771d4?s=96&d=mm&r=g","contentUrl":"https:\/\/secure.gravatar.com\/avatar\/8909b7412361c45e4fc0664b3e04faa1ad03832e065a1098c95a21a0527771d4?s=96&d=mm&r=g","caption":"yannick"},"description":"Geboren en getogen Bredanaar. Droomde altijd van een carri\u00e8re als profvoetballer, maar is gestrand in de Kelderklasse. Nu geeft ze hier onnodig 'commentaar' op sport, collega's (\u00e9\u00e9n in het bijzonder) en mensen die iconische memes niet kennen.","sameAs":["https:\/\/www.instagram.com\/yannicksnoek\/","https:\/\/www.linkedin.com\/in\/yannick-s-743aa110b\/"],"url":"https:\/\/www.thebestsocial.media\/nl\/author\/yannick\/"}]}},"amp_enabled":true,"_links":{"self":[{"href":"https:\/\/www.thebestsocial.media\/nl\/wp-json\/wp\/v2\/posts\/376803","targetHints":{"allow":["GET"]}}],"collection":[{"href":"https:\/\/www.thebestsocial.media\/nl\/wp-json\/wp\/v2\/posts"}],"about":[{"href":"https:\/\/www.thebestsocial.media\/nl\/wp-json\/wp\/v2\/types\/post"}],"author":[{"embeddable":true,"href":"https:\/\/www.thebestsocial.media\/nl\/wp-json\/wp\/v2\/users\/96"}],"replies":[{"embeddable":true,"href":"https:\/\/www.thebestsocial.media\/nl\/wp-json\/wp\/v2\/comments?post=376803"}],"version-history":[{"count":7,"href":"https:\/\/www.thebestsocial.media\/nl\/wp-json\/wp\/v2\/posts\/376803\/revisions"}],"predecessor-version":[{"id":376905,"href":"https:\/\/www.thebestsocial.media\/nl\/wp-json\/wp\/v2\/posts\/376803\/revisions\/376905"}],"wp:featuredmedia":[{"embeddable":true,"href":"https:\/\/www.thebestsocial.media\/nl\/wp-json\/wp\/v2\/media\/376904"}],"wp:attachment":[{"href":"https:\/\/www.thebestsocial.media\/nl\/wp-json\/wp\/v2\/media?parent=376803"}],"wp:term":[{"taxonomy":"category","embeddable":true,"href":"https:\/\/www.thebestsocial.media\/nl\/wp-json\/wp\/v2\/categories?post=376803"},{"taxonomy":"post_tag","embeddable":true,"href":"https:\/\/www.thebestsocial.media\/nl\/wp-json\/wp\/v2\/tags?post=376803"}],"curies":[{"name":"wp","href":"https:\/\/api.w.org\/{rel}","templated":true}]}}