{"id":375661,"date":"2025-07-19T09:22:26","date_gmt":"2025-07-19T08:22:26","guid":{"rendered":"https:\/\/www.thebestsocial.media\/nl\/?p=375661"},"modified":"2025-07-19T09:22:26","modified_gmt":"2025-07-19T08:22:26","slug":"handbagage-airfryer-inpakken-passagier-vliegtuig-vliegveld","status":"publish","type":"post","link":"https:\/\/www.thebestsocial.media\/nl\/handbagage-airfryer-inpakken-passagier-vliegtuig-vliegveld\/","title":{"rendered":"Passagier gespot met erg bijzondere handbagage: &#8216;Ik neem alleen het hoognodige mee&#8217;"},"content":{"rendered":"<p>Nederlanders op vakantie? Die pik je er z\u00f3 uit. Op het vliegveld knauwen ze hun zelfgesmeerde bammetjes met kaas of goedkope boterhamworst weg alsof het een delicatesse is, en in een restaurant ergens aan de Costa Brava toveren ze ineens een pot Zaanse mayo uit hun tas. Kortom: ze willen w\u00e9l genieten, maar geen cent te veel uitgeven. Het is eigenlijk zonde dat die <a href=\"https:\/\/www.thebestsocial.media\/nl\/airfryer-hack-ontbijt-eieren\/\" target=\"_blank\" rel=\"noopener\">airfyer<\/a> niet makkelijk in je handbagage past&#8230; Maar waar een wil is, is een weg. <a href=\"https:\/\/www.tiktok.com\/@scientist.to.go\/video\/7526146106628099360?refer=embed\" target=\"_blank\" rel=\"noopener\">Deze passagier<\/a> bewijst dat je met een beetje moeite echt \u00e1lles mee kan nemen.<\/p>\n<p>&nbsp;<\/p>\n<h3>1. &#8216;Wil je alleen het essenti\u00eble inpakken a.u.b.?&#8217; Passagier: &#8216;Say no more.&#8217;<\/h3>\n<p><iframe loading=\"lazy\" src=\"\/tiktok-cache\/7526146106628099360\/9b66178544823db0f23233be7b3c4849b8ea157066a43fdb9ece277c\" width=\"623\" height=\"1108\" style=\"border:0; height:90vh; width:50.625000vh;\" scrolling=\"no\"><\/iframe><\/p>\n<p>&nbsp;<\/p>\n<h3>2. Een betere vraag: waarom zou je dit n\u00ed\u00e9t als handbagage meenemen?<\/h3>\n<p><img loading=\"lazy\" decoding=\"async\" class=\"alignnone wp-image-375906 size-full\" src=\"https:\/\/www.thebestsocial.media\/nl\/wp-content\/uploads\/sites\/2\/2025\/07\/Screenshot-2025-07-16-at-10.50.12.png\" alt=\"essentials\" width=\"1070\" height=\"148\" srcset=\"https:\/\/www.thebestsocial.media\/nl\/wp-content\/uploads\/sites\/2\/2025\/07\/Screenshot-2025-07-16-at-10.50.12.png 1070w, https:\/\/www.thebestsocial.media\/nl\/wp-content\/uploads\/sites\/2\/2025\/07\/Screenshot-2025-07-16-at-10.50.12-300x41.png 300w, https:\/\/www.thebestsocial.media\/nl\/wp-content\/uploads\/sites\/2\/2025\/07\/Screenshot-2025-07-16-at-10.50.12-1024x142.png 1024w, https:\/\/www.thebestsocial.media\/nl\/wp-content\/uploads\/sites\/2\/2025\/07\/Screenshot-2025-07-16-at-10.50.12-768x106.png 768w\" sizes=\"auto, (max-width: 1070px) 100vw, 1070px\" \/><\/p>\n<p>&nbsp;<\/p>\n<h3>3. Zoals je ziet kan het altijd erger.<\/h3>\n<p><img loading=\"lazy\" decoding=\"async\" class=\"alignnone wp-image-375904 size-full\" src=\"https:\/\/www.thebestsocial.media\/nl\/wp-content\/uploads\/sites\/2\/2025\/07\/Screenshot-2025-07-16-at-10.50.03.png\" alt=\"essentials\" width=\"1072\" height=\"150\" srcset=\"https:\/\/www.thebestsocial.media\/nl\/wp-content\/uploads\/sites\/2\/2025\/07\/Screenshot-2025-07-16-at-10.50.03.png 1072w, https:\/\/www.thebestsocial.media\/nl\/wp-content\/uploads\/sites\/2\/2025\/07\/Screenshot-2025-07-16-at-10.50.03-300x42.png 300w, https:\/\/www.thebestsocial.media\/nl\/wp-content\/uploads\/sites\/2\/2025\/07\/Screenshot-2025-07-16-at-10.50.03-1024x143.png 1024w, https:\/\/www.thebestsocial.media\/nl\/wp-content\/uploads\/sites\/2\/2025\/07\/Screenshot-2025-07-16-at-10.50.03-768x107.png 768w\" sizes=\"auto, (max-width: 1072px) 100vw, 1072px\" \/><\/p>\n<p>&nbsp;<\/p>\n<h3>4. Het gewicht van je handbagage is in ieder geval gebakken lucht.<\/h3>\n<p><img loading=\"lazy\" decoding=\"async\" class=\"alignnone wp-image-375905 size-full\" src=\"https:\/\/www.thebestsocial.media\/nl\/wp-content\/uploads\/sites\/2\/2025\/07\/Screenshot-2025-07-16-at-10.50.08.png\" alt=\"essentials\" width=\"1078\" height=\"156\" srcset=\"https:\/\/www.thebestsocial.media\/nl\/wp-content\/uploads\/sites\/2\/2025\/07\/Screenshot-2025-07-16-at-10.50.08.png 1078w, https:\/\/www.thebestsocial.media\/nl\/wp-content\/uploads\/sites\/2\/2025\/07\/Screenshot-2025-07-16-at-10.50.08-300x43.png 300w, https:\/\/www.thebestsocial.media\/nl\/wp-content\/uploads\/sites\/2\/2025\/07\/Screenshot-2025-07-16-at-10.50.08-1024x148.png 1024w, https:\/\/www.thebestsocial.media\/nl\/wp-content\/uploads\/sites\/2\/2025\/07\/Screenshot-2025-07-16-at-10.50.08-768x111.png 768w\" sizes=\"auto, (max-width: 1078px) 100vw, 1078px\" \/><\/p>\n<p>&nbsp;<\/p>\n<h3>5. En laat een airfryer nou n\u00e9t essentieel zijn voor elke Nederlander.<\/h3>\n<p><img loading=\"lazy\" decoding=\"async\" class=\"alignnone wp-image-375896 size-full\" src=\"https:\/\/www.thebestsocial.media\/nl\/wp-content\/uploads\/sites\/2\/2025\/07\/Screenshot-2025-07-16-at-10.31.24.png\" alt=\"essentials\" width=\"1076\" height=\"150\" srcset=\"https:\/\/www.thebestsocial.media\/nl\/wp-content\/uploads\/sites\/2\/2025\/07\/Screenshot-2025-07-16-at-10.31.24.png 1076w, https:\/\/www.thebestsocial.media\/nl\/wp-content\/uploads\/sites\/2\/2025\/07\/Screenshot-2025-07-16-at-10.31.24-300x42.png 300w, https:\/\/www.thebestsocial.media\/nl\/wp-content\/uploads\/sites\/2\/2025\/07\/Screenshot-2025-07-16-at-10.31.24-1024x143.png 1024w, https:\/\/www.thebestsocial.media\/nl\/wp-content\/uploads\/sites\/2\/2025\/07\/Screenshot-2025-07-16-at-10.31.24-768x107.png 768w\" sizes=\"auto, (max-width: 1076px) 100vw, 1076px\" \/><\/p>\n<p><img loading=\"lazy\" decoding=\"async\" class=\"alignnone wp-image-375898 size-full\" src=\"https:\/\/www.thebestsocial.media\/nl\/wp-content\/uploads\/sites\/2\/2025\/07\/Screenshot-2025-07-16-at-10.40.03.png\" alt=\"essentials\" width=\"1092\" height=\"148\" srcset=\"https:\/\/www.thebestsocial.media\/nl\/wp-content\/uploads\/sites\/2\/2025\/07\/Screenshot-2025-07-16-at-10.40.03.png 1092w, https:\/\/www.thebestsocial.media\/nl\/wp-content\/uploads\/sites\/2\/2025\/07\/Screenshot-2025-07-16-at-10.40.03-300x41.png 300w, https:\/\/www.thebestsocial.media\/nl\/wp-content\/uploads\/sites\/2\/2025\/07\/Screenshot-2025-07-16-at-10.40.03-1024x139.png 1024w, https:\/\/www.thebestsocial.media\/nl\/wp-content\/uploads\/sites\/2\/2025\/07\/Screenshot-2025-07-16-at-10.40.03-768x104.png 768w\" sizes=\"auto, (max-width: 1092px) 100vw, 1092px\" \/><\/p>\n<p>&nbsp;<\/p>\n<h3>6. In de ruimbagage zit waarschijnlijk een jaarvoorraad mini-frikandellen en mini-bamischrijven.<\/h3>\n<p><img loading=\"lazy\" decoding=\"async\" class=\"alignnone wp-image-375900 size-full\" src=\"https:\/\/www.thebestsocial.media\/nl\/wp-content\/uploads\/sites\/2\/2025\/07\/Screenshot-2025-07-16-at-10.40.14.png\" alt=\"handbagage\" width=\"1078\" height=\"142\" srcset=\"https:\/\/www.thebestsocial.media\/nl\/wp-content\/uploads\/sites\/2\/2025\/07\/Screenshot-2025-07-16-at-10.40.14.png 1078w, https:\/\/www.thebestsocial.media\/nl\/wp-content\/uploads\/sites\/2\/2025\/07\/Screenshot-2025-07-16-at-10.40.14-300x40.png 300w, https:\/\/www.thebestsocial.media\/nl\/wp-content\/uploads\/sites\/2\/2025\/07\/Screenshot-2025-07-16-at-10.40.14-1024x135.png 1024w, https:\/\/www.thebestsocial.media\/nl\/wp-content\/uploads\/sites\/2\/2025\/07\/Screenshot-2025-07-16-at-10.40.14-768x101.png 768w\" sizes=\"auto, (max-width: 1078px) 100vw, 1078px\" \/><\/p>\n<p>&nbsp;<\/p>\n<h3>7. Maar er is \u00e9\u00e9n item dat sommigen nog missen naast de airfryer en speaker.<\/h3>\n<p><img loading=\"lazy\" decoding=\"async\" class=\"alignnone wp-image-375897 size-full\" src=\"https:\/\/www.thebestsocial.media\/nl\/wp-content\/uploads\/sites\/2\/2025\/07\/Screenshot-2025-07-16-at-10.31.35.png\" alt=\"handbagage\" width=\"1080\" height=\"154\" srcset=\"https:\/\/www.thebestsocial.media\/nl\/wp-content\/uploads\/sites\/2\/2025\/07\/Screenshot-2025-07-16-at-10.31.35.png 1080w, https:\/\/www.thebestsocial.media\/nl\/wp-content\/uploads\/sites\/2\/2025\/07\/Screenshot-2025-07-16-at-10.31.35-300x43.png 300w, https:\/\/www.thebestsocial.media\/nl\/wp-content\/uploads\/sites\/2\/2025\/07\/Screenshot-2025-07-16-at-10.31.35-1024x146.png 1024w, https:\/\/www.thebestsocial.media\/nl\/wp-content\/uploads\/sites\/2\/2025\/07\/Screenshot-2025-07-16-at-10.31.35-768x110.png 768w\" sizes=\"auto, (max-width: 1080px) 100vw, 1080px\" \/><\/p>\n<p>&nbsp;<\/p>\n<h3>8. Waar zie jij een tweede airfryer?<\/h3>\n<p><img loading=\"lazy\" decoding=\"async\" class=\"alignnone wp-image-375895 size-full\" src=\"https:\/\/www.thebestsocial.media\/nl\/wp-content\/uploads\/sites\/2\/2025\/07\/Screenshot-2025-07-16-at-10.31.18.png\" alt=\"handbagage\" width=\"1072\" height=\"146\" srcset=\"https:\/\/www.thebestsocial.media\/nl\/wp-content\/uploads\/sites\/2\/2025\/07\/Screenshot-2025-07-16-at-10.31.18.png 1072w, https:\/\/www.thebestsocial.media\/nl\/wp-content\/uploads\/sites\/2\/2025\/07\/Screenshot-2025-07-16-at-10.31.18-300x41.png 300w, https:\/\/www.thebestsocial.media\/nl\/wp-content\/uploads\/sites\/2\/2025\/07\/Screenshot-2025-07-16-at-10.31.18-1024x139.png 1024w, https:\/\/www.thebestsocial.media\/nl\/wp-content\/uploads\/sites\/2\/2025\/07\/Screenshot-2025-07-16-at-10.31.18-768x105.png 768w\" sizes=\"auto, (max-width: 1072px) 100vw, 1072px\" \/><\/p>\n<p>&nbsp;<\/p>\n<p><strong>Kun jij ijzersterke social strategie\u00ebn schrijven en bedenk en cre\u00eber je originele content? En ben je altijd op de hoogte van de nieuwste features en laatste trends op social media. Dat komt goed uit, want wij zijn bij SuperRebel Agency op zoek naar een Medior Social Media Creative. Check <a href=\"https:\/\/www.thebestsocialjobs.com\/vacature\/medior-social-media-creative\/\" target=\"_blank\" rel=\"noopener\">de vacature<\/a> op The Best Social Jobs!<\/strong><\/p>\n<blockquote class=\"instagram-media\" style=\"background: #FFF; border: 0; border-radius: 3px; box-shadow: 0 0 1px 0 rgba(0,0,0,0.5),0 1px 10px 0 rgba(0,0,0,0.15); margin: 1px; max-width: 540px; min-width: 326px; padding: 0; width: calc(100% - 2px);\" data-instgrm-permalink=\"https:\/\/www.instagram.com\/p\/DDhCg3AoQRD\/?utm_source=ig_embed&amp;utm_campaign=loading\" data-instgrm-version=\"14\">\n<div style=\"padding: 16px;\">\n<p>&nbsp;<\/p>\n<div style=\"display: flex; flex-direction: row; align-items: center;\">\n<div style=\"background-color: #f4f4f4; border-radius: 50%; flex-grow: 0; height: 40px; margin-right: 14px; width: 40px;\"><\/div>\n<div style=\"display: flex; flex-direction: column; flex-grow: 1; justify-content: center;\">\n<div style=\"background-color: #f4f4f4; border-radius: 4px; flex-grow: 0; height: 14px; margin-bottom: 6px; width: 100px;\"><\/div>\n<div style=\"background-color: #f4f4f4; border-radius: 4px; flex-grow: 0; height: 14px; width: 60px;\"><\/div>\n<\/div>\n<\/div>\n<div style=\"padding: 19% 0;\"><\/div>\n<div style=\"display: block; height: 50px; margin: 0 auto 12px; width: 50px;\"><\/div>\n<div style=\"padding-top: 8px;\">\n<div style=\"color: #3897f0; font-family: Arial,sans-serif; font-size: 14px; font-style: normal; font-weight: 550; line-height: 18px;\">Dit bericht op Instagram bekijken<\/div>\n<\/div>\n<div style=\"padding: 12.5% 0;\"><\/div>\n<div style=\"display: flex; flex-direction: row; margin-bottom: 14px; align-items: center;\">\n<div>\n<div style=\"background-color: #f4f4f4; border-radius: 50%; height: 12.5px; width: 12.5px; transform: translateX(0px) translateY(7px);\"><\/div>\n<div style=\"background-color: #f4f4f4; height: 12.5px; transform: rotate(-45deg) translateX(3px) translateY(1px); width: 12.5px; flex-grow: 0; margin-right: 14px; margin-left: 2px;\"><\/div>\n<div style=\"background-color: #f4f4f4; border-radius: 50%; height: 12.5px; width: 12.5px; transform: translateX(9px) translateY(-18px);\"><\/div>\n<\/div>\n<div style=\"margin-left: 8px;\">\n<div style=\"background-color: #f4f4f4; border-radius: 50%; flex-grow: 0; height: 20px; width: 20px;\"><\/div>\n<div style=\"width: 0; height: 0; border-top: 2px solid transparent; border-left: 6px solid #f4f4f4; border-bottom: 2px solid transparent; transform: translateX(16px) translateY(-4px) rotate(30deg);\"><\/div>\n<\/div>\n<div style=\"margin-left: auto;\">\n<div style=\"width: 0px; border-top: 8px solid #F4F4F4; border-right: 8px solid transparent; transform: translateY(16px);\"><\/div>\n<div style=\"background-color: #f4f4f4; flex-grow: 0; height: 12px; width: 16px; transform: translateY(-4px);\"><\/div>\n<div style=\"width: 0; height: 0; border-top: 8px solid #F4F4F4; border-left: 8px solid transparent; transform: translateY(-4px) translateX(8px);\"><\/div>\n<\/div>\n<\/div>\n<div style=\"display: flex; flex-direction: column; flex-grow: 1; justify-content: center; margin-bottom: 24px;\">\n<div style=\"background-color: #f4f4f4; border-radius: 4px; flex-grow: 0; height: 14px; margin-bottom: 6px; width: 224px;\"><\/div>\n<div style=\"background-color: #f4f4f4; border-radius: 4px; flex-grow: 0; height: 14px; width: 144px;\"><\/div>\n<\/div>\n<p>&nbsp;<\/p>\n<p style=\"color: #c9c8cd; font-family: Arial,sans-serif; font-size: 14px; line-height: 17px; margin-bottom: 0; margin-top: 8px; overflow: hidden; padding: 8px 0 7px; text-align: center; text-overflow: ellipsis; white-space: nowrap;\"><a style=\"color: #c9c8cd; font-family: Arial,sans-serif; font-size: 14px; font-style: normal; font-weight: normal; line-height: 17px; text-decoration: none;\" href=\"https:\/\/www.instagram.com\/p\/DDhCg3AoQRD\/?utm_source=ig_embed&amp;utm_campaign=loading\" target=\"_blank\" rel=\"noopener\">Een bericht gedeeld door The Best Social (@thebestsocial)<\/a><\/p>\n<\/div>\n<\/blockquote>\n\n<script async defer src=\"\/instagram-embed.js\"><\/script>","protected":false},"excerpt":{"rendered":"<p>Nederlanders op vakantie? Die pik je er z\u00f3 uit. Op het vliegveld knauwen ze hun zelfgesmeerde bammetjes met kaas of goedkope boterhamworst weg alsof het&#8230;<\/p>\n","protected":false},"author":96,"featured_media":375960,"comment_status":"open","ping_status":"open","sticky":false,"template":"","format":"standard","meta":{"_acf_changed":false,"footnotes":""},"categories":[16,17],"tags":[1445,9422,1592],"class_list":["post-375661","post","type-post","status-publish","format-standard","has-post-thumbnail","hentry","category-blogs","category-nieuws","tag-airfryer","tag-handbagage","tag-vliegveld"],"acf":[],"yoast_head":"<!-- This site is optimized with the Yoast SEO plugin v27.5 - https:\/\/yoast.com\/product\/yoast-seo-wordpress\/ -->\n<title>Passagier gespot met handbagage: &#039;Alleen het hoognodige&#039;<\/title>\n<meta name=\"description\" content=\"Nederlanders willen genieten, maar geen cent te veel uitgeven op vakantie. Zonde eigenlijk dat zo&#039;n airfyer niet in je handbagage past...\" \/>\n<meta name=\"robots\" content=\"index, follow, max-snippet:-1, max-image-preview:large, max-video-preview:-1\" \/>\n<link rel=\"canonical\" href=\"https:\/\/www.thebestsocial.media\/nl\/handbagage-airfryer-inpakken-passagier-vliegtuig-vliegveld\/\" \/>\n<meta property=\"og:locale\" content=\"nl_NL\" \/>\n<meta property=\"og:type\" content=\"article\" \/>\n<meta property=\"og:title\" content=\"Passagier gespot met erg bijzondere handbagage: &#039;Ik neem alleen het hoognodige mee&#039;\" \/>\n<meta property=\"og:description\" content=\"Nederlanders willen genieten, maar geen cent te veel uitgeven op vakantie. Zonde eigenlijk dat zo&#039;n airfyer niet in je handbagage past...\" \/>\n<meta property=\"og:url\" content=\"https:\/\/www.thebestsocial.media\/nl\/handbagage-airfryer-inpakken-passagier-vliegtuig-vliegveld\/\" \/>\n<meta property=\"og:site_name\" content=\"The Best Social Media NL\" \/>\n<meta property=\"article:published_time\" content=\"2025-07-19T08:22:26+00:00\" \/>\n<meta property=\"og:image\" content=\"https:\/\/www.thebestsocial.media\/nl\/wp-content\/uploads\/sites\/2\/2025\/07\/header-3.png\" \/>\n\t<meta property=\"og:image:width\" content=\"1200\" \/>\n\t<meta property=\"og:image:height\" content=\"630\" \/>\n\t<meta property=\"og:image:type\" content=\"image\/png\" \/>\n<meta name=\"author\" content=\"yannick\" \/>\n<meta name=\"twitter:card\" content=\"summary_large_image\" \/>\n<meta name=\"twitter:title\" content=\"Passagier gespot met erg bijzondere handbagage: &#039;Ik neem alleen het hoognodige mee&#039;\" \/>\n<meta name=\"twitter:description\" content=\"Nederlanders willen genieten, maar geen cent te veel uitgeven op vakantie. Zonde eigenlijk dat zo&#039;n airfyer niet in je handbagage past...\" \/>\n<meta name=\"twitter:image\" content=\"https:\/\/www.thebestsocial.media\/nl\/wp-content\/uploads\/sites\/2\/2025\/07\/header-3.png\" \/>\n<meta name=\"twitter:label1\" content=\"Geschreven door\" \/>\n\t<meta name=\"twitter:data1\" content=\"yannick\" \/>\n\t<meta name=\"twitter:label2\" content=\"Geschatte leestijd\" \/>\n\t<meta name=\"twitter:data2\" content=\"3 minuten\" \/>\n<script type=\"application\/ld+json\" class=\"yoast-schema-graph\">{\"@context\":\"https:\\\/\\\/schema.org\",\"@graph\":[{\"@type\":\"Article\",\"@id\":\"https:\\\/\\\/www.thebestsocial.media\\\/nl\\\/handbagage-airfryer-inpakken-passagier-vliegtuig-vliegveld\\\/#article\",\"isPartOf\":{\"@id\":\"https:\\\/\\\/www.thebestsocial.media\\\/nl\\\/handbagage-airfryer-inpakken-passagier-vliegtuig-vliegveld\\\/\"},\"author\":{\"name\":\"yannick\",\"@id\":\"https:\\\/\\\/www.thebestsocial.media\\\/nl\\\/#\\\/schema\\\/person\\\/2b65a07de209cd1d416a21f959fdf166\"},\"headline\":\"Passagier gespot met erg bijzondere handbagage: &#8216;Ik neem alleen het hoognodige mee&#8217;\",\"datePublished\":\"2025-07-19T08:22:26+00:00\",\"mainEntityOfPage\":{\"@id\":\"https:\\\/\\\/www.thebestsocial.media\\\/nl\\\/handbagage-airfryer-inpakken-passagier-vliegtuig-vliegveld\\\/\"},\"wordCount\":293,\"commentCount\":0,\"image\":{\"@id\":\"https:\\\/\\\/www.thebestsocial.media\\\/nl\\\/handbagage-airfryer-inpakken-passagier-vliegtuig-vliegveld\\\/#primaryimage\"},\"thumbnailUrl\":\"https:\\\/\\\/www.thebestsocial.media\\\/nl\\\/wp-content\\\/uploads\\\/sites\\\/2\\\/2025\\\/07\\\/hand-2.png\",\"keywords\":[\"airfryer\",\"Handbagage\",\"vliegveld\"],\"articleSection\":[\"Blogs\",\"Nieuws\"],\"inLanguage\":\"nl-NL\",\"potentialAction\":[{\"@type\":\"CommentAction\",\"name\":\"Comment\",\"target\":[\"https:\\\/\\\/www.thebestsocial.media\\\/nl\\\/handbagage-airfryer-inpakken-passagier-vliegtuig-vliegveld\\\/#respond\"]}]},{\"@type\":\"WebPage\",\"@id\":\"https:\\\/\\\/www.thebestsocial.media\\\/nl\\\/handbagage-airfryer-inpakken-passagier-vliegtuig-vliegveld\\\/\",\"url\":\"https:\\\/\\\/www.thebestsocial.media\\\/nl\\\/handbagage-airfryer-inpakken-passagier-vliegtuig-vliegveld\\\/\",\"name\":\"Passagier gespot met handbagage: 'Alleen het hoognodige'\",\"isPartOf\":{\"@id\":\"https:\\\/\\\/www.thebestsocial.media\\\/nl\\\/#website\"},\"primaryImageOfPage\":{\"@id\":\"https:\\\/\\\/www.thebestsocial.media\\\/nl\\\/handbagage-airfryer-inpakken-passagier-vliegtuig-vliegveld\\\/#primaryimage\"},\"image\":{\"@id\":\"https:\\\/\\\/www.thebestsocial.media\\\/nl\\\/handbagage-airfryer-inpakken-passagier-vliegtuig-vliegveld\\\/#primaryimage\"},\"thumbnailUrl\":\"https:\\\/\\\/www.thebestsocial.media\\\/nl\\\/wp-content\\\/uploads\\\/sites\\\/2\\\/2025\\\/07\\\/hand-2.png\",\"datePublished\":\"2025-07-19T08:22:26+00:00\",\"author\":{\"@id\":\"https:\\\/\\\/www.thebestsocial.media\\\/nl\\\/#\\\/schema\\\/person\\\/2b65a07de209cd1d416a21f959fdf166\"},\"description\":\"Nederlanders willen genieten, maar geen cent te veel uitgeven op vakantie. Zonde eigenlijk dat zo'n airfyer niet in je handbagage past...\",\"breadcrumb\":{\"@id\":\"https:\\\/\\\/www.thebestsocial.media\\\/nl\\\/handbagage-airfryer-inpakken-passagier-vliegtuig-vliegveld\\\/#breadcrumb\"},\"inLanguage\":\"nl-NL\",\"potentialAction\":[{\"@type\":\"ReadAction\",\"target\":[\"https:\\\/\\\/www.thebestsocial.media\\\/nl\\\/handbagage-airfryer-inpakken-passagier-vliegtuig-vliegveld\\\/\"]}]},{\"@type\":\"ImageObject\",\"inLanguage\":\"nl-NL\",\"@id\":\"https:\\\/\\\/www.thebestsocial.media\\\/nl\\\/handbagage-airfryer-inpakken-passagier-vliegtuig-vliegveld\\\/#primaryimage\",\"url\":\"https:\\\/\\\/www.thebestsocial.media\\\/nl\\\/wp-content\\\/uploads\\\/sites\\\/2\\\/2025\\\/07\\\/hand-2.png\",\"contentUrl\":\"https:\\\/\\\/www.thebestsocial.media\\\/nl\\\/wp-content\\\/uploads\\\/sites\\\/2\\\/2025\\\/07\\\/hand-2.png\",\"width\":1200,\"height\":630,\"caption\":\"handbagage\"},{\"@type\":\"BreadcrumbList\",\"@id\":\"https:\\\/\\\/www.thebestsocial.media\\\/nl\\\/handbagage-airfryer-inpakken-passagier-vliegtuig-vliegveld\\\/#breadcrumb\",\"itemListElement\":[{\"@type\":\"ListItem\",\"position\":1,\"name\":\"Home\",\"item\":\"https:\\\/\\\/www.thebestsocial.media\\\/nl\\\/\"},{\"@type\":\"ListItem\",\"position\":2,\"name\":\"Passagier gespot met erg bijzondere handbagage: &#8216;Ik neem alleen het hoognodige mee&#8217;\"}]},{\"@type\":\"WebSite\",\"@id\":\"https:\\\/\\\/www.thebestsocial.media\\\/nl\\\/#website\",\"url\":\"https:\\\/\\\/www.thebestsocial.media\\\/nl\\\/\",\"name\":\"The Best Social Media NL\",\"description\":\"Zoeklicht in de Digital Chaos\",\"potentialAction\":[{\"@type\":\"SearchAction\",\"target\":{\"@type\":\"EntryPoint\",\"urlTemplate\":\"https:\\\/\\\/www.thebestsocial.media\\\/nl\\\/?s={search_term_string}\"},\"query-input\":{\"@type\":\"PropertyValueSpecification\",\"valueRequired\":true,\"valueName\":\"search_term_string\"}}],\"inLanguage\":\"nl-NL\"},{\"@type\":\"Person\",\"@id\":\"https:\\\/\\\/www.thebestsocial.media\\\/nl\\\/#\\\/schema\\\/person\\\/2b65a07de209cd1d416a21f959fdf166\",\"name\":\"yannick\",\"image\":{\"@type\":\"ImageObject\",\"inLanguage\":\"nl-NL\",\"@id\":\"https:\\\/\\\/secure.gravatar.com\\\/avatar\\\/8909b7412361c45e4fc0664b3e04faa1ad03832e065a1098c95a21a0527771d4?s=96&d=mm&r=g\",\"url\":\"https:\\\/\\\/secure.gravatar.com\\\/avatar\\\/8909b7412361c45e4fc0664b3e04faa1ad03832e065a1098c95a21a0527771d4?s=96&d=mm&r=g\",\"contentUrl\":\"https:\\\/\\\/secure.gravatar.com\\\/avatar\\\/8909b7412361c45e4fc0664b3e04faa1ad03832e065a1098c95a21a0527771d4?s=96&d=mm&r=g\",\"caption\":\"yannick\"},\"description\":\"Geboren en getogen Bredanaar. Droomde altijd van een carri\u00e8re als profvoetballer, maar is gestrand in de Kelderklasse. Nu geeft ze hier onnodig 'commentaar' op sport, collega's (\u00e9\u00e9n in het bijzonder) en mensen die iconische memes niet kennen.\",\"sameAs\":[\"https:\\\/\\\/www.instagram.com\\\/yannicksnoek\\\/\",\"https:\\\/\\\/www.linkedin.com\\\/in\\\/yannick-s-743aa110b\\\/\"],\"url\":\"https:\\\/\\\/www.thebestsocial.media\\\/nl\\\/author\\\/yannick\\\/\"}]}<\/script>\n<!-- \/ Yoast SEO plugin. -->","yoast_head_json":{"title":"Passagier gespot met handbagage: 'Alleen het hoognodige'","description":"Nederlanders willen genieten, maar geen cent te veel uitgeven op vakantie. Zonde eigenlijk dat zo'n airfyer niet in je handbagage past...","robots":{"index":"index","follow":"follow","max-snippet":"max-snippet:-1","max-image-preview":"max-image-preview:large","max-video-preview":"max-video-preview:-1"},"canonical":"https:\/\/www.thebestsocial.media\/nl\/handbagage-airfryer-inpakken-passagier-vliegtuig-vliegveld\/","og_locale":"nl_NL","og_type":"article","og_title":"Passagier gespot met erg bijzondere handbagage: 'Ik neem alleen het hoognodige mee'","og_description":"Nederlanders willen genieten, maar geen cent te veel uitgeven op vakantie. Zonde eigenlijk dat zo'n airfyer niet in je handbagage past...","og_url":"https:\/\/www.thebestsocial.media\/nl\/handbagage-airfryer-inpakken-passagier-vliegtuig-vliegveld\/","og_site_name":"The Best Social Media NL","article_published_time":"2025-07-19T08:22:26+00:00","og_image":[{"width":1200,"height":630,"url":"https:\/\/www.thebestsocial.media\/nl\/wp-content\/uploads\/sites\/2\/2025\/07\/header-3.png","type":"image\/png"}],"author":"yannick","twitter_card":"summary_large_image","twitter_title":"Passagier gespot met erg bijzondere handbagage: 'Ik neem alleen het hoognodige mee'","twitter_description":"Nederlanders willen genieten, maar geen cent te veel uitgeven op vakantie. Zonde eigenlijk dat zo'n airfyer niet in je handbagage past...","twitter_image":"https:\/\/www.thebestsocial.media\/nl\/wp-content\/uploads\/sites\/2\/2025\/07\/header-3.png","twitter_misc":{"Geschreven door":"yannick","Geschatte leestijd":"3 minuten"},"schema":{"@context":"https:\/\/schema.org","@graph":[{"@type":"Article","@id":"https:\/\/www.thebestsocial.media\/nl\/handbagage-airfryer-inpakken-passagier-vliegtuig-vliegveld\/#article","isPartOf":{"@id":"https:\/\/www.thebestsocial.media\/nl\/handbagage-airfryer-inpakken-passagier-vliegtuig-vliegveld\/"},"author":{"name":"yannick","@id":"https:\/\/www.thebestsocial.media\/nl\/#\/schema\/person\/2b65a07de209cd1d416a21f959fdf166"},"headline":"Passagier gespot met erg bijzondere handbagage: &#8216;Ik neem alleen het hoognodige mee&#8217;","datePublished":"2025-07-19T08:22:26+00:00","mainEntityOfPage":{"@id":"https:\/\/www.thebestsocial.media\/nl\/handbagage-airfryer-inpakken-passagier-vliegtuig-vliegveld\/"},"wordCount":293,"commentCount":0,"image":{"@id":"https:\/\/www.thebestsocial.media\/nl\/handbagage-airfryer-inpakken-passagier-vliegtuig-vliegveld\/#primaryimage"},"thumbnailUrl":"https:\/\/www.thebestsocial.media\/nl\/wp-content\/uploads\/sites\/2\/2025\/07\/hand-2.png","keywords":["airfryer","Handbagage","vliegveld"],"articleSection":["Blogs","Nieuws"],"inLanguage":"nl-NL","potentialAction":[{"@type":"CommentAction","name":"Comment","target":["https:\/\/www.thebestsocial.media\/nl\/handbagage-airfryer-inpakken-passagier-vliegtuig-vliegveld\/#respond"]}]},{"@type":"WebPage","@id":"https:\/\/www.thebestsocial.media\/nl\/handbagage-airfryer-inpakken-passagier-vliegtuig-vliegveld\/","url":"https:\/\/www.thebestsocial.media\/nl\/handbagage-airfryer-inpakken-passagier-vliegtuig-vliegveld\/","name":"Passagier gespot met handbagage: 'Alleen het hoognodige'","isPartOf":{"@id":"https:\/\/www.thebestsocial.media\/nl\/#website"},"primaryImageOfPage":{"@id":"https:\/\/www.thebestsocial.media\/nl\/handbagage-airfryer-inpakken-passagier-vliegtuig-vliegveld\/#primaryimage"},"image":{"@id":"https:\/\/www.thebestsocial.media\/nl\/handbagage-airfryer-inpakken-passagier-vliegtuig-vliegveld\/#primaryimage"},"thumbnailUrl":"https:\/\/www.thebestsocial.media\/nl\/wp-content\/uploads\/sites\/2\/2025\/07\/hand-2.png","datePublished":"2025-07-19T08:22:26+00:00","author":{"@id":"https:\/\/www.thebestsocial.media\/nl\/#\/schema\/person\/2b65a07de209cd1d416a21f959fdf166"},"description":"Nederlanders willen genieten, maar geen cent te veel uitgeven op vakantie. Zonde eigenlijk dat zo'n airfyer niet in je handbagage past...","breadcrumb":{"@id":"https:\/\/www.thebestsocial.media\/nl\/handbagage-airfryer-inpakken-passagier-vliegtuig-vliegveld\/#breadcrumb"},"inLanguage":"nl-NL","potentialAction":[{"@type":"ReadAction","target":["https:\/\/www.thebestsocial.media\/nl\/handbagage-airfryer-inpakken-passagier-vliegtuig-vliegveld\/"]}]},{"@type":"ImageObject","inLanguage":"nl-NL","@id":"https:\/\/www.thebestsocial.media\/nl\/handbagage-airfryer-inpakken-passagier-vliegtuig-vliegveld\/#primaryimage","url":"https:\/\/www.thebestsocial.media\/nl\/wp-content\/uploads\/sites\/2\/2025\/07\/hand-2.png","contentUrl":"https:\/\/www.thebestsocial.media\/nl\/wp-content\/uploads\/sites\/2\/2025\/07\/hand-2.png","width":1200,"height":630,"caption":"handbagage"},{"@type":"BreadcrumbList","@id":"https:\/\/www.thebestsocial.media\/nl\/handbagage-airfryer-inpakken-passagier-vliegtuig-vliegveld\/#breadcrumb","itemListElement":[{"@type":"ListItem","position":1,"name":"Home","item":"https:\/\/www.thebestsocial.media\/nl\/"},{"@type":"ListItem","position":2,"name":"Passagier gespot met erg bijzondere handbagage: &#8216;Ik neem alleen het hoognodige mee&#8217;"}]},{"@type":"WebSite","@id":"https:\/\/www.thebestsocial.media\/nl\/#website","url":"https:\/\/www.thebestsocial.media\/nl\/","name":"The Best Social Media NL","description":"Zoeklicht in de Digital Chaos","potentialAction":[{"@type":"SearchAction","target":{"@type":"EntryPoint","urlTemplate":"https:\/\/www.thebestsocial.media\/nl\/?s={search_term_string}"},"query-input":{"@type":"PropertyValueSpecification","valueRequired":true,"valueName":"search_term_string"}}],"inLanguage":"nl-NL"},{"@type":"Person","@id":"https:\/\/www.thebestsocial.media\/nl\/#\/schema\/person\/2b65a07de209cd1d416a21f959fdf166","name":"yannick","image":{"@type":"ImageObject","inLanguage":"nl-NL","@id":"https:\/\/secure.gravatar.com\/avatar\/8909b7412361c45e4fc0664b3e04faa1ad03832e065a1098c95a21a0527771d4?s=96&d=mm&r=g","url":"https:\/\/secure.gravatar.com\/avatar\/8909b7412361c45e4fc0664b3e04faa1ad03832e065a1098c95a21a0527771d4?s=96&d=mm&r=g","contentUrl":"https:\/\/secure.gravatar.com\/avatar\/8909b7412361c45e4fc0664b3e04faa1ad03832e065a1098c95a21a0527771d4?s=96&d=mm&r=g","caption":"yannick"},"description":"Geboren en getogen Bredanaar. Droomde altijd van een carri\u00e8re als profvoetballer, maar is gestrand in de Kelderklasse. Nu geeft ze hier onnodig 'commentaar' op sport, collega's (\u00e9\u00e9n in het bijzonder) en mensen die iconische memes niet kennen.","sameAs":["https:\/\/www.instagram.com\/yannicksnoek\/","https:\/\/www.linkedin.com\/in\/yannick-s-743aa110b\/"],"url":"https:\/\/www.thebestsocial.media\/nl\/author\/yannick\/"}]}},"amp_enabled":true,"_links":{"self":[{"href":"https:\/\/www.thebestsocial.media\/nl\/wp-json\/wp\/v2\/posts\/375661","targetHints":{"allow":["GET"]}}],"collection":[{"href":"https:\/\/www.thebestsocial.media\/nl\/wp-json\/wp\/v2\/posts"}],"about":[{"href":"https:\/\/www.thebestsocial.media\/nl\/wp-json\/wp\/v2\/types\/post"}],"author":[{"embeddable":true,"href":"https:\/\/www.thebestsocial.media\/nl\/wp-json\/wp\/v2\/users\/96"}],"replies":[{"embeddable":true,"href":"https:\/\/www.thebestsocial.media\/nl\/wp-json\/wp\/v2\/comments?post=375661"}],"version-history":[{"count":9,"href":"https:\/\/www.thebestsocial.media\/nl\/wp-json\/wp\/v2\/posts\/375661\/revisions"}],"predecessor-version":[{"id":376528,"href":"https:\/\/www.thebestsocial.media\/nl\/wp-json\/wp\/v2\/posts\/375661\/revisions\/376528"}],"wp:featuredmedia":[{"embeddable":true,"href":"https:\/\/www.thebestsocial.media\/nl\/wp-json\/wp\/v2\/media\/375960"}],"wp:attachment":[{"href":"https:\/\/www.thebestsocial.media\/nl\/wp-json\/wp\/v2\/media?parent=375661"}],"wp:term":[{"taxonomy":"category","embeddable":true,"href":"https:\/\/www.thebestsocial.media\/nl\/wp-json\/wp\/v2\/categories?post=375661"},{"taxonomy":"post_tag","embeddable":true,"href":"https:\/\/www.thebestsocial.media\/nl\/wp-json\/wp\/v2\/tags?post=375661"}],"curies":[{"name":"wp","href":"https:\/\/api.w.org\/{rel}","templated":true}]}}