{"id":375270,"date":"2025-07-12T09:32:53","date_gmt":"2025-07-12T08:32:53","guid":{"rendered":"https:\/\/www.thebestsocial.media\/nl\/?p=375270"},"modified":"2025-07-12T09:32:53","modified_gmt":"2025-07-12T08:32:53","slug":"expat-parkeert-fiets-op-straat-en-schrikt-zich-volgende-dag-rot","status":"publish","type":"post","link":"https:\/\/www.thebestsocial.media\/nl\/expat-parkeert-fiets-op-straat-en-schrikt-zich-volgende-dag-rot\/","title":{"rendered":"Expat parkeert fiets nietsvermoedend op straat en schrikt zich volgende dag rot"},"content":{"rendered":"<p>Staat je <a href=\"https:\/\/www.thebestsocial.media\/nl\/feestganger-remmen-fietsen-veilig\/\">fiets<\/a> geparkeerd in een rustige straat, heb je &#8216;m op slot gezet, en heb je de sleutel er ook daadwerkelijk uitgehaald? Het zijn allemaal vragen die je jezelf stelt terwijl je je stalen ros moederziel alleen achterlaat. Want ja, zonder fiets kun je letterlijk geen kant op. Deze <a href=\"https:\/\/www.reddit.com\/r\/Netherlands\/comments\/1lqq3g2\/i_moved_here_to_get_a_safer_life_now_please\/\" target=\"_blank\" rel=\"noopener\">expat<\/a> denkt er precies zo over en doorloopt keurig alle stappen. Diegene zet de fiets netjes op slot, maar bij terugkomst is er weinig van over. Daarom plaatst-ie het op Reddit<\/p>\n<p><strong>Lees ook:<\/strong><a href=\"https:\/\/www.thebestsocial.media\/nl\/opmerkingen-nederland-madurodam-beautiful\/\"> Deze opmerkingen omschrijven Nederland perfect and we think that&#8217;s beautiful <\/a><\/p>\n<p>&nbsp;<\/p>\n<h3>1. Da&#8217;s pech, banden, stuur, fietsbel, voorlamp en moker veel boutjes weg.<\/h3>\n<p><img loading=\"lazy\" decoding=\"async\" class=\"alignnone size-full wp-image-375271\" src=\"https:\/\/www.thebestsocial.media\/nl\/wp-content\/uploads\/sites\/2\/2025\/07\/Screenshot-2025-07-10-at-17.18.47.png\" alt=\"\" width=\"956\" height=\"1392\" srcset=\"https:\/\/www.thebestsocial.media\/nl\/wp-content\/uploads\/sites\/2\/2025\/07\/Screenshot-2025-07-10-at-17.18.47.png 956w, https:\/\/www.thebestsocial.media\/nl\/wp-content\/uploads\/sites\/2\/2025\/07\/Screenshot-2025-07-10-at-17.18.47-206x300.png 206w, https:\/\/www.thebestsocial.media\/nl\/wp-content\/uploads\/sites\/2\/2025\/07\/Screenshot-2025-07-10-at-17.18.47-703x1024.png 703w, https:\/\/www.thebestsocial.media\/nl\/wp-content\/uploads\/sites\/2\/2025\/07\/Screenshot-2025-07-10-at-17.18.47-768x1118.png 768w\" sizes=\"auto, (max-width: 956px) 100vw, 956px\" \/><\/p>\n<p>&nbsp;<\/p>\n<h3>2. Even tot tien tellen, alsjeblieft.<\/h3>\n<p><img loading=\"lazy\" decoding=\"async\" class=\"alignnone size-full wp-image-375456\" src=\"https:\/\/www.thebestsocial.media\/nl\/wp-content\/uploads\/sites\/2\/2025\/07\/Screenshot-2025-07-10-at-17.26.23.png\" alt=\"\" width=\"652\" height=\"736\" srcset=\"https:\/\/www.thebestsocial.media\/nl\/wp-content\/uploads\/sites\/2\/2025\/07\/Screenshot-2025-07-10-at-17.26.23.png 652w, https:\/\/www.thebestsocial.media\/nl\/wp-content\/uploads\/sites\/2\/2025\/07\/Screenshot-2025-07-10-at-17.26.23-266x300.png 266w\" sizes=\"auto, (max-width: 652px) 100vw, 652px\" \/><\/p>\n<p>&nbsp;<\/p>\n<h3>3. Dat-ie in vrede mag rusten.<\/h3>\n<p><img loading=\"lazy\" decoding=\"async\" class=\"alignnone size-full wp-image-375469\" src=\"https:\/\/www.thebestsocial.media\/nl\/wp-content\/uploads\/sites\/2\/2025\/07\/Screenshot-2025-07-11-at-17.51.26.png\" alt=\"\" width=\"718\" height=\"224\" srcset=\"https:\/\/www.thebestsocial.media\/nl\/wp-content\/uploads\/sites\/2\/2025\/07\/Screenshot-2025-07-11-at-17.51.26.png 718w, https:\/\/www.thebestsocial.media\/nl\/wp-content\/uploads\/sites\/2\/2025\/07\/Screenshot-2025-07-11-at-17.51.26-300x94.png 300w\" sizes=\"auto, (max-width: 718px) 100vw, 718px\" \/><\/p>\n<p>&nbsp;<\/p>\n<h3>4. Grote kans dat die onderdelen inmiddels al onderweg naar Verweggistan zijn.<\/h3>\n<p><img loading=\"lazy\" decoding=\"async\" class=\"alignnone size-full wp-image-375457\" src=\"https:\/\/www.thebestsocial.media\/nl\/wp-content\/uploads\/sites\/2\/2025\/07\/Screenshot-2025-07-10-at-17.26.42.png\" alt=\"\" width=\"906\" height=\"376\" srcset=\"https:\/\/www.thebestsocial.media\/nl\/wp-content\/uploads\/sites\/2\/2025\/07\/Screenshot-2025-07-10-at-17.26.42.png 906w, https:\/\/www.thebestsocial.media\/nl\/wp-content\/uploads\/sites\/2\/2025\/07\/Screenshot-2025-07-10-at-17.26.42-300x125.png 300w, https:\/\/www.thebestsocial.media\/nl\/wp-content\/uploads\/sites\/2\/2025\/07\/Screenshot-2025-07-10-at-17.26.42-768x319.png 768w\" sizes=\"auto, (max-width: 906px) 100vw, 906px\" \/><\/p>\n<p>&nbsp;<\/p>\n<h3>5. Vergeet de &#8216;Circle of Life&#8217;, dit is de cirlce of bike.<\/h3>\n<p><img loading=\"lazy\" decoding=\"async\" class=\"alignnone size-full wp-image-375458\" src=\"https:\/\/www.thebestsocial.media\/nl\/wp-content\/uploads\/sites\/2\/2025\/07\/Screenshot-2025-07-10-at-17.26.48.png\" alt=\"\" width=\"806\" height=\"216\" srcset=\"https:\/\/www.thebestsocial.media\/nl\/wp-content\/uploads\/sites\/2\/2025\/07\/Screenshot-2025-07-10-at-17.26.48.png 806w, https:\/\/www.thebestsocial.media\/nl\/wp-content\/uploads\/sites\/2\/2025\/07\/Screenshot-2025-07-10-at-17.26.48-300x80.png 300w, https:\/\/www.thebestsocial.media\/nl\/wp-content\/uploads\/sites\/2\/2025\/07\/Screenshot-2025-07-10-at-17.26.48-768x206.png 768w\" sizes=\"auto, (max-width: 806px) 100vw, 806px\" \/><\/p>\n<p>&nbsp;<\/p>\n<h3>6. In een land met miljoenen fietsen op straat noemen we dat onbegonnen werk.<\/h3>\n<p><img loading=\"lazy\" decoding=\"async\" class=\"alignnone size-full wp-image-375460\" src=\"https:\/\/www.thebestsocial.media\/nl\/wp-content\/uploads\/sites\/2\/2025\/07\/Screenshot-2025-07-10-at-17.27.14.png\" alt=\"\" width=\"876\" height=\"268\" srcset=\"https:\/\/www.thebestsocial.media\/nl\/wp-content\/uploads\/sites\/2\/2025\/07\/Screenshot-2025-07-10-at-17.27.14.png 876w, https:\/\/www.thebestsocial.media\/nl\/wp-content\/uploads\/sites\/2\/2025\/07\/Screenshot-2025-07-10-at-17.27.14-300x92.png 300w, https:\/\/www.thebestsocial.media\/nl\/wp-content\/uploads\/sites\/2\/2025\/07\/Screenshot-2025-07-10-at-17.27.14-768x235.png 768w\" sizes=\"auto, (max-width: 876px) 100vw, 876px\" \/><\/p>\n<p>&nbsp;<\/p>\n<h3>7. Dit is het beste advies dat iemand je op dit moment kan geven. Oh, en dat je binnen no time een &#8216;nieuw&#8217; model voor een klein prijsje op straat kunt kopen.<\/h3>\n<p><img loading=\"lazy\" decoding=\"async\" class=\"alignnone size-full wp-image-375459\" src=\"https:\/\/www.thebestsocial.media\/nl\/wp-content\/uploads\/sites\/2\/2025\/07\/Screenshot-2025-07-10-at-17.26.56.png\" alt=\"\" width=\"842\" height=\"264\" srcset=\"https:\/\/www.thebestsocial.media\/nl\/wp-content\/uploads\/sites\/2\/2025\/07\/Screenshot-2025-07-10-at-17.26.56.png 842w, https:\/\/www.thebestsocial.media\/nl\/wp-content\/uploads\/sites\/2\/2025\/07\/Screenshot-2025-07-10-at-17.26.56-300x94.png 300w, https:\/\/www.thebestsocial.media\/nl\/wp-content\/uploads\/sites\/2\/2025\/07\/Screenshot-2025-07-10-at-17.26.56-768x241.png 768w\" sizes=\"auto, (max-width: 842px) 100vw, 842px\" \/><\/p>\n<p>&nbsp;<\/p>\n<p><strong>Kun jij ijzersterke social strategie\u00ebn schrijven en bedenk en cre\u00eber je originele content? En ben je altijd op de hoogte van de nieuwste features en laatste trends op social media. Dat komt goed uit, want wij zijn bij SuperRebel Agency op zoek naar een Medior Social Media Creative. Check <a href=\"https:\/\/www.thebestsocialjobs.com\/vacature\/medior-social-media-creative\/\" target=\"_blank\" rel=\"noopener\">de vacature<\/a> op The Best Social Jobs!<\/strong><\/p>\n<blockquote class=\"instagram-media\" style=\"background: #FFF; border: 0; border-radius: 3px; box-shadow: 0 0 1px 0 rgba(0,0,0,0.5),0 1px 10px 0 rgba(0,0,0,0.15); margin: 1px; max-width: 540px; min-width: 326px; padding: 0; width: calc(100% - 2px);\" data-instgrm-permalink=\"https:\/\/www.instagram.com\/p\/DDhCg3AoQRD\/?utm_source=ig_embed&amp;utm_campaign=loading\" data-instgrm-version=\"14\">\n<div style=\"padding: 16px;\">\n<p>&nbsp;<\/p>\n<div style=\"display: flex; flex-direction: row; align-items: center;\">\n<div style=\"background-color: #f4f4f4; border-radius: 50%; flex-grow: 0; height: 40px; margin-right: 14px; width: 40px;\"><\/div>\n<div style=\"display: flex; flex-direction: column; flex-grow: 1; justify-content: center;\">\n<div style=\"background-color: #f4f4f4; border-radius: 4px; flex-grow: 0; height: 14px; margin-bottom: 6px; width: 100px;\"><\/div>\n<div style=\"background-color: #f4f4f4; border-radius: 4px; flex-grow: 0; height: 14px; width: 60px;\"><\/div>\n<\/div>\n<\/div>\n<div style=\"padding: 19% 0;\"><\/div>\n<div style=\"display: block; height: 50px; margin: 0 auto 12px; width: 50px;\"><\/div>\n<div style=\"padding-top: 8px;\">\n<div style=\"color: #3897f0; font-family: Arial,sans-serif; font-size: 14px; font-style: normal; font-weight: 550; line-height: 18px;\">Dit bericht op Instagram bekijken<\/div>\n<\/div>\n<div style=\"padding: 12.5% 0;\"><\/div>\n<div style=\"display: flex; flex-direction: row; margin-bottom: 14px; align-items: center;\">\n<div>\n<div style=\"background-color: #f4f4f4; border-radius: 50%; height: 12.5px; width: 12.5px; transform: translateX(0px) translateY(7px);\"><\/div>\n<div style=\"background-color: #f4f4f4; height: 12.5px; transform: rotate(-45deg) translateX(3px) translateY(1px); width: 12.5px; flex-grow: 0; margin-right: 14px; margin-left: 2px;\"><\/div>\n<div style=\"background-color: #f4f4f4; border-radius: 50%; height: 12.5px; width: 12.5px; transform: translateX(9px) translateY(-18px);\"><\/div>\n<\/div>\n<div style=\"margin-left: 8px;\">\n<div style=\"background-color: #f4f4f4; border-radius: 50%; flex-grow: 0; height: 20px; width: 20px;\"><\/div>\n<div style=\"width: 0; height: 0; border-top: 2px solid transparent; border-left: 6px solid #f4f4f4; border-bottom: 2px solid transparent; transform: translateX(16px) translateY(-4px) rotate(30deg);\"><\/div>\n<\/div>\n<div style=\"margin-left: auto;\">\n<div style=\"width: 0px; border-top: 8px solid #F4F4F4; border-right: 8px solid transparent; transform: translateY(16px);\"><\/div>\n<div style=\"background-color: #f4f4f4; flex-grow: 0; height: 12px; width: 16px; transform: translateY(-4px);\"><\/div>\n<div style=\"width: 0; height: 0; border-top: 8px solid #F4F4F4; border-left: 8px solid transparent; transform: translateY(-4px) translateX(8px);\"><\/div>\n<\/div>\n<\/div>\n<div style=\"display: flex; flex-direction: column; flex-grow: 1; justify-content: center; margin-bottom: 24px;\">\n<div style=\"background-color: #f4f4f4; border-radius: 4px; flex-grow: 0; height: 14px; margin-bottom: 6px; width: 224px;\"><\/div>\n<div style=\"background-color: #f4f4f4; border-radius: 4px; flex-grow: 0; height: 14px; width: 144px;\"><\/div>\n<\/div>\n<p>&nbsp;<\/p>\n<p style=\"color: #c9c8cd; font-family: Arial,sans-serif; font-size: 14px; line-height: 17px; margin-bottom: 0; margin-top: 8px; overflow: hidden; padding: 8px 0 7px; text-align: center; text-overflow: ellipsis; white-space: nowrap;\"><a style=\"color: #c9c8cd; font-family: Arial,sans-serif; font-size: 14px; font-style: normal; font-weight: normal; line-height: 17px; text-decoration: none;\" href=\"https:\/\/www.instagram.com\/p\/DDhCg3AoQRD\/?utm_source=ig_embed&amp;utm_campaign=loading\" target=\"_blank\" rel=\"noopener\">Een bericht gedeeld door The Best Social (@thebestsocial)<\/a><\/p>\n<\/div>\n<\/blockquote>\n\n<script async defer src=\"\/instagram-embed.js\"><\/script>","protected":false},"excerpt":{"rendered":"<p>Staat je fiets geparkeerd in een rustige straat, heb je &#8216;m op slot gezet, en heb je de sleutel er ook daadwerkelijk uitgehaald? Het zijn&#8230;<\/p>\n","protected":false},"author":96,"featured_media":375472,"comment_status":"open","ping_status":"open","sticky":false,"template":"","format":"standard","meta":{"_acf_changed":false,"footnotes":""},"categories":[16,17],"tags":[1749,7213,10548],"class_list":["post-375270","post","type-post","status-publish","format-standard","has-post-thumbnail","hentry","category-blogs","category-nieuws","tag-fiets","tag-gestolen","tag-onderdelen"],"acf":[],"yoast_head":"<!-- This site is optimized with the Yoast SEO plugin v27.5 - https:\/\/yoast.com\/product\/yoast-seo-wordpress\/ -->\n<title>Expat parkeert fiets op straat maar schrikt zich volgende dag rot<\/title>\n<meta name=\"description\" content=\"Deze expat zet netjes z&#039;n fiets op straat op slot, maar bij terugkomst is er maar weinig van over. En dat zorgt voor flink wat woede.\u00a0\" \/>\n<meta name=\"robots\" content=\"index, follow, max-snippet:-1, max-image-preview:large, max-video-preview:-1\" \/>\n<link rel=\"canonical\" href=\"https:\/\/www.thebestsocial.media\/nl\/expat-parkeert-fiets-op-straat-en-schrikt-zich-volgende-dag-rot\/\" \/>\n<meta property=\"og:locale\" content=\"nl_NL\" \/>\n<meta property=\"og:type\" content=\"article\" \/>\n<meta property=\"og:title\" content=\"Expat parkeert fiets nietsvermoedend op straat en schrikt zich volgende dag rot\" \/>\n<meta property=\"og:description\" content=\"Deze expat zet netjes z&#039;n fiets op straat op slot, maar bij terugkomst is er maar weinig van over. En dat zorgt voor flink wat woede.\u00a0\" \/>\n<meta property=\"og:url\" content=\"https:\/\/www.thebestsocial.media\/nl\/expat-parkeert-fiets-op-straat-en-schrikt-zich-volgende-dag-rot\/\" \/>\n<meta property=\"og:site_name\" content=\"The Best Social Media NL\" \/>\n<meta property=\"article:published_time\" content=\"2025-07-12T08:32:53+00:00\" \/>\n<meta property=\"og:image\" content=\"https:\/\/www.thebestsocial.media\/nl\/wp-content\/uploads\/sites\/2\/2025\/07\/fiets-1.png\" \/>\n\t<meta property=\"og:image:width\" content=\"1200\" \/>\n\t<meta property=\"og:image:height\" content=\"630\" \/>\n\t<meta property=\"og:image:type\" content=\"image\/png\" \/>\n<meta name=\"author\" content=\"yannick\" \/>\n<meta name=\"twitter:card\" content=\"summary_large_image\" \/>\n<meta name=\"twitter:title\" content=\"Expat parkeert fiets nietsvermoedend op straat en schrikt zich volgende dag rot\" \/>\n<meta name=\"twitter:description\" content=\"Deze expat zet netjes z&#039;n fiets op straat op slot, maar bij terugkomst is er maar weinig van over. En dat zorgt voor flink wat woede.\u00a0\" \/>\n<meta name=\"twitter:image\" content=\"https:\/\/www.thebestsocial.media\/nl\/wp-content\/uploads\/sites\/2\/2025\/07\/fiets-1.png\" \/>\n<meta name=\"twitter:label1\" content=\"Geschreven door\" \/>\n\t<meta name=\"twitter:data1\" content=\"yannick\" \/>\n\t<meta name=\"twitter:label2\" content=\"Geschatte leestijd\" \/>\n\t<meta name=\"twitter:data2\" content=\"3 minuten\" \/>\n<script type=\"application\/ld+json\" class=\"yoast-schema-graph\">{\"@context\":\"https:\\\/\\\/schema.org\",\"@graph\":[{\"@type\":\"Article\",\"@id\":\"https:\\\/\\\/www.thebestsocial.media\\\/nl\\\/expat-parkeert-fiets-op-straat-en-schrikt-zich-volgende-dag-rot\\\/#article\",\"isPartOf\":{\"@id\":\"https:\\\/\\\/www.thebestsocial.media\\\/nl\\\/expat-parkeert-fiets-op-straat-en-schrikt-zich-volgende-dag-rot\\\/\"},\"author\":{\"name\":\"yannick\",\"@id\":\"https:\\\/\\\/www.thebestsocial.media\\\/nl\\\/#\\\/schema\\\/person\\\/2b65a07de209cd1d416a21f959fdf166\"},\"headline\":\"Expat parkeert fiets nietsvermoedend op straat en schrikt zich volgende dag rot\",\"datePublished\":\"2025-07-12T08:32:53+00:00\",\"mainEntityOfPage\":{\"@id\":\"https:\\\/\\\/www.thebestsocial.media\\\/nl\\\/expat-parkeert-fiets-op-straat-en-schrikt-zich-volgende-dag-rot\\\/\"},\"wordCount\":273,\"commentCount\":0,\"image\":{\"@id\":\"https:\\\/\\\/www.thebestsocial.media\\\/nl\\\/expat-parkeert-fiets-op-straat-en-schrikt-zich-volgende-dag-rot\\\/#primaryimage\"},\"thumbnailUrl\":\"https:\\\/\\\/www.thebestsocial.media\\\/nl\\\/wp-content\\\/uploads\\\/sites\\\/2\\\/2025\\\/07\\\/fiets-2.png\",\"keywords\":[\"fiets\",\"Gestolen\",\"onderdelen\"],\"articleSection\":[\"Blogs\",\"Nieuws\"],\"inLanguage\":\"nl-NL\",\"potentialAction\":[{\"@type\":\"CommentAction\",\"name\":\"Comment\",\"target\":[\"https:\\\/\\\/www.thebestsocial.media\\\/nl\\\/expat-parkeert-fiets-op-straat-en-schrikt-zich-volgende-dag-rot\\\/#respond\"]}]},{\"@type\":\"WebPage\",\"@id\":\"https:\\\/\\\/www.thebestsocial.media\\\/nl\\\/expat-parkeert-fiets-op-straat-en-schrikt-zich-volgende-dag-rot\\\/\",\"url\":\"https:\\\/\\\/www.thebestsocial.media\\\/nl\\\/expat-parkeert-fiets-op-straat-en-schrikt-zich-volgende-dag-rot\\\/\",\"name\":\"Expat parkeert fiets op straat maar schrikt zich volgende dag rot\",\"isPartOf\":{\"@id\":\"https:\\\/\\\/www.thebestsocial.media\\\/nl\\\/#website\"},\"primaryImageOfPage\":{\"@id\":\"https:\\\/\\\/www.thebestsocial.media\\\/nl\\\/expat-parkeert-fiets-op-straat-en-schrikt-zich-volgende-dag-rot\\\/#primaryimage\"},\"image\":{\"@id\":\"https:\\\/\\\/www.thebestsocial.media\\\/nl\\\/expat-parkeert-fiets-op-straat-en-schrikt-zich-volgende-dag-rot\\\/#primaryimage\"},\"thumbnailUrl\":\"https:\\\/\\\/www.thebestsocial.media\\\/nl\\\/wp-content\\\/uploads\\\/sites\\\/2\\\/2025\\\/07\\\/fiets-2.png\",\"datePublished\":\"2025-07-12T08:32:53+00:00\",\"author\":{\"@id\":\"https:\\\/\\\/www.thebestsocial.media\\\/nl\\\/#\\\/schema\\\/person\\\/2b65a07de209cd1d416a21f959fdf166\"},\"description\":\"Deze expat zet netjes z'n fiets op straat op slot, maar bij terugkomst is er maar weinig van over. En dat zorgt voor flink wat woede.\u00a0\",\"breadcrumb\":{\"@id\":\"https:\\\/\\\/www.thebestsocial.media\\\/nl\\\/expat-parkeert-fiets-op-straat-en-schrikt-zich-volgende-dag-rot\\\/#breadcrumb\"},\"inLanguage\":\"nl-NL\",\"potentialAction\":[{\"@type\":\"ReadAction\",\"target\":[\"https:\\\/\\\/www.thebestsocial.media\\\/nl\\\/expat-parkeert-fiets-op-straat-en-schrikt-zich-volgende-dag-rot\\\/\"]}]},{\"@type\":\"ImageObject\",\"inLanguage\":\"nl-NL\",\"@id\":\"https:\\\/\\\/www.thebestsocial.media\\\/nl\\\/expat-parkeert-fiets-op-straat-en-schrikt-zich-volgende-dag-rot\\\/#primaryimage\",\"url\":\"https:\\\/\\\/www.thebestsocial.media\\\/nl\\\/wp-content\\\/uploads\\\/sites\\\/2\\\/2025\\\/07\\\/fiets-2.png\",\"contentUrl\":\"https:\\\/\\\/www.thebestsocial.media\\\/nl\\\/wp-content\\\/uploads\\\/sites\\\/2\\\/2025\\\/07\\\/fiets-2.png\",\"width\":1200,\"height\":630,\"caption\":\"straat\"},{\"@type\":\"BreadcrumbList\",\"@id\":\"https:\\\/\\\/www.thebestsocial.media\\\/nl\\\/expat-parkeert-fiets-op-straat-en-schrikt-zich-volgende-dag-rot\\\/#breadcrumb\",\"itemListElement\":[{\"@type\":\"ListItem\",\"position\":1,\"name\":\"Home\",\"item\":\"https:\\\/\\\/www.thebestsocial.media\\\/nl\\\/\"},{\"@type\":\"ListItem\",\"position\":2,\"name\":\"Expat parkeert fiets nietsvermoedend op straat en schrikt zich volgende dag rot\"}]},{\"@type\":\"WebSite\",\"@id\":\"https:\\\/\\\/www.thebestsocial.media\\\/nl\\\/#website\",\"url\":\"https:\\\/\\\/www.thebestsocial.media\\\/nl\\\/\",\"name\":\"The Best Social Media NL\",\"description\":\"Zoeklicht in de Digital Chaos\",\"potentialAction\":[{\"@type\":\"SearchAction\",\"target\":{\"@type\":\"EntryPoint\",\"urlTemplate\":\"https:\\\/\\\/www.thebestsocial.media\\\/nl\\\/?s={search_term_string}\"},\"query-input\":{\"@type\":\"PropertyValueSpecification\",\"valueRequired\":true,\"valueName\":\"search_term_string\"}}],\"inLanguage\":\"nl-NL\"},{\"@type\":\"Person\",\"@id\":\"https:\\\/\\\/www.thebestsocial.media\\\/nl\\\/#\\\/schema\\\/person\\\/2b65a07de209cd1d416a21f959fdf166\",\"name\":\"yannick\",\"image\":{\"@type\":\"ImageObject\",\"inLanguage\":\"nl-NL\",\"@id\":\"https:\\\/\\\/secure.gravatar.com\\\/avatar\\\/8909b7412361c45e4fc0664b3e04faa1ad03832e065a1098c95a21a0527771d4?s=96&d=mm&r=g\",\"url\":\"https:\\\/\\\/secure.gravatar.com\\\/avatar\\\/8909b7412361c45e4fc0664b3e04faa1ad03832e065a1098c95a21a0527771d4?s=96&d=mm&r=g\",\"contentUrl\":\"https:\\\/\\\/secure.gravatar.com\\\/avatar\\\/8909b7412361c45e4fc0664b3e04faa1ad03832e065a1098c95a21a0527771d4?s=96&d=mm&r=g\",\"caption\":\"yannick\"},\"description\":\"Geboren en getogen Bredanaar. Droomde altijd van een carri\u00e8re als profvoetballer, maar is gestrand in de Kelderklasse. Nu geeft ze hier onnodig 'commentaar' op sport, collega's (\u00e9\u00e9n in het bijzonder) en mensen die iconische memes niet kennen.\",\"sameAs\":[\"https:\\\/\\\/www.instagram.com\\\/yannicksnoek\\\/\",\"https:\\\/\\\/www.linkedin.com\\\/in\\\/yannick-s-743aa110b\\\/\"],\"url\":\"https:\\\/\\\/www.thebestsocial.media\\\/nl\\\/author\\\/yannick\\\/\"}]}<\/script>\n<!-- \/ Yoast SEO plugin. -->","yoast_head_json":{"title":"Expat parkeert fiets op straat maar schrikt zich volgende dag rot","description":"Deze expat zet netjes z'n fiets op straat op slot, maar bij terugkomst is er maar weinig van over. En dat zorgt voor flink wat woede.\u00a0","robots":{"index":"index","follow":"follow","max-snippet":"max-snippet:-1","max-image-preview":"max-image-preview:large","max-video-preview":"max-video-preview:-1"},"canonical":"https:\/\/www.thebestsocial.media\/nl\/expat-parkeert-fiets-op-straat-en-schrikt-zich-volgende-dag-rot\/","og_locale":"nl_NL","og_type":"article","og_title":"Expat parkeert fiets nietsvermoedend op straat en schrikt zich volgende dag rot","og_description":"Deze expat zet netjes z'n fiets op straat op slot, maar bij terugkomst is er maar weinig van over. En dat zorgt voor flink wat woede.\u00a0","og_url":"https:\/\/www.thebestsocial.media\/nl\/expat-parkeert-fiets-op-straat-en-schrikt-zich-volgende-dag-rot\/","og_site_name":"The Best Social Media NL","article_published_time":"2025-07-12T08:32:53+00:00","og_image":[{"width":1200,"height":630,"url":"https:\/\/www.thebestsocial.media\/nl\/wp-content\/uploads\/sites\/2\/2025\/07\/fiets-1.png","type":"image\/png"}],"author":"yannick","twitter_card":"summary_large_image","twitter_title":"Expat parkeert fiets nietsvermoedend op straat en schrikt zich volgende dag rot","twitter_description":"Deze expat zet netjes z'n fiets op straat op slot, maar bij terugkomst is er maar weinig van over. En dat zorgt voor flink wat woede.\u00a0","twitter_image":"https:\/\/www.thebestsocial.media\/nl\/wp-content\/uploads\/sites\/2\/2025\/07\/fiets-1.png","twitter_misc":{"Geschreven door":"yannick","Geschatte leestijd":"3 minuten"},"schema":{"@context":"https:\/\/schema.org","@graph":[{"@type":"Article","@id":"https:\/\/www.thebestsocial.media\/nl\/expat-parkeert-fiets-op-straat-en-schrikt-zich-volgende-dag-rot\/#article","isPartOf":{"@id":"https:\/\/www.thebestsocial.media\/nl\/expat-parkeert-fiets-op-straat-en-schrikt-zich-volgende-dag-rot\/"},"author":{"name":"yannick","@id":"https:\/\/www.thebestsocial.media\/nl\/#\/schema\/person\/2b65a07de209cd1d416a21f959fdf166"},"headline":"Expat parkeert fiets nietsvermoedend op straat en schrikt zich volgende dag rot","datePublished":"2025-07-12T08:32:53+00:00","mainEntityOfPage":{"@id":"https:\/\/www.thebestsocial.media\/nl\/expat-parkeert-fiets-op-straat-en-schrikt-zich-volgende-dag-rot\/"},"wordCount":273,"commentCount":0,"image":{"@id":"https:\/\/www.thebestsocial.media\/nl\/expat-parkeert-fiets-op-straat-en-schrikt-zich-volgende-dag-rot\/#primaryimage"},"thumbnailUrl":"https:\/\/www.thebestsocial.media\/nl\/wp-content\/uploads\/sites\/2\/2025\/07\/fiets-2.png","keywords":["fiets","Gestolen","onderdelen"],"articleSection":["Blogs","Nieuws"],"inLanguage":"nl-NL","potentialAction":[{"@type":"CommentAction","name":"Comment","target":["https:\/\/www.thebestsocial.media\/nl\/expat-parkeert-fiets-op-straat-en-schrikt-zich-volgende-dag-rot\/#respond"]}]},{"@type":"WebPage","@id":"https:\/\/www.thebestsocial.media\/nl\/expat-parkeert-fiets-op-straat-en-schrikt-zich-volgende-dag-rot\/","url":"https:\/\/www.thebestsocial.media\/nl\/expat-parkeert-fiets-op-straat-en-schrikt-zich-volgende-dag-rot\/","name":"Expat parkeert fiets op straat maar schrikt zich volgende dag rot","isPartOf":{"@id":"https:\/\/www.thebestsocial.media\/nl\/#website"},"primaryImageOfPage":{"@id":"https:\/\/www.thebestsocial.media\/nl\/expat-parkeert-fiets-op-straat-en-schrikt-zich-volgende-dag-rot\/#primaryimage"},"image":{"@id":"https:\/\/www.thebestsocial.media\/nl\/expat-parkeert-fiets-op-straat-en-schrikt-zich-volgende-dag-rot\/#primaryimage"},"thumbnailUrl":"https:\/\/www.thebestsocial.media\/nl\/wp-content\/uploads\/sites\/2\/2025\/07\/fiets-2.png","datePublished":"2025-07-12T08:32:53+00:00","author":{"@id":"https:\/\/www.thebestsocial.media\/nl\/#\/schema\/person\/2b65a07de209cd1d416a21f959fdf166"},"description":"Deze expat zet netjes z'n fiets op straat op slot, maar bij terugkomst is er maar weinig van over. En dat zorgt voor flink wat woede.\u00a0","breadcrumb":{"@id":"https:\/\/www.thebestsocial.media\/nl\/expat-parkeert-fiets-op-straat-en-schrikt-zich-volgende-dag-rot\/#breadcrumb"},"inLanguage":"nl-NL","potentialAction":[{"@type":"ReadAction","target":["https:\/\/www.thebestsocial.media\/nl\/expat-parkeert-fiets-op-straat-en-schrikt-zich-volgende-dag-rot\/"]}]},{"@type":"ImageObject","inLanguage":"nl-NL","@id":"https:\/\/www.thebestsocial.media\/nl\/expat-parkeert-fiets-op-straat-en-schrikt-zich-volgende-dag-rot\/#primaryimage","url":"https:\/\/www.thebestsocial.media\/nl\/wp-content\/uploads\/sites\/2\/2025\/07\/fiets-2.png","contentUrl":"https:\/\/www.thebestsocial.media\/nl\/wp-content\/uploads\/sites\/2\/2025\/07\/fiets-2.png","width":1200,"height":630,"caption":"straat"},{"@type":"BreadcrumbList","@id":"https:\/\/www.thebestsocial.media\/nl\/expat-parkeert-fiets-op-straat-en-schrikt-zich-volgende-dag-rot\/#breadcrumb","itemListElement":[{"@type":"ListItem","position":1,"name":"Home","item":"https:\/\/www.thebestsocial.media\/nl\/"},{"@type":"ListItem","position":2,"name":"Expat parkeert fiets nietsvermoedend op straat en schrikt zich volgende dag rot"}]},{"@type":"WebSite","@id":"https:\/\/www.thebestsocial.media\/nl\/#website","url":"https:\/\/www.thebestsocial.media\/nl\/","name":"The Best Social Media NL","description":"Zoeklicht in de Digital Chaos","potentialAction":[{"@type":"SearchAction","target":{"@type":"EntryPoint","urlTemplate":"https:\/\/www.thebestsocial.media\/nl\/?s={search_term_string}"},"query-input":{"@type":"PropertyValueSpecification","valueRequired":true,"valueName":"search_term_string"}}],"inLanguage":"nl-NL"},{"@type":"Person","@id":"https:\/\/www.thebestsocial.media\/nl\/#\/schema\/person\/2b65a07de209cd1d416a21f959fdf166","name":"yannick","image":{"@type":"ImageObject","inLanguage":"nl-NL","@id":"https:\/\/secure.gravatar.com\/avatar\/8909b7412361c45e4fc0664b3e04faa1ad03832e065a1098c95a21a0527771d4?s=96&d=mm&r=g","url":"https:\/\/secure.gravatar.com\/avatar\/8909b7412361c45e4fc0664b3e04faa1ad03832e065a1098c95a21a0527771d4?s=96&d=mm&r=g","contentUrl":"https:\/\/secure.gravatar.com\/avatar\/8909b7412361c45e4fc0664b3e04faa1ad03832e065a1098c95a21a0527771d4?s=96&d=mm&r=g","caption":"yannick"},"description":"Geboren en getogen Bredanaar. Droomde altijd van een carri\u00e8re als profvoetballer, maar is gestrand in de Kelderklasse. Nu geeft ze hier onnodig 'commentaar' op sport, collega's (\u00e9\u00e9n in het bijzonder) en mensen die iconische memes niet kennen.","sameAs":["https:\/\/www.instagram.com\/yannicksnoek\/","https:\/\/www.linkedin.com\/in\/yannick-s-743aa110b\/"],"url":"https:\/\/www.thebestsocial.media\/nl\/author\/yannick\/"}]}},"amp_enabled":true,"_links":{"self":[{"href":"https:\/\/www.thebestsocial.media\/nl\/wp-json\/wp\/v2\/posts\/375270","targetHints":{"allow":["GET"]}}],"collection":[{"href":"https:\/\/www.thebestsocial.media\/nl\/wp-json\/wp\/v2\/posts"}],"about":[{"href":"https:\/\/www.thebestsocial.media\/nl\/wp-json\/wp\/v2\/types\/post"}],"author":[{"embeddable":true,"href":"https:\/\/www.thebestsocial.media\/nl\/wp-json\/wp\/v2\/users\/96"}],"replies":[{"embeddable":true,"href":"https:\/\/www.thebestsocial.media\/nl\/wp-json\/wp\/v2\/comments?post=375270"}],"version-history":[{"count":7,"href":"https:\/\/www.thebestsocial.media\/nl\/wp-json\/wp\/v2\/posts\/375270\/revisions"}],"predecessor-version":[{"id":375474,"href":"https:\/\/www.thebestsocial.media\/nl\/wp-json\/wp\/v2\/posts\/375270\/revisions\/375474"}],"wp:featuredmedia":[{"embeddable":true,"href":"https:\/\/www.thebestsocial.media\/nl\/wp-json\/wp\/v2\/media\/375472"}],"wp:attachment":[{"href":"https:\/\/www.thebestsocial.media\/nl\/wp-json\/wp\/v2\/media?parent=375270"}],"wp:term":[{"taxonomy":"category","embeddable":true,"href":"https:\/\/www.thebestsocial.media\/nl\/wp-json\/wp\/v2\/categories?post=375270"},{"taxonomy":"post_tag","embeddable":true,"href":"https:\/\/www.thebestsocial.media\/nl\/wp-json\/wp\/v2\/tags?post=375270"}],"curies":[{"name":"wp","href":"https:\/\/api.w.org\/{rel}","templated":true}]}}