{"id":374178,"date":"2025-07-03T14:36:04","date_gmt":"2025-07-03T13:36:04","guid":{"rendered":"https:\/\/www.thebestsocial.media\/nl\/?p=374178"},"modified":"2025-07-04T07:10:24","modified_gmt":"2025-07-04T06:10:24","slug":"vliegtuigstoel-lengte-nederlanders-past-niet-gangpad","status":"publish","type":"post","link":"https:\/\/www.thebestsocial.media\/nl\/vliegtuigstoel-lengte-nederlanders-past-niet-gangpad\/","title":{"rendered":"Reiziger loopt door gangpad in vliegtuig vol Nederlanders en struikelt over probleem"},"content":{"rendered":"<p>Nederlanders staan wereldwijd bekend als de bigfoots van de samenleving. Niet omdat we allemaal immens grote poten hebben, maar door onze lengte. En die lengte brengt zo nu en dan de nodige uitdagingen met zich mee. Denk aan nekklachten, het constant moeten bukken op groepsfoto&#8217;s, en hotelbedden waarin je voeten steevast uitsteken. Maar ook bij buitenlanders zorgt het soms kopzorgen, en dan vooral in het <a href=\"https:\/\/www.thebestsocial.media\/nl\/piloten-landen-vliegtuig-uitleggen\/\" target=\"_blank\" rel=\"noopener\">vliegtuig<\/a>. Aangezien wij onze lange stelten amper in de krappe ruimte voor onze vliegtuigstoel gepropt krijgen, is een simpel tripje naar het toilet voor <a href=\"https:\/\/www.tiktok.com\/@storygirl_9?_t=ZG-8xjtgWeBQIr&amp;_r=1\" target=\"_blank\" rel=\"noopener\">deze reiziger<\/a> een soort slalom-route door het gangpad.<\/p>\n<p>&nbsp;<\/p>\n<h3>1. Haal een bal uit je koffer, en project Mbapp\u00e9 kan van start.<\/h3>\n<p><iframe loading=\"lazy\" src=\"\/tiktok-cache\/7522111847437323552\/4f61abbf24494411caf0a269fcfff3b075acc72bfd015cc7d278f79e\" width=\"623\" height=\"1108\" style=\"border:0; height:90vh; width:50.625000vh;\" scrolling=\"no\"><\/iframe><\/p>\n<p>&nbsp;<\/p>\n<h3>2. Zo simpel is het.<\/h3>\n<p><img loading=\"lazy\" decoding=\"async\" class=\"alignnone size-full wp-image-374206\" src=\"https:\/\/www.thebestsocial.media\/nl\/wp-content\/uploads\/sites\/2\/2025\/07\/Screenshot-2025-07-03-at-11.59.29.png\" alt=\"\" width=\"1062\" height=\"158\" srcset=\"https:\/\/www.thebestsocial.media\/nl\/wp-content\/uploads\/sites\/2\/2025\/07\/Screenshot-2025-07-03-at-11.59.29.png 1062w, https:\/\/www.thebestsocial.media\/nl\/wp-content\/uploads\/sites\/2\/2025\/07\/Screenshot-2025-07-03-at-11.59.29-300x45.png 300w, https:\/\/www.thebestsocial.media\/nl\/wp-content\/uploads\/sites\/2\/2025\/07\/Screenshot-2025-07-03-at-11.59.29-1024x152.png 1024w, https:\/\/www.thebestsocial.media\/nl\/wp-content\/uploads\/sites\/2\/2025\/07\/Screenshot-2025-07-03-at-11.59.29-768x114.png 768w\" sizes=\"auto, (max-width: 1062px) 100vw, 1062px\" \/><\/p>\n<p>&nbsp;<\/p>\n<h3>3. Voor lange Nederlanders is een stoel aan het gangpad simpelweg de enige verademing.<\/h3>\n<p><img loading=\"lazy\" decoding=\"async\" class=\"alignnone size-full wp-image-374202\" src=\"https:\/\/www.thebestsocial.media\/nl\/wp-content\/uploads\/sites\/2\/2025\/07\/Screenshot-2025-07-03-at-11.58.16.png\" alt=\"\" width=\"1070\" height=\"214\" srcset=\"https:\/\/www.thebestsocial.media\/nl\/wp-content\/uploads\/sites\/2\/2025\/07\/Screenshot-2025-07-03-at-11.58.16.png 1070w, https:\/\/www.thebestsocial.media\/nl\/wp-content\/uploads\/sites\/2\/2025\/07\/Screenshot-2025-07-03-at-11.58.16-300x60.png 300w, https:\/\/www.thebestsocial.media\/nl\/wp-content\/uploads\/sites\/2\/2025\/07\/Screenshot-2025-07-03-at-11.58.16-1024x205.png 1024w, https:\/\/www.thebestsocial.media\/nl\/wp-content\/uploads\/sites\/2\/2025\/07\/Screenshot-2025-07-03-at-11.58.16-768x154.png 768w\" sizes=\"auto, (max-width: 1070px) 100vw, 1070px\" \/><\/p>\n<p>&nbsp;<\/p>\n<h3>4. Soms is die lengte gewoon een blok aan je been.<\/h3>\n<p><img loading=\"lazy\" decoding=\"async\" class=\"alignnone size-full wp-image-374201\" src=\"https:\/\/www.thebestsocial.media\/nl\/wp-content\/uploads\/sites\/2\/2025\/07\/Screenshot-2025-07-03-at-11.58.02.png\" alt=\"\" width=\"1062\" height=\"148\" srcset=\"https:\/\/www.thebestsocial.media\/nl\/wp-content\/uploads\/sites\/2\/2025\/07\/Screenshot-2025-07-03-at-11.58.02.png 1062w, https:\/\/www.thebestsocial.media\/nl\/wp-content\/uploads\/sites\/2\/2025\/07\/Screenshot-2025-07-03-at-11.58.02-300x42.png 300w, https:\/\/www.thebestsocial.media\/nl\/wp-content\/uploads\/sites\/2\/2025\/07\/Screenshot-2025-07-03-at-11.58.02-1024x143.png 1024w, https:\/\/www.thebestsocial.media\/nl\/wp-content\/uploads\/sites\/2\/2025\/07\/Screenshot-2025-07-03-at-11.58.02-768x107.png 768w\" sizes=\"auto, (max-width: 1062px) 100vw, 1062px\" \/><\/p>\n<p>&nbsp;<\/p>\n<h3>5. <a href=\"https:\/\/www.youtube.com\/watch?v=PIh2xe4jnpk&amp;list=RDPIh2xe4jnpk&amp;start_radio=1\" target=\"_blank\" rel=\"noopener\">Why you gotta be so rUuUde?\u00a0<\/a><\/h3>\n<p><img loading=\"lazy\" decoding=\"async\" class=\"alignnone wp-image-374203 size-full\" src=\"https:\/\/www.thebestsocial.media\/nl\/wp-content\/uploads\/sites\/2\/2025\/07\/Screenshot-2025-07-03-at-11.58.23.png\" alt=\"gangpad\" width=\"1066\" height=\"150\" srcset=\"https:\/\/www.thebestsocial.media\/nl\/wp-content\/uploads\/sites\/2\/2025\/07\/Screenshot-2025-07-03-at-11.58.23.png 1066w, https:\/\/www.thebestsocial.media\/nl\/wp-content\/uploads\/sites\/2\/2025\/07\/Screenshot-2025-07-03-at-11.58.23-300x42.png 300w, https:\/\/www.thebestsocial.media\/nl\/wp-content\/uploads\/sites\/2\/2025\/07\/Screenshot-2025-07-03-at-11.58.23-1024x144.png 1024w, https:\/\/www.thebestsocial.media\/nl\/wp-content\/uploads\/sites\/2\/2025\/07\/Screenshot-2025-07-03-at-11.58.23-768x108.png 768w\" sizes=\"auto, (max-width: 1066px) 100vw, 1066px\" \/><\/p>\n<p>&nbsp;<\/p>\n<h3>6. Al vinden mensen w\u00e9l dat je je benen best even kunt intrekken als iemand door het gangpad loopt.<\/h3>\n<p><img loading=\"lazy\" decoding=\"async\" class=\"alignnone wp-image-374207 size-full\" src=\"https:\/\/www.thebestsocial.media\/nl\/wp-content\/uploads\/sites\/2\/2025\/07\/Screenshot-2025-07-03-at-11.59.34.png\" alt=\"gangpad\" width=\"1070\" height=\"184\" srcset=\"https:\/\/www.thebestsocial.media\/nl\/wp-content\/uploads\/sites\/2\/2025\/07\/Screenshot-2025-07-03-at-11.59.34.png 1070w, https:\/\/www.thebestsocial.media\/nl\/wp-content\/uploads\/sites\/2\/2025\/07\/Screenshot-2025-07-03-at-11.59.34-300x52.png 300w, https:\/\/www.thebestsocial.media\/nl\/wp-content\/uploads\/sites\/2\/2025\/07\/Screenshot-2025-07-03-at-11.59.34-1024x176.png 1024w, https:\/\/www.thebestsocial.media\/nl\/wp-content\/uploads\/sites\/2\/2025\/07\/Screenshot-2025-07-03-at-11.59.34-768x132.png 768w\" sizes=\"auto, (max-width: 1070px) 100vw, 1070px\" \/><\/p>\n<p>&nbsp;<\/p>\n<h3>7. Zullen we een petitie starten?<\/h3>\n<p><img loading=\"lazy\" decoding=\"async\" class=\"alignnone wp-image-374205 size-full\" src=\"https:\/\/www.thebestsocial.media\/nl\/wp-content\/uploads\/sites\/2\/2025\/07\/Screenshot-2025-07-03-at-11.59.11.png\" alt=\"gangpad\" width=\"1070\" height=\"150\" srcset=\"https:\/\/www.thebestsocial.media\/nl\/wp-content\/uploads\/sites\/2\/2025\/07\/Screenshot-2025-07-03-at-11.59.11.png 1070w, https:\/\/www.thebestsocial.media\/nl\/wp-content\/uploads\/sites\/2\/2025\/07\/Screenshot-2025-07-03-at-11.59.11-300x42.png 300w, https:\/\/www.thebestsocial.media\/nl\/wp-content\/uploads\/sites\/2\/2025\/07\/Screenshot-2025-07-03-at-11.59.11-1024x144.png 1024w, https:\/\/www.thebestsocial.media\/nl\/wp-content\/uploads\/sites\/2\/2025\/07\/Screenshot-2025-07-03-at-11.59.11-768x108.png 768w\" sizes=\"auto, (max-width: 1070px) 100vw, 1070px\" \/><\/p>\n<p>&nbsp;<\/p>\n<p><strong>Kun jij ijzersterke social strategie\u00ebn schrijven en bedenk en cre\u00eber je originele content? En ben je altijd op de hoogte van de nieuwste features en laatste trends op social media. Dat komt goed uit, want wij zijn bij SuperRebel Agency op zoek naar een Medior Social Media Creative. Check <a href=\"https:\/\/www.thebestsocialjobs.com\/vacature\/medior-social-media-creative\/\" target=\"_blank\" rel=\"noopener\">de vacature<\/a> op The Best Social Jobs!<\/strong><\/p>\n<blockquote class=\"instagram-media\" style=\"background: #FFF; border: 0; border-radius: 3px; box-shadow: 0 0 1px 0 rgba(0,0,0,0.5),0 1px 10px 0 rgba(0,0,0,0.15); margin: 1px; max-width: 540px; min-width: 326px; padding: 0; width: calc(100% - 2px);\" data-instgrm-permalink=\"https:\/\/www.instagram.com\/p\/DDhCg3AoQRD\/?utm_source=ig_embed&amp;utm_campaign=loading\" data-instgrm-version=\"14\">\n<div style=\"padding: 16px;\">\n<p>&nbsp;<\/p>\n<div style=\"display: flex; flex-direction: row; align-items: center;\">\n<div style=\"background-color: #f4f4f4; border-radius: 50%; flex-grow: 0; height: 40px; margin-right: 14px; width: 40px;\"><\/div>\n<div style=\"display: flex; flex-direction: column; flex-grow: 1; justify-content: center;\">\n<div style=\"background-color: #f4f4f4; border-radius: 4px; flex-grow: 0; height: 14px; margin-bottom: 6px; width: 100px;\"><\/div>\n<div style=\"background-color: #f4f4f4; border-radius: 4px; flex-grow: 0; height: 14px; width: 60px;\"><\/div>\n<\/div>\n<\/div>\n<div style=\"padding: 19% 0;\"><\/div>\n<div style=\"display: block; height: 50px; margin: 0 auto 12px; width: 50px;\"><\/div>\n<div style=\"padding-top: 8px;\">\n<div style=\"color: #3897f0; font-family: Arial,sans-serif; font-size: 14px; font-style: normal; font-weight: 550; line-height: 18px;\">Dit bericht op Instagram bekijken<\/div>\n<\/div>\n<div style=\"padding: 12.5% 0;\"><\/div>\n<div style=\"display: flex; flex-direction: row; margin-bottom: 14px; align-items: center;\">\n<div>\n<div style=\"background-color: #f4f4f4; border-radius: 50%; height: 12.5px; width: 12.5px; transform: translateX(0px) translateY(7px);\"><\/div>\n<div style=\"background-color: #f4f4f4; height: 12.5px; transform: rotate(-45deg) translateX(3px) translateY(1px); width: 12.5px; flex-grow: 0; margin-right: 14px; margin-left: 2px;\"><\/div>\n<div style=\"background-color: #f4f4f4; border-radius: 50%; height: 12.5px; width: 12.5px; transform: translateX(9px) translateY(-18px);\"><\/div>\n<\/div>\n<div style=\"margin-left: 8px;\">\n<div style=\"background-color: #f4f4f4; border-radius: 50%; flex-grow: 0; height: 20px; width: 20px;\"><\/div>\n<div style=\"width: 0; height: 0; border-top: 2px solid transparent; border-left: 6px solid #f4f4f4; border-bottom: 2px solid transparent; transform: translateX(16px) translateY(-4px) rotate(30deg);\"><\/div>\n<\/div>\n<div style=\"margin-left: auto;\">\n<div style=\"width: 0px; border-top: 8px solid #F4F4F4; border-right: 8px solid transparent; transform: translateY(16px);\"><\/div>\n<div style=\"background-color: #f4f4f4; flex-grow: 0; height: 12px; width: 16px; transform: translateY(-4px);\"><\/div>\n<div style=\"width: 0; height: 0; border-top: 8px solid #F4F4F4; border-left: 8px solid transparent; transform: translateY(-4px) translateX(8px);\"><\/div>\n<\/div>\n<\/div>\n<div style=\"display: flex; flex-direction: column; flex-grow: 1; justify-content: center; margin-bottom: 24px;\">\n<div style=\"background-color: #f4f4f4; border-radius: 4px; flex-grow: 0; height: 14px; margin-bottom: 6px; width: 224px;\"><\/div>\n<div style=\"background-color: #f4f4f4; border-radius: 4px; flex-grow: 0; height: 14px; width: 144px;\"><\/div>\n<\/div>\n<p>&nbsp;<\/p>\n<p style=\"color: #c9c8cd; font-family: Arial,sans-serif; font-size: 14px; line-height: 17px; margin-bottom: 0; margin-top: 8px; overflow: hidden; padding: 8px 0 7px; text-align: center; text-overflow: ellipsis; white-space: nowrap;\"><a style=\"color: #c9c8cd; font-family: Arial,sans-serif; font-size: 14px; font-style: normal; font-weight: normal; line-height: 17px; text-decoration: none;\" href=\"https:\/\/www.instagram.com\/p\/DDhCg3AoQRD\/?utm_source=ig_embed&amp;utm_campaign=loading\" target=\"_blank\" rel=\"noopener\">Een bericht gedeeld door The Best Social (@thebestsocial)<\/a><\/p>\n<\/div>\n<\/blockquote>\n\n<script async defer src=\"\/instagram-embed.js\"><\/script>","protected":false},"excerpt":{"rendered":"<p>Nederlanders staan wereldwijd bekend als de bigfoots van de samenleving. Niet omdat we allemaal immens grote poten hebben, maar door onze lengte. En die lengte&#8230;<\/p>\n","protected":false},"author":96,"featured_media":374239,"comment_status":"open","ping_status":"open","sticky":false,"template":"","format":"standard","meta":{"_acf_changed":false,"footnotes":""},"categories":[16,17],"tags":[10523,1644,10524],"class_list":["post-374178","post","type-post","status-publish","format-standard","has-post-thumbnail","hentry","category-blogs","category-nieuws","tag-lange-benen","tag-nederland","tag-vliegtuigstoel"],"acf":[],"yoast_head":"<!-- This site is optimized with the Yoast SEO plugin v27.5 - https:\/\/yoast.com\/product\/yoast-seo-wordpress\/ -->\n<title>Reiziger loopt door gangpad in vliegtuig en struikelt over probleem<\/title>\n<meta name=\"description\" content=\"De lengte van Nederlanders zorgt voor de nodige problemen, en ook bij buitenlanders zorgt het voor kopzorgen. En dan vooral in het vliegtuig.\" \/>\n<meta name=\"robots\" content=\"index, follow, max-snippet:-1, max-image-preview:large, max-video-preview:-1\" \/>\n<link rel=\"canonical\" href=\"https:\/\/www.thebestsocial.media\/nl\/vliegtuigstoel-lengte-nederlanders-past-niet-gangpad\/\" \/>\n<meta property=\"og:locale\" content=\"nl_NL\" \/>\n<meta property=\"og:type\" content=\"article\" \/>\n<meta property=\"og:title\" content=\"Reiziger loopt door gangpad in vliegtuig vol Nederlanders en struikelt over probleem\" \/>\n<meta property=\"og:description\" content=\"De lengte van Nederlanders zorgt voor de nodige problemen, en ook bij buitenlanders zorgt het voor kopzorgen. En dan vooral in het vliegtuig.\" \/>\n<meta property=\"og:url\" content=\"https:\/\/www.thebestsocial.media\/nl\/vliegtuigstoel-lengte-nederlanders-past-niet-gangpad\/\" \/>\n<meta property=\"og:site_name\" content=\"The Best Social Media NL\" \/>\n<meta property=\"article:published_time\" content=\"2025-07-03T13:36:04+00:00\" \/>\n<meta property=\"article:modified_time\" content=\"2025-07-04T06:10:24+00:00\" \/>\n<meta property=\"og:image\" content=\"https:\/\/www.thebestsocial.media\/nl\/wp-content\/uploads\/sites\/2\/2025\/07\/vliegtuig.png\" \/>\n\t<meta property=\"og:image:width\" content=\"1200\" \/>\n\t<meta property=\"og:image:height\" content=\"630\" \/>\n\t<meta property=\"og:image:type\" content=\"image\/png\" \/>\n<meta name=\"author\" content=\"yannick\" \/>\n<meta name=\"twitter:card\" content=\"summary_large_image\" \/>\n<meta name=\"twitter:title\" content=\"Reiziger loopt door gangpad in vliegtuig vol Nederlanders en struikelt over probleem\" \/>\n<meta name=\"twitter:description\" content=\"De lengte van Nederlanders zorgt voor de nodige problemen, en ook bij buitenlanders zorgt het voor kopzorgen. En dan vooral in het vliegtuig.\" \/>\n<meta name=\"twitter:image\" content=\"https:\/\/www.thebestsocial.media\/nl\/wp-content\/uploads\/sites\/2\/2025\/07\/vliegtuig.png\" \/>\n<meta name=\"twitter:label1\" content=\"Geschreven door\" \/>\n\t<meta name=\"twitter:data1\" content=\"yannick\" \/>\n\t<meta name=\"twitter:label2\" content=\"Geschatte leestijd\" \/>\n\t<meta name=\"twitter:data2\" content=\"3 minuten\" \/>\n<script type=\"application\/ld+json\" class=\"yoast-schema-graph\">{\"@context\":\"https:\\\/\\\/schema.org\",\"@graph\":[{\"@type\":\"Article\",\"@id\":\"https:\\\/\\\/www.thebestsocial.media\\\/nl\\\/vliegtuigstoel-lengte-nederlanders-past-niet-gangpad\\\/#article\",\"isPartOf\":{\"@id\":\"https:\\\/\\\/www.thebestsocial.media\\\/nl\\\/vliegtuigstoel-lengte-nederlanders-past-niet-gangpad\\\/\"},\"author\":{\"name\":\"yannick\",\"@id\":\"https:\\\/\\\/www.thebestsocial.media\\\/nl\\\/#\\\/schema\\\/person\\\/2b65a07de209cd1d416a21f959fdf166\"},\"headline\":\"Reiziger loopt door gangpad in vliegtuig vol Nederlanders en struikelt over probleem\",\"datePublished\":\"2025-07-03T13:36:04+00:00\",\"dateModified\":\"2025-07-04T06:10:24+00:00\",\"mainEntityOfPage\":{\"@id\":\"https:\\\/\\\/www.thebestsocial.media\\\/nl\\\/vliegtuigstoel-lengte-nederlanders-past-niet-gangpad\\\/\"},\"wordCount\":277,\"commentCount\":0,\"image\":{\"@id\":\"https:\\\/\\\/www.thebestsocial.media\\\/nl\\\/vliegtuigstoel-lengte-nederlanders-past-niet-gangpad\\\/#primaryimage\"},\"thumbnailUrl\":\"https:\\\/\\\/www.thebestsocial.media\\\/nl\\\/wp-content\\\/uploads\\\/sites\\\/2\\\/2025\\\/07\\\/uitgelicht-1.png\",\"keywords\":[\"lange benen\",\"Nederland\",\"vliegtuigstoel\"],\"articleSection\":[\"Blogs\",\"Nieuws\"],\"inLanguage\":\"nl-NL\",\"potentialAction\":[{\"@type\":\"CommentAction\",\"name\":\"Comment\",\"target\":[\"https:\\\/\\\/www.thebestsocial.media\\\/nl\\\/vliegtuigstoel-lengte-nederlanders-past-niet-gangpad\\\/#respond\"]}]},{\"@type\":\"WebPage\",\"@id\":\"https:\\\/\\\/www.thebestsocial.media\\\/nl\\\/vliegtuigstoel-lengte-nederlanders-past-niet-gangpad\\\/\",\"url\":\"https:\\\/\\\/www.thebestsocial.media\\\/nl\\\/vliegtuigstoel-lengte-nederlanders-past-niet-gangpad\\\/\",\"name\":\"Reiziger loopt door gangpad in vliegtuig en struikelt over probleem\",\"isPartOf\":{\"@id\":\"https:\\\/\\\/www.thebestsocial.media\\\/nl\\\/#website\"},\"primaryImageOfPage\":{\"@id\":\"https:\\\/\\\/www.thebestsocial.media\\\/nl\\\/vliegtuigstoel-lengte-nederlanders-past-niet-gangpad\\\/#primaryimage\"},\"image\":{\"@id\":\"https:\\\/\\\/www.thebestsocial.media\\\/nl\\\/vliegtuigstoel-lengte-nederlanders-past-niet-gangpad\\\/#primaryimage\"},\"thumbnailUrl\":\"https:\\\/\\\/www.thebestsocial.media\\\/nl\\\/wp-content\\\/uploads\\\/sites\\\/2\\\/2025\\\/07\\\/uitgelicht-1.png\",\"datePublished\":\"2025-07-03T13:36:04+00:00\",\"dateModified\":\"2025-07-04T06:10:24+00:00\",\"author\":{\"@id\":\"https:\\\/\\\/www.thebestsocial.media\\\/nl\\\/#\\\/schema\\\/person\\\/2b65a07de209cd1d416a21f959fdf166\"},\"description\":\"De lengte van Nederlanders zorgt voor de nodige problemen, en ook bij buitenlanders zorgt het voor kopzorgen. En dan vooral in het vliegtuig.\",\"breadcrumb\":{\"@id\":\"https:\\\/\\\/www.thebestsocial.media\\\/nl\\\/vliegtuigstoel-lengte-nederlanders-past-niet-gangpad\\\/#breadcrumb\"},\"inLanguage\":\"nl-NL\",\"potentialAction\":[{\"@type\":\"ReadAction\",\"target\":[\"https:\\\/\\\/www.thebestsocial.media\\\/nl\\\/vliegtuigstoel-lengte-nederlanders-past-niet-gangpad\\\/\"]}]},{\"@type\":\"ImageObject\",\"inLanguage\":\"nl-NL\",\"@id\":\"https:\\\/\\\/www.thebestsocial.media\\\/nl\\\/vliegtuigstoel-lengte-nederlanders-past-niet-gangpad\\\/#primaryimage\",\"url\":\"https:\\\/\\\/www.thebestsocial.media\\\/nl\\\/wp-content\\\/uploads\\\/sites\\\/2\\\/2025\\\/07\\\/uitgelicht-1.png\",\"contentUrl\":\"https:\\\/\\\/www.thebestsocial.media\\\/nl\\\/wp-content\\\/uploads\\\/sites\\\/2\\\/2025\\\/07\\\/uitgelicht-1.png\",\"width\":1200,\"height\":630,\"caption\":\"gangpad\"},{\"@type\":\"BreadcrumbList\",\"@id\":\"https:\\\/\\\/www.thebestsocial.media\\\/nl\\\/vliegtuigstoel-lengte-nederlanders-past-niet-gangpad\\\/#breadcrumb\",\"itemListElement\":[{\"@type\":\"ListItem\",\"position\":1,\"name\":\"Home\",\"item\":\"https:\\\/\\\/www.thebestsocial.media\\\/nl\\\/\"},{\"@type\":\"ListItem\",\"position\":2,\"name\":\"Reiziger loopt door gangpad in vliegtuig vol Nederlanders en struikelt over probleem\"}]},{\"@type\":\"WebSite\",\"@id\":\"https:\\\/\\\/www.thebestsocial.media\\\/nl\\\/#website\",\"url\":\"https:\\\/\\\/www.thebestsocial.media\\\/nl\\\/\",\"name\":\"The Best Social Media NL\",\"description\":\"Zoeklicht in de Digital Chaos\",\"potentialAction\":[{\"@type\":\"SearchAction\",\"target\":{\"@type\":\"EntryPoint\",\"urlTemplate\":\"https:\\\/\\\/www.thebestsocial.media\\\/nl\\\/?s={search_term_string}\"},\"query-input\":{\"@type\":\"PropertyValueSpecification\",\"valueRequired\":true,\"valueName\":\"search_term_string\"}}],\"inLanguage\":\"nl-NL\"},{\"@type\":\"Person\",\"@id\":\"https:\\\/\\\/www.thebestsocial.media\\\/nl\\\/#\\\/schema\\\/person\\\/2b65a07de209cd1d416a21f959fdf166\",\"name\":\"yannick\",\"image\":{\"@type\":\"ImageObject\",\"inLanguage\":\"nl-NL\",\"@id\":\"https:\\\/\\\/secure.gravatar.com\\\/avatar\\\/8909b7412361c45e4fc0664b3e04faa1ad03832e065a1098c95a21a0527771d4?s=96&d=mm&r=g\",\"url\":\"https:\\\/\\\/secure.gravatar.com\\\/avatar\\\/8909b7412361c45e4fc0664b3e04faa1ad03832e065a1098c95a21a0527771d4?s=96&d=mm&r=g\",\"contentUrl\":\"https:\\\/\\\/secure.gravatar.com\\\/avatar\\\/8909b7412361c45e4fc0664b3e04faa1ad03832e065a1098c95a21a0527771d4?s=96&d=mm&r=g\",\"caption\":\"yannick\"},\"description\":\"Geboren en getogen Bredanaar. Droomde altijd van een carri\u00e8re als profvoetballer, maar is gestrand in de Kelderklasse. Nu geeft ze hier onnodig 'commentaar' op sport, collega's (\u00e9\u00e9n in het bijzonder) en mensen die iconische memes niet kennen.\",\"sameAs\":[\"https:\\\/\\\/www.instagram.com\\\/yannicksnoek\\\/\",\"https:\\\/\\\/www.linkedin.com\\\/in\\\/yannick-s-743aa110b\\\/\"],\"url\":\"https:\\\/\\\/www.thebestsocial.media\\\/nl\\\/author\\\/yannick\\\/\"}]}<\/script>\n<!-- \/ Yoast SEO plugin. -->","yoast_head_json":{"title":"Reiziger loopt door gangpad in vliegtuig en struikelt over probleem","description":"De lengte van Nederlanders zorgt voor de nodige problemen, en ook bij buitenlanders zorgt het voor kopzorgen. En dan vooral in het vliegtuig.","robots":{"index":"index","follow":"follow","max-snippet":"max-snippet:-1","max-image-preview":"max-image-preview:large","max-video-preview":"max-video-preview:-1"},"canonical":"https:\/\/www.thebestsocial.media\/nl\/vliegtuigstoel-lengte-nederlanders-past-niet-gangpad\/","og_locale":"nl_NL","og_type":"article","og_title":"Reiziger loopt door gangpad in vliegtuig vol Nederlanders en struikelt over probleem","og_description":"De lengte van Nederlanders zorgt voor de nodige problemen, en ook bij buitenlanders zorgt het voor kopzorgen. En dan vooral in het vliegtuig.","og_url":"https:\/\/www.thebestsocial.media\/nl\/vliegtuigstoel-lengte-nederlanders-past-niet-gangpad\/","og_site_name":"The Best Social Media NL","article_published_time":"2025-07-03T13:36:04+00:00","article_modified_time":"2025-07-04T06:10:24+00:00","og_image":[{"width":1200,"height":630,"url":"https:\/\/www.thebestsocial.media\/nl\/wp-content\/uploads\/sites\/2\/2025\/07\/vliegtuig.png","type":"image\/png"}],"author":"yannick","twitter_card":"summary_large_image","twitter_title":"Reiziger loopt door gangpad in vliegtuig vol Nederlanders en struikelt over probleem","twitter_description":"De lengte van Nederlanders zorgt voor de nodige problemen, en ook bij buitenlanders zorgt het voor kopzorgen. En dan vooral in het vliegtuig.","twitter_image":"https:\/\/www.thebestsocial.media\/nl\/wp-content\/uploads\/sites\/2\/2025\/07\/vliegtuig.png","twitter_misc":{"Geschreven door":"yannick","Geschatte leestijd":"3 minuten"},"schema":{"@context":"https:\/\/schema.org","@graph":[{"@type":"Article","@id":"https:\/\/www.thebestsocial.media\/nl\/vliegtuigstoel-lengte-nederlanders-past-niet-gangpad\/#article","isPartOf":{"@id":"https:\/\/www.thebestsocial.media\/nl\/vliegtuigstoel-lengte-nederlanders-past-niet-gangpad\/"},"author":{"name":"yannick","@id":"https:\/\/www.thebestsocial.media\/nl\/#\/schema\/person\/2b65a07de209cd1d416a21f959fdf166"},"headline":"Reiziger loopt door gangpad in vliegtuig vol Nederlanders en struikelt over probleem","datePublished":"2025-07-03T13:36:04+00:00","dateModified":"2025-07-04T06:10:24+00:00","mainEntityOfPage":{"@id":"https:\/\/www.thebestsocial.media\/nl\/vliegtuigstoel-lengte-nederlanders-past-niet-gangpad\/"},"wordCount":277,"commentCount":0,"image":{"@id":"https:\/\/www.thebestsocial.media\/nl\/vliegtuigstoel-lengte-nederlanders-past-niet-gangpad\/#primaryimage"},"thumbnailUrl":"https:\/\/www.thebestsocial.media\/nl\/wp-content\/uploads\/sites\/2\/2025\/07\/uitgelicht-1.png","keywords":["lange benen","Nederland","vliegtuigstoel"],"articleSection":["Blogs","Nieuws"],"inLanguage":"nl-NL","potentialAction":[{"@type":"CommentAction","name":"Comment","target":["https:\/\/www.thebestsocial.media\/nl\/vliegtuigstoel-lengte-nederlanders-past-niet-gangpad\/#respond"]}]},{"@type":"WebPage","@id":"https:\/\/www.thebestsocial.media\/nl\/vliegtuigstoel-lengte-nederlanders-past-niet-gangpad\/","url":"https:\/\/www.thebestsocial.media\/nl\/vliegtuigstoel-lengte-nederlanders-past-niet-gangpad\/","name":"Reiziger loopt door gangpad in vliegtuig en struikelt over probleem","isPartOf":{"@id":"https:\/\/www.thebestsocial.media\/nl\/#website"},"primaryImageOfPage":{"@id":"https:\/\/www.thebestsocial.media\/nl\/vliegtuigstoel-lengte-nederlanders-past-niet-gangpad\/#primaryimage"},"image":{"@id":"https:\/\/www.thebestsocial.media\/nl\/vliegtuigstoel-lengte-nederlanders-past-niet-gangpad\/#primaryimage"},"thumbnailUrl":"https:\/\/www.thebestsocial.media\/nl\/wp-content\/uploads\/sites\/2\/2025\/07\/uitgelicht-1.png","datePublished":"2025-07-03T13:36:04+00:00","dateModified":"2025-07-04T06:10:24+00:00","author":{"@id":"https:\/\/www.thebestsocial.media\/nl\/#\/schema\/person\/2b65a07de209cd1d416a21f959fdf166"},"description":"De lengte van Nederlanders zorgt voor de nodige problemen, en ook bij buitenlanders zorgt het voor kopzorgen. En dan vooral in het vliegtuig.","breadcrumb":{"@id":"https:\/\/www.thebestsocial.media\/nl\/vliegtuigstoel-lengte-nederlanders-past-niet-gangpad\/#breadcrumb"},"inLanguage":"nl-NL","potentialAction":[{"@type":"ReadAction","target":["https:\/\/www.thebestsocial.media\/nl\/vliegtuigstoel-lengte-nederlanders-past-niet-gangpad\/"]}]},{"@type":"ImageObject","inLanguage":"nl-NL","@id":"https:\/\/www.thebestsocial.media\/nl\/vliegtuigstoel-lengte-nederlanders-past-niet-gangpad\/#primaryimage","url":"https:\/\/www.thebestsocial.media\/nl\/wp-content\/uploads\/sites\/2\/2025\/07\/uitgelicht-1.png","contentUrl":"https:\/\/www.thebestsocial.media\/nl\/wp-content\/uploads\/sites\/2\/2025\/07\/uitgelicht-1.png","width":1200,"height":630,"caption":"gangpad"},{"@type":"BreadcrumbList","@id":"https:\/\/www.thebestsocial.media\/nl\/vliegtuigstoel-lengte-nederlanders-past-niet-gangpad\/#breadcrumb","itemListElement":[{"@type":"ListItem","position":1,"name":"Home","item":"https:\/\/www.thebestsocial.media\/nl\/"},{"@type":"ListItem","position":2,"name":"Reiziger loopt door gangpad in vliegtuig vol Nederlanders en struikelt over probleem"}]},{"@type":"WebSite","@id":"https:\/\/www.thebestsocial.media\/nl\/#website","url":"https:\/\/www.thebestsocial.media\/nl\/","name":"The Best Social Media NL","description":"Zoeklicht in de Digital Chaos","potentialAction":[{"@type":"SearchAction","target":{"@type":"EntryPoint","urlTemplate":"https:\/\/www.thebestsocial.media\/nl\/?s={search_term_string}"},"query-input":{"@type":"PropertyValueSpecification","valueRequired":true,"valueName":"search_term_string"}}],"inLanguage":"nl-NL"},{"@type":"Person","@id":"https:\/\/www.thebestsocial.media\/nl\/#\/schema\/person\/2b65a07de209cd1d416a21f959fdf166","name":"yannick","image":{"@type":"ImageObject","inLanguage":"nl-NL","@id":"https:\/\/secure.gravatar.com\/avatar\/8909b7412361c45e4fc0664b3e04faa1ad03832e065a1098c95a21a0527771d4?s=96&d=mm&r=g","url":"https:\/\/secure.gravatar.com\/avatar\/8909b7412361c45e4fc0664b3e04faa1ad03832e065a1098c95a21a0527771d4?s=96&d=mm&r=g","contentUrl":"https:\/\/secure.gravatar.com\/avatar\/8909b7412361c45e4fc0664b3e04faa1ad03832e065a1098c95a21a0527771d4?s=96&d=mm&r=g","caption":"yannick"},"description":"Geboren en getogen Bredanaar. Droomde altijd van een carri\u00e8re als profvoetballer, maar is gestrand in de Kelderklasse. Nu geeft ze hier onnodig 'commentaar' op sport, collega's (\u00e9\u00e9n in het bijzonder) en mensen die iconische memes niet kennen.","sameAs":["https:\/\/www.instagram.com\/yannicksnoek\/","https:\/\/www.linkedin.com\/in\/yannick-s-743aa110b\/"],"url":"https:\/\/www.thebestsocial.media\/nl\/author\/yannick\/"}]}},"amp_enabled":true,"_links":{"self":[{"href":"https:\/\/www.thebestsocial.media\/nl\/wp-json\/wp\/v2\/posts\/374178","targetHints":{"allow":["GET"]}}],"collection":[{"href":"https:\/\/www.thebestsocial.media\/nl\/wp-json\/wp\/v2\/posts"}],"about":[{"href":"https:\/\/www.thebestsocial.media\/nl\/wp-json\/wp\/v2\/types\/post"}],"author":[{"embeddable":true,"href":"https:\/\/www.thebestsocial.media\/nl\/wp-json\/wp\/v2\/users\/96"}],"replies":[{"embeddable":true,"href":"https:\/\/www.thebestsocial.media\/nl\/wp-json\/wp\/v2\/comments?post=374178"}],"version-history":[{"count":7,"href":"https:\/\/www.thebestsocial.media\/nl\/wp-json\/wp\/v2\/posts\/374178\/revisions"}],"predecessor-version":[{"id":374347,"href":"https:\/\/www.thebestsocial.media\/nl\/wp-json\/wp\/v2\/posts\/374178\/revisions\/374347"}],"wp:featuredmedia":[{"embeddable":true,"href":"https:\/\/www.thebestsocial.media\/nl\/wp-json\/wp\/v2\/media\/374239"}],"wp:attachment":[{"href":"https:\/\/www.thebestsocial.media\/nl\/wp-json\/wp\/v2\/media?parent=374178"}],"wp:term":[{"taxonomy":"category","embeddable":true,"href":"https:\/\/www.thebestsocial.media\/nl\/wp-json\/wp\/v2\/categories?post=374178"},{"taxonomy":"post_tag","embeddable":true,"href":"https:\/\/www.thebestsocial.media\/nl\/wp-json\/wp\/v2\/tags?post=374178"}],"curies":[{"name":"wp","href":"https:\/\/api.w.org\/{rel}","templated":true}]}}