{"id":368589,"date":"2025-05-26T10:49:29","date_gmt":"2025-05-26T09:49:29","guid":{"rendered":"https:\/\/www.thebestsocial.media\/nl\/?p=368589"},"modified":"2025-05-26T11:29:29","modified_gmt":"2025-05-26T10:29:29","slug":"vriendengroep-suzan-freek-ziggo-dome-concert-voorbereiding","status":"publish","type":"post","link":"https:\/\/www.thebestsocial.media\/nl\/vriendengroep-suzan-freek-ziggo-dome-concert-voorbereiding\/","title":{"rendered":"Vriendengroep bereidt zich optimaal voor op concert Suzan &#038; Freek en dat is Goud waard"},"content":{"rendered":"<p>Er zijn een paar artiesten in de wereld die je gewoon een keer gezien m\u00f3\u00e9t hebben. Denk aan Adele, Beyonc\u00e9, Coldplay en Taylor Swift. Maar als je het binnen de Nederlandse grenzen houdt, dan staan Racoon en Bl\u00f8f met stip op \u00e9\u00e9n. En op twee? Waarschijnlijk Suzan &amp; Freek. Dat hun shows een ervaring op zich zijn, bewees het koppel de afgelopen dagen (opnieuw) door de <a href=\"https:\/\/www.thebestsocial.media\/nl\/ziggo-dome-concert-txt-zitplaats-obstructed-view\/\" target=\"_blank\" rel=\"noopener\">Ziggo Dome<\/a> uit te verkopen. Fans grepen massaal hun kans om dit duo live te zien. Zo ook de vriendengroep van <a href=\"https:\/\/www.tiktok.com\/@leenvduijn_\/video\/7507951144715488534\">Leen<\/a>. Zij gingen echter niet zomaar naar het concert, maar maakten een avond met een gouden randje van.<\/p>\n<p>&nbsp;<\/p>\n<h3>1. Een goed begin is het halve werk, h\u00e8.<\/h3>\n<p><iframe loading=\"lazy\" src=\"\/tiktok-cache\/7507950727122193686\/b7671f7229754a0a04c50a6b0dc5e98574e99a8132db3d0177607bac\" width=\"623\" height=\"1108\" style=\"border:0; height:90vh; width:50.625000vh;\" scrolling=\"no\"><\/iframe><\/p>\n<p>&nbsp;<\/p>\n<h3>2. Die voorbereiding kunnen Suzan &amp; Freek wel waarderen.<\/h3>\n<p><img loading=\"lazy\" decoding=\"async\" class=\"alignnone size-full wp-image-368592\" src=\"https:\/\/www.thebestsocial.media\/nl\/wp-content\/uploads\/sites\/2\/2025\/05\/Screenshot-2025-05-26-at-10.21.29.png\" alt=\"\" width=\"520\" height=\"182\" srcset=\"https:\/\/www.thebestsocial.media\/nl\/wp-content\/uploads\/sites\/2\/2025\/05\/Screenshot-2025-05-26-at-10.21.29.png 520w, https:\/\/www.thebestsocial.media\/nl\/wp-content\/uploads\/sites\/2\/2025\/05\/Screenshot-2025-05-26-at-10.21.29-300x105.png 300w\" sizes=\"auto, (max-width: 520px) 100vw, 520px\" \/><\/p>\n<p>&nbsp;<\/p>\n<h3>3. Je ziet het al: deze avond was puur Goud.<\/h3>\n<p><iframe loading=\"lazy\" src=\"\/tiktok-cache\/7507951144715488534\/96184a353157e9517e7d656f9765363a3069d412c4942d7b3ecf7ca5\" width=\"623\" height=\"1108\" style=\"border:0; height:90vh; width:50.625000vh;\" scrolling=\"no\"><\/iframe><\/p>\n<p>&nbsp;<\/p>\n<h3>4. Het leven is een feest, maar je moet zelf de partybus regelen.<\/h3>\n<p><img loading=\"lazy\" decoding=\"async\" class=\"alignnone size-full wp-image-368598\" src=\"https:\/\/www.thebestsocial.media\/nl\/wp-content\/uploads\/sites\/2\/2025\/05\/Screenshot-2025-05-26-at-10.24.00.png\" alt=\"\" width=\"1114\" height=\"210\" srcset=\"https:\/\/www.thebestsocial.media\/nl\/wp-content\/uploads\/sites\/2\/2025\/05\/Screenshot-2025-05-26-at-10.24.00.png 1114w, https:\/\/www.thebestsocial.media\/nl\/wp-content\/uploads\/sites\/2\/2025\/05\/Screenshot-2025-05-26-at-10.24.00-300x57.png 300w, https:\/\/www.thebestsocial.media\/nl\/wp-content\/uploads\/sites\/2\/2025\/05\/Screenshot-2025-05-26-at-10.24.00-1024x193.png 1024w, https:\/\/www.thebestsocial.media\/nl\/wp-content\/uploads\/sites\/2\/2025\/05\/Screenshot-2025-05-26-at-10.24.00-768x145.png 768w\" sizes=\"auto, (max-width: 1114px) 100vw, 1114px\" \/><\/p>\n<p>&nbsp;<\/p>\n<h3>5. Dankzij al die beelden van de vriendengroep heeft iedereen (en z&#8217;n moeder) nu serieuze FOMO.<\/h3>\n<p><img loading=\"lazy\" decoding=\"async\" class=\"alignnone size-full wp-image-368594\" src=\"https:\/\/www.thebestsocial.media\/nl\/wp-content\/uploads\/sites\/2\/2025\/05\/Screenshot-2025-05-26-at-10.21.49.png\" alt=\"\" width=\"712\" height=\"180\" srcset=\"https:\/\/www.thebestsocial.media\/nl\/wp-content\/uploads\/sites\/2\/2025\/05\/Screenshot-2025-05-26-at-10.21.49.png 712w, https:\/\/www.thebestsocial.media\/nl\/wp-content\/uploads\/sites\/2\/2025\/05\/Screenshot-2025-05-26-at-10.21.49-300x76.png 300w\" sizes=\"auto, (max-width: 712px) 100vw, 712px\" \/><\/p>\n<p>&nbsp;<\/p>\n<h3>6. Let op onze woorden: volgend jaar staat deze vriendengroep in het voorprogramma van Suzan &amp; Freek.<\/h3>\n<p><img loading=\"lazy\" decoding=\"async\" class=\"alignnone size-full wp-image-368599\" src=\"https:\/\/www.thebestsocial.media\/nl\/wp-content\/uploads\/sites\/2\/2025\/05\/Screenshot-2025-05-26-at-10.24.08.png\" alt=\"\" width=\"474\" height=\"158\" srcset=\"https:\/\/www.thebestsocial.media\/nl\/wp-content\/uploads\/sites\/2\/2025\/05\/Screenshot-2025-05-26-at-10.24.08.png 474w, https:\/\/www.thebestsocial.media\/nl\/wp-content\/uploads\/sites\/2\/2025\/05\/Screenshot-2025-05-26-at-10.24.08-300x100.png 300w\" sizes=\"auto, (max-width: 474px) 100vw, 474px\" \/><\/p>\n<p>&nbsp;<\/p>\n<h3>7. Met trots stellen we jullie dan ook voor aan de Suzan &amp; Freek tributeband.<\/h3>\n<p><img loading=\"lazy\" decoding=\"async\" class=\"alignnone size-full wp-image-368604\" src=\"https:\/\/www.thebestsocial.media\/nl\/wp-content\/uploads\/sites\/2\/2025\/05\/C23FCF71-9CEE-4095-88A7-FFE444D66BE7.jpg\" alt=\"\" width=\"1180\" height=\"1572\" srcset=\"https:\/\/www.thebestsocial.media\/nl\/wp-content\/uploads\/sites\/2\/2025\/05\/C23FCF71-9CEE-4095-88A7-FFE444D66BE7.jpg 1180w, https:\/\/www.thebestsocial.media\/nl\/wp-content\/uploads\/sites\/2\/2025\/05\/C23FCF71-9CEE-4095-88A7-FFE444D66BE7-225x300.jpg 225w, https:\/\/www.thebestsocial.media\/nl\/wp-content\/uploads\/sites\/2\/2025\/05\/C23FCF71-9CEE-4095-88A7-FFE444D66BE7-769x1024.jpg 769w, https:\/\/www.thebestsocial.media\/nl\/wp-content\/uploads\/sites\/2\/2025\/05\/C23FCF71-9CEE-4095-88A7-FFE444D66BE7-768x1023.jpg 768w, https:\/\/www.thebestsocial.media\/nl\/wp-content\/uploads\/sites\/2\/2025\/05\/C23FCF71-9CEE-4095-88A7-FFE444D66BE7-1153x1536.jpg 1153w\" sizes=\"auto, (max-width: 1180px) 100vw, 1180px\" \/><\/p>\n<p>&nbsp;<\/p>\n<h3>8. Of als achtergrondzangers, dat kan ook.<\/h3>\n<p><img loading=\"lazy\" decoding=\"async\" class=\"alignnone wp-image-368596 size-full\" src=\"https:\/\/www.thebestsocial.media\/nl\/wp-content\/uploads\/sites\/2\/2025\/05\/Screenshot-2025-05-26-at-10.23.43.png\" alt=\"Suzan &amp; Freek\" width=\"1172\" height=\"162\" srcset=\"https:\/\/www.thebestsocial.media\/nl\/wp-content\/uploads\/sites\/2\/2025\/05\/Screenshot-2025-05-26-at-10.23.43.png 1172w, https:\/\/www.thebestsocial.media\/nl\/wp-content\/uploads\/sites\/2\/2025\/05\/Screenshot-2025-05-26-at-10.23.43-300x41.png 300w, https:\/\/www.thebestsocial.media\/nl\/wp-content\/uploads\/sites\/2\/2025\/05\/Screenshot-2025-05-26-at-10.23.43-1024x142.png 1024w, https:\/\/www.thebestsocial.media\/nl\/wp-content\/uploads\/sites\/2\/2025\/05\/Screenshot-2025-05-26-at-10.23.43-768x106.png 768w\" sizes=\"auto, (max-width: 1172px) 100vw, 1172px\" \/><\/p>\n<p>&nbsp;<\/p>\n<h3>9. &#8216;Gast, Suzan &amp; Freek is de sh*t.&#8217;<\/h3>\n<p><img loading=\"lazy\" decoding=\"async\" class=\"alignnone wp-image-368595 size-full\" src=\"https:\/\/www.thebestsocial.media\/nl\/wp-content\/uploads\/sites\/2\/2025\/05\/Screenshot-2025-05-26-at-10.21.59.png\" alt=\"Suzan &amp; Freek\" width=\"768\" height=\"162\" srcset=\"https:\/\/www.thebestsocial.media\/nl\/wp-content\/uploads\/sites\/2\/2025\/05\/Screenshot-2025-05-26-at-10.21.59.png 768w, https:\/\/www.thebestsocial.media\/nl\/wp-content\/uploads\/sites\/2\/2025\/05\/Screenshot-2025-05-26-at-10.21.59-300x63.png 300w\" sizes=\"auto, (max-width: 768px) 100vw, 768px\" \/><\/p>\n<p>&nbsp;<\/p>\n<h3>10. Ook andere concertbezoekers waren onder de indruk van de voorbereiding van de vriendengroep.<\/h3>\n<p><iframe loading=\"lazy\" src=\"\/tiktok-cache\/7507776090610437398\/7090dd42b7367e0bf3e0d0edfa12c532e27d0e6ce6b95f26347b796f\" width=\"623\" height=\"1108\" style=\"border:0; height:90vh; width:50.625000vh;\" scrolling=\"no\"><\/iframe><\/p>\n<p>&nbsp;<\/p>\n<h3>11. Biercantus. Suzan &amp; Freek concert. Potato, potato.<\/h3>\n<p><img loading=\"lazy\" decoding=\"async\" class=\"alignnone wp-image-368593 size-full\" src=\"https:\/\/www.thebestsocial.media\/nl\/wp-content\/uploads\/sites\/2\/2025\/05\/Screenshot-2025-05-26-at-10.21.34.png\" alt=\"Suzan &amp; Freek\" width=\"868\" height=\"162\" srcset=\"https:\/\/www.thebestsocial.media\/nl\/wp-content\/uploads\/sites\/2\/2025\/05\/Screenshot-2025-05-26-at-10.21.34.png 868w, https:\/\/www.thebestsocial.media\/nl\/wp-content\/uploads\/sites\/2\/2025\/05\/Screenshot-2025-05-26-at-10.21.34-300x56.png 300w, https:\/\/www.thebestsocial.media\/nl\/wp-content\/uploads\/sites\/2\/2025\/05\/Screenshot-2025-05-26-at-10.21.34-768x143.png 768w\" sizes=\"auto, (max-width: 868px) 100vw, 868px\" \/><\/p>\n<p>&nbsp;<\/p>\n<p><strong>Ben jij op zoek naar een stage? Nou, dan hebben we goed nieuws voor je. Bij The Best Social Media zijn we op zoek naar een redactiestagiair(e) voor de zomerperiode en voor de periode vanaf september 2025. Kent TikTok geen geheimen voor jou? En wil je n\u00f3g beter worden in het schrijven van artikelen? Check dan snel <a href=\"https:\/\/www.thebestsocialjobs.com\/vacature\/redactie-stagiaire\/\" target=\"_blank\" rel=\"noopener\">de vacature<\/a> op The Best Social Jobs!<\/strong><\/p>\n<blockquote class=\"instagram-media\" style=\"background: #FFF; border: 0; border-radius: 3px; box-shadow: 0 0 1px 0 rgba(0,0,0,0.5),0 1px 10px 0 rgba(0,0,0,0.15); margin: 1px; max-width: 540px; min-width: 326px; padding: 0; width: calc(100% - 2px);\" data-instgrm-permalink=\"https:\/\/www.instagram.com\/p\/DDhCg3AoQRD\/?utm_source=ig_embed&amp;utm_campaign=loading\" data-instgrm-version=\"14\">\n<div style=\"padding: 16px;\">\n<p>&nbsp;<\/p>\n<div style=\"display: flex; flex-direction: row; align-items: center;\">\n<div style=\"background-color: #f4f4f4; border-radius: 50%; flex-grow: 0; height: 40px; margin-right: 14px; width: 40px;\"><\/div>\n<div style=\"display: flex; flex-direction: column; flex-grow: 1; justify-content: center;\">\n<div style=\"background-color: #f4f4f4; border-radius: 4px; flex-grow: 0; height: 14px; margin-bottom: 6px; width: 100px;\"><\/div>\n<div style=\"background-color: #f4f4f4; border-radius: 4px; flex-grow: 0; height: 14px; width: 60px;\"><\/div>\n<\/div>\n<\/div>\n<div style=\"padding: 19% 0;\"><\/div>\n<div style=\"display: block; height: 50px; margin: 0 auto 12px; width: 50px;\"><\/div>\n<div style=\"padding-top: 8px;\">\n<div style=\"color: #3897f0; font-family: Arial,sans-serif; font-size: 14px; font-style: normal; font-weight: 550; line-height: 18px;\">Dit bericht op Instagram bekijken<\/div>\n<\/div>\n<div style=\"padding: 12.5% 0;\"><\/div>\n<div style=\"display: flex; flex-direction: row; margin-bottom: 14px; align-items: center;\">\n<div>\n<div style=\"background-color: #f4f4f4; border-radius: 50%; height: 12.5px; width: 12.5px; transform: translateX(0px) translateY(7px);\"><\/div>\n<div style=\"background-color: #f4f4f4; height: 12.5px; transform: rotate(-45deg) translateX(3px) translateY(1px); width: 12.5px; flex-grow: 0; margin-right: 14px; margin-left: 2px;\"><\/div>\n<div style=\"background-color: #f4f4f4; border-radius: 50%; height: 12.5px; width: 12.5px; transform: translateX(9px) translateY(-18px);\"><\/div>\n<\/div>\n<div style=\"margin-left: 8px;\">\n<div style=\"background-color: #f4f4f4; border-radius: 50%; flex-grow: 0; height: 20px; width: 20px;\"><\/div>\n<div style=\"width: 0; height: 0; border-top: 2px solid transparent; border-left: 6px solid #f4f4f4; border-bottom: 2px solid transparent; transform: translateX(16px) translateY(-4px) rotate(30deg);\"><\/div>\n<\/div>\n<div style=\"margin-left: auto;\">\n<div style=\"width: 0px; border-top: 8px solid #F4F4F4; border-right: 8px solid transparent; transform: translateY(16px);\"><\/div>\n<div style=\"background-color: #f4f4f4; flex-grow: 0; height: 12px; width: 16px; transform: translateY(-4px);\"><\/div>\n<div style=\"width: 0; height: 0; border-top: 8px solid #F4F4F4; border-left: 8px solid transparent; transform: translateY(-4px) translateX(8px);\"><\/div>\n<\/div>\n<\/div>\n<div style=\"display: flex; flex-direction: column; flex-grow: 1; justify-content: center; margin-bottom: 24px;\">\n<div style=\"background-color: #f4f4f4; border-radius: 4px; flex-grow: 0; height: 14px; margin-bottom: 6px; width: 224px;\"><\/div>\n<div style=\"background-color: #f4f4f4; border-radius: 4px; flex-grow: 0; height: 14px; width: 144px;\"><\/div>\n<\/div>\n<p>&nbsp;<\/p>\n<p style=\"color: #c9c8cd; font-family: Arial,sans-serif; font-size: 14px; line-height: 17px; margin-bottom: 0; margin-top: 8px; overflow: hidden; padding: 8px 0 7px; text-align: center; text-overflow: ellipsis; white-space: nowrap;\"><a style=\"color: #c9c8cd; font-family: Arial,sans-serif; font-size: 14px; font-style: normal; font-weight: normal; line-height: 17px; text-decoration: none;\" href=\"https:\/\/www.instagram.com\/p\/DDhCg3AoQRD\/?utm_source=ig_embed&amp;utm_campaign=loading\" target=\"_blank\" rel=\"noopener\">Een bericht gedeeld door The Best Social (@thebestsocial)<\/a><\/p>\n<\/div>\n<\/blockquote>\n\n<script async defer src=\"\/instagram-embed.js\"><\/script>","protected":false},"excerpt":{"rendered":"<p>Er zijn een paar artiesten in de wereld die je gewoon een keer gezien m\u00f3\u00e9t hebben. Denk aan Adele, Beyonc\u00e9, Coldplay en Taylor Swift. Maar&#8230;<\/p>\n","protected":false},"author":96,"featured_media":368686,"comment_status":"open","ping_status":"open","sticky":false,"template":"","format":"standard","meta":{"_acf_changed":false,"footnotes":""},"categories":[16,17],"tags":[1048,2998,6329],"class_list":["post-368589","post","type-post","status-publish","format-standard","has-post-thumbnail","hentry","category-blogs","category-nieuws","tag-concert","tag-suzan-freek","tag-ziggo-dome"],"acf":[],"yoast_head":"<!-- This site is optimized with the Yoast SEO plugin v27.4 - https:\/\/yoast.com\/product\/yoast-seo-wordpress\/ -->\n<title>Vrienden bereiden zich optimaal voor op concert Suzan &amp; Freek<\/title>\n<meta name=\"description\" content=\"Nederlanders grepen dit weekend massaal hun kans om Suzan &amp; Freek live te zien, waaronder ook de vriendengroep van Leen.\" \/>\n<meta name=\"robots\" content=\"index, follow, max-snippet:-1, max-image-preview:large, max-video-preview:-1\" \/>\n<link rel=\"canonical\" href=\"https:\/\/www.thebestsocial.media\/nl\/vriendengroep-suzan-freek-ziggo-dome-concert-voorbereiding\/\" \/>\n<meta property=\"og:locale\" content=\"nl_NL\" \/>\n<meta property=\"og:type\" content=\"article\" \/>\n<meta property=\"og:title\" content=\"Vriendengroep bereidt zich optimaal voor op concert Suzan &amp; Freek en dat is Goud waard\" \/>\n<meta property=\"og:description\" content=\"Nederlanders grepen dit weekend massaal hun kans om Suzan &amp; Freek live te zien, waaronder ook de vriendengroep van Leen.\" \/>\n<meta property=\"og:url\" content=\"https:\/\/www.thebestsocial.media\/nl\/vriendengroep-suzan-freek-ziggo-dome-concert-voorbereiding\/\" \/>\n<meta property=\"og:site_name\" content=\"The Best Social Media NL\" \/>\n<meta property=\"article:published_time\" content=\"2025-05-26T09:49:29+00:00\" \/>\n<meta property=\"article:modified_time\" content=\"2025-05-26T10:29:29+00:00\" \/>\n<meta property=\"og:image\" content=\"https:\/\/www.thebestsocial.media\/nl\/wp-content\/uploads\/sites\/2\/2025\/05\/header-11.png\" \/>\n\t<meta property=\"og:image:width\" content=\"1200\" \/>\n\t<meta property=\"og:image:height\" content=\"630\" \/>\n\t<meta property=\"og:image:type\" content=\"image\/png\" \/>\n<meta name=\"author\" content=\"yannick\" \/>\n<meta name=\"twitter:card\" content=\"summary_large_image\" \/>\n<meta name=\"twitter:title\" content=\"Vriendengroep bereidt zich optimaal voor op concert Suzan &amp; Freek en dat is Goud waard\" \/>\n<meta name=\"twitter:description\" content=\"Nederlanders grepen dit weekend massaal hun kans om Suzan &amp; Freek live te zien, waaronder ook de vriendengroep van Leen.\" \/>\n<meta name=\"twitter:image\" content=\"https:\/\/www.thebestsocial.media\/nl\/wp-content\/uploads\/sites\/2\/2025\/05\/header-11.png\" \/>\n<meta name=\"twitter:label1\" content=\"Geschreven door\" \/>\n\t<meta name=\"twitter:data1\" content=\"yannick\" \/>\n\t<meta name=\"twitter:label2\" content=\"Geschatte leestijd\" \/>\n\t<meta name=\"twitter:data2\" content=\"4 minuten\" \/>\n<script type=\"application\/ld+json\" class=\"yoast-schema-graph\">{\"@context\":\"https:\\\/\\\/schema.org\",\"@graph\":[{\"@type\":\"Article\",\"@id\":\"https:\\\/\\\/www.thebestsocial.media\\\/nl\\\/vriendengroep-suzan-freek-ziggo-dome-concert-voorbereiding\\\/#article\",\"isPartOf\":{\"@id\":\"https:\\\/\\\/www.thebestsocial.media\\\/nl\\\/vriendengroep-suzan-freek-ziggo-dome-concert-voorbereiding\\\/\"},\"author\":{\"name\":\"yannick\",\"@id\":\"https:\\\/\\\/www.thebestsocial.media\\\/nl\\\/#\\\/schema\\\/person\\\/2b65a07de209cd1d416a21f959fdf166\"},\"headline\":\"Vriendengroep bereidt zich optimaal voor op concert Suzan &#038; Freek en dat is Goud waard\",\"datePublished\":\"2025-05-26T09:49:29+00:00\",\"dateModified\":\"2025-05-26T10:29:29+00:00\",\"mainEntityOfPage\":{\"@id\":\"https:\\\/\\\/www.thebestsocial.media\\\/nl\\\/vriendengroep-suzan-freek-ziggo-dome-concert-voorbereiding\\\/\"},\"wordCount\":371,\"commentCount\":0,\"image\":{\"@id\":\"https:\\\/\\\/www.thebestsocial.media\\\/nl\\\/vriendengroep-suzan-freek-ziggo-dome-concert-voorbereiding\\\/#primaryimage\"},\"thumbnailUrl\":\"https:\\\/\\\/www.thebestsocial.media\\\/nl\\\/wp-content\\\/uploads\\\/sites\\\/2\\\/2025\\\/05\\\/uitgelicht-11.png\",\"keywords\":[\"concert\",\"Suzan &amp; Freek\",\"Ziggo Dome\"],\"articleSection\":[\"Blogs\",\"Nieuws\"],\"inLanguage\":\"nl-NL\",\"potentialAction\":[{\"@type\":\"CommentAction\",\"name\":\"Comment\",\"target\":[\"https:\\\/\\\/www.thebestsocial.media\\\/nl\\\/vriendengroep-suzan-freek-ziggo-dome-concert-voorbereiding\\\/#respond\"]}]},{\"@type\":\"WebPage\",\"@id\":\"https:\\\/\\\/www.thebestsocial.media\\\/nl\\\/vriendengroep-suzan-freek-ziggo-dome-concert-voorbereiding\\\/\",\"url\":\"https:\\\/\\\/www.thebestsocial.media\\\/nl\\\/vriendengroep-suzan-freek-ziggo-dome-concert-voorbereiding\\\/\",\"name\":\"Vrienden bereiden zich optimaal voor op concert Suzan & Freek\",\"isPartOf\":{\"@id\":\"https:\\\/\\\/www.thebestsocial.media\\\/nl\\\/#website\"},\"primaryImageOfPage\":{\"@id\":\"https:\\\/\\\/www.thebestsocial.media\\\/nl\\\/vriendengroep-suzan-freek-ziggo-dome-concert-voorbereiding\\\/#primaryimage\"},\"image\":{\"@id\":\"https:\\\/\\\/www.thebestsocial.media\\\/nl\\\/vriendengroep-suzan-freek-ziggo-dome-concert-voorbereiding\\\/#primaryimage\"},\"thumbnailUrl\":\"https:\\\/\\\/www.thebestsocial.media\\\/nl\\\/wp-content\\\/uploads\\\/sites\\\/2\\\/2025\\\/05\\\/uitgelicht-11.png\",\"datePublished\":\"2025-05-26T09:49:29+00:00\",\"dateModified\":\"2025-05-26T10:29:29+00:00\",\"author\":{\"@id\":\"https:\\\/\\\/www.thebestsocial.media\\\/nl\\\/#\\\/schema\\\/person\\\/2b65a07de209cd1d416a21f959fdf166\"},\"description\":\"Nederlanders grepen dit weekend massaal hun kans om Suzan & Freek live te zien, waaronder ook de vriendengroep van Leen.\",\"breadcrumb\":{\"@id\":\"https:\\\/\\\/www.thebestsocial.media\\\/nl\\\/vriendengroep-suzan-freek-ziggo-dome-concert-voorbereiding\\\/#breadcrumb\"},\"inLanguage\":\"nl-NL\",\"potentialAction\":[{\"@type\":\"ReadAction\",\"target\":[\"https:\\\/\\\/www.thebestsocial.media\\\/nl\\\/vriendengroep-suzan-freek-ziggo-dome-concert-voorbereiding\\\/\"]}]},{\"@type\":\"ImageObject\",\"inLanguage\":\"nl-NL\",\"@id\":\"https:\\\/\\\/www.thebestsocial.media\\\/nl\\\/vriendengroep-suzan-freek-ziggo-dome-concert-voorbereiding\\\/#primaryimage\",\"url\":\"https:\\\/\\\/www.thebestsocial.media\\\/nl\\\/wp-content\\\/uploads\\\/sites\\\/2\\\/2025\\\/05\\\/uitgelicht-11.png\",\"contentUrl\":\"https:\\\/\\\/www.thebestsocial.media\\\/nl\\\/wp-content\\\/uploads\\\/sites\\\/2\\\/2025\\\/05\\\/uitgelicht-11.png\",\"width\":1200,\"height\":630,\"caption\":\"Suzan & Freek\"},{\"@type\":\"BreadcrumbList\",\"@id\":\"https:\\\/\\\/www.thebestsocial.media\\\/nl\\\/vriendengroep-suzan-freek-ziggo-dome-concert-voorbereiding\\\/#breadcrumb\",\"itemListElement\":[{\"@type\":\"ListItem\",\"position\":1,\"name\":\"Home\",\"item\":\"https:\\\/\\\/www.thebestsocial.media\\\/nl\\\/\"},{\"@type\":\"ListItem\",\"position\":2,\"name\":\"Vriendengroep bereidt zich optimaal voor op concert Suzan &#038; Freek en dat is Goud waard\"}]},{\"@type\":\"WebSite\",\"@id\":\"https:\\\/\\\/www.thebestsocial.media\\\/nl\\\/#website\",\"url\":\"https:\\\/\\\/www.thebestsocial.media\\\/nl\\\/\",\"name\":\"The Best Social Media NL\",\"description\":\"Zoeklicht in de Digital Chaos\",\"potentialAction\":[{\"@type\":\"SearchAction\",\"target\":{\"@type\":\"EntryPoint\",\"urlTemplate\":\"https:\\\/\\\/www.thebestsocial.media\\\/nl\\\/?s={search_term_string}\"},\"query-input\":{\"@type\":\"PropertyValueSpecification\",\"valueRequired\":true,\"valueName\":\"search_term_string\"}}],\"inLanguage\":\"nl-NL\"},{\"@type\":\"Person\",\"@id\":\"https:\\\/\\\/www.thebestsocial.media\\\/nl\\\/#\\\/schema\\\/person\\\/2b65a07de209cd1d416a21f959fdf166\",\"name\":\"yannick\",\"image\":{\"@type\":\"ImageObject\",\"inLanguage\":\"nl-NL\",\"@id\":\"https:\\\/\\\/secure.gravatar.com\\\/avatar\\\/8909b7412361c45e4fc0664b3e04faa1ad03832e065a1098c95a21a0527771d4?s=96&d=mm&r=g\",\"url\":\"https:\\\/\\\/secure.gravatar.com\\\/avatar\\\/8909b7412361c45e4fc0664b3e04faa1ad03832e065a1098c95a21a0527771d4?s=96&d=mm&r=g\",\"contentUrl\":\"https:\\\/\\\/secure.gravatar.com\\\/avatar\\\/8909b7412361c45e4fc0664b3e04faa1ad03832e065a1098c95a21a0527771d4?s=96&d=mm&r=g\",\"caption\":\"yannick\"},\"description\":\"Geboren en getogen Bredanaar. Droomde altijd van een carri\u00e8re als profvoetballer, maar is gestrand in de Kelderklasse. Nu geeft ze hier onnodig 'commentaar' op sport, collega's (\u00e9\u00e9n in het bijzonder) en mensen die iconische memes niet kennen.\",\"sameAs\":[\"https:\\\/\\\/www.instagram.com\\\/yannicksnoek\\\/\",\"https:\\\/\\\/www.linkedin.com\\\/in\\\/yannick-s-743aa110b\\\/\"],\"url\":\"https:\\\/\\\/www.thebestsocial.media\\\/nl\\\/author\\\/yannick\\\/\"}]}<\/script>\n<!-- \/ Yoast SEO plugin. -->","yoast_head_json":{"title":"Vrienden bereiden zich optimaal voor op concert Suzan & Freek","description":"Nederlanders grepen dit weekend massaal hun kans om Suzan & Freek live te zien, waaronder ook de vriendengroep van Leen.","robots":{"index":"index","follow":"follow","max-snippet":"max-snippet:-1","max-image-preview":"max-image-preview:large","max-video-preview":"max-video-preview:-1"},"canonical":"https:\/\/www.thebestsocial.media\/nl\/vriendengroep-suzan-freek-ziggo-dome-concert-voorbereiding\/","og_locale":"nl_NL","og_type":"article","og_title":"Vriendengroep bereidt zich optimaal voor op concert Suzan & Freek en dat is Goud waard","og_description":"Nederlanders grepen dit weekend massaal hun kans om Suzan & Freek live te zien, waaronder ook de vriendengroep van Leen.","og_url":"https:\/\/www.thebestsocial.media\/nl\/vriendengroep-suzan-freek-ziggo-dome-concert-voorbereiding\/","og_site_name":"The Best Social Media NL","article_published_time":"2025-05-26T09:49:29+00:00","article_modified_time":"2025-05-26T10:29:29+00:00","og_image":[{"width":1200,"height":630,"url":"https:\/\/www.thebestsocial.media\/nl\/wp-content\/uploads\/sites\/2\/2025\/05\/header-11.png","type":"image\/png"}],"author":"yannick","twitter_card":"summary_large_image","twitter_title":"Vriendengroep bereidt zich optimaal voor op concert Suzan & Freek en dat is Goud waard","twitter_description":"Nederlanders grepen dit weekend massaal hun kans om Suzan & Freek live te zien, waaronder ook de vriendengroep van Leen.","twitter_image":"https:\/\/www.thebestsocial.media\/nl\/wp-content\/uploads\/sites\/2\/2025\/05\/header-11.png","twitter_misc":{"Geschreven door":"yannick","Geschatte leestijd":"4 minuten"},"schema":{"@context":"https:\/\/schema.org","@graph":[{"@type":"Article","@id":"https:\/\/www.thebestsocial.media\/nl\/vriendengroep-suzan-freek-ziggo-dome-concert-voorbereiding\/#article","isPartOf":{"@id":"https:\/\/www.thebestsocial.media\/nl\/vriendengroep-suzan-freek-ziggo-dome-concert-voorbereiding\/"},"author":{"name":"yannick","@id":"https:\/\/www.thebestsocial.media\/nl\/#\/schema\/person\/2b65a07de209cd1d416a21f959fdf166"},"headline":"Vriendengroep bereidt zich optimaal voor op concert Suzan &#038; Freek en dat is Goud waard","datePublished":"2025-05-26T09:49:29+00:00","dateModified":"2025-05-26T10:29:29+00:00","mainEntityOfPage":{"@id":"https:\/\/www.thebestsocial.media\/nl\/vriendengroep-suzan-freek-ziggo-dome-concert-voorbereiding\/"},"wordCount":371,"commentCount":0,"image":{"@id":"https:\/\/www.thebestsocial.media\/nl\/vriendengroep-suzan-freek-ziggo-dome-concert-voorbereiding\/#primaryimage"},"thumbnailUrl":"https:\/\/www.thebestsocial.media\/nl\/wp-content\/uploads\/sites\/2\/2025\/05\/uitgelicht-11.png","keywords":["concert","Suzan &amp; Freek","Ziggo Dome"],"articleSection":["Blogs","Nieuws"],"inLanguage":"nl-NL","potentialAction":[{"@type":"CommentAction","name":"Comment","target":["https:\/\/www.thebestsocial.media\/nl\/vriendengroep-suzan-freek-ziggo-dome-concert-voorbereiding\/#respond"]}]},{"@type":"WebPage","@id":"https:\/\/www.thebestsocial.media\/nl\/vriendengroep-suzan-freek-ziggo-dome-concert-voorbereiding\/","url":"https:\/\/www.thebestsocial.media\/nl\/vriendengroep-suzan-freek-ziggo-dome-concert-voorbereiding\/","name":"Vrienden bereiden zich optimaal voor op concert Suzan & Freek","isPartOf":{"@id":"https:\/\/www.thebestsocial.media\/nl\/#website"},"primaryImageOfPage":{"@id":"https:\/\/www.thebestsocial.media\/nl\/vriendengroep-suzan-freek-ziggo-dome-concert-voorbereiding\/#primaryimage"},"image":{"@id":"https:\/\/www.thebestsocial.media\/nl\/vriendengroep-suzan-freek-ziggo-dome-concert-voorbereiding\/#primaryimage"},"thumbnailUrl":"https:\/\/www.thebestsocial.media\/nl\/wp-content\/uploads\/sites\/2\/2025\/05\/uitgelicht-11.png","datePublished":"2025-05-26T09:49:29+00:00","dateModified":"2025-05-26T10:29:29+00:00","author":{"@id":"https:\/\/www.thebestsocial.media\/nl\/#\/schema\/person\/2b65a07de209cd1d416a21f959fdf166"},"description":"Nederlanders grepen dit weekend massaal hun kans om Suzan & Freek live te zien, waaronder ook de vriendengroep van Leen.","breadcrumb":{"@id":"https:\/\/www.thebestsocial.media\/nl\/vriendengroep-suzan-freek-ziggo-dome-concert-voorbereiding\/#breadcrumb"},"inLanguage":"nl-NL","potentialAction":[{"@type":"ReadAction","target":["https:\/\/www.thebestsocial.media\/nl\/vriendengroep-suzan-freek-ziggo-dome-concert-voorbereiding\/"]}]},{"@type":"ImageObject","inLanguage":"nl-NL","@id":"https:\/\/www.thebestsocial.media\/nl\/vriendengroep-suzan-freek-ziggo-dome-concert-voorbereiding\/#primaryimage","url":"https:\/\/www.thebestsocial.media\/nl\/wp-content\/uploads\/sites\/2\/2025\/05\/uitgelicht-11.png","contentUrl":"https:\/\/www.thebestsocial.media\/nl\/wp-content\/uploads\/sites\/2\/2025\/05\/uitgelicht-11.png","width":1200,"height":630,"caption":"Suzan & Freek"},{"@type":"BreadcrumbList","@id":"https:\/\/www.thebestsocial.media\/nl\/vriendengroep-suzan-freek-ziggo-dome-concert-voorbereiding\/#breadcrumb","itemListElement":[{"@type":"ListItem","position":1,"name":"Home","item":"https:\/\/www.thebestsocial.media\/nl\/"},{"@type":"ListItem","position":2,"name":"Vriendengroep bereidt zich optimaal voor op concert Suzan &#038; Freek en dat is Goud waard"}]},{"@type":"WebSite","@id":"https:\/\/www.thebestsocial.media\/nl\/#website","url":"https:\/\/www.thebestsocial.media\/nl\/","name":"The Best Social Media NL","description":"Zoeklicht in de Digital Chaos","potentialAction":[{"@type":"SearchAction","target":{"@type":"EntryPoint","urlTemplate":"https:\/\/www.thebestsocial.media\/nl\/?s={search_term_string}"},"query-input":{"@type":"PropertyValueSpecification","valueRequired":true,"valueName":"search_term_string"}}],"inLanguage":"nl-NL"},{"@type":"Person","@id":"https:\/\/www.thebestsocial.media\/nl\/#\/schema\/person\/2b65a07de209cd1d416a21f959fdf166","name":"yannick","image":{"@type":"ImageObject","inLanguage":"nl-NL","@id":"https:\/\/secure.gravatar.com\/avatar\/8909b7412361c45e4fc0664b3e04faa1ad03832e065a1098c95a21a0527771d4?s=96&d=mm&r=g","url":"https:\/\/secure.gravatar.com\/avatar\/8909b7412361c45e4fc0664b3e04faa1ad03832e065a1098c95a21a0527771d4?s=96&d=mm&r=g","contentUrl":"https:\/\/secure.gravatar.com\/avatar\/8909b7412361c45e4fc0664b3e04faa1ad03832e065a1098c95a21a0527771d4?s=96&d=mm&r=g","caption":"yannick"},"description":"Geboren en getogen Bredanaar. Droomde altijd van een carri\u00e8re als profvoetballer, maar is gestrand in de Kelderklasse. Nu geeft ze hier onnodig 'commentaar' op sport, collega's (\u00e9\u00e9n in het bijzonder) en mensen die iconische memes niet kennen.","sameAs":["https:\/\/www.instagram.com\/yannicksnoek\/","https:\/\/www.linkedin.com\/in\/yannick-s-743aa110b\/"],"url":"https:\/\/www.thebestsocial.media\/nl\/author\/yannick\/"}]}},"amp_enabled":true,"_links":{"self":[{"href":"https:\/\/www.thebestsocial.media\/nl\/wp-json\/wp\/v2\/posts\/368589","targetHints":{"allow":["GET"]}}],"collection":[{"href":"https:\/\/www.thebestsocial.media\/nl\/wp-json\/wp\/v2\/posts"}],"about":[{"href":"https:\/\/www.thebestsocial.media\/nl\/wp-json\/wp\/v2\/types\/post"}],"author":[{"embeddable":true,"href":"https:\/\/www.thebestsocial.media\/nl\/wp-json\/wp\/v2\/users\/96"}],"replies":[{"embeddable":true,"href":"https:\/\/www.thebestsocial.media\/nl\/wp-json\/wp\/v2\/comments?post=368589"}],"version-history":[{"count":16,"href":"https:\/\/www.thebestsocial.media\/nl\/wp-json\/wp\/v2\/posts\/368589\/revisions"}],"predecessor-version":[{"id":368698,"href":"https:\/\/www.thebestsocial.media\/nl\/wp-json\/wp\/v2\/posts\/368589\/revisions\/368698"}],"wp:featuredmedia":[{"embeddable":true,"href":"https:\/\/www.thebestsocial.media\/nl\/wp-json\/wp\/v2\/media\/368686"}],"wp:attachment":[{"href":"https:\/\/www.thebestsocial.media\/nl\/wp-json\/wp\/v2\/media?parent=368589"}],"wp:term":[{"taxonomy":"category","embeddable":true,"href":"https:\/\/www.thebestsocial.media\/nl\/wp-json\/wp\/v2\/categories?post=368589"},{"taxonomy":"post_tag","embeddable":true,"href":"https:\/\/www.thebestsocial.media\/nl\/wp-json\/wp\/v2\/tags?post=368589"}],"curies":[{"name":"wp","href":"https:\/\/api.w.org\/{rel}","templated":true}]}}