{"id":364655,"date":"2025-05-03T08:21:19","date_gmt":"2025-05-03T07:21:19","guid":{"rendered":"https:\/\/www.thebestsocial.media\/nl\/?p=364655"},"modified":"2025-05-03T08:21:19","modified_gmt":"2025-05-03T07:21:19","slug":"tess-wil-in-biro-stappen-maar-ziet-dat-erg-opmerkelijk-onderdeel-is-gestolen","status":"publish","type":"post","link":"https:\/\/www.thebestsocial.media\/nl\/tess-wil-in-biro-stappen-maar-ziet-dat-erg-opmerkelijk-onderdeel-is-gestolen\/","title":{"rendered":"Tess wil in Bir\u00f2 stappen maar ziet dat \u00e9rg opmerkelijk onderdeel is gestolen"},"content":{"rendered":"<p class=\"p1\">Mocht je je auto al een paar keer bijna in de gracht hebben geparkeerd, of je Fiat 500 niet in een parkeervak krijgen waar de Eiffeltoren zelfs overdwars\u00a0inpast, dan is een Biro misschien wel wat voor jou. Hij is klein, mag gewoon op de rijbaan en past precies naast die dikke\u00a0<a href=\"https:\/\/www.thebestsocial.media\/nl\/verkeerd-geparkeerde-bmw-frustratie\/\">BMW<\/a>\u00a0die asociaal over twee vakken geparkeerd staat. Perfect voor in Amsterdam. Ook\u00a0<a href=\"https:\/\/www.tiktok.com\/@tesslangenbergh\">Tess<\/a>\u00a0is erg content met haar kleine vierwieler, maar kijkt toch net iets minder blij als ze het wagentje op d\u00e9ze manier aantreft\u2026<\/p>\n<p>&nbsp;<\/p>\n<h3>1. Tess staat met haar mond vol tanden als ze bij haar Bir\u00f2 aankomt en ontdekt dat er een best wel essentieel onderdeel mist.<\/h3>\n<p><iframe loading=\"lazy\" src=\"\/tiktok-cache\/7498638505673903382\/cc2f0808acfd465e91fbb23449274a4352bd005cf9418640d2fee8d3\" width=\"623\" height=\"1108\" style=\"border:0; height:90vh; width:50.625000vh;\" scrolling=\"no\"><\/iframe><\/p>\n<p>&nbsp;<\/p>\n<h3>2. Da&#8217;s pech, voorruit weg.<\/h3>\n<p><img loading=\"lazy\" decoding=\"async\" class=\"alignnone size-large wp-image-364685\" src=\"https:\/\/www.thebestsocial.media\/nl\/wp-content\/uploads\/sites\/2\/2025\/04\/biro-2.png\" alt=\"\" width=\"762\" height=\"170\" srcset=\"https:\/\/www.thebestsocial.media\/nl\/wp-content\/uploads\/sites\/2\/2025\/04\/biro-2.png 762w, https:\/\/www.thebestsocial.media\/nl\/wp-content\/uploads\/sites\/2\/2025\/04\/biro-2-300x67.png 300w\" sizes=\"auto, (max-width: 762px) 100vw, 762px\" \/><\/p>\n<p>&nbsp;<\/p>\n<h3>3. Gelukkig kan de Bir\u00f2 ook zonder dit onderdeel rijden.<\/h3>\n<p><img loading=\"lazy\" decoding=\"async\" class=\"alignnone size-large wp-image-364687\" src=\"https:\/\/www.thebestsocial.media\/nl\/wp-content\/uploads\/sites\/2\/2025\/04\/biro-4.png\" alt=\"\" width=\"752\" height=\"242\" srcset=\"https:\/\/www.thebestsocial.media\/nl\/wp-content\/uploads\/sites\/2\/2025\/04\/biro-4.png 752w, https:\/\/www.thebestsocial.media\/nl\/wp-content\/uploads\/sites\/2\/2025\/04\/biro-4-300x97.png 300w\" sizes=\"auto, (max-width: 752px) 100vw, 752px\" \/><\/p>\n<p>&nbsp;<\/p>\n<h3>4. De vraag is: wat krijg je dan voor dit onderdeel terug?<\/h3>\n<p><img loading=\"lazy\" decoding=\"async\" class=\"alignnone size-full wp-image-364684\" src=\"https:\/\/www.thebestsocial.media\/nl\/wp-content\/uploads\/sites\/2\/2025\/04\/biro-1.png\" alt=\"biro amsterdam onderdeel gestolen voorruit\" width=\"758\" height=\"198\" srcset=\"https:\/\/www.thebestsocial.media\/nl\/wp-content\/uploads\/sites\/2\/2025\/04\/biro-1.png 758w, https:\/\/www.thebestsocial.media\/nl\/wp-content\/uploads\/sites\/2\/2025\/04\/biro-1-300x78.png 300w\" sizes=\"auto, (max-width: 758px) 100vw, 758px\" \/><\/p>\n<p>&nbsp;<\/p>\n<h3>5. Iemand in Amsterdam rijdt nu rond op een fatbike met windscherm.<\/h3>\n<p><img loading=\"lazy\" decoding=\"async\" class=\"alignnone size-full wp-image-364686\" src=\"https:\/\/www.thebestsocial.media\/nl\/wp-content\/uploads\/sites\/2\/2025\/04\/biro-3.png\" alt=\"biro amsterdam onderdeel gestolen voorruit\" width=\"760\" height=\"174\" srcset=\"https:\/\/www.thebestsocial.media\/nl\/wp-content\/uploads\/sites\/2\/2025\/04\/biro-3.png 760w, https:\/\/www.thebestsocial.media\/nl\/wp-content\/uploads\/sites\/2\/2025\/04\/biro-3-300x69.png 300w\" sizes=\"auto, (max-width: 760px) 100vw, 760px\" \/><\/p>\n<p>&nbsp;<\/p>\n<h3>6. Het missende onderdeel van de Bir\u00f2 is voor Tess niet bepaald een vooruitgang.<\/h3>\n<p><img loading=\"lazy\" decoding=\"async\" class=\"alignnone size-full wp-image-364688\" src=\"https:\/\/www.thebestsocial.media\/nl\/wp-content\/uploads\/sites\/2\/2025\/04\/biro-5.png\" alt=\"biro amsterdam onderdeel gestolen voorruit\" width=\"762\" height=\"212\" srcset=\"https:\/\/www.thebestsocial.media\/nl\/wp-content\/uploads\/sites\/2\/2025\/04\/biro-5.png 762w, https:\/\/www.thebestsocial.media\/nl\/wp-content\/uploads\/sites\/2\/2025\/04\/biro-5-300x83.png 300w\" sizes=\"auto, (max-width: 762px) 100vw, 762px\" \/><\/p>\n<p>&nbsp;<\/p>\n<h3>7. Gelukkig schijnt het zonnetje.<\/h3>\n<p><img loading=\"lazy\" decoding=\"async\" class=\"alignnone size-large wp-image-364689\" src=\"https:\/\/www.thebestsocial.media\/nl\/wp-content\/uploads\/sites\/2\/2025\/04\/biro-6.png\" alt=\"\" width=\"752\" height=\"208\" srcset=\"https:\/\/www.thebestsocial.media\/nl\/wp-content\/uploads\/sites\/2\/2025\/04\/biro-6.png 752w, https:\/\/www.thebestsocial.media\/nl\/wp-content\/uploads\/sites\/2\/2025\/04\/biro-6-300x83.png 300w\" sizes=\"auto, (max-width: 752px) 100vw, 752px\" \/><\/p>\n<p>&nbsp;<\/p>\n<h3>8. Dit is gewoon de Bir\u00f2 zomereditie.<\/h3>\n<p><img loading=\"lazy\" decoding=\"async\" class=\"alignnone size-full wp-image-364690\" src=\"https:\/\/www.thebestsocial.media\/nl\/wp-content\/uploads\/sites\/2\/2025\/04\/biro-7.png\" alt=\"biro amsterdam onderdeel gestolen voorruit\" width=\"760\" height=\"176\" srcset=\"https:\/\/www.thebestsocial.media\/nl\/wp-content\/uploads\/sites\/2\/2025\/04\/biro-7.png 760w, https:\/\/www.thebestsocial.media\/nl\/wp-content\/uploads\/sites\/2\/2025\/04\/biro-7-300x69.png 300w\" sizes=\"auto, (max-width: 760px) 100vw, 760px\" \/><\/p>\n<p>&nbsp;<\/p>\n<h3>9. Nu snappen we waar A.R.K.O. vandaan komt&#8230;<\/h3>\n<p><img loading=\"lazy\" decoding=\"async\" class=\"alignnone size-large wp-image-364691\" src=\"https:\/\/www.thebestsocial.media\/nl\/wp-content\/uploads\/sites\/2\/2025\/04\/biro-8.png\" alt=\"\" width=\"758\" height=\"164\" srcset=\"https:\/\/www.thebestsocial.media\/nl\/wp-content\/uploads\/sites\/2\/2025\/04\/biro-8.png 758w, https:\/\/www.thebestsocial.media\/nl\/wp-content\/uploads\/sites\/2\/2025\/04\/biro-8-300x65.png 300w\" sizes=\"auto, (max-width: 758px) 100vw, 758px\" \/><\/p>\n<p>&nbsp;<\/p>\n<p><strong>Ben jij op zoek naar een stage? Nou, dan hebben we goed nieuws voor je. Bij The Best Social Media zijn we op zoek naar een redactiestagiair(e) voor de zomerperiode en voor de periode vanaf september 2025. Kent TikTok geen geheimen voor jou? En wil je n\u00f3g beter worden in het schrijven van artikelen? Check dan snel <a href=\"https:\/\/www.thebestsocialjobs.com\/vacature\/redactie-stagiaire\/\" target=\"_blank\" rel=\"noopener\">de vacature<\/a> op The Best Social Jobs!<\/strong><\/p>\n<blockquote class=\"instagram-media\" style=\"background: #FFF; border: 0; border-radius: 3px; box-shadow: 0 0 1px 0 rgba(0,0,0,0.5),0 1px 10px 0 rgba(0,0,0,0.15); margin: 1px; max-width: 540px; min-width: 326px; padding: 0; width: calc(100% - 2px);\" data-instgrm-permalink=\"https:\/\/www.instagram.com\/p\/DDhCg3AoQRD\/?utm_source=ig_embed&amp;utm_campaign=loading\" data-instgrm-version=\"14\">\n<div style=\"padding: 16px;\">\n<p>&nbsp;<\/p>\n<div style=\"display: flex; flex-direction: row; align-items: center;\">\n<div style=\"background-color: #f4f4f4; border-radius: 50%; flex-grow: 0; height: 40px; margin-right: 14px; width: 40px;\"><\/div>\n<div style=\"display: flex; flex-direction: column; flex-grow: 1; justify-content: center;\">\n<div style=\"background-color: #f4f4f4; border-radius: 4px; flex-grow: 0; height: 14px; margin-bottom: 6px; width: 100px;\"><\/div>\n<div style=\"background-color: #f4f4f4; border-radius: 4px; flex-grow: 0; height: 14px; width: 60px;\"><\/div>\n<\/div>\n<\/div>\n<div style=\"padding: 19% 0;\"><\/div>\n<div style=\"display: block; height: 50px; margin: 0 auto 12px; width: 50px;\"><\/div>\n<div style=\"padding-top: 8px;\">\n<div style=\"color: #3897f0; font-family: Arial,sans-serif; font-size: 14px; font-style: normal; font-weight: 550; line-height: 18px;\">Dit bericht op Instagram bekijken<\/div>\n<\/div>\n<div style=\"padding: 12.5% 0;\"><\/div>\n<div style=\"display: flex; flex-direction: row; margin-bottom: 14px; align-items: center;\">\n<div>\n<div style=\"background-color: #f4f4f4; border-radius: 50%; height: 12.5px; width: 12.5px; transform: translateX(0px) translateY(7px);\"><\/div>\n<div style=\"background-color: #f4f4f4; height: 12.5px; transform: rotate(-45deg) translateX(3px) translateY(1px); width: 12.5px; flex-grow: 0; margin-right: 14px; margin-left: 2px;\"><\/div>\n<div style=\"background-color: #f4f4f4; border-radius: 50%; height: 12.5px; width: 12.5px; transform: translateX(9px) translateY(-18px);\"><\/div>\n<\/div>\n<div style=\"margin-left: 8px;\">\n<div style=\"background-color: #f4f4f4; border-radius: 50%; flex-grow: 0; height: 20px; width: 20px;\"><\/div>\n<div style=\"width: 0; height: 0; border-top: 2px solid transparent; border-left: 6px solid #f4f4f4; border-bottom: 2px solid transparent; transform: translateX(16px) translateY(-4px) rotate(30deg);\"><\/div>\n<\/div>\n<div style=\"margin-left: auto;\">\n<div style=\"width: 0px; border-top: 8px solid #F4F4F4; border-right: 8px solid transparent; transform: translateY(16px);\"><\/div>\n<div style=\"background-color: #f4f4f4; flex-grow: 0; height: 12px; width: 16px; transform: translateY(-4px);\"><\/div>\n<div style=\"width: 0; height: 0; border-top: 8px solid #F4F4F4; border-left: 8px solid transparent; transform: translateY(-4px) translateX(8px);\"><\/div>\n<\/div>\n<\/div>\n<div style=\"display: flex; flex-direction: column; flex-grow: 1; justify-content: center; margin-bottom: 24px;\">\n<div style=\"background-color: #f4f4f4; border-radius: 4px; flex-grow: 0; height: 14px; margin-bottom: 6px; width: 224px;\"><\/div>\n<div style=\"background-color: #f4f4f4; border-radius: 4px; flex-grow: 0; height: 14px; width: 144px;\"><\/div>\n<\/div>\n<p>&nbsp;<\/p>\n<p style=\"color: #c9c8cd; font-family: Arial,sans-serif; font-size: 14px; line-height: 17px; margin-bottom: 0; margin-top: 8px; overflow: hidden; padding: 8px 0 7px; text-align: center; text-overflow: ellipsis; white-space: nowrap;\"><a style=\"color: #c9c8cd; font-family: Arial,sans-serif; font-size: 14px; font-style: normal; font-weight: normal; line-height: 17px; text-decoration: none;\" href=\"https:\/\/www.instagram.com\/p\/DDhCg3AoQRD\/?utm_source=ig_embed&amp;utm_campaign=loading\" target=\"_blank\" rel=\"noopener\">Een bericht gedeeld door The Best Social (@thebestsocial)<\/a><\/p>\n<\/div>\n<\/blockquote>\n\n<p>&nbsp;<\/p>\n<script async defer src=\"\/instagram-embed.js\"><\/script>","protected":false},"excerpt":{"rendered":"<p>Mocht je je auto al een paar keer bijna in de gracht hebben geparkeerd, of je Fiat 500 niet in een parkeervak krijgen waar de&#8230;<\/p>\n","protected":false},"author":113,"featured_media":364984,"comment_status":"open","ping_status":"open","sticky":false,"template":"","format":"standard","meta":{"_acf_changed":false,"footnotes":""},"categories":[16,17],"tags":[9196,9005,882],"class_list":["post-364655","post","type-post","status-publish","format-standard","has-post-thumbnail","hentry","category-blogs","category-nieuws","tag-biro","tag-onderdeel","tag-opmerkelijk"],"acf":[],"yoast_head":"<!-- This site is optimized with the Yoast SEO plugin v27.5 - https:\/\/yoast.com\/product\/yoast-seo-wordpress\/ -->\n<title>Tess wil in Bir\u00f2 stappen maar ziet opmerkelijk onderdeel is gestolen<\/title>\n<meta name=\"description\" content=\"Tess is erg content met haar kleine Bir\u00f2, maar kijkt toch net iets minder blij als ze het wagentje zonder d\u00edt onderdeel aantreft...\" \/>\n<meta name=\"robots\" content=\"index, follow, max-snippet:-1, max-image-preview:large, max-video-preview:-1\" \/>\n<link rel=\"canonical\" href=\"https:\/\/www.thebestsocial.media\/nl\/tess-wil-in-biro-stappen-maar-ziet-dat-erg-opmerkelijk-onderdeel-is-gestolen\/\" \/>\n<meta property=\"og:locale\" content=\"nl_NL\" \/>\n<meta property=\"og:type\" content=\"article\" \/>\n<meta property=\"og:title\" content=\"Tess wil in Bir\u00f2 stappen maar ziet dat \u00e9rg opmerkelijk onderdeel is gestolen\" \/>\n<meta property=\"og:description\" content=\"Tess is erg content met haar kleine Bir\u00f2, maar kijkt toch net iets minder blij als ze het wagentje zonder d\u00edt onderdeel aantreft...\" \/>\n<meta property=\"og:url\" content=\"https:\/\/www.thebestsocial.media\/nl\/tess-wil-in-biro-stappen-maar-ziet-dat-erg-opmerkelijk-onderdeel-is-gestolen\/\" \/>\n<meta property=\"og:site_name\" content=\"The Best Social Media NL\" \/>\n<meta property=\"article:published_time\" content=\"2025-05-03T07:21:19+00:00\" \/>\n<meta property=\"og:image\" content=\"https:\/\/www.thebestsocial.media\/nl\/wp-content\/uploads\/sites\/2\/2025\/05\/header-biro.png\" \/>\n\t<meta property=\"og:image:width\" content=\"1200\" \/>\n\t<meta property=\"og:image:height\" content=\"630\" \/>\n\t<meta property=\"og:image:type\" content=\"image\/png\" \/>\n<meta name=\"author\" content=\"liannekleinjan\" \/>\n<meta name=\"twitter:card\" content=\"summary_large_image\" \/>\n<meta name=\"twitter:title\" content=\"Tess wil in Bir\u00f2 stappen maar ziet dat \u00e9rg opmerkelijk onderdeel is gestolen\" \/>\n<meta name=\"twitter:description\" content=\"Tess is erg content met haar kleine Bir\u00f2, maar kijkt toch net iets minder blij als ze het wagentje zonder d\u00edt onderdeel aantreft...\" \/>\n<meta name=\"twitter:image\" content=\"https:\/\/www.thebestsocial.media\/nl\/wp-content\/uploads\/sites\/2\/2025\/05\/header-biro.png\" \/>\n<meta name=\"twitter:label1\" content=\"Geschreven door\" \/>\n\t<meta name=\"twitter:data1\" content=\"liannekleinjan\" \/>\n\t<meta name=\"twitter:label2\" content=\"Geschatte leestijd\" \/>\n\t<meta name=\"twitter:data2\" content=\"4 minuten\" \/>\n<script type=\"application\/ld+json\" class=\"yoast-schema-graph\">{\"@context\":\"https:\\\/\\\/schema.org\",\"@graph\":[{\"@type\":\"Article\",\"@id\":\"https:\\\/\\\/www.thebestsocial.media\\\/nl\\\/tess-wil-in-biro-stappen-maar-ziet-dat-erg-opmerkelijk-onderdeel-is-gestolen\\\/#article\",\"isPartOf\":{\"@id\":\"https:\\\/\\\/www.thebestsocial.media\\\/nl\\\/tess-wil-in-biro-stappen-maar-ziet-dat-erg-opmerkelijk-onderdeel-is-gestolen\\\/\"},\"author\":{\"name\":\"liannekleinjan\",\"@id\":\"https:\\\/\\\/www.thebestsocial.media\\\/nl\\\/#\\\/schema\\\/person\\\/9c2ae078b3fb8fbbe67dfeb1591773e5\"},\"headline\":\"Tess wil in Bir\u00f2 stappen maar ziet dat \u00e9rg opmerkelijk onderdeel is gestolen\",\"datePublished\":\"2025-05-03T07:21:19+00:00\",\"mainEntityOfPage\":{\"@id\":\"https:\\\/\\\/www.thebestsocial.media\\\/nl\\\/tess-wil-in-biro-stappen-maar-ziet-dat-erg-opmerkelijk-onderdeel-is-gestolen\\\/\"},\"wordCount\":295,\"commentCount\":0,\"image\":{\"@id\":\"https:\\\/\\\/www.thebestsocial.media\\\/nl\\\/tess-wil-in-biro-stappen-maar-ziet-dat-erg-opmerkelijk-onderdeel-is-gestolen\\\/#primaryimage\"},\"thumbnailUrl\":\"https:\\\/\\\/www.thebestsocial.media\\\/nl\\\/wp-content\\\/uploads\\\/sites\\\/2\\\/2025\\\/05\\\/afbeelding-biro.png\",\"keywords\":[\"Biro\",\"onderdeel\",\"opmerkelijk\"],\"articleSection\":[\"Blogs\",\"Nieuws\"],\"inLanguage\":\"nl-NL\",\"potentialAction\":[{\"@type\":\"CommentAction\",\"name\":\"Comment\",\"target\":[\"https:\\\/\\\/www.thebestsocial.media\\\/nl\\\/tess-wil-in-biro-stappen-maar-ziet-dat-erg-opmerkelijk-onderdeel-is-gestolen\\\/#respond\"]}]},{\"@type\":\"WebPage\",\"@id\":\"https:\\\/\\\/www.thebestsocial.media\\\/nl\\\/tess-wil-in-biro-stappen-maar-ziet-dat-erg-opmerkelijk-onderdeel-is-gestolen\\\/\",\"url\":\"https:\\\/\\\/www.thebestsocial.media\\\/nl\\\/tess-wil-in-biro-stappen-maar-ziet-dat-erg-opmerkelijk-onderdeel-is-gestolen\\\/\",\"name\":\"Tess wil in Bir\u00f2 stappen maar ziet opmerkelijk onderdeel is gestolen\",\"isPartOf\":{\"@id\":\"https:\\\/\\\/www.thebestsocial.media\\\/nl\\\/#website\"},\"primaryImageOfPage\":{\"@id\":\"https:\\\/\\\/www.thebestsocial.media\\\/nl\\\/tess-wil-in-biro-stappen-maar-ziet-dat-erg-opmerkelijk-onderdeel-is-gestolen\\\/#primaryimage\"},\"image\":{\"@id\":\"https:\\\/\\\/www.thebestsocial.media\\\/nl\\\/tess-wil-in-biro-stappen-maar-ziet-dat-erg-opmerkelijk-onderdeel-is-gestolen\\\/#primaryimage\"},\"thumbnailUrl\":\"https:\\\/\\\/www.thebestsocial.media\\\/nl\\\/wp-content\\\/uploads\\\/sites\\\/2\\\/2025\\\/05\\\/afbeelding-biro.png\",\"datePublished\":\"2025-05-03T07:21:19+00:00\",\"author\":{\"@id\":\"https:\\\/\\\/www.thebestsocial.media\\\/nl\\\/#\\\/schema\\\/person\\\/9c2ae078b3fb8fbbe67dfeb1591773e5\"},\"description\":\"Tess is erg content met haar kleine Bir\u00f2, maar kijkt toch net iets minder blij als ze het wagentje zonder d\u00edt onderdeel aantreft...\",\"breadcrumb\":{\"@id\":\"https:\\\/\\\/www.thebestsocial.media\\\/nl\\\/tess-wil-in-biro-stappen-maar-ziet-dat-erg-opmerkelijk-onderdeel-is-gestolen\\\/#breadcrumb\"},\"inLanguage\":\"nl-NL\",\"potentialAction\":[{\"@type\":\"ReadAction\",\"target\":[\"https:\\\/\\\/www.thebestsocial.media\\\/nl\\\/tess-wil-in-biro-stappen-maar-ziet-dat-erg-opmerkelijk-onderdeel-is-gestolen\\\/\"]}]},{\"@type\":\"ImageObject\",\"inLanguage\":\"nl-NL\",\"@id\":\"https:\\\/\\\/www.thebestsocial.media\\\/nl\\\/tess-wil-in-biro-stappen-maar-ziet-dat-erg-opmerkelijk-onderdeel-is-gestolen\\\/#primaryimage\",\"url\":\"https:\\\/\\\/www.thebestsocial.media\\\/nl\\\/wp-content\\\/uploads\\\/sites\\\/2\\\/2025\\\/05\\\/afbeelding-biro.png\",\"contentUrl\":\"https:\\\/\\\/www.thebestsocial.media\\\/nl\\\/wp-content\\\/uploads\\\/sites\\\/2\\\/2025\\\/05\\\/afbeelding-biro.png\",\"width\":1200,\"height\":630,\"caption\":\"bir\u00f2 onderdeel gestolen\"},{\"@type\":\"BreadcrumbList\",\"@id\":\"https:\\\/\\\/www.thebestsocial.media\\\/nl\\\/tess-wil-in-biro-stappen-maar-ziet-dat-erg-opmerkelijk-onderdeel-is-gestolen\\\/#breadcrumb\",\"itemListElement\":[{\"@type\":\"ListItem\",\"position\":1,\"name\":\"Home\",\"item\":\"https:\\\/\\\/www.thebestsocial.media\\\/nl\\\/\"},{\"@type\":\"ListItem\",\"position\":2,\"name\":\"Tess wil in Bir\u00f2 stappen maar ziet dat \u00e9rg opmerkelijk onderdeel is gestolen\"}]},{\"@type\":\"WebSite\",\"@id\":\"https:\\\/\\\/www.thebestsocial.media\\\/nl\\\/#website\",\"url\":\"https:\\\/\\\/www.thebestsocial.media\\\/nl\\\/\",\"name\":\"The Best Social Media NL\",\"description\":\"Zoeklicht in de Digital Chaos\",\"potentialAction\":[{\"@type\":\"SearchAction\",\"target\":{\"@type\":\"EntryPoint\",\"urlTemplate\":\"https:\\\/\\\/www.thebestsocial.media\\\/nl\\\/?s={search_term_string}\"},\"query-input\":{\"@type\":\"PropertyValueSpecification\",\"valueRequired\":true,\"valueName\":\"search_term_string\"}}],\"inLanguage\":\"nl-NL\"},{\"@type\":\"Person\",\"@id\":\"https:\\\/\\\/www.thebestsocial.media\\\/nl\\\/#\\\/schema\\\/person\\\/9c2ae078b3fb8fbbe67dfeb1591773e5\",\"name\":\"liannekleinjan\",\"image\":{\"@type\":\"ImageObject\",\"inLanguage\":\"nl-NL\",\"@id\":\"https:\\\/\\\/secure.gravatar.com\\\/avatar\\\/de6ae0d16c703aedc67ac2019980bb151ad25a4de012d75ec87d18746997520d?s=96&d=mm&r=g\",\"url\":\"https:\\\/\\\/secure.gravatar.com\\\/avatar\\\/de6ae0d16c703aedc67ac2019980bb151ad25a4de012d75ec87d18746997520d?s=96&d=mm&r=g\",\"contentUrl\":\"https:\\\/\\\/secure.gravatar.com\\\/avatar\\\/de6ae0d16c703aedc67ac2019980bb151ad25a4de012d75ec87d18746997520d?s=96&d=mm&r=g\",\"caption\":\"liannekleinjan\"},\"description\":\"Bredase voetbalsupporter met een voorliefde voor taal. Houdt van dichten en kijkt te veel kattenfilmpjes op Tiktok. Maakt de hele dag door woordgrappen en krijgt daar nu eindelijk ook waardering voor.\",\"sameAs\":[\"https:\\\/\\\/www.linkedin.com\\\/in\\\/lianne-kleinjan-3b52a462\\\/\"],\"url\":\"https:\\\/\\\/www.thebestsocial.media\\\/nl\\\/author\\\/liannekleinjan\\\/\"}]}<\/script>\n<!-- \/ Yoast SEO plugin. -->","yoast_head_json":{"title":"Tess wil in Bir\u00f2 stappen maar ziet opmerkelijk onderdeel is gestolen","description":"Tess is erg content met haar kleine Bir\u00f2, maar kijkt toch net iets minder blij als ze het wagentje zonder d\u00edt onderdeel aantreft...","robots":{"index":"index","follow":"follow","max-snippet":"max-snippet:-1","max-image-preview":"max-image-preview:large","max-video-preview":"max-video-preview:-1"},"canonical":"https:\/\/www.thebestsocial.media\/nl\/tess-wil-in-biro-stappen-maar-ziet-dat-erg-opmerkelijk-onderdeel-is-gestolen\/","og_locale":"nl_NL","og_type":"article","og_title":"Tess wil in Bir\u00f2 stappen maar ziet dat \u00e9rg opmerkelijk onderdeel is gestolen","og_description":"Tess is erg content met haar kleine Bir\u00f2, maar kijkt toch net iets minder blij als ze het wagentje zonder d\u00edt onderdeel aantreft...","og_url":"https:\/\/www.thebestsocial.media\/nl\/tess-wil-in-biro-stappen-maar-ziet-dat-erg-opmerkelijk-onderdeel-is-gestolen\/","og_site_name":"The Best Social Media NL","article_published_time":"2025-05-03T07:21:19+00:00","og_image":[{"width":1200,"height":630,"url":"https:\/\/www.thebestsocial.media\/nl\/wp-content\/uploads\/sites\/2\/2025\/05\/header-biro.png","type":"image\/png"}],"author":"liannekleinjan","twitter_card":"summary_large_image","twitter_title":"Tess wil in Bir\u00f2 stappen maar ziet dat \u00e9rg opmerkelijk onderdeel is gestolen","twitter_description":"Tess is erg content met haar kleine Bir\u00f2, maar kijkt toch net iets minder blij als ze het wagentje zonder d\u00edt onderdeel aantreft...","twitter_image":"https:\/\/www.thebestsocial.media\/nl\/wp-content\/uploads\/sites\/2\/2025\/05\/header-biro.png","twitter_misc":{"Geschreven door":"liannekleinjan","Geschatte leestijd":"4 minuten"},"schema":{"@context":"https:\/\/schema.org","@graph":[{"@type":"Article","@id":"https:\/\/www.thebestsocial.media\/nl\/tess-wil-in-biro-stappen-maar-ziet-dat-erg-opmerkelijk-onderdeel-is-gestolen\/#article","isPartOf":{"@id":"https:\/\/www.thebestsocial.media\/nl\/tess-wil-in-biro-stappen-maar-ziet-dat-erg-opmerkelijk-onderdeel-is-gestolen\/"},"author":{"name":"liannekleinjan","@id":"https:\/\/www.thebestsocial.media\/nl\/#\/schema\/person\/9c2ae078b3fb8fbbe67dfeb1591773e5"},"headline":"Tess wil in Bir\u00f2 stappen maar ziet dat \u00e9rg opmerkelijk onderdeel is gestolen","datePublished":"2025-05-03T07:21:19+00:00","mainEntityOfPage":{"@id":"https:\/\/www.thebestsocial.media\/nl\/tess-wil-in-biro-stappen-maar-ziet-dat-erg-opmerkelijk-onderdeel-is-gestolen\/"},"wordCount":295,"commentCount":0,"image":{"@id":"https:\/\/www.thebestsocial.media\/nl\/tess-wil-in-biro-stappen-maar-ziet-dat-erg-opmerkelijk-onderdeel-is-gestolen\/#primaryimage"},"thumbnailUrl":"https:\/\/www.thebestsocial.media\/nl\/wp-content\/uploads\/sites\/2\/2025\/05\/afbeelding-biro.png","keywords":["Biro","onderdeel","opmerkelijk"],"articleSection":["Blogs","Nieuws"],"inLanguage":"nl-NL","potentialAction":[{"@type":"CommentAction","name":"Comment","target":["https:\/\/www.thebestsocial.media\/nl\/tess-wil-in-biro-stappen-maar-ziet-dat-erg-opmerkelijk-onderdeel-is-gestolen\/#respond"]}]},{"@type":"WebPage","@id":"https:\/\/www.thebestsocial.media\/nl\/tess-wil-in-biro-stappen-maar-ziet-dat-erg-opmerkelijk-onderdeel-is-gestolen\/","url":"https:\/\/www.thebestsocial.media\/nl\/tess-wil-in-biro-stappen-maar-ziet-dat-erg-opmerkelijk-onderdeel-is-gestolen\/","name":"Tess wil in Bir\u00f2 stappen maar ziet opmerkelijk onderdeel is gestolen","isPartOf":{"@id":"https:\/\/www.thebestsocial.media\/nl\/#website"},"primaryImageOfPage":{"@id":"https:\/\/www.thebestsocial.media\/nl\/tess-wil-in-biro-stappen-maar-ziet-dat-erg-opmerkelijk-onderdeel-is-gestolen\/#primaryimage"},"image":{"@id":"https:\/\/www.thebestsocial.media\/nl\/tess-wil-in-biro-stappen-maar-ziet-dat-erg-opmerkelijk-onderdeel-is-gestolen\/#primaryimage"},"thumbnailUrl":"https:\/\/www.thebestsocial.media\/nl\/wp-content\/uploads\/sites\/2\/2025\/05\/afbeelding-biro.png","datePublished":"2025-05-03T07:21:19+00:00","author":{"@id":"https:\/\/www.thebestsocial.media\/nl\/#\/schema\/person\/9c2ae078b3fb8fbbe67dfeb1591773e5"},"description":"Tess is erg content met haar kleine Bir\u00f2, maar kijkt toch net iets minder blij als ze het wagentje zonder d\u00edt onderdeel aantreft...","breadcrumb":{"@id":"https:\/\/www.thebestsocial.media\/nl\/tess-wil-in-biro-stappen-maar-ziet-dat-erg-opmerkelijk-onderdeel-is-gestolen\/#breadcrumb"},"inLanguage":"nl-NL","potentialAction":[{"@type":"ReadAction","target":["https:\/\/www.thebestsocial.media\/nl\/tess-wil-in-biro-stappen-maar-ziet-dat-erg-opmerkelijk-onderdeel-is-gestolen\/"]}]},{"@type":"ImageObject","inLanguage":"nl-NL","@id":"https:\/\/www.thebestsocial.media\/nl\/tess-wil-in-biro-stappen-maar-ziet-dat-erg-opmerkelijk-onderdeel-is-gestolen\/#primaryimage","url":"https:\/\/www.thebestsocial.media\/nl\/wp-content\/uploads\/sites\/2\/2025\/05\/afbeelding-biro.png","contentUrl":"https:\/\/www.thebestsocial.media\/nl\/wp-content\/uploads\/sites\/2\/2025\/05\/afbeelding-biro.png","width":1200,"height":630,"caption":"bir\u00f2 onderdeel gestolen"},{"@type":"BreadcrumbList","@id":"https:\/\/www.thebestsocial.media\/nl\/tess-wil-in-biro-stappen-maar-ziet-dat-erg-opmerkelijk-onderdeel-is-gestolen\/#breadcrumb","itemListElement":[{"@type":"ListItem","position":1,"name":"Home","item":"https:\/\/www.thebestsocial.media\/nl\/"},{"@type":"ListItem","position":2,"name":"Tess wil in Bir\u00f2 stappen maar ziet dat \u00e9rg opmerkelijk onderdeel is gestolen"}]},{"@type":"WebSite","@id":"https:\/\/www.thebestsocial.media\/nl\/#website","url":"https:\/\/www.thebestsocial.media\/nl\/","name":"The Best Social Media NL","description":"Zoeklicht in de Digital Chaos","potentialAction":[{"@type":"SearchAction","target":{"@type":"EntryPoint","urlTemplate":"https:\/\/www.thebestsocial.media\/nl\/?s={search_term_string}"},"query-input":{"@type":"PropertyValueSpecification","valueRequired":true,"valueName":"search_term_string"}}],"inLanguage":"nl-NL"},{"@type":"Person","@id":"https:\/\/www.thebestsocial.media\/nl\/#\/schema\/person\/9c2ae078b3fb8fbbe67dfeb1591773e5","name":"liannekleinjan","image":{"@type":"ImageObject","inLanguage":"nl-NL","@id":"https:\/\/secure.gravatar.com\/avatar\/de6ae0d16c703aedc67ac2019980bb151ad25a4de012d75ec87d18746997520d?s=96&d=mm&r=g","url":"https:\/\/secure.gravatar.com\/avatar\/de6ae0d16c703aedc67ac2019980bb151ad25a4de012d75ec87d18746997520d?s=96&d=mm&r=g","contentUrl":"https:\/\/secure.gravatar.com\/avatar\/de6ae0d16c703aedc67ac2019980bb151ad25a4de012d75ec87d18746997520d?s=96&d=mm&r=g","caption":"liannekleinjan"},"description":"Bredase voetbalsupporter met een voorliefde voor taal. Houdt van dichten en kijkt te veel kattenfilmpjes op Tiktok. Maakt de hele dag door woordgrappen en krijgt daar nu eindelijk ook waardering voor.","sameAs":["https:\/\/www.linkedin.com\/in\/lianne-kleinjan-3b52a462\/"],"url":"https:\/\/www.thebestsocial.media\/nl\/author\/liannekleinjan\/"}]}},"amp_enabled":true,"_links":{"self":[{"href":"https:\/\/www.thebestsocial.media\/nl\/wp-json\/wp\/v2\/posts\/364655","targetHints":{"allow":["GET"]}}],"collection":[{"href":"https:\/\/www.thebestsocial.media\/nl\/wp-json\/wp\/v2\/posts"}],"about":[{"href":"https:\/\/www.thebestsocial.media\/nl\/wp-json\/wp\/v2\/types\/post"}],"author":[{"embeddable":true,"href":"https:\/\/www.thebestsocial.media\/nl\/wp-json\/wp\/v2\/users\/113"}],"replies":[{"embeddable":true,"href":"https:\/\/www.thebestsocial.media\/nl\/wp-json\/wp\/v2\/comments?post=364655"}],"version-history":[{"count":5,"href":"https:\/\/www.thebestsocial.media\/nl\/wp-json\/wp\/v2\/posts\/364655\/revisions"}],"predecessor-version":[{"id":364980,"href":"https:\/\/www.thebestsocial.media\/nl\/wp-json\/wp\/v2\/posts\/364655\/revisions\/364980"}],"wp:featuredmedia":[{"embeddable":true,"href":"https:\/\/www.thebestsocial.media\/nl\/wp-json\/wp\/v2\/media\/364984"}],"wp:attachment":[{"href":"https:\/\/www.thebestsocial.media\/nl\/wp-json\/wp\/v2\/media?parent=364655"}],"wp:term":[{"taxonomy":"category","embeddable":true,"href":"https:\/\/www.thebestsocial.media\/nl\/wp-json\/wp\/v2\/categories?post=364655"},{"taxonomy":"post_tag","embeddable":true,"href":"https:\/\/www.thebestsocial.media\/nl\/wp-json\/wp\/v2\/tags?post=364655"}],"curies":[{"name":"wp","href":"https:\/\/api.w.org\/{rel}","templated":true}]}}