{"id":355377,"date":"2025-03-05T11:48:27","date_gmt":"2025-03-05T10:48:27","guid":{"rendered":"https:\/\/www.thebestsocial.media\/nl\/?p=355377"},"modified":"2025-03-05T11:48:27","modified_gmt":"2025-03-05T10:48:27","slug":"parkeerplaats-elektrische-auto-kortsluiting-parkeren","status":"publish","type":"post","link":"https:\/\/www.thebestsocial.media\/nl\/parkeerplaats-elektrische-auto-kortsluiting-parkeren\/","title":{"rendered":"Automobilisten krijgen kortsluiting door vraag over parkeren op laadpunten"},"content":{"rendered":"<p>Het is algemeen bekend dat parkeren hogere wiskunde is, iets wat een groot deel van de Nederlandse bevolking maar niet onder de knie krijgt. Zelfs niet met driehonderd piepjes die uit alle hoeken van je Fiat Multipla komen \u00e9n de aangegeven lijnen op de parkeerplaats. Ook het vinden van een parkeerplek is vaak niet bepaald appeltje-eitje. Daarom besluit een <a href=\"https:\/\/www.thebestsocial.media\/nl\/automobilist-vindt-bizar-briefje-op-auto-en-wordt-toch-een-beetje-bang\/\" target=\"_blank\" rel=\"noopener\">automobilist<\/a> z&#8217;n benzineauto neer te zetten op een parkeerplek die bedoeld is voor het opladen van elektrische auto&#8217;s. Er wordt een boete uitgeschreven, maar de automobilist heeft een weerwoord waardoor <a href=\"https:\/\/x.com\/politie_johan\/status\/1896846154333405685?ref_src=twsrc%5Etfw%7Ctwcamp%5Etweetembed%7Ctwterm%5E1896846154333405685%7Ctwgr%5Ef9b11a5d32a7e271e8a9ec7c2ed69156212a5a3c%7Ctwcon%5Es1_&amp;ref_url=https%3A%2F%2Fwww.thebestsocial.media%2Fnl%2F%3Fp%3D355377\" target=\"_blank\" rel=\"noopener\">politieagent Johan<\/a> met zijn mond vol tanden staat.<\/p>\n<p><em><strong>Lees ook:<\/strong> <a href=\"https:\/\/www.thebestsocial.media\/nl\/date-valentijnsdag-valentijn-relatie-liefde-intertoys\/\" target=\"_blank\" rel=\"noopener\">8 dateverhalen waar zelfs Cupido z&#8217;n wenkbrauwen door fronst <\/a><\/em><\/p>\n<p>&nbsp;<\/p>\n<h3>1. Met dit bord kun je je wel voorstellen waarom er behoorlijk wat kortsluiting bij deze automobilist ontstaat wanneer-ie een boete krijgt.<\/h3>\n<blockquote class=\"twitter-tweet\">\n<p dir=\"ltr\" lang=\"nl\">Coll docent heeft prent gehad door met benzineauto hier te parkeren. Zijn argumentatie is.. \u2018er staat niet bij \u2018uitsluitend\u2019 voor elektrische voertuigen\u2019.<br \/>\nIk moet hem het antwoord schuldig blijven.. welke kenner op X heeft hier antwoord op? \ud83d\ude04 <a href=\"https:\/\/twitter.com\/hashtag\/dtv?src=hash&amp;ref_src=twsrc%5Etfw\">#dtv<\/a> <a href=\"https:\/\/twitter.com\/hashtag\/parkeren?src=hash&amp;ref_src=twsrc%5Etfw\">#parkeren<\/a> <a href=\"https:\/\/t.co\/W7T1DHCsCv\">pic.twitter.com\/W7T1DHCsCv<\/a><\/p>\n<p>\u2014 Johan Dubbeldam (@politie_johan) <a href=\"https:\/\/twitter.com\/politie_johan\/status\/1896846154333405685?ref_src=twsrc%5Etfw\">March 4, 2025<\/a><\/p><\/blockquote>\n<p><script async src=\"https:\/\/platform.twitter.com\/widgets.js\" charset=\"utf-8\"><\/script><\/p>\n<p><img decoding=\"async\" src=\"https:\/\/pbs.twimg.com\/media\/GlLzhLUWAAA0e1b?format=jpg&amp;name=large\" alt=\"Afbeelding\" \/><\/p>\n<p>&nbsp;<\/p>\n<h3>2. Voor sommigen is het meteen duidelijk: hier mag je simpelweg niet parkeren.<\/h3>\n<blockquote class=\"twitter-tweet\" data-conversation=\"none\">\n<p dir=\"ltr\" lang=\"nl\">Je mag daar alleen maar parkeren om je electrische auto op te laden.<\/p>\n<p>\u2014 Margaretha (@den_margaretha) <a href=\"https:\/\/twitter.com\/den_margaretha\/status\/1896846773358096472?ref_src=twsrc%5Etfw\">March 4, 2025<\/a><\/p><\/blockquote>\n<p><script async src=\"https:\/\/platform.twitter.com\/widgets.js\" charset=\"utf-8\"><\/script><\/p>\n<p>&nbsp;<\/p>\n<h3>3. Maar als je bij de taalpolitie zit, valt dat toch in twijfel te trekken.<\/h3>\n<blockquote class=\"twitter-tweet\" data-conversation=\"none\">\n<p dir=\"ltr\" lang=\"nl\">Taaltechnisch heeft de man gelijk<\/p>\n<p>\u2014 Rolf \ud83c\udf97\ud83d\udc9c \ud83e\udd41\ud83e\ude98\ud83c\udfbc\ud83c\udfa4\ud83c\udf99 (@Rolf_de_Jonge) <a href=\"https:\/\/twitter.com\/Rolf_de_Jonge\/status\/1896956800685273340?ref_src=twsrc%5Etfw\">March 4, 2025<\/a><\/p><\/blockquote>\n<p><script async src=\"https:\/\/platform.twitter.com\/widgets.js\" charset=\"utf-8\"><\/script><\/p>\n<p>&nbsp;<\/p>\n<h3>4. Dus gewoon parkeren, vinden anderen.<\/h3>\n<blockquote class=\"twitter-tweet\" data-conversation=\"none\">\n<p dir=\"ltr\" lang=\"nl\">Men mag hier gewoon met een benzineauto parkeren. Geen verbod dat je daar alleen mag staan met elektrische auto<\/p>\n<p>\u2014 JeronimoVdW (@Jeronimo1988) <a href=\"https:\/\/twitter.com\/Jeronimo1988\/status\/1896847770218340657?ref_src=twsrc%5Etfw\">March 4, 2025<\/a><\/p><\/blockquote>\n<p><script async src=\"https:\/\/platform.twitter.com\/widgets.js\" charset=\"utf-8\"><\/script><\/p>\n<blockquote class=\"twitter-tweet\">\n<p dir=\"ltr\" lang=\"nl\">Zo interpreteert hij hem ook ja<\/p>\n<p>\u2014 Johan Dubbeldam (@politie_johan) <a href=\"https:\/\/twitter.com\/politie_johan\/status\/1896849477052543451?ref_src=twsrc%5Etfw\">March 4, 2025<\/a><\/p><\/blockquote>\n<p><script async src=\"https:\/\/platform.twitter.com\/widgets.js\" charset=\"utf-8\"><\/script><\/p>\n<p>&nbsp;<\/p>\n<h3>5. Oh, niet?!<\/h3>\n<blockquote class=\"twitter-tweet\" data-conversation=\"none\">\n<p dir=\"ltr\" lang=\"nl\">Er staat nergens in de wet dat docenten geen bekeuringen mogen krijgen.<\/p>\n<p>\u2014 Gaston l&#8217; imparfait (@stoneboppel) <a href=\"https:\/\/twitter.com\/stoneboppel\/status\/1896980129898983535?ref_src=twsrc%5Etfw\">March 4, 2025<\/a><\/p><\/blockquote>\n<p><script async src=\"https:\/\/platform.twitter.com\/widgets.js\" charset=\"utf-8\"><\/script><\/p>\n<p>&nbsp;<\/p>\n<h3>6. Om misverstanden te voorkomen, is het misschien een strak plan om de tekst op het bord aan te passen.<\/h3>\n<blockquote class=\"twitter-tweet\" data-conversation=\"none\">\n<p dir=\"ltr\" lang=\"nl\">Dat mag; anders had er op het bord &#8216;alleen voor opladen elektrische voertuigen&#8217; moeten staan<\/p>\n<p>\u2014 Kees Vaandering (@KVaandering) <a href=\"https:\/\/twitter.com\/KVaandering\/status\/1896981163883028738?ref_src=twsrc%5Etfw\">March 4, 2025<\/a><\/p><\/blockquote>\n<p><script async src=\"https:\/\/platform.twitter.com\/widgets.js\" charset=\"utf-8\"><\/script><\/p>\n<p>&nbsp;<\/p>\n<h3>7. Uiteindelijk verlost Jennifer ons na wat graaf- en speurwerk met het langverwachte antwoord.<\/h3>\n<blockquote class=\"twitter-tweet\" data-conversation=\"none\">\n<p dir=\"ltr\" lang=\"nl\">Nou ik zou ook zeggen dat mag. Maar na speurwerk mag het dus niet \ud83d\ude02 <a href=\"https:\/\/t.co\/u2erNuhJx9\">pic.twitter.com\/u2erNuhJx9<\/a><\/p>\n<p>\u2014 Jennifer Halewijn \ud83d\udc99\ud83d\udc9b\ud83d\udd4a \u062c\u064a\u0646\u064a\u0641\u0631 (@JenSchrijft) <a href=\"https:\/\/twitter.com\/JenSchrijft\/status\/1896997736458936716?ref_src=twsrc%5Etfw\">March 4, 2025<\/a><\/p><\/blockquote>\n<p><script async src=\"https:\/\/platform.twitter.com\/widgets.js\" charset=\"utf-8\"><\/script><\/p>\n<p><img loading=\"lazy\" decoding=\"async\" class=\"alignnone\" src=\"https:\/\/pbs.twimg.com\/media\/GlN9Y0oWcAE5mua?format=jpg&amp;name=large\" alt=\"parkeren\" width=\"931\" height=\"2048\" \/><\/p>\n<p>&nbsp;<\/p>\n<h3><em><strong>Nog niet uitgelezen? Klik dan door naar <a href=\"https:\/\/www.thebestsocial.media\/nl\/bord-parkeren-linkedin-verwarrend\/\">dit artikel<\/a> over een ingewikkeld bord waardoor automobilisten in de war raken tijdens het parkeren.\u00a0<\/strong><\/em><\/h3>\n<p>&nbsp;<\/p>\n<p><strong>Over leuke content gesproken, volg je ons al op <a href=\"https:\/\/www.instagram.com\/thebestsocialmedianl\/\" target=\"_blank\" rel=\"noopener\">Instagram<\/a>?<\/strong><\/p>\n<blockquote class=\"instagram-media\" style=\"background: #FFF; border: 0; border-radius: 3px; box-shadow: 0 0 1px 0 rgba(0,0,0,0.5),0 1px 10px 0 rgba(0,0,0,0.15); margin: 1px; max-width: 540px; min-width: 326px; padding: 0; width: calc(100% - 2px);\" data-instgrm-captioned=\"\" data-instgrm-permalink=\"https:\/\/www.instagram.com\/p\/DFfUQc2J2Y2\/?utm_source=ig_embed&amp;utm_campaign=loading\" data-instgrm-version=\"14\">\n<div style=\"padding: 16px;\">\n<p>&nbsp;<\/p>\n<div style=\"display: flex; flex-direction: row; align-items: center;\">\n<div style=\"background-color: #f4f4f4; border-radius: 50%; flex-grow: 0; height: 40px; margin-right: 14px; width: 40px;\"><\/div>\n<div style=\"display: flex; flex-direction: column; flex-grow: 1; justify-content: center;\">\n<div style=\"background-color: #f4f4f4; border-radius: 4px; flex-grow: 0; height: 14px; margin-bottom: 6px; width: 100px;\"><\/div>\n<div style=\"background-color: #f4f4f4; border-radius: 4px; flex-grow: 0; height: 14px; width: 60px;\"><\/div>\n<\/div>\n<\/div>\n<div style=\"padding: 19% 0;\"><\/div>\n<div style=\"display: block; height: 50px; margin: 0 auto 12px; width: 50px;\"><\/div>\n<div style=\"padding-top: 8px;\">\n<div style=\"color: #3897f0; font-family: Arial,sans-serif; font-size: 14px; font-style: normal; font-weight: 550; line-height: 18px;\">Dit bericht op Instagram bekijken<\/div>\n<\/div>\n<div style=\"padding: 12.5% 0;\"><\/div>\n<div style=\"display: flex; flex-direction: row; margin-bottom: 14px; align-items: center;\">\n<div>\n<div style=\"background-color: #f4f4f4; border-radius: 50%; height: 12.5px; width: 12.5px; transform: translateX(0px) translateY(7px);\"><\/div>\n<div style=\"background-color: #f4f4f4; height: 12.5px; transform: rotate(-45deg) translateX(3px) translateY(1px); width: 12.5px; flex-grow: 0; margin-right: 14px; margin-left: 2px;\"><\/div>\n<div style=\"background-color: #f4f4f4; border-radius: 50%; height: 12.5px; width: 12.5px; transform: translateX(9px) translateY(-18px);\"><\/div>\n<\/div>\n<div style=\"margin-left: 8px;\">\n<div style=\"background-color: #f4f4f4; border-radius: 50%; flex-grow: 0; height: 20px; width: 20px;\"><\/div>\n<div style=\"width: 0; height: 0; border-top: 2px solid transparent; border-left: 6px solid #f4f4f4; border-bottom: 2px solid transparent; transform: translateX(16px) translateY(-4px) rotate(30deg);\"><\/div>\n<\/div>\n<div style=\"margin-left: auto;\">\n<div style=\"width: 0px; border-top: 8px solid #F4F4F4; border-right: 8px solid transparent; transform: translateY(16px);\"><\/div>\n<div style=\"background-color: #f4f4f4; flex-grow: 0; height: 12px; width: 16px; transform: translateY(-4px);\"><\/div>\n<div style=\"width: 0; height: 0; border-top: 8px solid #F4F4F4; border-left: 8px solid transparent; transform: translateY(-4px) translateX(8px);\"><\/div>\n<\/div>\n<\/div>\n<div style=\"display: flex; flex-direction: column; flex-grow: 1; justify-content: center; margin-bottom: 24px;\">\n<div style=\"background-color: #f4f4f4; border-radius: 4px; flex-grow: 0; height: 14px; margin-bottom: 6px; width: 224px;\"><\/div>\n<div style=\"background-color: #f4f4f4; border-radius: 4px; flex-grow: 0; height: 14px; width: 144px;\"><\/div>\n<\/div>\n<p>&nbsp;<\/p>\n<p style=\"color: #c9c8cd; font-family: Arial,sans-serif; font-size: 14px; line-height: 17px; margin-bottom: 0; margin-top: 8px; overflow: hidden; padding: 8px 0 7px; text-align: center; text-overflow: ellipsis; white-space: nowrap;\"><a style=\"color: #c9c8cd; font-family: Arial,sans-serif; font-size: 14px; font-style: normal; font-weight: normal; line-height: 17px; text-decoration: none;\" href=\"https:\/\/www.instagram.com\/p\/DFfUQc2J2Y2\/?utm_source=ig_embed&amp;utm_campaign=loading\" target=\"_blank\" rel=\"noopener\">Een bericht gedeeld door The Best Social Media &#8211; NL (@thebestsocialmedianl)<\/a><\/p>\n<\/div>\n<\/blockquote>\n\n<div style=\"padding: 16px;\">\n<div style=\"display: flex; flex-direction: row; align-items: center;\"><\/div>\n<\/div>\n<p>&nbsp;<\/p>\n<script async defer src=\"\/instagram-embed.js\"><\/script>","protected":false},"excerpt":{"rendered":"<p>Het is algemeen bekend dat parkeren hogere wiskunde is, iets wat een groot deel van de Nederlandse bevolking maar niet onder de knie krijgt. Zelfs&#8230;<\/p>\n","protected":false},"author":96,"featured_media":355383,"comment_status":"open","ping_status":"open","sticky":false,"template":"","format":"standard","meta":{"_acf_changed":false,"footnotes":""},"categories":[16,17],"tags":[9458,10133,6575],"class_list":["post-355377","post","type-post","status-publish","format-standard","has-post-thumbnail","hentry","category-blogs","category-nieuws","tag-elektrische-auto","tag-laadpunt","tag-parkeerplek"],"acf":[],"yoast_head":"<!-- This site is optimized with the Yoast SEO plugin v27.5 - https:\/\/yoast.com\/product\/yoast-seo-wordpress\/ -->\n<title>Automobilisten kortsluiting door vraag over parkeren op laadpunten<\/title>\n<meta name=\"description\" content=\"Of je mag parkeren op een laadpunt voor elektrische auto&#039;s? Voor deze politieagent een vraag, totdat hij de vraag online dropt.\" \/>\n<meta name=\"robots\" content=\"index, follow, max-snippet:-1, max-image-preview:large, max-video-preview:-1\" \/>\n<link rel=\"canonical\" href=\"https:\/\/www.thebestsocial.media\/nl\/parkeerplaats-elektrische-auto-kortsluiting-parkeren\/\" \/>\n<meta property=\"og:locale\" content=\"nl_NL\" \/>\n<meta property=\"og:type\" content=\"article\" \/>\n<meta property=\"og:title\" content=\"Automobilisten krijgen kortsluiting door vraag over parkeren op laadpunten\" \/>\n<meta property=\"og:description\" content=\"Of je mag parkeren op een laadpunt voor elektrische auto&#039;s? Voor deze politieagent een vraag, totdat hij de vraag online dropt.\" \/>\n<meta property=\"og:url\" content=\"https:\/\/www.thebestsocial.media\/nl\/parkeerplaats-elektrische-auto-kortsluiting-parkeren\/\" \/>\n<meta property=\"og:site_name\" content=\"The Best Social Media NL\" \/>\n<meta property=\"article:published_time\" content=\"2025-03-05T10:48:27+00:00\" \/>\n<meta property=\"og:image\" content=\"https:\/\/www.thebestsocial.media\/nl\/wp-content\/uploads\/sites\/2\/2025\/03\/parkeerplaats-uitgelicht-1.png\" \/>\n\t<meta property=\"og:image:width\" content=\"1200\" \/>\n\t<meta property=\"og:image:height\" content=\"630\" \/>\n\t<meta property=\"og:image:type\" content=\"image\/png\" \/>\n<meta name=\"author\" content=\"yannick\" \/>\n<meta name=\"twitter:card\" content=\"summary_large_image\" \/>\n<meta name=\"twitter:title\" content=\"Automobilisten krijgen kortsluiting door vraag over parkeren op laadpunten\" \/>\n<meta name=\"twitter:description\" content=\"Of je mag parkeren op een laadpunt voor elektrische auto&#039;s? Voor deze politieagent een vraag, totdat hij de vraag online dropt.\" \/>\n<meta name=\"twitter:image\" content=\"https:\/\/www.thebestsocial.media\/nl\/wp-content\/uploads\/sites\/2\/2025\/03\/parkeerplaats-uitgelicht-1.png\" \/>\n<meta name=\"twitter:label1\" content=\"Geschreven door\" \/>\n\t<meta name=\"twitter:data1\" content=\"yannick\" \/>\n\t<meta name=\"twitter:label2\" content=\"Geschatte leestijd\" \/>\n\t<meta name=\"twitter:data2\" content=\"2 minuten\" \/>\n<script type=\"application\/ld+json\" class=\"yoast-schema-graph\">{\"@context\":\"https:\\\/\\\/schema.org\",\"@graph\":[{\"@type\":\"Article\",\"@id\":\"https:\\\/\\\/www.thebestsocial.media\\\/nl\\\/parkeerplaats-elektrische-auto-kortsluiting-parkeren\\\/#article\",\"isPartOf\":{\"@id\":\"https:\\\/\\\/www.thebestsocial.media\\\/nl\\\/parkeerplaats-elektrische-auto-kortsluiting-parkeren\\\/\"},\"author\":{\"name\":\"yannick\",\"@id\":\"https:\\\/\\\/www.thebestsocial.media\\\/nl\\\/#\\\/schema\\\/person\\\/2b65a07de209cd1d416a21f959fdf166\"},\"headline\":\"Automobilisten krijgen kortsluiting door vraag over parkeren op laadpunten\",\"datePublished\":\"2025-03-05T10:48:27+00:00\",\"mainEntityOfPage\":{\"@id\":\"https:\\\/\\\/www.thebestsocial.media\\\/nl\\\/parkeerplaats-elektrische-auto-kortsluiting-parkeren\\\/\"},\"wordCount\":431,\"commentCount\":0,\"image\":{\"@id\":\"https:\\\/\\\/www.thebestsocial.media\\\/nl\\\/parkeerplaats-elektrische-auto-kortsluiting-parkeren\\\/#primaryimage\"},\"thumbnailUrl\":\"https:\\\/\\\/www.thebestsocial.media\\\/nl\\\/wp-content\\\/uploads\\\/sites\\\/2\\\/2025\\\/03\\\/parkeerplaats.png\",\"keywords\":[\"elektrische auto\",\"laadpunt\",\"parkeerplek\"],\"articleSection\":[\"Blogs\",\"Nieuws\"],\"inLanguage\":\"nl-NL\",\"potentialAction\":[{\"@type\":\"CommentAction\",\"name\":\"Comment\",\"target\":[\"https:\\\/\\\/www.thebestsocial.media\\\/nl\\\/parkeerplaats-elektrische-auto-kortsluiting-parkeren\\\/#respond\"]}]},{\"@type\":\"WebPage\",\"@id\":\"https:\\\/\\\/www.thebestsocial.media\\\/nl\\\/parkeerplaats-elektrische-auto-kortsluiting-parkeren\\\/\",\"url\":\"https:\\\/\\\/www.thebestsocial.media\\\/nl\\\/parkeerplaats-elektrische-auto-kortsluiting-parkeren\\\/\",\"name\":\"Automobilisten kortsluiting door vraag over parkeren op laadpunten\",\"isPartOf\":{\"@id\":\"https:\\\/\\\/www.thebestsocial.media\\\/nl\\\/#website\"},\"primaryImageOfPage\":{\"@id\":\"https:\\\/\\\/www.thebestsocial.media\\\/nl\\\/parkeerplaats-elektrische-auto-kortsluiting-parkeren\\\/#primaryimage\"},\"image\":{\"@id\":\"https:\\\/\\\/www.thebestsocial.media\\\/nl\\\/parkeerplaats-elektrische-auto-kortsluiting-parkeren\\\/#primaryimage\"},\"thumbnailUrl\":\"https:\\\/\\\/www.thebestsocial.media\\\/nl\\\/wp-content\\\/uploads\\\/sites\\\/2\\\/2025\\\/03\\\/parkeerplaats.png\",\"datePublished\":\"2025-03-05T10:48:27+00:00\",\"author\":{\"@id\":\"https:\\\/\\\/www.thebestsocial.media\\\/nl\\\/#\\\/schema\\\/person\\\/2b65a07de209cd1d416a21f959fdf166\"},\"description\":\"Of je mag parkeren op een laadpunt voor elektrische auto's? Voor deze politieagent een vraag, totdat hij de vraag online dropt.\",\"breadcrumb\":{\"@id\":\"https:\\\/\\\/www.thebestsocial.media\\\/nl\\\/parkeerplaats-elektrische-auto-kortsluiting-parkeren\\\/#breadcrumb\"},\"inLanguage\":\"nl-NL\",\"potentialAction\":[{\"@type\":\"ReadAction\",\"target\":[\"https:\\\/\\\/www.thebestsocial.media\\\/nl\\\/parkeerplaats-elektrische-auto-kortsluiting-parkeren\\\/\"]}]},{\"@type\":\"ImageObject\",\"inLanguage\":\"nl-NL\",\"@id\":\"https:\\\/\\\/www.thebestsocial.media\\\/nl\\\/parkeerplaats-elektrische-auto-kortsluiting-parkeren\\\/#primaryimage\",\"url\":\"https:\\\/\\\/www.thebestsocial.media\\\/nl\\\/wp-content\\\/uploads\\\/sites\\\/2\\\/2025\\\/03\\\/parkeerplaats.png\",\"contentUrl\":\"https:\\\/\\\/www.thebestsocial.media\\\/nl\\\/wp-content\\\/uploads\\\/sites\\\/2\\\/2025\\\/03\\\/parkeerplaats.png\",\"width\":1200,\"height\":630,\"caption\":\"parkeren\"},{\"@type\":\"BreadcrumbList\",\"@id\":\"https:\\\/\\\/www.thebestsocial.media\\\/nl\\\/parkeerplaats-elektrische-auto-kortsluiting-parkeren\\\/#breadcrumb\",\"itemListElement\":[{\"@type\":\"ListItem\",\"position\":1,\"name\":\"Home\",\"item\":\"https:\\\/\\\/www.thebestsocial.media\\\/nl\\\/\"},{\"@type\":\"ListItem\",\"position\":2,\"name\":\"Automobilisten krijgen kortsluiting door vraag over parkeren op laadpunten\"}]},{\"@type\":\"WebSite\",\"@id\":\"https:\\\/\\\/www.thebestsocial.media\\\/nl\\\/#website\",\"url\":\"https:\\\/\\\/www.thebestsocial.media\\\/nl\\\/\",\"name\":\"The Best Social Media NL\",\"description\":\"Zoeklicht in de Digital Chaos\",\"potentialAction\":[{\"@type\":\"SearchAction\",\"target\":{\"@type\":\"EntryPoint\",\"urlTemplate\":\"https:\\\/\\\/www.thebestsocial.media\\\/nl\\\/?s={search_term_string}\"},\"query-input\":{\"@type\":\"PropertyValueSpecification\",\"valueRequired\":true,\"valueName\":\"search_term_string\"}}],\"inLanguage\":\"nl-NL\"},{\"@type\":\"Person\",\"@id\":\"https:\\\/\\\/www.thebestsocial.media\\\/nl\\\/#\\\/schema\\\/person\\\/2b65a07de209cd1d416a21f959fdf166\",\"name\":\"yannick\",\"image\":{\"@type\":\"ImageObject\",\"inLanguage\":\"nl-NL\",\"@id\":\"https:\\\/\\\/secure.gravatar.com\\\/avatar\\\/8909b7412361c45e4fc0664b3e04faa1ad03832e065a1098c95a21a0527771d4?s=96&d=mm&r=g\",\"url\":\"https:\\\/\\\/secure.gravatar.com\\\/avatar\\\/8909b7412361c45e4fc0664b3e04faa1ad03832e065a1098c95a21a0527771d4?s=96&d=mm&r=g\",\"contentUrl\":\"https:\\\/\\\/secure.gravatar.com\\\/avatar\\\/8909b7412361c45e4fc0664b3e04faa1ad03832e065a1098c95a21a0527771d4?s=96&d=mm&r=g\",\"caption\":\"yannick\"},\"description\":\"Geboren en getogen Bredanaar. Droomde altijd van een carri\u00e8re als profvoetballer, maar is gestrand in de Kelderklasse. Nu geeft ze hier onnodig 'commentaar' op sport, collega's (\u00e9\u00e9n in het bijzonder) en mensen die iconische memes niet kennen.\",\"sameAs\":[\"https:\\\/\\\/www.instagram.com\\\/yannicksnoek\\\/\",\"https:\\\/\\\/www.linkedin.com\\\/in\\\/yannick-s-743aa110b\\\/\"],\"url\":\"https:\\\/\\\/www.thebestsocial.media\\\/nl\\\/author\\\/yannick\\\/\"}]}<\/script>\n<!-- \/ Yoast SEO plugin. -->","yoast_head_json":{"title":"Automobilisten kortsluiting door vraag over parkeren op laadpunten","description":"Of je mag parkeren op een laadpunt voor elektrische auto's? Voor deze politieagent een vraag, totdat hij de vraag online dropt.","robots":{"index":"index","follow":"follow","max-snippet":"max-snippet:-1","max-image-preview":"max-image-preview:large","max-video-preview":"max-video-preview:-1"},"canonical":"https:\/\/www.thebestsocial.media\/nl\/parkeerplaats-elektrische-auto-kortsluiting-parkeren\/","og_locale":"nl_NL","og_type":"article","og_title":"Automobilisten krijgen kortsluiting door vraag over parkeren op laadpunten","og_description":"Of je mag parkeren op een laadpunt voor elektrische auto's? Voor deze politieagent een vraag, totdat hij de vraag online dropt.","og_url":"https:\/\/www.thebestsocial.media\/nl\/parkeerplaats-elektrische-auto-kortsluiting-parkeren\/","og_site_name":"The Best Social Media NL","article_published_time":"2025-03-05T10:48:27+00:00","og_image":[{"width":1200,"height":630,"url":"https:\/\/www.thebestsocial.media\/nl\/wp-content\/uploads\/sites\/2\/2025\/03\/parkeerplaats-uitgelicht-1.png","type":"image\/png"}],"author":"yannick","twitter_card":"summary_large_image","twitter_title":"Automobilisten krijgen kortsluiting door vraag over parkeren op laadpunten","twitter_description":"Of je mag parkeren op een laadpunt voor elektrische auto's? Voor deze politieagent een vraag, totdat hij de vraag online dropt.","twitter_image":"https:\/\/www.thebestsocial.media\/nl\/wp-content\/uploads\/sites\/2\/2025\/03\/parkeerplaats-uitgelicht-1.png","twitter_misc":{"Geschreven door":"yannick","Geschatte leestijd":"2 minuten"},"schema":{"@context":"https:\/\/schema.org","@graph":[{"@type":"Article","@id":"https:\/\/www.thebestsocial.media\/nl\/parkeerplaats-elektrische-auto-kortsluiting-parkeren\/#article","isPartOf":{"@id":"https:\/\/www.thebestsocial.media\/nl\/parkeerplaats-elektrische-auto-kortsluiting-parkeren\/"},"author":{"name":"yannick","@id":"https:\/\/www.thebestsocial.media\/nl\/#\/schema\/person\/2b65a07de209cd1d416a21f959fdf166"},"headline":"Automobilisten krijgen kortsluiting door vraag over parkeren op laadpunten","datePublished":"2025-03-05T10:48:27+00:00","mainEntityOfPage":{"@id":"https:\/\/www.thebestsocial.media\/nl\/parkeerplaats-elektrische-auto-kortsluiting-parkeren\/"},"wordCount":431,"commentCount":0,"image":{"@id":"https:\/\/www.thebestsocial.media\/nl\/parkeerplaats-elektrische-auto-kortsluiting-parkeren\/#primaryimage"},"thumbnailUrl":"https:\/\/www.thebestsocial.media\/nl\/wp-content\/uploads\/sites\/2\/2025\/03\/parkeerplaats.png","keywords":["elektrische auto","laadpunt","parkeerplek"],"articleSection":["Blogs","Nieuws"],"inLanguage":"nl-NL","potentialAction":[{"@type":"CommentAction","name":"Comment","target":["https:\/\/www.thebestsocial.media\/nl\/parkeerplaats-elektrische-auto-kortsluiting-parkeren\/#respond"]}]},{"@type":"WebPage","@id":"https:\/\/www.thebestsocial.media\/nl\/parkeerplaats-elektrische-auto-kortsluiting-parkeren\/","url":"https:\/\/www.thebestsocial.media\/nl\/parkeerplaats-elektrische-auto-kortsluiting-parkeren\/","name":"Automobilisten kortsluiting door vraag over parkeren op laadpunten","isPartOf":{"@id":"https:\/\/www.thebestsocial.media\/nl\/#website"},"primaryImageOfPage":{"@id":"https:\/\/www.thebestsocial.media\/nl\/parkeerplaats-elektrische-auto-kortsluiting-parkeren\/#primaryimage"},"image":{"@id":"https:\/\/www.thebestsocial.media\/nl\/parkeerplaats-elektrische-auto-kortsluiting-parkeren\/#primaryimage"},"thumbnailUrl":"https:\/\/www.thebestsocial.media\/nl\/wp-content\/uploads\/sites\/2\/2025\/03\/parkeerplaats.png","datePublished":"2025-03-05T10:48:27+00:00","author":{"@id":"https:\/\/www.thebestsocial.media\/nl\/#\/schema\/person\/2b65a07de209cd1d416a21f959fdf166"},"description":"Of je mag parkeren op een laadpunt voor elektrische auto's? Voor deze politieagent een vraag, totdat hij de vraag online dropt.","breadcrumb":{"@id":"https:\/\/www.thebestsocial.media\/nl\/parkeerplaats-elektrische-auto-kortsluiting-parkeren\/#breadcrumb"},"inLanguage":"nl-NL","potentialAction":[{"@type":"ReadAction","target":["https:\/\/www.thebestsocial.media\/nl\/parkeerplaats-elektrische-auto-kortsluiting-parkeren\/"]}]},{"@type":"ImageObject","inLanguage":"nl-NL","@id":"https:\/\/www.thebestsocial.media\/nl\/parkeerplaats-elektrische-auto-kortsluiting-parkeren\/#primaryimage","url":"https:\/\/www.thebestsocial.media\/nl\/wp-content\/uploads\/sites\/2\/2025\/03\/parkeerplaats.png","contentUrl":"https:\/\/www.thebestsocial.media\/nl\/wp-content\/uploads\/sites\/2\/2025\/03\/parkeerplaats.png","width":1200,"height":630,"caption":"parkeren"},{"@type":"BreadcrumbList","@id":"https:\/\/www.thebestsocial.media\/nl\/parkeerplaats-elektrische-auto-kortsluiting-parkeren\/#breadcrumb","itemListElement":[{"@type":"ListItem","position":1,"name":"Home","item":"https:\/\/www.thebestsocial.media\/nl\/"},{"@type":"ListItem","position":2,"name":"Automobilisten krijgen kortsluiting door vraag over parkeren op laadpunten"}]},{"@type":"WebSite","@id":"https:\/\/www.thebestsocial.media\/nl\/#website","url":"https:\/\/www.thebestsocial.media\/nl\/","name":"The Best Social Media NL","description":"Zoeklicht in de Digital Chaos","potentialAction":[{"@type":"SearchAction","target":{"@type":"EntryPoint","urlTemplate":"https:\/\/www.thebestsocial.media\/nl\/?s={search_term_string}"},"query-input":{"@type":"PropertyValueSpecification","valueRequired":true,"valueName":"search_term_string"}}],"inLanguage":"nl-NL"},{"@type":"Person","@id":"https:\/\/www.thebestsocial.media\/nl\/#\/schema\/person\/2b65a07de209cd1d416a21f959fdf166","name":"yannick","image":{"@type":"ImageObject","inLanguage":"nl-NL","@id":"https:\/\/secure.gravatar.com\/avatar\/8909b7412361c45e4fc0664b3e04faa1ad03832e065a1098c95a21a0527771d4?s=96&d=mm&r=g","url":"https:\/\/secure.gravatar.com\/avatar\/8909b7412361c45e4fc0664b3e04faa1ad03832e065a1098c95a21a0527771d4?s=96&d=mm&r=g","contentUrl":"https:\/\/secure.gravatar.com\/avatar\/8909b7412361c45e4fc0664b3e04faa1ad03832e065a1098c95a21a0527771d4?s=96&d=mm&r=g","caption":"yannick"},"description":"Geboren en getogen Bredanaar. Droomde altijd van een carri\u00e8re als profvoetballer, maar is gestrand in de Kelderklasse. Nu geeft ze hier onnodig 'commentaar' op sport, collega's (\u00e9\u00e9n in het bijzonder) en mensen die iconische memes niet kennen.","sameAs":["https:\/\/www.instagram.com\/yannicksnoek\/","https:\/\/www.linkedin.com\/in\/yannick-s-743aa110b\/"],"url":"https:\/\/www.thebestsocial.media\/nl\/author\/yannick\/"}]}},"amp_enabled":true,"_links":{"self":[{"href":"https:\/\/www.thebestsocial.media\/nl\/wp-json\/wp\/v2\/posts\/355377","targetHints":{"allow":["GET"]}}],"collection":[{"href":"https:\/\/www.thebestsocial.media\/nl\/wp-json\/wp\/v2\/posts"}],"about":[{"href":"https:\/\/www.thebestsocial.media\/nl\/wp-json\/wp\/v2\/types\/post"}],"author":[{"embeddable":true,"href":"https:\/\/www.thebestsocial.media\/nl\/wp-json\/wp\/v2\/users\/96"}],"replies":[{"embeddable":true,"href":"https:\/\/www.thebestsocial.media\/nl\/wp-json\/wp\/v2\/comments?post=355377"}],"version-history":[{"count":12,"href":"https:\/\/www.thebestsocial.media\/nl\/wp-json\/wp\/v2\/posts\/355377\/revisions"}],"predecessor-version":[{"id":355439,"href":"https:\/\/www.thebestsocial.media\/nl\/wp-json\/wp\/v2\/posts\/355377\/revisions\/355439"}],"wp:featuredmedia":[{"embeddable":true,"href":"https:\/\/www.thebestsocial.media\/nl\/wp-json\/wp\/v2\/media\/355383"}],"wp:attachment":[{"href":"https:\/\/www.thebestsocial.media\/nl\/wp-json\/wp\/v2\/media?parent=355377"}],"wp:term":[{"taxonomy":"category","embeddable":true,"href":"https:\/\/www.thebestsocial.media\/nl\/wp-json\/wp\/v2\/categories?post=355377"},{"taxonomy":"post_tag","embeddable":true,"href":"https:\/\/www.thebestsocial.media\/nl\/wp-json\/wp\/v2\/tags?post=355377"}],"curies":[{"name":"wp","href":"https:\/\/api.w.org\/{rel}","templated":true}]}}