{"id":354156,"date":"2025-02-28T08:30:59","date_gmt":"2025-02-28T07:30:59","guid":{"rendered":"https:\/\/www.thebestsocial.media\/nl\/?p=354156"},"modified":"2025-02-28T12:54:31","modified_gmt":"2025-02-28T11:54:31","slug":"grolsch-carnaval-bier-polonaise-feesten","status":"publish","type":"post","link":"https:\/\/www.thebestsocial.media\/nl\/grolsch-carnaval-bier-polonaise-feesten\/","title":{"rendered":"D\u00e9ze 7 Nederlanders bereiden zich mentaal \u00e9n fysiek voor op carnaval"},"content":{"rendered":"<p>Het fiske waardoor elke Nederlander die zich onder de rivieren bevindt totaal de weg kwijt is en enkel overleeft op een strikt dieet worstenbroodjes en een goed glas bier, is weer aangebroken. Of je nu die Pikachu-onesie, die nog een uur in de wind meurt door die bierdouche van vorig jaar, last minute uit de kast trekt, of al wekenlang bezig bent met het in elkaar flansen van een <a href=\"https:\/\/www.thebestsocial.media\/nl\/carnaval-outfits-iconisch-bier-polonaise\/\" target=\"_blank\" rel=\"noopener\">carnavalsoutfit<\/a> waar half Brabant jaloers op is. Hoe je het ook wendt of keert: d\u00e9ze Nederlanders hebben zich zowel mentaal als fysiek helemaal voorbereid op carnaval.<\/p>\n<p><em>\u2013 In samenwerking met <a href=\"https:\/\/www.grolsch.nl\/\" target=\"_blank\" rel=\"noopener\">Grolsch<\/a> &amp; Viper \u2013\u00a0<\/em><\/p>\n<p><i>\u00a0<\/i><\/p>\n<h3>1. Ter vergelijking: werken op de vrijdag van carnaval is voor Brabanders net zo pijnlijk als werken op de donderdag voor Lowlands voor Randstedelingen.<\/h3>\n<p><img loading=\"lazy\" decoding=\"async\" class=\"alignnone wp-image-354157 size-full\" src=\"https:\/\/www.thebestsocial.media\/nl\/wp-content\/uploads\/sites\/2\/2025\/02\/Screenshot-2025-02-25-at-14.29.37.png\" alt=\"carnaval\" width=\"974\" height=\"800\" srcset=\"https:\/\/www.thebestsocial.media\/nl\/wp-content\/uploads\/sites\/2\/2025\/02\/Screenshot-2025-02-25-at-14.29.37.png 974w, https:\/\/www.thebestsocial.media\/nl\/wp-content\/uploads\/sites\/2\/2025\/02\/Screenshot-2025-02-25-at-14.29.37-300x246.png 300w, https:\/\/www.thebestsocial.media\/nl\/wp-content\/uploads\/sites\/2\/2025\/02\/Screenshot-2025-02-25-at-14.29.37-768x631.png 768w\" sizes=\"auto, (max-width: 974px) 100vw, 974px\" \/><\/p>\n<p>&nbsp;<\/p>\n<h3>2. Mocht je nou als &#8216;bovensloter&#8217; een uitstapje naar het zuiden willen maken, maak dan niet deze beginnersfout.<\/h3>\n<p><img loading=\"lazy\" decoding=\"async\" class=\"alignnone size-full wp-image-354237\" src=\"https:\/\/www.thebestsocial.media\/nl\/wp-content\/uploads\/sites\/2\/2025\/02\/Screenshot-2025-02-26-at-10.11.21.png\" alt=\"\" width=\"972\" height=\"418\" srcset=\"https:\/\/www.thebestsocial.media\/nl\/wp-content\/uploads\/sites\/2\/2025\/02\/Screenshot-2025-02-26-at-10.11.21.png 972w, https:\/\/www.thebestsocial.media\/nl\/wp-content\/uploads\/sites\/2\/2025\/02\/Screenshot-2025-02-26-at-10.11.21-300x129.png 300w, https:\/\/www.thebestsocial.media\/nl\/wp-content\/uploads\/sites\/2\/2025\/02\/Screenshot-2025-02-26-at-10.11.21-768x330.png 768w\" sizes=\"auto, (max-width: 972px) 100vw, 972px\" \/><\/p>\n<p>&nbsp;<\/p>\n<h3>3. Carnaval is natuurlijk keigezellig, mits je je als &#8216;bovensloter&#8217; inleest over de tradities. Daarom geeft <a href=\"https:\/\/www.grolsch.nl\/\">Grolsch<\/a>\u00a0je een kleine inburgeringscursus.<\/h3>\n<blockquote class=\"instagram-media\" style=\"background: #FFF; border: 0; border-radius: 3px; box-shadow: 0 0 1px 0 rgba(0,0,0,0.5),0 1px 10px 0 rgba(0,0,0,0.15); margin: 1px; max-width: 540px; min-width: 326px; padding: 0; width: calc(100% - 2px);\" data-instgrm-captioned=\"\" data-instgrm-permalink=\"https:\/\/www.instagram.com\/reel\/DGfVDtusuxa\/?utm_source=ig_embed&amp;utm_campaign=loading\" data-instgrm-version=\"14\">\n<div style=\"padding: 16px;\">\n<p>&nbsp;<\/p>\n<div style=\"display: flex; flex-direction: row; align-items: center;\">\n<div style=\"background-color: #f4f4f4; border-radius: 50%; flex-grow: 0; height: 40px; margin-right: 14px; width: 40px;\"><\/div>\n<div style=\"display: flex; flex-direction: column; flex-grow: 1; justify-content: center;\">\n<div style=\"background-color: #f4f4f4; border-radius: 4px; flex-grow: 0; height: 14px; margin-bottom: 6px; width: 100px;\"><\/div>\n<div style=\"background-color: #f4f4f4; border-radius: 4px; flex-grow: 0; height: 14px; width: 60px;\"><\/div>\n<\/div>\n<\/div>\n<div style=\"padding: 19% 0;\"><\/div>\n<div style=\"display: block; height: 50px; margin: 0 auto 12px; width: 50px;\"><\/div>\n<div style=\"padding-top: 8px;\">\n<div style=\"color: #3897f0; font-family: Arial,sans-serif; font-size: 14px; font-style: normal; font-weight: 550; line-height: 18px;\">Dit bericht op Instagram bekijken<\/div>\n<\/div>\n<div style=\"padding: 12.5% 0;\"><\/div>\n<div style=\"display: flex; flex-direction: row; margin-bottom: 14px; align-items: center;\">\n<div>\n<div style=\"background-color: #f4f4f4; border-radius: 50%; height: 12.5px; width: 12.5px; transform: translateX(0px) translateY(7px);\"><\/div>\n<div style=\"background-color: #f4f4f4; height: 12.5px; transform: rotate(-45deg) translateX(3px) translateY(1px); width: 12.5px; flex-grow: 0; margin-right: 14px; margin-left: 2px;\"><\/div>\n<div style=\"background-color: #f4f4f4; border-radius: 50%; height: 12.5px; width: 12.5px; transform: translateX(9px) translateY(-18px);\"><\/div>\n<\/div>\n<div style=\"margin-left: 8px;\">\n<div style=\"background-color: #f4f4f4; border-radius: 50%; flex-grow: 0; height: 20px; width: 20px;\"><\/div>\n<div style=\"width: 0; height: 0; border-top: 2px solid transparent; border-left: 6px solid #f4f4f4; border-bottom: 2px solid transparent; transform: translateX(16px) translateY(-4px) rotate(30deg);\"><\/div>\n<\/div>\n<div style=\"margin-left: auto;\">\n<div style=\"width: 0px; border-top: 8px solid #F4F4F4; border-right: 8px solid transparent; transform: translateY(16px);\"><\/div>\n<div style=\"background-color: #f4f4f4; flex-grow: 0; height: 12px; width: 16px; transform: translateY(-4px);\"><\/div>\n<div style=\"width: 0; height: 0; border-top: 8px solid #F4F4F4; border-left: 8px solid transparent; transform: translateY(-4px) translateX(8px);\"><\/div>\n<\/div>\n<\/div>\n<div style=\"display: flex; flex-direction: column; flex-grow: 1; justify-content: center; margin-bottom: 24px;\">\n<div style=\"background-color: #f4f4f4; border-radius: 4px; flex-grow: 0; height: 14px; margin-bottom: 6px; width: 224px;\"><\/div>\n<div style=\"background-color: #f4f4f4; border-radius: 4px; flex-grow: 0; height: 14px; width: 144px;\"><\/div>\n<\/div>\n<p>&nbsp;<\/p>\n<p style=\"color: #c9c8cd; font-family: Arial,sans-serif; font-size: 14px; line-height: 17px; margin-bottom: 0; margin-top: 8px; overflow: hidden; padding: 8px 0 7px; text-align: center; text-overflow: ellipsis; white-space: nowrap;\"><a style=\"color: #c9c8cd; font-family: Arial,sans-serif; font-size: 14px; font-style: normal; font-weight: normal; line-height: 17px; text-decoration: none;\" href=\"https:\/\/www.instagram.com\/reel\/DGfVDtusuxa\/?utm_source=ig_embed&amp;utm_campaign=loading\" target=\"_blank\" rel=\"noopener\">Een bericht gedeeld door Grolsch_NL (@grolsch_nl)<\/a><\/p>\n<\/div>\n<\/blockquote>\n\n<p>&nbsp;<\/p>\n<h3>4. Een goede voorbereiding is natuurlijk het halve werk.<\/h3>\n<p><iframe loading=\"lazy\" src=\"\/tiktok-cache\/7473470237417934103\/8a674ecd6b34f61dffdd94194280e4d64723492f211754e965b51298\" width=\"623\" height=\"1108\" style=\"border:0; height:90vh; width:50.625000vh;\" scrolling=\"no\"><\/iframe><\/p>\n<p>&nbsp;<\/p>\n<h3>5. Wist je dat de polonaise zelfs tot het cultureel erfgoed van Nederland behoort?<\/h3>\n<h3><img loading=\"lazy\" decoding=\"async\" class=\"alignnone size-full wp-image-354159\" src=\"https:\/\/www.thebestsocial.media\/nl\/wp-content\/uploads\/sites\/2\/2025\/02\/Screenshot-2025-02-25-at-14.30.24.png\" alt=\"\" width=\"946\" height=\"402\" srcset=\"https:\/\/www.thebestsocial.media\/nl\/wp-content\/uploads\/sites\/2\/2025\/02\/Screenshot-2025-02-25-at-14.30.24.png 946w, https:\/\/www.thebestsocial.media\/nl\/wp-content\/uploads\/sites\/2\/2025\/02\/Screenshot-2025-02-25-at-14.30.24-300x127.png 300w, https:\/\/www.thebestsocial.media\/nl\/wp-content\/uploads\/sites\/2\/2025\/02\/Screenshot-2025-02-25-at-14.30.24-768x326.png 768w\" sizes=\"auto, (max-width: 946px) 100vw, 946px\" \/><\/h3>\n<p>&nbsp;<\/p>\n<h3>6. Elf polonaises en dertig goudgele pretcilinders verder&#8230;<\/h3>\n<blockquote class=\"twitter-tweet\">\n<p dir=\"ltr\" lang=\"nl\">Carnaval is ook gewoon dronken met jezelf appen. <a href=\"https:\/\/twitter.com\/klfrsr?ref_src=twsrc%5Etfw\">@klfrsr<\/a> <a href=\"https:\/\/t.co\/hKG50jfqKd\">pic.twitter.com\/hKG50jfqKd<\/a><\/p>\n<p>\u2014 Suzanne Baumfalk (@Suuz_) <a href=\"https:\/\/twitter.com\/Suuz_\/status\/1233122154130046976?ref_src=twsrc%5Etfw\">February 27, 2020<\/a><\/p><\/blockquote>\n<p><script src=\"https:\/\/platform.twitter.com\/widgets.js\" async=\"\" charset=\"utf-8\"><\/script><\/p>\n<p>&nbsp;<\/p>\n<h3>7. Alaaf! En knoop dit goed in je oren: start die veertig polonaises en bl\u00e8r die krakers mee tijdens carnaval.<\/h3>\n<p><img loading=\"lazy\" decoding=\"async\" class=\"alignnone wp-image-354160 size-full\" src=\"https:\/\/www.thebestsocial.media\/nl\/wp-content\/uploads\/sites\/2\/2025\/02\/Screenshot-2025-02-25-at-14.35.05.png\" alt=\"Carnaval\" width=\"976\" height=\"616\" srcset=\"https:\/\/www.thebestsocial.media\/nl\/wp-content\/uploads\/sites\/2\/2025\/02\/Screenshot-2025-02-25-at-14.35.05.png 976w, https:\/\/www.thebestsocial.media\/nl\/wp-content\/uploads\/sites\/2\/2025\/02\/Screenshot-2025-02-25-at-14.35.05-300x189.png 300w, https:\/\/www.thebestsocial.media\/nl\/wp-content\/uploads\/sites\/2\/2025\/02\/Screenshot-2025-02-25-at-14.35.05-768x485.png 768w\" sizes=\"auto, (max-width: 976px) 100vw, 976px\" \/><\/p>\n<p>&nbsp;<\/p>\n<p><strong>Over leuke content gesproken, volg je ons al op <a href=\"https:\/\/www.instagram.com\/thebestsocialmedianl\/\" target=\"_blank\" rel=\"noopener\">Instagram<\/a>?<\/strong><\/p>\n<blockquote class=\"instagram-media\" style=\"background: #FFF; border: 0; border-radius: 3px; box-shadow: 0 0 1px 0 rgba(0,0,0,0.5),0 1px 10px 0 rgba(0,0,0,0.15); margin: 1px; max-width: 540px; min-width: 326px; p adding: 0; width: calc(100% - 2px);\" data-instgrm-captioned=\"\" data-instgrm-permalink=\"https:\/\/www.instagram.com\/p\/DEPfD3FtX4R\/?utm_source=ig_embed&amp;utm_campaign=loading\" data-instgrm-version=\"14\">\n<div style=\"padding: 16px;\">\n<p>&nbsp;<\/p>\n<div style=\"display: flex; flex-direction: row; align-items: center;\">\n<div style=\"background-color: #f4f4f4; border-radius: 50%; flex-grow: 0; height: 40px; margin-right: 14px; width: 40px;\"><\/div>\n<div style=\"display: flex; flex-direction: column; flex-grow: 1; justify-content: center;\">\n<div style=\"background-color: #f4f4f4; border-radius: 4px; flex-grow: 0; height: 14px; margin-bottom: 6px; width: 100px;\"><\/div>\n<div style=\"background-color: #f4f4f4; border-radius: 4px; flex-grow: 0; height: 14px; width: 60px;\"><\/div>\n<\/div>\n<\/div>\n<div style=\"padding: 19% 0;\"><\/div>\n<div style=\"display: block; height: 50px; margin: 0 auto 12px; width: 50px;\"><\/div>\n<div style=\"padding-top: 8px;\">\n<div style=\"color: #3897f0; font-family: Arial,sans-serif; font-size: 14px; font-style: normal; font-weight: 550; line-height: 18px;\">Dit bericht op Instagram bekijken<\/div>\n<\/div>\n<div style=\"padding: 12.5% 0;\"><\/div>\n<div style=\"display: flex; flex-direction: row; margin-bottom: 14px; align-items: center;\">\n<div>\n<div style=\"background-color: #f4f4f4; border-radius: 50%; height: 12.5px; width: 12.5px; transform: translateX(0px) translateY(7px);\"><\/div>\n<div style=\"background-color: #f4f4f4; height: 12.5px; transform: rotate(-45deg) translateX(3px) translateY(1px); width: 12.5px; flex-grow: 0; margin-right: 14px; margin-left: 2px;\"><\/div>\n<div style=\"background-color: #f4f4f4; border-radius: 50%; height: 12.5px; width: 12.5px; transform: translateX(9px) translateY(-18px);\"><\/div>\n<\/div>\n<div style=\"margin-left: 8px;\">\n<div style=\"background-color: #f4f4f4; border-radius: 50%; flex-grow: 0; height: 20px; width: 20px;\"><\/div>\n<div style=\"width: 0; height: 0; border-top: 2px solid transparent; border-left: 6px solid #f4f4f4; border-bottom: 2px solid transparent; transform: translateX(16px) translateY(-4px) rotate(30deg);\"><\/div>\n<\/div>\n<div style=\"margin-left: auto;\">\n<div style=\"width: 0px; border-top: 8px solid #F4F4F4; border-right: 8px solid transparent; transform: translateY(16px);\"><\/div>\n<div style=\"background-color: #f4f4f4; flex-grow: 0; height: 12px; width: 16px; transform: translateY(-4px);\"><\/div>\n<div style=\"width: 0; height: 0; border-top: 8px solid #F4F4F4; border-left: 8px solid transparent; transform: translateY(-4px) translateX(8px);\"><\/div>\n<\/div>\n<\/div>\n<div style=\"display: flex; flex-direction: column; flex-grow: 1; justify-content: center; margin-bottom: 24px;\">\n<div style=\"background-color: #f4f4f4; border-radius: 4px; flex-grow: 0; height: 14px; margin-bottom: 6px; width: 224px;\"><\/div>\n<div style=\"background-color: #f4f4f4; border-radius: 4px; flex-grow: 0; height: 14px; width: 144px;\"><\/div>\n<\/div>\n<p>&nbsp;<\/p>\n<p style=\"color: #c9c8cd; font-family: Arial,sans-serif; font-size: 14px; line-height: 17px; margin-bottom: 0; margin-top: 8px; overflow: hidden; padding: 8px 0 7px; text-align: center; text-overflow: ellipsis; white-space: nowrap;\"><a style=\"color: #c9c8cd; font-family: Arial,sans-serif; font-size: 14px; font-style: normal; font-weight: normal; line-height: 17px; text-decoration: none;\" href=\"https:\/\/www.instagram.com\/p\/DEPfD3FtX4R\/?utm_source=ig_embed&amp;utm_campaign=loading\" target=\"_blank\" rel=\"noopener\">Een bericht gedeeld door The Best Social Media &#8211; NL (@thebestsocialmedianl)<\/a><\/p>\n<\/div>\n<\/blockquote>\n\n<script async defer src=\"\/instagram-embed.js\"><\/script>","protected":false},"excerpt":{"rendered":"<p>Het fiske waardoor elke Nederlander die zich onder de rivieren bevindt totaal de weg kwijt is en enkel overleeft op een strikt dieet worstenbroodjes en&#8230;<\/p>\n","protected":false},"author":96,"featured_media":354187,"comment_status":"open","ping_status":"open","sticky":false,"template":"","format":"standard","meta":{"_acf_changed":false,"footnotes":""},"categories":[16,17],"tags":[661,1017,351],"class_list":["post-354156","post","type-post","status-publish","format-standard","has-post-thumbnail","hentry","category-blogs","category-nieuws","tag-advertorial","tag-carnaval","tag-grolsch"],"acf":[],"yoast_head":"<!-- This site is optimized with the Yoast SEO plugin v27.4 - https:\/\/yoast.com\/product\/yoast-seo-wordpress\/ -->\n<title>D\u00e9ze Nederlanders bereiden zich mentaal \u00e9n fysiek voor carnaval<\/title>\n<meta name=\"description\" content=\"Hoe je het ook wendt of keert: d\u00e9ze acht Nederlanders hebben zich zowel mentaal als fysiek helemaal voorbereid op carnaval.\" \/>\n<meta name=\"robots\" content=\"index, follow, max-snippet:-1, max-image-preview:large, max-video-preview:-1\" \/>\n<link rel=\"canonical\" href=\"https:\/\/www.thebestsocial.media\/nl\/grolsch-carnaval-bier-polonaise-feesten\/\" \/>\n<meta property=\"og:locale\" content=\"nl_NL\" \/>\n<meta property=\"og:type\" content=\"article\" \/>\n<meta property=\"og:title\" content=\"D\u00e9ze 7 Nederlanders bereiden zich mentaal \u00e9n fysiek voor op carnaval\" \/>\n<meta property=\"og:description\" content=\"Hoe je het ook wendt of keert: d\u00e9ze acht Nederlanders hebben zich zowel mentaal als fysiek helemaal voorbereid op carnaval.\" \/>\n<meta property=\"og:url\" content=\"https:\/\/www.thebestsocial.media\/nl\/grolsch-carnaval-bier-polonaise-feesten\/\" \/>\n<meta property=\"og:site_name\" content=\"The Best Social Media NL\" \/>\n<meta property=\"article:published_time\" content=\"2025-02-28T07:30:59+00:00\" \/>\n<meta property=\"article:modified_time\" content=\"2025-02-28T11:54:31+00:00\" \/>\n<meta property=\"og:image\" content=\"https:\/\/www.thebestsocial.media\/nl\/wp-content\/uploads\/sites\/2\/2025\/02\/carnaval-header-2.png\" \/>\n\t<meta property=\"og:image:width\" content=\"1200\" \/>\n\t<meta property=\"og:image:height\" content=\"630\" \/>\n\t<meta property=\"og:image:type\" content=\"image\/png\" \/>\n<meta name=\"author\" content=\"yannick\" \/>\n<meta name=\"twitter:card\" content=\"summary_large_image\" \/>\n<meta name=\"twitter:title\" content=\"D\u00e9ze 7 Nederlanders bereiden zich mentaal \u00e9n fysiek voor op carnaval\" \/>\n<meta name=\"twitter:description\" content=\"Hoe je het ook wendt of keert: d\u00e9ze acht Nederlanders hebben zich zowel mentaal als fysiek helemaal voorbereid op carnaval.\" \/>\n<meta name=\"twitter:image\" content=\"https:\/\/www.thebestsocial.media\/nl\/wp-content\/uploads\/sites\/2\/2025\/02\/carnaval-header-2.png\" \/>\n<meta name=\"twitter:label1\" content=\"Geschreven door\" \/>\n\t<meta name=\"twitter:data1\" content=\"yannick\" \/>\n\t<meta name=\"twitter:label2\" content=\"Geschatte leestijd\" \/>\n\t<meta name=\"twitter:data2\" content=\"3 minuten\" \/>\n<script type=\"application\/ld+json\" class=\"yoast-schema-graph\">{\"@context\":\"https:\\\/\\\/schema.org\",\"@graph\":[{\"@type\":\"Article\",\"@id\":\"https:\\\/\\\/www.thebestsocial.media\\\/nl\\\/grolsch-carnaval-bier-polonaise-feesten\\\/#article\",\"isPartOf\":{\"@id\":\"https:\\\/\\\/www.thebestsocial.media\\\/nl\\\/grolsch-carnaval-bier-polonaise-feesten\\\/\"},\"author\":{\"name\":\"yannick\",\"@id\":\"https:\\\/\\\/www.thebestsocial.media\\\/nl\\\/#\\\/schema\\\/person\\\/2b65a07de209cd1d416a21f959fdf166\"},\"headline\":\"D\u00e9ze 7 Nederlanders bereiden zich mentaal \u00e9n fysiek voor op carnaval\",\"datePublished\":\"2025-02-28T07:30:59+00:00\",\"dateModified\":\"2025-02-28T11:54:31+00:00\",\"mainEntityOfPage\":{\"@id\":\"https:\\\/\\\/www.thebestsocial.media\\\/nl\\\/grolsch-carnaval-bier-polonaise-feesten\\\/\"},\"wordCount\":306,\"commentCount\":0,\"image\":{\"@id\":\"https:\\\/\\\/www.thebestsocial.media\\\/nl\\\/grolsch-carnaval-bier-polonaise-feesten\\\/#primaryimage\"},\"thumbnailUrl\":\"https:\\\/\\\/www.thebestsocial.media\\\/nl\\\/wp-content\\\/uploads\\\/sites\\\/2\\\/2025\\\/02\\\/carnaval-uitgelicht-2.png\",\"keywords\":[\"advertorial\",\"carnaval\",\"grolsch\"],\"articleSection\":[\"Blogs\",\"Nieuws\"],\"inLanguage\":\"nl-NL\",\"potentialAction\":[{\"@type\":\"CommentAction\",\"name\":\"Comment\",\"target\":[\"https:\\\/\\\/www.thebestsocial.media\\\/nl\\\/grolsch-carnaval-bier-polonaise-feesten\\\/#respond\"]}]},{\"@type\":\"WebPage\",\"@id\":\"https:\\\/\\\/www.thebestsocial.media\\\/nl\\\/grolsch-carnaval-bier-polonaise-feesten\\\/\",\"url\":\"https:\\\/\\\/www.thebestsocial.media\\\/nl\\\/grolsch-carnaval-bier-polonaise-feesten\\\/\",\"name\":\"D\u00e9ze Nederlanders bereiden zich mentaal \u00e9n fysiek voor carnaval\",\"isPartOf\":{\"@id\":\"https:\\\/\\\/www.thebestsocial.media\\\/nl\\\/#website\"},\"primaryImageOfPage\":{\"@id\":\"https:\\\/\\\/www.thebestsocial.media\\\/nl\\\/grolsch-carnaval-bier-polonaise-feesten\\\/#primaryimage\"},\"image\":{\"@id\":\"https:\\\/\\\/www.thebestsocial.media\\\/nl\\\/grolsch-carnaval-bier-polonaise-feesten\\\/#primaryimage\"},\"thumbnailUrl\":\"https:\\\/\\\/www.thebestsocial.media\\\/nl\\\/wp-content\\\/uploads\\\/sites\\\/2\\\/2025\\\/02\\\/carnaval-uitgelicht-2.png\",\"datePublished\":\"2025-02-28T07:30:59+00:00\",\"dateModified\":\"2025-02-28T11:54:31+00:00\",\"author\":{\"@id\":\"https:\\\/\\\/www.thebestsocial.media\\\/nl\\\/#\\\/schema\\\/person\\\/2b65a07de209cd1d416a21f959fdf166\"},\"description\":\"Hoe je het ook wendt of keert: d\u00e9ze acht Nederlanders hebben zich zowel mentaal als fysiek helemaal voorbereid op carnaval.\",\"breadcrumb\":{\"@id\":\"https:\\\/\\\/www.thebestsocial.media\\\/nl\\\/grolsch-carnaval-bier-polonaise-feesten\\\/#breadcrumb\"},\"inLanguage\":\"nl-NL\",\"potentialAction\":[{\"@type\":\"ReadAction\",\"target\":[\"https:\\\/\\\/www.thebestsocial.media\\\/nl\\\/grolsch-carnaval-bier-polonaise-feesten\\\/\"]}]},{\"@type\":\"ImageObject\",\"inLanguage\":\"nl-NL\",\"@id\":\"https:\\\/\\\/www.thebestsocial.media\\\/nl\\\/grolsch-carnaval-bier-polonaise-feesten\\\/#primaryimage\",\"url\":\"https:\\\/\\\/www.thebestsocial.media\\\/nl\\\/wp-content\\\/uploads\\\/sites\\\/2\\\/2025\\\/02\\\/carnaval-uitgelicht-2.png\",\"contentUrl\":\"https:\\\/\\\/www.thebestsocial.media\\\/nl\\\/wp-content\\\/uploads\\\/sites\\\/2\\\/2025\\\/02\\\/carnaval-uitgelicht-2.png\",\"width\":1200,\"height\":630,\"caption\":\"Carnaval\"},{\"@type\":\"BreadcrumbList\",\"@id\":\"https:\\\/\\\/www.thebestsocial.media\\\/nl\\\/grolsch-carnaval-bier-polonaise-feesten\\\/#breadcrumb\",\"itemListElement\":[{\"@type\":\"ListItem\",\"position\":1,\"name\":\"Home\",\"item\":\"https:\\\/\\\/www.thebestsocial.media\\\/nl\\\/\"},{\"@type\":\"ListItem\",\"position\":2,\"name\":\"D\u00e9ze 7 Nederlanders bereiden zich mentaal \u00e9n fysiek voor op carnaval\"}]},{\"@type\":\"WebSite\",\"@id\":\"https:\\\/\\\/www.thebestsocial.media\\\/nl\\\/#website\",\"url\":\"https:\\\/\\\/www.thebestsocial.media\\\/nl\\\/\",\"name\":\"The Best Social Media NL\",\"description\":\"Zoeklicht in de Digital Chaos\",\"potentialAction\":[{\"@type\":\"SearchAction\",\"target\":{\"@type\":\"EntryPoint\",\"urlTemplate\":\"https:\\\/\\\/www.thebestsocial.media\\\/nl\\\/?s={search_term_string}\"},\"query-input\":{\"@type\":\"PropertyValueSpecification\",\"valueRequired\":true,\"valueName\":\"search_term_string\"}}],\"inLanguage\":\"nl-NL\"},{\"@type\":\"Person\",\"@id\":\"https:\\\/\\\/www.thebestsocial.media\\\/nl\\\/#\\\/schema\\\/person\\\/2b65a07de209cd1d416a21f959fdf166\",\"name\":\"yannick\",\"image\":{\"@type\":\"ImageObject\",\"inLanguage\":\"nl-NL\",\"@id\":\"https:\\\/\\\/secure.gravatar.com\\\/avatar\\\/8909b7412361c45e4fc0664b3e04faa1ad03832e065a1098c95a21a0527771d4?s=96&d=mm&r=g\",\"url\":\"https:\\\/\\\/secure.gravatar.com\\\/avatar\\\/8909b7412361c45e4fc0664b3e04faa1ad03832e065a1098c95a21a0527771d4?s=96&d=mm&r=g\",\"contentUrl\":\"https:\\\/\\\/secure.gravatar.com\\\/avatar\\\/8909b7412361c45e4fc0664b3e04faa1ad03832e065a1098c95a21a0527771d4?s=96&d=mm&r=g\",\"caption\":\"yannick\"},\"description\":\"Geboren en getogen Bredanaar. Droomde altijd van een carri\u00e8re als profvoetballer, maar is gestrand in de Kelderklasse. Nu geeft ze hier onnodig 'commentaar' op sport, collega's (\u00e9\u00e9n in het bijzonder) en mensen die iconische memes niet kennen.\",\"sameAs\":[\"https:\\\/\\\/www.instagram.com\\\/yannicksnoek\\\/\",\"https:\\\/\\\/www.linkedin.com\\\/in\\\/yannick-s-743aa110b\\\/\"],\"url\":\"https:\\\/\\\/www.thebestsocial.media\\\/nl\\\/author\\\/yannick\\\/\"}]}<\/script>\n<!-- \/ Yoast SEO plugin. -->","yoast_head_json":{"title":"D\u00e9ze Nederlanders bereiden zich mentaal \u00e9n fysiek voor carnaval","description":"Hoe je het ook wendt of keert: d\u00e9ze acht Nederlanders hebben zich zowel mentaal als fysiek helemaal voorbereid op carnaval.","robots":{"index":"index","follow":"follow","max-snippet":"max-snippet:-1","max-image-preview":"max-image-preview:large","max-video-preview":"max-video-preview:-1"},"canonical":"https:\/\/www.thebestsocial.media\/nl\/grolsch-carnaval-bier-polonaise-feesten\/","og_locale":"nl_NL","og_type":"article","og_title":"D\u00e9ze 7 Nederlanders bereiden zich mentaal \u00e9n fysiek voor op carnaval","og_description":"Hoe je het ook wendt of keert: d\u00e9ze acht Nederlanders hebben zich zowel mentaal als fysiek helemaal voorbereid op carnaval.","og_url":"https:\/\/www.thebestsocial.media\/nl\/grolsch-carnaval-bier-polonaise-feesten\/","og_site_name":"The Best Social Media NL","article_published_time":"2025-02-28T07:30:59+00:00","article_modified_time":"2025-02-28T11:54:31+00:00","og_image":[{"width":1200,"height":630,"url":"https:\/\/www.thebestsocial.media\/nl\/wp-content\/uploads\/sites\/2\/2025\/02\/carnaval-header-2.png","type":"image\/png"}],"author":"yannick","twitter_card":"summary_large_image","twitter_title":"D\u00e9ze 7 Nederlanders bereiden zich mentaal \u00e9n fysiek voor op carnaval","twitter_description":"Hoe je het ook wendt of keert: d\u00e9ze acht Nederlanders hebben zich zowel mentaal als fysiek helemaal voorbereid op carnaval.","twitter_image":"https:\/\/www.thebestsocial.media\/nl\/wp-content\/uploads\/sites\/2\/2025\/02\/carnaval-header-2.png","twitter_misc":{"Geschreven door":"yannick","Geschatte leestijd":"3 minuten"},"schema":{"@context":"https:\/\/schema.org","@graph":[{"@type":"Article","@id":"https:\/\/www.thebestsocial.media\/nl\/grolsch-carnaval-bier-polonaise-feesten\/#article","isPartOf":{"@id":"https:\/\/www.thebestsocial.media\/nl\/grolsch-carnaval-bier-polonaise-feesten\/"},"author":{"name":"yannick","@id":"https:\/\/www.thebestsocial.media\/nl\/#\/schema\/person\/2b65a07de209cd1d416a21f959fdf166"},"headline":"D\u00e9ze 7 Nederlanders bereiden zich mentaal \u00e9n fysiek voor op carnaval","datePublished":"2025-02-28T07:30:59+00:00","dateModified":"2025-02-28T11:54:31+00:00","mainEntityOfPage":{"@id":"https:\/\/www.thebestsocial.media\/nl\/grolsch-carnaval-bier-polonaise-feesten\/"},"wordCount":306,"commentCount":0,"image":{"@id":"https:\/\/www.thebestsocial.media\/nl\/grolsch-carnaval-bier-polonaise-feesten\/#primaryimage"},"thumbnailUrl":"https:\/\/www.thebestsocial.media\/nl\/wp-content\/uploads\/sites\/2\/2025\/02\/carnaval-uitgelicht-2.png","keywords":["advertorial","carnaval","grolsch"],"articleSection":["Blogs","Nieuws"],"inLanguage":"nl-NL","potentialAction":[{"@type":"CommentAction","name":"Comment","target":["https:\/\/www.thebestsocial.media\/nl\/grolsch-carnaval-bier-polonaise-feesten\/#respond"]}]},{"@type":"WebPage","@id":"https:\/\/www.thebestsocial.media\/nl\/grolsch-carnaval-bier-polonaise-feesten\/","url":"https:\/\/www.thebestsocial.media\/nl\/grolsch-carnaval-bier-polonaise-feesten\/","name":"D\u00e9ze Nederlanders bereiden zich mentaal \u00e9n fysiek voor carnaval","isPartOf":{"@id":"https:\/\/www.thebestsocial.media\/nl\/#website"},"primaryImageOfPage":{"@id":"https:\/\/www.thebestsocial.media\/nl\/grolsch-carnaval-bier-polonaise-feesten\/#primaryimage"},"image":{"@id":"https:\/\/www.thebestsocial.media\/nl\/grolsch-carnaval-bier-polonaise-feesten\/#primaryimage"},"thumbnailUrl":"https:\/\/www.thebestsocial.media\/nl\/wp-content\/uploads\/sites\/2\/2025\/02\/carnaval-uitgelicht-2.png","datePublished":"2025-02-28T07:30:59+00:00","dateModified":"2025-02-28T11:54:31+00:00","author":{"@id":"https:\/\/www.thebestsocial.media\/nl\/#\/schema\/person\/2b65a07de209cd1d416a21f959fdf166"},"description":"Hoe je het ook wendt of keert: d\u00e9ze acht Nederlanders hebben zich zowel mentaal als fysiek helemaal voorbereid op carnaval.","breadcrumb":{"@id":"https:\/\/www.thebestsocial.media\/nl\/grolsch-carnaval-bier-polonaise-feesten\/#breadcrumb"},"inLanguage":"nl-NL","potentialAction":[{"@type":"ReadAction","target":["https:\/\/www.thebestsocial.media\/nl\/grolsch-carnaval-bier-polonaise-feesten\/"]}]},{"@type":"ImageObject","inLanguage":"nl-NL","@id":"https:\/\/www.thebestsocial.media\/nl\/grolsch-carnaval-bier-polonaise-feesten\/#primaryimage","url":"https:\/\/www.thebestsocial.media\/nl\/wp-content\/uploads\/sites\/2\/2025\/02\/carnaval-uitgelicht-2.png","contentUrl":"https:\/\/www.thebestsocial.media\/nl\/wp-content\/uploads\/sites\/2\/2025\/02\/carnaval-uitgelicht-2.png","width":1200,"height":630,"caption":"Carnaval"},{"@type":"BreadcrumbList","@id":"https:\/\/www.thebestsocial.media\/nl\/grolsch-carnaval-bier-polonaise-feesten\/#breadcrumb","itemListElement":[{"@type":"ListItem","position":1,"name":"Home","item":"https:\/\/www.thebestsocial.media\/nl\/"},{"@type":"ListItem","position":2,"name":"D\u00e9ze 7 Nederlanders bereiden zich mentaal \u00e9n fysiek voor op carnaval"}]},{"@type":"WebSite","@id":"https:\/\/www.thebestsocial.media\/nl\/#website","url":"https:\/\/www.thebestsocial.media\/nl\/","name":"The Best Social Media NL","description":"Zoeklicht in de Digital Chaos","potentialAction":[{"@type":"SearchAction","target":{"@type":"EntryPoint","urlTemplate":"https:\/\/www.thebestsocial.media\/nl\/?s={search_term_string}"},"query-input":{"@type":"PropertyValueSpecification","valueRequired":true,"valueName":"search_term_string"}}],"inLanguage":"nl-NL"},{"@type":"Person","@id":"https:\/\/www.thebestsocial.media\/nl\/#\/schema\/person\/2b65a07de209cd1d416a21f959fdf166","name":"yannick","image":{"@type":"ImageObject","inLanguage":"nl-NL","@id":"https:\/\/secure.gravatar.com\/avatar\/8909b7412361c45e4fc0664b3e04faa1ad03832e065a1098c95a21a0527771d4?s=96&d=mm&r=g","url":"https:\/\/secure.gravatar.com\/avatar\/8909b7412361c45e4fc0664b3e04faa1ad03832e065a1098c95a21a0527771d4?s=96&d=mm&r=g","contentUrl":"https:\/\/secure.gravatar.com\/avatar\/8909b7412361c45e4fc0664b3e04faa1ad03832e065a1098c95a21a0527771d4?s=96&d=mm&r=g","caption":"yannick"},"description":"Geboren en getogen Bredanaar. Droomde altijd van een carri\u00e8re als profvoetballer, maar is gestrand in de Kelderklasse. Nu geeft ze hier onnodig 'commentaar' op sport, collega's (\u00e9\u00e9n in het bijzonder) en mensen die iconische memes niet kennen.","sameAs":["https:\/\/www.instagram.com\/yannicksnoek\/","https:\/\/www.linkedin.com\/in\/yannick-s-743aa110b\/"],"url":"https:\/\/www.thebestsocial.media\/nl\/author\/yannick\/"}]}},"amp_enabled":true,"_links":{"self":[{"href":"https:\/\/www.thebestsocial.media\/nl\/wp-json\/wp\/v2\/posts\/354156","targetHints":{"allow":["GET"]}}],"collection":[{"href":"https:\/\/www.thebestsocial.media\/nl\/wp-json\/wp\/v2\/posts"}],"about":[{"href":"https:\/\/www.thebestsocial.media\/nl\/wp-json\/wp\/v2\/types\/post"}],"author":[{"embeddable":true,"href":"https:\/\/www.thebestsocial.media\/nl\/wp-json\/wp\/v2\/users\/96"}],"replies":[{"embeddable":true,"href":"https:\/\/www.thebestsocial.media\/nl\/wp-json\/wp\/v2\/comments?post=354156"}],"version-history":[{"count":24,"href":"https:\/\/www.thebestsocial.media\/nl\/wp-json\/wp\/v2\/posts\/354156\/revisions"}],"predecessor-version":[{"id":354843,"href":"https:\/\/www.thebestsocial.media\/nl\/wp-json\/wp\/v2\/posts\/354156\/revisions\/354843"}],"wp:featuredmedia":[{"embeddable":true,"href":"https:\/\/www.thebestsocial.media\/nl\/wp-json\/wp\/v2\/media\/354187"}],"wp:attachment":[{"href":"https:\/\/www.thebestsocial.media\/nl\/wp-json\/wp\/v2\/media?parent=354156"}],"wp:term":[{"taxonomy":"category","embeddable":true,"href":"https:\/\/www.thebestsocial.media\/nl\/wp-json\/wp\/v2\/categories?post=354156"},{"taxonomy":"post_tag","embeddable":true,"href":"https:\/\/www.thebestsocial.media\/nl\/wp-json\/wp\/v2\/tags?post=354156"}],"curies":[{"name":"wp","href":"https:\/\/api.w.org\/{rel}","templated":true}]}}