{"id":338197,"date":"2024-11-14T11:08:24","date_gmt":"2024-11-14T10:08:24","guid":{"rendered":"https:\/\/www.thebestsocial.media\/nl\/?p=338197"},"modified":"2024-11-14T11:08:24","modified_gmt":"2024-11-14T10:08:24","slug":"wie-is-de-mol-molloten-kandidaten-bekend-rik","status":"publish","type":"post","link":"https:\/\/www.thebestsocial.media\/nl\/wie-is-de-mol-molloten-kandidaten-bekend-rik\/","title":{"rendered":"Wie is de Mol? maakt kandidaten bekend en doet \u00e9rg mysterieuze uitspraak"},"content":{"rendered":"<p>Zo aan het einde van het jaar zijn Wie is de Mol?-fans slechts met \u00e9\u00e9n ding bezig: welke <a href=\"https:\/\/www.thebestsocial.media\/nl\/sam-hofman-vakantie-animatie\/\" target=\"_blank\" rel=\"noopener\">bekende Nederlanders<\/a> zullen in het eerstvolgende seizoen op zoek gaan naar de mol? Na lang wachten is het zover en zijn de kandidaten van de volgende editie, die eind december van start gaat, bovengronds gekomen. Maar dat is niet alles. Het tv-programma plaatst ook nog effe een video op <a href=\"https:\/\/www.instagram.com\/wieisdemol.avrotros?utm_source=ig_web_button_share_sheet&amp;igsh=ZDNlZDc0MzIxNw==\" target=\"_blank\" rel=\"noopener\">Instagram<\/a> waarin presentator <a href=\"https:\/\/www.instagram.com\/rik_van_de_westelaken\/?utm_source=ig_embed&amp;ig_rid=7a639e64-e6f2-4165-b3f7-77dc6281f903\" target=\"_blank\" rel=\"noopener\">Rik van de Westelaken<\/a> een veelbelovende uitspraak doet, die meteen tot de nodige verdenkingen en theorie\u00ebn leidt.<\/p>\n<p>&nbsp;<\/p>\n<h3>1. Je hoort het: d\u00edt hebben ze bij Wie is de Mol? nog nooit gedaan. Maar wat &#8216;dit&#8217; dan precies inhoudt&#8230;<\/h3>\n<blockquote class=\"instagram-media\" style=\"background: #FFF; border: 0; border-radius: 3px; box-shadow: 0 0 1px 0 rgba(0,0,0,0.5),0 1px 10px 0 rgba(0,0,0,0.15); margin: 1px; max-width: 540px; min-width: 326px; padding: 0; width: calc(100% - 2px);\" data-instgrm-captioned=\"\" data-instgrm-permalink=\"https:\/\/www.instagram.com\/reel\/DCWIbdBskTT\/?utm_source=ig_embed&amp;utm_campaign=loading\" data-instgrm-version=\"14\">\n<div style=\"padding: 16px;\">\n<p>&nbsp;<\/p>\n<div style=\"display: flex; flex-direction: row; align-items: center;\">\n<div style=\"background-color: #f4f4f4; border-radius: 50%; flex-grow: 0; height: 40px; margin-right: 14px; width: 40px;\"><\/div>\n<div style=\"display: flex; flex-direction: column; flex-grow: 1; justify-content: center;\">\n<div style=\"background-color: #f4f4f4; border-radius: 4px; flex-grow: 0; height: 14px; margin-bottom: 6px; width: 100px;\"><\/div>\n<div style=\"background-color: #f4f4f4; border-radius: 4px; flex-grow: 0; height: 14px; width: 60px;\"><\/div>\n<\/div>\n<\/div>\n<div style=\"padding: 19% 0;\"><\/div>\n<div style=\"display: block; height: 50px; margin: 0 auto 12px; width: 50px;\"><\/div>\n<div style=\"padding-top: 8px;\">\n<div style=\"color: #3897f0; font-family: Arial,sans-serif; font-size: 14px; font-style: normal; font-weight: 550; line-height: 18px;\">Dit bericht op Instagram bekijken<\/div>\n<\/div>\n<div style=\"padding: 12.5% 0;\"><\/div>\n<div style=\"display: flex; flex-direction: row; margin-bottom: 14px; align-items: center;\">\n<div>\n<div style=\"background-color: #f4f4f4; border-radius: 50%; height: 12.5px; width: 12.5px; transform: translateX(0px) translateY(7px);\"><\/div>\n<div style=\"background-color: #f4f4f4; height: 12.5px; transform: rotate(-45deg) translateX(3px) translateY(1px); width: 12.5px; flex-grow: 0; margin-right: 14px; margin-left: 2px;\"><\/div>\n<div style=\"background-color: #f4f4f4; border-radius: 50%; height: 12.5px; width: 12.5px; transform: translateX(9px) translateY(-18px);\"><\/div>\n<\/div>\n<div style=\"margin-left: 8px;\">\n<div style=\"background-color: #f4f4f4; border-radius: 50%; flex-grow: 0; height: 20px; width: 20px;\"><\/div>\n<div style=\"width: 0; height: 0; border-top: 2px solid transparent; border-left: 6px solid #f4f4f4; border-bottom: 2px solid transparent; transform: translateX(16px) translateY(-4px) rotate(30deg);\"><\/div>\n<\/div>\n<div style=\"margin-left: auto;\">\n<div style=\"width: 0px; border-top: 8px solid #F4F4F4; border-right: 8px solid transparent; transform: translateY(16px);\"><\/div>\n<div style=\"background-color: #f4f4f4; flex-grow: 0; height: 12px; width: 16px; transform: translateY(-4px);\"><\/div>\n<div style=\"width: 0; height: 0; border-top: 8px solid #F4F4F4; border-left: 8px solid transparent; transform: translateY(-4px) translateX(8px);\"><\/div>\n<\/div>\n<\/div>\n<div style=\"display: flex; flex-direction: column; flex-grow: 1; justify-content: center; margin-bottom: 24px;\">\n<div style=\"background-color: #f4f4f4; border-radius: 4px; flex-grow: 0; height: 14px; margin-bottom: 6px; width: 224px;\"><\/div>\n<div style=\"background-color: #f4f4f4; border-radius: 4px; flex-grow: 0; height: 14px; width: 144px;\"><\/div>\n<\/div>\n<p>&nbsp;<\/p>\n<p style=\"color: #c9c8cd; font-family: Arial,sans-serif; font-size: 14px; line-height: 17px; margin-bottom: 0; margin-top: 8px; overflow: hidden; padding: 8px 0 7px; text-align: center; text-overflow: ellipsis; white-space: nowrap;\"><a style=\"color: #c9c8cd; font-family: Arial,sans-serif; font-size: 14px; font-style: normal; font-weight: normal; line-height: 17px; text-decoration: none;\" href=\"https:\/\/www.instagram.com\/reel\/DCWIbdBskTT\/?utm_source=ig_embed&amp;utm_campaign=loading\" target=\"_blank\" rel=\"noopener\">Een bericht gedeeld door Wie is de Mol? (@wieisdemol.avrotros)<\/a><\/p>\n<\/div>\n<\/blockquote>\n\n<p>&nbsp;<\/p>\n<h3>2. Er is in ieder geval genoeg reden tot paniek.<\/h3>\n<p><img loading=\"lazy\" decoding=\"async\" class=\"alignnone wp-image-338206 size-full\" src=\"https:\/\/www.thebestsocial.media\/nl\/wp-content\/uploads\/sites\/2\/2024\/11\/Scherm\u00adafbeelding-2024-11-14-om-10.24.45.png\" alt=\"wie is de mol\" width=\"818\" height=\"154\" srcset=\"https:\/\/www.thebestsocial.media\/nl\/wp-content\/uploads\/sites\/2\/2024\/11\/Scherm\u00adafbeelding-2024-11-14-om-10.24.45.png 818w, https:\/\/www.thebestsocial.media\/nl\/wp-content\/uploads\/sites\/2\/2024\/11\/Scherm\u00adafbeelding-2024-11-14-om-10.24.45-300x56.png 300w, https:\/\/www.thebestsocial.media\/nl\/wp-content\/uploads\/sites\/2\/2024\/11\/Scherm\u00adafbeelding-2024-11-14-om-10.24.45-768x145.png 768w\" sizes=\"auto, (max-width: 818px) 100vw, 818px\" \/><\/p>\n<p>&nbsp;<\/p>\n<h3>3. Tunnelvisie it is.<\/h3>\n<p><img loading=\"lazy\" decoding=\"async\" class=\"alignnone wp-image-338205 size-full\" src=\"https:\/\/www.thebestsocial.media\/nl\/wp-content\/uploads\/sites\/2\/2024\/11\/Scherm\u00adafbeelding-2024-11-14-om-10.24.42.png\" alt=\"wie is de mol\" width=\"560\" height=\"126\" srcset=\"https:\/\/www.thebestsocial.media\/nl\/wp-content\/uploads\/sites\/2\/2024\/11\/Scherm\u00adafbeelding-2024-11-14-om-10.24.42.png 560w, https:\/\/www.thebestsocial.media\/nl\/wp-content\/uploads\/sites\/2\/2024\/11\/Scherm\u00adafbeelding-2024-11-14-om-10.24.42-300x68.png 300w\" sizes=\"auto, (max-width: 560px) 100vw, 560px\" \/><\/p>\n<p>&nbsp;<\/p>\n<h3>4. In dit geval kunnen ze &#8217;trust nobody&#8217; wel veranderen in &#8217;trust everybody&#8217;.<\/h3>\n<p><img loading=\"lazy\" decoding=\"async\" class=\"alignnone size-full wp-image-338218\" src=\"https:\/\/www.thebestsocial.media\/nl\/wp-content\/uploads\/sites\/2\/2024\/11\/Scherm\u00adafbeelding-2024-11-14-om-10.42.31.png\" alt=\"\" width=\"580\" height=\"122\" srcset=\"https:\/\/www.thebestsocial.media\/nl\/wp-content\/uploads\/sites\/2\/2024\/11\/Scherm\u00adafbeelding-2024-11-14-om-10.42.31.png 580w, https:\/\/www.thebestsocial.media\/nl\/wp-content\/uploads\/sites\/2\/2024\/11\/Scherm\u00adafbeelding-2024-11-14-om-10.42.31-300x63.png 300w\" sizes=\"auto, (max-width: 580px) 100vw, 580px\" \/><\/p>\n<p>&nbsp;<\/p>\n<h3>5. Fans beginnen te dagdromen, maar krijgen al snel een realitycheck van een oplettende medekijker.<\/h3>\n<p><img loading=\"lazy\" decoding=\"async\" class=\"alignnone size-full wp-image-338204\" src=\"https:\/\/www.thebestsocial.media\/nl\/wp-content\/uploads\/sites\/2\/2024\/11\/Scherm\u00adafbeelding-2024-11-14-om-10.24.27.png\" alt=\"\" width=\"912\" height=\"285\" srcset=\"https:\/\/www.thebestsocial.media\/nl\/wp-content\/uploads\/sites\/2\/2024\/11\/Scherm\u00adafbeelding-2024-11-14-om-10.24.27.png 912w, https:\/\/www.thebestsocial.media\/nl\/wp-content\/uploads\/sites\/2\/2024\/11\/Scherm\u00adafbeelding-2024-11-14-om-10.24.27-300x94.png 300w, https:\/\/www.thebestsocial.media\/nl\/wp-content\/uploads\/sites\/2\/2024\/11\/Scherm\u00adafbeelding-2024-11-14-om-10.24.27-768x240.png 768w\" sizes=\"auto, (max-width: 912px) 100vw, 912px\" \/><\/p>\n<p>&nbsp;<\/p>\n<h3>6. En ja hoor, dit zijn ze: de kandidaten van het aankomende Wie is de Mol?-seizoen.<\/h3>\n<blockquote class=\"instagram-media\" style=\"background: #FFF; border: 0; border-radius: 3px; box-shadow: 0 0 1px 0 rgba(0,0,0,0.5),0 1px 10px 0 rgba(0,0,0,0.15); margin: 1px; max-width: 540px; min-width: 326px; padding: 0; width: calc(100% - 2px);\" data-instgrm-captioned=\"\" data-instgrm-permalink=\"https:\/\/www.instagram.com\/p\/DCWL1huuY6I\/?utm_source=ig_embed&amp;utm_campaign=loading\" data-instgrm-version=\"14\">\n<div style=\"padding: 16px;\">\n<p>&nbsp;<\/p>\n<div style=\"display: flex; flex-direction: row; align-items: center;\">\n<div style=\"background-color: #f4f4f4; border-radius: 50%; flex-grow: 0; height: 40px; margin-right: 14px; width: 40px;\"><\/div>\n<div style=\"display: flex; flex-direction: column; flex-grow: 1; justify-content: center;\">\n<div style=\"background-color: #f4f4f4; border-radius: 4px; flex-grow: 0; height: 14px; margin-bottom: 6px; width: 100px;\"><\/div>\n<div style=\"background-color: #f4f4f4; border-radius: 4px; flex-grow: 0; height: 14px; width: 60px;\"><\/div>\n<\/div>\n<\/div>\n<div style=\"padding: 19% 0;\"><\/div>\n<div style=\"display: block; height: 50px; margin: 0 auto 12px; width: 50px;\"><\/div>\n<div style=\"padding-top: 8px;\">\n<div style=\"color: #3897f0; font-family: Arial,sans-serif; font-size: 14px; font-style: normal; font-weight: 550; line-height: 18px;\">Dit bericht op Instagram bekijken<\/div>\n<\/div>\n<div style=\"padding: 12.5% 0;\"><\/div>\n<div style=\"display: flex; flex-direction: row; margin-bottom: 14px; align-items: center;\">\n<div>\n<div style=\"background-color: #f4f4f4; border-radius: 50%; height: 12.5px; width: 12.5px; transform: translateX(0px) translateY(7px);\"><\/div>\n<div style=\"background-color: #f4f4f4; height: 12.5px; transform: rotate(-45deg) translateX(3px) translateY(1px); width: 12.5px; flex-grow: 0; margin-right: 14px; margin-left: 2px;\"><\/div>\n<div style=\"background-color: #f4f4f4; border-radius: 50%; height: 12.5px; width: 12.5px; transform: translateX(9px) translateY(-18px);\"><\/div>\n<\/div>\n<div style=\"margin-left: 8px;\">\n<div style=\"background-color: #f4f4f4; border-radius: 50%; flex-grow: 0; height: 20px; width: 20px;\"><\/div>\n<div style=\"width: 0; height: 0; border-top: 2px solid transparent; border-left: 6px solid #f4f4f4; border-bottom: 2px solid transparent; transform: translateX(16px) translateY(-4px) rotate(30deg);\"><\/div>\n<\/div>\n<div style=\"margin-left: auto;\">\n<div style=\"width: 0px; border-top: 8px solid #F4F4F4; border-right: 8px solid transparent; transform: translateY(16px);\"><\/div>\n<div style=\"background-color: #f4f4f4; flex-grow: 0; height: 12px; width: 16px; transform: translateY(-4px);\"><\/div>\n<div style=\"width: 0; height: 0; border-top: 8px solid #F4F4F4; border-left: 8px solid transparent; transform: translateY(-4px) translateX(8px);\"><\/div>\n<\/div>\n<\/div>\n<div style=\"display: flex; flex-direction: column; flex-grow: 1; justify-content: center; margin-bottom: 24px;\">\n<div style=\"background-color: #f4f4f4; border-radius: 4px; flex-grow: 0; height: 14px; margin-bottom: 6px; width: 224px;\"><\/div>\n<div style=\"background-color: #f4f4f4; border-radius: 4px; flex-grow: 0; height: 14px; width: 144px;\"><\/div>\n<\/div>\n<p>&nbsp;<\/p>\n<p style=\"color: #c9c8cd; font-family: Arial,sans-serif; font-size: 14px; line-height: 17px; margin-bottom: 0; margin-top: 8px; overflow: hidden; padding: 8px 0 7px; text-align: center; text-overflow: ellipsis; white-space: nowrap;\"><a style=\"color: #c9c8cd; font-family: Arial,sans-serif; font-size: 14px; font-style: normal; font-weight: normal; line-height: 17px; text-decoration: none;\" href=\"https:\/\/www.instagram.com\/p\/DCWL1huuY6I\/?utm_source=ig_embed&amp;utm_campaign=loading\" target=\"_blank\" rel=\"noopener\">Een bericht gedeeld door Rik van de Westelaken (@rik_van_de_westelaken)<\/a><\/p>\n<\/div>\n<\/blockquote>\n\n<p>&nbsp;<\/p>\n<h3>7. E\u00e9n ding is zeker: de donderdag van trouwe Wie is de Mol?-kijkers kan niet meer stuk.<\/h3>\n<p><img loading=\"lazy\" decoding=\"async\" class=\"alignnone size-full wp-image-338216\" src=\"https:\/\/www.thebestsocial.media\/nl\/wp-content\/uploads\/sites\/2\/2024\/11\/Scherm\u00adafbeelding-2024-11-14-om-10.38.14.png\" alt=\"\" width=\"596\" height=\"161\" srcset=\"https:\/\/www.thebestsocial.media\/nl\/wp-content\/uploads\/sites\/2\/2024\/11\/Scherm\u00adafbeelding-2024-11-14-om-10.38.14.png 596w, https:\/\/www.thebestsocial.media\/nl\/wp-content\/uploads\/sites\/2\/2024\/11\/Scherm\u00adafbeelding-2024-11-14-om-10.38.14-300x81.png 300w\" sizes=\"auto, (max-width: 596px) 100vw, 596px\" \/><\/p>\n<p>&nbsp;<\/p>\n<p><b>Heeft jouw bedrijf of organisatie het afgelopen jaar social content gemaakt die wel effe in de spotlights mag worden gezet? Aarzel dan niet en<\/b> <a href=\"https:\/\/thebestsocialawards.nl\/inzenden\/\" target=\"_blank\" rel=\"noopener\"><b>zend nu je cases in<\/b><\/a><b> voor (\u00e9\u00e9n van) de Business-categorie\u00ebn van The Best Social Awards!<\/b><\/p>\n<blockquote class=\"instagram-media\" style=\"background: #FFF; border: 0; border-radius: 3px; box-shadow: 0 0 1px 0 rgba(0,0,0,0.5),0 1px 10px 0 rgba(0,0,0,0.15); margin: 1px; max-width: 540px; min-width: 326px; padding: 0; width: calc(100% - 2px);\" data-instgrm-captioned=\"\" data-instgrm-permalink=\"https:\/\/www.instagram.com\/p\/DBI2XbVMVrk\/?utm_source=ig_embed&amp;utm_campaign=loading\" data-instgrm-version=\"14\">\n<div style=\"padding: 16px;\">\n<p>&nbsp;<\/p>\n<div style=\"display: flex; flex-direction: row; align-items: center;\">\n<div style=\"background-color: #f4f4f4; border-radius: 50%; flex-grow: 0; height: 40px; margin-right: 14px; width: 40px;\"><\/div>\n<div style=\"display: flex; flex-direction: column; flex-grow: 1; justify-content: center;\">\n<div style=\"background-color: #f4f4f4; border-radius: 4px; flex-grow: 0; height: 14px; margin-bottom: 6px; width: 100px;\"><\/div>\n<div style=\"background-color: #f4f4f4; border-radius: 4px; flex-grow: 0; height: 14px; width: 60px;\"><\/div>\n<\/div>\n<\/div>\n<div style=\"padding: 19% 0;\"><\/div>\n<div style=\"display: block; height: 50px; margin: 0 auto 12px; width: 50px;\"><\/div>\n<div style=\"padding-top: 8px;\">\n<div style=\"color: #3897f0; font-family: Arial,sans-serif; font-size: 14px; font-style: normal; font-weight: 550; line-height: 18px;\">Dit bericht op Instagram bekijken<\/div>\n<\/div>\n<div style=\"padding: 12.5% 0;\"><\/div>\n<div style=\"display: flex; flex-direction: row; margin-bottom: 14px; align-items: center;\">\n<div>\n<div style=\"background-color: #f4f4f4; border-radius: 50%; height: 12.5px; width: 12.5px; transform: translateX(0px) translateY(7px);\"><\/div>\n<div style=\"background-color: #f4f4f4; height: 12.5px; transform: rotate(-45deg) translateX(3px) translateY(1px); width: 12.5px; flex-grow: 0; margin-right: 14px; margin-left: 2px;\"><\/div>\n<div style=\"background-color: #f4f4f4; border-radius: 50%; height: 12.5px; width: 12.5px; transform: translateX(9px) translateY(-18px);\"><\/div>\n<\/div>\n<div style=\"margin-left: 8px;\">\n<div style=\"background-color: #f4f4f4; border-radius: 50%; flex-grow: 0; height: 20px; width: 20px;\"><\/div>\n<div style=\"width: 0; height: 0; border-top: 2px solid transparent; border-left: 6px solid #f4f4f4; border-bottom: 2px solid transparent; transform: translateX(16px) translateY(-4px) rotate(30deg);\"><\/div>\n<\/div>\n<div style=\"margin-left: auto;\">\n<div style=\"width: 0px; border-top: 8px solid #F4F4F4; border-right: 8px solid transparent; transform: translateY(16px);\"><\/div>\n<div style=\"background-color: #f4f4f4; flex-grow: 0; height: 12px; width: 16px; transform: translateY(-4px);\"><\/div>\n<div style=\"width: 0; height: 0; border-top: 8px solid #F4F4F4; border-left: 8px solid transparent; transform: translateY(-4px) translateX(8px);\"><\/div>\n<\/div>\n<\/div>\n<div style=\"display: flex; flex-direction: column; flex-grow: 1; justify-content: center; margin-bottom: 24px;\">\n<div style=\"background-color: #f4f4f4; border-radius: 4px; flex-grow: 0; height: 14px; margin-bottom: 6px; width: 224px;\"><\/div>\n<div style=\"background-color: #f4f4f4; border-radius: 4px; flex-grow: 0; height: 14px; width: 144px;\"><\/div>\n<\/div>\n<p>&nbsp;<\/p>\n<p style=\"color: #c9c8cd; font-family: Arial,sans-serif; font-size: 14px; line-height: 17px; margin-bottom: 0; margin-top: 8px; overflow: hidden; padding: 8px 0 7px; text-align: center; text-overflow: ellipsis; white-space: nowrap;\"><a style=\"color: #c9c8cd; font-family: Arial,sans-serif; font-size: 14px; font-style: normal; font-weight: normal; line-height: 17px; text-decoration: none;\" href=\"https:\/\/www.instagram.com\/p\/DBI2XbVMVrk\/?utm_source=ig_embed&amp;utm_campaign=loading\" target=\"_blank\" rel=\"noopener\">Een bericht gedeeld door The Best Social Awards (@thebestsocialawards)<\/a><\/p>\n<\/div>\n<\/blockquote>\n\n<p>&nbsp;<\/p>\n<p>&nbsp;<\/p>\n<p>&nbsp;<\/p>\n<script async defer src=\"\/instagram-embed.js\"><\/script>","protected":false},"excerpt":{"rendered":"<p>Zo aan het einde van het jaar zijn Wie is de Mol?-fans slechts met \u00e9\u00e9n ding bezig: welke bekende Nederlanders zullen in het eerstvolgende seizoen&#8230;<\/p>\n","protected":false},"author":103,"featured_media":338252,"comment_status":"open","ping_status":"open","sticky":false,"template":"","format":"standard","meta":{"_acf_changed":false,"footnotes":""},"categories":[16,17],"tags":[7539,1342,1033],"class_list":["post-338197","post","type-post","status-publish","format-standard","has-post-thumbnail","hentry","category-blogs","category-nieuws","tag-kandidaten","tag-molloten","tag-wie-is-de-mol"],"acf":[],"yoast_head":"<!-- This site is optimized with the Yoast SEO plugin v27.5 - https:\/\/yoast.com\/product\/yoast-seo-wordpress\/ -->\n<title>Wie Is De Mol maakt kandidaten bekend en doet aparte uitspraak<\/title>\n<meta name=\"description\" content=\"Wie is de Mol maakte net de kandidaten van het volgende seizoen bekend en Rik van de Westelaken deed een bijzondere uitspraak in een video.\" \/>\n<meta name=\"robots\" content=\"index, follow, max-snippet:-1, max-image-preview:large, max-video-preview:-1\" \/>\n<link rel=\"canonical\" href=\"https:\/\/www.thebestsocial.media\/nl\/wie-is-de-mol-molloten-kandidaten-bekend-rik\/\" \/>\n<meta property=\"og:locale\" content=\"nl_NL\" \/>\n<meta property=\"og:type\" content=\"article\" \/>\n<meta property=\"og:title\" content=\"Wie Is De Mol doet veelbelovende uitspraak en Nederland speculeert erop los\" \/>\n<meta property=\"og:description\" content=\"Wie is de Mol maakte net de kandidaten van het volgende seizoen bekend en Rik van de Westelaken deed een bijzondere uitspraak in een video.\" \/>\n<meta property=\"og:url\" content=\"https:\/\/www.thebestsocial.media\/nl\/wie-is-de-mol-molloten-kandidaten-bekend-rik\/\" \/>\n<meta property=\"og:site_name\" content=\"The Best Social Media NL\" \/>\n<meta property=\"article:published_time\" content=\"2024-11-14T10:08:24+00:00\" \/>\n<meta property=\"og:image\" content=\"https:\/\/www.thebestsocial.media\/nl\/wp-content\/uploads\/sites\/2\/2024\/11\/wie-is-de-mol-met.png\" \/>\n\t<meta property=\"og:image:width\" content=\"1200\" \/>\n\t<meta property=\"og:image:height\" content=\"630\" \/>\n\t<meta property=\"og:image:type\" content=\"image\/png\" \/>\n<meta name=\"author\" content=\"marloesg\" \/>\n<meta name=\"twitter:card\" content=\"summary_large_image\" \/>\n<meta name=\"twitter:title\" content=\"Wie Is De Mol doet veelbelovende uitspraak en Nederland speculeert erop los\" \/>\n<meta name=\"twitter:description\" content=\"Wie is de Mol maakte net de kandidaten van het volgende seizoen bekend en Rik van de Westelaken deed een bijzondere uitspraak in een video.\" \/>\n<meta name=\"twitter:image\" content=\"https:\/\/www.thebestsocial.media\/nl\/wp-content\/uploads\/sites\/2\/2024\/11\/wie-is-de-mol-met.png\" \/>\n<meta name=\"twitter:label1\" content=\"Geschreven door\" \/>\n\t<meta name=\"twitter:data1\" content=\"marloesg\" \/>\n\t<meta name=\"twitter:label2\" content=\"Geschatte leestijd\" \/>\n\t<meta name=\"twitter:data2\" content=\"3 minuten\" \/>\n<script type=\"application\/ld+json\" class=\"yoast-schema-graph\">{\"@context\":\"https:\\\/\\\/schema.org\",\"@graph\":[{\"@type\":\"Article\",\"@id\":\"https:\\\/\\\/www.thebestsocial.media\\\/nl\\\/wie-is-de-mol-molloten-kandidaten-bekend-rik\\\/#article\",\"isPartOf\":{\"@id\":\"https:\\\/\\\/www.thebestsocial.media\\\/nl\\\/wie-is-de-mol-molloten-kandidaten-bekend-rik\\\/\"},\"author\":{\"name\":\"marloesg\",\"@id\":\"https:\\\/\\\/www.thebestsocial.media\\\/nl\\\/#\\\/schema\\\/person\\\/6d498cb50c3e7fe49768212b4eefe461\"},\"headline\":\"Wie is de Mol? maakt kandidaten bekend en doet \u00e9rg mysterieuze uitspraak\",\"datePublished\":\"2024-11-14T10:08:24+00:00\",\"mainEntityOfPage\":{\"@id\":\"https:\\\/\\\/www.thebestsocial.media\\\/nl\\\/wie-is-de-mol-molloten-kandidaten-bekend-rik\\\/\"},\"wordCount\":297,\"commentCount\":0,\"image\":{\"@id\":\"https:\\\/\\\/www.thebestsocial.media\\\/nl\\\/wie-is-de-mol-molloten-kandidaten-bekend-rik\\\/#primaryimage\"},\"thumbnailUrl\":\"https:\\\/\\\/www.thebestsocial.media\\\/nl\\\/wp-content\\\/uploads\\\/sites\\\/2\\\/2024\\\/11\\\/wie-is-de-mol-zonder.png\",\"keywords\":[\"kandidaten\",\"molloten\",\"wie is de mol\"],\"articleSection\":[\"Blogs\",\"Nieuws\"],\"inLanguage\":\"nl-NL\",\"potentialAction\":[{\"@type\":\"CommentAction\",\"name\":\"Comment\",\"target\":[\"https:\\\/\\\/www.thebestsocial.media\\\/nl\\\/wie-is-de-mol-molloten-kandidaten-bekend-rik\\\/#respond\"]}]},{\"@type\":\"WebPage\",\"@id\":\"https:\\\/\\\/www.thebestsocial.media\\\/nl\\\/wie-is-de-mol-molloten-kandidaten-bekend-rik\\\/\",\"url\":\"https:\\\/\\\/www.thebestsocial.media\\\/nl\\\/wie-is-de-mol-molloten-kandidaten-bekend-rik\\\/\",\"name\":\"Wie Is De Mol maakt kandidaten bekend en doet aparte uitspraak\",\"isPartOf\":{\"@id\":\"https:\\\/\\\/www.thebestsocial.media\\\/nl\\\/#website\"},\"primaryImageOfPage\":{\"@id\":\"https:\\\/\\\/www.thebestsocial.media\\\/nl\\\/wie-is-de-mol-molloten-kandidaten-bekend-rik\\\/#primaryimage\"},\"image\":{\"@id\":\"https:\\\/\\\/www.thebestsocial.media\\\/nl\\\/wie-is-de-mol-molloten-kandidaten-bekend-rik\\\/#primaryimage\"},\"thumbnailUrl\":\"https:\\\/\\\/www.thebestsocial.media\\\/nl\\\/wp-content\\\/uploads\\\/sites\\\/2\\\/2024\\\/11\\\/wie-is-de-mol-zonder.png\",\"datePublished\":\"2024-11-14T10:08:24+00:00\",\"author\":{\"@id\":\"https:\\\/\\\/www.thebestsocial.media\\\/nl\\\/#\\\/schema\\\/person\\\/6d498cb50c3e7fe49768212b4eefe461\"},\"description\":\"Wie is de Mol maakte net de kandidaten van het volgende seizoen bekend en Rik van de Westelaken deed een bijzondere uitspraak in een video.\",\"breadcrumb\":{\"@id\":\"https:\\\/\\\/www.thebestsocial.media\\\/nl\\\/wie-is-de-mol-molloten-kandidaten-bekend-rik\\\/#breadcrumb\"},\"inLanguage\":\"nl-NL\",\"potentialAction\":[{\"@type\":\"ReadAction\",\"target\":[\"https:\\\/\\\/www.thebestsocial.media\\\/nl\\\/wie-is-de-mol-molloten-kandidaten-bekend-rik\\\/\"]}]},{\"@type\":\"ImageObject\",\"inLanguage\":\"nl-NL\",\"@id\":\"https:\\\/\\\/www.thebestsocial.media\\\/nl\\\/wie-is-de-mol-molloten-kandidaten-bekend-rik\\\/#primaryimage\",\"url\":\"https:\\\/\\\/www.thebestsocial.media\\\/nl\\\/wp-content\\\/uploads\\\/sites\\\/2\\\/2024\\\/11\\\/wie-is-de-mol-zonder.png\",\"contentUrl\":\"https:\\\/\\\/www.thebestsocial.media\\\/nl\\\/wp-content\\\/uploads\\\/sites\\\/2\\\/2024\\\/11\\\/wie-is-de-mol-zonder.png\",\"width\":1200,\"height\":630,\"caption\":\"wie is de mol zonder\"},{\"@type\":\"BreadcrumbList\",\"@id\":\"https:\\\/\\\/www.thebestsocial.media\\\/nl\\\/wie-is-de-mol-molloten-kandidaten-bekend-rik\\\/#breadcrumb\",\"itemListElement\":[{\"@type\":\"ListItem\",\"position\":1,\"name\":\"Home\",\"item\":\"https:\\\/\\\/www.thebestsocial.media\\\/nl\\\/\"},{\"@type\":\"ListItem\",\"position\":2,\"name\":\"Wie is de Mol? maakt kandidaten bekend en doet \u00e9rg mysterieuze uitspraak\"}]},{\"@type\":\"WebSite\",\"@id\":\"https:\\\/\\\/www.thebestsocial.media\\\/nl\\\/#website\",\"url\":\"https:\\\/\\\/www.thebestsocial.media\\\/nl\\\/\",\"name\":\"The Best Social Media NL\",\"description\":\"Zoeklicht in de Digital Chaos\",\"potentialAction\":[{\"@type\":\"SearchAction\",\"target\":{\"@type\":\"EntryPoint\",\"urlTemplate\":\"https:\\\/\\\/www.thebestsocial.media\\\/nl\\\/?s={search_term_string}\"},\"query-input\":{\"@type\":\"PropertyValueSpecification\",\"valueRequired\":true,\"valueName\":\"search_term_string\"}}],\"inLanguage\":\"nl-NL\"},{\"@type\":\"Person\",\"@id\":\"https:\\\/\\\/www.thebestsocial.media\\\/nl\\\/#\\\/schema\\\/person\\\/6d498cb50c3e7fe49768212b4eefe461\",\"name\":\"marloesg\",\"image\":{\"@type\":\"ImageObject\",\"inLanguage\":\"nl-NL\",\"@id\":\"https:\\\/\\\/secure.gravatar.com\\\/avatar\\\/f9ce72908b696dc2c1772f2bc4618eb4d13a2451380f6a16cfeda8ba8f56cdad?s=96&d=mm&r=g\",\"url\":\"https:\\\/\\\/secure.gravatar.com\\\/avatar\\\/f9ce72908b696dc2c1772f2bc4618eb4d13a2451380f6a16cfeda8ba8f56cdad?s=96&d=mm&r=g\",\"contentUrl\":\"https:\\\/\\\/secure.gravatar.com\\\/avatar\\\/f9ce72908b696dc2c1772f2bc4618eb4d13a2451380f6a16cfeda8ba8f56cdad?s=96&d=mm&r=g\",\"caption\":\"marloesg\"},\"description\":\"Een dag niet geyapt, is een dag niet geleefd. Heeft geen enkele film gezien, maar kan wel meepraten over ieder realityprogramma. Ziet haar For You Page vaker dan haar familie. Kendt zo ongeveer alle spellingregels uit haar hoofd, maar doet haar uiterste best om niet altijd alles te verbeteren.\",\"sameAs\":[\"https:\\\/\\\/www.instagram.com\\\/marloesgt\\\/\",\"https:\\\/\\\/www.linkedin.com\\\/in\\\/marloes-g\\\/\"],\"url\":\"https:\\\/\\\/www.thebestsocial.media\\\/nl\\\/author\\\/marloesg\\\/\"}]}<\/script>\n<!-- \/ Yoast SEO plugin. -->","yoast_head_json":{"title":"Wie Is De Mol maakt kandidaten bekend en doet aparte uitspraak","description":"Wie is de Mol maakte net de kandidaten van het volgende seizoen bekend en Rik van de Westelaken deed een bijzondere uitspraak in een video.","robots":{"index":"index","follow":"follow","max-snippet":"max-snippet:-1","max-image-preview":"max-image-preview:large","max-video-preview":"max-video-preview:-1"},"canonical":"https:\/\/www.thebestsocial.media\/nl\/wie-is-de-mol-molloten-kandidaten-bekend-rik\/","og_locale":"nl_NL","og_type":"article","og_title":"Wie Is De Mol doet veelbelovende uitspraak en Nederland speculeert erop los","og_description":"Wie is de Mol maakte net de kandidaten van het volgende seizoen bekend en Rik van de Westelaken deed een bijzondere uitspraak in een video.","og_url":"https:\/\/www.thebestsocial.media\/nl\/wie-is-de-mol-molloten-kandidaten-bekend-rik\/","og_site_name":"The Best Social Media NL","article_published_time":"2024-11-14T10:08:24+00:00","og_image":[{"width":1200,"height":630,"url":"https:\/\/www.thebestsocial.media\/nl\/wp-content\/uploads\/sites\/2\/2024\/11\/wie-is-de-mol-met.png","type":"image\/png"}],"author":"marloesg","twitter_card":"summary_large_image","twitter_title":"Wie Is De Mol doet veelbelovende uitspraak en Nederland speculeert erop los","twitter_description":"Wie is de Mol maakte net de kandidaten van het volgende seizoen bekend en Rik van de Westelaken deed een bijzondere uitspraak in een video.","twitter_image":"https:\/\/www.thebestsocial.media\/nl\/wp-content\/uploads\/sites\/2\/2024\/11\/wie-is-de-mol-met.png","twitter_misc":{"Geschreven door":"marloesg","Geschatte leestijd":"3 minuten"},"schema":{"@context":"https:\/\/schema.org","@graph":[{"@type":"Article","@id":"https:\/\/www.thebestsocial.media\/nl\/wie-is-de-mol-molloten-kandidaten-bekend-rik\/#article","isPartOf":{"@id":"https:\/\/www.thebestsocial.media\/nl\/wie-is-de-mol-molloten-kandidaten-bekend-rik\/"},"author":{"name":"marloesg","@id":"https:\/\/www.thebestsocial.media\/nl\/#\/schema\/person\/6d498cb50c3e7fe49768212b4eefe461"},"headline":"Wie is de Mol? maakt kandidaten bekend en doet \u00e9rg mysterieuze uitspraak","datePublished":"2024-11-14T10:08:24+00:00","mainEntityOfPage":{"@id":"https:\/\/www.thebestsocial.media\/nl\/wie-is-de-mol-molloten-kandidaten-bekend-rik\/"},"wordCount":297,"commentCount":0,"image":{"@id":"https:\/\/www.thebestsocial.media\/nl\/wie-is-de-mol-molloten-kandidaten-bekend-rik\/#primaryimage"},"thumbnailUrl":"https:\/\/www.thebestsocial.media\/nl\/wp-content\/uploads\/sites\/2\/2024\/11\/wie-is-de-mol-zonder.png","keywords":["kandidaten","molloten","wie is de mol"],"articleSection":["Blogs","Nieuws"],"inLanguage":"nl-NL","potentialAction":[{"@type":"CommentAction","name":"Comment","target":["https:\/\/www.thebestsocial.media\/nl\/wie-is-de-mol-molloten-kandidaten-bekend-rik\/#respond"]}]},{"@type":"WebPage","@id":"https:\/\/www.thebestsocial.media\/nl\/wie-is-de-mol-molloten-kandidaten-bekend-rik\/","url":"https:\/\/www.thebestsocial.media\/nl\/wie-is-de-mol-molloten-kandidaten-bekend-rik\/","name":"Wie Is De Mol maakt kandidaten bekend en doet aparte uitspraak","isPartOf":{"@id":"https:\/\/www.thebestsocial.media\/nl\/#website"},"primaryImageOfPage":{"@id":"https:\/\/www.thebestsocial.media\/nl\/wie-is-de-mol-molloten-kandidaten-bekend-rik\/#primaryimage"},"image":{"@id":"https:\/\/www.thebestsocial.media\/nl\/wie-is-de-mol-molloten-kandidaten-bekend-rik\/#primaryimage"},"thumbnailUrl":"https:\/\/www.thebestsocial.media\/nl\/wp-content\/uploads\/sites\/2\/2024\/11\/wie-is-de-mol-zonder.png","datePublished":"2024-11-14T10:08:24+00:00","author":{"@id":"https:\/\/www.thebestsocial.media\/nl\/#\/schema\/person\/6d498cb50c3e7fe49768212b4eefe461"},"description":"Wie is de Mol maakte net de kandidaten van het volgende seizoen bekend en Rik van de Westelaken deed een bijzondere uitspraak in een video.","breadcrumb":{"@id":"https:\/\/www.thebestsocial.media\/nl\/wie-is-de-mol-molloten-kandidaten-bekend-rik\/#breadcrumb"},"inLanguage":"nl-NL","potentialAction":[{"@type":"ReadAction","target":["https:\/\/www.thebestsocial.media\/nl\/wie-is-de-mol-molloten-kandidaten-bekend-rik\/"]}]},{"@type":"ImageObject","inLanguage":"nl-NL","@id":"https:\/\/www.thebestsocial.media\/nl\/wie-is-de-mol-molloten-kandidaten-bekend-rik\/#primaryimage","url":"https:\/\/www.thebestsocial.media\/nl\/wp-content\/uploads\/sites\/2\/2024\/11\/wie-is-de-mol-zonder.png","contentUrl":"https:\/\/www.thebestsocial.media\/nl\/wp-content\/uploads\/sites\/2\/2024\/11\/wie-is-de-mol-zonder.png","width":1200,"height":630,"caption":"wie is de mol zonder"},{"@type":"BreadcrumbList","@id":"https:\/\/www.thebestsocial.media\/nl\/wie-is-de-mol-molloten-kandidaten-bekend-rik\/#breadcrumb","itemListElement":[{"@type":"ListItem","position":1,"name":"Home","item":"https:\/\/www.thebestsocial.media\/nl\/"},{"@type":"ListItem","position":2,"name":"Wie is de Mol? maakt kandidaten bekend en doet \u00e9rg mysterieuze uitspraak"}]},{"@type":"WebSite","@id":"https:\/\/www.thebestsocial.media\/nl\/#website","url":"https:\/\/www.thebestsocial.media\/nl\/","name":"The Best Social Media NL","description":"Zoeklicht in de Digital Chaos","potentialAction":[{"@type":"SearchAction","target":{"@type":"EntryPoint","urlTemplate":"https:\/\/www.thebestsocial.media\/nl\/?s={search_term_string}"},"query-input":{"@type":"PropertyValueSpecification","valueRequired":true,"valueName":"search_term_string"}}],"inLanguage":"nl-NL"},{"@type":"Person","@id":"https:\/\/www.thebestsocial.media\/nl\/#\/schema\/person\/6d498cb50c3e7fe49768212b4eefe461","name":"marloesg","image":{"@type":"ImageObject","inLanguage":"nl-NL","@id":"https:\/\/secure.gravatar.com\/avatar\/f9ce72908b696dc2c1772f2bc4618eb4d13a2451380f6a16cfeda8ba8f56cdad?s=96&d=mm&r=g","url":"https:\/\/secure.gravatar.com\/avatar\/f9ce72908b696dc2c1772f2bc4618eb4d13a2451380f6a16cfeda8ba8f56cdad?s=96&d=mm&r=g","contentUrl":"https:\/\/secure.gravatar.com\/avatar\/f9ce72908b696dc2c1772f2bc4618eb4d13a2451380f6a16cfeda8ba8f56cdad?s=96&d=mm&r=g","caption":"marloesg"},"description":"Een dag niet geyapt, is een dag niet geleefd. Heeft geen enkele film gezien, maar kan wel meepraten over ieder realityprogramma. Ziet haar For You Page vaker dan haar familie. Kendt zo ongeveer alle spellingregels uit haar hoofd, maar doet haar uiterste best om niet altijd alles te verbeteren.","sameAs":["https:\/\/www.instagram.com\/marloesgt\/","https:\/\/www.linkedin.com\/in\/marloes-g\/"],"url":"https:\/\/www.thebestsocial.media\/nl\/author\/marloesg\/"}]}},"amp_enabled":true,"_links":{"self":[{"href":"https:\/\/www.thebestsocial.media\/nl\/wp-json\/wp\/v2\/posts\/338197","targetHints":{"allow":["GET"]}}],"collection":[{"href":"https:\/\/www.thebestsocial.media\/nl\/wp-json\/wp\/v2\/posts"}],"about":[{"href":"https:\/\/www.thebestsocial.media\/nl\/wp-json\/wp\/v2\/types\/post"}],"author":[{"embeddable":true,"href":"https:\/\/www.thebestsocial.media\/nl\/wp-json\/wp\/v2\/users\/103"}],"replies":[{"embeddable":true,"href":"https:\/\/www.thebestsocial.media\/nl\/wp-json\/wp\/v2\/comments?post=338197"}],"version-history":[{"count":15,"href":"https:\/\/www.thebestsocial.media\/nl\/wp-json\/wp\/v2\/posts\/338197\/revisions"}],"predecessor-version":[{"id":338253,"href":"https:\/\/www.thebestsocial.media\/nl\/wp-json\/wp\/v2\/posts\/338197\/revisions\/338253"}],"wp:featuredmedia":[{"embeddable":true,"href":"https:\/\/www.thebestsocial.media\/nl\/wp-json\/wp\/v2\/media\/338252"}],"wp:attachment":[{"href":"https:\/\/www.thebestsocial.media\/nl\/wp-json\/wp\/v2\/media?parent=338197"}],"wp:term":[{"taxonomy":"category","embeddable":true,"href":"https:\/\/www.thebestsocial.media\/nl\/wp-json\/wp\/v2\/categories?post=338197"},{"taxonomy":"post_tag","embeddable":true,"href":"https:\/\/www.thebestsocial.media\/nl\/wp-json\/wp\/v2\/tags?post=338197"}],"curies":[{"name":"wp","href":"https:\/\/api.w.org\/{rel}","templated":true}]}}