{"id":338159,"date":"2024-12-26T10:26:45","date_gmt":"2024-12-26T09:26:45","guid":{"rendered":"https:\/\/www.thebestsocial.media\/nl\/?p=338159"},"modified":"2024-12-26T10:26:45","modified_gmt":"2024-12-26T09:26:45","slug":"klanten-klacht-doet-winkelmedewerkers-niks","status":"publish","type":"post","link":"https:\/\/www.thebestsocial.media\/nl\/klanten-klacht-doet-winkelmedewerkers-niks\/","title":{"rendered":"D\u00e9ze klacht van klanten doet winkelmedewerkers helemaal niks"},"content":{"rendered":"<p>De <a href=\"https:\/\/www.thebestsocial.media\/nl\/xenos-kaars-verpakking-mot-schrikken-beest-insect\/\">klant<\/a> is koning, maar soms hebben klanten wel erg hoge verwachtingen. Zo verwacht Gerda dat een vakkenvuller alles uit z&#8217;n handen laat vallen om haar de weg naar de blikken tomatensoep te wijzen en wil Bert in de schoenenwinkel elk paar sneakers in elke mogelijke kleur en maat passen. Als <a href=\"https:\/\/www.thebestsocial.media\/nl\/zelfscan-albert-heijn-werken-supermarkt-kassa-opmerkelijk-medewerker\/\">werknemer<\/a> doe je je best om altijd beleefd te blijven, maar toch ontkom je vaak niet aan klachten. Voor d\u00e9ze veelvoorkomende klacht zijn velen gelukkig immuun geworden.<\/p>\n<p>&nbsp;<\/p>\n<h3>1. <a href=\"https:\/\/www.tiktok.com\/@sabasminne?is_from_webapp=1&amp;sender_device=pc\">Sabas<\/a> deelt een opvallende klacht die hij opving tijdens het shoppen.<\/h3>\n<p><iframe loading=\"lazy\" src=\"\/tiktok-cache\/7425626716795686176\/3937e38afbf1cc620dda58aaf982a2a3193a90c3403c0d4c5212516e\" width=\"623\" height=\"1108\" style=\"border:0; height:90vh; width:50.625000vh;\" scrolling=\"no\"><\/iframe><\/p>\n<p>&nbsp;<\/p>\n<h3>2. Wat we bij zo&#8217;n klacht stiekem allemaal diep van binnen denken\u2026<\/h3>\n<p><img loading=\"lazy\" decoding=\"async\" class=\"alignnone wp-image-339267 size-full\" src=\"https:\/\/www.thebestsocial.media\/nl\/wp-content\/uploads\/sites\/2\/2024\/11\/klacht5.png\" alt=\"klacht\" width=\"1048\" height=\"150\" srcset=\"https:\/\/www.thebestsocial.media\/nl\/wp-content\/uploads\/sites\/2\/2024\/11\/klacht5.png 1048w, https:\/\/www.thebestsocial.media\/nl\/wp-content\/uploads\/sites\/2\/2024\/11\/klacht5-300x43.png 300w, https:\/\/www.thebestsocial.media\/nl\/wp-content\/uploads\/sites\/2\/2024\/11\/klacht5-1024x147.png 1024w, https:\/\/www.thebestsocial.media\/nl\/wp-content\/uploads\/sites\/2\/2024\/11\/klacht5-768x110.png 768w\" sizes=\"auto, (max-width: 1048px) 100vw, 1048px\" \/><\/p>\n<p>&nbsp;<\/p>\n<h3>3. Zo&#8217;n klacht betekent w\u00e9l een rustige werkdag voor jou.<\/h3>\n<p><img loading=\"lazy\" decoding=\"async\" class=\"alignnone wp-image-339266 size-full\" src=\"https:\/\/www.thebestsocial.media\/nl\/wp-content\/uploads\/sites\/2\/2024\/11\/klacht4.png\" alt=\"klacht\" width=\"1034\" height=\"244\" srcset=\"https:\/\/www.thebestsocial.media\/nl\/wp-content\/uploads\/sites\/2\/2024\/11\/klacht4.png 1034w, https:\/\/www.thebestsocial.media\/nl\/wp-content\/uploads\/sites\/2\/2024\/11\/klacht4-300x71.png 300w, https:\/\/www.thebestsocial.media\/nl\/wp-content\/uploads\/sites\/2\/2024\/11\/klacht4-1024x242.png 1024w, https:\/\/www.thebestsocial.media\/nl\/wp-content\/uploads\/sites\/2\/2024\/11\/klacht4-768x181.png 768w\" sizes=\"auto, (max-width: 1034px) 100vw, 1034px\" \/><\/p>\n<p>&nbsp;<\/p>\n<h3>4. Eerlijkheid wordt helaas niet door alle klanten gewaardeerd.<\/h3>\n<p><img loading=\"lazy\" decoding=\"async\" class=\"alignnone wp-image-339264 size-full\" src=\"https:\/\/www.thebestsocial.media\/nl\/wp-content\/uploads\/sites\/2\/2024\/11\/klacht2.png\" alt=\"klacht\" width=\"1018\" height=\"248\" srcset=\"https:\/\/www.thebestsocial.media\/nl\/wp-content\/uploads\/sites\/2\/2024\/11\/klacht2.png 1018w, https:\/\/www.thebestsocial.media\/nl\/wp-content\/uploads\/sites\/2\/2024\/11\/klacht2-300x73.png 300w, https:\/\/www.thebestsocial.media\/nl\/wp-content\/uploads\/sites\/2\/2024\/11\/klacht2-768x187.png 768w\" sizes=\"auto, (max-width: 1018px) 100vw, 1018px\" \/><\/p>\n<p>&nbsp;<\/p>\n<h3>5. <span class=\"Apple-converted-space\">Daar zullen klanten vast van opkijken.\u00a0<\/span><\/h3>\n<p><img loading=\"lazy\" decoding=\"async\" class=\"alignnone wp-image-339268 size-full\" src=\"https:\/\/www.thebestsocial.media\/nl\/wp-content\/uploads\/sites\/2\/2024\/11\/klacht6.png\" alt=\"klacht\" width=\"1018\" height=\"200\" srcset=\"https:\/\/www.thebestsocial.media\/nl\/wp-content\/uploads\/sites\/2\/2024\/11\/klacht6.png 1018w, https:\/\/www.thebestsocial.media\/nl\/wp-content\/uploads\/sites\/2\/2024\/11\/klacht6-300x59.png 300w, https:\/\/www.thebestsocial.media\/nl\/wp-content\/uploads\/sites\/2\/2024\/11\/klacht6-768x151.png 768w\" sizes=\"auto, (max-width: 1018px) 100vw, 1018px\" \/><\/p>\n<p>&nbsp;<\/p>\n<h3>6. H\u00e9\u00e9l soms spreken ze gewoon de waarheid.<\/h3>\n<p><img loading=\"lazy\" decoding=\"async\" class=\"alignnone wp-image-339265 size-full\" src=\"https:\/\/www.thebestsocial.media\/nl\/wp-content\/uploads\/sites\/2\/2024\/11\/klacht3.png\" alt=\"klant\" width=\"1060\" height=\"248\" srcset=\"https:\/\/www.thebestsocial.media\/nl\/wp-content\/uploads\/sites\/2\/2024\/11\/klacht3.png 1060w, https:\/\/www.thebestsocial.media\/nl\/wp-content\/uploads\/sites\/2\/2024\/11\/klacht3-300x70.png 300w, https:\/\/www.thebestsocial.media\/nl\/wp-content\/uploads\/sites\/2\/2024\/11\/klacht3-1024x240.png 1024w, https:\/\/www.thebestsocial.media\/nl\/wp-content\/uploads\/sites\/2\/2024\/11\/klacht3-768x180.png 768w\" sizes=\"auto, (max-width: 1060px) 100vw, 1060px\" \/><\/p>\n<p>&nbsp;<\/p>\n<p><em><strong>Nog niet uitgelezen? Dat snappen we helemaal. Klik dan daarom <a href=\"https:\/\/www.thebestsocial.media\/nl\/zara-kleding-werknemers-koude-kleren\/\">hier<\/a><a href=\"https:\/\/www.thebestsocial.media\/nl\/supermarkt-struggle-herkenbaar-plastic-tasjes\/\" target=\"_blank\" rel=\"noopener\">\u00a0<\/a>voor een artikel over het typische gedrag van een verrassend groot aantal van de Zara-medewerkers. Of lees <a href=\"https:\/\/www.thebestsocial.media\/nl\/gedrag-winkelmedewerkers-sluitingstijd\/\">dit\u00a0<\/a>artikel nog over het opmerkelijke gedrag van een winkelmedewerker tijdens de sluitingstijd van de zaak.<\/strong><\/em><\/p>\n<p>&nbsp;<\/p>\n<p><b>Heeft jouw bedrijf of organisatie het afgelopen jaar social content gemaakt die wel effe in de spotlights mag worden gezet? Aarzel dan niet en<\/b> <a href=\"https:\/\/thebestsocialawards.nl\/inzenden\/\" target=\"_blank\" rel=\"noopener\"><b>zend nu je cases in<\/b><\/a><b> voor (\u00e9\u00e9n van) de Business-categorie\u00ebn van The Best Social Awards!<\/b><\/p>\n<blockquote class=\"instagram-media\" style=\"background: #FFF; border: 0; border-radius: 3px; box-shadow: 0 0 1px 0 rgba(0,0,0,0.5),0 1px 10px 0 rgba(0,0,0,0.15); margin: 1px; max-width: 540px; min-width: 326px; padding: 0; width: calc(100% - 2px);\" data-instgrm-captioned=\"\" data-instgrm-permalink=\"https:\/\/www.instagram.com\/p\/DBI2XbVMVrk\/?utm_source=ig_embed&amp;utm_campaign=loading\" data-instgrm-version=\"14\">\n<div style=\"padding: 16px;\">\n<p>&nbsp;<\/p>\n<div style=\"display: flex; flex-direction: row; align-items: center;\">\n<div style=\"background-color: #f4f4f4; border-radius: 50%; flex-grow: 0; height: 40px; margin-right: 14px; width: 40px;\"><\/div>\n<div style=\"display: flex; flex-direction: column; flex-grow: 1; justify-content: center;\">\n<div style=\"background-color: #f4f4f4; border-radius: 4px; flex-grow: 0; height: 14px; margin-bottom: 6px; width: 100px;\"><\/div>\n<div style=\"background-color: #f4f4f4; border-radius: 4px; flex-grow: 0; height: 14px; width: 60px;\"><\/div>\n<\/div>\n<\/div>\n<div style=\"padding: 19% 0;\"><\/div>\n<div style=\"display: block; height: 50px; margin: 0 auto 12px; width: 50px;\"><\/div>\n<div style=\"padding-top: 8px;\">\n<div style=\"color: #3897f0; font-family: Arial,sans-serif; font-size: 14px; font-style: normal; font-weight: 550; line-height: 18px;\">Dit bericht op Instagram bekijken<\/div>\n<\/div>\n<div style=\"padding: 12.5% 0;\"><\/div>\n<div style=\"display: flex; flex-direction: row; margin-bottom: 14px; align-items: center;\">\n<div>\n<div style=\"background-color: #f4f4f4; border-radius: 50%; height: 12.5px; width: 12.5px; transform: translateX(0px) translateY(7px);\"><\/div>\n<div style=\"background-color: #f4f4f4; height: 12.5px; transform: rotate(-45deg) translateX(3px) translateY(1px); width: 12.5px; flex-grow: 0; margin-right: 14px; margin-left: 2px;\"><\/div>\n<div style=\"background-color: #f4f4f4; border-radius: 50%; height: 12.5px; width: 12.5px; transform: translateX(9px) translateY(-18px);\"><\/div>\n<\/div>\n<div style=\"margin-left: 8px;\">\n<div style=\"background-color: #f4f4f4; border-radius: 50%; flex-grow: 0; height: 20px; width: 20px;\"><\/div>\n<div style=\"width: 0; height: 0; border-top: 2px solid transparent; border-left: 6px solid #f4f4f4; border-bottom: 2px solid transparent; transform: translateX(16px) translateY(-4px) rotate(30deg);\"><\/div>\n<\/div>\n<div style=\"margin-left: auto;\">\n<div style=\"width: 0px; border-top: 8px solid #F4F4F4; border-right: 8px solid transparent; transform: translateY(16px);\"><\/div>\n<div style=\"background-color: #f4f4f4; flex-grow: 0; height: 12px; width: 16px; transform: translateY(-4px);\"><\/div>\n<div style=\"width: 0; height: 0; border-top: 8px solid #F4F4F4; border-left: 8px solid transparent; transform: translateY(-4px) translateX(8px);\"><\/div>\n<\/div>\n<\/div>\n<div style=\"display: flex; flex-direction: column; flex-grow: 1; justify-content: center; margin-bottom: 24px;\">\n<div style=\"background-color: #f4f4f4; border-radius: 4px; flex-grow: 0; height: 14px; margin-bottom: 6px; width: 224px;\"><\/div>\n<div style=\"background-color: #f4f4f4; border-radius: 4px; flex-grow: 0; height: 14px; width: 144px;\"><\/div>\n<\/div>\n<p>&nbsp;<\/p>\n<p style=\"color: #c9c8cd; font-family: Arial,sans-serif; font-size: 14px; line-height: 17px; margin-bottom: 0; margin-top: 8px; overflow: hidden; padding: 8px 0 7px; text-align: center; text-overflow: ellipsis; white-space: nowrap;\"><a style=\"color: #c9c8cd; font-family: Arial,sans-serif; font-size: 14px; font-style: normal; font-weight: normal; line-height: 17px; text-decoration: none;\" href=\"https:\/\/www.instagram.com\/p\/DBI2XbVMVrk\/?utm_source=ig_embed&amp;utm_campaign=loading\" target=\"_blank\" rel=\"noopener\">Een bericht gedeeld door The Best Social Awards (@thebestsocialawards)<\/a><\/p>\n<\/div>\n<\/blockquote>\n\n<p>&nbsp;<\/p>\n<p>&nbsp;<\/p>\n<script async defer src=\"\/instagram-embed.js\"><\/script>","protected":false},"excerpt":{"rendered":"<p>De klant is koning, maar soms hebben klanten wel erg hoge verwachtingen. Zo verwacht Gerda dat een vakkenvuller alles uit z&#8217;n handen laat vallen om&#8230;<\/p>\n","protected":false},"author":125,"featured_media":340379,"comment_status":"open","ping_status":"open","sticky":false,"template":"","format":"standard","meta":{"_acf_changed":false,"footnotes":""},"categories":[1],"tags":[2441,930,979,1232,8516],"class_list":["post-338159","post","type-post","status-publish","format-standard","has-post-thumbnail","hentry","category-uncategorized","tag-klachten","tag-klant","tag-shoppen","tag-zara","tag-zara-personeel"],"acf":[],"yoast_head":"<!-- This site is optimized with the Yoast SEO plugin v27.5 - https:\/\/yoast.com\/product\/yoast-seo-wordpress\/ -->\n<title>D\u00e9ze klacht van klanten doet winkelmedewerkers helemaal niks<\/title>\n<meta name=\"description\" content=\"Klanten hebben soms wel h\u00e9\u00e9l specifieke wensen. Deze herkenbare klacht hebben we waarschijnlijk allemaal wel eens ervaren tijdens ons werk.\" \/>\n<meta name=\"robots\" content=\"index, follow, max-snippet:-1, max-image-preview:large, max-video-preview:-1\" \/>\n<link rel=\"canonical\" href=\"https:\/\/www.thebestsocial.media\/nl\/klanten-klacht-doet-winkelmedewerkers-niks\/\" \/>\n<meta property=\"og:locale\" content=\"nl_NL\" \/>\n<meta property=\"og:type\" content=\"article\" \/>\n<meta property=\"og:title\" content=\"D\u00e9ze klacht van klanten doet winkelmedewerkers helemaal niks\" \/>\n<meta property=\"og:description\" content=\"Klanten hebben soms wel h\u00e9\u00e9l specifieke wensen. Dit herkenbare moment hebben we waarschijnlijk allemaal wel eens ervaren tijdens ons werk.\" \/>\n<meta property=\"og:url\" content=\"https:\/\/www.thebestsocial.media\/nl\/klanten-klacht-doet-winkelmedewerkers-niks\/\" \/>\n<meta property=\"og:site_name\" content=\"The Best Social Media NL\" \/>\n<meta property=\"article:published_time\" content=\"2024-12-26T09:26:45+00:00\" \/>\n<meta property=\"og:image\" content=\"https:\/\/www.thebestsocial.media\/nl\/wp-content\/uploads\/sites\/2\/2024\/12\/klachtheader1.png\" \/>\n\t<meta property=\"og:image:width\" content=\"1200\" \/>\n\t<meta property=\"og:image:height\" content=\"630\" \/>\n\t<meta property=\"og:image:type\" content=\"image\/png\" \/>\n<meta name=\"author\" content=\"danaeg\" \/>\n<meta name=\"twitter:card\" content=\"summary_large_image\" \/>\n<meta name=\"twitter:label1\" content=\"Geschreven door\" \/>\n\t<meta name=\"twitter:data1\" content=\"danaeg\" \/>\n\t<meta name=\"twitter:label2\" content=\"Geschatte leestijd\" \/>\n\t<meta name=\"twitter:data2\" content=\"3 minuten\" \/>\n<script type=\"application\/ld+json\" class=\"yoast-schema-graph\">{\"@context\":\"https:\\\/\\\/schema.org\",\"@graph\":[{\"@type\":\"Article\",\"@id\":\"https:\\\/\\\/www.thebestsocial.media\\\/nl\\\/klanten-klacht-doet-winkelmedewerkers-niks\\\/#article\",\"isPartOf\":{\"@id\":\"https:\\\/\\\/www.thebestsocial.media\\\/nl\\\/klanten-klacht-doet-winkelmedewerkers-niks\\\/\"},\"author\":{\"name\":\"danaeg\",\"@id\":\"https:\\\/\\\/www.thebestsocial.media\\\/nl\\\/#\\\/schema\\\/person\\\/59a3473edcd9c023e0c49b879cd2ee7c\"},\"headline\":\"D\u00e9ze klacht van klanten doet winkelmedewerkers helemaal niks\",\"datePublished\":\"2024-12-26T09:26:45+00:00\",\"mainEntityOfPage\":{\"@id\":\"https:\\\/\\\/www.thebestsocial.media\\\/nl\\\/klanten-klacht-doet-winkelmedewerkers-niks\\\/\"},\"wordCount\":257,\"commentCount\":0,\"image\":{\"@id\":\"https:\\\/\\\/www.thebestsocial.media\\\/nl\\\/klanten-klacht-doet-winkelmedewerkers-niks\\\/#primaryimage\"},\"thumbnailUrl\":\"https:\\\/\\\/www.thebestsocial.media\\\/nl\\\/wp-content\\\/uploads\\\/sites\\\/2\\\/2024\\\/11\\\/klachtheaderleg.png\",\"keywords\":[\"klachten\",\"klant\",\"shoppen\",\"zara\",\"Zara-personeel\"],\"articleSection\":[\"Uncategorized\"],\"inLanguage\":\"nl-NL\",\"potentialAction\":[{\"@type\":\"CommentAction\",\"name\":\"Comment\",\"target\":[\"https:\\\/\\\/www.thebestsocial.media\\\/nl\\\/klanten-klacht-doet-winkelmedewerkers-niks\\\/#respond\"]}]},{\"@type\":\"WebPage\",\"@id\":\"https:\\\/\\\/www.thebestsocial.media\\\/nl\\\/klanten-klacht-doet-winkelmedewerkers-niks\\\/\",\"url\":\"https:\\\/\\\/www.thebestsocial.media\\\/nl\\\/klanten-klacht-doet-winkelmedewerkers-niks\\\/\",\"name\":\"D\u00e9ze klacht van klanten doet winkelmedewerkers helemaal niks\",\"isPartOf\":{\"@id\":\"https:\\\/\\\/www.thebestsocial.media\\\/nl\\\/#website\"},\"primaryImageOfPage\":{\"@id\":\"https:\\\/\\\/www.thebestsocial.media\\\/nl\\\/klanten-klacht-doet-winkelmedewerkers-niks\\\/#primaryimage\"},\"image\":{\"@id\":\"https:\\\/\\\/www.thebestsocial.media\\\/nl\\\/klanten-klacht-doet-winkelmedewerkers-niks\\\/#primaryimage\"},\"thumbnailUrl\":\"https:\\\/\\\/www.thebestsocial.media\\\/nl\\\/wp-content\\\/uploads\\\/sites\\\/2\\\/2024\\\/11\\\/klachtheaderleg.png\",\"datePublished\":\"2024-12-26T09:26:45+00:00\",\"author\":{\"@id\":\"https:\\\/\\\/www.thebestsocial.media\\\/nl\\\/#\\\/schema\\\/person\\\/59a3473edcd9c023e0c49b879cd2ee7c\"},\"description\":\"Klanten hebben soms wel h\u00e9\u00e9l specifieke wensen. Deze herkenbare klacht hebben we waarschijnlijk allemaal wel eens ervaren tijdens ons werk.\",\"breadcrumb\":{\"@id\":\"https:\\\/\\\/www.thebestsocial.media\\\/nl\\\/klanten-klacht-doet-winkelmedewerkers-niks\\\/#breadcrumb\"},\"inLanguage\":\"nl-NL\",\"potentialAction\":[{\"@type\":\"ReadAction\",\"target\":[\"https:\\\/\\\/www.thebestsocial.media\\\/nl\\\/klanten-klacht-doet-winkelmedewerkers-niks\\\/\"]}]},{\"@type\":\"ImageObject\",\"inLanguage\":\"nl-NL\",\"@id\":\"https:\\\/\\\/www.thebestsocial.media\\\/nl\\\/klanten-klacht-doet-winkelmedewerkers-niks\\\/#primaryimage\",\"url\":\"https:\\\/\\\/www.thebestsocial.media\\\/nl\\\/wp-content\\\/uploads\\\/sites\\\/2\\\/2024\\\/11\\\/klachtheaderleg.png\",\"contentUrl\":\"https:\\\/\\\/www.thebestsocial.media\\\/nl\\\/wp-content\\\/uploads\\\/sites\\\/2\\\/2024\\\/11\\\/klachtheaderleg.png\",\"width\":1200,\"height\":630},{\"@type\":\"BreadcrumbList\",\"@id\":\"https:\\\/\\\/www.thebestsocial.media\\\/nl\\\/klanten-klacht-doet-winkelmedewerkers-niks\\\/#breadcrumb\",\"itemListElement\":[{\"@type\":\"ListItem\",\"position\":1,\"name\":\"Home\",\"item\":\"https:\\\/\\\/www.thebestsocial.media\\\/nl\\\/\"},{\"@type\":\"ListItem\",\"position\":2,\"name\":\"D\u00e9ze klacht van klanten doet winkelmedewerkers helemaal niks\"}]},{\"@type\":\"WebSite\",\"@id\":\"https:\\\/\\\/www.thebestsocial.media\\\/nl\\\/#website\",\"url\":\"https:\\\/\\\/www.thebestsocial.media\\\/nl\\\/\",\"name\":\"The Best Social Media NL\",\"description\":\"Zoeklicht in de Digital Chaos\",\"potentialAction\":[{\"@type\":\"SearchAction\",\"target\":{\"@type\":\"EntryPoint\",\"urlTemplate\":\"https:\\\/\\\/www.thebestsocial.media\\\/nl\\\/?s={search_term_string}\"},\"query-input\":{\"@type\":\"PropertyValueSpecification\",\"valueRequired\":true,\"valueName\":\"search_term_string\"}}],\"inLanguage\":\"nl-NL\"},{\"@type\":\"Person\",\"@id\":\"https:\\\/\\\/www.thebestsocial.media\\\/nl\\\/#\\\/schema\\\/person\\\/59a3473edcd9c023e0c49b879cd2ee7c\",\"name\":\"danaeg\",\"image\":{\"@type\":\"ImageObject\",\"inLanguage\":\"nl-NL\",\"@id\":\"https:\\\/\\\/secure.gravatar.com\\\/avatar\\\/1a331a402b09a1b3d4cd00997a0181624faab38a3a3c1485e2e8a471622ac926?s=96&d=mm&r=g\",\"url\":\"https:\\\/\\\/secure.gravatar.com\\\/avatar\\\/1a331a402b09a1b3d4cd00997a0181624faab38a3a3c1485e2e8a471622ac926?s=96&d=mm&r=g\",\"contentUrl\":\"https:\\\/\\\/secure.gravatar.com\\\/avatar\\\/1a331a402b09a1b3d4cd00997a0181624faab38a3a3c1485e2e8a471622ac926?s=96&d=mm&r=g\",\"caption\":\"danaeg\"},\"url\":\"https:\\\/\\\/www.thebestsocial.media\\\/nl\\\/author\\\/danaeg\\\/\"}]}<\/script>\n<!-- \/ Yoast SEO plugin. -->","yoast_head_json":{"title":"D\u00e9ze klacht van klanten doet winkelmedewerkers helemaal niks","description":"Klanten hebben soms wel h\u00e9\u00e9l specifieke wensen. Deze herkenbare klacht hebben we waarschijnlijk allemaal wel eens ervaren tijdens ons werk.","robots":{"index":"index","follow":"follow","max-snippet":"max-snippet:-1","max-image-preview":"max-image-preview:large","max-video-preview":"max-video-preview:-1"},"canonical":"https:\/\/www.thebestsocial.media\/nl\/klanten-klacht-doet-winkelmedewerkers-niks\/","og_locale":"nl_NL","og_type":"article","og_title":"D\u00e9ze klacht van klanten doet winkelmedewerkers helemaal niks","og_description":"Klanten hebben soms wel h\u00e9\u00e9l specifieke wensen. Dit herkenbare moment hebben we waarschijnlijk allemaal wel eens ervaren tijdens ons werk.","og_url":"https:\/\/www.thebestsocial.media\/nl\/klanten-klacht-doet-winkelmedewerkers-niks\/","og_site_name":"The Best Social Media NL","article_published_time":"2024-12-26T09:26:45+00:00","og_image":[{"width":1200,"height":630,"url":"https:\/\/www.thebestsocial.media\/nl\/wp-content\/uploads\/sites\/2\/2024\/12\/klachtheader1.png","type":"image\/png"}],"author":"danaeg","twitter_card":"summary_large_image","twitter_misc":{"Geschreven door":"danaeg","Geschatte leestijd":"3 minuten"},"schema":{"@context":"https:\/\/schema.org","@graph":[{"@type":"Article","@id":"https:\/\/www.thebestsocial.media\/nl\/klanten-klacht-doet-winkelmedewerkers-niks\/#article","isPartOf":{"@id":"https:\/\/www.thebestsocial.media\/nl\/klanten-klacht-doet-winkelmedewerkers-niks\/"},"author":{"name":"danaeg","@id":"https:\/\/www.thebestsocial.media\/nl\/#\/schema\/person\/59a3473edcd9c023e0c49b879cd2ee7c"},"headline":"D\u00e9ze klacht van klanten doet winkelmedewerkers helemaal niks","datePublished":"2024-12-26T09:26:45+00:00","mainEntityOfPage":{"@id":"https:\/\/www.thebestsocial.media\/nl\/klanten-klacht-doet-winkelmedewerkers-niks\/"},"wordCount":257,"commentCount":0,"image":{"@id":"https:\/\/www.thebestsocial.media\/nl\/klanten-klacht-doet-winkelmedewerkers-niks\/#primaryimage"},"thumbnailUrl":"https:\/\/www.thebestsocial.media\/nl\/wp-content\/uploads\/sites\/2\/2024\/11\/klachtheaderleg.png","keywords":["klachten","klant","shoppen","zara","Zara-personeel"],"articleSection":["Uncategorized"],"inLanguage":"nl-NL","potentialAction":[{"@type":"CommentAction","name":"Comment","target":["https:\/\/www.thebestsocial.media\/nl\/klanten-klacht-doet-winkelmedewerkers-niks\/#respond"]}]},{"@type":"WebPage","@id":"https:\/\/www.thebestsocial.media\/nl\/klanten-klacht-doet-winkelmedewerkers-niks\/","url":"https:\/\/www.thebestsocial.media\/nl\/klanten-klacht-doet-winkelmedewerkers-niks\/","name":"D\u00e9ze klacht van klanten doet winkelmedewerkers helemaal niks","isPartOf":{"@id":"https:\/\/www.thebestsocial.media\/nl\/#website"},"primaryImageOfPage":{"@id":"https:\/\/www.thebestsocial.media\/nl\/klanten-klacht-doet-winkelmedewerkers-niks\/#primaryimage"},"image":{"@id":"https:\/\/www.thebestsocial.media\/nl\/klanten-klacht-doet-winkelmedewerkers-niks\/#primaryimage"},"thumbnailUrl":"https:\/\/www.thebestsocial.media\/nl\/wp-content\/uploads\/sites\/2\/2024\/11\/klachtheaderleg.png","datePublished":"2024-12-26T09:26:45+00:00","author":{"@id":"https:\/\/www.thebestsocial.media\/nl\/#\/schema\/person\/59a3473edcd9c023e0c49b879cd2ee7c"},"description":"Klanten hebben soms wel h\u00e9\u00e9l specifieke wensen. Deze herkenbare klacht hebben we waarschijnlijk allemaal wel eens ervaren tijdens ons werk.","breadcrumb":{"@id":"https:\/\/www.thebestsocial.media\/nl\/klanten-klacht-doet-winkelmedewerkers-niks\/#breadcrumb"},"inLanguage":"nl-NL","potentialAction":[{"@type":"ReadAction","target":["https:\/\/www.thebestsocial.media\/nl\/klanten-klacht-doet-winkelmedewerkers-niks\/"]}]},{"@type":"ImageObject","inLanguage":"nl-NL","@id":"https:\/\/www.thebestsocial.media\/nl\/klanten-klacht-doet-winkelmedewerkers-niks\/#primaryimage","url":"https:\/\/www.thebestsocial.media\/nl\/wp-content\/uploads\/sites\/2\/2024\/11\/klachtheaderleg.png","contentUrl":"https:\/\/www.thebestsocial.media\/nl\/wp-content\/uploads\/sites\/2\/2024\/11\/klachtheaderleg.png","width":1200,"height":630},{"@type":"BreadcrumbList","@id":"https:\/\/www.thebestsocial.media\/nl\/klanten-klacht-doet-winkelmedewerkers-niks\/#breadcrumb","itemListElement":[{"@type":"ListItem","position":1,"name":"Home","item":"https:\/\/www.thebestsocial.media\/nl\/"},{"@type":"ListItem","position":2,"name":"D\u00e9ze klacht van klanten doet winkelmedewerkers helemaal niks"}]},{"@type":"WebSite","@id":"https:\/\/www.thebestsocial.media\/nl\/#website","url":"https:\/\/www.thebestsocial.media\/nl\/","name":"The Best Social Media NL","description":"Zoeklicht in de Digital Chaos","potentialAction":[{"@type":"SearchAction","target":{"@type":"EntryPoint","urlTemplate":"https:\/\/www.thebestsocial.media\/nl\/?s={search_term_string}"},"query-input":{"@type":"PropertyValueSpecification","valueRequired":true,"valueName":"search_term_string"}}],"inLanguage":"nl-NL"},{"@type":"Person","@id":"https:\/\/www.thebestsocial.media\/nl\/#\/schema\/person\/59a3473edcd9c023e0c49b879cd2ee7c","name":"danaeg","image":{"@type":"ImageObject","inLanguage":"nl-NL","@id":"https:\/\/secure.gravatar.com\/avatar\/1a331a402b09a1b3d4cd00997a0181624faab38a3a3c1485e2e8a471622ac926?s=96&d=mm&r=g","url":"https:\/\/secure.gravatar.com\/avatar\/1a331a402b09a1b3d4cd00997a0181624faab38a3a3c1485e2e8a471622ac926?s=96&d=mm&r=g","contentUrl":"https:\/\/secure.gravatar.com\/avatar\/1a331a402b09a1b3d4cd00997a0181624faab38a3a3c1485e2e8a471622ac926?s=96&d=mm&r=g","caption":"danaeg"},"url":"https:\/\/www.thebestsocial.media\/nl\/author\/danaeg\/"}]}},"amp_enabled":true,"_links":{"self":[{"href":"https:\/\/www.thebestsocial.media\/nl\/wp-json\/wp\/v2\/posts\/338159","targetHints":{"allow":["GET"]}}],"collection":[{"href":"https:\/\/www.thebestsocial.media\/nl\/wp-json\/wp\/v2\/posts"}],"about":[{"href":"https:\/\/www.thebestsocial.media\/nl\/wp-json\/wp\/v2\/types\/post"}],"author":[{"embeddable":true,"href":"https:\/\/www.thebestsocial.media\/nl\/wp-json\/wp\/v2\/users\/125"}],"replies":[{"embeddable":true,"href":"https:\/\/www.thebestsocial.media\/nl\/wp-json\/wp\/v2\/comments?post=338159"}],"version-history":[{"count":20,"href":"https:\/\/www.thebestsocial.media\/nl\/wp-json\/wp\/v2\/posts\/338159\/revisions"}],"predecessor-version":[{"id":341488,"href":"https:\/\/www.thebestsocial.media\/nl\/wp-json\/wp\/v2\/posts\/338159\/revisions\/341488"}],"wp:featuredmedia":[{"embeddable":true,"href":"https:\/\/www.thebestsocial.media\/nl\/wp-json\/wp\/v2\/media\/340379"}],"wp:attachment":[{"href":"https:\/\/www.thebestsocial.media\/nl\/wp-json\/wp\/v2\/media?parent=338159"}],"wp:term":[{"taxonomy":"category","embeddable":true,"href":"https:\/\/www.thebestsocial.media\/nl\/wp-json\/wp\/v2\/categories?post=338159"},{"taxonomy":"post_tag","embeddable":true,"href":"https:\/\/www.thebestsocial.media\/nl\/wp-json\/wp\/v2\/tags?post=338159"}],"curies":[{"name":"wp","href":"https:\/\/api.w.org\/{rel}","templated":true}]}}