{"id":334553,"date":"2024-10-24T10:42:01","date_gmt":"2024-10-24T09:42:01","guid":{"rendered":"https:\/\/www.thebestsocial.media\/nl\/?p=334553"},"modified":"2024-10-24T10:42:01","modified_gmt":"2024-10-24T09:42:01","slug":"songfestival-joost-klein","status":"publish","type":"post","link":"https:\/\/www.thebestsocial.media\/nl\/songfestival-joost-klein\/","title":{"rendered":"Joost doet niet mee aan Songfestival dus komen Nederlanders met nieuwe suggesties"},"content":{"rendered":"<p>Na maandenlang speculeren en onduidelijkheid heeft Nederland besloten toch mee te doen aan het Songfestival, dat volgend jaar in Zwitserland zal plaatsvinden. Helaas zal Europa(pa) het dit jaar zonder Joost Klein moeten stellen, want de zanger heeft besloten niet voor een herkansing te gaan. De aanmeldingen zijn weer geopend, en mensen verheffen hun stem voor de artiest die zij graag op het podium in Basel willen zien.<\/p>\n<p><strong>Lees ook<\/strong>: <a href=\"https:\/\/www.thebestsocial.media\/nl\/buurtapp-whatsapp-gesprekken-lebara-buren\/\" target=\"_blank\" rel=\"noopener\">7 gesprekken in de buurtapp waardoor je bijna zou verhuizen<\/a><\/p>\n<p>&nbsp;<\/p>\n<h3>1. AVROTROS laat zich niet klein krijgen door de EBU en droomt nog groter voor het Songfestival van volgend jaar.<\/h3>\n<blockquote class=\"twitter-tweet\">\n<p dir=\"ltr\" lang=\"nl\">Nederland doet toch mee aan Songfestival, maar zonder Joost Klein <a href=\"https:\/\/t.co\/3q8V6gliFQ\">https:\/\/t.co\/3q8V6gliFQ<\/a><\/p>\n<p>\u2014 NOS (@NOS) <a href=\"https:\/\/twitter.com\/NOS\/status\/1849133625096200323?ref_src=twsrc%5Etfw\">October 23, 2024<\/a><\/p><\/blockquote>\n<p><script async src=\"https:\/\/platform.twitter.com\/widgets.js\" charset=\"utf-8\"><\/script><\/p>\n<p>&nbsp;<\/p>\n<h3>2. Dit zal echter zonder Joost Klein zijn, en hij legt bij Eva uit waarom hij niet meedoet.<\/h3>\n<blockquote class=\"instagram-media\" style=\"background: #FFF; border: 0; border-radius: 3px; box-shadow: 0 0 1px 0 rgba(0,0,0,0.5),0 1px 10px 0 rgba(0,0,0,0.15); margin: 1px; max-width: 540px; min-width: 326px; padding: 0; width: calc(100% - 2px);\" data-instgrm-captioned=\"\" data-instgrm-permalink=\"https:\/\/www.instagram.com\/reel\/DBeh8nIoGwL\/?utm_source=ig_embed&amp;utm_campaign=loading\" data-instgrm-version=\"14\">\n<div style=\"padding: 16px;\">\n<p>&nbsp;<\/p>\n<div style=\"display: flex; flex-direction: row; align-items: center;\">\n<div style=\"background-color: #f4f4f4; border-radius: 50%; flex-grow: 0; height: 40px; margin-right: 14px; width: 40px;\"><\/div>\n<div style=\"display: flex; flex-direction: column; flex-grow: 1; justify-content: center;\">\n<div style=\"background-color: #f4f4f4; border-radius: 4px; flex-grow: 0; height: 14px; margin-bottom: 6px; width: 100px;\"><\/div>\n<div style=\"background-color: #f4f4f4; border-radius: 4px; flex-grow: 0; height: 14px; width: 60px;\"><\/div>\n<\/div>\n<\/div>\n<div style=\"padding: 19% 0;\"><\/div>\n<div style=\"display: block; height: 50px; margin: 0 auto 12px; width: 50px;\"><\/div>\n<div style=\"padding-top: 8px;\">\n<div style=\"color: #3897f0; font-family: Arial,sans-serif; font-size: 14px; font-style: normal; font-weight: 550; line-height: 18px;\">View this post on Instagram<\/div>\n<\/div>\n<div style=\"padding: 12.5% 0;\"><\/div>\n<div style=\"display: flex; flex-direction: row; margin-bottom: 14px; align-items: center;\">\n<div>\n<div style=\"background-color: #f4f4f4; border-radius: 50%; height: 12.5px; width: 12.5px; transform: translateX(0px) translateY(7px);\"><\/div>\n<div style=\"background-color: #f4f4f4; height: 12.5px; transform: rotate(-45deg) translateX(3px) translateY(1px); width: 12.5px; flex-grow: 0; margin-right: 14px; margin-left: 2px;\"><\/div>\n<div style=\"background-color: #f4f4f4; border-radius: 50%; height: 12.5px; width: 12.5px; transform: translateX(9px) translateY(-18px);\"><\/div>\n<\/div>\n<div style=\"margin-left: 8px;\">\n<div style=\"background-color: #f4f4f4; border-radius: 50%; flex-grow: 0; height: 20px; width: 20px;\"><\/div>\n<div style=\"width: 0; height: 0; border-top: 2px solid transparent; border-left: 6px solid #f4f4f4; border-bottom: 2px solid transparent; transform: translateX(16px) translateY(-4px) rotate(30deg);\"><\/div>\n<\/div>\n<div style=\"margin-left: auto;\">\n<div style=\"width: 0px; border-top: 8px solid #F4F4F4; border-right: 8px solid transparent; transform: translateY(16px);\"><\/div>\n<div style=\"background-color: #f4f4f4; flex-grow: 0; height: 12px; width: 16px; transform: translateY(-4px);\"><\/div>\n<div style=\"width: 0; height: 0; border-top: 8px solid #F4F4F4; border-left: 8px solid transparent; transform: translateY(-4px) translateX(8px);\"><\/div>\n<\/div>\n<\/div>\n<div style=\"display: flex; flex-direction: column; flex-grow: 1; justify-content: center; margin-bottom: 24px;\">\n<div style=\"background-color: #f4f4f4; border-radius: 4px; flex-grow: 0; height: 14px; margin-bottom: 6px; width: 224px;\"><\/div>\n<div style=\"background-color: #f4f4f4; border-radius: 4px; flex-grow: 0; height: 14px; width: 144px;\"><\/div>\n<\/div>\n<p>&nbsp;<\/p>\n<p style=\"color: #c9c8cd; font-family: Arial,sans-serif; font-size: 14px; line-height: 17px; margin-bottom: 0; margin-top: 8px; overflow: hidden; padding: 8px 0 7px; text-align: center; text-overflow: ellipsis; white-space: nowrap;\"><a style=\"color: #c9c8cd; font-family: Arial,sans-serif; font-size: 14px; font-style: normal; font-weight: normal; line-height: 17px; text-decoration: none;\" href=\"https:\/\/www.instagram.com\/reel\/DBeh8nIoGwL\/?utm_source=ig_embed&amp;utm_campaign=loading\" target=\"_blank\" rel=\"noopener\">A post shared by Eva (@eva.avrotros)<\/a><\/p>\n<\/div>\n<\/blockquote>\n\n<p>&nbsp;<\/p>\n<h3>3. En daarvoor krijgt hij douze points.<\/h3>\n<blockquote class=\"twitter-tweet\">\n<p dir=\"ltr\" lang=\"nl\">Ik kijk nu Joost Klein terug bij Eva en het is en blijft een schat. Vind zijn beslissing heel verstandig, dat songfestival was niet goed voor hem. Maar hij mag onwijs trots zijn op zichzelf \u2665\ufe0f<\/p>\n<p>\u2014 Jacqueline (@jackiehamdizzy) <a href=\"https:\/\/twitter.com\/jackiehamdizzy\/status\/1849167245424857575?ref_src=twsrc%5Etfw\">October 23, 2024<\/a><\/p><\/blockquote>\n<p><script async src=\"https:\/\/platform.twitter.com\/widgets.js\" charset=\"utf-8\"><\/script><\/p>\n<blockquote class=\"twitter-tweet\">\n<p dir=\"ltr\" lang=\"nl\">Ik vind Joost Klein een mooi mens. Kwetsbaar durven zijn wordt ondergewaardeerd en vaak zelfs belachelijk gemaakt. Hup Joost.<\/p>\n<p>\u2014 Sascha Janssen \ud83c\udfb8 (@SaschaJanssen) <a href=\"https:\/\/twitter.com\/SaschaJanssen\/status\/1849138864822034698?ref_src=twsrc%5Etfw\">October 23, 2024<\/a><\/p><\/blockquote>\n<p><script async src=\"https:\/\/platform.twitter.com\/widgets.js\" charset=\"utf-8\"><\/script><\/p>\n<p><img loading=\"lazy\" decoding=\"async\" class=\"alignnone size-full wp-image-334578\" src=\"https:\/\/www.thebestsocial.media\/nl\/wp-content\/uploads\/sites\/2\/2024\/10\/song-3.png\" alt=\"\" width=\"412\" height=\"141\" srcset=\"https:\/\/www.thebestsocial.media\/nl\/wp-content\/uploads\/sites\/2\/2024\/10\/song-3.png 412w, https:\/\/www.thebestsocial.media\/nl\/wp-content\/uploads\/sites\/2\/2024\/10\/song-3-300x103.png 300w\" sizes=\"auto, (max-width: 412px) 100vw, 412px\" \/><\/p>\n<p>&nbsp;<\/p>\n<h3>4. De suggesties voor een opvolger van Joost Klein stromen dan ook meteen binnen.<\/h3>\n<blockquote class=\"twitter-tweet\">\n<p dir=\"ltr\" lang=\"nl\">Update: Gordon heeft aangeboden om mee te doen aan het Eurovisie Songfestival, maar AVROTROS is bang dat Nederland daarna voor altijd uitgesloten wordt.<\/p>\n<p>\u2014 Flint (@flintstoon) <a href=\"https:\/\/twitter.com\/flintstoon\/status\/1849134756211908979?ref_src=twsrc%5Etfw\">October 23, 2024<\/a><\/p><\/blockquote>\n<p><script async src=\"https:\/\/platform.twitter.com\/widgets.js\" charset=\"utf-8\"><\/script><\/p>\n<p>&nbsp;<\/p>\n<h3>5. Met draaiorgel en glitterkanon.<\/h3>\n<blockquote class=\"twitter-tweet\">\n<p dir=\"ltr\" lang=\"nl\">Voor straf sturen we Sieneke EN de Toppers. SAMEN! \ud83d\ude08 <a href=\"https:\/\/twitter.com\/hashtag\/Songfestival?src=hash&amp;ref_src=twsrc%5Etfw\">#Songfestival<\/a> <a href=\"https:\/\/t.co\/JdUCPMRgtm\">pic.twitter.com\/JdUCPMRgtm<\/a><\/p>\n<p>\u2014 Stijn de Vreede \ud83c\udf7f (@VrijndeSteede) <a href=\"https:\/\/twitter.com\/VrijndeSteede\/status\/1849132424233357820?ref_src=twsrc%5Etfw\">October 23, 2024<\/a><\/p><\/blockquote>\n<p><script async src=\"https:\/\/platform.twitter.com\/widgets.js\" charset=\"utf-8\"><\/script><\/p>\n<p>&nbsp;<\/p>\n<h3>6. Ook Snollebollekes ziet het wel zitten om na Joost Klein Europa van links naar rechts voor zich te winnen.<\/h3>\n<h3><img loading=\"lazy\" decoding=\"async\" class=\"alignnone size-full wp-image-334555\" src=\"https:\/\/www.thebestsocial.media\/nl\/wp-content\/uploads\/sites\/2\/2024\/10\/song-1.png\" alt=\"\" width=\"854\" height=\"1186\" srcset=\"https:\/\/www.thebestsocial.media\/nl\/wp-content\/uploads\/sites\/2\/2024\/10\/song-1.png 854w, https:\/\/www.thebestsocial.media\/nl\/wp-content\/uploads\/sites\/2\/2024\/10\/song-1-216x300.png 216w, https:\/\/www.thebestsocial.media\/nl\/wp-content\/uploads\/sites\/2\/2024\/10\/song-1-737x1024.png 737w, https:\/\/www.thebestsocial.media\/nl\/wp-content\/uploads\/sites\/2\/2024\/10\/song-1-768x1067.png 768w\" sizes=\"auto, (max-width: 854px) 100vw, 854px\" \/><\/h3>\n<p>&nbsp;<\/p>\n<h3>7. Nederland is net als een kakkerlak, ze komt gewoon weer terug.<\/h3>\n<p><img loading=\"lazy\" decoding=\"async\" class=\"alignnone size-full wp-image-334556\" src=\"https:\/\/www.thebestsocial.media\/nl\/wp-content\/uploads\/sites\/2\/2024\/10\/song-2.png\" alt=\"\" width=\"1274\" height=\"1388\" srcset=\"https:\/\/www.thebestsocial.media\/nl\/wp-content\/uploads\/sites\/2\/2024\/10\/song-2.png 1274w, https:\/\/www.thebestsocial.media\/nl\/wp-content\/uploads\/sites\/2\/2024\/10\/song-2-275x300.png 275w, https:\/\/www.thebestsocial.media\/nl\/wp-content\/uploads\/sites\/2\/2024\/10\/song-2-940x1024.png 940w, https:\/\/www.thebestsocial.media\/nl\/wp-content\/uploads\/sites\/2\/2024\/10\/song-2-768x837.png 768w\" sizes=\"auto, (max-width: 1274px) 100vw, 1274px\" \/><\/p>\n<p>&nbsp;<\/p>\n<p><b>Heeft jouw bedrijf of organisatie het afgelopen jaar social content gemaakt die wel effe in de spotlights mag worden gezet? Aarzel dan niet en<\/b> <a href=\"https:\/\/thebestsocialawards.nl\/inzenden\/\" target=\"_blank\" rel=\"noopener\"><b>zend nu je cases in<\/b><\/a><b> voor (\u00e9\u00e9n van) de Business-categorie\u00ebn van The Best Social Awards!<\/b><\/p>\n<blockquote class=\"instagram-media\" style=\"background: #FFF; border: 0; border-radius: 3px; box-shadow: 0 0 1px 0 rgba(0,0,0,0.5),0 1px 10px 0 rgba(0,0,0,0.15); margin: 1px; max-width: 540px; min-width: 326px; padding: 0; width: calc(100% - 2px);\" data-instgrm-captioned=\"\" data-instgrm-permalink=\"https:\/\/www.instagram.com\/p\/DBI2XbVMVrk\/?utm_source=ig_embed&amp;utm_campaign=loading\" data-instgrm-version=\"14\">\n<div style=\"padding: 16px;\">\n<p>&nbsp;<\/p>\n<div style=\"display: flex; flex-direction: row; align-items: center;\">\n<div style=\"background-color: #f4f4f4; border-radius: 50%; flex-grow: 0; height: 40px; margin-right: 14px; width: 40px;\"><\/div>\n<div style=\"display: flex; flex-direction: column; flex-grow: 1; justify-content: center;\">\n<div style=\"background-color: #f4f4f4; border-radius: 4px; flex-grow: 0; height: 14px; margin-bottom: 6px; width: 100px;\"><\/div>\n<div style=\"background-color: #f4f4f4; border-radius: 4px; flex-grow: 0; height: 14px; width: 60px;\"><\/div>\n<\/div>\n<\/div>\n<div style=\"padding: 19% 0;\"><\/div>\n<div style=\"display: block; height: 50px; margin: 0 auto 12px; width: 50px;\"><\/div>\n<div style=\"padding-top: 8px;\">\n<div style=\"color: #3897f0; font-family: Arial,sans-serif; font-size: 14px; font-style: normal; font-weight: 550; line-height: 18px;\">Dit bericht op Instagram bekijken<\/div>\n<\/div>\n<div style=\"padding: 12.5% 0;\"><\/div>\n<div style=\"display: flex; flex-direction: row; margin-bottom: 14px; align-items: center;\">\n<div>\n<div style=\"background-color: #f4f4f4; border-radius: 50%; height: 12.5px; width: 12.5px; transform: translateX(0px) translateY(7px);\"><\/div>\n<div style=\"background-color: #f4f4f4; height: 12.5px; transform: rotate(-45deg) translateX(3px) translateY(1px); width: 12.5px; flex-grow: 0; margin-right: 14px; margin-left: 2px;\"><\/div>\n<div style=\"background-color: #f4f4f4; border-radius: 50%; height: 12.5px; width: 12.5px; transform: translateX(9px) translateY(-18px);\"><\/div>\n<\/div>\n<div style=\"margin-left: 8px;\">\n<div style=\"background-color: #f4f4f4; border-radius: 50%; flex-grow: 0; height: 20px; width: 20px;\"><\/div>\n<div style=\"width: 0; height: 0; border-top: 2px solid transparent; border-left: 6px solid #f4f4f4; border-bottom: 2px solid transparent; transform: translateX(16px) translateY(-4px) rotate(30deg);\"><\/div>\n<\/div>\n<div style=\"margin-left: auto;\">\n<div style=\"width: 0px; border-top: 8px solid #F4F4F4; border-right: 8px solid transparent; transform: translateY(16px);\"><\/div>\n<div style=\"background-color: #f4f4f4; flex-grow: 0; height: 12px; width: 16px; transform: translateY(-4px);\"><\/div>\n<div style=\"width: 0; height: 0; border-top: 8px solid #F4F4F4; border-left: 8px solid transparent; transform: translateY(-4px) translateX(8px);\"><\/div>\n<\/div>\n<\/div>\n<div style=\"display: flex; flex-direction: column; flex-grow: 1; justify-content: center; margin-bottom: 24px;\">\n<div style=\"background-color: #f4f4f4; border-radius: 4px; flex-grow: 0; height: 14px; margin-bottom: 6px; width: 224px;\"><\/div>\n<div style=\"background-color: #f4f4f4; border-radius: 4px; flex-grow: 0; height: 14px; width: 144px;\"><\/div>\n<\/div>\n<p>&nbsp;<\/p>\n<p style=\"color: #c9c8cd; font-family: Arial,sans-serif; font-size: 14px; line-height: 17px; margin-bottom: 0; margin-top: 8px; overflow: hidden; padding: 8px 0 7px; text-align: center; text-overflow: ellipsis; white-space: nowrap;\"><a style=\"color: #c9c8cd; font-family: Arial,sans-serif; font-size: 14px; font-style: normal; font-weight: normal; line-height: 17px; text-decoration: none;\" href=\"https:\/\/www.instagram.com\/p\/DBI2XbVMVrk\/?utm_source=ig_embed&amp;utm_campaign=loading\" target=\"_blank\" rel=\"noopener\">Een bericht gedeeld door The Best Social Awards (@thebestsocialawards)<\/a><\/p>\n<\/div>\n<\/blockquote>\n\n<p>&nbsp;<\/p>\n<p>&nbsp;<\/p>\n<script async defer src=\"\/instagram-embed.js\"><\/script>","protected":false},"excerpt":{"rendered":"<p>Na maandenlang speculeren en onduidelijkheid heeft Nederland besloten toch mee te doen aan het Songfestival, dat volgend jaar in Zwitserland zal plaatsvinden. Helaas zal Europa(pa)&#8230;<\/p>\n","protected":false},"author":117,"featured_media":334579,"comment_status":"open","ping_status":"open","sticky":false,"template":"","format":"standard","meta":{"_acf_changed":false,"footnotes":""},"categories":[16,17],"tags":[2561,8778],"class_list":["post-334553","post","type-post","status-publish","format-standard","has-post-thumbnail","hentry","category-blogs","category-nieuws","tag-eurovisie-songfestival","tag-joost-klein"],"acf":[],"yoast_head":"<!-- This site is optimized with the Yoast SEO plugin v27.4 - https:\/\/yoast.com\/product\/yoast-seo-wordpress\/ -->\n<title>Joost doet niet mee aan Songfestival dus komen er suggesties<\/title>\n<meta name=\"description\" content=\"Joost Klein doet een onthulling over zijn deelname aan het Songfestival volgend jaar, en meteen worden nieuwe namen genoemd.\" \/>\n<meta name=\"robots\" content=\"index, follow, max-snippet:-1, max-image-preview:large, max-video-preview:-1\" \/>\n<link rel=\"canonical\" href=\"https:\/\/www.thebestsocial.media\/nl\/songfestival-joost-klein\/\" \/>\n<meta property=\"og:locale\" content=\"nl_NL\" \/>\n<meta property=\"og:type\" content=\"article\" \/>\n<meta property=\"og:title\" content=\"Joost doet niet mee aan Songfestival dus komen Nederlanders met nieuwe suggesties\" \/>\n<meta property=\"og:description\" content=\"Joost Klein doet een onthulling over zijn deelname aan het Songfestival volgend jaar, en meteen worden nieuwe namen genoemd.\" \/>\n<meta property=\"og:url\" content=\"https:\/\/www.thebestsocial.media\/nl\/songfestival-joost-klein\/\" \/>\n<meta property=\"og:site_name\" content=\"The Best Social Media NL\" \/>\n<meta property=\"article:published_time\" content=\"2024-10-24T09:42:01+00:00\" \/>\n<meta property=\"og:image\" content=\"https:\/\/www.thebestsocial.media\/nl\/wp-content\/uploads\/sites\/2\/2024\/10\/song-header-social-2.png\" \/>\n\t<meta property=\"og:image:width\" content=\"1200\" \/>\n\t<meta property=\"og:image:height\" content=\"630\" \/>\n\t<meta property=\"og:image:type\" content=\"image\/png\" \/>\n<meta name=\"author\" content=\"Yke\" \/>\n<meta name=\"twitter:card\" content=\"summary_large_image\" \/>\n<meta name=\"twitter:title\" content=\"Joost doet niet mee aan Songfestival dus komen Nederlanders met nieuwe suggesties\" \/>\n<meta name=\"twitter:description\" content=\"Joost Klein doet een onthulling over zijn deelname aan het Songfestival volgend jaar, en meteen worden nieuwe namen genoemd.\" \/>\n<meta name=\"twitter:image\" content=\"https:\/\/www.thebestsocial.media\/nl\/wp-content\/uploads\/sites\/2\/2024\/10\/song-header-social-2.png\" \/>\n<meta name=\"twitter:label1\" content=\"Geschreven door\" \/>\n\t<meta name=\"twitter:data1\" content=\"Yke\" \/>\n\t<meta name=\"twitter:label2\" content=\"Geschatte leestijd\" \/>\n\t<meta name=\"twitter:data2\" content=\"2 minuten\" \/>\n<script type=\"application\/ld+json\" class=\"yoast-schema-graph\">{\"@context\":\"https:\\\/\\\/schema.org\",\"@graph\":[{\"@type\":\"Article\",\"@id\":\"https:\\\/\\\/www.thebestsocial.media\\\/nl\\\/songfestival-joost-klein\\\/#article\",\"isPartOf\":{\"@id\":\"https:\\\/\\\/www.thebestsocial.media\\\/nl\\\/songfestival-joost-klein\\\/\"},\"author\":{\"name\":\"Yke\",\"@id\":\"https:\\\/\\\/www.thebestsocial.media\\\/nl\\\/#\\\/schema\\\/person\\\/8606b82fba0c8f0e9bb0a37141b1e076\"},\"headline\":\"Joost doet niet mee aan Songfestival dus komen Nederlanders met nieuwe suggesties\",\"datePublished\":\"2024-10-24T09:42:01+00:00\",\"mainEntityOfPage\":{\"@id\":\"https:\\\/\\\/www.thebestsocial.media\\\/nl\\\/songfestival-joost-klein\\\/\"},\"wordCount\":385,\"commentCount\":0,\"image\":{\"@id\":\"https:\\\/\\\/www.thebestsocial.media\\\/nl\\\/songfestival-joost-klein\\\/#primaryimage\"},\"thumbnailUrl\":\"https:\\\/\\\/www.thebestsocial.media\\\/nl\\\/wp-content\\\/uploads\\\/sites\\\/2\\\/2024\\\/10\\\/song-header-1.png\",\"keywords\":[\"Eurovisie Songfestival\",\"Joost Klein\"],\"articleSection\":[\"Blogs\",\"Nieuws\"],\"inLanguage\":\"nl-NL\",\"potentialAction\":[{\"@type\":\"CommentAction\",\"name\":\"Comment\",\"target\":[\"https:\\\/\\\/www.thebestsocial.media\\\/nl\\\/songfestival-joost-klein\\\/#respond\"]}]},{\"@type\":\"WebPage\",\"@id\":\"https:\\\/\\\/www.thebestsocial.media\\\/nl\\\/songfestival-joost-klein\\\/\",\"url\":\"https:\\\/\\\/www.thebestsocial.media\\\/nl\\\/songfestival-joost-klein\\\/\",\"name\":\"Joost doet niet mee aan Songfestival dus komen er suggesties\",\"isPartOf\":{\"@id\":\"https:\\\/\\\/www.thebestsocial.media\\\/nl\\\/#website\"},\"primaryImageOfPage\":{\"@id\":\"https:\\\/\\\/www.thebestsocial.media\\\/nl\\\/songfestival-joost-klein\\\/#primaryimage\"},\"image\":{\"@id\":\"https:\\\/\\\/www.thebestsocial.media\\\/nl\\\/songfestival-joost-klein\\\/#primaryimage\"},\"thumbnailUrl\":\"https:\\\/\\\/www.thebestsocial.media\\\/nl\\\/wp-content\\\/uploads\\\/sites\\\/2\\\/2024\\\/10\\\/song-header-1.png\",\"datePublished\":\"2024-10-24T09:42:01+00:00\",\"author\":{\"@id\":\"https:\\\/\\\/www.thebestsocial.media\\\/nl\\\/#\\\/schema\\\/person\\\/8606b82fba0c8f0e9bb0a37141b1e076\"},\"description\":\"Joost Klein doet een onthulling over zijn deelname aan het Songfestival volgend jaar, en meteen worden nieuwe namen genoemd.\",\"breadcrumb\":{\"@id\":\"https:\\\/\\\/www.thebestsocial.media\\\/nl\\\/songfestival-joost-klein\\\/#breadcrumb\"},\"inLanguage\":\"nl-NL\",\"potentialAction\":[{\"@type\":\"ReadAction\",\"target\":[\"https:\\\/\\\/www.thebestsocial.media\\\/nl\\\/songfestival-joost-klein\\\/\"]}]},{\"@type\":\"ImageObject\",\"inLanguage\":\"nl-NL\",\"@id\":\"https:\\\/\\\/www.thebestsocial.media\\\/nl\\\/songfestival-joost-klein\\\/#primaryimage\",\"url\":\"https:\\\/\\\/www.thebestsocial.media\\\/nl\\\/wp-content\\\/uploads\\\/sites\\\/2\\\/2024\\\/10\\\/song-header-1.png\",\"contentUrl\":\"https:\\\/\\\/www.thebestsocial.media\\\/nl\\\/wp-content\\\/uploads\\\/sites\\\/2\\\/2024\\\/10\\\/song-header-1.png\",\"width\":1200,\"height\":630},{\"@type\":\"BreadcrumbList\",\"@id\":\"https:\\\/\\\/www.thebestsocial.media\\\/nl\\\/songfestival-joost-klein\\\/#breadcrumb\",\"itemListElement\":[{\"@type\":\"ListItem\",\"position\":1,\"name\":\"Home\",\"item\":\"https:\\\/\\\/www.thebestsocial.media\\\/nl\\\/\"},{\"@type\":\"ListItem\",\"position\":2,\"name\":\"Joost doet niet mee aan Songfestival dus komen Nederlanders met nieuwe suggesties\"}]},{\"@type\":\"WebSite\",\"@id\":\"https:\\\/\\\/www.thebestsocial.media\\\/nl\\\/#website\",\"url\":\"https:\\\/\\\/www.thebestsocial.media\\\/nl\\\/\",\"name\":\"The Best Social Media NL\",\"description\":\"Zoeklicht in de Digital Chaos\",\"potentialAction\":[{\"@type\":\"SearchAction\",\"target\":{\"@type\":\"EntryPoint\",\"urlTemplate\":\"https:\\\/\\\/www.thebestsocial.media\\\/nl\\\/?s={search_term_string}\"},\"query-input\":{\"@type\":\"PropertyValueSpecification\",\"valueRequired\":true,\"valueName\":\"search_term_string\"}}],\"inLanguage\":\"nl-NL\"},{\"@type\":\"Person\",\"@id\":\"https:\\\/\\\/www.thebestsocial.media\\\/nl\\\/#\\\/schema\\\/person\\\/8606b82fba0c8f0e9bb0a37141b1e076\",\"name\":\"Yke\",\"image\":{\"@type\":\"ImageObject\",\"inLanguage\":\"nl-NL\",\"@id\":\"https:\\\/\\\/secure.gravatar.com\\\/avatar\\\/5672717b902c9d1318b61229ca6af1f6d3a209dceabb66b84761e03a46fab6fc?s=96&d=mm&r=g\",\"url\":\"https:\\\/\\\/secure.gravatar.com\\\/avatar\\\/5672717b902c9d1318b61229ca6af1f6d3a209dceabb66b84761e03a46fab6fc?s=96&d=mm&r=g\",\"contentUrl\":\"https:\\\/\\\/secure.gravatar.com\\\/avatar\\\/5672717b902c9d1318b61229ca6af1f6d3a209dceabb66b84761e03a46fab6fc?s=96&d=mm&r=g\",\"caption\":\"Yke\"},\"description\":\"Stiekem nog een student die nog lang niet klaar is voor het volwassen leven. Heeft een enorme hekel aan regen en kou, ondanks dat dat het perfecte weer is om TikTok uit te spelen (en ze dat dan wel weer graag doet). Weet de meest random feitjes en is onnodig trots op haar Duolingo streak.\",\"sameAs\":[\"https:\\\/\\\/www.instagram.com\\\/ykevandersalmxx\\\/\",\"https:\\\/\\\/www.linkedin.com\\\/in\\\/yke-van-der-salm-212309299\\\/\"],\"url\":\"https:\\\/\\\/www.thebestsocial.media\\\/nl\\\/author\\\/yke2023\\\/\"}]}<\/script>\n<!-- \/ Yoast SEO plugin. -->","yoast_head_json":{"title":"Joost doet niet mee aan Songfestival dus komen er suggesties","description":"Joost Klein doet een onthulling over zijn deelname aan het Songfestival volgend jaar, en meteen worden nieuwe namen genoemd.","robots":{"index":"index","follow":"follow","max-snippet":"max-snippet:-1","max-image-preview":"max-image-preview:large","max-video-preview":"max-video-preview:-1"},"canonical":"https:\/\/www.thebestsocial.media\/nl\/songfestival-joost-klein\/","og_locale":"nl_NL","og_type":"article","og_title":"Joost doet niet mee aan Songfestival dus komen Nederlanders met nieuwe suggesties","og_description":"Joost Klein doet een onthulling over zijn deelname aan het Songfestival volgend jaar, en meteen worden nieuwe namen genoemd.","og_url":"https:\/\/www.thebestsocial.media\/nl\/songfestival-joost-klein\/","og_site_name":"The Best Social Media NL","article_published_time":"2024-10-24T09:42:01+00:00","og_image":[{"width":1200,"height":630,"url":"https:\/\/www.thebestsocial.media\/nl\/wp-content\/uploads\/sites\/2\/2024\/10\/song-header-social-2.png","type":"image\/png"}],"author":"Yke","twitter_card":"summary_large_image","twitter_title":"Joost doet niet mee aan Songfestival dus komen Nederlanders met nieuwe suggesties","twitter_description":"Joost Klein doet een onthulling over zijn deelname aan het Songfestival volgend jaar, en meteen worden nieuwe namen genoemd.","twitter_image":"https:\/\/www.thebestsocial.media\/nl\/wp-content\/uploads\/sites\/2\/2024\/10\/song-header-social-2.png","twitter_misc":{"Geschreven door":"Yke","Geschatte leestijd":"2 minuten"},"schema":{"@context":"https:\/\/schema.org","@graph":[{"@type":"Article","@id":"https:\/\/www.thebestsocial.media\/nl\/songfestival-joost-klein\/#article","isPartOf":{"@id":"https:\/\/www.thebestsocial.media\/nl\/songfestival-joost-klein\/"},"author":{"name":"Yke","@id":"https:\/\/www.thebestsocial.media\/nl\/#\/schema\/person\/8606b82fba0c8f0e9bb0a37141b1e076"},"headline":"Joost doet niet mee aan Songfestival dus komen Nederlanders met nieuwe suggesties","datePublished":"2024-10-24T09:42:01+00:00","mainEntityOfPage":{"@id":"https:\/\/www.thebestsocial.media\/nl\/songfestival-joost-klein\/"},"wordCount":385,"commentCount":0,"image":{"@id":"https:\/\/www.thebestsocial.media\/nl\/songfestival-joost-klein\/#primaryimage"},"thumbnailUrl":"https:\/\/www.thebestsocial.media\/nl\/wp-content\/uploads\/sites\/2\/2024\/10\/song-header-1.png","keywords":["Eurovisie Songfestival","Joost Klein"],"articleSection":["Blogs","Nieuws"],"inLanguage":"nl-NL","potentialAction":[{"@type":"CommentAction","name":"Comment","target":["https:\/\/www.thebestsocial.media\/nl\/songfestival-joost-klein\/#respond"]}]},{"@type":"WebPage","@id":"https:\/\/www.thebestsocial.media\/nl\/songfestival-joost-klein\/","url":"https:\/\/www.thebestsocial.media\/nl\/songfestival-joost-klein\/","name":"Joost doet niet mee aan Songfestival dus komen er suggesties","isPartOf":{"@id":"https:\/\/www.thebestsocial.media\/nl\/#website"},"primaryImageOfPage":{"@id":"https:\/\/www.thebestsocial.media\/nl\/songfestival-joost-klein\/#primaryimage"},"image":{"@id":"https:\/\/www.thebestsocial.media\/nl\/songfestival-joost-klein\/#primaryimage"},"thumbnailUrl":"https:\/\/www.thebestsocial.media\/nl\/wp-content\/uploads\/sites\/2\/2024\/10\/song-header-1.png","datePublished":"2024-10-24T09:42:01+00:00","author":{"@id":"https:\/\/www.thebestsocial.media\/nl\/#\/schema\/person\/8606b82fba0c8f0e9bb0a37141b1e076"},"description":"Joost Klein doet een onthulling over zijn deelname aan het Songfestival volgend jaar, en meteen worden nieuwe namen genoemd.","breadcrumb":{"@id":"https:\/\/www.thebestsocial.media\/nl\/songfestival-joost-klein\/#breadcrumb"},"inLanguage":"nl-NL","potentialAction":[{"@type":"ReadAction","target":["https:\/\/www.thebestsocial.media\/nl\/songfestival-joost-klein\/"]}]},{"@type":"ImageObject","inLanguage":"nl-NL","@id":"https:\/\/www.thebestsocial.media\/nl\/songfestival-joost-klein\/#primaryimage","url":"https:\/\/www.thebestsocial.media\/nl\/wp-content\/uploads\/sites\/2\/2024\/10\/song-header-1.png","contentUrl":"https:\/\/www.thebestsocial.media\/nl\/wp-content\/uploads\/sites\/2\/2024\/10\/song-header-1.png","width":1200,"height":630},{"@type":"BreadcrumbList","@id":"https:\/\/www.thebestsocial.media\/nl\/songfestival-joost-klein\/#breadcrumb","itemListElement":[{"@type":"ListItem","position":1,"name":"Home","item":"https:\/\/www.thebestsocial.media\/nl\/"},{"@type":"ListItem","position":2,"name":"Joost doet niet mee aan Songfestival dus komen Nederlanders met nieuwe suggesties"}]},{"@type":"WebSite","@id":"https:\/\/www.thebestsocial.media\/nl\/#website","url":"https:\/\/www.thebestsocial.media\/nl\/","name":"The Best Social Media NL","description":"Zoeklicht in de Digital Chaos","potentialAction":[{"@type":"SearchAction","target":{"@type":"EntryPoint","urlTemplate":"https:\/\/www.thebestsocial.media\/nl\/?s={search_term_string}"},"query-input":{"@type":"PropertyValueSpecification","valueRequired":true,"valueName":"search_term_string"}}],"inLanguage":"nl-NL"},{"@type":"Person","@id":"https:\/\/www.thebestsocial.media\/nl\/#\/schema\/person\/8606b82fba0c8f0e9bb0a37141b1e076","name":"Yke","image":{"@type":"ImageObject","inLanguage":"nl-NL","@id":"https:\/\/secure.gravatar.com\/avatar\/5672717b902c9d1318b61229ca6af1f6d3a209dceabb66b84761e03a46fab6fc?s=96&d=mm&r=g","url":"https:\/\/secure.gravatar.com\/avatar\/5672717b902c9d1318b61229ca6af1f6d3a209dceabb66b84761e03a46fab6fc?s=96&d=mm&r=g","contentUrl":"https:\/\/secure.gravatar.com\/avatar\/5672717b902c9d1318b61229ca6af1f6d3a209dceabb66b84761e03a46fab6fc?s=96&d=mm&r=g","caption":"Yke"},"description":"Stiekem nog een student die nog lang niet klaar is voor het volwassen leven. Heeft een enorme hekel aan regen en kou, ondanks dat dat het perfecte weer is om TikTok uit te spelen (en ze dat dan wel weer graag doet). Weet de meest random feitjes en is onnodig trots op haar Duolingo streak.","sameAs":["https:\/\/www.instagram.com\/ykevandersalmxx\/","https:\/\/www.linkedin.com\/in\/yke-van-der-salm-212309299\/"],"url":"https:\/\/www.thebestsocial.media\/nl\/author\/yke2023\/"}]}},"amp_enabled":true,"_links":{"self":[{"href":"https:\/\/www.thebestsocial.media\/nl\/wp-json\/wp\/v2\/posts\/334553","targetHints":{"allow":["GET"]}}],"collection":[{"href":"https:\/\/www.thebestsocial.media\/nl\/wp-json\/wp\/v2\/posts"}],"about":[{"href":"https:\/\/www.thebestsocial.media\/nl\/wp-json\/wp\/v2\/types\/post"}],"author":[{"embeddable":true,"href":"https:\/\/www.thebestsocial.media\/nl\/wp-json\/wp\/v2\/users\/117"}],"replies":[{"embeddable":true,"href":"https:\/\/www.thebestsocial.media\/nl\/wp-json\/wp\/v2\/comments?post=334553"}],"version-history":[{"count":3,"href":"https:\/\/www.thebestsocial.media\/nl\/wp-json\/wp\/v2\/posts\/334553\/revisions"}],"predecessor-version":[{"id":334615,"href":"https:\/\/www.thebestsocial.media\/nl\/wp-json\/wp\/v2\/posts\/334553\/revisions\/334615"}],"wp:featuredmedia":[{"embeddable":true,"href":"https:\/\/www.thebestsocial.media\/nl\/wp-json\/wp\/v2\/media\/334579"}],"wp:attachment":[{"href":"https:\/\/www.thebestsocial.media\/nl\/wp-json\/wp\/v2\/media?parent=334553"}],"wp:term":[{"taxonomy":"category","embeddable":true,"href":"https:\/\/www.thebestsocial.media\/nl\/wp-json\/wp\/v2\/categories?post=334553"},{"taxonomy":"post_tag","embeddable":true,"href":"https:\/\/www.thebestsocial.media\/nl\/wp-json\/wp\/v2\/tags?post=334553"}],"curies":[{"name":"wp","href":"https:\/\/api.w.org\/{rel}","templated":true}]}}