{"id":323838,"date":"2024-08-12T13:05:00","date_gmt":"2024-08-12T12:05:00","guid":{"rendered":"https:\/\/www.thebestsocial.media\/nl\/?p=323838"},"modified":"2024-08-13T08:23:26","modified_gmt":"2024-08-13T07:23:26","slug":"olympische-spelen-memorabele-momenten","status":"publish","type":"post","link":"https:\/\/www.thebestsocial.media\/nl\/olympische-spelen-memorabele-momenten\/","title":{"rendered":"D\u00edt waren de meest memorabele momenten van de Olympische Spelen"},"content":{"rendered":"<p>De Olympische Spelen zijn afgelopen, en dat zorgt ervoor dat veel Nederlanders in een diep zwart gat belanden. Waar je eergisteren nog je volledige dag kon vullen met spectaculaire <a href=\"https:\/\/www.thebestsocial.media\/nl\/worthy-de-jong-basketbal-goud-olympische-spelen-kijkers-gek\/\" target=\"_blank\" rel=\"noopener\">sportmomenten<\/a>, is dat nu weer verleden tijd. Om de historische prestatie van de Nederlandse sporters warm te houden, blikken we even terug. We vroegen jullie via <a href=\"https:\/\/www.instagram.com\/thebestsocialmedianl\/\">Instagram<\/a> naar de meest memorabele momenten van de Spelen en het duurde niet lang voordat onze inbox overstroomde.<\/p>\n<p>&nbsp;<\/p>\n<h3>1. Je kunt zeggen wat je wilt, maar Willem-Alexander en Maxima verdienen gewoon een gouden plak voor hun enthousiasme.<\/h3>\n<p><img loading=\"lazy\" decoding=\"async\" class=\"alignnone wp-image-323849 size-full\" src=\"https:\/\/www.thebestsocial.media\/nl\/wp-content\/uploads\/sites\/2\/2024\/08\/IMG_0452-e1723463530912.jpg\" alt=\"\" width=\"551\" height=\"510\" srcset=\"https:\/\/www.thebestsocial.media\/nl\/wp-content\/uploads\/sites\/2\/2024\/08\/IMG_0452-e1723463530912.jpg 551w, https:\/\/www.thebestsocial.media\/nl\/wp-content\/uploads\/sites\/2\/2024\/08\/IMG_0452-e1723463530912-300x278.jpg 300w\" sizes=\"auto, (max-width: 551px) 100vw, 551px\" \/><\/p>\n<blockquote class=\"twitter-tweet\">\n<p dir=\"ltr\" lang=\"nl\">GOUD NEDERLAND!!! \ud83c\uddf3\ud83c\uddf1 <a href=\"https:\/\/t.co\/pz8i6xtcuH\">pic.twitter.com\/pz8i6xtcuH<\/a><\/p>\n<p>\u2014 Flint (@flintstoon) <a href=\"https:\/\/twitter.com\/flintstoon\/status\/1818595934504169679?ref_src=twsrc%5Etfw\">July 31, 2024<\/a><\/p><\/blockquote>\n<p><script async src=\"https:\/\/platform.twitter.com\/widgets.js\" charset=\"utf-8\"><\/script><\/p>\n<p>&nbsp;<\/p>\n<h3>2. Sommige momenten hadden gewoon onbedoeld de (zwem)broek aan&#8230;<\/h3>\n<p><img loading=\"lazy\" decoding=\"async\" class=\"alignnone wp-image-323857 size-full\" src=\"https:\/\/www.thebestsocial.media\/nl\/wp-content\/uploads\/sites\/2\/2024\/08\/IMG_0460-e1723463548410.jpg\" alt=\"\" width=\"554\" height=\"525\" srcset=\"https:\/\/www.thebestsocial.media\/nl\/wp-content\/uploads\/sites\/2\/2024\/08\/IMG_0460-e1723463548410.jpg 554w, https:\/\/www.thebestsocial.media\/nl\/wp-content\/uploads\/sites\/2\/2024\/08\/IMG_0460-e1723463548410-300x284.jpg 300w\" sizes=\"auto, (max-width: 554px) 100vw, 554px\" \/><\/p>\n<blockquote class=\"twitter-tweet\">\n<p dir=\"ltr\" lang=\"nl\">Nu is Willem-Alexander echt te ver gegaan <a href=\"https:\/\/t.co\/K1tXr6MQoL\">pic.twitter.com\/K1tXr6MQoL<\/a><\/p>\n<p>\u2014 Stijn de Vreede \ud83c\udf7f (@VrijndeSteede) <a href=\"https:\/\/twitter.com\/VrijndeSteede\/status\/1817926293289161196?ref_src=twsrc%5Etfw\">July 29, 2024<\/a><\/p><\/blockquote>\n<p><script async src=\"https:\/\/platform.twitter.com\/widgets.js\" charset=\"utf-8\"><\/script><\/p>\n<p>&nbsp;<\/p>\n<h3>3. Dit staat bij menig Olympische Spelen-kijker als een (flinke) paal boven water.<\/h3>\n<p><img loading=\"lazy\" decoding=\"async\" class=\"alignnone wp-image-323863 size-full\" src=\"https:\/\/www.thebestsocial.media\/nl\/wp-content\/uploads\/sites\/2\/2024\/08\/polstok-e1723467342728.png\" alt=\"\" width=\"553\" height=\"504\" srcset=\"https:\/\/www.thebestsocial.media\/nl\/wp-content\/uploads\/sites\/2\/2024\/08\/polstok-e1723467342728.png 553w, https:\/\/www.thebestsocial.media\/nl\/wp-content\/uploads\/sites\/2\/2024\/08\/polstok-e1723467342728-300x273.png 300w\" sizes=\"auto, (max-width: 553px) 100vw, 553px\" \/><\/p>\n<blockquote class=\"twitter-tweet\">\n<p dir=\"ltr\" lang=\"nl\">Het meest lullige moment van de Olympische Spelen<a href=\"https:\/\/t.co\/d2X37MUy1u\">pic.twitter.com\/d2X37MUy1u<\/a><\/p>\n<p>\u2014 Flint (@flintstoon) <a href=\"https:\/\/twitter.com\/flintstoon\/status\/1819849588133556429?ref_src=twsrc%5Etfw\">August 3, 2024<\/a><\/p><\/blockquote>\n<p><script async src=\"https:\/\/platform.twitter.com\/widgets.js\" charset=\"utf-8\"><\/script><\/p>\n<p>&nbsp;<\/p>\n<h3>4. Zij kwamen, zij zagen en zij overwonnen.<\/h3>\n<p><img loading=\"lazy\" decoding=\"async\" class=\"alignnone wp-image-323846 size-full\" src=\"https:\/\/www.thebestsocial.media\/nl\/wp-content\/uploads\/sites\/2\/2024\/08\/IMG_0449-e1723467362616.jpg\" alt=\"\" width=\"561\" height=\"498\" srcset=\"https:\/\/www.thebestsocial.media\/nl\/wp-content\/uploads\/sites\/2\/2024\/08\/IMG_0449-e1723467362616.jpg 561w, https:\/\/www.thebestsocial.media\/nl\/wp-content\/uploads\/sites\/2\/2024\/08\/IMG_0449-e1723467362616-300x266.jpg 300w\" sizes=\"auto, (max-width: 561px) 100vw, 561px\" \/><\/p>\n<blockquote class=\"twitter-tweet\">\n<p dir=\"ltr\" lang=\"fr\">Put it in the Louvre. <a href=\"https:\/\/t.co\/XbAknn2Zzb\">pic.twitter.com\/XbAknn2Zzb<\/a><\/p>\n<p>\u2014 Jimmy Driessen (@JimmyDriessen) <a href=\"https:\/\/twitter.com\/JimmyDriessen\/status\/1821617821010272447?ref_src=twsrc%5Etfw\">August 8, 2024<\/a><\/p><\/blockquote>\n<p><script async src=\"https:\/\/platform.twitter.com\/widgets.js\" charset=\"utf-8\"><\/script><\/p>\n<p>&nbsp;<\/p>\n<h3>5. Terwijl sommigen al dagenlang d\u00e9ze fenomenale inhaalslag in hun Bol hebben&#8230;<\/h3>\n<p><img loading=\"lazy\" decoding=\"async\" class=\"alignnone wp-image-323850 size-full\" src=\"https:\/\/www.thebestsocial.media\/nl\/wp-content\/uploads\/sites\/2\/2024\/08\/IMG_0453-e1723463492717.jpg\" alt=\"\" width=\"568\" height=\"533\" srcset=\"https:\/\/www.thebestsocial.media\/nl\/wp-content\/uploads\/sites\/2\/2024\/08\/IMG_0453-e1723463492717.jpg 568w, https:\/\/www.thebestsocial.media\/nl\/wp-content\/uploads\/sites\/2\/2024\/08\/IMG_0453-e1723463492717-300x282.jpg 300w\" sizes=\"auto, (max-width: 568px) 100vw, 568px\" \/><\/p>\n<blockquote class=\"twitter-tweet\">\n<p dir=\"ltr\" lang=\"nl\">\ud83d\udd25\ud83c\uddeb\ud83c\uddf7 | GOUD! Wat een legendarische eindsprint van Femke Bol! Kippenvel! Het eerste atletiekgoud is nu al een feit.\ud83c\udfbd\u200b\ud83c\uddf3\ud83c\uddf1 <a href=\"https:\/\/twitter.com\/hashtag\/Paris2024?src=hash&amp;ref_src=twsrc%5Etfw\">#Paris2024<\/a><\/p>\n<p>\ud83d\udcfa Stream Paris 2024 op HBO Max <a href=\"https:\/\/t.co\/tRilQ9U7dO\">pic.twitter.com\/tRilQ9U7dO<\/a><\/p>\n<p>\u2014 Eurosport Nederland (@Eurosport_NL) <a href=\"https:\/\/twitter.com\/Eurosport_NL\/status\/1819811751531045014?ref_src=twsrc%5Etfw\">August 3, 2024<\/a><\/p><\/blockquote>\n<p><script async src=\"https:\/\/platform.twitter.com\/widgets.js\" charset=\"utf-8\"><\/script><\/p>\n<p>&nbsp;<\/p>\n<h3>6. &#8230;spookt bij anderen vooral het commentaar van \u00e9\u00e9n specifieke commentator op de Olympische Spelen door hun koppie.<\/h3>\n<p><img loading=\"lazy\" decoding=\"async\" class=\"alignnone wp-image-323848 size-full\" src=\"https:\/\/www.thebestsocial.media\/nl\/wp-content\/uploads\/sites\/2\/2024\/08\/IMG_0451.jpg\" alt=\"\" width=\"583\" height=\"545\" srcset=\"https:\/\/www.thebestsocial.media\/nl\/wp-content\/uploads\/sites\/2\/2024\/08\/IMG_0451.jpg 583w, https:\/\/www.thebestsocial.media\/nl\/wp-content\/uploads\/sites\/2\/2024\/08\/IMG_0451-300x280.jpg 300w\" sizes=\"auto, (max-width: 583px) 100vw, 583px\" \/><\/p>\n<blockquote class=\"twitter-tweet\" data-conversation=\"none\">\n<p dir=\"ltr\" lang=\"nl\">In het Italiaans <a href=\"https:\/\/twitter.com\/hashtag\/Finkiebo?src=hash&amp;ref_src=twsrc%5Etfw\">#Finkiebo<\/a> \ud83e\udd23\ud83e\udd23 <a href=\"https:\/\/t.co\/v3ViEZZwbq\">pic.twitter.com\/v3ViEZZwbq<\/a><\/p>\n<p>\u2014 Chrissie\ud83c\udf97\u274c\u274c\u274c\u2267\u25d4\u25e1\u25d4\u2266 (@PrinsesChrissie) <a href=\"https:\/\/twitter.com\/PrinsesChrissie\/status\/1820036490992206195?ref_src=twsrc%5Etfw\">August 4, 2024<\/a><\/p><\/blockquote>\n<p><script async src=\"https:\/\/platform.twitter.com\/widgets.js\" charset=\"utf-8\"><\/script><\/p>\n<p>&nbsp;<\/p>\n<h3>7. Nederland stond op z&#8217;n kop, maar ook deze commentator wist niet meer waar hij het zoeken moest tijdens de slotfase van het 3\u00d73 basketbal.<\/h3>\n<p><img loading=\"lazy\" decoding=\"async\" class=\"alignnone wp-image-323856 size-full\" src=\"https:\/\/www.thebestsocial.media\/nl\/wp-content\/uploads\/sites\/2\/2024\/08\/IMG_0459-e1723467207955.jpg\" alt=\"\" width=\"561\" height=\"515\" srcset=\"https:\/\/www.thebestsocial.media\/nl\/wp-content\/uploads\/sites\/2\/2024\/08\/IMG_0459-e1723467207955.jpg 561w, https:\/\/www.thebestsocial.media\/nl\/wp-content\/uploads\/sites\/2\/2024\/08\/IMG_0459-e1723467207955-300x275.jpg 300w\" sizes=\"auto, (max-width: 561px) 100vw, 561px\" \/><\/p>\n<blockquote class=\"twitter-tweet\">\n<p dir=\"ltr\" lang=\"nl\">Je kunt zeggen wat je wil maar dit commentaar is niet \u2018des\u2019 NOS, en ik vind het GEWELDIG!<a href=\"https:\/\/twitter.com\/hashtag\/nos?src=hash&amp;ref_src=twsrc%5Etfw\">#nos<\/a> <a href=\"https:\/\/twitter.com\/hashtag\/OlympicGames?src=hash&amp;ref_src=twsrc%5Etfw\">#OlympicGames<\/a> <a href=\"https:\/\/t.co\/RGfeZOG1Q4\">pic.twitter.com\/RGfeZOG1Q4<\/a><\/p>\n<p>\u2014 \ud835\udd94\ud835\udd91\ud835\udd91\ud835\udd8e\ud835\udd8a.\ud835\udd73 (@verinhetoosten) <a href=\"https:\/\/twitter.com\/verinhetoosten\/status\/1820571193587736647?ref_src=twsrc%5Etfw\">August 5, 2024<\/a><\/p><\/blockquote>\n<p><script async src=\"https:\/\/platform.twitter.com\/widgets.js\" charset=\"utf-8\"><\/script><\/p>\n<p>&nbsp;<\/p>\n<h3>8. Dat de Turkse Yusuf Dike\u00e7 als meme de boeken ingaat is een zekerheidje.<\/h3>\n<p><img loading=\"lazy\" decoding=\"async\" class=\"alignnone wp-image-323847 size-full\" src=\"https:\/\/www.thebestsocial.media\/nl\/wp-content\/uploads\/sites\/2\/2024\/08\/IMG_0450-e1723463576193.jpg\" alt=\"\" width=\"562\" height=\"516\" srcset=\"https:\/\/www.thebestsocial.media\/nl\/wp-content\/uploads\/sites\/2\/2024\/08\/IMG_0450-e1723463576193.jpg 562w, https:\/\/www.thebestsocial.media\/nl\/wp-content\/uploads\/sites\/2\/2024\/08\/IMG_0450-e1723463576193-300x275.jpg 300w\" sizes=\"auto, (max-width: 562px) 100vw, 562px\" \/><\/p>\n<blockquote class=\"twitter-tweet\">\n<p dir=\"ltr\" lang=\"nl\">Mijn boekhouder als er per ongeluk een blikje drinken op m&#8217;n tankbon staat <a href=\"https:\/\/t.co\/zBKlWRwS5S\">pic.twitter.com\/zBKlWRwS5S<\/a><\/p>\n<p>\u2014 Lars (@YoungWellens) <a href=\"https:\/\/twitter.com\/YoungWellens\/status\/1818921953421336693?ref_src=twsrc%5Etfw\">August 1, 2024<\/a><\/p><\/blockquote>\n<p><script src=\"https:\/\/platform.twitter.com\/widgets.js\" async=\"\" charset=\"utf-8\"><\/script><\/p>\n<p>&nbsp;<\/p>\n<h3>9. *Geluid van piepende schoenen.*<\/h3>\n<p><img loading=\"lazy\" decoding=\"async\" class=\"alignnone wp-image-323853 size-full\" src=\"https:\/\/www.thebestsocial.media\/nl\/wp-content\/uploads\/sites\/2\/2024\/08\/IMG_0455-e1723463963388.jpg\" alt=\"\" width=\"564\" height=\"514\" srcset=\"https:\/\/www.thebestsocial.media\/nl\/wp-content\/uploads\/sites\/2\/2024\/08\/IMG_0455-e1723463963388.jpg 564w, https:\/\/www.thebestsocial.media\/nl\/wp-content\/uploads\/sites\/2\/2024\/08\/IMG_0455-e1723463963388-300x273.jpg 300w\" sizes=\"auto, (max-width: 564px) 100vw, 564px\" \/><\/p>\n<p><iframe loading=\"lazy\" src=\"\/tiktok-cache\/7401465259602545927\/99d865945b1e4861978d92c1161e39449cef6b491a81b81f12797d94\" width=\"623\" height=\"1108\" style=\"border:0; height:90vh; width:50.625000vh;\" scrolling=\"no\"><\/iframe><\/p>\n<p>&nbsp;<\/p>\n<h3>10. De prestatie van Sifan Hassan op de Olympische Spelen is maar met \u00e9\u00e9n woord te omschrijven: weer-ga-loos.<\/h3>\n<p><img loading=\"lazy\" decoding=\"async\" class=\"alignnone wp-image-323854 size-full\" src=\"https:\/\/www.thebestsocial.media\/nl\/wp-content\/uploads\/sites\/2\/2024\/08\/IMG_0457-e1723463945581.jpg\" alt=\"\" width=\"554\" height=\"510\" srcset=\"https:\/\/www.thebestsocial.media\/nl\/wp-content\/uploads\/sites\/2\/2024\/08\/IMG_0457-e1723463945581.jpg 554w, https:\/\/www.thebestsocial.media\/nl\/wp-content\/uploads\/sites\/2\/2024\/08\/IMG_0457-e1723463945581-300x276.jpg 300w\" sizes=\"auto, (max-width: 554px) 100vw, 554px\" \/><\/p>\n<blockquote class=\"twitter-tweet\">\n<p dir=\"ltr\" lang=\"nl\">Wat. Een. Beeld. <a href=\"https:\/\/t.co\/fW7ZPlng8U\">pic.twitter.com\/fW7ZPlng8U<\/a><\/p>\n<p>\u2014 Maarten Hopman (@maartenhopman94) <a href=\"https:\/\/twitter.com\/maartenhopman94\/status\/1822553039196012581?ref_src=twsrc%5Etfw\">August 11, 2024<\/a><\/p><\/blockquote>\n<p><script async src=\"https:\/\/platform.twitter.com\/widgets.js\" charset=\"utf-8\"><\/script><\/p>\n<p>&nbsp;<\/p>\n<p><strong>Ben jij nou n\u00e9t op zoek naar een stage? Dat komt goed uit! Bij The Best Social zijn we op zoek naar een stagiair(e) branded content voor de periode vanaf september. Interesse? Check snel <a href=\"https:\/\/www.thebestsocialjobs.com\/vacature\/branded-content-stagiere\/\" target=\"_blank\" rel=\"noopener\">de vacature op The Best Social Jobs.<\/a><\/strong><\/p>\n<blockquote class=\"instagram-media\" style=\"background: #FFF; border: 0; border-radius: 3px; box-shadow: 0 0 1px 0 rgba(0,0,0,0.5),0 1px 10px 0 rgba(0,0,0,0.15); margin: 1px; max-width: 540px; min-width: 326px; padding: 0; width: calc(100% - 2px);\" data-instgrm-captioned=\"\" data-instgrm-permalink=\"https:\/\/www.instagram.com\/p\/Cu87DwlIPA5\/?utm_source=ig_embed&amp;utm_campaign=loading\" data-instgrm-version=\"14\">\n<div style=\"padding: 16px;\">\n<p>&nbsp;<\/p>\n<div style=\"display: flex; flex-direction: row; align-items: center;\">\n<div style=\"background-color: #f4f4f4; border-radius: 50%; flex-grow: 0; height: 40px; margin-right: 14px; width: 40px;\"><\/div>\n<div style=\"display: flex; flex-direction: column; flex-grow: 1; justify-content: center;\">\n<div style=\"background-color: #f4f4f4; border-radius: 4px; flex-grow: 0; height: 14px; margin-bottom: 6px; width: 100px;\"><\/div>\n<div style=\"background-color: #f4f4f4; border-radius: 4px; flex-grow: 0; height: 14px; width: 60px;\"><\/div>\n<\/div>\n<\/div>\n<div style=\"padding: 19% 0;\"><\/div>\n<div style=\"display: block; height: 50px; margin: 0 auto 12px; width: 50px;\"><\/div>\n<div style=\"padding-top: 8px;\">\n<div style=\"color: #3897f0; font-family: Arial,sans-serif; font-size: 14px; font-style: normal; font-weight: 550; line-height: 18px;\">Dit bericht op Instagram bekijken<\/div>\n<\/div>\n<div style=\"padding: 12.5% 0;\"><\/div>\n<div style=\"display: flex; flex-direction: row; margin-bottom: 14px; align-items: center;\">\n<div>\n<div style=\"background-color: #f4f4f4; border-radius: 50%; height: 12.5px; width: 12.5px; transform: translateX(0px) translateY(7px);\"><\/div>\n<div style=\"background-color: #f4f4f4; height: 12.5px; transform: rotate(-45deg) translateX(3px) translateY(1px); width: 12.5px; flex-grow: 0; margin-right: 14px; margin-left: 2px;\"><\/div>\n<div style=\"background-color: #f4f4f4; border-radius: 50%; height: 12.5px; width: 12.5px; transform: translateX(9px) translateY(-18px);\"><\/div>\n<\/div>\n<div style=\"margin-left: 8px;\">\n<div style=\"background-color: #f4f4f4; border-radius: 50%; flex-grow: 0; height: 20px; width: 20px;\">\n<p>&nbsp;<\/p>\n<div style=\"width: 0; height: 0; border-top: 2px solid transparent; border-left: 6px solid #f4f4f4; border-bottom: 2px solid transparent; transform: translateX(16px) translateY(-4px) rotate(30deg);\"><\/div>\n<\/div>\n<div style=\"margin-left: auto;\">\n<div style=\"width: 0px; border-top: 8px solid #F4F4F4; border-right: 8px solid transparent; transform: translateY(16px);\"><\/div>\n<div style=\"background-color: #f4f4f4; flex-grow: 0; height: 12px; width: 16px; transform: translateY(-4px);\"><\/div>\n<div style=\"width: 0; height: 0; border-top: 8px solid #F4F4F4; border-left: 8px solid transparent; transform: translateY(-4px) translateX(8px);\"><\/div>\n<\/div>\n<\/div>\n<div style=\"display: flex; flex-direction: column; flex-grow: 1; justify-content: center; margin-bottom: 24px;\">\n<div style=\"background-color: #f4f4f4; border-radius: 4px; flex-grow: 0; height: 14px; margin-bottom: 6px; width: 224px;\"><\/div>\n<div style=\"background-color: #f4f4f4; border-radius: 4px; flex-grow: 0; height: 14px; width: 144px;\"><\/div>\n<\/div>\n<p>&nbsp;<\/p>\n<p style=\"color: #c9c8cd; font-family: Arial,sans-serif; font-size: 14px; line-height: 17px; margin-bottom: 0; margin-top: 8px; overflow: hidden; padding: 8px 0 7px; text-align: center; text-overflow: ellipsis; white-space: nowrap;\"><a style=\"color: #c9c8cd; font-family: Arial,sans-serif; font-size: 14px; font-style: normal; font-weight: normal; line-height: 17px; text-decoration: none;\" href=\"https:\/\/www.instagram.com\/p\/Cu87DwlIPA5\/?utm_source=ig_embed&amp;utm_campaign=loading\" target=\"_blank\" rel=\"noopener\">Een bericht gedeeld door The Best Social (@thebestsocial)<\/a><\/p>\n<\/div>\n<\/div>\n<\/blockquote>\n\n<script async defer src=\"\/instagram-embed.js\"><\/script>","protected":false},"excerpt":{"rendered":"<p>De Olympische Spelen zijn afgelopen, en dat zorgt ervoor dat veel Nederlanders in een diep zwart gat belanden. Waar je eergisteren nog je volledige dag&#8230;<\/p>\n","protected":false},"author":96,"featured_media":323885,"comment_status":"open","ping_status":"open","sticky":false,"template":"","format":"standard","meta":{"_acf_changed":false,"footnotes":""},"categories":[16,17],"tags":[8777,851,9522],"class_list":["post-323838","post","type-post","status-publish","format-standard","has-post-thumbnail","hentry","category-blogs","category-nieuws","tag-memorabel","tag-olympische-spelen","tag-sporters"],"acf":[],"yoast_head":"<!-- This site is optimized with the Yoast SEO plugin v27.5 - https:\/\/yoast.com\/product\/yoast-seo-wordpress\/ -->\n<title>D\u00edt zijn de meest memorabele momenten van Olympische Spelen<\/title>\n<meta name=\"description\" content=\"De Olympische Spelen zijn afgelopen, en dat zorgt ervoor dat veel\u00a0Nederlanders in een diep zwart gat belanden, daarom blikken we even terug.\" \/>\n<meta name=\"robots\" content=\"index, follow, max-snippet:-1, max-image-preview:large, max-video-preview:-1\" \/>\n<link rel=\"canonical\" href=\"https:\/\/www.thebestsocial.media\/nl\/olympische-spelen-memorabele-momenten\/\" \/>\n<meta property=\"og:locale\" content=\"nl_NL\" \/>\n<meta property=\"og:type\" content=\"article\" \/>\n<meta property=\"og:title\" content=\"D\u00edt waren de meest memorabele momenten van de Olympische Spelen\" \/>\n<meta property=\"og:description\" content=\"De Olympische Spelen zijn afgelopen, en dat zorgt ervoor dat veel\u00a0Nederlanders in een diep zwart gat belanden, daarom blikken we even terug.\" \/>\n<meta property=\"og:url\" content=\"https:\/\/www.thebestsocial.media\/nl\/olympische-spelen-memorabele-momenten\/\" \/>\n<meta property=\"og:site_name\" content=\"The Best Social Media NL\" \/>\n<meta property=\"article:published_time\" content=\"2024-08-12T12:05:00+00:00\" \/>\n<meta property=\"article:modified_time\" content=\"2024-08-13T07:23:26+00:00\" \/>\n<meta property=\"og:image\" content=\"https:\/\/www.thebestsocial.media\/nl\/wp-content\/uploads\/sites\/2\/2024\/08\/header-6.png\" \/>\n\t<meta property=\"og:image:width\" content=\"1200\" \/>\n\t<meta property=\"og:image:height\" content=\"630\" \/>\n\t<meta property=\"og:image:type\" content=\"image\/png\" \/>\n<meta name=\"author\" content=\"yannick\" \/>\n<meta name=\"twitter:card\" content=\"summary_large_image\" \/>\n<meta name=\"twitter:title\" content=\"D\u00edt waren de meest memorabele momenten van de Olympische Spelen\" \/>\n<meta name=\"twitter:description\" content=\"De Olympische Spelen zijn afgelopen, en dat zorgt ervoor dat veel\u00a0Nederlanders in een diep zwart gat belanden, daarom blikken we even terug.\" \/>\n<meta name=\"twitter:image\" content=\"https:\/\/www.thebestsocial.media\/nl\/wp-content\/uploads\/sites\/2\/2024\/08\/header-6.png\" \/>\n<meta name=\"twitter:label1\" content=\"Geschreven door\" \/>\n\t<meta name=\"twitter:data1\" content=\"yannick\" \/>\n\t<meta name=\"twitter:label2\" content=\"Geschatte leestijd\" \/>\n\t<meta name=\"twitter:data2\" content=\"4 minuten\" \/>\n<script type=\"application\/ld+json\" class=\"yoast-schema-graph\">{\"@context\":\"https:\\\/\\\/schema.org\",\"@graph\":[{\"@type\":\"Article\",\"@id\":\"https:\\\/\\\/www.thebestsocial.media\\\/nl\\\/olympische-spelen-memorabele-momenten\\\/#article\",\"isPartOf\":{\"@id\":\"https:\\\/\\\/www.thebestsocial.media\\\/nl\\\/olympische-spelen-memorabele-momenten\\\/\"},\"author\":{\"name\":\"yannick\",\"@id\":\"https:\\\/\\\/www.thebestsocial.media\\\/nl\\\/#\\\/schema\\\/person\\\/2b65a07de209cd1d416a21f959fdf166\"},\"headline\":\"D\u00edt waren de meest memorabele momenten van de Olympische Spelen\",\"datePublished\":\"2024-08-12T12:05:00+00:00\",\"dateModified\":\"2024-08-13T07:23:26+00:00\",\"mainEntityOfPage\":{\"@id\":\"https:\\\/\\\/www.thebestsocial.media\\\/nl\\\/olympische-spelen-memorabele-momenten\\\/\"},\"wordCount\":468,\"commentCount\":0,\"image\":{\"@id\":\"https:\\\/\\\/www.thebestsocial.media\\\/nl\\\/olympische-spelen-memorabele-momenten\\\/#primaryimage\"},\"thumbnailUrl\":\"https:\\\/\\\/www.thebestsocial.media\\\/nl\\\/wp-content\\\/uploads\\\/sites\\\/2\\\/2024\\\/08\\\/uitgelicht-4.png\",\"keywords\":[\"memorabel\",\"Olympische Spelen\",\"sporters\"],\"articleSection\":[\"Blogs\",\"Nieuws\"],\"inLanguage\":\"nl-NL\",\"potentialAction\":[{\"@type\":\"CommentAction\",\"name\":\"Comment\",\"target\":[\"https:\\\/\\\/www.thebestsocial.media\\\/nl\\\/olympische-spelen-memorabele-momenten\\\/#respond\"]}]},{\"@type\":\"WebPage\",\"@id\":\"https:\\\/\\\/www.thebestsocial.media\\\/nl\\\/olympische-spelen-memorabele-momenten\\\/\",\"url\":\"https:\\\/\\\/www.thebestsocial.media\\\/nl\\\/olympische-spelen-memorabele-momenten\\\/\",\"name\":\"D\u00edt zijn de meest memorabele momenten van Olympische Spelen\",\"isPartOf\":{\"@id\":\"https:\\\/\\\/www.thebestsocial.media\\\/nl\\\/#website\"},\"primaryImageOfPage\":{\"@id\":\"https:\\\/\\\/www.thebestsocial.media\\\/nl\\\/olympische-spelen-memorabele-momenten\\\/#primaryimage\"},\"image\":{\"@id\":\"https:\\\/\\\/www.thebestsocial.media\\\/nl\\\/olympische-spelen-memorabele-momenten\\\/#primaryimage\"},\"thumbnailUrl\":\"https:\\\/\\\/www.thebestsocial.media\\\/nl\\\/wp-content\\\/uploads\\\/sites\\\/2\\\/2024\\\/08\\\/uitgelicht-4.png\",\"datePublished\":\"2024-08-12T12:05:00+00:00\",\"dateModified\":\"2024-08-13T07:23:26+00:00\",\"author\":{\"@id\":\"https:\\\/\\\/www.thebestsocial.media\\\/nl\\\/#\\\/schema\\\/person\\\/2b65a07de209cd1d416a21f959fdf166\"},\"description\":\"De Olympische Spelen zijn afgelopen, en dat zorgt ervoor dat veel\u00a0Nederlanders in een diep zwart gat belanden, daarom blikken we even terug.\",\"breadcrumb\":{\"@id\":\"https:\\\/\\\/www.thebestsocial.media\\\/nl\\\/olympische-spelen-memorabele-momenten\\\/#breadcrumb\"},\"inLanguage\":\"nl-NL\",\"potentialAction\":[{\"@type\":\"ReadAction\",\"target\":[\"https:\\\/\\\/www.thebestsocial.media\\\/nl\\\/olympische-spelen-memorabele-momenten\\\/\"]}]},{\"@type\":\"ImageObject\",\"inLanguage\":\"nl-NL\",\"@id\":\"https:\\\/\\\/www.thebestsocial.media\\\/nl\\\/olympische-spelen-memorabele-momenten\\\/#primaryimage\",\"url\":\"https:\\\/\\\/www.thebestsocial.media\\\/nl\\\/wp-content\\\/uploads\\\/sites\\\/2\\\/2024\\\/08\\\/uitgelicht-4.png\",\"contentUrl\":\"https:\\\/\\\/www.thebestsocial.media\\\/nl\\\/wp-content\\\/uploads\\\/sites\\\/2\\\/2024\\\/08\\\/uitgelicht-4.png\",\"width\":1200,\"height\":630,\"caption\":\"Olympische Spelen\"},{\"@type\":\"BreadcrumbList\",\"@id\":\"https:\\\/\\\/www.thebestsocial.media\\\/nl\\\/olympische-spelen-memorabele-momenten\\\/#breadcrumb\",\"itemListElement\":[{\"@type\":\"ListItem\",\"position\":1,\"name\":\"Home\",\"item\":\"https:\\\/\\\/www.thebestsocial.media\\\/nl\\\/\"},{\"@type\":\"ListItem\",\"position\":2,\"name\":\"D\u00edt waren de meest memorabele momenten van de Olympische Spelen\"}]},{\"@type\":\"WebSite\",\"@id\":\"https:\\\/\\\/www.thebestsocial.media\\\/nl\\\/#website\",\"url\":\"https:\\\/\\\/www.thebestsocial.media\\\/nl\\\/\",\"name\":\"The Best Social Media NL\",\"description\":\"Zoeklicht in de Digital Chaos\",\"potentialAction\":[{\"@type\":\"SearchAction\",\"target\":{\"@type\":\"EntryPoint\",\"urlTemplate\":\"https:\\\/\\\/www.thebestsocial.media\\\/nl\\\/?s={search_term_string}\"},\"query-input\":{\"@type\":\"PropertyValueSpecification\",\"valueRequired\":true,\"valueName\":\"search_term_string\"}}],\"inLanguage\":\"nl-NL\"},{\"@type\":\"Person\",\"@id\":\"https:\\\/\\\/www.thebestsocial.media\\\/nl\\\/#\\\/schema\\\/person\\\/2b65a07de209cd1d416a21f959fdf166\",\"name\":\"yannick\",\"image\":{\"@type\":\"ImageObject\",\"inLanguage\":\"nl-NL\",\"@id\":\"https:\\\/\\\/secure.gravatar.com\\\/avatar\\\/8909b7412361c45e4fc0664b3e04faa1ad03832e065a1098c95a21a0527771d4?s=96&d=mm&r=g\",\"url\":\"https:\\\/\\\/secure.gravatar.com\\\/avatar\\\/8909b7412361c45e4fc0664b3e04faa1ad03832e065a1098c95a21a0527771d4?s=96&d=mm&r=g\",\"contentUrl\":\"https:\\\/\\\/secure.gravatar.com\\\/avatar\\\/8909b7412361c45e4fc0664b3e04faa1ad03832e065a1098c95a21a0527771d4?s=96&d=mm&r=g\",\"caption\":\"yannick\"},\"description\":\"Geboren en getogen Bredanaar. Droomde altijd van een carri\u00e8re als profvoetballer, maar is gestrand in de Kelderklasse. Nu geeft ze hier onnodig 'commentaar' op sport, collega's (\u00e9\u00e9n in het bijzonder) en mensen die iconische memes niet kennen.\",\"sameAs\":[\"https:\\\/\\\/www.instagram.com\\\/yannicksnoek\\\/\",\"https:\\\/\\\/www.linkedin.com\\\/in\\\/yannick-s-743aa110b\\\/\"],\"url\":\"https:\\\/\\\/www.thebestsocial.media\\\/nl\\\/author\\\/yannick\\\/\"}]}<\/script>\n<!-- \/ Yoast SEO plugin. -->","yoast_head_json":{"title":"D\u00edt zijn de meest memorabele momenten van Olympische Spelen","description":"De Olympische Spelen zijn afgelopen, en dat zorgt ervoor dat veel\u00a0Nederlanders in een diep zwart gat belanden, daarom blikken we even terug.","robots":{"index":"index","follow":"follow","max-snippet":"max-snippet:-1","max-image-preview":"max-image-preview:large","max-video-preview":"max-video-preview:-1"},"canonical":"https:\/\/www.thebestsocial.media\/nl\/olympische-spelen-memorabele-momenten\/","og_locale":"nl_NL","og_type":"article","og_title":"D\u00edt waren de meest memorabele momenten van de Olympische Spelen","og_description":"De Olympische Spelen zijn afgelopen, en dat zorgt ervoor dat veel\u00a0Nederlanders in een diep zwart gat belanden, daarom blikken we even terug.","og_url":"https:\/\/www.thebestsocial.media\/nl\/olympische-spelen-memorabele-momenten\/","og_site_name":"The Best Social Media NL","article_published_time":"2024-08-12T12:05:00+00:00","article_modified_time":"2024-08-13T07:23:26+00:00","og_image":[{"width":1200,"height":630,"url":"https:\/\/www.thebestsocial.media\/nl\/wp-content\/uploads\/sites\/2\/2024\/08\/header-6.png","type":"image\/png"}],"author":"yannick","twitter_card":"summary_large_image","twitter_title":"D\u00edt waren de meest memorabele momenten van de Olympische Spelen","twitter_description":"De Olympische Spelen zijn afgelopen, en dat zorgt ervoor dat veel\u00a0Nederlanders in een diep zwart gat belanden, daarom blikken we even terug.","twitter_image":"https:\/\/www.thebestsocial.media\/nl\/wp-content\/uploads\/sites\/2\/2024\/08\/header-6.png","twitter_misc":{"Geschreven door":"yannick","Geschatte leestijd":"4 minuten"},"schema":{"@context":"https:\/\/schema.org","@graph":[{"@type":"Article","@id":"https:\/\/www.thebestsocial.media\/nl\/olympische-spelen-memorabele-momenten\/#article","isPartOf":{"@id":"https:\/\/www.thebestsocial.media\/nl\/olympische-spelen-memorabele-momenten\/"},"author":{"name":"yannick","@id":"https:\/\/www.thebestsocial.media\/nl\/#\/schema\/person\/2b65a07de209cd1d416a21f959fdf166"},"headline":"D\u00edt waren de meest memorabele momenten van de Olympische Spelen","datePublished":"2024-08-12T12:05:00+00:00","dateModified":"2024-08-13T07:23:26+00:00","mainEntityOfPage":{"@id":"https:\/\/www.thebestsocial.media\/nl\/olympische-spelen-memorabele-momenten\/"},"wordCount":468,"commentCount":0,"image":{"@id":"https:\/\/www.thebestsocial.media\/nl\/olympische-spelen-memorabele-momenten\/#primaryimage"},"thumbnailUrl":"https:\/\/www.thebestsocial.media\/nl\/wp-content\/uploads\/sites\/2\/2024\/08\/uitgelicht-4.png","keywords":["memorabel","Olympische Spelen","sporters"],"articleSection":["Blogs","Nieuws"],"inLanguage":"nl-NL","potentialAction":[{"@type":"CommentAction","name":"Comment","target":["https:\/\/www.thebestsocial.media\/nl\/olympische-spelen-memorabele-momenten\/#respond"]}]},{"@type":"WebPage","@id":"https:\/\/www.thebestsocial.media\/nl\/olympische-spelen-memorabele-momenten\/","url":"https:\/\/www.thebestsocial.media\/nl\/olympische-spelen-memorabele-momenten\/","name":"D\u00edt zijn de meest memorabele momenten van Olympische Spelen","isPartOf":{"@id":"https:\/\/www.thebestsocial.media\/nl\/#website"},"primaryImageOfPage":{"@id":"https:\/\/www.thebestsocial.media\/nl\/olympische-spelen-memorabele-momenten\/#primaryimage"},"image":{"@id":"https:\/\/www.thebestsocial.media\/nl\/olympische-spelen-memorabele-momenten\/#primaryimage"},"thumbnailUrl":"https:\/\/www.thebestsocial.media\/nl\/wp-content\/uploads\/sites\/2\/2024\/08\/uitgelicht-4.png","datePublished":"2024-08-12T12:05:00+00:00","dateModified":"2024-08-13T07:23:26+00:00","author":{"@id":"https:\/\/www.thebestsocial.media\/nl\/#\/schema\/person\/2b65a07de209cd1d416a21f959fdf166"},"description":"De Olympische Spelen zijn afgelopen, en dat zorgt ervoor dat veel\u00a0Nederlanders in een diep zwart gat belanden, daarom blikken we even terug.","breadcrumb":{"@id":"https:\/\/www.thebestsocial.media\/nl\/olympische-spelen-memorabele-momenten\/#breadcrumb"},"inLanguage":"nl-NL","potentialAction":[{"@type":"ReadAction","target":["https:\/\/www.thebestsocial.media\/nl\/olympische-spelen-memorabele-momenten\/"]}]},{"@type":"ImageObject","inLanguage":"nl-NL","@id":"https:\/\/www.thebestsocial.media\/nl\/olympische-spelen-memorabele-momenten\/#primaryimage","url":"https:\/\/www.thebestsocial.media\/nl\/wp-content\/uploads\/sites\/2\/2024\/08\/uitgelicht-4.png","contentUrl":"https:\/\/www.thebestsocial.media\/nl\/wp-content\/uploads\/sites\/2\/2024\/08\/uitgelicht-4.png","width":1200,"height":630,"caption":"Olympische Spelen"},{"@type":"BreadcrumbList","@id":"https:\/\/www.thebestsocial.media\/nl\/olympische-spelen-memorabele-momenten\/#breadcrumb","itemListElement":[{"@type":"ListItem","position":1,"name":"Home","item":"https:\/\/www.thebestsocial.media\/nl\/"},{"@type":"ListItem","position":2,"name":"D\u00edt waren de meest memorabele momenten van de Olympische Spelen"}]},{"@type":"WebSite","@id":"https:\/\/www.thebestsocial.media\/nl\/#website","url":"https:\/\/www.thebestsocial.media\/nl\/","name":"The Best Social Media NL","description":"Zoeklicht in de Digital Chaos","potentialAction":[{"@type":"SearchAction","target":{"@type":"EntryPoint","urlTemplate":"https:\/\/www.thebestsocial.media\/nl\/?s={search_term_string}"},"query-input":{"@type":"PropertyValueSpecification","valueRequired":true,"valueName":"search_term_string"}}],"inLanguage":"nl-NL"},{"@type":"Person","@id":"https:\/\/www.thebestsocial.media\/nl\/#\/schema\/person\/2b65a07de209cd1d416a21f959fdf166","name":"yannick","image":{"@type":"ImageObject","inLanguage":"nl-NL","@id":"https:\/\/secure.gravatar.com\/avatar\/8909b7412361c45e4fc0664b3e04faa1ad03832e065a1098c95a21a0527771d4?s=96&d=mm&r=g","url":"https:\/\/secure.gravatar.com\/avatar\/8909b7412361c45e4fc0664b3e04faa1ad03832e065a1098c95a21a0527771d4?s=96&d=mm&r=g","contentUrl":"https:\/\/secure.gravatar.com\/avatar\/8909b7412361c45e4fc0664b3e04faa1ad03832e065a1098c95a21a0527771d4?s=96&d=mm&r=g","caption":"yannick"},"description":"Geboren en getogen Bredanaar. Droomde altijd van een carri\u00e8re als profvoetballer, maar is gestrand in de Kelderklasse. Nu geeft ze hier onnodig 'commentaar' op sport, collega's (\u00e9\u00e9n in het bijzonder) en mensen die iconische memes niet kennen.","sameAs":["https:\/\/www.instagram.com\/yannicksnoek\/","https:\/\/www.linkedin.com\/in\/yannick-s-743aa110b\/"],"url":"https:\/\/www.thebestsocial.media\/nl\/author\/yannick\/"}]}},"amp_enabled":true,"_links":{"self":[{"href":"https:\/\/www.thebestsocial.media\/nl\/wp-json\/wp\/v2\/posts\/323838","targetHints":{"allow":["GET"]}}],"collection":[{"href":"https:\/\/www.thebestsocial.media\/nl\/wp-json\/wp\/v2\/posts"}],"about":[{"href":"https:\/\/www.thebestsocial.media\/nl\/wp-json\/wp\/v2\/types\/post"}],"author":[{"embeddable":true,"href":"https:\/\/www.thebestsocial.media\/nl\/wp-json\/wp\/v2\/users\/96"}],"replies":[{"embeddable":true,"href":"https:\/\/www.thebestsocial.media\/nl\/wp-json\/wp\/v2\/comments?post=323838"}],"version-history":[{"count":18,"href":"https:\/\/www.thebestsocial.media\/nl\/wp-json\/wp\/v2\/posts\/323838\/revisions"}],"predecessor-version":[{"id":323892,"href":"https:\/\/www.thebestsocial.media\/nl\/wp-json\/wp\/v2\/posts\/323838\/revisions\/323892"}],"wp:featuredmedia":[{"embeddable":true,"href":"https:\/\/www.thebestsocial.media\/nl\/wp-json\/wp\/v2\/media\/323885"}],"wp:attachment":[{"href":"https:\/\/www.thebestsocial.media\/nl\/wp-json\/wp\/v2\/media?parent=323838"}],"wp:term":[{"taxonomy":"category","embeddable":true,"href":"https:\/\/www.thebestsocial.media\/nl\/wp-json\/wp\/v2\/categories?post=323838"},{"taxonomy":"post_tag","embeddable":true,"href":"https:\/\/www.thebestsocial.media\/nl\/wp-json\/wp\/v2\/tags?post=323838"}],"curies":[{"name":"wp","href":"https:\/\/api.w.org\/{rel}","templated":true}]}}