{"id":315673,"date":"2024-06-15T08:35:42","date_gmt":"2024-06-15T07:35:42","guid":{"rendered":"https:\/\/www.thebestsocial.media\/nl\/?p=315673"},"modified":"2024-06-15T08:35:42","modified_gmt":"2024-06-15T07:35:42","slug":"marktplaats-vondst-opmerkelijk-fiat-multipla","status":"publish","type":"post","link":"https:\/\/www.thebestsocial.media\/nl\/marktplaats-vondst-opmerkelijk-fiat-multipla\/","title":{"rendered":"Nederlanders staan te kijken van bijzonder voertuig op Marktplaats"},"content":{"rendered":"<p>Marktplaats is d\u00e9 plek om tweedehands spullen te vinden of verkopen en daar maken veel mensen gretig gebruik van. Zo krijg je eindelijk de kans om dat pimpelpaarse koffiezetapparaat uit de prehistorie je huis uit te sodemieteren en kan je dat \u2018vintage\u2019 sausbakje van McDonald\u2019s verpatsen. Terwijl je daarmee bezig bent, zie je een hoop advertenties van anderen voorbijkomen. De ene nog gekker dan de andere. Zo spot <a href=\"https:\/\/www.tiktok.com\/@cars_by_vincent1\/photo\/7369294660214279457\" target=\"_blank\" rel=\"noopener\">Vincent<\/a> een voertuig waar Max Verstappen spontaan jaloers van zou worden.<\/p>\n<p>&nbsp;<\/p>\n<h3>1. Zou Max Verstappen het kampioenschap ook met deze Marktplaats-vondst binnen kunnen slepen?<\/h3>\n<p><img loading=\"lazy\" decoding=\"async\" class=\"alignnone wp-image-315702 size-full\" src=\"https:\/\/www.thebestsocial.media\/nl\/wp-content\/uploads\/sites\/2\/2024\/06\/Screenshot-2024-06-14-at-15.08.23.png\" alt=\"\" width=\"624\" height=\"1214\" srcset=\"https:\/\/www.thebestsocial.media\/nl\/wp-content\/uploads\/sites\/2\/2024\/06\/Screenshot-2024-06-14-at-15.08.23.png 624w, https:\/\/www.thebestsocial.media\/nl\/wp-content\/uploads\/sites\/2\/2024\/06\/Screenshot-2024-06-14-at-15.08.23-154x300.png 154w, https:\/\/www.thebestsocial.media\/nl\/wp-content\/uploads\/sites\/2\/2024\/06\/Screenshot-2024-06-14-at-15.08.23-526x1024.png 526w\" sizes=\"auto, (max-width: 624px) 100vw, 624px\" \/><\/p>\n<p><img loading=\"lazy\" decoding=\"async\" class=\"alignnone wp-image-315701 size-full\" src=\"https:\/\/www.thebestsocial.media\/nl\/wp-content\/uploads\/sites\/2\/2024\/06\/Screenshot-2024-06-14-at-15.08.14-e1718372296711.png\" alt=\"\" width=\"620\" height=\"1216\" srcset=\"https:\/\/www.thebestsocial.media\/nl\/wp-content\/uploads\/sites\/2\/2024\/06\/Screenshot-2024-06-14-at-15.08.14-e1718372296711.png 620w, https:\/\/www.thebestsocial.media\/nl\/wp-content\/uploads\/sites\/2\/2024\/06\/Screenshot-2024-06-14-at-15.08.14-e1718372296711-153x300.png 153w, https:\/\/www.thebestsocial.media\/nl\/wp-content\/uploads\/sites\/2\/2024\/06\/Screenshot-2024-06-14-at-15.08.14-e1718372296711-522x1024.png 522w\" sizes=\"auto, (max-width: 620px) 100vw, 620px\" \/><\/p>\n<p>&nbsp;<\/p>\n<h3>2. Red Bull kan overduidelijk nog wat leren van dit design.<\/h3>\n<p><img loading=\"lazy\" decoding=\"async\" class=\"alignnone wp-image-315710 size-full\" src=\"https:\/\/www.thebestsocial.media\/nl\/wp-content\/uploads\/sites\/2\/2024\/06\/rond.png\" alt=\"\" width=\"990\" height=\"202\" srcset=\"https:\/\/www.thebestsocial.media\/nl\/wp-content\/uploads\/sites\/2\/2024\/06\/rond.png 990w, https:\/\/www.thebestsocial.media\/nl\/wp-content\/uploads\/sites\/2\/2024\/06\/rond-300x61.png 300w, https:\/\/www.thebestsocial.media\/nl\/wp-content\/uploads\/sites\/2\/2024\/06\/rond-768x157.png 768w\" sizes=\"auto, (max-width: 990px) 100vw, 990px\" \/><\/p>\n<p>&nbsp;<\/p>\n<h3>3. De Marktplaats-vondst blijkt niets minder dan een <a href=\"https:\/\/www.youtube.com\/watch?v=VwCvCI-_JNM\" target=\"_blank\" rel=\"noopener\">collecter&#8217;s item<\/a> te zijn.<\/h3>\n<p><img loading=\"lazy\" decoding=\"async\" class=\"alignnone wp-image-315713 size-full\" src=\"https:\/\/www.thebestsocial.media\/nl\/wp-content\/uploads\/sites\/2\/2024\/06\/zitters.png\" alt=\"Marktplaats\" width=\"510\" height=\"158\" srcset=\"https:\/\/www.thebestsocial.media\/nl\/wp-content\/uploads\/sites\/2\/2024\/06\/zitters.png 510w, https:\/\/www.thebestsocial.media\/nl\/wp-content\/uploads\/sites\/2\/2024\/06\/zitters-300x93.png 300w\" sizes=\"auto, (max-width: 510px) 100vw, 510px\" \/><\/p>\n<p>&nbsp;<\/p>\n<h3>4. En daarom willen Nederlanders dit pareltje massaal op de kop tikken.<\/h3>\n<p><img loading=\"lazy\" decoding=\"async\" class=\"alignnone wp-image-315706 size-full\" src=\"https:\/\/www.thebestsocial.media\/nl\/wp-content\/uploads\/sites\/2\/2024\/06\/auto.png\" alt=\"Marktplaats\" width=\"884\" height=\"160\" srcset=\"https:\/\/www.thebestsocial.media\/nl\/wp-content\/uploads\/sites\/2\/2024\/06\/auto.png 884w, https:\/\/www.thebestsocial.media\/nl\/wp-content\/uploads\/sites\/2\/2024\/06\/auto-300x54.png 300w, https:\/\/www.thebestsocial.media\/nl\/wp-content\/uploads\/sites\/2\/2024\/06\/auto-768x139.png 768w\" sizes=\"auto, (max-width: 884px) 100vw, 884px\" \/><\/p>\n<p><img loading=\"lazy\" decoding=\"async\" class=\"alignnone wp-image-315709 size-full\" src=\"https:\/\/www.thebestsocial.media\/nl\/wp-content\/uploads\/sites\/2\/2024\/06\/jou.png\" alt=\"Marktplaats\" width=\"596\" height=\"133\" srcset=\"https:\/\/www.thebestsocial.media\/nl\/wp-content\/uploads\/sites\/2\/2024\/06\/jou.png 596w, https:\/\/www.thebestsocial.media\/nl\/wp-content\/uploads\/sites\/2\/2024\/06\/jou-300x67.png 300w\" sizes=\"auto, (max-width: 596px) 100vw, 596px\" \/><\/p>\n<p>&nbsp;<\/p>\n<h3>5. Vijf euro op je muil, gauw.<\/h3>\n<p><img loading=\"lazy\" decoding=\"async\" class=\"alignnone wp-image-315708 size-full\" src=\"https:\/\/www.thebestsocial.media\/nl\/wp-content\/uploads\/sites\/2\/2024\/06\/euro.png\" alt=\"\" width=\"568\" height=\"158\" srcset=\"https:\/\/www.thebestsocial.media\/nl\/wp-content\/uploads\/sites\/2\/2024\/06\/euro.png 568w, https:\/\/www.thebestsocial.media\/nl\/wp-content\/uploads\/sites\/2\/2024\/06\/euro-300x83.png 300w\" sizes=\"auto, (max-width: 568px) 100vw, 568px\" \/><\/p>\n<p><img loading=\"lazy\" decoding=\"async\" class=\"alignnone wp-image-315711 size-full\" src=\"https:\/\/www.thebestsocial.media\/nl\/wp-content\/uploads\/sites\/2\/2024\/06\/verzend.png\" alt=\"\" width=\"690\" height=\"170\" srcset=\"https:\/\/www.thebestsocial.media\/nl\/wp-content\/uploads\/sites\/2\/2024\/06\/verzend.png 690w, https:\/\/www.thebestsocial.media\/nl\/wp-content\/uploads\/sites\/2\/2024\/06\/verzend-300x74.png 300w\" sizes=\"auto, (max-width: 690px) 100vw, 690px\" \/><\/p>\n<p><img loading=\"lazy\" decoding=\"async\" class=\"alignnone wp-image-315712 size-full\" src=\"https:\/\/www.thebestsocial.media\/nl\/wp-content\/uploads\/sites\/2\/2024\/06\/zeggen.png\" alt=\"\" width=\"728\" height=\"172\" srcset=\"https:\/\/www.thebestsocial.media\/nl\/wp-content\/uploads\/sites\/2\/2024\/06\/zeggen.png 728w, https:\/\/www.thebestsocial.media\/nl\/wp-content\/uploads\/sites\/2\/2024\/06\/zeggen-300x71.png 300w\" sizes=\"auto, (max-width: 728px) 100vw, 728px\" \/><\/p>\n<p>&nbsp;<\/p>\n<h3><em><strong>Nog niet uitgelezen? Klik dan door naar <a href=\"https:\/\/www.thebestsocial.media\/nl\/marktplaats-albert-heijn-item-enthousiast\/\" target=\"_blank\" rel=\"noopener\">dit artikel<\/a> over Nederlanders die staan te kijken van een zeldzaam Albert Heijn-item op Marktplaats.\u00a0<\/strong><\/em><\/h3>\n<p>&nbsp;<\/p>\n<p><strong>Ben jij nou n\u00e9t op zoek naar een stage? Dat komt goed uit! Bij The Best Social zijn we op zoek naar een redactiestagiair(e), een visual design stagiair(e), een project management stagiair(e) en een content creative stagiair(e). Check snel <a href=\"https:\/\/www.thebestsocialjobs.com\/?location=\" target=\"_blank\" rel=\"noopener\">de vacatures op The Best Social Jobs.<\/a><\/strong><\/p>\n<blockquote class=\"instagram-media\" style=\"background: #FFF; border: 0; border-radius: 3px; box-shadow: 0 0 1px 0 rgba(0,0,0,0.5),0 1px 10px 0 rgba(0,0,0,0.15); margin: 1px; max-width: 540px; min-width: 326px; padding: 0; width: calc(100% - 2px);\" data-instgrm-captioned=\"\" data-instgrm-permalink=\"https:\/\/www.instagram.com\/p\/Cu87DwlIPA5\/?utm_source=ig_embed&amp;utm_campaign=loading\" data-instgrm-version=\"14\">\n<div style=\"padding: 16px;\">\n<p>&nbsp;<\/p>\n<div style=\"display: flex; flex-direction: row; align-items: center;\">\n<div style=\"background-color: #f4f4f4; border-radius: 50%; flex-grow: 0; height: 40px; margin-right: 14px; width: 40px;\"><\/div>\n<div style=\"display: flex; flex-direction: column; flex-grow: 1; justify-content: center;\">\n<div style=\"background-color: #f4f4f4; border-radius: 4px; flex-grow: 0; height: 14px; margin-bottom: 6px; width: 100px;\"><\/div>\n<div style=\"background-color: #f4f4f4; border-radius: 4px; flex-grow: 0; height: 14px; width: 60px;\"><\/div>\n<\/div>\n<\/div>\n<div style=\"padding: 19% 0;\"><\/div>\n<div style=\"display: block; height: 50px; margin: 0 auto 12px; width: 50px;\"><\/div>\n<div style=\"padding-top: 8px;\">\n<div style=\"color: #3897f0; font-family: Arial,sans-serif; font-size: 14px; font-style: normal; font-weight: 550; line-height: 18px;\">Dit bericht op Instagram bekijken<\/div>\n<\/div>\n<div style=\"padding: 12.5% 0;\"><\/div>\n<div style=\"display: flex; flex-direction: row; margin-bottom: 14px; align-items: center;\">\n<div>\n<div style=\"background-color: #f4f4f4; border-radius: 50%; height: 12.5px; width: 12.5px; transform: translateX(0px) translateY(7px);\"><\/div>\n<div style=\"background-color: #f4f4f4; height: 12.5px; transform: rotate(-45deg) translateX(3px) translateY(1px); width: 12.5px; flex-grow: 0; margin-right: 14px; margin-left: 2px;\"><\/div>\n<div style=\"background-color: #f4f4f4; border-radius: 50%; height: 12.5px; width: 12.5px; transform: translateX(9px) translateY(-18px);\"><\/div>\n<\/div>\n<div style=\"margin-left: 8px;\">\n<div style=\"background-color: #f4f4f4; border-radius: 50%; flex-grow: 0; height: 20px; width: 20px;\">\n<p>&nbsp;<\/p>\n<div style=\"width: 0; height: 0; border-top: 2px solid transparent; border-left: 6px solid #f4f4f4; border-bottom: 2px solid transparent; transform: translateX(16px) translateY(-4px) rotate(30deg);\"><\/div>\n<\/div>\n<div style=\"margin-left: auto;\">\n<div style=\"width: 0px; border-top: 8px solid #F4F4F4; border-right: 8px solid transparent; transform: translateY(16px);\"><\/div>\n<div style=\"background-color: #f4f4f4; flex-grow: 0; height: 12px; width: 16px; transform: translateY(-4px);\"><\/div>\n<div style=\"width: 0; height: 0; border-top: 8px solid #F4F4F4; border-left: 8px solid transparent; transform: translateY(-4px) translateX(8px);\"><\/div>\n<\/div>\n<\/div>\n<div style=\"display: flex; flex-direction: column; flex-grow: 1; justify-content: center; margin-bottom: 24px;\">\n<div style=\"background-color: #f4f4f4; border-radius: 4px; flex-grow: 0; height: 14px; margin-bottom: 6px; width: 224px;\"><\/div>\n<div style=\"background-color: #f4f4f4; border-radius: 4px; flex-grow: 0; height: 14px; width: 144px;\"><\/div>\n<\/div>\n<p>&nbsp;<\/p>\n<p style=\"color: #c9c8cd; font-family: Arial,sans-serif; font-size: 14px; line-height: 17px; margin-bottom: 0; margin-top: 8px; overflow: hidden; padding: 8px 0 7px; text-align: center; text-overflow: ellipsis; white-space: nowrap;\"><a style=\"color: #c9c8cd; font-family: Arial,sans-serif; font-size: 14px; font-style: normal; font-weight: normal; line-height: 17px; text-decoration: none;\" href=\"https:\/\/www.instagram.com\/p\/Cu87DwlIPA5\/?utm_source=ig_embed&amp;utm_campaign=loading\" target=\"_blank\" rel=\"noopener\">Een bericht gedeeld door The Best Social (@thebestsocial)<\/a><\/p>\n<\/div>\n<\/div>\n<\/blockquote>\n\n<script async defer src=\"\/instagram-embed.js\"><\/script>","protected":false},"excerpt":{"rendered":"<p>Marktplaats is d\u00e9 plek om tweedehands spullen te vinden of verkopen en daar maken veel mensen gretig gebruik van. Zo krijg je eindelijk de kans&#8230;<\/p>\n","protected":false},"author":96,"featured_media":315773,"comment_status":"open","ping_status":"open","sticky":false,"template":"","format":"standard","meta":{"_acf_changed":false,"footnotes":""},"categories":[16,17],"tags":[1319,54,3798],"class_list":["post-315673","post","type-post","status-publish","format-standard","has-post-thumbnail","hentry","category-blogs","category-nieuws","tag-fiat-multipla","tag-marktplaats","tag-vondst"],"acf":[],"yoast_head":"<!-- This site is optimized with the Yoast SEO plugin v27.5 - https:\/\/yoast.com\/product\/yoast-seo-wordpress\/ -->\n<title>Nederlanders staan te kijken van bijzonder voertuig op Marktplaats<\/title>\n<meta name=\"description\" content=\"Af en toe komen er opmerkelijke advertenties op Marktplaats voorbij en het pareltje dat Vincent heeft gespot, is daar \u00e9\u00e9n van.\u00a0\" \/>\n<meta name=\"robots\" content=\"index, follow, max-snippet:-1, max-image-preview:large, max-video-preview:-1\" \/>\n<link rel=\"canonical\" href=\"https:\/\/www.thebestsocial.media\/nl\/marktplaats-vondst-opmerkelijk-fiat-multipla\/\" \/>\n<meta property=\"og:locale\" content=\"nl_NL\" \/>\n<meta property=\"og:type\" content=\"article\" \/>\n<meta property=\"og:title\" content=\"Nederlanders staan te kijken van bijzonder voertuig op Marktplaats\" \/>\n<meta property=\"og:description\" content=\"Af en toe komen er opmerkelijke advertenties op Marktplaats voorbij en het pareltje dat Vincent heeft gespot, is daar \u00e9\u00e9n van.\u00a0\" \/>\n<meta property=\"og:url\" content=\"https:\/\/www.thebestsocial.media\/nl\/marktplaats-vondst-opmerkelijk-fiat-multipla\/\" \/>\n<meta property=\"og:site_name\" content=\"The Best Social Media NL\" \/>\n<meta property=\"article:published_time\" content=\"2024-06-15T07:35:42+00:00\" \/>\n<meta property=\"og:image\" content=\"https:\/\/www.thebestsocial.media\/nl\/wp-content\/uploads\/sites\/2\/2024\/06\/header-42.png\" \/>\n\t<meta property=\"og:image:width\" content=\"1200\" \/>\n\t<meta property=\"og:image:height\" content=\"630\" \/>\n\t<meta property=\"og:image:type\" content=\"image\/png\" \/>\n<meta name=\"author\" content=\"yannick\" \/>\n<meta name=\"twitter:card\" content=\"summary_large_image\" \/>\n<meta name=\"twitter:title\" content=\"Nederlanders staan te kijken van bijzonder voertuig op Marktplaats\" \/>\n<meta name=\"twitter:description\" content=\"Af en toe komen er opmerkelijke advertenties op Marktplaats voorbij en het pareltje dat Vincent heeft gespot, is daar \u00e9\u00e9n van.\u00a0\" \/>\n<meta name=\"twitter:image\" content=\"https:\/\/www.thebestsocial.media\/nl\/wp-content\/uploads\/sites\/2\/2024\/06\/header-42.png\" \/>\n<meta name=\"twitter:label1\" content=\"Geschreven door\" \/>\n\t<meta name=\"twitter:data1\" content=\"yannick\" \/>\n\t<meta name=\"twitter:label2\" content=\"Geschatte leestijd\" \/>\n\t<meta name=\"twitter:data2\" content=\"3 minuten\" \/>\n<script type=\"application\/ld+json\" class=\"yoast-schema-graph\">{\"@context\":\"https:\\\/\\\/schema.org\",\"@graph\":[{\"@type\":\"Article\",\"@id\":\"https:\\\/\\\/www.thebestsocial.media\\\/nl\\\/marktplaats-vondst-opmerkelijk-fiat-multipla\\\/#article\",\"isPartOf\":{\"@id\":\"https:\\\/\\\/www.thebestsocial.media\\\/nl\\\/marktplaats-vondst-opmerkelijk-fiat-multipla\\\/\"},\"author\":{\"name\":\"yannick\",\"@id\":\"https:\\\/\\\/www.thebestsocial.media\\\/nl\\\/#\\\/schema\\\/person\\\/2b65a07de209cd1d416a21f959fdf166\"},\"headline\":\"Nederlanders staan te kijken van bijzonder voertuig op Marktplaats\",\"datePublished\":\"2024-06-15T07:35:42+00:00\",\"mainEntityOfPage\":{\"@id\":\"https:\\\/\\\/www.thebestsocial.media\\\/nl\\\/marktplaats-vondst-opmerkelijk-fiat-multipla\\\/\"},\"wordCount\":235,\"commentCount\":0,\"image\":{\"@id\":\"https:\\\/\\\/www.thebestsocial.media\\\/nl\\\/marktplaats-vondst-opmerkelijk-fiat-multipla\\\/#primaryimage\"},\"thumbnailUrl\":\"https:\\\/\\\/www.thebestsocial.media\\\/nl\\\/wp-content\\\/uploads\\\/sites\\\/2\\\/2024\\\/06\\\/uitgelicht-29.png\",\"keywords\":[\"Fiat Multipla\",\"marktplaats\",\"vondst\"],\"articleSection\":[\"Blogs\",\"Nieuws\"],\"inLanguage\":\"nl-NL\",\"potentialAction\":[{\"@type\":\"CommentAction\",\"name\":\"Comment\",\"target\":[\"https:\\\/\\\/www.thebestsocial.media\\\/nl\\\/marktplaats-vondst-opmerkelijk-fiat-multipla\\\/#respond\"]}]},{\"@type\":\"WebPage\",\"@id\":\"https:\\\/\\\/www.thebestsocial.media\\\/nl\\\/marktplaats-vondst-opmerkelijk-fiat-multipla\\\/\",\"url\":\"https:\\\/\\\/www.thebestsocial.media\\\/nl\\\/marktplaats-vondst-opmerkelijk-fiat-multipla\\\/\",\"name\":\"Nederlanders staan te kijken van bijzonder voertuig op Marktplaats\",\"isPartOf\":{\"@id\":\"https:\\\/\\\/www.thebestsocial.media\\\/nl\\\/#website\"},\"primaryImageOfPage\":{\"@id\":\"https:\\\/\\\/www.thebestsocial.media\\\/nl\\\/marktplaats-vondst-opmerkelijk-fiat-multipla\\\/#primaryimage\"},\"image\":{\"@id\":\"https:\\\/\\\/www.thebestsocial.media\\\/nl\\\/marktplaats-vondst-opmerkelijk-fiat-multipla\\\/#primaryimage\"},\"thumbnailUrl\":\"https:\\\/\\\/www.thebestsocial.media\\\/nl\\\/wp-content\\\/uploads\\\/sites\\\/2\\\/2024\\\/06\\\/uitgelicht-29.png\",\"datePublished\":\"2024-06-15T07:35:42+00:00\",\"author\":{\"@id\":\"https:\\\/\\\/www.thebestsocial.media\\\/nl\\\/#\\\/schema\\\/person\\\/2b65a07de209cd1d416a21f959fdf166\"},\"description\":\"Af en toe komen er opmerkelijke advertenties op Marktplaats voorbij en het pareltje dat Vincent heeft gespot, is daar \u00e9\u00e9n van.\u00a0\",\"breadcrumb\":{\"@id\":\"https:\\\/\\\/www.thebestsocial.media\\\/nl\\\/marktplaats-vondst-opmerkelijk-fiat-multipla\\\/#breadcrumb\"},\"inLanguage\":\"nl-NL\",\"potentialAction\":[{\"@type\":\"ReadAction\",\"target\":[\"https:\\\/\\\/www.thebestsocial.media\\\/nl\\\/marktplaats-vondst-opmerkelijk-fiat-multipla\\\/\"]}]},{\"@type\":\"ImageObject\",\"inLanguage\":\"nl-NL\",\"@id\":\"https:\\\/\\\/www.thebestsocial.media\\\/nl\\\/marktplaats-vondst-opmerkelijk-fiat-multipla\\\/#primaryimage\",\"url\":\"https:\\\/\\\/www.thebestsocial.media\\\/nl\\\/wp-content\\\/uploads\\\/sites\\\/2\\\/2024\\\/06\\\/uitgelicht-29.png\",\"contentUrl\":\"https:\\\/\\\/www.thebestsocial.media\\\/nl\\\/wp-content\\\/uploads\\\/sites\\\/2\\\/2024\\\/06\\\/uitgelicht-29.png\",\"width\":1200,\"height\":630,\"caption\":\"Marktplaats\"},{\"@type\":\"BreadcrumbList\",\"@id\":\"https:\\\/\\\/www.thebestsocial.media\\\/nl\\\/marktplaats-vondst-opmerkelijk-fiat-multipla\\\/#breadcrumb\",\"itemListElement\":[{\"@type\":\"ListItem\",\"position\":1,\"name\":\"Home\",\"item\":\"https:\\\/\\\/www.thebestsocial.media\\\/nl\\\/\"},{\"@type\":\"ListItem\",\"position\":2,\"name\":\"Nederlanders staan te kijken van bijzonder voertuig op Marktplaats\"}]},{\"@type\":\"WebSite\",\"@id\":\"https:\\\/\\\/www.thebestsocial.media\\\/nl\\\/#website\",\"url\":\"https:\\\/\\\/www.thebestsocial.media\\\/nl\\\/\",\"name\":\"The Best Social Media NL\",\"description\":\"Zoeklicht in de Digital Chaos\",\"potentialAction\":[{\"@type\":\"SearchAction\",\"target\":{\"@type\":\"EntryPoint\",\"urlTemplate\":\"https:\\\/\\\/www.thebestsocial.media\\\/nl\\\/?s={search_term_string}\"},\"query-input\":{\"@type\":\"PropertyValueSpecification\",\"valueRequired\":true,\"valueName\":\"search_term_string\"}}],\"inLanguage\":\"nl-NL\"},{\"@type\":\"Person\",\"@id\":\"https:\\\/\\\/www.thebestsocial.media\\\/nl\\\/#\\\/schema\\\/person\\\/2b65a07de209cd1d416a21f959fdf166\",\"name\":\"yannick\",\"image\":{\"@type\":\"ImageObject\",\"inLanguage\":\"nl-NL\",\"@id\":\"https:\\\/\\\/secure.gravatar.com\\\/avatar\\\/8909b7412361c45e4fc0664b3e04faa1ad03832e065a1098c95a21a0527771d4?s=96&d=mm&r=g\",\"url\":\"https:\\\/\\\/secure.gravatar.com\\\/avatar\\\/8909b7412361c45e4fc0664b3e04faa1ad03832e065a1098c95a21a0527771d4?s=96&d=mm&r=g\",\"contentUrl\":\"https:\\\/\\\/secure.gravatar.com\\\/avatar\\\/8909b7412361c45e4fc0664b3e04faa1ad03832e065a1098c95a21a0527771d4?s=96&d=mm&r=g\",\"caption\":\"yannick\"},\"description\":\"Geboren en getogen Bredanaar. Droomde altijd van een carri\u00e8re als profvoetballer, maar is gestrand in de Kelderklasse. Nu geeft ze hier onnodig 'commentaar' op sport, collega's (\u00e9\u00e9n in het bijzonder) en mensen die iconische memes niet kennen.\",\"sameAs\":[\"https:\\\/\\\/www.instagram.com\\\/yannicksnoek\\\/\",\"https:\\\/\\\/www.linkedin.com\\\/in\\\/yannick-s-743aa110b\\\/\"],\"url\":\"https:\\\/\\\/www.thebestsocial.media\\\/nl\\\/author\\\/yannick\\\/\"}]}<\/script>\n<!-- \/ Yoast SEO plugin. -->","yoast_head_json":{"title":"Nederlanders staan te kijken van bijzonder voertuig op Marktplaats","description":"Af en toe komen er opmerkelijke advertenties op Marktplaats voorbij en het pareltje dat Vincent heeft gespot, is daar \u00e9\u00e9n van.\u00a0","robots":{"index":"index","follow":"follow","max-snippet":"max-snippet:-1","max-image-preview":"max-image-preview:large","max-video-preview":"max-video-preview:-1"},"canonical":"https:\/\/www.thebestsocial.media\/nl\/marktplaats-vondst-opmerkelijk-fiat-multipla\/","og_locale":"nl_NL","og_type":"article","og_title":"Nederlanders staan te kijken van bijzonder voertuig op Marktplaats","og_description":"Af en toe komen er opmerkelijke advertenties op Marktplaats voorbij en het pareltje dat Vincent heeft gespot, is daar \u00e9\u00e9n van.\u00a0","og_url":"https:\/\/www.thebestsocial.media\/nl\/marktplaats-vondst-opmerkelijk-fiat-multipla\/","og_site_name":"The Best Social Media NL","article_published_time":"2024-06-15T07:35:42+00:00","og_image":[{"width":1200,"height":630,"url":"https:\/\/www.thebestsocial.media\/nl\/wp-content\/uploads\/sites\/2\/2024\/06\/header-42.png","type":"image\/png"}],"author":"yannick","twitter_card":"summary_large_image","twitter_title":"Nederlanders staan te kijken van bijzonder voertuig op Marktplaats","twitter_description":"Af en toe komen er opmerkelijke advertenties op Marktplaats voorbij en het pareltje dat Vincent heeft gespot, is daar \u00e9\u00e9n van.\u00a0","twitter_image":"https:\/\/www.thebestsocial.media\/nl\/wp-content\/uploads\/sites\/2\/2024\/06\/header-42.png","twitter_misc":{"Geschreven door":"yannick","Geschatte leestijd":"3 minuten"},"schema":{"@context":"https:\/\/schema.org","@graph":[{"@type":"Article","@id":"https:\/\/www.thebestsocial.media\/nl\/marktplaats-vondst-opmerkelijk-fiat-multipla\/#article","isPartOf":{"@id":"https:\/\/www.thebestsocial.media\/nl\/marktplaats-vondst-opmerkelijk-fiat-multipla\/"},"author":{"name":"yannick","@id":"https:\/\/www.thebestsocial.media\/nl\/#\/schema\/person\/2b65a07de209cd1d416a21f959fdf166"},"headline":"Nederlanders staan te kijken van bijzonder voertuig op Marktplaats","datePublished":"2024-06-15T07:35:42+00:00","mainEntityOfPage":{"@id":"https:\/\/www.thebestsocial.media\/nl\/marktplaats-vondst-opmerkelijk-fiat-multipla\/"},"wordCount":235,"commentCount":0,"image":{"@id":"https:\/\/www.thebestsocial.media\/nl\/marktplaats-vondst-opmerkelijk-fiat-multipla\/#primaryimage"},"thumbnailUrl":"https:\/\/www.thebestsocial.media\/nl\/wp-content\/uploads\/sites\/2\/2024\/06\/uitgelicht-29.png","keywords":["Fiat Multipla","marktplaats","vondst"],"articleSection":["Blogs","Nieuws"],"inLanguage":"nl-NL","potentialAction":[{"@type":"CommentAction","name":"Comment","target":["https:\/\/www.thebestsocial.media\/nl\/marktplaats-vondst-opmerkelijk-fiat-multipla\/#respond"]}]},{"@type":"WebPage","@id":"https:\/\/www.thebestsocial.media\/nl\/marktplaats-vondst-opmerkelijk-fiat-multipla\/","url":"https:\/\/www.thebestsocial.media\/nl\/marktplaats-vondst-opmerkelijk-fiat-multipla\/","name":"Nederlanders staan te kijken van bijzonder voertuig op Marktplaats","isPartOf":{"@id":"https:\/\/www.thebestsocial.media\/nl\/#website"},"primaryImageOfPage":{"@id":"https:\/\/www.thebestsocial.media\/nl\/marktplaats-vondst-opmerkelijk-fiat-multipla\/#primaryimage"},"image":{"@id":"https:\/\/www.thebestsocial.media\/nl\/marktplaats-vondst-opmerkelijk-fiat-multipla\/#primaryimage"},"thumbnailUrl":"https:\/\/www.thebestsocial.media\/nl\/wp-content\/uploads\/sites\/2\/2024\/06\/uitgelicht-29.png","datePublished":"2024-06-15T07:35:42+00:00","author":{"@id":"https:\/\/www.thebestsocial.media\/nl\/#\/schema\/person\/2b65a07de209cd1d416a21f959fdf166"},"description":"Af en toe komen er opmerkelijke advertenties op Marktplaats voorbij en het pareltje dat Vincent heeft gespot, is daar \u00e9\u00e9n van.\u00a0","breadcrumb":{"@id":"https:\/\/www.thebestsocial.media\/nl\/marktplaats-vondst-opmerkelijk-fiat-multipla\/#breadcrumb"},"inLanguage":"nl-NL","potentialAction":[{"@type":"ReadAction","target":["https:\/\/www.thebestsocial.media\/nl\/marktplaats-vondst-opmerkelijk-fiat-multipla\/"]}]},{"@type":"ImageObject","inLanguage":"nl-NL","@id":"https:\/\/www.thebestsocial.media\/nl\/marktplaats-vondst-opmerkelijk-fiat-multipla\/#primaryimage","url":"https:\/\/www.thebestsocial.media\/nl\/wp-content\/uploads\/sites\/2\/2024\/06\/uitgelicht-29.png","contentUrl":"https:\/\/www.thebestsocial.media\/nl\/wp-content\/uploads\/sites\/2\/2024\/06\/uitgelicht-29.png","width":1200,"height":630,"caption":"Marktplaats"},{"@type":"BreadcrumbList","@id":"https:\/\/www.thebestsocial.media\/nl\/marktplaats-vondst-opmerkelijk-fiat-multipla\/#breadcrumb","itemListElement":[{"@type":"ListItem","position":1,"name":"Home","item":"https:\/\/www.thebestsocial.media\/nl\/"},{"@type":"ListItem","position":2,"name":"Nederlanders staan te kijken van bijzonder voertuig op Marktplaats"}]},{"@type":"WebSite","@id":"https:\/\/www.thebestsocial.media\/nl\/#website","url":"https:\/\/www.thebestsocial.media\/nl\/","name":"The Best Social Media NL","description":"Zoeklicht in de Digital Chaos","potentialAction":[{"@type":"SearchAction","target":{"@type":"EntryPoint","urlTemplate":"https:\/\/www.thebestsocial.media\/nl\/?s={search_term_string}"},"query-input":{"@type":"PropertyValueSpecification","valueRequired":true,"valueName":"search_term_string"}}],"inLanguage":"nl-NL"},{"@type":"Person","@id":"https:\/\/www.thebestsocial.media\/nl\/#\/schema\/person\/2b65a07de209cd1d416a21f959fdf166","name":"yannick","image":{"@type":"ImageObject","inLanguage":"nl-NL","@id":"https:\/\/secure.gravatar.com\/avatar\/8909b7412361c45e4fc0664b3e04faa1ad03832e065a1098c95a21a0527771d4?s=96&d=mm&r=g","url":"https:\/\/secure.gravatar.com\/avatar\/8909b7412361c45e4fc0664b3e04faa1ad03832e065a1098c95a21a0527771d4?s=96&d=mm&r=g","contentUrl":"https:\/\/secure.gravatar.com\/avatar\/8909b7412361c45e4fc0664b3e04faa1ad03832e065a1098c95a21a0527771d4?s=96&d=mm&r=g","caption":"yannick"},"description":"Geboren en getogen Bredanaar. Droomde altijd van een carri\u00e8re als profvoetballer, maar is gestrand in de Kelderklasse. Nu geeft ze hier onnodig 'commentaar' op sport, collega's (\u00e9\u00e9n in het bijzonder) en mensen die iconische memes niet kennen.","sameAs":["https:\/\/www.instagram.com\/yannicksnoek\/","https:\/\/www.linkedin.com\/in\/yannick-s-743aa110b\/"],"url":"https:\/\/www.thebestsocial.media\/nl\/author\/yannick\/"}]}},"amp_enabled":true,"_links":{"self":[{"href":"https:\/\/www.thebestsocial.media\/nl\/wp-json\/wp\/v2\/posts\/315673","targetHints":{"allow":["GET"]}}],"collection":[{"href":"https:\/\/www.thebestsocial.media\/nl\/wp-json\/wp\/v2\/posts"}],"about":[{"href":"https:\/\/www.thebestsocial.media\/nl\/wp-json\/wp\/v2\/types\/post"}],"author":[{"embeddable":true,"href":"https:\/\/www.thebestsocial.media\/nl\/wp-json\/wp\/v2\/users\/96"}],"replies":[{"embeddable":true,"href":"https:\/\/www.thebestsocial.media\/nl\/wp-json\/wp\/v2\/comments?post=315673"}],"version-history":[{"count":5,"href":"https:\/\/www.thebestsocial.media\/nl\/wp-json\/wp\/v2\/posts\/315673\/revisions"}],"predecessor-version":[{"id":315774,"href":"https:\/\/www.thebestsocial.media\/nl\/wp-json\/wp\/v2\/posts\/315673\/revisions\/315774"}],"wp:featuredmedia":[{"embeddable":true,"href":"https:\/\/www.thebestsocial.media\/nl\/wp-json\/wp\/v2\/media\/315773"}],"wp:attachment":[{"href":"https:\/\/www.thebestsocial.media\/nl\/wp-json\/wp\/v2\/media?parent=315673"}],"wp:term":[{"taxonomy":"category","embeddable":true,"href":"https:\/\/www.thebestsocial.media\/nl\/wp-json\/wp\/v2\/categories?post=315673"},{"taxonomy":"post_tag","embeddable":true,"href":"https:\/\/www.thebestsocial.media\/nl\/wp-json\/wp\/v2\/tags?post=315673"}],"curies":[{"name":"wp","href":"https:\/\/api.w.org\/{rel}","templated":true}]}}