{"id":314289,"date":"2024-06-09T09:55:28","date_gmt":"2024-06-09T08:55:28","guid":{"rendered":"https:\/\/www.thebestsocial.media\/nl\/?p=314289"},"modified":"2024-06-09T09:55:28","modified_gmt":"2024-06-09T08:55:28","slug":"gekke-ontmoetingen-profvoetballers-gele-kaart","status":"publish","type":"post","link":"https:\/\/www.thebestsocial.media\/nl\/gekke-ontmoetingen-profvoetballers-gele-kaart\/","title":{"rendered":"9 bijzondere ontmoetingen met profvoetballers die je effe uit het veld slaan"},"content":{"rendered":"<p>Na lang wachten is het bijna tijd voor het Europees Kampioenschap. Nederlandse\u00a0<a href=\"https:\/\/www.thebestsocial.media\/nl\/politieagenten-amsterdam-voetballen-kinderen\/\" target=\"_blank\" rel=\"noopener\" data-saferedirecturl=\"https:\/\/www.google.com\/url?q=https:\/\/www.thebestsocial.media\/nl\/politieagenten-amsterdam-voetballen-kinderen\/&amp;source=gmail&amp;ust=1717836322277000&amp;usg=AOvVaw2VI2mfBe7gnHFp5F20G6QF\">voetbalfans<\/a>\u00a0kijken massaal uit naar een zomer voor de buis hangen, de longen uit het lijf schreeuwen en kijken naar goed voetbal. Om de spanning nog wat extra op te voeren, zijn de eerste poules alweer in het leven geroepen, de frituursnacks ingeslagen en de oranje kleren uit de kast gehaald. Ook een\u00a0<a href=\"https:\/\/x.com\/strootgod\/status\/1796212160470650971\" target=\"_blank\" rel=\"noopener\" data-saferedirecturl=\"https:\/\/www.google.com\/url?q=https:\/\/x.com\/strootgod\/status\/1796212160470650971&amp;source=gmail&amp;ust=1717836322277000&amp;usg=AOvVaw0bzM0L8B0KnWjp_3ru1Bl5\">X-gebruiker<\/a>\u00a0is lekker bezig met de warming-up voor het EK, maar dan op een iets andere manier. Deze voetbalfan vraagt naar aanleiding van zijn bijzondere ontmoeting met Jetro Willems naar meer bijzondere verhalen over profvoetballers en brengt de bal daarmee aan het rollen.<\/p>\n<p>&nbsp;<\/p>\n<h3>1. Als warming-up voor het EK vraagt deze X-gebruiker naar de meest opmerkelijke ontmoetingen met profvoetballers.<\/h3>\n<blockquote class=\"twitter-tweet\">\n<p dir=\"ltr\" lang=\"nl\">Welke random ervaring heb jij gehad met een profvoetballer?<\/p>\n<p>Ik begin:<\/p>\n<p>Ben ooit bijna aangereden op een rotonde door Jetro Willems (hij zei gelukkig sorry) <a href=\"https:\/\/t.co\/NO2Fmh4kpQ\">pic.twitter.com\/NO2Fmh4kpQ<\/a><\/p>\n<p>\u2014 \uff33\uff54\uff52\uff4f\uff4f\uff54\uff47\uff4f\uff44 (@strootgod) <a href=\"https:\/\/twitter.com\/strootgod\/status\/1796212160470650971?ref_src=twsrc%5Etfw\">May 30, 2024<\/a><\/p><\/blockquote>\n<p><script async src=\"https:\/\/platform.twitter.com\/widgets.js\" charset=\"utf-8\"><\/script><\/p>\n<p>&nbsp;<\/p>\n<h3>2. Van deze rijvaardigheden zijn we Noni overtuigd.<\/h3>\n<blockquote class=\"twitter-tweet\" data-conversation=\"none\">\n<p dir=\"ltr\" lang=\"nl\">Bijna aangereden door Noni Madueke. Dat later in het nieuws kwam, dat hij een jaar zonder rijbewijs had gereden verbaasde mij niet. Wat een dramatische chauffeur. \ud83d\ude02\ud83d\ude02<\/p>\n<p>\u2014 Feyenoordsuppo (@Feyenoordsuppo) <a href=\"https:\/\/twitter.com\/Feyenoordsuppo\/status\/1796245105797644521?ref_src=twsrc%5Etfw\">May 30, 2024<\/a><\/p><\/blockquote>\n<p><script async src=\"https:\/\/platform.twitter.com\/widgets.js\" charset=\"utf-8\"><\/script><\/p>\n<p>&nbsp;<\/p>\n<h3>3. Wessel was gezellig het vijfde wiel aan de wagen.<\/h3>\n<blockquote class=\"twitter-tweet\" data-conversation=\"none\">\n<p dir=\"ltr\" lang=\"nl\">In een kermis attractie met Jorrit Hendrix, Jeroen Zoet en hun vrouwtjes!<\/p>\n<p>\u2014 W (@WesseIinho) <a href=\"https:\/\/twitter.com\/WesseIinho\/status\/1796219467636015295?ref_src=twsrc%5Etfw\">May 30, 2024<\/a><\/p><\/blockquote>\n<p><script async src=\"https:\/\/platform.twitter.com\/widgets.js\" charset=\"utf-8\"><\/script><\/p>\n<p>&nbsp;<\/p>\n<h3>4. Sorry, maar hier moeten we het artikel wel effe voor stilleggen.<\/h3>\n<blockquote class=\"twitter-tweet\" data-conversation=\"none\">\n<p dir=\"ltr\" lang=\"nl\">Bekers bier gegooid naar Zakaria Labyad<\/p>\n<p>\u2014 Steven (@Steven_S13) <a href=\"https:\/\/twitter.com\/Steven_S13\/status\/1796221550338719945?ref_src=twsrc%5Etfw\">May 30, 2024<\/a><\/p><\/blockquote>\n<p><script async src=\"https:\/\/platform.twitter.com\/widgets.js\" charset=\"utf-8\"><\/script><\/p>\n<p>&nbsp;<\/p>\n<p>&nbsp;<\/p>\n<p>&nbsp;<\/p>\n<p>&nbsp;<\/p>\n<p>&nbsp;<\/p>\n<p>&nbsp;<\/p>\n<p>&nbsp;<\/p>\n<p>&nbsp;<\/p>\n<p>&nbsp;<\/p>\n<h3>5. Blijkbaar gaan sommige profvoetballers voor carnaval door het vuur.<\/h3>\n<blockquote class=\"twitter-tweet\" data-conversation=\"none\">\n<p dir=\"ltr\" lang=\"nl\">Afgelopen carnaval v Ginkel in Ehv gezien. Hij was verkleed als brandweerman en wilde niet van hoed ruilen met mij. Toen ik vroeg of ie niet extra moest trainen met Vitesse werd ie boos.<\/p>\n<p>\u2014 tbr1990 (@tbrnummer15) <a href=\"https:\/\/twitter.com\/tbrnummer15\/status\/1796244425347322064?ref_src=twsrc%5Etfw\">May 30, 2024<\/a><\/p><\/blockquote>\n<p><script async src=\"https:\/\/platform.twitter.com\/widgets.js\" charset=\"utf-8\"><\/script><\/p>\n<p>&nbsp;<\/p>\n<h3>6. Wat had je dan verwacht? Een groot applaus?<\/h3>\n<blockquote class=\"twitter-tweet\" data-conversation=\"none\">\n<p dir=\"ltr\" lang=\"nl\">Hakim Ziyech in de Maassilo Rotterdam. Hij was beledigd dat ik hem uitlachtte nadat hij niet was geselecteerd voor een Afrika cup.<\/p>\n<p>\u2014 Joeyvandalen (@joeyvandalen) <a href=\"https:\/\/twitter.com\/joeyvandalen\/status\/1796240094413865472?ref_src=twsrc%5Etfw\">May 30, 2024<\/a><\/p><\/blockquote>\n<p><script async src=\"https:\/\/platform.twitter.com\/widgets.js\" charset=\"utf-8\"><\/script><\/p>\n<p>&nbsp;<\/p>\n<h3>7. Tja, dat overkomt natuurlijk alleen de beste.<\/h3>\n<blockquote class=\"twitter-tweet\" data-conversation=\"none\">\n<p dir=\"ltr\" lang=\"nl\">ook luciano narsingh bij een lunchtent in amsterdam zien struikelen met een vol bord in zn hand<\/p>\n<p>\u2014 jesper (@j_sperd__rcks) <a href=\"https:\/\/twitter.com\/j_sperd__rcks\/status\/1796251187454558298?ref_src=twsrc%5Etfw\">May 30, 2024<\/a><\/p><\/blockquote>\n<p><script src=\"https:\/\/platform.twitter.com\/widgets.js\" async=\"\" charset=\"utf-8\"><\/script><\/p>\n<p>&nbsp;<\/p>\n<h3>8. Deze wereldse assist is toch maar het bewijs dat je in de Eredivisie had kunnen spelen.<\/h3>\n<blockquote class=\"twitter-tweet\" data-conversation=\"none\">\n<p dir=\"ltr\" lang=\"nl\">Heb ooit een assist op Wout Brama gegeven, niet op het veld maar in de winkel, op zijn verzoek een doos eieren aangegeven toen ik vakkenvuller was.<\/p>\n<p>\u2014 Ruben Heijns (@spikkeltje207) <a href=\"https:\/\/twitter.com\/spikkeltje207\/status\/1796247776684048791?ref_src=twsrc%5Etfw\">May 30, 2024<\/a><\/p><\/blockquote>\n<p><script async src=\"https:\/\/platform.twitter.com\/widgets.js\" charset=\"utf-8\"><\/script><\/p>\n<p>&nbsp;<\/p>\n<h3>9. Tja, je staat gewoon te springen om sommige (oud-)profvoetballers te ontmoeten.<\/h3>\n<blockquote class=\"twitter-tweet\" data-conversation=\"none\">\n<p dir=\"ltr\" lang=\"nl\"><a href=\"https:\/\/twitter.com\/kennethperez10?ref_src=twsrc%5Etfw\">@kennethperez10<\/a><br \/>\nKocht een skelter bij mij en later een trampoline, toen ik mijn bedrijf in buitenspeelgoed nog had.<\/p>\n<p>Ontzettend aardige en vriendelijke man, zijn vrouw ook overigens.<\/p>\n<p>\u2014 Ronald \ud83e\udd81\ud83c\uddf3\ud83c\uddf1\ud83c\udde7\ud83c\uddea (@MlezNav) <a href=\"https:\/\/twitter.com\/MlezNav\/status\/1796232133364826577?ref_src=twsrc%5Etfw\">May 30, 2024<\/a><\/p><\/blockquote>\n<p><script async src=\"https:\/\/platform.twitter.com\/widgets.js\" charset=\"utf-8\"><\/script><\/p>\n<p>&nbsp;<\/p>\n<p><strong>Ben jij nou n\u00e9t op zoek naar een stage? Dat komt goed uit! Bij The Best Social zijn we op zoek naar een redactiestagiair(e), een visual design stagiair(e), een project management stagiair(e) en een content creative stagiair(e). Check snel <a href=\"https:\/\/www.thebestsocialjobs.com\/?location=\" target=\"_blank\" rel=\"noopener\">de vacatures op The Best Social Jobs.<\/a><\/strong><\/p>\n<blockquote class=\"instagram-media\" style=\"background: #FFF; border: 0; border-radius: 3px; box-shadow: 0 0 1px 0 rgba(0,0,0,0.5),0 1px 10px 0 rgba(0,0,0,0.15); margin: 1px; max-width: 540px; min-width: 326px; padding: 0; width: calc(100% - 2px);\" data-instgrm-captioned=\"\" data-instgrm-permalink=\"https:\/\/www.instagram.com\/p\/Cu87DwlIPA5\/?utm_source=ig_embed&amp;utm_campaign=loading\" data-instgrm-version=\"14\">\n<div style=\"padding: 16px;\">\n<p>&nbsp;<\/p>\n<div style=\"display: flex; flex-direction: row; align-items: center;\">\n<div style=\"background-color: #f4f4f4; border-radius: 50%; flex-grow: 0; height: 40px; margin-right: 14px; width: 40px;\"><\/div>\n<div style=\"display: flex; flex-direction: column; flex-grow: 1; justify-content: center;\">\n<div style=\"background-color: #f4f4f4; border-radius: 4px; flex-grow: 0; height: 14px; margin-bottom: 6px; width: 100px;\"><\/div>\n<div style=\"background-color: #f4f4f4; border-radius: 4px; flex-grow: 0; height: 14px; width: 60px;\"><\/div>\n<\/div>\n<\/div>\n<div style=\"padding: 19% 0;\"><\/div>\n<div style=\"display: block; height: 50px; margin: 0 auto 12px; width: 50px;\"><\/div>\n<div style=\"padding-top: 8px;\">\n<div style=\"color: #3897f0; font-family: Arial,sans-serif; font-size: 14px; font-style: normal; font-weight: 550; line-height: 18px;\">Dit bericht op Instagram bekijken<\/div>\n<\/div>\n<div style=\"padding: 12.5% 0;\"><\/div>\n<div style=\"display: flex; flex-direction: row; margin-bottom: 14px; align-items: center;\">\n<div>\n<div style=\"background-color: #f4f4f4; border-radius: 50%; height: 12.5px; width: 12.5px; transform: translateX(0px) translateY(7px);\"><\/div>\n<div style=\"background-color: #f4f4f4; height: 12.5px; transform: rotate(-45deg) translateX(3px) translateY(1px); width: 12.5px; flex-grow: 0; margin-right: 14px; margin-left: 2px;\"><\/div>\n<div style=\"background-color: #f4f4f4; border-radius: 50%; height: 12.5px; width: 12.5px; transform: translateX(9px) translateY(-18px);\"><\/div>\n<\/div>\n<div style=\"margin-left: 8px;\">\n<div style=\"background-color: #f4f4f4; border-radius: 50%; flex-grow: 0; height: 20px; width: 20px;\">\n<p>&nbsp;<\/p>\n<div style=\"width: 0; height: 0; border-top: 2px solid transparent; border-left: 6px solid #f4f4f4; border-bottom: 2px solid transparent; transform: translateX(16px) translateY(-4px) rotate(30deg);\"><\/div>\n<\/div>\n<div style=\"margin-left: auto;\">\n<div style=\"width: 0px; border-top: 8px solid #F4F4F4; border-right: 8px solid transparent; transform: translateY(16px);\"><\/div>\n<div style=\"background-color: #f4f4f4; flex-grow: 0; height: 12px; width: 16px; transform: translateY(-4px);\"><\/div>\n<div style=\"width: 0; height: 0; border-top: 8px solid #F4F4F4; border-left: 8px solid transparent; transform: translateY(-4px) translateX(8px);\"><\/div>\n<\/div>\n<\/div>\n<div style=\"display: flex; flex-direction: column; flex-grow: 1; justify-content: center; margin-bottom: 24px;\">\n<div style=\"background-color: #f4f4f4; border-radius: 4px; flex-grow: 0; height: 14px; margin-bottom: 6px; width: 224px;\"><\/div>\n<div style=\"background-color: #f4f4f4; border-radius: 4px; flex-grow: 0; height: 14px; width: 144px;\"><\/div>\n<\/div>\n<p>&nbsp;<\/p>\n<p style=\"color: #c9c8cd; font-family: Arial,sans-serif; font-size: 14px; line-height: 17px; margin-bottom: 0; margin-top: 8px; overflow: hidden; padding: 8px 0 7px; text-align: center; text-overflow: ellipsis; white-space: nowrap;\"><a style=\"color: #c9c8cd; font-family: Arial,sans-serif; font-size: 14px; font-style: normal; font-weight: normal; line-height: 17px; text-decoration: none;\" href=\"https:\/\/www.instagram.com\/p\/Cu87DwlIPA5\/?utm_source=ig_embed&amp;utm_campaign=loading\" target=\"_blank\" rel=\"noopener\">Een bericht gedeeld door The Best Social (@thebestsocial)<\/a><\/p>\n<\/div>\n<\/div>\n<\/blockquote>\n\n<script async defer src=\"\/instagram-embed.js\"><\/script>","protected":false},"excerpt":{"rendered":"<p>Na lang wachten is het bijna tijd voor het Europees Kampioenschap. Nederlandse\u00a0voetbalfans\u00a0kijken massaal uit naar een zomer voor de buis hangen, de longen uit het&#8230;<\/p>\n","protected":false},"author":96,"featured_media":314510,"comment_status":"open","ping_status":"open","sticky":false,"template":"","format":"standard","meta":{"_acf_changed":false,"footnotes":""},"categories":[16,17],"tags":[9370,91,9369],"class_list":["post-314289","post","type-post","status-publish","format-standard","has-post-thumbnail","hentry","category-blogs","category-nieuws","tag-encounter","tag-humor-2","tag-profvoetballer"],"acf":[],"yoast_head":"<!-- This site is optimized with the Yoast SEO plugin v27.4 - https:\/\/yoast.com\/product\/yoast-seo-wordpress\/ -->\n<title>9 ontmoetingen met profvoetballers die je effe uit het veld slaan<\/title>\n<meta name=\"description\" content=\"Deze Twitteraar heeft op bijzondere wijze Jetro Willems ontmoet, en vraagt of er meer van dit soort ontmoetingen met profvoetballers zijn.\u00a0\" \/>\n<meta name=\"robots\" content=\"index, follow, max-snippet:-1, max-image-preview:large, max-video-preview:-1\" \/>\n<link rel=\"canonical\" href=\"https:\/\/www.thebestsocial.media\/nl\/gekke-ontmoetingen-profvoetballers-gele-kaart\/\" \/>\n<meta property=\"og:locale\" content=\"nl_NL\" \/>\n<meta property=\"og:type\" content=\"article\" \/>\n<meta property=\"og:title\" content=\"9 bijzondere ontmoetingen met profvoetballers die je effe uit het veld slaan\" \/>\n<meta property=\"og:description\" content=\"Deze Twitteraar heeft op bijzondere wijze Jetro Willems ontmoet, en vraagt of er meer van dit soort ontmoetingen met profvoetballers zijn.\u00a0\" \/>\n<meta property=\"og:url\" content=\"https:\/\/www.thebestsocial.media\/nl\/gekke-ontmoetingen-profvoetballers-gele-kaart\/\" \/>\n<meta property=\"og:site_name\" content=\"The Best Social Media NL\" \/>\n<meta property=\"article:published_time\" content=\"2024-06-09T08:55:28+00:00\" \/>\n<meta property=\"og:image\" content=\"https:\/\/www.thebestsocial.media\/nl\/wp-content\/uploads\/sites\/2\/2024\/06\/header-18.png\" \/>\n\t<meta property=\"og:image:width\" content=\"1200\" \/>\n\t<meta property=\"og:image:height\" content=\"630\" \/>\n\t<meta property=\"og:image:type\" content=\"image\/png\" \/>\n<meta name=\"author\" content=\"yannick\" \/>\n<meta name=\"twitter:card\" content=\"summary_large_image\" \/>\n<meta name=\"twitter:title\" content=\"9 bijzondere ontmoetingen met profvoetballers die je effe uit het veld slaan\" \/>\n<meta name=\"twitter:description\" content=\"Deze Twitteraar heeft op bijzondere wijze Jetro Willems ontmoet, en vraagt of er meer van dit soort ontmoetingen met profvoetballers zijn.\u00a0\" \/>\n<meta name=\"twitter:image\" content=\"https:\/\/www.thebestsocial.media\/nl\/wp-content\/uploads\/sites\/2\/2024\/06\/header-18.png\" \/>\n<meta name=\"twitter:label1\" content=\"Geschreven door\" \/>\n\t<meta name=\"twitter:data1\" content=\"yannick\" \/>\n\t<meta name=\"twitter:label2\" content=\"Geschatte leestijd\" \/>\n\t<meta name=\"twitter:data2\" content=\"2 minuten\" \/>\n<script type=\"application\/ld+json\" class=\"yoast-schema-graph\">{\"@context\":\"https:\\\/\\\/schema.org\",\"@graph\":[{\"@type\":\"Article\",\"@id\":\"https:\\\/\\\/www.thebestsocial.media\\\/nl\\\/gekke-ontmoetingen-profvoetballers-gele-kaart\\\/#article\",\"isPartOf\":{\"@id\":\"https:\\\/\\\/www.thebestsocial.media\\\/nl\\\/gekke-ontmoetingen-profvoetballers-gele-kaart\\\/\"},\"author\":{\"name\":\"yannick\",\"@id\":\"https:\\\/\\\/www.thebestsocial.media\\\/nl\\\/#\\\/schema\\\/person\\\/2b65a07de209cd1d416a21f959fdf166\"},\"headline\":\"9 bijzondere ontmoetingen met profvoetballers die je effe uit het veld slaan\",\"datePublished\":\"2024-06-09T08:55:28+00:00\",\"mainEntityOfPage\":{\"@id\":\"https:\\\/\\\/www.thebestsocial.media\\\/nl\\\/gekke-ontmoetingen-profvoetballers-gele-kaart\\\/\"},\"wordCount\":530,\"commentCount\":0,\"image\":{\"@id\":\"https:\\\/\\\/www.thebestsocial.media\\\/nl\\\/gekke-ontmoetingen-profvoetballers-gele-kaart\\\/#primaryimage\"},\"thumbnailUrl\":\"https:\\\/\\\/www.thebestsocial.media\\\/nl\\\/wp-content\\\/uploads\\\/sites\\\/2\\\/2024\\\/06\\\/uitgelicht-8.png\",\"keywords\":[\"encounter\",\"humor\",\"profvoetballer\"],\"articleSection\":[\"Blogs\",\"Nieuws\"],\"inLanguage\":\"nl-NL\",\"potentialAction\":[{\"@type\":\"CommentAction\",\"name\":\"Comment\",\"target\":[\"https:\\\/\\\/www.thebestsocial.media\\\/nl\\\/gekke-ontmoetingen-profvoetballers-gele-kaart\\\/#respond\"]}]},{\"@type\":\"WebPage\",\"@id\":\"https:\\\/\\\/www.thebestsocial.media\\\/nl\\\/gekke-ontmoetingen-profvoetballers-gele-kaart\\\/\",\"url\":\"https:\\\/\\\/www.thebestsocial.media\\\/nl\\\/gekke-ontmoetingen-profvoetballers-gele-kaart\\\/\",\"name\":\"9 ontmoetingen met profvoetballers die je effe uit het veld slaan\",\"isPartOf\":{\"@id\":\"https:\\\/\\\/www.thebestsocial.media\\\/nl\\\/#website\"},\"primaryImageOfPage\":{\"@id\":\"https:\\\/\\\/www.thebestsocial.media\\\/nl\\\/gekke-ontmoetingen-profvoetballers-gele-kaart\\\/#primaryimage\"},\"image\":{\"@id\":\"https:\\\/\\\/www.thebestsocial.media\\\/nl\\\/gekke-ontmoetingen-profvoetballers-gele-kaart\\\/#primaryimage\"},\"thumbnailUrl\":\"https:\\\/\\\/www.thebestsocial.media\\\/nl\\\/wp-content\\\/uploads\\\/sites\\\/2\\\/2024\\\/06\\\/uitgelicht-8.png\",\"datePublished\":\"2024-06-09T08:55:28+00:00\",\"author\":{\"@id\":\"https:\\\/\\\/www.thebestsocial.media\\\/nl\\\/#\\\/schema\\\/person\\\/2b65a07de209cd1d416a21f959fdf166\"},\"description\":\"Deze Twitteraar heeft op bijzondere wijze Jetro Willems ontmoet, en vraagt of er meer van dit soort ontmoetingen met profvoetballers zijn.\u00a0\",\"breadcrumb\":{\"@id\":\"https:\\\/\\\/www.thebestsocial.media\\\/nl\\\/gekke-ontmoetingen-profvoetballers-gele-kaart\\\/#breadcrumb\"},\"inLanguage\":\"nl-NL\",\"potentialAction\":[{\"@type\":\"ReadAction\",\"target\":[\"https:\\\/\\\/www.thebestsocial.media\\\/nl\\\/gekke-ontmoetingen-profvoetballers-gele-kaart\\\/\"]}]},{\"@type\":\"ImageObject\",\"inLanguage\":\"nl-NL\",\"@id\":\"https:\\\/\\\/www.thebestsocial.media\\\/nl\\\/gekke-ontmoetingen-profvoetballers-gele-kaart\\\/#primaryimage\",\"url\":\"https:\\\/\\\/www.thebestsocial.media\\\/nl\\\/wp-content\\\/uploads\\\/sites\\\/2\\\/2024\\\/06\\\/uitgelicht-8.png\",\"contentUrl\":\"https:\\\/\\\/www.thebestsocial.media\\\/nl\\\/wp-content\\\/uploads\\\/sites\\\/2\\\/2024\\\/06\\\/uitgelicht-8.png\",\"width\":1200,\"height\":630,\"caption\":\"profvoetballers\"},{\"@type\":\"BreadcrumbList\",\"@id\":\"https:\\\/\\\/www.thebestsocial.media\\\/nl\\\/gekke-ontmoetingen-profvoetballers-gele-kaart\\\/#breadcrumb\",\"itemListElement\":[{\"@type\":\"ListItem\",\"position\":1,\"name\":\"Home\",\"item\":\"https:\\\/\\\/www.thebestsocial.media\\\/nl\\\/\"},{\"@type\":\"ListItem\",\"position\":2,\"name\":\"9 bijzondere ontmoetingen met profvoetballers die je effe uit het veld slaan\"}]},{\"@type\":\"WebSite\",\"@id\":\"https:\\\/\\\/www.thebestsocial.media\\\/nl\\\/#website\",\"url\":\"https:\\\/\\\/www.thebestsocial.media\\\/nl\\\/\",\"name\":\"The Best Social Media NL\",\"description\":\"Zoeklicht in de Digital Chaos\",\"potentialAction\":[{\"@type\":\"SearchAction\",\"target\":{\"@type\":\"EntryPoint\",\"urlTemplate\":\"https:\\\/\\\/www.thebestsocial.media\\\/nl\\\/?s={search_term_string}\"},\"query-input\":{\"@type\":\"PropertyValueSpecification\",\"valueRequired\":true,\"valueName\":\"search_term_string\"}}],\"inLanguage\":\"nl-NL\"},{\"@type\":\"Person\",\"@id\":\"https:\\\/\\\/www.thebestsocial.media\\\/nl\\\/#\\\/schema\\\/person\\\/2b65a07de209cd1d416a21f959fdf166\",\"name\":\"yannick\",\"image\":{\"@type\":\"ImageObject\",\"inLanguage\":\"nl-NL\",\"@id\":\"https:\\\/\\\/secure.gravatar.com\\\/avatar\\\/8909b7412361c45e4fc0664b3e04faa1ad03832e065a1098c95a21a0527771d4?s=96&d=mm&r=g\",\"url\":\"https:\\\/\\\/secure.gravatar.com\\\/avatar\\\/8909b7412361c45e4fc0664b3e04faa1ad03832e065a1098c95a21a0527771d4?s=96&d=mm&r=g\",\"contentUrl\":\"https:\\\/\\\/secure.gravatar.com\\\/avatar\\\/8909b7412361c45e4fc0664b3e04faa1ad03832e065a1098c95a21a0527771d4?s=96&d=mm&r=g\",\"caption\":\"yannick\"},\"description\":\"Geboren en getogen Bredanaar. Droomde altijd van een carri\u00e8re als profvoetballer, maar is gestrand in de Kelderklasse. Nu geeft ze hier onnodig 'commentaar' op sport, collega's (\u00e9\u00e9n in het bijzonder) en mensen die iconische memes niet kennen.\",\"sameAs\":[\"https:\\\/\\\/www.instagram.com\\\/yannicksnoek\\\/\",\"https:\\\/\\\/www.linkedin.com\\\/in\\\/yannick-s-743aa110b\\\/\"],\"url\":\"https:\\\/\\\/www.thebestsocial.media\\\/nl\\\/author\\\/yannick\\\/\"}]}<\/script>\n<!-- \/ Yoast SEO plugin. -->","yoast_head_json":{"title":"9 ontmoetingen met profvoetballers die je effe uit het veld slaan","description":"Deze Twitteraar heeft op bijzondere wijze Jetro Willems ontmoet, en vraagt of er meer van dit soort ontmoetingen met profvoetballers zijn.\u00a0","robots":{"index":"index","follow":"follow","max-snippet":"max-snippet:-1","max-image-preview":"max-image-preview:large","max-video-preview":"max-video-preview:-1"},"canonical":"https:\/\/www.thebestsocial.media\/nl\/gekke-ontmoetingen-profvoetballers-gele-kaart\/","og_locale":"nl_NL","og_type":"article","og_title":"9 bijzondere ontmoetingen met profvoetballers die je effe uit het veld slaan","og_description":"Deze Twitteraar heeft op bijzondere wijze Jetro Willems ontmoet, en vraagt of er meer van dit soort ontmoetingen met profvoetballers zijn.\u00a0","og_url":"https:\/\/www.thebestsocial.media\/nl\/gekke-ontmoetingen-profvoetballers-gele-kaart\/","og_site_name":"The Best Social Media NL","article_published_time":"2024-06-09T08:55:28+00:00","og_image":[{"width":1200,"height":630,"url":"https:\/\/www.thebestsocial.media\/nl\/wp-content\/uploads\/sites\/2\/2024\/06\/header-18.png","type":"image\/png"}],"author":"yannick","twitter_card":"summary_large_image","twitter_title":"9 bijzondere ontmoetingen met profvoetballers die je effe uit het veld slaan","twitter_description":"Deze Twitteraar heeft op bijzondere wijze Jetro Willems ontmoet, en vraagt of er meer van dit soort ontmoetingen met profvoetballers zijn.\u00a0","twitter_image":"https:\/\/www.thebestsocial.media\/nl\/wp-content\/uploads\/sites\/2\/2024\/06\/header-18.png","twitter_misc":{"Geschreven door":"yannick","Geschatte leestijd":"2 minuten"},"schema":{"@context":"https:\/\/schema.org","@graph":[{"@type":"Article","@id":"https:\/\/www.thebestsocial.media\/nl\/gekke-ontmoetingen-profvoetballers-gele-kaart\/#article","isPartOf":{"@id":"https:\/\/www.thebestsocial.media\/nl\/gekke-ontmoetingen-profvoetballers-gele-kaart\/"},"author":{"name":"yannick","@id":"https:\/\/www.thebestsocial.media\/nl\/#\/schema\/person\/2b65a07de209cd1d416a21f959fdf166"},"headline":"9 bijzondere ontmoetingen met profvoetballers die je effe uit het veld slaan","datePublished":"2024-06-09T08:55:28+00:00","mainEntityOfPage":{"@id":"https:\/\/www.thebestsocial.media\/nl\/gekke-ontmoetingen-profvoetballers-gele-kaart\/"},"wordCount":530,"commentCount":0,"image":{"@id":"https:\/\/www.thebestsocial.media\/nl\/gekke-ontmoetingen-profvoetballers-gele-kaart\/#primaryimage"},"thumbnailUrl":"https:\/\/www.thebestsocial.media\/nl\/wp-content\/uploads\/sites\/2\/2024\/06\/uitgelicht-8.png","keywords":["encounter","humor","profvoetballer"],"articleSection":["Blogs","Nieuws"],"inLanguage":"nl-NL","potentialAction":[{"@type":"CommentAction","name":"Comment","target":["https:\/\/www.thebestsocial.media\/nl\/gekke-ontmoetingen-profvoetballers-gele-kaart\/#respond"]}]},{"@type":"WebPage","@id":"https:\/\/www.thebestsocial.media\/nl\/gekke-ontmoetingen-profvoetballers-gele-kaart\/","url":"https:\/\/www.thebestsocial.media\/nl\/gekke-ontmoetingen-profvoetballers-gele-kaart\/","name":"9 ontmoetingen met profvoetballers die je effe uit het veld slaan","isPartOf":{"@id":"https:\/\/www.thebestsocial.media\/nl\/#website"},"primaryImageOfPage":{"@id":"https:\/\/www.thebestsocial.media\/nl\/gekke-ontmoetingen-profvoetballers-gele-kaart\/#primaryimage"},"image":{"@id":"https:\/\/www.thebestsocial.media\/nl\/gekke-ontmoetingen-profvoetballers-gele-kaart\/#primaryimage"},"thumbnailUrl":"https:\/\/www.thebestsocial.media\/nl\/wp-content\/uploads\/sites\/2\/2024\/06\/uitgelicht-8.png","datePublished":"2024-06-09T08:55:28+00:00","author":{"@id":"https:\/\/www.thebestsocial.media\/nl\/#\/schema\/person\/2b65a07de209cd1d416a21f959fdf166"},"description":"Deze Twitteraar heeft op bijzondere wijze Jetro Willems ontmoet, en vraagt of er meer van dit soort ontmoetingen met profvoetballers zijn.\u00a0","breadcrumb":{"@id":"https:\/\/www.thebestsocial.media\/nl\/gekke-ontmoetingen-profvoetballers-gele-kaart\/#breadcrumb"},"inLanguage":"nl-NL","potentialAction":[{"@type":"ReadAction","target":["https:\/\/www.thebestsocial.media\/nl\/gekke-ontmoetingen-profvoetballers-gele-kaart\/"]}]},{"@type":"ImageObject","inLanguage":"nl-NL","@id":"https:\/\/www.thebestsocial.media\/nl\/gekke-ontmoetingen-profvoetballers-gele-kaart\/#primaryimage","url":"https:\/\/www.thebestsocial.media\/nl\/wp-content\/uploads\/sites\/2\/2024\/06\/uitgelicht-8.png","contentUrl":"https:\/\/www.thebestsocial.media\/nl\/wp-content\/uploads\/sites\/2\/2024\/06\/uitgelicht-8.png","width":1200,"height":630,"caption":"profvoetballers"},{"@type":"BreadcrumbList","@id":"https:\/\/www.thebestsocial.media\/nl\/gekke-ontmoetingen-profvoetballers-gele-kaart\/#breadcrumb","itemListElement":[{"@type":"ListItem","position":1,"name":"Home","item":"https:\/\/www.thebestsocial.media\/nl\/"},{"@type":"ListItem","position":2,"name":"9 bijzondere ontmoetingen met profvoetballers die je effe uit het veld slaan"}]},{"@type":"WebSite","@id":"https:\/\/www.thebestsocial.media\/nl\/#website","url":"https:\/\/www.thebestsocial.media\/nl\/","name":"The Best Social Media NL","description":"Zoeklicht in de Digital Chaos","potentialAction":[{"@type":"SearchAction","target":{"@type":"EntryPoint","urlTemplate":"https:\/\/www.thebestsocial.media\/nl\/?s={search_term_string}"},"query-input":{"@type":"PropertyValueSpecification","valueRequired":true,"valueName":"search_term_string"}}],"inLanguage":"nl-NL"},{"@type":"Person","@id":"https:\/\/www.thebestsocial.media\/nl\/#\/schema\/person\/2b65a07de209cd1d416a21f959fdf166","name":"yannick","image":{"@type":"ImageObject","inLanguage":"nl-NL","@id":"https:\/\/secure.gravatar.com\/avatar\/8909b7412361c45e4fc0664b3e04faa1ad03832e065a1098c95a21a0527771d4?s=96&d=mm&r=g","url":"https:\/\/secure.gravatar.com\/avatar\/8909b7412361c45e4fc0664b3e04faa1ad03832e065a1098c95a21a0527771d4?s=96&d=mm&r=g","contentUrl":"https:\/\/secure.gravatar.com\/avatar\/8909b7412361c45e4fc0664b3e04faa1ad03832e065a1098c95a21a0527771d4?s=96&d=mm&r=g","caption":"yannick"},"description":"Geboren en getogen Bredanaar. Droomde altijd van een carri\u00e8re als profvoetballer, maar is gestrand in de Kelderklasse. Nu geeft ze hier onnodig 'commentaar' op sport, collega's (\u00e9\u00e9n in het bijzonder) en mensen die iconische memes niet kennen.","sameAs":["https:\/\/www.instagram.com\/yannicksnoek\/","https:\/\/www.linkedin.com\/in\/yannick-s-743aa110b\/"],"url":"https:\/\/www.thebestsocial.media\/nl\/author\/yannick\/"}]}},"amp_enabled":true,"_links":{"self":[{"href":"https:\/\/www.thebestsocial.media\/nl\/wp-json\/wp\/v2\/posts\/314289","targetHints":{"allow":["GET"]}}],"collection":[{"href":"https:\/\/www.thebestsocial.media\/nl\/wp-json\/wp\/v2\/posts"}],"about":[{"href":"https:\/\/www.thebestsocial.media\/nl\/wp-json\/wp\/v2\/types\/post"}],"author":[{"embeddable":true,"href":"https:\/\/www.thebestsocial.media\/nl\/wp-json\/wp\/v2\/users\/96"}],"replies":[{"embeddable":true,"href":"https:\/\/www.thebestsocial.media\/nl\/wp-json\/wp\/v2\/comments?post=314289"}],"version-history":[{"count":13,"href":"https:\/\/www.thebestsocial.media\/nl\/wp-json\/wp\/v2\/posts\/314289\/revisions"}],"predecessor-version":[{"id":314735,"href":"https:\/\/www.thebestsocial.media\/nl\/wp-json\/wp\/v2\/posts\/314289\/revisions\/314735"}],"wp:featuredmedia":[{"embeddable":true,"href":"https:\/\/www.thebestsocial.media\/nl\/wp-json\/wp\/v2\/media\/314510"}],"wp:attachment":[{"href":"https:\/\/www.thebestsocial.media\/nl\/wp-json\/wp\/v2\/media?parent=314289"}],"wp:term":[{"taxonomy":"category","embeddable":true,"href":"https:\/\/www.thebestsocial.media\/nl\/wp-json\/wp\/v2\/categories?post=314289"},{"taxonomy":"post_tag","embeddable":true,"href":"https:\/\/www.thebestsocial.media\/nl\/wp-json\/wp\/v2\/tags?post=314289"}],"curies":[{"name":"wp","href":"https:\/\/api.w.org\/{rel}","templated":true}]}}