{"id":311584,"date":"2024-05-15T11:27:45","date_gmt":"2024-05-15T10:27:45","guid":{"rendered":"https:\/\/www.thebestsocial.media\/nl\/?p=311584"},"modified":"2024-05-15T11:27:45","modified_gmt":"2024-05-15T10:27:45","slug":"wie-is-de-mol-inspreken-intro-bner","status":"publish","type":"post","link":"https:\/\/www.thebestsocial.media\/nl\/wie-is-de-mol-inspreken-intro-bner\/","title":{"rendered":"D\u00e9ze BN\u2019er zit achter de iconische \u2018trust nobody\u2019 in intro Wie Is De Mol?"},"content":{"rendered":"<p>We zijn nog maar net bijgekomen van het vorige <a href=\"https:\/\/www.thebestsocial.media\/nl\/wie-is-de-mol-hints\/\">seizoen<\/a> van Wie Is De Mol?\u00a0en er staat alweer een nieuw seizoen op het programma. Deze zomer verschijnen er geen bekende, maar onbekende Nederlanders op je beeldscherm. De tien uitverkorenen zijn voor de ontmaskering van de Mol naar het Midden-Oosten afgereisd, en als voorproefje doet\u00a0<a href=\"https:\/\/www.tiktok.com\/@patrickeneline\/video\/7368910380686495008\" target=\"_blank\" rel=\"noopener\" data-saferedirecturl=\"https:\/\/www.google.com\/url?q=https:\/\/www.tiktok.com\/@patrickeneline\/video\/7368910380686495008&amp;source=gmail&amp;ust=1715854776716000&amp;usg=AOvVaw1vXHLCvysROQQLzjjsyKlA\">Patrick<\/a>\u00a0een onthulling over de intro van het spelprogramma\u2026<\/p>\n<p>&nbsp;<\/p>\n<h3>1. Als je nou een fanatieke Wie is de Mol?-kijker bent, dan spoken de woorden &#8217;trust nobody&#8217; waarschijnlijk non-stop door je hoofd. En daar doet Patrick een verrassende onthulling over.<\/h3>\n<p><iframe loading=\"lazy\" src=\"\/tiktok-cache\/7368910380686495008\/e742ff49d8f1ba141d0ffa8b0aa5117694ba548eaa5a5b654331b77c\" width=\"623\" height=\"1108\" style=\"border:0; height:90vh; width:50.625000vh;\" scrolling=\"no\"><\/iframe><\/p>\n<p>&nbsp;<\/p>\n<h3>2. De onthulling van de BN&#8217;er achter de iconische woorden, roept eerst nog wat vragen op.<\/h3>\n<p><img loading=\"lazy\" decoding=\"async\" class=\"alignnone wp-image-311639 size-full\" src=\"https:\/\/www.thebestsocial.media\/nl\/wp-content\/uploads\/sites\/2\/2024\/05\/kennen.png\" alt=\"\" width=\"584\" height=\"140\" srcset=\"https:\/\/www.thebestsocial.media\/nl\/wp-content\/uploads\/sites\/2\/2024\/05\/kennen.png 584w, https:\/\/www.thebestsocial.media\/nl\/wp-content\/uploads\/sites\/2\/2024\/05\/kennen-300x72.png 300w\" sizes=\"auto, (max-width: 584px) 100vw, 584px\" \/><\/p>\n<p>&nbsp;<\/p>\n<h3>3. &#8216;Krijg nou de t*ring&#8230;&#8217;<\/h3>\n<p><img loading=\"lazy\" decoding=\"async\" class=\"alignnone wp-image-311638 size-full\" src=\"https:\/\/www.thebestsocial.media\/nl\/wp-content\/uploads\/sites\/2\/2024\/05\/horace.png\" alt=\"\" width=\"1034\" height=\"164\" srcset=\"https:\/\/www.thebestsocial.media\/nl\/wp-content\/uploads\/sites\/2\/2024\/05\/horace.png 1034w, https:\/\/www.thebestsocial.media\/nl\/wp-content\/uploads\/sites\/2\/2024\/05\/horace-300x48.png 300w, https:\/\/www.thebestsocial.media\/nl\/wp-content\/uploads\/sites\/2\/2024\/05\/horace-1024x162.png 1024w, https:\/\/www.thebestsocial.media\/nl\/wp-content\/uploads\/sites\/2\/2024\/05\/horace-768x122.png 768w\" sizes=\"auto, (max-width: 1034px) 100vw, 1034px\" \/><\/p>\n<p>&nbsp;<\/p>\n<h3>4. Daar is helemaal niks aan gelogen&#8230;<\/h3>\n<p><img loading=\"lazy\" decoding=\"async\" class=\"alignnone wp-image-311634 size-full\" src=\"https:\/\/www.thebestsocial.media\/nl\/wp-content\/uploads\/sites\/2\/2024\/05\/vertrouwen.png\" alt=\"Wie is de Mol?\" width=\"868\" height=\"162\" srcset=\"https:\/\/www.thebestsocial.media\/nl\/wp-content\/uploads\/sites\/2\/2024\/05\/vertrouwen.png 868w, https:\/\/www.thebestsocial.media\/nl\/wp-content\/uploads\/sites\/2\/2024\/05\/vertrouwen-300x56.png 300w, https:\/\/www.thebestsocial.media\/nl\/wp-content\/uploads\/sites\/2\/2024\/05\/vertrouwen-768x143.png 768w\" sizes=\"auto, (max-width: 868px) 100vw, 868px\" \/><\/p>\n<p>&nbsp;<\/p>\n<div class=\"c-scrollbar__hider\" role=\"presentation\" data-qa=\"slack_kit_scrollbar\">\n<div class=\"c-scrollbar__child\" role=\"presentation\">\n<div class=\"c-virtual_list__scroll_container\" role=\"list\" data-qa=\"slack_kit_list\" aria-label=\"Marloes Gort (direct message, away)\">\n<div id=\"1715768671.528459\" class=\"c-virtual_list__item\" tabindex=\"0\" role=\"listitem\" aria-setsize=\"-1\" data-qa=\"virtual-list-item\" data-item-key=\"1715768671.528459\">\n<div class=\"c-message_kit__background c-message_kit__background--hovered p-message_pane_message__message c-message_kit__message p-message_pane_message__message--last\" role=\"presentation\" data-qa=\"message_container\" data-qa-unprocessed=\"false\" data-qa-placeholder=\"false\">\n<div class=\"c-message_kit__hover c-message_kit__hover--hovered\" role=\"document\" aria-roledescription=\"message\" data-qa-hover=\"true\">\n<div class=\"c-message_kit__actions c-message_kit__actions--default\">\n<div class=\"c-message_kit__gutter\">\n<div class=\"c-message_kit__gutter__right\" role=\"presentation\" data-qa=\"message_content\">\n<div class=\"c-message_kit__blocks c-message_kit__blocks--rich_text\">\n<div class=\"c-message__message_blocks c-message__message_blocks--rich_text\" data-qa=\"message-text\">\n<div class=\"p-block_kit_renderer\" data-qa=\"block-kit-renderer\">\n<div class=\"p-block_kit_renderer__block_wrapper p-block_kit_renderer__block_wrapper--first\">\n<div class=\"p-rich_text_block\" dir=\"auto\">\n<h3 class=\"p-rich_text_section\">5. Waar je wel op kan vertrouwen, is dat je het nieuwe seizoen van Wie is de Mol? binnenkort kan streamen.<\/h3>\n<\/div>\n<\/div>\n<\/div>\n<\/div>\n<\/div>\n<\/div>\n<\/div>\n<\/div>\n<\/div>\n<\/div>\n<\/div>\n<\/div>\n<\/div>\n<\/div>\n<p><img loading=\"lazy\" decoding=\"async\" class=\"alignnone wp-image-311633 size-full\" src=\"https:\/\/www.thebestsocial.media\/nl\/wp-content\/uploads\/sites\/2\/2024\/05\/opnamens.png\" alt=\"Wie is de Mol?\" width=\"924\" height=\"156\" srcset=\"https:\/\/www.thebestsocial.media\/nl\/wp-content\/uploads\/sites\/2\/2024\/05\/opnamens.png 924w, https:\/\/www.thebestsocial.media\/nl\/wp-content\/uploads\/sites\/2\/2024\/05\/opnamens-300x51.png 300w, https:\/\/www.thebestsocial.media\/nl\/wp-content\/uploads\/sites\/2\/2024\/05\/opnamens-768x130.png 768w\" sizes=\"auto, (max-width: 924px) 100vw, 924px\" \/><\/p>\n<h3><\/h3>\n<h3><em><strong>Nog niet uitgelezen? Klik dan door naar\u00a0<a href=\"https:\/\/www.thebestsocial.media\/nl\/albert-heijn-broccoli-stronk-ontdekking-bizar\/\" target=\"_blank\" rel=\"noopener\">dit artikel<\/a>\u00a0over een Albert Heijn-klant die een misselijkmakende ontdekking doet tijdens het snijden van broccoli!<\/strong><\/em><\/h3>\n<p>&nbsp;<\/p>\n<p><strong>Ben jij nou n\u00e9t op zoek naar een stage? Dat komt goed uit! Bij The Best Social zijn we op zoek naar een redactiestagiair(e), een visual design stagiair(e), een project management stagiair(e) en een content creative stagiair(e). Check snel <a href=\"https:\/\/www.thebestsocialjobs.com\/?location=\" target=\"_blank\" rel=\"noopener\">de vacatures op The Best Social Jobs.<\/a><\/strong><\/p>\n<blockquote class=\"instagram-media\" style=\"background: #FFF; border: 0; border-radius: 3px; box-shadow: 0 0 1px 0 rgba(0,0,0,0.5),0 1px 10px 0 rgba(0,0,0,0.15); margin: 1px; max-width: 540px; min-width: 326px; padding: 0; width: calc(100% - 2px);\" data-instgrm-captioned=\"\" data-instgrm-permalink=\"https:\/\/www.instagram.com\/p\/Cu87DwlIPA5\/?utm_source=ig_embed&amp;utm_campaign=loading\" data-instgrm-version=\"14\">\n<div style=\"padding: 16px;\">\n<p>&nbsp;<\/p>\n<div style=\"display: flex; flex-direction: row; align-items: center;\">\n<div style=\"background-color: #f4f4f4; border-radius: 50%; flex-grow: 0; height: 40px; margin-right: 14px; width: 40px;\"><\/div>\n<div style=\"display: flex; flex-direction: column; flex-grow: 1; justify-content: center;\">\n<div style=\"background-color: #f4f4f4; border-radius: 4px; flex-grow: 0; height: 14px; margin-bottom: 6px; width: 100px;\"><\/div>\n<div style=\"background-color: #f4f4f4; border-radius: 4px; flex-grow: 0; height: 14px; width: 60px;\"><\/div>\n<\/div>\n<\/div>\n<div style=\"padding: 19% 0;\"><\/div>\n<div style=\"display: block; height: 50px; margin: 0 auto 12px; width: 50px;\"><\/div>\n<div style=\"padding-top: 8px;\">\n<div style=\"color: #3897f0; font-family: Arial,sans-serif; font-size: 14px; font-style: normal; font-weight: 550; line-height: 18px;\">Dit bericht op Instagram bekijken<\/div>\n<\/div>\n<div style=\"padding: 12.5% 0;\"><\/div>\n<div style=\"display: flex; flex-direction: row; margin-bottom: 14px; align-items: center;\">\n<div>\n<div style=\"background-color: #f4f4f4; border-radius: 50%; height: 12.5px; width: 12.5px; transform: translateX(0px) translateY(7px);\"><\/div>\n<div style=\"background-color: #f4f4f4; height: 12.5px; transform: rotate(-45deg) translateX(3px) translateY(1px); width: 12.5px; flex-grow: 0; margin-right: 14px; margin-left: 2px;\"><\/div>\n<div style=\"background-color: #f4f4f4; border-radius: 50%; height: 12.5px; width: 12.5px; transform: translateX(9px) translateY(-18px);\"><\/div>\n<\/div>\n<div style=\"margin-left: 8px;\">\n<div style=\"background-color: #f4f4f4; border-radius: 50%; flex-grow: 0; height: 20px; width: 20px;\"><\/div>\n<div style=\"width: 0; height: 0; border-top: 2px solid transparent; border-left: 6px solid #f4f4f4; border-bottom: 2px solid transparent; transform: translateX(16px) translateY(-4px) rotate(30deg);\"><\/div>\n<\/div>\n<div style=\"margin-left: auto;\">\n<div style=\"width: 0px; border-top: 8px solid #F4F4F4; border-right: 8px solid transparent; transform: translateY(16px);\"><\/div>\n<div style=\"background-color: #f4f4f4; flex-grow: 0; height: 12px; width: 16px; transform: translateY(-4px);\"><\/div>\n<div style=\"width: 0; height: 0; border-top: 8px solid #F4F4F4; border-left: 8px solid transparent; transform: translateY(-4px) translateX(8px);\"><\/div>\n<\/div>\n<\/div>\n<div style=\"display: flex; flex-direction: column; flex-grow: 1; justify-content: center; margin-bottom: 24px;\">\n<div style=\"background-color: #f4f4f4; border-radius: 4px; flex-grow: 0; height: 14px; margin-bottom: 6px; width: 224px;\"><\/div>\n<div style=\"background-color: #f4f4f4; border-radius: 4px; flex-grow: 0; height: 14px; width: 144px;\"><\/div>\n<\/div>\n<p>&nbsp;<\/p>\n<p style=\"color: #c9c8cd; font-family: Arial,sans-serif; font-size: 14px; line-height: 17px; margin-bottom: 0; margin-top: 8px; overflow: hidden; padding: 8px 0 7px; text-align: center; text-overflow: ellipsis; white-space: nowrap;\"><a style=\"color: #c9c8cd; font-family: Arial,sans-serif; font-size: 14px; font-style: normal; font-weight: normal; line-height: 17px; text-decoration: none;\" href=\"https:\/\/www.instagram.com\/p\/Cu87DwlIPA5\/?utm_source=ig_embed&amp;utm_campaign=loading\" target=\"_blank\" rel=\"noopener\">Een bericht gedeeld door The Best Social (@thebestsocial)<\/a><\/p>\n<\/div>\n<\/blockquote>\n\n<p>&nbsp;<\/p>\n<p>&nbsp;<\/p>\n<script async defer src=\"\/instagram-embed.js\"><\/script>","protected":false},"excerpt":{"rendered":"<p>We zijn nog maar net bijgekomen van het vorige seizoen van Wie Is De Mol?\u00a0en er staat alweer een nieuw seizoen op het programma. Deze&#8230;<\/p>\n","protected":false},"author":96,"featured_media":311606,"comment_status":"open","ping_status":"open","sticky":false,"template":"","format":"standard","meta":{"_acf_changed":false,"footnotes":""},"categories":[16,17],"tags":[774,7679,1033],"class_list":["post-311584","post","type-post","status-publish","format-standard","has-post-thumbnail","hentry","category-blogs","category-nieuws","tag-bner","tag-intro","tag-wie-is-de-mol"],"acf":[],"yoast_head":"<!-- This site is optimized with the Yoast SEO plugin v27.4 - https:\/\/yoast.com\/product\/yoast-seo-wordpress\/ -->\n<title>D\u00e9ze BN\u2019er zit achter de \u2018trust nobody\u2019 in intro Wie Is De Mol?<\/title>\n<meta name=\"description\" content=\"Er staat een nieuw seizoen van Wie is de Mol? op het programma. Als voorproefje ontmaskert Patrick iets over de intro van het programma.\u00a0\" \/>\n<meta name=\"robots\" content=\"index, follow, max-snippet:-1, max-image-preview:large, max-video-preview:-1\" \/>\n<link rel=\"canonical\" href=\"https:\/\/www.thebestsocial.media\/nl\/wie-is-de-mol-inspreken-intro-bner\/\" \/>\n<meta property=\"og:locale\" content=\"nl_NL\" \/>\n<meta property=\"og:type\" content=\"article\" \/>\n<meta property=\"og:title\" content=\"D\u00e9ze BN\u2019er zit achter de iconische \u2018trust nobody\u2019 in intro Wie Is De Mol?\" \/>\n<meta property=\"og:description\" content=\"Er staat een nieuw seizoen van Wie is de Mol? op het programma. Als voorproefje ontmaskert Patrick iets over de intro van het programma.\u00a0\" \/>\n<meta property=\"og:url\" content=\"https:\/\/www.thebestsocial.media\/nl\/wie-is-de-mol-inspreken-intro-bner\/\" \/>\n<meta property=\"og:site_name\" content=\"The Best Social Media NL\" \/>\n<meta property=\"article:published_time\" content=\"2024-05-15T10:27:45+00:00\" \/>\n<meta property=\"og:image\" content=\"https:\/\/www.thebestsocial.media\/nl\/wp-content\/uploads\/sites\/2\/2024\/05\/header-26.png\" \/>\n\t<meta property=\"og:image:width\" content=\"1200\" \/>\n\t<meta property=\"og:image:height\" content=\"630\" \/>\n\t<meta property=\"og:image:type\" content=\"image\/png\" \/>\n<meta name=\"author\" content=\"yannick\" \/>\n<meta name=\"twitter:card\" content=\"summary_large_image\" \/>\n<meta name=\"twitter:title\" content=\"D\u00e9ze BN\u2019er zit achter de iconische \u2018trust nobody\u2019 in intro Wie Is De Mol?\" \/>\n<meta name=\"twitter:description\" content=\"Er staat een nieuw seizoen van Wie is de Mol? op het programma. Als voorproefje ontmaskert Patrick iets over de intro van het programma.\u00a0\" \/>\n<meta name=\"twitter:image\" content=\"https:\/\/www.thebestsocial.media\/nl\/wp-content\/uploads\/sites\/2\/2024\/05\/header-26.png\" \/>\n<meta name=\"twitter:label1\" content=\"Geschreven door\" \/>\n\t<meta name=\"twitter:data1\" content=\"yannick\" \/>\n\t<meta name=\"twitter:label2\" content=\"Geschatte leestijd\" \/>\n\t<meta name=\"twitter:data2\" content=\"3 minuten\" \/>\n<script type=\"application\/ld+json\" class=\"yoast-schema-graph\">{\"@context\":\"https:\\\/\\\/schema.org\",\"@graph\":[{\"@type\":\"Article\",\"@id\":\"https:\\\/\\\/www.thebestsocial.media\\\/nl\\\/wie-is-de-mol-inspreken-intro-bner\\\/#article\",\"isPartOf\":{\"@id\":\"https:\\\/\\\/www.thebestsocial.media\\\/nl\\\/wie-is-de-mol-inspreken-intro-bner\\\/\"},\"author\":{\"name\":\"yannick\",\"@id\":\"https:\\\/\\\/www.thebestsocial.media\\\/nl\\\/#\\\/schema\\\/person\\\/2b65a07de209cd1d416a21f959fdf166\"},\"headline\":\"D\u00e9ze BN\u2019er zit achter de iconische \u2018trust nobody\u2019 in intro Wie Is De Mol?\",\"datePublished\":\"2024-05-15T10:27:45+00:00\",\"mainEntityOfPage\":{\"@id\":\"https:\\\/\\\/www.thebestsocial.media\\\/nl\\\/wie-is-de-mol-inspreken-intro-bner\\\/\"},\"wordCount\":276,\"commentCount\":0,\"image\":{\"@id\":\"https:\\\/\\\/www.thebestsocial.media\\\/nl\\\/wie-is-de-mol-inspreken-intro-bner\\\/#primaryimage\"},\"thumbnailUrl\":\"https:\\\/\\\/www.thebestsocial.media\\\/nl\\\/wp-content\\\/uploads\\\/sites\\\/2\\\/2024\\\/05\\\/uitgelicht-19.png\",\"keywords\":[\"bn'er\",\"intro\",\"wie is de mol\"],\"articleSection\":[\"Blogs\",\"Nieuws\"],\"inLanguage\":\"nl-NL\",\"potentialAction\":[{\"@type\":\"CommentAction\",\"name\":\"Comment\",\"target\":[\"https:\\\/\\\/www.thebestsocial.media\\\/nl\\\/wie-is-de-mol-inspreken-intro-bner\\\/#respond\"]}]},{\"@type\":\"WebPage\",\"@id\":\"https:\\\/\\\/www.thebestsocial.media\\\/nl\\\/wie-is-de-mol-inspreken-intro-bner\\\/\",\"url\":\"https:\\\/\\\/www.thebestsocial.media\\\/nl\\\/wie-is-de-mol-inspreken-intro-bner\\\/\",\"name\":\"D\u00e9ze BN\u2019er zit achter de \u2018trust nobody\u2019 in intro Wie Is De Mol?\",\"isPartOf\":{\"@id\":\"https:\\\/\\\/www.thebestsocial.media\\\/nl\\\/#website\"},\"primaryImageOfPage\":{\"@id\":\"https:\\\/\\\/www.thebestsocial.media\\\/nl\\\/wie-is-de-mol-inspreken-intro-bner\\\/#primaryimage\"},\"image\":{\"@id\":\"https:\\\/\\\/www.thebestsocial.media\\\/nl\\\/wie-is-de-mol-inspreken-intro-bner\\\/#primaryimage\"},\"thumbnailUrl\":\"https:\\\/\\\/www.thebestsocial.media\\\/nl\\\/wp-content\\\/uploads\\\/sites\\\/2\\\/2024\\\/05\\\/uitgelicht-19.png\",\"datePublished\":\"2024-05-15T10:27:45+00:00\",\"author\":{\"@id\":\"https:\\\/\\\/www.thebestsocial.media\\\/nl\\\/#\\\/schema\\\/person\\\/2b65a07de209cd1d416a21f959fdf166\"},\"description\":\"Er staat een nieuw seizoen van Wie is de Mol? op het programma. Als voorproefje ontmaskert Patrick iets over de intro van het programma.\u00a0\",\"breadcrumb\":{\"@id\":\"https:\\\/\\\/www.thebestsocial.media\\\/nl\\\/wie-is-de-mol-inspreken-intro-bner\\\/#breadcrumb\"},\"inLanguage\":\"nl-NL\",\"potentialAction\":[{\"@type\":\"ReadAction\",\"target\":[\"https:\\\/\\\/www.thebestsocial.media\\\/nl\\\/wie-is-de-mol-inspreken-intro-bner\\\/\"]}]},{\"@type\":\"ImageObject\",\"inLanguage\":\"nl-NL\",\"@id\":\"https:\\\/\\\/www.thebestsocial.media\\\/nl\\\/wie-is-de-mol-inspreken-intro-bner\\\/#primaryimage\",\"url\":\"https:\\\/\\\/www.thebestsocial.media\\\/nl\\\/wp-content\\\/uploads\\\/sites\\\/2\\\/2024\\\/05\\\/uitgelicht-19.png\",\"contentUrl\":\"https:\\\/\\\/www.thebestsocial.media\\\/nl\\\/wp-content\\\/uploads\\\/sites\\\/2\\\/2024\\\/05\\\/uitgelicht-19.png\",\"width\":1200,\"height\":630,\"caption\":\"Wie is de Mol?\"},{\"@type\":\"BreadcrumbList\",\"@id\":\"https:\\\/\\\/www.thebestsocial.media\\\/nl\\\/wie-is-de-mol-inspreken-intro-bner\\\/#breadcrumb\",\"itemListElement\":[{\"@type\":\"ListItem\",\"position\":1,\"name\":\"Home\",\"item\":\"https:\\\/\\\/www.thebestsocial.media\\\/nl\\\/\"},{\"@type\":\"ListItem\",\"position\":2,\"name\":\"D\u00e9ze BN\u2019er zit achter de iconische \u2018trust nobody\u2019 in intro Wie Is De Mol?\"}]},{\"@type\":\"WebSite\",\"@id\":\"https:\\\/\\\/www.thebestsocial.media\\\/nl\\\/#website\",\"url\":\"https:\\\/\\\/www.thebestsocial.media\\\/nl\\\/\",\"name\":\"The Best Social Media NL\",\"description\":\"Zoeklicht in de Digital Chaos\",\"potentialAction\":[{\"@type\":\"SearchAction\",\"target\":{\"@type\":\"EntryPoint\",\"urlTemplate\":\"https:\\\/\\\/www.thebestsocial.media\\\/nl\\\/?s={search_term_string}\"},\"query-input\":{\"@type\":\"PropertyValueSpecification\",\"valueRequired\":true,\"valueName\":\"search_term_string\"}}],\"inLanguage\":\"nl-NL\"},{\"@type\":\"Person\",\"@id\":\"https:\\\/\\\/www.thebestsocial.media\\\/nl\\\/#\\\/schema\\\/person\\\/2b65a07de209cd1d416a21f959fdf166\",\"name\":\"yannick\",\"image\":{\"@type\":\"ImageObject\",\"inLanguage\":\"nl-NL\",\"@id\":\"https:\\\/\\\/secure.gravatar.com\\\/avatar\\\/8909b7412361c45e4fc0664b3e04faa1ad03832e065a1098c95a21a0527771d4?s=96&d=mm&r=g\",\"url\":\"https:\\\/\\\/secure.gravatar.com\\\/avatar\\\/8909b7412361c45e4fc0664b3e04faa1ad03832e065a1098c95a21a0527771d4?s=96&d=mm&r=g\",\"contentUrl\":\"https:\\\/\\\/secure.gravatar.com\\\/avatar\\\/8909b7412361c45e4fc0664b3e04faa1ad03832e065a1098c95a21a0527771d4?s=96&d=mm&r=g\",\"caption\":\"yannick\"},\"description\":\"Geboren en getogen Bredanaar. Droomde altijd van een carri\u00e8re als profvoetballer, maar is gestrand in de Kelderklasse. Nu geeft ze hier onnodig 'commentaar' op sport, collega's (\u00e9\u00e9n in het bijzonder) en mensen die iconische memes niet kennen.\",\"sameAs\":[\"https:\\\/\\\/www.instagram.com\\\/yannicksnoek\\\/\",\"https:\\\/\\\/www.linkedin.com\\\/in\\\/yannick-s-743aa110b\\\/\"],\"url\":\"https:\\\/\\\/www.thebestsocial.media\\\/nl\\\/author\\\/yannick\\\/\"}]}<\/script>\n<!-- \/ Yoast SEO plugin. -->","yoast_head_json":{"title":"D\u00e9ze BN\u2019er zit achter de \u2018trust nobody\u2019 in intro Wie Is De Mol?","description":"Er staat een nieuw seizoen van Wie is de Mol? op het programma. Als voorproefje ontmaskert Patrick iets over de intro van het programma.\u00a0","robots":{"index":"index","follow":"follow","max-snippet":"max-snippet:-1","max-image-preview":"max-image-preview:large","max-video-preview":"max-video-preview:-1"},"canonical":"https:\/\/www.thebestsocial.media\/nl\/wie-is-de-mol-inspreken-intro-bner\/","og_locale":"nl_NL","og_type":"article","og_title":"D\u00e9ze BN\u2019er zit achter de iconische \u2018trust nobody\u2019 in intro Wie Is De Mol?","og_description":"Er staat een nieuw seizoen van Wie is de Mol? op het programma. Als voorproefje ontmaskert Patrick iets over de intro van het programma.\u00a0","og_url":"https:\/\/www.thebestsocial.media\/nl\/wie-is-de-mol-inspreken-intro-bner\/","og_site_name":"The Best Social Media NL","article_published_time":"2024-05-15T10:27:45+00:00","og_image":[{"width":1200,"height":630,"url":"https:\/\/www.thebestsocial.media\/nl\/wp-content\/uploads\/sites\/2\/2024\/05\/header-26.png","type":"image\/png"}],"author":"yannick","twitter_card":"summary_large_image","twitter_title":"D\u00e9ze BN\u2019er zit achter de iconische \u2018trust nobody\u2019 in intro Wie Is De Mol?","twitter_description":"Er staat een nieuw seizoen van Wie is de Mol? op het programma. Als voorproefje ontmaskert Patrick iets over de intro van het programma.\u00a0","twitter_image":"https:\/\/www.thebestsocial.media\/nl\/wp-content\/uploads\/sites\/2\/2024\/05\/header-26.png","twitter_misc":{"Geschreven door":"yannick","Geschatte leestijd":"3 minuten"},"schema":{"@context":"https:\/\/schema.org","@graph":[{"@type":"Article","@id":"https:\/\/www.thebestsocial.media\/nl\/wie-is-de-mol-inspreken-intro-bner\/#article","isPartOf":{"@id":"https:\/\/www.thebestsocial.media\/nl\/wie-is-de-mol-inspreken-intro-bner\/"},"author":{"name":"yannick","@id":"https:\/\/www.thebestsocial.media\/nl\/#\/schema\/person\/2b65a07de209cd1d416a21f959fdf166"},"headline":"D\u00e9ze BN\u2019er zit achter de iconische \u2018trust nobody\u2019 in intro Wie Is De Mol?","datePublished":"2024-05-15T10:27:45+00:00","mainEntityOfPage":{"@id":"https:\/\/www.thebestsocial.media\/nl\/wie-is-de-mol-inspreken-intro-bner\/"},"wordCount":276,"commentCount":0,"image":{"@id":"https:\/\/www.thebestsocial.media\/nl\/wie-is-de-mol-inspreken-intro-bner\/#primaryimage"},"thumbnailUrl":"https:\/\/www.thebestsocial.media\/nl\/wp-content\/uploads\/sites\/2\/2024\/05\/uitgelicht-19.png","keywords":["bn'er","intro","wie is de mol"],"articleSection":["Blogs","Nieuws"],"inLanguage":"nl-NL","potentialAction":[{"@type":"CommentAction","name":"Comment","target":["https:\/\/www.thebestsocial.media\/nl\/wie-is-de-mol-inspreken-intro-bner\/#respond"]}]},{"@type":"WebPage","@id":"https:\/\/www.thebestsocial.media\/nl\/wie-is-de-mol-inspreken-intro-bner\/","url":"https:\/\/www.thebestsocial.media\/nl\/wie-is-de-mol-inspreken-intro-bner\/","name":"D\u00e9ze BN\u2019er zit achter de \u2018trust nobody\u2019 in intro Wie Is De Mol?","isPartOf":{"@id":"https:\/\/www.thebestsocial.media\/nl\/#website"},"primaryImageOfPage":{"@id":"https:\/\/www.thebestsocial.media\/nl\/wie-is-de-mol-inspreken-intro-bner\/#primaryimage"},"image":{"@id":"https:\/\/www.thebestsocial.media\/nl\/wie-is-de-mol-inspreken-intro-bner\/#primaryimage"},"thumbnailUrl":"https:\/\/www.thebestsocial.media\/nl\/wp-content\/uploads\/sites\/2\/2024\/05\/uitgelicht-19.png","datePublished":"2024-05-15T10:27:45+00:00","author":{"@id":"https:\/\/www.thebestsocial.media\/nl\/#\/schema\/person\/2b65a07de209cd1d416a21f959fdf166"},"description":"Er staat een nieuw seizoen van Wie is de Mol? op het programma. Als voorproefje ontmaskert Patrick iets over de intro van het programma.\u00a0","breadcrumb":{"@id":"https:\/\/www.thebestsocial.media\/nl\/wie-is-de-mol-inspreken-intro-bner\/#breadcrumb"},"inLanguage":"nl-NL","potentialAction":[{"@type":"ReadAction","target":["https:\/\/www.thebestsocial.media\/nl\/wie-is-de-mol-inspreken-intro-bner\/"]}]},{"@type":"ImageObject","inLanguage":"nl-NL","@id":"https:\/\/www.thebestsocial.media\/nl\/wie-is-de-mol-inspreken-intro-bner\/#primaryimage","url":"https:\/\/www.thebestsocial.media\/nl\/wp-content\/uploads\/sites\/2\/2024\/05\/uitgelicht-19.png","contentUrl":"https:\/\/www.thebestsocial.media\/nl\/wp-content\/uploads\/sites\/2\/2024\/05\/uitgelicht-19.png","width":1200,"height":630,"caption":"Wie is de Mol?"},{"@type":"BreadcrumbList","@id":"https:\/\/www.thebestsocial.media\/nl\/wie-is-de-mol-inspreken-intro-bner\/#breadcrumb","itemListElement":[{"@type":"ListItem","position":1,"name":"Home","item":"https:\/\/www.thebestsocial.media\/nl\/"},{"@type":"ListItem","position":2,"name":"D\u00e9ze BN\u2019er zit achter de iconische \u2018trust nobody\u2019 in intro Wie Is De Mol?"}]},{"@type":"WebSite","@id":"https:\/\/www.thebestsocial.media\/nl\/#website","url":"https:\/\/www.thebestsocial.media\/nl\/","name":"The Best Social Media NL","description":"Zoeklicht in de Digital Chaos","potentialAction":[{"@type":"SearchAction","target":{"@type":"EntryPoint","urlTemplate":"https:\/\/www.thebestsocial.media\/nl\/?s={search_term_string}"},"query-input":{"@type":"PropertyValueSpecification","valueRequired":true,"valueName":"search_term_string"}}],"inLanguage":"nl-NL"},{"@type":"Person","@id":"https:\/\/www.thebestsocial.media\/nl\/#\/schema\/person\/2b65a07de209cd1d416a21f959fdf166","name":"yannick","image":{"@type":"ImageObject","inLanguage":"nl-NL","@id":"https:\/\/secure.gravatar.com\/avatar\/8909b7412361c45e4fc0664b3e04faa1ad03832e065a1098c95a21a0527771d4?s=96&d=mm&r=g","url":"https:\/\/secure.gravatar.com\/avatar\/8909b7412361c45e4fc0664b3e04faa1ad03832e065a1098c95a21a0527771d4?s=96&d=mm&r=g","contentUrl":"https:\/\/secure.gravatar.com\/avatar\/8909b7412361c45e4fc0664b3e04faa1ad03832e065a1098c95a21a0527771d4?s=96&d=mm&r=g","caption":"yannick"},"description":"Geboren en getogen Bredanaar. Droomde altijd van een carri\u00e8re als profvoetballer, maar is gestrand in de Kelderklasse. Nu geeft ze hier onnodig 'commentaar' op sport, collega's (\u00e9\u00e9n in het bijzonder) en mensen die iconische memes niet kennen.","sameAs":["https:\/\/www.instagram.com\/yannicksnoek\/","https:\/\/www.linkedin.com\/in\/yannick-s-743aa110b\/"],"url":"https:\/\/www.thebestsocial.media\/nl\/author\/yannick\/"}]}},"amp_enabled":true,"_links":{"self":[{"href":"https:\/\/www.thebestsocial.media\/nl\/wp-json\/wp\/v2\/posts\/311584","targetHints":{"allow":["GET"]}}],"collection":[{"href":"https:\/\/www.thebestsocial.media\/nl\/wp-json\/wp\/v2\/posts"}],"about":[{"href":"https:\/\/www.thebestsocial.media\/nl\/wp-json\/wp\/v2\/types\/post"}],"author":[{"embeddable":true,"href":"https:\/\/www.thebestsocial.media\/nl\/wp-json\/wp\/v2\/users\/96"}],"replies":[{"embeddable":true,"href":"https:\/\/www.thebestsocial.media\/nl\/wp-json\/wp\/v2\/comments?post=311584"}],"version-history":[{"count":5,"href":"https:\/\/www.thebestsocial.media\/nl\/wp-json\/wp\/v2\/posts\/311584\/revisions"}],"predecessor-version":[{"id":311657,"href":"https:\/\/www.thebestsocial.media\/nl\/wp-json\/wp\/v2\/posts\/311584\/revisions\/311657"}],"wp:featuredmedia":[{"embeddable":true,"href":"https:\/\/www.thebestsocial.media\/nl\/wp-json\/wp\/v2\/media\/311606"}],"wp:attachment":[{"href":"https:\/\/www.thebestsocial.media\/nl\/wp-json\/wp\/v2\/media?parent=311584"}],"wp:term":[{"taxonomy":"category","embeddable":true,"href":"https:\/\/www.thebestsocial.media\/nl\/wp-json\/wp\/v2\/categories?post=311584"},{"taxonomy":"post_tag","embeddable":true,"href":"https:\/\/www.thebestsocial.media\/nl\/wp-json\/wp\/v2\/tags?post=311584"}],"curies":[{"name":"wp","href":"https:\/\/api.w.org\/{rel}","templated":true}]}}