{"id":311393,"date":"2024-05-15T15:21:24","date_gmt":"2024-05-15T14:21:24","guid":{"rendered":"https:\/\/www.thebestsocial.media\/nl\/?p=311393"},"modified":"2024-05-15T15:21:24","modified_gmt":"2024-05-15T14:21:24","slug":"swapfiets-voorwiel-gestolen-barcelona","status":"publish","type":"post","link":"https:\/\/www.thebestsocial.media\/nl\/swapfiets-voorwiel-gestolen-barcelona\/","title":{"rendered":"Swapfiets-gebruiker kan ogen niet geloven nadat bijzonder onderdeel wordt gestolen"},"content":{"rendered":"<p>Nederlanders en hun\u00a0<a href=\"https:\/\/www.thebestsocial.media\/nl\/bijzonder-geparkeerde-fietsen-nederlanders-overstuur\/\" target=\"_blank\" rel=\"noopener\" data-saferedirecturl=\"https:\/\/www.google.com\/url?q=https:\/\/www.thebestsocial.media\/nl\/bijzonder-geparkeerde-fietsen-nederlanders-overstuur\/&amp;source=gmail&amp;ust=1715782354149000&amp;usg=AOvVaw14BBnE176Mhj5QZXR6u6XR\">fietsen<\/a>\u00a0zijn onafscheidelijk. Je kunt je daarom wel voorstellen dat die stalen ros koste wat het kost mee moet zodra iemand tijdelijk naar het buitenland verhuist. Hoe onpraktisch dat ook is. Gelukkig biedt Swapfiets een oplossing. Ook in steden als Kopenhagen of Barcelona kun jij namelijk gewoon terecht voor zo\u2019n blauwe band.\u00a0<a href=\"https:\/\/www.tiktok.com\/@jillvtiggelen\/video\/7368184442830998816\" target=\"_blank\" rel=\"noopener\" data-saferedirecturl=\"https:\/\/www.google.com\/url?q=https:\/\/www.tiktok.com\/@jillvtiggelen\/video\/7368184442830998816&amp;source=gmail&amp;ust=1715782354149000&amp;usg=AOvVaw1KtFuD_Qax6CawMjXxSaAt\">Jill<\/a>\u00a0besluit tijdens haar verblijf in Barcelona een \u2018swappie\u2019 te huren, maar wordt binnen no time geconfronteerd met Spaanse fietsendieven die uit zijn op wel \u00e9rg opmerkelijk onderdeel.<\/p>\n<p>&nbsp;<\/p>\n<h3>1. Da&#8217;s pech, voorband weg.<\/h3>\n<p><iframe loading=\"lazy\" src=\"\/tiktok-cache\/7368184442830998816\/fcfd15a449ca45347e8b265bb9317340e56f7584a804a98d0519ebe0\" width=\"623\" height=\"1108\" style=\"border:0; height:90vh; width:50.625000vh;\" scrolling=\"no\"><\/iframe><\/p>\n<p>&nbsp;<\/p>\n<h3>2. Gelukkig hoeven Swapfiets-gebruikers maar een klein traantje te laten, want die voorband is in een split second vervangen.<\/h3>\n<p><img loading=\"lazy\" decoding=\"async\" class=\"alignnone wp-image-311451 size-full\" src=\"https:\/\/www.thebestsocial.media\/nl\/wp-content\/uploads\/sites\/2\/2024\/05\/jank.png\" alt=\"\" width=\"602\" height=\"166\" srcset=\"https:\/\/www.thebestsocial.media\/nl\/wp-content\/uploads\/sites\/2\/2024\/05\/jank.png 602w, https:\/\/www.thebestsocial.media\/nl\/wp-content\/uploads\/sites\/2\/2024\/05\/jank-300x83.png 300w\" sizes=\"auto, (max-width: 602px) 100vw, 602px\" \/><\/p>\n<p>&nbsp;<\/p>\n<h3>3. Waar de \u00e9\u00e9n een fetisj voor voeten heeft, heeft de ander er blijkbaar \u00e9\u00e9n voor blauwe voorbanden.<\/h3>\n<p><img loading=\"lazy\" decoding=\"async\" class=\"alignnone wp-image-311450 size-full\" src=\"https:\/\/www.thebestsocial.media\/nl\/wp-content\/uploads\/sites\/2\/2024\/05\/ding.png\" alt=\"\" width=\"818\" height=\"294\" srcset=\"https:\/\/www.thebestsocial.media\/nl\/wp-content\/uploads\/sites\/2\/2024\/05\/ding.png 818w, https:\/\/www.thebestsocial.media\/nl\/wp-content\/uploads\/sites\/2\/2024\/05\/ding-300x108.png 300w, https:\/\/www.thebestsocial.media\/nl\/wp-content\/uploads\/sites\/2\/2024\/05\/ding-768x276.png 768w\" sizes=\"auto, (max-width: 818px) 100vw, 818px\" \/><\/p>\n<p>&nbsp;<\/p>\n<h3>4. Hoewel de potenti\u00eble dader al snel wordt gesignaleerd&#8230;<\/h3>\n<p><img loading=\"lazy\" decoding=\"async\" class=\"alignnone wp-image-311452 size-full\" src=\"https:\/\/www.thebestsocial.media\/nl\/wp-content\/uploads\/sites\/2\/2024\/05\/omg-1.png\" alt=\"\" width=\"1532\" height=\"210\" srcset=\"https:\/\/www.thebestsocial.media\/nl\/wp-content\/uploads\/sites\/2\/2024\/05\/omg-1.png 1532w, https:\/\/www.thebestsocial.media\/nl\/wp-content\/uploads\/sites\/2\/2024\/05\/omg-1-300x41.png 300w, https:\/\/www.thebestsocial.media\/nl\/wp-content\/uploads\/sites\/2\/2024\/05\/omg-1-1024x140.png 1024w, https:\/\/www.thebestsocial.media\/nl\/wp-content\/uploads\/sites\/2\/2024\/05\/omg-1-768x105.png 768w\" sizes=\"auto, (max-width: 1532px) 100vw, 1532px\" \/><\/p>\n<p>&nbsp;<\/p>\n<h3>5. \u2026mag Jill voorlopig alsnog met de benenwagen en een Swapfiets zonder voorband door Barcelona racen.<\/h3>\n<p><img loading=\"lazy\" decoding=\"async\" class=\"alignnone wp-image-311534 size-full\" src=\"https:\/\/www.thebestsocial.media\/nl\/wp-content\/uploads\/sites\/2\/2024\/05\/barca-1.png\" alt=\"\" width=\"1176\" height=\"164\" srcset=\"https:\/\/www.thebestsocial.media\/nl\/wp-content\/uploads\/sites\/2\/2024\/05\/barca-1.png 1176w, https:\/\/www.thebestsocial.media\/nl\/wp-content\/uploads\/sites\/2\/2024\/05\/barca-1-300x42.png 300w, https:\/\/www.thebestsocial.media\/nl\/wp-content\/uploads\/sites\/2\/2024\/05\/barca-1-1024x143.png 1024w, https:\/\/www.thebestsocial.media\/nl\/wp-content\/uploads\/sites\/2\/2024\/05\/barca-1-768x107.png 768w\" sizes=\"auto, (max-width: 1176px) 100vw, 1176px\" \/><\/p>\n<p>&nbsp;<\/p>\n<h3><b><i>Nog niet uitgelezen? Klik dan door naar\u00a0<a href=\"https:\/\/www.thebestsocial.media\/nl\/reiziger-ov-bus-opmerkelijke-bestemming\/\">dit artikel<\/a>\u00a0over een reiziger, die onoplettend een ov-bus naar een wel \u00e9rg opmerkelijke bestemming instapt.\u00a0<\/i><\/b><\/h3>\n<p>&nbsp;<\/p>\n<p><strong>Ben jij nou n\u00e9t op zoek naar een stage? Dat komt goed uit! Bij The Best Social zijn we op zoek naar een redactiestagiair(e), een visual design stagiair(e), een project management stagiair(e) en een content creative stagiair(e). Check snel <a href=\"https:\/\/www.thebestsocialjobs.com\/?location=\" target=\"_blank\" rel=\"noopener\">de vacatures op The Best Social Jobs.<\/a><\/strong><\/p>\n<blockquote class=\"instagram-media\" style=\"background: #FFF; border: 0; border-radius: 3px; box-shadow: 0 0 1px 0 rgba(0,0,0,0.5),0 1px 10px 0 rgba(0,0,0,0.15); margin: 1px; max-width: 540px; min-width: 326px; padding: 0; width: calc(100% - 2px);\" data-instgrm-captioned=\"\" data-instgrm-permalink=\"https:\/\/www.instagram.com\/p\/Cu87DwlIPA5\/?utm_source=ig_embed&amp;utm_campaign=loading\" data-instgrm-version=\"14\">\n<div style=\"padding: 16px;\">\n<p>&nbsp;<\/p>\n<div style=\"display: flex; flex-direction: row; align-items: center;\">\n<div style=\"background-color: #f4f4f4; border-radius: 50%; flex-grow: 0; height: 40px; margin-right: 14px; width: 40px;\"><\/div>\n<div style=\"display: flex; flex-direction: column; flex-grow: 1; justify-content: center;\">\n<div style=\"background-color: #f4f4f4; border-radius: 4px; flex-grow: 0; height: 14px; margin-bottom: 6px; width: 100px;\"><\/div>\n<div style=\"background-color: #f4f4f4; border-radius: 4px; flex-grow: 0; height: 14px; width: 60px;\"><\/div>\n<\/div>\n<\/div>\n<div style=\"padding: 19% 0;\"><\/div>\n<div style=\"display: block; height: 50px; margin: 0 auto 12px; width: 50px;\"><\/div>\n<div style=\"padding-top: 8px;\">\n<div style=\"color: #3897f0; font-family: Arial,sans-serif; font-size: 14px; font-style: normal; font-weight: 550; line-height: 18px;\">Dit bericht op Instagram bekijken<\/div>\n<\/div>\n<div style=\"padding: 12.5% 0;\"><\/div>\n<div style=\"display: flex; flex-direction: row; margin-bottom: 14px; align-items: center;\">\n<div>\n<div style=\"background-color: #f4f4f4; border-radius: 50%; height: 12.5px; width: 12.5px; transform: translateX(0px) translateY(7px);\"><\/div>\n<div style=\"background-color: #f4f4f4; height: 12.5px; transform: rotate(-45deg) translateX(3px) translateY(1px); width: 12.5px; flex-grow: 0; margin-right: 14px; margin-left: 2px;\"><\/div>\n<div style=\"background-color: #f4f4f4; border-radius: 50%; height: 12.5px; width: 12.5px; transform: translateX(9px) translateY(-18px);\"><\/div>\n<\/div>\n<div style=\"margin-left: 8px;\">\n<div style=\"background-color: #f4f4f4; border-radius: 50%; flex-grow: 0; height: 20px; width: 20px;\"><\/div>\n<div style=\"width: 0; height: 0; border-top: 2px solid transparent; border-left: 6px solid #f4f4f4; border-bottom: 2px solid transparent; transform: translateX(16px) translateY(-4px) rotate(30deg);\"><\/div>\n<\/div>\n<div style=\"margin-left: auto;\">\n<div style=\"width: 0px; border-top: 8px solid #F4F4F4; border-right: 8px solid transparent; transform: translateY(16px);\"><\/div>\n<div style=\"background-color: #f4f4f4; flex-grow: 0; height: 12px; width: 16px; transform: translateY(-4px);\"><\/div>\n<div style=\"width: 0; height: 0; border-top: 8px solid #F4F4F4; border-left: 8px solid transparent; transform: translateY(-4px) translateX(8px);\"><\/div>\n<\/div>\n<\/div>\n<div style=\"display: flex; flex-direction: column; flex-grow: 1; justify-content: center; margin-bottom: 24px;\">\n<div style=\"background-color: #f4f4f4; border-radius: 4px; flex-grow: 0; height: 14px; margin-bottom: 6px; width: 224px;\"><\/div>\n<div style=\"background-color: #f4f4f4; border-radius: 4px; flex-grow: 0; height: 14px; width: 144px;\"><\/div>\n<\/div>\n<p>&nbsp;<\/p>\n<p style=\"color: #c9c8cd; font-family: Arial,sans-serif; font-size: 14px; line-height: 17px; margin-bottom: 0; margin-top: 8px; overflow: hidden; padding: 8px 0 7px; text-align: center; text-overflow: ellipsis; white-space: nowrap;\"><a style=\"color: #c9c8cd; font-family: Arial,sans-serif; font-size: 14px; font-style: normal; font-weight: normal; line-height: 17px; text-decoration: none;\" href=\"https:\/\/www.instagram.com\/p\/Cu87DwlIPA5\/?utm_source=ig_embed&amp;utm_campaign=loading\" target=\"_blank\" rel=\"noopener\">Een bericht gedeeld door The Best Social (@thebestsocial)<\/a><\/p>\n<\/div>\n<\/blockquote>\n\n<p>&nbsp;<\/p>\n<p>&nbsp;<\/p>\n<script async defer src=\"\/instagram-embed.js\"><\/script>","protected":false},"excerpt":{"rendered":"<p>Nederlanders en hun\u00a0fietsen\u00a0zijn onafscheidelijk. Je kunt je daarom wel voorstellen dat die stalen ros koste wat het kost mee moet zodra iemand tijdelijk naar het&#8230;<\/p>\n","protected":false},"author":96,"featured_media":311466,"comment_status":"open","ping_status":"open","sticky":false,"template":"","format":"standard","meta":{"_acf_changed":false,"footnotes":""},"categories":[16,17],"tags":[7213,6800,9294],"class_list":["post-311393","post","type-post","status-publish","format-standard","has-post-thumbnail","hentry","category-blogs","category-nieuws","tag-gestolen","tag-swapfiets","tag-voorwiel"],"acf":[],"yoast_head":"<!-- This site is optimized with the Yoast SEO plugin v27.4 - https:\/\/yoast.com\/product\/yoast-seo-wordpress\/ -->\n<title>Swapfiets-gebruiker gelooft ogen niet als onderdeel wordt gestolen<\/title>\n<meta name=\"description\" content=\"Jill huurt tijdens haar verblijf in Barcelona een Swapfiets, maar wordt snel geconfronteerd met fietsendieven die uit zijn op \u00e9\u00e9n onderdeel.\u00a0\" \/>\n<meta name=\"robots\" content=\"index, follow, max-snippet:-1, max-image-preview:large, max-video-preview:-1\" \/>\n<link rel=\"canonical\" href=\"https:\/\/www.thebestsocial.media\/nl\/swapfiets-voorwiel-gestolen-barcelona\/\" \/>\n<meta property=\"og:locale\" content=\"nl_NL\" \/>\n<meta property=\"og:type\" content=\"article\" \/>\n<meta property=\"og:title\" content=\"Swapfiets-gebruiker kan ogen niet geloven nadat bijzonder onderdeel wordt gestolen\" \/>\n<meta property=\"og:description\" content=\"Jill huurt tijdens haar verblijf in Barcelona een Swapfiets, maar wordt snel geconfronteerd met fietsendieven die uit zijn op \u00e9\u00e9n onderdeel.\u00a0\" \/>\n<meta property=\"og:url\" content=\"https:\/\/www.thebestsocial.media\/nl\/swapfiets-voorwiel-gestolen-barcelona\/\" \/>\n<meta property=\"og:site_name\" content=\"The Best Social Media NL\" \/>\n<meta property=\"article:published_time\" content=\"2024-05-15T14:21:24+00:00\" \/>\n<meta property=\"og:image\" content=\"https:\/\/www.thebestsocial.media\/nl\/wp-content\/uploads\/sites\/2\/2024\/05\/header-24.png\" \/>\n\t<meta property=\"og:image:width\" content=\"1200\" \/>\n\t<meta property=\"og:image:height\" content=\"630\" \/>\n\t<meta property=\"og:image:type\" content=\"image\/png\" \/>\n<meta name=\"author\" content=\"yannick\" \/>\n<meta name=\"twitter:card\" content=\"summary_large_image\" \/>\n<meta name=\"twitter:title\" content=\"Swapfiets-gebruiker kan ogen niet geloven nadat bijzonder onderdeel wordt gestolen\" \/>\n<meta name=\"twitter:description\" content=\"Jill huurt tijdens haar verblijf in Barcelona een Swapfiets, maar wordt snel geconfronteerd met fietsendieven die uit zijn op \u00e9\u00e9n onderdeel.\u00a0\" \/>\n<meta name=\"twitter:image\" content=\"https:\/\/www.thebestsocial.media\/nl\/wp-content\/uploads\/sites\/2\/2024\/05\/header-24.png\" \/>\n<meta name=\"twitter:label1\" content=\"Geschreven door\" \/>\n\t<meta name=\"twitter:data1\" content=\"yannick\" \/>\n\t<meta name=\"twitter:label2\" content=\"Geschatte leestijd\" \/>\n\t<meta name=\"twitter:data2\" content=\"3 minuten\" \/>\n<script type=\"application\/ld+json\" class=\"yoast-schema-graph\">{\"@context\":\"https:\\\/\\\/schema.org\",\"@graph\":[{\"@type\":\"Article\",\"@id\":\"https:\\\/\\\/www.thebestsocial.media\\\/nl\\\/swapfiets-voorwiel-gestolen-barcelona\\\/#article\",\"isPartOf\":{\"@id\":\"https:\\\/\\\/www.thebestsocial.media\\\/nl\\\/swapfiets-voorwiel-gestolen-barcelona\\\/\"},\"author\":{\"name\":\"yannick\",\"@id\":\"https:\\\/\\\/www.thebestsocial.media\\\/nl\\\/#\\\/schema\\\/person\\\/2b65a07de209cd1d416a21f959fdf166\"},\"headline\":\"Swapfiets-gebruiker kan ogen niet geloven nadat bijzonder onderdeel wordt gestolen\",\"datePublished\":\"2024-05-15T14:21:24+00:00\",\"mainEntityOfPage\":{\"@id\":\"https:\\\/\\\/www.thebestsocial.media\\\/nl\\\/swapfiets-voorwiel-gestolen-barcelona\\\/\"},\"wordCount\":271,\"commentCount\":0,\"image\":{\"@id\":\"https:\\\/\\\/www.thebestsocial.media\\\/nl\\\/swapfiets-voorwiel-gestolen-barcelona\\\/#primaryimage\"},\"thumbnailUrl\":\"https:\\\/\\\/www.thebestsocial.media\\\/nl\\\/wp-content\\\/uploads\\\/sites\\\/2\\\/2024\\\/05\\\/uitgelicht-17.png\",\"keywords\":[\"Gestolen\",\"Swapfiets\",\"voorwiel\"],\"articleSection\":[\"Blogs\",\"Nieuws\"],\"inLanguage\":\"nl-NL\",\"potentialAction\":[{\"@type\":\"CommentAction\",\"name\":\"Comment\",\"target\":[\"https:\\\/\\\/www.thebestsocial.media\\\/nl\\\/swapfiets-voorwiel-gestolen-barcelona\\\/#respond\"]}]},{\"@type\":\"WebPage\",\"@id\":\"https:\\\/\\\/www.thebestsocial.media\\\/nl\\\/swapfiets-voorwiel-gestolen-barcelona\\\/\",\"url\":\"https:\\\/\\\/www.thebestsocial.media\\\/nl\\\/swapfiets-voorwiel-gestolen-barcelona\\\/\",\"name\":\"Swapfiets-gebruiker gelooft ogen niet als onderdeel wordt gestolen\",\"isPartOf\":{\"@id\":\"https:\\\/\\\/www.thebestsocial.media\\\/nl\\\/#website\"},\"primaryImageOfPage\":{\"@id\":\"https:\\\/\\\/www.thebestsocial.media\\\/nl\\\/swapfiets-voorwiel-gestolen-barcelona\\\/#primaryimage\"},\"image\":{\"@id\":\"https:\\\/\\\/www.thebestsocial.media\\\/nl\\\/swapfiets-voorwiel-gestolen-barcelona\\\/#primaryimage\"},\"thumbnailUrl\":\"https:\\\/\\\/www.thebestsocial.media\\\/nl\\\/wp-content\\\/uploads\\\/sites\\\/2\\\/2024\\\/05\\\/uitgelicht-17.png\",\"datePublished\":\"2024-05-15T14:21:24+00:00\",\"author\":{\"@id\":\"https:\\\/\\\/www.thebestsocial.media\\\/nl\\\/#\\\/schema\\\/person\\\/2b65a07de209cd1d416a21f959fdf166\"},\"description\":\"Jill huurt tijdens haar verblijf in Barcelona een Swapfiets, maar wordt snel geconfronteerd met fietsendieven die uit zijn op \u00e9\u00e9n onderdeel.\u00a0\",\"breadcrumb\":{\"@id\":\"https:\\\/\\\/www.thebestsocial.media\\\/nl\\\/swapfiets-voorwiel-gestolen-barcelona\\\/#breadcrumb\"},\"inLanguage\":\"nl-NL\",\"potentialAction\":[{\"@type\":\"ReadAction\",\"target\":[\"https:\\\/\\\/www.thebestsocial.media\\\/nl\\\/swapfiets-voorwiel-gestolen-barcelona\\\/\"]}]},{\"@type\":\"ImageObject\",\"inLanguage\":\"nl-NL\",\"@id\":\"https:\\\/\\\/www.thebestsocial.media\\\/nl\\\/swapfiets-voorwiel-gestolen-barcelona\\\/#primaryimage\",\"url\":\"https:\\\/\\\/www.thebestsocial.media\\\/nl\\\/wp-content\\\/uploads\\\/sites\\\/2\\\/2024\\\/05\\\/uitgelicht-17.png\",\"contentUrl\":\"https:\\\/\\\/www.thebestsocial.media\\\/nl\\\/wp-content\\\/uploads\\\/sites\\\/2\\\/2024\\\/05\\\/uitgelicht-17.png\",\"width\":1200,\"height\":630,\"caption\":\"Swapfiets\"},{\"@type\":\"BreadcrumbList\",\"@id\":\"https:\\\/\\\/www.thebestsocial.media\\\/nl\\\/swapfiets-voorwiel-gestolen-barcelona\\\/#breadcrumb\",\"itemListElement\":[{\"@type\":\"ListItem\",\"position\":1,\"name\":\"Home\",\"item\":\"https:\\\/\\\/www.thebestsocial.media\\\/nl\\\/\"},{\"@type\":\"ListItem\",\"position\":2,\"name\":\"Swapfiets-gebruiker kan ogen niet geloven nadat bijzonder onderdeel wordt gestolen\"}]},{\"@type\":\"WebSite\",\"@id\":\"https:\\\/\\\/www.thebestsocial.media\\\/nl\\\/#website\",\"url\":\"https:\\\/\\\/www.thebestsocial.media\\\/nl\\\/\",\"name\":\"The Best Social Media NL\",\"description\":\"Zoeklicht in de Digital Chaos\",\"potentialAction\":[{\"@type\":\"SearchAction\",\"target\":{\"@type\":\"EntryPoint\",\"urlTemplate\":\"https:\\\/\\\/www.thebestsocial.media\\\/nl\\\/?s={search_term_string}\"},\"query-input\":{\"@type\":\"PropertyValueSpecification\",\"valueRequired\":true,\"valueName\":\"search_term_string\"}}],\"inLanguage\":\"nl-NL\"},{\"@type\":\"Person\",\"@id\":\"https:\\\/\\\/www.thebestsocial.media\\\/nl\\\/#\\\/schema\\\/person\\\/2b65a07de209cd1d416a21f959fdf166\",\"name\":\"yannick\",\"image\":{\"@type\":\"ImageObject\",\"inLanguage\":\"nl-NL\",\"@id\":\"https:\\\/\\\/secure.gravatar.com\\\/avatar\\\/8909b7412361c45e4fc0664b3e04faa1ad03832e065a1098c95a21a0527771d4?s=96&d=mm&r=g\",\"url\":\"https:\\\/\\\/secure.gravatar.com\\\/avatar\\\/8909b7412361c45e4fc0664b3e04faa1ad03832e065a1098c95a21a0527771d4?s=96&d=mm&r=g\",\"contentUrl\":\"https:\\\/\\\/secure.gravatar.com\\\/avatar\\\/8909b7412361c45e4fc0664b3e04faa1ad03832e065a1098c95a21a0527771d4?s=96&d=mm&r=g\",\"caption\":\"yannick\"},\"description\":\"Geboren en getogen Bredanaar. Droomde altijd van een carri\u00e8re als profvoetballer, maar is gestrand in de Kelderklasse. Nu geeft ze hier onnodig 'commentaar' op sport, collega's (\u00e9\u00e9n in het bijzonder) en mensen die iconische memes niet kennen.\",\"sameAs\":[\"https:\\\/\\\/www.instagram.com\\\/yannicksnoek\\\/\",\"https:\\\/\\\/www.linkedin.com\\\/in\\\/yannick-s-743aa110b\\\/\"],\"url\":\"https:\\\/\\\/www.thebestsocial.media\\\/nl\\\/author\\\/yannick\\\/\"}]}<\/script>\n<!-- \/ Yoast SEO plugin. -->","yoast_head_json":{"title":"Swapfiets-gebruiker gelooft ogen niet als onderdeel wordt gestolen","description":"Jill huurt tijdens haar verblijf in Barcelona een Swapfiets, maar wordt snel geconfronteerd met fietsendieven die uit zijn op \u00e9\u00e9n onderdeel.\u00a0","robots":{"index":"index","follow":"follow","max-snippet":"max-snippet:-1","max-image-preview":"max-image-preview:large","max-video-preview":"max-video-preview:-1"},"canonical":"https:\/\/www.thebestsocial.media\/nl\/swapfiets-voorwiel-gestolen-barcelona\/","og_locale":"nl_NL","og_type":"article","og_title":"Swapfiets-gebruiker kan ogen niet geloven nadat bijzonder onderdeel wordt gestolen","og_description":"Jill huurt tijdens haar verblijf in Barcelona een Swapfiets, maar wordt snel geconfronteerd met fietsendieven die uit zijn op \u00e9\u00e9n onderdeel.\u00a0","og_url":"https:\/\/www.thebestsocial.media\/nl\/swapfiets-voorwiel-gestolen-barcelona\/","og_site_name":"The Best Social Media NL","article_published_time":"2024-05-15T14:21:24+00:00","og_image":[{"width":1200,"height":630,"url":"https:\/\/www.thebestsocial.media\/nl\/wp-content\/uploads\/sites\/2\/2024\/05\/header-24.png","type":"image\/png"}],"author":"yannick","twitter_card":"summary_large_image","twitter_title":"Swapfiets-gebruiker kan ogen niet geloven nadat bijzonder onderdeel wordt gestolen","twitter_description":"Jill huurt tijdens haar verblijf in Barcelona een Swapfiets, maar wordt snel geconfronteerd met fietsendieven die uit zijn op \u00e9\u00e9n onderdeel.\u00a0","twitter_image":"https:\/\/www.thebestsocial.media\/nl\/wp-content\/uploads\/sites\/2\/2024\/05\/header-24.png","twitter_misc":{"Geschreven door":"yannick","Geschatte leestijd":"3 minuten"},"schema":{"@context":"https:\/\/schema.org","@graph":[{"@type":"Article","@id":"https:\/\/www.thebestsocial.media\/nl\/swapfiets-voorwiel-gestolen-barcelona\/#article","isPartOf":{"@id":"https:\/\/www.thebestsocial.media\/nl\/swapfiets-voorwiel-gestolen-barcelona\/"},"author":{"name":"yannick","@id":"https:\/\/www.thebestsocial.media\/nl\/#\/schema\/person\/2b65a07de209cd1d416a21f959fdf166"},"headline":"Swapfiets-gebruiker kan ogen niet geloven nadat bijzonder onderdeel wordt gestolen","datePublished":"2024-05-15T14:21:24+00:00","mainEntityOfPage":{"@id":"https:\/\/www.thebestsocial.media\/nl\/swapfiets-voorwiel-gestolen-barcelona\/"},"wordCount":271,"commentCount":0,"image":{"@id":"https:\/\/www.thebestsocial.media\/nl\/swapfiets-voorwiel-gestolen-barcelona\/#primaryimage"},"thumbnailUrl":"https:\/\/www.thebestsocial.media\/nl\/wp-content\/uploads\/sites\/2\/2024\/05\/uitgelicht-17.png","keywords":["Gestolen","Swapfiets","voorwiel"],"articleSection":["Blogs","Nieuws"],"inLanguage":"nl-NL","potentialAction":[{"@type":"CommentAction","name":"Comment","target":["https:\/\/www.thebestsocial.media\/nl\/swapfiets-voorwiel-gestolen-barcelona\/#respond"]}]},{"@type":"WebPage","@id":"https:\/\/www.thebestsocial.media\/nl\/swapfiets-voorwiel-gestolen-barcelona\/","url":"https:\/\/www.thebestsocial.media\/nl\/swapfiets-voorwiel-gestolen-barcelona\/","name":"Swapfiets-gebruiker gelooft ogen niet als onderdeel wordt gestolen","isPartOf":{"@id":"https:\/\/www.thebestsocial.media\/nl\/#website"},"primaryImageOfPage":{"@id":"https:\/\/www.thebestsocial.media\/nl\/swapfiets-voorwiel-gestolen-barcelona\/#primaryimage"},"image":{"@id":"https:\/\/www.thebestsocial.media\/nl\/swapfiets-voorwiel-gestolen-barcelona\/#primaryimage"},"thumbnailUrl":"https:\/\/www.thebestsocial.media\/nl\/wp-content\/uploads\/sites\/2\/2024\/05\/uitgelicht-17.png","datePublished":"2024-05-15T14:21:24+00:00","author":{"@id":"https:\/\/www.thebestsocial.media\/nl\/#\/schema\/person\/2b65a07de209cd1d416a21f959fdf166"},"description":"Jill huurt tijdens haar verblijf in Barcelona een Swapfiets, maar wordt snel geconfronteerd met fietsendieven die uit zijn op \u00e9\u00e9n onderdeel.\u00a0","breadcrumb":{"@id":"https:\/\/www.thebestsocial.media\/nl\/swapfiets-voorwiel-gestolen-barcelona\/#breadcrumb"},"inLanguage":"nl-NL","potentialAction":[{"@type":"ReadAction","target":["https:\/\/www.thebestsocial.media\/nl\/swapfiets-voorwiel-gestolen-barcelona\/"]}]},{"@type":"ImageObject","inLanguage":"nl-NL","@id":"https:\/\/www.thebestsocial.media\/nl\/swapfiets-voorwiel-gestolen-barcelona\/#primaryimage","url":"https:\/\/www.thebestsocial.media\/nl\/wp-content\/uploads\/sites\/2\/2024\/05\/uitgelicht-17.png","contentUrl":"https:\/\/www.thebestsocial.media\/nl\/wp-content\/uploads\/sites\/2\/2024\/05\/uitgelicht-17.png","width":1200,"height":630,"caption":"Swapfiets"},{"@type":"BreadcrumbList","@id":"https:\/\/www.thebestsocial.media\/nl\/swapfiets-voorwiel-gestolen-barcelona\/#breadcrumb","itemListElement":[{"@type":"ListItem","position":1,"name":"Home","item":"https:\/\/www.thebestsocial.media\/nl\/"},{"@type":"ListItem","position":2,"name":"Swapfiets-gebruiker kan ogen niet geloven nadat bijzonder onderdeel wordt gestolen"}]},{"@type":"WebSite","@id":"https:\/\/www.thebestsocial.media\/nl\/#website","url":"https:\/\/www.thebestsocial.media\/nl\/","name":"The Best Social Media NL","description":"Zoeklicht in de Digital Chaos","potentialAction":[{"@type":"SearchAction","target":{"@type":"EntryPoint","urlTemplate":"https:\/\/www.thebestsocial.media\/nl\/?s={search_term_string}"},"query-input":{"@type":"PropertyValueSpecification","valueRequired":true,"valueName":"search_term_string"}}],"inLanguage":"nl-NL"},{"@type":"Person","@id":"https:\/\/www.thebestsocial.media\/nl\/#\/schema\/person\/2b65a07de209cd1d416a21f959fdf166","name":"yannick","image":{"@type":"ImageObject","inLanguage":"nl-NL","@id":"https:\/\/secure.gravatar.com\/avatar\/8909b7412361c45e4fc0664b3e04faa1ad03832e065a1098c95a21a0527771d4?s=96&d=mm&r=g","url":"https:\/\/secure.gravatar.com\/avatar\/8909b7412361c45e4fc0664b3e04faa1ad03832e065a1098c95a21a0527771d4?s=96&d=mm&r=g","contentUrl":"https:\/\/secure.gravatar.com\/avatar\/8909b7412361c45e4fc0664b3e04faa1ad03832e065a1098c95a21a0527771d4?s=96&d=mm&r=g","caption":"yannick"},"description":"Geboren en getogen Bredanaar. Droomde altijd van een carri\u00e8re als profvoetballer, maar is gestrand in de Kelderklasse. Nu geeft ze hier onnodig 'commentaar' op sport, collega's (\u00e9\u00e9n in het bijzonder) en mensen die iconische memes niet kennen.","sameAs":["https:\/\/www.instagram.com\/yannicksnoek\/","https:\/\/www.linkedin.com\/in\/yannick-s-743aa110b\/"],"url":"https:\/\/www.thebestsocial.media\/nl\/author\/yannick\/"}]}},"amp_enabled":true,"_links":{"self":[{"href":"https:\/\/www.thebestsocial.media\/nl\/wp-json\/wp\/v2\/posts\/311393","targetHints":{"allow":["GET"]}}],"collection":[{"href":"https:\/\/www.thebestsocial.media\/nl\/wp-json\/wp\/v2\/posts"}],"about":[{"href":"https:\/\/www.thebestsocial.media\/nl\/wp-json\/wp\/v2\/types\/post"}],"author":[{"embeddable":true,"href":"https:\/\/www.thebestsocial.media\/nl\/wp-json\/wp\/v2\/users\/96"}],"replies":[{"embeddable":true,"href":"https:\/\/www.thebestsocial.media\/nl\/wp-json\/wp\/v2\/comments?post=311393"}],"version-history":[{"count":3,"href":"https:\/\/www.thebestsocial.media\/nl\/wp-json\/wp\/v2\/posts\/311393\/revisions"}],"predecessor-version":[{"id":311548,"href":"https:\/\/www.thebestsocial.media\/nl\/wp-json\/wp\/v2\/posts\/311393\/revisions\/311548"}],"wp:featuredmedia":[{"embeddable":true,"href":"https:\/\/www.thebestsocial.media\/nl\/wp-json\/wp\/v2\/media\/311466"}],"wp:attachment":[{"href":"https:\/\/www.thebestsocial.media\/nl\/wp-json\/wp\/v2\/media?parent=311393"}],"wp:term":[{"taxonomy":"category","embeddable":true,"href":"https:\/\/www.thebestsocial.media\/nl\/wp-json\/wp\/v2\/categories?post=311393"},{"taxonomy":"post_tag","embeddable":true,"href":"https:\/\/www.thebestsocial.media\/nl\/wp-json\/wp\/v2\/tags?post=311393"}],"curies":[{"name":"wp","href":"https:\/\/api.w.org\/{rel}","templated":true}]}}