{"id":309825,"date":"2024-05-06T16:32:46","date_gmt":"2024-05-06T15:32:46","guid":{"rendered":"https:\/\/www.thebestsocial.media\/nl\/?p=309825"},"modified":"2024-05-06T16:32:46","modified_gmt":"2024-05-06T15:32:46","slug":"conceptakkoord-formatie-tweede-kamer-pvv-nederland","status":"publish","type":"post","link":"https:\/\/www.thebestsocial.media\/nl\/conceptakkoord-formatie-tweede-kamer-pvv-nederland\/","title":{"rendered":"Nederlanders drijven online de spot met uitlekken conceptakkoord"},"content":{"rendered":"<div id=\"1715007562.154479\" class=\"c-virtual_list__item\" tabindex=\"0\" role=\"listitem\" aria-setsize=\"-1\" data-qa=\"virtual-list-item\" data-item-key=\"1715007562.154479\">\n<div class=\"c-message_kit__background c-message_kit__background--hovered p-message_pane_message__message c-message_kit__message\" role=\"presentation\" data-qa=\"message_container\" data-qa-unprocessed=\"false\" data-qa-placeholder=\"false\">\n<div class=\"c-message_kit__hover c-message_kit__hover--hovered\" role=\"document\" aria-roledescription=\"message\" data-qa-hover=\"true\">\n<div class=\"c-message_kit__actions c-message_kit__actions--default\">\n<div class=\"p-message_pane_message__message_label c-message_kit__labels c-message_kit__labels--light\">\n<div class=\"c-message_kit__gutter\">\n<div class=\"c-message_kit__gutter__right\" role=\"presentation\" data-qa=\"message_content\">\n<div class=\"c-message_kit__blocks c-message_kit__blocks--rich_text\">\n<div class=\"c-message__message_blocks c-message__message_blocks--rich_text\" data-qa=\"message-text\">\n<div class=\"p-block_kit_renderer\" data-qa=\"block-kit-renderer\">\n<div class=\"p-block_kit_renderer__block_wrapper p-block_kit_renderer__block_wrapper--first\">\n<div class=\"p-rich_text_block\" dir=\"auto\">\n<div class=\"p-rich_text_section\">Iemand uit de politiek is gefotografeerd met een <a href=\"https:\/\/www.thebestsocial.media\/nl\/notitie-pieter-omtzigt\/\">document<\/a> dat ab-so-luut geheim moest blijven. Nee, je leest geen nieuwsbericht uit 2021. En ja, dit is zojuist w\u00e9\u00e9r gebeurd. Toen onderhandelaar Gidi Markuszower de onderhandelingsruimte binnenliep met de conceptplannen voor een hoofdlijnenakkoord van de PVV, VVD, NSC en BBB, heeft politiek fotograaf Dirk Hol dat op beeld vastgelegd. En ja hoor: een aardig groot gedeelte is te lezen. Mensen op X laten dit nieuws niet voor wat het is en drijven online de spot met het uitlekken van het conceptakkoord.<\/div>\n<\/div>\n<\/div>\n<\/div>\n<\/div>\n<\/div>\n<\/div>\n<\/div>\n<\/div>\n<div class=\"c-message_actions__container c-message__actions\" role=\"group\">\n<div class=\"c-message_actions__group\" role=\"group\" aria-label=\"Message actions\" data-qa=\"message-actions\"><\/div>\n<\/div>\n<\/div>\n<\/div>\n<\/div>\n<\/div>\n<p>&nbsp;<\/p>\n<h3>1. Gidi Markuszower had effe een bord \u2013 of in dit geval multomap \u2013 voor z&#8217;n kop hangen toen-ie zo met het conceptakkoord de deur uitliep.<\/h3>\n<blockquote class=\"twitter-tweet\">\n<p dir=\"ltr\" lang=\"nl\">Gidi Markuszower (PVV) loopt net met een concept hoofdlijnenakkoord naar binnen. Fotograaf Dirk Hol maakte er een foto van. <a href=\"https:\/\/t.co\/yizsAJJtJl\">pic.twitter.com\/yizsAJJtJl<\/a><\/p>\n<p>\u2014 Sam Hagens (@SamHvNL) <a href=\"https:\/\/twitter.com\/SamHvNL\/status\/1787419928926011412?ref_src=twsrc%5Etfw\">May 6, 2024<\/a><\/p><\/blockquote>\n<p><script async src=\"https:\/\/platform.twitter.com\/widgets.js\" charset=\"utf-8\"><\/script><\/p>\n<p>&nbsp;<\/p>\n<h3>2. Da&#8217;s pech, baan weg.<\/h3>\n<blockquote class=\"twitter-tweet\">\n<p dir=\"ltr\" lang=\"nl\">M\u2019n eerste uren als assistent van Gidi Markuszower zitten erop. Net nog een insteekmapje gemaakt met de hoofdlijnen van het regeerakkoord.<\/p>\n<p>Begin nu opeens wel te twijfelen of ik ze er ondersteboven in heb gestopt\u2026\ud83e\udd14<\/p>\n<p>\u2014 Flint (@flintstoon) <a href=\"https:\/\/twitter.com\/flintstoon\/status\/1787430930765754704?ref_src=twsrc%5Etfw\">May 6, 2024<\/a><\/p><\/blockquote>\n<p><script async src=\"https:\/\/platform.twitter.com\/widgets.js\" charset=\"utf-8\"><\/script><\/p>\n<p>&nbsp;<\/p>\n<h3>3. Ongeacht of ze dit conceptakkoord nou met opzet hebben gelekt&#8230;<\/h3>\n<blockquote class=\"twitter-tweet\">\n<p dir=\"ltr\" lang=\"nl\">Wilders, Omtzigt, Yesilg\u00f6z en Van der Plas na lekken hoofdlijnen regeerakkoord<a href=\"https:\/\/t.co\/eHqEBbCWLa\">pic.twitter.com\/eHqEBbCWLa<\/a><\/p>\n<p>\u2014 Flint (@flintstoon) <a href=\"https:\/\/twitter.com\/flintstoon\/status\/1787444794723106884?ref_src=twsrc%5Etfw\">May 6, 2024<\/a><\/p><\/blockquote>\n<p><script src=\"https:\/\/platform.twitter.com\/widgets.js\" async=\"\" charset=\"utf-8\"><\/script><\/p>\n<p>&nbsp;<\/p>\n<h3>4. &#8230;zou dit geen overbodige luxe zijn.<\/h3>\n<blockquote class=\"twitter-tweet\">\n<p dir=\"ltr\" lang=\"nl\">kan iemand deze mensen een paar multomappen geven alsjeblieft \ud83e\udd21 <a href=\"https:\/\/t.co\/Y4J91V6znR\">pic.twitter.com\/Y4J91V6znR<\/a><\/p>\n<p>\u2014 emma \ud83c\udf3c\ud83c\udf34 (@hetisemma) <a href=\"https:\/\/twitter.com\/hetisemma\/status\/1787425493802746195?ref_src=twsrc%5Etfw\">May 6, 2024<\/a><\/p><\/blockquote>\n<p><script async src=\"https:\/\/platform.twitter.com\/widgets.js\" charset=\"utf-8\"><\/script><\/p>\n<p>&nbsp;<\/p>\n<h3>5.\u00a0Gelukkig heeft HEMA nog altijd d\u00e9 oplossing.<\/h3>\n<blockquote class=\"twitter-tweet\">\n<p dir=\"ltr\" lang=\"nl\">We blijven het zeggen\u2026 \ud83d\ude48<br \/>\n(nu zelfs voor 1.99!)<a href=\"https:\/\/twitter.com\/hashtag\/Daargaanweweer?src=hash&amp;ref_src=twsrc%5Etfw\">#Daargaanweweer<\/a> <a href=\"https:\/\/twitter.com\/hashtag\/Flashback?src=hash&amp;ref_src=twsrc%5Etfw\">#Flashback<\/a> <a href=\"https:\/\/twitter.com\/hashtag\/Ollongren?src=hash&amp;ref_src=twsrc%5Etfw\">#Ollongren<\/a> <a href=\"https:\/\/twitter.com\/hashtag\/Mapje?src=hash&amp;ref_src=twsrc%5Etfw\">#Mapje<\/a> <a href=\"https:\/\/t.co\/ufrhfb3ftv\">pic.twitter.com\/ufrhfb3ftv<\/a><\/p>\n<p>\u2014 HEMA (@HEMA) <a href=\"https:\/\/twitter.com\/HEMA\/status\/1787450306038538614?ref_src=twsrc%5Etfw\">May 6, 2024<\/a><\/p><\/blockquote>\n<p><script src=\"https:\/\/platform.twitter.com\/widgets.js\" async=\"\" charset=\"utf-8\"><\/script><\/p>\n<p>&nbsp;<\/p>\n<h3>6. Gidi was vandaag in een gulle bui.<\/h3>\n<blockquote class=\"twitter-tweet\">\n<p dir=\"ltr\" lang=\"pl\">Gidi Markuszower be like: <a href=\"https:\/\/t.co\/sXf6uQC5UE\">pic.twitter.com\/sXf6uQC5UE<\/a><\/p>\n<p>\u2014 Mirthe Westrik (@MirtheWestrik) <a href=\"https:\/\/twitter.com\/MirtheWestrik\/status\/1787426953760223635?ref_src=twsrc%5Etfw\">May 6, 2024<\/a><\/p><\/blockquote>\n<p><script src=\"https:\/\/platform.twitter.com\/widgets.js\" async=\"\" charset=\"utf-8\"><\/script><\/p>\n<p>&nbsp;<\/p>\n<h3>7. Hij heeft het conceptakkoord nog net niet op z&#8217;n voorhoofd getatoe\u00eberd.<\/h3>\n<blockquote class=\"twitter-tweet\">\n<p dir=\"ltr\" lang=\"nl\">Dit is typisch het beeld van iemand die iets vertrouwelijks bij zich draagt en dat koste wat kost verborgen probeert te houden. <a href=\"https:\/\/t.co\/FzHzkXPPSi\">pic.twitter.com\/FzHzkXPPSi<\/a><\/p>\n<p>\u2014 Maarten Hopman (@maartenhopman94) <a href=\"https:\/\/twitter.com\/maartenhopman94\/status\/1787451708852834314?ref_src=twsrc%5Etfw\">May 6, 2024<\/a><\/p><\/blockquote>\n<p><script src=\"https:\/\/platform.twitter.com\/widgets.js\" async=\"\" charset=\"utf-8\"><\/script><\/p>\n<p>&nbsp;<\/p>\n<p><strong>Ben jij nou n\u00e9t op zoek naar een stage? Dat komt goed uit! Bij The Best Social zijn we op zoek naar een redactiestagiair(e), een visual design stagiair(e), een project management stagiair(e) en een content creative stagiair(e). Check snel <a href=\"https:\/\/www.thebestsocialjobs.com\/?location=\" target=\"_blank\" rel=\"noopener\">de vacatures op The Best Social Jobs.<\/a><\/strong><\/p>\n<blockquote class=\"instagram-media\" style=\"background: #FFF; border: 0; border-radius: 3px; box-shadow: 0 0 1px 0 rgba(0,0,0,0.5),0 1px 10px 0 rgba(0,0,0,0.15); margin: 1px; max-width: 540px; min-width: 326px; padding: 0; width: calc(100% - 2px);\" data-instgrm-captioned=\"\" data-instgrm-permalink=\"https:\/\/www.instagram.com\/p\/Cu87DwlIPA5\/?utm_source=ig_embed&amp;utm_campaign=loading\" data-instgrm-version=\"14\">\n<div style=\"padding: 16px;\">\n<p>&nbsp;<\/p>\n<div style=\"display: flex; flex-direction: row; align-items: center;\">\n<div style=\"background-color: #f4f4f4; border-radius: 50%; flex-grow: 0; height: 40px; margin-right: 14px; width: 40px;\"><\/div>\n<div style=\"display: flex; flex-direction: column; flex-grow: 1; justify-content: center;\">\n<div style=\"background-color: #f4f4f4; border-radius: 4px; flex-grow: 0; height: 14px; margin-bottom: 6px; width: 100px;\"><\/div>\n<div style=\"background-color: #f4f4f4; border-radius: 4px; flex-grow: 0; height: 14px; width: 60px;\"><\/div>\n<\/div>\n<\/div>\n<div style=\"padding: 19% 0;\"><\/div>\n<div style=\"display: block; height: 50px; margin: 0 auto 12px; width: 50px;\"><\/div>\n<div style=\"padding-top: 8px;\">\n<div style=\"color: #3897f0; font-family: Arial,sans-serif; font-size: 14px; font-style: normal; font-weight: 550; line-height: 18px;\">Dit bericht op Instagram bekijken<\/div>\n<\/div>\n<div style=\"padding: 12.5% 0;\"><\/div>\n<div style=\"display: flex; flex-direction: row; margin-bottom: 14px; align-items: center;\">\n<div>\n<div style=\"background-color: #f4f4f4; border-radius: 50%; height: 12.5px; width: 12.5px; transform: translateX(0px) translateY(7px);\"><\/div>\n<div style=\"background-color: #f4f4f4; height: 12.5px; transform: rotate(-45deg) translateX(3px) translateY(1px); width: 12.5px; flex-grow: 0; margin-right: 14px; margin-left: 2px;\"><\/div>\n<div style=\"background-color: #f4f4f4; border-radius: 50%; height: 12.5px; width: 12.5px; transform: translateX(9px) translateY(-18px);\"><\/div>\n<\/div>\n<div style=\"margin-left: 8px;\">\n<div style=\"background-color: #f4f4f4; border-radius: 50%; flex-grow: 0; height: 20px; width: 20px;\"><\/div>\n<div style=\"width: 0; height: 0; border-top: 2px solid transparent; border-left: 6px solid #f4f4f4; border-bottom: 2px solid transparent; transform: translateX(16px) translateY(-4px) rotate(30deg);\"><\/div>\n<\/div>\n<div style=\"margin-left: auto;\">\n<div style=\"width: 0px; border-top: 8px solid #F4F4F4; border-right: 8px solid transparent; transform: translateY(16px);\"><\/div>\n<div style=\"background-color: #f4f4f4; flex-grow: 0; height: 12px; width: 16px; transform: translateY(-4px);\"><\/div>\n<div style=\"width: 0; height: 0; border-top: 8px solid #F4F4F4; border-left: 8px solid transparent; transform: translateY(-4px) translateX(8px);\"><\/div>\n<\/div>\n<\/div>\n<div style=\"display: flex; flex-direction: column; flex-grow: 1; justify-content: center; margin-bottom: 24px;\">\n<div style=\"background-color: #f4f4f4; border-radius: 4px; flex-grow: 0; height: 14px; margin-bottom: 6px; width: 224px;\"><\/div>\n<div style=\"background-color: #f4f4f4; border-radius: 4px; flex-grow: 0; height: 14px; width: 144px;\"><\/div>\n<\/div>\n<p>&nbsp;<\/p>\n<p style=\"color: #c9c8cd; font-family: Arial,sans-serif; font-size: 14px; line-height: 17px; margin-bottom: 0; margin-top: 8px; overflow: hidden; padding: 8px 0 7px; text-align: center; text-overflow: ellipsis; white-space: nowrap;\"><a style=\"color: #c9c8cd; font-family: Arial,sans-serif; font-size: 14px; font-style: normal; font-weight: normal; line-height: 17px; text-decoration: none;\" href=\"https:\/\/www.instagram.com\/p\/Cu87DwlIPA5\/?utm_source=ig_embed&amp;utm_campaign=loading\" target=\"_blank\" rel=\"noopener\">Een bericht gedeeld door The Best Social (@thebestsocial)<\/a><\/p>\n<\/div>\n<\/blockquote>\n\n<p>&nbsp;<\/p>\n<p>&nbsp;<\/p>\n<script async defer src=\"\/instagram-embed.js\"><\/script>","protected":false},"excerpt":{"rendered":"<p>Iemand uit de politiek is gefotografeerd met een document dat ab-so-luut geheim moest blijven. Nee, je leest geen nieuwsbericht uit 2021. En ja, dit is&#8230;<\/p>\n","protected":false},"author":96,"featured_media":309839,"comment_status":"open","ping_status":"open","sticky":false,"template":"","format":"standard","meta":{"_acf_changed":false,"footnotes":""},"categories":[16,17],"tags":[9276,408,1042],"class_list":["post-309825","post","type-post","status-publish","format-standard","has-post-thumbnail","hentry","category-blogs","category-nieuws","tag-conceptakkoord","tag-pvv","tag-tweede-kamer"],"acf":[],"yoast_head":"<!-- This site is optimized with the Yoast SEO plugin v27.4 - https:\/\/yoast.com\/product\/yoast-seo-wordpress\/ -->\n<title>Nederlanders drijven online de spot met uitlekken conceptakkoord<\/title>\n<meta name=\"description\" content=\"Mensen op X laten dit nieuws niet voor wat het is en drijven online de spot met het uitlekken van het conceptakkoord.\" \/>\n<meta name=\"robots\" content=\"index, follow, max-snippet:-1, max-image-preview:large, max-video-preview:-1\" \/>\n<link rel=\"canonical\" href=\"https:\/\/www.thebestsocial.media\/nl\/conceptakkoord-formatie-tweede-kamer-pvv-nederland\/\" \/>\n<meta property=\"og:locale\" content=\"nl_NL\" \/>\n<meta property=\"og:type\" content=\"article\" \/>\n<meta property=\"og:title\" content=\"Nederlanders drijven online de spot met uitlekken conceptakkoord\" \/>\n<meta property=\"og:description\" content=\"Mensen op X laten dit nieuws niet voor wat het is en drijven online de spot met het uitlekken van het conceptakkoord.\" \/>\n<meta property=\"og:url\" content=\"https:\/\/www.thebestsocial.media\/nl\/conceptakkoord-formatie-tweede-kamer-pvv-nederland\/\" \/>\n<meta property=\"og:site_name\" content=\"The Best Social Media NL\" \/>\n<meta property=\"article:published_time\" content=\"2024-05-06T15:32:46+00:00\" \/>\n<meta property=\"og:image\" content=\"https:\/\/www.thebestsocial.media\/nl\/wp-content\/uploads\/sites\/2\/2024\/05\/header-10.png\" \/>\n\t<meta property=\"og:image:width\" content=\"1200\" \/>\n\t<meta property=\"og:image:height\" content=\"630\" \/>\n\t<meta property=\"og:image:type\" content=\"image\/png\" \/>\n<meta name=\"author\" content=\"yannick\" \/>\n<meta name=\"twitter:card\" content=\"summary_large_image\" \/>\n<meta name=\"twitter:title\" content=\"Nederlanders drijven online de spot met uitlekken conceptakkoord\" \/>\n<meta name=\"twitter:description\" content=\"Mensen op X laten dit nieuws niet voor wat het is en drijven online de spot met het uitlekken van het conceptakkoord.\" \/>\n<meta name=\"twitter:image\" content=\"https:\/\/www.thebestsocial.media\/nl\/wp-content\/uploads\/sites\/2\/2024\/05\/header-10.png\" \/>\n<meta name=\"twitter:label1\" content=\"Geschreven door\" \/>\n\t<meta name=\"twitter:data1\" content=\"yannick\" \/>\n\t<meta name=\"twitter:label2\" content=\"Geschatte leestijd\" \/>\n\t<meta name=\"twitter:data2\" content=\"2 minuten\" \/>\n<script type=\"application\/ld+json\" class=\"yoast-schema-graph\">{\"@context\":\"https:\\\/\\\/schema.org\",\"@graph\":[{\"@type\":\"Article\",\"@id\":\"https:\\\/\\\/www.thebestsocial.media\\\/nl\\\/conceptakkoord-formatie-tweede-kamer-pvv-nederland\\\/#article\",\"isPartOf\":{\"@id\":\"https:\\\/\\\/www.thebestsocial.media\\\/nl\\\/conceptakkoord-formatie-tweede-kamer-pvv-nederland\\\/\"},\"author\":{\"name\":\"yannick\",\"@id\":\"https:\\\/\\\/www.thebestsocial.media\\\/nl\\\/#\\\/schema\\\/person\\\/2b65a07de209cd1d416a21f959fdf166\"},\"headline\":\"Nederlanders drijven online de spot met uitlekken conceptakkoord\",\"datePublished\":\"2024-05-06T15:32:46+00:00\",\"mainEntityOfPage\":{\"@id\":\"https:\\\/\\\/www.thebestsocial.media\\\/nl\\\/conceptakkoord-formatie-tweede-kamer-pvv-nederland\\\/\"},\"wordCount\":408,\"commentCount\":0,\"image\":{\"@id\":\"https:\\\/\\\/www.thebestsocial.media\\\/nl\\\/conceptakkoord-formatie-tweede-kamer-pvv-nederland\\\/#primaryimage\"},\"thumbnailUrl\":\"https:\\\/\\\/www.thebestsocial.media\\\/nl\\\/wp-content\\\/uploads\\\/sites\\\/2\\\/2024\\\/05\\\/uitgelicht-gidi.png\",\"keywords\":[\"conceptakkoord\",\"pvv\",\"tweede kamer\"],\"articleSection\":[\"Blogs\",\"Nieuws\"],\"inLanguage\":\"nl-NL\",\"potentialAction\":[{\"@type\":\"CommentAction\",\"name\":\"Comment\",\"target\":[\"https:\\\/\\\/www.thebestsocial.media\\\/nl\\\/conceptakkoord-formatie-tweede-kamer-pvv-nederland\\\/#respond\"]}]},{\"@type\":\"WebPage\",\"@id\":\"https:\\\/\\\/www.thebestsocial.media\\\/nl\\\/conceptakkoord-formatie-tweede-kamer-pvv-nederland\\\/\",\"url\":\"https:\\\/\\\/www.thebestsocial.media\\\/nl\\\/conceptakkoord-formatie-tweede-kamer-pvv-nederland\\\/\",\"name\":\"Nederlanders drijven online de spot met uitlekken conceptakkoord\",\"isPartOf\":{\"@id\":\"https:\\\/\\\/www.thebestsocial.media\\\/nl\\\/#website\"},\"primaryImageOfPage\":{\"@id\":\"https:\\\/\\\/www.thebestsocial.media\\\/nl\\\/conceptakkoord-formatie-tweede-kamer-pvv-nederland\\\/#primaryimage\"},\"image\":{\"@id\":\"https:\\\/\\\/www.thebestsocial.media\\\/nl\\\/conceptakkoord-formatie-tweede-kamer-pvv-nederland\\\/#primaryimage\"},\"thumbnailUrl\":\"https:\\\/\\\/www.thebestsocial.media\\\/nl\\\/wp-content\\\/uploads\\\/sites\\\/2\\\/2024\\\/05\\\/uitgelicht-gidi.png\",\"datePublished\":\"2024-05-06T15:32:46+00:00\",\"author\":{\"@id\":\"https:\\\/\\\/www.thebestsocial.media\\\/nl\\\/#\\\/schema\\\/person\\\/2b65a07de209cd1d416a21f959fdf166\"},\"description\":\"Mensen op X laten dit nieuws niet voor wat het is en drijven online de spot met het uitlekken van het conceptakkoord.\",\"breadcrumb\":{\"@id\":\"https:\\\/\\\/www.thebestsocial.media\\\/nl\\\/conceptakkoord-formatie-tweede-kamer-pvv-nederland\\\/#breadcrumb\"},\"inLanguage\":\"nl-NL\",\"potentialAction\":[{\"@type\":\"ReadAction\",\"target\":[\"https:\\\/\\\/www.thebestsocial.media\\\/nl\\\/conceptakkoord-formatie-tweede-kamer-pvv-nederland\\\/\"]}]},{\"@type\":\"ImageObject\",\"inLanguage\":\"nl-NL\",\"@id\":\"https:\\\/\\\/www.thebestsocial.media\\\/nl\\\/conceptakkoord-formatie-tweede-kamer-pvv-nederland\\\/#primaryimage\",\"url\":\"https:\\\/\\\/www.thebestsocial.media\\\/nl\\\/wp-content\\\/uploads\\\/sites\\\/2\\\/2024\\\/05\\\/uitgelicht-gidi.png\",\"contentUrl\":\"https:\\\/\\\/www.thebestsocial.media\\\/nl\\\/wp-content\\\/uploads\\\/sites\\\/2\\\/2024\\\/05\\\/uitgelicht-gidi.png\",\"width\":1200,\"height\":630,\"caption\":\"conceptakkoord\"},{\"@type\":\"BreadcrumbList\",\"@id\":\"https:\\\/\\\/www.thebestsocial.media\\\/nl\\\/conceptakkoord-formatie-tweede-kamer-pvv-nederland\\\/#breadcrumb\",\"itemListElement\":[{\"@type\":\"ListItem\",\"position\":1,\"name\":\"Home\",\"item\":\"https:\\\/\\\/www.thebestsocial.media\\\/nl\\\/\"},{\"@type\":\"ListItem\",\"position\":2,\"name\":\"Nederlanders drijven online de spot met uitlekken conceptakkoord\"}]},{\"@type\":\"WebSite\",\"@id\":\"https:\\\/\\\/www.thebestsocial.media\\\/nl\\\/#website\",\"url\":\"https:\\\/\\\/www.thebestsocial.media\\\/nl\\\/\",\"name\":\"The Best Social Media NL\",\"description\":\"Zoeklicht in de Digital Chaos\",\"potentialAction\":[{\"@type\":\"SearchAction\",\"target\":{\"@type\":\"EntryPoint\",\"urlTemplate\":\"https:\\\/\\\/www.thebestsocial.media\\\/nl\\\/?s={search_term_string}\"},\"query-input\":{\"@type\":\"PropertyValueSpecification\",\"valueRequired\":true,\"valueName\":\"search_term_string\"}}],\"inLanguage\":\"nl-NL\"},{\"@type\":\"Person\",\"@id\":\"https:\\\/\\\/www.thebestsocial.media\\\/nl\\\/#\\\/schema\\\/person\\\/2b65a07de209cd1d416a21f959fdf166\",\"name\":\"yannick\",\"image\":{\"@type\":\"ImageObject\",\"inLanguage\":\"nl-NL\",\"@id\":\"https:\\\/\\\/secure.gravatar.com\\\/avatar\\\/8909b7412361c45e4fc0664b3e04faa1ad03832e065a1098c95a21a0527771d4?s=96&d=mm&r=g\",\"url\":\"https:\\\/\\\/secure.gravatar.com\\\/avatar\\\/8909b7412361c45e4fc0664b3e04faa1ad03832e065a1098c95a21a0527771d4?s=96&d=mm&r=g\",\"contentUrl\":\"https:\\\/\\\/secure.gravatar.com\\\/avatar\\\/8909b7412361c45e4fc0664b3e04faa1ad03832e065a1098c95a21a0527771d4?s=96&d=mm&r=g\",\"caption\":\"yannick\"},\"description\":\"Geboren en getogen Bredanaar. Droomde altijd van een carri\u00e8re als profvoetballer, maar is gestrand in de Kelderklasse. Nu geeft ze hier onnodig 'commentaar' op sport, collega's (\u00e9\u00e9n in het bijzonder) en mensen die iconische memes niet kennen.\",\"sameAs\":[\"https:\\\/\\\/www.instagram.com\\\/yannicksnoek\\\/\",\"https:\\\/\\\/www.linkedin.com\\\/in\\\/yannick-s-743aa110b\\\/\"],\"url\":\"https:\\\/\\\/www.thebestsocial.media\\\/nl\\\/author\\\/yannick\\\/\"}]}<\/script>\n<!-- \/ Yoast SEO plugin. -->","yoast_head_json":{"title":"Nederlanders drijven online de spot met uitlekken conceptakkoord","description":"Mensen op X laten dit nieuws niet voor wat het is en drijven online de spot met het uitlekken van het conceptakkoord.","robots":{"index":"index","follow":"follow","max-snippet":"max-snippet:-1","max-image-preview":"max-image-preview:large","max-video-preview":"max-video-preview:-1"},"canonical":"https:\/\/www.thebestsocial.media\/nl\/conceptakkoord-formatie-tweede-kamer-pvv-nederland\/","og_locale":"nl_NL","og_type":"article","og_title":"Nederlanders drijven online de spot met uitlekken conceptakkoord","og_description":"Mensen op X laten dit nieuws niet voor wat het is en drijven online de spot met het uitlekken van het conceptakkoord.","og_url":"https:\/\/www.thebestsocial.media\/nl\/conceptakkoord-formatie-tweede-kamer-pvv-nederland\/","og_site_name":"The Best Social Media NL","article_published_time":"2024-05-06T15:32:46+00:00","og_image":[{"width":1200,"height":630,"url":"https:\/\/www.thebestsocial.media\/nl\/wp-content\/uploads\/sites\/2\/2024\/05\/header-10.png","type":"image\/png"}],"author":"yannick","twitter_card":"summary_large_image","twitter_title":"Nederlanders drijven online de spot met uitlekken conceptakkoord","twitter_description":"Mensen op X laten dit nieuws niet voor wat het is en drijven online de spot met het uitlekken van het conceptakkoord.","twitter_image":"https:\/\/www.thebestsocial.media\/nl\/wp-content\/uploads\/sites\/2\/2024\/05\/header-10.png","twitter_misc":{"Geschreven door":"yannick","Geschatte leestijd":"2 minuten"},"schema":{"@context":"https:\/\/schema.org","@graph":[{"@type":"Article","@id":"https:\/\/www.thebestsocial.media\/nl\/conceptakkoord-formatie-tweede-kamer-pvv-nederland\/#article","isPartOf":{"@id":"https:\/\/www.thebestsocial.media\/nl\/conceptakkoord-formatie-tweede-kamer-pvv-nederland\/"},"author":{"name":"yannick","@id":"https:\/\/www.thebestsocial.media\/nl\/#\/schema\/person\/2b65a07de209cd1d416a21f959fdf166"},"headline":"Nederlanders drijven online de spot met uitlekken conceptakkoord","datePublished":"2024-05-06T15:32:46+00:00","mainEntityOfPage":{"@id":"https:\/\/www.thebestsocial.media\/nl\/conceptakkoord-formatie-tweede-kamer-pvv-nederland\/"},"wordCount":408,"commentCount":0,"image":{"@id":"https:\/\/www.thebestsocial.media\/nl\/conceptakkoord-formatie-tweede-kamer-pvv-nederland\/#primaryimage"},"thumbnailUrl":"https:\/\/www.thebestsocial.media\/nl\/wp-content\/uploads\/sites\/2\/2024\/05\/uitgelicht-gidi.png","keywords":["conceptakkoord","pvv","tweede kamer"],"articleSection":["Blogs","Nieuws"],"inLanguage":"nl-NL","potentialAction":[{"@type":"CommentAction","name":"Comment","target":["https:\/\/www.thebestsocial.media\/nl\/conceptakkoord-formatie-tweede-kamer-pvv-nederland\/#respond"]}]},{"@type":"WebPage","@id":"https:\/\/www.thebestsocial.media\/nl\/conceptakkoord-formatie-tweede-kamer-pvv-nederland\/","url":"https:\/\/www.thebestsocial.media\/nl\/conceptakkoord-formatie-tweede-kamer-pvv-nederland\/","name":"Nederlanders drijven online de spot met uitlekken conceptakkoord","isPartOf":{"@id":"https:\/\/www.thebestsocial.media\/nl\/#website"},"primaryImageOfPage":{"@id":"https:\/\/www.thebestsocial.media\/nl\/conceptakkoord-formatie-tweede-kamer-pvv-nederland\/#primaryimage"},"image":{"@id":"https:\/\/www.thebestsocial.media\/nl\/conceptakkoord-formatie-tweede-kamer-pvv-nederland\/#primaryimage"},"thumbnailUrl":"https:\/\/www.thebestsocial.media\/nl\/wp-content\/uploads\/sites\/2\/2024\/05\/uitgelicht-gidi.png","datePublished":"2024-05-06T15:32:46+00:00","author":{"@id":"https:\/\/www.thebestsocial.media\/nl\/#\/schema\/person\/2b65a07de209cd1d416a21f959fdf166"},"description":"Mensen op X laten dit nieuws niet voor wat het is en drijven online de spot met het uitlekken van het conceptakkoord.","breadcrumb":{"@id":"https:\/\/www.thebestsocial.media\/nl\/conceptakkoord-formatie-tweede-kamer-pvv-nederland\/#breadcrumb"},"inLanguage":"nl-NL","potentialAction":[{"@type":"ReadAction","target":["https:\/\/www.thebestsocial.media\/nl\/conceptakkoord-formatie-tweede-kamer-pvv-nederland\/"]}]},{"@type":"ImageObject","inLanguage":"nl-NL","@id":"https:\/\/www.thebestsocial.media\/nl\/conceptakkoord-formatie-tweede-kamer-pvv-nederland\/#primaryimage","url":"https:\/\/www.thebestsocial.media\/nl\/wp-content\/uploads\/sites\/2\/2024\/05\/uitgelicht-gidi.png","contentUrl":"https:\/\/www.thebestsocial.media\/nl\/wp-content\/uploads\/sites\/2\/2024\/05\/uitgelicht-gidi.png","width":1200,"height":630,"caption":"conceptakkoord"},{"@type":"BreadcrumbList","@id":"https:\/\/www.thebestsocial.media\/nl\/conceptakkoord-formatie-tweede-kamer-pvv-nederland\/#breadcrumb","itemListElement":[{"@type":"ListItem","position":1,"name":"Home","item":"https:\/\/www.thebestsocial.media\/nl\/"},{"@type":"ListItem","position":2,"name":"Nederlanders drijven online de spot met uitlekken conceptakkoord"}]},{"@type":"WebSite","@id":"https:\/\/www.thebestsocial.media\/nl\/#website","url":"https:\/\/www.thebestsocial.media\/nl\/","name":"The Best Social Media NL","description":"Zoeklicht in de Digital Chaos","potentialAction":[{"@type":"SearchAction","target":{"@type":"EntryPoint","urlTemplate":"https:\/\/www.thebestsocial.media\/nl\/?s={search_term_string}"},"query-input":{"@type":"PropertyValueSpecification","valueRequired":true,"valueName":"search_term_string"}}],"inLanguage":"nl-NL"},{"@type":"Person","@id":"https:\/\/www.thebestsocial.media\/nl\/#\/schema\/person\/2b65a07de209cd1d416a21f959fdf166","name":"yannick","image":{"@type":"ImageObject","inLanguage":"nl-NL","@id":"https:\/\/secure.gravatar.com\/avatar\/8909b7412361c45e4fc0664b3e04faa1ad03832e065a1098c95a21a0527771d4?s=96&d=mm&r=g","url":"https:\/\/secure.gravatar.com\/avatar\/8909b7412361c45e4fc0664b3e04faa1ad03832e065a1098c95a21a0527771d4?s=96&d=mm&r=g","contentUrl":"https:\/\/secure.gravatar.com\/avatar\/8909b7412361c45e4fc0664b3e04faa1ad03832e065a1098c95a21a0527771d4?s=96&d=mm&r=g","caption":"yannick"},"description":"Geboren en getogen Bredanaar. Droomde altijd van een carri\u00e8re als profvoetballer, maar is gestrand in de Kelderklasse. Nu geeft ze hier onnodig 'commentaar' op sport, collega's (\u00e9\u00e9n in het bijzonder) en mensen die iconische memes niet kennen.","sameAs":["https:\/\/www.instagram.com\/yannicksnoek\/","https:\/\/www.linkedin.com\/in\/yannick-s-743aa110b\/"],"url":"https:\/\/www.thebestsocial.media\/nl\/author\/yannick\/"}]}},"amp_enabled":true,"_links":{"self":[{"href":"https:\/\/www.thebestsocial.media\/nl\/wp-json\/wp\/v2\/posts\/309825","targetHints":{"allow":["GET"]}}],"collection":[{"href":"https:\/\/www.thebestsocial.media\/nl\/wp-json\/wp\/v2\/posts"}],"about":[{"href":"https:\/\/www.thebestsocial.media\/nl\/wp-json\/wp\/v2\/types\/post"}],"author":[{"embeddable":true,"href":"https:\/\/www.thebestsocial.media\/nl\/wp-json\/wp\/v2\/users\/96"}],"replies":[{"embeddable":true,"href":"https:\/\/www.thebestsocial.media\/nl\/wp-json\/wp\/v2\/comments?post=309825"}],"version-history":[{"count":15,"href":"https:\/\/www.thebestsocial.media\/nl\/wp-json\/wp\/v2\/posts\/309825\/revisions"}],"predecessor-version":[{"id":309852,"href":"https:\/\/www.thebestsocial.media\/nl\/wp-json\/wp\/v2\/posts\/309825\/revisions\/309852"}],"wp:featuredmedia":[{"embeddable":true,"href":"https:\/\/www.thebestsocial.media\/nl\/wp-json\/wp\/v2\/media\/309839"}],"wp:attachment":[{"href":"https:\/\/www.thebestsocial.media\/nl\/wp-json\/wp\/v2\/media?parent=309825"}],"wp:term":[{"taxonomy":"category","embeddable":true,"href":"https:\/\/www.thebestsocial.media\/nl\/wp-json\/wp\/v2\/categories?post=309825"},{"taxonomy":"post_tag","embeddable":true,"href":"https:\/\/www.thebestsocial.media\/nl\/wp-json\/wp\/v2\/tags?post=309825"}],"curies":[{"name":"wp","href":"https:\/\/api.w.org\/{rel}","templated":true}]}}