{"id":298427,"date":"2024-03-22T11:08:28","date_gmt":"2024-03-22T10:08:28","guid":{"rendered":"https:\/\/www.thebestsocial.media\/nl\/?p=298427"},"modified":"2024-03-22T11:08:28","modified_gmt":"2024-03-22T10:08:28","slug":"kenza-neemt-je-dag-mee-in-ramadan-iftar","status":"publish","type":"post","link":"https:\/\/www.thebestsocial.media\/nl\/kenza-neemt-je-dag-mee-in-ramadan-iftar\/","title":{"rendered":"Kenza geeft online een realistisch kijkje in haar leven tijdens de ramadan"},"content":{"rendered":"<p>Voor veel moslims zitten de eerste twee weken van de ramadan\u00a0er alweer op. Dag in dag uit staan zij bijzonder vroeg op om voor zonsopkomst nog wat voedingsstoffen binnen te krijgen, aangezien er pas n\u00e1 zonsondergang weer gegeten of gedronken mag worden. En omdat dit een aardig groot effect op je dagelijkse leven kan hebben, geeft\u00a0<a href=\"https:\/\/www.tiktok.com\/@kenzje\" target=\"_blank\" rel=\"noopener\" data-saferedirecturl=\"https:\/\/www.google.com\/url?q=https:\/\/www.tiktok.com\/@kenzje&amp;source=gmail&amp;ust=1711187755717000&amp;usg=AOvVaw3IWmW7nTPPem2pQzHyxM6K\">Kenza<\/a>\u00a0op TikTok een realistische kijkje in haar leven tijdens de ramadan.<\/p>\n<p>&nbsp;<\/p>\n<h3>1. Hoewel de eerste dag van de ramadan goed begint, krijgt Kenza het naarmate de dag vordert steeds wat zwaarder.<\/h3>\n<p><iframe loading=\"lazy\" src=\"\/tiktok-cache\/7345258407567428897\/552b466874cdcd1354d08c9e144af8df0fb693e157943b3d13cd6c34\" width=\"623\" height=\"1108\" style=\"border:0; height:90vh; width:50.625000vh;\" scrolling=\"no\"><\/iframe><\/p>\n<p>&nbsp;<\/p>\n<h3>2. Mensen in de comments wensen haar dan ook een fijne ramadan toe.<\/h3>\n<p><img loading=\"lazy\" decoding=\"async\" class=\"alignnone wp-image-298436 size-full\" src=\"https:\/\/www.thebestsocial.media\/nl\/wp-content\/uploads\/sites\/2\/2024\/03\/fijne.png\" alt=\"ramadan\" width=\"568\" height=\"143\" srcset=\"https:\/\/www.thebestsocial.media\/nl\/wp-content\/uploads\/sites\/2\/2024\/03\/fijne.png 568w, https:\/\/www.thebestsocial.media\/nl\/wp-content\/uploads\/sites\/2\/2024\/03\/fijne-300x76.png 300w\" sizes=\"auto, (max-width: 568px) 100vw, 568px\" \/><\/p>\n<p><img loading=\"lazy\" decoding=\"async\" class=\"alignnone wp-image-298437 size-full\" src=\"https:\/\/www.thebestsocial.media\/nl\/wp-content\/uploads\/sites\/2\/2024\/03\/wensen.png\" alt=\"\" width=\"610\" height=\"131\" srcset=\"https:\/\/www.thebestsocial.media\/nl\/wp-content\/uploads\/sites\/2\/2024\/03\/wensen.png 610w, https:\/\/www.thebestsocial.media\/nl\/wp-content\/uploads\/sites\/2\/2024\/03\/wensen-300x64.png 300w\" sizes=\"auto, (max-width: 610px) 100vw, 610px\" \/><\/p>\n<p>&nbsp;<\/p>\n<h3>3. Aangezien het leven tijdens de ramadan gewoon doorgaat, deelt Kenza ook een dagje op kantoor.<\/h3>\n<p><iframe loading=\"lazy\" src=\"\/tiktok-cache\/7345994243132935457\/df10ff469936def14ab6da1c7d35b4ec39731ec0387a38d1095c1bac\" width=\"623\" height=\"1108\" style=\"border:0; height:90vh; width:50.625000vh;\" scrolling=\"no\"><\/iframe><\/p>\n<p>&nbsp;<\/p>\n<h3>4. En die hakt er op een gegeven moment toch lichtelijk in.<\/h3>\n<p><img loading=\"lazy\" decoding=\"async\" class=\"alignnone wp-image-298440 size-full\" src=\"https:\/\/www.thebestsocial.media\/nl\/wp-content\/uploads\/sites\/2\/2024\/03\/moeheid.png\" alt=\"\" width=\"992\" height=\"166\" srcset=\"https:\/\/www.thebestsocial.media\/nl\/wp-content\/uploads\/sites\/2\/2024\/03\/moeheid.png 992w, https:\/\/www.thebestsocial.media\/nl\/wp-content\/uploads\/sites\/2\/2024\/03\/moeheid-300x50.png 300w, https:\/\/www.thebestsocial.media\/nl\/wp-content\/uploads\/sites\/2\/2024\/03\/moeheid-768x129.png 768w\" sizes=\"auto, (max-width: 992px) 100vw, 992px\" \/><\/p>\n<p>&nbsp;<\/p>\n<h3>5. Wanneer Kenza&#8217;s moeder effe haar debuut in de video&#8217;s maakt&#8230;<\/h3>\n<p><iframe loading=\"lazy\" src=\"\/tiktok-cache\/7347084810168306976\/67449ded754f66c0b37c3c703c419840dc8a4d56537bd6b51e826d56\" width=\"623\" height=\"1108\" style=\"border:0; height:90vh; width:50.625000vh;\" scrolling=\"no\"><\/iframe><\/p>\n<p>&nbsp;<\/p>\n<h3>6. &#8230;roept dat online veel lof op.<\/h3>\n<p><img loading=\"lazy\" decoding=\"async\" class=\"alignnone wp-image-298453 size-full\" src=\"https:\/\/www.thebestsocial.media\/nl\/wp-content\/uploads\/sites\/2\/2024\/03\/moeder.png\" alt=\"\" width=\"1506\" height=\"216\" srcset=\"https:\/\/www.thebestsocial.media\/nl\/wp-content\/uploads\/sites\/2\/2024\/03\/moeder.png 1506w, https:\/\/www.thebestsocial.media\/nl\/wp-content\/uploads\/sites\/2\/2024\/03\/moeder-300x43.png 300w, https:\/\/www.thebestsocial.media\/nl\/wp-content\/uploads\/sites\/2\/2024\/03\/moeder-1024x147.png 1024w, https:\/\/www.thebestsocial.media\/nl\/wp-content\/uploads\/sites\/2\/2024\/03\/moeder-768x110.png 768w\" sizes=\"auto, (max-width: 1506px) 100vw, 1506px\" \/><\/p>\n<p>&nbsp;<\/p>\n<h3>7. Hier en daar brengen de video&#8217;s van Kenza natuurlijk ook wat vragen teweeg.<\/h3>\n<p><img loading=\"lazy\" decoding=\"async\" class=\"alignnone wp-image-298445 size-full\" src=\"https:\/\/www.thebestsocial.media\/nl\/wp-content\/uploads\/sites\/2\/2024\/03\/muziek-1.png\" alt=\"\" width=\"1538\" height=\"198\" srcset=\"https:\/\/www.thebestsocial.media\/nl\/wp-content\/uploads\/sites\/2\/2024\/03\/muziek-1.png 1538w, https:\/\/www.thebestsocial.media\/nl\/wp-content\/uploads\/sites\/2\/2024\/03\/muziek-1-300x39.png 300w, https:\/\/www.thebestsocial.media\/nl\/wp-content\/uploads\/sites\/2\/2024\/03\/muziek-1-1024x132.png 1024w, https:\/\/www.thebestsocial.media\/nl\/wp-content\/uploads\/sites\/2\/2024\/03\/muziek-1-768x99.png 768w, https:\/\/www.thebestsocial.media\/nl\/wp-content\/uploads\/sites\/2\/2024\/03\/muziek-1-1536x198.png 1536w\" sizes=\"auto, (max-width: 1538px) 100vw, 1538px\" \/><\/p>\n<p><img loading=\"lazy\" decoding=\"async\" class=\"alignnone wp-image-298444 size-full\" src=\"https:\/\/www.thebestsocial.media\/nl\/wp-content\/uploads\/sites\/2\/2024\/03\/make-up.png\" alt=\"\" width=\"888\" height=\"168\" srcset=\"https:\/\/www.thebestsocial.media\/nl\/wp-content\/uploads\/sites\/2\/2024\/03\/make-up.png 888w, https:\/\/www.thebestsocial.media\/nl\/wp-content\/uploads\/sites\/2\/2024\/03\/make-up-300x57.png 300w, https:\/\/www.thebestsocial.media\/nl\/wp-content\/uploads\/sites\/2\/2024\/03\/make-up-768x145.png 768w\" sizes=\"auto, (max-width: 888px) 100vw, 888px\" \/><\/p>\n<p>&nbsp;<\/p>\n<h3>8. Kenza geeft met haar video&#8217;s een duidelijk beeld van hoe iemand de ramadan kan ervaren.<\/h3>\n<p><iframe loading=\"lazy\" src=\"\/tiktok-cache\/7348472690027564321\/1349a28b9f362bec2598a24840ebcccc62f2d5766f08297c265fa0e8\" width=\"623\" height=\"1108\" style=\"border:0; height:90vh; width:50.625000vh;\" scrolling=\"no\"><\/iframe><\/p>\n<p>&nbsp;<\/p>\n<h3>9. En omdat ze in ieder geval niet bang is om zichzelf te laten zien&#8230;<\/h3>\n<p><img loading=\"lazy\" decoding=\"async\" class=\"alignnone wp-image-298446 size-full\" src=\"https:\/\/www.thebestsocial.media\/nl\/wp-content\/uploads\/sites\/2\/2024\/03\/real.png\" alt=\"ramadan\" width=\"610\" height=\"170\" srcset=\"https:\/\/www.thebestsocial.media\/nl\/wp-content\/uploads\/sites\/2\/2024\/03\/real.png 610w, https:\/\/www.thebestsocial.media\/nl\/wp-content\/uploads\/sites\/2\/2024\/03\/real-300x84.png 300w\" sizes=\"auto, (max-width: 610px) 100vw, 610px\" \/><\/p>\n<p>&nbsp;<\/p>\n<h3>10. &#8230;heeft ze intussen een trouwe fanbase opgebouwd.<\/h3>\n<p><img loading=\"lazy\" decoding=\"async\" class=\"alignnone wp-image-298439 size-full\" src=\"https:\/\/www.thebestsocial.media\/nl\/wp-content\/uploads\/sites\/2\/2024\/03\/invested.png\" alt=\"\" width=\"1216\" height=\"174\" srcset=\"https:\/\/www.thebestsocial.media\/nl\/wp-content\/uploads\/sites\/2\/2024\/03\/invested.png 1216w, https:\/\/www.thebestsocial.media\/nl\/wp-content\/uploads\/sites\/2\/2024\/03\/invested-300x43.png 300w, https:\/\/www.thebestsocial.media\/nl\/wp-content\/uploads\/sites\/2\/2024\/03\/invested-1024x147.png 1024w, https:\/\/www.thebestsocial.media\/nl\/wp-content\/uploads\/sites\/2\/2024\/03\/invested-768x110.png 768w\" sizes=\"auto, (max-width: 1216px) 100vw, 1216px\" \/><\/p>\n<p><img loading=\"lazy\" decoding=\"async\" class=\"alignnone wp-image-298457 size-full\" src=\"https:\/\/www.thebestsocial.media\/nl\/wp-content\/uploads\/sites\/2\/2024\/03\/dag.png\" alt=\"\" width=\"600\" height=\"170\" srcset=\"https:\/\/www.thebestsocial.media\/nl\/wp-content\/uploads\/sites\/2\/2024\/03\/dag.png 600w, https:\/\/www.thebestsocial.media\/nl\/wp-content\/uploads\/sites\/2\/2024\/03\/dag-300x85.png 300w\" sizes=\"auto, (max-width: 600px) 100vw, 600px\" \/><\/p>\n<p>&nbsp;<\/p>\n<p><strong>Ben jij op zoek naar een stage? Nou, dan hebben we goed nieuws voor je. Bij The Best Social Media zijn we voor de zomerperiode \u00e9n voor de periode vanaf september 2024 op zoek naar een redactiestagiair(e). Kent TikTok geen geheimen voor jou? En wil je n\u00f3g beter worden in het schrijven van artikelen? Check dan snel <a href=\"https:\/\/www.thebestsocialjobs.com\/vacature\/redactiestage-the-best-social-media\/\" target=\"_blank\" rel=\"noopener\">de vacature<\/a> op The Best Social Jobs!<\/strong><\/p>\n<blockquote class=\"instagram-media\" style=\"background: #FFF; border: 0; border-radius: 3px; box-shadow: 0 0 1px 0 rgba(0,0,0,0.5),0 1px 10px 0 rgba(0,0,0,0.15); margin: 1px; max-width: 540px; min-width: 326px; padding: 0; width: calc(100% - 2px);\" data-instgrm-captioned=\"\" data-instgrm-permalink=\"https:\/\/www.instagram.com\/p\/Cu87DwlIPA5\/?utm_source=ig_embed&amp;utm_campaign=loading\" data-instgrm-version=\"14\">\n<div style=\"padding: 16px;\">\n<p>&nbsp;<\/p>\n<div style=\"display: flex; flex-direction: row; align-items: center;\">\n<div style=\"background-color: #f4f4f4; border-radius: 50%; flex-grow: 0; height: 40px; margin-right: 14px; width: 40px;\"><\/div>\n<div style=\"display: flex; flex-direction: column; flex-grow: 1; justify-content: center;\">\n<div style=\"background-color: #f4f4f4; border-radius: 4px; flex-grow: 0; height: 14px; margin-bottom: 6px; width: 100px;\"><\/div>\n<div style=\"background-color: #f4f4f4; border-radius: 4px; flex-grow: 0; height: 14px; width: 60px;\"><\/div>\n<\/div>\n<\/div>\n<div style=\"padding: 19% 0;\"><\/div>\n<div style=\"display: block; height: 50px; margin: 0 auto 12px; width: 50px;\"><\/div>\n<div style=\"padding-top: 8px;\">\n<div style=\"color: #3897f0; font-family: Arial,sans-serif; font-size: 14px; font-style: normal; font-weight: 550; line-height: 18px;\">Dit bericht op Instagram bekijken<\/div>\n<\/div>\n<div style=\"padding: 12.5% 0;\"><\/div>\n<div style=\"display: flex; flex-direction: row; margin-bottom: 14px; align-items: center;\">\n<div>\n<div style=\"background-color: #f4f4f4; border-radius: 50%; height: 12.5px; width: 12.5px; transform: translateX(0px) translateY(7px);\"><\/div>\n<div style=\"background-color: #f4f4f4; height: 12.5px; transform: rotate(-45deg) translateX(3px) translateY(1px); width: 12.5px; flex-grow: 0; margin-right: 14px; margin-left: 2px;\"><\/div>\n<div style=\"background-color: #f4f4f4; border-radius: 50%; height: 12.5px; width: 12.5px; transform: translateX(9px) translateY(-18px);\"><\/div>\n<\/div>\n<div style=\"margin-left: 8px;\">\n<div style=\"background-color: #f4f4f4; border-radius: 50%; flex-grow: 0; height: 20px; width: 20px;\"><\/div>\n<div style=\"width: 0; height: 0; border-top: 2px solid transparent; border-left: 6px solid #f4f4f4; border-bottom: 2px solid transparent; transform: translateX(16px) translateY(-4px) rotate(30deg);\"><\/div>\n<\/div>\n<div style=\"margin-left: auto;\">\n<div style=\"width: 0px; border-top: 8px solid #F4F4F4; border-right: 8px solid transparent; transform: translateY(16px);\"><\/div>\n<div style=\"background-color: #f4f4f4; flex-grow: 0; height: 12px; width: 16px; transform: translateY(-4px);\"><\/div>\n<div style=\"width: 0; height: 0; border-top: 8px solid #F4F4F4; border-left: 8px solid transparent; transform: translateY(-4px) translateX(8px);\"><\/div>\n<\/div>\n<\/div>\n<div style=\"display: flex; flex-direction: column; flex-grow: 1; justify-content: center; margin-bottom: 24px;\">\n<div style=\"background-color: #f4f4f4; border-radius: 4px; flex-grow: 0; height: 14px; margin-bottom: 6px; width: 224px;\"><\/div>\n<div style=\"background-color: #f4f4f4; border-radius: 4px; flex-grow: 0; height: 14px; width: 144px;\"><\/div>\n<\/div>\n<p>&nbsp;<\/p>\n<p style=\"color: #c9c8cd; font-family: Arial,sans-serif; font-size: 14px; line-height: 17px; margin-bottom: 0; margin-top: 8px; overflow: hidden; padding: 8px 0 7px; text-align: center; text-overflow: ellipsis; white-space: nowrap;\"><a style=\"color: #c9c8cd; font-family: Arial,sans-serif; font-size: 14px; font-style: normal; font-weight: normal; line-height: 17px; text-decoration: none;\" href=\"https:\/\/www.instagram.com\/p\/Cu87DwlIPA5\/?utm_source=ig_embed&amp;utm_campaign=loading\" target=\"_blank\" rel=\"noopener\">Een bericht gedeeld door The Best Social (@thebestsocial)<\/a><\/p>\n<\/div>\n<\/blockquote>\n\n<script async defer src=\"\/instagram-embed.js\"><\/script>","protected":false},"excerpt":{"rendered":"<p>Voor veel moslims zitten de eerste twee weken van de ramadan\u00a0er alweer op. Dag in dag uit staan zij bijzonder vroeg op om voor zonsopkomst&#8230;<\/p>\n","protected":false},"author":96,"featured_media":298443,"comment_status":"open","ping_status":"open","sticky":false,"template":"","format":"standard","meta":{"_acf_changed":false,"footnotes":""},"categories":[16,17],"tags":[8466,4096,9108],"class_list":["post-298427","post","type-post","status-publish","format-standard","has-post-thumbnail","hentry","category-blogs","category-nieuws","tag-day-in-the-life","tag-ramadan","tag-vastenmaand"],"acf":[],"yoast_head":"<!-- This site is optimized with the Yoast SEO plugin v27.5 - https:\/\/yoast.com\/product\/yoast-seo-wordpress\/ -->\n<title>Kenza geeft een realistisch kijkje in haar leven tijdens de ramadan<\/title>\n<meta name=\"description\" content=\"Voor veel moslims in de ramadan aangebroken en zitten de eerste twee weken van de vastenperiode er alweer op.\" \/>\n<meta name=\"robots\" content=\"index, follow, max-snippet:-1, max-image-preview:large, max-video-preview:-1\" \/>\n<link rel=\"canonical\" href=\"https:\/\/www.thebestsocial.media\/nl\/kenza-neemt-je-dag-mee-in-ramadan-iftar\/\" \/>\n<meta property=\"og:locale\" content=\"nl_NL\" \/>\n<meta property=\"og:type\" content=\"article\" \/>\n<meta property=\"og:title\" content=\"Kenza geeft online een realistisch kijkje in haar leven tijdens de ramadan\" \/>\n<meta property=\"og:description\" content=\"Voor veel moslims in de ramadan aangebroken en zitten de eerste twee weken van de vastenperiode er alweer op.\" \/>\n<meta property=\"og:url\" content=\"https:\/\/www.thebestsocial.media\/nl\/kenza-neemt-je-dag-mee-in-ramadan-iftar\/\" \/>\n<meta property=\"og:site_name\" content=\"The Best Social Media NL\" \/>\n<meta property=\"article:published_time\" content=\"2024-03-22T10:08:28+00:00\" \/>\n<meta property=\"og:image\" content=\"https:\/\/www.thebestsocial.media\/nl\/wp-content\/uploads\/sites\/2\/2024\/03\/header-71.png\" \/>\n\t<meta property=\"og:image:width\" content=\"1200\" \/>\n\t<meta property=\"og:image:height\" content=\"630\" \/>\n\t<meta property=\"og:image:type\" content=\"image\/png\" \/>\n<meta name=\"author\" content=\"yannick\" \/>\n<meta name=\"twitter:card\" content=\"summary_large_image\" \/>\n<meta name=\"twitter:title\" content=\"Kenza geeft online een realistisch kijkje in haar leven tijdens de ramadan\" \/>\n<meta name=\"twitter:description\" content=\"Voor veel moslims in de ramadan aangebroken en zitten de eerste twee weken van de vastenperiode er alweer op.\" \/>\n<meta name=\"twitter:image\" content=\"https:\/\/www.thebestsocial.media\/nl\/wp-content\/uploads\/sites\/2\/2024\/03\/header-71.png\" \/>\n<meta name=\"twitter:label1\" content=\"Geschreven door\" \/>\n\t<meta name=\"twitter:data1\" content=\"yannick\" \/>\n\t<meta name=\"twitter:label2\" content=\"Geschatte leestijd\" \/>\n\t<meta name=\"twitter:data2\" content=\"4 minuten\" \/>\n<script type=\"application\/ld+json\" class=\"yoast-schema-graph\">{\"@context\":\"https:\\\/\\\/schema.org\",\"@graph\":[{\"@type\":\"Article\",\"@id\":\"https:\\\/\\\/www.thebestsocial.media\\\/nl\\\/kenza-neemt-je-dag-mee-in-ramadan-iftar\\\/#article\",\"isPartOf\":{\"@id\":\"https:\\\/\\\/www.thebestsocial.media\\\/nl\\\/kenza-neemt-je-dag-mee-in-ramadan-iftar\\\/\"},\"author\":{\"name\":\"yannick\",\"@id\":\"https:\\\/\\\/www.thebestsocial.media\\\/nl\\\/#\\\/schema\\\/person\\\/2b65a07de209cd1d416a21f959fdf166\"},\"headline\":\"Kenza geeft online een realistisch kijkje in haar leven tijdens de ramadan\",\"datePublished\":\"2024-03-22T10:08:28+00:00\",\"mainEntityOfPage\":{\"@id\":\"https:\\\/\\\/www.thebestsocial.media\\\/nl\\\/kenza-neemt-je-dag-mee-in-ramadan-iftar\\\/\"},\"wordCount\":324,\"commentCount\":0,\"image\":{\"@id\":\"https:\\\/\\\/www.thebestsocial.media\\\/nl\\\/kenza-neemt-je-dag-mee-in-ramadan-iftar\\\/#primaryimage\"},\"thumbnailUrl\":\"https:\\\/\\\/www.thebestsocial.media\\\/nl\\\/wp-content\\\/uploads\\\/sites\\\/2\\\/2024\\\/03\\\/uitgelicht-53.png\",\"keywords\":[\"day in the life\",\"Ramadan\",\"vastenmaand\"],\"articleSection\":[\"Blogs\",\"Nieuws\"],\"inLanguage\":\"nl-NL\",\"potentialAction\":[{\"@type\":\"CommentAction\",\"name\":\"Comment\",\"target\":[\"https:\\\/\\\/www.thebestsocial.media\\\/nl\\\/kenza-neemt-je-dag-mee-in-ramadan-iftar\\\/#respond\"]}]},{\"@type\":\"WebPage\",\"@id\":\"https:\\\/\\\/www.thebestsocial.media\\\/nl\\\/kenza-neemt-je-dag-mee-in-ramadan-iftar\\\/\",\"url\":\"https:\\\/\\\/www.thebestsocial.media\\\/nl\\\/kenza-neemt-je-dag-mee-in-ramadan-iftar\\\/\",\"name\":\"Kenza geeft een realistisch kijkje in haar leven tijdens de ramadan\",\"isPartOf\":{\"@id\":\"https:\\\/\\\/www.thebestsocial.media\\\/nl\\\/#website\"},\"primaryImageOfPage\":{\"@id\":\"https:\\\/\\\/www.thebestsocial.media\\\/nl\\\/kenza-neemt-je-dag-mee-in-ramadan-iftar\\\/#primaryimage\"},\"image\":{\"@id\":\"https:\\\/\\\/www.thebestsocial.media\\\/nl\\\/kenza-neemt-je-dag-mee-in-ramadan-iftar\\\/#primaryimage\"},\"thumbnailUrl\":\"https:\\\/\\\/www.thebestsocial.media\\\/nl\\\/wp-content\\\/uploads\\\/sites\\\/2\\\/2024\\\/03\\\/uitgelicht-53.png\",\"datePublished\":\"2024-03-22T10:08:28+00:00\",\"author\":{\"@id\":\"https:\\\/\\\/www.thebestsocial.media\\\/nl\\\/#\\\/schema\\\/person\\\/2b65a07de209cd1d416a21f959fdf166\"},\"description\":\"Voor veel moslims in de ramadan aangebroken en zitten de eerste twee weken van de vastenperiode er alweer op.\",\"breadcrumb\":{\"@id\":\"https:\\\/\\\/www.thebestsocial.media\\\/nl\\\/kenza-neemt-je-dag-mee-in-ramadan-iftar\\\/#breadcrumb\"},\"inLanguage\":\"nl-NL\",\"potentialAction\":[{\"@type\":\"ReadAction\",\"target\":[\"https:\\\/\\\/www.thebestsocial.media\\\/nl\\\/kenza-neemt-je-dag-mee-in-ramadan-iftar\\\/\"]}]},{\"@type\":\"ImageObject\",\"inLanguage\":\"nl-NL\",\"@id\":\"https:\\\/\\\/www.thebestsocial.media\\\/nl\\\/kenza-neemt-je-dag-mee-in-ramadan-iftar\\\/#primaryimage\",\"url\":\"https:\\\/\\\/www.thebestsocial.media\\\/nl\\\/wp-content\\\/uploads\\\/sites\\\/2\\\/2024\\\/03\\\/uitgelicht-53.png\",\"contentUrl\":\"https:\\\/\\\/www.thebestsocial.media\\\/nl\\\/wp-content\\\/uploads\\\/sites\\\/2\\\/2024\\\/03\\\/uitgelicht-53.png\",\"width\":1200,\"height\":630,\"caption\":\"ramadan\"},{\"@type\":\"BreadcrumbList\",\"@id\":\"https:\\\/\\\/www.thebestsocial.media\\\/nl\\\/kenza-neemt-je-dag-mee-in-ramadan-iftar\\\/#breadcrumb\",\"itemListElement\":[{\"@type\":\"ListItem\",\"position\":1,\"name\":\"Home\",\"item\":\"https:\\\/\\\/www.thebestsocial.media\\\/nl\\\/\"},{\"@type\":\"ListItem\",\"position\":2,\"name\":\"Kenza geeft online een realistisch kijkje in haar leven tijdens de ramadan\"}]},{\"@type\":\"WebSite\",\"@id\":\"https:\\\/\\\/www.thebestsocial.media\\\/nl\\\/#website\",\"url\":\"https:\\\/\\\/www.thebestsocial.media\\\/nl\\\/\",\"name\":\"The Best Social Media NL\",\"description\":\"Zoeklicht in de Digital Chaos\",\"potentialAction\":[{\"@type\":\"SearchAction\",\"target\":{\"@type\":\"EntryPoint\",\"urlTemplate\":\"https:\\\/\\\/www.thebestsocial.media\\\/nl\\\/?s={search_term_string}\"},\"query-input\":{\"@type\":\"PropertyValueSpecification\",\"valueRequired\":true,\"valueName\":\"search_term_string\"}}],\"inLanguage\":\"nl-NL\"},{\"@type\":\"Person\",\"@id\":\"https:\\\/\\\/www.thebestsocial.media\\\/nl\\\/#\\\/schema\\\/person\\\/2b65a07de209cd1d416a21f959fdf166\",\"name\":\"yannick\",\"image\":{\"@type\":\"ImageObject\",\"inLanguage\":\"nl-NL\",\"@id\":\"https:\\\/\\\/secure.gravatar.com\\\/avatar\\\/8909b7412361c45e4fc0664b3e04faa1ad03832e065a1098c95a21a0527771d4?s=96&d=mm&r=g\",\"url\":\"https:\\\/\\\/secure.gravatar.com\\\/avatar\\\/8909b7412361c45e4fc0664b3e04faa1ad03832e065a1098c95a21a0527771d4?s=96&d=mm&r=g\",\"contentUrl\":\"https:\\\/\\\/secure.gravatar.com\\\/avatar\\\/8909b7412361c45e4fc0664b3e04faa1ad03832e065a1098c95a21a0527771d4?s=96&d=mm&r=g\",\"caption\":\"yannick\"},\"description\":\"Geboren en getogen Bredanaar. Droomde altijd van een carri\u00e8re als profvoetballer, maar is gestrand in de Kelderklasse. Nu geeft ze hier onnodig 'commentaar' op sport, collega's (\u00e9\u00e9n in het bijzonder) en mensen die iconische memes niet kennen.\",\"sameAs\":[\"https:\\\/\\\/www.instagram.com\\\/yannicksnoek\\\/\",\"https:\\\/\\\/www.linkedin.com\\\/in\\\/yannick-s-743aa110b\\\/\"],\"url\":\"https:\\\/\\\/www.thebestsocial.media\\\/nl\\\/author\\\/yannick\\\/\"}]}<\/script>\n<!-- \/ Yoast SEO plugin. -->","yoast_head_json":{"title":"Kenza geeft een realistisch kijkje in haar leven tijdens de ramadan","description":"Voor veel moslims in de ramadan aangebroken en zitten de eerste twee weken van de vastenperiode er alweer op.","robots":{"index":"index","follow":"follow","max-snippet":"max-snippet:-1","max-image-preview":"max-image-preview:large","max-video-preview":"max-video-preview:-1"},"canonical":"https:\/\/www.thebestsocial.media\/nl\/kenza-neemt-je-dag-mee-in-ramadan-iftar\/","og_locale":"nl_NL","og_type":"article","og_title":"Kenza geeft online een realistisch kijkje in haar leven tijdens de ramadan","og_description":"Voor veel moslims in de ramadan aangebroken en zitten de eerste twee weken van de vastenperiode er alweer op.","og_url":"https:\/\/www.thebestsocial.media\/nl\/kenza-neemt-je-dag-mee-in-ramadan-iftar\/","og_site_name":"The Best Social Media NL","article_published_time":"2024-03-22T10:08:28+00:00","og_image":[{"width":1200,"height":630,"url":"https:\/\/www.thebestsocial.media\/nl\/wp-content\/uploads\/sites\/2\/2024\/03\/header-71.png","type":"image\/png"}],"author":"yannick","twitter_card":"summary_large_image","twitter_title":"Kenza geeft online een realistisch kijkje in haar leven tijdens de ramadan","twitter_description":"Voor veel moslims in de ramadan aangebroken en zitten de eerste twee weken van de vastenperiode er alweer op.","twitter_image":"https:\/\/www.thebestsocial.media\/nl\/wp-content\/uploads\/sites\/2\/2024\/03\/header-71.png","twitter_misc":{"Geschreven door":"yannick","Geschatte leestijd":"4 minuten"},"schema":{"@context":"https:\/\/schema.org","@graph":[{"@type":"Article","@id":"https:\/\/www.thebestsocial.media\/nl\/kenza-neemt-je-dag-mee-in-ramadan-iftar\/#article","isPartOf":{"@id":"https:\/\/www.thebestsocial.media\/nl\/kenza-neemt-je-dag-mee-in-ramadan-iftar\/"},"author":{"name":"yannick","@id":"https:\/\/www.thebestsocial.media\/nl\/#\/schema\/person\/2b65a07de209cd1d416a21f959fdf166"},"headline":"Kenza geeft online een realistisch kijkje in haar leven tijdens de ramadan","datePublished":"2024-03-22T10:08:28+00:00","mainEntityOfPage":{"@id":"https:\/\/www.thebestsocial.media\/nl\/kenza-neemt-je-dag-mee-in-ramadan-iftar\/"},"wordCount":324,"commentCount":0,"image":{"@id":"https:\/\/www.thebestsocial.media\/nl\/kenza-neemt-je-dag-mee-in-ramadan-iftar\/#primaryimage"},"thumbnailUrl":"https:\/\/www.thebestsocial.media\/nl\/wp-content\/uploads\/sites\/2\/2024\/03\/uitgelicht-53.png","keywords":["day in the life","Ramadan","vastenmaand"],"articleSection":["Blogs","Nieuws"],"inLanguage":"nl-NL","potentialAction":[{"@type":"CommentAction","name":"Comment","target":["https:\/\/www.thebestsocial.media\/nl\/kenza-neemt-je-dag-mee-in-ramadan-iftar\/#respond"]}]},{"@type":"WebPage","@id":"https:\/\/www.thebestsocial.media\/nl\/kenza-neemt-je-dag-mee-in-ramadan-iftar\/","url":"https:\/\/www.thebestsocial.media\/nl\/kenza-neemt-je-dag-mee-in-ramadan-iftar\/","name":"Kenza geeft een realistisch kijkje in haar leven tijdens de ramadan","isPartOf":{"@id":"https:\/\/www.thebestsocial.media\/nl\/#website"},"primaryImageOfPage":{"@id":"https:\/\/www.thebestsocial.media\/nl\/kenza-neemt-je-dag-mee-in-ramadan-iftar\/#primaryimage"},"image":{"@id":"https:\/\/www.thebestsocial.media\/nl\/kenza-neemt-je-dag-mee-in-ramadan-iftar\/#primaryimage"},"thumbnailUrl":"https:\/\/www.thebestsocial.media\/nl\/wp-content\/uploads\/sites\/2\/2024\/03\/uitgelicht-53.png","datePublished":"2024-03-22T10:08:28+00:00","author":{"@id":"https:\/\/www.thebestsocial.media\/nl\/#\/schema\/person\/2b65a07de209cd1d416a21f959fdf166"},"description":"Voor veel moslims in de ramadan aangebroken en zitten de eerste twee weken van de vastenperiode er alweer op.","breadcrumb":{"@id":"https:\/\/www.thebestsocial.media\/nl\/kenza-neemt-je-dag-mee-in-ramadan-iftar\/#breadcrumb"},"inLanguage":"nl-NL","potentialAction":[{"@type":"ReadAction","target":["https:\/\/www.thebestsocial.media\/nl\/kenza-neemt-je-dag-mee-in-ramadan-iftar\/"]}]},{"@type":"ImageObject","inLanguage":"nl-NL","@id":"https:\/\/www.thebestsocial.media\/nl\/kenza-neemt-je-dag-mee-in-ramadan-iftar\/#primaryimage","url":"https:\/\/www.thebestsocial.media\/nl\/wp-content\/uploads\/sites\/2\/2024\/03\/uitgelicht-53.png","contentUrl":"https:\/\/www.thebestsocial.media\/nl\/wp-content\/uploads\/sites\/2\/2024\/03\/uitgelicht-53.png","width":1200,"height":630,"caption":"ramadan"},{"@type":"BreadcrumbList","@id":"https:\/\/www.thebestsocial.media\/nl\/kenza-neemt-je-dag-mee-in-ramadan-iftar\/#breadcrumb","itemListElement":[{"@type":"ListItem","position":1,"name":"Home","item":"https:\/\/www.thebestsocial.media\/nl\/"},{"@type":"ListItem","position":2,"name":"Kenza geeft online een realistisch kijkje in haar leven tijdens de ramadan"}]},{"@type":"WebSite","@id":"https:\/\/www.thebestsocial.media\/nl\/#website","url":"https:\/\/www.thebestsocial.media\/nl\/","name":"The Best Social Media NL","description":"Zoeklicht in de Digital Chaos","potentialAction":[{"@type":"SearchAction","target":{"@type":"EntryPoint","urlTemplate":"https:\/\/www.thebestsocial.media\/nl\/?s={search_term_string}"},"query-input":{"@type":"PropertyValueSpecification","valueRequired":true,"valueName":"search_term_string"}}],"inLanguage":"nl-NL"},{"@type":"Person","@id":"https:\/\/www.thebestsocial.media\/nl\/#\/schema\/person\/2b65a07de209cd1d416a21f959fdf166","name":"yannick","image":{"@type":"ImageObject","inLanguage":"nl-NL","@id":"https:\/\/secure.gravatar.com\/avatar\/8909b7412361c45e4fc0664b3e04faa1ad03832e065a1098c95a21a0527771d4?s=96&d=mm&r=g","url":"https:\/\/secure.gravatar.com\/avatar\/8909b7412361c45e4fc0664b3e04faa1ad03832e065a1098c95a21a0527771d4?s=96&d=mm&r=g","contentUrl":"https:\/\/secure.gravatar.com\/avatar\/8909b7412361c45e4fc0664b3e04faa1ad03832e065a1098c95a21a0527771d4?s=96&d=mm&r=g","caption":"yannick"},"description":"Geboren en getogen Bredanaar. Droomde altijd van een carri\u00e8re als profvoetballer, maar is gestrand in de Kelderklasse. Nu geeft ze hier onnodig 'commentaar' op sport, collega's (\u00e9\u00e9n in het bijzonder) en mensen die iconische memes niet kennen.","sameAs":["https:\/\/www.instagram.com\/yannicksnoek\/","https:\/\/www.linkedin.com\/in\/yannick-s-743aa110b\/"],"url":"https:\/\/www.thebestsocial.media\/nl\/author\/yannick\/"}]}},"amp_enabled":true,"_links":{"self":[{"href":"https:\/\/www.thebestsocial.media\/nl\/wp-json\/wp\/v2\/posts\/298427","targetHints":{"allow":["GET"]}}],"collection":[{"href":"https:\/\/www.thebestsocial.media\/nl\/wp-json\/wp\/v2\/posts"}],"about":[{"href":"https:\/\/www.thebestsocial.media\/nl\/wp-json\/wp\/v2\/types\/post"}],"author":[{"embeddable":true,"href":"https:\/\/www.thebestsocial.media\/nl\/wp-json\/wp\/v2\/users\/96"}],"replies":[{"embeddable":true,"href":"https:\/\/www.thebestsocial.media\/nl\/wp-json\/wp\/v2\/comments?post=298427"}],"version-history":[{"count":7,"href":"https:\/\/www.thebestsocial.media\/nl\/wp-json\/wp\/v2\/posts\/298427\/revisions"}],"predecessor-version":[{"id":298513,"href":"https:\/\/www.thebestsocial.media\/nl\/wp-json\/wp\/v2\/posts\/298427\/revisions\/298513"}],"wp:featuredmedia":[{"embeddable":true,"href":"https:\/\/www.thebestsocial.media\/nl\/wp-json\/wp\/v2\/media\/298443"}],"wp:attachment":[{"href":"https:\/\/www.thebestsocial.media\/nl\/wp-json\/wp\/v2\/media?parent=298427"}],"wp:term":[{"taxonomy":"category","embeddable":true,"href":"https:\/\/www.thebestsocial.media\/nl\/wp-json\/wp\/v2\/categories?post=298427"},{"taxonomy":"post_tag","embeddable":true,"href":"https:\/\/www.thebestsocial.media\/nl\/wp-json\/wp\/v2\/tags?post=298427"}],"curies":[{"name":"wp","href":"https:\/\/api.w.org\/{rel}","templated":true}]}}