{"id":296309,"date":"2024-03-08T15:07:01","date_gmt":"2024-03-08T14:07:01","guid":{"rendered":"https:\/\/www.thebestsocial.media\/nl\/?p=296309"},"modified":"2024-03-08T15:07:01","modified_gmt":"2024-03-08T14:07:01","slug":"wekker-opmerkelijk-vogel","status":"publish","type":"post","link":"https:\/\/www.thebestsocial.media\/nl\/wekker-opmerkelijk-vogel\/","title":{"rendered":"Van d\u00e9ze opmerkelijke wekker word je spontaan een vroege vogel"},"content":{"rendered":"<p>Als sommigen de kans zouden krijgen, zouden ze op ieder moment dat hun wekker afgaat het piepende kreng met een sloophamer te lijf gaan.. Eerlijk is eerlijk: er zijn weinig mensen die h\u00e9\u00e9l vrolijk worden van vroeg opstaan. Deze vrouw wil ook lekker uitslapen, maar haar wekker denkt hier toch anders over. E\u00e9n ding is zeker: naar dat <a href=\"https:\/\/www.thebestsocial.media\/nl\/irritante-actie-ouder-schuldig-zondagochtend\/\" target=\"_blank\" rel=\"noopener\">uitslapen<\/a> kan ze wel fluiten.<\/p>\n<p>&nbsp;<\/p>\n<h3>1. Dankzij deze wekker heeft je dag meteen een vliegende start.<\/h3>\n<p><iframe loading=\"lazy\" src=\"\/tiktok-cache\/7343558809702386976\/0f23736d461840372371383f9a9e72362c5cd1b683d9804770505baa\" width=\"623\" height=\"1108\" style=\"border:0; height:90vh; width:50.625000vh;\" scrolling=\"no\"><\/iframe><\/p>\n<p>&nbsp;<\/p>\n<h3>2. Er is tenminste \u00ed\u00e9mand goed wakker geworden.<\/h3>\n<p><img loading=\"lazy\" decoding=\"async\" class=\"alignnone size-full wp-image-296317\" src=\"https:\/\/www.thebestsocial.media\/nl\/wp-content\/uploads\/sites\/2\/2024\/03\/wekker-7.png\" alt=\"\" width=\"1438\" height=\"308\" srcset=\"https:\/\/www.thebestsocial.media\/nl\/wp-content\/uploads\/sites\/2\/2024\/03\/wekker-7.png 1438w, https:\/\/www.thebestsocial.media\/nl\/wp-content\/uploads\/sites\/2\/2024\/03\/wekker-7-300x64.png 300w, https:\/\/www.thebestsocial.media\/nl\/wp-content\/uploads\/sites\/2\/2024\/03\/wekker-7-1024x219.png 1024w, https:\/\/www.thebestsocial.media\/nl\/wp-content\/uploads\/sites\/2\/2024\/03\/wekker-7-768x164.png 768w\" sizes=\"auto, (max-width: 1438px) 100vw, 1438px\" \/><\/p>\n<p>&nbsp;<\/p>\n<h3>3. Schaf gewoon een vogel aan en je piept nergens meer om.<\/h3>\n<p><img loading=\"lazy\" decoding=\"async\" class=\"alignnone size-full wp-image-296316\" src=\"https:\/\/www.thebestsocial.media\/nl\/wp-content\/uploads\/sites\/2\/2024\/03\/wekker-6.png\" alt=\"\" width=\"1522\" height=\"300\" srcset=\"https:\/\/www.thebestsocial.media\/nl\/wp-content\/uploads\/sites\/2\/2024\/03\/wekker-6.png 1522w, https:\/\/www.thebestsocial.media\/nl\/wp-content\/uploads\/sites\/2\/2024\/03\/wekker-6-300x59.png 300w, https:\/\/www.thebestsocial.media\/nl\/wp-content\/uploads\/sites\/2\/2024\/03\/wekker-6-1024x202.png 1024w, https:\/\/www.thebestsocial.media\/nl\/wp-content\/uploads\/sites\/2\/2024\/03\/wekker-6-768x151.png 768w\" sizes=\"auto, (max-width: 1522px) 100vw, 1522px\" \/><\/p>\n<p>&nbsp;<\/p>\n<h3>4. Sommigen hebben al uitgevogeld dat zo&#8217;n wekker helemaal niet zo erg is.<\/h3>\n<p><img loading=\"lazy\" decoding=\"async\" class=\"alignnone size-full wp-image-296311\" src=\"https:\/\/www.thebestsocial.media\/nl\/wp-content\/uploads\/sites\/2\/2024\/03\/wekker-1.png\" alt=\"\" width=\"1868\" height=\"302\" srcset=\"https:\/\/www.thebestsocial.media\/nl\/wp-content\/uploads\/sites\/2\/2024\/03\/wekker-1.png 1868w, https:\/\/www.thebestsocial.media\/nl\/wp-content\/uploads\/sites\/2\/2024\/03\/wekker-1-300x49.png 300w, https:\/\/www.thebestsocial.media\/nl\/wp-content\/uploads\/sites\/2\/2024\/03\/wekker-1-1024x166.png 1024w, https:\/\/www.thebestsocial.media\/nl\/wp-content\/uploads\/sites\/2\/2024\/03\/wekker-1-768x124.png 768w, https:\/\/www.thebestsocial.media\/nl\/wp-content\/uploads\/sites\/2\/2024\/03\/wekker-1-1536x248.png 1536w\" sizes=\"auto, (max-width: 1868px) 100vw, 1868px\" \/><\/p>\n<p>&nbsp;<\/p>\n<h3>6. Zelfs \u2019s ochtends om 7:00 uur moet dit kunnen<\/h3>\n<p><img loading=\"lazy\" decoding=\"async\" class=\"alignnone size-full wp-image-296313\" src=\"https:\/\/www.thebestsocial.media\/nl\/wp-content\/uploads\/sites\/2\/2024\/03\/wekker-3.png\" alt=\"\" width=\"1848\" height=\"316\" srcset=\"https:\/\/www.thebestsocial.media\/nl\/wp-content\/uploads\/sites\/2\/2024\/03\/wekker-3.png 1848w, https:\/\/www.thebestsocial.media\/nl\/wp-content\/uploads\/sites\/2\/2024\/03\/wekker-3-300x51.png 300w, https:\/\/www.thebestsocial.media\/nl\/wp-content\/uploads\/sites\/2\/2024\/03\/wekker-3-1024x175.png 1024w, https:\/\/www.thebestsocial.media\/nl\/wp-content\/uploads\/sites\/2\/2024\/03\/wekker-3-768x131.png 768w, https:\/\/www.thebestsocial.media\/nl\/wp-content\/uploads\/sites\/2\/2024\/03\/wekker-3-1536x263.png 1536w\" sizes=\"auto, (max-width: 1848px) 100vw, 1848px\" \/><\/p>\n<p>&nbsp;<\/p>\n<h3>7. Je moet je wekker natuurlijk wel goed uitzetten als je wilt dat-ie niet meer afgaat.<\/h3>\n<p><img loading=\"lazy\" decoding=\"async\" class=\"alignnone size-full wp-image-296314\" src=\"https:\/\/www.thebestsocial.media\/nl\/wp-content\/uploads\/sites\/2\/2024\/03\/wekker-4.png\" alt=\"\" width=\"1432\" height=\"318\" srcset=\"https:\/\/www.thebestsocial.media\/nl\/wp-content\/uploads\/sites\/2\/2024\/03\/wekker-4.png 1432w, https:\/\/www.thebestsocial.media\/nl\/wp-content\/uploads\/sites\/2\/2024\/03\/wekker-4-300x67.png 300w, https:\/\/www.thebestsocial.media\/nl\/wp-content\/uploads\/sites\/2\/2024\/03\/wekker-4-1024x227.png 1024w, https:\/\/www.thebestsocial.media\/nl\/wp-content\/uploads\/sites\/2\/2024\/03\/wekker-4-768x171.png 768w\" sizes=\"auto, (max-width: 1432px) 100vw, 1432px\" \/><\/p>\n<p>&nbsp;<\/p>\n<h3>8. Andere vreemde vogels nemen het ook op voor deze wekker.<\/h3>\n<p><img loading=\"lazy\" decoding=\"async\" class=\"alignnone size-full wp-image-296312\" src=\"https:\/\/www.thebestsocial.media\/nl\/wp-content\/uploads\/sites\/2\/2024\/03\/wekker-2.png\" alt=\"\" width=\"958\" height=\"322\" srcset=\"https:\/\/www.thebestsocial.media\/nl\/wp-content\/uploads\/sites\/2\/2024\/03\/wekker-2.png 958w, https:\/\/www.thebestsocial.media\/nl\/wp-content\/uploads\/sites\/2\/2024\/03\/wekker-2-300x101.png 300w, https:\/\/www.thebestsocial.media\/nl\/wp-content\/uploads\/sites\/2\/2024\/03\/wekker-2-768x258.png 768w\" sizes=\"auto, (max-width: 958px) 100vw, 958px\" \/><\/p>\n<p>&nbsp;<\/p>\n<h3>9. E\u00e9n ding is zeker: deze vogel kan zo een hele club vullen met zijn gezang.<\/h3>\n<p><img loading=\"lazy\" decoding=\"async\" class=\"alignnone size-full wp-image-296318\" src=\"https:\/\/www.thebestsocial.media\/nl\/wp-content\/uploads\/sites\/2\/2024\/03\/wekker-8.png\" alt=\"\" width=\"1364\" height=\"314\" srcset=\"https:\/\/www.thebestsocial.media\/nl\/wp-content\/uploads\/sites\/2\/2024\/03\/wekker-8.png 1364w, https:\/\/www.thebestsocial.media\/nl\/wp-content\/uploads\/sites\/2\/2024\/03\/wekker-8-300x69.png 300w, https:\/\/www.thebestsocial.media\/nl\/wp-content\/uploads\/sites\/2\/2024\/03\/wekker-8-1024x236.png 1024w, https:\/\/www.thebestsocial.media\/nl\/wp-content\/uploads\/sites\/2\/2024\/03\/wekker-8-768x177.png 768w\" sizes=\"auto, (max-width: 1364px) 100vw, 1364px\" \/><\/p>\n<p>&nbsp;<\/p>\n<p><strong>Ben jij op zoek naar een stage? Nou, dan hebben we goed nieuws voor je. Bij The Best Social Media zijn we voor de zomerperiode \u00e9n voor de periode vanaf september 2024 op zoek naar een redactiestagiair(e). Kent TikTok geen geheimen voor jou? En wil je n\u00f3g beter worden in het schrijven van artikelen? Check dan snel <a href=\"https:\/\/www.thebestsocialjobs.com\/vacature\/redactiestage-the-best-social-media\/\" target=\"_blank\" rel=\"noopener\">de vacature<\/a> op The Best Social Jobs!<\/strong><\/p>\n<blockquote class=\"instagram-media\" style=\"background: #FFF; border: 0; border-radius: 3px; box-shadow: 0 0 1px 0 rgba(0,0,0,0.5),0 1px 10px 0 rgba(0,0,0,0.15); margin: 1px; max-width: 540px; min-width: 326px; padding: 0; width: calc(100% - 2px);\" data-instgrm-captioned=\"\" data-instgrm-permalink=\"https:\/\/www.instagram.com\/p\/Cu87DwlIPA5\/?utm_source=ig_embed&amp;utm_campaign=loading\" data-instgrm-version=\"14\">\n<div style=\"padding: 16px;\">\n<p>&nbsp;<\/p>\n<div style=\"display: flex; flex-direction: row; align-items: center;\">\n<div style=\"background-color: #f4f4f4; border-radius: 50%; flex-grow: 0; height: 40px; margin-right: 14px; width: 40px;\"><\/div>\n<div style=\"display: flex; flex-direction: column; flex-grow: 1; justify-content: center;\">\n<div style=\"background-color: #f4f4f4; border-radius: 4px; flex-grow: 0; height: 14px; margin-bottom: 6px; width: 100px;\"><\/div>\n<div style=\"background-color: #f4f4f4; border-radius: 4px; flex-grow: 0; height: 14px; width: 60px;\"><\/div>\n<\/div>\n<\/div>\n<div style=\"padding: 19% 0;\"><\/div>\n<div style=\"display: block; height: 50px; margin: 0 auto 12px; width: 50px;\"><\/div>\n<div style=\"padding-top: 8px;\">\n<div style=\"color: #3897f0; font-family: Arial,sans-serif; font-size: 14px; font-style: normal; font-weight: 550; line-height: 18px;\">Dit bericht op Instagram bekijken<\/div>\n<\/div>\n<div style=\"padding: 12.5% 0;\"><\/div>\n<div style=\"display: flex; flex-direction: row; margin-bottom: 14px; align-items: center;\">\n<div>\n<div style=\"background-color: #f4f4f4; border-radius: 50%; height: 12.5px; width: 12.5px; transform: translateX(0px) translateY(7px);\"><\/div>\n<div style=\"background-color: #f4f4f4; height: 12.5px; transform: rotate(-45deg) translateX(3px) translateY(1px); width: 12.5px; flex-grow: 0; margin-right: 14px; margin-left: 2px;\"><\/div>\n<div style=\"background-color: #f4f4f4; border-radius: 50%; height: 12.5px; width: 12.5px; transform: translateX(9px) translateY(-18px);\"><\/div>\n<\/div>\n<div style=\"margin-left: 8px;\">\n<div style=\"background-color: #f4f4f4; border-radius: 50%; flex-grow: 0; height: 20px; width: 20px;\"><\/div>\n<div style=\"width: 0; height: 0; border-top: 2px solid transparent; border-left: 6px solid #f4f4f4; border-bottom: 2px solid transparent; transform: translateX(16px) translateY(-4px) rotate(30deg);\"><\/div>\n<\/div>\n<div style=\"margin-left: auto;\">\n<div style=\"width: 0px; border-top: 8px solid #F4F4F4; border-right: 8px solid transparent; transform: translateY(16px);\"><\/div>\n<div style=\"background-color: #f4f4f4; flex-grow: 0; height: 12px; width: 16px; transform: translateY(-4px);\"><\/div>\n<div style=\"width: 0; height: 0; border-top: 8px solid #F4F4F4; border-left: 8px solid transparent; transform: translateY(-4px) translateX(8px);\"><\/div>\n<\/div>\n<\/div>\n<div style=\"display: flex; flex-direction: column; flex-grow: 1; justify-content: center; margin-bottom: 24px;\">\n<div style=\"background-color: #f4f4f4; border-radius: 4px; flex-grow: 0; height: 14px; margin-bottom: 6px; width: 224px;\"><\/div>\n<div style=\"background-color: #f4f4f4; border-radius: 4px; flex-grow: 0; height: 14px; width: 144px;\"><\/div>\n<\/div>\n<p>&nbsp;<\/p>\n<p style=\"color: #c9c8cd; font-family: Arial,sans-serif; font-size: 14px; line-height: 17px; margin-bottom: 0; margin-top: 8px; overflow: hidden; padding: 8px 0 7px; text-align: center; text-overflow: ellipsis; white-space: nowrap;\"><a style=\"color: #c9c8cd; font-family: Arial,sans-serif; font-size: 14px; font-style: normal; font-weight: normal; line-height: 17px; text-decoration: none;\" href=\"https:\/\/www.instagram.com\/p\/Cu87DwlIPA5\/?utm_source=ig_embed&amp;utm_campaign=loading\" target=\"_blank\" rel=\"noopener\">Een bericht gedeeld door The Best Social (@thebestsocial)<\/a><\/p>\n<\/div>\n<\/blockquote>\n\n<script async defer src=\"\/instagram-embed.js\"><\/script>","protected":false},"excerpt":{"rendered":"<p>Als sommigen de kans zouden krijgen, zouden ze op ieder moment dat hun wekker afgaat het piepende kreng met een sloophamer te lijf gaan.. Eerlijk&#8230;<\/p>\n","protected":false},"author":117,"featured_media":296454,"comment_status":"open","ping_status":"open","sticky":false,"template":"","format":"standard","meta":{"_acf_changed":false,"footnotes":""},"categories":[16,17],"tags":[882,391,7439],"class_list":["post-296309","post","type-post","status-publish","format-standard","has-post-thumbnail","hentry","category-blogs","category-nieuws","tag-opmerkelijk","tag-vroege-vogels","tag-wekker"],"acf":[],"yoast_head":"<!-- This site is optimized with the Yoast SEO plugin v27.5 - https:\/\/yoast.com\/product\/yoast-seo-wordpress\/ -->\n<title>Van d\u00e9ze opmerkelijke wekker word je spontaan een vroege vogel<\/title>\n<meta name=\"description\" content=\"Normal worden we al niet zo blij als de wekker afgaat, maar deze vrouw heeft een wel heel opmerkelijke wekker.\" \/>\n<meta name=\"robots\" content=\"index, follow, max-snippet:-1, max-image-preview:large, max-video-preview:-1\" \/>\n<link rel=\"canonical\" href=\"https:\/\/www.thebestsocial.media\/nl\/wekker-opmerkelijk-vogel\/\" \/>\n<meta property=\"og:locale\" content=\"nl_NL\" \/>\n<meta property=\"og:type\" content=\"article\" \/>\n<meta property=\"og:title\" content=\"Van d\u00e9ze opmerkelijke wekker word je spontaan een vroege vogel\" \/>\n<meta property=\"og:description\" content=\"Normal worden we al niet zo blij als de wekker afgaat, maar deze vrouw heeft een wel heel opmerkelijke wekker.\" \/>\n<meta property=\"og:url\" content=\"https:\/\/www.thebestsocial.media\/nl\/wekker-opmerkelijk-vogel\/\" \/>\n<meta property=\"og:site_name\" content=\"The Best Social Media NL\" \/>\n<meta property=\"article:published_time\" content=\"2024-03-08T14:07:01+00:00\" \/>\n<meta property=\"og:image\" content=\"https:\/\/www.thebestsocial.media\/nl\/wp-content\/uploads\/sites\/2\/2024\/03\/wekker-header-social-2.png\" \/>\n\t<meta property=\"og:image:width\" content=\"1200\" \/>\n\t<meta property=\"og:image:height\" content=\"630\" \/>\n\t<meta property=\"og:image:type\" content=\"image\/png\" \/>\n<meta name=\"author\" content=\"Yke\" \/>\n<meta name=\"twitter:card\" content=\"summary_large_image\" \/>\n<meta name=\"twitter:title\" content=\"Van d\u00e9ze opmerkelijke wekker word je spontaan een vroege vogel\" \/>\n<meta name=\"twitter:description\" content=\"Normal worden we al niet zo blij als de wekker afgaat, maar deze vrouw heeft een wel heel opmerkelijke wekker.\" \/>\n<meta name=\"twitter:image\" content=\"https:\/\/www.thebestsocial.media\/nl\/wp-content\/uploads\/sites\/2\/2024\/03\/wekker-header-social-2.png\" \/>\n<meta name=\"twitter:label1\" content=\"Geschreven door\" \/>\n\t<meta name=\"twitter:data1\" content=\"Yke\" \/>\n\t<meta name=\"twitter:label2\" content=\"Geschatte leestijd\" \/>\n\t<meta name=\"twitter:data2\" content=\"3 minuten\" \/>\n<script type=\"application\/ld+json\" class=\"yoast-schema-graph\">{\"@context\":\"https:\\\/\\\/schema.org\",\"@graph\":[{\"@type\":\"Article\",\"@id\":\"https:\\\/\\\/www.thebestsocial.media\\\/nl\\\/wekker-opmerkelijk-vogel\\\/#article\",\"isPartOf\":{\"@id\":\"https:\\\/\\\/www.thebestsocial.media\\\/nl\\\/wekker-opmerkelijk-vogel\\\/\"},\"author\":{\"name\":\"Yke\",\"@id\":\"https:\\\/\\\/www.thebestsocial.media\\\/nl\\\/#\\\/schema\\\/person\\\/8606b82fba0c8f0e9bb0a37141b1e076\"},\"headline\":\"Van d\u00e9ze opmerkelijke wekker word je spontaan een vroege vogel\",\"datePublished\":\"2024-03-08T14:07:01+00:00\",\"mainEntityOfPage\":{\"@id\":\"https:\\\/\\\/www.thebestsocial.media\\\/nl\\\/wekker-opmerkelijk-vogel\\\/\"},\"wordCount\":277,\"commentCount\":0,\"image\":{\"@id\":\"https:\\\/\\\/www.thebestsocial.media\\\/nl\\\/wekker-opmerkelijk-vogel\\\/#primaryimage\"},\"thumbnailUrl\":\"https:\\\/\\\/www.thebestsocial.media\\\/nl\\\/wp-content\\\/uploads\\\/sites\\\/2\\\/2024\\\/03\\\/wekker-header-2.png\",\"keywords\":[\"opmerkelijk\",\"vroege vogels\",\"wekker\"],\"articleSection\":[\"Blogs\",\"Nieuws\"],\"inLanguage\":\"nl-NL\",\"potentialAction\":[{\"@type\":\"CommentAction\",\"name\":\"Comment\",\"target\":[\"https:\\\/\\\/www.thebestsocial.media\\\/nl\\\/wekker-opmerkelijk-vogel\\\/#respond\"]}]},{\"@type\":\"WebPage\",\"@id\":\"https:\\\/\\\/www.thebestsocial.media\\\/nl\\\/wekker-opmerkelijk-vogel\\\/\",\"url\":\"https:\\\/\\\/www.thebestsocial.media\\\/nl\\\/wekker-opmerkelijk-vogel\\\/\",\"name\":\"Van d\u00e9ze opmerkelijke wekker word je spontaan een vroege vogel\",\"isPartOf\":{\"@id\":\"https:\\\/\\\/www.thebestsocial.media\\\/nl\\\/#website\"},\"primaryImageOfPage\":{\"@id\":\"https:\\\/\\\/www.thebestsocial.media\\\/nl\\\/wekker-opmerkelijk-vogel\\\/#primaryimage\"},\"image\":{\"@id\":\"https:\\\/\\\/www.thebestsocial.media\\\/nl\\\/wekker-opmerkelijk-vogel\\\/#primaryimage\"},\"thumbnailUrl\":\"https:\\\/\\\/www.thebestsocial.media\\\/nl\\\/wp-content\\\/uploads\\\/sites\\\/2\\\/2024\\\/03\\\/wekker-header-2.png\",\"datePublished\":\"2024-03-08T14:07:01+00:00\",\"author\":{\"@id\":\"https:\\\/\\\/www.thebestsocial.media\\\/nl\\\/#\\\/schema\\\/person\\\/8606b82fba0c8f0e9bb0a37141b1e076\"},\"description\":\"Normal worden we al niet zo blij als de wekker afgaat, maar deze vrouw heeft een wel heel opmerkelijke wekker.\",\"breadcrumb\":{\"@id\":\"https:\\\/\\\/www.thebestsocial.media\\\/nl\\\/wekker-opmerkelijk-vogel\\\/#breadcrumb\"},\"inLanguage\":\"nl-NL\",\"potentialAction\":[{\"@type\":\"ReadAction\",\"target\":[\"https:\\\/\\\/www.thebestsocial.media\\\/nl\\\/wekker-opmerkelijk-vogel\\\/\"]}]},{\"@type\":\"ImageObject\",\"inLanguage\":\"nl-NL\",\"@id\":\"https:\\\/\\\/www.thebestsocial.media\\\/nl\\\/wekker-opmerkelijk-vogel\\\/#primaryimage\",\"url\":\"https:\\\/\\\/www.thebestsocial.media\\\/nl\\\/wp-content\\\/uploads\\\/sites\\\/2\\\/2024\\\/03\\\/wekker-header-2.png\",\"contentUrl\":\"https:\\\/\\\/www.thebestsocial.media\\\/nl\\\/wp-content\\\/uploads\\\/sites\\\/2\\\/2024\\\/03\\\/wekker-header-2.png\",\"width\":1200,\"height\":630},{\"@type\":\"BreadcrumbList\",\"@id\":\"https:\\\/\\\/www.thebestsocial.media\\\/nl\\\/wekker-opmerkelijk-vogel\\\/#breadcrumb\",\"itemListElement\":[{\"@type\":\"ListItem\",\"position\":1,\"name\":\"Home\",\"item\":\"https:\\\/\\\/www.thebestsocial.media\\\/nl\\\/\"},{\"@type\":\"ListItem\",\"position\":2,\"name\":\"Van d\u00e9ze opmerkelijke wekker word je spontaan een vroege vogel\"}]},{\"@type\":\"WebSite\",\"@id\":\"https:\\\/\\\/www.thebestsocial.media\\\/nl\\\/#website\",\"url\":\"https:\\\/\\\/www.thebestsocial.media\\\/nl\\\/\",\"name\":\"The Best Social Media NL\",\"description\":\"Zoeklicht in de Digital Chaos\",\"potentialAction\":[{\"@type\":\"SearchAction\",\"target\":{\"@type\":\"EntryPoint\",\"urlTemplate\":\"https:\\\/\\\/www.thebestsocial.media\\\/nl\\\/?s={search_term_string}\"},\"query-input\":{\"@type\":\"PropertyValueSpecification\",\"valueRequired\":true,\"valueName\":\"search_term_string\"}}],\"inLanguage\":\"nl-NL\"},{\"@type\":\"Person\",\"@id\":\"https:\\\/\\\/www.thebestsocial.media\\\/nl\\\/#\\\/schema\\\/person\\\/8606b82fba0c8f0e9bb0a37141b1e076\",\"name\":\"Yke\",\"image\":{\"@type\":\"ImageObject\",\"inLanguage\":\"nl-NL\",\"@id\":\"https:\\\/\\\/secure.gravatar.com\\\/avatar\\\/5672717b902c9d1318b61229ca6af1f6d3a209dceabb66b84761e03a46fab6fc?s=96&d=mm&r=g\",\"url\":\"https:\\\/\\\/secure.gravatar.com\\\/avatar\\\/5672717b902c9d1318b61229ca6af1f6d3a209dceabb66b84761e03a46fab6fc?s=96&d=mm&r=g\",\"contentUrl\":\"https:\\\/\\\/secure.gravatar.com\\\/avatar\\\/5672717b902c9d1318b61229ca6af1f6d3a209dceabb66b84761e03a46fab6fc?s=96&d=mm&r=g\",\"caption\":\"Yke\"},\"description\":\"Stiekem nog een student die nog lang niet klaar is voor het volwassen leven. Heeft een enorme hekel aan regen en kou, ondanks dat dat het perfecte weer is om TikTok uit te spelen (en ze dat dan wel weer graag doet). Weet de meest random feitjes en is onnodig trots op haar Duolingo streak.\",\"sameAs\":[\"https:\\\/\\\/www.instagram.com\\\/ykevandersalmxx\\\/\",\"https:\\\/\\\/www.linkedin.com\\\/in\\\/yke-van-der-salm-212309299\\\/\"],\"url\":\"https:\\\/\\\/www.thebestsocial.media\\\/nl\\\/author\\\/yke2023\\\/\"}]}<\/script>\n<!-- \/ Yoast SEO plugin. -->","yoast_head_json":{"title":"Van d\u00e9ze opmerkelijke wekker word je spontaan een vroege vogel","description":"Normal worden we al niet zo blij als de wekker afgaat, maar deze vrouw heeft een wel heel opmerkelijke wekker.","robots":{"index":"index","follow":"follow","max-snippet":"max-snippet:-1","max-image-preview":"max-image-preview:large","max-video-preview":"max-video-preview:-1"},"canonical":"https:\/\/www.thebestsocial.media\/nl\/wekker-opmerkelijk-vogel\/","og_locale":"nl_NL","og_type":"article","og_title":"Van d\u00e9ze opmerkelijke wekker word je spontaan een vroege vogel","og_description":"Normal worden we al niet zo blij als de wekker afgaat, maar deze vrouw heeft een wel heel opmerkelijke wekker.","og_url":"https:\/\/www.thebestsocial.media\/nl\/wekker-opmerkelijk-vogel\/","og_site_name":"The Best Social Media NL","article_published_time":"2024-03-08T14:07:01+00:00","og_image":[{"width":1200,"height":630,"url":"https:\/\/www.thebestsocial.media\/nl\/wp-content\/uploads\/sites\/2\/2024\/03\/wekker-header-social-2.png","type":"image\/png"}],"author":"Yke","twitter_card":"summary_large_image","twitter_title":"Van d\u00e9ze opmerkelijke wekker word je spontaan een vroege vogel","twitter_description":"Normal worden we al niet zo blij als de wekker afgaat, maar deze vrouw heeft een wel heel opmerkelijke wekker.","twitter_image":"https:\/\/www.thebestsocial.media\/nl\/wp-content\/uploads\/sites\/2\/2024\/03\/wekker-header-social-2.png","twitter_misc":{"Geschreven door":"Yke","Geschatte leestijd":"3 minuten"},"schema":{"@context":"https:\/\/schema.org","@graph":[{"@type":"Article","@id":"https:\/\/www.thebestsocial.media\/nl\/wekker-opmerkelijk-vogel\/#article","isPartOf":{"@id":"https:\/\/www.thebestsocial.media\/nl\/wekker-opmerkelijk-vogel\/"},"author":{"name":"Yke","@id":"https:\/\/www.thebestsocial.media\/nl\/#\/schema\/person\/8606b82fba0c8f0e9bb0a37141b1e076"},"headline":"Van d\u00e9ze opmerkelijke wekker word je spontaan een vroege vogel","datePublished":"2024-03-08T14:07:01+00:00","mainEntityOfPage":{"@id":"https:\/\/www.thebestsocial.media\/nl\/wekker-opmerkelijk-vogel\/"},"wordCount":277,"commentCount":0,"image":{"@id":"https:\/\/www.thebestsocial.media\/nl\/wekker-opmerkelijk-vogel\/#primaryimage"},"thumbnailUrl":"https:\/\/www.thebestsocial.media\/nl\/wp-content\/uploads\/sites\/2\/2024\/03\/wekker-header-2.png","keywords":["opmerkelijk","vroege vogels","wekker"],"articleSection":["Blogs","Nieuws"],"inLanguage":"nl-NL","potentialAction":[{"@type":"CommentAction","name":"Comment","target":["https:\/\/www.thebestsocial.media\/nl\/wekker-opmerkelijk-vogel\/#respond"]}]},{"@type":"WebPage","@id":"https:\/\/www.thebestsocial.media\/nl\/wekker-opmerkelijk-vogel\/","url":"https:\/\/www.thebestsocial.media\/nl\/wekker-opmerkelijk-vogel\/","name":"Van d\u00e9ze opmerkelijke wekker word je spontaan een vroege vogel","isPartOf":{"@id":"https:\/\/www.thebestsocial.media\/nl\/#website"},"primaryImageOfPage":{"@id":"https:\/\/www.thebestsocial.media\/nl\/wekker-opmerkelijk-vogel\/#primaryimage"},"image":{"@id":"https:\/\/www.thebestsocial.media\/nl\/wekker-opmerkelijk-vogel\/#primaryimage"},"thumbnailUrl":"https:\/\/www.thebestsocial.media\/nl\/wp-content\/uploads\/sites\/2\/2024\/03\/wekker-header-2.png","datePublished":"2024-03-08T14:07:01+00:00","author":{"@id":"https:\/\/www.thebestsocial.media\/nl\/#\/schema\/person\/8606b82fba0c8f0e9bb0a37141b1e076"},"description":"Normal worden we al niet zo blij als de wekker afgaat, maar deze vrouw heeft een wel heel opmerkelijke wekker.","breadcrumb":{"@id":"https:\/\/www.thebestsocial.media\/nl\/wekker-opmerkelijk-vogel\/#breadcrumb"},"inLanguage":"nl-NL","potentialAction":[{"@type":"ReadAction","target":["https:\/\/www.thebestsocial.media\/nl\/wekker-opmerkelijk-vogel\/"]}]},{"@type":"ImageObject","inLanguage":"nl-NL","@id":"https:\/\/www.thebestsocial.media\/nl\/wekker-opmerkelijk-vogel\/#primaryimage","url":"https:\/\/www.thebestsocial.media\/nl\/wp-content\/uploads\/sites\/2\/2024\/03\/wekker-header-2.png","contentUrl":"https:\/\/www.thebestsocial.media\/nl\/wp-content\/uploads\/sites\/2\/2024\/03\/wekker-header-2.png","width":1200,"height":630},{"@type":"BreadcrumbList","@id":"https:\/\/www.thebestsocial.media\/nl\/wekker-opmerkelijk-vogel\/#breadcrumb","itemListElement":[{"@type":"ListItem","position":1,"name":"Home","item":"https:\/\/www.thebestsocial.media\/nl\/"},{"@type":"ListItem","position":2,"name":"Van d\u00e9ze opmerkelijke wekker word je spontaan een vroege vogel"}]},{"@type":"WebSite","@id":"https:\/\/www.thebestsocial.media\/nl\/#website","url":"https:\/\/www.thebestsocial.media\/nl\/","name":"The Best Social Media NL","description":"Zoeklicht in de Digital Chaos","potentialAction":[{"@type":"SearchAction","target":{"@type":"EntryPoint","urlTemplate":"https:\/\/www.thebestsocial.media\/nl\/?s={search_term_string}"},"query-input":{"@type":"PropertyValueSpecification","valueRequired":true,"valueName":"search_term_string"}}],"inLanguage":"nl-NL"},{"@type":"Person","@id":"https:\/\/www.thebestsocial.media\/nl\/#\/schema\/person\/8606b82fba0c8f0e9bb0a37141b1e076","name":"Yke","image":{"@type":"ImageObject","inLanguage":"nl-NL","@id":"https:\/\/secure.gravatar.com\/avatar\/5672717b902c9d1318b61229ca6af1f6d3a209dceabb66b84761e03a46fab6fc?s=96&d=mm&r=g","url":"https:\/\/secure.gravatar.com\/avatar\/5672717b902c9d1318b61229ca6af1f6d3a209dceabb66b84761e03a46fab6fc?s=96&d=mm&r=g","contentUrl":"https:\/\/secure.gravatar.com\/avatar\/5672717b902c9d1318b61229ca6af1f6d3a209dceabb66b84761e03a46fab6fc?s=96&d=mm&r=g","caption":"Yke"},"description":"Stiekem nog een student die nog lang niet klaar is voor het volwassen leven. Heeft een enorme hekel aan regen en kou, ondanks dat dat het perfecte weer is om TikTok uit te spelen (en ze dat dan wel weer graag doet). Weet de meest random feitjes en is onnodig trots op haar Duolingo streak.","sameAs":["https:\/\/www.instagram.com\/ykevandersalmxx\/","https:\/\/www.linkedin.com\/in\/yke-van-der-salm-212309299\/"],"url":"https:\/\/www.thebestsocial.media\/nl\/author\/yke2023\/"}]}},"amp_enabled":true,"_links":{"self":[{"href":"https:\/\/www.thebestsocial.media\/nl\/wp-json\/wp\/v2\/posts\/296309","targetHints":{"allow":["GET"]}}],"collection":[{"href":"https:\/\/www.thebestsocial.media\/nl\/wp-json\/wp\/v2\/posts"}],"about":[{"href":"https:\/\/www.thebestsocial.media\/nl\/wp-json\/wp\/v2\/types\/post"}],"author":[{"embeddable":true,"href":"https:\/\/www.thebestsocial.media\/nl\/wp-json\/wp\/v2\/users\/117"}],"replies":[{"embeddable":true,"href":"https:\/\/www.thebestsocial.media\/nl\/wp-json\/wp\/v2\/comments?post=296309"}],"version-history":[{"count":3,"href":"https:\/\/www.thebestsocial.media\/nl\/wp-json\/wp\/v2\/posts\/296309\/revisions"}],"predecessor-version":[{"id":296456,"href":"https:\/\/www.thebestsocial.media\/nl\/wp-json\/wp\/v2\/posts\/296309\/revisions\/296456"}],"wp:featuredmedia":[{"embeddable":true,"href":"https:\/\/www.thebestsocial.media\/nl\/wp-json\/wp\/v2\/media\/296454"}],"wp:attachment":[{"href":"https:\/\/www.thebestsocial.media\/nl\/wp-json\/wp\/v2\/media?parent=296309"}],"wp:term":[{"taxonomy":"category","embeddable":true,"href":"https:\/\/www.thebestsocial.media\/nl\/wp-json\/wp\/v2\/categories?post=296309"},{"taxonomy":"post_tag","embeddable":true,"href":"https:\/\/www.thebestsocial.media\/nl\/wp-json\/wp\/v2\/tags?post=296309"}],"curies":[{"name":"wp","href":"https:\/\/api.w.org\/{rel}","templated":true}]}}