{"id":273242,"date":"2023-10-05T13:08:33","date_gmt":"2023-10-05T12:08:33","guid":{"rendered":"https:\/\/www.thebestsocial.media\/nl\/?p=273242"},"modified":"2023-10-05T13:08:33","modified_gmt":"2023-10-05T12:08:33","slug":"dag-van-de-leraar-leerlingen-school","status":"publish","type":"post","link":"https:\/\/www.thebestsocial.media\/nl\/dag-van-de-leraar-leerlingen-school\/","title":{"rendered":"Door deze leerlingen plannen leraren graag een paar studiedagen in"},"content":{"rendered":"<p>Af en toe kunnen we niet met ze door een deur, maar eigenlijk kunnen we ook niet zonder ze. Jep, we hebben het natuurlijk over <a href=\"https:\/\/www.thebestsocial.media\/nl\/leraren-sticker-krul\/\" target=\"_blank\" rel=\"noopener\">leraren<\/a>. Vandaag is de Dag van de Leraar, waardoor een kleine ode aan deze hardwerkende mensen niet kan uitblijven. Als docent is het van belang om je frustraties in bedwang te kunnen houden. Want hoewel sommige leerlingen misschien een dikke krul verdienen, zou je anderen liever per direct de klas uitsturen&#8230;<\/p>\n<h6><strong>Lees ook<a href=\"https:\/\/www.thebestsocial.media\/nl\/nederlanders-skere-momenten-dumb-money\/\" target=\"_blank\" rel=\"noopener\">: deze zeven skere Nederlanders geven een nieuwe betekenis aan het woord &#8216;krent&#8217;.<\/a><\/strong><\/h6>\n<p>&nbsp;<\/p>\n<h3>1. Hoewel Nederlanders bekend staan om hun directe karakter, hebben Nederlandse leerlingen al helemaal geen filter.<\/h3>\n<blockquote class=\"twitter-tweet\">\n<p dir=\"ltr\" lang=\"nl\">Middagje invallen op m&#8217;n oude BSO groep. Zin om de kinderen en mijn collega&#8217;s weer te zien.<\/p>\n<p>&#8220;Huh.. Juf, jij was toch weg?&#8221;<br \/>\nKlopt! De vaste juf is op vakantie dus ik ben er vandaag!<br \/>\n&#8220;Je hoeft niet meer terug te komen hoor. Jij was altijd zo streng.&#8221;<\/p>\n<p>Gezellige middag wel \ud83d\udc4d<\/p>\n<p>\u2014 SpeciFieke (@Fiekevo) <a href=\"https:\/\/twitter.com\/Fiekevo\/status\/1697289904491814913?ref_src=twsrc%5Etfw\">August 31, 2023<\/a><\/p><\/blockquote>\n<p><script async src=\"https:\/\/platform.twitter.com\/widgets.js\" charset=\"utf-8\"><\/script><\/p>\n<p>&nbsp;<\/p>\n<h3>2. Ja, ga je maar melden.<\/h3>\n<blockquote class=\"twitter-tweet\">\n<p dir=\"ltr\" lang=\"nl\">Door een val van mijn racefiets heb ik mijn elleboog gebroken. Sommige leerlingen vonden het leuk om iets op mijn verband te schrijven.<\/p>\n<p>LEERLING: Meneer! Mag ik ook wat op uw verband schrijven?<\/p>\n<p>IK: Tuurlijk, leuk!<\/p>\n<p>LEERLING: <a href=\"https:\/\/t.co\/Xk7BWRZem8\">pic.twitter.com\/Xk7BWRZem8<\/a><\/p>\n<p>\u2014 Kasper Soeters (@KasperSoeters) <a href=\"https:\/\/twitter.com\/KasperSoeters\/status\/1704044413289189845?ref_src=twsrc%5Etfw\">September 19, 2023<\/a><\/p><\/blockquote>\n<p><script src=\"https:\/\/platform.twitter.com\/widgets.js\" async=\"\" charset=\"utf-8\"><\/script><\/p>\n<p>&nbsp;<\/p>\n<h3>3. De wiskundeleraren van tegenwoordig hebben het maar zwaar te verduren, want van deze comeback is niks meer over.<\/h3>\n<blockquote class=\"twitter-tweet\">\n<blockquote class=\"twitter-tweet\">\n<p dir=\"ltr\" lang=\"nl\">&#8220;Later heb je echt niet altijd een rekenmachine in je broekzak hoor&#8221;.<\/p>\n<p>Ik hoor het mijn leraar uit groep 6 nog zeggen over hoofdrekenen. Ooit zoek ik hem nog op, duw ik mijn telefoon in zijn gezicht en schreeuw:<\/p>\n<p>&#8220;NIET? HOEZO NIET?!? OH NEE? HIERZO, KIJK DAN!!!!&#8221;<\/p>\n<p>\u2014 Wouter (@wdortmans) <a href=\"https:\/\/twitter.com\/wdortmans\/status\/1073490702208851968?ref_src=twsrc%5Etfw\">December 14, 2018<\/a><\/p><\/blockquote>\n<p><script async src=\"https:\/\/platform.twitter.com\/widgets.js\" charset=\"utf-8\"><\/script><\/p><\/blockquote>\n<p>&nbsp;<\/p>\n<h3>4. Door fouten te maken leer je, zeker als er een reep chocolade tegenover staat.<\/h3>\n<blockquote class=\"twitter-tweet\">\n<p dir=\"ltr\" lang=\"nl\">&#8216;Juf, als ik een foutje in mijn spellingschrift heb krijg je chocola.&#8217;<br \/>\n&#8211; &#8216;Deal.&#8217;<\/p>\n<p>Hij had vervolgens expres een foutje gemaakt en kwam vandaag met een reep chocola bij me. Prachtig toch. Nu met de rest van de klas deze afspraak ook nog even maken.<\/p>\n<p>\u2014 M.I.\ud83c\udf66 (@Empie_17) <a href=\"https:\/\/twitter.com\/Empie_17\/status\/1709631404680552457?ref_src=twsrc%5Etfw\">October 4, 2023<\/a><\/p><\/blockquote>\n<p><script async src=\"https:\/\/platform.twitter.com\/widgets.js\" charset=\"utf-8\"><\/script><\/p>\n<p>&nbsp;<\/p>\n<h3>5. In sommige gevallen verdient de leraar ook een dikke krul \u00e9n een mooie sticker \u00e9n de gouden pen.<\/h3>\n<blockquote class=\"twitter-tweet\">\n<p dir=\"ltr\" lang=\"nl\">Je wist het nog niet maar dit heb je nodig.<\/p>\n<p>Deze juf vroeg haar leerlingen uit gr1 maanden geleden hun lievelingsknuffel te tekenen. Ze heeft vervolgens alle tekeningen gehaakt en deze week als verrassing aan de leerlingen gegeven. Op haar eigen 40-jarig onderwijsjubileum. \u2764\ufe0f <a href=\"https:\/\/t.co\/CdMr6AI1eW\">pic.twitter.com\/CdMr6AI1eW<\/a><\/p>\n<p>\u2014 Martijn Sijtsma (@MartijnSytsma) <a href=\"https:\/\/twitter.com\/MartijnSytsma\/status\/1676312260216516624?ref_src=twsrc%5Etfw\">July 4, 2023<\/a><\/p><\/blockquote>\n<p><script async src=\"https:\/\/platform.twitter.com\/widgets.js\" charset=\"utf-8\"><\/script><\/p>\n<p>&nbsp;<\/p>\n<h3>6. Als leraar kan je hard werken, maar of het loont&#8230;<\/h3>\n<blockquote class=\"twitter-tweet\">\n<p dir=\"ltr\" lang=\"nl\">Ik vermoedde altijd al dat mijn leerlingen vonden dat leraren niet echt werken, maar nu heb ik daar ook helder bewijs voor. \ud83d\udc4c\ud83c\udffb <a href=\"https:\/\/t.co\/hqK3RlYz7i\">pic.twitter.com\/hqK3RlYz7i<\/a><\/p>\n<p>\u2014 Kasper Soeters (@KasperSoeters) <a href=\"https:\/\/twitter.com\/KasperSoeters\/status\/1617892776611565568?ref_src=twsrc%5Etfw\">January 24, 2023<\/a><\/p><\/blockquote>\n<p><script src=\"https:\/\/platform.twitter.com\/widgets.js\" async=\"\" charset=\"utf-8\"><\/script><\/p>\n<p><img loading=\"lazy\" decoding=\"async\" class=\"alignnone\" src=\"https:\/\/pbs.twimg.com\/media\/FnPo54uWYAImdSI?format=jpg&amp;name=medium\" alt=\"leerlingen\" width=\"1200\" height=\"434\" \/><\/p>\n<p>&nbsp;<\/p>\n<h3>7. Uitdaging geaccepteerd.<\/h3>\n<blockquote class=\"twitter-tweet\">\n<p dir=\"ltr\" lang=\"nl\">Sinds dit schooljaar ben ik ingeroosterd voor &#8216;keuzeruimte groot&#8217;. Dat betekent dat ik in mijn eentje (max.) vijftig leerlingen onder mijn hoede heb, voor een lesuur van 45 minuten. Toen ik vroeger ging oppassen kon ik tenminste nog chips eten. <a href=\"https:\/\/t.co\/ofV2hU9D9c\">pic.twitter.com\/ofV2hU9D9c<\/a><\/p>\n<p>\u2014 Sanne Windey (@SanneWindey) <a href=\"https:\/\/twitter.com\/SanneWindey\/status\/1707386732486799370?ref_src=twsrc%5Etfw\">September 28, 2023<\/a><\/p><\/blockquote>\n<p><script async src=\"https:\/\/platform.twitter.com\/widgets.js\" charset=\"utf-8\"><\/script><\/p>\n<p>&nbsp;<\/p>\n<h3>8. Dit laat nog steeds flinke trauma&#8217;s bij leerlingen achter, net als de piepjestest.<\/h3>\n<blockquote class=\"twitter-tweet\">\n<p dir=\"ltr\" lang=\"nl\">Ik vond mijn middelbareschooltijd echt fantastisch en mis het regelmatig.<\/p>\n<p>Maar vanochtend zag ik leerlingen van mijn voormalige school buiten trainen voor de coopertest en dan weet ik dat mijn leven nu eigenlijk veel beter is.<\/p>\n<p>\u2014 Josan \u2728 (@Josyanne) <a href=\"https:\/\/twitter.com\/Josyanne\/status\/1706964305713721754?ref_src=twsrc%5Etfw\">September 27, 2023<\/a><\/p><\/blockquote>\n<p><script async src=\"https:\/\/platform.twitter.com\/widgets.js\" charset=\"utf-8\"><\/script><\/p>\n<p>&nbsp;<\/p>\n<h3>9. Deze leerlingen hebben in ieder geval \u00edets van de les opgestoken.<\/h3>\n<blockquote class=\"twitter-tweet\">\n<p dir=\"ltr\" lang=\"nl\">IK: Schrijf op je eindexamen in ieder geval altijd \u00edets op bij je antwoorden! Je weet maar nooit of je er nog een punt voor kunt krijgen.<\/p>\n<p>MIJN LEERLINGEN: <a href=\"https:\/\/t.co\/PLWpD3hWK5\">pic.twitter.com\/PLWpD3hWK5<\/a><\/p>\n<p>\u2014 Kasper Soeters (@KasperSoeters) <a href=\"https:\/\/twitter.com\/KasperSoeters\/status\/1662763637117681666?ref_src=twsrc%5Etfw\">May 28, 2023<\/a><\/p><\/blockquote>\n<p><script async src=\"https:\/\/platform.twitter.com\/widgets.js\" charset=\"utf-8\"><\/script><\/p>\n<p><img loading=\"lazy\" decoding=\"async\" class=\"alignnone\" src=\"https:\/\/pbs.twimg.com\/media\/FxNStpqXsAErluu?format=jpg&amp;name=medium\" alt=\"leerlingen\" width=\"944\" height=\"265\" \/><\/p>\n<p>&nbsp;<\/p>\n<h3>10. Of je nu wel of niet met je leraren door \u00e9\u00e9n deur kan: vandaag mag je ze wel effe in het zonnetje zetten.<\/h3>\n<blockquote class=\"twitter-tweet\">\n<p dir=\"ltr\" lang=\"nl\">Dank aan onze leraren die zich iedere dag weer inzetten om jongeren voor te bereiden op hun toekomst.\ud83d\ude4f\ud83c\udffc<\/p>\n<p>Mijn wens is dat de waardering en het behoud van lerarende komende kabinetsperiode \u00e9cht een prioriteit wordt.<\/p>\n<p>Dat verdienen jullie, en alle leerlingen! <a href=\"https:\/\/twitter.com\/hashtag\/DagVanDeLeraar?src=hash&amp;ref_src=twsrc%5Etfw\">#DagVanDeLeraar<\/a><\/p>\n<p>\u2014 Lisa Westerveld \ud83c\udf31 (@Lisawesterveld) <a href=\"https:\/\/twitter.com\/Lisawesterveld\/status\/1709825484341547206?ref_src=twsrc%5Etfw\">October 5, 2023<\/a><\/p><\/blockquote>\n<p><script async src=\"https:\/\/platform.twitter.com\/widgets.js\" charset=\"utf-8\"><\/script><\/p>\n<p>&nbsp;<\/p>\n<blockquote class=\"twitter-tweet\"><p><strong><em>Mocht je je afvragen wat onderstaande iconische posts met elkaar gemeen hebben: het zijn allemaal Business-winnaars van de vorige edities van <a href=\"https:\/\/www.instagram.com\/thebestsocialawards\/\" target=\"_blank\" rel=\"noopener\">The Best Social Awards<\/a>. En als we dan toch je aandacht hebben, willen we meteen wat goed nieuws delen: de 10e editie van The Best Social Awards gaat bijna van start! <\/em><\/strong><strong><em>Vanaf 11 oktober tot en met 23 november kunnen bedrijven, instanties en overheden hun werk inzenden om kans te maken op de meest besproken online prijzen van Nederland. Dit wil je niet missen! Check <a href=\"https:\/\/thebestsocialawards.nl\" target=\"_blank\" rel=\"noopener\">de website van The Best Social Awards<\/a> voor meer info!<\/em><\/strong><\/p>\n<blockquote class=\"instagram-media\" style=\"background: #FFF; border: 0; border-radius: 3px; box-shadow: 0 0 1px 0 rgba(0,0,0,0.5),0 1px 10px 0 rgba(0,0,0,0.15); margin: 1px; max-width: 540px; min-width: 326px; padding: 0; width: calc(100% - 2px);\" data-instgrm-permalink=\"https:\/\/www.instagram.com\/p\/CxcvSwWogEG\/?utm_source=ig_embed&amp;utm_campaign=loading\" data-instgrm-version=\"14\">\n<div style=\"padding: 16px;\">\n<p>&nbsp;<\/p>\n<div style=\"display: flex; flex-direction: row; align-items: center;\">\n<div style=\"background-color: #f4f4f4; border-radius: 50%; flex-grow: 0; height: 40px; margin-right: 14px; width: 40px;\"><\/div>\n<div style=\"display: flex; flex-direction: column; flex-grow: 1; justify-content: center;\">\n<div style=\"background-color: #f4f4f4; border-radius: 4px; flex-grow: 0; height: 14px; margin-bottom: 6px; width: 100px;\"><\/div>\n<div style=\"background-color: #f4f4f4; border-radius: 4px; flex-grow: 0; height: 14px; width: 60px;\"><\/div>\n<\/div>\n<\/div>\n<div style=\"padding: 19% 0;\"><\/div>\n<div style=\"display: block; height: 50px; margin: 0 auto 12px; width: 50px;\"><\/div>\n<div style=\"padding-top: 8px;\">\n<div style=\"color: #3897f0; font-family: Arial,sans-serif; font-size: 14px; font-style: normal; font-weight: 550; line-height: 18px;\">Dit bericht op Instagram bekijken<\/div>\n<\/div>\n<div style=\"padding: 12.5% 0;\"><\/div>\n<div style=\"display: flex; flex-direction: row; margin-bottom: 14px; align-items: center;\">\n<div>\n<div style=\"background-color: #f4f4f4; border-radius: 50%; height: 12.5px; width: 12.5px; transform: translateX(0px) translateY(7px);\"><\/div>\n<div style=\"background-color: #f4f4f4; height: 12.5px; transform: rotate(-45deg) translateX(3px) translateY(1px); width: 12.5px; flex-grow: 0; margin-right: 14px; margin-left: 2px;\"><\/div>\n<div style=\"background-color: #f4f4f4; border-radius: 50%; height: 12.5px; width: 12.5px; transform: translateX(9px) translateY(-18px);\"><\/div>\n<\/div>\n<div style=\"margin-left: 8px;\">\n<div style=\"background-color: #f4f4f4; border-radius: 50%; flex-grow: 0; height: 20px; width: 20px;\"><\/div>\n<div style=\"width: 0; height: 0; border-top: 2px solid transparent; border-left: 6px solid #f4f4f4; border-bottom: 2px solid transparent; transform: translateX(16px) translateY(-4px) rotate(30deg);\"><\/div>\n<\/div>\n<div style=\"margin-left: auto;\">\n<div style=\"width: 0px; border-top: 8px solid #F4F4F4; border-right: 8px solid transparent; transform: translateY(16px);\"><\/div>\n<div style=\"background-color: #f4f4f4; flex-grow: 0; height: 12px; width: 16px; transform: translateY(-4px);\"><\/div>\n<div style=\"width: 0; height: 0; border-top: 8px solid #F4F4F4; border-left: 8px solid transparent; transform: translateY(-4px) translateX(8px);\"><\/div>\n<\/div>\n<\/div>\n<div style=\"display: flex; flex-direction: column; flex-grow: 1; justify-content: center; margin-bottom: 24px;\">\n<div style=\"background-color: #f4f4f4; border-radius: 4px; flex-grow: 0; height: 14px; margin-bottom: 6px; width: 224px;\"><\/div>\n<div style=\"background-color: #f4f4f4; border-radius: 4px; flex-grow: 0; height: 14px; width: 144px;\"><\/div>\n<\/div>\n<p>&nbsp;<\/p>\n<p style=\"color: #c9c8cd; font-family: Arial,sans-serif; font-size: 14px; line-height: 17px; margin-bottom: 0; margin-top: 8px; overflow: hidden; padding: 8px 0 7px; text-align: center; text-overflow: ellipsis; white-space: nowrap;\"><a style=\"color: #c9c8cd; font-family: Arial,sans-serif; font-size: 14px; font-style: normal; font-weight: normal; line-height: 17px; text-decoration: none;\" href=\"https:\/\/www.instagram.com\/p\/CxcvSwWogEG\/?utm_source=ig_embed&amp;utm_campaign=loading\" target=\"_blank\" rel=\"noopener\">Een bericht gedeeld door The Best Social Media &#8211; NL (@thebestsocialmedianl)<\/a><\/p>\n<\/div>\n<\/blockquote>\n<\/blockquote>\n<script async defer src=\"\/instagram-embed.js\"><\/script>","protected":false},"excerpt":{"rendered":"<p>Af en toe kunnen we niet met ze door een deur, maar eigenlijk kunnen we ook niet zonder ze. Jep, we hebben het natuurlijk over&#8230;<\/p>\n","protected":false},"author":96,"featured_media":273369,"comment_status":"open","ping_status":"open","sticky":false,"template":"","format":"standard","meta":{"_acf_changed":false,"footnotes":""},"categories":[16,17],"tags":[8525,1711,28],"class_list":["post-273242","post","type-post","status-publish","format-standard","has-post-thumbnail","hentry","category-blogs","category-nieuws","tag-dag-van-de-leraar","tag-school","tag-twitter"],"acf":[],"yoast_head":"<!-- This site is optimized with the Yoast SEO plugin v27.5 - https:\/\/yoast.com\/product\/yoast-seo-wordpress\/ -->\n<title>Door deze leerlingen plannen leraren een paar studiedagen in<\/title>\n<meta name=\"description\" content=\"Door leerlingen hebben leraren het af en toe zwaar te verduren. Vandaag is de Dag van de Leraar, waardoor een ode niet kan uitblijven.\" \/>\n<meta name=\"robots\" content=\"index, follow, max-snippet:-1, max-image-preview:large, max-video-preview:-1\" \/>\n<link rel=\"canonical\" href=\"https:\/\/www.thebestsocial.media\/nl\/dag-van-de-leraar-leerlingen-school\/\" \/>\n<meta property=\"og:locale\" content=\"nl_NL\" \/>\n<meta property=\"og:type\" content=\"article\" \/>\n<meta property=\"og:title\" content=\"Door deze leerlingen plannen leraren graag een paar studiedagen in\" \/>\n<meta property=\"og:description\" content=\"Door leerlingen hebben leraren het af en toe zwaar te verduren. Vandaag is de Dag van de Leraar, waardoor een ode niet kan uitblijven.\" \/>\n<meta property=\"og:url\" content=\"https:\/\/www.thebestsocial.media\/nl\/dag-van-de-leraar-leerlingen-school\/\" \/>\n<meta property=\"og:site_name\" content=\"The Best Social Media NL\" \/>\n<meta property=\"article:published_time\" content=\"2023-10-05T12:08:33+00:00\" \/>\n<meta property=\"og:image\" content=\"https:\/\/www.thebestsocial.media\/nl\/wp-content\/uploads\/sites\/2\/2023\/10\/header2-1.png\" \/>\n\t<meta property=\"og:image:width\" content=\"1200\" \/>\n\t<meta property=\"og:image:height\" content=\"630\" \/>\n\t<meta property=\"og:image:type\" content=\"image\/png\" \/>\n<meta name=\"author\" content=\"yannick\" \/>\n<meta name=\"twitter:card\" content=\"summary_large_image\" \/>\n<meta name=\"twitter:title\" content=\"Door deze leerlingen plannen leraren graag een paar studiedagen in\" \/>\n<meta name=\"twitter:description\" content=\"Door leerlingen hebben leraren het af en toe zwaar te verduren. Vandaag is de Dag van de Leraar, waardoor een ode niet kan uitblijven.\" \/>\n<meta name=\"twitter:image\" content=\"https:\/\/www.thebestsocial.media\/nl\/wp-content\/uploads\/sites\/2\/2023\/10\/header2-1.png\" \/>\n<meta name=\"twitter:label1\" content=\"Geschreven door\" \/>\n\t<meta name=\"twitter:data1\" content=\"yannick\" \/>\n\t<meta name=\"twitter:label2\" content=\"Geschatte leestijd\" \/>\n\t<meta name=\"twitter:data2\" content=\"2 minuten\" \/>\n<script type=\"application\/ld+json\" class=\"yoast-schema-graph\">{\"@context\":\"https:\\\/\\\/schema.org\",\"@graph\":[{\"@type\":\"Article\",\"@id\":\"https:\\\/\\\/www.thebestsocial.media\\\/nl\\\/dag-van-de-leraar-leerlingen-school\\\/#article\",\"isPartOf\":{\"@id\":\"https:\\\/\\\/www.thebestsocial.media\\\/nl\\\/dag-van-de-leraar-leerlingen-school\\\/\"},\"author\":{\"name\":\"yannick\",\"@id\":\"https:\\\/\\\/www.thebestsocial.media\\\/nl\\\/#\\\/schema\\\/person\\\/2b65a07de209cd1d416a21f959fdf166\"},\"headline\":\"Door deze leerlingen plannen leraren graag een paar studiedagen in\",\"datePublished\":\"2023-10-05T12:08:33+00:00\",\"mainEntityOfPage\":{\"@id\":\"https:\\\/\\\/www.thebestsocial.media\\\/nl\\\/dag-van-de-leraar-leerlingen-school\\\/\"},\"wordCount\":810,\"commentCount\":0,\"image\":{\"@id\":\"https:\\\/\\\/www.thebestsocial.media\\\/nl\\\/dag-van-de-leraar-leerlingen-school\\\/#primaryimage\"},\"thumbnailUrl\":\"https:\\\/\\\/www.thebestsocial.media\\\/nl\\\/wp-content\\\/uploads\\\/sites\\\/2\\\/2023\\\/10\\\/uitgelicht2.png\",\"keywords\":[\"dag van de leraar\",\"school\",\"twitter\"],\"articleSection\":[\"Blogs\",\"Nieuws\"],\"inLanguage\":\"nl-NL\",\"potentialAction\":[{\"@type\":\"CommentAction\",\"name\":\"Comment\",\"target\":[\"https:\\\/\\\/www.thebestsocial.media\\\/nl\\\/dag-van-de-leraar-leerlingen-school\\\/#respond\"]}]},{\"@type\":\"WebPage\",\"@id\":\"https:\\\/\\\/www.thebestsocial.media\\\/nl\\\/dag-van-de-leraar-leerlingen-school\\\/\",\"url\":\"https:\\\/\\\/www.thebestsocial.media\\\/nl\\\/dag-van-de-leraar-leerlingen-school\\\/\",\"name\":\"Door deze leerlingen plannen leraren een paar studiedagen in\",\"isPartOf\":{\"@id\":\"https:\\\/\\\/www.thebestsocial.media\\\/nl\\\/#website\"},\"primaryImageOfPage\":{\"@id\":\"https:\\\/\\\/www.thebestsocial.media\\\/nl\\\/dag-van-de-leraar-leerlingen-school\\\/#primaryimage\"},\"image\":{\"@id\":\"https:\\\/\\\/www.thebestsocial.media\\\/nl\\\/dag-van-de-leraar-leerlingen-school\\\/#primaryimage\"},\"thumbnailUrl\":\"https:\\\/\\\/www.thebestsocial.media\\\/nl\\\/wp-content\\\/uploads\\\/sites\\\/2\\\/2023\\\/10\\\/uitgelicht2.png\",\"datePublished\":\"2023-10-05T12:08:33+00:00\",\"author\":{\"@id\":\"https:\\\/\\\/www.thebestsocial.media\\\/nl\\\/#\\\/schema\\\/person\\\/2b65a07de209cd1d416a21f959fdf166\"},\"description\":\"Door leerlingen hebben leraren het af en toe zwaar te verduren. Vandaag is de Dag van de Leraar, waardoor een ode niet kan uitblijven.\",\"breadcrumb\":{\"@id\":\"https:\\\/\\\/www.thebestsocial.media\\\/nl\\\/dag-van-de-leraar-leerlingen-school\\\/#breadcrumb\"},\"inLanguage\":\"nl-NL\",\"potentialAction\":[{\"@type\":\"ReadAction\",\"target\":[\"https:\\\/\\\/www.thebestsocial.media\\\/nl\\\/dag-van-de-leraar-leerlingen-school\\\/\"]}]},{\"@type\":\"ImageObject\",\"inLanguage\":\"nl-NL\",\"@id\":\"https:\\\/\\\/www.thebestsocial.media\\\/nl\\\/dag-van-de-leraar-leerlingen-school\\\/#primaryimage\",\"url\":\"https:\\\/\\\/www.thebestsocial.media\\\/nl\\\/wp-content\\\/uploads\\\/sites\\\/2\\\/2023\\\/10\\\/uitgelicht2.png\",\"contentUrl\":\"https:\\\/\\\/www.thebestsocial.media\\\/nl\\\/wp-content\\\/uploads\\\/sites\\\/2\\\/2023\\\/10\\\/uitgelicht2.png\",\"width\":1200,\"height\":630,\"caption\":\"leerlingen\"},{\"@type\":\"BreadcrumbList\",\"@id\":\"https:\\\/\\\/www.thebestsocial.media\\\/nl\\\/dag-van-de-leraar-leerlingen-school\\\/#breadcrumb\",\"itemListElement\":[{\"@type\":\"ListItem\",\"position\":1,\"name\":\"Home\",\"item\":\"https:\\\/\\\/www.thebestsocial.media\\\/nl\\\/\"},{\"@type\":\"ListItem\",\"position\":2,\"name\":\"Door deze leerlingen plannen leraren graag een paar studiedagen in\"}]},{\"@type\":\"WebSite\",\"@id\":\"https:\\\/\\\/www.thebestsocial.media\\\/nl\\\/#website\",\"url\":\"https:\\\/\\\/www.thebestsocial.media\\\/nl\\\/\",\"name\":\"The Best Social Media NL\",\"description\":\"Zoeklicht in de Digital Chaos\",\"potentialAction\":[{\"@type\":\"SearchAction\",\"target\":{\"@type\":\"EntryPoint\",\"urlTemplate\":\"https:\\\/\\\/www.thebestsocial.media\\\/nl\\\/?s={search_term_string}\"},\"query-input\":{\"@type\":\"PropertyValueSpecification\",\"valueRequired\":true,\"valueName\":\"search_term_string\"}}],\"inLanguage\":\"nl-NL\"},{\"@type\":\"Person\",\"@id\":\"https:\\\/\\\/www.thebestsocial.media\\\/nl\\\/#\\\/schema\\\/person\\\/2b65a07de209cd1d416a21f959fdf166\",\"name\":\"yannick\",\"image\":{\"@type\":\"ImageObject\",\"inLanguage\":\"nl-NL\",\"@id\":\"https:\\\/\\\/secure.gravatar.com\\\/avatar\\\/8909b7412361c45e4fc0664b3e04faa1ad03832e065a1098c95a21a0527771d4?s=96&d=mm&r=g\",\"url\":\"https:\\\/\\\/secure.gravatar.com\\\/avatar\\\/8909b7412361c45e4fc0664b3e04faa1ad03832e065a1098c95a21a0527771d4?s=96&d=mm&r=g\",\"contentUrl\":\"https:\\\/\\\/secure.gravatar.com\\\/avatar\\\/8909b7412361c45e4fc0664b3e04faa1ad03832e065a1098c95a21a0527771d4?s=96&d=mm&r=g\",\"caption\":\"yannick\"},\"description\":\"Geboren en getogen Bredanaar. Droomde altijd van een carri\u00e8re als profvoetballer, maar is gestrand in de Kelderklasse. Nu geeft ze hier onnodig 'commentaar' op sport, collega's (\u00e9\u00e9n in het bijzonder) en mensen die iconische memes niet kennen.\",\"sameAs\":[\"https:\\\/\\\/www.instagram.com\\\/yannicksnoek\\\/\",\"https:\\\/\\\/www.linkedin.com\\\/in\\\/yannick-s-743aa110b\\\/\"],\"url\":\"https:\\\/\\\/www.thebestsocial.media\\\/nl\\\/author\\\/yannick\\\/\"}]}<\/script>\n<!-- \/ Yoast SEO plugin. -->","yoast_head_json":{"title":"Door deze leerlingen plannen leraren een paar studiedagen in","description":"Door leerlingen hebben leraren het af en toe zwaar te verduren. Vandaag is de Dag van de Leraar, waardoor een ode niet kan uitblijven.","robots":{"index":"index","follow":"follow","max-snippet":"max-snippet:-1","max-image-preview":"max-image-preview:large","max-video-preview":"max-video-preview:-1"},"canonical":"https:\/\/www.thebestsocial.media\/nl\/dag-van-de-leraar-leerlingen-school\/","og_locale":"nl_NL","og_type":"article","og_title":"Door deze leerlingen plannen leraren graag een paar studiedagen in","og_description":"Door leerlingen hebben leraren het af en toe zwaar te verduren. Vandaag is de Dag van de Leraar, waardoor een ode niet kan uitblijven.","og_url":"https:\/\/www.thebestsocial.media\/nl\/dag-van-de-leraar-leerlingen-school\/","og_site_name":"The Best Social Media NL","article_published_time":"2023-10-05T12:08:33+00:00","og_image":[{"width":1200,"height":630,"url":"https:\/\/www.thebestsocial.media\/nl\/wp-content\/uploads\/sites\/2\/2023\/10\/header2-1.png","type":"image\/png"}],"author":"yannick","twitter_card":"summary_large_image","twitter_title":"Door deze leerlingen plannen leraren graag een paar studiedagen in","twitter_description":"Door leerlingen hebben leraren het af en toe zwaar te verduren. Vandaag is de Dag van de Leraar, waardoor een ode niet kan uitblijven.","twitter_image":"https:\/\/www.thebestsocial.media\/nl\/wp-content\/uploads\/sites\/2\/2023\/10\/header2-1.png","twitter_misc":{"Geschreven door":"yannick","Geschatte leestijd":"2 minuten"},"schema":{"@context":"https:\/\/schema.org","@graph":[{"@type":"Article","@id":"https:\/\/www.thebestsocial.media\/nl\/dag-van-de-leraar-leerlingen-school\/#article","isPartOf":{"@id":"https:\/\/www.thebestsocial.media\/nl\/dag-van-de-leraar-leerlingen-school\/"},"author":{"name":"yannick","@id":"https:\/\/www.thebestsocial.media\/nl\/#\/schema\/person\/2b65a07de209cd1d416a21f959fdf166"},"headline":"Door deze leerlingen plannen leraren graag een paar studiedagen in","datePublished":"2023-10-05T12:08:33+00:00","mainEntityOfPage":{"@id":"https:\/\/www.thebestsocial.media\/nl\/dag-van-de-leraar-leerlingen-school\/"},"wordCount":810,"commentCount":0,"image":{"@id":"https:\/\/www.thebestsocial.media\/nl\/dag-van-de-leraar-leerlingen-school\/#primaryimage"},"thumbnailUrl":"https:\/\/www.thebestsocial.media\/nl\/wp-content\/uploads\/sites\/2\/2023\/10\/uitgelicht2.png","keywords":["dag van de leraar","school","twitter"],"articleSection":["Blogs","Nieuws"],"inLanguage":"nl-NL","potentialAction":[{"@type":"CommentAction","name":"Comment","target":["https:\/\/www.thebestsocial.media\/nl\/dag-van-de-leraar-leerlingen-school\/#respond"]}]},{"@type":"WebPage","@id":"https:\/\/www.thebestsocial.media\/nl\/dag-van-de-leraar-leerlingen-school\/","url":"https:\/\/www.thebestsocial.media\/nl\/dag-van-de-leraar-leerlingen-school\/","name":"Door deze leerlingen plannen leraren een paar studiedagen in","isPartOf":{"@id":"https:\/\/www.thebestsocial.media\/nl\/#website"},"primaryImageOfPage":{"@id":"https:\/\/www.thebestsocial.media\/nl\/dag-van-de-leraar-leerlingen-school\/#primaryimage"},"image":{"@id":"https:\/\/www.thebestsocial.media\/nl\/dag-van-de-leraar-leerlingen-school\/#primaryimage"},"thumbnailUrl":"https:\/\/www.thebestsocial.media\/nl\/wp-content\/uploads\/sites\/2\/2023\/10\/uitgelicht2.png","datePublished":"2023-10-05T12:08:33+00:00","author":{"@id":"https:\/\/www.thebestsocial.media\/nl\/#\/schema\/person\/2b65a07de209cd1d416a21f959fdf166"},"description":"Door leerlingen hebben leraren het af en toe zwaar te verduren. Vandaag is de Dag van de Leraar, waardoor een ode niet kan uitblijven.","breadcrumb":{"@id":"https:\/\/www.thebestsocial.media\/nl\/dag-van-de-leraar-leerlingen-school\/#breadcrumb"},"inLanguage":"nl-NL","potentialAction":[{"@type":"ReadAction","target":["https:\/\/www.thebestsocial.media\/nl\/dag-van-de-leraar-leerlingen-school\/"]}]},{"@type":"ImageObject","inLanguage":"nl-NL","@id":"https:\/\/www.thebestsocial.media\/nl\/dag-van-de-leraar-leerlingen-school\/#primaryimage","url":"https:\/\/www.thebestsocial.media\/nl\/wp-content\/uploads\/sites\/2\/2023\/10\/uitgelicht2.png","contentUrl":"https:\/\/www.thebestsocial.media\/nl\/wp-content\/uploads\/sites\/2\/2023\/10\/uitgelicht2.png","width":1200,"height":630,"caption":"leerlingen"},{"@type":"BreadcrumbList","@id":"https:\/\/www.thebestsocial.media\/nl\/dag-van-de-leraar-leerlingen-school\/#breadcrumb","itemListElement":[{"@type":"ListItem","position":1,"name":"Home","item":"https:\/\/www.thebestsocial.media\/nl\/"},{"@type":"ListItem","position":2,"name":"Door deze leerlingen plannen leraren graag een paar studiedagen in"}]},{"@type":"WebSite","@id":"https:\/\/www.thebestsocial.media\/nl\/#website","url":"https:\/\/www.thebestsocial.media\/nl\/","name":"The Best Social Media NL","description":"Zoeklicht in de Digital Chaos","potentialAction":[{"@type":"SearchAction","target":{"@type":"EntryPoint","urlTemplate":"https:\/\/www.thebestsocial.media\/nl\/?s={search_term_string}"},"query-input":{"@type":"PropertyValueSpecification","valueRequired":true,"valueName":"search_term_string"}}],"inLanguage":"nl-NL"},{"@type":"Person","@id":"https:\/\/www.thebestsocial.media\/nl\/#\/schema\/person\/2b65a07de209cd1d416a21f959fdf166","name":"yannick","image":{"@type":"ImageObject","inLanguage":"nl-NL","@id":"https:\/\/secure.gravatar.com\/avatar\/8909b7412361c45e4fc0664b3e04faa1ad03832e065a1098c95a21a0527771d4?s=96&d=mm&r=g","url":"https:\/\/secure.gravatar.com\/avatar\/8909b7412361c45e4fc0664b3e04faa1ad03832e065a1098c95a21a0527771d4?s=96&d=mm&r=g","contentUrl":"https:\/\/secure.gravatar.com\/avatar\/8909b7412361c45e4fc0664b3e04faa1ad03832e065a1098c95a21a0527771d4?s=96&d=mm&r=g","caption":"yannick"},"description":"Geboren en getogen Bredanaar. Droomde altijd van een carri\u00e8re als profvoetballer, maar is gestrand in de Kelderklasse. Nu geeft ze hier onnodig 'commentaar' op sport, collega's (\u00e9\u00e9n in het bijzonder) en mensen die iconische memes niet kennen.","sameAs":["https:\/\/www.instagram.com\/yannicksnoek\/","https:\/\/www.linkedin.com\/in\/yannick-s-743aa110b\/"],"url":"https:\/\/www.thebestsocial.media\/nl\/author\/yannick\/"}]}},"amp_enabled":true,"_links":{"self":[{"href":"https:\/\/www.thebestsocial.media\/nl\/wp-json\/wp\/v2\/posts\/273242","targetHints":{"allow":["GET"]}}],"collection":[{"href":"https:\/\/www.thebestsocial.media\/nl\/wp-json\/wp\/v2\/posts"}],"about":[{"href":"https:\/\/www.thebestsocial.media\/nl\/wp-json\/wp\/v2\/types\/post"}],"author":[{"embeddable":true,"href":"https:\/\/www.thebestsocial.media\/nl\/wp-json\/wp\/v2\/users\/96"}],"replies":[{"embeddable":true,"href":"https:\/\/www.thebestsocial.media\/nl\/wp-json\/wp\/v2\/comments?post=273242"}],"version-history":[{"count":21,"href":"https:\/\/www.thebestsocial.media\/nl\/wp-json\/wp\/v2\/posts\/273242\/revisions"}],"predecessor-version":[{"id":273370,"href":"https:\/\/www.thebestsocial.media\/nl\/wp-json\/wp\/v2\/posts\/273242\/revisions\/273370"}],"wp:featuredmedia":[{"embeddable":true,"href":"https:\/\/www.thebestsocial.media\/nl\/wp-json\/wp\/v2\/media\/273369"}],"wp:attachment":[{"href":"https:\/\/www.thebestsocial.media\/nl\/wp-json\/wp\/v2\/media?parent=273242"}],"wp:term":[{"taxonomy":"category","embeddable":true,"href":"https:\/\/www.thebestsocial.media\/nl\/wp-json\/wp\/v2\/categories?post=273242"},{"taxonomy":"post_tag","embeddable":true,"href":"https:\/\/www.thebestsocial.media\/nl\/wp-json\/wp\/v2\/tags?post=273242"}],"curies":[{"name":"wp","href":"https:\/\/api.w.org\/{rel}","templated":true}]}}