{"id":252178,"date":"2023-05-04T13:56:18","date_gmt":"2023-05-04T12:56:18","guid":{"rendered":"https:\/\/www.thebestsocial.media\/nl\/?p=252178"},"modified":"2023-05-04T14:26:38","modified_gmt":"2023-05-04T13:26:38","slug":"nederlandse-vlaggen-omgekeerd","status":"publish","type":"post","link":"https:\/\/www.thebestsocial.media\/nl\/nederlandse-vlaggen-omgekeerd\/","title":{"rendered":"Mensen krijgen het met elkaar aan de (vlaggen)stok over omgekeerde vlaggen op 4 mei"},"content":{"rendered":"<p>Vandaag is het <a href=\"https:\/\/www.thebestsocial.media\/nl\/vrouw-deelt-aangrijpend-verhaal-in-het-kader-van-dodenherdenking\/\" target=\"_blank\" rel=\"noopener\">Nationale Dodenherdenking<\/a>. Nederlanders hangen traditiegetrouw hun vlag halfstok om stil te staan bij alle oorlogsslachtoffers. Het valt echter veel mensen op dat deze traditie er dit jaar anders aan toe gaat. Sommige Nederlanders hangen namelijk hun vlag omgekeerd halfstok, wegens politieke redenen. Deze <a href=\"https:\/\/www.reddit.com\/r\/nederlands\/comments\/136xw2b\/veel_omgekeerde_vlaggen_posts_op_twitter\/\" target=\"_blank\" rel=\"noopener\">Reddit-gebruiker<\/a> geeft aan de omgekeerde vlaggen op deze dag respectloos te vinden. En dat zorgt voor een flinke discussie.<\/p>\n<div><\/div>\n<p>&nbsp;<\/p>\n<h3>1. Met dit statement kaart de Reddit-gebruiker aan waarom hij de omgekeerde vlaggen respectloos vindt.<\/h3>\n<p><img loading=\"lazy\" decoding=\"async\" class=\"alignnone wp-image-252176 size-full\" src=\"https:\/\/www.thebestsocial.media\/nl\/wp-content\/uploads\/sites\/2\/2023\/05\/de-vraag.png\" alt=\"\" width=\"1550\" height=\"710\" srcset=\"https:\/\/www.thebestsocial.media\/nl\/wp-content\/uploads\/sites\/2\/2023\/05\/de-vraag.png 1550w, https:\/\/www.thebestsocial.media\/nl\/wp-content\/uploads\/sites\/2\/2023\/05\/de-vraag-300x137.png 300w, https:\/\/www.thebestsocial.media\/nl\/wp-content\/uploads\/sites\/2\/2023\/05\/de-vraag-1024x469.png 1024w, https:\/\/www.thebestsocial.media\/nl\/wp-content\/uploads\/sites\/2\/2023\/05\/de-vraag-768x352.png 768w, https:\/\/www.thebestsocial.media\/nl\/wp-content\/uploads\/sites\/2\/2023\/05\/de-vraag-1536x704.png 1536w\" sizes=\"auto, (max-width: 1550px) 100vw, 1550px\" \/><\/p>\n<p>&nbsp;<\/p>\n<h3>2. Veel mensen kunnen zich hier wel in vinden.<\/h3>\n<p><img loading=\"lazy\" decoding=\"async\" class=\"alignnone wp-image-252191 size-full\" src=\"https:\/\/www.thebestsocial.media\/nl\/wp-content\/uploads\/sites\/2\/2023\/05\/respectloos.png\" alt=\"\" width=\"746\" height=\"258\" srcset=\"https:\/\/www.thebestsocial.media\/nl\/wp-content\/uploads\/sites\/2\/2023\/05\/respectloos.png 746w, https:\/\/www.thebestsocial.media\/nl\/wp-content\/uploads\/sites\/2\/2023\/05\/respectloos-300x104.png 300w\" sizes=\"auto, (max-width: 746px) 100vw, 746px\" \/><\/p>\n<p>&nbsp;<\/p>\n<h3>3. Anderen geven aan dat ze niet zoveel waarde hechten aan een vlag.<\/h3>\n<p><img loading=\"lazy\" decoding=\"async\" class=\"alignnone wp-image-252199 size-full\" src=\"https:\/\/www.thebestsocial.media\/nl\/wp-content\/uploads\/sites\/2\/2023\/05\/geen-waarde.png\" alt=\"\" width=\"1532\" height=\"292\" srcset=\"https:\/\/www.thebestsocial.media\/nl\/wp-content\/uploads\/sites\/2\/2023\/05\/geen-waarde.png 1532w, https:\/\/www.thebestsocial.media\/nl\/wp-content\/uploads\/sites\/2\/2023\/05\/geen-waarde-300x57.png 300w, https:\/\/www.thebestsocial.media\/nl\/wp-content\/uploads\/sites\/2\/2023\/05\/geen-waarde-1024x195.png 1024w, https:\/\/www.thebestsocial.media\/nl\/wp-content\/uploads\/sites\/2\/2023\/05\/geen-waarde-768x146.png 768w\" sizes=\"auto, (max-width: 1532px) 100vw, 1532px\" \/><\/p>\n<p>&nbsp;<\/p>\n<h3>4. Sommigen vinden dat er voor beide kanten wel wat te zeggen valt.<\/h3>\n<p><img loading=\"lazy\" decoding=\"async\" class=\"alignnone wp-image-252242 size-full\" src=\"https:\/\/www.thebestsocial.media\/nl\/wp-content\/uploads\/sites\/2\/2023\/05\/niet-1.png\" alt=\"vlaggen\" width=\"1530\" height=\"796\" srcset=\"https:\/\/www.thebestsocial.media\/nl\/wp-content\/uploads\/sites\/2\/2023\/05\/niet-1.png 1530w, https:\/\/www.thebestsocial.media\/nl\/wp-content\/uploads\/sites\/2\/2023\/05\/niet-1-300x156.png 300w, https:\/\/www.thebestsocial.media\/nl\/wp-content\/uploads\/sites\/2\/2023\/05\/niet-1-1024x533.png 1024w, https:\/\/www.thebestsocial.media\/nl\/wp-content\/uploads\/sites\/2\/2023\/05\/niet-1-768x400.png 768w\" sizes=\"auto, (max-width: 1530px) 100vw, 1530px\" \/><\/p>\n<p>&nbsp;<\/p>\n<h3>5. Voor velen heeft een dag als vandaag een emotionele lading.<\/h3>\n<p><img loading=\"lazy\" decoding=\"async\" class=\"alignnone wp-image-252190 size-full\" src=\"https:\/\/www.thebestsocial.media\/nl\/wp-content\/uploads\/sites\/2\/2023\/05\/veteraan.png\" alt=\"vlaggen\" width=\"1530\" height=\"656\" srcset=\"https:\/\/www.thebestsocial.media\/nl\/wp-content\/uploads\/sites\/2\/2023\/05\/veteraan.png 1530w, https:\/\/www.thebestsocial.media\/nl\/wp-content\/uploads\/sites\/2\/2023\/05\/veteraan-300x129.png 300w, https:\/\/www.thebestsocial.media\/nl\/wp-content\/uploads\/sites\/2\/2023\/05\/veteraan-1024x439.png 1024w, https:\/\/www.thebestsocial.media\/nl\/wp-content\/uploads\/sites\/2\/2023\/05\/veteraan-768x329.png 768w\" sizes=\"auto, (max-width: 1530px) 100vw, 1530px\" \/><\/p>\n<p>&nbsp;<\/p>\n<h3>6. Waardoor het lijkt alsof een groot deel van de Nederlanders vandaag toch graag alle vlaggen op de oorspronkelijke manier halfstok ziet hangen.<\/h3>\n<p><img loading=\"lazy\" decoding=\"async\" class=\"alignnone wp-image-252189 size-full\" src=\"https:\/\/www.thebestsocial.media\/nl\/wp-content\/uploads\/sites\/2\/2023\/05\/polss.png\" alt=\"vlaggen \" width=\"1536\" height=\"338\" srcset=\"https:\/\/www.thebestsocial.media\/nl\/wp-content\/uploads\/sites\/2\/2023\/05\/polss.png 1536w, https:\/\/www.thebestsocial.media\/nl\/wp-content\/uploads\/sites\/2\/2023\/05\/polss-300x66.png 300w, https:\/\/www.thebestsocial.media\/nl\/wp-content\/uploads\/sites\/2\/2023\/05\/polss-1024x225.png 1024w, https:\/\/www.thebestsocial.media\/nl\/wp-content\/uploads\/sites\/2\/2023\/05\/polss-768x169.png 768w\" sizes=\"auto, (max-width: 1536px) 100vw, 1536px\" \/><\/p>\n<p>&nbsp;<\/p>\n<p>&nbsp;<\/p>\n<p><strong>Lees ook:<\/strong><\/p>\n<p><strong><a href=\"https:\/\/bit.ly\/3HAU3Fw\" target=\"_blank\" rel=\"noopener\">8 overheerlijke genietmomentjes waar je spontaan zen van wordt<\/a><\/strong><\/p>\n<p><strong><a href=\"https:\/\/bit.ly\/44iRdyB\" target=\"_blank\" rel=\"noopener\">Deze Nederlanders leggen haarfijn uit hoe je een tompouce eet<\/a><\/strong><\/p>\n<p><strong><a href=\"https:\/\/bit.ly\/44hLRDM\" target=\"_blank\" rel=\"noopener\">Deze geflopte Moederdagcadeaus kun je maar beter niet uitpakken<\/a><\/strong><\/p>\n<p><strong><a href=\"https:\/\/bit.ly\/3ALNigc\" target=\"_blank\" rel=\"noopener\">Deze Nederlanders vieren hun verjaardag als een koning<\/a><\/strong><\/p>\n<p>&nbsp;<\/p>\n<p><strong>Ben jij op zoek naar een stage? Nou, dan hebben we goed nieuws voor je. Bij The Best Social Media zijn we voor de periode vanaf september 2023 op zoek naar een redactie stagiair(e). Kent TikTok geen geheimen voor jou? En wil je n\u00f3g beter worden in het schrijven van artikelen? Check dan snel <a href=\"https:\/\/www.thebestsocialjobs.com\/vacature\/the-best-social-stagiaire\/\" target=\"_blank\" rel=\"noopener\">de vacature<\/a> op The Best Social Jobs.<\/strong><\/p>\n<blockquote class=\"instagram-media\" style=\"background: #FFF; border: 0; border-radius: 3px; box-shadow: 0 0 1px 0 rgba(0,0,0,0.5),0 1px 10px 0 rgba(0,0,0,0.15); margin: 1px; max-width: 540px; min-width: 326px; padding: 0; width: calc(100% - 2px);\" data-instgrm-captioned=\"\" data-instgrm-permalink=\"https:\/\/www.instagram.com\/p\/Cl8rWAGIhqz\/?utm_source=ig_embed&amp;utm_campaign=loading\" data-instgrm-version=\"14\">\n<div style=\"padding: 16px;\">\n<p>&nbsp;<\/p>\n<div style=\"display: flex; flex-direction: row; align-items: center;\">\n<div style=\"background-color: #f4f4f4; border-radius: 50%; flex-grow: 0; height: 40px; margin-right: 14px; width: 40px;\"><\/div>\n<div style=\"display: flex; flex-direction: column; flex-grow: 1; justify-content: center;\">\n<div style=\"background-color: #f4f4f4; border-radius: 4px; flex-grow: 0; height: 14px; margin-bottom: 6px; width: 100px;\"><\/div>\n<div style=\"background-color: #f4f4f4; border-radius: 4px; flex-grow: 0; height: 14px; width: 60px;\"><\/div>\n<\/div>\n<\/div>\n<div style=\"padding: 19% 0;\"><\/div>\n<div style=\"display: block; height: 50px; margin: 0 auto 12px; width: 50px;\"><\/div>\n<div style=\"padding-top: 8px;\">\n<div style=\"color: #3897f0; font-family: Arial,sans-serif; font-size: 14px; font-style: normal; font-weight: 550; line-height: 18px;\">View this post on Instagram<\/div>\n<\/div>\n<div style=\"padding: 12.5% 0;\"><\/div>\n<div style=\"display: flex; flex-direction: row; margin-bottom: 14px; align-items: center;\">\n<div>\n<div style=\"background-color: #f4f4f4; border-radius: 50%; height: 12.5px; width: 12.5px; transform: translateX(0px) translateY(7px);\"><\/div>\n<div style=\"background-color: #f4f4f4; height: 12.5px; transform: rotate(-45deg) translateX(3px) translateY(1px); width: 12.5px; flex-grow: 0; margin-right: 14px; margin-left: 2px;\"><\/div>\n<div style=\"background-color: #f4f4f4; border-radius: 50%; height: 12.5px; width: 12.5px; transform: translateX(9px) translateY(-18px);\"><\/div>\n<\/div>\n<div style=\"margin-left: 8px;\">\n<div style=\"background-color: #f4f4f4; border-radius: 50%; flex-grow: 0; height: 20px; width: 20px;\"><\/div>\n<p style=\"color: #c9c8cd; font-family: Arial,sans-serif; font-size: 14px; line-height: 17px; margin-bottom: 0; margin-top: 8px; overflow: hidden; padding: 8px 0 7px; text-align: center; text-overflow: ellipsis; white-space: nowrap;\"><a style=\"color: #c9c8cd; font-family: Arial,sans-serif; font-size: 14px; font-style: normal; font-weight: normal; line-height: 17px; text-decoration: none;\" href=\"https:\/\/www.instagram.com\/p\/Cl8rWAGIhqz\/?utm_source=ig_embed&amp;utm_campaign=loading\" target=\"_blank\" rel=\"noopener\">A post shared by The Best Social (@thebestsocial)<\/a><\/p>\n<\/div>\n<\/div>\n<\/div>\n<\/blockquote>\n\n<script async defer src=\"\/instagram-embed.js\"><\/script>","protected":false},"excerpt":{"rendered":"<p>Vandaag is het Nationale Dodenherdenking. Nederlanders hangen traditiegetrouw hun vlag halfstok om stil te staan bij alle oorlogsslachtoffers. Het valt echter veel mensen op dat&#8230;<\/p>\n","protected":false},"author":96,"featured_media":252262,"comment_status":"open","ping_status":"open","sticky":false,"template":"","format":"standard","meta":{"_acf_changed":false,"footnotes":""},"categories":[16,17],"tags":[7695,7696,3664],"class_list":["post-252178","post","type-post","status-publish","format-standard","has-post-thumbnail","hentry","category-blogs","category-nieuws","tag-nederlandse-vlag","tag-omgekeerd","tag-ongeloof"],"acf":[],"yoast_head":"<!-- This site is optimized with the Yoast SEO plugin v27.5 - https:\/\/yoast.com\/product\/yoast-seo-wordpress\/ -->\n<title>Mensen krijgen het met elkaar aan de (vlaggen)stok over omgekeerde vlaggen<\/title>\n<meta name=\"description\" content=\"Nederlanders hangen vandaag traditiegetrouw hun vlaggen halfstok. Het valt echter op dat het er dit jaar anders aan toe gaat.\" \/>\n<meta name=\"robots\" content=\"index, follow, max-snippet:-1, max-image-preview:large, max-video-preview:-1\" \/>\n<link rel=\"canonical\" href=\"https:\/\/www.thebestsocial.media\/nl\/nederlandse-vlaggen-omgekeerd\/\" \/>\n<meta property=\"og:locale\" content=\"nl_NL\" \/>\n<meta property=\"og:type\" content=\"article\" \/>\n<meta property=\"og:title\" content=\"Mensen krijgen het met elkaar aan de (vlaggen)stok over omgekeerde vlaggen op 4 mei\" \/>\n<meta property=\"og:description\" content=\"Nederlanders hangen vandaag traditiegetrouw hun vlaggen halfstok. Het valt echter op dat het er dit jaar anders aan toe gaat.\" \/>\n<meta property=\"og:url\" content=\"https:\/\/www.thebestsocial.media\/nl\/nederlandse-vlaggen-omgekeerd\/\" \/>\n<meta property=\"og:site_name\" content=\"The Best Social Media NL\" \/>\n<meta property=\"article:published_time\" content=\"2023-05-04T12:56:18+00:00\" \/>\n<meta property=\"article:modified_time\" content=\"2023-05-04T13:26:38+00:00\" \/>\n<meta property=\"og:image\" content=\"https:\/\/www.thebestsocial.media\/nl\/wp-content\/uploads\/sites\/2\/2023\/05\/header-FB-1.png\" \/>\n\t<meta property=\"og:image:width\" content=\"1200\" \/>\n\t<meta property=\"og:image:height\" content=\"630\" \/>\n\t<meta property=\"og:image:type\" content=\"image\/png\" \/>\n<meta name=\"author\" content=\"yannick\" \/>\n<meta name=\"twitter:card\" content=\"summary_large_image\" \/>\n<meta name=\"twitter:title\" content=\"Mensen krijgen het met elkaar aan de (vlaggen)stok over omgekeerde vlaggen op 4 mei\" \/>\n<meta name=\"twitter:description\" content=\"Nederlanders hangen vandaag traditiegetrouw hun vlaggen halfstok. Het valt echter op dat het er dit jaar anders aan toe gaat.\" \/>\n<meta name=\"twitter:image\" content=\"https:\/\/www.thebestsocial.media\/nl\/wp-content\/uploads\/sites\/2\/2023\/05\/header-3.png\" \/>\n<meta name=\"twitter:label1\" content=\"Geschreven door\" \/>\n\t<meta name=\"twitter:data1\" content=\"yannick\" \/>\n\t<meta name=\"twitter:label2\" content=\"Geschatte leestijd\" \/>\n\t<meta name=\"twitter:data2\" content=\"3 minuten\" \/>\n<script type=\"application\/ld+json\" class=\"yoast-schema-graph\">{\"@context\":\"https:\\\/\\\/schema.org\",\"@graph\":[{\"@type\":\"Article\",\"@id\":\"https:\\\/\\\/www.thebestsocial.media\\\/nl\\\/nederlandse-vlaggen-omgekeerd\\\/#article\",\"isPartOf\":{\"@id\":\"https:\\\/\\\/www.thebestsocial.media\\\/nl\\\/nederlandse-vlaggen-omgekeerd\\\/\"},\"author\":{\"name\":\"yannick\",\"@id\":\"https:\\\/\\\/www.thebestsocial.media\\\/nl\\\/#\\\/schema\\\/person\\\/2b65a07de209cd1d416a21f959fdf166\"},\"headline\":\"Mensen krijgen het met elkaar aan de (vlaggen)stok over omgekeerde vlaggen op 4 mei\",\"datePublished\":\"2023-05-04T12:56:18+00:00\",\"dateModified\":\"2023-05-04T13:26:38+00:00\",\"mainEntityOfPage\":{\"@id\":\"https:\\\/\\\/www.thebestsocial.media\\\/nl\\\/nederlandse-vlaggen-omgekeerd\\\/\"},\"wordCount\":279,\"commentCount\":0,\"image\":{\"@id\":\"https:\\\/\\\/www.thebestsocial.media\\\/nl\\\/nederlandse-vlaggen-omgekeerd\\\/#primaryimage\"},\"thumbnailUrl\":\"https:\\\/\\\/www.thebestsocial.media\\\/nl\\\/wp-content\\\/uploads\\\/sites\\\/2\\\/2023\\\/05\\\/uitgelich.png\",\"keywords\":[\"Nederlandse vlag\",\"omgekeerd\",\"ongeloof\"],\"articleSection\":[\"Blogs\",\"Nieuws\"],\"inLanguage\":\"nl-NL\",\"potentialAction\":[{\"@type\":\"CommentAction\",\"name\":\"Comment\",\"target\":[\"https:\\\/\\\/www.thebestsocial.media\\\/nl\\\/nederlandse-vlaggen-omgekeerd\\\/#respond\"]}]},{\"@type\":\"WebPage\",\"@id\":\"https:\\\/\\\/www.thebestsocial.media\\\/nl\\\/nederlandse-vlaggen-omgekeerd\\\/\",\"url\":\"https:\\\/\\\/www.thebestsocial.media\\\/nl\\\/nederlandse-vlaggen-omgekeerd\\\/\",\"name\":\"Mensen krijgen het met elkaar aan de (vlaggen)stok over omgekeerde vlaggen\",\"isPartOf\":{\"@id\":\"https:\\\/\\\/www.thebestsocial.media\\\/nl\\\/#website\"},\"primaryImageOfPage\":{\"@id\":\"https:\\\/\\\/www.thebestsocial.media\\\/nl\\\/nederlandse-vlaggen-omgekeerd\\\/#primaryimage\"},\"image\":{\"@id\":\"https:\\\/\\\/www.thebestsocial.media\\\/nl\\\/nederlandse-vlaggen-omgekeerd\\\/#primaryimage\"},\"thumbnailUrl\":\"https:\\\/\\\/www.thebestsocial.media\\\/nl\\\/wp-content\\\/uploads\\\/sites\\\/2\\\/2023\\\/05\\\/uitgelich.png\",\"datePublished\":\"2023-05-04T12:56:18+00:00\",\"dateModified\":\"2023-05-04T13:26:38+00:00\",\"author\":{\"@id\":\"https:\\\/\\\/www.thebestsocial.media\\\/nl\\\/#\\\/schema\\\/person\\\/2b65a07de209cd1d416a21f959fdf166\"},\"description\":\"Nederlanders hangen vandaag traditiegetrouw hun vlaggen halfstok. Het valt echter op dat het er dit jaar anders aan toe gaat.\",\"breadcrumb\":{\"@id\":\"https:\\\/\\\/www.thebestsocial.media\\\/nl\\\/nederlandse-vlaggen-omgekeerd\\\/#breadcrumb\"},\"inLanguage\":\"nl-NL\",\"potentialAction\":[{\"@type\":\"ReadAction\",\"target\":[\"https:\\\/\\\/www.thebestsocial.media\\\/nl\\\/nederlandse-vlaggen-omgekeerd\\\/\"]}]},{\"@type\":\"ImageObject\",\"inLanguage\":\"nl-NL\",\"@id\":\"https:\\\/\\\/www.thebestsocial.media\\\/nl\\\/nederlandse-vlaggen-omgekeerd\\\/#primaryimage\",\"url\":\"https:\\\/\\\/www.thebestsocial.media\\\/nl\\\/wp-content\\\/uploads\\\/sites\\\/2\\\/2023\\\/05\\\/uitgelich.png\",\"contentUrl\":\"https:\\\/\\\/www.thebestsocial.media\\\/nl\\\/wp-content\\\/uploads\\\/sites\\\/2\\\/2023\\\/05\\\/uitgelich.png\",\"width\":1200,\"height\":630,\"caption\":\"vlaggen\"},{\"@type\":\"BreadcrumbList\",\"@id\":\"https:\\\/\\\/www.thebestsocial.media\\\/nl\\\/nederlandse-vlaggen-omgekeerd\\\/#breadcrumb\",\"itemListElement\":[{\"@type\":\"ListItem\",\"position\":1,\"name\":\"Home\",\"item\":\"https:\\\/\\\/www.thebestsocial.media\\\/nl\\\/\"},{\"@type\":\"ListItem\",\"position\":2,\"name\":\"Mensen krijgen het met elkaar aan de (vlaggen)stok over omgekeerde vlaggen op 4 mei\"}]},{\"@type\":\"WebSite\",\"@id\":\"https:\\\/\\\/www.thebestsocial.media\\\/nl\\\/#website\",\"url\":\"https:\\\/\\\/www.thebestsocial.media\\\/nl\\\/\",\"name\":\"The Best Social Media NL\",\"description\":\"Zoeklicht in de Digital Chaos\",\"potentialAction\":[{\"@type\":\"SearchAction\",\"target\":{\"@type\":\"EntryPoint\",\"urlTemplate\":\"https:\\\/\\\/www.thebestsocial.media\\\/nl\\\/?s={search_term_string}\"},\"query-input\":{\"@type\":\"PropertyValueSpecification\",\"valueRequired\":true,\"valueName\":\"search_term_string\"}}],\"inLanguage\":\"nl-NL\"},{\"@type\":\"Person\",\"@id\":\"https:\\\/\\\/www.thebestsocial.media\\\/nl\\\/#\\\/schema\\\/person\\\/2b65a07de209cd1d416a21f959fdf166\",\"name\":\"yannick\",\"image\":{\"@type\":\"ImageObject\",\"inLanguage\":\"nl-NL\",\"@id\":\"https:\\\/\\\/secure.gravatar.com\\\/avatar\\\/8909b7412361c45e4fc0664b3e04faa1ad03832e065a1098c95a21a0527771d4?s=96&d=mm&r=g\",\"url\":\"https:\\\/\\\/secure.gravatar.com\\\/avatar\\\/8909b7412361c45e4fc0664b3e04faa1ad03832e065a1098c95a21a0527771d4?s=96&d=mm&r=g\",\"contentUrl\":\"https:\\\/\\\/secure.gravatar.com\\\/avatar\\\/8909b7412361c45e4fc0664b3e04faa1ad03832e065a1098c95a21a0527771d4?s=96&d=mm&r=g\",\"caption\":\"yannick\"},\"description\":\"Geboren en getogen Bredanaar. Droomde altijd van een carri\u00e8re als profvoetballer, maar is gestrand in de Kelderklasse. Nu geeft ze hier onnodig 'commentaar' op sport, collega's (\u00e9\u00e9n in het bijzonder) en mensen die iconische memes niet kennen.\",\"sameAs\":[\"https:\\\/\\\/www.instagram.com\\\/yannicksnoek\\\/\",\"https:\\\/\\\/www.linkedin.com\\\/in\\\/yannick-s-743aa110b\\\/\"],\"url\":\"https:\\\/\\\/www.thebestsocial.media\\\/nl\\\/author\\\/yannick\\\/\"}]}<\/script>\n<!-- \/ Yoast SEO plugin. -->","yoast_head_json":{"title":"Mensen krijgen het met elkaar aan de (vlaggen)stok over omgekeerde vlaggen","description":"Nederlanders hangen vandaag traditiegetrouw hun vlaggen halfstok. Het valt echter op dat het er dit jaar anders aan toe gaat.","robots":{"index":"index","follow":"follow","max-snippet":"max-snippet:-1","max-image-preview":"max-image-preview:large","max-video-preview":"max-video-preview:-1"},"canonical":"https:\/\/www.thebestsocial.media\/nl\/nederlandse-vlaggen-omgekeerd\/","og_locale":"nl_NL","og_type":"article","og_title":"Mensen krijgen het met elkaar aan de (vlaggen)stok over omgekeerde vlaggen op 4 mei","og_description":"Nederlanders hangen vandaag traditiegetrouw hun vlaggen halfstok. Het valt echter op dat het er dit jaar anders aan toe gaat.","og_url":"https:\/\/www.thebestsocial.media\/nl\/nederlandse-vlaggen-omgekeerd\/","og_site_name":"The Best Social Media NL","article_published_time":"2023-05-04T12:56:18+00:00","article_modified_time":"2023-05-04T13:26:38+00:00","og_image":[{"width":1200,"height":630,"url":"https:\/\/www.thebestsocial.media\/nl\/wp-content\/uploads\/sites\/2\/2023\/05\/header-FB-1.png","type":"image\/png"}],"author":"yannick","twitter_card":"summary_large_image","twitter_title":"Mensen krijgen het met elkaar aan de (vlaggen)stok over omgekeerde vlaggen op 4 mei","twitter_description":"Nederlanders hangen vandaag traditiegetrouw hun vlaggen halfstok. Het valt echter op dat het er dit jaar anders aan toe gaat.","twitter_image":"https:\/\/www.thebestsocial.media\/nl\/wp-content\/uploads\/sites\/2\/2023\/05\/header-3.png","twitter_misc":{"Geschreven door":"yannick","Geschatte leestijd":"3 minuten"},"schema":{"@context":"https:\/\/schema.org","@graph":[{"@type":"Article","@id":"https:\/\/www.thebestsocial.media\/nl\/nederlandse-vlaggen-omgekeerd\/#article","isPartOf":{"@id":"https:\/\/www.thebestsocial.media\/nl\/nederlandse-vlaggen-omgekeerd\/"},"author":{"name":"yannick","@id":"https:\/\/www.thebestsocial.media\/nl\/#\/schema\/person\/2b65a07de209cd1d416a21f959fdf166"},"headline":"Mensen krijgen het met elkaar aan de (vlaggen)stok over omgekeerde vlaggen op 4 mei","datePublished":"2023-05-04T12:56:18+00:00","dateModified":"2023-05-04T13:26:38+00:00","mainEntityOfPage":{"@id":"https:\/\/www.thebestsocial.media\/nl\/nederlandse-vlaggen-omgekeerd\/"},"wordCount":279,"commentCount":0,"image":{"@id":"https:\/\/www.thebestsocial.media\/nl\/nederlandse-vlaggen-omgekeerd\/#primaryimage"},"thumbnailUrl":"https:\/\/www.thebestsocial.media\/nl\/wp-content\/uploads\/sites\/2\/2023\/05\/uitgelich.png","keywords":["Nederlandse vlag","omgekeerd","ongeloof"],"articleSection":["Blogs","Nieuws"],"inLanguage":"nl-NL","potentialAction":[{"@type":"CommentAction","name":"Comment","target":["https:\/\/www.thebestsocial.media\/nl\/nederlandse-vlaggen-omgekeerd\/#respond"]}]},{"@type":"WebPage","@id":"https:\/\/www.thebestsocial.media\/nl\/nederlandse-vlaggen-omgekeerd\/","url":"https:\/\/www.thebestsocial.media\/nl\/nederlandse-vlaggen-omgekeerd\/","name":"Mensen krijgen het met elkaar aan de (vlaggen)stok over omgekeerde vlaggen","isPartOf":{"@id":"https:\/\/www.thebestsocial.media\/nl\/#website"},"primaryImageOfPage":{"@id":"https:\/\/www.thebestsocial.media\/nl\/nederlandse-vlaggen-omgekeerd\/#primaryimage"},"image":{"@id":"https:\/\/www.thebestsocial.media\/nl\/nederlandse-vlaggen-omgekeerd\/#primaryimage"},"thumbnailUrl":"https:\/\/www.thebestsocial.media\/nl\/wp-content\/uploads\/sites\/2\/2023\/05\/uitgelich.png","datePublished":"2023-05-04T12:56:18+00:00","dateModified":"2023-05-04T13:26:38+00:00","author":{"@id":"https:\/\/www.thebestsocial.media\/nl\/#\/schema\/person\/2b65a07de209cd1d416a21f959fdf166"},"description":"Nederlanders hangen vandaag traditiegetrouw hun vlaggen halfstok. Het valt echter op dat het er dit jaar anders aan toe gaat.","breadcrumb":{"@id":"https:\/\/www.thebestsocial.media\/nl\/nederlandse-vlaggen-omgekeerd\/#breadcrumb"},"inLanguage":"nl-NL","potentialAction":[{"@type":"ReadAction","target":["https:\/\/www.thebestsocial.media\/nl\/nederlandse-vlaggen-omgekeerd\/"]}]},{"@type":"ImageObject","inLanguage":"nl-NL","@id":"https:\/\/www.thebestsocial.media\/nl\/nederlandse-vlaggen-omgekeerd\/#primaryimage","url":"https:\/\/www.thebestsocial.media\/nl\/wp-content\/uploads\/sites\/2\/2023\/05\/uitgelich.png","contentUrl":"https:\/\/www.thebestsocial.media\/nl\/wp-content\/uploads\/sites\/2\/2023\/05\/uitgelich.png","width":1200,"height":630,"caption":"vlaggen"},{"@type":"BreadcrumbList","@id":"https:\/\/www.thebestsocial.media\/nl\/nederlandse-vlaggen-omgekeerd\/#breadcrumb","itemListElement":[{"@type":"ListItem","position":1,"name":"Home","item":"https:\/\/www.thebestsocial.media\/nl\/"},{"@type":"ListItem","position":2,"name":"Mensen krijgen het met elkaar aan de (vlaggen)stok over omgekeerde vlaggen op 4 mei"}]},{"@type":"WebSite","@id":"https:\/\/www.thebestsocial.media\/nl\/#website","url":"https:\/\/www.thebestsocial.media\/nl\/","name":"The Best Social Media NL","description":"Zoeklicht in de Digital Chaos","potentialAction":[{"@type":"SearchAction","target":{"@type":"EntryPoint","urlTemplate":"https:\/\/www.thebestsocial.media\/nl\/?s={search_term_string}"},"query-input":{"@type":"PropertyValueSpecification","valueRequired":true,"valueName":"search_term_string"}}],"inLanguage":"nl-NL"},{"@type":"Person","@id":"https:\/\/www.thebestsocial.media\/nl\/#\/schema\/person\/2b65a07de209cd1d416a21f959fdf166","name":"yannick","image":{"@type":"ImageObject","inLanguage":"nl-NL","@id":"https:\/\/secure.gravatar.com\/avatar\/8909b7412361c45e4fc0664b3e04faa1ad03832e065a1098c95a21a0527771d4?s=96&d=mm&r=g","url":"https:\/\/secure.gravatar.com\/avatar\/8909b7412361c45e4fc0664b3e04faa1ad03832e065a1098c95a21a0527771d4?s=96&d=mm&r=g","contentUrl":"https:\/\/secure.gravatar.com\/avatar\/8909b7412361c45e4fc0664b3e04faa1ad03832e065a1098c95a21a0527771d4?s=96&d=mm&r=g","caption":"yannick"},"description":"Geboren en getogen Bredanaar. Droomde altijd van een carri\u00e8re als profvoetballer, maar is gestrand in de Kelderklasse. Nu geeft ze hier onnodig 'commentaar' op sport, collega's (\u00e9\u00e9n in het bijzonder) en mensen die iconische memes niet kennen.","sameAs":["https:\/\/www.instagram.com\/yannicksnoek\/","https:\/\/www.linkedin.com\/in\/yannick-s-743aa110b\/"],"url":"https:\/\/www.thebestsocial.media\/nl\/author\/yannick\/"}]}},"amp_enabled":true,"_links":{"self":[{"href":"https:\/\/www.thebestsocial.media\/nl\/wp-json\/wp\/v2\/posts\/252178","targetHints":{"allow":["GET"]}}],"collection":[{"href":"https:\/\/www.thebestsocial.media\/nl\/wp-json\/wp\/v2\/posts"}],"about":[{"href":"https:\/\/www.thebestsocial.media\/nl\/wp-json\/wp\/v2\/types\/post"}],"author":[{"embeddable":true,"href":"https:\/\/www.thebestsocial.media\/nl\/wp-json\/wp\/v2\/users\/96"}],"replies":[{"embeddable":true,"href":"https:\/\/www.thebestsocial.media\/nl\/wp-json\/wp\/v2\/comments?post=252178"}],"version-history":[{"count":16,"href":"https:\/\/www.thebestsocial.media\/nl\/wp-json\/wp\/v2\/posts\/252178\/revisions"}],"predecessor-version":[{"id":252284,"href":"https:\/\/www.thebestsocial.media\/nl\/wp-json\/wp\/v2\/posts\/252178\/revisions\/252284"}],"wp:featuredmedia":[{"embeddable":true,"href":"https:\/\/www.thebestsocial.media\/nl\/wp-json\/wp\/v2\/media\/252262"}],"wp:attachment":[{"href":"https:\/\/www.thebestsocial.media\/nl\/wp-json\/wp\/v2\/media?parent=252178"}],"wp:term":[{"taxonomy":"category","embeddable":true,"href":"https:\/\/www.thebestsocial.media\/nl\/wp-json\/wp\/v2\/categories?post=252178"},{"taxonomy":"post_tag","embeddable":true,"href":"https:\/\/www.thebestsocial.media\/nl\/wp-json\/wp\/v2\/tags?post=252178"}],"curies":[{"name":"wp","href":"https:\/\/api.w.org\/{rel}","templated":true}]}}