{"id":248675,"date":"2023-04-14T08:48:02","date_gmt":"2023-04-14T07:48:02","guid":{"rendered":"https:\/\/www.thebestsocial.media\/nl\/?p=248675"},"modified":"2023-04-14T08:48:02","modified_gmt":"2023-04-14T07:48:02","slug":"hardlopen-marathon-van-rotterdam","status":"publish","type":"post","link":"https:\/\/www.thebestsocial.media\/nl\/hardlopen-marathon-van-rotterdam\/","title":{"rendered":"11 Hardlopers waarbij de marathon van Rotterdam al aardig uit de hand loopt"},"content":{"rendered":"<p>Hardlopen zit in je genen of niet. Voor de \u00e9\u00e9n is het de ergst denkbare <a href=\"https:\/\/www.thebestsocial.media\/nl\/hardloper-probleem-loslopende-honden\/\" target=\"_blank\" rel=\"noopener\">tijdsbesteding<\/a>: een rondje van twee kilometer gaat dan gepaard met ongelooflijk veel gehijg en fysiek ongemak. Andere (juist fanatieke) hardlopers verzamelen zich dit weekend, uit alle hoeken en gaten van het land, aan de start van de marathon van Rotterdam. Daarom steken we vandaag al onze (on)sportieve lezers een hart onder de riem&#8230;<\/p>\n<p>&nbsp;<\/p>\n<h3>1. We hopen dat deelnemers van de marathon van Rotterdam een iets andere planning hebben.<\/h3>\n<blockquote class=\"twitter-tweet\">\n<p dir=\"ltr\" lang=\"nl\">Ik ga zo hardlopen in mijn favoriete intervalschema: klaag &#8211; ren &#8211; klaag.<\/p>\n<p>\u2014 Chagenijn (@ChageNijn) <a href=\"https:\/\/twitter.com\/ChageNijn\/status\/1505455346894180353?ref_src=twsrc%5Etfw\">March 20, 2022<\/a><\/p><\/blockquote>\n<p><script async src=\"https:\/\/platform.twitter.com\/widgets.js\" charset=\"utf-8\"><\/script><\/p>\n<p>&nbsp;<\/p>\n<h3>2. Als hardloper moet je overal op voorbereid zijn, maar maar hier kan je niet tegenop.<\/h3>\n<blockquote class=\"twitter-tweet\">\n<p dir=\"ltr\" lang=\"nl\">Ik stond in de Decathlon en was op zoek naar een goed regenjasje voor hardlopen in slecht weer. Dus ik loop langs al die rekken, voel aan al die stoffen, wrijf ook even uitgebreid over het jasje dat de paspop droeg&#8230;.<\/p>\n<p>Was alleen geen paspop.<\/p>\n<p>\u2014 Lisanne van Sadelhoff (@vansadelhoff) <a href=\"https:\/\/twitter.com\/vansadelhoff\/status\/1611765354149339139?ref_src=twsrc%5Etfw\">January 7, 2023<\/a><\/p><\/blockquote>\n<p><script async src=\"https:\/\/platform.twitter.com\/widgets.js\" charset=\"utf-8\"><\/script><\/p>\n<p>&nbsp;<\/p>\n<h3>3. Plak er anders nog 34 maanden achteraan: het is je gegund.<\/h3>\n<blockquote class=\"twitter-tweet\">\n<p dir=\"ltr\" lang=\"nl\">Ik heb begrepen dat het als beginnend hardloper niet verstandig is om elke dag te gaan hardlopen, maar dat je je lichaam wat rust tussendoor moet geven.<\/p>\n<p>34 maanden na mijn laatste run is mijn lijf nog steeds niet toe aan ronde 2.<\/p>\n<p>\u2014 D\u0258bb\u1d62e \uea00 (@huisop32) <a href=\"https:\/\/twitter.com\/huisop32\/status\/1466887016839360513?ref_src=twsrc%5Etfw\">December 3, 2021<\/a><\/p><\/blockquote>\n<p><script async src=\"https:\/\/platform.twitter.com\/widgets.js\" charset=\"utf-8\"><\/script><\/p>\n<p>&nbsp;<\/p>\n<h3>4. Stap voor stap, Ferry: opbouwen is van cruciaal belang.<\/h3>\n<blockquote class=\"twitter-tweet\">\n<p dir=\"ltr\" lang=\"nl\">Ik ging vanmiddag hardlopen, maar moest na twee minuten al terug naar huis omdat ik iets vergeten was. Namelijk dat ik veel te dik ben en geen conditie heb waardoor ik het maar twee minuten vol kan houden<\/p>\n<p>\u2014 Ferry de Bont (@Hoekie_B) <a href=\"https:\/\/twitter.com\/Hoekie_B\/status\/1332780830897414146?ref_src=twsrc%5Etfw\">November 28, 2020<\/a><\/p><\/blockquote>\n<p><script async src=\"https:\/\/platform.twitter.com\/widgets.js\" charset=\"utf-8\"><\/script><\/p>\n<p>&nbsp;<\/p>\n<h3>5. Gezocht: nieuwe vrienden met de volgende kwalificaties.<\/h3>\n<blockquote class=\"twitter-tweet\">\n<p dir=\"ltr\" lang=\"nl\">Vriend van me is 90km hardlopen vandaag. Zo durf ik toch nooit meer trots te zijn op een wandeling van 20km!!<br \/>\nIk moet andere vrienden! Wie is er al kapot na 5km wandelen? Jij bent m\u2019n nieuwe bff!<\/p>\n<p>\u2014 Robert-Jan (@Mike_Drop1) <a href=\"https:\/\/twitter.com\/Mike_Drop1\/status\/1385940701880410128?ref_src=twsrc%5Etfw\">April 24, 2021<\/a><\/p><\/blockquote>\n<p><script async src=\"https:\/\/platform.twitter.com\/widgets.js\" charset=\"utf-8\"><\/script><\/p>\n<p>&nbsp;<\/p>\n<h3>6. Alles voor het kroost, h\u00e8.<\/h3>\n<blockquote class=\"twitter-tweet\">\n<p dir=\"ltr\" lang=\"nl\">De buurvrouw skeelert klungelig voorbij en de puber kijkt er meewarig naar.<\/p>\n<p>\u201cIk ben echt z\u00f3 blij dat jij niet sportief bent. Dat ik ergens zit te chillen met vrienden en dat we dan iemand zien hardlopen ik moet zeggen: \u2018Yo, daar gaat m\u2019n ma\u2019.\u201d<\/p>\n<p>Punten gescoord. \ud83d\udc4a\ud83c\udffc<\/p>\n<p>\u2014 Hester Zitvast (@hesterzitvast) <a href=\"https:\/\/twitter.com\/hesterzitvast\/status\/1306928672893546503?ref_src=twsrc%5Etfw\">September 18, 2020<\/a><\/p><\/blockquote>\n<p><script async src=\"https:\/\/platform.twitter.com\/widgets.js\" charset=\"utf-8\"><\/script><\/p>\n<p>&nbsp;<\/p>\n<h3>7. Ga hardlopen they said, it will be fun they said.<\/h3>\n<blockquote class=\"twitter-tweet\">\n<p dir=\"ltr\" lang=\"nl\">Ik liep net m\u2019n huis uit om in de auto te stappen. Net toen ik in wilde stappen fietste een jongetje langs, gevolgd door zijn vader die aan het hardlopen was.<\/p>\n<p>De motiverende woorden van het zoontje naar zijn vader bleven me nog even bij:<\/p>\n<p>\u201cKom op, dikzak\u201d<\/p>\n<p>\u2014 Talitha (@talithaisik) <a href=\"https:\/\/twitter.com\/talithaisik\/status\/1178287476680642560?ref_src=twsrc%5Etfw\">September 29, 2019<\/a><\/p><\/blockquote>\n<p><script async src=\"https:\/\/platform.twitter.com\/widgets.js\" charset=\"utf-8\"><\/script><\/p>\n<p>&nbsp;<\/p>\n<h3>8. Zie je jezelf al gaan? Kop zo rood als een tomaat \u00e9n haren die alle kanten op springen.<\/h3>\n<blockquote class=\"twitter-tweet\">\n<p dir=\"ltr\" lang=\"nl\">Nemen jullie ook altijd een fotograaf mee als je &#8217;s avonds met je partner gaat hardlopen? <a href=\"https:\/\/t.co\/KdD8nXNp60\">https:\/\/t.co\/KdD8nXNp60<\/a><\/p>\n<p>\u2014 Faizah (@Afrikaas_) <a href=\"https:\/\/twitter.com\/Afrikaas_\/status\/1643153062733701121?ref_src=twsrc%5Etfw\">April 4, 2023<\/a><\/p><\/blockquote>\n<p><script async src=\"https:\/\/platform.twitter.com\/widgets.js\" charset=\"utf-8\"><\/script><\/p>\n<p>&nbsp;<\/p>\n<h3>9. Gewoon aannemen, niet verder vragen.<\/h3>\n<blockquote class=\"twitter-tweet\">\n<p dir=\"ltr\" lang=\"nl\">Ik ben dus iemand die nooit iets meteen voor waarheid aanneemt, maar alles eerst checkt op feiten. Tot iemand me van de week vertelde dat wandelen beter voor je is dan hardlopen en je dus beter nooit meer kan hardlopen.<\/p>\n<p>Meteen geaccepteerd en geen vragen gesteld.<\/p>\n<p>\u2014 Nina Juffermans (@NinaJuffermans) <a href=\"https:\/\/twitter.com\/NinaJuffermans\/status\/1373751602939576322?ref_src=twsrc%5Etfw\">March 21, 2021<\/a><\/p><\/blockquote>\n<p><script async src=\"https:\/\/platform.twitter.com\/widgets.js\" charset=\"utf-8\"><\/script><\/p>\n<p>&nbsp;<\/p>\n<h3>10. We blikken nog even terug op spraakmakende momenten van voorgaande edities van de marathon van Rotterdam: de laatste loodjes wegen het zwaarst.<\/h3>\n<p><iframe loading=\"lazy\" src=\"\/tiktok-cache\/7022973942293941509\/1808c9003be4e277e507d4b2de7314926c608ae673ac0bcfae195dd0\" width=\"623\" height=\"1108\" style=\"border:0; height:90vh; width:50.625000vh;\" scrolling=\"no\"><\/iframe><\/p>\n<p>&nbsp;<\/p>\n<h3>11. En de prijs voor beste supporter gaat naar&#8230;<\/h3>\n<p><iframe loading=\"lazy\" src=\"\/tiktok-cache\/7085295167061757190\/aef85d814e880e19c134c549e38dc580284bb11d18570e5032b787dc\" width=\"623\" height=\"1108\" style=\"border:0; height:90vh; width:50.625000vh;\" scrolling=\"no\"><\/iframe><\/p>\n<p>&nbsp;<\/p>\n<p>&nbsp;<\/p>\n<p><strong>Ben jij op zoek naar een stage? Nou, dan hebben we goed nieuws voor je. Bij The Best Social Media zijn we voor de periode vanaf september 2023 op zoek naar een redactie stagiair(e). Kent TikTok geen geheimen voor jou? En wil je n\u00f3g beter worden in het schrijven van artikelen? Check dan snel <a href=\"https:\/\/www.thebestsocialjobs.com\/vacature\/the-best-social-stagiaire\/\" target=\"_blank\" rel=\"noopener\">de vacature<\/a> op The Best Social Jobs.<\/strong><\/p>\n<blockquote class=\"instagram-media\" style=\"background: #FFF; border: 0; border-radius: 3px; box-shadow: 0 0 1px 0 rgba(0,0,0,0.5),0 1px 10px 0 rgba(0,0,0,0.15); margin: 1px; max-width: 540px; min-width: 326px; padding: 0; width: calc(100% - 2px);\" data-instgrm-captioned=\"\" data-instgrm-permalink=\"https:\/\/www.instagram.com\/p\/Cl8rWAGIhqz\/?utm_source=ig_embed&amp;utm_campaign=loading\" data-instgrm-version=\"14\">\n<div style=\"padding: 16px;\">\n<p>&nbsp;<\/p>\n<div style=\"display: flex; flex-direction: row; align-items: center;\">\n<div style=\"background-color: #f4f4f4; border-radius: 50%; flex-grow: 0; height: 40px; margin-right: 14px; width: 40px;\"><\/div>\n<div style=\"display: flex; flex-direction: column; flex-grow: 1; justify-content: center;\">\n<div style=\"background-color: #f4f4f4; border-radius: 4px; flex-grow: 0; height: 14px; margin-bottom: 6px; width: 100px;\"><\/div>\n<div style=\"background-color: #f4f4f4; border-radius: 4px; flex-grow: 0; height: 14px; width: 60px;\"><\/div>\n<\/div>\n<\/div>\n<div style=\"padding: 19% 0;\"><\/div>\n<div style=\"display: block; height: 50px; margin: 0 auto 12px; width: 50px;\"><\/div>\n<div style=\"padding-top: 8px;\">\n<div style=\"color: #3897f0; font-family: Arial,sans-serif; font-size: 14px; font-style: normal; font-weight: 550; line-height: 18px;\">View this post on Instagram<\/div>\n<\/div>\n<div style=\"padding: 12.5% 0;\"><\/div>\n<div style=\"display: flex; flex-direction: row; margin-bottom: 14px; align-items: center;\">\n<div>\n<div style=\"background-color: #f4f4f4; border-radius: 50%; height: 12.5px; width: 12.5px; transform: translateX(0px) translateY(7px);\"><\/div>\n<div style=\"background-color: #f4f4f4; height: 12.5px; transform: rotate(-45deg) translateX(3px) translateY(1px); width: 12.5px; flex-grow: 0; margin-right: 14px; margin-left: 2px;\"><\/div>\n<div style=\"background-color: #f4f4f4; border-radius: 50%; height: 12.5px; width: 12.5px; transform: translateX(9px) translateY(-18px);\"><\/div>\n<\/div>\n<div style=\"margin-left: 8px;\">\n<div style=\"background-color: #f4f4f4; border-radius: 50%; flex-grow: 0; height: 20px; width: 20px;\"><\/div>\n<div style=\"width: 0; height: 0; border-top: 2px solid transparent; border-left: 6px solid #f4f4f4; border-bottom: 2px solid transparent; transform: translateX(16px) translateY(-4px) rotate(30deg);\"><\/div>\n<\/div>\n<div style=\"margin-left: auto;\">\n<div style=\"width: 0px; border-top: 8px solid #F4F4F4; border-right: 8px solid transparent; transform: translateY(16px);\"><\/div>\n<div style=\"background-color: #f4f4f4; flex-grow: 0; height: 12px; width: 16px; transform: translateY(-4px);\"><\/div>\n<div style=\"width: 0; height: 0; border-top: 8px solid #F4F4F4; border-left: 8px solid transparent; transform: translateY(-4px) translateX(8px);\"><\/div>\n<\/div>\n<\/div>\n<div style=\"display: flex; flex-direction: column; flex-grow: 1; justify-content: center; margin-bottom: 24px;\">\n<div style=\"background-color: #f4f4f4; border-radius: 4px; flex-grow: 0; height: 14px; margin-bottom: 6px; width: 224px;\"><\/div>\n<div style=\"background-color: #f4f4f4; border-radius: 4px; flex-grow: 0; height: 14px; width: 144px;\"><\/div>\n<\/div>\n<p>&nbsp;<\/p>\n<p style=\"color: #c9c8cd; font-family: Arial,sans-serif; font-size: 14px; line-height: 17px; margin-bottom: 0; margin-top: 8px; overflow: hidden; padding: 8px 0 7px; text-align: center; text-overflow: ellipsis; white-space: nowrap;\"><a style=\"color: #c9c8cd; font-family: Arial,sans-serif; font-size: 14px; font-style: normal; font-weight: normal; line-height: 17px; text-decoration: none;\" href=\"https:\/\/www.instagram.com\/p\/Cl8rWAGIhqz\/?utm_source=ig_embed&amp;utm_campaign=loading\" target=\"_blank\" rel=\"noopener\">A post shared by The Best Social (@thebestsocial)<\/a><\/p>\n<\/div>\n<\/blockquote>\n\n<script async defer src=\"\/instagram-embed.js\"><\/script>","protected":false},"excerpt":{"rendered":"<p>Hardlopen zit in je genen of niet. Voor de \u00e9\u00e9n is het de ergst denkbare tijdsbesteding: een rondje van twee kilometer gaat dan gepaard met&#8230;<\/p>\n","protected":false},"author":96,"featured_media":248941,"comment_status":"open","ping_status":"open","sticky":false,"template":"","format":"standard","meta":{"_acf_changed":false,"footnotes":""},"categories":[16,17],"tags":[1884,6435,341],"class_list":["post-248675","post","type-post","status-publish","format-standard","has-post-thumbnail","hentry","category-blogs","category-nieuws","tag-hardlopen","tag-marathon","tag-rotterdam"],"acf":[],"yoast_head":"<!-- This site is optimized with the Yoast SEO plugin v27.5 - https:\/\/yoast.com\/product\/yoast-seo-wordpress\/ -->\n<title>11 hardlopers waarbij de marathon van Rotterdam uit de hand loopt<\/title>\n<meta name=\"description\" content=\"Hardlopen zit in je genen of niet. Bij de hardlopers die aan de start van de Marathon van Rotterdam verschijnen in ieder geval wel.\" \/>\n<meta name=\"robots\" content=\"index, follow, max-snippet:-1, max-image-preview:large, max-video-preview:-1\" \/>\n<link rel=\"canonical\" href=\"https:\/\/www.thebestsocial.media\/nl\/hardlopen-marathon-van-rotterdam\/\" \/>\n<meta property=\"og:locale\" content=\"nl_NL\" \/>\n<meta property=\"og:type\" content=\"article\" \/>\n<meta property=\"og:title\" content=\"11 Hardlopers waarbij de marathon van Rotterdam al aardig uit de hand loopt\" \/>\n<meta property=\"og:description\" content=\"Hardlopen zit in je genen of niet. Bij de hardlopers die dit weekend aan de start van de Marathon van Rotterdam verschijnen in ieder geval wel.\" \/>\n<meta property=\"og:url\" content=\"https:\/\/www.thebestsocial.media\/nl\/hardlopen-marathon-van-rotterdam\/\" \/>\n<meta property=\"og:site_name\" content=\"The Best Social Media NL\" \/>\n<meta property=\"article:published_time\" content=\"2023-04-14T07:48:02+00:00\" \/>\n<meta property=\"og:image\" content=\"https:\/\/www.thebestsocial.media\/nl\/wp-content\/uploads\/sites\/2\/2023\/04\/header-22.png\" \/>\n\t<meta property=\"og:image:width\" content=\"1200\" \/>\n\t<meta property=\"og:image:height\" content=\"630\" \/>\n\t<meta property=\"og:image:type\" content=\"image\/png\" \/>\n<meta name=\"author\" content=\"yannick\" \/>\n<meta name=\"twitter:card\" content=\"summary_large_image\" \/>\n<meta name=\"twitter:title\" content=\"11 Hardlopers waarbij de marathon van Rotterdam al aardig uit de hand loopt\" \/>\n<meta name=\"twitter:description\" content=\"Hardlopen zit in je genen of niet. Bij de hardlopers die dit weekend aan de start van de Marathon van Rotterdam verschijnen in ieder geval wel.\" \/>\n<meta name=\"twitter:image\" content=\"https:\/\/www.thebestsocial.media\/nl\/wp-content\/uploads\/sites\/2\/2023\/04\/header-22.png\" \/>\n<meta name=\"twitter:label1\" content=\"Geschreven door\" \/>\n\t<meta name=\"twitter:data1\" content=\"yannick\" \/>\n\t<meta name=\"twitter:label2\" content=\"Geschatte leestijd\" \/>\n\t<meta name=\"twitter:data2\" content=\"4 minuten\" \/>\n<script type=\"application\/ld+json\" class=\"yoast-schema-graph\">{\"@context\":\"https:\\\/\\\/schema.org\",\"@graph\":[{\"@type\":\"Article\",\"@id\":\"https:\\\/\\\/www.thebestsocial.media\\\/nl\\\/hardlopen-marathon-van-rotterdam\\\/#article\",\"isPartOf\":{\"@id\":\"https:\\\/\\\/www.thebestsocial.media\\\/nl\\\/hardlopen-marathon-van-rotterdam\\\/\"},\"author\":{\"name\":\"yannick\",\"@id\":\"https:\\\/\\\/www.thebestsocial.media\\\/nl\\\/#\\\/schema\\\/person\\\/2b65a07de209cd1d416a21f959fdf166\"},\"headline\":\"11 Hardlopers waarbij de marathon van Rotterdam al aardig uit de hand loopt\",\"datePublished\":\"2023-04-14T07:48:02+00:00\",\"mainEntityOfPage\":{\"@id\":\"https:\\\/\\\/www.thebestsocial.media\\\/nl\\\/hardlopen-marathon-van-rotterdam\\\/\"},\"wordCount\":708,\"commentCount\":0,\"image\":{\"@id\":\"https:\\\/\\\/www.thebestsocial.media\\\/nl\\\/hardlopen-marathon-van-rotterdam\\\/#primaryimage\"},\"thumbnailUrl\":\"https:\\\/\\\/www.thebestsocial.media\\\/nl\\\/wp-content\\\/uploads\\\/sites\\\/2\\\/2023\\\/04\\\/uitgelicht-14.png\",\"keywords\":[\"hardlopen\",\"marathon\",\"rotterdam\"],\"articleSection\":[\"Blogs\",\"Nieuws\"],\"inLanguage\":\"nl-NL\",\"potentialAction\":[{\"@type\":\"CommentAction\",\"name\":\"Comment\",\"target\":[\"https:\\\/\\\/www.thebestsocial.media\\\/nl\\\/hardlopen-marathon-van-rotterdam\\\/#respond\"]}]},{\"@type\":\"WebPage\",\"@id\":\"https:\\\/\\\/www.thebestsocial.media\\\/nl\\\/hardlopen-marathon-van-rotterdam\\\/\",\"url\":\"https:\\\/\\\/www.thebestsocial.media\\\/nl\\\/hardlopen-marathon-van-rotterdam\\\/\",\"name\":\"11 hardlopers waarbij de marathon van Rotterdam uit de hand loopt\",\"isPartOf\":{\"@id\":\"https:\\\/\\\/www.thebestsocial.media\\\/nl\\\/#website\"},\"primaryImageOfPage\":{\"@id\":\"https:\\\/\\\/www.thebestsocial.media\\\/nl\\\/hardlopen-marathon-van-rotterdam\\\/#primaryimage\"},\"image\":{\"@id\":\"https:\\\/\\\/www.thebestsocial.media\\\/nl\\\/hardlopen-marathon-van-rotterdam\\\/#primaryimage\"},\"thumbnailUrl\":\"https:\\\/\\\/www.thebestsocial.media\\\/nl\\\/wp-content\\\/uploads\\\/sites\\\/2\\\/2023\\\/04\\\/uitgelicht-14.png\",\"datePublished\":\"2023-04-14T07:48:02+00:00\",\"author\":{\"@id\":\"https:\\\/\\\/www.thebestsocial.media\\\/nl\\\/#\\\/schema\\\/person\\\/2b65a07de209cd1d416a21f959fdf166\"},\"description\":\"Hardlopen zit in je genen of niet. Bij de hardlopers die aan de start van de Marathon van Rotterdam verschijnen in ieder geval wel.\",\"breadcrumb\":{\"@id\":\"https:\\\/\\\/www.thebestsocial.media\\\/nl\\\/hardlopen-marathon-van-rotterdam\\\/#breadcrumb\"},\"inLanguage\":\"nl-NL\",\"potentialAction\":[{\"@type\":\"ReadAction\",\"target\":[\"https:\\\/\\\/www.thebestsocial.media\\\/nl\\\/hardlopen-marathon-van-rotterdam\\\/\"]}]},{\"@type\":\"ImageObject\",\"inLanguage\":\"nl-NL\",\"@id\":\"https:\\\/\\\/www.thebestsocial.media\\\/nl\\\/hardlopen-marathon-van-rotterdam\\\/#primaryimage\",\"url\":\"https:\\\/\\\/www.thebestsocial.media\\\/nl\\\/wp-content\\\/uploads\\\/sites\\\/2\\\/2023\\\/04\\\/uitgelicht-14.png\",\"contentUrl\":\"https:\\\/\\\/www.thebestsocial.media\\\/nl\\\/wp-content\\\/uploads\\\/sites\\\/2\\\/2023\\\/04\\\/uitgelicht-14.png\",\"width\":1200,\"height\":630,\"caption\":\"Rotterdam\"},{\"@type\":\"BreadcrumbList\",\"@id\":\"https:\\\/\\\/www.thebestsocial.media\\\/nl\\\/hardlopen-marathon-van-rotterdam\\\/#breadcrumb\",\"itemListElement\":[{\"@type\":\"ListItem\",\"position\":1,\"name\":\"Home\",\"item\":\"https:\\\/\\\/www.thebestsocial.media\\\/nl\\\/\"},{\"@type\":\"ListItem\",\"position\":2,\"name\":\"11 Hardlopers waarbij de marathon van Rotterdam al aardig uit de hand loopt\"}]},{\"@type\":\"WebSite\",\"@id\":\"https:\\\/\\\/www.thebestsocial.media\\\/nl\\\/#website\",\"url\":\"https:\\\/\\\/www.thebestsocial.media\\\/nl\\\/\",\"name\":\"The Best Social Media NL\",\"description\":\"Zoeklicht in de Digital Chaos\",\"potentialAction\":[{\"@type\":\"SearchAction\",\"target\":{\"@type\":\"EntryPoint\",\"urlTemplate\":\"https:\\\/\\\/www.thebestsocial.media\\\/nl\\\/?s={search_term_string}\"},\"query-input\":{\"@type\":\"PropertyValueSpecification\",\"valueRequired\":true,\"valueName\":\"search_term_string\"}}],\"inLanguage\":\"nl-NL\"},{\"@type\":\"Person\",\"@id\":\"https:\\\/\\\/www.thebestsocial.media\\\/nl\\\/#\\\/schema\\\/person\\\/2b65a07de209cd1d416a21f959fdf166\",\"name\":\"yannick\",\"image\":{\"@type\":\"ImageObject\",\"inLanguage\":\"nl-NL\",\"@id\":\"https:\\\/\\\/secure.gravatar.com\\\/avatar\\\/8909b7412361c45e4fc0664b3e04faa1ad03832e065a1098c95a21a0527771d4?s=96&d=mm&r=g\",\"url\":\"https:\\\/\\\/secure.gravatar.com\\\/avatar\\\/8909b7412361c45e4fc0664b3e04faa1ad03832e065a1098c95a21a0527771d4?s=96&d=mm&r=g\",\"contentUrl\":\"https:\\\/\\\/secure.gravatar.com\\\/avatar\\\/8909b7412361c45e4fc0664b3e04faa1ad03832e065a1098c95a21a0527771d4?s=96&d=mm&r=g\",\"caption\":\"yannick\"},\"description\":\"Geboren en getogen Bredanaar. Droomde altijd van een carri\u00e8re als profvoetballer, maar is gestrand in de Kelderklasse. Nu geeft ze hier onnodig 'commentaar' op sport, collega's (\u00e9\u00e9n in het bijzonder) en mensen die iconische memes niet kennen.\",\"sameAs\":[\"https:\\\/\\\/www.instagram.com\\\/yannicksnoek\\\/\",\"https:\\\/\\\/www.linkedin.com\\\/in\\\/yannick-s-743aa110b\\\/\"],\"url\":\"https:\\\/\\\/www.thebestsocial.media\\\/nl\\\/author\\\/yannick\\\/\"}]}<\/script>\n<!-- \/ Yoast SEO plugin. -->","yoast_head_json":{"title":"11 hardlopers waarbij de marathon van Rotterdam uit de hand loopt","description":"Hardlopen zit in je genen of niet. Bij de hardlopers die aan de start van de Marathon van Rotterdam verschijnen in ieder geval wel.","robots":{"index":"index","follow":"follow","max-snippet":"max-snippet:-1","max-image-preview":"max-image-preview:large","max-video-preview":"max-video-preview:-1"},"canonical":"https:\/\/www.thebestsocial.media\/nl\/hardlopen-marathon-van-rotterdam\/","og_locale":"nl_NL","og_type":"article","og_title":"11 Hardlopers waarbij de marathon van Rotterdam al aardig uit de hand loopt","og_description":"Hardlopen zit in je genen of niet. Bij de hardlopers die dit weekend aan de start van de Marathon van Rotterdam verschijnen in ieder geval wel.","og_url":"https:\/\/www.thebestsocial.media\/nl\/hardlopen-marathon-van-rotterdam\/","og_site_name":"The Best Social Media NL","article_published_time":"2023-04-14T07:48:02+00:00","og_image":[{"width":1200,"height":630,"url":"https:\/\/www.thebestsocial.media\/nl\/wp-content\/uploads\/sites\/2\/2023\/04\/header-22.png","type":"image\/png"}],"author":"yannick","twitter_card":"summary_large_image","twitter_title":"11 Hardlopers waarbij de marathon van Rotterdam al aardig uit de hand loopt","twitter_description":"Hardlopen zit in je genen of niet. Bij de hardlopers die dit weekend aan de start van de Marathon van Rotterdam verschijnen in ieder geval wel.","twitter_image":"https:\/\/www.thebestsocial.media\/nl\/wp-content\/uploads\/sites\/2\/2023\/04\/header-22.png","twitter_misc":{"Geschreven door":"yannick","Geschatte leestijd":"4 minuten"},"schema":{"@context":"https:\/\/schema.org","@graph":[{"@type":"Article","@id":"https:\/\/www.thebestsocial.media\/nl\/hardlopen-marathon-van-rotterdam\/#article","isPartOf":{"@id":"https:\/\/www.thebestsocial.media\/nl\/hardlopen-marathon-van-rotterdam\/"},"author":{"name":"yannick","@id":"https:\/\/www.thebestsocial.media\/nl\/#\/schema\/person\/2b65a07de209cd1d416a21f959fdf166"},"headline":"11 Hardlopers waarbij de marathon van Rotterdam al aardig uit de hand loopt","datePublished":"2023-04-14T07:48:02+00:00","mainEntityOfPage":{"@id":"https:\/\/www.thebestsocial.media\/nl\/hardlopen-marathon-van-rotterdam\/"},"wordCount":708,"commentCount":0,"image":{"@id":"https:\/\/www.thebestsocial.media\/nl\/hardlopen-marathon-van-rotterdam\/#primaryimage"},"thumbnailUrl":"https:\/\/www.thebestsocial.media\/nl\/wp-content\/uploads\/sites\/2\/2023\/04\/uitgelicht-14.png","keywords":["hardlopen","marathon","rotterdam"],"articleSection":["Blogs","Nieuws"],"inLanguage":"nl-NL","potentialAction":[{"@type":"CommentAction","name":"Comment","target":["https:\/\/www.thebestsocial.media\/nl\/hardlopen-marathon-van-rotterdam\/#respond"]}]},{"@type":"WebPage","@id":"https:\/\/www.thebestsocial.media\/nl\/hardlopen-marathon-van-rotterdam\/","url":"https:\/\/www.thebestsocial.media\/nl\/hardlopen-marathon-van-rotterdam\/","name":"11 hardlopers waarbij de marathon van Rotterdam uit de hand loopt","isPartOf":{"@id":"https:\/\/www.thebestsocial.media\/nl\/#website"},"primaryImageOfPage":{"@id":"https:\/\/www.thebestsocial.media\/nl\/hardlopen-marathon-van-rotterdam\/#primaryimage"},"image":{"@id":"https:\/\/www.thebestsocial.media\/nl\/hardlopen-marathon-van-rotterdam\/#primaryimage"},"thumbnailUrl":"https:\/\/www.thebestsocial.media\/nl\/wp-content\/uploads\/sites\/2\/2023\/04\/uitgelicht-14.png","datePublished":"2023-04-14T07:48:02+00:00","author":{"@id":"https:\/\/www.thebestsocial.media\/nl\/#\/schema\/person\/2b65a07de209cd1d416a21f959fdf166"},"description":"Hardlopen zit in je genen of niet. Bij de hardlopers die aan de start van de Marathon van Rotterdam verschijnen in ieder geval wel.","breadcrumb":{"@id":"https:\/\/www.thebestsocial.media\/nl\/hardlopen-marathon-van-rotterdam\/#breadcrumb"},"inLanguage":"nl-NL","potentialAction":[{"@type":"ReadAction","target":["https:\/\/www.thebestsocial.media\/nl\/hardlopen-marathon-van-rotterdam\/"]}]},{"@type":"ImageObject","inLanguage":"nl-NL","@id":"https:\/\/www.thebestsocial.media\/nl\/hardlopen-marathon-van-rotterdam\/#primaryimage","url":"https:\/\/www.thebestsocial.media\/nl\/wp-content\/uploads\/sites\/2\/2023\/04\/uitgelicht-14.png","contentUrl":"https:\/\/www.thebestsocial.media\/nl\/wp-content\/uploads\/sites\/2\/2023\/04\/uitgelicht-14.png","width":1200,"height":630,"caption":"Rotterdam"},{"@type":"BreadcrumbList","@id":"https:\/\/www.thebestsocial.media\/nl\/hardlopen-marathon-van-rotterdam\/#breadcrumb","itemListElement":[{"@type":"ListItem","position":1,"name":"Home","item":"https:\/\/www.thebestsocial.media\/nl\/"},{"@type":"ListItem","position":2,"name":"11 Hardlopers waarbij de marathon van Rotterdam al aardig uit de hand loopt"}]},{"@type":"WebSite","@id":"https:\/\/www.thebestsocial.media\/nl\/#website","url":"https:\/\/www.thebestsocial.media\/nl\/","name":"The Best Social Media NL","description":"Zoeklicht in de Digital Chaos","potentialAction":[{"@type":"SearchAction","target":{"@type":"EntryPoint","urlTemplate":"https:\/\/www.thebestsocial.media\/nl\/?s={search_term_string}"},"query-input":{"@type":"PropertyValueSpecification","valueRequired":true,"valueName":"search_term_string"}}],"inLanguage":"nl-NL"},{"@type":"Person","@id":"https:\/\/www.thebestsocial.media\/nl\/#\/schema\/person\/2b65a07de209cd1d416a21f959fdf166","name":"yannick","image":{"@type":"ImageObject","inLanguage":"nl-NL","@id":"https:\/\/secure.gravatar.com\/avatar\/8909b7412361c45e4fc0664b3e04faa1ad03832e065a1098c95a21a0527771d4?s=96&d=mm&r=g","url":"https:\/\/secure.gravatar.com\/avatar\/8909b7412361c45e4fc0664b3e04faa1ad03832e065a1098c95a21a0527771d4?s=96&d=mm&r=g","contentUrl":"https:\/\/secure.gravatar.com\/avatar\/8909b7412361c45e4fc0664b3e04faa1ad03832e065a1098c95a21a0527771d4?s=96&d=mm&r=g","caption":"yannick"},"description":"Geboren en getogen Bredanaar. Droomde altijd van een carri\u00e8re als profvoetballer, maar is gestrand in de Kelderklasse. Nu geeft ze hier onnodig 'commentaar' op sport, collega's (\u00e9\u00e9n in het bijzonder) en mensen die iconische memes niet kennen.","sameAs":["https:\/\/www.instagram.com\/yannicksnoek\/","https:\/\/www.linkedin.com\/in\/yannick-s-743aa110b\/"],"url":"https:\/\/www.thebestsocial.media\/nl\/author\/yannick\/"}]}},"amp_enabled":true,"_links":{"self":[{"href":"https:\/\/www.thebestsocial.media\/nl\/wp-json\/wp\/v2\/posts\/248675","targetHints":{"allow":["GET"]}}],"collection":[{"href":"https:\/\/www.thebestsocial.media\/nl\/wp-json\/wp\/v2\/posts"}],"about":[{"href":"https:\/\/www.thebestsocial.media\/nl\/wp-json\/wp\/v2\/types\/post"}],"author":[{"embeddable":true,"href":"https:\/\/www.thebestsocial.media\/nl\/wp-json\/wp\/v2\/users\/96"}],"replies":[{"embeddable":true,"href":"https:\/\/www.thebestsocial.media\/nl\/wp-json\/wp\/v2\/comments?post=248675"}],"version-history":[{"count":15,"href":"https:\/\/www.thebestsocial.media\/nl\/wp-json\/wp\/v2\/posts\/248675\/revisions"}],"predecessor-version":[{"id":248939,"href":"https:\/\/www.thebestsocial.media\/nl\/wp-json\/wp\/v2\/posts\/248675\/revisions\/248939"}],"wp:featuredmedia":[{"embeddable":true,"href":"https:\/\/www.thebestsocial.media\/nl\/wp-json\/wp\/v2\/media\/248941"}],"wp:attachment":[{"href":"https:\/\/www.thebestsocial.media\/nl\/wp-json\/wp\/v2\/media?parent=248675"}],"wp:term":[{"taxonomy":"category","embeddable":true,"href":"https:\/\/www.thebestsocial.media\/nl\/wp-json\/wp\/v2\/categories?post=248675"},{"taxonomy":"post_tag","embeddable":true,"href":"https:\/\/www.thebestsocial.media\/nl\/wp-json\/wp\/v2\/tags?post=248675"}],"curies":[{"name":"wp","href":"https:\/\/api.w.org\/{rel}","templated":true}]}}