{"id":247478,"date":"2023-04-05T15:57:04","date_gmt":"2023-04-05T14:57:04","guid":{"rendered":"https:\/\/www.thebestsocial.media\/nl\/?p=247478"},"modified":"2023-04-05T15:57:04","modified_gmt":"2023-04-05T14:57:04","slug":"belgie-wegen-problemen-asfalt","status":"publish","type":"post","link":"https:\/\/www.thebestsocial.media\/nl\/belgie-wegen-problemen-asfalt\/","title":{"rendered":"Belgische wegen zijn onvoorstelbaar slecht en dit is dus waarom"},"content":{"rendered":"<p>Wanneer wij Nederlanders met de auto naar het zonnige zuiden rijden, hebben we een uitdagende tocht voor de boeg. We moeten namelijk door <a href=\"https:\/\/www.thebestsocial.media\/nl\/humor-slechte-wegen-belgie\/\" target=\"_blank\" rel=\"noopener\">Belgi\u00eb<\/a> heen en daar zijn de wegen nu niet bepaald &#8216;je van het&#8217;. Veel mensen vragen zich af hoe het nu kan dat onze zuiderburen zo slecht zijn in goede wegen aanleggen. Gelukkig hebben deze <a href=\"https:\/\/www.tiktok.com\/@wijsneuzen\/video\/7217124678542888218\" target=\"_blank\" rel=\"noopener\">Wijsneuzen<\/a> hier een luid en duidelijk antwoord op<\/p>\n<p>&nbsp;<\/p>\n<h3>1. Dit verklaart waarom de Belgische wegen zo laag op de ranglijst van wegenkwaliteit staan.<\/h3>\n<p><iframe loading=\"lazy\" src=\"\/tiktok-cache\/7217124678542888218\/e00a4a0f6a47b143fd43af5a731f8fd18727d6182fc40c3a8d77226d\" width=\"623\" height=\"1108\" style=\"border:0; height:90vh; width:50.625000vh;\" scrolling=\"no\"><\/iframe><\/p>\n<p>&nbsp;<\/p>\n<h3>2. Daar heb je het grensbord niet voor nodig, nee.<\/h3>\n<p><img loading=\"lazy\" decoding=\"async\" class=\"alignnone wp-image-247484 size-full\" src=\"https:\/\/www.thebestsocial.media\/nl\/wp-content\/uploads\/sites\/2\/2023\/04\/wanneer.png\" alt=\"wegen\" width=\"826\" height=\"174\" srcset=\"https:\/\/www.thebestsocial.media\/nl\/wp-content\/uploads\/sites\/2\/2023\/04\/wanneer.png 826w, https:\/\/www.thebestsocial.media\/nl\/wp-content\/uploads\/sites\/2\/2023\/04\/wanneer-300x63.png 300w, https:\/\/www.thebestsocial.media\/nl\/wp-content\/uploads\/sites\/2\/2023\/04\/wanneer-768x162.png 768w\" sizes=\"auto, (max-width: 826px) 100vw, 826px\" \/><\/p>\n<p>&nbsp;<\/p>\n<h3>3. Zelfs Belgen zelf zijn klaar met hun wegen.<\/h3>\n<p><img loading=\"lazy\" decoding=\"async\" class=\"alignnone wp-image-247481 size-full\" src=\"https:\/\/www.thebestsocial.media\/nl\/wp-content\/uploads\/sites\/2\/2023\/04\/frustraties.png\" alt=\"wegen\" width=\"1496\" height=\"446\" srcset=\"https:\/\/www.thebestsocial.media\/nl\/wp-content\/uploads\/sites\/2\/2023\/04\/frustraties.png 1496w, https:\/\/www.thebestsocial.media\/nl\/wp-content\/uploads\/sites\/2\/2023\/04\/frustraties-300x89.png 300w, https:\/\/www.thebestsocial.media\/nl\/wp-content\/uploads\/sites\/2\/2023\/04\/frustraties-1024x305.png 1024w, https:\/\/www.thebestsocial.media\/nl\/wp-content\/uploads\/sites\/2\/2023\/04\/frustraties-768x229.png 768w\" sizes=\"auto, (max-width: 1496px) 100vw, 1496px\" \/><\/p>\n<p>&nbsp;<\/p>\n<h3>4. Een duidelijker symbool bestaat niet.<\/h3>\n<p><img loading=\"lazy\" decoding=\"async\" class=\"alignnone wp-image-247482 size-full\" src=\"https:\/\/www.thebestsocial.media\/nl\/wp-content\/uploads\/sites\/2\/2023\/04\/putten.png\" alt=\"wegen\" width=\"1256\" height=\"174\" srcset=\"https:\/\/www.thebestsocial.media\/nl\/wp-content\/uploads\/sites\/2\/2023\/04\/putten.png 1256w, https:\/\/www.thebestsocial.media\/nl\/wp-content\/uploads\/sites\/2\/2023\/04\/putten-300x42.png 300w, https:\/\/www.thebestsocial.media\/nl\/wp-content\/uploads\/sites\/2\/2023\/04\/putten-1024x142.png 1024w, https:\/\/www.thebestsocial.media\/nl\/wp-content\/uploads\/sites\/2\/2023\/04\/putten-768x106.png 768w\" sizes=\"auto, (max-width: 1256px) 100vw, 1256px\" \/><\/p>\n<p>&nbsp;<\/p>\n<h3>5. Dit maakt het verhaal eigenlijk n\u00f3g triester.<\/h3>\n<p><img loading=\"lazy\" decoding=\"async\" class=\"alignnone wp-image-247483 size-full\" src=\"https:\/\/www.thebestsocial.media\/nl\/wp-content\/uploads\/sites\/2\/2023\/04\/uitvinding.png\" alt=\"asfalt \" width=\"1162\" height=\"174\" srcset=\"https:\/\/www.thebestsocial.media\/nl\/wp-content\/uploads\/sites\/2\/2023\/04\/uitvinding.png 1162w, https:\/\/www.thebestsocial.media\/nl\/wp-content\/uploads\/sites\/2\/2023\/04\/uitvinding-300x45.png 300w, https:\/\/www.thebestsocial.media\/nl\/wp-content\/uploads\/sites\/2\/2023\/04\/uitvinding-1024x153.png 1024w, https:\/\/www.thebestsocial.media\/nl\/wp-content\/uploads\/sites\/2\/2023\/04\/uitvinding-768x115.png 768w\" sizes=\"auto, (max-width: 1162px) 100vw, 1162px\" \/><\/p>\n<p>&nbsp;<\/p>\n<p><strong>Ben jij op zoek naar een stage? Nou, dan hebben we goed nieuws voor je. Bij The Best Social Media zijn we voor de periode vanaf september 2023 op zoek naar een redactie stagiair(e). Kent TikTok geen geheimen voor jou? En wil je n\u00f3g beter worden in het schrijven van artikelen? Check dan snel <a href=\"https:\/\/www.thebestsocialjobs.com\/vacature\/the-best-social-stagiaire\/\" target=\"_blank\" rel=\"noopener\">de vacature<\/a> op The Best Social Jobs.<\/strong><\/p>\n<blockquote class=\"instagram-media\" style=\"background: #FFF; border: 0; border-radius: 3px; box-shadow: 0 0 1px 0 rgba(0,0,0,0.5),0 1px 10px 0 rgba(0,0,0,0.15); margin: 1px; max-width: 540px; min-width: 326px; padding: 0; width: calc(100% - 2px);\" data-instgrm-captioned=\"\" data-instgrm-permalink=\"https:\/\/www.instagram.com\/p\/Cl8rWAGIhqz\/?utm_source=ig_embed&amp;utm_campaign=loading\" data-instgrm-version=\"14\">\n<div style=\"padding: 16px;\">\n<p>&nbsp;<\/p>\n<div style=\"display: flex; flex-direction: row; align-items: center;\">\n<div style=\"background-color: #f4f4f4; border-radius: 50%; flex-grow: 0; height: 40px; margin-right: 14px; width: 40px;\"><\/div>\n<div style=\"display: flex; flex-direction: column; flex-grow: 1; justify-content: center;\">\n<div style=\"background-color: #f4f4f4; border-radius: 4px; flex-grow: 0; height: 14px; margin-bottom: 6px; width: 100px;\"><\/div>\n<div style=\"background-color: #f4f4f4; border-radius: 4px; flex-grow: 0; height: 14px; width: 60px;\"><\/div>\n<\/div>\n<\/div>\n<div style=\"padding: 19% 0;\"><\/div>\n<div style=\"display: block; height: 50px; margin: 0 auto 12px; width: 50px;\"><\/div>\n<div style=\"padding-top: 8px;\">\n<div style=\"color: #3897f0; font-family: Arial,sans-serif; font-size: 14px; font-style: normal; font-weight: 550; line-height: 18px;\">View this post on Instagram<\/div>\n<\/div>\n<div style=\"padding: 12.5% 0;\"><\/div>\n<div style=\"display: flex; flex-direction: row; margin-bottom: 14px; align-items: center;\">\n<div>\n<div style=\"background-color: #f4f4f4; border-radius: 50%; height: 12.5px; width: 12.5px; transform: translateX(0px) translateY(7px);\"><\/div>\n<div style=\"background-color: #f4f4f4; height: 12.5px; transform: rotate(-45deg) translateX(3px) translateY(1px); width: 12.5px; flex-grow: 0; margin-right: 14px; margin-left: 2px;\"><\/div>\n<div style=\"background-color: #f4f4f4; border-radius: 50%; height: 12.5px; width: 12.5px; transform: translateX(9px) translateY(-18px);\"><\/div>\n<\/div>\n<div style=\"margin-left: 8px;\">\n<div style=\"background-color: #f4f4f4; border-radius: 50%; flex-grow: 0; height: 20px; width: 20px;\"><\/div>\n<div style=\"width: 0; height: 0; border-top: 2px solid transparent; border-left: 6px solid #f4f4f4; border-bottom: 2px solid transparent; transform: translateX(16px) translateY(-4px) rotate(30deg);\"><\/div>\n<\/div>\n<div style=\"margin-left: auto;\">\n<div style=\"width: 0px; border-top: 8px solid #F4F4F4; border-right: 8px solid transparent; transform: translateY(16px);\"><\/div>\n<div style=\"background-color: #f4f4f4; flex-grow: 0; height: 12px; width: 16px; transform: translateY(-4px);\"><\/div>\n<div style=\"width: 0; height: 0; border-top: 8px solid #F4F4F4; border-left: 8px solid transparent; transform: translateY(-4px) translateX(8px);\"><\/div>\n<\/div>\n<\/div>\n<div style=\"display: flex; flex-direction: column; flex-grow: 1; justify-content: center; margin-bottom: 24px;\">\n<div style=\"background-color: #f4f4f4; border-radius: 4px; flex-grow: 0; height: 14px; margin-bottom: 6px; width: 224px;\"><\/div>\n<div style=\"background-color: #f4f4f4; border-radius: 4px; flex-grow: 0; height: 14px; width: 144px;\"><\/div>\n<\/div>\n<p>&nbsp;<\/p>\n<p style=\"color: #c9c8cd; font-family: Arial,sans-serif; font-size: 14px; line-height: 17px; margin-bottom: 0; margin-top: 8px; overflow: hidden; padding: 8px 0 7px; text-align: center; text-overflow: ellipsis; white-space: nowrap;\"><a style=\"color: #c9c8cd; font-family: Arial,sans-serif; font-size: 14px; font-style: normal; font-weight: normal; line-height: 17px; text-decoration: none;\" href=\"https:\/\/www.instagram.com\/p\/Cl8rWAGIhqz\/?utm_source=ig_embed&amp;utm_campaign=loading\" target=\"_blank\" rel=\"noopener\">A post shared by The Best Social (@thebestsocial)<\/a><\/p>\n<\/div>\n<\/blockquote>\n\n<script async defer src=\"\/instagram-embed.js\"><\/script>","protected":false},"excerpt":{"rendered":"<p>Wanneer wij Nederlanders met de auto naar het zonnige zuiden rijden, hebben we een uitdagende tocht voor de boeg. We moeten namelijk door Belgi\u00eb heen&#8230;<\/p>\n","protected":false},"author":96,"featured_media":247752,"comment_status":"open","ping_status":"open","sticky":false,"template":"","format":"standard","meta":{"_acf_changed":false,"footnotes":""},"categories":[16,17],"tags":[7479,1424,4910],"class_list":["post-247478","post","type-post","status-publish","format-standard","has-post-thumbnail","hentry","category-blogs","category-nieuws","tag-asfalt","tag-belgie","tag-wegen"],"acf":[],"yoast_head":"<!-- This site is optimized with the Yoast SEO plugin v27.5 - https:\/\/yoast.com\/product\/yoast-seo-wordpress\/ -->\n<title>Belgische wegen zijn onvoorstelbaar slecht en dit is dus waarom<\/title>\n<meta name=\"description\" content=\"Wanneer we naar het zuiden rijden, hebben we een uitdagende tocht voor de boeg. We moeten door Belgi\u00eb heen, waar de wegen niet &#039;je van het&#039;.\" \/>\n<meta name=\"robots\" content=\"index, follow, max-snippet:-1, max-image-preview:large, max-video-preview:-1\" \/>\n<link rel=\"canonical\" href=\"https:\/\/www.thebestsocial.media\/nl\/belgie-wegen-problemen-asfalt\/\" \/>\n<meta property=\"og:locale\" content=\"nl_NL\" \/>\n<meta property=\"og:type\" content=\"article\" \/>\n<meta property=\"og:title\" content=\"Belgische wegen zijn onvoorstelbaar slecht en dit is dus waarom\" \/>\n<meta property=\"og:description\" content=\"Wanneer we naar het zuiden rijden, hebben we een uitdagende tocht voor de boeg. We moeten door Belgi\u00eb heen, waar de wegen niet &#039;je van het&#039;.\" \/>\n<meta property=\"og:url\" content=\"https:\/\/www.thebestsocial.media\/nl\/belgie-wegen-problemen-asfalt\/\" \/>\n<meta property=\"og:site_name\" content=\"The Best Social Media NL\" \/>\n<meta property=\"article:published_time\" content=\"2023-04-05T14:57:04+00:00\" \/>\n<meta property=\"og:image\" content=\"https:\/\/www.thebestsocial.media\/nl\/wp-content\/uploads\/sites\/2\/2023\/04\/header-10.png\" \/>\n\t<meta property=\"og:image:width\" content=\"1200\" \/>\n\t<meta property=\"og:image:height\" content=\"630\" \/>\n\t<meta property=\"og:image:type\" content=\"image\/png\" \/>\n<meta name=\"author\" content=\"yannick\" \/>\n<meta name=\"twitter:card\" content=\"summary_large_image\" \/>\n<meta name=\"twitter:title\" content=\"Belgische wegen zijn onvoorstelbaar slecht en dit is dus waarom\" \/>\n<meta name=\"twitter:description\" content=\"Wanneer we naar het zuiden rijden, hebben we een uitdagende tocht voor de boeg. We moeten door Belgi\u00eb heen, waar de wegen niet &#039;je van het&#039;.\" \/>\n<meta name=\"twitter:image\" content=\"https:\/\/www.thebestsocial.media\/nl\/wp-content\/uploads\/sites\/2\/2023\/04\/header-10.png\" \/>\n<meta name=\"twitter:label1\" content=\"Geschreven door\" \/>\n\t<meta name=\"twitter:data1\" content=\"yannick\" \/>\n\t<meta name=\"twitter:label2\" content=\"Geschatte leestijd\" \/>\n\t<meta name=\"twitter:data2\" content=\"2 minuten\" \/>\n<script type=\"application\/ld+json\" class=\"yoast-schema-graph\">{\"@context\":\"https:\\\/\\\/schema.org\",\"@graph\":[{\"@type\":\"Article\",\"@id\":\"https:\\\/\\\/www.thebestsocial.media\\\/nl\\\/belgie-wegen-problemen-asfalt\\\/#article\",\"isPartOf\":{\"@id\":\"https:\\\/\\\/www.thebestsocial.media\\\/nl\\\/belgie-wegen-problemen-asfalt\\\/\"},\"author\":{\"name\":\"yannick\",\"@id\":\"https:\\\/\\\/www.thebestsocial.media\\\/nl\\\/#\\\/schema\\\/person\\\/2b65a07de209cd1d416a21f959fdf166\"},\"headline\":\"Belgische wegen zijn onvoorstelbaar slecht en dit is dus waarom\",\"datePublished\":\"2023-04-05T14:57:04+00:00\",\"mainEntityOfPage\":{\"@id\":\"https:\\\/\\\/www.thebestsocial.media\\\/nl\\\/belgie-wegen-problemen-asfalt\\\/\"},\"wordCount\":231,\"commentCount\":0,\"image\":{\"@id\":\"https:\\\/\\\/www.thebestsocial.media\\\/nl\\\/belgie-wegen-problemen-asfalt\\\/#primaryimage\"},\"thumbnailUrl\":\"https:\\\/\\\/www.thebestsocial.media\\\/nl\\\/wp-content\\\/uploads\\\/sites\\\/2\\\/2023\\\/04\\\/uitgelicht-7.png\",\"keywords\":[\"asfalt\",\"Belgi\u00eb\",\"wegen\"],\"articleSection\":[\"Blogs\",\"Nieuws\"],\"inLanguage\":\"nl-NL\",\"potentialAction\":[{\"@type\":\"CommentAction\",\"name\":\"Comment\",\"target\":[\"https:\\\/\\\/www.thebestsocial.media\\\/nl\\\/belgie-wegen-problemen-asfalt\\\/#respond\"]}]},{\"@type\":\"WebPage\",\"@id\":\"https:\\\/\\\/www.thebestsocial.media\\\/nl\\\/belgie-wegen-problemen-asfalt\\\/\",\"url\":\"https:\\\/\\\/www.thebestsocial.media\\\/nl\\\/belgie-wegen-problemen-asfalt\\\/\",\"name\":\"Belgische wegen zijn onvoorstelbaar slecht en dit is dus waarom\",\"isPartOf\":{\"@id\":\"https:\\\/\\\/www.thebestsocial.media\\\/nl\\\/#website\"},\"primaryImageOfPage\":{\"@id\":\"https:\\\/\\\/www.thebestsocial.media\\\/nl\\\/belgie-wegen-problemen-asfalt\\\/#primaryimage\"},\"image\":{\"@id\":\"https:\\\/\\\/www.thebestsocial.media\\\/nl\\\/belgie-wegen-problemen-asfalt\\\/#primaryimage\"},\"thumbnailUrl\":\"https:\\\/\\\/www.thebestsocial.media\\\/nl\\\/wp-content\\\/uploads\\\/sites\\\/2\\\/2023\\\/04\\\/uitgelicht-7.png\",\"datePublished\":\"2023-04-05T14:57:04+00:00\",\"author\":{\"@id\":\"https:\\\/\\\/www.thebestsocial.media\\\/nl\\\/#\\\/schema\\\/person\\\/2b65a07de209cd1d416a21f959fdf166\"},\"description\":\"Wanneer we naar het zuiden rijden, hebben we een uitdagende tocht voor de boeg. We moeten door Belgi\u00eb heen, waar de wegen niet 'je van het'.\",\"breadcrumb\":{\"@id\":\"https:\\\/\\\/www.thebestsocial.media\\\/nl\\\/belgie-wegen-problemen-asfalt\\\/#breadcrumb\"},\"inLanguage\":\"nl-NL\",\"potentialAction\":[{\"@type\":\"ReadAction\",\"target\":[\"https:\\\/\\\/www.thebestsocial.media\\\/nl\\\/belgie-wegen-problemen-asfalt\\\/\"]}]},{\"@type\":\"ImageObject\",\"inLanguage\":\"nl-NL\",\"@id\":\"https:\\\/\\\/www.thebestsocial.media\\\/nl\\\/belgie-wegen-problemen-asfalt\\\/#primaryimage\",\"url\":\"https:\\\/\\\/www.thebestsocial.media\\\/nl\\\/wp-content\\\/uploads\\\/sites\\\/2\\\/2023\\\/04\\\/uitgelicht-7.png\",\"contentUrl\":\"https:\\\/\\\/www.thebestsocial.media\\\/nl\\\/wp-content\\\/uploads\\\/sites\\\/2\\\/2023\\\/04\\\/uitgelicht-7.png\",\"width\":1200,\"height\":630,\"caption\":\"wegen\"},{\"@type\":\"BreadcrumbList\",\"@id\":\"https:\\\/\\\/www.thebestsocial.media\\\/nl\\\/belgie-wegen-problemen-asfalt\\\/#breadcrumb\",\"itemListElement\":[{\"@type\":\"ListItem\",\"position\":1,\"name\":\"Home\",\"item\":\"https:\\\/\\\/www.thebestsocial.media\\\/nl\\\/\"},{\"@type\":\"ListItem\",\"position\":2,\"name\":\"Belgische wegen zijn onvoorstelbaar slecht en dit is dus waarom\"}]},{\"@type\":\"WebSite\",\"@id\":\"https:\\\/\\\/www.thebestsocial.media\\\/nl\\\/#website\",\"url\":\"https:\\\/\\\/www.thebestsocial.media\\\/nl\\\/\",\"name\":\"The Best Social Media NL\",\"description\":\"Zoeklicht in de Digital Chaos\",\"potentialAction\":[{\"@type\":\"SearchAction\",\"target\":{\"@type\":\"EntryPoint\",\"urlTemplate\":\"https:\\\/\\\/www.thebestsocial.media\\\/nl\\\/?s={search_term_string}\"},\"query-input\":{\"@type\":\"PropertyValueSpecification\",\"valueRequired\":true,\"valueName\":\"search_term_string\"}}],\"inLanguage\":\"nl-NL\"},{\"@type\":\"Person\",\"@id\":\"https:\\\/\\\/www.thebestsocial.media\\\/nl\\\/#\\\/schema\\\/person\\\/2b65a07de209cd1d416a21f959fdf166\",\"name\":\"yannick\",\"image\":{\"@type\":\"ImageObject\",\"inLanguage\":\"nl-NL\",\"@id\":\"https:\\\/\\\/secure.gravatar.com\\\/avatar\\\/8909b7412361c45e4fc0664b3e04faa1ad03832e065a1098c95a21a0527771d4?s=96&d=mm&r=g\",\"url\":\"https:\\\/\\\/secure.gravatar.com\\\/avatar\\\/8909b7412361c45e4fc0664b3e04faa1ad03832e065a1098c95a21a0527771d4?s=96&d=mm&r=g\",\"contentUrl\":\"https:\\\/\\\/secure.gravatar.com\\\/avatar\\\/8909b7412361c45e4fc0664b3e04faa1ad03832e065a1098c95a21a0527771d4?s=96&d=mm&r=g\",\"caption\":\"yannick\"},\"description\":\"Geboren en getogen Bredanaar. Droomde altijd van een carri\u00e8re als profvoetballer, maar is gestrand in de Kelderklasse. Nu geeft ze hier onnodig 'commentaar' op sport, collega's (\u00e9\u00e9n in het bijzonder) en mensen die iconische memes niet kennen.\",\"sameAs\":[\"https:\\\/\\\/www.instagram.com\\\/yannicksnoek\\\/\",\"https:\\\/\\\/www.linkedin.com\\\/in\\\/yannick-s-743aa110b\\\/\"],\"url\":\"https:\\\/\\\/www.thebestsocial.media\\\/nl\\\/author\\\/yannick\\\/\"}]}<\/script>\n<!-- \/ Yoast SEO plugin. -->","yoast_head_json":{"title":"Belgische wegen zijn onvoorstelbaar slecht en dit is dus waarom","description":"Wanneer we naar het zuiden rijden, hebben we een uitdagende tocht voor de boeg. We moeten door Belgi\u00eb heen, waar de wegen niet 'je van het'.","robots":{"index":"index","follow":"follow","max-snippet":"max-snippet:-1","max-image-preview":"max-image-preview:large","max-video-preview":"max-video-preview:-1"},"canonical":"https:\/\/www.thebestsocial.media\/nl\/belgie-wegen-problemen-asfalt\/","og_locale":"nl_NL","og_type":"article","og_title":"Belgische wegen zijn onvoorstelbaar slecht en dit is dus waarom","og_description":"Wanneer we naar het zuiden rijden, hebben we een uitdagende tocht voor de boeg. We moeten door Belgi\u00eb heen, waar de wegen niet 'je van het'.","og_url":"https:\/\/www.thebestsocial.media\/nl\/belgie-wegen-problemen-asfalt\/","og_site_name":"The Best Social Media NL","article_published_time":"2023-04-05T14:57:04+00:00","og_image":[{"width":1200,"height":630,"url":"https:\/\/www.thebestsocial.media\/nl\/wp-content\/uploads\/sites\/2\/2023\/04\/header-10.png","type":"image\/png"}],"author":"yannick","twitter_card":"summary_large_image","twitter_title":"Belgische wegen zijn onvoorstelbaar slecht en dit is dus waarom","twitter_description":"Wanneer we naar het zuiden rijden, hebben we een uitdagende tocht voor de boeg. We moeten door Belgi\u00eb heen, waar de wegen niet 'je van het'.","twitter_image":"https:\/\/www.thebestsocial.media\/nl\/wp-content\/uploads\/sites\/2\/2023\/04\/header-10.png","twitter_misc":{"Geschreven door":"yannick","Geschatte leestijd":"2 minuten"},"schema":{"@context":"https:\/\/schema.org","@graph":[{"@type":"Article","@id":"https:\/\/www.thebestsocial.media\/nl\/belgie-wegen-problemen-asfalt\/#article","isPartOf":{"@id":"https:\/\/www.thebestsocial.media\/nl\/belgie-wegen-problemen-asfalt\/"},"author":{"name":"yannick","@id":"https:\/\/www.thebestsocial.media\/nl\/#\/schema\/person\/2b65a07de209cd1d416a21f959fdf166"},"headline":"Belgische wegen zijn onvoorstelbaar slecht en dit is dus waarom","datePublished":"2023-04-05T14:57:04+00:00","mainEntityOfPage":{"@id":"https:\/\/www.thebestsocial.media\/nl\/belgie-wegen-problemen-asfalt\/"},"wordCount":231,"commentCount":0,"image":{"@id":"https:\/\/www.thebestsocial.media\/nl\/belgie-wegen-problemen-asfalt\/#primaryimage"},"thumbnailUrl":"https:\/\/www.thebestsocial.media\/nl\/wp-content\/uploads\/sites\/2\/2023\/04\/uitgelicht-7.png","keywords":["asfalt","Belgi\u00eb","wegen"],"articleSection":["Blogs","Nieuws"],"inLanguage":"nl-NL","potentialAction":[{"@type":"CommentAction","name":"Comment","target":["https:\/\/www.thebestsocial.media\/nl\/belgie-wegen-problemen-asfalt\/#respond"]}]},{"@type":"WebPage","@id":"https:\/\/www.thebestsocial.media\/nl\/belgie-wegen-problemen-asfalt\/","url":"https:\/\/www.thebestsocial.media\/nl\/belgie-wegen-problemen-asfalt\/","name":"Belgische wegen zijn onvoorstelbaar slecht en dit is dus waarom","isPartOf":{"@id":"https:\/\/www.thebestsocial.media\/nl\/#website"},"primaryImageOfPage":{"@id":"https:\/\/www.thebestsocial.media\/nl\/belgie-wegen-problemen-asfalt\/#primaryimage"},"image":{"@id":"https:\/\/www.thebestsocial.media\/nl\/belgie-wegen-problemen-asfalt\/#primaryimage"},"thumbnailUrl":"https:\/\/www.thebestsocial.media\/nl\/wp-content\/uploads\/sites\/2\/2023\/04\/uitgelicht-7.png","datePublished":"2023-04-05T14:57:04+00:00","author":{"@id":"https:\/\/www.thebestsocial.media\/nl\/#\/schema\/person\/2b65a07de209cd1d416a21f959fdf166"},"description":"Wanneer we naar het zuiden rijden, hebben we een uitdagende tocht voor de boeg. We moeten door Belgi\u00eb heen, waar de wegen niet 'je van het'.","breadcrumb":{"@id":"https:\/\/www.thebestsocial.media\/nl\/belgie-wegen-problemen-asfalt\/#breadcrumb"},"inLanguage":"nl-NL","potentialAction":[{"@type":"ReadAction","target":["https:\/\/www.thebestsocial.media\/nl\/belgie-wegen-problemen-asfalt\/"]}]},{"@type":"ImageObject","inLanguage":"nl-NL","@id":"https:\/\/www.thebestsocial.media\/nl\/belgie-wegen-problemen-asfalt\/#primaryimage","url":"https:\/\/www.thebestsocial.media\/nl\/wp-content\/uploads\/sites\/2\/2023\/04\/uitgelicht-7.png","contentUrl":"https:\/\/www.thebestsocial.media\/nl\/wp-content\/uploads\/sites\/2\/2023\/04\/uitgelicht-7.png","width":1200,"height":630,"caption":"wegen"},{"@type":"BreadcrumbList","@id":"https:\/\/www.thebestsocial.media\/nl\/belgie-wegen-problemen-asfalt\/#breadcrumb","itemListElement":[{"@type":"ListItem","position":1,"name":"Home","item":"https:\/\/www.thebestsocial.media\/nl\/"},{"@type":"ListItem","position":2,"name":"Belgische wegen zijn onvoorstelbaar slecht en dit is dus waarom"}]},{"@type":"WebSite","@id":"https:\/\/www.thebestsocial.media\/nl\/#website","url":"https:\/\/www.thebestsocial.media\/nl\/","name":"The Best Social Media NL","description":"Zoeklicht in de Digital Chaos","potentialAction":[{"@type":"SearchAction","target":{"@type":"EntryPoint","urlTemplate":"https:\/\/www.thebestsocial.media\/nl\/?s={search_term_string}"},"query-input":{"@type":"PropertyValueSpecification","valueRequired":true,"valueName":"search_term_string"}}],"inLanguage":"nl-NL"},{"@type":"Person","@id":"https:\/\/www.thebestsocial.media\/nl\/#\/schema\/person\/2b65a07de209cd1d416a21f959fdf166","name":"yannick","image":{"@type":"ImageObject","inLanguage":"nl-NL","@id":"https:\/\/secure.gravatar.com\/avatar\/8909b7412361c45e4fc0664b3e04faa1ad03832e065a1098c95a21a0527771d4?s=96&d=mm&r=g","url":"https:\/\/secure.gravatar.com\/avatar\/8909b7412361c45e4fc0664b3e04faa1ad03832e065a1098c95a21a0527771d4?s=96&d=mm&r=g","contentUrl":"https:\/\/secure.gravatar.com\/avatar\/8909b7412361c45e4fc0664b3e04faa1ad03832e065a1098c95a21a0527771d4?s=96&d=mm&r=g","caption":"yannick"},"description":"Geboren en getogen Bredanaar. Droomde altijd van een carri\u00e8re als profvoetballer, maar is gestrand in de Kelderklasse. Nu geeft ze hier onnodig 'commentaar' op sport, collega's (\u00e9\u00e9n in het bijzonder) en mensen die iconische memes niet kennen.","sameAs":["https:\/\/www.instagram.com\/yannicksnoek\/","https:\/\/www.linkedin.com\/in\/yannick-s-743aa110b\/"],"url":"https:\/\/www.thebestsocial.media\/nl\/author\/yannick\/"}]}},"amp_enabled":true,"_links":{"self":[{"href":"https:\/\/www.thebestsocial.media\/nl\/wp-json\/wp\/v2\/posts\/247478","targetHints":{"allow":["GET"]}}],"collection":[{"href":"https:\/\/www.thebestsocial.media\/nl\/wp-json\/wp\/v2\/posts"}],"about":[{"href":"https:\/\/www.thebestsocial.media\/nl\/wp-json\/wp\/v2\/types\/post"}],"author":[{"embeddable":true,"href":"https:\/\/www.thebestsocial.media\/nl\/wp-json\/wp\/v2\/users\/96"}],"replies":[{"embeddable":true,"href":"https:\/\/www.thebestsocial.media\/nl\/wp-json\/wp\/v2\/comments?post=247478"}],"version-history":[{"count":11,"href":"https:\/\/www.thebestsocial.media\/nl\/wp-json\/wp\/v2\/posts\/247478\/revisions"}],"predecessor-version":[{"id":247753,"href":"https:\/\/www.thebestsocial.media\/nl\/wp-json\/wp\/v2\/posts\/247478\/revisions\/247753"}],"wp:featuredmedia":[{"embeddable":true,"href":"https:\/\/www.thebestsocial.media\/nl\/wp-json\/wp\/v2\/media\/247752"}],"wp:attachment":[{"href":"https:\/\/www.thebestsocial.media\/nl\/wp-json\/wp\/v2\/media?parent=247478"}],"wp:term":[{"taxonomy":"category","embeddable":true,"href":"https:\/\/www.thebestsocial.media\/nl\/wp-json\/wp\/v2\/categories?post=247478"},{"taxonomy":"post_tag","embeddable":true,"href":"https:\/\/www.thebestsocial.media\/nl\/wp-json\/wp\/v2\/tags?post=247478"}],"curies":[{"name":"wp","href":"https:\/\/api.w.org\/{rel}","templated":true}]}}