{"id":243936,"date":"2023-03-14T11:16:37","date_gmt":"2023-03-14T10:16:37","guid":{"rendered":"https:\/\/www.thebestsocial.media\/nl\/?p=243936"},"modified":"2023-03-14T11:29:00","modified_gmt":"2023-03-14T10:29:00","slug":"vandaag-inside-mark-rutte","status":"publish","type":"post","link":"https:\/\/www.thebestsocial.media\/nl\/vandaag-inside-mark-rutte\/","title":{"rendered":"Nederlanders raken niet uitgepraat over Rutte&#8217;s optreden bij Vandaag Inside"},"content":{"rendered":"<div class=\"gmail_default\">Waar een aantal lijsttrekkers hem al voor gingen, was het gisteravond toch echt zo ver: minister-president <a href=\"https:\/\/www.thebestsocial.media\/nl\/mark-rutte-joe-biden-foto-amerika\/\">Mark Rutte<\/a> was te gast bij de mannen van Vandaag Inside. Morgen mag heel Nederland weer richting de stembus, waardoor dit een uitgelezen kans was om op het laatste moment Nederland te overtuigen van de standpunten van de VVD. Al werd hij tijdens de uitzending flink aan de tand gevoeld&#8230;<\/div>\n<p>&nbsp;<\/p>\n<h3>1. Dit is nog een understatement.<\/h3>\n<blockquote class=\"twitter-tweet\">\n<p dir=\"ltr\" lang=\"nl\">Dit wordt een bijzondere uitzending van <a href=\"https:\/\/twitter.com\/hashtag\/vandaaginside?src=hash&amp;ref_src=twsrc%5Etfw\">#vandaaginside<\/a> <a href=\"https:\/\/t.co\/wAjq6Aqlvd\">pic.twitter.com\/wAjq6Aqlvd<\/a><\/p>\n<p>\u2014 Vincent G. de Vlugt (@Vincentgdevlugt) <a href=\"https:\/\/twitter.com\/Vincentgdevlugt\/status\/1635380647127834626?ref_src=twsrc%5Etfw\">March 13, 2023<\/a><\/p><\/blockquote>\n<p><script async src=\"https:\/\/platform.twitter.com\/widgets.js\" charset=\"utf-8\"><\/script><\/p>\n<p>&nbsp;<\/p>\n<h3>2. Rutte kreeg een hoop kritische standpunten en vragen op hem afgevuurd. Toch wist hij volgens velen goed van zich af te bijten.<\/h3>\n<blockquote class=\"twitter-tweet\">\n<p dir=\"ltr\" lang=\"nl\">Ik keek zojuist een stukje <a href=\"https:\/\/twitter.com\/hashtag\/vandaaginside?src=hash&amp;ref_src=twsrc%5Etfw\">#vandaaginside<\/a>.<br \/>\nIk heb mega respect voor Rutte, zo relaxed hij daar zit en de non-argumenten van de heren aan tafel van zich af laat glijden of weerspreekt.<br \/>\nGenee is de grote verliezer tot nu toe.<\/p>\n<p>\u2014 Peter ter Horst \ud83d\udcac (@PeterterHorst) <a href=\"https:\/\/twitter.com\/PeterterHorst\/status\/1635390821607550977?ref_src=twsrc%5Etfw\">March 13, 2023<\/a><\/p><\/blockquote>\n<p><script src=\"https:\/\/platform.twitter.com\/widgets.js\" async=\"\" charset=\"utf-8\"><\/script><\/p>\n<blockquote class=\"twitter-tweet\">\n<p dir=\"ltr\" lang=\"nl\">Er zijn vast veel mensen die hoopten dat Rutte vanavond helemaal in de hoek geluld zou worden door Derksen &amp; Co. Maar de pijnlijke waarheid zal zijn dat hij na deze uitzending 5 zetels stijgt in de peilingen. <a href=\"https:\/\/twitter.com\/hashtag\/vandaaginside?src=hash&amp;ref_src=twsrc%5Etfw\">#vandaaginside<\/a><\/p>\n<p>\u2014 Maarten Hopman (@maartenhopman94) <a href=\"https:\/\/twitter.com\/maartenhopman94\/status\/1635384519439298560?ref_src=twsrc%5Etfw\">March 13, 2023<\/a><\/p><\/blockquote>\n<p><script src=\"https:\/\/platform.twitter.com\/widgets.js\" async=\"\" charset=\"utf-8\"><\/script><\/p>\n<p>&nbsp;<\/p>\n<h3>3. En daar hebben sommigen wel bewondering voor.<\/h3>\n<blockquote class=\"twitter-tweet\">\n<p dir=\"ltr\" lang=\"nl\">Fors maar ook wel plezierig tussen <a href=\"https:\/\/twitter.com\/hashtag\/Rutte?src=hash&amp;ref_src=twsrc%5Etfw\">#Rutte<\/a> en <a href=\"https:\/\/twitter.com\/hashtag\/vandaaginside?src=hash&amp;ref_src=twsrc%5Etfw\">#vandaaginside<\/a> met <a href=\"https:\/\/twitter.com\/hashtag\/Derksen?src=hash&amp;ref_src=twsrc%5Etfw\">#Derksen<\/a> etc.<\/p>\n<p>Eerst debatteren bij <a href=\"https:\/\/twitter.com\/hashtag\/Eenvandaag?src=hash&amp;ref_src=twsrc%5Etfw\">#Eenvandaag<\/a> met je politieke tegenstanders en nu opdraven bij <a href=\"https:\/\/twitter.com\/hashtag\/vandaagsinside?src=hash&amp;ref_src=twsrc%5Etfw\">#vandaagsinside<\/a>.<\/p>\n<p>Knap, en dat mag ook wel gezegd worden. <a href=\"https:\/\/t.co\/BW8tFutflE\">pic.twitter.com\/BW8tFutflE<\/a><\/p>\n<p>\u2014 Reinier Geerligs (@RGeerligs) <a href=\"https:\/\/twitter.com\/RGeerligs\/status\/1635389203147264001?ref_src=twsrc%5Etfw\">March 13, 2023<\/a><\/p><\/blockquote>\n<p><script src=\"https:\/\/platform.twitter.com\/widgets.js\" async=\"\" charset=\"utf-8\"><\/script><\/p>\n<p>&nbsp;<\/p>\n<h3>4. Dus&#8230;<\/h3>\n<blockquote class=\"twitter-tweet\">\n<p dir=\"ltr\" lang=\"nl\">Nederland in een notendop <a href=\"https:\/\/twitter.com\/hashtag\/vandaaginside?src=hash&amp;ref_src=twsrc%5Etfw\">#vandaaginside<\/a> <a href=\"https:\/\/t.co\/t6DnH85i5A\">pic.twitter.com\/t6DnH85i5A<\/a><\/p>\n<p>\u2014 Flint (@flintstoon) <a href=\"https:\/\/twitter.com\/flintstoon\/status\/1635395007002849282?ref_src=twsrc%5Etfw\">March 13, 2023<\/a><\/p><\/blockquote>\n<p><script src=\"https:\/\/platform.twitter.com\/widgets.js\" async=\"\" charset=\"utf-8\"><\/script><\/p>\n<p>&nbsp;<\/p>\n<h3>5. Grove opmerkingen kun je uiteraard verwachten bij Vandaag Inside, en dat leidt op Twitter tot de nodige woordgrappen.<\/h3>\n<blockquote class=\"twitter-tweet\">\n<p dir=\"ltr\" lang=\"nl\">Rutte weet inderdaad wat neuken is. Anders kun je al die Groningers niet naaien.<a href=\"https:\/\/twitter.com\/hashtag\/vandaaginside?src=hash&amp;ref_src=twsrc%5Etfw\">#vandaaginside<\/a><\/p>\n<p>\u2014 Jasper Schilder (@jasperschilder) <a href=\"https:\/\/twitter.com\/jasperschilder\/status\/1635387228854812672?ref_src=twsrc%5Etfw\">March 13, 2023<\/a><\/p><\/blockquote>\n<p><script src=\"https:\/\/platform.twitter.com\/widgets.js\" async=\"\" charset=\"utf-8\"><\/script><\/p>\n<p>&nbsp;<\/p>\n<h3>7. Aan ongemakkelijke blikken geen gebrek tijdens de aflevering.<\/h3>\n<blockquote class=\"twitter-tweet\">\n<p dir=\"ltr\" lang=\"nl\">GENIETEN. DIT.<\/p>\n<p>Die ongemakkelijke blik van <a href=\"https:\/\/twitter.com\/hashtag\/rutte?src=hash&amp;ref_src=twsrc%5Etfw\">#rutte<\/a>!<\/p>\n<p>\ud83d\ude02<a href=\"https:\/\/twitter.com\/hashtag\/vandaaginside?src=hash&amp;ref_src=twsrc%5Etfw\">#vandaaginside<\/a> <a href=\"https:\/\/t.co\/xKZDCGQ2TG\">pic.twitter.com\/xKZDCGQ2TG<\/a><\/p>\n<p>\u2014 Daan (@Daan_Danado) <a href=\"https:\/\/twitter.com\/Daan_Danado\/status\/1635382316246917128?ref_src=twsrc%5Etfw\">March 13, 2023<\/a><\/p><\/blockquote>\n<p><script src=\"https:\/\/platform.twitter.com\/widgets.js\" async=\"\" charset=\"utf-8\"><\/script><\/p>\n<p>&nbsp;<\/p>\n<h3>8. Lachen om een grap van Kaag? Daar doet Mark niet aan mee.<\/h3>\n<blockquote class=\"twitter-tweet\">\n<p dir=\"ltr\" lang=\"nl\"><a href=\"https:\/\/twitter.com\/hashtag\/Rutte?src=hash&amp;ref_src=twsrc%5Etfw\">#Rutte<\/a> vond het grapje over <a href=\"https:\/\/twitter.com\/hashtag\/Kaag?src=hash&amp;ref_src=twsrc%5Etfw\">#Kaag<\/a> niet zo leuk\u2026<\/p>\n<p>\ud83d\ude05<a href=\"https:\/\/twitter.com\/hashtag\/vandaaginside?src=hash&amp;ref_src=twsrc%5Etfw\">#vandaaginside<\/a> <a href=\"https:\/\/t.co\/1hTANY0HwP\">pic.twitter.com\/1hTANY0HwP<\/a><\/p>\n<p>\u2014 Daan (@Daan_Danado) <a href=\"https:\/\/twitter.com\/Daan_Danado\/status\/1635394291953717252?ref_src=twsrc%5Etfw\">March 13, 2023<\/a><\/p><\/blockquote>\n<p><script src=\"https:\/\/platform.twitter.com\/widgets.js\" async=\"\" charset=\"utf-8\"><\/script><\/p>\n<p>&nbsp;<\/p>\n<h3>9. Mocht je Vandaag Inside gisteren gemist hebben? Dat is dit volgens deze persoon de beste samenvatting.<\/h3>\n<blockquote class=\"twitter-tweet\">\n<p dir=\"ltr\" lang=\"nl\">Korte samenvatting:<br \/>\n1. Wilfred Genee &#8211; verzuipt door zenuwen<br \/>\n2. Johan Derksen &#8211; te traag en te weinig kennis<br \/>\n3. Ren\u00e9 van de Gijp &#8211; onzichtbaar en dramatische timing<br \/>\n4. Job Knoester &#8211; beste ge\u00efnformeerd en de enige die grip had op Rutte<br \/>\n5. Rutte &#8211; in topvorm <a href=\"https:\/\/twitter.com\/hashtag\/vandaaginside?src=hash&amp;ref_src=twsrc%5Etfw\">#vandaaginside<\/a><\/p>\n<p>\u2014 JK (@JJB_Krabbenborg) <a href=\"https:\/\/twitter.com\/JJB_Krabbenborg\/status\/1635393726825758721?ref_src=twsrc%5Etfw\">March 13, 2023<\/a><\/p><\/blockquote>\n<p><script async src=\"https:\/\/platform.twitter.com\/widgets.js\" charset=\"utf-8\"><\/script><\/p>\n<p>&nbsp;<\/p>\n<p>&nbsp;<\/p>\n<p><strong>Ben jij op zoek naar een stage? Nou, dan hebben we goed nieuws voor je. Bij The Best Social Media zijn we voor de periode vanaf september 2023 op zoek naar een redactie stagiair(e). Kent TikTok geen geheimen voor jou? En wil je n\u00f3g beter worden in het schrijven van artikelen? Check dan snel <a href=\"https:\/\/www.thebestsocialjobs.com\/vacature\/the-best-social-stagiaire\/\" target=\"_blank\" rel=\"noopener\">de vacature<\/a> op The Best Social Jobs.<\/strong><\/p>\n<blockquote class=\"instagram-media\" style=\"background: #FFF; border: 0; border-radius: 3px; box-shadow: 0 0 1px 0 rgba(0,0,0,0.5),0 1px 10px 0 rgba(0,0,0,0.15); margin: 1px; max-width: 540px; min-width: 326px; padding: 0; width: calc(100% - 2px);\" data-instgrm-captioned=\"\" data-instgrm-permalink=\"https:\/\/www.instagram.com\/p\/Cl8rWAGIhqz\/?utm_source=ig_embed&amp;utm_campaign=loading\" data-instgrm-version=\"14\">\n<div style=\"padding: 16px;\">\n<p>&nbsp;<\/p>\n<div style=\"display: flex; flex-direction: row; align-items: center;\">\n<div style=\"background-color: #f4f4f4; border-radius: 50%; flex-grow: 0; height: 40px; margin-right: 14px; width: 40px;\"><\/div>\n<div style=\"display: flex; flex-direction: column; flex-grow: 1; justify-content: center;\">\n<div style=\"background-color: #f4f4f4; border-radius: 4px; flex-grow: 0; height: 14px; margin-bottom: 6px; width: 100px;\"><\/div>\n<div style=\"background-color: #f4f4f4; border-radius: 4px; flex-grow: 0; height: 14px; width: 60px;\"><\/div>\n<\/div>\n<\/div>\n<div style=\"padding: 19% 0;\"><\/div>\n<div style=\"display: block; height: 50px; margin: 0 auto 12px; width: 50px;\"><\/div>\n<div style=\"padding-top: 8px;\">\n<div style=\"color: #3897f0; font-family: Arial,sans-serif; font-size: 14px; font-style: normal; font-weight: 550; line-height: 18px;\">View this post on Instagram<\/div>\n<\/div>\n<div style=\"padding: 12.5% 0;\"><\/div>\n<div style=\"display: flex; flex-direction: row; margin-bottom: 14px; align-items: center;\">\n<div>\n<div style=\"background-color: #f4f4f4; border-radius: 50%; height: 12.5px; width: 12.5px; transform: translateX(0px) translateY(7px);\"><\/div>\n<div style=\"background-color: #f4f4f4; height: 12.5px; transform: rotate(-45deg) translateX(3px) translateY(1px); width: 12.5px; flex-grow: 0; margin-right: 14px; margin-left: 2px;\"><\/div>\n<div style=\"background-color: #f4f4f4; border-radius: 50%; height: 12.5px; width: 12.5px; transform: translateX(9px) translateY(-18px);\"><\/div>\n<\/div>\n<div style=\"margin-left: 8px;\">\n<div style=\"background-color: #f4f4f4; border-radius: 50%; flex-grow: 0; height: 20px; width: 20px;\"><\/div>\n<div style=\"width: 0; height: 0; border-top: 2px solid transparent; border-left: 6px solid #f4f4f4; border-bottom: 2px solid transparent; transform: translateX(16px) translateY(-4px) rotate(30deg);\"><\/div>\n<\/div>\n<div style=\"margin-left: auto;\">\n<div style=\"width: 0px; border-top: 8px solid #F4F4F4; border-right: 8px solid transparent; transform: translateY(16px);\"><\/div>\n<div style=\"background-color: #f4f4f4; flex-grow: 0; height: 12px; width: 16px; transform: translateY(-4px);\"><\/div>\n<div style=\"width: 0; height: 0; border-top: 8px solid #F4F4F4; border-left: 8px solid transparent; transform: translateY(-4px) translateX(8px);\"><\/div>\n<\/div>\n<\/div>\n<div style=\"display: flex; flex-direction: column; flex-grow: 1; justify-content: center; margin-bottom: 24px;\">\n<div style=\"background-color: #f4f4f4; border-radius: 4px; flex-grow: 0; height: 14px; margin-bottom: 6px; width: 224px;\"><\/div>\n<div style=\"background-color: #f4f4f4; border-radius: 4px; flex-grow: 0; height: 14px; width: 144px;\"><\/div>\n<\/div>\n<p>&nbsp;<\/p>\n<p style=\"color: #c9c8cd; font-family: Arial,sans-serif; font-size: 14px; line-height: 17px; margin-bottom: 0; margin-top: 8px; overflow: hidden; padding: 8px 0 7px; text-align: center; text-overflow: ellipsis; white-space: nowrap;\"><a style=\"color: #c9c8cd; font-family: Arial,sans-serif; font-size: 14px; font-style: normal; font-weight: normal; line-height: 17px; text-decoration: none;\" href=\"https:\/\/www.instagram.com\/p\/Cl8rWAGIhqz\/?utm_source=ig_embed&amp;utm_campaign=loading\" target=\"_blank\" rel=\"noopener\">A post shared by The Best Social (@thebestsocial)<\/a><\/p>\n<\/div>\n<\/blockquote>\n\n<script async defer src=\"\/instagram-embed.js\"><\/script>","protected":false},"excerpt":{"rendered":"<p>Waar een aantal lijsttrekkers hem al voor gingen, was het gisteravond toch echt zo ver: minister-president Mark Rutte was te gast bij de mannen van&#8230;<\/p>\n","protected":false},"author":96,"featured_media":243978,"comment_status":"open","ping_status":"open","sticky":false,"template":"","format":"standard","meta":{"_acf_changed":false,"footnotes":""},"categories":[16,17],"tags":[1283,7316,970],"class_list":["post-243936","post","type-post","status-publish","format-standard","has-post-thumbnail","hentry","category-blogs","category-nieuws","tag-mark-rutte","tag-vandaag-inside","tag-verkiezingen"],"acf":[],"yoast_head":"<!-- This site is optimized with the Yoast SEO plugin v27.4 - https:\/\/yoast.com\/product\/yoast-seo-wordpress\/ -->\n<title>Nederlanders raken niet uitgepraat over Rutte&#039;s optreden Vandaag Inside<\/title>\n<meta name=\"description\" content=\"Waar een aantal lijsttrekkers hem al voor gingen, was het gisterenavond zo ver. Mark Rutte was te gast bij de mannen van Vandaag Inside.\" \/>\n<meta name=\"robots\" content=\"index, follow, max-snippet:-1, max-image-preview:large, max-video-preview:-1\" \/>\n<link rel=\"canonical\" href=\"https:\/\/www.thebestsocial.media\/nl\/vandaag-inside-mark-rutte\/\" \/>\n<meta property=\"og:locale\" content=\"nl_NL\" \/>\n<meta property=\"og:type\" content=\"article\" \/>\n<meta property=\"og:title\" content=\"Nederlanders raken niet uitgepraat over Rutte&#039;s optreden bij Vandaag Inside\" \/>\n<meta property=\"og:description\" content=\"Waar een aantal lijsttrekkers hem al voor gingen, was het gisterenavond zo ver. Mark Rutte was te gast bij de mannen van Vandaag Inside.\" \/>\n<meta property=\"og:url\" content=\"https:\/\/www.thebestsocial.media\/nl\/vandaag-inside-mark-rutte\/\" \/>\n<meta property=\"og:site_name\" content=\"The Best Social Media NL\" \/>\n<meta property=\"article:published_time\" content=\"2023-03-14T10:16:37+00:00\" \/>\n<meta property=\"article:modified_time\" content=\"2023-03-14T10:29:00+00:00\" \/>\n<meta property=\"og:image\" content=\"https:\/\/www.thebestsocial.media\/nl\/wp-content\/uploads\/sites\/2\/2023\/03\/header-18.png\" \/>\n\t<meta property=\"og:image:width\" content=\"1200\" \/>\n\t<meta property=\"og:image:height\" content=\"630\" \/>\n\t<meta property=\"og:image:type\" content=\"image\/png\" \/>\n<meta name=\"author\" content=\"yannick\" \/>\n<meta name=\"twitter:card\" content=\"summary_large_image\" \/>\n<meta name=\"twitter:title\" content=\"Nederlanders raken niet uitgepraat over Rutte&#039;s optreden bij Vandaag Inside\" \/>\n<meta name=\"twitter:description\" content=\"Waar een aantal lijsttrekkers hem al voor gingen, was het gisterenavond zo ver. Mark Rutte was te gast bij de mannen van Vandaag Inside.\" \/>\n<meta name=\"twitter:image\" content=\"https:\/\/www.thebestsocial.media\/nl\/wp-content\/uploads\/sites\/2\/2023\/03\/header-18.png\" \/>\n<meta name=\"twitter:label1\" content=\"Geschreven door\" \/>\n\t<meta name=\"twitter:data1\" content=\"yannick\" \/>\n\t<meta name=\"twitter:label2\" content=\"Geschatte leestijd\" \/>\n\t<meta name=\"twitter:data2\" content=\"3 minuten\" \/>\n<script type=\"application\/ld+json\" class=\"yoast-schema-graph\">{\"@context\":\"https:\\\/\\\/schema.org\",\"@graph\":[{\"@type\":\"Article\",\"@id\":\"https:\\\/\\\/www.thebestsocial.media\\\/nl\\\/vandaag-inside-mark-rutte\\\/#article\",\"isPartOf\":{\"@id\":\"https:\\\/\\\/www.thebestsocial.media\\\/nl\\\/vandaag-inside-mark-rutte\\\/\"},\"author\":{\"name\":\"yannick\",\"@id\":\"https:\\\/\\\/www.thebestsocial.media\\\/nl\\\/#\\\/schema\\\/person\\\/2b65a07de209cd1d416a21f959fdf166\"},\"headline\":\"Nederlanders raken niet uitgepraat over Rutte&#8217;s optreden bij Vandaag Inside\",\"datePublished\":\"2023-03-14T10:16:37+00:00\",\"dateModified\":\"2023-03-14T10:29:00+00:00\",\"mainEntityOfPage\":{\"@id\":\"https:\\\/\\\/www.thebestsocial.media\\\/nl\\\/vandaag-inside-mark-rutte\\\/\"},\"wordCount\":518,\"commentCount\":0,\"image\":{\"@id\":\"https:\\\/\\\/www.thebestsocial.media\\\/nl\\\/vandaag-inside-mark-rutte\\\/#primaryimage\"},\"thumbnailUrl\":\"https:\\\/\\\/www.thebestsocial.media\\\/nl\\\/wp-content\\\/uploads\\\/sites\\\/2\\\/2023\\\/03\\\/uitgelicht-13.png\",\"keywords\":[\"Mark Rutte\",\"vandaag inside\",\"verkiezingen\"],\"articleSection\":[\"Blogs\",\"Nieuws\"],\"inLanguage\":\"nl-NL\",\"potentialAction\":[{\"@type\":\"CommentAction\",\"name\":\"Comment\",\"target\":[\"https:\\\/\\\/www.thebestsocial.media\\\/nl\\\/vandaag-inside-mark-rutte\\\/#respond\"]}]},{\"@type\":\"WebPage\",\"@id\":\"https:\\\/\\\/www.thebestsocial.media\\\/nl\\\/vandaag-inside-mark-rutte\\\/\",\"url\":\"https:\\\/\\\/www.thebestsocial.media\\\/nl\\\/vandaag-inside-mark-rutte\\\/\",\"name\":\"Nederlanders raken niet uitgepraat over Rutte's optreden Vandaag Inside\",\"isPartOf\":{\"@id\":\"https:\\\/\\\/www.thebestsocial.media\\\/nl\\\/#website\"},\"primaryImageOfPage\":{\"@id\":\"https:\\\/\\\/www.thebestsocial.media\\\/nl\\\/vandaag-inside-mark-rutte\\\/#primaryimage\"},\"image\":{\"@id\":\"https:\\\/\\\/www.thebestsocial.media\\\/nl\\\/vandaag-inside-mark-rutte\\\/#primaryimage\"},\"thumbnailUrl\":\"https:\\\/\\\/www.thebestsocial.media\\\/nl\\\/wp-content\\\/uploads\\\/sites\\\/2\\\/2023\\\/03\\\/uitgelicht-13.png\",\"datePublished\":\"2023-03-14T10:16:37+00:00\",\"dateModified\":\"2023-03-14T10:29:00+00:00\",\"author\":{\"@id\":\"https:\\\/\\\/www.thebestsocial.media\\\/nl\\\/#\\\/schema\\\/person\\\/2b65a07de209cd1d416a21f959fdf166\"},\"description\":\"Waar een aantal lijsttrekkers hem al voor gingen, was het gisterenavond zo ver. Mark Rutte was te gast bij de mannen van Vandaag Inside.\",\"breadcrumb\":{\"@id\":\"https:\\\/\\\/www.thebestsocial.media\\\/nl\\\/vandaag-inside-mark-rutte\\\/#breadcrumb\"},\"inLanguage\":\"nl-NL\",\"potentialAction\":[{\"@type\":\"ReadAction\",\"target\":[\"https:\\\/\\\/www.thebestsocial.media\\\/nl\\\/vandaag-inside-mark-rutte\\\/\"]}]},{\"@type\":\"ImageObject\",\"inLanguage\":\"nl-NL\",\"@id\":\"https:\\\/\\\/www.thebestsocial.media\\\/nl\\\/vandaag-inside-mark-rutte\\\/#primaryimage\",\"url\":\"https:\\\/\\\/www.thebestsocial.media\\\/nl\\\/wp-content\\\/uploads\\\/sites\\\/2\\\/2023\\\/03\\\/uitgelicht-13.png\",\"contentUrl\":\"https:\\\/\\\/www.thebestsocial.media\\\/nl\\\/wp-content\\\/uploads\\\/sites\\\/2\\\/2023\\\/03\\\/uitgelicht-13.png\",\"width\":1200,\"height\":630},{\"@type\":\"BreadcrumbList\",\"@id\":\"https:\\\/\\\/www.thebestsocial.media\\\/nl\\\/vandaag-inside-mark-rutte\\\/#breadcrumb\",\"itemListElement\":[{\"@type\":\"ListItem\",\"position\":1,\"name\":\"Home\",\"item\":\"https:\\\/\\\/www.thebestsocial.media\\\/nl\\\/\"},{\"@type\":\"ListItem\",\"position\":2,\"name\":\"Nederlanders raken niet uitgepraat over Rutte&#8217;s optreden bij Vandaag Inside\"}]},{\"@type\":\"WebSite\",\"@id\":\"https:\\\/\\\/www.thebestsocial.media\\\/nl\\\/#website\",\"url\":\"https:\\\/\\\/www.thebestsocial.media\\\/nl\\\/\",\"name\":\"The Best Social Media NL\",\"description\":\"Zoeklicht in de Digital Chaos\",\"potentialAction\":[{\"@type\":\"SearchAction\",\"target\":{\"@type\":\"EntryPoint\",\"urlTemplate\":\"https:\\\/\\\/www.thebestsocial.media\\\/nl\\\/?s={search_term_string}\"},\"query-input\":{\"@type\":\"PropertyValueSpecification\",\"valueRequired\":true,\"valueName\":\"search_term_string\"}}],\"inLanguage\":\"nl-NL\"},{\"@type\":\"Person\",\"@id\":\"https:\\\/\\\/www.thebestsocial.media\\\/nl\\\/#\\\/schema\\\/person\\\/2b65a07de209cd1d416a21f959fdf166\",\"name\":\"yannick\",\"image\":{\"@type\":\"ImageObject\",\"inLanguage\":\"nl-NL\",\"@id\":\"https:\\\/\\\/secure.gravatar.com\\\/avatar\\\/8909b7412361c45e4fc0664b3e04faa1ad03832e065a1098c95a21a0527771d4?s=96&d=mm&r=g\",\"url\":\"https:\\\/\\\/secure.gravatar.com\\\/avatar\\\/8909b7412361c45e4fc0664b3e04faa1ad03832e065a1098c95a21a0527771d4?s=96&d=mm&r=g\",\"contentUrl\":\"https:\\\/\\\/secure.gravatar.com\\\/avatar\\\/8909b7412361c45e4fc0664b3e04faa1ad03832e065a1098c95a21a0527771d4?s=96&d=mm&r=g\",\"caption\":\"yannick\"},\"description\":\"Geboren en getogen Bredanaar. Droomde altijd van een carri\u00e8re als profvoetballer, maar is gestrand in de Kelderklasse. Nu geeft ze hier onnodig 'commentaar' op sport, collega's (\u00e9\u00e9n in het bijzonder) en mensen die iconische memes niet kennen.\",\"sameAs\":[\"https:\\\/\\\/www.instagram.com\\\/yannicksnoek\\\/\",\"https:\\\/\\\/www.linkedin.com\\\/in\\\/yannick-s-743aa110b\\\/\"],\"url\":\"https:\\\/\\\/www.thebestsocial.media\\\/nl\\\/author\\\/yannick\\\/\"}]}<\/script>\n<!-- \/ Yoast SEO plugin. -->","yoast_head_json":{"title":"Nederlanders raken niet uitgepraat over Rutte's optreden Vandaag Inside","description":"Waar een aantal lijsttrekkers hem al voor gingen, was het gisterenavond zo ver. Mark Rutte was te gast bij de mannen van Vandaag Inside.","robots":{"index":"index","follow":"follow","max-snippet":"max-snippet:-1","max-image-preview":"max-image-preview:large","max-video-preview":"max-video-preview:-1"},"canonical":"https:\/\/www.thebestsocial.media\/nl\/vandaag-inside-mark-rutte\/","og_locale":"nl_NL","og_type":"article","og_title":"Nederlanders raken niet uitgepraat over Rutte's optreden bij Vandaag Inside","og_description":"Waar een aantal lijsttrekkers hem al voor gingen, was het gisterenavond zo ver. Mark Rutte was te gast bij de mannen van Vandaag Inside.","og_url":"https:\/\/www.thebestsocial.media\/nl\/vandaag-inside-mark-rutte\/","og_site_name":"The Best Social Media NL","article_published_time":"2023-03-14T10:16:37+00:00","article_modified_time":"2023-03-14T10:29:00+00:00","og_image":[{"width":1200,"height":630,"url":"https:\/\/www.thebestsocial.media\/nl\/wp-content\/uploads\/sites\/2\/2023\/03\/header-18.png","type":"image\/png"}],"author":"yannick","twitter_card":"summary_large_image","twitter_title":"Nederlanders raken niet uitgepraat over Rutte's optreden bij Vandaag Inside","twitter_description":"Waar een aantal lijsttrekkers hem al voor gingen, was het gisterenavond zo ver. Mark Rutte was te gast bij de mannen van Vandaag Inside.","twitter_image":"https:\/\/www.thebestsocial.media\/nl\/wp-content\/uploads\/sites\/2\/2023\/03\/header-18.png","twitter_misc":{"Geschreven door":"yannick","Geschatte leestijd":"3 minuten"},"schema":{"@context":"https:\/\/schema.org","@graph":[{"@type":"Article","@id":"https:\/\/www.thebestsocial.media\/nl\/vandaag-inside-mark-rutte\/#article","isPartOf":{"@id":"https:\/\/www.thebestsocial.media\/nl\/vandaag-inside-mark-rutte\/"},"author":{"name":"yannick","@id":"https:\/\/www.thebestsocial.media\/nl\/#\/schema\/person\/2b65a07de209cd1d416a21f959fdf166"},"headline":"Nederlanders raken niet uitgepraat over Rutte&#8217;s optreden bij Vandaag Inside","datePublished":"2023-03-14T10:16:37+00:00","dateModified":"2023-03-14T10:29:00+00:00","mainEntityOfPage":{"@id":"https:\/\/www.thebestsocial.media\/nl\/vandaag-inside-mark-rutte\/"},"wordCount":518,"commentCount":0,"image":{"@id":"https:\/\/www.thebestsocial.media\/nl\/vandaag-inside-mark-rutte\/#primaryimage"},"thumbnailUrl":"https:\/\/www.thebestsocial.media\/nl\/wp-content\/uploads\/sites\/2\/2023\/03\/uitgelicht-13.png","keywords":["Mark Rutte","vandaag inside","verkiezingen"],"articleSection":["Blogs","Nieuws"],"inLanguage":"nl-NL","potentialAction":[{"@type":"CommentAction","name":"Comment","target":["https:\/\/www.thebestsocial.media\/nl\/vandaag-inside-mark-rutte\/#respond"]}]},{"@type":"WebPage","@id":"https:\/\/www.thebestsocial.media\/nl\/vandaag-inside-mark-rutte\/","url":"https:\/\/www.thebestsocial.media\/nl\/vandaag-inside-mark-rutte\/","name":"Nederlanders raken niet uitgepraat over Rutte's optreden Vandaag Inside","isPartOf":{"@id":"https:\/\/www.thebestsocial.media\/nl\/#website"},"primaryImageOfPage":{"@id":"https:\/\/www.thebestsocial.media\/nl\/vandaag-inside-mark-rutte\/#primaryimage"},"image":{"@id":"https:\/\/www.thebestsocial.media\/nl\/vandaag-inside-mark-rutte\/#primaryimage"},"thumbnailUrl":"https:\/\/www.thebestsocial.media\/nl\/wp-content\/uploads\/sites\/2\/2023\/03\/uitgelicht-13.png","datePublished":"2023-03-14T10:16:37+00:00","dateModified":"2023-03-14T10:29:00+00:00","author":{"@id":"https:\/\/www.thebestsocial.media\/nl\/#\/schema\/person\/2b65a07de209cd1d416a21f959fdf166"},"description":"Waar een aantal lijsttrekkers hem al voor gingen, was het gisterenavond zo ver. Mark Rutte was te gast bij de mannen van Vandaag Inside.","breadcrumb":{"@id":"https:\/\/www.thebestsocial.media\/nl\/vandaag-inside-mark-rutte\/#breadcrumb"},"inLanguage":"nl-NL","potentialAction":[{"@type":"ReadAction","target":["https:\/\/www.thebestsocial.media\/nl\/vandaag-inside-mark-rutte\/"]}]},{"@type":"ImageObject","inLanguage":"nl-NL","@id":"https:\/\/www.thebestsocial.media\/nl\/vandaag-inside-mark-rutte\/#primaryimage","url":"https:\/\/www.thebestsocial.media\/nl\/wp-content\/uploads\/sites\/2\/2023\/03\/uitgelicht-13.png","contentUrl":"https:\/\/www.thebestsocial.media\/nl\/wp-content\/uploads\/sites\/2\/2023\/03\/uitgelicht-13.png","width":1200,"height":630},{"@type":"BreadcrumbList","@id":"https:\/\/www.thebestsocial.media\/nl\/vandaag-inside-mark-rutte\/#breadcrumb","itemListElement":[{"@type":"ListItem","position":1,"name":"Home","item":"https:\/\/www.thebestsocial.media\/nl\/"},{"@type":"ListItem","position":2,"name":"Nederlanders raken niet uitgepraat over Rutte&#8217;s optreden bij Vandaag Inside"}]},{"@type":"WebSite","@id":"https:\/\/www.thebestsocial.media\/nl\/#website","url":"https:\/\/www.thebestsocial.media\/nl\/","name":"The Best Social Media NL","description":"Zoeklicht in de Digital Chaos","potentialAction":[{"@type":"SearchAction","target":{"@type":"EntryPoint","urlTemplate":"https:\/\/www.thebestsocial.media\/nl\/?s={search_term_string}"},"query-input":{"@type":"PropertyValueSpecification","valueRequired":true,"valueName":"search_term_string"}}],"inLanguage":"nl-NL"},{"@type":"Person","@id":"https:\/\/www.thebestsocial.media\/nl\/#\/schema\/person\/2b65a07de209cd1d416a21f959fdf166","name":"yannick","image":{"@type":"ImageObject","inLanguage":"nl-NL","@id":"https:\/\/secure.gravatar.com\/avatar\/8909b7412361c45e4fc0664b3e04faa1ad03832e065a1098c95a21a0527771d4?s=96&d=mm&r=g","url":"https:\/\/secure.gravatar.com\/avatar\/8909b7412361c45e4fc0664b3e04faa1ad03832e065a1098c95a21a0527771d4?s=96&d=mm&r=g","contentUrl":"https:\/\/secure.gravatar.com\/avatar\/8909b7412361c45e4fc0664b3e04faa1ad03832e065a1098c95a21a0527771d4?s=96&d=mm&r=g","caption":"yannick"},"description":"Geboren en getogen Bredanaar. Droomde altijd van een carri\u00e8re als profvoetballer, maar is gestrand in de Kelderklasse. Nu geeft ze hier onnodig 'commentaar' op sport, collega's (\u00e9\u00e9n in het bijzonder) en mensen die iconische memes niet kennen.","sameAs":["https:\/\/www.instagram.com\/yannicksnoek\/","https:\/\/www.linkedin.com\/in\/yannick-s-743aa110b\/"],"url":"https:\/\/www.thebestsocial.media\/nl\/author\/yannick\/"}]}},"amp_enabled":true,"_links":{"self":[{"href":"https:\/\/www.thebestsocial.media\/nl\/wp-json\/wp\/v2\/posts\/243936","targetHints":{"allow":["GET"]}}],"collection":[{"href":"https:\/\/www.thebestsocial.media\/nl\/wp-json\/wp\/v2\/posts"}],"about":[{"href":"https:\/\/www.thebestsocial.media\/nl\/wp-json\/wp\/v2\/types\/post"}],"author":[{"embeddable":true,"href":"https:\/\/www.thebestsocial.media\/nl\/wp-json\/wp\/v2\/users\/96"}],"replies":[{"embeddable":true,"href":"https:\/\/www.thebestsocial.media\/nl\/wp-json\/wp\/v2\/comments?post=243936"}],"version-history":[{"count":15,"href":"https:\/\/www.thebestsocial.media\/nl\/wp-json\/wp\/v2\/posts\/243936\/revisions"}],"predecessor-version":[{"id":243979,"href":"https:\/\/www.thebestsocial.media\/nl\/wp-json\/wp\/v2\/posts\/243936\/revisions\/243979"}],"wp:featuredmedia":[{"embeddable":true,"href":"https:\/\/www.thebestsocial.media\/nl\/wp-json\/wp\/v2\/media\/243978"}],"wp:attachment":[{"href":"https:\/\/www.thebestsocial.media\/nl\/wp-json\/wp\/v2\/media?parent=243936"}],"wp:term":[{"taxonomy":"category","embeddable":true,"href":"https:\/\/www.thebestsocial.media\/nl\/wp-json\/wp\/v2\/categories?post=243936"},{"taxonomy":"post_tag","embeddable":true,"href":"https:\/\/www.thebestsocial.media\/nl\/wp-json\/wp\/v2\/tags?post=243936"}],"curies":[{"name":"wp","href":"https:\/\/api.w.org\/{rel}","templated":true}]}}