{"id":243087,"date":"2023-03-08T13:11:24","date_gmt":"2023-03-08T12:11:24","guid":{"rendered":"https:\/\/www.thebestsocial.media\/nl\/?p=243087"},"modified":"2023-03-08T14:30:24","modified_gmt":"2023-03-08T13:30:24","slug":"verkiezingen-stemmen-nederland","status":"publish","type":"post","link":"https:\/\/www.thebestsocial.media\/nl\/verkiezingen-stemmen-nederland\/","title":{"rendered":"Nederlands met handen in het haar door keuzestress rondom verkiezingen"},"content":{"rendered":"<p>Woensdag 15 maart is het weer zo ver: de <a href=\"https:\/\/www.thebestsocial.media\/nl\/de-verkiezingen-zijn-begonnen\/\" target=\"_blank\" rel=\"noopener\">verkiezingen<\/a> voor de Provinciale Staten \u00e9n voor de waterschappen. Politieke partijen voeren volop campagne. Ze zetten hun beste beentje voor om Nederlanders te overtuigen op hen te stemmen. Doordat bepaalde standpunten van partijen t\u00e9 ver uit elkaar liggen, of juist &#8216;copy paste&#8217; van elkaar lijken te zijn, zien we door de bomen het bos niet meer. De campagneborden en stemwijzers lijken ons ook niet bepaald verder te helpen, maar zorgen juist voor meer verwarring.<\/p>\n<div><\/div>\n<p>&nbsp;<\/p>\n<h3>1. \u00a0Wanneer je denkt dat een stemwijzer antwoord op je vragen geeft, maar het eigenlijk alleen maar meer vragen oproept.<\/h3>\n<p><iframe loading=\"lazy\" src=\"\/tiktok-cache\/7207819412278086918\/dd77dc02beb565be7dc76c99410af6e79bc27e7c42182766482ed2ab\" width=\"623\" height=\"1108\" style=\"border:0; height:90vh; width:50.625000vh;\" scrolling=\"no\"><\/iframe><\/p>\n<p>&nbsp;<\/p>\n<h3>2. En Vic is niet de enige&#8230;<\/h3>\n<p><img loading=\"lazy\" decoding=\"async\" class=\"alignnone wp-image-243089 size-full\" src=\"https:\/\/www.thebestsocial.media\/nl\/wp-content\/uploads\/sites\/2\/2023\/03\/vragen.png\" alt=\"\" width=\"838\" height=\"188\" srcset=\"https:\/\/www.thebestsocial.media\/nl\/wp-content\/uploads\/sites\/2\/2023\/03\/vragen.png 838w, https:\/\/www.thebestsocial.media\/nl\/wp-content\/uploads\/sites\/2\/2023\/03\/vragen-300x67.png 300w, https:\/\/www.thebestsocial.media\/nl\/wp-content\/uploads\/sites\/2\/2023\/03\/vragen-768x172.png 768w\" sizes=\"auto, (max-width: 838px) 100vw, 838px\" \/><\/p>\n<p>&nbsp;<\/p>\n<h3>3. Keuzestress.<\/h3>\n<blockquote class=\"twitter-tweet\">\n<p dir=\"ltr\" lang=\"nl\">Gezien de omstandigheden lijkt de <a href=\"https:\/\/twitter.com\/PvdA?ref_src=twsrc%5Etfw\">@PvdA<\/a> toch de betere keus. <a href=\"https:\/\/t.co\/MR80AYvDzK\">pic.twitter.com\/MR80AYvDzK<\/a><\/p>\n<p>\u2014 willem minderhout (@de_willem) <a href=\"https:\/\/twitter.com\/de_willem\/status\/1633030634003152899?ref_src=twsrc%5Etfw\">March 7, 2023<\/a><\/p><\/blockquote>\n<p><script async src=\"https:\/\/platform.twitter.com\/widgets.js\" charset=\"utf-8\"><\/script><\/p>\n<p>&nbsp;<\/p>\n<h3>4. Met deze verkiezingsposter slaat de VVD de plank toch aardig mis.<\/h3>\n<blockquote class=\"twitter-tweet\">\n<p dir=\"ltr\" lang=\"nl\">Dit bord is zo ongelooflijk naar. Niemand verdient geldzorgen.<\/p>\n<p>Sommige mensen kunnen om diverse redenen niet werken die verdienen volgens de VVD wel geldzorgen, kijk maar naar het toeslagenschandaal en de participatiewet.\ud83d\ude21 <a href=\"https:\/\/t.co\/JnrtixITPU\">pic.twitter.com\/JnrtixITPU<\/a><\/p>\n<p>\u2014 Noortje van Lith (@LithNoortje) <a href=\"https:\/\/twitter.com\/LithNoortje\/status\/1633083242717822976?ref_src=twsrc%5Etfw\">March 7, 2023<\/a><\/p><\/blockquote>\n<p><script async src=\"https:\/\/platform.twitter.com\/widgets.js\" charset=\"utf-8\"><\/script><\/p>\n<p>&nbsp;<\/p>\n<h3>5. Ondertussen staan Nederlandse politici te popelen om bij talkshows aan te schuiven.<\/h3>\n<p><iframe loading=\"lazy\" src=\"\/tiktok-cache\/7206313136364784902\/9a54242bd154e934c698ae5d2f1e4ad856a7fd332db4ebd58d792354\" width=\"623\" height=\"1108\" style=\"border:0; height:90vh; width:50.625000vh;\" scrolling=\"no\"><\/iframe><\/p>\n<p>&nbsp;<\/p>\n<h3>6. Is de boodschap niet duidelijk dan?<\/h3>\n<blockquote class=\"twitter-tweet\">\n<p dir=\"ltr\" lang=\"nl\">wat staat hier nou eigenlijk?<\/p>\n<p>\u2014 Tim Hofman (@debroervanroos) <a href=\"https:\/\/twitter.com\/debroervanroos\/status\/1633122343236124672?ref_src=twsrc%5Etfw\">March 7, 2023<\/a><\/p><\/blockquote>\n<p><script async src=\"https:\/\/platform.twitter.com\/widgets.js\" charset=\"utf-8\"><\/script><\/p>\n<p>&nbsp;<\/p>\n<h3>7. Als je er na het invullen van een kieswijzer \u00e9n het lezen van alles standpunten nog niet uit bent, kan je altijd dit nog proberen&#8230;<\/h3>\n<p><img decoding=\"async\" src=\"https:\/\/www.thebestsocial.media\/nl\/wp-content\/uploads\/sites\/2\/2023\/02\/image0-7.jpeg\" \/><\/p>\n<p>&nbsp;<\/p>\n<p>&nbsp;<\/p>\n<p><strong>Trouwens, volg je ons al op <a href=\"https:\/\/www.instagram.com\/thebestsocialmedianl\/\" target=\"_blank\" rel=\"noopener\">Instagram<\/a>?<\/strong><\/p>\n<blockquote class=\"instagram-media\" style=\"background: #FFF; border: 0; border-radius: 3px; box-shadow: 0 0 1px 0 rgba(0,0,0,0.5),0 1px 10px 0 rgba(0,0,0,0.15); margin: 1px; max-width: 540px; min-width: 326px; padding: 0; width: calc(100% - 2px);\" data-instgrm-captioned=\"\" data-instgrm-permalink=\"https:\/\/www.instagram.com\/p\/Cnmu0Cfs0Ht\/?utm_source=ig_embed&amp;utm_campaign=loading\" data-instgrm-version=\"14\">\n<div style=\"padding: 16px;\">\n<p>&nbsp;<\/p>\n<div style=\"display: flex; flex-direction: row; align-items: center;\">\n<div style=\"background-color: #f4f4f4; border-radius: 50%; flex-grow: 0; height: 40px; margin-right: 14px; width: 40px;\"><\/div>\n<div style=\"display: flex; flex-direction: column; flex-grow: 1; justify-content: center;\">\n<div style=\"background-color: #f4f4f4; border-radius: 4px; flex-grow: 0; height: 14px; margin-bottom: 6px; width: 100px;\"><\/div>\n<div style=\"background-color: #f4f4f4; border-radius: 4px; flex-grow: 0; height: 14px; width: 60px;\"><\/div>\n<\/div>\n<\/div>\n<div style=\"padding: 19% 0;\"><\/div>\n<div style=\"display: block; height: 50px; margin: 0 auto 12px; width: 50px;\"><\/div>\n<div style=\"padding-top: 8px;\">\n<div style=\"color: #3897f0; font-family: Arial,sans-serif; font-size: 14px; font-style: normal; font-weight: 550; line-height: 18px;\">View this post on Instagram<\/div>\n<\/div>\n<div style=\"padding: 12.5% 0;\"><\/div>\n<div style=\"display: flex; flex-direction: row; margin-bottom: 14px; align-items: center;\">\n<div>\n<div style=\"background-color: #f4f4f4; border-radius: 50%; height: 12.5px; width: 12.5px; transform: translateX(0px) translateY(7px);\"><\/div>\n<div style=\"background-color: #f4f4f4; height: 12.5px; transform: rotate(-45deg) translateX(3px) translateY(1px); width: 12.5px; flex-grow: 0; margin-right: 14px; margin-left: 2px;\"><\/div>\n<div style=\"background-color: #f4f4f4; border-radius: 50%; height: 12.5px; width: 12.5px; transform: translateX(9px) translateY(-18px);\"><\/div>\n<\/div>\n<div style=\"margin-left: 8px;\">\n<div style=\"background-color: #f4f4f4; border-radius: 50%; flex-grow: 0; height: 20px; width: 20px;\"><\/div>\n<div style=\"width: 0; height: 0; border-top: 2px solid transparent; border-left: 6px solid #f4f4f4; border-bottom: 2px solid transparent; transform: translateX(16px) translateY(-4px) rotate(30deg);\"><\/div>\n<\/div>\n<div style=\"margin-left: auto;\">\n<div style=\"width: 0px; border-top: 8px solid #F4F4F4; border-right: 8px solid transparent; transform: translateY(16px);\"><\/div>\n<div style=\"background-color: #f4f4f4; flex-grow: 0; height: 12px; width: 16px; transform: translateY(-4px);\"><\/div>\n<div style=\"width: 0; height: 0; border-top: 8px solid #F4F4F4; border-left: 8px solid transparent; transform: translateY(-4px) translateX(8px);\"><\/div>\n<\/div>\n<\/div>\n<div style=\"display: flex; flex-direction: column; flex-grow: 1; justify-content: center; margin-bottom: 24px;\">\n<div style=\"background-color: #f4f4f4; border-radius: 4px; flex-grow: 0; height: 14px; margin-bottom: 6px; width: 224px;\"><\/div>\n<div style=\"background-color: #f4f4f4; border-radius: 4px; flex-grow: 0; height: 14px; width: 144px;\"><\/div>\n<\/div>\n<p>&nbsp;<\/p>\n<p style=\"color: #c9c8cd; font-family: Arial,sans-serif; font-size: 14px; line-height: 17px; margin-bottom: 0; margin-top: 8px; overflow: hidden; padding: 8px 0 7px; text-align: center; text-overflow: ellipsis; white-space: nowrap;\"><a style=\"color: #c9c8cd; font-family: Arial,sans-serif; font-size: 14px; font-style: normal; font-weight: normal; line-height: 17px; text-decoration: none;\" href=\"https:\/\/www.instagram.com\/p\/Cnmu0Cfs0Ht\/?utm_source=ig_embed&amp;utm_campaign=loading\" target=\"_blank\" rel=\"noopener\">A post shared by The Best Social Media &#8211; NL (@thebestsocialmedianl)<\/a><\/p>\n<\/div>\n<\/blockquote>\n\n<script async defer src=\"\/instagram-embed.js\"><\/script>","protected":false},"excerpt":{"rendered":"<p>Woensdag 15 maart is het weer zo ver: de verkiezingen voor de Provinciale Staten \u00e9n voor de waterschappen. Politieke partijen voeren volop campagne. Ze zetten&#8230;<\/p>\n","protected":false},"author":96,"featured_media":243181,"comment_status":"open","ping_status":"open","sticky":false,"template":"","format":"standard","meta":{"_acf_changed":false,"footnotes":""},"categories":[16,17],"tags":[1644,51,970],"class_list":["post-243087","post","type-post","status-publish","format-standard","has-post-thumbnail","hentry","category-blogs","category-nieuws","tag-nederland","tag-stemmen","tag-verkiezingen"],"acf":[],"yoast_head":"<!-- This site is optimized with the Yoast SEO plugin v27.5 - https:\/\/yoast.com\/product\/yoast-seo-wordpress\/ -->\n<title>Nederlands met handen in het haar door keuzestress verkiezingen<\/title>\n<meta name=\"description\" content=\"De verkiezingen vinden plaats op woensdag 15 maart. Partijen voeren volop campagne, waardoor we door de bomen het bos niet meer zien.\" \/>\n<meta name=\"robots\" content=\"index, follow, max-snippet:-1, max-image-preview:large, max-video-preview:-1\" \/>\n<link rel=\"canonical\" href=\"https:\/\/www.thebestsocial.media\/nl\/verkiezingen-stemmen-nederland\/\" \/>\n<meta property=\"og:locale\" content=\"nl_NL\" \/>\n<meta property=\"og:type\" content=\"article\" \/>\n<meta property=\"og:title\" content=\"Nederlands met handen in het haar door keuzestress rondom verkiezingen\" \/>\n<meta property=\"og:description\" content=\"De verkiezingen vinden plaats op woensdag 15 maart. Partijen voeren volop campagne, waardoor we door de bomen het bos niet meer zien.\" \/>\n<meta property=\"og:url\" content=\"https:\/\/www.thebestsocial.media\/nl\/verkiezingen-stemmen-nederland\/\" \/>\n<meta property=\"og:site_name\" content=\"The Best Social Media NL\" \/>\n<meta property=\"article:published_time\" content=\"2023-03-08T12:11:24+00:00\" \/>\n<meta property=\"article:modified_time\" content=\"2023-03-08T13:30:24+00:00\" \/>\n<meta property=\"og:image\" content=\"https:\/\/www.thebestsocial.media\/nl\/wp-content\/uploads\/sites\/2\/2023\/03\/header-vic.png\" \/>\n\t<meta property=\"og:image:width\" content=\"1200\" \/>\n\t<meta property=\"og:image:height\" content=\"630\" \/>\n\t<meta property=\"og:image:type\" content=\"image\/png\" \/>\n<meta name=\"author\" content=\"yannick\" \/>\n<meta name=\"twitter:card\" content=\"summary_large_image\" \/>\n<meta name=\"twitter:title\" content=\"Nederlands met handen in het haar door keuzestress rondom verkiezingen\" \/>\n<meta name=\"twitter:description\" content=\"De verkiezingen vinden plaats op woensdag 15 maart. Partijen voeren volop campagne, waardoor we door de bomen het bos niet meer zien.\" \/>\n<meta name=\"twitter:image\" content=\"https:\/\/www.thebestsocial.media\/nl\/wp-content\/uploads\/sites\/2\/2023\/03\/header-vic.png\" \/>\n<meta name=\"twitter:label1\" content=\"Geschreven door\" \/>\n\t<meta name=\"twitter:data1\" content=\"yannick\" \/>\n\t<meta name=\"twitter:label2\" content=\"Geschatte leestijd\" \/>\n\t<meta name=\"twitter:data2\" content=\"3 minuten\" \/>\n<script type=\"application\/ld+json\" class=\"yoast-schema-graph\">{\"@context\":\"https:\\\/\\\/schema.org\",\"@graph\":[{\"@type\":\"Article\",\"@id\":\"https:\\\/\\\/www.thebestsocial.media\\\/nl\\\/verkiezingen-stemmen-nederland\\\/#article\",\"isPartOf\":{\"@id\":\"https:\\\/\\\/www.thebestsocial.media\\\/nl\\\/verkiezingen-stemmen-nederland\\\/\"},\"author\":{\"name\":\"yannick\",\"@id\":\"https:\\\/\\\/www.thebestsocial.media\\\/nl\\\/#\\\/schema\\\/person\\\/2b65a07de209cd1d416a21f959fdf166\"},\"headline\":\"Nederlands met handen in het haar door keuzestress rondom verkiezingen\",\"datePublished\":\"2023-03-08T12:11:24+00:00\",\"dateModified\":\"2023-03-08T13:30:24+00:00\",\"mainEntityOfPage\":{\"@id\":\"https:\\\/\\\/www.thebestsocial.media\\\/nl\\\/verkiezingen-stemmen-nederland\\\/\"},\"wordCount\":344,\"commentCount\":0,\"image\":{\"@id\":\"https:\\\/\\\/www.thebestsocial.media\\\/nl\\\/verkiezingen-stemmen-nederland\\\/#primaryimage\"},\"thumbnailUrl\":\"https:\\\/\\\/www.thebestsocial.media\\\/nl\\\/wp-content\\\/uploads\\\/sites\\\/2\\\/2023\\\/03\\\/uitgelicht-vic.png\",\"keywords\":[\"Nederland\",\"stemmen\",\"verkiezingen\"],\"articleSection\":[\"Blogs\",\"Nieuws\"],\"inLanguage\":\"nl-NL\",\"potentialAction\":[{\"@type\":\"CommentAction\",\"name\":\"Comment\",\"target\":[\"https:\\\/\\\/www.thebestsocial.media\\\/nl\\\/verkiezingen-stemmen-nederland\\\/#respond\"]}]},{\"@type\":\"WebPage\",\"@id\":\"https:\\\/\\\/www.thebestsocial.media\\\/nl\\\/verkiezingen-stemmen-nederland\\\/\",\"url\":\"https:\\\/\\\/www.thebestsocial.media\\\/nl\\\/verkiezingen-stemmen-nederland\\\/\",\"name\":\"Nederlands met handen in het haar door keuzestress verkiezingen\",\"isPartOf\":{\"@id\":\"https:\\\/\\\/www.thebestsocial.media\\\/nl\\\/#website\"},\"primaryImageOfPage\":{\"@id\":\"https:\\\/\\\/www.thebestsocial.media\\\/nl\\\/verkiezingen-stemmen-nederland\\\/#primaryimage\"},\"image\":{\"@id\":\"https:\\\/\\\/www.thebestsocial.media\\\/nl\\\/verkiezingen-stemmen-nederland\\\/#primaryimage\"},\"thumbnailUrl\":\"https:\\\/\\\/www.thebestsocial.media\\\/nl\\\/wp-content\\\/uploads\\\/sites\\\/2\\\/2023\\\/03\\\/uitgelicht-vic.png\",\"datePublished\":\"2023-03-08T12:11:24+00:00\",\"dateModified\":\"2023-03-08T13:30:24+00:00\",\"author\":{\"@id\":\"https:\\\/\\\/www.thebestsocial.media\\\/nl\\\/#\\\/schema\\\/person\\\/2b65a07de209cd1d416a21f959fdf166\"},\"description\":\"De verkiezingen vinden plaats op woensdag 15 maart. Partijen voeren volop campagne, waardoor we door de bomen het bos niet meer zien.\",\"breadcrumb\":{\"@id\":\"https:\\\/\\\/www.thebestsocial.media\\\/nl\\\/verkiezingen-stemmen-nederland\\\/#breadcrumb\"},\"inLanguage\":\"nl-NL\",\"potentialAction\":[{\"@type\":\"ReadAction\",\"target\":[\"https:\\\/\\\/www.thebestsocial.media\\\/nl\\\/verkiezingen-stemmen-nederland\\\/\"]}]},{\"@type\":\"ImageObject\",\"inLanguage\":\"nl-NL\",\"@id\":\"https:\\\/\\\/www.thebestsocial.media\\\/nl\\\/verkiezingen-stemmen-nederland\\\/#primaryimage\",\"url\":\"https:\\\/\\\/www.thebestsocial.media\\\/nl\\\/wp-content\\\/uploads\\\/sites\\\/2\\\/2023\\\/03\\\/uitgelicht-vic.png\",\"contentUrl\":\"https:\\\/\\\/www.thebestsocial.media\\\/nl\\\/wp-content\\\/uploads\\\/sites\\\/2\\\/2023\\\/03\\\/uitgelicht-vic.png\",\"width\":1200,\"height\":630},{\"@type\":\"BreadcrumbList\",\"@id\":\"https:\\\/\\\/www.thebestsocial.media\\\/nl\\\/verkiezingen-stemmen-nederland\\\/#breadcrumb\",\"itemListElement\":[{\"@type\":\"ListItem\",\"position\":1,\"name\":\"Home\",\"item\":\"https:\\\/\\\/www.thebestsocial.media\\\/nl\\\/\"},{\"@type\":\"ListItem\",\"position\":2,\"name\":\"Nederlands met handen in het haar door keuzestress rondom verkiezingen\"}]},{\"@type\":\"WebSite\",\"@id\":\"https:\\\/\\\/www.thebestsocial.media\\\/nl\\\/#website\",\"url\":\"https:\\\/\\\/www.thebestsocial.media\\\/nl\\\/\",\"name\":\"The Best Social Media NL\",\"description\":\"Zoeklicht in de Digital Chaos\",\"potentialAction\":[{\"@type\":\"SearchAction\",\"target\":{\"@type\":\"EntryPoint\",\"urlTemplate\":\"https:\\\/\\\/www.thebestsocial.media\\\/nl\\\/?s={search_term_string}\"},\"query-input\":{\"@type\":\"PropertyValueSpecification\",\"valueRequired\":true,\"valueName\":\"search_term_string\"}}],\"inLanguage\":\"nl-NL\"},{\"@type\":\"Person\",\"@id\":\"https:\\\/\\\/www.thebestsocial.media\\\/nl\\\/#\\\/schema\\\/person\\\/2b65a07de209cd1d416a21f959fdf166\",\"name\":\"yannick\",\"image\":{\"@type\":\"ImageObject\",\"inLanguage\":\"nl-NL\",\"@id\":\"https:\\\/\\\/secure.gravatar.com\\\/avatar\\\/8909b7412361c45e4fc0664b3e04faa1ad03832e065a1098c95a21a0527771d4?s=96&d=mm&r=g\",\"url\":\"https:\\\/\\\/secure.gravatar.com\\\/avatar\\\/8909b7412361c45e4fc0664b3e04faa1ad03832e065a1098c95a21a0527771d4?s=96&d=mm&r=g\",\"contentUrl\":\"https:\\\/\\\/secure.gravatar.com\\\/avatar\\\/8909b7412361c45e4fc0664b3e04faa1ad03832e065a1098c95a21a0527771d4?s=96&d=mm&r=g\",\"caption\":\"yannick\"},\"description\":\"Geboren en getogen Bredanaar. Droomde altijd van een carri\u00e8re als profvoetballer, maar is gestrand in de Kelderklasse. Nu geeft ze hier onnodig 'commentaar' op sport, collega's (\u00e9\u00e9n in het bijzonder) en mensen die iconische memes niet kennen.\",\"sameAs\":[\"https:\\\/\\\/www.instagram.com\\\/yannicksnoek\\\/\",\"https:\\\/\\\/www.linkedin.com\\\/in\\\/yannick-s-743aa110b\\\/\"],\"url\":\"https:\\\/\\\/www.thebestsocial.media\\\/nl\\\/author\\\/yannick\\\/\"}]}<\/script>\n<!-- \/ Yoast SEO plugin. -->","yoast_head_json":{"title":"Nederlands met handen in het haar door keuzestress verkiezingen","description":"De verkiezingen vinden plaats op woensdag 15 maart. Partijen voeren volop campagne, waardoor we door de bomen het bos niet meer zien.","robots":{"index":"index","follow":"follow","max-snippet":"max-snippet:-1","max-image-preview":"max-image-preview:large","max-video-preview":"max-video-preview:-1"},"canonical":"https:\/\/www.thebestsocial.media\/nl\/verkiezingen-stemmen-nederland\/","og_locale":"nl_NL","og_type":"article","og_title":"Nederlands met handen in het haar door keuzestress rondom verkiezingen","og_description":"De verkiezingen vinden plaats op woensdag 15 maart. Partijen voeren volop campagne, waardoor we door de bomen het bos niet meer zien.","og_url":"https:\/\/www.thebestsocial.media\/nl\/verkiezingen-stemmen-nederland\/","og_site_name":"The Best Social Media NL","article_published_time":"2023-03-08T12:11:24+00:00","article_modified_time":"2023-03-08T13:30:24+00:00","og_image":[{"width":1200,"height":630,"url":"https:\/\/www.thebestsocial.media\/nl\/wp-content\/uploads\/sites\/2\/2023\/03\/header-vic.png","type":"image\/png"}],"author":"yannick","twitter_card":"summary_large_image","twitter_title":"Nederlands met handen in het haar door keuzestress rondom verkiezingen","twitter_description":"De verkiezingen vinden plaats op woensdag 15 maart. Partijen voeren volop campagne, waardoor we door de bomen het bos niet meer zien.","twitter_image":"https:\/\/www.thebestsocial.media\/nl\/wp-content\/uploads\/sites\/2\/2023\/03\/header-vic.png","twitter_misc":{"Geschreven door":"yannick","Geschatte leestijd":"3 minuten"},"schema":{"@context":"https:\/\/schema.org","@graph":[{"@type":"Article","@id":"https:\/\/www.thebestsocial.media\/nl\/verkiezingen-stemmen-nederland\/#article","isPartOf":{"@id":"https:\/\/www.thebestsocial.media\/nl\/verkiezingen-stemmen-nederland\/"},"author":{"name":"yannick","@id":"https:\/\/www.thebestsocial.media\/nl\/#\/schema\/person\/2b65a07de209cd1d416a21f959fdf166"},"headline":"Nederlands met handen in het haar door keuzestress rondom verkiezingen","datePublished":"2023-03-08T12:11:24+00:00","dateModified":"2023-03-08T13:30:24+00:00","mainEntityOfPage":{"@id":"https:\/\/www.thebestsocial.media\/nl\/verkiezingen-stemmen-nederland\/"},"wordCount":344,"commentCount":0,"image":{"@id":"https:\/\/www.thebestsocial.media\/nl\/verkiezingen-stemmen-nederland\/#primaryimage"},"thumbnailUrl":"https:\/\/www.thebestsocial.media\/nl\/wp-content\/uploads\/sites\/2\/2023\/03\/uitgelicht-vic.png","keywords":["Nederland","stemmen","verkiezingen"],"articleSection":["Blogs","Nieuws"],"inLanguage":"nl-NL","potentialAction":[{"@type":"CommentAction","name":"Comment","target":["https:\/\/www.thebestsocial.media\/nl\/verkiezingen-stemmen-nederland\/#respond"]}]},{"@type":"WebPage","@id":"https:\/\/www.thebestsocial.media\/nl\/verkiezingen-stemmen-nederland\/","url":"https:\/\/www.thebestsocial.media\/nl\/verkiezingen-stemmen-nederland\/","name":"Nederlands met handen in het haar door keuzestress verkiezingen","isPartOf":{"@id":"https:\/\/www.thebestsocial.media\/nl\/#website"},"primaryImageOfPage":{"@id":"https:\/\/www.thebestsocial.media\/nl\/verkiezingen-stemmen-nederland\/#primaryimage"},"image":{"@id":"https:\/\/www.thebestsocial.media\/nl\/verkiezingen-stemmen-nederland\/#primaryimage"},"thumbnailUrl":"https:\/\/www.thebestsocial.media\/nl\/wp-content\/uploads\/sites\/2\/2023\/03\/uitgelicht-vic.png","datePublished":"2023-03-08T12:11:24+00:00","dateModified":"2023-03-08T13:30:24+00:00","author":{"@id":"https:\/\/www.thebestsocial.media\/nl\/#\/schema\/person\/2b65a07de209cd1d416a21f959fdf166"},"description":"De verkiezingen vinden plaats op woensdag 15 maart. Partijen voeren volop campagne, waardoor we door de bomen het bos niet meer zien.","breadcrumb":{"@id":"https:\/\/www.thebestsocial.media\/nl\/verkiezingen-stemmen-nederland\/#breadcrumb"},"inLanguage":"nl-NL","potentialAction":[{"@type":"ReadAction","target":["https:\/\/www.thebestsocial.media\/nl\/verkiezingen-stemmen-nederland\/"]}]},{"@type":"ImageObject","inLanguage":"nl-NL","@id":"https:\/\/www.thebestsocial.media\/nl\/verkiezingen-stemmen-nederland\/#primaryimage","url":"https:\/\/www.thebestsocial.media\/nl\/wp-content\/uploads\/sites\/2\/2023\/03\/uitgelicht-vic.png","contentUrl":"https:\/\/www.thebestsocial.media\/nl\/wp-content\/uploads\/sites\/2\/2023\/03\/uitgelicht-vic.png","width":1200,"height":630},{"@type":"BreadcrumbList","@id":"https:\/\/www.thebestsocial.media\/nl\/verkiezingen-stemmen-nederland\/#breadcrumb","itemListElement":[{"@type":"ListItem","position":1,"name":"Home","item":"https:\/\/www.thebestsocial.media\/nl\/"},{"@type":"ListItem","position":2,"name":"Nederlands met handen in het haar door keuzestress rondom verkiezingen"}]},{"@type":"WebSite","@id":"https:\/\/www.thebestsocial.media\/nl\/#website","url":"https:\/\/www.thebestsocial.media\/nl\/","name":"The Best Social Media NL","description":"Zoeklicht in de Digital Chaos","potentialAction":[{"@type":"SearchAction","target":{"@type":"EntryPoint","urlTemplate":"https:\/\/www.thebestsocial.media\/nl\/?s={search_term_string}"},"query-input":{"@type":"PropertyValueSpecification","valueRequired":true,"valueName":"search_term_string"}}],"inLanguage":"nl-NL"},{"@type":"Person","@id":"https:\/\/www.thebestsocial.media\/nl\/#\/schema\/person\/2b65a07de209cd1d416a21f959fdf166","name":"yannick","image":{"@type":"ImageObject","inLanguage":"nl-NL","@id":"https:\/\/secure.gravatar.com\/avatar\/8909b7412361c45e4fc0664b3e04faa1ad03832e065a1098c95a21a0527771d4?s=96&d=mm&r=g","url":"https:\/\/secure.gravatar.com\/avatar\/8909b7412361c45e4fc0664b3e04faa1ad03832e065a1098c95a21a0527771d4?s=96&d=mm&r=g","contentUrl":"https:\/\/secure.gravatar.com\/avatar\/8909b7412361c45e4fc0664b3e04faa1ad03832e065a1098c95a21a0527771d4?s=96&d=mm&r=g","caption":"yannick"},"description":"Geboren en getogen Bredanaar. Droomde altijd van een carri\u00e8re als profvoetballer, maar is gestrand in de Kelderklasse. Nu geeft ze hier onnodig 'commentaar' op sport, collega's (\u00e9\u00e9n in het bijzonder) en mensen die iconische memes niet kennen.","sameAs":["https:\/\/www.instagram.com\/yannicksnoek\/","https:\/\/www.linkedin.com\/in\/yannick-s-743aa110b\/"],"url":"https:\/\/www.thebestsocial.media\/nl\/author\/yannick\/"}]}},"amp_enabled":true,"_links":{"self":[{"href":"https:\/\/www.thebestsocial.media\/nl\/wp-json\/wp\/v2\/posts\/243087","targetHints":{"allow":["GET"]}}],"collection":[{"href":"https:\/\/www.thebestsocial.media\/nl\/wp-json\/wp\/v2\/posts"}],"about":[{"href":"https:\/\/www.thebestsocial.media\/nl\/wp-json\/wp\/v2\/types\/post"}],"author":[{"embeddable":true,"href":"https:\/\/www.thebestsocial.media\/nl\/wp-json\/wp\/v2\/users\/96"}],"replies":[{"embeddable":true,"href":"https:\/\/www.thebestsocial.media\/nl\/wp-json\/wp\/v2\/comments?post=243087"}],"version-history":[{"count":17,"href":"https:\/\/www.thebestsocial.media\/nl\/wp-json\/wp\/v2\/posts\/243087\/revisions"}],"predecessor-version":[{"id":243182,"href":"https:\/\/www.thebestsocial.media\/nl\/wp-json\/wp\/v2\/posts\/243087\/revisions\/243182"}],"wp:featuredmedia":[{"embeddable":true,"href":"https:\/\/www.thebestsocial.media\/nl\/wp-json\/wp\/v2\/media\/243181"}],"wp:attachment":[{"href":"https:\/\/www.thebestsocial.media\/nl\/wp-json\/wp\/v2\/media?parent=243087"}],"wp:term":[{"taxonomy":"category","embeddable":true,"href":"https:\/\/www.thebestsocial.media\/nl\/wp-json\/wp\/v2\/categories?post=243087"},{"taxonomy":"post_tag","embeddable":true,"href":"https:\/\/www.thebestsocial.media\/nl\/wp-json\/wp\/v2\/tags?post=243087"}],"curies":[{"name":"wp","href":"https:\/\/api.w.org\/{rel}","templated":true}]}}