{"id":242089,"date":"2023-03-01T17:02:06","date_gmt":"2023-03-01T16:02:06","guid":{"rendered":"https:\/\/www.thebestsocial.media\/nl\/?p=242089"},"modified":"2023-03-01T17:02:06","modified_gmt":"2023-03-01T16:02:06","slug":"taalfouten-nederlands-irritaties","status":"publish","type":"post","link":"https:\/\/www.thebestsocial.media\/nl\/taalfouten-nederlands-irritaties\/","title":{"rendered":"N\u00f3g 10 taalirritaties die wij Nederlanders graag de rug toekeren"},"content":{"rendered":"<p>Klagen kunnen Nederlanders als geen ander en zeker als het om taal gaat. Een minuscuul\u00a0foutje haalt het slechtste in ons naar boven. Eerder deelden we al een artikel over <a href=\"https:\/\/www.thebestsocial.media\/nl\/10-taalirritaties-irritant\/\">taalfouten<\/a> waar Nederlanders \u00e9cht een hekel aan hebben. Uit de reacties bleek dit nog maar het topje van de ijsberg te zijn.<\/p>\n<p>&nbsp;<\/p>\n<h3>1. We starten sterk, want hiervan lopen de rillingen per direct over je lijf.<\/h3>\n<p><img loading=\"lazy\" decoding=\"async\" class=\"alignnone wp-image-242111 size-full\" src=\"https:\/\/www.thebestsocial.media\/nl\/wp-content\/uploads\/sites\/2\/2023\/02\/zei-of-zij.png\" alt=\"\" width=\"1096\" height=\"178\" srcset=\"https:\/\/www.thebestsocial.media\/nl\/wp-content\/uploads\/sites\/2\/2023\/02\/zei-of-zij.png 1096w, https:\/\/www.thebestsocial.media\/nl\/wp-content\/uploads\/sites\/2\/2023\/02\/zei-of-zij-300x49.png 300w, https:\/\/www.thebestsocial.media\/nl\/wp-content\/uploads\/sites\/2\/2023\/02\/zei-of-zij-1024x166.png 1024w, https:\/\/www.thebestsocial.media\/nl\/wp-content\/uploads\/sites\/2\/2023\/02\/zei-of-zij-768x125.png 768w\" sizes=\"auto, (max-width: 1096px) 100vw, 1096px\" \/><\/p>\n<p>&nbsp;<\/p>\n<h3>2.\u00a0 Voor eens en voor altijd: het is &#8216;naar je werk gaan&#8217;.<\/h3>\n<p><img loading=\"lazy\" decoding=\"async\" class=\"alignnone wp-image-242108 size-full\" style=\"font-family: Avenir, helvetica, Arial, sans-serif; font-size: 16px;\" src=\"https:\/\/www.thebestsocial.media\/nl\/wp-content\/uploads\/sites\/2\/2023\/02\/naar.png\" alt=\"\" width=\"798\" height=\"152\" srcset=\"https:\/\/www.thebestsocial.media\/nl\/wp-content\/uploads\/sites\/2\/2023\/02\/naar.png 798w, https:\/\/www.thebestsocial.media\/nl\/wp-content\/uploads\/sites\/2\/2023\/02\/naar-300x57.png 300w, https:\/\/www.thebestsocial.media\/nl\/wp-content\/uploads\/sites\/2\/2023\/02\/naar-768x146.png 768w\" sizes=\"auto, (max-width: 798px) 100vw, 798px\" \/><\/p>\n<p>&nbsp;<\/p>\n<h3>3. Huh? Gebruiken mensen\u00a0<em>ben\u00a0<\/em>echt als <em>heb<\/em>?!<\/h3>\n<p><img loading=\"lazy\" decoding=\"async\" class=\"alignnone wp-image-242107 size-full\" src=\"https:\/\/www.thebestsocial.media\/nl\/wp-content\/uploads\/sites\/2\/2023\/02\/marjon.png\" alt=\"\" width=\"1098\" height=\"244\" srcset=\"https:\/\/www.thebestsocial.media\/nl\/wp-content\/uploads\/sites\/2\/2023\/02\/marjon.png 1098w, https:\/\/www.thebestsocial.media\/nl\/wp-content\/uploads\/sites\/2\/2023\/02\/marjon-300x67.png 300w, https:\/\/www.thebestsocial.media\/nl\/wp-content\/uploads\/sites\/2\/2023\/02\/marjon-1024x228.png 1024w, https:\/\/www.thebestsocial.media\/nl\/wp-content\/uploads\/sites\/2\/2023\/02\/marjon-768x171.png 768w\" sizes=\"auto, (max-width: 1098px) 100vw, 1098px\" \/><\/p>\n<p>&nbsp;<\/p>\n<h3>4. Hier krijgen wij ook kortsluiting van.<\/h3>\n<p><img loading=\"lazy\" decoding=\"async\" class=\"alignnone wp-image-242104 size-full\" src=\"https:\/\/www.thebestsocial.media\/nl\/wp-content\/uploads\/sites\/2\/2023\/02\/als-of.png\" alt=\"\" width=\"840\" height=\"142\" srcset=\"https:\/\/www.thebestsocial.media\/nl\/wp-content\/uploads\/sites\/2\/2023\/02\/als-of.png 840w, https:\/\/www.thebestsocial.media\/nl\/wp-content\/uploads\/sites\/2\/2023\/02\/als-of-300x51.png 300w, https:\/\/www.thebestsocial.media\/nl\/wp-content\/uploads\/sites\/2\/2023\/02\/als-of-768x130.png 768w\" sizes=\"auto, (max-width: 840px) 100vw, 840px\" \/><\/p>\n<p>&nbsp;<\/p>\n<h3>5. Nederlanders vinden dus alle Engelse woorden annoying.<\/h3>\n<p><img loading=\"lazy\" decoding=\"async\" class=\"alignnone wp-image-242106 size-full\" src=\"https:\/\/www.thebestsocial.media\/nl\/wp-content\/uploads\/sites\/2\/2023\/02\/engels-1.png\" alt=\"\" width=\"1104\" height=\"248\" srcset=\"https:\/\/www.thebestsocial.media\/nl\/wp-content\/uploads\/sites\/2\/2023\/02\/engels-1.png 1104w, https:\/\/www.thebestsocial.media\/nl\/wp-content\/uploads\/sites\/2\/2023\/02\/engels-1-300x67.png 300w, https:\/\/www.thebestsocial.media\/nl\/wp-content\/uploads\/sites\/2\/2023\/02\/engels-1-1024x230.png 1024w, https:\/\/www.thebestsocial.media\/nl\/wp-content\/uploads\/sites\/2\/2023\/02\/engels-1-768x173.png 768w\" sizes=\"auto, (max-width: 1104px) 100vw, 1104px\" \/><\/p>\n<p>&nbsp;<\/p>\n<h3>6. Lekker tegenstrijdig dit.<\/h3>\n<p><img loading=\"lazy\" decoding=\"async\" class=\"alignnone wp-image-242109 size-full\" src=\"https:\/\/www.thebestsocial.media\/nl\/wp-content\/uploads\/sites\/2\/2023\/02\/they.png\" alt=\"\" width=\"916\" height=\"148\" srcset=\"https:\/\/www.thebestsocial.media\/nl\/wp-content\/uploads\/sites\/2\/2023\/02\/they.png 916w, https:\/\/www.thebestsocial.media\/nl\/wp-content\/uploads\/sites\/2\/2023\/02\/they-300x48.png 300w, https:\/\/www.thebestsocial.media\/nl\/wp-content\/uploads\/sites\/2\/2023\/02\/they-768x124.png 768w\" sizes=\"auto, (max-width: 916px) 100vw, 916px\" \/><\/p>\n<p>&nbsp;<\/p>\n<h3>7. In deze zin gaat zooooveel meer mis&#8230;<\/h3>\n<p><img loading=\"lazy\" decoding=\"async\" class=\"alignnone wp-image-242105 size-full\" style=\"font-family: Avenir, helvetica, Arial, sans-serif; font-size: 16px;\" src=\"https:\/\/www.thebestsocial.media\/nl\/wp-content\/uploads\/sites\/2\/2023\/02\/edwin.png\" alt=\"\" width=\"982\" height=\"146\" srcset=\"https:\/\/www.thebestsocial.media\/nl\/wp-content\/uploads\/sites\/2\/2023\/02\/edwin.png 982w, https:\/\/www.thebestsocial.media\/nl\/wp-content\/uploads\/sites\/2\/2023\/02\/edwin-300x45.png 300w, https:\/\/www.thebestsocial.media\/nl\/wp-content\/uploads\/sites\/2\/2023\/02\/edwin-768x114.png 768w\" sizes=\"auto, (max-width: 982px) 100vw, 982px\" \/><\/p>\n<p>&nbsp;<\/p>\n<h3>8. Wanneer en waarneer hebben ook twee totaal verschillende betekenissen.<\/h3>\n<p><img loading=\"lazy\" decoding=\"async\" class=\"alignnone wp-image-242122 size-full\" src=\"https:\/\/www.thebestsocial.media\/nl\/wp-content\/uploads\/sites\/2\/2023\/02\/waarneer.png\" alt=\"\" width=\"1110\" height=\"172\" srcset=\"https:\/\/www.thebestsocial.media\/nl\/wp-content\/uploads\/sites\/2\/2023\/02\/waarneer.png 1110w, https:\/\/www.thebestsocial.media\/nl\/wp-content\/uploads\/sites\/2\/2023\/02\/waarneer-300x46.png 300w, https:\/\/www.thebestsocial.media\/nl\/wp-content\/uploads\/sites\/2\/2023\/02\/waarneer-1024x159.png 1024w, https:\/\/www.thebestsocial.media\/nl\/wp-content\/uploads\/sites\/2\/2023\/02\/waarneer-768x119.png 768w\" sizes=\"auto, (max-width: 1110px) 100vw, 1110px\" \/><\/p>\n<p>&nbsp;<\/p>\n<h3>9. Adem in, adem uit.<\/h3>\n<p><img loading=\"lazy\" decoding=\"async\" class=\"alignnone wp-image-242110 size-full\" src=\"https:\/\/www.thebestsocial.media\/nl\/wp-content\/uploads\/sites\/2\/2023\/02\/veelste-2023-02-28-om-12.31.png\" alt=\"\" width=\"694\" height=\"146\" srcset=\"https:\/\/www.thebestsocial.media\/nl\/wp-content\/uploads\/sites\/2\/2023\/02\/veelste-2023-02-28-om-12.31.png 694w, https:\/\/www.thebestsocial.media\/nl\/wp-content\/uploads\/sites\/2\/2023\/02\/veelste-2023-02-28-om-12.31-300x63.png 300w\" sizes=\"auto, (max-width: 694px) 100vw, 694px\" \/><\/p>\n<p>&nbsp;<\/p>\n<h3>10. Aan de bodemloze put met taalirritaties lijkt geen einde te komen.<\/h3>\n<p><img loading=\"lazy\" decoding=\"async\" class=\"alignnone wp-image-242112 size-full\" src=\"https:\/\/www.thebestsocial.media\/nl\/wp-content\/uploads\/sites\/2\/2023\/02\/houda.png\" alt=\"\" width=\"1098\" height=\"326\" srcset=\"https:\/\/www.thebestsocial.media\/nl\/wp-content\/uploads\/sites\/2\/2023\/02\/houda.png 1098w, https:\/\/www.thebestsocial.media\/nl\/wp-content\/uploads\/sites\/2\/2023\/02\/houda-300x89.png 300w, https:\/\/www.thebestsocial.media\/nl\/wp-content\/uploads\/sites\/2\/2023\/02\/houda-1024x304.png 1024w, https:\/\/www.thebestsocial.media\/nl\/wp-content\/uploads\/sites\/2\/2023\/02\/houda-768x228.png 768w\" sizes=\"auto, (max-width: 1098px) 100vw, 1098px\" \/><\/p>\n<h3><\/h3>\n<p>&nbsp;<\/p>\n<p><strong>Trouwens, volg je ons al op <a href=\"https:\/\/www.instagram.com\/thebestsocialmedianl\/\" target=\"_blank\" rel=\"noopener\">Instagram<\/a>?<\/strong><\/p>\n<blockquote class=\"instagram-media\" style=\"background: #FFF; border: 0; border-radius: 3px; box-shadow: 0 0 1px 0 rgba(0,0,0,0.5),0 1px 10px 0 rgba(0,0,0,0.15); margin: 1px; max-width: 540px; min-width: 326px; padding: 0; width: calc(100% - 2px);\" data-instgrm-captioned=\"\" data-instgrm-permalink=\"https:\/\/www.instagram.com\/p\/Cnmu0Cfs0Ht\/?utm_source=ig_embed&amp;utm_campaign=loading\" data-instgrm-version=\"14\">\n<div style=\"padding: 16px;\">\n<p>&nbsp;<\/p>\n<div style=\"display: flex; flex-direction: row; align-items: center;\">\n<div style=\"background-color: #f4f4f4; border-radius: 50%; flex-grow: 0; height: 40px; margin-right: 14px; width: 40px;\"><\/div>\n<div style=\"display: flex; flex-direction: column; flex-grow: 1; justify-content: center;\">\n<div style=\"background-color: #f4f4f4; border-radius: 4px; flex-grow: 0; height: 14px; margin-bottom: 6px; width: 100px;\"><\/div>\n<div style=\"background-color: #f4f4f4; border-radius: 4px; flex-grow: 0; height: 14px; width: 60px;\"><\/div>\n<\/div>\n<\/div>\n<div style=\"padding: 19% 0;\"><\/div>\n<div style=\"display: block; height: 50px; margin: 0 auto 12px; width: 50px;\"><\/div>\n<div style=\"padding-top: 8px;\">\n<div style=\"color: #3897f0; font-family: Arial,sans-serif; font-size: 14px; font-style: normal; font-weight: 550; line-height: 18px;\">View this post on Instagram<\/div>\n<\/div>\n<div style=\"padding: 12.5% 0;\"><\/div>\n<div style=\"display: flex; flex-direction: row; margin-bottom: 14px; align-items: center;\">\n<div>\n<div style=\"background-color: #f4f4f4; border-radius: 50%; height: 12.5px; width: 12.5px; transform: translateX(0px) translateY(7px);\"><\/div>\n<div style=\"background-color: #f4f4f4; height: 12.5px; transform: rotate(-45deg) translateX(3px) translateY(1px); width: 12.5px; flex-grow: 0; margin-right: 14px; margin-left: 2px;\"><\/div>\n<div style=\"background-color: #f4f4f4; border-radius: 50%; height: 12.5px; width: 12.5px; transform: translateX(9px) translateY(-18px);\"><\/div>\n<\/div>\n<div style=\"margin-left: 8px;\">\n<div style=\"background-color: #f4f4f4; border-radius: 50%; flex-grow: 0; height: 20px; width: 20px;\"><\/div>\n<div style=\"width: 0; height: 0; border-top: 2px solid transparent; border-left: 6px solid #f4f4f4; border-bottom: 2px solid transparent; transform: translateX(16px) translateY(-4px) rotate(30deg);\"><\/div>\n<\/div>\n<div style=\"margin-left: auto;\">\n<div style=\"width: 0px; border-top: 8px solid #F4F4F4; border-right: 8px solid transparent; transform: translateY(16px);\"><\/div>\n<div style=\"background-color: #f4f4f4; flex-grow: 0; height: 12px; width: 16px; transform: translateY(-4px);\"><\/div>\n<div style=\"width: 0; height: 0; border-top: 8px solid #F4F4F4; border-left: 8px solid transparent; transform: translateY(-4px) translateX(8px);\"><\/div>\n<\/div>\n<\/div>\n<div style=\"display: flex; flex-direction: column; flex-grow: 1; justify-content: center; margin-bottom: 24px;\">\n<div style=\"background-color: #f4f4f4; border-radius: 4px; flex-grow: 0; height: 14px; margin-bottom: 6px; width: 224px;\"><\/div>\n<div style=\"background-color: #f4f4f4; border-radius: 4px; flex-grow: 0; height: 14px; width: 144px;\"><\/div>\n<\/div>\n<p>&nbsp;<\/p>\n<p style=\"color: #c9c8cd; font-family: Arial,sans-serif; font-size: 14px; line-height: 17px; margin-bottom: 0; margin-top: 8px; overflow: hidden; padding: 8px 0 7px; text-align: center; text-overflow: ellipsis; white-space: nowrap;\"><a style=\"color: #c9c8cd; font-family: Arial,sans-serif; font-size: 14px; font-style: normal; font-weight: normal; line-height: 17px; text-decoration: none;\" href=\"https:\/\/www.instagram.com\/p\/Cnmu0Cfs0Ht\/?utm_source=ig_embed&amp;utm_campaign=loading\" target=\"_blank\" rel=\"noopener\">A post shared by The Best Social Media &#8211; NL (@thebestsocialmedianl)<\/a><\/p>\n<\/div>\n<\/blockquote>\n\n<script async defer src=\"\/instagram-embed.js\"><\/script>","protected":false},"excerpt":{"rendered":"<p>Klagen kunnen Nederlanders als geen ander en zeker als het om taal gaat. Een minuscuul\u00a0foutje haalt het slechtste in ons naar boven. Eerder deelden we&#8230;<\/p>\n","protected":false},"author":96,"featured_media":242143,"comment_status":"open","ping_status":"open","sticky":false,"template":"","format":"standard","meta":{"_acf_changed":false,"footnotes":""},"categories":[16,17],"tags":[4875,1559,2292],"class_list":["post-242089","post","type-post","status-publish","format-standard","has-post-thumbnail","hentry","category-blogs","category-nieuws","tag-follow-up","tag-nederlands","tag-taalfouten"],"acf":[],"yoast_head":"<!-- This site is optimized with the Yoast SEO plugin v27.5 - https:\/\/yoast.com\/product\/yoast-seo-wordpress\/ -->\n<title>N\u00f3g 10 taalirritaties die wij Nederlanders graag de rug toekeren<\/title>\n<meta name=\"description\" content=\"Klagen kunnen Nederlanders als geen ander, zeker als het gaat om Nederlandse taal. Een minuscuul taalfoutje haalt het slechtste in ons boven.\" \/>\n<meta name=\"robots\" content=\"index, follow, max-snippet:-1, max-image-preview:large, max-video-preview:-1\" \/>\n<link rel=\"canonical\" href=\"https:\/\/www.thebestsocial.media\/nl\/taalfouten-nederlands-irritaties\/\" \/>\n<meta property=\"og:locale\" content=\"nl_NL\" \/>\n<meta property=\"og:type\" content=\"article\" \/>\n<meta property=\"og:title\" content=\"N\u00f3g 10 taalirritaties die wij Nederlanders graag de rug toekeren\" \/>\n<meta property=\"og:description\" content=\"Klagen kunnen Nederlanders als geen ander, zeker als het gaat om Nederlandse taal. Een minuscuul taalfoutje haalt het slechtste in ons boven.\" \/>\n<meta property=\"og:url\" content=\"https:\/\/www.thebestsocial.media\/nl\/taalfouten-nederlands-irritaties\/\" \/>\n<meta property=\"og:site_name\" content=\"The Best Social Media NL\" \/>\n<meta property=\"article:published_time\" content=\"2023-03-01T16:02:06+00:00\" \/>\n<meta property=\"og:image\" content=\"https:\/\/www.thebestsocial.media\/nl\/wp-content\/uploads\/sites\/2\/2023\/03\/header-3.png\" \/>\n\t<meta property=\"og:image:width\" content=\"1200\" \/>\n\t<meta property=\"og:image:height\" content=\"630\" \/>\n\t<meta property=\"og:image:type\" content=\"image\/png\" \/>\n<meta name=\"author\" content=\"yannick\" \/>\n<meta name=\"twitter:card\" content=\"summary_large_image\" \/>\n<meta name=\"twitter:title\" content=\"N\u00f3g 10 taalirritaties die wij Nederlanders graag de rug toekeren\" \/>\n<meta name=\"twitter:description\" content=\"Klagen kunnen Nederlanders als geen ander, zeker als het gaat om Nederlandse taal. Een minuscuul taalfoutje haalt het slechtste in ons boven.\" \/>\n<meta name=\"twitter:image\" content=\"https:\/\/www.thebestsocial.media\/nl\/wp-content\/uploads\/sites\/2\/2023\/03\/header-3.png\" \/>\n<meta name=\"twitter:label1\" content=\"Geschreven door\" \/>\n\t<meta name=\"twitter:data1\" content=\"yannick\" \/>\n\t<meta name=\"twitter:label2\" content=\"Geschatte leestijd\" \/>\n\t<meta name=\"twitter:data2\" content=\"3 minuten\" \/>\n<script type=\"application\/ld+json\" class=\"yoast-schema-graph\">{\"@context\":\"https:\\\/\\\/schema.org\",\"@graph\":[{\"@type\":\"Article\",\"@id\":\"https:\\\/\\\/www.thebestsocial.media\\\/nl\\\/taalfouten-nederlands-irritaties\\\/#article\",\"isPartOf\":{\"@id\":\"https:\\\/\\\/www.thebestsocial.media\\\/nl\\\/taalfouten-nederlands-irritaties\\\/\"},\"author\":{\"name\":\"yannick\",\"@id\":\"https:\\\/\\\/www.thebestsocial.media\\\/nl\\\/#\\\/schema\\\/person\\\/2b65a07de209cd1d416a21f959fdf166\"},\"headline\":\"N\u00f3g 10 taalirritaties die wij Nederlanders graag de rug toekeren\",\"datePublished\":\"2023-03-01T16:02:06+00:00\",\"mainEntityOfPage\":{\"@id\":\"https:\\\/\\\/www.thebestsocial.media\\\/nl\\\/taalfouten-nederlands-irritaties\\\/\"},\"wordCount\":176,\"commentCount\":0,\"image\":{\"@id\":\"https:\\\/\\\/www.thebestsocial.media\\\/nl\\\/taalfouten-nederlands-irritaties\\\/#primaryimage\"},\"thumbnailUrl\":\"https:\\\/\\\/www.thebestsocial.media\\\/nl\\\/wp-content\\\/uploads\\\/sites\\\/2\\\/2023\\\/02\\\/uitgelicht-28.png\",\"keywords\":[\"follow-up\",\"nederlands\",\"taalfouten\"],\"articleSection\":[\"Blogs\",\"Nieuws\"],\"inLanguage\":\"nl-NL\",\"potentialAction\":[{\"@type\":\"CommentAction\",\"name\":\"Comment\",\"target\":[\"https:\\\/\\\/www.thebestsocial.media\\\/nl\\\/taalfouten-nederlands-irritaties\\\/#respond\"]}]},{\"@type\":\"WebPage\",\"@id\":\"https:\\\/\\\/www.thebestsocial.media\\\/nl\\\/taalfouten-nederlands-irritaties\\\/\",\"url\":\"https:\\\/\\\/www.thebestsocial.media\\\/nl\\\/taalfouten-nederlands-irritaties\\\/\",\"name\":\"N\u00f3g 10 taalirritaties die wij Nederlanders graag de rug toekeren\",\"isPartOf\":{\"@id\":\"https:\\\/\\\/www.thebestsocial.media\\\/nl\\\/#website\"},\"primaryImageOfPage\":{\"@id\":\"https:\\\/\\\/www.thebestsocial.media\\\/nl\\\/taalfouten-nederlands-irritaties\\\/#primaryimage\"},\"image\":{\"@id\":\"https:\\\/\\\/www.thebestsocial.media\\\/nl\\\/taalfouten-nederlands-irritaties\\\/#primaryimage\"},\"thumbnailUrl\":\"https:\\\/\\\/www.thebestsocial.media\\\/nl\\\/wp-content\\\/uploads\\\/sites\\\/2\\\/2023\\\/02\\\/uitgelicht-28.png\",\"datePublished\":\"2023-03-01T16:02:06+00:00\",\"author\":{\"@id\":\"https:\\\/\\\/www.thebestsocial.media\\\/nl\\\/#\\\/schema\\\/person\\\/2b65a07de209cd1d416a21f959fdf166\"},\"description\":\"Klagen kunnen Nederlanders als geen ander, zeker als het gaat om Nederlandse taal. Een minuscuul taalfoutje haalt het slechtste in ons boven.\",\"breadcrumb\":{\"@id\":\"https:\\\/\\\/www.thebestsocial.media\\\/nl\\\/taalfouten-nederlands-irritaties\\\/#breadcrumb\"},\"inLanguage\":\"nl-NL\",\"potentialAction\":[{\"@type\":\"ReadAction\",\"target\":[\"https:\\\/\\\/www.thebestsocial.media\\\/nl\\\/taalfouten-nederlands-irritaties\\\/\"]}]},{\"@type\":\"ImageObject\",\"inLanguage\":\"nl-NL\",\"@id\":\"https:\\\/\\\/www.thebestsocial.media\\\/nl\\\/taalfouten-nederlands-irritaties\\\/#primaryimage\",\"url\":\"https:\\\/\\\/www.thebestsocial.media\\\/nl\\\/wp-content\\\/uploads\\\/sites\\\/2\\\/2023\\\/02\\\/uitgelicht-28.png\",\"contentUrl\":\"https:\\\/\\\/www.thebestsocial.media\\\/nl\\\/wp-content\\\/uploads\\\/sites\\\/2\\\/2023\\\/02\\\/uitgelicht-28.png\",\"width\":1200,\"height\":630},{\"@type\":\"BreadcrumbList\",\"@id\":\"https:\\\/\\\/www.thebestsocial.media\\\/nl\\\/taalfouten-nederlands-irritaties\\\/#breadcrumb\",\"itemListElement\":[{\"@type\":\"ListItem\",\"position\":1,\"name\":\"Home\",\"item\":\"https:\\\/\\\/www.thebestsocial.media\\\/nl\\\/\"},{\"@type\":\"ListItem\",\"position\":2,\"name\":\"N\u00f3g 10 taalirritaties die wij Nederlanders graag de rug toekeren\"}]},{\"@type\":\"WebSite\",\"@id\":\"https:\\\/\\\/www.thebestsocial.media\\\/nl\\\/#website\",\"url\":\"https:\\\/\\\/www.thebestsocial.media\\\/nl\\\/\",\"name\":\"The Best Social Media NL\",\"description\":\"Zoeklicht in de Digital Chaos\",\"potentialAction\":[{\"@type\":\"SearchAction\",\"target\":{\"@type\":\"EntryPoint\",\"urlTemplate\":\"https:\\\/\\\/www.thebestsocial.media\\\/nl\\\/?s={search_term_string}\"},\"query-input\":{\"@type\":\"PropertyValueSpecification\",\"valueRequired\":true,\"valueName\":\"search_term_string\"}}],\"inLanguage\":\"nl-NL\"},{\"@type\":\"Person\",\"@id\":\"https:\\\/\\\/www.thebestsocial.media\\\/nl\\\/#\\\/schema\\\/person\\\/2b65a07de209cd1d416a21f959fdf166\",\"name\":\"yannick\",\"image\":{\"@type\":\"ImageObject\",\"inLanguage\":\"nl-NL\",\"@id\":\"https:\\\/\\\/secure.gravatar.com\\\/avatar\\\/8909b7412361c45e4fc0664b3e04faa1ad03832e065a1098c95a21a0527771d4?s=96&d=mm&r=g\",\"url\":\"https:\\\/\\\/secure.gravatar.com\\\/avatar\\\/8909b7412361c45e4fc0664b3e04faa1ad03832e065a1098c95a21a0527771d4?s=96&d=mm&r=g\",\"contentUrl\":\"https:\\\/\\\/secure.gravatar.com\\\/avatar\\\/8909b7412361c45e4fc0664b3e04faa1ad03832e065a1098c95a21a0527771d4?s=96&d=mm&r=g\",\"caption\":\"yannick\"},\"description\":\"Geboren en getogen Bredanaar. Droomde altijd van een carri\u00e8re als profvoetballer, maar is gestrand in de Kelderklasse. Nu geeft ze hier onnodig 'commentaar' op sport, collega's (\u00e9\u00e9n in het bijzonder) en mensen die iconische memes niet kennen.\",\"sameAs\":[\"https:\\\/\\\/www.instagram.com\\\/yannicksnoek\\\/\",\"https:\\\/\\\/www.linkedin.com\\\/in\\\/yannick-s-743aa110b\\\/\"],\"url\":\"https:\\\/\\\/www.thebestsocial.media\\\/nl\\\/author\\\/yannick\\\/\"}]}<\/script>\n<!-- \/ Yoast SEO plugin. -->","yoast_head_json":{"title":"N\u00f3g 10 taalirritaties die wij Nederlanders graag de rug toekeren","description":"Klagen kunnen Nederlanders als geen ander, zeker als het gaat om Nederlandse taal. Een minuscuul taalfoutje haalt het slechtste in ons boven.","robots":{"index":"index","follow":"follow","max-snippet":"max-snippet:-1","max-image-preview":"max-image-preview:large","max-video-preview":"max-video-preview:-1"},"canonical":"https:\/\/www.thebestsocial.media\/nl\/taalfouten-nederlands-irritaties\/","og_locale":"nl_NL","og_type":"article","og_title":"N\u00f3g 10 taalirritaties die wij Nederlanders graag de rug toekeren","og_description":"Klagen kunnen Nederlanders als geen ander, zeker als het gaat om Nederlandse taal. Een minuscuul taalfoutje haalt het slechtste in ons boven.","og_url":"https:\/\/www.thebestsocial.media\/nl\/taalfouten-nederlands-irritaties\/","og_site_name":"The Best Social Media NL","article_published_time":"2023-03-01T16:02:06+00:00","og_image":[{"width":1200,"height":630,"url":"https:\/\/www.thebestsocial.media\/nl\/wp-content\/uploads\/sites\/2\/2023\/03\/header-3.png","type":"image\/png"}],"author":"yannick","twitter_card":"summary_large_image","twitter_title":"N\u00f3g 10 taalirritaties die wij Nederlanders graag de rug toekeren","twitter_description":"Klagen kunnen Nederlanders als geen ander, zeker als het gaat om Nederlandse taal. Een minuscuul taalfoutje haalt het slechtste in ons boven.","twitter_image":"https:\/\/www.thebestsocial.media\/nl\/wp-content\/uploads\/sites\/2\/2023\/03\/header-3.png","twitter_misc":{"Geschreven door":"yannick","Geschatte leestijd":"3 minuten"},"schema":{"@context":"https:\/\/schema.org","@graph":[{"@type":"Article","@id":"https:\/\/www.thebestsocial.media\/nl\/taalfouten-nederlands-irritaties\/#article","isPartOf":{"@id":"https:\/\/www.thebestsocial.media\/nl\/taalfouten-nederlands-irritaties\/"},"author":{"name":"yannick","@id":"https:\/\/www.thebestsocial.media\/nl\/#\/schema\/person\/2b65a07de209cd1d416a21f959fdf166"},"headline":"N\u00f3g 10 taalirritaties die wij Nederlanders graag de rug toekeren","datePublished":"2023-03-01T16:02:06+00:00","mainEntityOfPage":{"@id":"https:\/\/www.thebestsocial.media\/nl\/taalfouten-nederlands-irritaties\/"},"wordCount":176,"commentCount":0,"image":{"@id":"https:\/\/www.thebestsocial.media\/nl\/taalfouten-nederlands-irritaties\/#primaryimage"},"thumbnailUrl":"https:\/\/www.thebestsocial.media\/nl\/wp-content\/uploads\/sites\/2\/2023\/02\/uitgelicht-28.png","keywords":["follow-up","nederlands","taalfouten"],"articleSection":["Blogs","Nieuws"],"inLanguage":"nl-NL","potentialAction":[{"@type":"CommentAction","name":"Comment","target":["https:\/\/www.thebestsocial.media\/nl\/taalfouten-nederlands-irritaties\/#respond"]}]},{"@type":"WebPage","@id":"https:\/\/www.thebestsocial.media\/nl\/taalfouten-nederlands-irritaties\/","url":"https:\/\/www.thebestsocial.media\/nl\/taalfouten-nederlands-irritaties\/","name":"N\u00f3g 10 taalirritaties die wij Nederlanders graag de rug toekeren","isPartOf":{"@id":"https:\/\/www.thebestsocial.media\/nl\/#website"},"primaryImageOfPage":{"@id":"https:\/\/www.thebestsocial.media\/nl\/taalfouten-nederlands-irritaties\/#primaryimage"},"image":{"@id":"https:\/\/www.thebestsocial.media\/nl\/taalfouten-nederlands-irritaties\/#primaryimage"},"thumbnailUrl":"https:\/\/www.thebestsocial.media\/nl\/wp-content\/uploads\/sites\/2\/2023\/02\/uitgelicht-28.png","datePublished":"2023-03-01T16:02:06+00:00","author":{"@id":"https:\/\/www.thebestsocial.media\/nl\/#\/schema\/person\/2b65a07de209cd1d416a21f959fdf166"},"description":"Klagen kunnen Nederlanders als geen ander, zeker als het gaat om Nederlandse taal. Een minuscuul taalfoutje haalt het slechtste in ons boven.","breadcrumb":{"@id":"https:\/\/www.thebestsocial.media\/nl\/taalfouten-nederlands-irritaties\/#breadcrumb"},"inLanguage":"nl-NL","potentialAction":[{"@type":"ReadAction","target":["https:\/\/www.thebestsocial.media\/nl\/taalfouten-nederlands-irritaties\/"]}]},{"@type":"ImageObject","inLanguage":"nl-NL","@id":"https:\/\/www.thebestsocial.media\/nl\/taalfouten-nederlands-irritaties\/#primaryimage","url":"https:\/\/www.thebestsocial.media\/nl\/wp-content\/uploads\/sites\/2\/2023\/02\/uitgelicht-28.png","contentUrl":"https:\/\/www.thebestsocial.media\/nl\/wp-content\/uploads\/sites\/2\/2023\/02\/uitgelicht-28.png","width":1200,"height":630},{"@type":"BreadcrumbList","@id":"https:\/\/www.thebestsocial.media\/nl\/taalfouten-nederlands-irritaties\/#breadcrumb","itemListElement":[{"@type":"ListItem","position":1,"name":"Home","item":"https:\/\/www.thebestsocial.media\/nl\/"},{"@type":"ListItem","position":2,"name":"N\u00f3g 10 taalirritaties die wij Nederlanders graag de rug toekeren"}]},{"@type":"WebSite","@id":"https:\/\/www.thebestsocial.media\/nl\/#website","url":"https:\/\/www.thebestsocial.media\/nl\/","name":"The Best Social Media NL","description":"Zoeklicht in de Digital Chaos","potentialAction":[{"@type":"SearchAction","target":{"@type":"EntryPoint","urlTemplate":"https:\/\/www.thebestsocial.media\/nl\/?s={search_term_string}"},"query-input":{"@type":"PropertyValueSpecification","valueRequired":true,"valueName":"search_term_string"}}],"inLanguage":"nl-NL"},{"@type":"Person","@id":"https:\/\/www.thebestsocial.media\/nl\/#\/schema\/person\/2b65a07de209cd1d416a21f959fdf166","name":"yannick","image":{"@type":"ImageObject","inLanguage":"nl-NL","@id":"https:\/\/secure.gravatar.com\/avatar\/8909b7412361c45e4fc0664b3e04faa1ad03832e065a1098c95a21a0527771d4?s=96&d=mm&r=g","url":"https:\/\/secure.gravatar.com\/avatar\/8909b7412361c45e4fc0664b3e04faa1ad03832e065a1098c95a21a0527771d4?s=96&d=mm&r=g","contentUrl":"https:\/\/secure.gravatar.com\/avatar\/8909b7412361c45e4fc0664b3e04faa1ad03832e065a1098c95a21a0527771d4?s=96&d=mm&r=g","caption":"yannick"},"description":"Geboren en getogen Bredanaar. Droomde altijd van een carri\u00e8re als profvoetballer, maar is gestrand in de Kelderklasse. Nu geeft ze hier onnodig 'commentaar' op sport, collega's (\u00e9\u00e9n in het bijzonder) en mensen die iconische memes niet kennen.","sameAs":["https:\/\/www.instagram.com\/yannicksnoek\/","https:\/\/www.linkedin.com\/in\/yannick-s-743aa110b\/"],"url":"https:\/\/www.thebestsocial.media\/nl\/author\/yannick\/"}]}},"amp_enabled":true,"_links":{"self":[{"href":"https:\/\/www.thebestsocial.media\/nl\/wp-json\/wp\/v2\/posts\/242089","targetHints":{"allow":["GET"]}}],"collection":[{"href":"https:\/\/www.thebestsocial.media\/nl\/wp-json\/wp\/v2\/posts"}],"about":[{"href":"https:\/\/www.thebestsocial.media\/nl\/wp-json\/wp\/v2\/types\/post"}],"author":[{"embeddable":true,"href":"https:\/\/www.thebestsocial.media\/nl\/wp-json\/wp\/v2\/users\/96"}],"replies":[{"embeddable":true,"href":"https:\/\/www.thebestsocial.media\/nl\/wp-json\/wp\/v2\/comments?post=242089"}],"version-history":[{"count":6,"href":"https:\/\/www.thebestsocial.media\/nl\/wp-json\/wp\/v2\/posts\/242089\/revisions"}],"predecessor-version":[{"id":242352,"href":"https:\/\/www.thebestsocial.media\/nl\/wp-json\/wp\/v2\/posts\/242089\/revisions\/242352"}],"wp:featuredmedia":[{"embeddable":true,"href":"https:\/\/www.thebestsocial.media\/nl\/wp-json\/wp\/v2\/media\/242143"}],"wp:attachment":[{"href":"https:\/\/www.thebestsocial.media\/nl\/wp-json\/wp\/v2\/media?parent=242089"}],"wp:term":[{"taxonomy":"category","embeddable":true,"href":"https:\/\/www.thebestsocial.media\/nl\/wp-json\/wp\/v2\/categories?post=242089"},{"taxonomy":"post_tag","embeddable":true,"href":"https:\/\/www.thebestsocial.media\/nl\/wp-json\/wp\/v2\/tags?post=242089"}],"curies":[{"name":"wp","href":"https:\/\/api.w.org\/{rel}","templated":true}]}}