{"id":236359,"date":"2023-01-12T12:30:59","date_gmt":"2023-01-12T11:30:59","guid":{"rendered":"https:\/\/www.thebestsocial.media\/nl\/?p=236359"},"modified":"2023-01-12T12:30:59","modified_gmt":"2023-01-12T11:30:59","slug":"wind-fiets-code-geel","status":"publish","type":"post","link":"https:\/\/www.thebestsocial.media\/nl\/wind-fiets-code-geel\/","title":{"rendered":"8 tweets van Nederlanders die Code Geel hebben overleefd"},"content":{"rendered":"<p>Onvoorspelbaar en nat is de enige manier om het Nederlandse weer te beschrijven. En vandaag was het weer aardig raak: code geel! Windstoten van voor naar achter, van links naar rechts. En regen, heel veel regen. Het was vanochtend dan ook een flinke uitdaging om heelhuids op kantoor of op school aan te komen. Een uitdaging die <a href=\"https:\/\/www.tiktok.com\/@stijnsaman?lang=nl-NL\">Stijn<\/a> en veel andere Nederlanders met beiden handen aan hebben gegrepen.<\/p>\n<p>&nbsp;<\/p>\n<h3>1. Gelukkig kunnen wij Nederlanders wel tegen een (wind)stootje.<\/h3>\n<p><iframe loading=\"lazy\" src=\"\/tiktok-cache\/7187064183832284421\/a5115f2d252809cb9ad5f438091ecedac810a3072389108e10323005\" width=\"623\" height=\"1108\" style=\"border:0; height:90vh; width:50.625000vh;\" scrolling=\"no\"><\/iframe><\/p>\n<p>&nbsp;<\/p>\n<h3>2. First world problem.<\/h3>\n<p><img loading=\"lazy\" decoding=\"async\" class=\"alignnone wp-image-236363 size-full\" src=\"https:\/\/www.thebestsocial.media\/nl\/wp-content\/uploads\/sites\/2\/2023\/01\/airpods.png\" alt=\"\" width=\"746\" height=\"172\" srcset=\"https:\/\/www.thebestsocial.media\/nl\/wp-content\/uploads\/sites\/2\/2023\/01\/airpods.png 746w, https:\/\/www.thebestsocial.media\/nl\/wp-content\/uploads\/sites\/2\/2023\/01\/airpods-300x69.png 300w\" sizes=\"auto, (max-width: 746px) 100vw, 746px\" \/><\/p>\n<p>&nbsp;<\/p>\n<h3>3. Meer kun je in dit geval niet doen, Andr\u00e9.<\/h3>\n<blockquote class=\"twitter-tweet\">\n<p dir=\"ltr\" lang=\"nl\">Ik weet het: je kunt de krant ook digitaal lezen. Maar uit respect voor mijn krantenbezorger hang ik de krant vanmorgen even op het droogrek. <a href=\"https:\/\/twitter.com\/ndnl?ref_src=twsrc%5Etfw\">@ndnl<\/a> <a href=\"https:\/\/twitter.com\/hashtag\/krantenbezorgen?src=hash&amp;ref_src=twsrc%5Etfw\">#krantenbezorgen<\/a> <a href=\"https:\/\/twitter.com\/hashtag\/codegeel?src=hash&amp;ref_src=twsrc%5Etfw\">#codegeel<\/a> <a href=\"https:\/\/twitter.com\/hashtag\/storm?src=hash&amp;ref_src=twsrc%5Etfw\">#storm<\/a> <a href=\"https:\/\/t.co\/O9jL1i932p\">pic.twitter.com\/O9jL1i932p<\/a><\/p>\n<p>\u2014 Andr\u00e9 Zwartbol (@andre_zwartbol) <a href=\"https:\/\/twitter.com\/andre_zwartbol\/status\/1613455441417101314?ref_src=twsrc%5Etfw\">January 12, 2023<\/a><\/p><\/blockquote>\n<p><script async src=\"https:\/\/platform.twitter.com\/widgets.js\" charset=\"utf-8\"><\/script><\/p>\n<p>&nbsp;<\/p>\n<h3>4. Kijk: die is tenminste niet van suiker!<\/h3>\n<blockquote class=\"twitter-tweet\">\n<p dir=\"ltr\" lang=\"nl\">Zoon belt, op mijn verzoek, dat hij veilig is aangekomen op school.<\/p>\n<p>&#8216;Ging prima. Mis alleen 2 vingers.&#8217;<a href=\"https:\/\/twitter.com\/hashtag\/codegeel?src=hash&amp;ref_src=twsrc%5Etfw\">#codegeel<\/a><\/p>\n<p>\u2014 Pressing Matters (@HeleenPrssMttrs) <a href=\"https:\/\/twitter.com\/HeleenPrssMttrs\/status\/1613452945256759296?ref_src=twsrc%5Etfw\">January 12, 2023<\/a><\/p><\/blockquote>\n<p><script async src=\"https:\/\/platform.twitter.com\/widgets.js\" charset=\"utf-8\"><\/script><\/p>\n<p>&nbsp;<\/p>\n<h3>5. Facts.<\/h3>\n<blockquote class=\"twitter-tweet\">\n<p dir=\"ltr\" lang=\"nl\">Beter kan ik deze ochtend samenvatten\u2026 <a href=\"https:\/\/twitter.com\/hashtag\/storm?src=hash&amp;ref_src=twsrc%5Etfw\">#storm<\/a> <a href=\"https:\/\/twitter.com\/hashtag\/codegeel?src=hash&amp;ref_src=twsrc%5Etfw\">#codegeel<\/a> <a href=\"https:\/\/twitter.com\/hashtag\/DenHaag?src=hash&amp;ref_src=twsrc%5Etfw\">#DenHaag<\/a> <a href=\"https:\/\/t.co\/SmFkJU2PGy\">pic.twitter.com\/SmFkJU2PGy<\/a><\/p>\n<p>\u2014 Martin Groenstege (@MEGroenstege) <a href=\"https:\/\/twitter.com\/MEGroenstege\/status\/1613443290074054656?ref_src=twsrc%5Etfw\">January 12, 2023<\/a><\/p><\/blockquote>\n<p><script async src=\"https:\/\/platform.twitter.com\/widgets.js\" charset=\"utf-8\"><\/script><\/p>\n<p>&nbsp;<\/p>\n<h3>6. Regenpak aan en gaan.<\/h3>\n<blockquote class=\"twitter-tweet\">\n<p dir=\"ltr\" lang=\"nl\">Ik ben opgegroeid met stormen, weken van kou, dagen vol sneeuw, alleen misten we toen wel al die kleuren codes, en internet vol paniek. Anders waren we toen natuurlijk ook binnen gebleven, ipv buiten pret te hebben, om te gaan genieten van de seizoenen <a href=\"https:\/\/twitter.com\/hashtag\/jaren70?src=hash&amp;ref_src=twsrc%5Etfw\">#jaren70<\/a> <a href=\"https:\/\/twitter.com\/hashtag\/codegeel?src=hash&amp;ref_src=twsrc%5Etfw\">#codegeel<\/a><\/p>\n<p>\u2014 Linda Bernaards \ud83d\udc95 (@lindabernaards) <a href=\"https:\/\/twitter.com\/lindabernaards\/status\/1613316382023720962?ref_src=twsrc%5Etfw\">January 11, 2023<\/a><\/p><\/blockquote>\n<p><script async src=\"https:\/\/platform.twitter.com\/widgets.js\" charset=\"utf-8\"><\/script><\/p>\n<p>&nbsp;<\/p>\n<h3>7. Tja, wat een hondenweer&#8230;<\/h3>\n<blockquote class=\"twitter-tweet\">\n<p dir=\"ltr\" lang=\"nl\">Hou je hond aan de grond <a href=\"https:\/\/twitter.com\/hashtag\/codegeel?src=hash&amp;ref_src=twsrc%5Etfw\">#codegeel<\/a> <a href=\"https:\/\/twitter.com\/hashtag\/vliegeren?src=hash&amp;ref_src=twsrc%5Etfw\">#vliegeren<\/a><\/p>\n<p>\u2014 JeetjeJ (@JeetjeJ) <a href=\"https:\/\/twitter.com\/JeetjeJ\/status\/1613428839090360324?ref_src=twsrc%5Etfw\">January 12, 2023<\/a><\/p><\/blockquote>\n<p><script async src=\"https:\/\/platform.twitter.com\/widgets.js\" charset=\"utf-8\"><\/script><\/p>\n<blockquote class=\"twitter-tweet\">\n<p dir=\"ltr\" lang=\"nl\"><a href=\"https:\/\/twitter.com\/hashtag\/codegeel?src=hash&amp;ref_src=twsrc%5Etfw\">#codegeel<\/a> wandelen met Binkie <a href=\"https:\/\/t.co\/n8DEuHluV9\">pic.twitter.com\/n8DEuHluV9<\/a><\/p>\n<p>\u2014 Rene en Binkie \ud83d\udc36 (@renevbaaren) <a href=\"https:\/\/twitter.com\/renevbaaren\/status\/1613434123942592512?ref_src=twsrc%5Etfw\">January 12, 2023<\/a><\/p><\/blockquote>\n<p><script async src=\"https:\/\/platform.twitter.com\/widgets.js\" charset=\"utf-8\"><\/script><\/p>\n<p>&nbsp;<\/p>\n<h3>8. Van dit weer trotseren kan je leren: bijvoorbeeld dat je de volgende keer lekker thuis moet blijven.<\/h3>\n<blockquote class=\"twitter-tweet\">\n<p dir=\"ltr\" lang=\"nl\">Ik, lopend naar de metro <a href=\"https:\/\/twitter.com\/hashtag\/wind?src=hash&amp;ref_src=twsrc%5Etfw\">#wind<\/a> <a href=\"https:\/\/twitter.com\/hashtag\/regen?src=hash&amp;ref_src=twsrc%5Etfw\">#regen<\/a> <a href=\"https:\/\/twitter.com\/hashtag\/storm?src=hash&amp;ref_src=twsrc%5Etfw\">#storm<\/a> <a href=\"https:\/\/twitter.com\/hashtag\/codegeel?src=hash&amp;ref_src=twsrc%5Etfw\">#codegeel<\/a> <a href=\"https:\/\/t.co\/zXV0CsRJW1\">pic.twitter.com\/zXV0CsRJW1<\/a><\/p>\n<p>\u2014 Sanne Klapwijk (@Sannozz) <a href=\"https:\/\/twitter.com\/Sannozz\/status\/1613425518488985601?ref_src=twsrc%5Etfw\">January 12, 2023<\/a><\/p><\/blockquote>\n<p><script async src=\"https:\/\/platform.twitter.com\/widgets.js\" charset=\"utf-8\"><\/script><\/p>\n<p>&nbsp;<\/p>\n<p>&nbsp;<\/p>\n<p><strong>New year, new job? Bij <a href=\"https:\/\/www.thebest.social\/\" target=\"_blank\" rel=\"noopener\">The Best Social<\/a> zijn we op zoek naar een branded content manager, social media creatives \u00e9n een redacteur. Kom jij ons team versterken? Check <a href=\"https:\/\/www.thebestsocialjobs.com\/bedrijf\/the-best-social\/\" target=\"_blank\" rel=\"noopener\">hier<\/a> alle vacatures!<\/strong><\/p>\n<p><img loading=\"lazy\" decoding=\"async\" class=\"alignnone wp-image-232616 size-full\" src=\"https:\/\/www.thebestsocial.media\/nl\/wp-content\/uploads\/sites\/2\/2022\/12\/2S5A7185-scaled.jpg\" alt=\"\" width=\"2560\" height=\"1707\" srcset=\"https:\/\/www.thebestsocial.media\/nl\/wp-content\/uploads\/sites\/2\/2022\/12\/2S5A7185-scaled.jpg 2560w, https:\/\/www.thebestsocial.media\/nl\/wp-content\/uploads\/sites\/2\/2022\/12\/2S5A7185-300x200.jpg 300w, https:\/\/www.thebestsocial.media\/nl\/wp-content\/uploads\/sites\/2\/2022\/12\/2S5A7185-1024x683.jpg 1024w, https:\/\/www.thebestsocial.media\/nl\/wp-content\/uploads\/sites\/2\/2022\/12\/2S5A7185-768x512.jpg 768w, https:\/\/www.thebestsocial.media\/nl\/wp-content\/uploads\/sites\/2\/2022\/12\/2S5A7185-1536x1024.jpg 1536w, https:\/\/www.thebestsocial.media\/nl\/wp-content\/uploads\/sites\/2\/2022\/12\/2S5A7185-2048x1365.jpg 2048w\" sizes=\"auto, (max-width: 2560px) 100vw, 2560px\" \/><\/p>\n","protected":false},"excerpt":{"rendered":"<p>Onvoorspelbaar en nat is de enige manier om het Nederlandse weer te beschrijven. En vandaag was het weer aardig raak: code geel! Windstoten van voor&#8230;<\/p>\n","protected":false},"author":96,"featured_media":236408,"comment_status":"open","ping_status":"open","sticky":false,"template":"","format":"standard","meta":{"_acf_changed":false,"footnotes":""},"categories":[16,17],"tags":[1749,1644,6972],"class_list":["post-236359","post","type-post","status-publish","format-standard","has-post-thumbnail","hentry","category-blogs","category-nieuws","tag-fiets","tag-nederland","tag-windstoten"],"acf":[],"yoast_head":"<!-- This site is optimized with the Yoast SEO plugin v27.5 - https:\/\/yoast.com\/product\/yoast-seo-wordpress\/ -->\n<title>8 tweets van Nederlanders die Code Geel hebben overleefd<\/title>\n<meta name=\"description\" content=\"Onvoorspelbaar en nat is de enige manier om het Nederlandse weer te beschrijven. En vandaag was het weer aardig raak: code geel!\" \/>\n<meta name=\"robots\" content=\"index, follow, max-snippet:-1, max-image-preview:large, max-video-preview:-1\" \/>\n<link rel=\"canonical\" href=\"https:\/\/www.thebestsocial.media\/nl\/wind-fiets-code-geel\/\" \/>\n<meta property=\"og:locale\" content=\"nl_NL\" \/>\n<meta property=\"og:type\" content=\"article\" \/>\n<meta property=\"og:title\" content=\"8 tweets van Nederlanders die Code Geel hebben overleefd\" \/>\n<meta property=\"og:description\" content=\"Onvoorspelbaar en nat is de enige manier om het Nederlandse weer te beschrijven. En vandaag was het weer aardig raak: code geel!\" \/>\n<meta property=\"og:url\" content=\"https:\/\/www.thebestsocial.media\/nl\/wind-fiets-code-geel\/\" \/>\n<meta property=\"og:site_name\" content=\"The Best Social Media NL\" \/>\n<meta property=\"article:published_time\" content=\"2023-01-12T11:30:59+00:00\" \/>\n<meta property=\"og:image\" content=\"https:\/\/www.thebestsocial.media\/nl\/wp-content\/uploads\/sites\/2\/2023\/01\/header-14.png\" \/>\n\t<meta property=\"og:image:width\" content=\"1200\" \/>\n\t<meta property=\"og:image:height\" content=\"630\" \/>\n\t<meta property=\"og:image:type\" content=\"image\/png\" \/>\n<meta name=\"author\" content=\"yannick\" \/>\n<meta name=\"twitter:card\" content=\"summary_large_image\" \/>\n<meta name=\"twitter:title\" content=\"8 tweets van Nederlanders die Code Geel hebben overleefd\" \/>\n<meta name=\"twitter:description\" content=\"Onvoorspelbaar en nat is de enige manier om het Nederlandse weer te beschrijven. En vandaag was het weer aardig raak: code geel!\" \/>\n<meta name=\"twitter:image\" content=\"https:\/\/www.thebestsocial.media\/nl\/wp-content\/uploads\/sites\/2\/2023\/01\/header-14.png\" \/>\n<meta name=\"twitter:label1\" content=\"Geschreven door\" \/>\n\t<meta name=\"twitter:data1\" content=\"yannick\" \/>\n\t<meta name=\"twitter:label2\" content=\"Geschatte leestijd\" \/>\n\t<meta name=\"twitter:data2\" content=\"3 minuten\" \/>\n<script type=\"application\/ld+json\" class=\"yoast-schema-graph\">{\"@context\":\"https:\\\/\\\/schema.org\",\"@graph\":[{\"@type\":\"Article\",\"@id\":\"https:\\\/\\\/www.thebestsocial.media\\\/nl\\\/wind-fiets-code-geel\\\/#article\",\"isPartOf\":{\"@id\":\"https:\\\/\\\/www.thebestsocial.media\\\/nl\\\/wind-fiets-code-geel\\\/\"},\"author\":{\"name\":\"yannick\",\"@id\":\"https:\\\/\\\/www.thebestsocial.media\\\/nl\\\/#\\\/schema\\\/person\\\/2b65a07de209cd1d416a21f959fdf166\"},\"headline\":\"8 tweets van Nederlanders die Code Geel hebben overleefd\",\"datePublished\":\"2023-01-12T11:30:59+00:00\",\"mainEntityOfPage\":{\"@id\":\"https:\\\/\\\/www.thebestsocial.media\\\/nl\\\/wind-fiets-code-geel\\\/\"},\"wordCount\":357,\"commentCount\":0,\"image\":{\"@id\":\"https:\\\/\\\/www.thebestsocial.media\\\/nl\\\/wind-fiets-code-geel\\\/#primaryimage\"},\"thumbnailUrl\":\"https:\\\/\\\/www.thebestsocial.media\\\/nl\\\/wp-content\\\/uploads\\\/sites\\\/2\\\/2023\\\/01\\\/uitgelichgt-1.png\",\"keywords\":[\"fiets\",\"Nederland\",\"windstoten\"],\"articleSection\":[\"Blogs\",\"Nieuws\"],\"inLanguage\":\"nl-NL\",\"potentialAction\":[{\"@type\":\"CommentAction\",\"name\":\"Comment\",\"target\":[\"https:\\\/\\\/www.thebestsocial.media\\\/nl\\\/wind-fiets-code-geel\\\/#respond\"]}]},{\"@type\":\"WebPage\",\"@id\":\"https:\\\/\\\/www.thebestsocial.media\\\/nl\\\/wind-fiets-code-geel\\\/\",\"url\":\"https:\\\/\\\/www.thebestsocial.media\\\/nl\\\/wind-fiets-code-geel\\\/\",\"name\":\"8 tweets van Nederlanders die Code Geel hebben overleefd\",\"isPartOf\":{\"@id\":\"https:\\\/\\\/www.thebestsocial.media\\\/nl\\\/#website\"},\"primaryImageOfPage\":{\"@id\":\"https:\\\/\\\/www.thebestsocial.media\\\/nl\\\/wind-fiets-code-geel\\\/#primaryimage\"},\"image\":{\"@id\":\"https:\\\/\\\/www.thebestsocial.media\\\/nl\\\/wind-fiets-code-geel\\\/#primaryimage\"},\"thumbnailUrl\":\"https:\\\/\\\/www.thebestsocial.media\\\/nl\\\/wp-content\\\/uploads\\\/sites\\\/2\\\/2023\\\/01\\\/uitgelichgt-1.png\",\"datePublished\":\"2023-01-12T11:30:59+00:00\",\"author\":{\"@id\":\"https:\\\/\\\/www.thebestsocial.media\\\/nl\\\/#\\\/schema\\\/person\\\/2b65a07de209cd1d416a21f959fdf166\"},\"description\":\"Onvoorspelbaar en nat is de enige manier om het Nederlandse weer te beschrijven. En vandaag was het weer aardig raak: code geel!\",\"breadcrumb\":{\"@id\":\"https:\\\/\\\/www.thebestsocial.media\\\/nl\\\/wind-fiets-code-geel\\\/#breadcrumb\"},\"inLanguage\":\"nl-NL\",\"potentialAction\":[{\"@type\":\"ReadAction\",\"target\":[\"https:\\\/\\\/www.thebestsocial.media\\\/nl\\\/wind-fiets-code-geel\\\/\"]}]},{\"@type\":\"ImageObject\",\"inLanguage\":\"nl-NL\",\"@id\":\"https:\\\/\\\/www.thebestsocial.media\\\/nl\\\/wind-fiets-code-geel\\\/#primaryimage\",\"url\":\"https:\\\/\\\/www.thebestsocial.media\\\/nl\\\/wp-content\\\/uploads\\\/sites\\\/2\\\/2023\\\/01\\\/uitgelichgt-1.png\",\"contentUrl\":\"https:\\\/\\\/www.thebestsocial.media\\\/nl\\\/wp-content\\\/uploads\\\/sites\\\/2\\\/2023\\\/01\\\/uitgelichgt-1.png\",\"width\":1200,\"height\":630},{\"@type\":\"BreadcrumbList\",\"@id\":\"https:\\\/\\\/www.thebestsocial.media\\\/nl\\\/wind-fiets-code-geel\\\/#breadcrumb\",\"itemListElement\":[{\"@type\":\"ListItem\",\"position\":1,\"name\":\"Home\",\"item\":\"https:\\\/\\\/www.thebestsocial.media\\\/nl\\\/\"},{\"@type\":\"ListItem\",\"position\":2,\"name\":\"8 tweets van Nederlanders die Code Geel hebben overleefd\"}]},{\"@type\":\"WebSite\",\"@id\":\"https:\\\/\\\/www.thebestsocial.media\\\/nl\\\/#website\",\"url\":\"https:\\\/\\\/www.thebestsocial.media\\\/nl\\\/\",\"name\":\"The Best Social Media NL\",\"description\":\"Zoeklicht in de Digital Chaos\",\"potentialAction\":[{\"@type\":\"SearchAction\",\"target\":{\"@type\":\"EntryPoint\",\"urlTemplate\":\"https:\\\/\\\/www.thebestsocial.media\\\/nl\\\/?s={search_term_string}\"},\"query-input\":{\"@type\":\"PropertyValueSpecification\",\"valueRequired\":true,\"valueName\":\"search_term_string\"}}],\"inLanguage\":\"nl-NL\"},{\"@type\":\"Person\",\"@id\":\"https:\\\/\\\/www.thebestsocial.media\\\/nl\\\/#\\\/schema\\\/person\\\/2b65a07de209cd1d416a21f959fdf166\",\"name\":\"yannick\",\"image\":{\"@type\":\"ImageObject\",\"inLanguage\":\"nl-NL\",\"@id\":\"https:\\\/\\\/secure.gravatar.com\\\/avatar\\\/8909b7412361c45e4fc0664b3e04faa1ad03832e065a1098c95a21a0527771d4?s=96&d=mm&r=g\",\"url\":\"https:\\\/\\\/secure.gravatar.com\\\/avatar\\\/8909b7412361c45e4fc0664b3e04faa1ad03832e065a1098c95a21a0527771d4?s=96&d=mm&r=g\",\"contentUrl\":\"https:\\\/\\\/secure.gravatar.com\\\/avatar\\\/8909b7412361c45e4fc0664b3e04faa1ad03832e065a1098c95a21a0527771d4?s=96&d=mm&r=g\",\"caption\":\"yannick\"},\"description\":\"Geboren en getogen Bredanaar. Droomde altijd van een carri\u00e8re als profvoetballer, maar is gestrand in de Kelderklasse. Nu geeft ze hier onnodig 'commentaar' op sport, collega's (\u00e9\u00e9n in het bijzonder) en mensen die iconische memes niet kennen.\",\"sameAs\":[\"https:\\\/\\\/www.instagram.com\\\/yannicksnoek\\\/\",\"https:\\\/\\\/www.linkedin.com\\\/in\\\/yannick-s-743aa110b\\\/\"],\"url\":\"https:\\\/\\\/www.thebestsocial.media\\\/nl\\\/author\\\/yannick\\\/\"}]}<\/script>\n<!-- \/ Yoast SEO plugin. -->","yoast_head_json":{"title":"8 tweets van Nederlanders die Code Geel hebben overleefd","description":"Onvoorspelbaar en nat is de enige manier om het Nederlandse weer te beschrijven. En vandaag was het weer aardig raak: code geel!","robots":{"index":"index","follow":"follow","max-snippet":"max-snippet:-1","max-image-preview":"max-image-preview:large","max-video-preview":"max-video-preview:-1"},"canonical":"https:\/\/www.thebestsocial.media\/nl\/wind-fiets-code-geel\/","og_locale":"nl_NL","og_type":"article","og_title":"8 tweets van Nederlanders die Code Geel hebben overleefd","og_description":"Onvoorspelbaar en nat is de enige manier om het Nederlandse weer te beschrijven. En vandaag was het weer aardig raak: code geel!","og_url":"https:\/\/www.thebestsocial.media\/nl\/wind-fiets-code-geel\/","og_site_name":"The Best Social Media NL","article_published_time":"2023-01-12T11:30:59+00:00","og_image":[{"width":1200,"height":630,"url":"https:\/\/www.thebestsocial.media\/nl\/wp-content\/uploads\/sites\/2\/2023\/01\/header-14.png","type":"image\/png"}],"author":"yannick","twitter_card":"summary_large_image","twitter_title":"8 tweets van Nederlanders die Code Geel hebben overleefd","twitter_description":"Onvoorspelbaar en nat is de enige manier om het Nederlandse weer te beschrijven. En vandaag was het weer aardig raak: code geel!","twitter_image":"https:\/\/www.thebestsocial.media\/nl\/wp-content\/uploads\/sites\/2\/2023\/01\/header-14.png","twitter_misc":{"Geschreven door":"yannick","Geschatte leestijd":"3 minuten"},"schema":{"@context":"https:\/\/schema.org","@graph":[{"@type":"Article","@id":"https:\/\/www.thebestsocial.media\/nl\/wind-fiets-code-geel\/#article","isPartOf":{"@id":"https:\/\/www.thebestsocial.media\/nl\/wind-fiets-code-geel\/"},"author":{"name":"yannick","@id":"https:\/\/www.thebestsocial.media\/nl\/#\/schema\/person\/2b65a07de209cd1d416a21f959fdf166"},"headline":"8 tweets van Nederlanders die Code Geel hebben overleefd","datePublished":"2023-01-12T11:30:59+00:00","mainEntityOfPage":{"@id":"https:\/\/www.thebestsocial.media\/nl\/wind-fiets-code-geel\/"},"wordCount":357,"commentCount":0,"image":{"@id":"https:\/\/www.thebestsocial.media\/nl\/wind-fiets-code-geel\/#primaryimage"},"thumbnailUrl":"https:\/\/www.thebestsocial.media\/nl\/wp-content\/uploads\/sites\/2\/2023\/01\/uitgelichgt-1.png","keywords":["fiets","Nederland","windstoten"],"articleSection":["Blogs","Nieuws"],"inLanguage":"nl-NL","potentialAction":[{"@type":"CommentAction","name":"Comment","target":["https:\/\/www.thebestsocial.media\/nl\/wind-fiets-code-geel\/#respond"]}]},{"@type":"WebPage","@id":"https:\/\/www.thebestsocial.media\/nl\/wind-fiets-code-geel\/","url":"https:\/\/www.thebestsocial.media\/nl\/wind-fiets-code-geel\/","name":"8 tweets van Nederlanders die Code Geel hebben overleefd","isPartOf":{"@id":"https:\/\/www.thebestsocial.media\/nl\/#website"},"primaryImageOfPage":{"@id":"https:\/\/www.thebestsocial.media\/nl\/wind-fiets-code-geel\/#primaryimage"},"image":{"@id":"https:\/\/www.thebestsocial.media\/nl\/wind-fiets-code-geel\/#primaryimage"},"thumbnailUrl":"https:\/\/www.thebestsocial.media\/nl\/wp-content\/uploads\/sites\/2\/2023\/01\/uitgelichgt-1.png","datePublished":"2023-01-12T11:30:59+00:00","author":{"@id":"https:\/\/www.thebestsocial.media\/nl\/#\/schema\/person\/2b65a07de209cd1d416a21f959fdf166"},"description":"Onvoorspelbaar en nat is de enige manier om het Nederlandse weer te beschrijven. En vandaag was het weer aardig raak: code geel!","breadcrumb":{"@id":"https:\/\/www.thebestsocial.media\/nl\/wind-fiets-code-geel\/#breadcrumb"},"inLanguage":"nl-NL","potentialAction":[{"@type":"ReadAction","target":["https:\/\/www.thebestsocial.media\/nl\/wind-fiets-code-geel\/"]}]},{"@type":"ImageObject","inLanguage":"nl-NL","@id":"https:\/\/www.thebestsocial.media\/nl\/wind-fiets-code-geel\/#primaryimage","url":"https:\/\/www.thebestsocial.media\/nl\/wp-content\/uploads\/sites\/2\/2023\/01\/uitgelichgt-1.png","contentUrl":"https:\/\/www.thebestsocial.media\/nl\/wp-content\/uploads\/sites\/2\/2023\/01\/uitgelichgt-1.png","width":1200,"height":630},{"@type":"BreadcrumbList","@id":"https:\/\/www.thebestsocial.media\/nl\/wind-fiets-code-geel\/#breadcrumb","itemListElement":[{"@type":"ListItem","position":1,"name":"Home","item":"https:\/\/www.thebestsocial.media\/nl\/"},{"@type":"ListItem","position":2,"name":"8 tweets van Nederlanders die Code Geel hebben overleefd"}]},{"@type":"WebSite","@id":"https:\/\/www.thebestsocial.media\/nl\/#website","url":"https:\/\/www.thebestsocial.media\/nl\/","name":"The Best Social Media NL","description":"Zoeklicht in de Digital Chaos","potentialAction":[{"@type":"SearchAction","target":{"@type":"EntryPoint","urlTemplate":"https:\/\/www.thebestsocial.media\/nl\/?s={search_term_string}"},"query-input":{"@type":"PropertyValueSpecification","valueRequired":true,"valueName":"search_term_string"}}],"inLanguage":"nl-NL"},{"@type":"Person","@id":"https:\/\/www.thebestsocial.media\/nl\/#\/schema\/person\/2b65a07de209cd1d416a21f959fdf166","name":"yannick","image":{"@type":"ImageObject","inLanguage":"nl-NL","@id":"https:\/\/secure.gravatar.com\/avatar\/8909b7412361c45e4fc0664b3e04faa1ad03832e065a1098c95a21a0527771d4?s=96&d=mm&r=g","url":"https:\/\/secure.gravatar.com\/avatar\/8909b7412361c45e4fc0664b3e04faa1ad03832e065a1098c95a21a0527771d4?s=96&d=mm&r=g","contentUrl":"https:\/\/secure.gravatar.com\/avatar\/8909b7412361c45e4fc0664b3e04faa1ad03832e065a1098c95a21a0527771d4?s=96&d=mm&r=g","caption":"yannick"},"description":"Geboren en getogen Bredanaar. Droomde altijd van een carri\u00e8re als profvoetballer, maar is gestrand in de Kelderklasse. Nu geeft ze hier onnodig 'commentaar' op sport, collega's (\u00e9\u00e9n in het bijzonder) en mensen die iconische memes niet kennen.","sameAs":["https:\/\/www.instagram.com\/yannicksnoek\/","https:\/\/www.linkedin.com\/in\/yannick-s-743aa110b\/"],"url":"https:\/\/www.thebestsocial.media\/nl\/author\/yannick\/"}]}},"amp_enabled":true,"_links":{"self":[{"href":"https:\/\/www.thebestsocial.media\/nl\/wp-json\/wp\/v2\/posts\/236359","targetHints":{"allow":["GET"]}}],"collection":[{"href":"https:\/\/www.thebestsocial.media\/nl\/wp-json\/wp\/v2\/posts"}],"about":[{"href":"https:\/\/www.thebestsocial.media\/nl\/wp-json\/wp\/v2\/types\/post"}],"author":[{"embeddable":true,"href":"https:\/\/www.thebestsocial.media\/nl\/wp-json\/wp\/v2\/users\/96"}],"replies":[{"embeddable":true,"href":"https:\/\/www.thebestsocial.media\/nl\/wp-json\/wp\/v2\/comments?post=236359"}],"version-history":[{"count":3,"href":"https:\/\/www.thebestsocial.media\/nl\/wp-json\/wp\/v2\/posts\/236359\/revisions"}],"predecessor-version":[{"id":236426,"href":"https:\/\/www.thebestsocial.media\/nl\/wp-json\/wp\/v2\/posts\/236359\/revisions\/236426"}],"wp:featuredmedia":[{"embeddable":true,"href":"https:\/\/www.thebestsocial.media\/nl\/wp-json\/wp\/v2\/media\/236408"}],"wp:attachment":[{"href":"https:\/\/www.thebestsocial.media\/nl\/wp-json\/wp\/v2\/media?parent=236359"}],"wp:term":[{"taxonomy":"category","embeddable":true,"href":"https:\/\/www.thebestsocial.media\/nl\/wp-json\/wp\/v2\/categories?post=236359"},{"taxonomy":"post_tag","embeddable":true,"href":"https:\/\/www.thebestsocial.media\/nl\/wp-json\/wp\/v2\/tags?post=236359"}],"curies":[{"name":"wp","href":"https:\/\/api.w.org\/{rel}","templated":true}]}}