{"id":232532,"date":"2022-12-13T12:40:58","date_gmt":"2022-12-13T11:40:58","guid":{"rendered":"https:\/\/www.thebestsocial.media\/nl\/?p=232532"},"modified":"2022-12-13T12:40:58","modified_gmt":"2022-12-13T11:40:58","slug":"koud-nederland-temperatuur","status":"publish","type":"post","link":"https:\/\/www.thebestsocial.media\/nl\/koud-nederland-temperatuur\/","title":{"rendered":"Temperaturen dalen onder vriespunt: klagen over de kou is weer toegestaan"},"content":{"rendered":"<p>De temperaturen dalen momenteel nog sneller onder het vriespunt dan Max Verstappen over een Formule 1-circuit racet. Ja, het is \u00e9cht verdomd <a href=\"https:\/\/www.thebestsocial.media\/nl\/brrr-koude-douchers-vinden-zichzelf-iets-te-cool\/\">koud<\/a>. En dat betekent maar \u00e9\u00e9n ding: bizar veel zeikende Nederlanders. Maar vooruit, vanaf vandaag is dat toegestaan, want deze week wordt het alsmaar kouder en kouder.<\/p>\n<p>&nbsp;<\/p>\n<h3>1. Hoofd, schouders, knie en teen, knie en teen.<\/h3>\n<blockquote class=\"twitter-tweet\">\n<p dir=\"ltr\" lang=\"nl\">Gevoelstemperatuur: &#8216;heb ik nog benen, een neus en oren of is alles er afgevroren?&#8217;<\/p>\n<p>\u2014 Merel Morre (@MerelMorre) <a href=\"https:\/\/twitter.com\/MerelMorre\/status\/1602561679879012353?ref_src=twsrc%5Etfw\">December 13, 2022<\/a><\/p><\/blockquote>\n<p><script async src=\"https:\/\/platform.twitter.com\/widgets.js\" charset=\"utf-8\"><\/script><\/p>\n<p>&nbsp;<\/p>\n<h3>2. We mogen pas klagen over de kou als dit gebeurt.<\/h3>\n<blockquote class=\"twitter-tweet\">\n<p dir=\"ltr\" lang=\"nl\">Hoe koud het is? Mijn sterretje is bevroren. Z\u00f3 koud. <a href=\"https:\/\/t.co\/DmJgP9cOEh\">pic.twitter.com\/DmJgP9cOEh<\/a><\/p>\n<p>\u2014 Vincent G. de Vlugt (@Vincentgdevlugt) <a href=\"https:\/\/twitter.com\/Vincentgdevlugt\/status\/1602263545437212676?ref_src=twsrc%5Etfw\">December 12, 2022<\/a><\/p><\/blockquote>\n<p><script async src=\"https:\/\/platform.twitter.com\/widgets.js\" charset=\"utf-8\"><\/script><\/p>\n<p>&nbsp;<\/p>\n<h3>3. Elfstedenkoorts in 3, 2, 1\u2026<span class=\"Apple-converted-space\">\u00a0<\/span><\/h3>\n<blockquote class=\"twitter-tweet\">\n<p dir=\"ltr\" lang=\"nl\">*kreunende Erben Wennemars geluiden* <a href=\"https:\/\/t.co\/ouoj4LsnXi\">pic.twitter.com\/ouoj4LsnXi<\/a><\/p>\n<p>\u2014 Flint (@flintstoon) <a href=\"https:\/\/twitter.com\/flintstoon\/status\/1601961386204078081?ref_src=twsrc%5Etfw\">December 11, 2022<\/a><\/p><\/blockquote>\n<p><script async src=\"https:\/\/platform.twitter.com\/widgets.js\" charset=\"utf-8\"><\/script><\/p>\n<p>&nbsp;<\/p>\n<h3>4. Precies wanneer je &#8216;m het hardst nodig hebt&#8230;<\/h3>\n<blockquote class=\"twitter-tweet\">\n<p dir=\"ltr\" lang=\"nl\">Ik krijg de kachel niet aan de praat\ud83d\ude2d <a href=\"https:\/\/t.co\/OIrC51Xu1P\">pic.twitter.com\/OIrC51Xu1P<\/a><\/p>\n<p>\u2014 4l3tt4\ud83e\udda9 (@deraletta1) <a href=\"https:\/\/twitter.com\/deraletta1\/status\/1601958707373699074?ref_src=twsrc%5Etfw\">December 11, 2022<\/a><\/p><\/blockquote>\n<p><script async src=\"https:\/\/platform.twitter.com\/widgets.js\" charset=\"utf-8\"><\/script><\/p>\n<p>&nbsp;<\/p>\n<h3>5. Laag \u00e9\u00e9n, laag twee, laag drie.<\/h3>\n<blockquote class=\"twitter-tweet\">\n<p dir=\"ltr\" lang=\"nl\">Als je een variabel <a href=\"https:\/\/twitter.com\/hashtag\/energiecontract?src=hash&amp;ref_src=twsrc%5Etfw\">#energiecontract<\/a> hebt en je vrouw is een koukleum&#8230;. <a href=\"https:\/\/t.co\/iuRNl3qTLv\">pic.twitter.com\/iuRNl3qTLv<\/a><\/p>\n<p>\u2014 Jackofski (@Jackofski) <a href=\"https:\/\/twitter.com\/Jackofski\/status\/1602011477132644357?ref_src=twsrc%5Etfw\">December 11, 2022<\/a><\/p><\/blockquote>\n<p><script async src=\"https:\/\/platform.twitter.com\/widgets.js\" charset=\"utf-8\"><\/script><\/p>\n<p>&nbsp;<\/p>\n<h3>6. And we say: &#8216;Mijn poten sterven er van de kou af.&#8217;<\/h3>\n<blockquote class=\"twitter-tweet\">\n<p dir=\"ltr\" lang=\"nl\">In the Netherlands we don\u2019t say<br \/>\nIt&#8217;s cold outside<\/p>\n<p>In the Netherlands we say<br \/>\nGodverdomme wat een kolere kou!<br \/>\nHeel mij klauwen vriezen eraf.<\/p>\n<p>And I Think Thats Beautiful!<a href=\"https:\/\/twitter.com\/hashtag\/koud?src=hash&amp;ref_src=twsrc%5Etfw\">#koud<\/a> <a href=\"https:\/\/twitter.com\/hashtag\/sneeuw?src=hash&amp;ref_src=twsrc%5Etfw\">#sneeuw<\/a> <a href=\"https:\/\/twitter.com\/hashtag\/krijgdekerst?src=hash&amp;ref_src=twsrc%5Etfw\">#krijgdekerst<\/a> <a href=\"https:\/\/twitter.com\/hashtag\/koudh%C3%A8?src=hash&amp;ref_src=twsrc%5Etfw\">#koudh\u00e8<\/a> <a href=\"https:\/\/t.co\/GE8rx99qFZ\">pic.twitter.com\/GE8rx99qFZ<\/a><\/p>\n<p>\u2014 Old Amsterdam (@TheMrsHolzken) <a href=\"https:\/\/twitter.com\/TheMrsHolzken\/status\/1601552427194646528?ref_src=twsrc%5Etfw\">December 10, 2022<\/a><\/p><\/blockquote>\n<p><script async src=\"https:\/\/platform.twitter.com\/widgets.js\" charset=\"utf-8\"><\/script><\/p>\n<p>&nbsp;<\/p>\n<h3>7. Tip van Flip: deze week maar effe niet doen.<\/h3>\n<blockquote class=\"twitter-tweet\">\n<p dir=\"ltr\" lang=\"nl\">Als je met natte haren de hond uit gaat laten vandaag. <a href=\"https:\/\/twitter.com\/hashtag\/koud?src=hash&amp;ref_src=twsrc%5Etfw\">#koud<\/a> <a href=\"https:\/\/t.co\/1K16zIGZ23\">pic.twitter.com\/1K16zIGZ23<\/a><\/p>\n<p>\u2014 Ellen (@ShiningEllen) <a href=\"https:\/\/twitter.com\/ShiningEllen\/status\/1601534610067767296?ref_src=twsrc%5Etfw\">December 10, 2022<\/a><\/p><\/blockquote>\n<p><script async src=\"https:\/\/platform.twitter.com\/widgets.js\" charset=\"utf-8\"><\/script><\/p>\n<p>&nbsp;<\/p>\n<h3>8. Thermokleding, beter bekend als de ultieme redder in nood deze week.<\/h3>\n<blockquote class=\"twitter-tweet\">\n<p dir=\"ltr\" lang=\"nl\">Ik heb zoveel lagen kleding aan, lijk 5 kilo zwaarder, straks paar uur naar de kerstmarkt in Haarlem met mijn zoon en zijn vriendin \ud83c\udf85 <a href=\"https:\/\/twitter.com\/hashtag\/koud?src=hash&amp;ref_src=twsrc%5Etfw\">#koud<\/a><\/p>\n<p>\u2014 \ud835\udc38\ud835\udcc1\ud835\udcbe\ud835\udcc3\ud835\udc52 \ud83d\udd4a \ud83d\udc83 \ud83c\uddf5\ud83c\uddf8 \ud83d\udc9c (@lienepien1) <a href=\"https:\/\/twitter.com\/lienepien1\/status\/1601936821784567808?ref_src=twsrc%5Etfw\">December 11, 2022<\/a><\/p><\/blockquote>\n<p><script async src=\"https:\/\/platform.twitter.com\/widgets.js\" charset=\"utf-8\"><\/script><\/p>\n<p>&nbsp;<\/p>\n<h3>9. Bij Elfsteden-enthousiastelingen begint het nu te kriebelen: de Noren mogen weer uit het vet!<\/h3>\n<blockquote class=\"twitter-tweet\">\n<p dir=\"ltr\" lang=\"nl\">Waarom horen we nog niks van de Elfsteden commissie?<\/p>\n<p>\u2014 kees kees \ud83e\ude78\ud83c\uddf7\ud83c\uddfa\ud83d\ude9c (@keesdismist) <a href=\"https:\/\/twitter.com\/keesdismist\/status\/1601513077182468098?ref_src=twsrc%5Etfw\">December 10, 2022<\/a><\/p><\/blockquote>\n<p><script async src=\"https:\/\/platform.twitter.com\/widgets.js\" charset=\"utf-8\"><\/script><\/p>\n<blockquote class=\"twitter-tweet\">\n<p dir=\"ltr\" lang=\"nl\">Mogelijk eerste marathon op natuurijs deze week.<a href=\"https:\/\/t.co\/0Etya5uGYU\">https:\/\/t.co\/0Etya5uGYU<\/a><\/p>\n<p>\u2014 Weeronline (@weeronline) <a href=\"https:\/\/twitter.com\/weeronline\/status\/1602317461109592064?ref_src=twsrc%5Etfw\">December 12, 2022<\/a><\/p><\/blockquote>\n<p><script async src=\"https:\/\/platform.twitter.com\/widgets.js\" charset=\"utf-8\"><\/script><\/p>\n<p>&nbsp;<\/p>\n<p>&nbsp;<\/p>\n<p>&nbsp;<\/p>\n<p><strong>H\u00e9! Wist je eigenlijk dat het bedrijf achter The Best Social Media nog veel meer doet dan artikelen schrijven? Neem eens een kijkje op de <a href=\"https:\/\/www.instagram.com\/thebestsocial\/\" target=\"_blank\" rel=\"noopener\">Instagram<\/a>&#8211; en <a href=\"https:\/\/www.linkedin.com\/company\/thebestsocial\/mycompany\/\" target=\"_blank\" rel=\"noopener\">LinkedInpagina<\/a> van The Best Social.<\/strong><\/p>\n<blockquote class=\"instagram-media\" style=\"background: #FFF; border: 0; border-radius: 3px; box-shadow: 0 0 1px 0 rgba(0,0,0,0.5),0 1px 10px 0 rgba(0,0,0,0.15); margin: 1px; max-width: 540px; min-width: 326px; padding: 0; width: calc(100% - 2px);\" data-instgrm-captioned=\"\" data-instgrm-permalink=\"https:\/\/www.instagram.com\/p\/CbP2S9-o1Nt\/?utm_source=ig_embed&amp;utm_campaign=loading\" data-instgrm-version=\"14\">\n<div style=\"padding: 16px;\">\n<p>&nbsp;<\/p>\n<div style=\"display: flex; flex-direction: row; align-items: center;\">\n<div style=\"background-color: #f4f4f4; border-radius: 50%; flex-grow: 0; height: 40px; margin-right: 14px; width: 40px;\"><\/div>\n<div style=\"display: flex; flex-direction: column; flex-grow: 1; justify-content: center;\">\n<div style=\"background-color: #f4f4f4; border-radius: 4px; flex-grow: 0; height: 14px; margin-bottom: 6px; width: 100px;\"><\/div>\n<div style=\"background-color: #f4f4f4; border-radius: 4px; flex-grow: 0; height: 14px; width: 60px;\"><\/div>\n<\/div>\n<\/div>\n<div style=\"padding: 19% 0;\"><\/div>\n<div style=\"display: block; height: 50px; margin: 0 auto 12px; width: 50px;\"><\/div>\n<div style=\"padding-top: 8px;\">\n<div style=\"color: #3897f0; font-family: Arial,sans-serif; font-size: 14px; font-style: normal; font-weight: 550; line-height: 18px;\">View this post on Instagram<\/div>\n<\/div>\n<div style=\"padding: 12.5% 0;\"><\/div>\n<div style=\"display: flex; flex-direction: row; margin-bottom: 14px; align-items: center;\">\n<div>\n<div style=\"background-color: #f4f4f4; border-radius: 50%; height: 12.5px; width: 12.5px; transform: translateX(0px) translateY(7px);\"><\/div>\n<div style=\"background-color: #f4f4f4; height: 12.5px; transform: rotate(-45deg) translateX(3px) translateY(1px); width: 12.5px; flex-grow: 0; margin-right: 14px; margin-left: 2px;\"><\/div>\n<div style=\"background-color: #f4f4f4; border-radius: 50%; height: 12.5px; width: 12.5px; transform: translateX(9px) translateY(-18px);\"><\/div>\n<\/div>\n<div style=\"margin-left: 8px;\">\n<div style=\"background-color: #f4f4f4; border-radius: 50%; flex-grow: 0; height: 20px; width: 20px;\"><\/div>\n<div style=\"width: 0; height: 0; border-top: 2px solid transparent; border-left: 6px solid #f4f4f4; border-bottom: 2px solid transparent; transform: translateX(16px) translateY(-4px) rotate(30deg);\"><\/div>\n<\/div>\n<div style=\"margin-left: auto;\">\n<div style=\"width: 0px; border-top: 8px solid #F4F4F4; border-right: 8px solid transparent; transform: translateY(16px);\"><\/div>\n<div style=\"background-color: #f4f4f4; flex-grow: 0; height: 12px; width: 16px; transform: translateY(-4px);\"><\/div>\n<div style=\"width: 0; height: 0; border-top: 8px solid #F4F4F4; border-left: 8px solid transparent; transform: translateY(-4px) translateX(8px);\"><\/div>\n<\/div>\n<\/div>\n<div style=\"display: flex; flex-direction: column; flex-grow: 1; justify-content: center; margin-bottom: 24px;\">\n<div style=\"background-color: #f4f4f4; border-radius: 4px; flex-grow: 0; height: 14px; margin-bottom: 6px; width: 224px;\"><\/div>\n<div style=\"background-color: #f4f4f4; border-radius: 4px; flex-grow: 0; height: 14px; width: 144px;\"><\/div>\n<\/div>\n<p>&nbsp;<\/p>\n<p style=\"color: #c9c8cd; font-family: Arial,sans-serif; font-size: 14px; line-height: 17px; margin-bottom: 0; margin-top: 8px; overflow: hidden; padding: 8px 0 7px; text-align: center; text-overflow: ellipsis; white-space: nowrap;\"><a style=\"color: #c9c8cd; font-family: Arial,sans-serif; font-size: 14px; font-style: normal; font-weight: normal; line-height: 17px; text-decoration: none;\" href=\"https:\/\/www.instagram.com\/p\/CbP2S9-o1Nt\/?utm_source=ig_embed&amp;utm_campaign=loading\" target=\"_blank\" rel=\"noopener\">A post shared by The Best Social (@thebestsocial)<\/a><\/p>\n<\/div>\n<\/blockquote>\n\n<p>&nbsp;<\/p>\n<script async defer src=\"\/instagram-embed.js\"><\/script>","protected":false},"excerpt":{"rendered":"<p>De temperaturen dalen momenteel nog sneller onder het vriespunt dan Max Verstappen over een Formule 1-circuit racet. Ja, het is \u00e9cht verdomd koud. En dat&#8230;<\/p>\n","protected":false},"author":96,"featured_media":232584,"comment_status":"open","ping_status":"open","sticky":false,"template":"","format":"standard","meta":{"_acf_changed":false,"footnotes":""},"categories":[16,17],"tags":[1377,1644,1443],"class_list":["post-232532","post","type-post","status-publish","format-standard","has-post-thumbnail","hentry","category-blogs","category-nieuws","tag-koud","tag-nederland","tag-temperatuur"],"acf":[],"yoast_head":"<!-- This site is optimized with the Yoast SEO plugin v27.5 - https:\/\/yoast.com\/product\/yoast-seo-wordpress\/ -->\n<title>Temperaturen dalen onder vriespunt: klagen over kou is toegestaan<\/title>\n<meta name=\"description\" content=\"Het is \u00e9cht verdomd koud. En dat betekent maar \u00e9\u00e9n ding: bizar veel zeikende Nederlanders. Maar vooruit vanaf vandaag is dat toegestaan...\" \/>\n<meta name=\"robots\" content=\"index, follow, max-snippet:-1, max-image-preview:large, max-video-preview:-1\" \/>\n<link rel=\"canonical\" href=\"https:\/\/www.thebestsocial.media\/nl\/koud-nederland-temperatuur\/\" \/>\n<meta property=\"og:locale\" content=\"nl_NL\" \/>\n<meta property=\"og:type\" content=\"article\" \/>\n<meta property=\"og:title\" content=\"Temperaturen dalen onder vriespunt: klagen over de kou is weer toegestaan\" \/>\n<meta property=\"og:description\" content=\"Het is \u00e9cht verdomd koud. En dat betekent maar \u00e9\u00e9n ding: bizar veel zeikende Nederlanders. Maar vooruit vanaf vandaag is dat toegestaan...\" \/>\n<meta property=\"og:url\" content=\"https:\/\/www.thebestsocial.media\/nl\/koud-nederland-temperatuur\/\" \/>\n<meta property=\"og:site_name\" content=\"The Best Social Media NL\" \/>\n<meta property=\"article:published_time\" content=\"2022-12-13T11:40:58+00:00\" \/>\n<meta property=\"og:image\" content=\"https:\/\/www.thebestsocial.media\/nl\/wp-content\/uploads\/sites\/2\/2022\/12\/header-19.png\" \/>\n\t<meta property=\"og:image:width\" content=\"1200\" \/>\n\t<meta property=\"og:image:height\" content=\"630\" \/>\n\t<meta property=\"og:image:type\" content=\"image\/png\" \/>\n<meta name=\"author\" content=\"yannick\" \/>\n<meta name=\"twitter:card\" content=\"summary_large_image\" \/>\n<meta name=\"twitter:title\" content=\"Temperaturen dalen onder vriespunt: klagen over de kou is weer toegestaan\" \/>\n<meta name=\"twitter:description\" content=\"Het is \u00e9cht verdomd koud. En dat betekent maar \u00e9\u00e9n ding: bizar veel zeikende Nederlanders. Maar vooruit vanaf vandaag is dat toegestaan...\" \/>\n<meta name=\"twitter:image\" content=\"https:\/\/www.thebestsocial.media\/nl\/wp-content\/uploads\/sites\/2\/2022\/12\/header-19.png\" \/>\n<meta name=\"twitter:label1\" content=\"Geschreven door\" \/>\n\t<meta name=\"twitter:data1\" content=\"yannick\" \/>\n\t<meta name=\"twitter:label2\" content=\"Geschatte leestijd\" \/>\n\t<meta name=\"twitter:data2\" content=\"2 minuten\" \/>\n<script type=\"application\/ld+json\" class=\"yoast-schema-graph\">{\"@context\":\"https:\\\/\\\/schema.org\",\"@graph\":[{\"@type\":\"Article\",\"@id\":\"https:\\\/\\\/www.thebestsocial.media\\\/nl\\\/koud-nederland-temperatuur\\\/#article\",\"isPartOf\":{\"@id\":\"https:\\\/\\\/www.thebestsocial.media\\\/nl\\\/koud-nederland-temperatuur\\\/\"},\"author\":{\"name\":\"yannick\",\"@id\":\"https:\\\/\\\/www.thebestsocial.media\\\/nl\\\/#\\\/schema\\\/person\\\/2b65a07de209cd1d416a21f959fdf166\"},\"headline\":\"Temperaturen dalen onder vriespunt: klagen over de kou is weer toegestaan\",\"datePublished\":\"2022-12-13T11:40:58+00:00\",\"mainEntityOfPage\":{\"@id\":\"https:\\\/\\\/www.thebestsocial.media\\\/nl\\\/koud-nederland-temperatuur\\\/\"},\"wordCount\":408,\"commentCount\":0,\"image\":{\"@id\":\"https:\\\/\\\/www.thebestsocial.media\\\/nl\\\/koud-nederland-temperatuur\\\/#primaryimage\"},\"thumbnailUrl\":\"https:\\\/\\\/www.thebestsocial.media\\\/nl\\\/wp-content\\\/uploads\\\/sites\\\/2\\\/2022\\\/12\\\/uitgelicht-11.png\",\"keywords\":[\"koud\",\"Nederland\",\"temperatuur\"],\"articleSection\":[\"Blogs\",\"Nieuws\"],\"inLanguage\":\"nl-NL\",\"potentialAction\":[{\"@type\":\"CommentAction\",\"name\":\"Comment\",\"target\":[\"https:\\\/\\\/www.thebestsocial.media\\\/nl\\\/koud-nederland-temperatuur\\\/#respond\"]}]},{\"@type\":\"WebPage\",\"@id\":\"https:\\\/\\\/www.thebestsocial.media\\\/nl\\\/koud-nederland-temperatuur\\\/\",\"url\":\"https:\\\/\\\/www.thebestsocial.media\\\/nl\\\/koud-nederland-temperatuur\\\/\",\"name\":\"Temperaturen dalen onder vriespunt: klagen over kou is toegestaan\",\"isPartOf\":{\"@id\":\"https:\\\/\\\/www.thebestsocial.media\\\/nl\\\/#website\"},\"primaryImageOfPage\":{\"@id\":\"https:\\\/\\\/www.thebestsocial.media\\\/nl\\\/koud-nederland-temperatuur\\\/#primaryimage\"},\"image\":{\"@id\":\"https:\\\/\\\/www.thebestsocial.media\\\/nl\\\/koud-nederland-temperatuur\\\/#primaryimage\"},\"thumbnailUrl\":\"https:\\\/\\\/www.thebestsocial.media\\\/nl\\\/wp-content\\\/uploads\\\/sites\\\/2\\\/2022\\\/12\\\/uitgelicht-11.png\",\"datePublished\":\"2022-12-13T11:40:58+00:00\",\"author\":{\"@id\":\"https:\\\/\\\/www.thebestsocial.media\\\/nl\\\/#\\\/schema\\\/person\\\/2b65a07de209cd1d416a21f959fdf166\"},\"description\":\"Het is \u00e9cht verdomd koud. En dat betekent maar \u00e9\u00e9n ding: bizar veel zeikende Nederlanders. Maar vooruit vanaf vandaag is dat toegestaan...\",\"breadcrumb\":{\"@id\":\"https:\\\/\\\/www.thebestsocial.media\\\/nl\\\/koud-nederland-temperatuur\\\/#breadcrumb\"},\"inLanguage\":\"nl-NL\",\"potentialAction\":[{\"@type\":\"ReadAction\",\"target\":[\"https:\\\/\\\/www.thebestsocial.media\\\/nl\\\/koud-nederland-temperatuur\\\/\"]}]},{\"@type\":\"ImageObject\",\"inLanguage\":\"nl-NL\",\"@id\":\"https:\\\/\\\/www.thebestsocial.media\\\/nl\\\/koud-nederland-temperatuur\\\/#primaryimage\",\"url\":\"https:\\\/\\\/www.thebestsocial.media\\\/nl\\\/wp-content\\\/uploads\\\/sites\\\/2\\\/2022\\\/12\\\/uitgelicht-11.png\",\"contentUrl\":\"https:\\\/\\\/www.thebestsocial.media\\\/nl\\\/wp-content\\\/uploads\\\/sites\\\/2\\\/2022\\\/12\\\/uitgelicht-11.png\",\"width\":1200,\"height\":630},{\"@type\":\"BreadcrumbList\",\"@id\":\"https:\\\/\\\/www.thebestsocial.media\\\/nl\\\/koud-nederland-temperatuur\\\/#breadcrumb\",\"itemListElement\":[{\"@type\":\"ListItem\",\"position\":1,\"name\":\"Home\",\"item\":\"https:\\\/\\\/www.thebestsocial.media\\\/nl\\\/\"},{\"@type\":\"ListItem\",\"position\":2,\"name\":\"Temperaturen dalen onder vriespunt: klagen over de kou is weer toegestaan\"}]},{\"@type\":\"WebSite\",\"@id\":\"https:\\\/\\\/www.thebestsocial.media\\\/nl\\\/#website\",\"url\":\"https:\\\/\\\/www.thebestsocial.media\\\/nl\\\/\",\"name\":\"The Best Social Media NL\",\"description\":\"Zoeklicht in de Digital Chaos\",\"potentialAction\":[{\"@type\":\"SearchAction\",\"target\":{\"@type\":\"EntryPoint\",\"urlTemplate\":\"https:\\\/\\\/www.thebestsocial.media\\\/nl\\\/?s={search_term_string}\"},\"query-input\":{\"@type\":\"PropertyValueSpecification\",\"valueRequired\":true,\"valueName\":\"search_term_string\"}}],\"inLanguage\":\"nl-NL\"},{\"@type\":\"Person\",\"@id\":\"https:\\\/\\\/www.thebestsocial.media\\\/nl\\\/#\\\/schema\\\/person\\\/2b65a07de209cd1d416a21f959fdf166\",\"name\":\"yannick\",\"image\":{\"@type\":\"ImageObject\",\"inLanguage\":\"nl-NL\",\"@id\":\"https:\\\/\\\/secure.gravatar.com\\\/avatar\\\/8909b7412361c45e4fc0664b3e04faa1ad03832e065a1098c95a21a0527771d4?s=96&d=mm&r=g\",\"url\":\"https:\\\/\\\/secure.gravatar.com\\\/avatar\\\/8909b7412361c45e4fc0664b3e04faa1ad03832e065a1098c95a21a0527771d4?s=96&d=mm&r=g\",\"contentUrl\":\"https:\\\/\\\/secure.gravatar.com\\\/avatar\\\/8909b7412361c45e4fc0664b3e04faa1ad03832e065a1098c95a21a0527771d4?s=96&d=mm&r=g\",\"caption\":\"yannick\"},\"description\":\"Geboren en getogen Bredanaar. Droomde altijd van een carri\u00e8re als profvoetballer, maar is gestrand in de Kelderklasse. Nu geeft ze hier onnodig 'commentaar' op sport, collega's (\u00e9\u00e9n in het bijzonder) en mensen die iconische memes niet kennen.\",\"sameAs\":[\"https:\\\/\\\/www.instagram.com\\\/yannicksnoek\\\/\",\"https:\\\/\\\/www.linkedin.com\\\/in\\\/yannick-s-743aa110b\\\/\"],\"url\":\"https:\\\/\\\/www.thebestsocial.media\\\/nl\\\/author\\\/yannick\\\/\"}]}<\/script>\n<!-- \/ Yoast SEO plugin. -->","yoast_head_json":{"title":"Temperaturen dalen onder vriespunt: klagen over kou is toegestaan","description":"Het is \u00e9cht verdomd koud. En dat betekent maar \u00e9\u00e9n ding: bizar veel zeikende Nederlanders. Maar vooruit vanaf vandaag is dat toegestaan...","robots":{"index":"index","follow":"follow","max-snippet":"max-snippet:-1","max-image-preview":"max-image-preview:large","max-video-preview":"max-video-preview:-1"},"canonical":"https:\/\/www.thebestsocial.media\/nl\/koud-nederland-temperatuur\/","og_locale":"nl_NL","og_type":"article","og_title":"Temperaturen dalen onder vriespunt: klagen over de kou is weer toegestaan","og_description":"Het is \u00e9cht verdomd koud. En dat betekent maar \u00e9\u00e9n ding: bizar veel zeikende Nederlanders. Maar vooruit vanaf vandaag is dat toegestaan...","og_url":"https:\/\/www.thebestsocial.media\/nl\/koud-nederland-temperatuur\/","og_site_name":"The Best Social Media NL","article_published_time":"2022-12-13T11:40:58+00:00","og_image":[{"width":1200,"height":630,"url":"https:\/\/www.thebestsocial.media\/nl\/wp-content\/uploads\/sites\/2\/2022\/12\/header-19.png","type":"image\/png"}],"author":"yannick","twitter_card":"summary_large_image","twitter_title":"Temperaturen dalen onder vriespunt: klagen over de kou is weer toegestaan","twitter_description":"Het is \u00e9cht verdomd koud. En dat betekent maar \u00e9\u00e9n ding: bizar veel zeikende Nederlanders. Maar vooruit vanaf vandaag is dat toegestaan...","twitter_image":"https:\/\/www.thebestsocial.media\/nl\/wp-content\/uploads\/sites\/2\/2022\/12\/header-19.png","twitter_misc":{"Geschreven door":"yannick","Geschatte leestijd":"2 minuten"},"schema":{"@context":"https:\/\/schema.org","@graph":[{"@type":"Article","@id":"https:\/\/www.thebestsocial.media\/nl\/koud-nederland-temperatuur\/#article","isPartOf":{"@id":"https:\/\/www.thebestsocial.media\/nl\/koud-nederland-temperatuur\/"},"author":{"name":"yannick","@id":"https:\/\/www.thebestsocial.media\/nl\/#\/schema\/person\/2b65a07de209cd1d416a21f959fdf166"},"headline":"Temperaturen dalen onder vriespunt: klagen over de kou is weer toegestaan","datePublished":"2022-12-13T11:40:58+00:00","mainEntityOfPage":{"@id":"https:\/\/www.thebestsocial.media\/nl\/koud-nederland-temperatuur\/"},"wordCount":408,"commentCount":0,"image":{"@id":"https:\/\/www.thebestsocial.media\/nl\/koud-nederland-temperatuur\/#primaryimage"},"thumbnailUrl":"https:\/\/www.thebestsocial.media\/nl\/wp-content\/uploads\/sites\/2\/2022\/12\/uitgelicht-11.png","keywords":["koud","Nederland","temperatuur"],"articleSection":["Blogs","Nieuws"],"inLanguage":"nl-NL","potentialAction":[{"@type":"CommentAction","name":"Comment","target":["https:\/\/www.thebestsocial.media\/nl\/koud-nederland-temperatuur\/#respond"]}]},{"@type":"WebPage","@id":"https:\/\/www.thebestsocial.media\/nl\/koud-nederland-temperatuur\/","url":"https:\/\/www.thebestsocial.media\/nl\/koud-nederland-temperatuur\/","name":"Temperaturen dalen onder vriespunt: klagen over kou is toegestaan","isPartOf":{"@id":"https:\/\/www.thebestsocial.media\/nl\/#website"},"primaryImageOfPage":{"@id":"https:\/\/www.thebestsocial.media\/nl\/koud-nederland-temperatuur\/#primaryimage"},"image":{"@id":"https:\/\/www.thebestsocial.media\/nl\/koud-nederland-temperatuur\/#primaryimage"},"thumbnailUrl":"https:\/\/www.thebestsocial.media\/nl\/wp-content\/uploads\/sites\/2\/2022\/12\/uitgelicht-11.png","datePublished":"2022-12-13T11:40:58+00:00","author":{"@id":"https:\/\/www.thebestsocial.media\/nl\/#\/schema\/person\/2b65a07de209cd1d416a21f959fdf166"},"description":"Het is \u00e9cht verdomd koud. En dat betekent maar \u00e9\u00e9n ding: bizar veel zeikende Nederlanders. Maar vooruit vanaf vandaag is dat toegestaan...","breadcrumb":{"@id":"https:\/\/www.thebestsocial.media\/nl\/koud-nederland-temperatuur\/#breadcrumb"},"inLanguage":"nl-NL","potentialAction":[{"@type":"ReadAction","target":["https:\/\/www.thebestsocial.media\/nl\/koud-nederland-temperatuur\/"]}]},{"@type":"ImageObject","inLanguage":"nl-NL","@id":"https:\/\/www.thebestsocial.media\/nl\/koud-nederland-temperatuur\/#primaryimage","url":"https:\/\/www.thebestsocial.media\/nl\/wp-content\/uploads\/sites\/2\/2022\/12\/uitgelicht-11.png","contentUrl":"https:\/\/www.thebestsocial.media\/nl\/wp-content\/uploads\/sites\/2\/2022\/12\/uitgelicht-11.png","width":1200,"height":630},{"@type":"BreadcrumbList","@id":"https:\/\/www.thebestsocial.media\/nl\/koud-nederland-temperatuur\/#breadcrumb","itemListElement":[{"@type":"ListItem","position":1,"name":"Home","item":"https:\/\/www.thebestsocial.media\/nl\/"},{"@type":"ListItem","position":2,"name":"Temperaturen dalen onder vriespunt: klagen over de kou is weer toegestaan"}]},{"@type":"WebSite","@id":"https:\/\/www.thebestsocial.media\/nl\/#website","url":"https:\/\/www.thebestsocial.media\/nl\/","name":"The Best Social Media NL","description":"Zoeklicht in de Digital Chaos","potentialAction":[{"@type":"SearchAction","target":{"@type":"EntryPoint","urlTemplate":"https:\/\/www.thebestsocial.media\/nl\/?s={search_term_string}"},"query-input":{"@type":"PropertyValueSpecification","valueRequired":true,"valueName":"search_term_string"}}],"inLanguage":"nl-NL"},{"@type":"Person","@id":"https:\/\/www.thebestsocial.media\/nl\/#\/schema\/person\/2b65a07de209cd1d416a21f959fdf166","name":"yannick","image":{"@type":"ImageObject","inLanguage":"nl-NL","@id":"https:\/\/secure.gravatar.com\/avatar\/8909b7412361c45e4fc0664b3e04faa1ad03832e065a1098c95a21a0527771d4?s=96&d=mm&r=g","url":"https:\/\/secure.gravatar.com\/avatar\/8909b7412361c45e4fc0664b3e04faa1ad03832e065a1098c95a21a0527771d4?s=96&d=mm&r=g","contentUrl":"https:\/\/secure.gravatar.com\/avatar\/8909b7412361c45e4fc0664b3e04faa1ad03832e065a1098c95a21a0527771d4?s=96&d=mm&r=g","caption":"yannick"},"description":"Geboren en getogen Bredanaar. Droomde altijd van een carri\u00e8re als profvoetballer, maar is gestrand in de Kelderklasse. Nu geeft ze hier onnodig 'commentaar' op sport, collega's (\u00e9\u00e9n in het bijzonder) en mensen die iconische memes niet kennen.","sameAs":["https:\/\/www.instagram.com\/yannicksnoek\/","https:\/\/www.linkedin.com\/in\/yannick-s-743aa110b\/"],"url":"https:\/\/www.thebestsocial.media\/nl\/author\/yannick\/"}]}},"amp_enabled":true,"_links":{"self":[{"href":"https:\/\/www.thebestsocial.media\/nl\/wp-json\/wp\/v2\/posts\/232532","targetHints":{"allow":["GET"]}}],"collection":[{"href":"https:\/\/www.thebestsocial.media\/nl\/wp-json\/wp\/v2\/posts"}],"about":[{"href":"https:\/\/www.thebestsocial.media\/nl\/wp-json\/wp\/v2\/types\/post"}],"author":[{"embeddable":true,"href":"https:\/\/www.thebestsocial.media\/nl\/wp-json\/wp\/v2\/users\/96"}],"replies":[{"embeddable":true,"href":"https:\/\/www.thebestsocial.media\/nl\/wp-json\/wp\/v2\/comments?post=232532"}],"version-history":[{"count":8,"href":"https:\/\/www.thebestsocial.media\/nl\/wp-json\/wp\/v2\/posts\/232532\/revisions"}],"predecessor-version":[{"id":232724,"href":"https:\/\/www.thebestsocial.media\/nl\/wp-json\/wp\/v2\/posts\/232532\/revisions\/232724"}],"wp:featuredmedia":[{"embeddable":true,"href":"https:\/\/www.thebestsocial.media\/nl\/wp-json\/wp\/v2\/media\/232584"}],"wp:attachment":[{"href":"https:\/\/www.thebestsocial.media\/nl\/wp-json\/wp\/v2\/media?parent=232532"}],"wp:term":[{"taxonomy":"category","embeddable":true,"href":"https:\/\/www.thebestsocial.media\/nl\/wp-json\/wp\/v2\/categories?post=232532"},{"taxonomy":"post_tag","embeddable":true,"href":"https:\/\/www.thebestsocial.media\/nl\/wp-json\/wp\/v2\/tags?post=232532"}],"curies":[{"name":"wp","href":"https:\/\/api.w.org\/{rel}","templated":true}]}}