{"id":232430,"date":"2022-12-12T15:21:42","date_gmt":"2022-12-12T14:21:42","guid":{"rendered":"https:\/\/www.thebestsocial.media\/nl\/?p=232430"},"modified":"2022-12-12T15:21:42","modified_gmt":"2022-12-12T14:21:42","slug":"downsyndroom-stereotypering-twitter","status":"publish","type":"post","link":"https:\/\/www.thebestsocial.media\/nl\/downsyndroom-stereotypering-twitter\/","title":{"rendered":"Lars uit frustratie over misleidend beeld van mensen met Downsyndroom in de media"},"content":{"rendered":"<p>Tijdens het programma Down The Road maken jongeren met het Downsyndroom een uitdagende reis. Op deze manier proberen zij hun grenzen te verleggen. De jongeren met het Downsyndroom in deze programma&#8217;s zijn over het algemeen goed verstaanbaar, slim en verbaal vaardig. Maar volgens <a href=\"https:\/\/twitter.com\/LarsDuursma\/status\/1601927449075384324\">Lars<\/a> levert dit een misleidend beeld op. Er zijn namelijk genoeg jongeren, volwassenen en ouderen met het Syndroom van Down die niet verstaanbaar zijn, niet voor zichzelf kunnen zorgen of die grote gedragsproblemen hebben. Zo ontstaat er volgens Lars een verkeerd beeld van mensen met Down, zo legt hij op Twitter uit.<\/p>\n<p>&nbsp;<\/p>\n<h3>1. Lars kaart door middel van deze tweet zijn frustratie aan.<\/h3>\n<blockquote class=\"twitter-tweet\">\n<p dir=\"ltr\" lang=\"nl\">Ik heb steeds meer moeite met de wijze waarop mensen met het syndroom van Down worden ge\u00ebxploiteerd voor commercieel amusement. Tv-programma\u2019s schetsen een volstrekt verkeerd beeld van Down en etaleren mensen met een beperking als een bezienswaardigheid.<\/p>\n<p>Persoonlijk draadje: \ud83e\uddf5<\/p>\n<p>\u2014 Lars Duursma (@LarsDuursma) <a href=\"https:\/\/twitter.com\/LarsDuursma\/status\/1601927449075384324?ref_src=twsrc%5Etfw\">December 11, 2022<\/a><\/p><\/blockquote>\n<p><script async src=\"https:\/\/platform.twitter.com\/widgets.js\" charset=\"utf-8\"><\/script><\/p>\n<p>&nbsp;<\/p>\n<h3>2. Gelukkig wordt er vandaag de dag al heel anders gekeken naar het Downsyndroom dan voorheen.<\/h3>\n<blockquote class=\"twitter-tweet\" data-conversation=\"none\">\n<p dir=\"ltr\" lang=\"nl\">1\/ Vooraf: als broer van Jesper (37), de liefste broer van de wereld, ben ik blij dat we anno 2022 gelukkig anders denken over Down dan enkele decennia geleden. Dat betekent echter niet dat we het syndroom moeten prijzen als iets fantastisch, zoals bijv. Gordon doorlopend doet. <a href=\"https:\/\/t.co\/NK5m7E552H\">pic.twitter.com\/NK5m7E552H<\/a><\/p>\n<p>\u2014 Lars Duursma (@LarsDuursma) <a href=\"https:\/\/twitter.com\/LarsDuursma\/status\/1601927830740340740?ref_src=twsrc%5Etfw\">December 11, 2022<\/a><\/p><\/blockquote>\n<p><script async src=\"https:\/\/platform.twitter.com\/widgets.js\" charset=\"utf-8\"><\/script><\/p>\n<p>&nbsp;<\/p>\n<h3>3. Hoewel het fijn is dat er dankzij deze programma\u2019s meer aandacht is voor mensen met Down, ontstaat er wel scheefgroei.<span class=\"Apple-converted-space\">\u00a0<\/span><\/h3>\n<blockquote class=\"twitter-tweet\" data-conversation=\"none\">\n<p dir=\"ltr\" lang=\"nl\">2\/ Tv-programma\u2019s als <a href=\"https:\/\/twitter.com\/hashtag\/DownTheRoad?src=hash&amp;ref_src=twsrc%5Etfw\">#DownTheRoad<\/a> werken enkel met mensen die verstaanbaar spreken, slim zijn en verbaal vaardig. Dat is zo&#8217;n 1%.<\/p>\n<p>Soms denk ik: knap dat ze toch weer een nieuw gezicht hebben gevonden. Want ik dacht dat iedereen in deze groep inmiddels toch wel op tv is geweest.<\/p>\n<p>\u2014 Lars Duursma (@LarsDuursma) <a href=\"https:\/\/twitter.com\/LarsDuursma\/status\/1601928349932306432?ref_src=twsrc%5Etfw\">December 11, 2022<\/a><\/p><\/blockquote>\n<p><script async src=\"https:\/\/platform.twitter.com\/widgets.js\" charset=\"utf-8\"><\/script><\/p>\n<blockquote class=\"twitter-tweet\" data-conversation=\"none\">\n<p dir=\"ltr\" lang=\"nl\">3\/ Daarmee schetsen dit soort programma\u2019s een volstrekt misleidend beeld van het syndroom van Down. Je ziet geen mensen die niet kunnen praten, niet zindelijk zijn, grote gedragsproblemen hebben of bleven hangen op het denkniveau van iemand van twee.<\/p>\n<p>Maar \u00f3\u00f3k dat is Down.<\/p>\n<p>\u2014 Lars Duursma (@LarsDuursma) <a href=\"https:\/\/twitter.com\/LarsDuursma\/status\/1601929074707922944?ref_src=twsrc%5Etfw\">December 11, 2022<\/a><\/p><\/blockquote>\n<p><script async src=\"https:\/\/platform.twitter.com\/widgets.js\" charset=\"utf-8\"><\/script><\/p>\n<p>&nbsp;<\/p>\n<h3>4. Deze vader wil er niet aan voorbijgaan dat deze programma\u2019s de negatieve aspecten niet vergeten, terwijl ze wel een mooi beeld geven.<\/h3>\n<blockquote class=\"twitter-tweet\" data-conversation=\"none\">\n<p dir=\"ltr\" lang=\"nl\">Als vader van een dochter met Down sta ik hier wel een beetje dubbel in. Zeker de programma&#8217;s van <a href=\"https:\/\/twitter.com\/barryatsma?ref_src=twsrc%5Etfw\">@barryatsma<\/a> en Dieter Coppens gaven mijns inziens een mooi beeld waarin zowel de positieve als ook de negatieve aspecten aandacht kregen.<\/p>\n<p>\u2014 Geert van den Heuvel (@Gmheuvel) <a href=\"https:\/\/twitter.com\/Gmheuvel\/status\/1601956352871600130?ref_src=twsrc%5Etfw\">December 11, 2022<\/a><\/p><\/blockquote>\n<p><script async src=\"https:\/\/platform.twitter.com\/widgets.js\" charset=\"utf-8\"><\/script><\/p>\n<p>&nbsp;<\/p>\n<h3>5. Je hebt pas een goed beeld van wat het Downsyndroom inhoudt als je weet hoe het er bij de overige 99% aan toegaat.<\/h3>\n<blockquote class=\"twitter-tweet\" data-conversation=\"none\">\n<p dir=\"ltr\" lang=\"nl\">4\/ Bij <a href=\"https:\/\/twitter.com\/hashtag\/Op1?src=hash&amp;ref_src=twsrc%5Etfw\">#Op1<\/a> noemde Gordon mensen met Down een \u2018vergeten groep\u2019. Maar ik denk niet dat er ooit een groep was van zo\u2019n 13.000 mensen waarover zoveel series (en zelfs een soap bij <a href=\"https:\/\/twitter.com\/hashtag\/dwdd?src=hash&amp;ref_src=twsrc%5Etfw\">#dwdd<\/a>) werden gemaakt. En steeds die 1%.<\/p>\n<p>De overige 99% met Down: d\u00e1t is de werkelijke vergeten groep.<\/p>\n<p>\u2014 Lars Duursma (@LarsDuursma) <a href=\"https:\/\/twitter.com\/LarsDuursma\/status\/1601929651621879809?ref_src=twsrc%5Etfw\">December 11, 2022<\/a><\/p><\/blockquote>\n<p><script async src=\"https:\/\/platform.twitter.com\/widgets.js\" charset=\"utf-8\"><\/script><\/p>\n<blockquote class=\"twitter-tweet\" data-conversation=\"none\">\n<p dir=\"ltr\" lang=\"nl\">5\/ Er komt een moment dat je je moet afvragen of de schade van het stereotype niet groter is dan het positieve van de aandacht.<\/p>\n<p>Deze programma\u2019s versterken een volstrekt verkeerd beeld van Down en hoe meer vergelijkbare programma\u2019s er blijven komen, hoe groter de misleiding.<\/p>\n<p>\u2014 Lars Duursma (@LarsDuursma) <a href=\"https:\/\/twitter.com\/LarsDuursma\/status\/1601930378750697479?ref_src=twsrc%5Etfw\">December 11, 2022<\/a><\/p><\/blockquote>\n<p><script async src=\"https:\/\/platform.twitter.com\/widgets.js\" charset=\"utf-8\"><\/script><\/p>\n<p>&nbsp;<\/p>\n<h3>6. Stephanie weet in haar column op een duidelijke manier te vertellen dat ieder persoon met het Downsyndroom anders is.<\/h3>\n<blockquote class=\"twitter-tweet\" data-conversation=\"none\">\n<p dir=\"ltr\" lang=\"nl\">6\/ Columnist Stephanie van Witzenburg verwoordt dit uiterst raak in Down+Up, het magazine van stichting <a href=\"https:\/\/twitter.com\/downsyndroom?ref_src=twsrc%5Etfw\">@downsyndroom<\/a>. Ze benoemt ook de gevolgen van dit onjuiste beeld voor familie en omgeving.<\/p>\n<p>Een goede bron voor iedereen die meer wil weten:<a href=\"https:\/\/t.co\/yZWLzCBliN\">https:\/\/t.co\/yZWLzCBliN<\/a> <a href=\"https:\/\/t.co\/TYVDj46Cgh\">pic.twitter.com\/TYVDj46Cgh<\/a><\/p>\n<p>\u2014 Lars Duursma (@LarsDuursma) <a href=\"https:\/\/twitter.com\/LarsDuursma\/status\/1601931491889512448?ref_src=twsrc%5Etfw\">December 11, 2022<\/a><\/p><\/blockquote>\n<p><script async src=\"https:\/\/platform.twitter.com\/widgets.js\" charset=\"utf-8\"><\/script><\/p>\n<p><img decoding=\"async\" src=\"https:\/\/pbs.twimg.com\/media\/FjszgP4WAAEQKIB?format=jpg&amp;name=4096x4096\" alt=\"Afbeelding\" \/><\/p>\n<p>&nbsp;<\/p>\n<h3>7. Lars drukt ons hier met de neus op de feiten.<\/h3>\n<blockquote class=\"twitter-tweet\" data-conversation=\"none\">\n<p dir=\"ltr\" lang=\"nl\">7\/ Hoewel je moet uitkijken met generalisaties (veel respect voor hoe <a href=\"https:\/\/twitter.com\/barryatsma?ref_src=twsrc%5Etfw\">@barryatsma<\/a> en Dieter Coppens hun programma\u2019s maken), krijg ik een uiterst ongemakkelijk gevoel bij de overkill van tv-amusement dat mensen met Down etaleert als een bezienswaardigheid.<\/p>\n<p>Het is pijnlijk.<\/p>\n<p>\u2014 Lars Duursma (@LarsDuursma) <a href=\"https:\/\/twitter.com\/LarsDuursma\/status\/1601932864945258498?ref_src=twsrc%5Etfw\">December 11, 2022<\/a><\/p><\/blockquote>\n<p><script async src=\"https:\/\/platform.twitter.com\/widgets.js\" charset=\"utf-8\"><\/script><\/p>\n<blockquote class=\"twitter-tweet\" data-conversation=\"none\">\n<p dir=\"ltr\" lang=\"nl\">8\/ Want waarom zijn er zoveel programma\u2019s specifiek over Down en bijv. geen vergelijkbare programma\u2019s over (andere) zwakbegaafden?<\/p>\n<p>Is dat misschien omdat die niet zo lief, schattig en aaibaar zijn? Is het omdat je dan als kijker minder makkelijk kunt lachen om hun beperkingen?<\/p>\n<p>\u2014 Lars Duursma (@LarsDuursma) <a href=\"https:\/\/twitter.com\/LarsDuursma\/status\/1601933161088405505?ref_src=twsrc%5Etfw\">December 11, 2022<\/a><\/p><\/blockquote>\n<p><script async src=\"https:\/\/platform.twitter.com\/widgets.js\" charset=\"utf-8\"><\/script><\/p>\n<p>&nbsp;<\/p>\n<h3>8. De erkenning is uiteindelijk het belangrijkste.<\/h3>\n<blockquote class=\"twitter-tweet\" data-conversation=\"none\">\n<p dir=\"ltr\" lang=\"nl\">Helemaal eens Lars! Ook de <a href=\"https:\/\/twitter.com\/VGNbranche?ref_src=twsrc%5Etfw\">@VGNbranche<\/a> (waar ik voorzitter van ben) probeert dit telkens aan te kaarten. Inclusie houdt ook in dat ook de mensen die hoekiger, minder \u2018netjes\u2019, niet verstaanbaar etc er bij horen en zichtbaar mogen zijn, en erkend worden.<\/p>\n<p>\u2014 Boris van der Ham (@Borisham) <a href=\"https:\/\/twitter.com\/Borisham\/status\/1602053426887770112?ref_src=twsrc%5Etfw\">December 11, 2022<\/a><\/p><\/blockquote>\n<p><script src=\"https:\/\/platform.twitter.com\/widgets.js\" async=\"\" charset=\"utf-8\"><\/script><\/p>\n<p>&nbsp;<\/p>\n<h3>9. Deze programma\u2019s zorgen ervoor dat Downsyndroom alleen maar leuk en lachen lijkt, terwijl dat geen goede weergave is van de realiteit.<span class=\"Apple-converted-space\">\u00a0<\/span><\/h3>\n<blockquote class=\"twitter-tweet\" data-conversation=\"none\">\n<p dir=\"ltr\" lang=\"nl\">9\/ Het punt is: beperkingen zijn niet leuk. En al helemaal niet grappig.<\/p>\n<p>Maar dat je als kijker makkelijker kunt lachen om een beperking van zo\u2019n vrolijkerd met Down, lijkt me een verdomd slechte reden om kwetsbare mensen met deze beperking dan maar tot amusement te verheffen.<\/p>\n<p>\u2014 Lars Duursma (@LarsDuursma) <a href=\"https:\/\/twitter.com\/LarsDuursma\/status\/1601935204549099521?ref_src=twsrc%5Etfw\">December 11, 2022<\/a><\/p><\/blockquote>\n<p><script async src=\"https:\/\/platform.twitter.com\/widgets.js\" charset=\"utf-8\"><\/script><\/p>\n<p>&nbsp;<\/p>\n<h3>10. Dat enkel jongeren in dit soort programma\u2019s worden uitgelicht zorgt ook voor een incompleet beeld van de beperking.<\/h3>\n<blockquote class=\"twitter-tweet\" data-conversation=\"none\">\n<p dir=\"ltr\" lang=\"nl\">10\/ Merk ook op hoe dit soort programma\u2019s eigenlijk alleen jonge mensen laten zien. Zoals de moeder van een inmiddels overleden zoon met Down zei: als mensen met Down wat ouder worden, gaat het schattigheidsgehalte weg. En dan zijn ze ineens niet meer interessant voor televisie.<\/p>\n<p>\u2014 Lars Duursma (@LarsDuursma) <a href=\"https:\/\/twitter.com\/LarsDuursma\/status\/1601935957808537600?ref_src=twsrc%5Etfw\">December 11, 2022<\/a><\/p><\/blockquote>\n<p><script async src=\"https:\/\/platform.twitter.com\/widgets.js\" charset=\"utf-8\"><\/script><\/p>\n<p>&nbsp;<\/p>\n<h3>11. Terwijl dat niet zou mogen.<\/h3>\n<blockquote class=\"twitter-tweet\" data-conversation=\"none\">\n<p dir=\"ltr\" lang=\"nl\">Helemaal eens met deze draad!<br \/>\nMijn broer is nu 58, minder mobiel, moet nieuwe heup en dat is andere koek!En hij is voor mij ook de liefste! <a href=\"https:\/\/t.co\/gl6ttUcuDC\">pic.twitter.com\/gl6ttUcuDC<\/a><\/p>\n<p>\u2014 carrie grootaers (@grootaers1) <a href=\"https:\/\/twitter.com\/grootaers1\/status\/1601937826593005570?ref_src=twsrc%5Etfw\">December 11, 2022<\/a><\/p><\/blockquote>\n<p><script async src=\"https:\/\/platform.twitter.com\/widgets.js\" charset=\"utf-8\"><\/script><\/p>\n<p>&nbsp;<\/p>\n<h3>12. Velen sluiten zich aan bij de frustratie rondom de onrealistische beeldvorming van mensen met het Downsyndroom.<\/h3>\n<blockquote class=\"twitter-tweet\" data-conversation=\"none\">\n<p dir=\"ltr\" lang=\"nl\">Helemaal mee eens! Als arts VG zie ik heel veel mensen met Down. En de mensen met Down die ik zie, zie ik nou nooit op tv. En dat heeft een reden zoals je helder toelicht. Ik erger me ook al heel lang aan de eenzijdige beeldvorming die niet realistisch is.<\/p>\n<p>\u2014 Dokter ILSE (@ilsezaalavg) <a href=\"https:\/\/twitter.com\/ilsezaalavg\/status\/1601991700431638528?ref_src=twsrc%5Etfw\">December 11, 2022<\/a><\/p><\/blockquote>\n<p><script src=\"https:\/\/platform.twitter.com\/widgets.js\" async=\"\" charset=\"utf-8\"><\/script><\/p>\n<blockquote class=\"twitter-tweet\" data-conversation=\"none\">\n<p dir=\"ltr\" lang=\"nl\">Jaren gewerkt in de gehandicaptenzorg en ik ben het helemaal met je eens. Vreselijk die programma&#8217;s, ze schetsen een beeld dat gewoon niet klopt. Daarnaast hebben productie in sommige gevallen ook schijt aan de begeleiding van hun hoofdpersonen. Gevolg: toegenomen agressie.<\/p>\n<p>\u2014 #244 C&#8217;s list Hanneke \ud83d\udc89T. \ud83d\udc89Toverheks\ud83d\udc99\ud83d\udc9b (@HToverheks) <a href=\"https:\/\/twitter.com\/HToverheks\/status\/1601940750102843392?ref_src=twsrc%5Etfw\">December 11, 2022<\/a><\/p><\/blockquote>\n<p><script async src=\"https:\/\/platform.twitter.com\/widgets.js\" charset=\"utf-8\"><\/script><\/p>\n<p>&nbsp;<\/p>\n<h3>13. Voor alle ge\u00efnteresseerden: Lars duikt in zijn podcast &#8216;<a href=\"https:\/\/open.spotify.com\/show\/503CchMnqtRkHwRIl2iCNH?si=03f3df32f12e4dba\">De Communicados&#8217;<\/a> nog iets dieper in dit onderwerp.<\/h3>\n<blockquote class=\"twitter-tweet\" data-conversation=\"none\">\n<p dir=\"ltr\" lang=\"nl\">13\/ Tot slot: ik vind dit een lastig onderwerp. Natuurlijk omdat het persoonlijk is, maar ook omdat je al snel een negatief beeld neerzet van Down. Dat wil ik niet. Ik ben wel voor een meer realistisch beeld en voor discussie over de wenselijkheid van dit soort tv-programma&#8217;s.<\/p>\n<p>\u2014 Lars Duursma (@LarsDuursma) <a href=\"https:\/\/twitter.com\/LarsDuursma\/status\/1601942295032786945?ref_src=twsrc%5Etfw\">December 11, 2022<\/a><\/p><\/blockquote>\n<p><script src=\"https:\/\/platform.twitter.com\/widgets.js\" async=\"\" charset=\"utf-8\"><\/script><\/p>\n<blockquote class=\"twitter-tweet\" data-conversation=\"none\">\n<p dir=\"ltr\" lang=\"nl\">14\/ Voor wie het onderwerp interessant vindt: <a href=\"https:\/\/twitter.com\/VictorVlam?ref_src=twsrc%5Etfw\">@VictorVlam<\/a> en ik hadden in <a href=\"https:\/\/twitter.com\/decommunicados?ref_src=twsrc%5Etfw\">@decommunicados<\/a> een uitgebreider gesprek over de (on)wenselijkheid van huidige tv-programma&#8217;s rondom mensen met het syndroom van Down.<\/p>\n<p>Vanaf 7m44:<a href=\"https:\/\/t.co\/h9UukDo0Sk\">https:\/\/t.co\/h9UukDo0Sk<\/a><a href=\"https:\/\/t.co\/zUGGqiB3rD\">https:\/\/t.co\/zUGGqiB3rD<\/a><\/p>\n<p>\u2014 Lars Duursma (@LarsDuursma) <a href=\"https:\/\/twitter.com\/LarsDuursma\/status\/1601947109829255169?ref_src=twsrc%5Etfw\">December 11, 2022<\/a><\/p><\/blockquote>\n<p><script src=\"https:\/\/platform.twitter.com\/widgets.js\" async=\"\" charset=\"utf-8\"><\/script><\/p>\n<p>&nbsp;<\/p>\n<p>&nbsp;<\/p>\n<p>&nbsp;<\/p>\n<p><strong>Ben jij op zoek naar een toffe stage als project manager, designer of redacteur? Dan hebben we goed nieuws voor je! Vanaf begin 2023 zoeken wij namelijk nog stagiairs. Check onze <a href=\"https:\/\/www.thebestsocialjobs.com\/bedrijf\/the-best-social\/\" target=\"_blank\" rel=\"noopener\">stagevacatures op The Best Social Jobs<\/a>.<\/strong><\/p>\n<blockquote class=\"instagram-media\" style=\"background: #FFF; border: 0; border-radius: 3px; box-shadow: 0 0 1px 0 rgba(0,0,0,0.5),0 1px 10px 0 rgba(0,0,0,0.15); margin: 1px; max-width: 540px; min-width: 326px; padding: 0; width: calc(100% - 2px);\" data-instgrm-captioned=\"\" data-instgrm-permalink=\"https:\/\/www.instagram.com\/p\/CbP2S9-o1Nt\/?utm_source=ig_embed&amp;utm_campaign=loading\" data-instgrm-version=\"14\">\n<div style=\"padding: 16px;\">\n<p>&nbsp;<\/p>\n<div style=\"display: flex; flex-direction: row; align-items: center;\">\n<div style=\"background-color: #f4f4f4; border-radius: 50%; flex-grow: 0; height: 40px; margin-right: 14px; width: 40px;\"><\/div>\n<div style=\"display: flex; flex-direction: column; flex-grow: 1; justify-content: center;\">\n<div style=\"background-color: #f4f4f4; border-radius: 4px; flex-grow: 0; height: 14px; margin-bottom: 6px; width: 100px;\"><\/div>\n<div style=\"background-color: #f4f4f4; border-radius: 4px; flex-grow: 0; height: 14px; width: 60px;\"><\/div>\n<\/div>\n<\/div>\n<div style=\"padding: 19% 0;\"><\/div>\n<div style=\"display: block; height: 50px; margin: 0 auto 12px; width: 50px;\"><\/div>\n<div style=\"padding-top: 8px;\">\n<div style=\"color: #3897f0; font-family: Arial,sans-serif; font-size: 14px; font-style: normal; font-weight: 550; line-height: 18px;\">View this post on Instagram<\/div>\n<\/div>\n<div style=\"padding: 12.5% 0;\"><\/div>\n<div style=\"display: flex; flex-direction: row; margin-bottom: 14px; align-items: center;\">\n<div>\n<div style=\"background-color: #f4f4f4; border-radius: 50%; height: 12.5px; width: 12.5px; transform: translateX(0px) translateY(7px);\"><\/div>\n<div style=\"background-color: #f4f4f4; height: 12.5px; transform: rotate(-45deg) translateX(3px) translateY(1px); width: 12.5px; flex-grow: 0; margin-right: 14px; margin-left: 2px;\"><\/div>\n<div style=\"background-color: #f4f4f4; border-radius: 50%; height: 12.5px; width: 12.5px; transform: translateX(9px) translateY(-18px);\"><\/div>\n<\/div>\n<div style=\"margin-left: 8px;\">\n<div style=\"background-color: #f4f4f4; border-radius: 50%; flex-grow: 0; height: 20px; width: 20px;\"><\/div>\n<div style=\"width: 0; height: 0; border-top: 2px solid transparent; border-left: 6px solid #f4f4f4; border-bottom: 2px solid transparent; transform: translateX(16px) translateY(-4px) rotate(30deg);\"><\/div>\n<\/div>\n<div style=\"margin-left: auto;\">\n<div style=\"width: 0px; border-top: 8px solid #F4F4F4; border-right: 8px solid transparent; transform: translateY(16px);\"><\/div>\n<div style=\"background-color: #f4f4f4; flex-grow: 0; height: 12px; width: 16px; transform: translateY(-4px);\"><\/div>\n<div style=\"width: 0; height: 0; border-top: 8px solid #F4F4F4; border-left: 8px solid transparent; transform: translateY(-4px) translateX(8px);\"><\/div>\n<\/div>\n<\/div>\n<div style=\"display: flex; flex-direction: column; flex-grow: 1; justify-content: center; margin-bottom: 24px;\">\n<div style=\"background-color: #f4f4f4; border-radius: 4px; flex-grow: 0; height: 14px; margin-bottom: 6px; width: 224px;\"><\/div>\n<div style=\"background-color: #f4f4f4; border-radius: 4px; flex-grow: 0; height: 14px; width: 144px;\"><\/div>\n<\/div>\n<p>&nbsp;<\/p>\n<p style=\"color: #c9c8cd; font-family: Arial,sans-serif; font-size: 14px; line-height: 17px; margin-bottom: 0; margin-top: 8px; overflow: hidden; padding: 8px 0 7px; text-align: center; text-overflow: ellipsis; white-space: nowrap;\"><a style=\"color: #c9c8cd; font-family: Arial,sans-serif; font-size: 14px; font-style: normal; font-weight: normal; line-height: 17px; text-decoration: none;\" href=\"https:\/\/www.instagram.com\/p\/CbP2S9-o1Nt\/?utm_source=ig_embed&amp;utm_campaign=loading\" target=\"_blank\" rel=\"noopener\">A post shared by The Best Social (@thebestsocial)<\/a><\/p>\n<\/div>\n<\/blockquote>\n\n<script async defer src=\"\/instagram-embed.js\"><\/script>","protected":false},"excerpt":{"rendered":"<p>Tijdens het programma Down The Road maken jongeren met het Downsyndroom een uitdagende reis. Op deze manier proberen zij hun grenzen te verleggen. De jongeren&#8230;<\/p>\n","protected":false},"author":96,"featured_media":232468,"comment_status":"open","ping_status":"open","sticky":false,"template":"","format":"standard","meta":{"_acf_changed":false,"footnotes":""},"categories":[16,17],"tags":[4346,2343,28],"class_list":["post-232430","post","type-post","status-publish","format-standard","has-post-thumbnail","hentry","category-blogs","category-nieuws","tag-stereotypering","tag-syndroom-van-down","tag-twitter"],"acf":[],"yoast_head":"<!-- This site is optimized with the Yoast SEO plugin v27.5 - https:\/\/yoast.com\/product\/yoast-seo-wordpress\/ -->\n<title>Lars uit frustratie over misleidend beeld Downsyndroom in media<\/title>\n<meta name=\"description\" content=\"Jongeren met Down in programma&#039;s zijn goed verstaanbaar, slim en verbaal vaardig. Maar volgens Lars levert dit een misleidend beeld op.\" \/>\n<meta name=\"robots\" content=\"index, follow, max-snippet:-1, max-image-preview:large, max-video-preview:-1\" \/>\n<link rel=\"canonical\" href=\"https:\/\/www.thebestsocial.media\/nl\/downsyndroom-stereotypering-twitter\/\" \/>\n<meta property=\"og:locale\" content=\"nl_NL\" \/>\n<meta property=\"og:type\" content=\"article\" \/>\n<meta property=\"og:title\" content=\"Lars uit frustratie over misleidend beeld van mensen met Downsyndroom in de media\" \/>\n<meta property=\"og:description\" content=\"Jongeren met Down in programma&#039;s zijn over het algemeen goed verstaanbaar, slim en verbaal vaardig. Maar volgens Lars levert dit een heel misleidend beeld op.\" \/>\n<meta property=\"og:url\" content=\"https:\/\/www.thebestsocial.media\/nl\/downsyndroom-stereotypering-twitter\/\" \/>\n<meta property=\"og:site_name\" content=\"The Best Social Media NL\" \/>\n<meta property=\"article:published_time\" content=\"2022-12-12T14:21:42+00:00\" \/>\n<meta property=\"og:image\" content=\"https:\/\/www.thebestsocial.media\/nl\/wp-content\/uploads\/sites\/2\/2022\/12\/header-12.png\" \/>\n\t<meta property=\"og:image:width\" content=\"1200\" \/>\n\t<meta property=\"og:image:height\" content=\"630\" \/>\n\t<meta property=\"og:image:type\" content=\"image\/png\" \/>\n<meta name=\"author\" content=\"yannick\" \/>\n<meta name=\"twitter:card\" content=\"summary_large_image\" \/>\n<meta name=\"twitter:title\" content=\"Lars uit frustratie over misleidend beeld van mensen met Downsyndroom in de media\" \/>\n<meta name=\"twitter:description\" content=\"Jongeren met Down in programma&#039;s zijn over het algemeen goed verstaanbaar, slim en verbaal vaardig. Maar volgens Lars levert dit een heel misleidend beeld op.\" \/>\n<meta name=\"twitter:image\" content=\"https:\/\/www.thebestsocial.media\/nl\/wp-content\/uploads\/sites\/2\/2022\/12\/header-12.png\" \/>\n<meta name=\"twitter:label1\" content=\"Geschreven door\" \/>\n\t<meta name=\"twitter:data1\" content=\"yannick\" \/>\n\t<meta name=\"twitter:label2\" content=\"Geschatte leestijd\" \/>\n\t<meta name=\"twitter:data2\" content=\"7 minuten\" \/>\n<script type=\"application\/ld+json\" class=\"yoast-schema-graph\">{\"@context\":\"https:\\\/\\\/schema.org\",\"@graph\":[{\"@type\":\"Article\",\"@id\":\"https:\\\/\\\/www.thebestsocial.media\\\/nl\\\/downsyndroom-stereotypering-twitter\\\/#article\",\"isPartOf\":{\"@id\":\"https:\\\/\\\/www.thebestsocial.media\\\/nl\\\/downsyndroom-stereotypering-twitter\\\/\"},\"author\":{\"name\":\"yannick\",\"@id\":\"https:\\\/\\\/www.thebestsocial.media\\\/nl\\\/#\\\/schema\\\/person\\\/2b65a07de209cd1d416a21f959fdf166\"},\"headline\":\"Lars uit frustratie over misleidend beeld van mensen met Downsyndroom in de media\",\"datePublished\":\"2022-12-12T14:21:42+00:00\",\"mainEntityOfPage\":{\"@id\":\"https:\\\/\\\/www.thebestsocial.media\\\/nl\\\/downsyndroom-stereotypering-twitter\\\/\"},\"wordCount\":1258,\"commentCount\":0,\"image\":{\"@id\":\"https:\\\/\\\/www.thebestsocial.media\\\/nl\\\/downsyndroom-stereotypering-twitter\\\/#primaryimage\"},\"thumbnailUrl\":\"https:\\\/\\\/www.thebestsocial.media\\\/nl\\\/wp-content\\\/uploads\\\/sites\\\/2\\\/2022\\\/12\\\/uitgelicht-9.png\",\"keywords\":[\"stereotypering\",\"syndroom van down\",\"twitter\"],\"articleSection\":[\"Blogs\",\"Nieuws\"],\"inLanguage\":\"nl-NL\",\"potentialAction\":[{\"@type\":\"CommentAction\",\"name\":\"Comment\",\"target\":[\"https:\\\/\\\/www.thebestsocial.media\\\/nl\\\/downsyndroom-stereotypering-twitter\\\/#respond\"]}]},{\"@type\":\"WebPage\",\"@id\":\"https:\\\/\\\/www.thebestsocial.media\\\/nl\\\/downsyndroom-stereotypering-twitter\\\/\",\"url\":\"https:\\\/\\\/www.thebestsocial.media\\\/nl\\\/downsyndroom-stereotypering-twitter\\\/\",\"name\":\"Lars uit frustratie over misleidend beeld Downsyndroom in media\",\"isPartOf\":{\"@id\":\"https:\\\/\\\/www.thebestsocial.media\\\/nl\\\/#website\"},\"primaryImageOfPage\":{\"@id\":\"https:\\\/\\\/www.thebestsocial.media\\\/nl\\\/downsyndroom-stereotypering-twitter\\\/#primaryimage\"},\"image\":{\"@id\":\"https:\\\/\\\/www.thebestsocial.media\\\/nl\\\/downsyndroom-stereotypering-twitter\\\/#primaryimage\"},\"thumbnailUrl\":\"https:\\\/\\\/www.thebestsocial.media\\\/nl\\\/wp-content\\\/uploads\\\/sites\\\/2\\\/2022\\\/12\\\/uitgelicht-9.png\",\"datePublished\":\"2022-12-12T14:21:42+00:00\",\"author\":{\"@id\":\"https:\\\/\\\/www.thebestsocial.media\\\/nl\\\/#\\\/schema\\\/person\\\/2b65a07de209cd1d416a21f959fdf166\"},\"description\":\"Jongeren met Down in programma's zijn goed verstaanbaar, slim en verbaal vaardig. Maar volgens Lars levert dit een misleidend beeld op.\",\"breadcrumb\":{\"@id\":\"https:\\\/\\\/www.thebestsocial.media\\\/nl\\\/downsyndroom-stereotypering-twitter\\\/#breadcrumb\"},\"inLanguage\":\"nl-NL\",\"potentialAction\":[{\"@type\":\"ReadAction\",\"target\":[\"https:\\\/\\\/www.thebestsocial.media\\\/nl\\\/downsyndroom-stereotypering-twitter\\\/\"]}]},{\"@type\":\"ImageObject\",\"inLanguage\":\"nl-NL\",\"@id\":\"https:\\\/\\\/www.thebestsocial.media\\\/nl\\\/downsyndroom-stereotypering-twitter\\\/#primaryimage\",\"url\":\"https:\\\/\\\/www.thebestsocial.media\\\/nl\\\/wp-content\\\/uploads\\\/sites\\\/2\\\/2022\\\/12\\\/uitgelicht-9.png\",\"contentUrl\":\"https:\\\/\\\/www.thebestsocial.media\\\/nl\\\/wp-content\\\/uploads\\\/sites\\\/2\\\/2022\\\/12\\\/uitgelicht-9.png\",\"width\":1200,\"height\":630},{\"@type\":\"BreadcrumbList\",\"@id\":\"https:\\\/\\\/www.thebestsocial.media\\\/nl\\\/downsyndroom-stereotypering-twitter\\\/#breadcrumb\",\"itemListElement\":[{\"@type\":\"ListItem\",\"position\":1,\"name\":\"Home\",\"item\":\"https:\\\/\\\/www.thebestsocial.media\\\/nl\\\/\"},{\"@type\":\"ListItem\",\"position\":2,\"name\":\"Lars uit frustratie over misleidend beeld van mensen met Downsyndroom in de media\"}]},{\"@type\":\"WebSite\",\"@id\":\"https:\\\/\\\/www.thebestsocial.media\\\/nl\\\/#website\",\"url\":\"https:\\\/\\\/www.thebestsocial.media\\\/nl\\\/\",\"name\":\"The Best Social Media NL\",\"description\":\"Zoeklicht in de Digital Chaos\",\"potentialAction\":[{\"@type\":\"SearchAction\",\"target\":{\"@type\":\"EntryPoint\",\"urlTemplate\":\"https:\\\/\\\/www.thebestsocial.media\\\/nl\\\/?s={search_term_string}\"},\"query-input\":{\"@type\":\"PropertyValueSpecification\",\"valueRequired\":true,\"valueName\":\"search_term_string\"}}],\"inLanguage\":\"nl-NL\"},{\"@type\":\"Person\",\"@id\":\"https:\\\/\\\/www.thebestsocial.media\\\/nl\\\/#\\\/schema\\\/person\\\/2b65a07de209cd1d416a21f959fdf166\",\"name\":\"yannick\",\"image\":{\"@type\":\"ImageObject\",\"inLanguage\":\"nl-NL\",\"@id\":\"https:\\\/\\\/secure.gravatar.com\\\/avatar\\\/8909b7412361c45e4fc0664b3e04faa1ad03832e065a1098c95a21a0527771d4?s=96&d=mm&r=g\",\"url\":\"https:\\\/\\\/secure.gravatar.com\\\/avatar\\\/8909b7412361c45e4fc0664b3e04faa1ad03832e065a1098c95a21a0527771d4?s=96&d=mm&r=g\",\"contentUrl\":\"https:\\\/\\\/secure.gravatar.com\\\/avatar\\\/8909b7412361c45e4fc0664b3e04faa1ad03832e065a1098c95a21a0527771d4?s=96&d=mm&r=g\",\"caption\":\"yannick\"},\"description\":\"Geboren en getogen Bredanaar. Droomde altijd van een carri\u00e8re als profvoetballer, maar is gestrand in de Kelderklasse. Nu geeft ze hier onnodig 'commentaar' op sport, collega's (\u00e9\u00e9n in het bijzonder) en mensen die iconische memes niet kennen.\",\"sameAs\":[\"https:\\\/\\\/www.instagram.com\\\/yannicksnoek\\\/\",\"https:\\\/\\\/www.linkedin.com\\\/in\\\/yannick-s-743aa110b\\\/\"],\"url\":\"https:\\\/\\\/www.thebestsocial.media\\\/nl\\\/author\\\/yannick\\\/\"}]}<\/script>\n<!-- \/ Yoast SEO plugin. -->","yoast_head_json":{"title":"Lars uit frustratie over misleidend beeld Downsyndroom in media","description":"Jongeren met Down in programma's zijn goed verstaanbaar, slim en verbaal vaardig. Maar volgens Lars levert dit een misleidend beeld op.","robots":{"index":"index","follow":"follow","max-snippet":"max-snippet:-1","max-image-preview":"max-image-preview:large","max-video-preview":"max-video-preview:-1"},"canonical":"https:\/\/www.thebestsocial.media\/nl\/downsyndroom-stereotypering-twitter\/","og_locale":"nl_NL","og_type":"article","og_title":"Lars uit frustratie over misleidend beeld van mensen met Downsyndroom in de media","og_description":"Jongeren met Down in programma's zijn over het algemeen goed verstaanbaar, slim en verbaal vaardig. Maar volgens Lars levert dit een heel misleidend beeld op.","og_url":"https:\/\/www.thebestsocial.media\/nl\/downsyndroom-stereotypering-twitter\/","og_site_name":"The Best Social Media NL","article_published_time":"2022-12-12T14:21:42+00:00","og_image":[{"width":1200,"height":630,"url":"https:\/\/www.thebestsocial.media\/nl\/wp-content\/uploads\/sites\/2\/2022\/12\/header-12.png","type":"image\/png"}],"author":"yannick","twitter_card":"summary_large_image","twitter_title":"Lars uit frustratie over misleidend beeld van mensen met Downsyndroom in de media","twitter_description":"Jongeren met Down in programma's zijn over het algemeen goed verstaanbaar, slim en verbaal vaardig. Maar volgens Lars levert dit een heel misleidend beeld op.","twitter_image":"https:\/\/www.thebestsocial.media\/nl\/wp-content\/uploads\/sites\/2\/2022\/12\/header-12.png","twitter_misc":{"Geschreven door":"yannick","Geschatte leestijd":"7 minuten"},"schema":{"@context":"https:\/\/schema.org","@graph":[{"@type":"Article","@id":"https:\/\/www.thebestsocial.media\/nl\/downsyndroom-stereotypering-twitter\/#article","isPartOf":{"@id":"https:\/\/www.thebestsocial.media\/nl\/downsyndroom-stereotypering-twitter\/"},"author":{"name":"yannick","@id":"https:\/\/www.thebestsocial.media\/nl\/#\/schema\/person\/2b65a07de209cd1d416a21f959fdf166"},"headline":"Lars uit frustratie over misleidend beeld van mensen met Downsyndroom in de media","datePublished":"2022-12-12T14:21:42+00:00","mainEntityOfPage":{"@id":"https:\/\/www.thebestsocial.media\/nl\/downsyndroom-stereotypering-twitter\/"},"wordCount":1258,"commentCount":0,"image":{"@id":"https:\/\/www.thebestsocial.media\/nl\/downsyndroom-stereotypering-twitter\/#primaryimage"},"thumbnailUrl":"https:\/\/www.thebestsocial.media\/nl\/wp-content\/uploads\/sites\/2\/2022\/12\/uitgelicht-9.png","keywords":["stereotypering","syndroom van down","twitter"],"articleSection":["Blogs","Nieuws"],"inLanguage":"nl-NL","potentialAction":[{"@type":"CommentAction","name":"Comment","target":["https:\/\/www.thebestsocial.media\/nl\/downsyndroom-stereotypering-twitter\/#respond"]}]},{"@type":"WebPage","@id":"https:\/\/www.thebestsocial.media\/nl\/downsyndroom-stereotypering-twitter\/","url":"https:\/\/www.thebestsocial.media\/nl\/downsyndroom-stereotypering-twitter\/","name":"Lars uit frustratie over misleidend beeld Downsyndroom in media","isPartOf":{"@id":"https:\/\/www.thebestsocial.media\/nl\/#website"},"primaryImageOfPage":{"@id":"https:\/\/www.thebestsocial.media\/nl\/downsyndroom-stereotypering-twitter\/#primaryimage"},"image":{"@id":"https:\/\/www.thebestsocial.media\/nl\/downsyndroom-stereotypering-twitter\/#primaryimage"},"thumbnailUrl":"https:\/\/www.thebestsocial.media\/nl\/wp-content\/uploads\/sites\/2\/2022\/12\/uitgelicht-9.png","datePublished":"2022-12-12T14:21:42+00:00","author":{"@id":"https:\/\/www.thebestsocial.media\/nl\/#\/schema\/person\/2b65a07de209cd1d416a21f959fdf166"},"description":"Jongeren met Down in programma's zijn goed verstaanbaar, slim en verbaal vaardig. Maar volgens Lars levert dit een misleidend beeld op.","breadcrumb":{"@id":"https:\/\/www.thebestsocial.media\/nl\/downsyndroom-stereotypering-twitter\/#breadcrumb"},"inLanguage":"nl-NL","potentialAction":[{"@type":"ReadAction","target":["https:\/\/www.thebestsocial.media\/nl\/downsyndroom-stereotypering-twitter\/"]}]},{"@type":"ImageObject","inLanguage":"nl-NL","@id":"https:\/\/www.thebestsocial.media\/nl\/downsyndroom-stereotypering-twitter\/#primaryimage","url":"https:\/\/www.thebestsocial.media\/nl\/wp-content\/uploads\/sites\/2\/2022\/12\/uitgelicht-9.png","contentUrl":"https:\/\/www.thebestsocial.media\/nl\/wp-content\/uploads\/sites\/2\/2022\/12\/uitgelicht-9.png","width":1200,"height":630},{"@type":"BreadcrumbList","@id":"https:\/\/www.thebestsocial.media\/nl\/downsyndroom-stereotypering-twitter\/#breadcrumb","itemListElement":[{"@type":"ListItem","position":1,"name":"Home","item":"https:\/\/www.thebestsocial.media\/nl\/"},{"@type":"ListItem","position":2,"name":"Lars uit frustratie over misleidend beeld van mensen met Downsyndroom in de media"}]},{"@type":"WebSite","@id":"https:\/\/www.thebestsocial.media\/nl\/#website","url":"https:\/\/www.thebestsocial.media\/nl\/","name":"The Best Social Media NL","description":"Zoeklicht in de Digital Chaos","potentialAction":[{"@type":"SearchAction","target":{"@type":"EntryPoint","urlTemplate":"https:\/\/www.thebestsocial.media\/nl\/?s={search_term_string}"},"query-input":{"@type":"PropertyValueSpecification","valueRequired":true,"valueName":"search_term_string"}}],"inLanguage":"nl-NL"},{"@type":"Person","@id":"https:\/\/www.thebestsocial.media\/nl\/#\/schema\/person\/2b65a07de209cd1d416a21f959fdf166","name":"yannick","image":{"@type":"ImageObject","inLanguage":"nl-NL","@id":"https:\/\/secure.gravatar.com\/avatar\/8909b7412361c45e4fc0664b3e04faa1ad03832e065a1098c95a21a0527771d4?s=96&d=mm&r=g","url":"https:\/\/secure.gravatar.com\/avatar\/8909b7412361c45e4fc0664b3e04faa1ad03832e065a1098c95a21a0527771d4?s=96&d=mm&r=g","contentUrl":"https:\/\/secure.gravatar.com\/avatar\/8909b7412361c45e4fc0664b3e04faa1ad03832e065a1098c95a21a0527771d4?s=96&d=mm&r=g","caption":"yannick"},"description":"Geboren en getogen Bredanaar. Droomde altijd van een carri\u00e8re als profvoetballer, maar is gestrand in de Kelderklasse. Nu geeft ze hier onnodig 'commentaar' op sport, collega's (\u00e9\u00e9n in het bijzonder) en mensen die iconische memes niet kennen.","sameAs":["https:\/\/www.instagram.com\/yannicksnoek\/","https:\/\/www.linkedin.com\/in\/yannick-s-743aa110b\/"],"url":"https:\/\/www.thebestsocial.media\/nl\/author\/yannick\/"}]}},"amp_enabled":true,"_links":{"self":[{"href":"https:\/\/www.thebestsocial.media\/nl\/wp-json\/wp\/v2\/posts\/232430","targetHints":{"allow":["GET"]}}],"collection":[{"href":"https:\/\/www.thebestsocial.media\/nl\/wp-json\/wp\/v2\/posts"}],"about":[{"href":"https:\/\/www.thebestsocial.media\/nl\/wp-json\/wp\/v2\/types\/post"}],"author":[{"embeddable":true,"href":"https:\/\/www.thebestsocial.media\/nl\/wp-json\/wp\/v2\/users\/96"}],"replies":[{"embeddable":true,"href":"https:\/\/www.thebestsocial.media\/nl\/wp-json\/wp\/v2\/comments?post=232430"}],"version-history":[{"count":10,"href":"https:\/\/www.thebestsocial.media\/nl\/wp-json\/wp\/v2\/posts\/232430\/revisions"}],"predecessor-version":[{"id":232550,"href":"https:\/\/www.thebestsocial.media\/nl\/wp-json\/wp\/v2\/posts\/232430\/revisions\/232550"}],"wp:featuredmedia":[{"embeddable":true,"href":"https:\/\/www.thebestsocial.media\/nl\/wp-json\/wp\/v2\/media\/232468"}],"wp:attachment":[{"href":"https:\/\/www.thebestsocial.media\/nl\/wp-json\/wp\/v2\/media?parent=232430"}],"wp:term":[{"taxonomy":"category","embeddable":true,"href":"https:\/\/www.thebestsocial.media\/nl\/wp-json\/wp\/v2\/categories?post=232430"},{"taxonomy":"post_tag","embeddable":true,"href":"https:\/\/www.thebestsocial.media\/nl\/wp-json\/wp\/v2\/tags?post=232430"}],"curies":[{"name":"wp","href":"https:\/\/api.w.org\/{rel}","templated":true}]}}