{"id":231383,"date":"2022-12-02T10:48:57","date_gmt":"2022-12-02T09:48:57","guid":{"rendered":"https:\/\/www.thebestsocial.media\/nl\/?p=231383"},"modified":"2022-12-02T10:48:57","modified_gmt":"2022-12-02T09:48:57","slug":"duitsers-belgen-uitgeschakeld-wk","status":"publish","type":"post","link":"https:\/\/www.thebestsocial.media\/nl\/duitsers-belgen-uitgeschakeld-wk\/","title":{"rendered":"Uitschakeling Belgi\u00eb en Duitsland zorgt voor leedvermaak op totaal gestoorde WK-dag"},"content":{"rendered":"<p>Nee, Oranje beleeft tot nu toe niet zo&#8217;n best WK. Toch schamen Nederlanders zich hier na gisteren een stukkie minder over, want we zijn tenminste niet al in de poulefase uitgeschakeld, zoals gisteren Duitsland \u00e9n Belgi\u00eb overkwam. Dankzij millimeterwerk wipte Japan onze oosterburen het toernooi uit, terwijl Marokko ten koste van de Belgen een ronde verder kwamen. Wij Nederlanders vinden dat natuurlijk h\u00e9\u00e9l erg voor deze twee grote voetballanden en bieden onze geliefde buren een schouder om op uit te huilen.<\/p>\n<p>&nbsp;<\/p>\n<h3>1. Dat was vanmorgen effe lekker wakker worden.<\/h3>\n<blockquote class=\"twitter-tweet\">\n<p dir=\"ltr\" lang=\"nl\">Duitsland en Belgi\u00eb eruit, op dezelfde dag? <a href=\"https:\/\/t.co\/l8Ddicw5Az\">pic.twitter.com\/l8Ddicw5Az<\/a><\/p>\n<p>\u2014 andries uit joure (@DuBlanqeBogarde) <a href=\"https:\/\/twitter.com\/DuBlanqeBogarde\/status\/1598413535901540357?ref_src=twsrc%5Etfw\">December 1, 2022<\/a><\/p><\/blockquote>\n<p><script async src=\"https:\/\/platform.twitter.com\/widgets.js\" charset=\"utf-8\"><\/script><\/p>\n<p>&nbsp;<\/p>\n<h3>2. Ondanks de steun van zeer prominente Belgen zoals de burgermeester van Samson &amp; Gert, ging het toch mis voor Belgi\u00eb.<\/h3>\n<blockquote class=\"twitter-tweet\">\n<p dir=\"ltr\" lang=\"nl\">Terwijl Samson op de stad past, zit meneer de burgemeester op de tribune in Qatar. <a href=\"https:\/\/twitter.com\/hashtag\/krobel?src=hash&amp;ref_src=twsrc%5Etfw\">#krobel<\/a> <a href=\"https:\/\/t.co\/OOY8RoGyfw\">pic.twitter.com\/OOY8RoGyfw<\/a><\/p>\n<p>\u2014 Ralf (@RalfCrutzen) <a href=\"https:\/\/twitter.com\/RalfCrutzen\/status\/1598356368993521664?ref_src=twsrc%5Etfw\">December 1, 2022<\/a><\/p><\/blockquote>\n<p><script async src=\"https:\/\/platform.twitter.com\/widgets.js\" charset=\"utf-8\"><\/script><\/p>\n<p>&nbsp;<\/p>\n<h3>3. Lukaku miste in de slotfase van de wedstrijd nog een aantal flinke kansen. Na het laatste fluitsignaal was het w\u00e9l raak.<\/h3>\n<blockquote class=\"twitter-tweet\">\n<p dir=\"ltr\" lang=\"nl\">Ik denk dat Romelu Lukaku de komende tien jaar elke nacht wakker schrikt van deze vier gemiste kansen tegen Kroati\u00eb.<\/p>\n<p>\u2014 S\u00fcleyman \u00d6zt\u00fcrk (@SuleyOzturk) <a href=\"https:\/\/twitter.com\/SuleyOzturk\/status\/1598359679721259010?ref_src=twsrc%5Etfw\">December 1, 2022<\/a><\/p><\/blockquote>\n<p><script async src=\"https:\/\/platform.twitter.com\/widgets.js\" charset=\"utf-8\"><\/script><\/p>\n<blockquote class=\"twitter-tweet\">\n<p dir=\"ltr\" lang=\"en\">Romelu Lukaku broke the dugout window after Belgium crashed out of the World Cup. <a href=\"https:\/\/t.co\/LT2RfLG22T\">pic.twitter.com\/LT2RfLG22T<\/a><\/p>\n<p>\u2014 ESPN FC (@ESPNFC) <a href=\"https:\/\/twitter.com\/ESPNFC\/status\/1598363326639226880?ref_src=twsrc%5Etfw\">December 1, 2022<\/a><\/p><\/blockquote>\n<p><script async src=\"https:\/\/platform.twitter.com\/widgets.js\" charset=\"utf-8\"><\/script><\/p>\n<p>&nbsp;<\/p>\n<h3>4. Memphis heeft nog geen deuk in een pakje boter geschoten dit toernooi, maar toch lachen we om Lukaku.<\/h3>\n<blockquote class=\"twitter-tweet\">\n<p dir=\"ltr\" lang=\"en\">Lukaku today: <a href=\"https:\/\/t.co\/69G1mWt5FE\">pic.twitter.com\/69G1mWt5FE<\/a><\/p>\n<p>\u2014 Footy Humour (@FootyHumour) <a href=\"https:\/\/twitter.com\/FootyHumour\/status\/1598359060558086146?ref_src=twsrc%5Etfw\">December 1, 2022<\/a><\/p><\/blockquote>\n<p><script async src=\"https:\/\/platform.twitter.com\/widgets.js\" charset=\"utf-8\"><\/script><\/p>\n<p>&nbsp;<\/p>\n<h3>5. De Belgische coach Roberto Mart\u00ednez nam intussen afscheid in stijl.<\/h3>\n<blockquote class=\"twitter-tweet\">\n<p dir=\"ltr\" lang=\"en\">Roberto Martinez moonwalking out of the Belgium job \ud83d\ude02\ud83e\udd23<br \/>\n<a href=\"https:\/\/t.co\/x7zXPt6g8I\">pic.twitter.com\/x7zXPt6g8I<\/a><\/p>\n<p>\u2014 Footy Humour (@FootyHumour) <a href=\"https:\/\/twitter.com\/FootyHumour\/status\/1598385190614798338?ref_src=twsrc%5Etfw\">December 1, 2022<\/a><\/p><\/blockquote>\n<p><script async src=\"https:\/\/platform.twitter.com\/widgets.js\" charset=\"utf-8\"><\/script><\/p>\n<p>&nbsp;<\/p>\n<h3>6. Dit betekent dat Marokko de poule met grote voetballanden Belgi\u00eb en Kroati\u00eb overleefd heeft.<\/h3>\n<blockquote class=\"twitter-tweet\">\n<p dir=\"ltr\" lang=\"nl\">Marokko groepswinnaar in een poule met de nummers 2 en 3 van het vorige WK. Waanzinnige prestatie. <a href=\"https:\/\/twitter.com\/hashtag\/canmar?src=hash&amp;ref_src=twsrc%5Etfw\">#canmar<\/a><\/p>\n<p>\u2014 Ralf (@RalfCrutzen) <a href=\"https:\/\/twitter.com\/RalfCrutzen\/status\/1598360330278932480?ref_src=twsrc%5Etfw\">December 1, 2022<\/a><\/p><\/blockquote>\n<p><script async src=\"https:\/\/platform.twitter.com\/widgets.js\" charset=\"utf-8\"><\/script><\/p>\n<p>&nbsp;<\/p>\n<h3>7. Doordat de Marokkaanse feestjes eerder deze week uit de hand liepen, hielden sommigen hun hart vast voor wat er zou gebeuren als Marokko de poulefase zou doorkomen. Dat viel gisteren gelukkig mee: dit soort beelden laten ook een andere kant zien.<\/h3>\n<blockquote class=\"twitter-tweet\">\n<p dir=\"ltr\" lang=\"nl\">Feest op West-Kruis. <a href=\"https:\/\/t.co\/egNWH2bVVN\">pic.twitter.com\/egNWH2bVVN<\/a><\/p>\n<p>\u2014 Lotfi El Hamidi (@Lotfi_Hamid) <a href=\"https:\/\/twitter.com\/Lotfi_Hamid\/status\/1598363643581710339?ref_src=twsrc%5Etfw\">December 1, 2022<\/a><\/p><\/blockquote>\n<p><script async src=\"https:\/\/platform.twitter.com\/widgets.js\" charset=\"utf-8\"><\/script><\/p>\n<p>&nbsp;<\/p>\n<h3>8. Later op de dag kwam pas het \u00e9chte vuurwerk: doordat Japan Spanje plotseling op 2-1 zette en Costa Rica op voorsprong stond tegen Duitsland, leken tijdelijk zowel de Duitsers als de Spanjaarden uitgeschakeld te worden.<\/h3>\n<blockquote class=\"twitter-tweet\">\n<p dir=\"ltr\" lang=\"nl\">Spanje won met 7-0 van Costa Rica. Datzelfde Costa Rica houdt nu virtueel Spanje uit de achtste finales.<\/p>\n<p>\u2014 Michel Abbink (@sportzeloot) <a href=\"https:\/\/twitter.com\/sportzeloot\/status\/1598413531036237826?ref_src=twsrc%5Etfw\">December 1, 2022<\/a><\/p><\/blockquote>\n<p><script async src=\"https:\/\/platform.twitter.com\/widgets.js\" charset=\"utf-8\"><\/script><\/p>\n<blockquote class=\"twitter-tweet\">\n<p dir=\"ltr\" lang=\"nl\">Mijn WK-pool op dit moment:<a href=\"https:\/\/twitter.com\/hashtag\/japspa?src=hash&amp;ref_src=twsrc%5Etfw\">#japspa<\/a> <a href=\"https:\/\/twitter.com\/hashtag\/crcger?src=hash&amp;ref_src=twsrc%5Etfw\">#crcger<\/a> <a href=\"https:\/\/twitter.com\/hashtag\/crcdui?src=hash&amp;ref_src=twsrc%5Etfw\">#crcdui<\/a> <a href=\"https:\/\/t.co\/KRm27bTS3r\">pic.twitter.com\/KRm27bTS3r<\/a><\/p>\n<p>\u2014 Maarten Hopman (@maartenhopman94) <a href=\"https:\/\/twitter.com\/maartenhopman94\/status\/1598417209197744129?ref_src=twsrc%5Etfw\">December 1, 2022<\/a><\/p><\/blockquote>\n<p><script async src=\"https:\/\/platform.twitter.com\/widgets.js\" charset=\"utf-8\"><\/script><\/p>\n<p>&nbsp;<\/p>\n<h3>9. De 2-1 van Japan was millimeterwerk, en die paar millimeter deden Duitsland uiteindelijk de das om.<\/h3>\n<blockquote class=\"twitter-tweet\">\n<p dir=\"ltr\" lang=\"nl\">Criminelen wat een cover. <a href=\"https:\/\/t.co\/vy0obRDZuG\">pic.twitter.com\/vy0obRDZuG<\/a><\/p>\n<p>\u2014 Jean-Paul Rison (@JeanPaulRison) <a href=\"https:\/\/twitter.com\/JeanPaulRison\/status\/1598438961629876225?ref_src=twsrc%5Etfw\">December 1, 2022<\/a><\/p><\/blockquote>\n<p><script async src=\"https:\/\/platform.twitter.com\/widgets.js\" charset=\"utf-8\"><\/script><\/p>\n<blockquote class=\"twitter-tweet\">\n<p dir=\"ltr\" lang=\"en\">New Japanese Flag <a href=\"https:\/\/t.co\/iP5UQWsCb3\">pic.twitter.com\/iP5UQWsCb3<\/a><\/p>\n<p>\u2014 my uncle\u2019s meme stash (@myunclesmemes) <a href=\"https:\/\/twitter.com\/myunclesmemes\/status\/1598455996925366272?ref_src=twsrc%5Etfw\">December 1, 2022<\/a><\/p><\/blockquote>\n<p><script async src=\"https:\/\/platform.twitter.com\/widgets.js\" charset=\"utf-8\"><\/script><\/p>\n<p>&nbsp;<\/p>\n<h3>10. Het Nederlands elftal heeft intussen nog altijd geen fatsoenlijke pass of een degelijk schot kunnen afleveren, maar het kan raar lopen in het voetbal.<\/h3>\n<blockquote class=\"twitter-tweet\">\n<p dir=\"ltr\" lang=\"nl\">Groepsfase van dit WK:<\/p>\n<p>Meeste schoten: Duitsland (69)<br \/>\nMeeste schoten op paal\/lat: Duitsland (5)<br \/>\nMeeste Expected Goals: Duitsland (10,5)<br \/>\nNaar huis: Duitsland<\/p>\n<p>\u2014 Bart Frouws (@bartf) <a href=\"https:\/\/twitter.com\/bartf\/status\/1598424279929847809?ref_src=twsrc%5Etfw\">December 1, 2022<\/a><\/p><\/blockquote>\n<p><script async src=\"https:\/\/platform.twitter.com\/widgets.js\" charset=\"utf-8\"><\/script><\/p>\n<p>&nbsp;<\/p>\n<h3>11. Doordat Japan de laatste zestien bereikte, kreeg Zoetermeer een gratis metamorfose.<\/h3>\n<blockquote class=\"twitter-tweet\">\n<p dir=\"ltr\" lang=\"nl\">Japanners zijn nu Zoetermeer aan het slopen omdat ze alles beter moeten achterlaten dan ze het aantroffen.<\/p>\n<p>\u2014 Pieter van Breevoort (@pietur) <a href=\"https:\/\/twitter.com\/pietur\/status\/1598447491556560899?ref_src=twsrc%5Etfw\">December 1, 2022<\/a><\/p><\/blockquote>\n<p><script async src=\"https:\/\/platform.twitter.com\/widgets.js\" charset=\"utf-8\"><\/script><\/p>\n<p>&nbsp;<\/p>\n<h3>12. We vinden het met z&#8217;n allen echt h\u00e9\u00e9l sneu voor Belgi\u00eb en Duitsland dat ze zijn uitgeschakeld. Nee, echt waar.<\/h3>\n<blockquote class=\"twitter-tweet\">\n<p dir=\"ltr\" lang=\"nl\">Het is natuurlijk heel kinderachtig om nu een bloemetje te leggen bij het Drielandenpunt maar aan de andere kant is het maar anderhalf uur rijden voor me.<a href=\"https:\/\/twitter.com\/hashtag\/CRCGER?src=hash&amp;ref_src=twsrc%5Etfw\">#CRCGER<\/a> <a href=\"https:\/\/twitter.com\/hashtag\/JAPSPA?src=hash&amp;ref_src=twsrc%5Etfw\">#JAPSPA<\/a><\/p>\n<p>\u2014 Jasper Schilder (@jasperschilder) <a href=\"https:\/\/twitter.com\/jasperschilder\/status\/1598422523187699712?ref_src=twsrc%5Etfw\">December 1, 2022<\/a><\/p><\/blockquote>\n<p><script async src=\"https:\/\/platform.twitter.com\/widgets.js\" charset=\"utf-8\"><\/script><\/p>\n<p>&nbsp;<\/p>\n<p>&nbsp;<\/p>\n<p><strong>Ben jij op zoek naar een toffe stage als project manager, designer of redacteur? Dan hebben we goed nieuws voor je! Vanaf begin 2023 zoeken wij namelijk nog stagiairs. Check onze <a href=\"https:\/\/www.thebestsocialjobs.com\/bedrijf\/the-best-social\/\" target=\"_blank\" rel=\"noopener\">stagevacatures op The Best Social Jobs<\/a>.<\/strong><\/p>\n<blockquote class=\"instagram-media\" style=\"background: #FFF; border: 0; border-radius: 3px; box-shadow: 0 0 1px 0 rgba(0,0,0,0.5),0 1px 10px 0 rgba(0,0,0,0.15); margin: 1px; max-width: 540px; min-width: 326px; padding: 0; width: calc(100% - 2px);\" data-instgrm-captioned=\"\" data-instgrm-permalink=\"https:\/\/www.instagram.com\/p\/CbP2S9-o1Nt\/?utm_source=ig_embed&amp;utm_campaign=loading\" data-instgrm-version=\"14\">\n<div style=\"padding: 16px;\">\n<p>&nbsp;<\/p>\n<div style=\"display: flex; flex-direction: row; align-items: center;\">\n<div style=\"background-color: #f4f4f4; border-radius: 50%; flex-grow: 0; height: 40px; margin-right: 14px; width: 40px;\"><\/div>\n<div style=\"display: flex; flex-direction: column; flex-grow: 1; justify-content: center;\">\n<div style=\"background-color: #f4f4f4; border-radius: 4px; flex-grow: 0; height: 14px; margin-bottom: 6px; width: 100px;\"><\/div>\n<div style=\"background-color: #f4f4f4; border-radius: 4px; flex-grow: 0; height: 14px; width: 60px;\"><\/div>\n<\/div>\n<\/div>\n<div style=\"padding: 19% 0;\"><\/div>\n<div style=\"display: block; height: 50px; margin: 0 auto 12px; width: 50px;\"><\/div>\n<div style=\"padding-top: 8px;\">\n<div style=\"color: #3897f0; font-family: Arial,sans-serif; font-size: 14px; font-style: normal; font-weight: 550; line-height: 18px;\">View this post on Instagram<\/div>\n<\/div>\n<div style=\"padding: 12.5% 0;\"><\/div>\n<div style=\"display: flex; flex-direction: row; margin-bottom: 14px; align-items: center;\">\n<div>\n<div style=\"background-color: #f4f4f4; border-radius: 50%; height: 12.5px; width: 12.5px; transform: translateX(0px) translateY(7px);\"><\/div>\n<div style=\"background-color: #f4f4f4; height: 12.5px; transform: rotate(-45deg) translateX(3px) translateY(1px); width: 12.5px; flex-grow: 0; margin-right: 14px; margin-left: 2px;\"><\/div>\n<div style=\"background-color: #f4f4f4; border-radius: 50%; height: 12.5px; width: 12.5px; transform: translateX(9px) translateY(-18px);\"><\/div>\n<\/div>\n<div style=\"margin-left: 8px;\">\n<div style=\"background-color: #f4f4f4; border-radius: 50%; flex-grow: 0; height: 20px; width: 20px;\"><\/div>\n<div style=\"width: 0; height: 0; border-top: 2px solid transparent; border-left: 6px solid #f4f4f4; border-bottom: 2px solid transparent; transform: translateX(16px) translateY(-4px) rotate(30deg);\"><\/div>\n<\/div>\n<div style=\"margin-left: auto;\">\n<div style=\"width: 0px; border-top: 8px solid #F4F4F4; border-right: 8px solid transparent; transform: translateY(16px);\"><\/div>\n<div style=\"background-color: #f4f4f4; flex-grow: 0; height: 12px; width: 16px; transform: translateY(-4px);\"><\/div>\n<div style=\"width: 0; height: 0; border-top: 8px solid #F4F4F4; border-left: 8px solid transparent; transform: translateY(-4px) translateX(8px);\"><\/div>\n<\/div>\n<\/div>\n<div style=\"display: flex; flex-direction: column; flex-grow: 1; justify-content: center; margin-bottom: 24px;\">\n<div style=\"background-color: #f4f4f4; border-radius: 4px; flex-grow: 0; height: 14px; margin-bottom: 6px; width: 224px;\"><\/div>\n<div style=\"background-color: #f4f4f4; border-radius: 4px; flex-grow: 0; height: 14px; width: 144px;\"><\/div>\n<\/div>\n<p>&nbsp;<\/p>\n<p style=\"color: #c9c8cd; font-family: Arial,sans-serif; font-size: 14px; line-height: 17px; margin-bottom: 0; margin-top: 8px; overflow: hidden; padding: 8px 0 7px; text-align: center; text-overflow: ellipsis; white-space: nowrap;\"><a style=\"color: #c9c8cd; font-family: Arial,sans-serif; font-size: 14px; font-style: normal; font-weight: normal; line-height: 17px; text-decoration: none;\" href=\"https:\/\/www.instagram.com\/p\/CbP2S9-o1Nt\/?utm_source=ig_embed&amp;utm_campaign=loading\" target=\"_blank\" rel=\"noopener\">A post shared by The Best Social (@thebestsocial)<\/a><\/p>\n<\/div>\n<\/blockquote>\n\n<p>&nbsp;<\/p>\n<script async defer src=\"\/instagram-embed.js\"><\/script>","protected":false},"excerpt":{"rendered":"<p>Nee, Oranje beleeft tot nu toe niet zo&#8217;n best WK. Toch schamen Nederlanders zich hier na gisteren een stukkie minder over, want we zijn tenminste&#8230;<\/p>\n","protected":false},"author":94,"featured_media":231405,"comment_status":"open","ping_status":"open","sticky":false,"template":"","format":"standard","meta":{"_acf_changed":false,"footnotes":""},"categories":[16,17],"tags":[1424,2465,6682],"class_list":["post-231383","post","type-post","status-publish","format-standard","has-post-thumbnail","hentry","category-blogs","category-nieuws","tag-belgie","tag-duitsland","tag-wk-2022"],"acf":[],"yoast_head":"<!-- This site is optimized with the Yoast SEO plugin v27.5 - https:\/\/yoast.com\/product\/yoast-seo-wordpress\/ -->\n<title>Leedvermaak na uitschakeling Duitsland en Belgi\u00eb op het WK<\/title>\n<meta name=\"description\" content=\"Duitsland \u00e9n Belgi\u00eb liggen na een aantal zeer spectaculaire wedstrijden uit het WK. Wij Nederlanders tonen hierbij veel medeleven.\" \/>\n<meta name=\"robots\" content=\"index, follow, max-snippet:-1, max-image-preview:large, max-video-preview:-1\" \/>\n<link rel=\"canonical\" href=\"https:\/\/www.thebestsocial.media\/nl\/duitsers-belgen-uitgeschakeld-wk\/\" \/>\n<meta property=\"og:locale\" content=\"nl_NL\" \/>\n<meta property=\"og:type\" content=\"article\" \/>\n<meta property=\"og:title\" content=\"Uitschakeling Belgi\u00eb en Duitsland zorgt voor leedvermaak op totaal gestoorde WK-dag\" \/>\n<meta property=\"og:description\" content=\"Duitsland \u00e9n Belgi\u00eb liggen na een aantal zeer spectaculaire wedstrijden uit het WK. Wij Nederlanders tonen hierbij veel medeleven.\" \/>\n<meta property=\"og:url\" content=\"https:\/\/www.thebestsocial.media\/nl\/duitsers-belgen-uitgeschakeld-wk\/\" \/>\n<meta property=\"og:site_name\" content=\"The Best Social Media NL\" \/>\n<meta property=\"article:published_time\" content=\"2022-12-02T09:48:57+00:00\" \/>\n<meta property=\"og:image\" content=\"https:\/\/www.thebestsocial.media\/nl\/wp-content\/uploads\/sites\/2\/2022\/12\/FB-Header-Duitsland-Belgie.png\" \/>\n\t<meta property=\"og:image:width\" content=\"1200\" \/>\n\t<meta property=\"og:image:height\" content=\"630\" \/>\n\t<meta property=\"og:image:type\" content=\"image\/png\" \/>\n<meta name=\"author\" content=\"lennartvanderburg\" \/>\n<meta name=\"twitter:card\" content=\"summary_large_image\" \/>\n<meta name=\"twitter:title\" content=\"Uitschakeling Belgi\u00eb en Duitsland zorgt voor leedvermaak op totaal gestoorde WK-dag\" \/>\n<meta name=\"twitter:description\" content=\"Duitsland \u00e9n Belgi\u00eb liggen na een aantal zeer spectaculaire wedstrijden uit het WK. Wij Nederlanders tonen hierbij veel medeleven.\" \/>\n<meta name=\"twitter:image\" content=\"https:\/\/www.thebestsocial.media\/nl\/wp-content\/uploads\/sites\/2\/2022\/12\/FB-Header-Duitsland-Belgie.png\" \/>\n<meta name=\"twitter:label1\" content=\"Geschreven door\" \/>\n\t<meta name=\"twitter:data1\" content=\"lennartvanderburg\" \/>\n\t<meta name=\"twitter:label2\" content=\"Geschatte leestijd\" \/>\n\t<meta name=\"twitter:data2\" content=\"4 minuten\" \/>\n<script type=\"application\/ld+json\" class=\"yoast-schema-graph\">{\"@context\":\"https:\\\/\\\/schema.org\",\"@graph\":[{\"@type\":\"Article\",\"@id\":\"https:\\\/\\\/www.thebestsocial.media\\\/nl\\\/duitsers-belgen-uitgeschakeld-wk\\\/#article\",\"isPartOf\":{\"@id\":\"https:\\\/\\\/www.thebestsocial.media\\\/nl\\\/duitsers-belgen-uitgeschakeld-wk\\\/\"},\"author\":{\"name\":\"lennartvanderburg\",\"@id\":\"https:\\\/\\\/www.thebestsocial.media\\\/nl\\\/#\\\/schema\\\/person\\\/58ff664c325f0ed0aaa3d2a61214355f\"},\"headline\":\"Uitschakeling Belgi\u00eb en Duitsland zorgt voor leedvermaak op totaal gestoorde WK-dag\",\"datePublished\":\"2022-12-02T09:48:57+00:00\",\"mainEntityOfPage\":{\"@id\":\"https:\\\/\\\/www.thebestsocial.media\\\/nl\\\/duitsers-belgen-uitgeschakeld-wk\\\/\"},\"wordCount\":702,\"commentCount\":0,\"image\":{\"@id\":\"https:\\\/\\\/www.thebestsocial.media\\\/nl\\\/duitsers-belgen-uitgeschakeld-wk\\\/#primaryimage\"},\"thumbnailUrl\":\"https:\\\/\\\/www.thebestsocial.media\\\/nl\\\/wp-content\\\/uploads\\\/sites\\\/2\\\/2022\\\/12\\\/FB-Header-Duitsland-Belgie-clean-1.png\",\"keywords\":[\"Belgi\u00eb\",\"duitsland\",\"wk 2022\"],\"articleSection\":[\"Blogs\",\"Nieuws\"],\"inLanguage\":\"nl-NL\",\"potentialAction\":[{\"@type\":\"CommentAction\",\"name\":\"Comment\",\"target\":[\"https:\\\/\\\/www.thebestsocial.media\\\/nl\\\/duitsers-belgen-uitgeschakeld-wk\\\/#respond\"]}]},{\"@type\":\"WebPage\",\"@id\":\"https:\\\/\\\/www.thebestsocial.media\\\/nl\\\/duitsers-belgen-uitgeschakeld-wk\\\/\",\"url\":\"https:\\\/\\\/www.thebestsocial.media\\\/nl\\\/duitsers-belgen-uitgeschakeld-wk\\\/\",\"name\":\"Leedvermaak na uitschakeling Duitsland en Belgi\u00eb op het WK\",\"isPartOf\":{\"@id\":\"https:\\\/\\\/www.thebestsocial.media\\\/nl\\\/#website\"},\"primaryImageOfPage\":{\"@id\":\"https:\\\/\\\/www.thebestsocial.media\\\/nl\\\/duitsers-belgen-uitgeschakeld-wk\\\/#primaryimage\"},\"image\":{\"@id\":\"https:\\\/\\\/www.thebestsocial.media\\\/nl\\\/duitsers-belgen-uitgeschakeld-wk\\\/#primaryimage\"},\"thumbnailUrl\":\"https:\\\/\\\/www.thebestsocial.media\\\/nl\\\/wp-content\\\/uploads\\\/sites\\\/2\\\/2022\\\/12\\\/FB-Header-Duitsland-Belgie-clean-1.png\",\"datePublished\":\"2022-12-02T09:48:57+00:00\",\"author\":{\"@id\":\"https:\\\/\\\/www.thebestsocial.media\\\/nl\\\/#\\\/schema\\\/person\\\/58ff664c325f0ed0aaa3d2a61214355f\"},\"description\":\"Duitsland \u00e9n Belgi\u00eb liggen na een aantal zeer spectaculaire wedstrijden uit het WK. Wij Nederlanders tonen hierbij veel medeleven.\",\"breadcrumb\":{\"@id\":\"https:\\\/\\\/www.thebestsocial.media\\\/nl\\\/duitsers-belgen-uitgeschakeld-wk\\\/#breadcrumb\"},\"inLanguage\":\"nl-NL\",\"potentialAction\":[{\"@type\":\"ReadAction\",\"target\":[\"https:\\\/\\\/www.thebestsocial.media\\\/nl\\\/duitsers-belgen-uitgeschakeld-wk\\\/\"]}]},{\"@type\":\"ImageObject\",\"inLanguage\":\"nl-NL\",\"@id\":\"https:\\\/\\\/www.thebestsocial.media\\\/nl\\\/duitsers-belgen-uitgeschakeld-wk\\\/#primaryimage\",\"url\":\"https:\\\/\\\/www.thebestsocial.media\\\/nl\\\/wp-content\\\/uploads\\\/sites\\\/2\\\/2022\\\/12\\\/FB-Header-Duitsland-Belgie-clean-1.png\",\"contentUrl\":\"https:\\\/\\\/www.thebestsocial.media\\\/nl\\\/wp-content\\\/uploads\\\/sites\\\/2\\\/2022\\\/12\\\/FB-Header-Duitsland-Belgie-clean-1.png\",\"width\":1200,\"height\":630,\"caption\":\"Duitsland Belgi\u00eb\"},{\"@type\":\"BreadcrumbList\",\"@id\":\"https:\\\/\\\/www.thebestsocial.media\\\/nl\\\/duitsers-belgen-uitgeschakeld-wk\\\/#breadcrumb\",\"itemListElement\":[{\"@type\":\"ListItem\",\"position\":1,\"name\":\"Home\",\"item\":\"https:\\\/\\\/www.thebestsocial.media\\\/nl\\\/\"},{\"@type\":\"ListItem\",\"position\":2,\"name\":\"Uitschakeling Belgi\u00eb en Duitsland zorgt voor leedvermaak op totaal gestoorde WK-dag\"}]},{\"@type\":\"WebSite\",\"@id\":\"https:\\\/\\\/www.thebestsocial.media\\\/nl\\\/#website\",\"url\":\"https:\\\/\\\/www.thebestsocial.media\\\/nl\\\/\",\"name\":\"The Best Social Media NL\",\"description\":\"Zoeklicht in de Digital Chaos\",\"potentialAction\":[{\"@type\":\"SearchAction\",\"target\":{\"@type\":\"EntryPoint\",\"urlTemplate\":\"https:\\\/\\\/www.thebestsocial.media\\\/nl\\\/?s={search_term_string}\"},\"query-input\":{\"@type\":\"PropertyValueSpecification\",\"valueRequired\":true,\"valueName\":\"search_term_string\"}}],\"inLanguage\":\"nl-NL\"},{\"@type\":\"Person\",\"@id\":\"https:\\\/\\\/www.thebestsocial.media\\\/nl\\\/#\\\/schema\\\/person\\\/58ff664c325f0ed0aaa3d2a61214355f\",\"name\":\"lennartvanderburg\",\"image\":{\"@type\":\"ImageObject\",\"inLanguage\":\"nl-NL\",\"@id\":\"https:\\\/\\\/secure.gravatar.com\\\/avatar\\\/f7b4f8dc41d93d4f93dd9a79f82900204cd7d3400f966ef1827f6770b96e3098?s=96&d=mm&r=g\",\"url\":\"https:\\\/\\\/secure.gravatar.com\\\/avatar\\\/f7b4f8dc41d93d4f93dd9a79f82900204cd7d3400f966ef1827f6770b96e3098?s=96&d=mm&r=g\",\"contentUrl\":\"https:\\\/\\\/secure.gravatar.com\\\/avatar\\\/f7b4f8dc41d93d4f93dd9a79f82900204cd7d3400f966ef1827f6770b96e3098?s=96&d=mm&r=g\",\"caption\":\"lennartvanderburg\"},\"description\":\"Gespierd, gevat en ongelofelijk grappig: drie dingen die Lennart niet is. Maar wat dan wel? Je zit op het internet, google het zelf effe joh.\",\"url\":\"https:\\\/\\\/www.thebestsocial.media\\\/nl\\\/author\\\/lennartvanderburg\\\/\"}]}<\/script>\n<!-- \/ Yoast SEO plugin. -->","yoast_head_json":{"title":"Leedvermaak na uitschakeling Duitsland en Belgi\u00eb op het WK","description":"Duitsland \u00e9n Belgi\u00eb liggen na een aantal zeer spectaculaire wedstrijden uit het WK. Wij Nederlanders tonen hierbij veel medeleven.","robots":{"index":"index","follow":"follow","max-snippet":"max-snippet:-1","max-image-preview":"max-image-preview:large","max-video-preview":"max-video-preview:-1"},"canonical":"https:\/\/www.thebestsocial.media\/nl\/duitsers-belgen-uitgeschakeld-wk\/","og_locale":"nl_NL","og_type":"article","og_title":"Uitschakeling Belgi\u00eb en Duitsland zorgt voor leedvermaak op totaal gestoorde WK-dag","og_description":"Duitsland \u00e9n Belgi\u00eb liggen na een aantal zeer spectaculaire wedstrijden uit het WK. Wij Nederlanders tonen hierbij veel medeleven.","og_url":"https:\/\/www.thebestsocial.media\/nl\/duitsers-belgen-uitgeschakeld-wk\/","og_site_name":"The Best Social Media NL","article_published_time":"2022-12-02T09:48:57+00:00","og_image":[{"width":1200,"height":630,"url":"https:\/\/www.thebestsocial.media\/nl\/wp-content\/uploads\/sites\/2\/2022\/12\/FB-Header-Duitsland-Belgie.png","type":"image\/png"}],"author":"lennartvanderburg","twitter_card":"summary_large_image","twitter_title":"Uitschakeling Belgi\u00eb en Duitsland zorgt voor leedvermaak op totaal gestoorde WK-dag","twitter_description":"Duitsland \u00e9n Belgi\u00eb liggen na een aantal zeer spectaculaire wedstrijden uit het WK. Wij Nederlanders tonen hierbij veel medeleven.","twitter_image":"https:\/\/www.thebestsocial.media\/nl\/wp-content\/uploads\/sites\/2\/2022\/12\/FB-Header-Duitsland-Belgie.png","twitter_misc":{"Geschreven door":"lennartvanderburg","Geschatte leestijd":"4 minuten"},"schema":{"@context":"https:\/\/schema.org","@graph":[{"@type":"Article","@id":"https:\/\/www.thebestsocial.media\/nl\/duitsers-belgen-uitgeschakeld-wk\/#article","isPartOf":{"@id":"https:\/\/www.thebestsocial.media\/nl\/duitsers-belgen-uitgeschakeld-wk\/"},"author":{"name":"lennartvanderburg","@id":"https:\/\/www.thebestsocial.media\/nl\/#\/schema\/person\/58ff664c325f0ed0aaa3d2a61214355f"},"headline":"Uitschakeling Belgi\u00eb en Duitsland zorgt voor leedvermaak op totaal gestoorde WK-dag","datePublished":"2022-12-02T09:48:57+00:00","mainEntityOfPage":{"@id":"https:\/\/www.thebestsocial.media\/nl\/duitsers-belgen-uitgeschakeld-wk\/"},"wordCount":702,"commentCount":0,"image":{"@id":"https:\/\/www.thebestsocial.media\/nl\/duitsers-belgen-uitgeschakeld-wk\/#primaryimage"},"thumbnailUrl":"https:\/\/www.thebestsocial.media\/nl\/wp-content\/uploads\/sites\/2\/2022\/12\/FB-Header-Duitsland-Belgie-clean-1.png","keywords":["Belgi\u00eb","duitsland","wk 2022"],"articleSection":["Blogs","Nieuws"],"inLanguage":"nl-NL","potentialAction":[{"@type":"CommentAction","name":"Comment","target":["https:\/\/www.thebestsocial.media\/nl\/duitsers-belgen-uitgeschakeld-wk\/#respond"]}]},{"@type":"WebPage","@id":"https:\/\/www.thebestsocial.media\/nl\/duitsers-belgen-uitgeschakeld-wk\/","url":"https:\/\/www.thebestsocial.media\/nl\/duitsers-belgen-uitgeschakeld-wk\/","name":"Leedvermaak na uitschakeling Duitsland en Belgi\u00eb op het WK","isPartOf":{"@id":"https:\/\/www.thebestsocial.media\/nl\/#website"},"primaryImageOfPage":{"@id":"https:\/\/www.thebestsocial.media\/nl\/duitsers-belgen-uitgeschakeld-wk\/#primaryimage"},"image":{"@id":"https:\/\/www.thebestsocial.media\/nl\/duitsers-belgen-uitgeschakeld-wk\/#primaryimage"},"thumbnailUrl":"https:\/\/www.thebestsocial.media\/nl\/wp-content\/uploads\/sites\/2\/2022\/12\/FB-Header-Duitsland-Belgie-clean-1.png","datePublished":"2022-12-02T09:48:57+00:00","author":{"@id":"https:\/\/www.thebestsocial.media\/nl\/#\/schema\/person\/58ff664c325f0ed0aaa3d2a61214355f"},"description":"Duitsland \u00e9n Belgi\u00eb liggen na een aantal zeer spectaculaire wedstrijden uit het WK. Wij Nederlanders tonen hierbij veel medeleven.","breadcrumb":{"@id":"https:\/\/www.thebestsocial.media\/nl\/duitsers-belgen-uitgeschakeld-wk\/#breadcrumb"},"inLanguage":"nl-NL","potentialAction":[{"@type":"ReadAction","target":["https:\/\/www.thebestsocial.media\/nl\/duitsers-belgen-uitgeschakeld-wk\/"]}]},{"@type":"ImageObject","inLanguage":"nl-NL","@id":"https:\/\/www.thebestsocial.media\/nl\/duitsers-belgen-uitgeschakeld-wk\/#primaryimage","url":"https:\/\/www.thebestsocial.media\/nl\/wp-content\/uploads\/sites\/2\/2022\/12\/FB-Header-Duitsland-Belgie-clean-1.png","contentUrl":"https:\/\/www.thebestsocial.media\/nl\/wp-content\/uploads\/sites\/2\/2022\/12\/FB-Header-Duitsland-Belgie-clean-1.png","width":1200,"height":630,"caption":"Duitsland Belgi\u00eb"},{"@type":"BreadcrumbList","@id":"https:\/\/www.thebestsocial.media\/nl\/duitsers-belgen-uitgeschakeld-wk\/#breadcrumb","itemListElement":[{"@type":"ListItem","position":1,"name":"Home","item":"https:\/\/www.thebestsocial.media\/nl\/"},{"@type":"ListItem","position":2,"name":"Uitschakeling Belgi\u00eb en Duitsland zorgt voor leedvermaak op totaal gestoorde WK-dag"}]},{"@type":"WebSite","@id":"https:\/\/www.thebestsocial.media\/nl\/#website","url":"https:\/\/www.thebestsocial.media\/nl\/","name":"The Best Social Media NL","description":"Zoeklicht in de Digital Chaos","potentialAction":[{"@type":"SearchAction","target":{"@type":"EntryPoint","urlTemplate":"https:\/\/www.thebestsocial.media\/nl\/?s={search_term_string}"},"query-input":{"@type":"PropertyValueSpecification","valueRequired":true,"valueName":"search_term_string"}}],"inLanguage":"nl-NL"},{"@type":"Person","@id":"https:\/\/www.thebestsocial.media\/nl\/#\/schema\/person\/58ff664c325f0ed0aaa3d2a61214355f","name":"lennartvanderburg","image":{"@type":"ImageObject","inLanguage":"nl-NL","@id":"https:\/\/secure.gravatar.com\/avatar\/f7b4f8dc41d93d4f93dd9a79f82900204cd7d3400f966ef1827f6770b96e3098?s=96&d=mm&r=g","url":"https:\/\/secure.gravatar.com\/avatar\/f7b4f8dc41d93d4f93dd9a79f82900204cd7d3400f966ef1827f6770b96e3098?s=96&d=mm&r=g","contentUrl":"https:\/\/secure.gravatar.com\/avatar\/f7b4f8dc41d93d4f93dd9a79f82900204cd7d3400f966ef1827f6770b96e3098?s=96&d=mm&r=g","caption":"lennartvanderburg"},"description":"Gespierd, gevat en ongelofelijk grappig: drie dingen die Lennart niet is. Maar wat dan wel? Je zit op het internet, google het zelf effe joh.","url":"https:\/\/www.thebestsocial.media\/nl\/author\/lennartvanderburg\/"}]}},"amp_enabled":true,"_links":{"self":[{"href":"https:\/\/www.thebestsocial.media\/nl\/wp-json\/wp\/v2\/posts\/231383","targetHints":{"allow":["GET"]}}],"collection":[{"href":"https:\/\/www.thebestsocial.media\/nl\/wp-json\/wp\/v2\/posts"}],"about":[{"href":"https:\/\/www.thebestsocial.media\/nl\/wp-json\/wp\/v2\/types\/post"}],"author":[{"embeddable":true,"href":"https:\/\/www.thebestsocial.media\/nl\/wp-json\/wp\/v2\/users\/94"}],"replies":[{"embeddable":true,"href":"https:\/\/www.thebestsocial.media\/nl\/wp-json\/wp\/v2\/comments?post=231383"}],"version-history":[{"count":2,"href":"https:\/\/www.thebestsocial.media\/nl\/wp-json\/wp\/v2\/posts\/231383\/revisions"}],"predecessor-version":[{"id":231390,"href":"https:\/\/www.thebestsocial.media\/nl\/wp-json\/wp\/v2\/posts\/231383\/revisions\/231390"}],"wp:featuredmedia":[{"embeddable":true,"href":"https:\/\/www.thebestsocial.media\/nl\/wp-json\/wp\/v2\/media\/231405"}],"wp:attachment":[{"href":"https:\/\/www.thebestsocial.media\/nl\/wp-json\/wp\/v2\/media?parent=231383"}],"wp:term":[{"taxonomy":"category","embeddable":true,"href":"https:\/\/www.thebestsocial.media\/nl\/wp-json\/wp\/v2\/categories?post=231383"},{"taxonomy":"post_tag","embeddable":true,"href":"https:\/\/www.thebestsocial.media\/nl\/wp-json\/wp\/v2\/tags?post=231383"}],"curies":[{"name":"wp","href":"https:\/\/api.w.org\/{rel}","templated":true}]}}