{"id":227451,"date":"2022-11-02T20:03:48","date_gmt":"2022-11-02T19:03:48","guid":{"rendered":"https:\/\/www.thebestsocial.media\/nl\/?p=227451"},"modified":"2022-11-02T20:03:48","modified_gmt":"2022-11-02T19:03:48","slug":"lidl-producten-vliegen-2","status":"publish","type":"post","link":"https:\/\/www.thebestsocial.media\/nl\/lidl-producten-vliegen-2\/","title":{"rendered":"Lidl gooit roer om, maar er ontstaat twijfel of supermarkt \u00e9cht zo groen is"},"content":{"rendered":"<p class=\"p1\">Het milieu kan momenteel wel een steuntje in de rug gebruiken. De laatste paar weken zijn er behoorlijk wat lijmplakkers en soepgooiers geweest die ons dit in de oren proberen te knopen. En beetje bij beetje lukt dat, want supermarktketen Lidl heeft aangekondigd te stoppen met vliegtuigtransport. Jouw avocado&#8217;s worden straks dus niet meer overgevlogen vanuit Midden-Amerika. Dit alles om de CO2-uitstoot bij het transport van producten te verminderen. Je zou denken dat veel mensen nog wel van dit duidelijke statement kunnen leren, maar intussen rijst de vraagt: is dit statement wel zo groen als het lijkt?<\/p>\n<p>&nbsp;<\/p>\n<h3>1. Het doel van de Lidl is om per maart 2023 helemaal geen vliegtuigtransport meer te gebruiken.<\/h3>\n<p><iframe loading=\"lazy\" title=\"Ingevoegde bijdrage\" src=\"https:\/\/www.linkedin.com\/embed\/feed\/update\/urn:li:share:6993128381584183296\" width=\"504\" height=\"370\" frameborder=\"0\" allowfullscreen=\"allowfullscreen\"><\/iframe><\/p>\n<p>&nbsp;<\/p>\n<h3>2. En aan alle Marie-Claires: het is dus ook verstandig om niet iedere lunch een <a href=\"https:\/\/www.thebestsocial.media\/nl\/avocado-albertheijn-eetrijp\/\">avocado<\/a> on toast te nemen.<\/h3>\n<h3><img loading=\"lazy\" decoding=\"async\" class=\"alignnone wp-image-227350 size-full\" src=\"https:\/\/www.thebestsocial.media\/nl\/wp-content\/uploads\/sites\/2\/2022\/11\/krachtig-statement.png\" alt=\"\" width=\"1138\" height=\"324\" srcset=\"https:\/\/www.thebestsocial.media\/nl\/wp-content\/uploads\/sites\/2\/2022\/11\/krachtig-statement.png 1138w, https:\/\/www.thebestsocial.media\/nl\/wp-content\/uploads\/sites\/2\/2022\/11\/krachtig-statement-300x85.png 300w, https:\/\/www.thebestsocial.media\/nl\/wp-content\/uploads\/sites\/2\/2022\/11\/krachtig-statement-1024x292.png 1024w, https:\/\/www.thebestsocial.media\/nl\/wp-content\/uploads\/sites\/2\/2022\/11\/krachtig-statement-768x219.png 768w\" sizes=\"auto, (max-width: 1138px) 100vw, 1138px\" \/><\/h3>\n<h3><\/h3>\n<h3>3. Al gaat het allemaal niet zo makkelijk&#8230; maar de eerste stap is gezet en dat is t\u00f3ch wel een applausje waard.<\/h3>\n<blockquote class=\"twitter-tweet\" data-conversation=\"none\">\n<p dir=\"ltr\" lang=\"nl\">Vergeet niet de enorme hoeveelheid gas die we verstoken in sommige kassen. Het is niet zo simpel als \u201cper vliegtuig vervoerd dus slecht\u201d. De vraag is hoe krijgen we inzicht in de totale energie en CO2 productie die een product gekost heeft. En we gooien zelf zo\u2019n 30% weg.<\/p>\n<p>\u2014 Sly (@Flashoholic) <a href=\"https:\/\/twitter.com\/Flashoholic\/status\/1587402320484220932?ref_src=twsrc%5Etfw\">November 1, 2022<\/a><\/p><\/blockquote>\n<p><script src=\"https:\/\/platform.twitter.com\/widgets.js\" async=\"\" charset=\"utf-8\"><\/script><\/p>\n<p>&nbsp;<\/p>\n<h3>4. Badum, tsss!<\/h3>\n<p><img loading=\"lazy\" decoding=\"async\" class=\"alignnone wp-image-227349 size-full\" src=\"https:\/\/www.thebestsocial.media\/nl\/wp-content\/uploads\/sites\/2\/2022\/11\/lidl-bij-lidl.png\" alt=\"\" width=\"1062\" height=\"150\" srcset=\"https:\/\/www.thebestsocial.media\/nl\/wp-content\/uploads\/sites\/2\/2022\/11\/lidl-bij-lidl.png 1062w, https:\/\/www.thebestsocial.media\/nl\/wp-content\/uploads\/sites\/2\/2022\/11\/lidl-bij-lidl-300x42.png 300w, https:\/\/www.thebestsocial.media\/nl\/wp-content\/uploads\/sites\/2\/2022\/11\/lidl-bij-lidl-1024x145.png 1024w, https:\/\/www.thebestsocial.media\/nl\/wp-content\/uploads\/sites\/2\/2022\/11\/lidl-bij-lidl-768x108.png 768w\" sizes=\"auto, (max-width: 1062px) 100vw, 1062px\" \/><\/p>\n<p>&nbsp;<\/p>\n<h3>5. Met wat meer duidelijkheid zou je zelf als consument ook een betere keuze kunnen maken.<\/h3>\n<blockquote class=\"twitter-tweet\" data-conversation=\"none\">\n<p dir=\"ltr\" lang=\"nl\">Heel goed! Het zou alle supermarktketens sieren als ze duidelijk aangeven waar groente en fruit vandaan komen. Nu liggen appels uit NL gebroederlijk naast appels uit Zuid Amerika in de schappen, en mag je ergens in kleine lettertjes op de verpakking zoeken naar land van herkomst<\/p>\n<p>\u2014 Anje van der Lek (@anjevdlek) <a href=\"https:\/\/twitter.com\/anjevdlek\/status\/1587375440213299201?ref_src=twsrc%5Etfw\">November 1, 2022<\/a><\/p><\/blockquote>\n<p><script async src=\"https:\/\/platform.twitter.com\/widgets.js\" charset=\"utf-8\"><\/script><\/p>\n<p>&nbsp;<\/p>\n<h3>6. Zo, bijvoorbeeld.<\/h3>\n<blockquote class=\"twitter-tweet\" data-conversation=\"none\">\n<p dir=\"ltr\" lang=\"nl\">In Frankrijk was ik in &#8217;n supermarkt waar bij elk product &#8217;n grote vlag op het schap stond, kon je gelijk zien waar het vandaan komt. En bijvoorbeeld in Oostenrijk promoten ze heel erg de producten uit eigen provincie met een logootje. Zo simpel en maakt goede keuzes makkelijker.<\/p>\n<p>\u2014 Claudia (@Cleo0031) <a href=\"https:\/\/twitter.com\/Cleo0031\/status\/1587398470406737925?ref_src=twsrc%5Etfw\">November 1, 2022<\/a><\/p><\/blockquote>\n<p><script async src=\"https:\/\/platform.twitter.com\/widgets.js\" charset=\"utf-8\"><\/script><\/p>\n<p>&nbsp;<\/p>\n<h3>7. Al wordt het Lidl-statement ook in twijfel getrokken, doordat het maar over 1% van de totale groente- en fruittransport gaat&#8230;<\/h3>\n<p><img loading=\"lazy\" decoding=\"async\" class=\"alignnone wp-image-227374 size-full\" src=\"https:\/\/www.thebestsocial.media\/nl\/wp-content\/uploads\/sites\/2\/2022\/11\/1-3.png\" alt=\"\" width=\"1082\" height=\"874\" srcset=\"https:\/\/www.thebestsocial.media\/nl\/wp-content\/uploads\/sites\/2\/2022\/11\/1-3.png 1082w, https:\/\/www.thebestsocial.media\/nl\/wp-content\/uploads\/sites\/2\/2022\/11\/1-3-300x242.png 300w, https:\/\/www.thebestsocial.media\/nl\/wp-content\/uploads\/sites\/2\/2022\/11\/1-3-1024x827.png 1024w, https:\/\/www.thebestsocial.media\/nl\/wp-content\/uploads\/sites\/2\/2022\/11\/1-3-768x620.png 768w\" sizes=\"auto, (max-width: 1082px) 100vw, 1082px\" \/><\/p>\n<p>&nbsp;<\/p>\n<h3>8. Het roept ook de vraag of transport via boten beter is voor het milieu dan vliegtuigtransport op&#8230;<\/h3>\n<blockquote class=\"twitter-tweet\" data-conversation=\"none\">\n<p dir=\"ltr\" lang=\"nl\">Want schepen zijn heel milieuvriendelijk en bananen, sinaasappelen, druiven, mangos kokosnoten etc etc komen natuurlijk van NL bodem.\ud83d\ude02<\/p>\n<p>\u2014 Vincent (@vinnie_1975) <a href=\"https:\/\/twitter.com\/vinnie_1975\/status\/1587556846037966848?ref_src=twsrc%5Etfw\">November 1, 2022<\/a><\/p><\/blockquote>\n<p><script src=\"https:\/\/platform.twitter.com\/widgets.js\" async=\"\" charset=\"utf-8\"><\/script><\/p>\n<blockquote class=\"twitter-tweet\">\n<p dir=\"ltr\" lang=\"nl\">Hoe gaat Lidl nu groente en fruit vervoeren? Via milieuvriendelijke zeecontainerschepen? <a href=\"https:\/\/twitter.com\/hashtag\/dtv?src=hash&amp;ref_src=twsrc%5Etfw\">#dtv<\/a><\/p>\n<p>\u2014 s o e n a m i (@Soenami) <a href=\"https:\/\/twitter.com\/Soenami\/status\/1587696659131236352?ref_src=twsrc%5Etfw\">November 2, 2022<\/a><\/p><\/blockquote>\n<p><script async src=\"https:\/\/platform.twitter.com\/widgets.js\" charset=\"utf-8\"><\/script><\/p>\n<p>&nbsp;<\/p>\n<h3>9. Toch is het statement van Lidl een teken van verandering en daarmee een voorbeeld voor anderen.<\/h3>\n<blockquote class=\"twitter-tweet\">\n<p dir=\"ltr\" lang=\"nl\">Zomaar een berichtje. Zomaar een besluit. \u2066<a href=\"https:\/\/twitter.com\/LidlNederland?ref_src=twsrc%5Etfw\">@LidlNederland<\/a>\u2069 is een voorbeeld voor andere supermarkten<\/p>\n<p>Lidl gaat geen groente en fruit meer invliegen <a href=\"https:\/\/t.co\/b8akpSdYHw\">https:\/\/t.co\/b8akpSdYHw<\/a><\/p>\n<p>\u2014 Guido Braam (@GuidoBraam) <a href=\"https:\/\/twitter.com\/GuidoBraam\/status\/1587420856682270720?ref_src=twsrc%5Etfw\">November 1, 2022<\/a><\/p><\/blockquote>\n<p><script async src=\"https:\/\/platform.twitter.com\/widgets.js\" charset=\"utf-8\"><\/script><\/p>\n<p>&nbsp;<\/p>\n<p>&nbsp;<\/p>\n<p><strong>H\u00e9! Wist je eigenlijk dat het bedrijf achter The Best Social Media nog veel meer doet dan artikelen schrijven? Neem eens een kijkje op de <a href=\"https:\/\/www.instagram.com\/thebestsocial\/\" target=\"_blank\" rel=\"noopener\">Instagram<\/a>&#8211; en <a href=\"https:\/\/www.linkedin.com\/company\/thebestsocial\/mycompany\/\" target=\"_blank\" rel=\"noopener\">LinkedInpagina<\/a> van The Best Social.<\/strong><\/p>\n<blockquote class=\"instagram-media\" style=\"background: #FFF; border: 0; border-radius: 3px; box-shadow: 0 0 1px 0 rgba(0,0,0,0.5),0 1px 10px 0 rgba(0,0,0,0.15); margin: 1px; max-width: 540px; min-width: 326px; padding: 0; width: calc(100% - 2px);\" data-instgrm-captioned=\"\" data-instgrm-permalink=\"https:\/\/www.instagram.com\/p\/CbP2S9-o1Nt\/?utm_source=ig_embed&amp;utm_campaign=loading\" data-instgrm-version=\"14\">\n<div style=\"padding: 16px;\">\n<p>&nbsp;<\/p>\n<div style=\"display: flex; flex-direction: row; align-items: center;\">\n<div style=\"background-color: #f4f4f4; border-radius: 50%; flex-grow: 0; height: 40px; margin-right: 14px; width: 40px;\"><\/div>\n<div style=\"display: flex; flex-direction: column; flex-grow: 1; justify-content: center;\">\n<div style=\"background-color: #f4f4f4; border-radius: 4px; flex-grow: 0; height: 14px; margin-bottom: 6px; width: 100px;\"><\/div>\n<div style=\"background-color: #f4f4f4; border-radius: 4px; flex-grow: 0; height: 14px; width: 60px;\"><\/div>\n<\/div>\n<\/div>\n<div style=\"padding: 19% 0;\"><\/div>\n<div style=\"display: block; height: 50px; margin: 0 auto 12px; width: 50px;\"><\/div>\n<div style=\"padding-top: 8px;\">\n<div style=\"color: #3897f0; font-family: Arial,sans-serif; font-size: 14px; font-style: normal; font-weight: 550; line-height: 18px;\">View this post on Instagram<\/div>\n<\/div>\n<div style=\"padding: 12.5% 0;\"><\/div>\n<div style=\"display: flex; flex-direction: row; margin-bottom: 14px; align-items: center;\">\n<div>\n<div style=\"background-color: #f4f4f4; border-radius: 50%; height: 12.5px; width: 12.5px; transform: translateX(0px) translateY(7px);\"><\/div>\n<div style=\"background-color: #f4f4f4; height: 12.5px; transform: rotate(-45deg) translateX(3px) translateY(1px); width: 12.5px; flex-grow: 0; margin-right: 14px; margin-left: 2px;\"><\/div>\n<div style=\"background-color: #f4f4f4; border-radius: 50%; height: 12.5px; width: 12.5px; transform: translateX(9px) translateY(-18px);\"><\/div>\n<\/div>\n<div style=\"margin-left: 8px;\">\n<div style=\"background-color: #f4f4f4; border-radius: 50%; flex-grow: 0; height: 20px; width: 20px;\"><\/div>\n<div style=\"width: 0; height: 0; border-top: 2px solid transparent; border-left: 6px solid #f4f4f4; border-bottom: 2px solid transparent; transform: translateX(16px) translateY(-4px) rotate(30deg);\"><\/div>\n<\/div>\n<div style=\"margin-left: auto;\">\n<div style=\"width: 0px; border-top: 8px solid #F4F4F4; border-right: 8px solid transparent; transform: translateY(16px);\"><\/div>\n<div style=\"background-color: #f4f4f4; flex-grow: 0; height: 12px; width: 16px; transform: translateY(-4px);\"><\/div>\n<div style=\"width: 0; height: 0; border-top: 8px solid #F4F4F4; border-left: 8px solid transparent; transform: translateY(-4px) translateX(8px);\"><\/div>\n<\/div>\n<\/div>\n<div style=\"display: flex; flex-direction: column; flex-grow: 1; justify-content: center; margin-bottom: 24px;\">\n<div style=\"background-color: #f4f4f4; border-radius: 4px; flex-grow: 0; height: 14px; margin-bottom: 6px; width: 224px;\"><\/div>\n<div style=\"background-color: #f4f4f4; border-radius: 4px; flex-grow: 0; height: 14px; width: 144px;\"><\/div>\n<\/div>\n<p>&nbsp;<\/p>\n<p style=\"color: #c9c8cd; font-family: Arial,sans-serif; font-size: 14px; line-height: 17px; margin-bottom: 0; margin-top: 8px; overflow: hidden; padding: 8px 0 7px; text-align: center; text-overflow: ellipsis; white-space: nowrap;\"><a style=\"color: #c9c8cd; font-family: Arial,sans-serif; font-size: 14px; font-style: normal; font-weight: normal; line-height: 17px; text-decoration: none;\" href=\"https:\/\/www.instagram.com\/p\/CbP2S9-o1Nt\/?utm_source=ig_embed&amp;utm_campaign=loading\" target=\"_blank\" rel=\"noopener\">A post shared by The Best Social (@thebestsocial)<\/a><\/p>\n<\/div>\n<\/blockquote>\n\n<p>&nbsp;<\/p>\n<script async defer src=\"\/instagram-embed.js\"><\/script>","protected":false},"excerpt":{"rendered":"<p>Het milieu kan momenteel wel een steuntje in de rug gebruiken. De laatste paar weken zijn er behoorlijk wat lijmplakkers en soepgooiers geweest die ons&#8230;<\/p>\n","protected":false},"author":96,"featured_media":227443,"comment_status":"open","ping_status":"open","sticky":false,"template":"","format":"standard","meta":{"_acf_changed":false,"footnotes":""},"categories":[16,17],"tags":[6565,626,2019],"class_list":["post-227451","post","type-post","status-publish","format-standard","has-post-thumbnail","hentry","category-blogs","category-nieuws","tag-klimaatverandering","tag-lidl","tag-vliegen"],"acf":[],"yoast_head":"<!-- This site is optimized with the Yoast SEO plugin v27.5 - https:\/\/yoast.com\/product\/yoast-seo-wordpress\/ -->\n<title>Lidl gooit roer om, maar ontstaat twijfel of supermarkt echt groen is<\/title>\n<meta name=\"description\" content=\"Supermarktketen Lidl stopt met het vliegtuigtransport van groenten en fruit. Een duidelijk statement maar is deze wel zo groen als we denken.\" \/>\n<meta name=\"robots\" content=\"index, follow, max-snippet:-1, max-image-preview:large, max-video-preview:-1\" \/>\n<link rel=\"canonical\" href=\"https:\/\/www.thebestsocial.media\/nl\/lidl-producten-vliegen-2\/\" \/>\n<meta property=\"og:locale\" content=\"nl_NL\" \/>\n<meta property=\"og:type\" content=\"article\" \/>\n<meta property=\"og:title\" content=\"Lidl gooit roer om, maar er ontstaat twijfel of supermarkt \u00e9cht zo groen is\" \/>\n<meta property=\"og:description\" content=\"Supermarktketen Lidl stopt met het vliegtuigtransport van groenten en fruit. Een duidelijk statement maar is deze wel zo groen als we denken.\" \/>\n<meta property=\"og:url\" content=\"https:\/\/www.thebestsocial.media\/nl\/lidl-producten-vliegen-2\/\" \/>\n<meta property=\"og:site_name\" content=\"The Best Social Media NL\" \/>\n<meta property=\"article:published_time\" content=\"2022-11-02T19:03:48+00:00\" \/>\n<meta property=\"og:image\" content=\"https:\/\/www.thebestsocial.media\/nl\/wp-content\/uploads\/sites\/2\/2022\/11\/header-5.png\" \/>\n\t<meta property=\"og:image:width\" content=\"1200\" \/>\n\t<meta property=\"og:image:height\" content=\"630\" \/>\n\t<meta property=\"og:image:type\" content=\"image\/png\" \/>\n<meta name=\"author\" content=\"yannick\" \/>\n<meta name=\"twitter:card\" content=\"summary_large_image\" \/>\n<meta name=\"twitter:title\" content=\"Lidl gooit roer om, maar er ontstaat twijfel of supermarkt \u00e9cht zo groen is\" \/>\n<meta name=\"twitter:description\" content=\"Supermarktketen Lidl stopt met het vliegtuigtransport van groenten en fruit. Een duidelijk statement maar is deze wel zo groen als we denken.\" \/>\n<meta name=\"twitter:image\" content=\"https:\/\/www.thebestsocial.media\/nl\/wp-content\/uploads\/sites\/2\/2022\/11\/header-5.png\" \/>\n<meta name=\"twitter:label1\" content=\"Geschreven door\" \/>\n\t<meta name=\"twitter:data1\" content=\"yannick\" \/>\n\t<meta name=\"twitter:label2\" content=\"Geschatte leestijd\" \/>\n\t<meta name=\"twitter:data2\" content=\"4 minuten\" \/>\n<script type=\"application\/ld+json\" class=\"yoast-schema-graph\">{\"@context\":\"https:\\\/\\\/schema.org\",\"@graph\":[{\"@type\":\"Article\",\"@id\":\"https:\\\/\\\/www.thebestsocial.media\\\/nl\\\/lidl-producten-vliegen-2\\\/#article\",\"isPartOf\":{\"@id\":\"https:\\\/\\\/www.thebestsocial.media\\\/nl\\\/lidl-producten-vliegen-2\\\/\"},\"author\":{\"name\":\"yannick\",\"@id\":\"https:\\\/\\\/www.thebestsocial.media\\\/nl\\\/#\\\/schema\\\/person\\\/2b65a07de209cd1d416a21f959fdf166\"},\"headline\":\"Lidl gooit roer om, maar er ontstaat twijfel of supermarkt \u00e9cht zo groen is\",\"datePublished\":\"2022-11-02T19:03:48+00:00\",\"mainEntityOfPage\":{\"@id\":\"https:\\\/\\\/www.thebestsocial.media\\\/nl\\\/lidl-producten-vliegen-2\\\/\"},\"wordCount\":525,\"commentCount\":0,\"image\":{\"@id\":\"https:\\\/\\\/www.thebestsocial.media\\\/nl\\\/lidl-producten-vliegen-2\\\/#primaryimage\"},\"thumbnailUrl\":\"https:\\\/\\\/www.thebestsocial.media\\\/nl\\\/wp-content\\\/uploads\\\/sites\\\/2\\\/2022\\\/11\\\/uitgelicht-3.png\",\"keywords\":[\"klimaatverandering\",\"Lidl\",\"vliegen\"],\"articleSection\":[\"Blogs\",\"Nieuws\"],\"inLanguage\":\"nl-NL\",\"potentialAction\":[{\"@type\":\"CommentAction\",\"name\":\"Comment\",\"target\":[\"https:\\\/\\\/www.thebestsocial.media\\\/nl\\\/lidl-producten-vliegen-2\\\/#respond\"]}]},{\"@type\":\"WebPage\",\"@id\":\"https:\\\/\\\/www.thebestsocial.media\\\/nl\\\/lidl-producten-vliegen-2\\\/\",\"url\":\"https:\\\/\\\/www.thebestsocial.media\\\/nl\\\/lidl-producten-vliegen-2\\\/\",\"name\":\"Lidl gooit roer om, maar ontstaat twijfel of supermarkt echt groen is\",\"isPartOf\":{\"@id\":\"https:\\\/\\\/www.thebestsocial.media\\\/nl\\\/#website\"},\"primaryImageOfPage\":{\"@id\":\"https:\\\/\\\/www.thebestsocial.media\\\/nl\\\/lidl-producten-vliegen-2\\\/#primaryimage\"},\"image\":{\"@id\":\"https:\\\/\\\/www.thebestsocial.media\\\/nl\\\/lidl-producten-vliegen-2\\\/#primaryimage\"},\"thumbnailUrl\":\"https:\\\/\\\/www.thebestsocial.media\\\/nl\\\/wp-content\\\/uploads\\\/sites\\\/2\\\/2022\\\/11\\\/uitgelicht-3.png\",\"datePublished\":\"2022-11-02T19:03:48+00:00\",\"author\":{\"@id\":\"https:\\\/\\\/www.thebestsocial.media\\\/nl\\\/#\\\/schema\\\/person\\\/2b65a07de209cd1d416a21f959fdf166\"},\"description\":\"Supermarktketen Lidl stopt met het vliegtuigtransport van groenten en fruit. Een duidelijk statement maar is deze wel zo groen als we denken.\",\"breadcrumb\":{\"@id\":\"https:\\\/\\\/www.thebestsocial.media\\\/nl\\\/lidl-producten-vliegen-2\\\/#breadcrumb\"},\"inLanguage\":\"nl-NL\",\"potentialAction\":[{\"@type\":\"ReadAction\",\"target\":[\"https:\\\/\\\/www.thebestsocial.media\\\/nl\\\/lidl-producten-vliegen-2\\\/\"]}]},{\"@type\":\"ImageObject\",\"inLanguage\":\"nl-NL\",\"@id\":\"https:\\\/\\\/www.thebestsocial.media\\\/nl\\\/lidl-producten-vliegen-2\\\/#primaryimage\",\"url\":\"https:\\\/\\\/www.thebestsocial.media\\\/nl\\\/wp-content\\\/uploads\\\/sites\\\/2\\\/2022\\\/11\\\/uitgelicht-3.png\",\"contentUrl\":\"https:\\\/\\\/www.thebestsocial.media\\\/nl\\\/wp-content\\\/uploads\\\/sites\\\/2\\\/2022\\\/11\\\/uitgelicht-3.png\",\"width\":1200,\"height\":630},{\"@type\":\"BreadcrumbList\",\"@id\":\"https:\\\/\\\/www.thebestsocial.media\\\/nl\\\/lidl-producten-vliegen-2\\\/#breadcrumb\",\"itemListElement\":[{\"@type\":\"ListItem\",\"position\":1,\"name\":\"Home\",\"item\":\"https:\\\/\\\/www.thebestsocial.media\\\/nl\\\/\"},{\"@type\":\"ListItem\",\"position\":2,\"name\":\"Lidl gooit roer om, maar er ontstaat twijfel of supermarkt \u00e9cht zo groen is\"}]},{\"@type\":\"WebSite\",\"@id\":\"https:\\\/\\\/www.thebestsocial.media\\\/nl\\\/#website\",\"url\":\"https:\\\/\\\/www.thebestsocial.media\\\/nl\\\/\",\"name\":\"The Best Social Media NL\",\"description\":\"Zoeklicht in de Digital Chaos\",\"potentialAction\":[{\"@type\":\"SearchAction\",\"target\":{\"@type\":\"EntryPoint\",\"urlTemplate\":\"https:\\\/\\\/www.thebestsocial.media\\\/nl\\\/?s={search_term_string}\"},\"query-input\":{\"@type\":\"PropertyValueSpecification\",\"valueRequired\":true,\"valueName\":\"search_term_string\"}}],\"inLanguage\":\"nl-NL\"},{\"@type\":\"Person\",\"@id\":\"https:\\\/\\\/www.thebestsocial.media\\\/nl\\\/#\\\/schema\\\/person\\\/2b65a07de209cd1d416a21f959fdf166\",\"name\":\"yannick\",\"image\":{\"@type\":\"ImageObject\",\"inLanguage\":\"nl-NL\",\"@id\":\"https:\\\/\\\/secure.gravatar.com\\\/avatar\\\/8909b7412361c45e4fc0664b3e04faa1ad03832e065a1098c95a21a0527771d4?s=96&d=mm&r=g\",\"url\":\"https:\\\/\\\/secure.gravatar.com\\\/avatar\\\/8909b7412361c45e4fc0664b3e04faa1ad03832e065a1098c95a21a0527771d4?s=96&d=mm&r=g\",\"contentUrl\":\"https:\\\/\\\/secure.gravatar.com\\\/avatar\\\/8909b7412361c45e4fc0664b3e04faa1ad03832e065a1098c95a21a0527771d4?s=96&d=mm&r=g\",\"caption\":\"yannick\"},\"description\":\"Geboren en getogen Bredanaar. Droomde altijd van een carri\u00e8re als profvoetballer, maar is gestrand in de Kelderklasse. Nu geeft ze hier onnodig 'commentaar' op sport, collega's (\u00e9\u00e9n in het bijzonder) en mensen die iconische memes niet kennen.\",\"sameAs\":[\"https:\\\/\\\/www.instagram.com\\\/yannicksnoek\\\/\",\"https:\\\/\\\/www.linkedin.com\\\/in\\\/yannick-s-743aa110b\\\/\"],\"url\":\"https:\\\/\\\/www.thebestsocial.media\\\/nl\\\/author\\\/yannick\\\/\"}]}<\/script>\n<!-- \/ Yoast SEO plugin. -->","yoast_head_json":{"title":"Lidl gooit roer om, maar ontstaat twijfel of supermarkt echt groen is","description":"Supermarktketen Lidl stopt met het vliegtuigtransport van groenten en fruit. Een duidelijk statement maar is deze wel zo groen als we denken.","robots":{"index":"index","follow":"follow","max-snippet":"max-snippet:-1","max-image-preview":"max-image-preview:large","max-video-preview":"max-video-preview:-1"},"canonical":"https:\/\/www.thebestsocial.media\/nl\/lidl-producten-vliegen-2\/","og_locale":"nl_NL","og_type":"article","og_title":"Lidl gooit roer om, maar er ontstaat twijfel of supermarkt \u00e9cht zo groen is","og_description":"Supermarktketen Lidl stopt met het vliegtuigtransport van groenten en fruit. Een duidelijk statement maar is deze wel zo groen als we denken.","og_url":"https:\/\/www.thebestsocial.media\/nl\/lidl-producten-vliegen-2\/","og_site_name":"The Best Social Media NL","article_published_time":"2022-11-02T19:03:48+00:00","og_image":[{"width":1200,"height":630,"url":"https:\/\/www.thebestsocial.media\/nl\/wp-content\/uploads\/sites\/2\/2022\/11\/header-5.png","type":"image\/png"}],"author":"yannick","twitter_card":"summary_large_image","twitter_title":"Lidl gooit roer om, maar er ontstaat twijfel of supermarkt \u00e9cht zo groen is","twitter_description":"Supermarktketen Lidl stopt met het vliegtuigtransport van groenten en fruit. Een duidelijk statement maar is deze wel zo groen als we denken.","twitter_image":"https:\/\/www.thebestsocial.media\/nl\/wp-content\/uploads\/sites\/2\/2022\/11\/header-5.png","twitter_misc":{"Geschreven door":"yannick","Geschatte leestijd":"4 minuten"},"schema":{"@context":"https:\/\/schema.org","@graph":[{"@type":"Article","@id":"https:\/\/www.thebestsocial.media\/nl\/lidl-producten-vliegen-2\/#article","isPartOf":{"@id":"https:\/\/www.thebestsocial.media\/nl\/lidl-producten-vliegen-2\/"},"author":{"name":"yannick","@id":"https:\/\/www.thebestsocial.media\/nl\/#\/schema\/person\/2b65a07de209cd1d416a21f959fdf166"},"headline":"Lidl gooit roer om, maar er ontstaat twijfel of supermarkt \u00e9cht zo groen is","datePublished":"2022-11-02T19:03:48+00:00","mainEntityOfPage":{"@id":"https:\/\/www.thebestsocial.media\/nl\/lidl-producten-vliegen-2\/"},"wordCount":525,"commentCount":0,"image":{"@id":"https:\/\/www.thebestsocial.media\/nl\/lidl-producten-vliegen-2\/#primaryimage"},"thumbnailUrl":"https:\/\/www.thebestsocial.media\/nl\/wp-content\/uploads\/sites\/2\/2022\/11\/uitgelicht-3.png","keywords":["klimaatverandering","Lidl","vliegen"],"articleSection":["Blogs","Nieuws"],"inLanguage":"nl-NL","potentialAction":[{"@type":"CommentAction","name":"Comment","target":["https:\/\/www.thebestsocial.media\/nl\/lidl-producten-vliegen-2\/#respond"]}]},{"@type":"WebPage","@id":"https:\/\/www.thebestsocial.media\/nl\/lidl-producten-vliegen-2\/","url":"https:\/\/www.thebestsocial.media\/nl\/lidl-producten-vliegen-2\/","name":"Lidl gooit roer om, maar ontstaat twijfel of supermarkt echt groen is","isPartOf":{"@id":"https:\/\/www.thebestsocial.media\/nl\/#website"},"primaryImageOfPage":{"@id":"https:\/\/www.thebestsocial.media\/nl\/lidl-producten-vliegen-2\/#primaryimage"},"image":{"@id":"https:\/\/www.thebestsocial.media\/nl\/lidl-producten-vliegen-2\/#primaryimage"},"thumbnailUrl":"https:\/\/www.thebestsocial.media\/nl\/wp-content\/uploads\/sites\/2\/2022\/11\/uitgelicht-3.png","datePublished":"2022-11-02T19:03:48+00:00","author":{"@id":"https:\/\/www.thebestsocial.media\/nl\/#\/schema\/person\/2b65a07de209cd1d416a21f959fdf166"},"description":"Supermarktketen Lidl stopt met het vliegtuigtransport van groenten en fruit. Een duidelijk statement maar is deze wel zo groen als we denken.","breadcrumb":{"@id":"https:\/\/www.thebestsocial.media\/nl\/lidl-producten-vliegen-2\/#breadcrumb"},"inLanguage":"nl-NL","potentialAction":[{"@type":"ReadAction","target":["https:\/\/www.thebestsocial.media\/nl\/lidl-producten-vliegen-2\/"]}]},{"@type":"ImageObject","inLanguage":"nl-NL","@id":"https:\/\/www.thebestsocial.media\/nl\/lidl-producten-vliegen-2\/#primaryimage","url":"https:\/\/www.thebestsocial.media\/nl\/wp-content\/uploads\/sites\/2\/2022\/11\/uitgelicht-3.png","contentUrl":"https:\/\/www.thebestsocial.media\/nl\/wp-content\/uploads\/sites\/2\/2022\/11\/uitgelicht-3.png","width":1200,"height":630},{"@type":"BreadcrumbList","@id":"https:\/\/www.thebestsocial.media\/nl\/lidl-producten-vliegen-2\/#breadcrumb","itemListElement":[{"@type":"ListItem","position":1,"name":"Home","item":"https:\/\/www.thebestsocial.media\/nl\/"},{"@type":"ListItem","position":2,"name":"Lidl gooit roer om, maar er ontstaat twijfel of supermarkt \u00e9cht zo groen is"}]},{"@type":"WebSite","@id":"https:\/\/www.thebestsocial.media\/nl\/#website","url":"https:\/\/www.thebestsocial.media\/nl\/","name":"The Best Social Media NL","description":"Zoeklicht in de Digital Chaos","potentialAction":[{"@type":"SearchAction","target":{"@type":"EntryPoint","urlTemplate":"https:\/\/www.thebestsocial.media\/nl\/?s={search_term_string}"},"query-input":{"@type":"PropertyValueSpecification","valueRequired":true,"valueName":"search_term_string"}}],"inLanguage":"nl-NL"},{"@type":"Person","@id":"https:\/\/www.thebestsocial.media\/nl\/#\/schema\/person\/2b65a07de209cd1d416a21f959fdf166","name":"yannick","image":{"@type":"ImageObject","inLanguage":"nl-NL","@id":"https:\/\/secure.gravatar.com\/avatar\/8909b7412361c45e4fc0664b3e04faa1ad03832e065a1098c95a21a0527771d4?s=96&d=mm&r=g","url":"https:\/\/secure.gravatar.com\/avatar\/8909b7412361c45e4fc0664b3e04faa1ad03832e065a1098c95a21a0527771d4?s=96&d=mm&r=g","contentUrl":"https:\/\/secure.gravatar.com\/avatar\/8909b7412361c45e4fc0664b3e04faa1ad03832e065a1098c95a21a0527771d4?s=96&d=mm&r=g","caption":"yannick"},"description":"Geboren en getogen Bredanaar. Droomde altijd van een carri\u00e8re als profvoetballer, maar is gestrand in de Kelderklasse. Nu geeft ze hier onnodig 'commentaar' op sport, collega's (\u00e9\u00e9n in het bijzonder) en mensen die iconische memes niet kennen.","sameAs":["https:\/\/www.instagram.com\/yannicksnoek\/","https:\/\/www.linkedin.com\/in\/yannick-s-743aa110b\/"],"url":"https:\/\/www.thebestsocial.media\/nl\/author\/yannick\/"}]}},"amp_enabled":true,"_links":{"self":[{"href":"https:\/\/www.thebestsocial.media\/nl\/wp-json\/wp\/v2\/posts\/227451","targetHints":{"allow":["GET"]}}],"collection":[{"href":"https:\/\/www.thebestsocial.media\/nl\/wp-json\/wp\/v2\/posts"}],"about":[{"href":"https:\/\/www.thebestsocial.media\/nl\/wp-json\/wp\/v2\/types\/post"}],"author":[{"embeddable":true,"href":"https:\/\/www.thebestsocial.media\/nl\/wp-json\/wp\/v2\/users\/96"}],"replies":[{"embeddable":true,"href":"https:\/\/www.thebestsocial.media\/nl\/wp-json\/wp\/v2\/comments?post=227451"}],"version-history":[{"count":2,"href":"https:\/\/www.thebestsocial.media\/nl\/wp-json\/wp\/v2\/posts\/227451\/revisions"}],"predecessor-version":[{"id":227453,"href":"https:\/\/www.thebestsocial.media\/nl\/wp-json\/wp\/v2\/posts\/227451\/revisions\/227453"}],"wp:featuredmedia":[{"embeddable":true,"href":"https:\/\/www.thebestsocial.media\/nl\/wp-json\/wp\/v2\/media\/227443"}],"wp:attachment":[{"href":"https:\/\/www.thebestsocial.media\/nl\/wp-json\/wp\/v2\/media?parent=227451"}],"wp:term":[{"taxonomy":"category","embeddable":true,"href":"https:\/\/www.thebestsocial.media\/nl\/wp-json\/wp\/v2\/categories?post=227451"},{"taxonomy":"post_tag","embeddable":true,"href":"https:\/\/www.thebestsocial.media\/nl\/wp-json\/wp\/v2\/tags?post=227451"}],"curies":[{"name":"wp","href":"https:\/\/api.w.org\/{rel}","templated":true}]}}