{"id":226569,"date":"2022-10-28T09:41:26","date_gmt":"2022-10-28T08:41:26","guid":{"rendered":"https:\/\/www.thebestsocial.media\/nl\/?p=226569"},"modified":"2022-10-28T09:49:05","modified_gmt":"2022-10-28T08:49:05","slug":"gedrag-facebook-instagram-ergeren","status":"publish","type":"post","link":"https:\/\/www.thebestsocial.media\/nl\/gedrag-facebook-instagram-ergeren\/","title":{"rendered":"Aan dit gedrag op Facebook en Instagram ergeren jullie je mateloos"},"content":{"rendered":"<p>Hoewel je op Facebook, Instagram en Twitter enkel posts \u2018leuk kunt vinden\u2019, irriteren we ons ook constant mateloos op social media. Soms is het h\u00e9\u00e9rlijk om je aan de stories of foto\u2019s van een ander te ergeren, al zijn er ook genoeg dingen die ons de neus uitkomen. Precies om deze reden <a href=\"https:\/\/www.facebook.com\/thebestsocialmediaNL\/posts\/pfbid02rY8vdgcRr1UrEMBUDm4SP3WGvqDU6MpJwj9zQ8qXxJPFjesXx94Kxea3YhaW8Shjl\" target=\"_blank\" rel=\"noopener\">vr<\/a><a href=\"https:\/\/twitter.com\/thebestsocialNL\/status\/1585241215049805824\" target=\"_blank\" rel=\"noopener\">oe<\/a><a href=\"https:\/\/www.instagram.com\/p\/CkK_F3qsxVr\/?utm_source=ig_web_copy_link\" target=\"_blank\" rel=\"noopener\">gen<\/a> wij naar typisch gedrag van mensen op social media, wat meteen het bloed onder jullie nagels vandaan haalt. En daarmee werd de beerput opengetrokken&#8230;<\/p>\n<p>&nbsp;<\/p>\n<h3>1. Dit is toch wel de cr\u00e8me de la cr\u00e8me onder de irritaties.<\/h3>\n<p><img loading=\"lazy\" decoding=\"async\" class=\"aligncenter wp-image-226603 size-full\" src=\"https:\/\/www.thebestsocial.media\/nl\/wp-content\/uploads\/sites\/2\/2022\/10\/ibiza-2.png\" alt=\"\" width=\"970\" height=\"152\" srcset=\"https:\/\/www.thebestsocial.media\/nl\/wp-content\/uploads\/sites\/2\/2022\/10\/ibiza-2.png 970w, https:\/\/www.thebestsocial.media\/nl\/wp-content\/uploads\/sites\/2\/2022\/10\/ibiza-2-300x47.png 300w, https:\/\/www.thebestsocial.media\/nl\/wp-content\/uploads\/sites\/2\/2022\/10\/ibiza-2-768x120.png 768w\" sizes=\"auto, (max-width: 970px) 100vw, 970px\" \/><\/p>\n<p>&nbsp;<\/p>\n<h3>2. Die ene story was op zich voldoende.<\/h3>\n<blockquote class=\"twitter-tweet\" data-conversation=\"none\">\n<p dir=\"ltr\" lang=\"nl\">Hele concerten die live worden uitgezonden in stories.<\/p>\n<p>\u2014 Lianne Kleinjan (@liannekleinjan) <a href=\"https:\/\/twitter.com\/liannekleinjan\/status\/1585532197083152384?ref_src=twsrc%5Etfw\">October 27, 2022<\/a><\/p><\/blockquote>\n<p><script src=\"https:\/\/platform.twitter.com\/widgets.js\" async=\"\" charset=\"utf-8\"><\/script><\/p>\n<p>&nbsp;<\/p>\n<h3>3. Valt in hetzelfde schuitje, maar zeg het dan niet!<\/h3>\n<p><img loading=\"lazy\" decoding=\"async\" class=\"aligncenter wp-image-226606 size-full\" src=\"https:\/\/www.thebestsocial.media\/nl\/wp-content\/uploads\/sites\/2\/2022\/10\/part4.png\" alt=\"\" width=\"974\" height=\"194\" srcset=\"https:\/\/www.thebestsocial.media\/nl\/wp-content\/uploads\/sites\/2\/2022\/10\/part4.png 974w, https:\/\/www.thebestsocial.media\/nl\/wp-content\/uploads\/sites\/2\/2022\/10\/part4-300x60.png 300w, https:\/\/www.thebestsocial.media\/nl\/wp-content\/uploads\/sites\/2\/2022\/10\/part4-768x153.png 768w\" sizes=\"auto, (max-width: 974px) 100vw, 974px\" \/><\/p>\n<p><img loading=\"lazy\" decoding=\"async\" class=\"aligncenter wp-image-226607 size-full\" src=\"https:\/\/www.thebestsocial.media\/nl\/wp-content\/uploads\/sites\/2\/2022\/10\/part3.png\" alt=\"\" width=\"984\" height=\"156\" srcset=\"https:\/\/www.thebestsocial.media\/nl\/wp-content\/uploads\/sites\/2\/2022\/10\/part3.png 984w, https:\/\/www.thebestsocial.media\/nl\/wp-content\/uploads\/sites\/2\/2022\/10\/part3-300x48.png 300w, https:\/\/www.thebestsocial.media\/nl\/wp-content\/uploads\/sites\/2\/2022\/10\/part3-768x122.png 768w\" sizes=\"auto, (max-width: 984px) 100vw, 984px\" \/><\/p>\n<p>&nbsp;<\/p>\n<h3>4. Tja, je moet ook iemand de schuld kunnen geven, toch?<\/h3>\n<p><img loading=\"lazy\" decoding=\"async\" class=\"aligncenter wp-image-226709 size-full\" src=\"https:\/\/www.thebestsocial.media\/nl\/wp-content\/uploads\/sites\/2\/2022\/10\/irri8.png\" alt=\"\" width=\"647\" height=\"105\" srcset=\"https:\/\/www.thebestsocial.media\/nl\/wp-content\/uploads\/sites\/2\/2022\/10\/irri8.png 647w, https:\/\/www.thebestsocial.media\/nl\/wp-content\/uploads\/sites\/2\/2022\/10\/irri8-300x49.png 300w\" sizes=\"auto, (max-width: 647px) 100vw, 647px\" \/><\/p>\n<p>&nbsp;<\/p>\n<h3>5. Kom op, Gerda, niet zo liegen.<\/h3>\n<p><img loading=\"lazy\" decoding=\"async\" class=\"aligncenter wp-image-226608 size-full\" src=\"https:\/\/www.thebestsocial.media\/nl\/wp-content\/uploads\/sites\/2\/2022\/10\/influenza-2.png\" alt=\"\" width=\"968\" height=\"176\" srcset=\"https:\/\/www.thebestsocial.media\/nl\/wp-content\/uploads\/sites\/2\/2022\/10\/influenza-2.png 968w, https:\/\/www.thebestsocial.media\/nl\/wp-content\/uploads\/sites\/2\/2022\/10\/influenza-2-300x55.png 300w, https:\/\/www.thebestsocial.media\/nl\/wp-content\/uploads\/sites\/2\/2022\/10\/influenza-2-768x140.png 768w\" sizes=\"auto, (max-width: 968px) 100vw, 968px\" \/><\/p>\n<p>&nbsp;<\/p>\n<h3>6. Over die Gerda&#8217;s gesproken&#8230;<\/h3>\n<p><img loading=\"lazy\" decoding=\"async\" class=\"aligncenter wp-image-226609 size-full\" src=\"https:\/\/www.thebestsocial.media\/nl\/wp-content\/uploads\/sites\/2\/2022\/10\/boomerangs-2.png\" alt=\"\" width=\"974\" height=\"214\" srcset=\"https:\/\/www.thebestsocial.media\/nl\/wp-content\/uploads\/sites\/2\/2022\/10\/boomerangs-2.png 974w, https:\/\/www.thebestsocial.media\/nl\/wp-content\/uploads\/sites\/2\/2022\/10\/boomerangs-2-300x66.png 300w, https:\/\/www.thebestsocial.media\/nl\/wp-content\/uploads\/sites\/2\/2022\/10\/boomerangs-2-768x169.png 768w\" sizes=\"auto, (max-width: 974px) 100vw, 974px\" \/><\/p>\n<p>&nbsp;<\/p>\n<h3>7. Diezelfde selfies had je thuis voor een stuk minder geld kunnen maken.<\/h3>\n<blockquote class=\"twitter-tweet\" data-conversation=\"none\">\n<p dir=\"ltr\" lang=\"nl\">Een foto van hoe prachtig de omgeving is tijdens vakantie maar je alleen maar selfies ziet en niets van de omgeving.<\/p>\n<p>\u2014 Jennifer Halewijn \ud83d\udc99\ud83d\udc9b\ud83d\udd4a (@JenSchrijft) <a href=\"https:\/\/twitter.com\/JenSchrijft\/status\/1585547556586668032?ref_src=twsrc%5Etfw\">October 27, 2022<\/a><\/p><\/blockquote>\n<p><script src=\"https:\/\/platform.twitter.com\/widgets.js\" async=\"\" charset=\"utf-8\"><\/script><\/p>\n<p>&nbsp;<\/p>\n<h3>8. Ja ja, je hoeft verdomme niet zo uit te sloven met die goede conditie van je.<\/h3>\n<p><img loading=\"lazy\" decoding=\"async\" class=\"aligncenter wp-image-226604 size-full\" src=\"https:\/\/www.thebestsocial.media\/nl\/wp-content\/uploads\/sites\/2\/2022\/10\/sport-2.png\" alt=\"\" width=\"970\" height=\"164\" srcset=\"https:\/\/www.thebestsocial.media\/nl\/wp-content\/uploads\/sites\/2\/2022\/10\/sport-2.png 970w, https:\/\/www.thebestsocial.media\/nl\/wp-content\/uploads\/sites\/2\/2022\/10\/sport-2-300x51.png 300w, https:\/\/www.thebestsocial.media\/nl\/wp-content\/uploads\/sites\/2\/2022\/10\/sport-2-768x130.png 768w\" sizes=\"auto, (max-width: 970px) 100vw, 970px\" \/><\/p>\n<p>&nbsp;<\/p>\n<h3>9. Als &#8216;do it for the gram&#8217; een persoon was.<\/h3>\n<blockquote class=\"twitter-tweet\" data-conversation=\"none\">\n<p dir=\"ltr\" lang=\"nl\">Halfnaakt koken. Dat is toch totaal onverantwoord bij een fornuis met heet water en opspattend vet <a href=\"https:\/\/t.co\/0f5qQpGbld\">pic.twitter.com\/0f5qQpGbld<\/a><\/p>\n<p>\u2014 Ellen (@Me_offie) <a href=\"https:\/\/twitter.com\/Me_offie\/status\/1585266236539158530?ref_src=twsrc%5Etfw\">October 26, 2022<\/a><\/p><\/blockquote>\n<p><script async src=\"https:\/\/platform.twitter.com\/widgets.js\" charset=\"utf-8\"><\/script><\/p>\n<p><img loading=\"lazy\" decoding=\"async\" class=\"aligncenter wp-image-226724 size-full\" src=\"https:\/\/www.thebestsocial.media\/nl\/wp-content\/uploads\/sites\/2\/2022\/10\/gaby.png\" alt=\"\" width=\"611\" height=\"846\" srcset=\"https:\/\/www.thebestsocial.media\/nl\/wp-content\/uploads\/sites\/2\/2022\/10\/gaby.png 611w, https:\/\/www.thebestsocial.media\/nl\/wp-content\/uploads\/sites\/2\/2022\/10\/gaby-217x300.png 217w\" sizes=\"auto, (max-width: 611px) 100vw, 611px\" \/><\/p>\n<p>&nbsp;<\/p>\n<h3>10.\u00a0&#8216;Mag ik even de aandacht?&#8217;<\/h3>\n<p><img loading=\"lazy\" decoding=\"async\" class=\"aligncenter wp-image-226610 size-full\" src=\"https:\/\/www.thebestsocial.media\/nl\/wp-content\/uploads\/sites\/2\/2022\/10\/ziekenhuis-2.png\" alt=\"\" width=\"960\" height=\"196\" srcset=\"https:\/\/www.thebestsocial.media\/nl\/wp-content\/uploads\/sites\/2\/2022\/10\/ziekenhuis-2.png 960w, https:\/\/www.thebestsocial.media\/nl\/wp-content\/uploads\/sites\/2\/2022\/10\/ziekenhuis-2-300x61.png 300w, https:\/\/www.thebestsocial.media\/nl\/wp-content\/uploads\/sites\/2\/2022\/10\/ziekenhuis-2-768x157.png 768w\" sizes=\"auto, (max-width: 960px) 100vw, 960px\" \/><\/p>\n<p>&nbsp;<\/p>\n<h3>11. De Cluit draagt ook zijn steentje bij met de welbekende verjaardagsaankondiging. Z\u00f3 welbekend, dat veel twitteraars hem echt beginnen te feliciteren&#8230;<\/h3>\n<blockquote class=\"twitter-tweet\" data-conversation=\"none\">\n<p dir=\"ltr\" lang=\"nl\">Ik ben jarig. Please feliciteer en like mij.<\/p>\n<p>\u2014 Cluit (@decluit) <a href=\"https:\/\/twitter.com\/decluit\/status\/1585457958078631941?ref_src=twsrc%5Etfw\">October 27, 2022<\/a><\/p><\/blockquote>\n<p><script async src=\"https:\/\/platform.twitter.com\/widgets.js\" charset=\"utf-8\"><\/script><\/p>\n<blockquote class=\"twitter-tweet\" data-conversation=\"none\">\n<p dir=\"ltr\" lang=\"nl\">De felicitaties onder deze tweet zijn legendarisch. H\u00e9t voorbeeld hoe verhalen een eigen leven krijgen als iets verkeerd wordt ge\u00efnterpreteerd. \ud83d\ude02<\/p>\n<p>\u2014 Sanne Claassen \ud83e\udd50\ud83e\uded6\ud83e\udd5e (@DaalSanne) <a href=\"https:\/\/twitter.com\/DaalSanne\/status\/1585506032557719552?ref_src=twsrc%5Etfw\">October 27, 2022<\/a><\/p><\/blockquote>\n<p><script async src=\"https:\/\/platform.twitter.com\/widgets.js\" charset=\"utf-8\"><\/script><\/p>\n<blockquote class=\"twitter-tweet\" data-conversation=\"none\">\n<p dir=\"ltr\" lang=\"nl\">En iedereen die denkt dat je jarig bent.\ud83d\ude48 in dezelfde categorie \u2018het is vandaag 15 jaar geleden, maar ik mis je nog iedere dag.\u2019 En dan vragen om sterkte.<\/p>\n<p>\u2014 Bianca Butter (@Bbutterluyten) <a href=\"https:\/\/twitter.com\/Bbutterluyten\/status\/1585557187283374081?ref_src=twsrc%5Etfw\">October 27, 2022<\/a><\/p><\/blockquote>\n<p><script async src=\"https:\/\/platform.twitter.com\/widgets.js\" charset=\"utf-8\"><\/script><\/p>\n<p>&nbsp;<\/p>\n<h3>12. Wat valt er dan in hemelsnaam w\u00e9l onder een legendarische avond?<\/h3>\n<blockquote class=\"twitter-tweet\" data-conversation=\"none\">\n<p dir=\"ltr\" lang=\"nl\">Foto\u2019s plaatsen met de tekst \u201cabout last night\u2026\u201d<\/p>\n<p>Waarbij iemand doet alsof hij\/zij legendarische avond heeft gehad waar \u00ededereen van moet weten, terwijl ze in feite niet veel anders hebben gedaan dan kipsat\u00e9 eten in de lokale vreetschuur<\/p>\n<p>\u2014 Nikki Sterkenburg (@SterkNikki) <a href=\"https:\/\/twitter.com\/SterkNikki\/status\/1585532596473192455?ref_src=twsrc%5Etfw\">October 27, 2022<\/a><\/p><\/blockquote>\n<p><script async src=\"https:\/\/platform.twitter.com\/widgets.js\" charset=\"utf-8\"><\/script><\/p>\n<p>&nbsp;<\/p>\n<h3>13. Die goeie ouwe tijd&#8230;<\/h3>\n<blockquote class=\"twitter-tweet\" data-conversation=\"none\">\n<p dir=\"ltr\" lang=\"nl\">Alle wat met juice-kanalen te maken heeft.<\/p>\n<p>Als ik juice wil, dan pers ik wel een sinaasappel.<\/p>\n<p>\u2014 K\u00fc\u00fcn (@KuunWiir) <a href=\"https:\/\/twitter.com\/KuunWiir\/status\/1585519390648401920?ref_src=twsrc%5Etfw\">October 27, 2022<\/a><\/p><\/blockquote>\n<p><script async src=\"https:\/\/platform.twitter.com\/widgets.js\" charset=\"utf-8\"><\/script><\/p>\n<p>&nbsp;<\/p>\n<h3>14. We kunnen onszelf uiteindelijk alleen voor onze kop slaan dat we echt hebben gewacht.<\/h3>\n<blockquote class=\"twitter-tweet\" data-conversation=\"none\">\n<p dir=\"ltr\" lang=\"nl\">De tekst wait for it. Je bent gewoon te lui om je filmpje korter te knippen. Ik scroll dus meteen door.<\/p>\n<p>\u2014 Emre Kan\u0131k (@EmreKanik) <a href=\"https:\/\/twitter.com\/EmreKanik\/status\/1585533561062531072?ref_src=twsrc%5Etfw\">October 27, 2022<\/a><\/p><\/blockquote>\n<p><script src=\"https:\/\/platform.twitter.com\/widgets.js\" async=\"\" charset=\"utf-8\"><\/script><\/p>\n<p>&nbsp;<\/p>\n<h3>15. J\u00e1\u00e1, we zien je gelakte nagels ook.<\/h3>\n<p><img loading=\"lazy\" decoding=\"async\" class=\"aligncenter wp-image-226702 size-full\" src=\"https:\/\/www.thebestsocial.media\/nl\/wp-content\/uploads\/sites\/2\/2022\/10\/irri.png\" alt=\"\" width=\"533\" height=\"106\" srcset=\"https:\/\/www.thebestsocial.media\/nl\/wp-content\/uploads\/sites\/2\/2022\/10\/irri.png 533w, https:\/\/www.thebestsocial.media\/nl\/wp-content\/uploads\/sites\/2\/2022\/10\/irri-300x60.png 300w\" sizes=\"auto, (max-width: 533px) 100vw, 533px\" \/><\/p>\n<p>&nbsp;<\/p>\n<h3>16. Mag die &#8220;vriend&#8221; van je niet gewoon even \u00e9\u00e9n dag shinen?<\/h3>\n<p><img loading=\"lazy\" decoding=\"async\" class=\"aligncenter wp-image-226714 size-full\" src=\"https:\/\/www.thebestsocial.media\/nl\/wp-content\/uploads\/sites\/2\/2022\/10\/irri13.png\" alt=\"\" width=\"537\" height=\"101\" srcset=\"https:\/\/www.thebestsocial.media\/nl\/wp-content\/uploads\/sites\/2\/2022\/10\/irri13.png 537w, https:\/\/www.thebestsocial.media\/nl\/wp-content\/uploads\/sites\/2\/2022\/10\/irri13-300x56.png 300w\" sizes=\"auto, (max-width: 537px) 100vw, 537px\" \/><\/p>\n<p>&nbsp;<\/p>\n<h3>17. We ontvolgen je gewoon weer terug!<\/h3>\n<blockquote class=\"twitter-tweet\" data-conversation=\"none\">\n<p dir=\"ltr\" lang=\"nl\">Mensen die je steeds gaan volgen en weer ontvolgen<\/p>\n<p>\u2014 Chelsey (@xchelseynaomi) <a href=\"https:\/\/twitter.com\/xchelseynaomi\/status\/1585559258350977025?ref_src=twsrc%5Etfw\">October 27, 2022<\/a><\/p><\/blockquote>\n<p><script src=\"https:\/\/platform.twitter.com\/widgets.js\" async=\"\" charset=\"utf-8\"><\/script><\/p>\n<p>&nbsp;<\/p>\n<h3>18. We vroegen jullie ook welke irritaties jullie op Facebook ervaren, en jullie stelden ons weer niet teleur. We zitten hier namelijk niet op school.<\/h3>\n<p><img loading=\"lazy\" decoding=\"async\" class=\"aligncenter wp-image-226704 size-full\" src=\"https:\/\/www.thebestsocial.media\/nl\/wp-content\/uploads\/sites\/2\/2022\/10\/irri3.png\" alt=\"\" width=\"651\" height=\"156\" srcset=\"https:\/\/www.thebestsocial.media\/nl\/wp-content\/uploads\/sites\/2\/2022\/10\/irri3.png 651w, https:\/\/www.thebestsocial.media\/nl\/wp-content\/uploads\/sites\/2\/2022\/10\/irri3-300x72.png 300w\" sizes=\"auto, (max-width: 651px) 100vw, 651px\" \/><\/p>\n<p>&nbsp;<\/p>\n<h3>19. Ok\u00e9, hier kan een uitzondering voor worden gemaakt.<\/h3>\n<p><img loading=\"lazy\" decoding=\"async\" class=\"aligncenter wp-image-226705 size-full\" src=\"https:\/\/www.thebestsocial.media\/nl\/wp-content\/uploads\/sites\/2\/2022\/10\/irri4.png\" alt=\"\" width=\"455\" height=\"71\" srcset=\"https:\/\/www.thebestsocial.media\/nl\/wp-content\/uploads\/sites\/2\/2022\/10\/irri4.png 455w, https:\/\/www.thebestsocial.media\/nl\/wp-content\/uploads\/sites\/2\/2022\/10\/irri4-300x47.png 300w\" sizes=\"auto, (max-width: 455px) 100vw, 455px\" \/><\/p>\n<p>&nbsp;<\/p>\n<h3>20. Ze zijn wonder boven wonder nog niet uitgestorven.<\/h3>\n<p><img loading=\"lazy\" decoding=\"async\" class=\"aligncenter wp-image-226706 size-full\" src=\"https:\/\/www.thebestsocial.media\/nl\/wp-content\/uploads\/sites\/2\/2022\/10\/irri5.png\" alt=\"\" width=\"648\" height=\"179\" srcset=\"https:\/\/www.thebestsocial.media\/nl\/wp-content\/uploads\/sites\/2\/2022\/10\/irri5.png 648w, https:\/\/www.thebestsocial.media\/nl\/wp-content\/uploads\/sites\/2\/2022\/10\/irri5-300x83.png 300w\" sizes=\"auto, (max-width: 648px) 100vw, 648px\" \/><\/p>\n<p>&nbsp;<\/p>\n<h3>21. Anders is het ook maar saai.<\/h3>\n<p><img loading=\"lazy\" decoding=\"async\" class=\"aligncenter wp-image-226707 size-full\" src=\"https:\/\/www.thebestsocial.media\/nl\/wp-content\/uploads\/sites\/2\/2022\/10\/irri6.png\" alt=\"\" width=\"646\" height=\"129\" srcset=\"https:\/\/www.thebestsocial.media\/nl\/wp-content\/uploads\/sites\/2\/2022\/10\/irri6.png 646w, https:\/\/www.thebestsocial.media\/nl\/wp-content\/uploads\/sites\/2\/2022\/10\/irri6-300x60.png 300w\" sizes=\"auto, (max-width: 646px) 100vw, 646px\" \/><\/p>\n<p>&nbsp;<\/p>\n<h3>22. Als het bij elke talentenjacht werkt, waarom dan hier niet?<\/h3>\n<p><img loading=\"lazy\" decoding=\"async\" class=\"aligncenter wp-image-226708 size-full\" src=\"https:\/\/www.thebestsocial.media\/nl\/wp-content\/uploads\/sites\/2\/2022\/10\/irri7.png\" alt=\"\" width=\"645\" height=\"104\" srcset=\"https:\/\/www.thebestsocial.media\/nl\/wp-content\/uploads\/sites\/2\/2022\/10\/irri7.png 645w, https:\/\/www.thebestsocial.media\/nl\/wp-content\/uploads\/sites\/2\/2022\/10\/irri7-300x48.png 300w\" sizes=\"auto, (max-width: 645px) 100vw, 645px\" \/><\/p>\n<p>&nbsp;<\/p>\n<h3>23. Wie had dat gedacht?!<\/h3>\n<p><img loading=\"lazy\" decoding=\"async\" class=\"aligncenter wp-image-226710 size-full\" src=\"https:\/\/www.thebestsocial.media\/nl\/wp-content\/uploads\/sites\/2\/2022\/10\/irri9.png\" alt=\"\" width=\"408\" height=\"66\" srcset=\"https:\/\/www.thebestsocial.media\/nl\/wp-content\/uploads\/sites\/2\/2022\/10\/irri9.png 408w, https:\/\/www.thebestsocial.media\/nl\/wp-content\/uploads\/sites\/2\/2022\/10\/irri9-300x49.png 300w\" sizes=\"auto, (max-width: 408px) 100vw, 408px\" \/><\/p>\n<p>&nbsp;<\/p>\n<h3>24. Geloof het of niet: we herkennen een strand ook z\u00f3nder jullie voeten op de voorgrond.<\/h3>\n<p><img loading=\"lazy\" decoding=\"async\" class=\"aligncenter wp-image-226711 size-full\" src=\"https:\/\/www.thebestsocial.media\/nl\/wp-content\/uploads\/sites\/2\/2022\/10\/irri10.png\" alt=\"\" width=\"464\" height=\"80\" srcset=\"https:\/\/www.thebestsocial.media\/nl\/wp-content\/uploads\/sites\/2\/2022\/10\/irri10.png 464w, https:\/\/www.thebestsocial.media\/nl\/wp-content\/uploads\/sites\/2\/2022\/10\/irri10-300x52.png 300w\" sizes=\"auto, (max-width: 464px) 100vw, 464px\" \/><\/p>\n<p>&nbsp;<\/p>\n<h3>25. Als je jezelf niet kietelt, lach je nooit.<\/h3>\n<p><img loading=\"lazy\" decoding=\"async\" class=\"aligncenter wp-image-226712 size-full\" src=\"https:\/\/www.thebestsocial.media\/nl\/wp-content\/uploads\/sites\/2\/2022\/10\/irri11.png\" alt=\"\" width=\"391\" height=\"66\" srcset=\"https:\/\/www.thebestsocial.media\/nl\/wp-content\/uploads\/sites\/2\/2022\/10\/irri11.png 391w, https:\/\/www.thebestsocial.media\/nl\/wp-content\/uploads\/sites\/2\/2022\/10\/irri11-300x51.png 300w\" sizes=\"auto, (max-width: 391px) 100vw, 391px\" \/><\/p>\n<p>&nbsp;<\/p>\n<h3>26. Wij doen dit dus echt nooit&#8230;<\/h3>\n<p><img loading=\"lazy\" decoding=\"async\" class=\"aligncenter wp-image-226713 size-full\" src=\"https:\/\/www.thebestsocial.media\/nl\/wp-content\/uploads\/sites\/2\/2022\/10\/irri12.png\" alt=\"\" width=\"478\" height=\"66\" srcset=\"https:\/\/www.thebestsocial.media\/nl\/wp-content\/uploads\/sites\/2\/2022\/10\/irri12.png 478w, https:\/\/www.thebestsocial.media\/nl\/wp-content\/uploads\/sites\/2\/2022\/10\/irri12-300x41.png 300w\" sizes=\"auto, (max-width: 478px) 100vw, 478px\" \/><\/p>\n<p>&nbsp;<\/p>\n<p><strong>H\u00e9! Wist je eigenlijk dat het bedrijf achter The Best Social Media nog veel meer doet dan artikelen schrijven? Neem eens een kijkje op de <a href=\"https:\/\/www.instagram.com\/thebestsocial\/\" target=\"_blank\" rel=\"noopener\">Instagram<\/a>&#8211; en <a href=\"https:\/\/www.linkedin.com\/company\/thebestsocial\/mycompany\/\" target=\"_blank\" rel=\"noopener\">LinkedInpagina<\/a> van The Best Social.<\/strong><\/p>\n<blockquote class=\"instagram-media\" style=\"background: #FFF; border: 0; border-radius: 3px; box-shadow: 0 0 1px 0 rgba(0,0,0,0.5),0 1px 10px 0 rgba(0,0,0,0.15); margin: 1px; max-width: 540px; min-width: 326px; padding: 0; width: calc(100% - 2px);\" data-instgrm-captioned=\"\" data-instgrm-permalink=\"https:\/\/www.instagram.com\/p\/CbP2S9-o1Nt\/?utm_source=ig_embed&amp;utm_campaign=loading\" data-instgrm-version=\"14\">\n<div style=\"padding: 16px;\">\n<p>&nbsp;<\/p>\n<div style=\"display: flex; flex-direction: row; align-items: center;\">\n<div style=\"background-color: #f4f4f4; border-radius: 50%; flex-grow: 0; height: 40px; margin-right: 14px; width: 40px;\"><\/div>\n<div style=\"display: flex; flex-direction: column; flex-grow: 1; justify-content: center;\">\n<div style=\"background-color: #f4f4f4; border-radius: 4px; flex-grow: 0; height: 14px; margin-bottom: 6px; width: 100px;\"><\/div>\n<div style=\"background-color: #f4f4f4; border-radius: 4px; flex-grow: 0; height: 14px; width: 60px;\"><\/div>\n<\/div>\n<\/div>\n<div style=\"padding: 19% 0;\"><\/div>\n<div style=\"display: block; height: 50px; margin: 0 auto 12px; width: 50px;\"><\/div>\n<div style=\"padding-top: 8px;\">\n<div style=\"color: #3897f0; font-family: Arial,sans-serif; font-size: 14px; font-style: normal; font-weight: 550; line-height: 18px;\">View this post on Instagram<\/div>\n<\/div>\n<div style=\"padding: 12.5% 0;\"><\/div>\n<div style=\"display: flex; flex-direction: row; margin-bottom: 14px; align-items: center;\">\n<div>\n<div style=\"background-color: #f4f4f4; border-radius: 50%; height: 12.5px; width: 12.5px; transform: translateX(0px) translateY(7px);\"><\/div>\n<div style=\"background-color: #f4f4f4; height: 12.5px; transform: rotate(-45deg) translateX(3px) translateY(1px); width: 12.5px; flex-grow: 0; margin-right: 14px; margin-left: 2px;\"><\/div>\n<div style=\"background-color: #f4f4f4; border-radius: 50%; height: 12.5px; width: 12.5px; transform: translateX(9px) translateY(-18px);\"><\/div>\n<\/div>\n<div style=\"margin-left: 8px;\">\n<div style=\"background-color: #f4f4f4; border-radius: 50%; flex-grow: 0; height: 20px; width: 20px;\"><\/div>\n<div style=\"width: 0; height: 0; border-top: 2px solid transparent; border-left: 6px solid #f4f4f4; border-bottom: 2px solid transparent; transform: translateX(16px) translateY(-4px) rotate(30deg);\"><\/div>\n<\/div>\n<div style=\"margin-left: auto;\">\n<div style=\"width: 0px; border-top: 8px solid #F4F4F4; border-right: 8px solid transparent; transform: translateY(16px);\"><\/div>\n<div style=\"background-color: #f4f4f4; flex-grow: 0; height: 12px; width: 16px; transform: translateY(-4px);\"><\/div>\n<div style=\"width: 0; height: 0; border-top: 8px solid #F4F4F4; border-left: 8px solid transparent; transform: translateY(-4px) translateX(8px);\"><\/div>\n<\/div>\n<\/div>\n<div style=\"display: flex; flex-direction: column; flex-grow: 1; justify-content: center; margin-bottom: 24px;\">\n<div style=\"background-color: #f4f4f4; border-radius: 4px; flex-grow: 0; height: 14px; margin-bottom: 6px; width: 224px;\"><\/div>\n<div style=\"background-color: #f4f4f4; border-radius: 4px; flex-grow: 0; height: 14px; width: 144px;\"><\/div>\n<\/div>\n<p>&nbsp;<\/p>\n<p style=\"color: #c9c8cd; font-family: Arial,sans-serif; font-size: 14px; line-height: 17px; margin-bottom: 0; margin-top: 8px; overflow: hidden; padding: 8px 0 7px; text-align: center; text-overflow: ellipsis; white-space: nowrap;\"><a style=\"color: #c9c8cd; font-family: Arial,sans-serif; font-size: 14px; font-style: normal; font-weight: normal; line-height: 17px; text-decoration: none;\" href=\"https:\/\/www.instagram.com\/p\/CbP2S9-o1Nt\/?utm_source=ig_embed&amp;utm_campaign=loading\" target=\"_blank\" rel=\"noopener\">A post shared by The Best Social (@thebestsocial)<\/a><\/p>\n<\/div>\n<\/blockquote>\n\n<script async defer src=\"\/instagram-embed.js\"><\/script>","protected":false},"excerpt":{"rendered":"<p>Hoewel je op Facebook, Instagram en Twitter enkel posts \u2018leuk kunt vinden\u2019, irriteren we ons ook constant mateloos op social media. Soms is het h\u00e9\u00e9rlijk&#8230;<\/p>\n","protected":false},"author":96,"featured_media":226820,"comment_status":"open","ping_status":"open","sticky":false,"template":"","format":"standard","meta":{"_acf_changed":false,"footnotes":""},"categories":[16,17],"tags":[21,101,2374],"class_list":["post-226569","post","type-post","status-publish","format-standard","has-post-thumbnail","hentry","category-blogs","category-nieuws","tag-facebook","tag-instagram","tag-irritaties"],"acf":[],"yoast_head":"<!-- This site is optimized with the Yoast SEO plugin v27.5 - https:\/\/yoast.com\/product\/yoast-seo-wordpress\/ -->\n<title>Aan dit gedrag op Facebook en Instagram ergeren jullie je mateloos<\/title>\n<meta name=\"description\" content=\"Hoewel je op Facebook, Instagram en Twitter enkel posts \u2018leuk kunt vinden\u2019, irriteren we ons ook constant mateloos op social media. Soms is\" \/>\n<meta name=\"robots\" content=\"index, follow, max-snippet:-1, max-image-preview:large, max-video-preview:-1\" \/>\n<link rel=\"canonical\" href=\"https:\/\/www.thebestsocial.media\/nl\/gedrag-facebook-instagram-ergeren\/\" \/>\n<meta property=\"og:locale\" content=\"nl_NL\" \/>\n<meta property=\"og:type\" content=\"article\" \/>\n<meta property=\"og:title\" content=\"Aan dit gedrag op Facebook en Instagram ergeren jullie je mateloos\" \/>\n<meta property=\"og:description\" content=\"Hoewel je op Facebook, Instagram en Twitter enkel posts \u2018leuk kunt vinden\u2019, irriteren we ons ook constant mateloos op social media. Soms is het h\u00e9\u00e9rlijk om je aan de stories of foto\u2019s van een ander te ergeren, al zijn er ook genoeg dingen die ons de neus uitkomen. Precies om deze reden vroegen wij naar typisch gedrag van mensen op social media, wat meteen het bloed onder jullie nagels vandaan haalt. En daarmee werd de beerput opengetrokken...\" \/>\n<meta property=\"og:url\" content=\"https:\/\/www.thebestsocial.media\/nl\/gedrag-facebook-instagram-ergeren\/\" \/>\n<meta property=\"og:site_name\" content=\"The Best Social Media NL\" \/>\n<meta property=\"article:published_time\" content=\"2022-10-28T08:41:26+00:00\" \/>\n<meta property=\"article:modified_time\" content=\"2022-10-28T08:49:05+00:00\" \/>\n<meta property=\"og:image\" content=\"https:\/\/www.thebestsocial.media\/nl\/wp-content\/uploads\/sites\/2\/2022\/10\/header-irriii.png\" \/>\n\t<meta property=\"og:image:width\" content=\"1200\" \/>\n\t<meta property=\"og:image:height\" content=\"630\" \/>\n\t<meta property=\"og:image:type\" content=\"image\/png\" \/>\n<meta name=\"author\" content=\"yannick\" \/>\n<meta name=\"twitter:card\" content=\"summary_large_image\" \/>\n<meta name=\"twitter:title\" content=\"Aan dit gedrag op Facebook en Instagram ergeren jullie je mateloos\" \/>\n<meta name=\"twitter:description\" content=\"Hoewel je op Facebook, Instagram en Twitter enkel posts \u2018leuk kunt vinden\u2019, irriteren we ons ook constant mateloos op social media. Soms is het h\u00e9\u00e9rlijk om je aan de stories of foto\u2019s van een ander te ergeren, al zijn er ook genoeg dingen die ons de neus uitkomen. Precies om deze reden vroegen wij naar typisch gedrag van mensen op social media, wat meteen het bloed onder jullie nagels vandaan haalt. En daarmee werd de beerput opengetrokken...\" \/>\n<meta name=\"twitter:image\" content=\"https:\/\/www.thebestsocial.media\/nl\/wp-content\/uploads\/sites\/2\/2022\/10\/header-irriii.png\" \/>\n<meta name=\"twitter:label1\" content=\"Geschreven door\" \/>\n\t<meta name=\"twitter:data1\" content=\"yannick\" \/>\n\t<meta name=\"twitter:label2\" content=\"Geschatte leestijd\" \/>\n\t<meta name=\"twitter:data2\" content=\"8 minuten\" \/>\n<script type=\"application\/ld+json\" class=\"yoast-schema-graph\">{\"@context\":\"https:\\\/\\\/schema.org\",\"@graph\":[{\"@type\":\"Article\",\"@id\":\"https:\\\/\\\/www.thebestsocial.media\\\/nl\\\/gedrag-facebook-instagram-ergeren\\\/#article\",\"isPartOf\":{\"@id\":\"https:\\\/\\\/www.thebestsocial.media\\\/nl\\\/gedrag-facebook-instagram-ergeren\\\/\"},\"author\":{\"name\":\"yannick\",\"@id\":\"https:\\\/\\\/www.thebestsocial.media\\\/nl\\\/#\\\/schema\\\/person\\\/2b65a07de209cd1d416a21f959fdf166\"},\"headline\":\"Aan dit gedrag op Facebook en Instagram ergeren jullie je mateloos\",\"datePublished\":\"2022-10-28T08:41:26+00:00\",\"dateModified\":\"2022-10-28T08:49:05+00:00\",\"mainEntityOfPage\":{\"@id\":\"https:\\\/\\\/www.thebestsocial.media\\\/nl\\\/gedrag-facebook-instagram-ergeren\\\/\"},\"wordCount\":658,\"commentCount\":0,\"image\":{\"@id\":\"https:\\\/\\\/www.thebestsocial.media\\\/nl\\\/gedrag-facebook-instagram-ergeren\\\/#primaryimage\"},\"thumbnailUrl\":\"https:\\\/\\\/www.thebestsocial.media\\\/nl\\\/wp-content\\\/uploads\\\/sites\\\/2\\\/2022\\\/10\\\/header-irri-zonder-teksttt.png\",\"keywords\":[\"facebook\",\"instagram\",\"irritaties\"],\"articleSection\":[\"Blogs\",\"Nieuws\"],\"inLanguage\":\"nl-NL\",\"potentialAction\":[{\"@type\":\"CommentAction\",\"name\":\"Comment\",\"target\":[\"https:\\\/\\\/www.thebestsocial.media\\\/nl\\\/gedrag-facebook-instagram-ergeren\\\/#respond\"]}]},{\"@type\":\"WebPage\",\"@id\":\"https:\\\/\\\/www.thebestsocial.media\\\/nl\\\/gedrag-facebook-instagram-ergeren\\\/\",\"url\":\"https:\\\/\\\/www.thebestsocial.media\\\/nl\\\/gedrag-facebook-instagram-ergeren\\\/\",\"name\":\"Aan dit gedrag op Facebook en Instagram ergeren jullie je mateloos\",\"isPartOf\":{\"@id\":\"https:\\\/\\\/www.thebestsocial.media\\\/nl\\\/#website\"},\"primaryImageOfPage\":{\"@id\":\"https:\\\/\\\/www.thebestsocial.media\\\/nl\\\/gedrag-facebook-instagram-ergeren\\\/#primaryimage\"},\"image\":{\"@id\":\"https:\\\/\\\/www.thebestsocial.media\\\/nl\\\/gedrag-facebook-instagram-ergeren\\\/#primaryimage\"},\"thumbnailUrl\":\"https:\\\/\\\/www.thebestsocial.media\\\/nl\\\/wp-content\\\/uploads\\\/sites\\\/2\\\/2022\\\/10\\\/header-irri-zonder-teksttt.png\",\"datePublished\":\"2022-10-28T08:41:26+00:00\",\"dateModified\":\"2022-10-28T08:49:05+00:00\",\"author\":{\"@id\":\"https:\\\/\\\/www.thebestsocial.media\\\/nl\\\/#\\\/schema\\\/person\\\/2b65a07de209cd1d416a21f959fdf166\"},\"description\":\"Hoewel je op Facebook, Instagram en Twitter enkel posts \u2018leuk kunt vinden\u2019, irriteren we ons ook constant mateloos op social media. Soms is\",\"breadcrumb\":{\"@id\":\"https:\\\/\\\/www.thebestsocial.media\\\/nl\\\/gedrag-facebook-instagram-ergeren\\\/#breadcrumb\"},\"inLanguage\":\"nl-NL\",\"potentialAction\":[{\"@type\":\"ReadAction\",\"target\":[\"https:\\\/\\\/www.thebestsocial.media\\\/nl\\\/gedrag-facebook-instagram-ergeren\\\/\"]}]},{\"@type\":\"ImageObject\",\"inLanguage\":\"nl-NL\",\"@id\":\"https:\\\/\\\/www.thebestsocial.media\\\/nl\\\/gedrag-facebook-instagram-ergeren\\\/#primaryimage\",\"url\":\"https:\\\/\\\/www.thebestsocial.media\\\/nl\\\/wp-content\\\/uploads\\\/sites\\\/2\\\/2022\\\/10\\\/header-irri-zonder-teksttt.png\",\"contentUrl\":\"https:\\\/\\\/www.thebestsocial.media\\\/nl\\\/wp-content\\\/uploads\\\/sites\\\/2\\\/2022\\\/10\\\/header-irri-zonder-teksttt.png\",\"width\":1200,\"height\":630},{\"@type\":\"BreadcrumbList\",\"@id\":\"https:\\\/\\\/www.thebestsocial.media\\\/nl\\\/gedrag-facebook-instagram-ergeren\\\/#breadcrumb\",\"itemListElement\":[{\"@type\":\"ListItem\",\"position\":1,\"name\":\"Home\",\"item\":\"https:\\\/\\\/www.thebestsocial.media\\\/nl\\\/\"},{\"@type\":\"ListItem\",\"position\":2,\"name\":\"Aan dit gedrag op Facebook en Instagram ergeren jullie je mateloos\"}]},{\"@type\":\"WebSite\",\"@id\":\"https:\\\/\\\/www.thebestsocial.media\\\/nl\\\/#website\",\"url\":\"https:\\\/\\\/www.thebestsocial.media\\\/nl\\\/\",\"name\":\"The Best Social Media NL\",\"description\":\"Zoeklicht in de Digital Chaos\",\"potentialAction\":[{\"@type\":\"SearchAction\",\"target\":{\"@type\":\"EntryPoint\",\"urlTemplate\":\"https:\\\/\\\/www.thebestsocial.media\\\/nl\\\/?s={search_term_string}\"},\"query-input\":{\"@type\":\"PropertyValueSpecification\",\"valueRequired\":true,\"valueName\":\"search_term_string\"}}],\"inLanguage\":\"nl-NL\"},{\"@type\":\"Person\",\"@id\":\"https:\\\/\\\/www.thebestsocial.media\\\/nl\\\/#\\\/schema\\\/person\\\/2b65a07de209cd1d416a21f959fdf166\",\"name\":\"yannick\",\"image\":{\"@type\":\"ImageObject\",\"inLanguage\":\"nl-NL\",\"@id\":\"https:\\\/\\\/secure.gravatar.com\\\/avatar\\\/8909b7412361c45e4fc0664b3e04faa1ad03832e065a1098c95a21a0527771d4?s=96&d=mm&r=g\",\"url\":\"https:\\\/\\\/secure.gravatar.com\\\/avatar\\\/8909b7412361c45e4fc0664b3e04faa1ad03832e065a1098c95a21a0527771d4?s=96&d=mm&r=g\",\"contentUrl\":\"https:\\\/\\\/secure.gravatar.com\\\/avatar\\\/8909b7412361c45e4fc0664b3e04faa1ad03832e065a1098c95a21a0527771d4?s=96&d=mm&r=g\",\"caption\":\"yannick\"},\"description\":\"Geboren en getogen Bredanaar. Droomde altijd van een carri\u00e8re als profvoetballer, maar is gestrand in de Kelderklasse. Nu geeft ze hier onnodig 'commentaar' op sport, collega's (\u00e9\u00e9n in het bijzonder) en mensen die iconische memes niet kennen.\",\"sameAs\":[\"https:\\\/\\\/www.instagram.com\\\/yannicksnoek\\\/\",\"https:\\\/\\\/www.linkedin.com\\\/in\\\/yannick-s-743aa110b\\\/\"],\"url\":\"https:\\\/\\\/www.thebestsocial.media\\\/nl\\\/author\\\/yannick\\\/\"}]}<\/script>\n<!-- \/ Yoast SEO plugin. -->","yoast_head_json":{"title":"Aan dit gedrag op Facebook en Instagram ergeren jullie je mateloos","description":"Hoewel je op Facebook, Instagram en Twitter enkel posts \u2018leuk kunt vinden\u2019, irriteren we ons ook constant mateloos op social media. Soms is","robots":{"index":"index","follow":"follow","max-snippet":"max-snippet:-1","max-image-preview":"max-image-preview:large","max-video-preview":"max-video-preview:-1"},"canonical":"https:\/\/www.thebestsocial.media\/nl\/gedrag-facebook-instagram-ergeren\/","og_locale":"nl_NL","og_type":"article","og_title":"Aan dit gedrag op Facebook en Instagram ergeren jullie je mateloos","og_description":"Hoewel je op Facebook, Instagram en Twitter enkel posts \u2018leuk kunt vinden\u2019, irriteren we ons ook constant mateloos op social media. Soms is het h\u00e9\u00e9rlijk om je aan de stories of foto\u2019s van een ander te ergeren, al zijn er ook genoeg dingen die ons de neus uitkomen. Precies om deze reden vroegen wij naar typisch gedrag van mensen op social media, wat meteen het bloed onder jullie nagels vandaan haalt. En daarmee werd de beerput opengetrokken...","og_url":"https:\/\/www.thebestsocial.media\/nl\/gedrag-facebook-instagram-ergeren\/","og_site_name":"The Best Social Media NL","article_published_time":"2022-10-28T08:41:26+00:00","article_modified_time":"2022-10-28T08:49:05+00:00","og_image":[{"width":1200,"height":630,"url":"https:\/\/www.thebestsocial.media\/nl\/wp-content\/uploads\/sites\/2\/2022\/10\/header-irriii.png","type":"image\/png"}],"author":"yannick","twitter_card":"summary_large_image","twitter_title":"Aan dit gedrag op Facebook en Instagram ergeren jullie je mateloos","twitter_description":"Hoewel je op Facebook, Instagram en Twitter enkel posts \u2018leuk kunt vinden\u2019, irriteren we ons ook constant mateloos op social media. Soms is het h\u00e9\u00e9rlijk om je aan de stories of foto\u2019s van een ander te ergeren, al zijn er ook genoeg dingen die ons de neus uitkomen. Precies om deze reden vroegen wij naar typisch gedrag van mensen op social media, wat meteen het bloed onder jullie nagels vandaan haalt. En daarmee werd de beerput opengetrokken...","twitter_image":"https:\/\/www.thebestsocial.media\/nl\/wp-content\/uploads\/sites\/2\/2022\/10\/header-irriii.png","twitter_misc":{"Geschreven door":"yannick","Geschatte leestijd":"8 minuten"},"schema":{"@context":"https:\/\/schema.org","@graph":[{"@type":"Article","@id":"https:\/\/www.thebestsocial.media\/nl\/gedrag-facebook-instagram-ergeren\/#article","isPartOf":{"@id":"https:\/\/www.thebestsocial.media\/nl\/gedrag-facebook-instagram-ergeren\/"},"author":{"name":"yannick","@id":"https:\/\/www.thebestsocial.media\/nl\/#\/schema\/person\/2b65a07de209cd1d416a21f959fdf166"},"headline":"Aan dit gedrag op Facebook en Instagram ergeren jullie je mateloos","datePublished":"2022-10-28T08:41:26+00:00","dateModified":"2022-10-28T08:49:05+00:00","mainEntityOfPage":{"@id":"https:\/\/www.thebestsocial.media\/nl\/gedrag-facebook-instagram-ergeren\/"},"wordCount":658,"commentCount":0,"image":{"@id":"https:\/\/www.thebestsocial.media\/nl\/gedrag-facebook-instagram-ergeren\/#primaryimage"},"thumbnailUrl":"https:\/\/www.thebestsocial.media\/nl\/wp-content\/uploads\/sites\/2\/2022\/10\/header-irri-zonder-teksttt.png","keywords":["facebook","instagram","irritaties"],"articleSection":["Blogs","Nieuws"],"inLanguage":"nl-NL","potentialAction":[{"@type":"CommentAction","name":"Comment","target":["https:\/\/www.thebestsocial.media\/nl\/gedrag-facebook-instagram-ergeren\/#respond"]}]},{"@type":"WebPage","@id":"https:\/\/www.thebestsocial.media\/nl\/gedrag-facebook-instagram-ergeren\/","url":"https:\/\/www.thebestsocial.media\/nl\/gedrag-facebook-instagram-ergeren\/","name":"Aan dit gedrag op Facebook en Instagram ergeren jullie je mateloos","isPartOf":{"@id":"https:\/\/www.thebestsocial.media\/nl\/#website"},"primaryImageOfPage":{"@id":"https:\/\/www.thebestsocial.media\/nl\/gedrag-facebook-instagram-ergeren\/#primaryimage"},"image":{"@id":"https:\/\/www.thebestsocial.media\/nl\/gedrag-facebook-instagram-ergeren\/#primaryimage"},"thumbnailUrl":"https:\/\/www.thebestsocial.media\/nl\/wp-content\/uploads\/sites\/2\/2022\/10\/header-irri-zonder-teksttt.png","datePublished":"2022-10-28T08:41:26+00:00","dateModified":"2022-10-28T08:49:05+00:00","author":{"@id":"https:\/\/www.thebestsocial.media\/nl\/#\/schema\/person\/2b65a07de209cd1d416a21f959fdf166"},"description":"Hoewel je op Facebook, Instagram en Twitter enkel posts \u2018leuk kunt vinden\u2019, irriteren we ons ook constant mateloos op social media. Soms is","breadcrumb":{"@id":"https:\/\/www.thebestsocial.media\/nl\/gedrag-facebook-instagram-ergeren\/#breadcrumb"},"inLanguage":"nl-NL","potentialAction":[{"@type":"ReadAction","target":["https:\/\/www.thebestsocial.media\/nl\/gedrag-facebook-instagram-ergeren\/"]}]},{"@type":"ImageObject","inLanguage":"nl-NL","@id":"https:\/\/www.thebestsocial.media\/nl\/gedrag-facebook-instagram-ergeren\/#primaryimage","url":"https:\/\/www.thebestsocial.media\/nl\/wp-content\/uploads\/sites\/2\/2022\/10\/header-irri-zonder-teksttt.png","contentUrl":"https:\/\/www.thebestsocial.media\/nl\/wp-content\/uploads\/sites\/2\/2022\/10\/header-irri-zonder-teksttt.png","width":1200,"height":630},{"@type":"BreadcrumbList","@id":"https:\/\/www.thebestsocial.media\/nl\/gedrag-facebook-instagram-ergeren\/#breadcrumb","itemListElement":[{"@type":"ListItem","position":1,"name":"Home","item":"https:\/\/www.thebestsocial.media\/nl\/"},{"@type":"ListItem","position":2,"name":"Aan dit gedrag op Facebook en Instagram ergeren jullie je mateloos"}]},{"@type":"WebSite","@id":"https:\/\/www.thebestsocial.media\/nl\/#website","url":"https:\/\/www.thebestsocial.media\/nl\/","name":"The Best Social Media NL","description":"Zoeklicht in de Digital Chaos","potentialAction":[{"@type":"SearchAction","target":{"@type":"EntryPoint","urlTemplate":"https:\/\/www.thebestsocial.media\/nl\/?s={search_term_string}"},"query-input":{"@type":"PropertyValueSpecification","valueRequired":true,"valueName":"search_term_string"}}],"inLanguage":"nl-NL"},{"@type":"Person","@id":"https:\/\/www.thebestsocial.media\/nl\/#\/schema\/person\/2b65a07de209cd1d416a21f959fdf166","name":"yannick","image":{"@type":"ImageObject","inLanguage":"nl-NL","@id":"https:\/\/secure.gravatar.com\/avatar\/8909b7412361c45e4fc0664b3e04faa1ad03832e065a1098c95a21a0527771d4?s=96&d=mm&r=g","url":"https:\/\/secure.gravatar.com\/avatar\/8909b7412361c45e4fc0664b3e04faa1ad03832e065a1098c95a21a0527771d4?s=96&d=mm&r=g","contentUrl":"https:\/\/secure.gravatar.com\/avatar\/8909b7412361c45e4fc0664b3e04faa1ad03832e065a1098c95a21a0527771d4?s=96&d=mm&r=g","caption":"yannick"},"description":"Geboren en getogen Bredanaar. Droomde altijd van een carri\u00e8re als profvoetballer, maar is gestrand in de Kelderklasse. Nu geeft ze hier onnodig 'commentaar' op sport, collega's (\u00e9\u00e9n in het bijzonder) en mensen die iconische memes niet kennen.","sameAs":["https:\/\/www.instagram.com\/yannicksnoek\/","https:\/\/www.linkedin.com\/in\/yannick-s-743aa110b\/"],"url":"https:\/\/www.thebestsocial.media\/nl\/author\/yannick\/"}]}},"amp_enabled":true,"_links":{"self":[{"href":"https:\/\/www.thebestsocial.media\/nl\/wp-json\/wp\/v2\/posts\/226569","targetHints":{"allow":["GET"]}}],"collection":[{"href":"https:\/\/www.thebestsocial.media\/nl\/wp-json\/wp\/v2\/posts"}],"about":[{"href":"https:\/\/www.thebestsocial.media\/nl\/wp-json\/wp\/v2\/types\/post"}],"author":[{"embeddable":true,"href":"https:\/\/www.thebestsocial.media\/nl\/wp-json\/wp\/v2\/users\/96"}],"replies":[{"embeddable":true,"href":"https:\/\/www.thebestsocial.media\/nl\/wp-json\/wp\/v2\/comments?post=226569"}],"version-history":[{"count":15,"href":"https:\/\/www.thebestsocial.media\/nl\/wp-json\/wp\/v2\/posts\/226569\/revisions"}],"predecessor-version":[{"id":226823,"href":"https:\/\/www.thebestsocial.media\/nl\/wp-json\/wp\/v2\/posts\/226569\/revisions\/226823"}],"wp:featuredmedia":[{"embeddable":true,"href":"https:\/\/www.thebestsocial.media\/nl\/wp-json\/wp\/v2\/media\/226820"}],"wp:attachment":[{"href":"https:\/\/www.thebestsocial.media\/nl\/wp-json\/wp\/v2\/media?parent=226569"}],"wp:term":[{"taxonomy":"category","embeddable":true,"href":"https:\/\/www.thebestsocial.media\/nl\/wp-json\/wp\/v2\/categories?post=226569"},{"taxonomy":"post_tag","embeddable":true,"href":"https:\/\/www.thebestsocial.media\/nl\/wp-json\/wp\/v2\/tags?post=226569"}],"curies":[{"name":"wp","href":"https:\/\/api.w.org\/{rel}","templated":true}]}}