{"id":222721,"date":"2022-09-28T10:24:35","date_gmt":"2022-09-28T09:24:35","guid":{"rendered":"https:\/\/www.thebestsocial.media\/nl\/?p=222721"},"modified":"2022-09-28T10:24:35","modified_gmt":"2022-09-28T09:24:35","slug":"twitter-durft-verwarming-niet-aan-te-zetten-en-zoekt-warmte-bij-elkaar","status":"publish","type":"post","link":"https:\/\/www.thebestsocial.media\/nl\/twitter-durft-verwarming-niet-aan-te-zetten-en-zoekt-warmte-bij-elkaar\/","title":{"rendered":"Twitter durft verwarming niet aan te zetten en zoekt warmte bij elkaar"},"content":{"rendered":"<p>Het zal je waarschijnlijk wel zijn opgevallen dat het inmiddels een stuk koeler is dan een paar weken geleden. Het is 2022 en dan is de verwarming aanzetten wel het meest decadente wat je kunt doen. Onlangs schreven we al een artikel waarin we wat <a href=\"https:\/\/www.thebestsocial.media\/nl\/dankzij-deze-tips-van-een-kraker-kom-jij-warm-en-goedkoop-de-winter-door\/\" target=\"_blank\" rel=\"noopener\">tips<\/a> gaven om toch een warme winter te beleven. Mensen op Twitter willen toch even poolshoogte nemen bij elkaar en vragen zich massaal af wie inmiddels al het gore lef heeft gehad om de verwarming aan te zetten.<\/p>\n<p>&nbsp;<\/p>\n<h3>1. Het voelt als een gigantische gok die je neemt. Wat gaat er gebeuren als je aan het knopje van de verwarming draait?<\/h3>\n<div class=\"dbsm-oembed\">\n<blockquote class=\"twitter-tweet\" data-width=\"500\" data-dnt=\"true\">\n<p lang=\"nl\" dir=\"ltr\">Ik durf de verwarming niet aan te zetten.<\/p>\n<p>&mdash; \u00d6zcan Akyol (@OzcanAkyol) <a href=\"https:\/\/twitter.com\/OzcanAkyol\/status\/1575020303289581569?ref_src=twsrc%5Etfw\">September 28, 2022<\/a><\/p><\/blockquote>\n<p><script async src=\"https:\/\/platform.twitter.com\/widgets.js\" charset=\"utf-8\"><\/script><\/div>\n<p>&nbsp;<\/p>\n<h3>2. Vroeger ging je bijvoorbeeld \u00e9\u00e9n keer per maand uit eten. Tegenwoordig mag de verwarming \u00e9\u00e9n keer per maand een half uurtje aan.<\/h3>\n<div class=\"dbsm-oembed\">\n<blockquote class=\"twitter-tweet\" data-width=\"500\" data-dnt=\"true\">\n<p lang=\"nl\" dir=\"ltr\">Ik heb vandaag een half uur de kachel aan gehad. Ik kreeg het zo vreselijk koud.<br \/>Jeetje, wat een genot&#8230;warmte voelen om je heen. Over een maand mag-ie weer een half uur aan.<\/p>\n<p>&mdash; Elise de Windt (@EdWres) <a href=\"https:\/\/twitter.com\/EdWres\/status\/1574434278032777217?ref_src=twsrc%5Etfw\">September 26, 2022<\/a><\/p><\/blockquote>\n<p><script async src=\"https:\/\/platform.twitter.com\/widgets.js\" charset=\"utf-8\"><\/script><\/div>\n<p>&nbsp;<\/p>\n<h3>3. Het is in elk geval een goed excuus om je verschrikkelijk slecht te kleden.<\/h3>\n<p>https:\/\/twitter.com\/Boreout\/status\/1574308331656732672<\/p>\n<p>&nbsp;<\/p>\n<h3>4. Van vliegschaamte naar verwarmingsschaamte.<\/h3>\n<div class=\"dbsm-oembed\">\n<blockquote class=\"twitter-tweet\" data-width=\"500\" data-dnt=\"true\">\n<p lang=\"nl\" dir=\"ltr\">Ik heb de kachel aangezet. Hoeveel jaren gevangenis is dat?<\/p>\n<p>&mdash; Elise de Windt (@EdWres) <a href=\"https:\/\/twitter.com\/EdWres\/status\/1535165209005940738?ref_src=twsrc%5Etfw\">June 10, 2022<\/a><\/p><\/blockquote>\n<p><script async src=\"https:\/\/platform.twitter.com\/widgets.js\" charset=\"utf-8\"><\/script><\/div>\n<p>&nbsp;<\/p>\n<h3>5. Dat gaan we dus wel doen.<\/h3>\n<p>https:\/\/twitter.com\/pietur\/status\/1571578371598958600<\/p>\n<p>&nbsp;<\/p>\n<h3>6. Heerlijk de hele dag in de kou zitten op school nadat je net in de kou er naartoe bent gefietst. Die verwarming staat er ook voor de sier.<\/h3>\n<div class=\"dbsm-oembed\">\n<blockquote class=\"twitter-tweet\" data-width=\"500\" data-dnt=\"true\">\n<p lang=\"nl\" dir=\"ltr\">Alsof de verwarming ooit werkte?? <a href=\"https:\/\/t.co\/6un4JCkAUQ\">pic.twitter.com\/6un4JCkAUQ<\/a><\/p>\n<p>&mdash; bloeddorstig (@bunnygirliee) <a href=\"https:\/\/twitter.com\/bunnygirliee\/status\/1529168716788817925?ref_src=twsrc%5Etfw\">May 24, 2022<\/a><\/p><\/blockquote>\n<p><script async src=\"https:\/\/platform.twitter.com\/widgets.js\" charset=\"utf-8\"><\/script><\/div>\n<p>&nbsp;<\/p>\n<h3>7. The Hunger Games, maar dan de verwarming versie.<\/h3>\n<div class=\"dbsm-oembed\">\n<blockquote class=\"twitter-tweet\" data-width=\"500\" data-dnt=\"true\">\n<p lang=\"nl\" dir=\"ltr\">Wie red het tot kerst zonder z&#39;n verwarming aan te hebben.<br \/>Nieuw twitterspel <a href=\"https:\/\/t.co\/mv3WERkzTh\">https:\/\/t.co\/mv3WERkzTh<\/a><\/p>\n<p>&mdash; Astrid (@Level_36_) <a href=\"https:\/\/twitter.com\/Level_36_\/status\/1574751785687957504?ref_src=twsrc%5Etfw\">September 27, 2022<\/a><\/p><\/blockquote>\n<p><script async src=\"https:\/\/platform.twitter.com\/widgets.js\" charset=\"utf-8\"><\/script><\/div>\n<p>&nbsp;<\/p>\n<h3>8. Duik maar in je kledingkast want \u00e1lle sweaters gaan aan.<\/h3>\n<div class=\"dbsm-oembed\">\n<blockquote class=\"twitter-tweet\" data-width=\"500\" data-dnt=\"true\">\n<p lang=\"nl\" dir=\"ltr\">We hebben net ons energievoorschot te horen gekregen.<\/p>\n<p>De verwarming blijft deze winter uit, ik kook niet meer en douchen doen de oudsten maar bij hun verkering.<\/p>\n<p>Misschien krijgen we dan iets terug.<\/p>\n<p>&mdash; Marijke Groot (@Marijkegroot) <a href=\"https:\/\/twitter.com\/Marijkegroot\/status\/1574369764570501124?ref_src=twsrc%5Etfw\">September 26, 2022<\/a><\/p><\/blockquote>\n<p><script async src=\"https:\/\/platform.twitter.com\/widgets.js\" charset=\"utf-8\"><\/script><\/div>\n<p>&nbsp;<\/p>\n<p><strong>Wil jij samenwerken met <a href=\"https:\/\/www.thebestsocial.media\/nl\/\" target=\"_blank\" rel=\"noopener\">The Best Social Media<\/a>? Dat kan! Stuur een mailtje naar <a href=\"mailto:sales@thebest.social\" target=\"_blank\" rel=\"noopener\">sales@thebest.social<\/a> en we doen graag een koffietje over de mogelijkheden.<\/strong><\/p>\n<blockquote class=\"instagram-media\" style=\"background: #FFF; border: 0; border-radius: 3px; box-shadow: 0 0 1px 0 rgba(0,0,0,0.5),0 1px 10px 0 rgba(0,0,0,0.15); margin: 1px; max-width: 540px; min-width: 326px; padding: 0; width: calc(100% - 2px);\" data-instgrm-captioned=\"\" data-instgrm-permalink=\"https:\/\/www.instagram.com\/p\/Cfv7PxToKNM\/?utm_source=ig_embed&amp;utm_campaign=loading\" data-instgrm-version=\"14\">\n<div style=\"padding: 16px;\">\n<p>&nbsp;<\/p>\n<div style=\"display: flex; flex-direction: row; align-items: center;\">\n<div style=\"background-color: #f4f4f4; border-radius: 50%; flex-grow: 0; height: 40px; margin-right: 14px; width: 40px;\"><\/div>\n<div style=\"display: flex; flex-direction: column; flex-grow: 1; justify-content: center;\">\n<div style=\"background-color: #f4f4f4; border-radius: 4px; flex-grow: 0; height: 14px; margin-bottom: 6px; width: 100px;\"><\/div>\n<div style=\"background-color: #f4f4f4; border-radius: 4px; flex-grow: 0; height: 14px; width: 60px;\"><\/div>\n<\/div>\n<\/div>\n<div style=\"padding: 19% 0;\"><\/div>\n<div style=\"display: block; height: 50px; margin: 0 auto 12px; width: 50px;\"><\/div>\n<div style=\"padding-top: 8px;\">\n<div style=\"color: #3897f0; font-family: Arial,sans-serif; font-size: 14px; font-style: normal; font-weight: 550; line-height: 18px;\">View this post on Instagram<\/div>\n<\/div>\n<div style=\"padding: 12.5% 0;\"><\/div>\n<div style=\"display: flex; flex-direction: row; margin-bottom: 14px; align-items: center;\">\n<div>\n<div style=\"background-color: #f4f4f4; border-radius: 50%; height: 12.5px; width: 12.5px; transform: translateX(0px) translateY(7px);\"><\/div>\n<div style=\"background-color: #f4f4f4; height: 12.5px; transform: rotate(-45deg) translateX(3px) translateY(1px); width: 12.5px; flex-grow: 0; margin-right: 14px; margin-left: 2px;\"><\/div>\n<div style=\"background-color: #f4f4f4; border-radius: 50%; height: 12.5px; width: 12.5px; transform: translateX(9px) translateY(-18px);\"><\/div>\n<\/div>\n<div style=\"margin-left: 8px;\">\n<div style=\"background-color: #f4f4f4; border-radius: 50%; flex-grow: 0; height: 20px; width: 20px;\"><\/div>\n<div style=\"width: 0; height: 0; border-top: 2px solid transparent; border-left: 6px solid #f4f4f4; border-bottom: 2px solid transparent; transform: translateX(16px) translateY(-4px) rotate(30deg);\"><\/div>\n<\/div>\n<div style=\"margin-left: auto;\">\n<div style=\"width: 0px; border-top: 8px solid #F4F4F4; border-right: 8px solid transparent; transform: translateY(16px);\"><\/div>\n<div style=\"background-color: #f4f4f4; flex-grow: 0; height: 12px; width: 16px; transform: translateY(-4px);\"><\/div>\n<div style=\"width: 0; height: 0; border-top: 8px solid #F4F4F4; border-left: 8px solid transparent; transform: translateY(-4px) translateX(8px);\"><\/div>\n<\/div>\n<\/div>\n<div style=\"display: flex; flex-direction: column; flex-grow: 1; justify-content: center; margin-bottom: 24px;\">\n<div style=\"background-color: #f4f4f4; border-radius: 4px; flex-grow: 0; height: 14px; margin-bottom: 6px; width: 224px;\"><\/div>\n<div style=\"background-color: #f4f4f4; border-radius: 4px; flex-grow: 0; height: 14px; width: 144px;\"><\/div>\n<\/div>\n<p>&nbsp;<\/p>\n<p style=\"color: #c9c8cd; font-family: Arial,sans-serif; font-size: 14px; line-height: 17px; margin-bottom: 0; margin-top: 8px; overflow: hidden; padding: 8px 0 7px; text-align: center; text-overflow: ellipsis; white-space: nowrap;\"><a style=\"color: #c9c8cd; font-family: Arial,sans-serif; font-size: 14px; font-style: normal; font-weight: normal; line-height: 17px; text-decoration: none;\" href=\"https:\/\/www.instagram.com\/p\/Cfv7PxToKNM\/?utm_source=ig_embed&amp;utm_campaign=loading\" target=\"_blank\" rel=\"noopener\">A post shared by The Best Social (@thebestsocial)<\/a><\/p>\n<\/div>\n<\/blockquote>\n\n<script async defer src=\"\/instagram-embed.js\"><\/script>","protected":false},"excerpt":{"rendered":"<p>Het zal je waarschijnlijk wel zijn opgevallen dat het inmiddels een stuk koeler is dan een paar weken geleden. Het is 2022 en dan is&#8230;<\/p>\n","protected":false},"author":87,"featured_media":222754,"comment_status":"open","ping_status":"open","sticky":false,"template":"","format":"standard","meta":{"_acf_changed":false,"footnotes":""},"categories":[16,17],"tags":[6340,28,6339],"class_list":["post-222721","post","type-post","status-publish","format-standard","has-post-thumbnail","hentry","category-blogs","category-nieuws","tag-kachel","tag-twitter","tag-verwarming"],"acf":[],"yoast_head":"<!-- This site is optimized with the Yoast SEO plugin v27.5 - https:\/\/yoast.com\/product\/yoast-seo-wordpress\/ -->\n<title>Twitter durft verwarming niet aan te zetten en zoekt warmte bij elkaar<\/title>\n<meta name=\"description\" content=\"Is het al tijd om de verwarming aan te zetten? Ja zeker. Heb je genoeg knaken om de verwarming aan te zetten? We betwijfelen het.\" \/>\n<meta name=\"robots\" content=\"index, follow, max-snippet:-1, max-image-preview:large, max-video-preview:-1\" \/>\n<link rel=\"canonical\" href=\"https:\/\/www.thebestsocial.media\/nl\/twitter-durft-verwarming-niet-aan-te-zetten-en-zoekt-warmte-bij-elkaar\/\" \/>\n<meta property=\"og:locale\" content=\"nl_NL\" \/>\n<meta property=\"og:type\" content=\"article\" \/>\n<meta property=\"og:title\" content=\"Twitter durft verwarming niet aan te zetten en zoekt warmte bij elkaar\" \/>\n<meta property=\"og:description\" content=\"Is het al tijd om de verwarming aan te zetten? Ja zeker. Heb je genoeg knaken om de verwarming aan te zetten? We betwijfelen het.\" \/>\n<meta property=\"og:url\" content=\"https:\/\/www.thebestsocial.media\/nl\/twitter-durft-verwarming-niet-aan-te-zetten-en-zoekt-warmte-bij-elkaar\/\" \/>\n<meta property=\"og:site_name\" content=\"The Best Social Media NL\" \/>\n<meta property=\"article:published_time\" content=\"2022-09-28T09:24:35+00:00\" \/>\n<meta property=\"og:image\" content=\"https:\/\/www.thebestsocial.media\/nl\/wp-content\/uploads\/sites\/2\/2022\/09\/header-verwarming.png\" \/>\n\t<meta property=\"og:image:width\" content=\"1200\" \/>\n\t<meta property=\"og:image:height\" content=\"630\" \/>\n\t<meta property=\"og:image:type\" content=\"image\/png\" \/>\n<meta name=\"author\" content=\"talithaisik\" \/>\n<meta name=\"twitter:card\" content=\"summary_large_image\" \/>\n<meta name=\"twitter:title\" content=\"Twitter durft verwarming niet aan te zetten en zoekt warmte bij elkaar\" \/>\n<meta name=\"twitter:description\" content=\"Is het al tijd om de verwarming aan te zetten? Ja zeker. Heb je genoeg knaken om de verwarming aan te zetten? We betwijfelen het.\" \/>\n<meta name=\"twitter:image\" content=\"https:\/\/www.thebestsocial.media\/nl\/wp-content\/uploads\/sites\/2\/2022\/09\/header-verwarming.png\" \/>\n<meta name=\"twitter:label1\" content=\"Geschreven door\" \/>\n\t<meta name=\"twitter:data1\" content=\"talithaisik\" \/>\n\t<meta name=\"twitter:label2\" content=\"Geschatte leestijd\" \/>\n\t<meta name=\"twitter:data2\" content=\"2 minuten\" \/>\n<script type=\"application\/ld+json\" class=\"yoast-schema-graph\">{\"@context\":\"https:\\\/\\\/schema.org\",\"@graph\":[{\"@type\":\"Article\",\"@id\":\"https:\\\/\\\/www.thebestsocial.media\\\/nl\\\/twitter-durft-verwarming-niet-aan-te-zetten-en-zoekt-warmte-bij-elkaar\\\/#article\",\"isPartOf\":{\"@id\":\"https:\\\/\\\/www.thebestsocial.media\\\/nl\\\/twitter-durft-verwarming-niet-aan-te-zetten-en-zoekt-warmte-bij-elkaar\\\/\"},\"author\":{\"name\":\"talithaisik\",\"@id\":\"https:\\\/\\\/www.thebestsocial.media\\\/nl\\\/#\\\/schema\\\/person\\\/9edc0f4e71a954be7465e6718febf10d\"},\"headline\":\"Twitter durft verwarming niet aan te zetten en zoekt warmte bij elkaar\",\"datePublished\":\"2022-09-28T09:24:35+00:00\",\"mainEntityOfPage\":{\"@id\":\"https:\\\/\\\/www.thebestsocial.media\\\/nl\\\/twitter-durft-verwarming-niet-aan-te-zetten-en-zoekt-warmte-bij-elkaar\\\/\"},\"wordCount\":306,\"commentCount\":0,\"image\":{\"@id\":\"https:\\\/\\\/www.thebestsocial.media\\\/nl\\\/twitter-durft-verwarming-niet-aan-te-zetten-en-zoekt-warmte-bij-elkaar\\\/#primaryimage\"},\"thumbnailUrl\":\"https:\\\/\\\/www.thebestsocial.media\\\/nl\\\/wp-content\\\/uploads\\\/sites\\\/2\\\/2022\\\/09\\\/uitgelicht-verwarming.png\",\"keywords\":[\"kachel\",\"twitter\",\"verwarming\"],\"articleSection\":[\"Blogs\",\"Nieuws\"],\"inLanguage\":\"nl-NL\",\"potentialAction\":[{\"@type\":\"CommentAction\",\"name\":\"Comment\",\"target\":[\"https:\\\/\\\/www.thebestsocial.media\\\/nl\\\/twitter-durft-verwarming-niet-aan-te-zetten-en-zoekt-warmte-bij-elkaar\\\/#respond\"]}]},{\"@type\":\"WebPage\",\"@id\":\"https:\\\/\\\/www.thebestsocial.media\\\/nl\\\/twitter-durft-verwarming-niet-aan-te-zetten-en-zoekt-warmte-bij-elkaar\\\/\",\"url\":\"https:\\\/\\\/www.thebestsocial.media\\\/nl\\\/twitter-durft-verwarming-niet-aan-te-zetten-en-zoekt-warmte-bij-elkaar\\\/\",\"name\":\"Twitter durft verwarming niet aan te zetten en zoekt warmte bij elkaar\",\"isPartOf\":{\"@id\":\"https:\\\/\\\/www.thebestsocial.media\\\/nl\\\/#website\"},\"primaryImageOfPage\":{\"@id\":\"https:\\\/\\\/www.thebestsocial.media\\\/nl\\\/twitter-durft-verwarming-niet-aan-te-zetten-en-zoekt-warmte-bij-elkaar\\\/#primaryimage\"},\"image\":{\"@id\":\"https:\\\/\\\/www.thebestsocial.media\\\/nl\\\/twitter-durft-verwarming-niet-aan-te-zetten-en-zoekt-warmte-bij-elkaar\\\/#primaryimage\"},\"thumbnailUrl\":\"https:\\\/\\\/www.thebestsocial.media\\\/nl\\\/wp-content\\\/uploads\\\/sites\\\/2\\\/2022\\\/09\\\/uitgelicht-verwarming.png\",\"datePublished\":\"2022-09-28T09:24:35+00:00\",\"author\":{\"@id\":\"https:\\\/\\\/www.thebestsocial.media\\\/nl\\\/#\\\/schema\\\/person\\\/9edc0f4e71a954be7465e6718febf10d\"},\"description\":\"Is het al tijd om de verwarming aan te zetten? Ja zeker. Heb je genoeg knaken om de verwarming aan te zetten? We betwijfelen het.\",\"breadcrumb\":{\"@id\":\"https:\\\/\\\/www.thebestsocial.media\\\/nl\\\/twitter-durft-verwarming-niet-aan-te-zetten-en-zoekt-warmte-bij-elkaar\\\/#breadcrumb\"},\"inLanguage\":\"nl-NL\",\"potentialAction\":[{\"@type\":\"ReadAction\",\"target\":[\"https:\\\/\\\/www.thebestsocial.media\\\/nl\\\/twitter-durft-verwarming-niet-aan-te-zetten-en-zoekt-warmte-bij-elkaar\\\/\"]}]},{\"@type\":\"ImageObject\",\"inLanguage\":\"nl-NL\",\"@id\":\"https:\\\/\\\/www.thebestsocial.media\\\/nl\\\/twitter-durft-verwarming-niet-aan-te-zetten-en-zoekt-warmte-bij-elkaar\\\/#primaryimage\",\"url\":\"https:\\\/\\\/www.thebestsocial.media\\\/nl\\\/wp-content\\\/uploads\\\/sites\\\/2\\\/2022\\\/09\\\/uitgelicht-verwarming.png\",\"contentUrl\":\"https:\\\/\\\/www.thebestsocial.media\\\/nl\\\/wp-content\\\/uploads\\\/sites\\\/2\\\/2022\\\/09\\\/uitgelicht-verwarming.png\",\"width\":1200,\"height\":630},{\"@type\":\"BreadcrumbList\",\"@id\":\"https:\\\/\\\/www.thebestsocial.media\\\/nl\\\/twitter-durft-verwarming-niet-aan-te-zetten-en-zoekt-warmte-bij-elkaar\\\/#breadcrumb\",\"itemListElement\":[{\"@type\":\"ListItem\",\"position\":1,\"name\":\"Home\",\"item\":\"https:\\\/\\\/www.thebestsocial.media\\\/nl\\\/\"},{\"@type\":\"ListItem\",\"position\":2,\"name\":\"Twitter durft verwarming niet aan te zetten en zoekt warmte bij elkaar\"}]},{\"@type\":\"WebSite\",\"@id\":\"https:\\\/\\\/www.thebestsocial.media\\\/nl\\\/#website\",\"url\":\"https:\\\/\\\/www.thebestsocial.media\\\/nl\\\/\",\"name\":\"The Best Social Media NL\",\"description\":\"Zoeklicht in de Digital Chaos\",\"potentialAction\":[{\"@type\":\"SearchAction\",\"target\":{\"@type\":\"EntryPoint\",\"urlTemplate\":\"https:\\\/\\\/www.thebestsocial.media\\\/nl\\\/?s={search_term_string}\"},\"query-input\":{\"@type\":\"PropertyValueSpecification\",\"valueRequired\":true,\"valueName\":\"search_term_string\"}}],\"inLanguage\":\"nl-NL\"},{\"@type\":\"Person\",\"@id\":\"https:\\\/\\\/www.thebestsocial.media\\\/nl\\\/#\\\/schema\\\/person\\\/9edc0f4e71a954be7465e6718febf10d\",\"name\":\"talithaisik\",\"image\":{\"@type\":\"ImageObject\",\"inLanguage\":\"nl-NL\",\"@id\":\"https:\\\/\\\/secure.gravatar.com\\\/avatar\\\/33bc8ba79d8b0268046c766327578bdc58f311fbfa4f76af9d7c45e9088dc93b?s=96&d=mm&r=g\",\"url\":\"https:\\\/\\\/secure.gravatar.com\\\/avatar\\\/33bc8ba79d8b0268046c766327578bdc58f311fbfa4f76af9d7c45e9088dc93b?s=96&d=mm&r=g\",\"contentUrl\":\"https:\\\/\\\/secure.gravatar.com\\\/avatar\\\/33bc8ba79d8b0268046c766327578bdc58f311fbfa4f76af9d7c45e9088dc93b?s=96&d=mm&r=g\",\"caption\":\"talithaisik\"},\"url\":\"https:\\\/\\\/www.thebestsocial.media\\\/nl\\\/author\\\/talithaisik\\\/\"}]}<\/script>\n<!-- \/ Yoast SEO plugin. -->","yoast_head_json":{"title":"Twitter durft verwarming niet aan te zetten en zoekt warmte bij elkaar","description":"Is het al tijd om de verwarming aan te zetten? Ja zeker. Heb je genoeg knaken om de verwarming aan te zetten? We betwijfelen het.","robots":{"index":"index","follow":"follow","max-snippet":"max-snippet:-1","max-image-preview":"max-image-preview:large","max-video-preview":"max-video-preview:-1"},"canonical":"https:\/\/www.thebestsocial.media\/nl\/twitter-durft-verwarming-niet-aan-te-zetten-en-zoekt-warmte-bij-elkaar\/","og_locale":"nl_NL","og_type":"article","og_title":"Twitter durft verwarming niet aan te zetten en zoekt warmte bij elkaar","og_description":"Is het al tijd om de verwarming aan te zetten? Ja zeker. Heb je genoeg knaken om de verwarming aan te zetten? We betwijfelen het.","og_url":"https:\/\/www.thebestsocial.media\/nl\/twitter-durft-verwarming-niet-aan-te-zetten-en-zoekt-warmte-bij-elkaar\/","og_site_name":"The Best Social Media NL","article_published_time":"2022-09-28T09:24:35+00:00","og_image":[{"width":1200,"height":630,"url":"https:\/\/www.thebestsocial.media\/nl\/wp-content\/uploads\/sites\/2\/2022\/09\/header-verwarming.png","type":"image\/png"}],"author":"talithaisik","twitter_card":"summary_large_image","twitter_title":"Twitter durft verwarming niet aan te zetten en zoekt warmte bij elkaar","twitter_description":"Is het al tijd om de verwarming aan te zetten? Ja zeker. Heb je genoeg knaken om de verwarming aan te zetten? We betwijfelen het.","twitter_image":"https:\/\/www.thebestsocial.media\/nl\/wp-content\/uploads\/sites\/2\/2022\/09\/header-verwarming.png","twitter_misc":{"Geschreven door":"talithaisik","Geschatte leestijd":"2 minuten"},"schema":{"@context":"https:\/\/schema.org","@graph":[{"@type":"Article","@id":"https:\/\/www.thebestsocial.media\/nl\/twitter-durft-verwarming-niet-aan-te-zetten-en-zoekt-warmte-bij-elkaar\/#article","isPartOf":{"@id":"https:\/\/www.thebestsocial.media\/nl\/twitter-durft-verwarming-niet-aan-te-zetten-en-zoekt-warmte-bij-elkaar\/"},"author":{"name":"talithaisik","@id":"https:\/\/www.thebestsocial.media\/nl\/#\/schema\/person\/9edc0f4e71a954be7465e6718febf10d"},"headline":"Twitter durft verwarming niet aan te zetten en zoekt warmte bij elkaar","datePublished":"2022-09-28T09:24:35+00:00","mainEntityOfPage":{"@id":"https:\/\/www.thebestsocial.media\/nl\/twitter-durft-verwarming-niet-aan-te-zetten-en-zoekt-warmte-bij-elkaar\/"},"wordCount":306,"commentCount":0,"image":{"@id":"https:\/\/www.thebestsocial.media\/nl\/twitter-durft-verwarming-niet-aan-te-zetten-en-zoekt-warmte-bij-elkaar\/#primaryimage"},"thumbnailUrl":"https:\/\/www.thebestsocial.media\/nl\/wp-content\/uploads\/sites\/2\/2022\/09\/uitgelicht-verwarming.png","keywords":["kachel","twitter","verwarming"],"articleSection":["Blogs","Nieuws"],"inLanguage":"nl-NL","potentialAction":[{"@type":"CommentAction","name":"Comment","target":["https:\/\/www.thebestsocial.media\/nl\/twitter-durft-verwarming-niet-aan-te-zetten-en-zoekt-warmte-bij-elkaar\/#respond"]}]},{"@type":"WebPage","@id":"https:\/\/www.thebestsocial.media\/nl\/twitter-durft-verwarming-niet-aan-te-zetten-en-zoekt-warmte-bij-elkaar\/","url":"https:\/\/www.thebestsocial.media\/nl\/twitter-durft-verwarming-niet-aan-te-zetten-en-zoekt-warmte-bij-elkaar\/","name":"Twitter durft verwarming niet aan te zetten en zoekt warmte bij elkaar","isPartOf":{"@id":"https:\/\/www.thebestsocial.media\/nl\/#website"},"primaryImageOfPage":{"@id":"https:\/\/www.thebestsocial.media\/nl\/twitter-durft-verwarming-niet-aan-te-zetten-en-zoekt-warmte-bij-elkaar\/#primaryimage"},"image":{"@id":"https:\/\/www.thebestsocial.media\/nl\/twitter-durft-verwarming-niet-aan-te-zetten-en-zoekt-warmte-bij-elkaar\/#primaryimage"},"thumbnailUrl":"https:\/\/www.thebestsocial.media\/nl\/wp-content\/uploads\/sites\/2\/2022\/09\/uitgelicht-verwarming.png","datePublished":"2022-09-28T09:24:35+00:00","author":{"@id":"https:\/\/www.thebestsocial.media\/nl\/#\/schema\/person\/9edc0f4e71a954be7465e6718febf10d"},"description":"Is het al tijd om de verwarming aan te zetten? Ja zeker. Heb je genoeg knaken om de verwarming aan te zetten? We betwijfelen het.","breadcrumb":{"@id":"https:\/\/www.thebestsocial.media\/nl\/twitter-durft-verwarming-niet-aan-te-zetten-en-zoekt-warmte-bij-elkaar\/#breadcrumb"},"inLanguage":"nl-NL","potentialAction":[{"@type":"ReadAction","target":["https:\/\/www.thebestsocial.media\/nl\/twitter-durft-verwarming-niet-aan-te-zetten-en-zoekt-warmte-bij-elkaar\/"]}]},{"@type":"ImageObject","inLanguage":"nl-NL","@id":"https:\/\/www.thebestsocial.media\/nl\/twitter-durft-verwarming-niet-aan-te-zetten-en-zoekt-warmte-bij-elkaar\/#primaryimage","url":"https:\/\/www.thebestsocial.media\/nl\/wp-content\/uploads\/sites\/2\/2022\/09\/uitgelicht-verwarming.png","contentUrl":"https:\/\/www.thebestsocial.media\/nl\/wp-content\/uploads\/sites\/2\/2022\/09\/uitgelicht-verwarming.png","width":1200,"height":630},{"@type":"BreadcrumbList","@id":"https:\/\/www.thebestsocial.media\/nl\/twitter-durft-verwarming-niet-aan-te-zetten-en-zoekt-warmte-bij-elkaar\/#breadcrumb","itemListElement":[{"@type":"ListItem","position":1,"name":"Home","item":"https:\/\/www.thebestsocial.media\/nl\/"},{"@type":"ListItem","position":2,"name":"Twitter durft verwarming niet aan te zetten en zoekt warmte bij elkaar"}]},{"@type":"WebSite","@id":"https:\/\/www.thebestsocial.media\/nl\/#website","url":"https:\/\/www.thebestsocial.media\/nl\/","name":"The Best Social Media NL","description":"Zoeklicht in de Digital Chaos","potentialAction":[{"@type":"SearchAction","target":{"@type":"EntryPoint","urlTemplate":"https:\/\/www.thebestsocial.media\/nl\/?s={search_term_string}"},"query-input":{"@type":"PropertyValueSpecification","valueRequired":true,"valueName":"search_term_string"}}],"inLanguage":"nl-NL"},{"@type":"Person","@id":"https:\/\/www.thebestsocial.media\/nl\/#\/schema\/person\/9edc0f4e71a954be7465e6718febf10d","name":"talithaisik","image":{"@type":"ImageObject","inLanguage":"nl-NL","@id":"https:\/\/secure.gravatar.com\/avatar\/33bc8ba79d8b0268046c766327578bdc58f311fbfa4f76af9d7c45e9088dc93b?s=96&d=mm&r=g","url":"https:\/\/secure.gravatar.com\/avatar\/33bc8ba79d8b0268046c766327578bdc58f311fbfa4f76af9d7c45e9088dc93b?s=96&d=mm&r=g","contentUrl":"https:\/\/secure.gravatar.com\/avatar\/33bc8ba79d8b0268046c766327578bdc58f311fbfa4f76af9d7c45e9088dc93b?s=96&d=mm&r=g","caption":"talithaisik"},"url":"https:\/\/www.thebestsocial.media\/nl\/author\/talithaisik\/"}]}},"amp_enabled":true,"_links":{"self":[{"href":"https:\/\/www.thebestsocial.media\/nl\/wp-json\/wp\/v2\/posts\/222721","targetHints":{"allow":["GET"]}}],"collection":[{"href":"https:\/\/www.thebestsocial.media\/nl\/wp-json\/wp\/v2\/posts"}],"about":[{"href":"https:\/\/www.thebestsocial.media\/nl\/wp-json\/wp\/v2\/types\/post"}],"author":[{"embeddable":true,"href":"https:\/\/www.thebestsocial.media\/nl\/wp-json\/wp\/v2\/users\/87"}],"replies":[{"embeddable":true,"href":"https:\/\/www.thebestsocial.media\/nl\/wp-json\/wp\/v2\/comments?post=222721"}],"version-history":[{"count":1,"href":"https:\/\/www.thebestsocial.media\/nl\/wp-json\/wp\/v2\/posts\/222721\/revisions"}],"predecessor-version":[{"id":222756,"href":"https:\/\/www.thebestsocial.media\/nl\/wp-json\/wp\/v2\/posts\/222721\/revisions\/222756"}],"wp:featuredmedia":[{"embeddable":true,"href":"https:\/\/www.thebestsocial.media\/nl\/wp-json\/wp\/v2\/media\/222754"}],"wp:attachment":[{"href":"https:\/\/www.thebestsocial.media\/nl\/wp-json\/wp\/v2\/media?parent=222721"}],"wp:term":[{"taxonomy":"category","embeddable":true,"href":"https:\/\/www.thebestsocial.media\/nl\/wp-json\/wp\/v2\/categories?post=222721"},{"taxonomy":"post_tag","embeddable":true,"href":"https:\/\/www.thebestsocial.media\/nl\/wp-json\/wp\/v2\/tags?post=222721"}],"curies":[{"name":"wp","href":"https:\/\/api.w.org\/{rel}","templated":true}]}}