{"id":211986,"date":"2022-06-16T12:13:18","date_gmt":"2022-06-16T11:13:18","guid":{"rendered":"https:\/\/www.thebestsocial.media\/nl\/?p=211986"},"modified":"2022-06-16T14:10:35","modified_gmt":"2022-06-16T13:10:35","slug":"het-geduld-van-festivalgangers-wordt-eindelijk-beloond","status":"publish","type":"post","link":"https:\/\/www.thebestsocial.media\/nl\/het-geduld-van-festivalgangers-wordt-eindelijk-beloond\/","title":{"rendered":"Het geduld van festivalgangers wordt ein-de-lijk beloond: we mogen de roze weide in!"},"content":{"rendered":"<p>\u2018De zomer is van ons!\u2019 Dit kunnen we eindelijk weer zeggen. Het weer is fantastisch en festivals draaien weer op volle toeren. Op dat tweede heeft menig festivalganger met smart gewacht. Na een jarenlange festivalstop is het dit weekend dan echt raak: Pinkpop, Mystic Garden en Graspop vinden namelijk &#8211; twee jaar later dan gepland &#8211; weer plaats! Dit betekent festival-outfitjes uitzoeken, meebl\u00e8ren met de liedjes van je favoriete artiesten, maar ook nieuwe artiesten ontdekken, drankjes doen en voornamelijk heel veel dansen.<\/p>\n<p>&nbsp;<\/p>\n<h3>1. Na 3 jaar kan je begrijpen dat het niveau van enthousiasme bij iedereen verdomd hoog ligt, toch?<\/h3>\n<blockquote class=\"twitter-tweet\">\n<p dir=\"ltr\" lang=\"nl\">Festivalgangers die in november 2019 een kaartje kochten gaan \u00e9indelijk naar Pinkpop. Veel plezier! \ud83c\udfb8 <a href=\"https:\/\/t.co\/j3czkZyDj9\">https:\/\/t.co\/j3czkZyDj9<\/a><\/p>\n<p>\u2014 Metro (@Metro) <a href=\"https:\/\/twitter.com\/Metro\/status\/1537147903625637894?ref_src=twsrc%5Etfw\">June 15, 2022<\/a><\/p><\/blockquote>\n<p><script async src=\"https:\/\/platform.twitter.com\/widgets.js\" charset=\"utf-8\"><\/script><\/p>\n<p>&nbsp;<\/p>\n<h3>2. Zoals ik al zei.<\/h3>\n<blockquote class=\"twitter-tweet\">\n<p dir=\"ltr\" lang=\"en\">Pinkpop tommorrow!! which means i&#8217;m seeing twenty one pilots aaa!!!!! i&#8217;m so so excited it&#8217;s crazy<\/p>\n<p>\u2014 Lotus\ud83e\udeb7 (@l0tusbloem) <a href=\"https:\/\/twitter.com\/l0tusbloem\/status\/1537333312817180674?ref_src=twsrc%5Etfw\">June 16, 2022<\/a><\/p><\/blockquote>\n<p><script async src=\"https:\/\/platform.twitter.com\/widgets.js\" charset=\"utf-8\"><\/script><\/p>\n<p>&nbsp;<\/p>\n<h3>3. Alleen snapt deze BSO-juf er maar weinig van\u2026<\/h3>\n<blockquote class=\"twitter-tweet\">\n<p dir=\"ltr\" lang=\"nl\">Vertelde de BSO juf gister dat mijn moeder morgen de kinderen ophaalt omdat ik moet werken op Pinkpop.<br \/>\n\u2018Oke! Wat is dat?\u2019<br \/>\n\u2018Een festival.\u2019<br \/>\n\u2018Leuk, in een parkje ergens in Amsterdam ofzo?\u2019<br \/>\n\u2018Ja zoiets.\u2019<\/p>\n<p>\u2014 Ellen (@EllenNGNG) <a href=\"https:\/\/twitter.com\/EllenNGNG\/status\/1537358009797591040?ref_src=twsrc%5Etfw\">June 16, 2022<\/a><\/p><\/blockquote>\n<p><script async src=\"https:\/\/platform.twitter.com\/widgets.js\" charset=\"utf-8\"><\/script><\/p>\n<p>&nbsp;<\/p>\n<h3>4. Met die temperaturen valt dit weekend zeker niet te sollen\u2026<\/h3>\n<blockquote class=\"twitter-tweet\">\n<p dir=\"ltr\" lang=\"nl\">Morgen naar GRASPOP. Ouderwets kapotzweten op een festival, klagen over de kutprogrammering, ondanks insmeren verbranden, de paar bands die ik wel wil zien missen.<\/p>\n<p>ZIN IN<\/p>\n<p>\u2014 Huub Bellemakers (@HuubBellemakers) <a href=\"https:\/\/twitter.com\/HuubBellemakers\/status\/1537171892603322377?ref_src=twsrc%5Etfw\">June 15, 2022<\/a><\/p><\/blockquote>\n<p><script async src=\"https:\/\/platform.twitter.com\/widgets.js\" charset=\"utf-8\"><\/script><\/p>\n<p>&nbsp;<\/p>\n<h3>5. Geld maakt ook niet gelukkig. Muntjes op Pinkpop en Lowlands daarentegen wel!<\/h3>\n<blockquote class=\"twitter-tweet\">\n<p dir=\"ltr\" lang=\"nl\">Als ik niet arm zou worden door de benzine, dan wel door de prijs van de bonnen op Pinkpop (3,20) en Lowlands(3,30) <a href=\"https:\/\/t.co\/WdmcrcQybu\">pic.twitter.com\/WdmcrcQybu<\/a><\/p>\n<p>\u2014 Sanne (@sanniebeer) <a href=\"https:\/\/twitter.com\/sanniebeer\/status\/1534418413866651650?ref_src=twsrc%5Etfw\">June 8, 2022<\/a><\/p><\/blockquote>\n<p><script async src=\"https:\/\/platform.twitter.com\/widgets.js\" charset=\"utf-8\"><\/script><\/p>\n<p>&nbsp;<\/p>\n<h3>6. Nee natuurlijk niet, hierna hoor je alleen nog maar Antoon in huis.<\/h3>\n<blockquote class=\"twitter-tweet\" data-conversation=\"none\">\n<p dir=\"ltr\" lang=\"nl\">Same. En de dochter vertrekt morgen naar Pinkpop. \u201cIk ga al die bands zien die jij leuk vindt.\u201d (Ik hoop dat ik hierna nooit geen Suzan &amp; Freek in huis meer hoor \ud83d\ude02\ud83d\ude02)<\/p>\n<p>\u2014 Jacobdus (@Jacobdus) <a href=\"https:\/\/twitter.com\/Jacobdus\/status\/1537337127868026882?ref_src=twsrc%5Etfw\">June 16, 2022<\/a><\/p><\/blockquote>\n<p><script async src=\"https:\/\/platform.twitter.com\/widgets.js\" charset=\"utf-8\"><\/script><\/p>\n<p>&nbsp;<\/p>\n<h3>7. Nu zijn wij benieuwd, bijna 30-jarige Ralf: heb je het overleefd?<\/h3>\n<blockquote class=\"twitter-tweet\">\n<p dir=\"ltr\" lang=\"nl\">27 jarige Ralf vond het een goed idee om 2 weekendvullende festivals te gaan doen. Nu moet bijna 30 jarige Ralf het gaan doen. Dat wordt overleven, maar ik heb er wel zin in! Nu onderweg naar Graspop.<\/p>\n<p>\u2014 Ralf Krijger (@RKrijger) <a href=\"https:\/\/twitter.com\/RKrijger\/status\/1537315472781332480?ref_src=twsrc%5Etfw\">June 16, 2022<\/a><\/p><\/blockquote>\n<p><script async src=\"https:\/\/platform.twitter.com\/widgets.js\" charset=\"utf-8\"><\/script><\/p>\n<p>&nbsp;<\/p>\n<p><strong>H\u00e9, ben je op zoek naar een toffe baan in social media? Of zoek je de beste social werknemer of stagiair voor jouw bedrijf? Check dan <a href=\"https:\/\/www.thebestsocialjobs.com\/\" target=\"_blank\" rel=\"noopener\">The Best Social Jobs<\/a> voor de mooiste social vacatures!<\/strong><\/p>\n<p><img loading=\"lazy\" decoding=\"async\" class=\"alignnone wp-image-44513 \" src=\"https:\/\/www.thebestsocial.media\/nl\/wp-content\/uploads\/sites\/2\/2018\/02\/JOBS.png\" alt=\"\" width=\"900\" height=\"562\" srcset=\"https:\/\/www.thebestsocial.media\/nl\/wp-content\/uploads\/sites\/2\/2018\/02\/JOBS.png 1790w, https:\/\/www.thebestsocial.media\/nl\/wp-content\/uploads\/sites\/2\/2018\/02\/JOBS-300x187.png 300w, https:\/\/www.thebestsocial.media\/nl\/wp-content\/uploads\/sites\/2\/2018\/02\/JOBS-768x480.png 768w, https:\/\/www.thebestsocial.media\/nl\/wp-content\/uploads\/sites\/2\/2018\/02\/JOBS-1024x640.png 1024w\" sizes=\"auto, (max-width: 900px) 100vw, 900px\" \/><\/p>\n<p><strong>Lees <a href=\"https:\/\/www.thebestsocial.media\/nl\/?s=jobs\" target=\"_blank\" rel=\"noopener\">hier<\/a> alle artikelen van The Best Social Jobs!<\/strong><\/p>\n","protected":false},"excerpt":{"rendered":"<p>\u2018De zomer is van ons!\u2019 Dit kunnen we eindelijk weer zeggen. Het weer is fantastisch en festivals draaien weer op volle toeren. Op dat tweede&#8230;<\/p>\n","protected":false},"author":96,"featured_media":211991,"comment_status":"open","ping_status":"open","sticky":false,"template":"","format":"standard","meta":{"_acf_changed":false,"footnotes":""},"categories":[16,17],"tags":[3751,4512],"class_list":["post-211986","post","type-post","status-publish","format-standard","has-post-thumbnail","hentry","category-blogs","category-nieuws","tag-enthousiast","tag-festivals"],"acf":[],"yoast_head":"<!-- This site is optimized with the Yoast SEO plugin v27.5 - https:\/\/yoast.com\/product\/yoast-seo-wordpress\/ -->\n<title>Het geduld van festivalgangers wordt eindelijk beloond!<\/title>\n<meta name=\"description\" content=\"Na een jarenlange festivalstop is het dit weekend dan echt raak: Pinkpop, Mystic Garden en Graspop vinden weer plaats!\" \/>\n<meta name=\"robots\" content=\"index, follow, max-snippet:-1, max-image-preview:large, max-video-preview:-1\" \/>\n<link rel=\"canonical\" href=\"https:\/\/www.thebestsocial.media\/nl\/het-geduld-van-festivalgangers-wordt-eindelijk-beloond\/\" \/>\n<meta property=\"og:locale\" content=\"nl_NL\" \/>\n<meta property=\"og:type\" content=\"article\" \/>\n<meta property=\"og:title\" content=\"Het geduld van festivalgangers wordt ein-de-lijk beloond: we mogen de roze weide in!\" \/>\n<meta property=\"og:description\" content=\"Na een jarenlange festivalstop is het dit weekend dan echt raak: Pinkpop, Mystic Garden en Graspop vinden weer plaats!\" \/>\n<meta property=\"og:url\" content=\"https:\/\/www.thebestsocial.media\/nl\/het-geduld-van-festivalgangers-wordt-eindelijk-beloond\/\" \/>\n<meta property=\"og:site_name\" content=\"The Best Social Media NL\" \/>\n<meta property=\"article:published_time\" content=\"2022-06-16T11:13:18+00:00\" \/>\n<meta property=\"article:modified_time\" content=\"2022-06-16T13:10:35+00:00\" \/>\n<meta property=\"og:image\" content=\"https:\/\/www.thebestsocial.media\/nl\/wp-content\/uploads\/sites\/2\/2022\/06\/Festival-header_Ralf-3.png\" \/>\n\t<meta property=\"og:image:width\" content=\"1200\" \/>\n\t<meta property=\"og:image:height\" content=\"630\" \/>\n\t<meta property=\"og:image:type\" content=\"image\/png\" \/>\n<meta name=\"author\" content=\"yannick\" \/>\n<meta name=\"twitter:card\" content=\"summary_large_image\" \/>\n<meta name=\"twitter:title\" content=\"Het geduld van festivalgangers wordt ein-de-lijk beloond: we mogen de roze weide in!\" \/>\n<meta name=\"twitter:description\" content=\"Na een jarenlange festivalstop is het dit weekend dan echt raak: Pinkpop, Mystic Garden en Graspop vinden weer plaats!\" \/>\n<meta name=\"twitter:image\" content=\"https:\/\/www.thebestsocial.media\/nl\/wp-content\/uploads\/sites\/2\/2022\/06\/Festival-header_Ralf-3.png\" \/>\n<meta name=\"twitter:label1\" content=\"Geschreven door\" \/>\n\t<meta name=\"twitter:data1\" content=\"yannick\" \/>\n\t<meta name=\"twitter:label2\" content=\"Geschatte leestijd\" \/>\n\t<meta name=\"twitter:data2\" content=\"3 minuten\" \/>\n<script type=\"application\/ld+json\" class=\"yoast-schema-graph\">{\"@context\":\"https:\\\/\\\/schema.org\",\"@graph\":[{\"@type\":\"Article\",\"@id\":\"https:\\\/\\\/www.thebestsocial.media\\\/nl\\\/het-geduld-van-festivalgangers-wordt-eindelijk-beloond\\\/#article\",\"isPartOf\":{\"@id\":\"https:\\\/\\\/www.thebestsocial.media\\\/nl\\\/het-geduld-van-festivalgangers-wordt-eindelijk-beloond\\\/\"},\"author\":{\"name\":\"yannick\",\"@id\":\"https:\\\/\\\/www.thebestsocial.media\\\/nl\\\/#\\\/schema\\\/person\\\/2b65a07de209cd1d416a21f959fdf166\"},\"headline\":\"Het geduld van festivalgangers wordt ein-de-lijk beloond: we mogen de roze weide in!\",\"datePublished\":\"2022-06-16T11:13:18+00:00\",\"dateModified\":\"2022-06-16T13:10:35+00:00\",\"mainEntityOfPage\":{\"@id\":\"https:\\\/\\\/www.thebestsocial.media\\\/nl\\\/het-geduld-van-festivalgangers-wordt-eindelijk-beloond\\\/\"},\"wordCount\":431,\"commentCount\":0,\"image\":{\"@id\":\"https:\\\/\\\/www.thebestsocial.media\\\/nl\\\/het-geduld-van-festivalgangers-wordt-eindelijk-beloond\\\/#primaryimage\"},\"thumbnailUrl\":\"https:\\\/\\\/www.thebestsocial.media\\\/nl\\\/wp-content\\\/uploads\\\/sites\\\/2\\\/2022\\\/06\\\/Schermafbeelding-2022-06-16-om-12.37.53.png\",\"keywords\":[\"enthousiast\",\"festivals\"],\"articleSection\":[\"Blogs\",\"Nieuws\"],\"inLanguage\":\"nl-NL\",\"potentialAction\":[{\"@type\":\"CommentAction\",\"name\":\"Comment\",\"target\":[\"https:\\\/\\\/www.thebestsocial.media\\\/nl\\\/het-geduld-van-festivalgangers-wordt-eindelijk-beloond\\\/#respond\"]}]},{\"@type\":\"WebPage\",\"@id\":\"https:\\\/\\\/www.thebestsocial.media\\\/nl\\\/het-geduld-van-festivalgangers-wordt-eindelijk-beloond\\\/\",\"url\":\"https:\\\/\\\/www.thebestsocial.media\\\/nl\\\/het-geduld-van-festivalgangers-wordt-eindelijk-beloond\\\/\",\"name\":\"Het geduld van festivalgangers wordt eindelijk beloond!\",\"isPartOf\":{\"@id\":\"https:\\\/\\\/www.thebestsocial.media\\\/nl\\\/#website\"},\"primaryImageOfPage\":{\"@id\":\"https:\\\/\\\/www.thebestsocial.media\\\/nl\\\/het-geduld-van-festivalgangers-wordt-eindelijk-beloond\\\/#primaryimage\"},\"image\":{\"@id\":\"https:\\\/\\\/www.thebestsocial.media\\\/nl\\\/het-geduld-van-festivalgangers-wordt-eindelijk-beloond\\\/#primaryimage\"},\"thumbnailUrl\":\"https:\\\/\\\/www.thebestsocial.media\\\/nl\\\/wp-content\\\/uploads\\\/sites\\\/2\\\/2022\\\/06\\\/Schermafbeelding-2022-06-16-om-12.37.53.png\",\"datePublished\":\"2022-06-16T11:13:18+00:00\",\"dateModified\":\"2022-06-16T13:10:35+00:00\",\"author\":{\"@id\":\"https:\\\/\\\/www.thebestsocial.media\\\/nl\\\/#\\\/schema\\\/person\\\/2b65a07de209cd1d416a21f959fdf166\"},\"description\":\"Na een jarenlange festivalstop is het dit weekend dan echt raak: Pinkpop, Mystic Garden en Graspop vinden weer plaats!\",\"breadcrumb\":{\"@id\":\"https:\\\/\\\/www.thebestsocial.media\\\/nl\\\/het-geduld-van-festivalgangers-wordt-eindelijk-beloond\\\/#breadcrumb\"},\"inLanguage\":\"nl-NL\",\"potentialAction\":[{\"@type\":\"ReadAction\",\"target\":[\"https:\\\/\\\/www.thebestsocial.media\\\/nl\\\/het-geduld-van-festivalgangers-wordt-eindelijk-beloond\\\/\"]}]},{\"@type\":\"ImageObject\",\"inLanguage\":\"nl-NL\",\"@id\":\"https:\\\/\\\/www.thebestsocial.media\\\/nl\\\/het-geduld-van-festivalgangers-wordt-eindelijk-beloond\\\/#primaryimage\",\"url\":\"https:\\\/\\\/www.thebestsocial.media\\\/nl\\\/wp-content\\\/uploads\\\/sites\\\/2\\\/2022\\\/06\\\/Schermafbeelding-2022-06-16-om-12.37.53.png\",\"contentUrl\":\"https:\\\/\\\/www.thebestsocial.media\\\/nl\\\/wp-content\\\/uploads\\\/sites\\\/2\\\/2022\\\/06\\\/Schermafbeelding-2022-06-16-om-12.37.53.png\",\"width\":1198,\"height\":636},{\"@type\":\"BreadcrumbList\",\"@id\":\"https:\\\/\\\/www.thebestsocial.media\\\/nl\\\/het-geduld-van-festivalgangers-wordt-eindelijk-beloond\\\/#breadcrumb\",\"itemListElement\":[{\"@type\":\"ListItem\",\"position\":1,\"name\":\"Home\",\"item\":\"https:\\\/\\\/www.thebestsocial.media\\\/nl\\\/\"},{\"@type\":\"ListItem\",\"position\":2,\"name\":\"Het geduld van festivalgangers wordt ein-de-lijk beloond: we mogen de roze weide in!\"}]},{\"@type\":\"WebSite\",\"@id\":\"https:\\\/\\\/www.thebestsocial.media\\\/nl\\\/#website\",\"url\":\"https:\\\/\\\/www.thebestsocial.media\\\/nl\\\/\",\"name\":\"The Best Social Media NL\",\"description\":\"Zoeklicht in de Digital Chaos\",\"potentialAction\":[{\"@type\":\"SearchAction\",\"target\":{\"@type\":\"EntryPoint\",\"urlTemplate\":\"https:\\\/\\\/www.thebestsocial.media\\\/nl\\\/?s={search_term_string}\"},\"query-input\":{\"@type\":\"PropertyValueSpecification\",\"valueRequired\":true,\"valueName\":\"search_term_string\"}}],\"inLanguage\":\"nl-NL\"},{\"@type\":\"Person\",\"@id\":\"https:\\\/\\\/www.thebestsocial.media\\\/nl\\\/#\\\/schema\\\/person\\\/2b65a07de209cd1d416a21f959fdf166\",\"name\":\"yannick\",\"image\":{\"@type\":\"ImageObject\",\"inLanguage\":\"nl-NL\",\"@id\":\"https:\\\/\\\/secure.gravatar.com\\\/avatar\\\/8909b7412361c45e4fc0664b3e04faa1ad03832e065a1098c95a21a0527771d4?s=96&d=mm&r=g\",\"url\":\"https:\\\/\\\/secure.gravatar.com\\\/avatar\\\/8909b7412361c45e4fc0664b3e04faa1ad03832e065a1098c95a21a0527771d4?s=96&d=mm&r=g\",\"contentUrl\":\"https:\\\/\\\/secure.gravatar.com\\\/avatar\\\/8909b7412361c45e4fc0664b3e04faa1ad03832e065a1098c95a21a0527771d4?s=96&d=mm&r=g\",\"caption\":\"yannick\"},\"description\":\"Geboren en getogen Bredanaar. Droomde altijd van een carri\u00e8re als profvoetballer, maar is gestrand in de Kelderklasse. Nu geeft ze hier onnodig 'commentaar' op sport, collega's (\u00e9\u00e9n in het bijzonder) en mensen die iconische memes niet kennen.\",\"sameAs\":[\"https:\\\/\\\/www.instagram.com\\\/yannicksnoek\\\/\",\"https:\\\/\\\/www.linkedin.com\\\/in\\\/yannick-s-743aa110b\\\/\"],\"url\":\"https:\\\/\\\/www.thebestsocial.media\\\/nl\\\/author\\\/yannick\\\/\"}]}<\/script>\n<!-- \/ Yoast SEO plugin. -->","yoast_head_json":{"title":"Het geduld van festivalgangers wordt eindelijk beloond!","description":"Na een jarenlange festivalstop is het dit weekend dan echt raak: Pinkpop, Mystic Garden en Graspop vinden weer plaats!","robots":{"index":"index","follow":"follow","max-snippet":"max-snippet:-1","max-image-preview":"max-image-preview:large","max-video-preview":"max-video-preview:-1"},"canonical":"https:\/\/www.thebestsocial.media\/nl\/het-geduld-van-festivalgangers-wordt-eindelijk-beloond\/","og_locale":"nl_NL","og_type":"article","og_title":"Het geduld van festivalgangers wordt ein-de-lijk beloond: we mogen de roze weide in!","og_description":"Na een jarenlange festivalstop is het dit weekend dan echt raak: Pinkpop, Mystic Garden en Graspop vinden weer plaats!","og_url":"https:\/\/www.thebestsocial.media\/nl\/het-geduld-van-festivalgangers-wordt-eindelijk-beloond\/","og_site_name":"The Best Social Media NL","article_published_time":"2022-06-16T11:13:18+00:00","article_modified_time":"2022-06-16T13:10:35+00:00","og_image":[{"width":1200,"height":630,"url":"https:\/\/www.thebestsocial.media\/nl\/wp-content\/uploads\/sites\/2\/2022\/06\/Festival-header_Ralf-3.png","type":"image\/png"}],"author":"yannick","twitter_card":"summary_large_image","twitter_title":"Het geduld van festivalgangers wordt ein-de-lijk beloond: we mogen de roze weide in!","twitter_description":"Na een jarenlange festivalstop is het dit weekend dan echt raak: Pinkpop, Mystic Garden en Graspop vinden weer plaats!","twitter_image":"https:\/\/www.thebestsocial.media\/nl\/wp-content\/uploads\/sites\/2\/2022\/06\/Festival-header_Ralf-3.png","twitter_misc":{"Geschreven door":"yannick","Geschatte leestijd":"3 minuten"},"schema":{"@context":"https:\/\/schema.org","@graph":[{"@type":"Article","@id":"https:\/\/www.thebestsocial.media\/nl\/het-geduld-van-festivalgangers-wordt-eindelijk-beloond\/#article","isPartOf":{"@id":"https:\/\/www.thebestsocial.media\/nl\/het-geduld-van-festivalgangers-wordt-eindelijk-beloond\/"},"author":{"name":"yannick","@id":"https:\/\/www.thebestsocial.media\/nl\/#\/schema\/person\/2b65a07de209cd1d416a21f959fdf166"},"headline":"Het geduld van festivalgangers wordt ein-de-lijk beloond: we mogen de roze weide in!","datePublished":"2022-06-16T11:13:18+00:00","dateModified":"2022-06-16T13:10:35+00:00","mainEntityOfPage":{"@id":"https:\/\/www.thebestsocial.media\/nl\/het-geduld-van-festivalgangers-wordt-eindelijk-beloond\/"},"wordCount":431,"commentCount":0,"image":{"@id":"https:\/\/www.thebestsocial.media\/nl\/het-geduld-van-festivalgangers-wordt-eindelijk-beloond\/#primaryimage"},"thumbnailUrl":"https:\/\/www.thebestsocial.media\/nl\/wp-content\/uploads\/sites\/2\/2022\/06\/Schermafbeelding-2022-06-16-om-12.37.53.png","keywords":["enthousiast","festivals"],"articleSection":["Blogs","Nieuws"],"inLanguage":"nl-NL","potentialAction":[{"@type":"CommentAction","name":"Comment","target":["https:\/\/www.thebestsocial.media\/nl\/het-geduld-van-festivalgangers-wordt-eindelijk-beloond\/#respond"]}]},{"@type":"WebPage","@id":"https:\/\/www.thebestsocial.media\/nl\/het-geduld-van-festivalgangers-wordt-eindelijk-beloond\/","url":"https:\/\/www.thebestsocial.media\/nl\/het-geduld-van-festivalgangers-wordt-eindelijk-beloond\/","name":"Het geduld van festivalgangers wordt eindelijk beloond!","isPartOf":{"@id":"https:\/\/www.thebestsocial.media\/nl\/#website"},"primaryImageOfPage":{"@id":"https:\/\/www.thebestsocial.media\/nl\/het-geduld-van-festivalgangers-wordt-eindelijk-beloond\/#primaryimage"},"image":{"@id":"https:\/\/www.thebestsocial.media\/nl\/het-geduld-van-festivalgangers-wordt-eindelijk-beloond\/#primaryimage"},"thumbnailUrl":"https:\/\/www.thebestsocial.media\/nl\/wp-content\/uploads\/sites\/2\/2022\/06\/Schermafbeelding-2022-06-16-om-12.37.53.png","datePublished":"2022-06-16T11:13:18+00:00","dateModified":"2022-06-16T13:10:35+00:00","author":{"@id":"https:\/\/www.thebestsocial.media\/nl\/#\/schema\/person\/2b65a07de209cd1d416a21f959fdf166"},"description":"Na een jarenlange festivalstop is het dit weekend dan echt raak: Pinkpop, Mystic Garden en Graspop vinden weer plaats!","breadcrumb":{"@id":"https:\/\/www.thebestsocial.media\/nl\/het-geduld-van-festivalgangers-wordt-eindelijk-beloond\/#breadcrumb"},"inLanguage":"nl-NL","potentialAction":[{"@type":"ReadAction","target":["https:\/\/www.thebestsocial.media\/nl\/het-geduld-van-festivalgangers-wordt-eindelijk-beloond\/"]}]},{"@type":"ImageObject","inLanguage":"nl-NL","@id":"https:\/\/www.thebestsocial.media\/nl\/het-geduld-van-festivalgangers-wordt-eindelijk-beloond\/#primaryimage","url":"https:\/\/www.thebestsocial.media\/nl\/wp-content\/uploads\/sites\/2\/2022\/06\/Schermafbeelding-2022-06-16-om-12.37.53.png","contentUrl":"https:\/\/www.thebestsocial.media\/nl\/wp-content\/uploads\/sites\/2\/2022\/06\/Schermafbeelding-2022-06-16-om-12.37.53.png","width":1198,"height":636},{"@type":"BreadcrumbList","@id":"https:\/\/www.thebestsocial.media\/nl\/het-geduld-van-festivalgangers-wordt-eindelijk-beloond\/#breadcrumb","itemListElement":[{"@type":"ListItem","position":1,"name":"Home","item":"https:\/\/www.thebestsocial.media\/nl\/"},{"@type":"ListItem","position":2,"name":"Het geduld van festivalgangers wordt ein-de-lijk beloond: we mogen de roze weide in!"}]},{"@type":"WebSite","@id":"https:\/\/www.thebestsocial.media\/nl\/#website","url":"https:\/\/www.thebestsocial.media\/nl\/","name":"The Best Social Media NL","description":"Zoeklicht in de Digital Chaos","potentialAction":[{"@type":"SearchAction","target":{"@type":"EntryPoint","urlTemplate":"https:\/\/www.thebestsocial.media\/nl\/?s={search_term_string}"},"query-input":{"@type":"PropertyValueSpecification","valueRequired":true,"valueName":"search_term_string"}}],"inLanguage":"nl-NL"},{"@type":"Person","@id":"https:\/\/www.thebestsocial.media\/nl\/#\/schema\/person\/2b65a07de209cd1d416a21f959fdf166","name":"yannick","image":{"@type":"ImageObject","inLanguage":"nl-NL","@id":"https:\/\/secure.gravatar.com\/avatar\/8909b7412361c45e4fc0664b3e04faa1ad03832e065a1098c95a21a0527771d4?s=96&d=mm&r=g","url":"https:\/\/secure.gravatar.com\/avatar\/8909b7412361c45e4fc0664b3e04faa1ad03832e065a1098c95a21a0527771d4?s=96&d=mm&r=g","contentUrl":"https:\/\/secure.gravatar.com\/avatar\/8909b7412361c45e4fc0664b3e04faa1ad03832e065a1098c95a21a0527771d4?s=96&d=mm&r=g","caption":"yannick"},"description":"Geboren en getogen Bredanaar. Droomde altijd van een carri\u00e8re als profvoetballer, maar is gestrand in de Kelderklasse. Nu geeft ze hier onnodig 'commentaar' op sport, collega's (\u00e9\u00e9n in het bijzonder) en mensen die iconische memes niet kennen.","sameAs":["https:\/\/www.instagram.com\/yannicksnoek\/","https:\/\/www.linkedin.com\/in\/yannick-s-743aa110b\/"],"url":"https:\/\/www.thebestsocial.media\/nl\/author\/yannick\/"}]}},"amp_enabled":true,"_links":{"self":[{"href":"https:\/\/www.thebestsocial.media\/nl\/wp-json\/wp\/v2\/posts\/211986","targetHints":{"allow":["GET"]}}],"collection":[{"href":"https:\/\/www.thebestsocial.media\/nl\/wp-json\/wp\/v2\/posts"}],"about":[{"href":"https:\/\/www.thebestsocial.media\/nl\/wp-json\/wp\/v2\/types\/post"}],"author":[{"embeddable":true,"href":"https:\/\/www.thebestsocial.media\/nl\/wp-json\/wp\/v2\/users\/96"}],"replies":[{"embeddable":true,"href":"https:\/\/www.thebestsocial.media\/nl\/wp-json\/wp\/v2\/comments?post=211986"}],"version-history":[{"count":1,"href":"https:\/\/www.thebestsocial.media\/nl\/wp-json\/wp\/v2\/posts\/211986\/revisions"}],"predecessor-version":[{"id":211996,"href":"https:\/\/www.thebestsocial.media\/nl\/wp-json\/wp\/v2\/posts\/211986\/revisions\/211996"}],"wp:featuredmedia":[{"embeddable":true,"href":"https:\/\/www.thebestsocial.media\/nl\/wp-json\/wp\/v2\/media\/211991"}],"wp:attachment":[{"href":"https:\/\/www.thebestsocial.media\/nl\/wp-json\/wp\/v2\/media?parent=211986"}],"wp:term":[{"taxonomy":"category","embeddable":true,"href":"https:\/\/www.thebestsocial.media\/nl\/wp-json\/wp\/v2\/categories?post=211986"},{"taxonomy":"post_tag","embeddable":true,"href":"https:\/\/www.thebestsocial.media\/nl\/wp-json\/wp\/v2\/tags?post=211986"}],"curies":[{"name":"wp","href":"https:\/\/api.w.org\/{rel}","templated":true}]}}