{"id":200620,"date":"2022-01-26T12:07:40","date_gmt":"2022-01-26T11:07:40","guid":{"rendered":"https:\/\/www.thebestsocial.media\/nl\/?p=200620"},"modified":"2022-01-26T12:08:04","modified_gmt":"2022-01-26T11:08:04","slug":"institutioneel-racisme-belastingdienst","status":"publish","type":"post","link":"https:\/\/www.thebestsocial.media\/nl\/institutioneel-racisme-belastingdienst\/","title":{"rendered":"Artikel over institutioneel racisme bij Belastingdienst zorgt voor ophef op Twitter"},"content":{"rendered":"<p>Advieskantoor PwC heeft <a href=\"https:\/\/nos.nl\/artikel\/2414492-belastingsdienst-schatte-frauderisico-soms-in-op-basis-van-nationaliteit-of-uiterlijk\" target=\"_blank\" rel=\"noopener\">onderzoek<\/a> gedaan naar de Fraude Signaleringsvoorziening, in de volksmond staat dit ook wel bekend als &#8216;de zwarte lijst&#8217;. Uit dat <a href=\"https:\/\/www.thebestsocial.media\/nl\/belastingdienst-zwarte-strepen-ophef-kinderopvangtoeslag-twitter\/\" target=\"_blank\" rel=\"noopener\">onderzoek<\/a> is gebleken dat de Belastingdienst van tientallen mensen een frauderisico-inschatting gemaakt heeft op basis van hun nationaliteit en uiterlijk. Eerder hebben Trouw en RTL Nieuws ook al onderzoek gedaan naar de Belastingdienst. Daar bleek uit dat de Belastingdienst zich schuldig maakte aan etnisch profileren. Het is natuurlijk erg belangrijk dat deze informatie naar buiten is gekomen. Ook op social media laten mensen weten wat zij van deze informatie vinden.<\/p>\n<p>&nbsp;<\/p>\n<h3>1. Amma windt er geen doekjes om en wil graag dat het probleem bespreekbaar wordt gemaakt.<\/h3>\n<div class=\"dbsm-oembed\">\n<blockquote class=\"twitter-tweet\" data-width=\"500\" data-dnt=\"true\">\n<p lang=\"nl\" dir=\"ltr\">Zoiets heet ook institutioneel racisme. Niet mooier maken dan het is. Een probleem kan je alleen aanpakken als je het durft te benoemen. <a href=\"https:\/\/t.co\/YYl3SWxSM7\">https:\/\/t.co\/YYl3SWxSM7<\/a><\/p>\n<p>&mdash; Amma Asante (@Amma_Asante) <a href=\"https:\/\/twitter.com\/Amma_Asante\/status\/1486036210363600911?ref_src=twsrc%5Etfw\">January 25, 2022<\/a><\/p><\/blockquote>\n<p><script async src=\"https:\/\/platform.twitter.com\/widgets.js\" charset=\"utf-8\"><\/script><\/div>\n<p>&nbsp;<\/p>\n<h3>2. Het is erg pijnlijk dat mensen worden buitengesloten op basis van nationaliteit en uiterlijk en dat maakt Twitter bespreekbaar.<\/h3>\n<div class=\"dbsm-oembed\">\n<blockquote class=\"twitter-tweet\" data-width=\"500\" data-dnt=\"true\">\n<p lang=\"nl\" dir=\"ltr\">Systems resist changes. <\/p>\n<p>Hoe houd je complete groepen op hun plaats? Door ze systematisch uit te sluiten, op zo een beetje elk terrein. <a href=\"https:\/\/t.co\/finbnpJHd2\">https:\/\/t.co\/finbnpJHd2<\/a><\/p>\n<p>&mdash; Duygu Yildirim (@__DuyguYildirim) <a href=\"https:\/\/twitter.com\/__DuyguYildirim\/status\/1486042661438074884?ref_src=twsrc%5Etfw\">January 25, 2022<\/a><\/p><\/blockquote>\n<p><script async src=\"https:\/\/platform.twitter.com\/widgets.js\" charset=\"utf-8\"><\/script><\/div>\n<p>&nbsp;<\/p>\n<h3>3. Veel mensen op Twitter lezen niets nieuws in het artikel over de Belastingdienst.<\/h3>\n<div class=\"dbsm-oembed\">\n<blockquote class=\"twitter-tweet\" data-width=\"500\" data-dnt=\"true\">\n<p lang=\"nl\" dir=\"ltr\">de zee bestaat uit water, bladeren groeien aan takken <a href=\"https:\/\/t.co\/Bk1IPNIH6h\">https:\/\/t.co\/Bk1IPNIH6h<\/a><\/p>\n<p>&mdash; z\ud83c\uddf5\ud83c\uddf8 (@zzakkaaa) <a href=\"https:\/\/twitter.com\/zzakkaaa\/status\/1486033108059238401?ref_src=twsrc%5Etfw\">January 25, 2022<\/a><\/p><\/blockquote>\n<p><script async src=\"https:\/\/platform.twitter.com\/widgets.js\" charset=\"utf-8\"><\/script><\/div>\n<p>&nbsp;<\/p>\n<h3>4. Suzanne besluit om het beestje maar gewoon bij de naam te noemen.<\/h3>\n<div class=\"dbsm-oembed\">\n<blockquote class=\"twitter-tweet\" data-width=\"500\" data-dnt=\"true\">\n<p lang=\"en\" dir=\"ltr\">Institutioneel racisme. Zo heet dat. <a href=\"https:\/\/t.co\/hphhepbzRP\">https:\/\/t.co\/hphhepbzRP<\/a><\/p>\n<p>&mdash; Suzanne Kr\u00f6ger \ud83d\udc9a (@suzanne_GL) <a href=\"https:\/\/twitter.com\/suzanne_GL\/status\/1486031277337849859?ref_src=twsrc%5Etfw\">January 25, 2022<\/a><\/p><\/blockquote>\n<p><script async src=\"https:\/\/platform.twitter.com\/widgets.js\" charset=\"utf-8\"><\/script><\/div>\n<p>&nbsp;<\/p>\n<h3>5. Mensen verbazen zich nog over de titel van het artikel, want waarom wordt het niet gewoon racisme genoemd?<\/h3>\n<div class=\"dbsm-oembed\">\n<blockquote class=\"twitter-tweet\" data-width=\"500\" data-dnt=\"true\">\n<p lang=\"nl\" dir=\"ltr\">Was er maar een woord voor het doen van generalisaties op basis van nationaliteit en uiterlijk. <a href=\"https:\/\/t.co\/eDgtXwC7td\">https:\/\/t.co\/eDgtXwC7td<\/a><\/p>\n<p>&mdash; Het Redelijke Midden (@redelijkemidden) <a href=\"https:\/\/twitter.com\/redelijkemidden\/status\/1486018764541812738?ref_src=twsrc%5Etfw\">January 25, 2022<\/a><\/p><\/blockquote>\n<p><script async src=\"https:\/\/platform.twitter.com\/widgets.js\" charset=\"utf-8\"><\/script><\/div>\n<p>&nbsp;<\/p>\n<h3>6. Het stuk over de Belastingdienst is ook een belangrijk onderwerp in de politiek, dus Jesse Klaver reageert op Twitter.<\/h3>\n<div class=\"dbsm-oembed\">\n<blockquote class=\"twitter-tweet\" data-width=\"500\" data-dnt=\"true\">\n<p lang=\"nl\" dir=\"ltr\">Op basis van uiterlijke kenmerken zette de Belastingdienst mensen op een zwarte lijst en werden ze bestempeld als fraudeurs.<\/p>\n<p>Woestmakend en oneerlijk.<\/p>\n<p>Dit is wat institutioneel racisme is. Niks sociologisch jargon <a href=\"https:\/\/twitter.com\/MinPres?ref_src=twsrc%5Etfw\">@MinPres<\/a>, maar de werkelijkheid voor grote groepen Nederlanders. <a href=\"https:\/\/t.co\/Qg9BJNaNdA\">https:\/\/t.co\/Qg9BJNaNdA<\/a><\/p>\n<p>&mdash; Jesse Klaver (@jesseklaver) <a href=\"https:\/\/twitter.com\/jesseklaver\/status\/1486018326589587463?ref_src=twsrc%5Etfw\">January 25, 2022<\/a><\/p><\/blockquote>\n<p><script async src=\"https:\/\/platform.twitter.com\/widgets.js\" charset=\"utf-8\"><\/script><\/div>\n<p>&nbsp;<\/p>\n<h3>7. Herinneren we ons de slogan van de Belastingdienst nog?<\/h3>\n<div class=\"dbsm-oembed\">\n<blockquote class=\"twitter-tweet\" data-width=\"500\" data-dnt=\"true\">\n<p lang=\"nl\" dir=\"ltr\">LeUkEr kUnNeN wE hEt niEt mAkEn <a href=\"https:\/\/t.co\/k59jVUPCZA\">https:\/\/t.co\/k59jVUPCZA<\/a><\/p>\n<p>&mdash; K\u00fc\u00fcn &#8211; nu ook beschikbaar op Bl\u00fc\u00fcSky (@KuunWiir) <a href=\"https:\/\/twitter.com\/KuunWiir\/status\/1486014712643002372?ref_src=twsrc%5Etfw\">January 25, 2022<\/a><\/p><\/blockquote>\n<p><script async src=\"https:\/\/platform.twitter.com\/widgets.js\" charset=\"utf-8\"><\/script><\/div>\n<p>&nbsp;<\/p>\n<h3>8. Nog eentje voor iedereen die zei dat racisme in Nederland niet bestaat.<\/h3>\n<div class=\"dbsm-oembed\">\n<blockquote class=\"twitter-tweet\" data-width=\"500\" data-dnt=\"true\">\n<p lang=\"nl\" dir=\"ltr\">Ik zou bijna het woord racisme gebruiken, maar gelukkig bestaat dat helemaal niet in Nederland!<\/p>\n<p>&mdash; Ren\u00e9e \ud83d\udc9b (@Peerebeer24) <a href=\"https:\/\/twitter.com\/Peerebeer24\/status\/1486014181115670530?ref_src=twsrc%5Etfw\">January 25, 2022<\/a><\/p><\/blockquote>\n<p><script async src=\"https:\/\/platform.twitter.com\/widgets.js\" charset=\"utf-8\"><\/script><\/div>\n<p>&nbsp;<\/p>\n<h3>9. Wij sluiten af met deze scherpe analyse van Shirley.<\/h3>\n<p>https:\/\/twitter.com\/shirleeysss\/status\/1486025185039900676<\/p>\n<p>&nbsp;<\/p>\n<p>&nbsp;<\/p>\n<h3>JA HOI! Wij zoeken voor de redactie van The Best Social Media een redacteur die sterk is met tekst, een liefde heeft voor internetcultuur, en snapt dat TikToks geen kleine harde pepermuntjes zijn. Dus, heb jij een gezonde <span style=\"font-weight: 400;\">social mediaverslaving? Leef jij online, weet je wat er nu speelt en wat er morgen trending is? Probeer dan maar eens niet warm te worden van onderstaande vacature:<\/span><\/h3>\n<h3>\u2022 <a href=\"https:\/\/www.thebestsocialjobs.com\/vacature\/redacteur-the-best-social-media-nl\/\" target=\"_blank\" rel=\"noopener\">REDACTEUR THE BEST SOCIAL MEDIA<\/a><\/h3>\n<p><img loading=\"lazy\" decoding=\"async\" class=\"alignnone size-full wp-image-181884\" src=\"https:\/\/www.thebestsocial.media\/nl\/wp-content\/uploads\/sites\/2\/2021\/07\/steven.jpeg\" alt=\"\" width=\"702\" height=\"468\" srcset=\"https:\/\/www.thebestsocial.media\/nl\/wp-content\/uploads\/sites\/2\/2021\/07\/steven.jpeg 702w, https:\/\/www.thebestsocial.media\/nl\/wp-content\/uploads\/sites\/2\/2021\/07\/steven-300x200.jpeg 300w\" sizes=\"auto, (max-width: 702px) 100vw, 702px\" \/><\/p>\n","protected":false},"excerpt":{"rendered":"<p>Advieskantoor PwC heeft onderzoek gedaan naar de Fraude Signaleringsvoorziening, in de volksmond staat dit ook wel bekend als &#8216;de zwarte lijst&#8217;. Uit dat onderzoek is&#8230;<\/p>\n","protected":false},"author":87,"featured_media":200639,"comment_status":"open","ping_status":"open","sticky":false,"template":"","format":"standard","meta":{"_acf_changed":false,"footnotes":""},"categories":[16,17],"tags":[355,28],"class_list":["post-200620","post","type-post","status-publish","format-standard","has-post-thumbnail","hentry","category-blogs","category-nieuws","tag-belastingdienst","tag-twitter"],"acf":[],"yoast_head":"<!-- This site is optimized with the Yoast SEO plugin v27.5 - https:\/\/yoast.com\/product\/yoast-seo-wordpress\/ -->\n<title>Artikel over institutioneel racisme bij Belastingdienst zorgt voor ophef<\/title>\n<meta name=\"description\" content=\"De Belastingdienst heeft volgens een onderzoek bij tientallen mensen een risico-inschatting gemaakt op basis van nationaliteit en uiterlijk.\" \/>\n<meta name=\"robots\" content=\"index, follow, max-snippet:-1, max-image-preview:large, max-video-preview:-1\" \/>\n<link rel=\"canonical\" href=\"https:\/\/www.thebestsocial.media\/nl\/institutioneel-racisme-belastingdienst\/\" \/>\n<meta property=\"og:locale\" content=\"nl_NL\" \/>\n<meta property=\"og:type\" content=\"article\" \/>\n<meta property=\"og:title\" content=\"Artikel over institutioneel racisme bij Belastingdienst zorgt voor ophef\" \/>\n<meta property=\"og:description\" content=\"De Belastingdienst heeft volgens een onderzoek bij tientallen mensen een risico-inschatting gemaakt op basis van nationaliteit en uiterlijk.\" \/>\n<meta property=\"og:url\" content=\"https:\/\/www.thebestsocial.media\/nl\/institutioneel-racisme-belastingdienst\/\" \/>\n<meta property=\"og:site_name\" content=\"The Best Social Media NL\" \/>\n<meta property=\"article:published_time\" content=\"2022-01-26T11:07:40+00:00\" \/>\n<meta property=\"article:modified_time\" content=\"2022-01-26T11:08:04+00:00\" \/>\n<meta property=\"og:image\" content=\"https:\/\/www.thebestsocial.media\/nl\/wp-content\/uploads\/sites\/2\/2022\/01\/header-belastingdienst.jpg\" \/>\n\t<meta property=\"og:image:width\" content=\"1200\" \/>\n\t<meta property=\"og:image:height\" content=\"630\" \/>\n\t<meta property=\"og:image:type\" content=\"image\/jpeg\" \/>\n<meta name=\"author\" content=\"talithaisik\" \/>\n<meta name=\"twitter:card\" content=\"summary_large_image\" \/>\n<meta name=\"twitter:title\" content=\"Artikel over institutioneel racisme bij Belastingdienst zorgt voor ophef\" \/>\n<meta name=\"twitter:description\" content=\"De Belastingdienst heeft volgens een onderzoek bij tientallen mensen een risico-inschatting gemaakt op basis van nationaliteit en uiterlijk.\" \/>\n<meta name=\"twitter:image\" content=\"https:\/\/www.thebestsocial.media\/nl\/wp-content\/uploads\/sites\/2\/2022\/01\/header-belastingdienst.jpg\" \/>\n<meta name=\"twitter:label1\" content=\"Geschreven door\" \/>\n\t<meta name=\"twitter:data1\" content=\"talithaisik\" \/>\n\t<meta name=\"twitter:label2\" content=\"Geschatte leestijd\" \/>\n\t<meta name=\"twitter:data2\" content=\"2 minuten\" \/>\n<script type=\"application\/ld+json\" class=\"yoast-schema-graph\">{\"@context\":\"https:\\\/\\\/schema.org\",\"@graph\":[{\"@type\":\"Article\",\"@id\":\"https:\\\/\\\/www.thebestsocial.media\\\/nl\\\/institutioneel-racisme-belastingdienst\\\/#article\",\"isPartOf\":{\"@id\":\"https:\\\/\\\/www.thebestsocial.media\\\/nl\\\/institutioneel-racisme-belastingdienst\\\/\"},\"author\":{\"name\":\"talithaisik\",\"@id\":\"https:\\\/\\\/www.thebestsocial.media\\\/nl\\\/#\\\/schema\\\/person\\\/9edc0f4e71a954be7465e6718febf10d\"},\"headline\":\"Artikel over institutioneel racisme bij Belastingdienst zorgt voor ophef op Twitter\",\"datePublished\":\"2022-01-26T11:07:40+00:00\",\"dateModified\":\"2022-01-26T11:08:04+00:00\",\"mainEntityOfPage\":{\"@id\":\"https:\\\/\\\/www.thebestsocial.media\\\/nl\\\/institutioneel-racisme-belastingdienst\\\/\"},\"wordCount\":360,\"commentCount\":0,\"image\":{\"@id\":\"https:\\\/\\\/www.thebestsocial.media\\\/nl\\\/institutioneel-racisme-belastingdienst\\\/#primaryimage\"},\"thumbnailUrl\":\"https:\\\/\\\/www.thebestsocial.media\\\/nl\\\/wp-content\\\/uploads\\\/sites\\\/2\\\/2022\\\/01\\\/uitgelicht-belastingdienst.jpg\",\"keywords\":[\"belastingdienst\",\"twitter\"],\"articleSection\":[\"Blogs\",\"Nieuws\"],\"inLanguage\":\"nl-NL\",\"potentialAction\":[{\"@type\":\"CommentAction\",\"name\":\"Comment\",\"target\":[\"https:\\\/\\\/www.thebestsocial.media\\\/nl\\\/institutioneel-racisme-belastingdienst\\\/#respond\"]}]},{\"@type\":\"WebPage\",\"@id\":\"https:\\\/\\\/www.thebestsocial.media\\\/nl\\\/institutioneel-racisme-belastingdienst\\\/\",\"url\":\"https:\\\/\\\/www.thebestsocial.media\\\/nl\\\/institutioneel-racisme-belastingdienst\\\/\",\"name\":\"Artikel over institutioneel racisme bij Belastingdienst zorgt voor ophef\",\"isPartOf\":{\"@id\":\"https:\\\/\\\/www.thebestsocial.media\\\/nl\\\/#website\"},\"primaryImageOfPage\":{\"@id\":\"https:\\\/\\\/www.thebestsocial.media\\\/nl\\\/institutioneel-racisme-belastingdienst\\\/#primaryimage\"},\"image\":{\"@id\":\"https:\\\/\\\/www.thebestsocial.media\\\/nl\\\/institutioneel-racisme-belastingdienst\\\/#primaryimage\"},\"thumbnailUrl\":\"https:\\\/\\\/www.thebestsocial.media\\\/nl\\\/wp-content\\\/uploads\\\/sites\\\/2\\\/2022\\\/01\\\/uitgelicht-belastingdienst.jpg\",\"datePublished\":\"2022-01-26T11:07:40+00:00\",\"dateModified\":\"2022-01-26T11:08:04+00:00\",\"author\":{\"@id\":\"https:\\\/\\\/www.thebestsocial.media\\\/nl\\\/#\\\/schema\\\/person\\\/9edc0f4e71a954be7465e6718febf10d\"},\"description\":\"De Belastingdienst heeft volgens een onderzoek bij tientallen mensen een risico-inschatting gemaakt op basis van nationaliteit en uiterlijk.\",\"breadcrumb\":{\"@id\":\"https:\\\/\\\/www.thebestsocial.media\\\/nl\\\/institutioneel-racisme-belastingdienst\\\/#breadcrumb\"},\"inLanguage\":\"nl-NL\",\"potentialAction\":[{\"@type\":\"ReadAction\",\"target\":[\"https:\\\/\\\/www.thebestsocial.media\\\/nl\\\/institutioneel-racisme-belastingdienst\\\/\"]}]},{\"@type\":\"ImageObject\",\"inLanguage\":\"nl-NL\",\"@id\":\"https:\\\/\\\/www.thebestsocial.media\\\/nl\\\/institutioneel-racisme-belastingdienst\\\/#primaryimage\",\"url\":\"https:\\\/\\\/www.thebestsocial.media\\\/nl\\\/wp-content\\\/uploads\\\/sites\\\/2\\\/2022\\\/01\\\/uitgelicht-belastingdienst.jpg\",\"contentUrl\":\"https:\\\/\\\/www.thebestsocial.media\\\/nl\\\/wp-content\\\/uploads\\\/sites\\\/2\\\/2022\\\/01\\\/uitgelicht-belastingdienst.jpg\",\"width\":1200,\"height\":630},{\"@type\":\"BreadcrumbList\",\"@id\":\"https:\\\/\\\/www.thebestsocial.media\\\/nl\\\/institutioneel-racisme-belastingdienst\\\/#breadcrumb\",\"itemListElement\":[{\"@type\":\"ListItem\",\"position\":1,\"name\":\"Home\",\"item\":\"https:\\\/\\\/www.thebestsocial.media\\\/nl\\\/\"},{\"@type\":\"ListItem\",\"position\":2,\"name\":\"Artikel over institutioneel racisme bij Belastingdienst zorgt voor ophef op Twitter\"}]},{\"@type\":\"WebSite\",\"@id\":\"https:\\\/\\\/www.thebestsocial.media\\\/nl\\\/#website\",\"url\":\"https:\\\/\\\/www.thebestsocial.media\\\/nl\\\/\",\"name\":\"The Best Social Media NL\",\"description\":\"Zoeklicht in de Digital Chaos\",\"potentialAction\":[{\"@type\":\"SearchAction\",\"target\":{\"@type\":\"EntryPoint\",\"urlTemplate\":\"https:\\\/\\\/www.thebestsocial.media\\\/nl\\\/?s={search_term_string}\"},\"query-input\":{\"@type\":\"PropertyValueSpecification\",\"valueRequired\":true,\"valueName\":\"search_term_string\"}}],\"inLanguage\":\"nl-NL\"},{\"@type\":\"Person\",\"@id\":\"https:\\\/\\\/www.thebestsocial.media\\\/nl\\\/#\\\/schema\\\/person\\\/9edc0f4e71a954be7465e6718febf10d\",\"name\":\"talithaisik\",\"image\":{\"@type\":\"ImageObject\",\"inLanguage\":\"nl-NL\",\"@id\":\"https:\\\/\\\/secure.gravatar.com\\\/avatar\\\/33bc8ba79d8b0268046c766327578bdc58f311fbfa4f76af9d7c45e9088dc93b?s=96&d=mm&r=g\",\"url\":\"https:\\\/\\\/secure.gravatar.com\\\/avatar\\\/33bc8ba79d8b0268046c766327578bdc58f311fbfa4f76af9d7c45e9088dc93b?s=96&d=mm&r=g\",\"contentUrl\":\"https:\\\/\\\/secure.gravatar.com\\\/avatar\\\/33bc8ba79d8b0268046c766327578bdc58f311fbfa4f76af9d7c45e9088dc93b?s=96&d=mm&r=g\",\"caption\":\"talithaisik\"},\"url\":\"https:\\\/\\\/www.thebestsocial.media\\\/nl\\\/author\\\/talithaisik\\\/\"}]}<\/script>\n<!-- \/ Yoast SEO plugin. -->","yoast_head_json":{"title":"Artikel over institutioneel racisme bij Belastingdienst zorgt voor ophef","description":"De Belastingdienst heeft volgens een onderzoek bij tientallen mensen een risico-inschatting gemaakt op basis van nationaliteit en uiterlijk.","robots":{"index":"index","follow":"follow","max-snippet":"max-snippet:-1","max-image-preview":"max-image-preview:large","max-video-preview":"max-video-preview:-1"},"canonical":"https:\/\/www.thebestsocial.media\/nl\/institutioneel-racisme-belastingdienst\/","og_locale":"nl_NL","og_type":"article","og_title":"Artikel over institutioneel racisme bij Belastingdienst zorgt voor ophef","og_description":"De Belastingdienst heeft volgens een onderzoek bij tientallen mensen een risico-inschatting gemaakt op basis van nationaliteit en uiterlijk.","og_url":"https:\/\/www.thebestsocial.media\/nl\/institutioneel-racisme-belastingdienst\/","og_site_name":"The Best Social Media NL","article_published_time":"2022-01-26T11:07:40+00:00","article_modified_time":"2022-01-26T11:08:04+00:00","og_image":[{"width":1200,"height":630,"url":"https:\/\/www.thebestsocial.media\/nl\/wp-content\/uploads\/sites\/2\/2022\/01\/header-belastingdienst.jpg","type":"image\/jpeg"}],"author":"talithaisik","twitter_card":"summary_large_image","twitter_title":"Artikel over institutioneel racisme bij Belastingdienst zorgt voor ophef","twitter_description":"De Belastingdienst heeft volgens een onderzoek bij tientallen mensen een risico-inschatting gemaakt op basis van nationaliteit en uiterlijk.","twitter_image":"https:\/\/www.thebestsocial.media\/nl\/wp-content\/uploads\/sites\/2\/2022\/01\/header-belastingdienst.jpg","twitter_misc":{"Geschreven door":"talithaisik","Geschatte leestijd":"2 minuten"},"schema":{"@context":"https:\/\/schema.org","@graph":[{"@type":"Article","@id":"https:\/\/www.thebestsocial.media\/nl\/institutioneel-racisme-belastingdienst\/#article","isPartOf":{"@id":"https:\/\/www.thebestsocial.media\/nl\/institutioneel-racisme-belastingdienst\/"},"author":{"name":"talithaisik","@id":"https:\/\/www.thebestsocial.media\/nl\/#\/schema\/person\/9edc0f4e71a954be7465e6718febf10d"},"headline":"Artikel over institutioneel racisme bij Belastingdienst zorgt voor ophef op Twitter","datePublished":"2022-01-26T11:07:40+00:00","dateModified":"2022-01-26T11:08:04+00:00","mainEntityOfPage":{"@id":"https:\/\/www.thebestsocial.media\/nl\/institutioneel-racisme-belastingdienst\/"},"wordCount":360,"commentCount":0,"image":{"@id":"https:\/\/www.thebestsocial.media\/nl\/institutioneel-racisme-belastingdienst\/#primaryimage"},"thumbnailUrl":"https:\/\/www.thebestsocial.media\/nl\/wp-content\/uploads\/sites\/2\/2022\/01\/uitgelicht-belastingdienst.jpg","keywords":["belastingdienst","twitter"],"articleSection":["Blogs","Nieuws"],"inLanguage":"nl-NL","potentialAction":[{"@type":"CommentAction","name":"Comment","target":["https:\/\/www.thebestsocial.media\/nl\/institutioneel-racisme-belastingdienst\/#respond"]}]},{"@type":"WebPage","@id":"https:\/\/www.thebestsocial.media\/nl\/institutioneel-racisme-belastingdienst\/","url":"https:\/\/www.thebestsocial.media\/nl\/institutioneel-racisme-belastingdienst\/","name":"Artikel over institutioneel racisme bij Belastingdienst zorgt voor ophef","isPartOf":{"@id":"https:\/\/www.thebestsocial.media\/nl\/#website"},"primaryImageOfPage":{"@id":"https:\/\/www.thebestsocial.media\/nl\/institutioneel-racisme-belastingdienst\/#primaryimage"},"image":{"@id":"https:\/\/www.thebestsocial.media\/nl\/institutioneel-racisme-belastingdienst\/#primaryimage"},"thumbnailUrl":"https:\/\/www.thebestsocial.media\/nl\/wp-content\/uploads\/sites\/2\/2022\/01\/uitgelicht-belastingdienst.jpg","datePublished":"2022-01-26T11:07:40+00:00","dateModified":"2022-01-26T11:08:04+00:00","author":{"@id":"https:\/\/www.thebestsocial.media\/nl\/#\/schema\/person\/9edc0f4e71a954be7465e6718febf10d"},"description":"De Belastingdienst heeft volgens een onderzoek bij tientallen mensen een risico-inschatting gemaakt op basis van nationaliteit en uiterlijk.","breadcrumb":{"@id":"https:\/\/www.thebestsocial.media\/nl\/institutioneel-racisme-belastingdienst\/#breadcrumb"},"inLanguage":"nl-NL","potentialAction":[{"@type":"ReadAction","target":["https:\/\/www.thebestsocial.media\/nl\/institutioneel-racisme-belastingdienst\/"]}]},{"@type":"ImageObject","inLanguage":"nl-NL","@id":"https:\/\/www.thebestsocial.media\/nl\/institutioneel-racisme-belastingdienst\/#primaryimage","url":"https:\/\/www.thebestsocial.media\/nl\/wp-content\/uploads\/sites\/2\/2022\/01\/uitgelicht-belastingdienst.jpg","contentUrl":"https:\/\/www.thebestsocial.media\/nl\/wp-content\/uploads\/sites\/2\/2022\/01\/uitgelicht-belastingdienst.jpg","width":1200,"height":630},{"@type":"BreadcrumbList","@id":"https:\/\/www.thebestsocial.media\/nl\/institutioneel-racisme-belastingdienst\/#breadcrumb","itemListElement":[{"@type":"ListItem","position":1,"name":"Home","item":"https:\/\/www.thebestsocial.media\/nl\/"},{"@type":"ListItem","position":2,"name":"Artikel over institutioneel racisme bij Belastingdienst zorgt voor ophef op Twitter"}]},{"@type":"WebSite","@id":"https:\/\/www.thebestsocial.media\/nl\/#website","url":"https:\/\/www.thebestsocial.media\/nl\/","name":"The Best Social Media NL","description":"Zoeklicht in de Digital Chaos","potentialAction":[{"@type":"SearchAction","target":{"@type":"EntryPoint","urlTemplate":"https:\/\/www.thebestsocial.media\/nl\/?s={search_term_string}"},"query-input":{"@type":"PropertyValueSpecification","valueRequired":true,"valueName":"search_term_string"}}],"inLanguage":"nl-NL"},{"@type":"Person","@id":"https:\/\/www.thebestsocial.media\/nl\/#\/schema\/person\/9edc0f4e71a954be7465e6718febf10d","name":"talithaisik","image":{"@type":"ImageObject","inLanguage":"nl-NL","@id":"https:\/\/secure.gravatar.com\/avatar\/33bc8ba79d8b0268046c766327578bdc58f311fbfa4f76af9d7c45e9088dc93b?s=96&d=mm&r=g","url":"https:\/\/secure.gravatar.com\/avatar\/33bc8ba79d8b0268046c766327578bdc58f311fbfa4f76af9d7c45e9088dc93b?s=96&d=mm&r=g","contentUrl":"https:\/\/secure.gravatar.com\/avatar\/33bc8ba79d8b0268046c766327578bdc58f311fbfa4f76af9d7c45e9088dc93b?s=96&d=mm&r=g","caption":"talithaisik"},"url":"https:\/\/www.thebestsocial.media\/nl\/author\/talithaisik\/"}]}},"amp_enabled":true,"_links":{"self":[{"href":"https:\/\/www.thebestsocial.media\/nl\/wp-json\/wp\/v2\/posts\/200620","targetHints":{"allow":["GET"]}}],"collection":[{"href":"https:\/\/www.thebestsocial.media\/nl\/wp-json\/wp\/v2\/posts"}],"about":[{"href":"https:\/\/www.thebestsocial.media\/nl\/wp-json\/wp\/v2\/types\/post"}],"author":[{"embeddable":true,"href":"https:\/\/www.thebestsocial.media\/nl\/wp-json\/wp\/v2\/users\/87"}],"replies":[{"embeddable":true,"href":"https:\/\/www.thebestsocial.media\/nl\/wp-json\/wp\/v2\/comments?post=200620"}],"version-history":[{"count":3,"href":"https:\/\/www.thebestsocial.media\/nl\/wp-json\/wp\/v2\/posts\/200620\/revisions"}],"predecessor-version":[{"id":200641,"href":"https:\/\/www.thebestsocial.media\/nl\/wp-json\/wp\/v2\/posts\/200620\/revisions\/200641"}],"wp:featuredmedia":[{"embeddable":true,"href":"https:\/\/www.thebestsocial.media\/nl\/wp-json\/wp\/v2\/media\/200639"}],"wp:attachment":[{"href":"https:\/\/www.thebestsocial.media\/nl\/wp-json\/wp\/v2\/media?parent=200620"}],"wp:term":[{"taxonomy":"category","embeddable":true,"href":"https:\/\/www.thebestsocial.media\/nl\/wp-json\/wp\/v2\/categories?post=200620"},{"taxonomy":"post_tag","embeddable":true,"href":"https:\/\/www.thebestsocial.media\/nl\/wp-json\/wp\/v2\/tags?post=200620"}],"curies":[{"name":"wp","href":"https:\/\/api.w.org\/{rel}","templated":true}]}}