{"id":188337,"date":"2021-09-28T12:04:37","date_gmt":"2021-09-28T11:04:37","guid":{"rendered":"https:\/\/www.thebestsocial.media\/nl\/?p=188337"},"modified":"2021-09-28T12:09:48","modified_gmt":"2021-09-28T11:09:48","slug":"discussie-inclusie-qr-weigerende-artiesten","status":"publish","type":"post","link":"https:\/\/www.thebestsocial.media\/nl\/discussie-inclusie-qr-weigerende-artiesten\/","title":{"rendered":"Oscar ontketent discussie over inclusie dankzij QR-weigerende artiesten"},"content":{"rendered":"<p>Steeds meer artiesten doen <a href=\"https:\/\/www.thebestsocial.media\/nl\/lange-frans-heel-interessant\/\" target=\"_blank\" rel=\"noopener\">#tochnietmeermee<\/a>. Sinds de <a href=\"https:\/\/www.thebestsocial.media\/nl\/prikkende-vragen-omstreden-coronapas\/\" target=\"_blank\" rel=\"noopener\">zeer omstreden QR-code<\/a> zijn intrede heeft gemaakt, wordt tour na tour gecanceld. Want uitsluiting, daar doen we niet aan. Toch? Oscar stipt dat aan op Twitter. Want hoe zit het met uitsluiting van mensen met een handicap? Hij hoopt dat de anti-QR-beweging het begin is van meer inclusie voor iedereen. En met dat punt ontketent hij een vurige discussie op Twitter waar iedereen vrije toegang tot heeft.<\/p>\n<p>&nbsp;<\/p>\n<h3>1. Het begint allemaal met dit treffende tweetje van Oscar.<\/h3>\n<div class=\"dbsm-oembed\">\n<blockquote class=\"twitter-tweet\" data-width=\"500\" data-dnt=\"true\">\n<p lang=\"nl\" dir=\"ltr\">Artiesten zeggen nu tours af vanwege de QR-code, omdat die mensen zou uitsluiten. Ben benieuwd of die artiesten ook ooit optredens hebben afgezegd omdat er geen gebarentolken, audiotranscriptie, rolstoelliften of andere zaken waren, waardoor sommige mensen buitensloten waren.<\/p>\n<p>&mdash; Oscar Kocken (@OscarKocken) <a href=\"https:\/\/twitter.com\/OscarKocken\/status\/1442521956688007168?ref_src=twsrc%5Etfw\">September 27, 2021<\/a><\/p><\/blockquote>\n<p><script async src=\"https:\/\/platform.twitter.com\/widgets.js\" charset=\"utf-8\"><\/script><\/div>\n<p>&nbsp;<\/p>\n<h3>2. En dan heeft hij het niet alleen over mensen met een handicap. Er zijn nog veel meer vormen van uitsluiting.<\/h3>\n<blockquote class=\"twitter-tweet\" data-conversation=\"none\">\n<p dir=\"ltr\" lang=\"nl\">Ik voeg er nog een paar dingen aan toe: tickets die te veel kostten, een onveilige sfeer, geen mogelijkheid om een hulphond mee te nemen. Vul gerust aan.<\/p>\n<p>Ik ben erg blij dat artiesten inclusie toejuichen, dus laat dit maar een begin zijn van een enorm inclusieve toekomst!<\/p>\n<p>\u2014 Oscar Kocken (@OscarKocken) <a href=\"https:\/\/twitter.com\/OscarKocken\/status\/1442523718983438339?ref_src=twsrc%5Etfw\">September 27, 2021<\/a><\/p><\/blockquote>\n<p><script async src=\"https:\/\/platform.twitter.com\/widgets.js\" charset=\"utf-8\"><\/script><\/p>\n<p>&nbsp;<\/p>\n<h3>3. Al snel krijgt hij bijval: meer inclusie,\u00a0<em>let&#8217;s go!<\/em><\/h3>\n<blockquote class=\"twitter-tweet\" data-conversation=\"none\">\n<p dir=\"ltr\" lang=\"nl\">Helemaal mee eens.<br \/>\nLaten ze zich hiervoor inzetten!<a href=\"https:\/\/t.co\/DGrSg0NtsX\">https:\/\/t.co\/DGrSg0NtsX<\/a><\/p>\n<p>\u2014 V.Sch (@Pippipipo) <a href=\"https:\/\/twitter.com\/Pippipipo\/status\/1442578484363157506?ref_src=twsrc%5Etfw\">September 27, 2021<\/a><\/p><\/blockquote>\n<p><script async src=\"https:\/\/platform.twitter.com\/widgets.js\" charset=\"utf-8\"><\/script><\/p>\n<p>&nbsp;<\/p>\n<h3>4. Sommigen delen ook meer manieren waarop uitsluiting plaatsvindt.<\/h3>\n<blockquote class=\"twitter-tweet\" data-conversation=\"none\">\n<p dir=\"ltr\" lang=\"nl\">Of festivals of caf\u00e9s met borrelhapjes waar niks te vretten is voor vegans.<\/p>\n<p>\u2014 Yvina \u24cb (@YvinaBakker) <a href=\"https:\/\/twitter.com\/YvinaBakker\/status\/1442550497055952896?ref_src=twsrc%5Etfw\">September 27, 2021<\/a><\/p><\/blockquote>\n<p><script async src=\"https:\/\/platform.twitter.com\/widgets.js\" charset=\"utf-8\"><\/script><\/p>\n<blockquote class=\"twitter-tweet\">\n<p dir=\"ltr\" lang=\"nl\">Hier heel erg mee eens. Eric Clapton liep te janken omdat hij de test\/vaccinatieplicht voor concerten discriminatoir vond, maar vraagt tegelijk 130 euro voor een concertticket. D\u00e1t is pas uitsluiting. <a href=\"https:\/\/t.co\/y6eBgpSyKZ\">https:\/\/t.co\/y6eBgpSyKZ<\/a><\/p>\n<p>\u2014 Jasper Schalks (@JasperSchalks) <a href=\"https:\/\/twitter.com\/JasperSchalks\/status\/1442448559467646980?ref_src=twsrc%5Etfw\">September 27, 2021<\/a><\/p><\/blockquote>\n<p><script async src=\"https:\/\/platform.twitter.com\/widgets.js\" charset=\"utf-8\"><\/script><\/p>\n<p>&nbsp;<\/p>\n<h3>5. Maar er zijn ook mensen die de vergelijking niet vinden kloppen<\/h3>\n<blockquote class=\"twitter-tweet\" data-conversation=\"none\">\n<p dir=\"ltr\" lang=\"nl\">Gefeliciteerd, de Appels en Peren bokaal is vandaag voor jouw.<\/p>\n<p>\u2014 Wall Zelmak\ud83d\udeac (@WallZelmak) <a href=\"https:\/\/twitter.com\/WallZelmak\/status\/1442524450159742984?ref_src=twsrc%5Etfw\">September 27, 2021<\/a><\/p><\/blockquote>\n<p><script async src=\"https:\/\/platform.twitter.com\/widgets.js\" charset=\"utf-8\"><\/script><\/p>\n<p>&nbsp;<\/p>\n<h3>6. En daar gaat Oscar graag op in.<\/h3>\n<blockquote class=\"twitter-tweet\" data-conversation=\"none\">\n<p dir=\"ltr\" lang=\"nl\">Absoluut. Al die dingen die ik noem zijn beletsels voor mensen die niet z\u00e9lf kozen voor de reden waardoor zij ergens niet zo makkelijk binnen konden. Geen vaccin of een coronatest fixen is daarentegen wel een eigen keuze.<\/p>\n<p>\u2014 Oscar Kocken (@OscarKocken) <a href=\"https:\/\/twitter.com\/OscarKocken\/status\/1442525342913241093?ref_src=twsrc%5Etfw\">September 27, 2021<\/a><\/p><\/blockquote>\n<p><script async src=\"https:\/\/platform.twitter.com\/widgets.js\" charset=\"utf-8\"><\/script><\/p>\n<p>&nbsp;<\/p>\n<h3>7. En daarmee is De Inclusie Discussie ontketent.<\/h3>\n<blockquote class=\"twitter-tweet\" data-conversation=\"none\">\n<p dir=\"ltr\" lang=\"nl\">Nee, de QR code is een wettelijk beletsel vanuit de overheid. Voorzieningen voor gehandicapten etc worden juist gestimuleerd (kan altijd beter maar dus wel een kul vergelijking)<\/p>\n<p>\u2014 Wall Zelmak\ud83d\udeac (@WallZelmak) <a href=\"https:\/\/twitter.com\/WallZelmak\/status\/1442527957260582912?ref_src=twsrc%5Etfw\">September 27, 2021<\/a><\/p><\/blockquote>\n<p><script async src=\"https:\/\/platform.twitter.com\/widgets.js\" charset=\"utf-8\"><\/script><\/p>\n<p>&nbsp;<\/p>\n<h3>8. Sommigen stippen daarbij graag nog aan dat niet iedereen een keuze heeft als het om de QR-code gaat.<\/h3>\n<blockquote class=\"twitter-tweet\" data-conversation=\"none\">\n<p dir=\"ltr\" lang=\"nl\">Weet je dat onder niet gevaccineerde mensen ook veel chronisch zieken zitten? Ik ben er \u00e9\u00e9n van. Toegankelijkheid is \u00e9\u00e9n ding, maar het gevoel nu ook buitengesloten te zijn voor een hapje en drankje, kop koffie, het kleine stukje sociale leven is voor mij nog veel erger.<\/p>\n<p>\u2014 Anita Sanders (@Anietjuh67) <a href=\"https:\/\/twitter.com\/Anietjuh67\/status\/1442563966618714112?ref_src=twsrc%5Etfw\">September 27, 2021<\/a><\/p><\/blockquote>\n<p><script async src=\"https:\/\/platform.twitter.com\/widgets.js\" charset=\"utf-8\"><\/script><\/p>\n<blockquote class=\"twitter-tweet\" data-conversation=\"none\">\n<p dir=\"ltr\" lang=\"nl\">T sluit ook mensen uit: mensen met zodanige gezondheidsproblemen dat ze t vaccin niet kunnen nemen, zwangeren, mensen zonder digitale telefoon, mensen die niet kunnen omgaan met hun telefoon, en mensen die geen data of WiFi hebben, om maar wat te noemen.<\/p>\n<p>\u2014 Finn (@Finn35114657) <a href=\"https:\/\/twitter.com\/Finn35114657\/status\/1442733607525789696?ref_src=twsrc%5Etfw\">September 28, 2021<\/a><\/p><\/blockquote>\n<p><script async src=\"https:\/\/platform.twitter.com\/widgets.js\" charset=\"utf-8\"><\/script><\/p>\n<p>&nbsp;<\/p>\n<h3>9. En ook wordt er niet door iedereen geloofd dat mensen met een handicap daadwerkelijk uitgesloten worden.<\/h3>\n<blockquote class=\"twitter-tweet\" data-conversation=\"none\">\n<p dir=\"ltr\" lang=\"nl\">alsof er ooit iemand met een beperking de toegang naar een concert is geweigerd en alsof de artiesten die wel optreden meer rekening houden met de beperkten<\/p>\n<p>\u2014 Reinier Rosman (@verkeersmaatje) <a href=\"https:\/\/twitter.com\/verkeersmaatje\/status\/1442582605107322885?ref_src=twsrc%5Etfw\">September 27, 2021<\/a><\/p><\/blockquote>\n<p><script async src=\"https:\/\/platform.twitter.com\/widgets.js\" charset=\"utf-8\"><\/script><\/p>\n<p>&nbsp;<\/p>\n<h3>10. Daar steken sommigen een stokje voor!<\/h3>\n<blockquote class=\"twitter-tweet\" data-conversation=\"none\">\n<p dir=\"ltr\" lang=\"nl\">Mij werd eens de toegang tot de AH ontzegd omdat ik met een stok liep (net TIA gehad op mijn 37e) en &#8216;stokken en wapens zijn verboden&#8217;. En zo heb ik nog een heel repertoire anekdotes voor je. Nederland is een uiterst lullig land voor mensen met een beperking.<\/p>\n<p>\u2014 Ilonka Leenheer (@IlonkaLeenheer) <a href=\"https:\/\/twitter.com\/IlonkaLeenheer\/status\/1442608545363636227?ref_src=twsrc%5Etfw\">September 27, 2021<\/a><\/p><\/blockquote>\n<p><script async src=\"https:\/\/platform.twitter.com\/widgets.js\" charset=\"utf-8\"><\/script><\/p>\n<p>&nbsp;<\/p>\n<h3>11. Alle gekheid op een stokje: die uitsluiting zorgt er op dit moment w\u00e9l voor dat een heleboel tours &#8220;jammer genoeg&#8221; niet doorgaan.<\/h3>\n<blockquote class=\"twitter-tweet\" data-conversation=\"none\">\n<p dir=\"ltr\" lang=\"nl\">Tot nu toe zijn allemaal \u201cartiesten\u201d waar ik nog niet naartoe zou gaan ook al kreeg ik geld toe.<\/p>\n<p>\u2014 Harm (@DiiCampo) <a href=\"https:\/\/twitter.com\/DiiCampo\/status\/1442535662280904704?ref_src=twsrc%5Etfw\">September 27, 2021<\/a><\/p><\/blockquote>\n<p><script async src=\"https:\/\/platform.twitter.com\/widgets.js\" charset=\"utf-8\"><\/script><\/p>\n<p>&nbsp;<\/p>\n<h3>12. Al is het soms ook best lekker om je principes in de strijd te gooien als je kaartverkoop niet zo denderend gaat, toch? Gratis tip van ons!<\/h3>\n<p>https:\/\/twitter.com\/pietur\/status\/1442458426320302082<\/p>\n<p>&nbsp;<\/p>\n<p><strong>H\u00e9, ben je op zoek naar een toffe baan in social media? Of zoek je de beste social werknemer of stagiair voor jouw bedrijf? <\/strong>Check dan <a href=\"https:\/\/www.thebestsocialjobs.com\/\" target=\"_blank\" rel=\"noopener\">The Best Social Jobs<\/a> voor de mooiste social vacatures!<\/p>\n<p><img loading=\"lazy\" decoding=\"async\" class=\"alignnone wp-image-44513 \" src=\"https:\/\/www.thebestsocial.media\/nl\/wp-content\/uploads\/sites\/2\/2018\/02\/JOBS.png\" alt=\"\" width=\"900\" height=\"562\" srcset=\"https:\/\/www.thebestsocial.media\/nl\/wp-content\/uploads\/sites\/2\/2018\/02\/JOBS.png 1790w, https:\/\/www.thebestsocial.media\/nl\/wp-content\/uploads\/sites\/2\/2018\/02\/JOBS-300x187.png 300w, https:\/\/www.thebestsocial.media\/nl\/wp-content\/uploads\/sites\/2\/2018\/02\/JOBS-768x480.png 768w, https:\/\/www.thebestsocial.media\/nl\/wp-content\/uploads\/sites\/2\/2018\/02\/JOBS-1024x640.png 1024w\" sizes=\"auto, (max-width: 900px) 100vw, 900px\" \/><\/p>\n<p><a href=\"https:\/\/www.thebestsocial.media\/nl\/?s=jobs\" target=\"_blank\" rel=\"noopener\"><strong>Lees hier alle artikelen van The Best Social Jobs!<\/strong><\/a><\/p>\n","protected":false},"excerpt":{"rendered":"<p>Steeds meer artiesten doen #tochnietmeermee. Sinds de zeer omstreden QR-code zijn intrede heeft gemaakt, wordt tour na tour gecanceld. Want uitsluiting, daar doen we niet&#8230;<\/p>\n","protected":false},"author":76,"featured_media":188380,"comment_status":"open","ping_status":"open","sticky":false,"template":"","format":"standard","meta":{"_acf_changed":false,"footnotes":""},"categories":[16,17],"tags":[1048,4800,4625,4797,4791,4799,4798],"class_list":["post-188337","post","type-post","status-publish","format-standard","has-post-thumbnail","hentry","category-blogs","category-nieuws","tag-concert","tag-coornapas","tag-handicap","tag-inclusie","tag-qr-code","tag-tour-afzeggen","tag-weigeren"],"acf":[],"yoast_head":"<!-- This site is optimized with the Yoast SEO plugin v27.4 - https:\/\/yoast.com\/product\/yoast-seo-wordpress\/ -->\n<title>Jongen ontketent discussie over inclusie dankzij QR-weigerende artiesten<\/title>\n<meta name=\"description\" content=\"Sinds de QR-code wordt tour na tour gecanceld. Want discriminatie, daar doen we niet aan. Of toch wel? Zie daar, De Inclusie Discussie.\" \/>\n<meta name=\"robots\" content=\"index, follow, max-snippet:-1, max-image-preview:large, max-video-preview:-1\" \/>\n<link rel=\"canonical\" href=\"https:\/\/www.thebestsocial.media\/nl\/discussie-inclusie-qr-weigerende-artiesten\/\" \/>\n<meta property=\"og:locale\" content=\"nl_NL\" \/>\n<meta property=\"og:type\" content=\"article\" \/>\n<meta property=\"og:title\" content=\"Jongen ontketent discussie over inclusie dankzij QR-weigerende artiesten\" \/>\n<meta property=\"og:description\" content=\"Sinds de QR-code wordt tour na tour gecanceld. Want discriminatie, daar doen we niet aan. Of toch wel? Zie daar, De Inclusie Discussie.\" \/>\n<meta property=\"og:url\" content=\"https:\/\/www.thebestsocial.media\/nl\/discussie-inclusie-qr-weigerende-artiesten\/\" \/>\n<meta property=\"og:site_name\" content=\"The Best Social Media NL\" \/>\n<meta property=\"article:published_time\" content=\"2021-09-28T11:04:37+00:00\" \/>\n<meta property=\"article:modified_time\" content=\"2021-09-28T11:09:48+00:00\" \/>\n<meta property=\"og:image\" content=\"https:\/\/www.thebestsocial.media\/nl\/wp-content\/uploads\/sites\/2\/2021\/09\/FB-header_V4-95.jpg\" \/>\n\t<meta property=\"og:image:width\" content=\"1200\" \/>\n\t<meta property=\"og:image:height\" content=\"630\" \/>\n\t<meta property=\"og:image:type\" content=\"image\/jpeg\" \/>\n<meta name=\"author\" content=\"Eva Breda\" \/>\n<meta name=\"twitter:card\" content=\"summary_large_image\" \/>\n<meta name=\"twitter:title\" content=\"Jongen ontketent discussie over inclusie dankzij QR-weigerende artiesten\" \/>\n<meta name=\"twitter:description\" content=\"Sinds de QR-code wordt tour na tour gecanceld. Want discriminatie, daar doen we niet aan. Of toch wel? Zie daar, De Inclusie Discussie.\" \/>\n<meta name=\"twitter:image\" content=\"https:\/\/www.thebestsocial.media\/nl\/wp-content\/uploads\/sites\/2\/2021\/09\/FB-header_V4-95.jpg\" \/>\n<meta name=\"twitter:label1\" content=\"Geschreven door\" \/>\n\t<meta name=\"twitter:data1\" content=\"Eva Breda\" \/>\n\t<meta name=\"twitter:label2\" content=\"Geschatte leestijd\" \/>\n\t<meta name=\"twitter:data2\" content=\"4 minuten\" \/>\n<script type=\"application\/ld+json\" class=\"yoast-schema-graph\">{\"@context\":\"https:\\\/\\\/schema.org\",\"@graph\":[{\"@type\":\"Article\",\"@id\":\"https:\\\/\\\/www.thebestsocial.media\\\/nl\\\/discussie-inclusie-qr-weigerende-artiesten\\\/#article\",\"isPartOf\":{\"@id\":\"https:\\\/\\\/www.thebestsocial.media\\\/nl\\\/discussie-inclusie-qr-weigerende-artiesten\\\/\"},\"author\":{\"name\":\"Eva Breda\",\"@id\":\"https:\\\/\\\/www.thebestsocial.media\\\/nl\\\/#\\\/schema\\\/person\\\/f243ccbf7a6a3b0d85733e994eb8d703\"},\"headline\":\"Oscar ontketent discussie over inclusie dankzij QR-weigerende artiesten\",\"datePublished\":\"2021-09-28T11:04:37+00:00\",\"dateModified\":\"2021-09-28T11:09:48+00:00\",\"mainEntityOfPage\":{\"@id\":\"https:\\\/\\\/www.thebestsocial.media\\\/nl\\\/discussie-inclusie-qr-weigerende-artiesten\\\/\"},\"wordCount\":726,\"commentCount\":0,\"image\":{\"@id\":\"https:\\\/\\\/www.thebestsocial.media\\\/nl\\\/discussie-inclusie-qr-weigerende-artiesten\\\/#primaryimage\"},\"thumbnailUrl\":\"https:\\\/\\\/www.thebestsocial.media\\\/nl\\\/wp-content\\\/uploads\\\/sites\\\/2\\\/2021\\\/09\\\/FB-header_V4-96.jpg\",\"keywords\":[\"concert\",\"coornapas\",\"Handicap\",\"inclusie\",\"qr-code\",\"tour afzeggen\",\"weigeren\"],\"articleSection\":[\"Blogs\",\"Nieuws\"],\"inLanguage\":\"nl-NL\",\"potentialAction\":[{\"@type\":\"CommentAction\",\"name\":\"Comment\",\"target\":[\"https:\\\/\\\/www.thebestsocial.media\\\/nl\\\/discussie-inclusie-qr-weigerende-artiesten\\\/#respond\"]}]},{\"@type\":\"WebPage\",\"@id\":\"https:\\\/\\\/www.thebestsocial.media\\\/nl\\\/discussie-inclusie-qr-weigerende-artiesten\\\/\",\"url\":\"https:\\\/\\\/www.thebestsocial.media\\\/nl\\\/discussie-inclusie-qr-weigerende-artiesten\\\/\",\"name\":\"Jongen ontketent discussie over inclusie dankzij QR-weigerende artiesten\",\"isPartOf\":{\"@id\":\"https:\\\/\\\/www.thebestsocial.media\\\/nl\\\/#website\"},\"primaryImageOfPage\":{\"@id\":\"https:\\\/\\\/www.thebestsocial.media\\\/nl\\\/discussie-inclusie-qr-weigerende-artiesten\\\/#primaryimage\"},\"image\":{\"@id\":\"https:\\\/\\\/www.thebestsocial.media\\\/nl\\\/discussie-inclusie-qr-weigerende-artiesten\\\/#primaryimage\"},\"thumbnailUrl\":\"https:\\\/\\\/www.thebestsocial.media\\\/nl\\\/wp-content\\\/uploads\\\/sites\\\/2\\\/2021\\\/09\\\/FB-header_V4-96.jpg\",\"datePublished\":\"2021-09-28T11:04:37+00:00\",\"dateModified\":\"2021-09-28T11:09:48+00:00\",\"author\":{\"@id\":\"https:\\\/\\\/www.thebestsocial.media\\\/nl\\\/#\\\/schema\\\/person\\\/f243ccbf7a6a3b0d85733e994eb8d703\"},\"description\":\"Sinds de QR-code wordt tour na tour gecanceld. Want discriminatie, daar doen we niet aan. Of toch wel? Zie daar, De Inclusie Discussie.\",\"breadcrumb\":{\"@id\":\"https:\\\/\\\/www.thebestsocial.media\\\/nl\\\/discussie-inclusie-qr-weigerende-artiesten\\\/#breadcrumb\"},\"inLanguage\":\"nl-NL\",\"potentialAction\":[{\"@type\":\"ReadAction\",\"target\":[\"https:\\\/\\\/www.thebestsocial.media\\\/nl\\\/discussie-inclusie-qr-weigerende-artiesten\\\/\"]}]},{\"@type\":\"ImageObject\",\"inLanguage\":\"nl-NL\",\"@id\":\"https:\\\/\\\/www.thebestsocial.media\\\/nl\\\/discussie-inclusie-qr-weigerende-artiesten\\\/#primaryimage\",\"url\":\"https:\\\/\\\/www.thebestsocial.media\\\/nl\\\/wp-content\\\/uploads\\\/sites\\\/2\\\/2021\\\/09\\\/FB-header_V4-96.jpg\",\"contentUrl\":\"https:\\\/\\\/www.thebestsocial.media\\\/nl\\\/wp-content\\\/uploads\\\/sites\\\/2\\\/2021\\\/09\\\/FB-header_V4-96.jpg\",\"width\":1200,\"height\":630,\"caption\":\"inclusie\"},{\"@type\":\"BreadcrumbList\",\"@id\":\"https:\\\/\\\/www.thebestsocial.media\\\/nl\\\/discussie-inclusie-qr-weigerende-artiesten\\\/#breadcrumb\",\"itemListElement\":[{\"@type\":\"ListItem\",\"position\":1,\"name\":\"Home\",\"item\":\"https:\\\/\\\/www.thebestsocial.media\\\/nl\\\/\"},{\"@type\":\"ListItem\",\"position\":2,\"name\":\"Oscar ontketent discussie over inclusie dankzij QR-weigerende artiesten\"}]},{\"@type\":\"WebSite\",\"@id\":\"https:\\\/\\\/www.thebestsocial.media\\\/nl\\\/#website\",\"url\":\"https:\\\/\\\/www.thebestsocial.media\\\/nl\\\/\",\"name\":\"The Best Social Media NL\",\"description\":\"Zoeklicht in de Digital Chaos\",\"potentialAction\":[{\"@type\":\"SearchAction\",\"target\":{\"@type\":\"EntryPoint\",\"urlTemplate\":\"https:\\\/\\\/www.thebestsocial.media\\\/nl\\\/?s={search_term_string}\"},\"query-input\":{\"@type\":\"PropertyValueSpecification\",\"valueRequired\":true,\"valueName\":\"search_term_string\"}}],\"inLanguage\":\"nl-NL\"},{\"@type\":\"Person\",\"@id\":\"https:\\\/\\\/www.thebestsocial.media\\\/nl\\\/#\\\/schema\\\/person\\\/f243ccbf7a6a3b0d85733e994eb8d703\",\"name\":\"Eva Breda\",\"image\":{\"@type\":\"ImageObject\",\"inLanguage\":\"nl-NL\",\"@id\":\"https:\\\/\\\/secure.gravatar.com\\\/avatar\\\/06080a3d6fb91a577772653f207b743721b6cd2859e77a3f7824c49f30cb0970?s=96&d=mm&r=g\",\"url\":\"https:\\\/\\\/secure.gravatar.com\\\/avatar\\\/06080a3d6fb91a577772653f207b743721b6cd2859e77a3f7824c49f30cb0970?s=96&d=mm&r=g\",\"contentUrl\":\"https:\\\/\\\/secure.gravatar.com\\\/avatar\\\/06080a3d6fb91a577772653f207b743721b6cd2859e77a3f7824c49f30cb0970?s=96&d=mm&r=g\",\"caption\":\"Eva Breda\"},\"sameAs\":[\"https:\\\/\\\/www.instagram.com\\\/evahelenebreda\",\"https:\\\/\\\/www.linkedin.com\\\/in\\\/eva-breda-302517155\"],\"url\":\"https:\\\/\\\/www.thebestsocial.media\\\/nl\\\/author\\\/evabreda\\\/\"}]}<\/script>\n<!-- \/ Yoast SEO plugin. -->","yoast_head_json":{"title":"Jongen ontketent discussie over inclusie dankzij QR-weigerende artiesten","description":"Sinds de QR-code wordt tour na tour gecanceld. Want discriminatie, daar doen we niet aan. Of toch wel? Zie daar, De Inclusie Discussie.","robots":{"index":"index","follow":"follow","max-snippet":"max-snippet:-1","max-image-preview":"max-image-preview:large","max-video-preview":"max-video-preview:-1"},"canonical":"https:\/\/www.thebestsocial.media\/nl\/discussie-inclusie-qr-weigerende-artiesten\/","og_locale":"nl_NL","og_type":"article","og_title":"Jongen ontketent discussie over inclusie dankzij QR-weigerende artiesten","og_description":"Sinds de QR-code wordt tour na tour gecanceld. Want discriminatie, daar doen we niet aan. Of toch wel? Zie daar, De Inclusie Discussie.","og_url":"https:\/\/www.thebestsocial.media\/nl\/discussie-inclusie-qr-weigerende-artiesten\/","og_site_name":"The Best Social Media NL","article_published_time":"2021-09-28T11:04:37+00:00","article_modified_time":"2021-09-28T11:09:48+00:00","og_image":[{"width":1200,"height":630,"url":"https:\/\/www.thebestsocial.media\/nl\/wp-content\/uploads\/sites\/2\/2021\/09\/FB-header_V4-95.jpg","type":"image\/jpeg"}],"author":"Eva Breda","twitter_card":"summary_large_image","twitter_title":"Jongen ontketent discussie over inclusie dankzij QR-weigerende artiesten","twitter_description":"Sinds de QR-code wordt tour na tour gecanceld. Want discriminatie, daar doen we niet aan. Of toch wel? Zie daar, De Inclusie Discussie.","twitter_image":"https:\/\/www.thebestsocial.media\/nl\/wp-content\/uploads\/sites\/2\/2021\/09\/FB-header_V4-95.jpg","twitter_misc":{"Geschreven door":"Eva Breda","Geschatte leestijd":"4 minuten"},"schema":{"@context":"https:\/\/schema.org","@graph":[{"@type":"Article","@id":"https:\/\/www.thebestsocial.media\/nl\/discussie-inclusie-qr-weigerende-artiesten\/#article","isPartOf":{"@id":"https:\/\/www.thebestsocial.media\/nl\/discussie-inclusie-qr-weigerende-artiesten\/"},"author":{"name":"Eva Breda","@id":"https:\/\/www.thebestsocial.media\/nl\/#\/schema\/person\/f243ccbf7a6a3b0d85733e994eb8d703"},"headline":"Oscar ontketent discussie over inclusie dankzij QR-weigerende artiesten","datePublished":"2021-09-28T11:04:37+00:00","dateModified":"2021-09-28T11:09:48+00:00","mainEntityOfPage":{"@id":"https:\/\/www.thebestsocial.media\/nl\/discussie-inclusie-qr-weigerende-artiesten\/"},"wordCount":726,"commentCount":0,"image":{"@id":"https:\/\/www.thebestsocial.media\/nl\/discussie-inclusie-qr-weigerende-artiesten\/#primaryimage"},"thumbnailUrl":"https:\/\/www.thebestsocial.media\/nl\/wp-content\/uploads\/sites\/2\/2021\/09\/FB-header_V4-96.jpg","keywords":["concert","coornapas","Handicap","inclusie","qr-code","tour afzeggen","weigeren"],"articleSection":["Blogs","Nieuws"],"inLanguage":"nl-NL","potentialAction":[{"@type":"CommentAction","name":"Comment","target":["https:\/\/www.thebestsocial.media\/nl\/discussie-inclusie-qr-weigerende-artiesten\/#respond"]}]},{"@type":"WebPage","@id":"https:\/\/www.thebestsocial.media\/nl\/discussie-inclusie-qr-weigerende-artiesten\/","url":"https:\/\/www.thebestsocial.media\/nl\/discussie-inclusie-qr-weigerende-artiesten\/","name":"Jongen ontketent discussie over inclusie dankzij QR-weigerende artiesten","isPartOf":{"@id":"https:\/\/www.thebestsocial.media\/nl\/#website"},"primaryImageOfPage":{"@id":"https:\/\/www.thebestsocial.media\/nl\/discussie-inclusie-qr-weigerende-artiesten\/#primaryimage"},"image":{"@id":"https:\/\/www.thebestsocial.media\/nl\/discussie-inclusie-qr-weigerende-artiesten\/#primaryimage"},"thumbnailUrl":"https:\/\/www.thebestsocial.media\/nl\/wp-content\/uploads\/sites\/2\/2021\/09\/FB-header_V4-96.jpg","datePublished":"2021-09-28T11:04:37+00:00","dateModified":"2021-09-28T11:09:48+00:00","author":{"@id":"https:\/\/www.thebestsocial.media\/nl\/#\/schema\/person\/f243ccbf7a6a3b0d85733e994eb8d703"},"description":"Sinds de QR-code wordt tour na tour gecanceld. Want discriminatie, daar doen we niet aan. Of toch wel? Zie daar, De Inclusie Discussie.","breadcrumb":{"@id":"https:\/\/www.thebestsocial.media\/nl\/discussie-inclusie-qr-weigerende-artiesten\/#breadcrumb"},"inLanguage":"nl-NL","potentialAction":[{"@type":"ReadAction","target":["https:\/\/www.thebestsocial.media\/nl\/discussie-inclusie-qr-weigerende-artiesten\/"]}]},{"@type":"ImageObject","inLanguage":"nl-NL","@id":"https:\/\/www.thebestsocial.media\/nl\/discussie-inclusie-qr-weigerende-artiesten\/#primaryimage","url":"https:\/\/www.thebestsocial.media\/nl\/wp-content\/uploads\/sites\/2\/2021\/09\/FB-header_V4-96.jpg","contentUrl":"https:\/\/www.thebestsocial.media\/nl\/wp-content\/uploads\/sites\/2\/2021\/09\/FB-header_V4-96.jpg","width":1200,"height":630,"caption":"inclusie"},{"@type":"BreadcrumbList","@id":"https:\/\/www.thebestsocial.media\/nl\/discussie-inclusie-qr-weigerende-artiesten\/#breadcrumb","itemListElement":[{"@type":"ListItem","position":1,"name":"Home","item":"https:\/\/www.thebestsocial.media\/nl\/"},{"@type":"ListItem","position":2,"name":"Oscar ontketent discussie over inclusie dankzij QR-weigerende artiesten"}]},{"@type":"WebSite","@id":"https:\/\/www.thebestsocial.media\/nl\/#website","url":"https:\/\/www.thebestsocial.media\/nl\/","name":"The Best Social Media NL","description":"Zoeklicht in de Digital Chaos","potentialAction":[{"@type":"SearchAction","target":{"@type":"EntryPoint","urlTemplate":"https:\/\/www.thebestsocial.media\/nl\/?s={search_term_string}"},"query-input":{"@type":"PropertyValueSpecification","valueRequired":true,"valueName":"search_term_string"}}],"inLanguage":"nl-NL"},{"@type":"Person","@id":"https:\/\/www.thebestsocial.media\/nl\/#\/schema\/person\/f243ccbf7a6a3b0d85733e994eb8d703","name":"Eva Breda","image":{"@type":"ImageObject","inLanguage":"nl-NL","@id":"https:\/\/secure.gravatar.com\/avatar\/06080a3d6fb91a577772653f207b743721b6cd2859e77a3f7824c49f30cb0970?s=96&d=mm&r=g","url":"https:\/\/secure.gravatar.com\/avatar\/06080a3d6fb91a577772653f207b743721b6cd2859e77a3f7824c49f30cb0970?s=96&d=mm&r=g","contentUrl":"https:\/\/secure.gravatar.com\/avatar\/06080a3d6fb91a577772653f207b743721b6cd2859e77a3f7824c49f30cb0970?s=96&d=mm&r=g","caption":"Eva Breda"},"sameAs":["https:\/\/www.instagram.com\/evahelenebreda","https:\/\/www.linkedin.com\/in\/eva-breda-302517155"],"url":"https:\/\/www.thebestsocial.media\/nl\/author\/evabreda\/"}]}},"amp_enabled":true,"_links":{"self":[{"href":"https:\/\/www.thebestsocial.media\/nl\/wp-json\/wp\/v2\/posts\/188337","targetHints":{"allow":["GET"]}}],"collection":[{"href":"https:\/\/www.thebestsocial.media\/nl\/wp-json\/wp\/v2\/posts"}],"about":[{"href":"https:\/\/www.thebestsocial.media\/nl\/wp-json\/wp\/v2\/types\/post"}],"author":[{"embeddable":true,"href":"https:\/\/www.thebestsocial.media\/nl\/wp-json\/wp\/v2\/users\/76"}],"replies":[{"embeddable":true,"href":"https:\/\/www.thebestsocial.media\/nl\/wp-json\/wp\/v2\/comments?post=188337"}],"version-history":[{"count":5,"href":"https:\/\/www.thebestsocial.media\/nl\/wp-json\/wp\/v2\/posts\/188337\/revisions"}],"predecessor-version":[{"id":188415,"href":"https:\/\/www.thebestsocial.media\/nl\/wp-json\/wp\/v2\/posts\/188337\/revisions\/188415"}],"wp:featuredmedia":[{"embeddable":true,"href":"https:\/\/www.thebestsocial.media\/nl\/wp-json\/wp\/v2\/media\/188380"}],"wp:attachment":[{"href":"https:\/\/www.thebestsocial.media\/nl\/wp-json\/wp\/v2\/media?parent=188337"}],"wp:term":[{"taxonomy":"category","embeddable":true,"href":"https:\/\/www.thebestsocial.media\/nl\/wp-json\/wp\/v2\/categories?post=188337"},{"taxonomy":"post_tag","embeddable":true,"href":"https:\/\/www.thebestsocial.media\/nl\/wp-json\/wp\/v2\/tags?post=188337"}],"curies":[{"name":"wp","href":"https:\/\/api.w.org\/{rel}","templated":true}]}}