{"id":179152,"date":"2021-06-16T09:39:50","date_gmt":"2021-06-16T08:39:50","guid":{"rendered":"https:\/\/www.thebestsocial.media\/nl\/?p=179152"},"modified":"2021-06-16T09:40:49","modified_gmt":"2021-06-16T08:40:49","slug":"ek-dag-6-frank-snoeks-deurverkoper-irritant","status":"publish","type":"post","link":"https:\/\/www.thebestsocial.media\/nl\/ek-dag-6-frank-snoeks-deurverkoper-irritant\/","title":{"rendered":"EK dag 6: Frank Snoeks is minder geliefd dan een opdringerige deurverkoper"},"content":{"rendered":"<p>Het EK voetbal is bijna een week onderweg en het is n\u00fa al een onvergetelijk toernooi. We zagen de Tsjech Patrik Schik scoren vanaf de middellijn, een clash tussen de twee titanen Duitsland en Frankrijk, Ronaldo die meteen records verbreekt en natuurlijk Dumfries de winnende voor Nederland maken. Ook waren er dieptepunten, zoals het plotselinge ineenstorten van de Deen <a href=\"https:\/\/www.thebestsocial.media\/nl\/eriksen-instagram-ziekenhuis\/\" target=\"_blank\" rel=\"noopener\">Christian Eriksen<\/a>. Het is hoog tijd om de balans op te maken. Er is in ieder geval \u00e9\u00e9n man die nog geen hoge ogen heeft gegooid op het EK en dat is commentator Frank Snoeks.<\/p>\n<p>&nbsp;<\/p>\n<h3>1. Het leek op de eerste dag wel een soort kringverjaardag. De NOS had overal verslaggevers staan, die elkaar blindelings in het speelveld wisten te vinden.<\/h3>\n<p>https:\/\/twitter.com\/mennovdbos\/status\/1404140957214384128<\/p>\n<p>&nbsp;<\/p>\n<h3>2. Bij de persconferentie voor de wedstrijd gooide Nathan Ak\u00e9 hoge ogen. En dan niet vanwege zijn voetbalskills.<\/h3>\n<p>https:\/\/twitter.com\/vnnbrg\/status\/1404745371482525697<\/p>\n<p>&nbsp;<\/p>\n<h3>3. Gelukkig is de vaderlandse pers messcherp en staan er journalistieke hoogstandjes op de planning.<\/h3>\n<div class=\"dbsm-oembed\">\n<blockquote class=\"twitter-tweet\" data-width=\"500\" data-dnt=\"true\">\n<p lang=\"nl\" dir=\"ltr\">Precies voor dit soort verhalen heb ik dus al jaren een abonnement op VI Pro. <a href=\"https:\/\/t.co\/nU3FwaWu6b\">pic.twitter.com\/nU3FwaWu6b<\/a><\/p>\n<p>&mdash; Peter Buurman (@Buurtvader) <a href=\"https:\/\/twitter.com\/Buurtvader\/status\/1404770616012587017?ref_src=twsrc%5Etfw\">June 15, 2021<\/a><\/p><\/blockquote>\n<p><script async src=\"https:\/\/platform.twitter.com\/widgets.js\" charset=\"utf-8\"><\/script><\/div>\n<p>&nbsp;<\/p>\n<h3>4. Frenkie de Jong moest niets hebben van een Oekra\u00efense helpende hand.<\/h3>\n<p><video src=\"https:\/\/www.thebestsocial.media\/nl\/wp-content\/uploads\/tiktok\/6973680351457578245.mp4\" controls width=\"623\" height=\"1108\" style=\"border:0; height:90vh; width:50.625000vh;\"><\/video><\/p>\n<p>&nbsp;<\/p>\n<h3>5. Een nadeel aan het EK: die bloedirritante reclames.<\/h3>\n<div class=\"dbsm-oembed\">\n<blockquote class=\"twitter-tweet\" data-width=\"500\" data-dnt=\"true\">\n<p lang=\"nl\" dir=\"ltr\">Het kan natuurlijk aan mij liggen,  maar ik krijg de indruk dat Albert Heijn, Kruidvat en Jumbo enthousiaster over het EK zijn dan wij \ud83d\ude23<\/p>\n<p>&mdash; Japke-d. Bouma (@Japked) <a href=\"https:\/\/twitter.com\/Japked\/status\/1404092833502535681?ref_src=twsrc%5Etfw\">June 13, 2021<\/a><\/p><\/blockquote>\n<p><script async src=\"https:\/\/platform.twitter.com\/widgets.js\" charset=\"utf-8\"><\/script><\/div>\n<p>&nbsp;<\/p>\n<h3>6. En wat dacht je van de C1000 Gogo&#8217;s?<\/h3>\n<p>https:\/\/twitter.com\/LadyDJane_\/status\/1403784798838169600<\/p>\n<p>&nbsp;<\/p>\n<h3>7. De Rode Duivels mochten zaterdag aantreden, waar vooral de ballenjongen de show steelde.<\/h3>\n<p><video src=\"https:\/\/www.thebestsocial.media\/nl\/wp-content\/uploads\/tiktok\/6944425098891791621.mp4\" controls width=\"623\" height=\"1108\" style=\"border:0; height:90vh; width:50.625000vh;\"><\/video><\/p>\n<p>&nbsp;<\/p>\n<h3>8. Cristiano Ronaldo onderscheidde zich niet alleen op het veld. Ook naast het veld maakt hij een duidelijk statement over Cola.<\/h3>\n<p>https:\/\/twitter.com\/goal\/status\/1404716751988928515<\/p>\n<p>&nbsp;<\/p>\n<h3>9. Waar mensen dan weer geniaal op inspeelden.<\/h3>\n<div class=\"dbsm-oembed\">\n<blockquote class=\"twitter-tweet\" data-width=\"500\" data-dnt=\"true\">\n<p lang=\"zxx\" dir=\"ltr\"><a href=\"https:\/\/t.co\/IBvONYvGo0\">pic.twitter.com\/IBvONYvGo0<\/a><\/p>\n<p>&mdash; Out Of Context Football (@nocontextfooty) <a href=\"https:\/\/twitter.com\/nocontextfooty\/status\/1404893982610669573?ref_src=twsrc%5Etfw\">June 15, 2021<\/a><\/p><\/blockquote>\n<p><script async src=\"https:\/\/platform.twitter.com\/widgets.js\" charset=\"utf-8\"><\/script><\/div>\n<p>&nbsp;<\/p>\n<h3>10. Cristiano en zijn Portugal speelden overigens tegen Hongarije, die niet bepaald bekend staan om hun uitmuntende LGBTQIA+ beleid. Diezelfde dag werd er een wet aangenomen waarin <a href=\"https:\/\/nos.nl\/artikel\/2385161-hongarije-verbiedt-promotie-van-homoseksualiteit-onder-jongeren\" target=\"_blank\" rel=\"noopener\">het &#8216;promoten&#8217; van homoseksualiteit<\/a> wordt verboden.<\/h3>\n<div class=\"dbsm-oembed\">\n<blockquote class=\"twitter-tweet\" data-width=\"500\" data-dnt=\"true\">\n<p lang=\"nl\" dir=\"ltr\">Weetje: door het tijdsverschil wordt de match Hongarije-Portugal, die bij ons om 18u begint, in de lokale tijd in 1940 gespeeld.<br \/>\ud83c\udff3\ufe0f\u200d\ud83c\udf08\ud83c\udff3\ufe0f\u200d\ud83c\udf08\ud83c\udff3\ufe0f\u200d\ud83c\udf08\ud83c\udff3\ufe0f\u200d\ud83c\udf08\ud83c\udff3\ufe0f\u200d\ud83c\udf08\ud83c\udff3\ufe0f\u200d\ud83c\udf08\ud83c\udff3\ufe0f\u200d\ud83c\udf08\ud83c\udff3\ufe0f\u200d\ud83c\udf08\ud83c\udff3\ufe0f\u200d\ud83c\udf08\ud83c\udff3\ufe0f\u200d\ud83c\udf08<\/p>\n<p>&mdash; Algemeen Fons (@jerupt) <a href=\"https:\/\/twitter.com\/jerupt\/status\/1404844149019455494?ref_src=twsrc%5Etfw\">June 15, 2021<\/a><\/p><\/blockquote>\n<p><script async src=\"https:\/\/platform.twitter.com\/widgets.js\" charset=\"utf-8\"><\/script><\/div>\n<p>&nbsp;<\/p>\n<h3>11. Daarna was het tijd voor de kraker Frankrijk &#8211; Duitsland, wat sommige mensen een beetje verkeerd opvatten.<\/h3>\n<p>https:\/\/twitter.com\/KleinpasteThijs\/status\/1404887527010492418<\/p>\n<p>&nbsp;<\/p>\n<h3>12. De commentator van dienst was Frank Snoeks.<\/h3>\n<div class=\"dbsm-oembed\">\n<blockquote class=\"twitter-tweet\" data-width=\"500\" data-dnt=\"true\">\n<p lang=\"nl\" dir=\"ltr\">Wanneer je klaarzit voor Frankrijk &#8211; Duitsland en opeens het stemgeluid van Frank Snoeks hoort. <a href=\"https:\/\/twitter.com\/hashtag\/fradui?src=hash&amp;ref_src=twsrc%5Etfw\">#fradui<\/a> <a href=\"https:\/\/t.co\/wMIhrEhwyc\">pic.twitter.com\/wMIhrEhwyc<\/a><\/p>\n<p>&mdash; Nick (@nickhoekman) <a href=\"https:\/\/twitter.com\/nickhoekman\/status\/1404875291110031362?ref_src=twsrc%5Etfw\">June 15, 2021<\/a><\/p><\/blockquote>\n<p><script async src=\"https:\/\/platform.twitter.com\/widgets.js\" charset=\"utf-8\"><\/script><\/div>\n<p>&nbsp;<\/p>\n<h3>13. Die het behoorlijk te verduren kreeg online.<\/h3>\n<div class=\"dbsm-oembed\">\n<blockquote class=\"twitter-tweet\" data-width=\"500\" data-dnt=\"true\">\n<p lang=\"nl\" dir=\"ltr\">Ik heb het 4 minuten volgehouden. <a href=\"https:\/\/twitter.com\/NOSvoetbal?ref_src=twsrc%5Etfw\">@NOSvoetbal<\/a>. Ben gezapt naar <a href=\"https:\/\/twitter.com\/sporza?ref_src=twsrc%5Etfw\">@sporza<\/a>. <\/p>\n<p>Frank Snoeks is de grootste ergernis dit EK. Eerst verpest hij <a href=\"https:\/\/twitter.com\/hashtag\/nedoek?src=hash&amp;ref_src=twsrc%5Etfw\">#nedoek<\/a> en nu <a href=\"https:\/\/twitter.com\/hashtag\/FRADUI?src=hash&amp;ref_src=twsrc%5Etfw\">#FRADUI<\/a>.<\/p>\n<p>Graag exit <a href=\"https:\/\/twitter.com\/hashtag\/franksnoeks?src=hash&amp;ref_src=twsrc%5Etfw\">#franksnoeks<\/a>.<\/p>\n<p>&mdash; Johan van der Meer (@SinhoJohan) <a href=\"https:\/\/twitter.com\/SinhoJohan\/status\/1404882076650905600?ref_src=twsrc%5Etfw\">June 15, 2021<\/a><\/p><\/blockquote>\n<p><script async src=\"https:\/\/platform.twitter.com\/widgets.js\" charset=\"utf-8\"><\/script><\/div>\n<p>&nbsp;<\/p>\n<h3>14. Zijn commentaar was namelijk, zoals eigenlijk altijd, weer vrij sloom.<\/h3>\n<div class=\"dbsm-oembed\">\n<blockquote class=\"twitter-tweet\" data-width=\"500\" data-dnt=\"true\">\n<p lang=\"nl\" dir=\"ltr\">Als ze bij Frank Snoeks thuis z&#39;n bankstel jatten heeft hij dat pas door als hij erin gaat zitten en op de grond valt <a href=\"https:\/\/twitter.com\/hashtag\/FRADUI?src=hash&amp;ref_src=twsrc%5Etfw\">#FRADUI<\/a><\/p>\n<p>&mdash; Ferry de Bont (@Hoekie_B) <a href=\"https:\/\/twitter.com\/Hoekie_B\/status\/1404897952330661897?ref_src=twsrc%5Etfw\">June 15, 2021<\/a><\/p><\/blockquote>\n<p><script async src=\"https:\/\/platform.twitter.com\/widgets.js\" charset=\"utf-8\"><\/script><\/div>\n<p>&nbsp;<\/p>\n<h3>15. En simpelweg onjuist.<\/h3>\n<p>https:\/\/twitter.com\/SimonHendriksen\/status\/1404902546263658500<\/p>\n<p>&nbsp;<\/p>\n<h3>16. Hij heeft in ieder geval veel talenten. Of hij er alleen blij mee is, is een tweede.<\/h3>\n<div class=\"dbsm-oembed\">\n<blockquote class=\"twitter-tweet\" data-width=\"500\" data-dnt=\"true\">\n<p lang=\"nl\" dir=\"ltr\">Frank Snoeks; commentator, analist, scheidsrechter, filosoof, acteercoach, medisch specialist en irritatie opwekker in \u00e9\u00e9n. <a href=\"https:\/\/twitter.com\/hashtag\/FRADUI?src=hash&amp;ref_src=twsrc%5Etfw\">#FRADUI<\/a><\/p>\n<p>&mdash; Maarten Hopman (@maartenhopman94) <a href=\"https:\/\/twitter.com\/maartenhopman94\/status\/1404885697799069699?ref_src=twsrc%5Etfw\">June 15, 2021<\/a><\/p><\/blockquote>\n<p><script async src=\"https:\/\/platform.twitter.com\/widgets.js\" charset=\"utf-8\"><\/script><\/div>\n<p>&nbsp;<\/p>\n<h3>17. Niet iedereen is het eens met de critici, zoals Ramon.<\/h3>\n<div class=\"dbsm-oembed\">\n<blockquote class=\"twitter-tweet\" data-width=\"500\" data-dnt=\"true\">\n<p lang=\"nl\" dir=\"ltr\">Frank Snoeks is nu al in topvorm. Heerlijk! Hopelijk de Fransen en Duitsers ook. <\/p>\n<p>Tip aan iedereen die weer wat te mekkeren heeft op Snoeks: doe dat maar offline. Scheelt een hoop negatief gedoe. <a href=\"https:\/\/twitter.com\/hashtag\/FrankSnoeksAppreciationTweet?src=hash&amp;ref_src=twsrc%5Etfw\">#FrankSnoeksAppreciationTweet<\/a><\/p>\n<p>&mdash; Ramon Min \ud83d\udcf6 (@MijlpaalMin) <a href=\"https:\/\/twitter.com\/MijlpaalMin\/status\/1404878986409357321?ref_src=twsrc%5Etfw\">June 15, 2021<\/a><\/p><\/blockquote>\n<p><script async src=\"https:\/\/platform.twitter.com\/widgets.js\" charset=\"utf-8\"><\/script><\/div>\n<p>&nbsp;<\/p>\n<h3>18. Fr\u00e1\u00e1\u00e1\u00e1nk Snoeks, steeds verrassend, altijd voordelig!<\/h3>\n<div class=\"dbsm-oembed\">\n<blockquote class=\"twitter-tweet\" data-width=\"500\" data-dnt=\"true\">\n<p lang=\"nl\" dir=\"ltr\">Frank Snoeks is een beetje als die dame van de Kruidvat reclames; iedereen ergert zich eraan maar toch blijven ze hem inhuren.<\/p>\n<p>&mdash; Bruun (@bruniversum) <a href=\"https:\/\/twitter.com\/bruniversum\/status\/1404887210529275905?ref_src=twsrc%5Etfw\">June 15, 2021<\/a><\/p><\/blockquote>\n<p><script async src=\"https:\/\/platform.twitter.com\/widgets.js\" charset=\"utf-8\"><\/script><\/div>\n<p>&nbsp;<\/p>\n<p><strong><em>YES, IT&#8217;S A WRAP!<\/em> De uitreikingen van <a href=\"https:\/\/thebestsocialawards.nl\" target=\"_blank\" rel=\"noopener\">The Best Social Awards 2021<\/a> waren nog toffer dan we hoopten. We zonden live uit vanuit een virtuele studio in Hilversum en er kwamen verschijningen voorbij als Orgel Joke, Daan Boom, Chantal Janzen, Akwasi en Jesse Klaver. Dat laatste heeft iets met <a href=\"https:\/\/www.youtube.com\/watch?v=VXe6xtSHEi8\" target=\"_blank\" rel=\"noopener\">#RESSE<\/a> te maken, de rest verklappen we niet. Ook niet te vergeten: winnaars als Pieter Valley, Oma Miep en De Haarclip van Marie-Claire maakten hun fabuleuze Zoom-entree. Zat je die avonden lekker in het park? Of wil je nog een keer zien wat voor lieve woorden Chantal Janzen, Bram Krikke en Tess Milne voor Linda Hakeboom hadden? Grijp je snacks en bekijk de livestream van <a href=\"https:\/\/www.youtube.com\/watch?v=AJDtsxaMBY4\" target=\"_blank\" rel=\"noopener\">business uitreikingen<\/a> en de <a href=\"https:\/\/www.youtube.com\/watch?v=lSsbe6hOQcg\" target=\"_blank\" rel=\"noopener\">audience uitreikingen<\/a> terug!<\/strong><\/p>\n<div class=\"dbsm-oembed\"><iframe loading=\"lazy\" title=\"The Best Social Awards 2021 - Audience\" width=\"500\" height=\"281\" src=\"https:\/\/www.youtube.com\/embed\/lSsbe6hOQcg?feature=oembed\" frameborder=\"0\" allow=\"accelerometer; autoplay; clipboard-write; encrypted-media; gyroscope; picture-in-picture; web-share\" referrerpolicy=\"strict-origin-when-cross-origin\" allowfullscreen><\/iframe><\/div>\n<div class=\"dbsm-oembed\"><iframe loading=\"lazy\" title=\"The Best Social Awards 2021 - Business\" width=\"500\" height=\"281\" src=\"https:\/\/www.youtube.com\/embed\/AJDtsxaMBY4?feature=oembed\" frameborder=\"0\" allow=\"accelerometer; autoplay; clipboard-write; encrypted-media; gyroscope; picture-in-picture; web-share\" referrerpolicy=\"strict-origin-when-cross-origin\" allowfullscreen><\/iframe><\/div>\n","protected":false},"excerpt":{"rendered":"<p>Het EK voetbal is bijna een week onderweg en het is n\u00fa al een onvergetelijk toernooi. We zagen de Tsjech Patrik Schik scoren vanaf de&#8230;<\/p>\n","protected":false},"author":26,"featured_media":179175,"comment_status":"open","ping_status":"open","sticky":false,"template":"","format":"standard","meta":{"_acf_changed":false,"footnotes":""},"categories":[16,17],"tags":[4388,4389,4390,28],"class_list":["post-179152","post","type-post","status-publish","format-standard","has-post-thumbnail","hentry","category-blogs","category-nieuws","tag-ek-voetbal","tag-eriksen","tag-frank-snoeks","tag-twitter"],"acf":[],"yoast_head":"<!-- This site is optimized with the Yoast SEO plugin v27.5 - https:\/\/yoast.com\/product\/yoast-seo-wordpress\/ -->\n<title>EK Dag 6: Frank Snoeks is minder geliefd dan opdringerige deurverkoper<\/title>\n<meta name=\"description\" content=\"Het EK is bijna een week onderweg en \u00e9\u00e9n man viel onder veel kijkers op: Frank Snoeks. Niet bepaald in positieve zin, nee, vooral negatief.\" \/>\n<meta name=\"robots\" content=\"index, follow, max-snippet:-1, max-image-preview:large, max-video-preview:-1\" \/>\n<link rel=\"canonical\" href=\"https:\/\/www.thebestsocial.media\/nl\/ek-dag-6-frank-snoeks-deurverkoper-irritant\/\" \/>\n<meta property=\"og:locale\" content=\"nl_NL\" \/>\n<meta property=\"og:type\" content=\"article\" \/>\n<meta property=\"og:title\" content=\"EK dag 6: Frank Snoeks is minder geliefd dan een opdringerige deurverkoper\" \/>\n<meta property=\"og:description\" content=\"Nederlanders op social media zijn ook in vorm tot nu toe..\ud83d\udc40\" \/>\n<meta property=\"og:url\" content=\"https:\/\/www.thebestsocial.media\/nl\/ek-dag-6-frank-snoeks-deurverkoper-irritant\/\" \/>\n<meta property=\"og:site_name\" content=\"The Best Social Media NL\" \/>\n<meta property=\"article:published_time\" content=\"2021-06-16T08:39:50+00:00\" \/>\n<meta property=\"article:modified_time\" content=\"2021-06-16T08:40:49+00:00\" \/>\n<meta property=\"og:image\" content=\"https:\/\/www.thebestsocial.media\/nl\/wp-content\/uploads\/sites\/2\/2021\/06\/header-voetbal.png\" \/>\n\t<meta property=\"og:image:width\" content=\"1200\" \/>\n\t<meta property=\"og:image:height\" content=\"630\" \/>\n\t<meta property=\"og:image:type\" content=\"image\/png\" \/>\n<meta name=\"author\" content=\"Luuk\" \/>\n<meta name=\"twitter:card\" content=\"summary_large_image\" \/>\n<meta name=\"twitter:title\" content=\"EK dag 6: Frank Snoeks is minder geliefd dan een opdringerige deurverkoper\" \/>\n<meta name=\"twitter:description\" content=\"Nederlanders op social media zijn ook in vorm tot nu toe..\ud83d\udc40\" \/>\n<meta name=\"twitter:image\" content=\"https:\/\/www.thebestsocial.media\/nl\/wp-content\/uploads\/sites\/2\/2021\/06\/header-voetbal.png\" \/>\n<meta name=\"twitter:label1\" content=\"Geschreven door\" \/>\n\t<meta name=\"twitter:data1\" content=\"Luuk\" \/>\n\t<meta name=\"twitter:label2\" content=\"Geschatte leestijd\" \/>\n\t<meta name=\"twitter:data2\" content=\"3 minuten\" \/>\n<script type=\"application\/ld+json\" class=\"yoast-schema-graph\">{\"@context\":\"https:\\\/\\\/schema.org\",\"@graph\":[{\"@type\":\"Article\",\"@id\":\"https:\\\/\\\/www.thebestsocial.media\\\/nl\\\/ek-dag-6-frank-snoeks-deurverkoper-irritant\\\/#article\",\"isPartOf\":{\"@id\":\"https:\\\/\\\/www.thebestsocial.media\\\/nl\\\/ek-dag-6-frank-snoeks-deurverkoper-irritant\\\/\"},\"author\":{\"name\":\"Luuk\",\"@id\":\"https:\\\/\\\/www.thebestsocial.media\\\/nl\\\/#\\\/schema\\\/person\\\/f9a4a1dc6f5fe4c2180d4f6e8b0a765f\"},\"headline\":\"EK dag 6: Frank Snoeks is minder geliefd dan een opdringerige deurverkoper\",\"datePublished\":\"2021-06-16T08:39:50+00:00\",\"dateModified\":\"2021-06-16T08:40:49+00:00\",\"mainEntityOfPage\":{\"@id\":\"https:\\\/\\\/www.thebestsocial.media\\\/nl\\\/ek-dag-6-frank-snoeks-deurverkoper-irritant\\\/\"},\"wordCount\":593,\"commentCount\":0,\"image\":{\"@id\":\"https:\\\/\\\/www.thebestsocial.media\\\/nl\\\/ek-dag-6-frank-snoeks-deurverkoper-irritant\\\/#primaryimage\"},\"thumbnailUrl\":\"https:\\\/\\\/www.thebestsocial.media\\\/nl\\\/wp-content\\\/uploads\\\/sites\\\/2\\\/2021\\\/06\\\/weigler-godoy-wNm015MPUz4-unsplash-scaled.jpg\",\"keywords\":[\"EK voetbal\",\"Eriksen\",\"Frank Snoeks\",\"twitter\"],\"articleSection\":[\"Blogs\",\"Nieuws\"],\"inLanguage\":\"nl-NL\",\"potentialAction\":[{\"@type\":\"CommentAction\",\"name\":\"Comment\",\"target\":[\"https:\\\/\\\/www.thebestsocial.media\\\/nl\\\/ek-dag-6-frank-snoeks-deurverkoper-irritant\\\/#respond\"]}]},{\"@type\":\"WebPage\",\"@id\":\"https:\\\/\\\/www.thebestsocial.media\\\/nl\\\/ek-dag-6-frank-snoeks-deurverkoper-irritant\\\/\",\"url\":\"https:\\\/\\\/www.thebestsocial.media\\\/nl\\\/ek-dag-6-frank-snoeks-deurverkoper-irritant\\\/\",\"name\":\"EK Dag 6: Frank Snoeks is minder geliefd dan opdringerige deurverkoper\",\"isPartOf\":{\"@id\":\"https:\\\/\\\/www.thebestsocial.media\\\/nl\\\/#website\"},\"primaryImageOfPage\":{\"@id\":\"https:\\\/\\\/www.thebestsocial.media\\\/nl\\\/ek-dag-6-frank-snoeks-deurverkoper-irritant\\\/#primaryimage\"},\"image\":{\"@id\":\"https:\\\/\\\/www.thebestsocial.media\\\/nl\\\/ek-dag-6-frank-snoeks-deurverkoper-irritant\\\/#primaryimage\"},\"thumbnailUrl\":\"https:\\\/\\\/www.thebestsocial.media\\\/nl\\\/wp-content\\\/uploads\\\/sites\\\/2\\\/2021\\\/06\\\/weigler-godoy-wNm015MPUz4-unsplash-scaled.jpg\",\"datePublished\":\"2021-06-16T08:39:50+00:00\",\"dateModified\":\"2021-06-16T08:40:49+00:00\",\"author\":{\"@id\":\"https:\\\/\\\/www.thebestsocial.media\\\/nl\\\/#\\\/schema\\\/person\\\/f9a4a1dc6f5fe4c2180d4f6e8b0a765f\"},\"description\":\"Het EK is bijna een week onderweg en \u00e9\u00e9n man viel onder veel kijkers op: Frank Snoeks. Niet bepaald in positieve zin, nee, vooral negatief.\",\"breadcrumb\":{\"@id\":\"https:\\\/\\\/www.thebestsocial.media\\\/nl\\\/ek-dag-6-frank-snoeks-deurverkoper-irritant\\\/#breadcrumb\"},\"inLanguage\":\"nl-NL\",\"potentialAction\":[{\"@type\":\"ReadAction\",\"target\":[\"https:\\\/\\\/www.thebestsocial.media\\\/nl\\\/ek-dag-6-frank-snoeks-deurverkoper-irritant\\\/\"]}]},{\"@type\":\"ImageObject\",\"inLanguage\":\"nl-NL\",\"@id\":\"https:\\\/\\\/www.thebestsocial.media\\\/nl\\\/ek-dag-6-frank-snoeks-deurverkoper-irritant\\\/#primaryimage\",\"url\":\"https:\\\/\\\/www.thebestsocial.media\\\/nl\\\/wp-content\\\/uploads\\\/sites\\\/2\\\/2021\\\/06\\\/weigler-godoy-wNm015MPUz4-unsplash-scaled.jpg\",\"contentUrl\":\"https:\\\/\\\/www.thebestsocial.media\\\/nl\\\/wp-content\\\/uploads\\\/sites\\\/2\\\/2021\\\/06\\\/weigler-godoy-wNm015MPUz4-unsplash-scaled.jpg\",\"width\":2560,\"height\":1920},{\"@type\":\"BreadcrumbList\",\"@id\":\"https:\\\/\\\/www.thebestsocial.media\\\/nl\\\/ek-dag-6-frank-snoeks-deurverkoper-irritant\\\/#breadcrumb\",\"itemListElement\":[{\"@type\":\"ListItem\",\"position\":1,\"name\":\"Home\",\"item\":\"https:\\\/\\\/www.thebestsocial.media\\\/nl\\\/\"},{\"@type\":\"ListItem\",\"position\":2,\"name\":\"EK dag 6: Frank Snoeks is minder geliefd dan een opdringerige deurverkoper\"}]},{\"@type\":\"WebSite\",\"@id\":\"https:\\\/\\\/www.thebestsocial.media\\\/nl\\\/#website\",\"url\":\"https:\\\/\\\/www.thebestsocial.media\\\/nl\\\/\",\"name\":\"The Best Social Media NL\",\"description\":\"Zoeklicht in de Digital Chaos\",\"potentialAction\":[{\"@type\":\"SearchAction\",\"target\":{\"@type\":\"EntryPoint\",\"urlTemplate\":\"https:\\\/\\\/www.thebestsocial.media\\\/nl\\\/?s={search_term_string}\"},\"query-input\":{\"@type\":\"PropertyValueSpecification\",\"valueRequired\":true,\"valueName\":\"search_term_string\"}}],\"inLanguage\":\"nl-NL\"},{\"@type\":\"Person\",\"@id\":\"https:\\\/\\\/www.thebestsocial.media\\\/nl\\\/#\\\/schema\\\/person\\\/f9a4a1dc6f5fe4c2180d4f6e8b0a765f\",\"name\":\"Luuk\",\"image\":{\"@type\":\"ImageObject\",\"inLanguage\":\"nl-NL\",\"@id\":\"https:\\\/\\\/secure.gravatar.com\\\/avatar\\\/fd6304984ab29aad49fe9f07c9a3ed323fd11e71a0394640b2291ec39e6e6b91?s=96&d=mm&r=g\",\"url\":\"https:\\\/\\\/secure.gravatar.com\\\/avatar\\\/fd6304984ab29aad49fe9f07c9a3ed323fd11e71a0394640b2291ec39e6e6b91?s=96&d=mm&r=g\",\"contentUrl\":\"https:\\\/\\\/secure.gravatar.com\\\/avatar\\\/fd6304984ab29aad49fe9f07c9a3ed323fd11e71a0394640b2291ec39e6e6b91?s=96&d=mm&r=g\",\"caption\":\"Luuk\"},\"description\":\"Met mijn twee meter, gewapend met een kapmes, waan ik mij een weg door de jungle van social media content\",\"url\":\"https:\\\/\\\/www.thebestsocial.media\\\/nl\\\/author\\\/merijn\\\/\"}]}<\/script>\n<!-- \/ Yoast SEO plugin. -->","yoast_head_json":{"title":"EK Dag 6: Frank Snoeks is minder geliefd dan opdringerige deurverkoper","description":"Het EK is bijna een week onderweg en \u00e9\u00e9n man viel onder veel kijkers op: Frank Snoeks. Niet bepaald in positieve zin, nee, vooral negatief.","robots":{"index":"index","follow":"follow","max-snippet":"max-snippet:-1","max-image-preview":"max-image-preview:large","max-video-preview":"max-video-preview:-1"},"canonical":"https:\/\/www.thebestsocial.media\/nl\/ek-dag-6-frank-snoeks-deurverkoper-irritant\/","og_locale":"nl_NL","og_type":"article","og_title":"EK dag 6: Frank Snoeks is minder geliefd dan een opdringerige deurverkoper","og_description":"Nederlanders op social media zijn ook in vorm tot nu toe..\ud83d\udc40","og_url":"https:\/\/www.thebestsocial.media\/nl\/ek-dag-6-frank-snoeks-deurverkoper-irritant\/","og_site_name":"The Best Social Media NL","article_published_time":"2021-06-16T08:39:50+00:00","article_modified_time":"2021-06-16T08:40:49+00:00","og_image":[{"width":1200,"height":630,"url":"https:\/\/www.thebestsocial.media\/nl\/wp-content\/uploads\/sites\/2\/2021\/06\/header-voetbal.png","type":"image\/png"}],"author":"Luuk","twitter_card":"summary_large_image","twitter_title":"EK dag 6: Frank Snoeks is minder geliefd dan een opdringerige deurverkoper","twitter_description":"Nederlanders op social media zijn ook in vorm tot nu toe..\ud83d\udc40","twitter_image":"https:\/\/www.thebestsocial.media\/nl\/wp-content\/uploads\/sites\/2\/2021\/06\/header-voetbal.png","twitter_misc":{"Geschreven door":"Luuk","Geschatte leestijd":"3 minuten"},"schema":{"@context":"https:\/\/schema.org","@graph":[{"@type":"Article","@id":"https:\/\/www.thebestsocial.media\/nl\/ek-dag-6-frank-snoeks-deurverkoper-irritant\/#article","isPartOf":{"@id":"https:\/\/www.thebestsocial.media\/nl\/ek-dag-6-frank-snoeks-deurverkoper-irritant\/"},"author":{"name":"Luuk","@id":"https:\/\/www.thebestsocial.media\/nl\/#\/schema\/person\/f9a4a1dc6f5fe4c2180d4f6e8b0a765f"},"headline":"EK dag 6: Frank Snoeks is minder geliefd dan een opdringerige deurverkoper","datePublished":"2021-06-16T08:39:50+00:00","dateModified":"2021-06-16T08:40:49+00:00","mainEntityOfPage":{"@id":"https:\/\/www.thebestsocial.media\/nl\/ek-dag-6-frank-snoeks-deurverkoper-irritant\/"},"wordCount":593,"commentCount":0,"image":{"@id":"https:\/\/www.thebestsocial.media\/nl\/ek-dag-6-frank-snoeks-deurverkoper-irritant\/#primaryimage"},"thumbnailUrl":"https:\/\/www.thebestsocial.media\/nl\/wp-content\/uploads\/sites\/2\/2021\/06\/weigler-godoy-wNm015MPUz4-unsplash-scaled.jpg","keywords":["EK voetbal","Eriksen","Frank Snoeks","twitter"],"articleSection":["Blogs","Nieuws"],"inLanguage":"nl-NL","potentialAction":[{"@type":"CommentAction","name":"Comment","target":["https:\/\/www.thebestsocial.media\/nl\/ek-dag-6-frank-snoeks-deurverkoper-irritant\/#respond"]}]},{"@type":"WebPage","@id":"https:\/\/www.thebestsocial.media\/nl\/ek-dag-6-frank-snoeks-deurverkoper-irritant\/","url":"https:\/\/www.thebestsocial.media\/nl\/ek-dag-6-frank-snoeks-deurverkoper-irritant\/","name":"EK Dag 6: Frank Snoeks is minder geliefd dan opdringerige deurverkoper","isPartOf":{"@id":"https:\/\/www.thebestsocial.media\/nl\/#website"},"primaryImageOfPage":{"@id":"https:\/\/www.thebestsocial.media\/nl\/ek-dag-6-frank-snoeks-deurverkoper-irritant\/#primaryimage"},"image":{"@id":"https:\/\/www.thebestsocial.media\/nl\/ek-dag-6-frank-snoeks-deurverkoper-irritant\/#primaryimage"},"thumbnailUrl":"https:\/\/www.thebestsocial.media\/nl\/wp-content\/uploads\/sites\/2\/2021\/06\/weigler-godoy-wNm015MPUz4-unsplash-scaled.jpg","datePublished":"2021-06-16T08:39:50+00:00","dateModified":"2021-06-16T08:40:49+00:00","author":{"@id":"https:\/\/www.thebestsocial.media\/nl\/#\/schema\/person\/f9a4a1dc6f5fe4c2180d4f6e8b0a765f"},"description":"Het EK is bijna een week onderweg en \u00e9\u00e9n man viel onder veel kijkers op: Frank Snoeks. Niet bepaald in positieve zin, nee, vooral negatief.","breadcrumb":{"@id":"https:\/\/www.thebestsocial.media\/nl\/ek-dag-6-frank-snoeks-deurverkoper-irritant\/#breadcrumb"},"inLanguage":"nl-NL","potentialAction":[{"@type":"ReadAction","target":["https:\/\/www.thebestsocial.media\/nl\/ek-dag-6-frank-snoeks-deurverkoper-irritant\/"]}]},{"@type":"ImageObject","inLanguage":"nl-NL","@id":"https:\/\/www.thebestsocial.media\/nl\/ek-dag-6-frank-snoeks-deurverkoper-irritant\/#primaryimage","url":"https:\/\/www.thebestsocial.media\/nl\/wp-content\/uploads\/sites\/2\/2021\/06\/weigler-godoy-wNm015MPUz4-unsplash-scaled.jpg","contentUrl":"https:\/\/www.thebestsocial.media\/nl\/wp-content\/uploads\/sites\/2\/2021\/06\/weigler-godoy-wNm015MPUz4-unsplash-scaled.jpg","width":2560,"height":1920},{"@type":"BreadcrumbList","@id":"https:\/\/www.thebestsocial.media\/nl\/ek-dag-6-frank-snoeks-deurverkoper-irritant\/#breadcrumb","itemListElement":[{"@type":"ListItem","position":1,"name":"Home","item":"https:\/\/www.thebestsocial.media\/nl\/"},{"@type":"ListItem","position":2,"name":"EK dag 6: Frank Snoeks is minder geliefd dan een opdringerige deurverkoper"}]},{"@type":"WebSite","@id":"https:\/\/www.thebestsocial.media\/nl\/#website","url":"https:\/\/www.thebestsocial.media\/nl\/","name":"The Best Social Media NL","description":"Zoeklicht in de Digital Chaos","potentialAction":[{"@type":"SearchAction","target":{"@type":"EntryPoint","urlTemplate":"https:\/\/www.thebestsocial.media\/nl\/?s={search_term_string}"},"query-input":{"@type":"PropertyValueSpecification","valueRequired":true,"valueName":"search_term_string"}}],"inLanguage":"nl-NL"},{"@type":"Person","@id":"https:\/\/www.thebestsocial.media\/nl\/#\/schema\/person\/f9a4a1dc6f5fe4c2180d4f6e8b0a765f","name":"Luuk","image":{"@type":"ImageObject","inLanguage":"nl-NL","@id":"https:\/\/secure.gravatar.com\/avatar\/fd6304984ab29aad49fe9f07c9a3ed323fd11e71a0394640b2291ec39e6e6b91?s=96&d=mm&r=g","url":"https:\/\/secure.gravatar.com\/avatar\/fd6304984ab29aad49fe9f07c9a3ed323fd11e71a0394640b2291ec39e6e6b91?s=96&d=mm&r=g","contentUrl":"https:\/\/secure.gravatar.com\/avatar\/fd6304984ab29aad49fe9f07c9a3ed323fd11e71a0394640b2291ec39e6e6b91?s=96&d=mm&r=g","caption":"Luuk"},"description":"Met mijn twee meter, gewapend met een kapmes, waan ik mij een weg door de jungle van social media content","url":"https:\/\/www.thebestsocial.media\/nl\/author\/merijn\/"}]}},"amp_enabled":true,"_links":{"self":[{"href":"https:\/\/www.thebestsocial.media\/nl\/wp-json\/wp\/v2\/posts\/179152","targetHints":{"allow":["GET"]}}],"collection":[{"href":"https:\/\/www.thebestsocial.media\/nl\/wp-json\/wp\/v2\/posts"}],"about":[{"href":"https:\/\/www.thebestsocial.media\/nl\/wp-json\/wp\/v2\/types\/post"}],"author":[{"embeddable":true,"href":"https:\/\/www.thebestsocial.media\/nl\/wp-json\/wp\/v2\/users\/26"}],"replies":[{"embeddable":true,"href":"https:\/\/www.thebestsocial.media\/nl\/wp-json\/wp\/v2\/comments?post=179152"}],"version-history":[{"count":7,"href":"https:\/\/www.thebestsocial.media\/nl\/wp-json\/wp\/v2\/posts\/179152\/revisions"}],"predecessor-version":[{"id":179177,"href":"https:\/\/www.thebestsocial.media\/nl\/wp-json\/wp\/v2\/posts\/179152\/revisions\/179177"}],"wp:featuredmedia":[{"embeddable":true,"href":"https:\/\/www.thebestsocial.media\/nl\/wp-json\/wp\/v2\/media\/179175"}],"wp:attachment":[{"href":"https:\/\/www.thebestsocial.media\/nl\/wp-json\/wp\/v2\/media?parent=179152"}],"wp:term":[{"taxonomy":"category","embeddable":true,"href":"https:\/\/www.thebestsocial.media\/nl\/wp-json\/wp\/v2\/categories?post=179152"},{"taxonomy":"post_tag","embeddable":true,"href":"https:\/\/www.thebestsocial.media\/nl\/wp-json\/wp\/v2\/tags?post=179152"}],"curies":[{"name":"wp","href":"https:\/\/api.w.org\/{rel}","templated":true}]}}