{"id":176982,"date":"2021-05-21T08:27:31","date_gmt":"2021-05-21T07:27:31","guid":{"rendered":"https:\/\/www.thebestsocial.media\/nl\/?p=176982"},"modified":"2021-05-21T08:30:41","modified_gmt":"2021-05-21T07:30:41","slug":"songfestival-tweets-tweede-halve-finale","status":"publish","type":"post","link":"https:\/\/www.thebestsocial.media\/nl\/songfestival-tweets-tweede-halve-finale\/","title":{"rendered":"18 tweets over een hysterische tweede halve finale van het Songfestival"},"content":{"rendered":"<p>Het was weer een spektakel gisteravond. De tweede halve finale van het <a href=\"https:\/\/www.thebestsocial.media\/nl\/halve-finale-songfestival-twitter-nikkie-chantal-davina\/\" target=\"_blank\" rel=\"noopener\">Eurovisie Songfestival<\/a> zat vol vuur, green screens en gitaren. Hoewel Nederland door hun winst in 2019 al automatisch in de finale zit, zette de Nederlandse Stefania voor Griekenland een geweldige show neer. Maar niet alleen de artiesten op het podium gingen los, ook op Twitter waren mensen weer op dreef.<\/p>\n<p>&nbsp;<\/p>\n<h3>1. De presentatoren kregen ook gisteravond weer veel lof op Twitter.<\/h3>\n<div class=\"dbsm-oembed\">\n<blockquote class=\"twitter-tweet\" data-width=\"500\" data-dnt=\"true\">\n<p lang=\"nl\" dir=\"ltr\">Je kan zeggen wat je wilt, maar ze hebben een mooi viertal gekozen met Jan, Chantal, Edsilia en Nikki<a href=\"https:\/\/twitter.com\/hashtag\/Eurovision?src=hash&amp;ref_src=twsrc%5Etfw\">#Eurovision<\/a> <a href=\"https:\/\/twitter.com\/hashtag\/Songfestival2021?src=hash&amp;ref_src=twsrc%5Etfw\">#Songfestival2021<\/a><\/p>\n<p>&mdash; BroederJoey (@BroederJoey) <a href=\"https:\/\/twitter.com\/BroederJoey\/status\/1395456134786560001?ref_src=twsrc%5Etfw\">May 20, 2021<\/a><\/p><\/blockquote>\n<p><script async src=\"https:\/\/platform.twitter.com\/widgets.js\" charset=\"utf-8\"><\/script><\/div>\n<p>&nbsp;<\/p>\n<h3>2. Ook koningin Maxima was aanwezig bij de show.<\/h3>\n<div class=\"dbsm-oembed\">\n<blockquote class=\"twitter-tweet\" data-width=\"500\" data-dnt=\"true\">\n<p lang=\"nl\" dir=\"ltr\">De enige echte Koningin van Nederland! En rechts zit ik&#8230;<a href=\"https:\/\/twitter.com\/hashtag\/Eurovision?src=hash&amp;ref_src=twsrc%5Etfw\">#Eurovision<\/a> <a href=\"https:\/\/twitter.com\/hashtag\/Eurovision2021?src=hash&amp;ref_src=twsrc%5Etfw\">#Eurovision2021<\/a> <a href=\"https:\/\/twitter.com\/hashtag\/esf?src=hash&amp;ref_src=twsrc%5Etfw\">#esf<\/a> <a href=\"https:\/\/t.co\/zUbhobVpyJ\">pic.twitter.com\/zUbhobVpyJ<\/a><\/p>\n<p>&mdash; \ud83d\udd38Koningin M\u00e1\ud835\udd4fima\ud83d\udd38 (@MaximaKoningin_) <a href=\"https:\/\/twitter.com\/MaximaKoningin_\/status\/1395465254184890375?ref_src=twsrc%5Etfw\">May 20, 2021<\/a><\/p><\/blockquote>\n<p><script async src=\"https:\/\/platform.twitter.com\/widgets.js\" charset=\"utf-8\"><\/script><\/div>\n<div class=\"dbsm-oembed\">\n<blockquote class=\"twitter-tweet\" data-width=\"500\" data-dnt=\"true\">\n<p lang=\"nl\" dir=\"ltr\">Queen Nikkie \u00e9n queen Maxima in \u00e9\u00e9n shot?! <a href=\"https:\/\/twitter.com\/hashtag\/esf21?src=hash&amp;ref_src=twsrc%5Etfw\">#esf21<\/a> <a href=\"https:\/\/twitter.com\/hashtag\/Eurovision?src=hash&amp;ref_src=twsrc%5Etfw\">#Eurovision<\/a><\/p>\n<p>&mdash; Nina Juffermans (@NinaJuffermans) <a href=\"https:\/\/twitter.com\/NinaJuffermans\/status\/1395463066821742594?ref_src=twsrc%5Etfw\">May 20, 2021<\/a><\/p><\/blockquote>\n<p><script async src=\"https:\/\/platform.twitter.com\/widgets.js\" charset=\"utf-8\"><\/script><\/div>\n<p>&nbsp;<\/p>\n<h3>3. Maar volgens veel mensen was zij niet de echte queen van de avond.<\/h3>\n<div class=\"dbsm-oembed\">\n<blockquote class=\"twitter-tweet\" data-width=\"500\" data-dnt=\"true\">\n<p lang=\"nl\" dir=\"ltr\">Nikkie heeft presentatie skills van wereldklasse. Of was dat al gezegd? Nou anders nog maar een keer. \ud83e\udd23<a href=\"https:\/\/twitter.com\/hashtag\/Eurovision?src=hash&amp;ref_src=twsrc%5Etfw\">#Eurovision<\/a> <a href=\"https:\/\/twitter.com\/NikkieTutorials?ref_src=twsrc%5Etfw\">@NikkieTutorials<\/a> <a href=\"https:\/\/t.co\/i65shaiCr4\">pic.twitter.com\/i65shaiCr4<\/a><\/p>\n<p>&mdash; Maartje Voskuilen (@Maartje1704) <a href=\"https:\/\/twitter.com\/Maartje1704\/status\/1395476466058645506?ref_src=twsrc%5Etfw\">May 20, 2021<\/a><\/p><\/blockquote>\n<p><script async src=\"https:\/\/platform.twitter.com\/widgets.js\" charset=\"utf-8\"><\/script><\/div>\n<p>https:\/\/twitter.com\/FienTante\/status\/1395465311625822209<\/p>\n<div class=\"dbsm-oembed\">\n<blockquote class=\"twitter-tweet\" data-width=\"500\" data-dnt=\"true\">\n<p lang=\"nl\" dir=\"ltr\">LOOK AT HER; WHAT AN ICON! \ud83c\udff3\ufe0f\u200d\u26a7\ufe0f\ud83d\udc96<\/p>\n<p>Bedenk hoe belangrijk deze representatie is voor de emancipatie in Europa. <a href=\"https:\/\/twitter.com\/hashtag\/EUROVISION?src=hash&amp;ref_src=twsrc%5Etfw\">#EUROVISION<\/a> <a href=\"https:\/\/twitter.com\/hashtag\/songfestival?src=hash&amp;ref_src=twsrc%5Etfw\">#songfestival<\/a> <a href=\"https:\/\/t.co\/Qb9KqI0LGf\">pic.twitter.com\/Qb9KqI0LGf<\/a><\/p>\n<p>&mdash; \ud835\udc01\ud835\udc10. (@TheOtherBQ) <a href=\"https:\/\/twitter.com\/TheOtherBQ\/status\/1395446632322306054?ref_src=twsrc%5Etfw\">May 20, 2021<\/a><\/p><\/blockquote>\n<p><script async src=\"https:\/\/platform.twitter.com\/widgets.js\" charset=\"utf-8\"><\/script><\/div>\n<p>&nbsp;<\/p>\n<h3>4. Ijsland kon niet live optreden door een coronageval in de band, maar dat leek geen probleem te zijn.<\/h3>\n<div class=\"dbsm-oembed\">\n<blockquote class=\"twitter-tweet\" data-width=\"500\" data-dnt=\"true\">\n<p lang=\"nl\" dir=\"ltr\">Wanneer je crush eraan komt en je vraagt aan je vrienden om zich normaal te gedragen <a href=\"https:\/\/twitter.com\/hashtag\/Eurovision?src=hash&amp;ref_src=twsrc%5Etfw\">#Eurovision<\/a> <a href=\"https:\/\/twitter.com\/hashtag\/ESF21?src=hash&amp;ref_src=twsrc%5Etfw\">#ESF21<\/a> <a href=\"https:\/\/t.co\/OjLOMdCXAG\">pic.twitter.com\/OjLOMdCXAG<\/a><\/p>\n<p>&mdash; Evelien Berkemeijer (@EvelienBerkie) <a href=\"https:\/\/twitter.com\/EvelienBerkie\/status\/1395465381331021824?ref_src=twsrc%5Etfw\">May 20, 2021<\/a><\/p><\/blockquote>\n<p><script async src=\"https:\/\/platform.twitter.com\/widgets.js\" charset=\"utf-8\"><\/script><\/div>\n<div class=\"dbsm-oembed\">\n<blockquote class=\"twitter-tweet\" data-width=\"500\" data-dnt=\"true\">\n<p lang=\"nl\" dir=\"ltr\">Ik: &#39;Ach die heftige outfits? Je gaat nou eenmaal niet in je huispak naar het songfestival.&#39;<br \/>IJsland: hold my beer.<a href=\"https:\/\/twitter.com\/hashtag\/esf21?src=hash&amp;ref_src=twsrc%5Etfw\">#esf21<\/a> <a href=\"https:\/\/twitter.com\/hashtag\/songfestival?src=hash&amp;ref_src=twsrc%5Etfw\">#songfestival<\/a> <a href=\"https:\/\/twitter.com\/hashtag\/Eurovision?src=hash&amp;ref_src=twsrc%5Etfw\">#Eurovision<\/a> <a href=\"https:\/\/t.co\/5OevbwKw2S\">pic.twitter.com\/5OevbwKw2S<\/a><\/p>\n<p>&mdash; Nina Juffermans (@NinaJuffermans) <a href=\"https:\/\/twitter.com\/NinaJuffermans\/status\/1395465152577908738?ref_src=twsrc%5Etfw\">May 20, 2021<\/a><\/p><\/blockquote>\n<p><script async src=\"https:\/\/platform.twitter.com\/widgets.js\" charset=\"utf-8\"><\/script><\/div>\n<div class=\"dbsm-oembed\">\n<blockquote class=\"twitter-tweet\" data-width=\"500\" data-dnt=\"true\">\n<p lang=\"nl\" dir=\"ltr\">Ik krijg flashbacks naar mijn groep 8 musical. <a href=\"https:\/\/twitter.com\/hashtag\/Eurovision?src=hash&amp;ref_src=twsrc%5Etfw\">#Eurovision<\/a> <a href=\"https:\/\/t.co\/yAjIDqgoKU\">pic.twitter.com\/yAjIDqgoKU<\/a><\/p>\n<p>&mdash; Don Roelofsen (@DonRoelofsen) <a href=\"https:\/\/twitter.com\/DonRoelofsen\/status\/1395464917105451010?ref_src=twsrc%5Etfw\">May 20, 2021<\/a><\/p><\/blockquote>\n<p><script async src=\"https:\/\/platform.twitter.com\/widgets.js\" charset=\"utf-8\"><\/script><\/div>\n<p>&nbsp;<\/p>\n<h3>5. Ook de Nederlandse Stefania stal de show met haar indrukwekkende act en prachtige outfit.<\/h3>\n<div class=\"dbsm-oembed\">\n<blockquote class=\"twitter-tweet\" data-width=\"500\" data-dnt=\"true\">\n<p lang=\"nl\" dir=\"ltr\">Mocht u zicht afvragen waar dat stukje stof gebleven is <a href=\"https:\/\/twitter.com\/hashtag\/GRE?src=hash&amp;ref_src=twsrc%5Etfw\">#GRE<\/a> <a href=\"https:\/\/twitter.com\/hashtag\/Eurovision?src=hash&amp;ref_src=twsrc%5Etfw\">#Eurovision<\/a> <a href=\"https:\/\/twitter.com\/hashtag\/esf21?src=hash&amp;ref_src=twsrc%5Etfw\">#esf21<\/a> <a href=\"https:\/\/t.co\/DGP4bZV87g\">pic.twitter.com\/DGP4bZV87g<\/a><\/p>\n<p>&mdash; Jim (@morrisjim) <a href=\"https:\/\/twitter.com\/morrisjim\/status\/1395459980493524996?ref_src=twsrc%5Etfw\">May 20, 2021<\/a><\/p><\/blockquote>\n<p><script async src=\"https:\/\/platform.twitter.com\/widgets.js\" charset=\"utf-8\"><\/script><\/div>\n<div class=\"dbsm-oembed\">\n<blockquote class=\"twitter-tweet\" data-width=\"500\" data-dnt=\"true\">\n<p lang=\"nl\" dir=\"ltr\">Zo ziet de act van Griekenland er achter de schermen uit. Helemaal geweldig, toch? <a href=\"https:\/\/twitter.com\/hashtag\/Eurovision?src=hash&amp;ref_src=twsrc%5Etfw\">#Eurovision<\/a> <a href=\"https:\/\/t.co\/zbnWqQ4K2m\">pic.twitter.com\/zbnWqQ4K2m<\/a><\/p>\n<p>&mdash; Lonneke van Leeuwen (@LonnekevL) <a href=\"https:\/\/twitter.com\/LonnekevL\/status\/1395491768213377033?ref_src=twsrc%5Etfw\">May 20, 2021<\/a><\/p><\/blockquote>\n<p><script async src=\"https:\/\/platform.twitter.com\/widgets.js\" charset=\"utf-8\"><\/script><\/div>\n<p>&nbsp;<\/p>\n<h3>6. Niet alle acts vielen even veel in de smaak.<\/h3>\n<div class=\"dbsm-oembed\">\n<blockquote class=\"twitter-tweet\" data-width=\"500\" data-dnt=\"true\">\n<p lang=\"nl\" dir=\"ltr\">Wanneer de leraar voor de beamer gaat zitten. <a href=\"https:\/\/twitter.com\/hashtag\/esf21?src=hash&amp;ref_src=twsrc%5Etfw\">#esf21<\/a> <a href=\"https:\/\/twitter.com\/hashtag\/songfestival?src=hash&amp;ref_src=twsrc%5Etfw\">#songfestival<\/a> <a href=\"https:\/\/twitter.com\/hashtag\/Eurovision?src=hash&amp;ref_src=twsrc%5Etfw\">#Eurovision<\/a> <a href=\"https:\/\/t.co\/LjGg72LSDG\">pic.twitter.com\/LjGg72LSDG<\/a><\/p>\n<p>&mdash; Tim Schaap (@timmieschaap) <a href=\"https:\/\/twitter.com\/timmieschaap\/status\/1395467019198287874?ref_src=twsrc%5Etfw\">May 20, 2021<\/a><\/p><\/blockquote>\n<p><script async src=\"https:\/\/platform.twitter.com\/widgets.js\" charset=\"utf-8\"><\/script><\/div>\n<p>&nbsp;<\/p>\n<h3>7. Er kwamen veel herkenbare situaties voorbij.<\/h3>\n<div class=\"dbsm-oembed\">\n<blockquote class=\"twitter-tweet\" data-width=\"500\" data-dnt=\"true\">\n<p lang=\"nl\" dir=\"ltr\">Deze choreografie heet &quot;in de herfst om 7 uur &#39;s ochtends in een spinnenweb lopen&quot; <a href=\"https:\/\/twitter.com\/hashtag\/esf21?src=hash&amp;ref_src=twsrc%5Etfw\">#esf21<\/a> <a href=\"https:\/\/twitter.com\/hashtag\/eurovision?src=hash&amp;ref_src=twsrc%5Etfw\">#eurovision<\/a> <a href=\"https:\/\/t.co\/Qf0hok2bJP\">pic.twitter.com\/Qf0hok2bJP<\/a><\/p>\n<p>&mdash; Victor Hopman (@victorhopman) <a href=\"https:\/\/twitter.com\/victorhopman\/status\/1395474143991279629?ref_src=twsrc%5Etfw\">May 20, 2021<\/a><\/p><\/blockquote>\n<p><script async src=\"https:\/\/platform.twitter.com\/widgets.js\" charset=\"utf-8\"><\/script><\/div>\n<div class=\"dbsm-oembed\">\n<blockquote class=\"twitter-tweet\" data-width=\"500\" data-dnt=\"true\">\n<p lang=\"nl\" dir=\"ltr\">Ik na 10 bier in de club als ik denk dat ik best soepel en sexy kan dansen.<a href=\"https:\/\/twitter.com\/hashtag\/esf21?src=hash&amp;ref_src=twsrc%5Etfw\">#esf21<\/a> <a href=\"https:\/\/twitter.com\/hashtag\/Eurovision?src=hash&amp;ref_src=twsrc%5Etfw\">#Eurovision<\/a> <a href=\"https:\/\/twitter.com\/hashtag\/songfestival?src=hash&amp;ref_src=twsrc%5Etfw\">#songfestival<\/a> <a href=\"https:\/\/t.co\/6nrs60Qr5J\">pic.twitter.com\/6nrs60Qr5J<\/a><\/p>\n<p>&mdash; Nina Juffermans (@NinaJuffermans) <a href=\"https:\/\/twitter.com\/NinaJuffermans\/status\/1395474183245737985?ref_src=twsrc%5Etfw\">May 20, 2021<\/a><\/p><\/blockquote>\n<p><script async src=\"https:\/\/platform.twitter.com\/widgets.js\" charset=\"utf-8\"><\/script><\/div>\n<p>&nbsp;<\/p>\n<h3>8. Natuurlijk kon een fiets niet ontbreken bij de Nederlandse show.<\/h3>\n<div class=\"dbsm-oembed\">\n<blockquote class=\"twitter-tweet\" data-width=\"500\" data-dnt=\"true\">\n<p lang=\"nl\" dir=\"ltr\">Ik als iemand een fractie te laat remt voor het zebrapad.<a href=\"https:\/\/twitter.com\/hashtag\/Eurovision?src=hash&amp;ref_src=twsrc%5Etfw\">#Eurovision<\/a> <a href=\"https:\/\/twitter.com\/hashtag\/ESF21?src=hash&amp;ref_src=twsrc%5Etfw\">#ESF21<\/a> <a href=\"https:\/\/twitter.com\/hashtag\/Eurovision2021?src=hash&amp;ref_src=twsrc%5Etfw\">#Eurovision2021<\/a> <a href=\"https:\/\/t.co\/Mu51AUr8O5\">pic.twitter.com\/Mu51AUr8O5<\/a><\/p>\n<p>&mdash; Daan Jongen (@Daanjongen) <a href=\"https:\/\/twitter.com\/Daanjongen\/status\/1395478237439041540?ref_src=twsrc%5Etfw\">May 20, 2021<\/a><\/p><\/blockquote>\n<p><script async src=\"https:\/\/platform.twitter.com\/widgets.js\" charset=\"utf-8\"><\/script><\/div>\n<p>&nbsp;<\/p>\n<h3>9. Maar mooi was het wel.<\/h3>\n<div class=\"dbsm-oembed\">\n<blockquote class=\"twitter-tweet\" data-width=\"500\" data-dnt=\"true\">\n<p lang=\"nl\" dir=\"ltr\">De Syri\u00ebr Ahmad danste in 2016 nog tussen de puinhopen van het verwoeste Damascus, ern klein half jaar later kwam hij in Nederland en maakt nu deel uit van het Nationaal Ballet. En nu dus in Ahoy. <\/p>\n<p>Bij deze beelden ben ik trots op NL! <a href=\"https:\/\/twitter.com\/hashtag\/diversiteit?src=hash&amp;ref_src=twsrc%5Etfw\">#diversiteit<\/a> <a href=\"https:\/\/twitter.com\/hashtag\/Songfestival2021?src=hash&amp;ref_src=twsrc%5Etfw\">#Songfestival2021<\/a> <a href=\"https:\/\/twitter.com\/hashtag\/Eurovision?src=hash&amp;ref_src=twsrc%5Etfw\">#Eurovision<\/a> <a href=\"https:\/\/t.co\/3KsM9fB9xG\">pic.twitter.com\/3KsM9fB9xG<\/a><\/p>\n<p>&mdash; Elsschot\ud83c\udf0d\ud83c\uddf3\ud83c\uddf1\ud83c\uddea\ud83c\uddfa\ud83c\uddfa\ud83c\udde6\ud83c\uddf5\ud83c\uddf8\ud83c\uddee\ud83c\uddf1 (@marcelbar8) <a href=\"https:\/\/twitter.com\/marcelbar8\/status\/1395478772917362696?ref_src=twsrc%5Etfw\">May 20, 2021<\/a><\/p><\/blockquote>\n<p><script async src=\"https:\/\/platform.twitter.com\/widgets.js\" charset=\"utf-8\"><\/script><\/div>\n<p>&nbsp;<\/p>\n<h3>10. Het was een hele productie, maar ze hebben het toch maar ff knap neergezet.<\/h3>\n<div class=\"dbsm-oembed\">\n<blockquote class=\"twitter-tweet\" data-width=\"500\" data-dnt=\"true\">\n<p lang=\"nl\" dir=\"ltr\">Het vetste aan het hele Songfestival vind ik dat ze de LED vloer tussen de optredens gebruiken voor cues waar decorstukken, mensen en techniek moet komen te staan. (foto&#39;s: @NathanReinds) <a href=\"https:\/\/t.co\/OaDwhiHtsU\">pic.twitter.com\/OaDwhiHtsU<\/a><\/p>\n<p>&mdash; Pepijn (@pborgwat) <a href=\"https:\/\/twitter.com\/pborgwat\/status\/1395352221026557952?ref_src=twsrc%5Etfw\">May 20, 2021<\/a><\/p><\/blockquote>\n<p><script async src=\"https:\/\/platform.twitter.com\/widgets.js\" charset=\"utf-8\"><\/script><\/div>\n<p>&nbsp;<\/p>\n<h3>11. En tot slot zijn we ontzettend benieuwd wat de finale ons morgen voor gekte gaat brengen.<\/h3>\n<div class=\"dbsm-oembed\">\n<blockquote class=\"twitter-tweet\" data-width=\"500\" data-dnt=\"true\">\n<p lang=\"nl\" dir=\"ltr\">Flo Rida die meedoet met San Marino voor het <a href=\"https:\/\/twitter.com\/hashtag\/songfestival?src=hash&amp;ref_src=twsrc%5Etfw\">#songfestival<\/a> is toch een beetje alsof wij Sieneke nog een keer sturen en dat Justin Bieber dan halverwege ineens uit dat draaiorgel komt.<\/p>\n<p>&mdash; Kasper Soeters (@KasperSoeters) <a href=\"https:\/\/twitter.com\/KasperSoeters\/status\/1395458900518899712?ref_src=twsrc%5Etfw\">May 20, 2021<\/a><\/p><\/blockquote>\n<p><script async src=\"https:\/\/platform.twitter.com\/widgets.js\" charset=\"utf-8\"><\/script><\/div>\n<p>&nbsp;<\/p>\n<p><strong>Heb je nog geen plannen voor de zomervakantie? Dat komt goed uit! Wij zijn namelijk nu al op zoek naar summerschool stagiairs. Wil je n\u00f3g beter worden in het schrijven van artikelen? Of ben je een geboren videomaker en designer? Check dan snel onze vacatures!<\/strong><\/p>\n<p><a href=\"https:\/\/www.thebestsocialjobs.com\/vacature\/summerschool-stage-redactie-the-best-social-media\/\" target=\"_blank\" rel=\"noopener\"><strong>Stage redactie The Best Social Media<\/strong><\/a><\/p>\n<p><a href=\"https:\/\/www.thebestsocialjobs.com\/vacature\/summerschool-stagiaire-video-design\/\" target=\"_blank\" rel=\"noopener\"><strong>Internship\/stage video &amp; design (EN\/NL)<\/strong><\/a><\/p>\n<p><a href=\"https:\/\/www.thebestsocialjobs.com\/vacature\/summerschool-stagiaire-copywriting-creative\/\" target=\"_blank\" rel=\"noopener\"><strong>Stage copywriting &amp; creative<\/strong><\/a><\/p>\n<p><img loading=\"lazy\" decoding=\"async\" class=\"alignnone wp-image-173968 size-full\" src=\"https:\/\/www.thebestsocial.media\/nl\/wp-content\/uploads\/sites\/2\/2021\/04\/vacancie-banner-04-nakD5xttb0HnS6wg62GxBsr.png\" alt=\"\" width=\"1920\" height=\"1080\" srcset=\"https:\/\/www.thebestsocial.media\/nl\/wp-content\/uploads\/sites\/2\/2021\/04\/vacancie-banner-04-nakD5xttb0HnS6wg62GxBsr.png 1920w, https:\/\/www.thebestsocial.media\/nl\/wp-content\/uploads\/sites\/2\/2021\/04\/vacancie-banner-04-nakD5xttb0HnS6wg62GxBsr-300x169.png 300w, https:\/\/www.thebestsocial.media\/nl\/wp-content\/uploads\/sites\/2\/2021\/04\/vacancie-banner-04-nakD5xttb0HnS6wg62GxBsr-1024x576.png 1024w, https:\/\/www.thebestsocial.media\/nl\/wp-content\/uploads\/sites\/2\/2021\/04\/vacancie-banner-04-nakD5xttb0HnS6wg62GxBsr-768x432.png 768w, https:\/\/www.thebestsocial.media\/nl\/wp-content\/uploads\/sites\/2\/2021\/04\/vacancie-banner-04-nakD5xttb0HnS6wg62GxBsr-1536x864.png 1536w\" sizes=\"auto, (max-width: 1920px) 100vw, 1920px\" \/><\/p>\n","protected":false},"excerpt":{"rendered":"<p>Het was weer een spektakel gisteravond. De tweede halve finale van het Eurovisie Songfestival zat vol vuur, green screens en gitaren. Hoewel Nederland door hun&#8230;<\/p>\n","protected":false},"author":32,"featured_media":176988,"comment_status":"open","ping_status":"open","sticky":false,"template":"","format":"standard","meta":{"_acf_changed":false,"footnotes":""},"categories":[16,17],"tags":[1466,1097],"class_list":["post-176982","post","type-post","status-publish","format-standard","has-post-thumbnail","hentry","category-blogs","category-nieuws","tag-eurovisie","tag-songfestival"],"acf":[],"yoast_head":"<!-- This site is optimized with the Yoast SEO plugin v27.5 - https:\/\/yoast.com\/product\/yoast-seo-wordpress\/ -->\n<title>18 tweets over een hysterische tweede halve finale van het Songfestival<\/title>\n<meta name=\"description\" content=\"Gister was de tweede halve finale van het Songfestival in Ahoy, en ook op Twitter waren mensen weer enorm op dreef.\" \/>\n<meta name=\"robots\" content=\"index, follow, max-snippet:-1, max-image-preview:large, max-video-preview:-1\" \/>\n<link rel=\"canonical\" href=\"https:\/\/www.thebestsocial.media\/nl\/songfestival-tweets-tweede-halve-finale\/\" \/>\n<meta property=\"og:locale\" content=\"nl_NL\" \/>\n<meta property=\"og:type\" content=\"article\" \/>\n<meta property=\"og:title\" content=\"18 tweets over een hysterische tweede halve finale van het Songfestival\" \/>\n<meta property=\"og:description\" content=\"Gister was de tweede halve finale van het Songfestival in Ahoy, en ook op Twitter waren mensen weer enorm op dreef.\" \/>\n<meta property=\"og:url\" content=\"https:\/\/www.thebestsocial.media\/nl\/songfestival-tweets-tweede-halve-finale\/\" \/>\n<meta property=\"og:site_name\" content=\"The Best Social Media NL\" \/>\n<meta property=\"article:published_time\" content=\"2021-05-21T07:27:31+00:00\" \/>\n<meta property=\"article:modified_time\" content=\"2021-05-21T07:30:41+00:00\" \/>\n<meta property=\"og:image\" content=\"https:\/\/www.thebestsocial.media\/nl\/wp-content\/uploads\/sites\/2\/2021\/05\/Eurovisie.png\" \/>\n\t<meta property=\"og:image:width\" content=\"1200\" \/>\n\t<meta property=\"og:image:height\" content=\"630\" \/>\n\t<meta property=\"og:image:type\" content=\"image\/png\" \/>\n<meta name=\"author\" content=\"Jasper\" \/>\n<meta name=\"twitter:card\" content=\"summary_large_image\" \/>\n<meta name=\"twitter:title\" content=\"18 tweets over een hysterische tweede halve finale van het Songfestival\" \/>\n<meta name=\"twitter:description\" content=\"Gister was de tweede halve finale van het Songfestival in Ahoy, en ook op Twitter waren mensen weer enorm op dreef.\" \/>\n<meta name=\"twitter:image\" content=\"https:\/\/www.thebestsocial.media\/nl\/wp-content\/uploads\/sites\/2\/2021\/05\/Eurovisie.png\" \/>\n<meta name=\"twitter:label1\" content=\"Geschreven door\" \/>\n\t<meta name=\"twitter:data1\" content=\"Jasper\" \/>\n\t<meta name=\"twitter:label2\" content=\"Geschatte leestijd\" \/>\n\t<meta name=\"twitter:data2\" content=\"2 minuten\" \/>\n<script type=\"application\/ld+json\" class=\"yoast-schema-graph\">{\"@context\":\"https:\\\/\\\/schema.org\",\"@graph\":[{\"@type\":\"Article\",\"@id\":\"https:\\\/\\\/www.thebestsocial.media\\\/nl\\\/songfestival-tweets-tweede-halve-finale\\\/#article\",\"isPartOf\":{\"@id\":\"https:\\\/\\\/www.thebestsocial.media\\\/nl\\\/songfestival-tweets-tweede-halve-finale\\\/\"},\"author\":{\"name\":\"Jasper\",\"@id\":\"https:\\\/\\\/www.thebestsocial.media\\\/nl\\\/#\\\/schema\\\/person\\\/6d2a86a7971f8c3185ad91902fc04827\"},\"headline\":\"18 tweets over een hysterische tweede halve finale van het Songfestival\",\"datePublished\":\"2021-05-21T07:27:31+00:00\",\"dateModified\":\"2021-05-21T07:30:41+00:00\",\"mainEntityOfPage\":{\"@id\":\"https:\\\/\\\/www.thebestsocial.media\\\/nl\\\/songfestival-tweets-tweede-halve-finale\\\/\"},\"wordCount\":359,\"commentCount\":0,\"image\":{\"@id\":\"https:\\\/\\\/www.thebestsocial.media\\\/nl\\\/songfestival-tweets-tweede-halve-finale\\\/#primaryimage\"},\"thumbnailUrl\":\"https:\\\/\\\/www.thebestsocial.media\\\/nl\\\/wp-content\\\/uploads\\\/sites\\\/2\\\/2021\\\/05\\\/Eurovisie2.png\",\"keywords\":[\"eurovisie\",\"songfestival\"],\"articleSection\":[\"Blogs\",\"Nieuws\"],\"inLanguage\":\"nl-NL\",\"potentialAction\":[{\"@type\":\"CommentAction\",\"name\":\"Comment\",\"target\":[\"https:\\\/\\\/www.thebestsocial.media\\\/nl\\\/songfestival-tweets-tweede-halve-finale\\\/#respond\"]}]},{\"@type\":\"WebPage\",\"@id\":\"https:\\\/\\\/www.thebestsocial.media\\\/nl\\\/songfestival-tweets-tweede-halve-finale\\\/\",\"url\":\"https:\\\/\\\/www.thebestsocial.media\\\/nl\\\/songfestival-tweets-tweede-halve-finale\\\/\",\"name\":\"18 tweets over een hysterische tweede halve finale van het Songfestival\",\"isPartOf\":{\"@id\":\"https:\\\/\\\/www.thebestsocial.media\\\/nl\\\/#website\"},\"primaryImageOfPage\":{\"@id\":\"https:\\\/\\\/www.thebestsocial.media\\\/nl\\\/songfestival-tweets-tweede-halve-finale\\\/#primaryimage\"},\"image\":{\"@id\":\"https:\\\/\\\/www.thebestsocial.media\\\/nl\\\/songfestival-tweets-tweede-halve-finale\\\/#primaryimage\"},\"thumbnailUrl\":\"https:\\\/\\\/www.thebestsocial.media\\\/nl\\\/wp-content\\\/uploads\\\/sites\\\/2\\\/2021\\\/05\\\/Eurovisie2.png\",\"datePublished\":\"2021-05-21T07:27:31+00:00\",\"dateModified\":\"2021-05-21T07:30:41+00:00\",\"author\":{\"@id\":\"https:\\\/\\\/www.thebestsocial.media\\\/nl\\\/#\\\/schema\\\/person\\\/6d2a86a7971f8c3185ad91902fc04827\"},\"description\":\"Gister was de tweede halve finale van het Songfestival in Ahoy, en ook op Twitter waren mensen weer enorm op dreef.\",\"breadcrumb\":{\"@id\":\"https:\\\/\\\/www.thebestsocial.media\\\/nl\\\/songfestival-tweets-tweede-halve-finale\\\/#breadcrumb\"},\"inLanguage\":\"nl-NL\",\"potentialAction\":[{\"@type\":\"ReadAction\",\"target\":[\"https:\\\/\\\/www.thebestsocial.media\\\/nl\\\/songfestival-tweets-tweede-halve-finale\\\/\"]}]},{\"@type\":\"ImageObject\",\"inLanguage\":\"nl-NL\",\"@id\":\"https:\\\/\\\/www.thebestsocial.media\\\/nl\\\/songfestival-tweets-tweede-halve-finale\\\/#primaryimage\",\"url\":\"https:\\\/\\\/www.thebestsocial.media\\\/nl\\\/wp-content\\\/uploads\\\/sites\\\/2\\\/2021\\\/05\\\/Eurovisie2.png\",\"contentUrl\":\"https:\\\/\\\/www.thebestsocial.media\\\/nl\\\/wp-content\\\/uploads\\\/sites\\\/2\\\/2021\\\/05\\\/Eurovisie2.png\",\"width\":1200,\"height\":630},{\"@type\":\"BreadcrumbList\",\"@id\":\"https:\\\/\\\/www.thebestsocial.media\\\/nl\\\/songfestival-tweets-tweede-halve-finale\\\/#breadcrumb\",\"itemListElement\":[{\"@type\":\"ListItem\",\"position\":1,\"name\":\"Home\",\"item\":\"https:\\\/\\\/www.thebestsocial.media\\\/nl\\\/\"},{\"@type\":\"ListItem\",\"position\":2,\"name\":\"18 tweets over een hysterische tweede halve finale van het Songfestival\"}]},{\"@type\":\"WebSite\",\"@id\":\"https:\\\/\\\/www.thebestsocial.media\\\/nl\\\/#website\",\"url\":\"https:\\\/\\\/www.thebestsocial.media\\\/nl\\\/\",\"name\":\"The Best Social Media NL\",\"description\":\"Zoeklicht in de Digital Chaos\",\"potentialAction\":[{\"@type\":\"SearchAction\",\"target\":{\"@type\":\"EntryPoint\",\"urlTemplate\":\"https:\\\/\\\/www.thebestsocial.media\\\/nl\\\/?s={search_term_string}\"},\"query-input\":{\"@type\":\"PropertyValueSpecification\",\"valueRequired\":true,\"valueName\":\"search_term_string\"}}],\"inLanguage\":\"nl-NL\"},{\"@type\":\"Person\",\"@id\":\"https:\\\/\\\/www.thebestsocial.media\\\/nl\\\/#\\\/schema\\\/person\\\/6d2a86a7971f8c3185ad91902fc04827\",\"name\":\"Jasper\",\"image\":{\"@type\":\"ImageObject\",\"inLanguage\":\"nl-NL\",\"@id\":\"https:\\\/\\\/secure.gravatar.com\\\/avatar\\\/eee97233851b903d251b56cad4bb6c54c5d0ff3b251a972a5fd363ad771290a7?s=96&d=mm&r=g\",\"url\":\"https:\\\/\\\/secure.gravatar.com\\\/avatar\\\/eee97233851b903d251b56cad4bb6c54c5d0ff3b251a972a5fd363ad771290a7?s=96&d=mm&r=g\",\"contentUrl\":\"https:\\\/\\\/secure.gravatar.com\\\/avatar\\\/eee97233851b903d251b56cad4bb6c54c5d0ff3b251a972a5fd363ad771290a7?s=96&d=mm&r=g\",\"caption\":\"Jasper\"},\"url\":\"https:\\\/\\\/www.thebestsocial.media\\\/nl\\\/author\\\/susan-muskee\\\/\"}]}<\/script>\n<!-- \/ Yoast SEO plugin. -->","yoast_head_json":{"title":"18 tweets over een hysterische tweede halve finale van het Songfestival","description":"Gister was de tweede halve finale van het Songfestival in Ahoy, en ook op Twitter waren mensen weer enorm op dreef.","robots":{"index":"index","follow":"follow","max-snippet":"max-snippet:-1","max-image-preview":"max-image-preview:large","max-video-preview":"max-video-preview:-1"},"canonical":"https:\/\/www.thebestsocial.media\/nl\/songfestival-tweets-tweede-halve-finale\/","og_locale":"nl_NL","og_type":"article","og_title":"18 tweets over een hysterische tweede halve finale van het Songfestival","og_description":"Gister was de tweede halve finale van het Songfestival in Ahoy, en ook op Twitter waren mensen weer enorm op dreef.","og_url":"https:\/\/www.thebestsocial.media\/nl\/songfestival-tweets-tweede-halve-finale\/","og_site_name":"The Best Social Media NL","article_published_time":"2021-05-21T07:27:31+00:00","article_modified_time":"2021-05-21T07:30:41+00:00","og_image":[{"width":1200,"height":630,"url":"https:\/\/www.thebestsocial.media\/nl\/wp-content\/uploads\/sites\/2\/2021\/05\/Eurovisie.png","type":"image\/png"}],"author":"Jasper","twitter_card":"summary_large_image","twitter_title":"18 tweets over een hysterische tweede halve finale van het Songfestival","twitter_description":"Gister was de tweede halve finale van het Songfestival in Ahoy, en ook op Twitter waren mensen weer enorm op dreef.","twitter_image":"https:\/\/www.thebestsocial.media\/nl\/wp-content\/uploads\/sites\/2\/2021\/05\/Eurovisie.png","twitter_misc":{"Geschreven door":"Jasper","Geschatte leestijd":"2 minuten"},"schema":{"@context":"https:\/\/schema.org","@graph":[{"@type":"Article","@id":"https:\/\/www.thebestsocial.media\/nl\/songfestival-tweets-tweede-halve-finale\/#article","isPartOf":{"@id":"https:\/\/www.thebestsocial.media\/nl\/songfestival-tweets-tweede-halve-finale\/"},"author":{"name":"Jasper","@id":"https:\/\/www.thebestsocial.media\/nl\/#\/schema\/person\/6d2a86a7971f8c3185ad91902fc04827"},"headline":"18 tweets over een hysterische tweede halve finale van het Songfestival","datePublished":"2021-05-21T07:27:31+00:00","dateModified":"2021-05-21T07:30:41+00:00","mainEntityOfPage":{"@id":"https:\/\/www.thebestsocial.media\/nl\/songfestival-tweets-tweede-halve-finale\/"},"wordCount":359,"commentCount":0,"image":{"@id":"https:\/\/www.thebestsocial.media\/nl\/songfestival-tweets-tweede-halve-finale\/#primaryimage"},"thumbnailUrl":"https:\/\/www.thebestsocial.media\/nl\/wp-content\/uploads\/sites\/2\/2021\/05\/Eurovisie2.png","keywords":["eurovisie","songfestival"],"articleSection":["Blogs","Nieuws"],"inLanguage":"nl-NL","potentialAction":[{"@type":"CommentAction","name":"Comment","target":["https:\/\/www.thebestsocial.media\/nl\/songfestival-tweets-tweede-halve-finale\/#respond"]}]},{"@type":"WebPage","@id":"https:\/\/www.thebestsocial.media\/nl\/songfestival-tweets-tweede-halve-finale\/","url":"https:\/\/www.thebestsocial.media\/nl\/songfestival-tweets-tweede-halve-finale\/","name":"18 tweets over een hysterische tweede halve finale van het Songfestival","isPartOf":{"@id":"https:\/\/www.thebestsocial.media\/nl\/#website"},"primaryImageOfPage":{"@id":"https:\/\/www.thebestsocial.media\/nl\/songfestival-tweets-tweede-halve-finale\/#primaryimage"},"image":{"@id":"https:\/\/www.thebestsocial.media\/nl\/songfestival-tweets-tweede-halve-finale\/#primaryimage"},"thumbnailUrl":"https:\/\/www.thebestsocial.media\/nl\/wp-content\/uploads\/sites\/2\/2021\/05\/Eurovisie2.png","datePublished":"2021-05-21T07:27:31+00:00","dateModified":"2021-05-21T07:30:41+00:00","author":{"@id":"https:\/\/www.thebestsocial.media\/nl\/#\/schema\/person\/6d2a86a7971f8c3185ad91902fc04827"},"description":"Gister was de tweede halve finale van het Songfestival in Ahoy, en ook op Twitter waren mensen weer enorm op dreef.","breadcrumb":{"@id":"https:\/\/www.thebestsocial.media\/nl\/songfestival-tweets-tweede-halve-finale\/#breadcrumb"},"inLanguage":"nl-NL","potentialAction":[{"@type":"ReadAction","target":["https:\/\/www.thebestsocial.media\/nl\/songfestival-tweets-tweede-halve-finale\/"]}]},{"@type":"ImageObject","inLanguage":"nl-NL","@id":"https:\/\/www.thebestsocial.media\/nl\/songfestival-tweets-tweede-halve-finale\/#primaryimage","url":"https:\/\/www.thebestsocial.media\/nl\/wp-content\/uploads\/sites\/2\/2021\/05\/Eurovisie2.png","contentUrl":"https:\/\/www.thebestsocial.media\/nl\/wp-content\/uploads\/sites\/2\/2021\/05\/Eurovisie2.png","width":1200,"height":630},{"@type":"BreadcrumbList","@id":"https:\/\/www.thebestsocial.media\/nl\/songfestival-tweets-tweede-halve-finale\/#breadcrumb","itemListElement":[{"@type":"ListItem","position":1,"name":"Home","item":"https:\/\/www.thebestsocial.media\/nl\/"},{"@type":"ListItem","position":2,"name":"18 tweets over een hysterische tweede halve finale van het Songfestival"}]},{"@type":"WebSite","@id":"https:\/\/www.thebestsocial.media\/nl\/#website","url":"https:\/\/www.thebestsocial.media\/nl\/","name":"The Best Social Media NL","description":"Zoeklicht in de Digital Chaos","potentialAction":[{"@type":"SearchAction","target":{"@type":"EntryPoint","urlTemplate":"https:\/\/www.thebestsocial.media\/nl\/?s={search_term_string}"},"query-input":{"@type":"PropertyValueSpecification","valueRequired":true,"valueName":"search_term_string"}}],"inLanguage":"nl-NL"},{"@type":"Person","@id":"https:\/\/www.thebestsocial.media\/nl\/#\/schema\/person\/6d2a86a7971f8c3185ad91902fc04827","name":"Jasper","image":{"@type":"ImageObject","inLanguage":"nl-NL","@id":"https:\/\/secure.gravatar.com\/avatar\/eee97233851b903d251b56cad4bb6c54c5d0ff3b251a972a5fd363ad771290a7?s=96&d=mm&r=g","url":"https:\/\/secure.gravatar.com\/avatar\/eee97233851b903d251b56cad4bb6c54c5d0ff3b251a972a5fd363ad771290a7?s=96&d=mm&r=g","contentUrl":"https:\/\/secure.gravatar.com\/avatar\/eee97233851b903d251b56cad4bb6c54c5d0ff3b251a972a5fd363ad771290a7?s=96&d=mm&r=g","caption":"Jasper"},"url":"https:\/\/www.thebestsocial.media\/nl\/author\/susan-muskee\/"}]}},"amp_enabled":true,"_links":{"self":[{"href":"https:\/\/www.thebestsocial.media\/nl\/wp-json\/wp\/v2\/posts\/176982","targetHints":{"allow":["GET"]}}],"collection":[{"href":"https:\/\/www.thebestsocial.media\/nl\/wp-json\/wp\/v2\/posts"}],"about":[{"href":"https:\/\/www.thebestsocial.media\/nl\/wp-json\/wp\/v2\/types\/post"}],"author":[{"embeddable":true,"href":"https:\/\/www.thebestsocial.media\/nl\/wp-json\/wp\/v2\/users\/32"}],"replies":[{"embeddable":true,"href":"https:\/\/www.thebestsocial.media\/nl\/wp-json\/wp\/v2\/comments?post=176982"}],"version-history":[{"count":5,"href":"https:\/\/www.thebestsocial.media\/nl\/wp-json\/wp\/v2\/posts\/176982\/revisions"}],"predecessor-version":[{"id":176994,"href":"https:\/\/www.thebestsocial.media\/nl\/wp-json\/wp\/v2\/posts\/176982\/revisions\/176994"}],"wp:featuredmedia":[{"embeddable":true,"href":"https:\/\/www.thebestsocial.media\/nl\/wp-json\/wp\/v2\/media\/176988"}],"wp:attachment":[{"href":"https:\/\/www.thebestsocial.media\/nl\/wp-json\/wp\/v2\/media?parent=176982"}],"wp:term":[{"taxonomy":"category","embeddable":true,"href":"https:\/\/www.thebestsocial.media\/nl\/wp-json\/wp\/v2\/categories?post=176982"},{"taxonomy":"post_tag","embeddable":true,"href":"https:\/\/www.thebestsocial.media\/nl\/wp-json\/wp\/v2\/tags?post=176982"}],"curies":[{"name":"wp","href":"https:\/\/api.w.org\/{rel}","templated":true}]}}