{"id":170826,"date":"2021-03-18T16:31:07","date_gmt":"2021-03-18T15:31:07","guid":{"rendered":"https:\/\/www.thebestsocial.media\/nl\/?p=170826"},"modified":"2021-03-18T18:20:40","modified_gmt":"2021-03-18T17:20:40","slug":"queer-barbiers-sharona-lisa-starten-initiatief-amsterdam","status":"publish","type":"post","link":"https:\/\/www.thebestsocial.media\/nl\/queer-barbiers-sharona-lisa-starten-initiatief-amsterdam\/","title":{"rendered":"Queer barbiers Sharona en Lisa starten geknipt initiatief in Amsterdam"},"content":{"rendered":"<p>Slechts een half jaar zijn ze barbier: Sharona Barends (27) en Lisa Uranie (32). De twee Amsterdammers knippen bij barbershop Bruhn, \u00e9\u00e9n van de weinige offici\u00eble queer-friendly barbers in onze hoofdstad. Zelf zijn ze ook deel van de LGBTQIA+ familie. Eerder deze week startten ze een haarfijn initiatief, waarmee ze eigenhandig proberen mensen die het niet al te makkelijk hebben, hulp te bieden.<\/p>\n<p>&nbsp;<\/p>\n<blockquote class=\"instagram-media\" style=\"background: #FFF; border: 0; border-radius: 3px; box-shadow: 0 0 1px 0 rgba(0,0,0,0.5),0 1px 10px 0 rgba(0,0,0,0.15); margin: 1px; max-width: 540px; min-width: 326px; padding: 0; width: calc(100% - 2px);\" data-instgrm-permalink=\"https:\/\/www.instagram.com\/p\/CGzrFlEJ4eB\/?utm_source=ig_embed&amp;utm_campaign=loading\" data-instgrm-version=\"13\">\n<div style=\"padding: 16px;\">\n<p>&nbsp;<\/p>\n<div style=\"display: flex; flex-direction: row; align-items: center;\">\n<div style=\"background-color: #f4f4f4; border-radius: 50%; flex-grow: 0; height: 40px; margin-right: 14px; width: 40px;\"><\/div>\n<div style=\"display: flex; flex-direction: column; flex-grow: 1; justify-content: center;\">\n<div style=\"background-color: #f4f4f4; border-radius: 4px; flex-grow: 0; height: 14px; margin-bottom: 6px; width: 100px;\"><\/div>\n<div style=\"background-color: #f4f4f4; border-radius: 4px; flex-grow: 0; height: 14px; width: 60px;\"><\/div>\n<\/div>\n<\/div>\n<div style=\"padding: 19% 0;\"><\/div>\n<div style=\"display: block; height: 50px; margin: 0 auto 12px; width: 50px;\"><\/div>\n<div style=\"padding-top: 8px;\">\n<div style=\"color: #3897f0; font-family: Arial,sans-serif; font-size: 14px; font-style: normal; font-weight: 550; line-height: 18px;\">Dit bericht bekijken op Instagram<\/div>\n<\/div>\n<div style=\"padding: 12.5% 0;\"><\/div>\n<div style=\"display: flex; flex-direction: row; margin-bottom: 14px; align-items: center;\">\n<div>\n<div style=\"background-color: #f4f4f4; border-radius: 50%; height: 12.5px; width: 12.5px; transform: translateX(0px) translateY(7px);\"><\/div>\n<div style=\"background-color: #f4f4f4; height: 12.5px; transform: rotate(-45deg) translateX(3px) translateY(1px); width: 12.5px; flex-grow: 0; margin-right: 14px; margin-left: 2px;\"><\/div>\n<div style=\"background-color: #f4f4f4; border-radius: 50%; height: 12.5px; width: 12.5px; transform: translateX(9px) translateY(-18px);\"><\/div>\n<\/div>\n<div style=\"margin-left: 8px;\">\n<div style=\"background-color: #f4f4f4; border-radius: 50%; flex-grow: 0; height: 20px; width: 20px;\"><\/div>\n<div style=\"width: 0; height: 0; border-top: 2px solid transparent; border-left: 6px solid #f4f4f4; border-bottom: 2px solid transparent; transform: translateX(16px) translateY(-4px) rotate(30deg);\"><\/div>\n<\/div>\n<div style=\"margin-left: auto;\">\n<div style=\"width: 0px; border-top: 8px solid #F4F4F4; border-right: 8px solid transparent; transform: translateY(16px);\"><\/div>\n<div style=\"background-color: #f4f4f4; flex-grow: 0; height: 12px; width: 16px; transform: translateY(-4px);\"><\/div>\n<div style=\"width: 0; height: 0; border-top: 8px solid #F4F4F4; border-left: 8px solid transparent; transform: translateY(-4px) translateX(8px);\"><\/div>\n<\/div>\n<\/div>\n<div style=\"display: flex; flex-direction: column; flex-grow: 1; justify-content: center; margin-bottom: 24px;\">\n<div style=\"background-color: #f4f4f4; border-radius: 4px; flex-grow: 0; height: 14px; margin-bottom: 6px; width: 224px;\"><\/div>\n<div style=\"background-color: #f4f4f4; border-radius: 4px; flex-grow: 0; height: 14px; width: 144px;\"><\/div>\n<\/div>\n<p>&nbsp;<\/p>\n<p style=\"color: #c9c8cd; font-family: Arial,sans-serif; font-size: 14px; line-height: 17px; margin-bottom: 0; margin-top: 8px; overflow: hidden; padding: 8px 0 7px; text-align: center; text-overflow: ellipsis; white-space: nowrap;\"><a style=\"color: #c9c8cd; font-family: Arial,sans-serif; font-size: 14px; font-style: normal; font-weight: normal; line-height: 17px; text-decoration: none;\" href=\"https:\/\/www.instagram.com\/p\/CGzrFlEJ4eB\/?utm_source=ig_embed&amp;utm_campaign=loading\" target=\"_blank\" rel=\"noopener\">Een bericht gedeeld door Lisa (@qing.cuts)<\/a><\/p>\n<\/div>\n<\/blockquote>\n\n<p>&nbsp;<\/p>\n<h3>1. Nare ervaringen<\/h3>\n<p class=\"p1\">&#8220;Ik heb veel nare ervaringen bij de barbershop gehad&#8221;, begint Sharona, die graag als &#8216;zij&#8217; benoemt wil worden. &#8220;Dit was eigenlijk ook de rede dat ik een half jaar geleden besloten heb om zelf barbier te worden!&#8221; Sharona heeft zelf een vrij mannelijk kapsel, vertelt ze, wat haar in het verleden veel lastige situaties bij de barbershop heeft bezorgd. &#8220;Er is een moment geweest dat ik een barbershop in liep en dat er tegen mij gezegd werd dat ze &#8216;mijn soort&#8217; daar niet knippen. Ik ben daar toen best wel door geraakt&#8221;.<\/p>\n<p class=\"p1\">Uiteindelijk kwamen ze allebei als klant terecht bij dezelfde barber, die queer-friendly is. \u00c9\u00e9n van de weinige in Amsterdam, vertelt Sharona. &#8220;Ik heb daar enorm fijne ervaringen gehad. Bij de meeste kappers en barbershops heb je prijzen voor mannen en vrouwen. Maar, wat doe je als je je niet identificeert met \u00e9\u00e9n van deze geslachten?\u00a0 Dat gaf vaak al moeilijkheden. Iets wat deze queer-friendly barbershop niet had. Ook vragen ze bijvoorbeeld niet naar je gender. Of hebben ze geen commentaar als ik m&#8217;n haar kort wilde. Het is er erg respectvol.&#8221;<\/p>\n<p>&nbsp;<\/p>\n<blockquote class=\"instagram-media\" style=\"background: #FFF; border: 0; border-radius: 3px; box-shadow: 0 0 1px 0 rgba(0,0,0,0.5),0 1px 10px 0 rgba(0,0,0,0.15); margin: 1px; max-width: 540px; min-width: 326px; padding: 0; width: calc(100% - 2px);\" data-instgrm-permalink=\"https:\/\/www.instagram.com\/p\/CLoVLgJBrlZ\/?utm_source=ig_embed&amp;utm_campaign=loading\" data-instgrm-version=\"13\">\n<div style=\"padding: 16px;\">\n<p>&nbsp;<\/p>\n<div style=\"display: flex; flex-direction: row; align-items: center;\">\n<div style=\"background-color: #f4f4f4; border-radius: 50%; flex-grow: 0; height: 40px; margin-right: 14px; width: 40px;\"><\/div>\n<div style=\"display: flex; flex-direction: column; flex-grow: 1; justify-content: center;\">\n<div style=\"background-color: #f4f4f4; border-radius: 4px; flex-grow: 0; height: 14px; margin-bottom: 6px; width: 100px;\"><\/div>\n<div style=\"background-color: #f4f4f4; border-radius: 4px; flex-grow: 0; height: 14px; width: 60px;\"><\/div>\n<\/div>\n<\/div>\n<div style=\"padding: 19% 0;\"><\/div>\n<div style=\"display: block; height: 50px; margin: 0 auto 12px; width: 50px;\"><\/div>\n<div style=\"padding-top: 8px;\">\n<div style=\"color: #3897f0; font-family: Arial,sans-serif; font-size: 14px; font-style: normal; font-weight: 550; line-height: 18px;\">Dit bericht bekijken op Instagram<\/div>\n<\/div>\n<div style=\"padding: 12.5% 0;\"><\/div>\n<div style=\"display: flex; flex-direction: row; margin-bottom: 14px; align-items: center;\">\n<div>\n<div style=\"background-color: #f4f4f4; border-radius: 50%; height: 12.5px; width: 12.5px; transform: translateX(0px) translateY(7px);\"><\/div>\n<div style=\"background-color: #f4f4f4; height: 12.5px; transform: rotate(-45deg) translateX(3px) translateY(1px); width: 12.5px; flex-grow: 0; margin-right: 14px; margin-left: 2px;\"><\/div>\n<div style=\"background-color: #f4f4f4; border-radius: 50%; height: 12.5px; width: 12.5px; transform: translateX(9px) translateY(-18px);\"><\/div>\n<\/div>\n<div style=\"margin-left: 8px;\">\n<div style=\"background-color: #f4f4f4; border-radius: 50%; flex-grow: 0; height: 20px; width: 20px;\"><\/div>\n<div style=\"width: 0; height: 0; border-top: 2px solid transparent; border-left: 6px solid #f4f4f4; border-bottom: 2px solid transparent; transform: translateX(16px) translateY(-4px) rotate(30deg);\"><\/div>\n<\/div>\n<div style=\"margin-left: auto;\">\n<div style=\"width: 0px; border-top: 8px solid #F4F4F4; border-right: 8px solid transparent; transform: translateY(16px);\"><\/div>\n<div style=\"background-color: #f4f4f4; flex-grow: 0; height: 12px; width: 16px; transform: translateY(-4px);\"><\/div>\n<div style=\"width: 0; height: 0; border-top: 8px solid #F4F4F4; border-left: 8px solid transparent; transform: translateY(-4px) translateX(8px);\"><\/div>\n<\/div>\n<\/div>\n<div style=\"display: flex; flex-direction: column; flex-grow: 1; justify-content: center; margin-bottom: 24px;\">\n<div style=\"background-color: #f4f4f4; border-radius: 4px; flex-grow: 0; height: 14px; margin-bottom: 6px; width: 224px;\"><\/div>\n<div style=\"background-color: #f4f4f4; border-radius: 4px; flex-grow: 0; height: 14px; width: 144px;\"><\/div>\n<\/div>\n<p>&nbsp;<\/p>\n<p style=\"color: #c9c8cd; font-family: Arial,sans-serif; font-size: 14px; line-height: 17px; margin-bottom: 0; margin-top: 8px; overflow: hidden; padding: 8px 0 7px; text-align: center; text-overflow: ellipsis; white-space: nowrap;\"><a style=\"color: #c9c8cd; font-family: Arial,sans-serif; font-size: 14px; font-style: normal; font-weight: normal; line-height: 17px; text-decoration: none;\" href=\"https:\/\/www.instagram.com\/p\/CLoVLgJBrlZ\/?utm_source=ig_embed&amp;utm_campaign=loading\" target=\"_blank\" rel=\"noopener\">Een bericht gedeeld door SJAQ. (@hair.by.sjaq)<\/a><\/p>\n<\/div>\n<\/blockquote>\n\n<p>&nbsp;<\/p>\n<h3>2. Barber worden<\/h3>\n<p class=\"p1\">Deze ervaringen vonden Sharona en Lisa zo fijn, dat ze besloten om zelf <em>barber<\/em> te willen worden. Queer-friendly barbers, om precies te zijn. Om mensen dezelfde fijne ervaring te kunnen geven die ze zelf hebben gehad. Ze besluiten in opleiding bij hun eigen barbier te gaan en binnen een half jaar kennen ze alle kneepjes van het vak.<\/p>\n<p class=\"p1\">Sinds kort werken ze beide bij barbershop Bruhn barbershop, waar ze zelf gasten mogen verwelkomen. &#8220;Dat vinden we super leuk natuurlijk! Echt een droom. Maar, omdat we nog vrij nieuw zijn, hebben we nog niet zo veel te doen als de andere werknemers. Daarom besloten we een mooi initiatief op te zetten, waarmee we mensen kunnen helpen!&#8221;<\/p>\n<p class=\"p1\">En zo plaatste Sharona de volgende oproep op Facebook:<\/p>\n<p class=\"p1\"><img loading=\"lazy\" decoding=\"async\" class=\"alignnone wp-image-170850 size-full\" src=\"https:\/\/www.thebestsocial.media\/nl\/wp-content\/uploads\/sites\/2\/2021\/03\/Screenshot-2021-03-18-at-14.56.24.png\" alt=\"\" width=\"992\" height=\"606\" srcset=\"https:\/\/www.thebestsocial.media\/nl\/wp-content\/uploads\/sites\/2\/2021\/03\/Screenshot-2021-03-18-at-14.56.24.png 992w, https:\/\/www.thebestsocial.media\/nl\/wp-content\/uploads\/sites\/2\/2021\/03\/Screenshot-2021-03-18-at-14.56.24-300x183.png 300w, https:\/\/www.thebestsocial.media\/nl\/wp-content\/uploads\/sites\/2\/2021\/03\/Screenshot-2021-03-18-at-14.56.24-768x469.png 768w\" sizes=\"auto, (max-width: 992px) 100vw, 992px\" \/><\/p>\n<p>&nbsp;<\/p>\n<h3><\/h3>\n<h3>3. Mensen helpen<\/h3>\n<p class=\"p1\">&#8220;Het zijn moeilijke tijden voor iedereen. Corona hakt er in en we willen graag iets geven aan de mensen die het minder goed als wij hebben. Daarom willen we op woensdag en vrijdag graag mensen gratis knippen. Alle mensen die het nodig hebben, zijn welkom.&#8221;<\/p>\n<p>Al snel kreeg het duo reacties binnen van mensen die graag gebruik willen maken van de actie. &#8220;Er zitten mensen tussen die in coronatijd hun werk hebben verloren. Ook hebben we een aanmelding van iemand die heel lang ziek is geweest en al jaren niks aan haar haar heeft laten doen, omdat ze het niet kan betalen. Ze wilde heel graag weer eens naar een barbershop. Nou, voor dat soort mensen doen wij dit.&#8221;<\/p>\n<p class=\"p1\">Het duo zit nog niet helemaal volgeboekt. De stap om om hulp te vragen, blijkt namelijk toch best groot voor veel mensen.&#8221;De mensen die tot nu toe gereageerd hebben, schamen zich een beetje. Dan proberen wij ze gerust te stellen en dat we het met heel veel liefde doen. Onder onze Facebook oproep komen mooie reacties binnen en daar zijn wij heel blij mee.&#8221;<\/p>\n<p>&nbsp;<\/p>\n<p><img loading=\"lazy\" decoding=\"async\" class=\"alignnone wp-image-170857 size-full\" src=\"https:\/\/www.thebestsocial.media\/nl\/wp-content\/uploads\/sites\/2\/2021\/03\/Screenshot-2021-03-18-at-15.04.22.png\" alt=\"\" width=\"822\" height=\"116\" srcset=\"https:\/\/www.thebestsocial.media\/nl\/wp-content\/uploads\/sites\/2\/2021\/03\/Screenshot-2021-03-18-at-15.04.22.png 822w, https:\/\/www.thebestsocial.media\/nl\/wp-content\/uploads\/sites\/2\/2021\/03\/Screenshot-2021-03-18-at-15.04.22-300x42.png 300w, https:\/\/www.thebestsocial.media\/nl\/wp-content\/uploads\/sites\/2\/2021\/03\/Screenshot-2021-03-18-at-15.04.22-768x108.png 768w\" sizes=\"auto, (max-width: 822px) 100vw, 822px\" \/><\/p>\n<p>&nbsp;<\/p>\n<p>Het allerbelangrijkste vindt het duo dat mensen zich welkom voelen in hun barbershop. &#8220;Of je nou queer, homo, lesbienne of hetero bent, iedereen is welkom. Wij weten hoe lastig het kan zijn om naar een kapper of barbier te gaan, dus bij ons ben je veilig. We zijn allemaal gelijk en zo behandelen we je ook. Voor ons is een kapsel cre\u00ebren echt iets dat we samen met de klant doen. Daarom is mijn motto ook: &#8216;<em>Qing Cuts is a creation of two and a feast for the eyes!&#8217;\u00a0<\/em>Het is een creatie tussen barbier en klant, zo besluit Lisa.<\/p>\n<p><em>Wil je gebruik maken van de actie van Sharona en Lisa? Stuur ons op <a href=\"https:\/\/www.instagram.com\/thebestsocialmedianl\/\" target=\"_blank\" rel=\"noopener\">Instagram<\/a> een DM en wij brengen je in contact met het duo.<\/em><\/p>\n<p>&nbsp;<\/p>\n<p><img loading=\"lazy\" decoding=\"async\" class=\"alignnone wp-image-170889 size-large\" src=\"https:\/\/www.thebestsocial.media\/nl\/wp-content\/uploads\/sites\/2\/2021\/03\/WhatsApp-Image-2021-03-18-at-17.10.13-768x1024.jpeg\" alt=\"\" width=\"768\" height=\"1024\" srcset=\"https:\/\/www.thebestsocial.media\/nl\/wp-content\/uploads\/sites\/2\/2021\/03\/WhatsApp-Image-2021-03-18-at-17.10.13-768x1024.jpeg 768w, https:\/\/www.thebestsocial.media\/nl\/wp-content\/uploads\/sites\/2\/2021\/03\/WhatsApp-Image-2021-03-18-at-17.10.13-225x300.jpeg 225w, https:\/\/www.thebestsocial.media\/nl\/wp-content\/uploads\/sites\/2\/2021\/03\/WhatsApp-Image-2021-03-18-at-17.10.13-1152x1536.jpeg 1152w, https:\/\/www.thebestsocial.media\/nl\/wp-content\/uploads\/sites\/2\/2021\/03\/WhatsApp-Image-2021-03-18-at-17.10.13.jpeg 1200w\" sizes=\"auto, (max-width: 768px) 100vw, 768px\" \/><\/p>\n<p>&nbsp;<\/p>\n<p><strong>Heb jij de schoorsteenmantel op je (thuis)kantoor al afgestoft? Grote en kleine bedrijven kunnen namelijk van 3 t\/m 26 maart hun beste werk inzenden voor <a href=\"https:\/\/thebestsocialawards.nl\/\" target=\"_blank\" rel=\"noopener\">The Best Social Awards.<\/a> Dus kom maar door met die cr\u00e8me de la content. \ud83d\udd25<\/strong><\/p>\n<p><iframe loading=\"lazy\" src=\"https:\/\/www.youtube.com\/embed\/kd7Bv_Ma_YM\" width=\"560\" height=\"315\" frameborder=\"0\" allowfullscreen=\"allowfullscreen\"><\/iframe><\/p>\n<script async defer src=\"\/instagram-embed.js\"><\/script>","protected":false},"excerpt":{"rendered":"<p>Slechts een half jaar zijn ze barbier: Sharona Barends (27) en Lisa Uranie (32). De twee Amsterdammers knippen bij barbershop Bruhn, \u00e9\u00e9n van de weinige&#8230;<\/p>\n","protected":false},"author":26,"featured_media":170858,"comment_status":"open","ping_status":"open","sticky":false,"template":"","format":"standard","meta":{"_acf_changed":false,"footnotes":""},"categories":[16,17],"tags":[606,3965,3966,2265],"class_list":["post-170826","post","type-post","status-publish","format-standard","has-post-thumbnail","hentry","category-blogs","category-nieuws","tag-amsterdam","tag-barber","tag-gratis","tag-kapper"],"acf":[],"yoast_head":"<!-- This site is optimized with the Yoast SEO plugin v27.5 - https:\/\/yoast.com\/product\/yoast-seo-wordpress\/ -->\n<title>Queer barbiers Sharona en Lisa starten geknipt initiatief in Amsterdam<\/title>\n<meta name=\"description\" content=\"Queer-barbiers Lisa en Sharona starten een initiatief in Amsterdam, waar ze mensen die het moeilijk hebben gratis knippen. Queer-friendly.\" \/>\n<meta name=\"robots\" content=\"index, follow, max-snippet:-1, max-image-preview:large, max-video-preview:-1\" \/>\n<link rel=\"canonical\" href=\"https:\/\/www.thebestsocial.media\/nl\/queer-barbiers-sharona-lisa-starten-initiatief-amsterdam\/\" \/>\n<meta property=\"og:locale\" content=\"nl_NL\" \/>\n<meta property=\"og:type\" content=\"article\" \/>\n<meta property=\"og:title\" content=\"Queer barbiers Sharona en Lisa starten geknipt initiatief in Amsterdam\" \/>\n<meta property=\"og:description\" content=\"Ze willen een veilige plek voor de LGBTQIA+ community cre\u00ebren. \ud83c\udff3\ufe0f\u200d\ud83c\udf08\" \/>\n<meta property=\"og:url\" content=\"https:\/\/www.thebestsocial.media\/nl\/queer-barbiers-sharona-lisa-starten-initiatief-amsterdam\/\" \/>\n<meta property=\"og:site_name\" content=\"The Best Social Media NL\" \/>\n<meta property=\"article:published_time\" content=\"2021-03-18T15:31:07+00:00\" \/>\n<meta property=\"article:modified_time\" content=\"2021-03-18T17:20:40+00:00\" \/>\n<meta property=\"og:image\" content=\"https:\/\/www.thebestsocial.media\/nl\/wp-content\/uploads\/sites\/2\/2021\/03\/header-kappers.png\" \/>\n\t<meta property=\"og:image:width\" content=\"1200\" \/>\n\t<meta property=\"og:image:height\" content=\"630\" \/>\n\t<meta property=\"og:image:type\" content=\"image\/png\" \/>\n<meta name=\"author\" content=\"Luuk\" \/>\n<meta name=\"twitter:card\" content=\"summary_large_image\" \/>\n<meta name=\"twitter:title\" content=\"Queer barbiers Sharona en Lisa starten geknipt initiatief in Amsterdam\" \/>\n<meta name=\"twitter:description\" content=\"Ze willen een veilige plek voor de LGBTQIA+ community cre\u00ebren. \ud83c\udff3\ufe0f\u200d\ud83c\udf08\" \/>\n<meta name=\"twitter:image\" content=\"https:\/\/www.thebestsocial.media\/nl\/wp-content\/uploads\/sites\/2\/2021\/03\/header-kappers.png\" \/>\n<meta name=\"twitter:label1\" content=\"Geschreven door\" \/>\n\t<meta name=\"twitter:data1\" content=\"Luuk\" \/>\n\t<meta name=\"twitter:label2\" content=\"Geschatte leestijd\" \/>\n\t<meta name=\"twitter:data2\" content=\"4 minuten\" \/>\n<script type=\"application\/ld+json\" class=\"yoast-schema-graph\">{\"@context\":\"https:\\\/\\\/schema.org\",\"@graph\":[{\"@type\":\"Article\",\"@id\":\"https:\\\/\\\/www.thebestsocial.media\\\/nl\\\/queer-barbiers-sharona-lisa-starten-initiatief-amsterdam\\\/#article\",\"isPartOf\":{\"@id\":\"https:\\\/\\\/www.thebestsocial.media\\\/nl\\\/queer-barbiers-sharona-lisa-starten-initiatief-amsterdam\\\/\"},\"author\":{\"name\":\"Luuk\",\"@id\":\"https:\\\/\\\/www.thebestsocial.media\\\/nl\\\/#\\\/schema\\\/person\\\/f9a4a1dc6f5fe4c2180d4f6e8b0a765f\"},\"headline\":\"Queer barbiers Sharona en Lisa starten geknipt initiatief in Amsterdam\",\"datePublished\":\"2021-03-18T15:31:07+00:00\",\"dateModified\":\"2021-03-18T17:20:40+00:00\",\"mainEntityOfPage\":{\"@id\":\"https:\\\/\\\/www.thebestsocial.media\\\/nl\\\/queer-barbiers-sharona-lisa-starten-initiatief-amsterdam\\\/\"},\"wordCount\":775,\"commentCount\":0,\"image\":{\"@id\":\"https:\\\/\\\/www.thebestsocial.media\\\/nl\\\/queer-barbiers-sharona-lisa-starten-initiatief-amsterdam\\\/#primaryimage\"},\"thumbnailUrl\":\"https:\\\/\\\/www.thebestsocial.media\\\/nl\\\/wp-content\\\/uploads\\\/sites\\\/2\\\/2021\\\/03\\\/161519338_3653799201355839_8479717293728711863_n-e1616079689453.jpeg\",\"keywords\":[\"amsterdam\",\"Barber\",\"Gratis\",\"kapper\"],\"articleSection\":[\"Blogs\",\"Nieuws\"],\"inLanguage\":\"nl-NL\",\"potentialAction\":[{\"@type\":\"CommentAction\",\"name\":\"Comment\",\"target\":[\"https:\\\/\\\/www.thebestsocial.media\\\/nl\\\/queer-barbiers-sharona-lisa-starten-initiatief-amsterdam\\\/#respond\"]}]},{\"@type\":\"WebPage\",\"@id\":\"https:\\\/\\\/www.thebestsocial.media\\\/nl\\\/queer-barbiers-sharona-lisa-starten-initiatief-amsterdam\\\/\",\"url\":\"https:\\\/\\\/www.thebestsocial.media\\\/nl\\\/queer-barbiers-sharona-lisa-starten-initiatief-amsterdam\\\/\",\"name\":\"Queer barbiers Sharona en Lisa starten geknipt initiatief in Amsterdam\",\"isPartOf\":{\"@id\":\"https:\\\/\\\/www.thebestsocial.media\\\/nl\\\/#website\"},\"primaryImageOfPage\":{\"@id\":\"https:\\\/\\\/www.thebestsocial.media\\\/nl\\\/queer-barbiers-sharona-lisa-starten-initiatief-amsterdam\\\/#primaryimage\"},\"image\":{\"@id\":\"https:\\\/\\\/www.thebestsocial.media\\\/nl\\\/queer-barbiers-sharona-lisa-starten-initiatief-amsterdam\\\/#primaryimage\"},\"thumbnailUrl\":\"https:\\\/\\\/www.thebestsocial.media\\\/nl\\\/wp-content\\\/uploads\\\/sites\\\/2\\\/2021\\\/03\\\/161519338_3653799201355839_8479717293728711863_n-e1616079689453.jpeg\",\"datePublished\":\"2021-03-18T15:31:07+00:00\",\"dateModified\":\"2021-03-18T17:20:40+00:00\",\"author\":{\"@id\":\"https:\\\/\\\/www.thebestsocial.media\\\/nl\\\/#\\\/schema\\\/person\\\/f9a4a1dc6f5fe4c2180d4f6e8b0a765f\"},\"description\":\"Queer-barbiers Lisa en Sharona starten een initiatief in Amsterdam, waar ze mensen die het moeilijk hebben gratis knippen. Queer-friendly.\",\"breadcrumb\":{\"@id\":\"https:\\\/\\\/www.thebestsocial.media\\\/nl\\\/queer-barbiers-sharona-lisa-starten-initiatief-amsterdam\\\/#breadcrumb\"},\"inLanguage\":\"nl-NL\",\"potentialAction\":[{\"@type\":\"ReadAction\",\"target\":[\"https:\\\/\\\/www.thebestsocial.media\\\/nl\\\/queer-barbiers-sharona-lisa-starten-initiatief-amsterdam\\\/\"]}]},{\"@type\":\"ImageObject\",\"inLanguage\":\"nl-NL\",\"@id\":\"https:\\\/\\\/www.thebestsocial.media\\\/nl\\\/queer-barbiers-sharona-lisa-starten-initiatief-amsterdam\\\/#primaryimage\",\"url\":\"https:\\\/\\\/www.thebestsocial.media\\\/nl\\\/wp-content\\\/uploads\\\/sites\\\/2\\\/2021\\\/03\\\/161519338_3653799201355839_8479717293728711863_n-e1616079689453.jpeg\",\"contentUrl\":\"https:\\\/\\\/www.thebestsocial.media\\\/nl\\\/wp-content\\\/uploads\\\/sites\\\/2\\\/2021\\\/03\\\/161519338_3653799201355839_8479717293728711863_n-e1616079689453.jpeg\",\"width\":960,\"height\":465},{\"@type\":\"BreadcrumbList\",\"@id\":\"https:\\\/\\\/www.thebestsocial.media\\\/nl\\\/queer-barbiers-sharona-lisa-starten-initiatief-amsterdam\\\/#breadcrumb\",\"itemListElement\":[{\"@type\":\"ListItem\",\"position\":1,\"name\":\"Home\",\"item\":\"https:\\\/\\\/www.thebestsocial.media\\\/nl\\\/\"},{\"@type\":\"ListItem\",\"position\":2,\"name\":\"Queer barbiers Sharona en Lisa starten geknipt initiatief in Amsterdam\"}]},{\"@type\":\"WebSite\",\"@id\":\"https:\\\/\\\/www.thebestsocial.media\\\/nl\\\/#website\",\"url\":\"https:\\\/\\\/www.thebestsocial.media\\\/nl\\\/\",\"name\":\"The Best Social Media NL\",\"description\":\"Zoeklicht in de Digital Chaos\",\"potentialAction\":[{\"@type\":\"SearchAction\",\"target\":{\"@type\":\"EntryPoint\",\"urlTemplate\":\"https:\\\/\\\/www.thebestsocial.media\\\/nl\\\/?s={search_term_string}\"},\"query-input\":{\"@type\":\"PropertyValueSpecification\",\"valueRequired\":true,\"valueName\":\"search_term_string\"}}],\"inLanguage\":\"nl-NL\"},{\"@type\":\"Person\",\"@id\":\"https:\\\/\\\/www.thebestsocial.media\\\/nl\\\/#\\\/schema\\\/person\\\/f9a4a1dc6f5fe4c2180d4f6e8b0a765f\",\"name\":\"Luuk\",\"image\":{\"@type\":\"ImageObject\",\"inLanguage\":\"nl-NL\",\"@id\":\"https:\\\/\\\/secure.gravatar.com\\\/avatar\\\/fd6304984ab29aad49fe9f07c9a3ed323fd11e71a0394640b2291ec39e6e6b91?s=96&d=mm&r=g\",\"url\":\"https:\\\/\\\/secure.gravatar.com\\\/avatar\\\/fd6304984ab29aad49fe9f07c9a3ed323fd11e71a0394640b2291ec39e6e6b91?s=96&d=mm&r=g\",\"contentUrl\":\"https:\\\/\\\/secure.gravatar.com\\\/avatar\\\/fd6304984ab29aad49fe9f07c9a3ed323fd11e71a0394640b2291ec39e6e6b91?s=96&d=mm&r=g\",\"caption\":\"Luuk\"},\"description\":\"Met mijn twee meter, gewapend met een kapmes, waan ik mij een weg door de jungle van social media content\",\"url\":\"https:\\\/\\\/www.thebestsocial.media\\\/nl\\\/author\\\/merijn\\\/\"}]}<\/script>\n<!-- \/ Yoast SEO plugin. -->","yoast_head_json":{"title":"Queer barbiers Sharona en Lisa starten geknipt initiatief in Amsterdam","description":"Queer-barbiers Lisa en Sharona starten een initiatief in Amsterdam, waar ze mensen die het moeilijk hebben gratis knippen. Queer-friendly.","robots":{"index":"index","follow":"follow","max-snippet":"max-snippet:-1","max-image-preview":"max-image-preview:large","max-video-preview":"max-video-preview:-1"},"canonical":"https:\/\/www.thebestsocial.media\/nl\/queer-barbiers-sharona-lisa-starten-initiatief-amsterdam\/","og_locale":"nl_NL","og_type":"article","og_title":"Queer barbiers Sharona en Lisa starten geknipt initiatief in Amsterdam","og_description":"Ze willen een veilige plek voor de LGBTQIA+ community cre\u00ebren. \ud83c\udff3\ufe0f\u200d\ud83c\udf08","og_url":"https:\/\/www.thebestsocial.media\/nl\/queer-barbiers-sharona-lisa-starten-initiatief-amsterdam\/","og_site_name":"The Best Social Media NL","article_published_time":"2021-03-18T15:31:07+00:00","article_modified_time":"2021-03-18T17:20:40+00:00","og_image":[{"width":1200,"height":630,"url":"https:\/\/www.thebestsocial.media\/nl\/wp-content\/uploads\/sites\/2\/2021\/03\/header-kappers.png","type":"image\/png"}],"author":"Luuk","twitter_card":"summary_large_image","twitter_title":"Queer barbiers Sharona en Lisa starten geknipt initiatief in Amsterdam","twitter_description":"Ze willen een veilige plek voor de LGBTQIA+ community cre\u00ebren. \ud83c\udff3\ufe0f\u200d\ud83c\udf08","twitter_image":"https:\/\/www.thebestsocial.media\/nl\/wp-content\/uploads\/sites\/2\/2021\/03\/header-kappers.png","twitter_misc":{"Geschreven door":"Luuk","Geschatte leestijd":"4 minuten"},"schema":{"@context":"https:\/\/schema.org","@graph":[{"@type":"Article","@id":"https:\/\/www.thebestsocial.media\/nl\/queer-barbiers-sharona-lisa-starten-initiatief-amsterdam\/#article","isPartOf":{"@id":"https:\/\/www.thebestsocial.media\/nl\/queer-barbiers-sharona-lisa-starten-initiatief-amsterdam\/"},"author":{"name":"Luuk","@id":"https:\/\/www.thebestsocial.media\/nl\/#\/schema\/person\/f9a4a1dc6f5fe4c2180d4f6e8b0a765f"},"headline":"Queer barbiers Sharona en Lisa starten geknipt initiatief in Amsterdam","datePublished":"2021-03-18T15:31:07+00:00","dateModified":"2021-03-18T17:20:40+00:00","mainEntityOfPage":{"@id":"https:\/\/www.thebestsocial.media\/nl\/queer-barbiers-sharona-lisa-starten-initiatief-amsterdam\/"},"wordCount":775,"commentCount":0,"image":{"@id":"https:\/\/www.thebestsocial.media\/nl\/queer-barbiers-sharona-lisa-starten-initiatief-amsterdam\/#primaryimage"},"thumbnailUrl":"https:\/\/www.thebestsocial.media\/nl\/wp-content\/uploads\/sites\/2\/2021\/03\/161519338_3653799201355839_8479717293728711863_n-e1616079689453.jpeg","keywords":["amsterdam","Barber","Gratis","kapper"],"articleSection":["Blogs","Nieuws"],"inLanguage":"nl-NL","potentialAction":[{"@type":"CommentAction","name":"Comment","target":["https:\/\/www.thebestsocial.media\/nl\/queer-barbiers-sharona-lisa-starten-initiatief-amsterdam\/#respond"]}]},{"@type":"WebPage","@id":"https:\/\/www.thebestsocial.media\/nl\/queer-barbiers-sharona-lisa-starten-initiatief-amsterdam\/","url":"https:\/\/www.thebestsocial.media\/nl\/queer-barbiers-sharona-lisa-starten-initiatief-amsterdam\/","name":"Queer barbiers Sharona en Lisa starten geknipt initiatief in Amsterdam","isPartOf":{"@id":"https:\/\/www.thebestsocial.media\/nl\/#website"},"primaryImageOfPage":{"@id":"https:\/\/www.thebestsocial.media\/nl\/queer-barbiers-sharona-lisa-starten-initiatief-amsterdam\/#primaryimage"},"image":{"@id":"https:\/\/www.thebestsocial.media\/nl\/queer-barbiers-sharona-lisa-starten-initiatief-amsterdam\/#primaryimage"},"thumbnailUrl":"https:\/\/www.thebestsocial.media\/nl\/wp-content\/uploads\/sites\/2\/2021\/03\/161519338_3653799201355839_8479717293728711863_n-e1616079689453.jpeg","datePublished":"2021-03-18T15:31:07+00:00","dateModified":"2021-03-18T17:20:40+00:00","author":{"@id":"https:\/\/www.thebestsocial.media\/nl\/#\/schema\/person\/f9a4a1dc6f5fe4c2180d4f6e8b0a765f"},"description":"Queer-barbiers Lisa en Sharona starten een initiatief in Amsterdam, waar ze mensen die het moeilijk hebben gratis knippen. Queer-friendly.","breadcrumb":{"@id":"https:\/\/www.thebestsocial.media\/nl\/queer-barbiers-sharona-lisa-starten-initiatief-amsterdam\/#breadcrumb"},"inLanguage":"nl-NL","potentialAction":[{"@type":"ReadAction","target":["https:\/\/www.thebestsocial.media\/nl\/queer-barbiers-sharona-lisa-starten-initiatief-amsterdam\/"]}]},{"@type":"ImageObject","inLanguage":"nl-NL","@id":"https:\/\/www.thebestsocial.media\/nl\/queer-barbiers-sharona-lisa-starten-initiatief-amsterdam\/#primaryimage","url":"https:\/\/www.thebestsocial.media\/nl\/wp-content\/uploads\/sites\/2\/2021\/03\/161519338_3653799201355839_8479717293728711863_n-e1616079689453.jpeg","contentUrl":"https:\/\/www.thebestsocial.media\/nl\/wp-content\/uploads\/sites\/2\/2021\/03\/161519338_3653799201355839_8479717293728711863_n-e1616079689453.jpeg","width":960,"height":465},{"@type":"BreadcrumbList","@id":"https:\/\/www.thebestsocial.media\/nl\/queer-barbiers-sharona-lisa-starten-initiatief-amsterdam\/#breadcrumb","itemListElement":[{"@type":"ListItem","position":1,"name":"Home","item":"https:\/\/www.thebestsocial.media\/nl\/"},{"@type":"ListItem","position":2,"name":"Queer barbiers Sharona en Lisa starten geknipt initiatief in Amsterdam"}]},{"@type":"WebSite","@id":"https:\/\/www.thebestsocial.media\/nl\/#website","url":"https:\/\/www.thebestsocial.media\/nl\/","name":"The Best Social Media NL","description":"Zoeklicht in de Digital Chaos","potentialAction":[{"@type":"SearchAction","target":{"@type":"EntryPoint","urlTemplate":"https:\/\/www.thebestsocial.media\/nl\/?s={search_term_string}"},"query-input":{"@type":"PropertyValueSpecification","valueRequired":true,"valueName":"search_term_string"}}],"inLanguage":"nl-NL"},{"@type":"Person","@id":"https:\/\/www.thebestsocial.media\/nl\/#\/schema\/person\/f9a4a1dc6f5fe4c2180d4f6e8b0a765f","name":"Luuk","image":{"@type":"ImageObject","inLanguage":"nl-NL","@id":"https:\/\/secure.gravatar.com\/avatar\/fd6304984ab29aad49fe9f07c9a3ed323fd11e71a0394640b2291ec39e6e6b91?s=96&d=mm&r=g","url":"https:\/\/secure.gravatar.com\/avatar\/fd6304984ab29aad49fe9f07c9a3ed323fd11e71a0394640b2291ec39e6e6b91?s=96&d=mm&r=g","contentUrl":"https:\/\/secure.gravatar.com\/avatar\/fd6304984ab29aad49fe9f07c9a3ed323fd11e71a0394640b2291ec39e6e6b91?s=96&d=mm&r=g","caption":"Luuk"},"description":"Met mijn twee meter, gewapend met een kapmes, waan ik mij een weg door de jungle van social media content","url":"https:\/\/www.thebestsocial.media\/nl\/author\/merijn\/"}]}},"amp_enabled":true,"_links":{"self":[{"href":"https:\/\/www.thebestsocial.media\/nl\/wp-json\/wp\/v2\/posts\/170826","targetHints":{"allow":["GET"]}}],"collection":[{"href":"https:\/\/www.thebestsocial.media\/nl\/wp-json\/wp\/v2\/posts"}],"about":[{"href":"https:\/\/www.thebestsocial.media\/nl\/wp-json\/wp\/v2\/types\/post"}],"author":[{"embeddable":true,"href":"https:\/\/www.thebestsocial.media\/nl\/wp-json\/wp\/v2\/users\/26"}],"replies":[{"embeddable":true,"href":"https:\/\/www.thebestsocial.media\/nl\/wp-json\/wp\/v2\/comments?post=170826"}],"version-history":[{"count":12,"href":"https:\/\/www.thebestsocial.media\/nl\/wp-json\/wp\/v2\/posts\/170826\/revisions"}],"predecessor-version":[{"id":170893,"href":"https:\/\/www.thebestsocial.media\/nl\/wp-json\/wp\/v2\/posts\/170826\/revisions\/170893"}],"wp:featuredmedia":[{"embeddable":true,"href":"https:\/\/www.thebestsocial.media\/nl\/wp-json\/wp\/v2\/media\/170858"}],"wp:attachment":[{"href":"https:\/\/www.thebestsocial.media\/nl\/wp-json\/wp\/v2\/media?parent=170826"}],"wp:term":[{"taxonomy":"category","embeddable":true,"href":"https:\/\/www.thebestsocial.media\/nl\/wp-json\/wp\/v2\/categories?post=170826"},{"taxonomy":"post_tag","embeddable":true,"href":"https:\/\/www.thebestsocial.media\/nl\/wp-json\/wp\/v2\/tags?post=170826"}],"curies":[{"name":"wp","href":"https:\/\/api.w.org\/{rel}","templated":true}]}}